{"id":3751,"date":"2026-03-16T02:56:45","date_gmt":"2026-03-16T02:56:45","guid":{"rendered":"http:\/\/eautomobiliai.lt\/index.php\/2026\/03\/16\/lucid-zada-tris-naujus-elektrinius-visureigius-nes-daugiausia-demesio-skiria-pigesnei-elektromobiliu-platformai\/"},"modified":"2026-03-16T02:56:45","modified_gmt":"2026-03-16T02:56:45","slug":"lucid-zada-tris-naujus-elektrinius-visureigius-nes-daugiausia-demesio-skiria-pigesnei-elektromobiliu-platformai","status":"publish","type":"post","link":"http:\/\/eautomobiliai.lt\/index.php\/2026\/03\/16\/lucid-zada-tris-naujus-elektrinius-visureigius-nes-daugiausia-demesio-skiria-pigesnei-elektromobiliu-platformai\/","title":{"rendered":"\u201eLucid\u201c \u017eada tris naujus elektrinius visureigius, nes daugiausia d\u0117mesio skiria pigesnei elektromobili\u0173 platformai"},"content":{"rendered":"<p> <br \/>\n<\/p>\n<div id=\"\">\n<p>Amerikos elektromobili\u0173 (EV) gamintojas \u201eLucid Motors\u201c paskelb\u0117 apie planus i\u0161leisti tris naujus modelius ant naujos efektyvesn\u0117s ir \u012fperkamos \u201evidutinio dyd\u017eio\u201c platformos, \u012fskaitant du elektrinius visureigius \u2013 \u201eLucid Cosmos\u201c ir \u201eLucid Earth\u201c.<\/p>\n<p>Pra\u0117jus vos kelioms savait\u0117ms po to, kai bendrov\u0117 patvirtino, kad atleis 12 procent\u0173 savo darbuotoj\u0173, siekdama \u201esupaprastinti\u201c \u012fmon\u0119 ir padidinti pelningum\u0105, \u201eLucid\u201c pra\u0117jusios savait\u0117s pabaigoje Niujorke vykusioje investuotoj\u0173 dienoje pristat\u0117 \u201evisapus\u0119 finansin\u0119 ir produkt\u0173 strategij\u0105\u201c.<\/p>\n<p>Nauj\u0105ja strategija siekiama pl\u0117sti versl\u0105, paspartinti \u012fmon\u0117s keli\u0105 \u012f pelningum\u0105 ir teigiam\u0105 laisv\u0173 pinig\u0173 sraut\u0105 bei i\u0161pl\u0117sti technologini\u0173 paj\u0117gum\u0173 pl\u0117tr\u0105 iki tokios vietos, kur ji gal\u0117t\u0173 plisti \u012f didesn\u0117s apimties auk\u0161\u010diausios klas\u0117s pasaulin\u0117s automobili\u0173 rinkos segmentus.<\/p>\n<p>Be savo strategini\u0173 tiksl\u0173, Lucid taip pat apib\u016bdino pagrindinius b\u016bsimos vidutinio dyd\u017eio platformos ypatumus ir atskleid\u0117 naujos kartos elektrin\u0117s pavaros blok\u0105, pavadint\u0105 Atlas.<\/p>\n<p>Naujoji vidutinio dyd\u017eio platforma buvo sukurta nuo pat prad\u017ei\u0173, kad pristatyt\u0173 tai, k\u0105 \u201eLucid Motors\u201c tikisi \u201epirmaujan\u010dius segmente\u201c automobilius \u201eu\u017e prieinamesn\u0119 kain\u0105\u201c, i\u0161laikant gars\u0173 prek\u0117s \u017eenklo asortiment\u0105, efektyvum\u0105 ir na\u0161um\u0105.<\/p>\n<p>Ant Lucid Midsize platformos sukurt\u0173 elektromobili\u0173 kaina tur\u0117t\u0173 b\u016bti ma\u017eesn\u0117 nei 50 000 USD, o tai b\u016bt\u0173 konvertuojama \u012f ma\u017edaug A71 500 USD.<\/p>\n<p>\u201eLucid Motors\u201c pavadino du i\u0161 trij\u0173 nauj\u0173 modeli\u0173, kurie bus gaminami ant naujos platformos \u2013 \u201eLucid Cosmos\u201c ir \u201eLucid Earth\u201c. I\u0161samia informacija apie tre\u010di\u0105j\u012f vartotoj\u0173 model\u012f bus pasidalinta ateityje.<\/p>\n<figure id=\"attachment_194595\" aria-describedby=\"caption-attachment-194595\" style=\"width: 1160px\" class=\"wp-caption aligncenter\"><figcaption id=\"caption-attachment-194595\" class=\"wp-caption-text\">Vaizdo kreditas: \u201eLucid Motors\u201c, per \u201eLinkedIn\u201c.<\/figcaption><\/figure>\n<p>Tiek \u201eCosmos\u201c, tiek \u201eEarth\u201c yra elektriniai visureigiai, o \u201eCosmos\u201c skirti klientams, ie\u0161kantiems efektyvumo, erdv\u0117s ir na\u0161umo, o \u201eEarth\u201c tur\u0117t\u0173 skirti \u201edar labiau nuotyki\u0173 dvasi\u0105\u201c, pagr\u012fst\u0105 ankstesni\u0173 \u201eLucid\u201c elektromobili\u0173 va\u017eiavimo dinamika ir efektyvumu.<\/p>\n<p>\u201eSu \u201eMidsize\u201c nepadar\u0117me kompromis\u0173, kuo \u201eLucid\u201c yra ypatingas, suk\u016br\u0117me j\u012f pagal mastel\u012f\u201c, \u2013 sak\u0117 Derekas Jenkinsas, \u201eLucid\u201c dizaino ir prek\u0117s \u017eenklo vyresnysis viceprezidentas.<\/p>\n<p>\u201e\u0160ios transporto priemon\u0117s suteikia neabejotin\u0105 \u201eLucid\u201c dizain\u0105 ir vairavimo charakteristikas, o j\u0173 gamyba ir kaina yra paprastesnis, efektyvesnis.<\/p>\n<p>Vidutinio dyd\u017eio platformos automobiliai tur\u0117s \u201e\u017eymiai\u201c ma\u017eesnius akumuliatori\u0173 blokus, tuo pa\u010diu u\u017etikrindami \u201eLucid Motors EV\u201c b\u016bding\u0105 va\u017eiavimo atstum\u0105, kuris svyruoja nuo 600 kilometr\u0173 iki beveik 1000 kilometr\u0173, o efektyvumas \u2013 beveik 8 km per kilovatvaland\u0119.<\/p>\n<p>\u201eM\u016bs\u0173 efektyvumo lyderyst\u0117 tiesiogiai virsta s\u0105naud\u0173 lyderyste, naudojant m\u016bs\u0173 vidutinio dyd\u017eio platform\u0105\u201c, \u2013 sak\u0117 Emadas Dlala, \u201eLucid\u201c in\u017einerijos ir programin\u0117s \u012frangos vyresnysis viceprezidentas.<\/p>\n<p>\u201eMa\u017eesn\u0117s baterijos, ma\u017eiau dali\u0173 ir glaudesn\u0117 integracija rei\u0161kia ma\u017eesnes i\u0161laidas, geresn\u012f na\u0161um\u0105 ir geresn\u0119 klient\u0173 patirt\u012f tuo pa\u010diu metu.<\/p>\n<p><img loading=\"lazy\" decoding=\"async\" class=\"aligncenter size-large wp-image-194593 lazyload\" src=\"https:\/\/b2232832.smushcdn.com\/2232832\/wp-content\/uploads\/2026\/03\/LUCID_MIDSIZE-PROFILE-SKETCH-1160x928.jpg?lossy=1&amp;strip=0&amp;webp=1\" alt=\"\" width=\"1160\" height=\"928\" srcset=\"https:\/\/b2232832.smushcdn.com\/2232832\/wp-content\/uploads\/2026\/03\/LUCID_MIDSIZE-PROFILE-SKETCH-1160x928.jpg?lossy=1&amp;strip=0&amp;webp=1 1160w, https:\/\/b2232832.smushcdn.com\/2232832\/wp-content\/uploads\/2026\/03\/LUCID_MIDSIZE-PROFILE-SKETCH-388x310.jpg?lossy=1&amp;strip=0&amp;webp=1 388w, https:\/\/b2232832.smushcdn.com\/2232832\/wp-content\/uploads\/2026\/03\/LUCID_MIDSIZE-PROFILE-SKETCH-800x640.jpg?lossy=1&amp;strip=0&amp;webp=1 800w, https:\/\/b2232832.smushcdn.com\/2232832\/wp-content\/uploads\/2026\/03\/LUCID_MIDSIZE-PROFILE-SKETCH-120x96.jpg?lossy=1&amp;strip=0&amp;webp=1 120w, https:\/\/b2232832.smushcdn.com\/2232832\/wp-content\/uploads\/2026\/03\/LUCID_MIDSIZE-PROFILE-SKETCH-90x72.jpg?lossy=1&amp;strip=0&amp;webp=1 90w, https:\/\/b2232832.smushcdn.com\/2232832\/wp-content\/uploads\/2026\/03\/LUCID_MIDSIZE-PROFILE-SKETCH-320x256.jpg?lossy=1&amp;strip=0&amp;webp=1 320w, https:\/\/b2232832.smushcdn.com\/2232832\/wp-content\/uploads\/2026\/03\/LUCID_MIDSIZE-PROFILE-SKETCH-560x448.jpg?lossy=1&amp;strip=0&amp;webp=1 560w, https:\/\/b2232832.smushcdn.com\/2232832\/wp-content\/uploads\/2026\/03\/LUCID_MIDSIZE-PROFILE-SKETCH-150x120.jpg?lossy=1&amp;strip=0&amp;webp=1 150w, https:\/\/b2232832.smushcdn.com\/2232832\/wp-content\/uploads\/2026\/03\/LUCID_MIDSIZE-PROFILE-SKETCH-240x192.jpg?lossy=1&amp;strip=0&amp;webp=1 240w, https:\/\/b2232832.smushcdn.com\/2232832\/wp-content\/uploads\/2026\/03\/LUCID_MIDSIZE-PROFILE-SKETCH-180x144.jpg?lossy=1&amp;strip=0&amp;webp=1 180w, https:\/\/b2232832.smushcdn.com\/2232832\/wp-content\/uploads\/2026\/03\/LUCID_MIDSIZE-PROFILE-SKETCH-640x512.jpg?lossy=1&amp;strip=0&amp;webp=1 640w, https:\/\/b2232832.smushcdn.com\/2232832\/wp-content\/uploads\/2026\/03\/LUCID_MIDSIZE-PROFILE-SKETCH-1120x896.jpg?lossy=1&amp;strip=0&amp;webp=1 1120w, https:\/\/b2232832.smushcdn.com\/2232832\/wp-content\/uploads\/2026\/03\/LUCID_MIDSIZE-PROFILE-SKETCH-300x240.jpg?lossy=1&amp;strip=0&amp;webp=1 300w, https:\/\/b2232832.smushcdn.com\/2232832\/wp-content\/uploads\/2026\/03\/LUCID_MIDSIZE-PROFILE-SKETCH.jpg?lossy=1&amp;strip=0&amp;webp=1 1280w, https:\/\/b2232832.smushcdn.com\/2232832\/wp-content\/uploads\/2026\/03\/LUCID_MIDSIZE-PROFILE-SKETCH.jpg?size=464x371&amp;lossy=1&amp;strip=0&amp;webp=1 464w, https:\/\/b2232832.smushcdn.com\/2232832\/wp-content\/uploads\/2026\/03\/LUCID_MIDSIZE-PROFILE-SKETCH.jpg?size=696x557&amp;lossy=1&amp;strip=0&amp;webp=1 696w, https:\/\/b2232832.smushcdn.com\/2232832\/wp-content\/uploads\/2026\/03\/LUCID_MIDSIZE-PROFILE-SKETCH.jpg?size=928x742&amp;lossy=1&amp;strip=0&amp;webp=1 928w\" data-sizes=\"auto\" style=\"--smush-placeholder-width: 1160px; --smush-placeholder-aspect-ratio: 1160\/928;\" data-original-sizes=\"(max-width: 1160px) 100vw, 1160px\"\/><\/p>\n<p>Vidutinio dyd\u017eio platformos pagrindu taip pat bus \u201eLucid Lunar\u201c \u2013 specialiai sukurta dviej\u0173 viet\u0173 robotaksi koncepcija, skirta \u201emaksimaliai padidinti efektyvum\u0105, panaudojim\u0105 ir eksploatavimo ekonomik\u0105 vis\u0105 gyvenim\u0105\u201c.<\/p>\n<p>\u201eLucid Motors\u201c taip pat pasinaudojo savo investuotojo diena, kad patvirtint\u0173 savo \u012fsipareigojim\u0105 palaikyti strateginius santykius su pav\u0117\u017e\u0117jimo mil\u017einu \u201eUber\u201c, kai abi bendrov\u0117s u\u017ebaigia susitarim\u0105 d\u0117l \u201eLucid Midsize\u201c platformos transporto priemoni\u0173, pana\u0161i\u0173 \u012f \u201eGravity robotaxi\u201c program\u0105, diegimo.<\/p>\n<p>\u201eMes \u201eLucid\u201c laikome pagrindiniu strateginiu partneriu, nes ir toliau spar\u010diai diegiame autonomines transporto priemones visame pasaulyje\u201c, \u2013 sak\u0117 \u201eUber\u201c generalinis direktorius Dara Khosrowshahi.<\/p>\n<p>\u201eNeprilygstamas \u201eLucid\u201c efektyvumas, autonomijai paruo\u0161tos transporto priemoni\u0173 architekt\u016bros ir \u012f klient\u0105 orientuotas po\u017ei\u016bris suteikia mums pasitik\u0117jimo savo geb\u0117jimu kartu u\u017etikrinti autonomin\u012f mobilum\u0105 pasauliniu mastu.<\/p>\n<div class=\"saboxplugin-wrap\" itemtype=\"http:\/\/schema.org\/Person\" itemscope=\"\" itemprop=\"author\">\n<div class=\"saboxplugin-tab\">\n<div class=\"saboxplugin-gravatar\"><img decoding=\"async\" alt=\"Joshua S. Hill\" class=\"avatar avatar-100 photo native-lazyload-js-fallback\" height=\"100\" width=\"100\" itemprop=\"image\" loading=\"lazy\" src=\"https:\/\/secure.gravatar.com\/avatar\/674502fafd2221f0fc2baf7da1435a7980e9492ea0657bfcd546273621f39689?s=100&amp;d=mm&amp;r=g\" srcset=\"https:\/\/secure.gravatar.com\/avatar\/674502fafd2221f0fc2baf7da1435a7980e9492ea0657bfcd546273621f39689?s=200&amp;d=mm&amp;r=g 2x\"\/><img decoding=\"async\" loading=\"lazy\" alt=\"Joshua S. Hill\" src=\"https:\/\/secure.gravatar.com\/avatar\/674502fafd2221f0fc2baf7da1435a7980e9492ea0657bfcd546273621f39689?s=100&amp;d=mm&amp;r=g\" srcset=\"https:\/\/secure.gravatar.com\/avatar\/674502fafd2221f0fc2baf7da1435a7980e9492ea0657bfcd546273621f39689?s=200&amp;d=mm&amp;r=g 2x\" class=\"avatar avatar-100 photo\" height=\"100\" width=\"100\" itemprop=\"image\"\/><\/div>\n<div class=\"saboxplugin-desc\">\n<div itemprop=\"description\">\n<p>Joshua S. Hill yra Melburne gyvenantis \u017eurnalistas, daugiau nei 15 met\u0173 ra\u0161antis apie klimato kait\u0105, \u0161varias technologijas ir elektrines transporto priemones. Nuo 2012 m. jis teikia ataskaitas apie elektrines transporto priemones ir \u0161varias technologijas \u201eRenew Economy\u201c ir \u201eThe Driven\u201c.<\/p>\n<\/div>\n<\/div>\n<\/div>\n<\/div>\n<p><!-- AI CONTENT END 1 --><\/p><\/div>\n<p><br \/>\n<br \/><a href=\"https:\/\/thedriven.io\/2026\/03\/16\/lucid-promises-three-new-electric-suvs-as-it-focuses-on-more-affordable-ev-platform\/\">Source link <\/a><\/p>\n","protected":false},"excerpt":{"rendered":"<p>Amerikos elektromobili\u0173 (EV) gamintojas \u201eLucid Motors\u201c paskelb\u0117 apie planus i\u0161leisti tris naujus modelius ant naujos efektyvesn\u0117s ir \u012fperkamos \u201evidutinio dyd\u017eio\u201c&hellip;<\/p>\n","protected":false},"author":1,"featured_media":3752,"comment_status":"open","ping_status":"open","sticky":false,"template":"","format":"standard","meta":{"om_disable_all_campaigns":false,"_monsterinsights_skip_tracking":false,"_monsterinsights_sitenote_active":false,"_monsterinsights_sitenote_note":"","_monsterinsights_sitenote_category":0,"footnotes":""},"categories":[39],"tags":[5696,5552,1054,191,1174,656,116,5697,5698,5260,5695,5104,3345],"class_list":["post-3751","post","type-post","status-publish","format-standard","has-post-thumbnail","hentry","category-eautomobiliu-technine-puse","tag-daugiausia","tag-demesio","tag-elektrinius","tag-elektromobiliu","tag-lucid","tag-naujus","tag-nes","tag-pigesnei","tag-platformai","tag-skiria","tag-tris","tag-visureigius","tag-zada"],"aioseo_notices":[],"yoast_head":"<!-- This site is optimized with the Yoast SEO plugin v26.8 - https:\/\/yoast.com\/product\/yoast-seo-wordpress\/ -->\n<title>\u201eLucid\u201c \u017eada tris naujus elektrinius visureigius, nes daugiausia d\u0117mesio skiria pigesnei elektromobili\u0173 platformai - Eautomobiliai.lt<\/title>\n<meta name=\"robots\" content=\"index, follow, max-snippet:-1, max-image-preview:large, max-video-preview:-1\" \/>\n<link rel=\"canonical\" href=\"https:\/\/eautomobiliai.lt\/index.php\/2026\/03\/16\/lucid-zada-tris-naujus-elektrinius-visureigius-nes-daugiausia-demesio-skiria-pigesnei-elektromobiliu-platformai\/\" \/>\n<meta property=\"og:locale\" content=\"lt_LT\" \/>\n<meta property=\"og:type\" content=\"article\" \/>\n<meta property=\"og:title\" content=\"\u201eLucid\u201c \u017eada tris naujus elektrinius visureigius, nes daugiausia d\u0117mesio skiria pigesnei elektromobili\u0173 platformai - Eautomobiliai.lt\" \/>\n<meta property=\"og:description\" content=\"Amerikos elektromobili\u0173 (EV) gamintojas \u201eLucid Motors\u201c paskelb\u0117 apie planus i\u0161leisti tris naujus modelius ant naujos efektyvesn\u0117s ir \u012fperkamos \u201evidutinio dyd\u017eio\u201c&hellip;\" \/>\n<meta property=\"og:url\" content=\"https:\/\/eautomobiliai.lt\/index.php\/2026\/03\/16\/lucid-zada-tris-naujus-elektrinius-visureigius-nes-daugiausia-demesio-skiria-pigesnei-elektromobiliu-platformai\/\" \/>\n<meta property=\"og:site_name\" content=\"Eautomobiliai.lt\" \/>\n<meta property=\"article:published_time\" content=\"2026-03-16T02:56:45+00:00\" \/>\n<meta property=\"og:image\" content=\"https:\/\/eautomobiliai.lt\/wp-content\/uploads\/2026\/03\/\u201eLucid-zada-tris-naujus-elektrinius-visureigius-nes-daugiausia-demesio-skiria.jpg\" \/>\n\t<meta property=\"og:image:width\" content=\"1280\" \/>\n\t<meta property=\"og:image:height\" content=\"720\" \/>\n\t<meta property=\"og:image:type\" content=\"image\/jpeg\" \/>\n<meta name=\"author\" content=\"admin\" \/>\n<meta name=\"twitter:card\" content=\"summary_large_image\" \/>\n<meta name=\"twitter:label1\" content=\"Written by\" \/>\n\t<meta name=\"twitter:data1\" content=\"admin\" \/>\n\t<meta name=\"twitter:label2\" content=\"Est. reading time\" \/>\n\t<meta name=\"twitter:data2\" content=\"3 minut\u0117s\" \/>\n<script type=\"application\/ld+json\" class=\"yoast-schema-graph\">{\"@context\":\"https:\/\/schema.org\",\"@graph\":[{\"@type\":\"Article\",\"@id\":\"https:\/\/eautomobiliai.lt\/index.php\/2026\/03\/16\/lucid-zada-tris-naujus-elektrinius-visureigius-nes-daugiausia-demesio-skiria-pigesnei-elektromobiliu-platformai\/#article\",\"isPartOf\":{\"@id\":\"https:\/\/eautomobiliai.lt\/index.php\/2026\/03\/16\/lucid-zada-tris-naujus-elektrinius-visureigius-nes-daugiausia-demesio-skiria-pigesnei-elektromobiliu-platformai\/\"},\"author\":{\"name\":\"admin\",\"@id\":\"http:\/\/eautomobiliai.lt\/#\/schema\/person\/ecf2a967f361217d056061f74deb92f2\"},\"headline\":\"\u201eLucid\u201c \u017eada tris naujus elektrinius visureigius, nes daugiausia d\u0117mesio skiria pigesnei elektromobili\u0173 platformai\",\"datePublished\":\"2026-03-16T02:56:45+00:00\",\"mainEntityOfPage\":{\"@id\":\"https:\/\/eautomobiliai.lt\/index.php\/2026\/03\/16\/lucid-zada-tris-naujus-elektrinius-visureigius-nes-daugiausia-demesio-skiria-pigesnei-elektromobiliu-platformai\/\"},\"wordCount\":593,\"commentCount\":0,\"image\":{\"@id\":\"https:\/\/eautomobiliai.lt\/index.php\/2026\/03\/16\/lucid-zada-tris-naujus-elektrinius-visureigius-nes-daugiausia-demesio-skiria-pigesnei-elektromobiliu-platformai\/#primaryimage\"},\"thumbnailUrl\":\"http:\/\/eautomobiliai.lt\/wp-content\/uploads\/2026\/03\/\u201eLucid-zada-tris-naujus-elektrinius-visureigius-nes-daugiausia-demesio-skiria.jpg\",\"keywords\":[\"daugiausia\",\"d\u0117mesio\",\"elektrinius\",\"elektromobili\u0173\",\"Lucid\",\"naujus\",\"nes\",\"pigesnei\",\"platformai\",\"skiria\",\"tris\",\"visureigius\",\"\u017eada\"],\"articleSection\":[\"eAUTOMOBILI\u0172 TECHNIN\u0116 PUS\u0116\"],\"inLanguage\":\"lt-LT\",\"potentialAction\":[{\"@type\":\"CommentAction\",\"name\":\"Comment\",\"target\":[\"https:\/\/eautomobiliai.lt\/index.php\/2026\/03\/16\/lucid-zada-tris-naujus-elektrinius-visureigius-nes-daugiausia-demesio-skiria-pigesnei-elektromobiliu-platformai\/#respond\"]}]},{\"@type\":\"WebPage\",\"@id\":\"https:\/\/eautomobiliai.lt\/index.php\/2026\/03\/16\/lucid-zada-tris-naujus-elektrinius-visureigius-nes-daugiausia-demesio-skiria-pigesnei-elektromobiliu-platformai\/\",\"url\":\"https:\/\/eautomobiliai.lt\/index.php\/2026\/03\/16\/lucid-zada-tris-naujus-elektrinius-visureigius-nes-daugiausia-demesio-skiria-pigesnei-elektromobiliu-platformai\/\",\"name\":\"\u201eLucid\u201c \u017eada tris naujus elektrinius visureigius, nes daugiausia d\u0117mesio skiria pigesnei elektromobili\u0173 platformai - Eautomobiliai.lt\",\"isPartOf\":{\"@id\":\"http:\/\/eautomobiliai.lt\/#website\"},\"primaryImageOfPage\":{\"@id\":\"https:\/\/eautomobiliai.lt\/index.php\/2026\/03\/16\/lucid-zada-tris-naujus-elektrinius-visureigius-nes-daugiausia-demesio-skiria-pigesnei-elektromobiliu-platformai\/#primaryimage\"},\"image\":{\"@id\":\"https:\/\/eautomobiliai.lt\/index.php\/2026\/03\/16\/lucid-zada-tris-naujus-elektrinius-visureigius-nes-daugiausia-demesio-skiria-pigesnei-elektromobiliu-platformai\/#primaryimage\"},\"thumbnailUrl\":\"http:\/\/eautomobiliai.lt\/wp-content\/uploads\/2026\/03\/\u201eLucid-zada-tris-naujus-elektrinius-visureigius-nes-daugiausia-demesio-skiria.jpg\",\"datePublished\":\"2026-03-16T02:56:45+00:00\",\"author\":{\"@id\":\"http:\/\/eautomobiliai.lt\/#\/schema\/person\/ecf2a967f361217d056061f74deb92f2\"},\"breadcrumb\":{\"@id\":\"https:\/\/eautomobiliai.lt\/index.php\/2026\/03\/16\/lucid-zada-tris-naujus-elektrinius-visureigius-nes-daugiausia-demesio-skiria-pigesnei-elektromobiliu-platformai\/#breadcrumb\"},\"inLanguage\":\"lt-LT\",\"potentialAction\":[{\"@type\":\"ReadAction\",\"target\":[\"https:\/\/eautomobiliai.lt\/index.php\/2026\/03\/16\/lucid-zada-tris-naujus-elektrinius-visureigius-nes-daugiausia-demesio-skiria-pigesnei-elektromobiliu-platformai\/\"]}]},{\"@type\":\"ImageObject\",\"inLanguage\":\"lt-LT\",\"@id\":\"https:\/\/eautomobiliai.lt\/index.php\/2026\/03\/16\/lucid-zada-tris-naujus-elektrinius-visureigius-nes-daugiausia-demesio-skiria-pigesnei-elektromobiliu-platformai\/#primaryimage\",\"url\":\"http:\/\/eautomobiliai.lt\/wp-content\/uploads\/2026\/03\/\u201eLucid-zada-tris-naujus-elektrinius-visureigius-nes-daugiausia-demesio-skiria.jpg\",\"contentUrl\":\"http:\/\/eautomobiliai.lt\/wp-content\/uploads\/2026\/03\/\u201eLucid-zada-tris-naujus-elektrinius-visureigius-nes-daugiausia-demesio-skiria.jpg\",\"width\":1280,\"height\":720},{\"@type\":\"BreadcrumbList\",\"@id\":\"https:\/\/eautomobiliai.lt\/index.php\/2026\/03\/16\/lucid-zada-tris-naujus-elektrinius-visureigius-nes-daugiausia-demesio-skiria-pigesnei-elektromobiliu-platformai\/#breadcrumb\",\"itemListElement\":[{\"@type\":\"ListItem\",\"position\":1,\"name\":\"Home\",\"item\":\"http:\/\/eautomobiliai.lt\/\"},{\"@type\":\"ListItem\",\"position\":2,\"name\":\"\u201eLucid\u201c \u017eada tris naujus elektrinius visureigius, nes daugiausia d\u0117mesio skiria pigesnei elektromobili\u0173 platformai\"}]},{\"@type\":\"WebSite\",\"@id\":\"http:\/\/eautomobiliai.lt\/#website\",\"url\":\"http:\/\/eautomobiliai.lt\/\",\"name\":\"Eautomobiliai.lt\",\"description\":\"Elektrinis transportas, technologijos\",\"potentialAction\":[{\"@type\":\"SearchAction\",\"target\":{\"@type\":\"EntryPoint\",\"urlTemplate\":\"http:\/\/eautomobiliai.lt\/?s={search_term_string}\"},\"query-input\":{\"@type\":\"PropertyValueSpecification\",\"valueRequired\":true,\"valueName\":\"search_term_string\"}}],\"inLanguage\":\"lt-LT\"},{\"@type\":\"Person\",\"@id\":\"http:\/\/eautomobiliai.lt\/#\/schema\/person\/ecf2a967f361217d056061f74deb92f2\",\"name\":\"admin\",\"image\":{\"@type\":\"ImageObject\",\"inLanguage\":\"lt-LT\",\"@id\":\"http:\/\/eautomobiliai.lt\/#\/schema\/person\/image\/\",\"url\":\"https:\/\/secure.gravatar.com\/avatar\/6323379efae0c70c686c7905444d6bbd?s=96&d=mm&r=g\",\"contentUrl\":\"https:\/\/secure.gravatar.com\/avatar\/6323379efae0c70c686c7905444d6bbd?s=96&d=mm&r=g\",\"caption\":\"admin\"},\"sameAs\":[\"http:\/\/eautomobiliai.lt\"],\"url\":\"http:\/\/eautomobiliai.lt\/index.php\/author\/admin\/\"}]}<\/script>\n<!-- \/ Yoast SEO plugin. -->","yoast_head_json":{"title":"\u201eLucid\u201c \u017eada tris naujus elektrinius visureigius, nes daugiausia d\u0117mesio skiria pigesnei elektromobili\u0173 platformai - Eautomobiliai.lt","robots":{"index":"index","follow":"follow","max-snippet":"max-snippet:-1","max-image-preview":"max-image-preview:large","max-video-preview":"max-video-preview:-1"},"canonical":"https:\/\/eautomobiliai.lt\/index.php\/2026\/03\/16\/lucid-zada-tris-naujus-elektrinius-visureigius-nes-daugiausia-demesio-skiria-pigesnei-elektromobiliu-platformai\/","og_locale":"lt_LT","og_type":"article","og_title":"\u201eLucid\u201c \u017eada tris naujus elektrinius visureigius, nes daugiausia d\u0117mesio skiria pigesnei elektromobili\u0173 platformai - Eautomobiliai.lt","og_description":"Amerikos elektromobili\u0173 (EV) gamintojas \u201eLucid Motors\u201c paskelb\u0117 apie planus i\u0161leisti tris naujus modelius ant naujos efektyvesn\u0117s ir \u012fperkamos \u201evidutinio dyd\u017eio\u201c&hellip;","og_url":"https:\/\/eautomobiliai.lt\/index.php\/2026\/03\/16\/lucid-zada-tris-naujus-elektrinius-visureigius-nes-daugiausia-demesio-skiria-pigesnei-elektromobiliu-platformai\/","og_site_name":"Eautomobiliai.lt","article_published_time":"2026-03-16T02:56:45+00:00","og_image":[{"width":1280,"height":720,"url":"https:\/\/eautomobiliai.lt\/wp-content\/uploads\/2026\/03\/\u201eLucid-zada-tris-naujus-elektrinius-visureigius-nes-daugiausia-demesio-skiria.jpg","type":"image\/jpeg"}],"author":"admin","twitter_card":"summary_large_image","twitter_misc":{"Written by":"admin","Est. reading time":"3 minut\u0117s"},"schema":{"@context":"https:\/\/schema.org","@graph":[{"@type":"Article","@id":"https:\/\/eautomobiliai.lt\/index.php\/2026\/03\/16\/lucid-zada-tris-naujus-elektrinius-visureigius-nes-daugiausia-demesio-skiria-pigesnei-elektromobiliu-platformai\/#article","isPartOf":{"@id":"https:\/\/eautomobiliai.lt\/index.php\/2026\/03\/16\/lucid-zada-tris-naujus-elektrinius-visureigius-nes-daugiausia-demesio-skiria-pigesnei-elektromobiliu-platformai\/"},"author":{"name":"admin","@id":"http:\/\/eautomobiliai.lt\/#\/schema\/person\/ecf2a967f361217d056061f74deb92f2"},"headline":"\u201eLucid\u201c \u017eada tris naujus elektrinius visureigius, nes daugiausia d\u0117mesio skiria pigesnei elektromobili\u0173 platformai","datePublished":"2026-03-16T02:56:45+00:00","mainEntityOfPage":{"@id":"https:\/\/eautomobiliai.lt\/index.php\/2026\/03\/16\/lucid-zada-tris-naujus-elektrinius-visureigius-nes-daugiausia-demesio-skiria-pigesnei-elektromobiliu-platformai\/"},"wordCount":593,"commentCount":0,"image":{"@id":"https:\/\/eautomobiliai.lt\/index.php\/2026\/03\/16\/lucid-zada-tris-naujus-elektrinius-visureigius-nes-daugiausia-demesio-skiria-pigesnei-elektromobiliu-platformai\/#primaryimage"},"thumbnailUrl":"http:\/\/eautomobiliai.lt\/wp-content\/uploads\/2026\/03\/\u201eLucid-zada-tris-naujus-elektrinius-visureigius-nes-daugiausia-demesio-skiria.jpg","keywords":["daugiausia","d\u0117mesio","elektrinius","elektromobili\u0173","Lucid","naujus","nes","pigesnei","platformai","skiria","tris","visureigius","\u017eada"],"articleSection":["eAUTOMOBILI\u0172 TECHNIN\u0116 PUS\u0116"],"inLanguage":"lt-LT","potentialAction":[{"@type":"CommentAction","name":"Comment","target":["https:\/\/eautomobiliai.lt\/index.php\/2026\/03\/16\/lucid-zada-tris-naujus-elektrinius-visureigius-nes-daugiausia-demesio-skiria-pigesnei-elektromobiliu-platformai\/#respond"]}]},{"@type":"WebPage","@id":"https:\/\/eautomobiliai.lt\/index.php\/2026\/03\/16\/lucid-zada-tris-naujus-elektrinius-visureigius-nes-daugiausia-demesio-skiria-pigesnei-elektromobiliu-platformai\/","url":"https:\/\/eautomobiliai.lt\/index.php\/2026\/03\/16\/lucid-zada-tris-naujus-elektrinius-visureigius-nes-daugiausia-demesio-skiria-pigesnei-elektromobiliu-platformai\/","name":"\u201eLucid\u201c \u017eada tris naujus elektrinius visureigius, nes daugiausia d\u0117mesio skiria pigesnei elektromobili\u0173 platformai - Eautomobiliai.lt","isPartOf":{"@id":"http:\/\/eautomobiliai.lt\/#website"},"primaryImageOfPage":{"@id":"https:\/\/eautomobiliai.lt\/index.php\/2026\/03\/16\/lucid-zada-tris-naujus-elektrinius-visureigius-nes-daugiausia-demesio-skiria-pigesnei-elektromobiliu-platformai\/#primaryimage"},"image":{"@id":"https:\/\/eautomobiliai.lt\/index.php\/2026\/03\/16\/lucid-zada-tris-naujus-elektrinius-visureigius-nes-daugiausia-demesio-skiria-pigesnei-elektromobiliu-platformai\/#primaryimage"},"thumbnailUrl":"http:\/\/eautomobiliai.lt\/wp-content\/uploads\/2026\/03\/\u201eLucid-zada-tris-naujus-elektrinius-visureigius-nes-daugiausia-demesio-skiria.jpg","datePublished":"2026-03-16T02:56:45+00:00","author":{"@id":"http:\/\/eautomobiliai.lt\/#\/schema\/person\/ecf2a967f361217d056061f74deb92f2"},"breadcrumb":{"@id":"https:\/\/eautomobiliai.lt\/index.php\/2026\/03\/16\/lucid-zada-tris-naujus-elektrinius-visureigius-nes-daugiausia-demesio-skiria-pigesnei-elektromobiliu-platformai\/#breadcrumb"},"inLanguage":"lt-LT","potentialAction":[{"@type":"ReadAction","target":["https:\/\/eautomobiliai.lt\/index.php\/2026\/03\/16\/lucid-zada-tris-naujus-elektrinius-visureigius-nes-daugiausia-demesio-skiria-pigesnei-elektromobiliu-platformai\/"]}]},{"@type":"ImageObject","inLanguage":"lt-LT","@id":"https:\/\/eautomobiliai.lt\/index.php\/2026\/03\/16\/lucid-zada-tris-naujus-elektrinius-visureigius-nes-daugiausia-demesio-skiria-pigesnei-elektromobiliu-platformai\/#primaryimage","url":"http:\/\/eautomobiliai.lt\/wp-content\/uploads\/2026\/03\/\u201eLucid-zada-tris-naujus-elektrinius-visureigius-nes-daugiausia-demesio-skiria.jpg","contentUrl":"http:\/\/eautomobiliai.lt\/wp-content\/uploads\/2026\/03\/\u201eLucid-zada-tris-naujus-elektrinius-visureigius-nes-daugiausia-demesio-skiria.jpg","width":1280,"height":720},{"@type":"BreadcrumbList","@id":"https:\/\/eautomobiliai.lt\/index.php\/2026\/03\/16\/lucid-zada-tris-naujus-elektrinius-visureigius-nes-daugiausia-demesio-skiria-pigesnei-elektromobiliu-platformai\/#breadcrumb","itemListElement":[{"@type":"ListItem","position":1,"name":"Home","item":"http:\/\/eautomobiliai.lt\/"},{"@type":"ListItem","position":2,"name":"\u201eLucid\u201c \u017eada tris naujus elektrinius visureigius, nes daugiausia d\u0117mesio skiria pigesnei elektromobili\u0173 platformai"}]},{"@type":"WebSite","@id":"http:\/\/eautomobiliai.lt\/#website","url":"http:\/\/eautomobiliai.lt\/","name":"Eautomobiliai.lt","description":"Elektrinis transportas, technologijos","potentialAction":[{"@type":"SearchAction","target":{"@type":"EntryPoint","urlTemplate":"http:\/\/eautomobiliai.lt\/?s={search_term_string}"},"query-input":{"@type":"PropertyValueSpecification","valueRequired":true,"valueName":"search_term_string"}}],"inLanguage":"lt-LT"},{"@type":"Person","@id":"http:\/\/eautomobiliai.lt\/#\/schema\/person\/ecf2a967f361217d056061f74deb92f2","name":"admin","image":{"@type":"ImageObject","inLanguage":"lt-LT","@id":"http:\/\/eautomobiliai.lt\/#\/schema\/person\/image\/","url":"https:\/\/secure.gravatar.com\/avatar\/6323379efae0c70c686c7905444d6bbd?s=96&d=mm&r=g","contentUrl":"https:\/\/secure.gravatar.com\/avatar\/6323379efae0c70c686c7905444d6bbd?s=96&d=mm&r=g","caption":"admin"},"sameAs":["http:\/\/eautomobiliai.lt"],"url":"http:\/\/eautomobiliai.lt\/index.php\/author\/admin\/"}]}},"_links":{"self":[{"href":"http:\/\/eautomobiliai.lt\/index.php\/wp-json\/wp\/v2\/posts\/3751","targetHints":{"allow":["GET"]}}],"collection":[{"href":"http:\/\/eautomobiliai.lt\/index.php\/wp-json\/wp\/v2\/posts"}],"about":[{"href":"http:\/\/eautomobiliai.lt\/index.php\/wp-json\/wp\/v2\/types\/post"}],"author":[{"embeddable":true,"href":"http:\/\/eautomobiliai.lt\/index.php\/wp-json\/wp\/v2\/users\/1"}],"replies":[{"embeddable":true,"href":"http:\/\/eautomobiliai.lt\/index.php\/wp-json\/wp\/v2\/comments?post=3751"}],"version-history":[{"count":0,"href":"http:\/\/eautomobiliai.lt\/index.php\/wp-json\/wp\/v2\/posts\/3751\/revisions"}],"wp:featuredmedia":[{"embeddable":true,"href":"http:\/\/eautomobiliai.lt\/index.php\/wp-json\/wp\/v2\/media\/3752"}],"wp:attachment":[{"href":"http:\/\/eautomobiliai.lt\/index.php\/wp-json\/wp\/v2\/media?parent=3751"}],"wp:term":[{"taxonomy":"category","embeddable":true,"href":"http:\/\/eautomobiliai.lt\/index.php\/wp-json\/wp\/v2\/categories?post=3751"},{"taxonomy":"post_tag","embeddable":true,"href":"http:\/\/eautomobiliai.lt\/index.php\/wp-json\/wp\/v2\/tags?post=3751"}],"curies":[{"name":"wp","href":"https:\/\/api.w.org\/{rel}","templated":true}]}}