{"id":3785,"date":"2026-03-20T06:56:55","date_gmt":"2026-03-20T06:56:55","guid":{"rendered":"http:\/\/eautomobiliai.lt\/index.php\/2026\/03\/20\/pasaulis-pridejo-rekordiskai-814-gw-vejo-ir-saules-energijos-tai-greitai-keicia-energija\/"},"modified":"2026-03-20T06:56:55","modified_gmt":"2026-03-20T06:56:55","slug":"pasaulis-pridejo-rekordiskai-814-gw-vejo-ir-saules-energijos-tai-greitai-keicia-energija","status":"publish","type":"post","link":"http:\/\/eautomobiliai.lt\/index.php\/2026\/03\/20\/pasaulis-pridejo-rekordiskai-814-gw-vejo-ir-saules-energijos-tai-greitai-keicia-energija\/","title":{"rendered":"Pasaulis prid\u0117jo rekordi\u0161kai 814 GW v\u0117jo ir saul\u0117s energijos \u2013 tai greitai kei\u010dia energij\u0105"},"content":{"rendered":"<p> <br \/>\n<\/p>\n<div>\n<figure class=\"img-border featured-image\">\n<p>\t<figcaption>\n<p>\t\t\t\tNuotrauka: Dongfang Electric Corporation\t\t\t<\/figcaption><\/figure>\n<p>2025 m. pasaulis k\u0105 tik prid\u0117jo rekordin\u012f v\u0117jo ir saul\u0117s kiek\u012f, ir tai n\u0117ra n\u0117 arti.<\/p>\n<p><span id=\"more-460384\"\/><\/p>\n<p>Nauji pasaulin\u0117s energetikos ekspert\u0173 grup\u0117s \u201eEmber\u201c duomenys rodo, kad pernai prisijung\u0117 814 gigavat\u0173 (GW) naujos saul\u0117s ir v\u0117jo energijos, ty 17 % daugiau nei 2024 m., kai 696 GW. D\u0117l to bendra pasaulin\u0117 v\u0117jo ir saul\u0117s energijos galia siekia 4 174 GW \u2013 arba \u0161iek tiek daugiau nei 4 teravatus.<\/p>\n<p>Tai did\u017eiulis dviej\u0173 spar\u010diausiai augan\u010di\u0173 elektros energijos \u0161altini\u0173 kaupimas istorijoje, o saul\u0117s energija atlieka did\u017ei\u0105j\u0105 dal\u012f sunkum\u0173.<\/p>\n<figure class=\"wp-block-image alignwide size-large\"><img loading=\"lazy\" decoding=\"async\" height=\"686\" width=\"1024\" src=\"https:\/\/electrek.co\/wp-content\/uploads\/sites\/3\/2026\/03\/Wind-and-solar-record-capacity-additions-2025@2x.jpg?quality=82&amp;strip=all&amp;w=1024\" alt=\"\" class=\"wp-image-460399\" srcset=\"https:\/\/electrek.co\/wp-content\/uploads\/sites\/3\/2026\/03\/Wind-and-solar-record-capacity-additions-2025@2x.jpg 1588w, https:\/\/electrek.co\/wp-content\/uploads\/sites\/3\/2026\/03\/Wind-and-solar-record-capacity-additions-2025@2x.jpg?resize=150,101 150w, https:\/\/electrek.co\/wp-content\/uploads\/sites\/3\/2026\/03\/Wind-and-solar-record-capacity-additions-2025@2x.jpg?resize=300,201 300w, https:\/\/electrek.co\/wp-content\/uploads\/sites\/3\/2026\/03\/Wind-and-solar-record-capacity-additions-2025@2x.jpg?resize=768,515 768w, https:\/\/electrek.co\/wp-content\/uploads\/sites\/3\/2026\/03\/Wind-and-solar-record-capacity-additions-2025@2x.jpg?resize=1024,686 1024w, https:\/\/electrek.co\/wp-content\/uploads\/sites\/3\/2026\/03\/Wind-and-solar-record-capacity-additions-2025@2x.jpg?resize=1536,1029 1536w, https:\/\/electrek.co\/wp-content\/uploads\/sites\/3\/2026\/03\/Wind-and-solar-record-capacity-additions-2025@2x.jpg?resize=350,235 350w, https:\/\/electrek.co\/wp-content\/uploads\/sites\/3\/2026\/03\/Wind-and-solar-record-capacity-additions-2025@2x.jpg?resize=140,94 140w, https:\/\/electrek.co\/wp-content\/uploads\/sites\/3\/2026\/03\/Wind-and-solar-record-capacity-additions-2025@2x.jpg?resize=1492,1000 1492w\" sizes=\"auto, (max-width: 1024px) 100vw, 1024px\"\/><\/figure>\n<div id=\"ez-toc-container\" class=\"ez-toc-v2_0_82_2 counter-hierarchy ez-toc-counter ez-toc-grey ez-toc-container-direction\">\n<div class=\"ez-toc-title-container\">\n<p class=\"ez-toc-title\" style=\"cursor:inherit\">Turinys:<\/p>\n<span class=\"ez-toc-title-toggle\"><a href=\"#\" class=\"ez-toc-pull-right ez-toc-btn ez-toc-btn-xs ez-toc-btn-default ez-toc-toggle\" aria-label=\"Toggle Table of Content\"><span class=\"ez-toc-js-icon-con\"><span class=\"\"><span class=\"eztoc-hide\" style=\"display:none;\">Toggle<\/span><span class=\"ez-toc-icon-toggle-span\"><svg style=\"fill: #999;color:#999\" xmlns=\"http:\/\/www.w3.org\/2000\/svg\" class=\"list-377408\" width=\"20px\" height=\"20px\" viewBox=\"0 0 24 24\" fill=\"none\"><path d=\"M6 6H4v2h2V6zm14 0H8v2h12V6zM4 11h2v2H4v-2zm16 0H8v2h12v-2zM4 16h2v2H4v-2zm16 0H8v2h12v-2z\" fill=\"currentColor\"><\/path><\/svg><svg style=\"fill: #999;color:#999\" class=\"arrow-unsorted-368013\" xmlns=\"http:\/\/www.w3.org\/2000\/svg\" width=\"10px\" height=\"10px\" viewBox=\"0 0 24 24\" version=\"1.2\" baseProfile=\"tiny\"><path d=\"M18.2 9.3l-6.2-6.3-6.2 6.3c-.2.2-.3.4-.3.7s.1.5.3.7c.2.2.4.3.7.3h11c.3 0 .5-.1.7-.3.2-.2.3-.5.3-.7s-.1-.5-.3-.7zM5.8 14.7l6.2 6.3 6.2-6.3c.2-.2.3-.5.3-.7s-.1-.5-.3-.7c-.2-.2-.4-.3-.7-.3h-11c-.3 0-.5.1-.7.3-.2.2-.3.5-.3.7s.1.5.3.7z\"\/><\/svg><\/span><\/span><\/span><\/a><\/span><\/div>\n<nav><ul class='ez-toc-list ez-toc-list-level-1 ' ><li class='ez-toc-page-1 ez-toc-heading-level-2'><a class=\"ez-toc-link ez-toc-heading-1\" href=\"http:\/\/eautomobiliai.lt\/index.php\/2026\/03\/20\/pasaulis-pridejo-rekordiskai-814-gw-vejo-ir-saules-energijos-tai-greitai-keicia-energija\/#Saule_vis_traukia_i_prieki\" >Saul\u0117 vis traukia \u012f priek\u012f<\/a><\/li><li class='ez-toc-page-1 ez-toc-heading-level-2'><a class=\"ez-toc-link ez-toc-heading-2\" href=\"http:\/\/eautomobiliai.lt\/index.php\/2026\/03\/20\/pasaulis-pridejo-rekordiskai-814-gw-vejo-ir-saules-energijos-tai-greitai-keicia-energija\/#Vejas_atsimusa\" >V\u0117jas atsimu\u0161a<\/a><\/li><li class='ez-toc-page-1 ez-toc-heading-level-2'><a class=\"ez-toc-link ez-toc-heading-3\" href=\"http:\/\/eautomobiliai.lt\/index.php\/2026\/03\/20\/pasaulis-pridejo-rekordiskai-814-gw-vejo-ir-saules-energijos-tai-greitai-keicia-energija\/#Svarios_energijos_ir_duju_kainu_sokai\" >\u0160varios energijos ir duj\u0173 kain\u0173 \u0161okai<\/a><\/li><li class='ez-toc-page-1 ez-toc-heading-level-2'><a class=\"ez-toc-link ez-toc-heading-4\" href=\"http:\/\/eautomobiliai.lt\/index.php\/2026\/03\/20\/pasaulis-pridejo-rekordiskai-814-gw-vejo-ir-saules-energijos-tai-greitai-keicia-energija\/#Kodel_tai_svarbu\" >Kod\u0117l tai svarbu<\/a><\/li><li class='ez-toc-page-1 ez-toc-heading-level-2'><a class=\"ez-toc-link ez-toc-heading-5\" href=\"http:\/\/eautomobiliai.lt\/index.php\/2026\/03\/20\/pasaulis-pridejo-rekordiskai-814-gw-vejo-ir-saules-energijos-tai-greitai-keicia-energija\/#Electrek_Take\" >Electrek Take<\/a><\/li><\/ul><\/nav><\/div>\n<h2 class=\"wp-block-heading\" id=\"h-solar-keeps-pulling-ahead\"><span class=\"ez-toc-section\" id=\"Saule_vis_traukia_i_prieki\"><\/span>Saul\u0117 vis traukia \u012f priek\u012f<span class=\"ez-toc-section-end\"><\/span><\/h2>\n<p>Saul\u0117s energija 2025 m. sudar\u0117 did\u017ei\u0105j\u0105 dal\u012f nauj\u0173 pried\u0173. Pasaulyje kiekvienam 1 GW v\u0117jo buvo sumontuota beveik 4 GW saul\u0117s energijos.<\/p>\n<p>\t<span class=\"outbrain-ad-label\">Reklama \u2013 slinkite, kad gautum\u0117te daugiau turinio<\/span><\/p>\n<p>I\u0161 viso 2025 m. buvo prid\u0117ta 647 GW nauj\u0173 saul\u0117s energijos paj\u0117gum\u0173, palyginti su 582 GW 2024 m. \u2013 11 % daugiau nei per metus, be ir taip stipri\u0173 met\u0173.<\/p>\n<p>Iki 2025 m. pabaigos pasaulin\u0117 saul\u0117s energijos galia pasiek\u0117 beveik 2900 GW.<\/p>\n<h2 class=\"wp-block-heading\" id=\"h-wind-rebounds\"><span class=\"ez-toc-section\" id=\"Vejas_atsimusa\"><\/span>V\u0117jas atsimu\u0161a<span class=\"ez-toc-section-end\"><\/span><\/h2>\n<p>V\u0117jas vis dar \u017eaid\u017eia, bet metai buvo stipr\u016bs.<\/p>\n<p>Pasaulyje v\u0117jo j\u0117gain\u0117s \u0161oktel\u0117jo 47 proc., nuo 113 GW 2024 m. iki 167 GW 2025 m. Bendra \u012fdiegta v\u0117jo galia iki met\u0173 pabaigos pasiek\u0117 apie 1 300 GW.<\/p>\n<p>Kartu v\u0117jo ir saul\u0117s energija greitai tampa pasaulin\u0117s energijos sistemos pagrindu.<\/p>\n<h2 class=\"wp-block-heading\" id=\"h-clean-energy-vs-gas-price-shocks\"><span class=\"ez-toc-section\" id=\"Svarios_energijos_ir_duju_kainu_sokai\"><\/span>\u0160varios energijos ir duj\u0173 kain\u0173 \u0161okai<span class=\"ez-toc-section-end\"><\/span><\/h2>\n<p>Vien 2025 m. papildyta nauja v\u0117jo ir saul\u0117s energijos galia kasmet gali pagaminti apie 1 046 teravatvalandes (TWh) elektros energijos.<\/p>\n<p>To pakanka, kad i\u0161stumt\u0173 daugiau nei septintadal\u012f pasaulin\u0117s dujomis k\u016brenamos elektros energijos \u2013 arba beveik dvigubai (1,8 karto) Kataro metinio suskystint\u0173 gamtini\u0173 duj\u0173 (SGD) eksporto.<\/p>\n<p>Dabartin\u0117mis kainomis vengimas naudoti dujas sudaro ma\u017edaug 138 mlrd. USD metini\u0173 importo i\u0161laid\u0173.<\/p>\n<p>Ir tai tik nuo vieneri\u0173 met\u0173 naujo paj\u0117gumo.<\/p>\n<p>Nuo JAV ir Izraelio karo su Iranu prad\u017eios visame pasaulyje jau \u012fdiegta v\u0117jo ir saul\u0117s energija i\u0161veng\u0117 ma\u017edaug 330 TWh duj\u0173 gamybos, taip sutaupant daugiau nei 40 mlrd. USD galim\u0173 kuro s\u0105naud\u0173.<\/p>\n<p>\u201eEmber\u201c energetikos strategas Kingsmill Bond sak\u0117: \u201eNuolatinis eskalavimas Artimuosiuose Rytuose yra ry\u0161kus priminimas apie priklausomyb\u0117s nuo importuojamos naftos ir duj\u0173 rizik\u0105. Saul\u0117s, v\u0117jo ir baterijos suteikia importuotojams tikr\u0105 keli\u0105 \u012f energetin\u012f saugum\u0105, pigesn\u012f, greitesn\u012f diegti ir be geopolitini\u0173 styg\u0173.<\/p>\n<h2 class=\"wp-block-heading\" id=\"h-why-it-matters\"><span class=\"ez-toc-section\" id=\"Kodel_tai_svarbu\"><\/span>Kod\u0117l tai svarbu<span class=\"ez-toc-section-end\"><\/span><\/h2>\n<p>Geopolitika vis dar skatina i\u0161kastinio kuro rinkas ir \u0161io nepastovumo sunku i\u0161vengti, jei pasikliaujate importu.<\/p>\n<p>Saul\u0117, v\u0117jas ir baterijos si\u016blo kitok\u012f keli\u0105. Juos galima pastatyti greitai, jie vis pig\u0117ja, o kai jie bus pastatyti, nereikia mok\u0117ti kuro.<\/p>\n<p>Ember duomenys rodo, kad did\u0117jant diegimo mastui \u0161ios technologijos vis labiau apsaugo \u0161alis nuo kain\u0173 \u0161uoli\u0173, susijusi\u0173 su pasauliniais konfliktais ir tiekimo sukr\u0117timais.<\/p>\n<p>Ir tokiu tempu jie ne tik papildo tinklel\u012f \u2013 jie tampa jos pagrindu.<\/p>\n<h2 class=\"wp-block-heading\"><span class=\"ez-toc-section\" id=\"Electrek_Take\"><\/span>Electrek Take<span class=\"ez-toc-section-end\"><\/span><\/h2>\n<p>Stebina ne tik rekordas \u2013 tai nuoseklumas. Saul\u0117s energija ir toliau auga dvi\u017eenkliais tempais, vir\u0161ijant jau did\u017eiulius kiekius, o v\u0117jas stipriai atsigauna. Taip kuriama nauja energetikos sistema.<\/p>\n<p>Ir ekonomikos tampa ne\u012fmanoma ignoruoti. Vengti 138 mlrd. USD vert\u0117s duj\u0173 importo tik i\u0161 vieneri\u0173 met\u0173 \u012frengim\u0173 yra did\u017eiulis signalas politikos formuotojams ir komunalin\u0117ms \u012fmon\u0117ms.<\/p>\n<p>Geopolitin\u0117s rizikos sluoksnis \u2013 nuo \u200b\u200bArtim\u0173j\u0173 Ryt\u0173 iki pasaulini\u0173 duj\u0173 rink\u0173 \u2013 ir vietin\u0117s energijos, nenaudojan\u010dios kuro, vert\u0117 tampa dar ai\u0161kesn\u0117.<\/p>\n<p>Tokiu tempu v\u0117jas ir saul\u0117 konkuruoja ne tik su i\u0161kastiniu kuru. Jie nuolat juos kei\u010dia.<\/p>\n<p><strong>Skaityti daugiau: <\/strong>43 GW: Saul\u0117s energija vir\u0161ija nauj\u0105j\u0105 JAV gali\u0105 5 metus i\u0161 eil\u0117s<\/p>\n<figure class=\"wp-block-image alignwide size-full\"><img loading=\"lazy\" decoding=\"async\" width=\"750\" height=\"150\" src=\"https:\/\/electrek.co\/wp-content\/uploads\/sites\/3\/2026\/03\/DES-1038_Electrek-Banners_Resiliency-1-10.png\" alt=\"\" class=\"wp-image-460392\" srcset=\"https:\/\/electrek.co\/wp-content\/uploads\/sites\/3\/2026\/03\/DES-1038_Electrek-Banners_Resiliency-1-10.png 750w, https:\/\/electrek.co\/wp-content\/uploads\/sites\/3\/2026\/03\/DES-1038_Electrek-Banners_Resiliency-1-10.png?resize=150,30 150w, https:\/\/electrek.co\/wp-content\/uploads\/sites\/3\/2026\/03\/DES-1038_Electrek-Banners_Resiliency-1-10.png?resize=300,60 300w, https:\/\/electrek.co\/wp-content\/uploads\/sites\/3\/2026\/03\/DES-1038_Electrek-Banners_Resiliency-1-10.png?resize=350,70 350w, https:\/\/electrek.co\/wp-content\/uploads\/sites\/3\/2026\/03\/DES-1038_Electrek-Banners_Resiliency-1-10.png?resize=140,28 140w\" sizes=\"auto, (max-width: 750px) 100vw, 750px\"\/><\/figure>\n<hr class=\"wp-block-separator has-alpha-channel-opacity\"\/>\n<p><strong><em>Jei kada nors svarst\u0117te galimyb\u0119 naudoti saul\u0117s energij\u0105, palengvinkite tai, jei netoliese rasite patikim\u0105 saul\u0117s energijos montuotoj\u0105, si\u016blant\u012f konkurencingas kainas. <\/em><\/strong><strong><em>EnergySage<\/em><\/strong><strong><em>. Jame yra \u0161imtai i\u0161 anksto patikrint\u0173 saul\u0117s kolektori\u0173 montuotoj\u0173, kurie konkuruoja d\u0117l j\u016bs\u0173 verslo, u\u017etikrindami, kad gausite auk\u0161tos kokyb\u0117s sprendimus ir sutaupysite 20\u201330 %, palyginti su tuo, kad tai darytum\u0117te vienas. Be to, juo naudotis galima nemokamai ir negausite pardavimo skambu\u010di\u0173, kol nepasirinksite montuotojo ir nepasidalinsite su juo savo telefono numeriu. <\/em><\/strong><\/p>\n<p><strong><em>J\u016bs\u0173 suasmenintas saul\u0117s energijos kainas lengva palyginti internete, ir j\u016bs gausite prieig\u0105 prie ne\u0161ali\u0161k\u0173 energijos patar\u0117j\u0173, kurie pad\u0117s jums kiekviename \u017eingsnyje. <\/em><\/strong><strong><em>Prad\u0117kite \u010dia<\/em><\/strong><strong><em>.<\/em><\/strong><\/p>\n<div class=\"google-preferred-source-badge\">\n<p>\t\t\t<img decoding=\"async\" class=\"google-preferred-source-badge-dark\" src=\"https:\/\/electrek.co\/wp-content\/themes\/ninetofive\/dist\/images\/google-preferred-source-badge-dark.png\" alt=\"Prid\u0117kite \u201eElectrek\u201c kaip pageidaujam\u0105 \u201eGoogle\u201c \u0161altin\u012f\"\/><br \/>\n\t\t\t<img decoding=\"async\" class=\"google-preferred-source-badge-light\" src=\"https:\/\/electrek.co\/wp-content\/themes\/ninetofive\/dist\/images\/google-preferred-source-badge-light.png\" alt=\"Prid\u0117kite \u201eElectrek\u201c kaip pageidaujam\u0105 \u201eGoogle\u201c \u0161altin\u012f\"\/><\/p><\/div>\n<div class=\"ad-disclaimer-container\">\n<p class=\"disclaimer-affiliate\"><em>FTC: naudojame pajamas u\u017edirban\u010di\u0173 automobili\u0173 filial\u0173 nuorodas.<\/em> Daugiau.<\/p>\n<p><!-- post ad --><\/div>\n<\/p><\/div>\n<p><br \/>\n<br \/><a href=\"https:\/\/electrek.co\/2026\/03\/19\/the-world-added-a-record-814-gw-wind-solar\/\">Source link <\/a><\/p>\n","protected":false},"excerpt":{"rendered":"<p>Nuotrauka: Dongfang Electric Corporation 2025 m. pasaulis k\u0105 tik prid\u0117jo rekordin\u012f v\u0117jo ir saul\u0117s kiek\u012f, ir tai n\u0117ra n\u0117 arti.&hellip;<\/p>\n","protected":false},"author":1,"featured_media":1963,"comment_status":"open","ping_status":"open","sticky":false,"template":"","format":"standard","meta":{"om_disable_all_campaigns":false,"_monsterinsights_skip_tracking":false,"_monsterinsights_sitenote_active":false,"_monsterinsights_sitenote_note":"","_monsterinsights_sitenote_category":0,"footnotes":""},"categories":[8],"tags":[161,130,396,1620,1080,5729,5730,315,20,549],"class_list":["post-3785","post","type-post","status-publish","format-standard","has-post-thumbnail","hentry","category-elektriniai-automobiliai","tag-energija","tag-energijos","tag-greitai","tag-keicia","tag-pasaulis","tag-pridejo","tag-rekordiskai","tag-saules","tag-tai","tag-vejo"],"aioseo_notices":[],"yoast_head":"<!-- This site is optimized with the Yoast SEO plugin v26.8 - https:\/\/yoast.com\/product\/yoast-seo-wordpress\/ -->\n<title>Pasaulis prid\u0117jo rekordi\u0161kai 814 GW v\u0117jo ir saul\u0117s energijos \u2013 tai greitai kei\u010dia energij\u0105 - Eautomobiliai.lt<\/title>\n<meta name=\"robots\" content=\"index, follow, max-snippet:-1, max-image-preview:large, max-video-preview:-1\" \/>\n<link rel=\"canonical\" href=\"http:\/\/eautomobiliai.lt\/index.php\/2026\/03\/20\/pasaulis-pridejo-rekordiskai-814-gw-vejo-ir-saules-energijos-tai-greitai-keicia-energija\/\" \/>\n<meta property=\"og:locale\" content=\"lt_LT\" \/>\n<meta property=\"og:type\" content=\"article\" \/>\n<meta property=\"og:title\" content=\"Pasaulis prid\u0117jo rekordi\u0161kai 814 GW v\u0117jo ir saul\u0117s energijos \u2013 tai greitai kei\u010dia energij\u0105 - Eautomobiliai.lt\" \/>\n<meta property=\"og:description\" content=\"Nuotrauka: Dongfang Electric Corporation 2025 m. pasaulis k\u0105 tik prid\u0117jo rekordin\u012f v\u0117jo ir saul\u0117s kiek\u012f, ir tai n\u0117ra n\u0117 arti.&hellip;\" \/>\n<meta property=\"og:url\" content=\"http:\/\/eautomobiliai.lt\/index.php\/2026\/03\/20\/pasaulis-pridejo-rekordiskai-814-gw-vejo-ir-saules-energijos-tai-greitai-keicia-energija\/\" \/>\n<meta property=\"og:site_name\" content=\"Eautomobiliai.lt\" \/>\n<meta property=\"article:published_time\" content=\"2026-03-20T06:56:55+00:00\" \/>\n<meta property=\"og:image\" content=\"http:\/\/eautomobiliai.lt\/wp-content\/uploads\/2025\/08\/Kinija-idiegia-galingiausia-pasaulyje-vejo-turbina.jpg\" \/>\n\t<meta property=\"og:image:width\" content=\"1200\" \/>\n\t<meta property=\"og:image:height\" content=\"628\" \/>\n\t<meta property=\"og:image:type\" content=\"image\/jpeg\" \/>\n<meta name=\"author\" content=\"admin\" \/>\n<meta name=\"twitter:card\" content=\"summary_large_image\" \/>\n<meta name=\"twitter:label1\" content=\"Written by\" \/>\n\t<meta name=\"twitter:data1\" content=\"admin\" \/>\n\t<meta name=\"twitter:label2\" content=\"Est. reading time\" \/>\n\t<meta name=\"twitter:data2\" content=\"4 minut\u0117s\" \/>\n<script type=\"application\/ld+json\" class=\"yoast-schema-graph\">{\"@context\":\"https:\/\/schema.org\",\"@graph\":[{\"@type\":\"Article\",\"@id\":\"http:\/\/eautomobiliai.lt\/index.php\/2026\/03\/20\/pasaulis-pridejo-rekordiskai-814-gw-vejo-ir-saules-energijos-tai-greitai-keicia-energija\/#article\",\"isPartOf\":{\"@id\":\"http:\/\/eautomobiliai.lt\/index.php\/2026\/03\/20\/pasaulis-pridejo-rekordiskai-814-gw-vejo-ir-saules-energijos-tai-greitai-keicia-energija\/\"},\"author\":{\"name\":\"admin\",\"@id\":\"https:\/\/eautomobiliai.lt\/#\/schema\/person\/ecf2a967f361217d056061f74deb92f2\"},\"headline\":\"Pasaulis prid\u0117jo rekordi\u0161kai 814 GW v\u0117jo ir saul\u0117s energijos \u2013 tai greitai kei\u010dia energij\u0105\",\"datePublished\":\"2026-03-20T06:56:55+00:00\",\"mainEntityOfPage\":{\"@id\":\"http:\/\/eautomobiliai.lt\/index.php\/2026\/03\/20\/pasaulis-pridejo-rekordiskai-814-gw-vejo-ir-saules-energijos-tai-greitai-keicia-energija\/\"},\"wordCount\":721,\"commentCount\":0,\"image\":{\"@id\":\"http:\/\/eautomobiliai.lt\/index.php\/2026\/03\/20\/pasaulis-pridejo-rekordiskai-814-gw-vejo-ir-saules-energijos-tai-greitai-keicia-energija\/#primaryimage\"},\"thumbnailUrl\":\"http:\/\/eautomobiliai.lt\/wp-content\/uploads\/2025\/08\/Kinija-idiegia-galingiausia-pasaulyje-vejo-turbina.jpg\",\"keywords\":[\"energija\",\"energijos\",\"greitai\",\"kei\u010dia\",\"Pasaulis\",\"prid\u0117jo\",\"rekordi\u0161kai\",\"saul\u0117s\",\"Tai\",\"v\u0117jo\"],\"articleSection\":[\"ELEKTRINIAI AUTOMOBILIAI\"],\"inLanguage\":\"lt-LT\",\"potentialAction\":[{\"@type\":\"CommentAction\",\"name\":\"Comment\",\"target\":[\"http:\/\/eautomobiliai.lt\/index.php\/2026\/03\/20\/pasaulis-pridejo-rekordiskai-814-gw-vejo-ir-saules-energijos-tai-greitai-keicia-energija\/#respond\"]}]},{\"@type\":\"WebPage\",\"@id\":\"http:\/\/eautomobiliai.lt\/index.php\/2026\/03\/20\/pasaulis-pridejo-rekordiskai-814-gw-vejo-ir-saules-energijos-tai-greitai-keicia-energija\/\",\"url\":\"http:\/\/eautomobiliai.lt\/index.php\/2026\/03\/20\/pasaulis-pridejo-rekordiskai-814-gw-vejo-ir-saules-energijos-tai-greitai-keicia-energija\/\",\"name\":\"Pasaulis prid\u0117jo rekordi\u0161kai 814 GW v\u0117jo ir saul\u0117s energijos \u2013 tai greitai kei\u010dia energij\u0105 - Eautomobiliai.lt\",\"isPartOf\":{\"@id\":\"https:\/\/eautomobiliai.lt\/#website\"},\"primaryImageOfPage\":{\"@id\":\"http:\/\/eautomobiliai.lt\/index.php\/2026\/03\/20\/pasaulis-pridejo-rekordiskai-814-gw-vejo-ir-saules-energijos-tai-greitai-keicia-energija\/#primaryimage\"},\"image\":{\"@id\":\"http:\/\/eautomobiliai.lt\/index.php\/2026\/03\/20\/pasaulis-pridejo-rekordiskai-814-gw-vejo-ir-saules-energijos-tai-greitai-keicia-energija\/#primaryimage\"},\"thumbnailUrl\":\"http:\/\/eautomobiliai.lt\/wp-content\/uploads\/2025\/08\/Kinija-idiegia-galingiausia-pasaulyje-vejo-turbina.jpg\",\"datePublished\":\"2026-03-20T06:56:55+00:00\",\"author\":{\"@id\":\"https:\/\/eautomobiliai.lt\/#\/schema\/person\/ecf2a967f361217d056061f74deb92f2\"},\"breadcrumb\":{\"@id\":\"http:\/\/eautomobiliai.lt\/index.php\/2026\/03\/20\/pasaulis-pridejo-rekordiskai-814-gw-vejo-ir-saules-energijos-tai-greitai-keicia-energija\/#breadcrumb\"},\"inLanguage\":\"lt-LT\",\"potentialAction\":[{\"@type\":\"ReadAction\",\"target\":[\"http:\/\/eautomobiliai.lt\/index.php\/2026\/03\/20\/pasaulis-pridejo-rekordiskai-814-gw-vejo-ir-saules-energijos-tai-greitai-keicia-energija\/\"]}]},{\"@type\":\"ImageObject\",\"inLanguage\":\"lt-LT\",\"@id\":\"http:\/\/eautomobiliai.lt\/index.php\/2026\/03\/20\/pasaulis-pridejo-rekordiskai-814-gw-vejo-ir-saules-energijos-tai-greitai-keicia-energija\/#primaryimage\",\"url\":\"http:\/\/eautomobiliai.lt\/wp-content\/uploads\/2025\/08\/Kinija-idiegia-galingiausia-pasaulyje-vejo-turbina.jpg\",\"contentUrl\":\"http:\/\/eautomobiliai.lt\/wp-content\/uploads\/2025\/08\/Kinija-idiegia-galingiausia-pasaulyje-vejo-turbina.jpg\",\"width\":1200,\"height\":628},{\"@type\":\"BreadcrumbList\",\"@id\":\"http:\/\/eautomobiliai.lt\/index.php\/2026\/03\/20\/pasaulis-pridejo-rekordiskai-814-gw-vejo-ir-saules-energijos-tai-greitai-keicia-energija\/#breadcrumb\",\"itemListElement\":[{\"@type\":\"ListItem\",\"position\":1,\"name\":\"Home\",\"item\":\"https:\/\/eautomobiliai.lt\/\"},{\"@type\":\"ListItem\",\"position\":2,\"name\":\"Pasaulis prid\u0117jo rekordi\u0161kai 814 GW v\u0117jo ir saul\u0117s energijos \u2013 tai greitai kei\u010dia energij\u0105\"}]},{\"@type\":\"WebSite\",\"@id\":\"https:\/\/eautomobiliai.lt\/#website\",\"url\":\"https:\/\/eautomobiliai.lt\/\",\"name\":\"Eautomobiliai.lt\",\"description\":\"Elektrinis transportas, technologijos\",\"potentialAction\":[{\"@type\":\"SearchAction\",\"target\":{\"@type\":\"EntryPoint\",\"urlTemplate\":\"https:\/\/eautomobiliai.lt\/?s={search_term_string}\"},\"query-input\":{\"@type\":\"PropertyValueSpecification\",\"valueRequired\":true,\"valueName\":\"search_term_string\"}}],\"inLanguage\":\"lt-LT\"},{\"@type\":\"Person\",\"@id\":\"https:\/\/eautomobiliai.lt\/#\/schema\/person\/ecf2a967f361217d056061f74deb92f2\",\"name\":\"admin\",\"image\":{\"@type\":\"ImageObject\",\"inLanguage\":\"lt-LT\",\"@id\":\"https:\/\/eautomobiliai.lt\/#\/schema\/person\/image\/\",\"url\":\"https:\/\/secure.gravatar.com\/avatar\/6323379efae0c70c686c7905444d6bbd?s=96&d=mm&r=g\",\"contentUrl\":\"https:\/\/secure.gravatar.com\/avatar\/6323379efae0c70c686c7905444d6bbd?s=96&d=mm&r=g\",\"caption\":\"admin\"},\"sameAs\":[\"http:\/\/eautomobiliai.lt\"],\"url\":\"http:\/\/eautomobiliai.lt\/index.php\/author\/admin\/\"}]}<\/script>\n<!-- \/ Yoast SEO plugin. -->","yoast_head_json":{"title":"Pasaulis prid\u0117jo rekordi\u0161kai 814 GW v\u0117jo ir saul\u0117s energijos \u2013 tai greitai kei\u010dia energij\u0105 - Eautomobiliai.lt","robots":{"index":"index","follow":"follow","max-snippet":"max-snippet:-1","max-image-preview":"max-image-preview:large","max-video-preview":"max-video-preview:-1"},"canonical":"http:\/\/eautomobiliai.lt\/index.php\/2026\/03\/20\/pasaulis-pridejo-rekordiskai-814-gw-vejo-ir-saules-energijos-tai-greitai-keicia-energija\/","og_locale":"lt_LT","og_type":"article","og_title":"Pasaulis prid\u0117jo rekordi\u0161kai 814 GW v\u0117jo ir saul\u0117s energijos \u2013 tai greitai kei\u010dia energij\u0105 - Eautomobiliai.lt","og_description":"Nuotrauka: Dongfang Electric Corporation 2025 m. pasaulis k\u0105 tik prid\u0117jo rekordin\u012f v\u0117jo ir saul\u0117s kiek\u012f, ir tai n\u0117ra n\u0117 arti.&hellip;","og_url":"http:\/\/eautomobiliai.lt\/index.php\/2026\/03\/20\/pasaulis-pridejo-rekordiskai-814-gw-vejo-ir-saules-energijos-tai-greitai-keicia-energija\/","og_site_name":"Eautomobiliai.lt","article_published_time":"2026-03-20T06:56:55+00:00","og_image":[{"width":1200,"height":628,"url":"http:\/\/eautomobiliai.lt\/wp-content\/uploads\/2025\/08\/Kinija-idiegia-galingiausia-pasaulyje-vejo-turbina.jpg","type":"image\/jpeg"}],"author":"admin","twitter_card":"summary_large_image","twitter_misc":{"Written by":"admin","Est. reading time":"4 minut\u0117s"},"schema":{"@context":"https:\/\/schema.org","@graph":[{"@type":"Article","@id":"http:\/\/eautomobiliai.lt\/index.php\/2026\/03\/20\/pasaulis-pridejo-rekordiskai-814-gw-vejo-ir-saules-energijos-tai-greitai-keicia-energija\/#article","isPartOf":{"@id":"http:\/\/eautomobiliai.lt\/index.php\/2026\/03\/20\/pasaulis-pridejo-rekordiskai-814-gw-vejo-ir-saules-energijos-tai-greitai-keicia-energija\/"},"author":{"name":"admin","@id":"https:\/\/eautomobiliai.lt\/#\/schema\/person\/ecf2a967f361217d056061f74deb92f2"},"headline":"Pasaulis prid\u0117jo rekordi\u0161kai 814 GW v\u0117jo ir saul\u0117s energijos \u2013 tai greitai kei\u010dia energij\u0105","datePublished":"2026-03-20T06:56:55+00:00","mainEntityOfPage":{"@id":"http:\/\/eautomobiliai.lt\/index.php\/2026\/03\/20\/pasaulis-pridejo-rekordiskai-814-gw-vejo-ir-saules-energijos-tai-greitai-keicia-energija\/"},"wordCount":721,"commentCount":0,"image":{"@id":"http:\/\/eautomobiliai.lt\/index.php\/2026\/03\/20\/pasaulis-pridejo-rekordiskai-814-gw-vejo-ir-saules-energijos-tai-greitai-keicia-energija\/#primaryimage"},"thumbnailUrl":"http:\/\/eautomobiliai.lt\/wp-content\/uploads\/2025\/08\/Kinija-idiegia-galingiausia-pasaulyje-vejo-turbina.jpg","keywords":["energija","energijos","greitai","kei\u010dia","Pasaulis","prid\u0117jo","rekordi\u0161kai","saul\u0117s","Tai","v\u0117jo"],"articleSection":["ELEKTRINIAI AUTOMOBILIAI"],"inLanguage":"lt-LT","potentialAction":[{"@type":"CommentAction","name":"Comment","target":["http:\/\/eautomobiliai.lt\/index.php\/2026\/03\/20\/pasaulis-pridejo-rekordiskai-814-gw-vejo-ir-saules-energijos-tai-greitai-keicia-energija\/#respond"]}]},{"@type":"WebPage","@id":"http:\/\/eautomobiliai.lt\/index.php\/2026\/03\/20\/pasaulis-pridejo-rekordiskai-814-gw-vejo-ir-saules-energijos-tai-greitai-keicia-energija\/","url":"http:\/\/eautomobiliai.lt\/index.php\/2026\/03\/20\/pasaulis-pridejo-rekordiskai-814-gw-vejo-ir-saules-energijos-tai-greitai-keicia-energija\/","name":"Pasaulis prid\u0117jo rekordi\u0161kai 814 GW v\u0117jo ir saul\u0117s energijos \u2013 tai greitai kei\u010dia energij\u0105 - Eautomobiliai.lt","isPartOf":{"@id":"https:\/\/eautomobiliai.lt\/#website"},"primaryImageOfPage":{"@id":"http:\/\/eautomobiliai.lt\/index.php\/2026\/03\/20\/pasaulis-pridejo-rekordiskai-814-gw-vejo-ir-saules-energijos-tai-greitai-keicia-energija\/#primaryimage"},"image":{"@id":"http:\/\/eautomobiliai.lt\/index.php\/2026\/03\/20\/pasaulis-pridejo-rekordiskai-814-gw-vejo-ir-saules-energijos-tai-greitai-keicia-energija\/#primaryimage"},"thumbnailUrl":"http:\/\/eautomobiliai.lt\/wp-content\/uploads\/2025\/08\/Kinija-idiegia-galingiausia-pasaulyje-vejo-turbina.jpg","datePublished":"2026-03-20T06:56:55+00:00","author":{"@id":"https:\/\/eautomobiliai.lt\/#\/schema\/person\/ecf2a967f361217d056061f74deb92f2"},"breadcrumb":{"@id":"http:\/\/eautomobiliai.lt\/index.php\/2026\/03\/20\/pasaulis-pridejo-rekordiskai-814-gw-vejo-ir-saules-energijos-tai-greitai-keicia-energija\/#breadcrumb"},"inLanguage":"lt-LT","potentialAction":[{"@type":"ReadAction","target":["http:\/\/eautomobiliai.lt\/index.php\/2026\/03\/20\/pasaulis-pridejo-rekordiskai-814-gw-vejo-ir-saules-energijos-tai-greitai-keicia-energija\/"]}]},{"@type":"ImageObject","inLanguage":"lt-LT","@id":"http:\/\/eautomobiliai.lt\/index.php\/2026\/03\/20\/pasaulis-pridejo-rekordiskai-814-gw-vejo-ir-saules-energijos-tai-greitai-keicia-energija\/#primaryimage","url":"http:\/\/eautomobiliai.lt\/wp-content\/uploads\/2025\/08\/Kinija-idiegia-galingiausia-pasaulyje-vejo-turbina.jpg","contentUrl":"http:\/\/eautomobiliai.lt\/wp-content\/uploads\/2025\/08\/Kinija-idiegia-galingiausia-pasaulyje-vejo-turbina.jpg","width":1200,"height":628},{"@type":"BreadcrumbList","@id":"http:\/\/eautomobiliai.lt\/index.php\/2026\/03\/20\/pasaulis-pridejo-rekordiskai-814-gw-vejo-ir-saules-energijos-tai-greitai-keicia-energija\/#breadcrumb","itemListElement":[{"@type":"ListItem","position":1,"name":"Home","item":"https:\/\/eautomobiliai.lt\/"},{"@type":"ListItem","position":2,"name":"Pasaulis prid\u0117jo rekordi\u0161kai 814 GW v\u0117jo ir saul\u0117s energijos \u2013 tai greitai kei\u010dia energij\u0105"}]},{"@type":"WebSite","@id":"https:\/\/eautomobiliai.lt\/#website","url":"https:\/\/eautomobiliai.lt\/","name":"Eautomobiliai.lt","description":"Elektrinis transportas, technologijos","potentialAction":[{"@type":"SearchAction","target":{"@type":"EntryPoint","urlTemplate":"https:\/\/eautomobiliai.lt\/?s={search_term_string}"},"query-input":{"@type":"PropertyValueSpecification","valueRequired":true,"valueName":"search_term_string"}}],"inLanguage":"lt-LT"},{"@type":"Person","@id":"https:\/\/eautomobiliai.lt\/#\/schema\/person\/ecf2a967f361217d056061f74deb92f2","name":"admin","image":{"@type":"ImageObject","inLanguage":"lt-LT","@id":"https:\/\/eautomobiliai.lt\/#\/schema\/person\/image\/","url":"https:\/\/secure.gravatar.com\/avatar\/6323379efae0c70c686c7905444d6bbd?s=96&d=mm&r=g","contentUrl":"https:\/\/secure.gravatar.com\/avatar\/6323379efae0c70c686c7905444d6bbd?s=96&d=mm&r=g","caption":"admin"},"sameAs":["http:\/\/eautomobiliai.lt"],"url":"http:\/\/eautomobiliai.lt\/index.php\/author\/admin\/"}]}},"_links":{"self":[{"href":"http:\/\/eautomobiliai.lt\/index.php\/wp-json\/wp\/v2\/posts\/3785","targetHints":{"allow":["GET"]}}],"collection":[{"href":"http:\/\/eautomobiliai.lt\/index.php\/wp-json\/wp\/v2\/posts"}],"about":[{"href":"http:\/\/eautomobiliai.lt\/index.php\/wp-json\/wp\/v2\/types\/post"}],"author":[{"embeddable":true,"href":"http:\/\/eautomobiliai.lt\/index.php\/wp-json\/wp\/v2\/users\/1"}],"replies":[{"embeddable":true,"href":"http:\/\/eautomobiliai.lt\/index.php\/wp-json\/wp\/v2\/comments?post=3785"}],"version-history":[{"count":0,"href":"http:\/\/eautomobiliai.lt\/index.php\/wp-json\/wp\/v2\/posts\/3785\/revisions"}],"wp:featuredmedia":[{"embeddable":true,"href":"http:\/\/eautomobiliai.lt\/index.php\/wp-json\/wp\/v2\/media\/1963"}],"wp:attachment":[{"href":"http:\/\/eautomobiliai.lt\/index.php\/wp-json\/wp\/v2\/media?parent=3785"}],"wp:term":[{"taxonomy":"category","embeddable":true,"href":"http:\/\/eautomobiliai.lt\/index.php\/wp-json\/wp\/v2\/categories?post=3785"},{"taxonomy":"post_tag","embeddable":true,"href":"http:\/\/eautomobiliai.lt\/index.php\/wp-json\/wp\/v2\/tags?post=3785"}],"curies":[{"name":"wp","href":"https:\/\/api.w.org\/{rel}","templated":true}]}}