{"id":3786,"date":"2026-03-20T11:12:21","date_gmt":"2026-03-20T11:12:21","guid":{"rendered":"https:\/\/eautomobiliai.lt\/index.php\/2026\/03\/20\/bmw-pristato-i3-elektrini-sedana-kurio-atstumas-yra-900-km\/"},"modified":"2026-03-20T11:12:21","modified_gmt":"2026-03-20T11:12:21","slug":"bmw-pristato-i3-elektrini-sedana-kurio-atstumas-yra-900-km","status":"publish","type":"post","link":"http:\/\/eautomobiliai.lt\/index.php\/2026\/03\/20\/bmw-pristato-i3-elektrini-sedana-kurio-atstumas-yra-900-km\/","title":{"rendered":"BMW pristato i3 elektrin\u012f sedan\u0105, kurio atstumas yra 900 km"},"content":{"rendered":"<p> <br \/>\n<\/p>\n<div id=\"\">\n<p><span style=\"font-weight: 400;\">Vokietijos prabangi\u0173 automobili\u0173 gamintoja BWM pristat\u0117 i3 \u2013 savo pirm\u0105j\u012f elektrin\u012f sedan\u0105 su Neue Klasse (Naujos klas\u0117s) platforma, kuris pasigirs did\u017eiuliu 900 km nuotoliu, pralenkdamas naujai paskelbt\u0105 iX3 805 km nuotolio specifikacij\u0105.<\/span><\/p>\n<p><span style=\"font-weight: 400;\">Detal\u0117s buvo pristatytos \u0161i\u0105 savait\u0119 Miunchene, kur \u012fvyko BMW i3 sedano pasaulin\u0117 premjera, taip pat bus miestas, kuriame gamykla gamins \u0161\u012f model\u012f.<\/span><\/p>\n<p><span style=\"font-weight: 400;\">Dviej\u0173 varikli\u0173 BMW i3 50 xDrive bus pirmasis i3 modelio pavadinimas, o jo pristatymas tur\u0117t\u0173 prasid\u0117ti 2027 m. prad\u017eioje, pra\u0117jus ma\u017edaug 6 m\u0117nesiams po to, kai \u0161iais metais m\u016bs\u0173 krantuose nusileis iX3.<\/span><\/p>\n<figure id=\"attachment_194685\" aria-describedby=\"caption-attachment-194685\" style=\"width: 1200px\" class=\"wp-caption aligncenter\"><img loading=\"lazy\" decoding=\"async\" class=\"size-full wp-image-194685\" src=\"https:\/\/thedriven.io\/wp-content\/uploads\/2026\/03\/2026-BMW-i3-Parked.jpg\" alt=\"\" width=\"1200\" height=\"1500\" srcset=\"https:\/\/thedriven.io\/wp-content\/uploads\/2026\/03\/2026-BMW-i3-Parked.jpg 1200w, https:\/\/thedriven.io\/wp-content\/uploads\/2026\/03\/2026-BMW-i3-Parked-320x400.jpg 320w, https:\/\/thedriven.io\/wp-content\/uploads\/2026\/03\/2026-BMW-i3-Parked-1160x1450.jpg 1160w, https:\/\/thedriven.io\/wp-content\/uploads\/2026\/03\/2026-BMW-i3-Parked-800x1000.jpg 800w, https:\/\/thedriven.io\/wp-content\/uploads\/2026\/03\/2026-BMW-i3-Parked-120x150.jpg 120w, https:\/\/thedriven.io\/wp-content\/uploads\/2026\/03\/2026-BMW-i3-Parked-90x113.jpg 90w, https:\/\/thedriven.io\/wp-content\/uploads\/2026\/03\/2026-BMW-i3-Parked-560x700.jpg 560w, https:\/\/thedriven.io\/wp-content\/uploads\/2026\/03\/2026-BMW-i3-Parked-150x188.jpg 150w, https:\/\/thedriven.io\/wp-content\/uploads\/2026\/03\/2026-BMW-i3-Parked-240x300.jpg 240w, https:\/\/thedriven.io\/wp-content\/uploads\/2026\/03\/2026-BMW-i3-Parked-180x225.jpg 180w, https:\/\/thedriven.io\/wp-content\/uploads\/2026\/03\/2026-BMW-i3-Parked-640x800.jpg 640w, https:\/\/thedriven.io\/wp-content\/uploads\/2026\/03\/2026-BMW-i3-Parked-1120x1400.jpg 1120w, https:\/\/thedriven.io\/wp-content\/uploads\/2026\/03\/2026-BMW-i3-Parked-300x375.jpg 300w\" sizes=\"auto, (max-width: 1200px) 100vw, 1200px\"\/><figcaption id=\"caption-attachment-194685\" class=\"wp-caption-text\">Nuotrauka: BMW<\/figcaption><\/figure>\n<p><span style=\"font-weight: 400;\">\u0160is j\u0117gos agregatas i\u0161vysto 345 kW gali\u0105 ir 645 Nm sukimo moment\u0105, tod\u0117l tai yra vienas galingiausi\u0173 kompanijos gaminam\u0173 sedan\u0173.<\/span><\/p>\n<p><span style=\"font-weight: 400;\">Kaip ir naujasis iX3, i3 sedanas gali \u012fkrauti iki 400 kW su tinkamu greituoju \u012fkrovikliu, tod\u0117l vos per 10 minu\u010di\u0173 nuva\u017eiuojama 400 km.<\/span><\/p>\n<p><span style=\"font-weight: 400;\">U\u017e \u0161io \u012fkrovimo grei\u010dio slypi BMW \u0161e\u0161tosios kartos \u201eeDrive\u201c technologija, kuri pereina prie 800 V architekt\u016bros ir cilindrini\u0173 akumuliatoriaus element\u0173. Tai ne tik padeda pasiekti tok\u012f \u012fkrovimo greit\u012f, bet ir sedano galim\u0105 atstum\u0105. <\/span><\/p>\n<p>Nors i3 akumuliatoriaus specifikacijos nebuvo atskleistos, galime tik\u0117tis pana\u0161ios talpos kaip ir iX3, kurios galia siekia 108 kWh.<\/p>\n<p><span style=\"font-weight: 400;\">\u0160i baterija taip pat yra element\u0173 \u012f pakuot\u0119 s\u0105rankos dalis, kuri leid\u017eia pasiekti didel\u012f energijos tank\u012f pakuot\u0117s lygiu ir plok\u0161tesn\u0119 auk\u0161tos \u012ftampos baterij\u0105.<\/span><\/p>\n<p><span style=\"font-weight: 400;\">Kita technologij\u0173 dalis, kuri\u0105 sveikint\u0173 b\u016bsimi i3 savininkai, yra transporto priemon\u0117s pakrovimo (V2L) galimyb\u0117, taip pat transporto priemon\u0117s \u012f namus ir transporto priemon\u0117s \u012f tinkl\u0105. Daugiau informacijos apie \u0161ias galimybes bus paskelbta v\u0117liau.<\/span><\/p>\n<figure id=\"attachment_194686\" aria-describedby=\"caption-attachment-194686\" style=\"width: 1200px\" class=\"wp-caption aligncenter\"><img decoding=\"async\" class=\"size-full wp-image-194686 native-lazyload-js-fallback\" alt=\"\" width=\"1200\" height=\"801\" loading=\"lazy\" src=\"https:\/\/b2232832.smushcdn.com\/2232832\/wp-content\/uploads\/2026\/03\/2026-BMW-i3-Interior.jpg?lossy=1&amp;strip=0&amp;webp=1\" srcset=\"https:\/\/b2232832.smushcdn.com\/2232832\/wp-content\/uploads\/2026\/03\/2026-BMW-i3-Interior.jpg?lossy=1&amp;strip=0&amp;webp=1 1200w, https:\/\/b2232832.smushcdn.com\/2232832\/wp-content\/uploads\/2026\/03\/2026-BMW-i3-Interior-388x259.jpg?lossy=1&amp;strip=0&amp;webp=1 388w, https:\/\/b2232832.smushcdn.com\/2232832\/wp-content\/uploads\/2026\/03\/2026-BMW-i3-Interior-1160x774.jpg?lossy=1&amp;strip=0&amp;webp=1 1160w, https:\/\/b2232832.smushcdn.com\/2232832\/wp-content\/uploads\/2026\/03\/2026-BMW-i3-Interior-800x534.jpg?lossy=1&amp;strip=0&amp;webp=1 800w, https:\/\/b2232832.smushcdn.com\/2232832\/wp-content\/uploads\/2026\/03\/2026-BMW-i3-Interior-120x80.jpg?lossy=1&amp;strip=0&amp;webp=1 120w, https:\/\/b2232832.smushcdn.com\/2232832\/wp-content\/uploads\/2026\/03\/2026-BMW-i3-Interior-90x60.jpg?lossy=1&amp;strip=0&amp;webp=1 90w, https:\/\/b2232832.smushcdn.com\/2232832\/wp-content\/uploads\/2026\/03\/2026-BMW-i3-Interior-320x214.jpg?lossy=1&amp;strip=0&amp;webp=1 320w, https:\/\/b2232832.smushcdn.com\/2232832\/wp-content\/uploads\/2026\/03\/2026-BMW-i3-Interior-560x374.jpg?lossy=1&amp;strip=0&amp;webp=1 560w, https:\/\/b2232832.smushcdn.com\/2232832\/wp-content\/uploads\/2026\/03\/2026-BMW-i3-Interior-150x100.jpg?lossy=1&amp;strip=0&amp;webp=1 150w, https:\/\/b2232832.smushcdn.com\/2232832\/wp-content\/uploads\/2026\/03\/2026-BMW-i3-Interior-240x160.jpg?lossy=1&amp;strip=0&amp;webp=1 240w, https:\/\/b2232832.smushcdn.com\/2232832\/wp-content\/uploads\/2026\/03\/2026-BMW-i3-Interior-180x120.jpg?lossy=1&amp;strip=0&amp;webp=1 180w, https:\/\/b2232832.smushcdn.com\/2232832\/wp-content\/uploads\/2026\/03\/2026-BMW-i3-Interior-640x427.jpg?lossy=1&amp;strip=0&amp;webp=1 640w, https:\/\/b2232832.smushcdn.com\/2232832\/wp-content\/uploads\/2026\/03\/2026-BMW-i3-Interior-1120x748.jpg?lossy=1&amp;strip=0&amp;webp=1 1120w, https:\/\/b2232832.smushcdn.com\/2232832\/wp-content\/uploads\/2026\/03\/2026-BMW-i3-Interior-300x200.jpg?lossy=1&amp;strip=0&amp;webp=1 300w\" data-sizes=\"(max-width: 1200px) 100vw, 1200px\"\/><img loading=\"lazy\" decoding=\"async\" class=\"size-full wp-image-194686\" src=\"https:\/\/thedriven.io\/wp-content\/uploads\/2026\/03\/2026-BMW-i3-Interior.jpg\" alt=\"\" width=\"1200\" height=\"801\" srcset=\"https:\/\/thedriven.io\/wp-content\/uploads\/2026\/03\/2026-BMW-i3-Interior.jpg 1200w, https:\/\/thedriven.io\/wp-content\/uploads\/2026\/03\/2026-BMW-i3-Interior-388x259.jpg 388w, https:\/\/thedriven.io\/wp-content\/uploads\/2026\/03\/2026-BMW-i3-Interior-1160x774.jpg 1160w, https:\/\/thedriven.io\/wp-content\/uploads\/2026\/03\/2026-BMW-i3-Interior-800x534.jpg 800w, https:\/\/thedriven.io\/wp-content\/uploads\/2026\/03\/2026-BMW-i3-Interior-120x80.jpg 120w, https:\/\/thedriven.io\/wp-content\/uploads\/2026\/03\/2026-BMW-i3-Interior-90x60.jpg 90w, https:\/\/thedriven.io\/wp-content\/uploads\/2026\/03\/2026-BMW-i3-Interior-320x214.jpg 320w, https:\/\/thedriven.io\/wp-content\/uploads\/2026\/03\/2026-BMW-i3-Interior-560x374.jpg 560w, https:\/\/thedriven.io\/wp-content\/uploads\/2026\/03\/2026-BMW-i3-Interior-150x100.jpg 150w, https:\/\/thedriven.io\/wp-content\/uploads\/2026\/03\/2026-BMW-i3-Interior-240x160.jpg 240w, https:\/\/thedriven.io\/wp-content\/uploads\/2026\/03\/2026-BMW-i3-Interior-180x120.jpg 180w, https:\/\/thedriven.io\/wp-content\/uploads\/2026\/03\/2026-BMW-i3-Interior-640x427.jpg 640w, https:\/\/thedriven.io\/wp-content\/uploads\/2026\/03\/2026-BMW-i3-Interior-1120x748.jpg 1120w, https:\/\/thedriven.io\/wp-content\/uploads\/2026\/03\/2026-BMW-i3-Interior-300x200.jpg 300w\" sizes=\"auto, (max-width: 1200px) 100vw, 1200px\"\/><figcaption id=\"caption-attachment-194686\" class=\"wp-caption-text\">Nuotrauka: BMW<\/figcaption><\/figure>\n<p><span style=\"font-weight: 400;\">i3 modelyje taip pat yra nauja BMW Panoramic iDrive sistema, kuri tradicin\u0119 iDrive sistem\u0105 pavers gana modernia patirtimi. <\/span><\/p>\n<p><span style=\"font-weight: 400;\">Kaip ir \u201eiX3\u201c, \u201eBMW i3 50 xDrive\u201c yra pirmasis asortimento variantas, tod\u0117l galime tik\u0117tis, kad v\u0117liau bus paskelbta daugiau variant\u0173 su skirtingomis specifikacijomis.<\/span><\/p>\n<p><span style=\"font-weight: 400;\">Daugiau informacijos, \u012fskaitant kainas ir specifikacijas, bus paskelbta v\u0117liau, grei\u010diausiai ar\u010diau 2027 m. prad\u017eios.<\/span><\/p>\n<p><span style=\"font-weight: 400;\">Su vienu \u012fkrovimu nuva\u017eiuojamas 900 km, 400 kW \u012fkrovimo greitis ir \u0161iuolaiki\u0161ka sportinio automobilio i\u0161vaizda ir \u012f technologijas orientuotas interjeras kitais metais gali b\u016bti geriausiai parduodamas Europos sedanas rinkoje.<\/span><\/p>\n<div class=\"saboxplugin-wrap\" itemtype=\"http:\/\/schema.org\/Person\" itemscope=\"\" itemprop=\"author\">\n<div class=\"saboxplugin-tab\">\n<div class=\"saboxplugin-gravatar\"><img decoding=\"async\" width=\"100\" height=\"100\" alt=\"Rizas Akhtaras\" itemprop=\"image\" loading=\"lazy\" class=\"native-lazyload-js-fallback\" src=\"https:\/\/b2232832.smushcdn.com\/2232832\/wp-content\/uploads\/2022\/02\/Riz.jpg?lossy=1&amp;strip=0&amp;webp=1\"\/><img loading=\"lazy\" decoding=\"async\" src=\"https:\/\/thedriven.io\/wp-content\/uploads\/2022\/02\/Riz.jpg\" width=\"100\" height=\"100\" alt=\"Rizas Akhtaras\" itemprop=\"image\"\/><\/div>\n<div class=\"saboxplugin-desc\">\n<div itemprop=\"description\">\n<p>Rizas yra Melburne \u012fsik\u016brusios \u012fmon\u0117s \u201ecarloop\u201c \u012fk\u016br\u0117jas, kurio specializacija yra Australijos EV duomenys, \u012f\u017evalgos ataskaitos ir tendencijos. Jis yra mechanikos in\u017einierius, kuris pirmuosius 7 savo karjeros metus praleido kurdamas transporto infrastrukt\u016br\u0105 prie\u0161 prad\u0117damas \u201ecarloop\u201c. Jis domisi automobiliams, ypa\u010d elektromobiliams, ir nori pad\u0117ti suma\u017einti transporto i\u0161metam\u0173 ter\u0161al\u0173 kiek\u012f Australijoje. \u0160iuo metu jis vairuoja raudon\u0105 \u201eTesla Model 3\u201c.<\/p>\n<\/div>\n<\/div>\n<\/div>\n<\/div>\n<p><!-- AI CONTENT END 1 --><\/p><\/div>\n<p><br \/>\n<br \/><a href=\"https:\/\/thedriven.io\/2026\/03\/20\/bmw-unveils-i3-electric-sedan-with-900-km-of-range\/\">Source link <\/a><\/p>\n","protected":false},"excerpt":{"rendered":"<p>Vokietijos prabangi\u0173 automobili\u0173 gamintoja BWM pristat\u0117 i3 \u2013 savo pirm\u0105j\u012f elektrin\u012f sedan\u0105 su Neue Klasse (Naujos klas\u0117s) platforma, kuris pasigirs&hellip;<\/p>\n","protected":false},"author":1,"featured_media":3787,"comment_status":"open","ping_status":"open","sticky":false,"template":"","format":"standard","meta":{"om_disable_all_campaigns":false,"_monsterinsights_skip_tracking":false,"_monsterinsights_sitenote_active":false,"_monsterinsights_sitenote_note":"","_monsterinsights_sitenote_category":0,"footnotes":""},"categories":[39],"tags":[5214,2797,175,276,1276,1227,49],"class_list":["post-3786","post","type-post","status-publish","format-standard","has-post-thumbnail","hentry","category-eautomobiliu-technine-puse","tag-atstumas","tag-bmw","tag-elektrini","tag-kurio","tag-pristato","tag-sedana","tag-yra"],"aioseo_notices":[],"yoast_head":"<!-- This site is optimized with the Yoast SEO plugin v26.8 - https:\/\/yoast.com\/product\/yoast-seo-wordpress\/ -->\n<title>BMW pristato i3 elektrin\u012f sedan\u0105, kurio atstumas yra 900 km - Eautomobiliai.lt<\/title>\n<meta name=\"robots\" content=\"index, follow, max-snippet:-1, max-image-preview:large, max-video-preview:-1\" \/>\n<link rel=\"canonical\" href=\"http:\/\/eautomobiliai.lt\/index.php\/2026\/03\/20\/bmw-pristato-i3-elektrini-sedana-kurio-atstumas-yra-900-km\/\" \/>\n<meta property=\"og:locale\" content=\"lt_LT\" \/>\n<meta property=\"og:type\" content=\"article\" \/>\n<meta property=\"og:title\" content=\"BMW pristato i3 elektrin\u012f sedan\u0105, kurio atstumas yra 900 km - Eautomobiliai.lt\" \/>\n<meta property=\"og:description\" content=\"Vokietijos prabangi\u0173 automobili\u0173 gamintoja BWM pristat\u0117 i3 \u2013 savo pirm\u0105j\u012f elektrin\u012f sedan\u0105 su Neue Klasse (Naujos klas\u0117s) platforma, kuris pasigirs&hellip;\" \/>\n<meta property=\"og:url\" content=\"http:\/\/eautomobiliai.lt\/index.php\/2026\/03\/20\/bmw-pristato-i3-elektrini-sedana-kurio-atstumas-yra-900-km\/\" \/>\n<meta property=\"og:site_name\" content=\"Eautomobiliai.lt\" \/>\n<meta property=\"article:published_time\" content=\"2026-03-20T11:12:21+00:00\" \/>\n<meta property=\"og:image\" content=\"http:\/\/eautomobiliai.lt\/wp-content\/uploads\/2026\/03\/BMW-pristato-i3-elektrini-sedana-kurio-atstumas-yra-900-km.jpg\" \/>\n\t<meta property=\"og:image:width\" content=\"1200\" \/>\n\t<meta property=\"og:image:height\" content=\"675\" \/>\n\t<meta property=\"og:image:type\" content=\"image\/jpeg\" \/>\n<meta name=\"author\" content=\"admin\" \/>\n<meta name=\"twitter:card\" content=\"summary_large_image\" \/>\n<meta name=\"twitter:label1\" content=\"Written by\" \/>\n\t<meta name=\"twitter:data1\" content=\"admin\" \/>\n\t<meta name=\"twitter:label2\" content=\"Est. reading time\" \/>\n\t<meta name=\"twitter:data2\" content=\"2 minut\u0117s\" \/>\n<script type=\"application\/ld+json\" class=\"yoast-schema-graph\">{\"@context\":\"https:\/\/schema.org\",\"@graph\":[{\"@type\":\"Article\",\"@id\":\"http:\/\/eautomobiliai.lt\/index.php\/2026\/03\/20\/bmw-pristato-i3-elektrini-sedana-kurio-atstumas-yra-900-km\/#article\",\"isPartOf\":{\"@id\":\"http:\/\/eautomobiliai.lt\/index.php\/2026\/03\/20\/bmw-pristato-i3-elektrini-sedana-kurio-atstumas-yra-900-km\/\"},\"author\":{\"name\":\"admin\",\"@id\":\"https:\/\/eautomobiliai.lt\/#\/schema\/person\/ecf2a967f361217d056061f74deb92f2\"},\"headline\":\"BMW pristato i3 elektrin\u012f sedan\u0105, kurio atstumas yra 900 km\",\"datePublished\":\"2026-03-20T11:12:21+00:00\",\"mainEntityOfPage\":{\"@id\":\"http:\/\/eautomobiliai.lt\/index.php\/2026\/03\/20\/bmw-pristato-i3-elektrini-sedana-kurio-atstumas-yra-900-km\/\"},\"wordCount\":424,\"commentCount\":0,\"image\":{\"@id\":\"http:\/\/eautomobiliai.lt\/index.php\/2026\/03\/20\/bmw-pristato-i3-elektrini-sedana-kurio-atstumas-yra-900-km\/#primaryimage\"},\"thumbnailUrl\":\"http:\/\/eautomobiliai.lt\/wp-content\/uploads\/2026\/03\/BMW-pristato-i3-elektrini-sedana-kurio-atstumas-yra-900-km.jpg\",\"keywords\":[\"atstumas\",\"BMW\",\"elektrin\u012f\",\"kurio\",\"pristato\",\"sedan\u0105\",\"yra\"],\"articleSection\":[\"eAUTOMOBILI\u0172 TECHNIN\u0116 PUS\u0116\"],\"inLanguage\":\"lt-LT\",\"potentialAction\":[{\"@type\":\"CommentAction\",\"name\":\"Comment\",\"target\":[\"http:\/\/eautomobiliai.lt\/index.php\/2026\/03\/20\/bmw-pristato-i3-elektrini-sedana-kurio-atstumas-yra-900-km\/#respond\"]}]},{\"@type\":\"WebPage\",\"@id\":\"http:\/\/eautomobiliai.lt\/index.php\/2026\/03\/20\/bmw-pristato-i3-elektrini-sedana-kurio-atstumas-yra-900-km\/\",\"url\":\"http:\/\/eautomobiliai.lt\/index.php\/2026\/03\/20\/bmw-pristato-i3-elektrini-sedana-kurio-atstumas-yra-900-km\/\",\"name\":\"BMW pristato i3 elektrin\u012f sedan\u0105, kurio atstumas yra 900 km - Eautomobiliai.lt\",\"isPartOf\":{\"@id\":\"https:\/\/eautomobiliai.lt\/#website\"},\"primaryImageOfPage\":{\"@id\":\"http:\/\/eautomobiliai.lt\/index.php\/2026\/03\/20\/bmw-pristato-i3-elektrini-sedana-kurio-atstumas-yra-900-km\/#primaryimage\"},\"image\":{\"@id\":\"http:\/\/eautomobiliai.lt\/index.php\/2026\/03\/20\/bmw-pristato-i3-elektrini-sedana-kurio-atstumas-yra-900-km\/#primaryimage\"},\"thumbnailUrl\":\"http:\/\/eautomobiliai.lt\/wp-content\/uploads\/2026\/03\/BMW-pristato-i3-elektrini-sedana-kurio-atstumas-yra-900-km.jpg\",\"datePublished\":\"2026-03-20T11:12:21+00:00\",\"author\":{\"@id\":\"https:\/\/eautomobiliai.lt\/#\/schema\/person\/ecf2a967f361217d056061f74deb92f2\"},\"breadcrumb\":{\"@id\":\"http:\/\/eautomobiliai.lt\/index.php\/2026\/03\/20\/bmw-pristato-i3-elektrini-sedana-kurio-atstumas-yra-900-km\/#breadcrumb\"},\"inLanguage\":\"lt-LT\",\"potentialAction\":[{\"@type\":\"ReadAction\",\"target\":[\"http:\/\/eautomobiliai.lt\/index.php\/2026\/03\/20\/bmw-pristato-i3-elektrini-sedana-kurio-atstumas-yra-900-km\/\"]}]},{\"@type\":\"ImageObject\",\"inLanguage\":\"lt-LT\",\"@id\":\"http:\/\/eautomobiliai.lt\/index.php\/2026\/03\/20\/bmw-pristato-i3-elektrini-sedana-kurio-atstumas-yra-900-km\/#primaryimage\",\"url\":\"http:\/\/eautomobiliai.lt\/wp-content\/uploads\/2026\/03\/BMW-pristato-i3-elektrini-sedana-kurio-atstumas-yra-900-km.jpg\",\"contentUrl\":\"http:\/\/eautomobiliai.lt\/wp-content\/uploads\/2026\/03\/BMW-pristato-i3-elektrini-sedana-kurio-atstumas-yra-900-km.jpg\",\"width\":1200,\"height\":675},{\"@type\":\"BreadcrumbList\",\"@id\":\"http:\/\/eautomobiliai.lt\/index.php\/2026\/03\/20\/bmw-pristato-i3-elektrini-sedana-kurio-atstumas-yra-900-km\/#breadcrumb\",\"itemListElement\":[{\"@type\":\"ListItem\",\"position\":1,\"name\":\"Home\",\"item\":\"https:\/\/eautomobiliai.lt\/\"},{\"@type\":\"ListItem\",\"position\":2,\"name\":\"BMW pristato i3 elektrin\u012f sedan\u0105, kurio atstumas yra 900 km\"}]},{\"@type\":\"WebSite\",\"@id\":\"https:\/\/eautomobiliai.lt\/#website\",\"url\":\"https:\/\/eautomobiliai.lt\/\",\"name\":\"Eautomobiliai.lt\",\"description\":\"Elektrinis transportas, technologijos\",\"potentialAction\":[{\"@type\":\"SearchAction\",\"target\":{\"@type\":\"EntryPoint\",\"urlTemplate\":\"https:\/\/eautomobiliai.lt\/?s={search_term_string}\"},\"query-input\":{\"@type\":\"PropertyValueSpecification\",\"valueRequired\":true,\"valueName\":\"search_term_string\"}}],\"inLanguage\":\"lt-LT\"},{\"@type\":\"Person\",\"@id\":\"https:\/\/eautomobiliai.lt\/#\/schema\/person\/ecf2a967f361217d056061f74deb92f2\",\"name\":\"admin\",\"image\":{\"@type\":\"ImageObject\",\"inLanguage\":\"lt-LT\",\"@id\":\"https:\/\/eautomobiliai.lt\/#\/schema\/person\/image\/\",\"url\":\"https:\/\/secure.gravatar.com\/avatar\/6323379efae0c70c686c7905444d6bbd?s=96&d=mm&r=g\",\"contentUrl\":\"https:\/\/secure.gravatar.com\/avatar\/6323379efae0c70c686c7905444d6bbd?s=96&d=mm&r=g\",\"caption\":\"admin\"},\"sameAs\":[\"http:\/\/eautomobiliai.lt\"],\"url\":\"http:\/\/eautomobiliai.lt\/index.php\/author\/admin\/\"}]}<\/script>\n<!-- \/ Yoast SEO plugin. -->","yoast_head_json":{"title":"BMW pristato i3 elektrin\u012f sedan\u0105, kurio atstumas yra 900 km - Eautomobiliai.lt","robots":{"index":"index","follow":"follow","max-snippet":"max-snippet:-1","max-image-preview":"max-image-preview:large","max-video-preview":"max-video-preview:-1"},"canonical":"http:\/\/eautomobiliai.lt\/index.php\/2026\/03\/20\/bmw-pristato-i3-elektrini-sedana-kurio-atstumas-yra-900-km\/","og_locale":"lt_LT","og_type":"article","og_title":"BMW pristato i3 elektrin\u012f sedan\u0105, kurio atstumas yra 900 km - Eautomobiliai.lt","og_description":"Vokietijos prabangi\u0173 automobili\u0173 gamintoja BWM pristat\u0117 i3 \u2013 savo pirm\u0105j\u012f elektrin\u012f sedan\u0105 su Neue Klasse (Naujos klas\u0117s) platforma, kuris pasigirs&hellip;","og_url":"http:\/\/eautomobiliai.lt\/index.php\/2026\/03\/20\/bmw-pristato-i3-elektrini-sedana-kurio-atstumas-yra-900-km\/","og_site_name":"Eautomobiliai.lt","article_published_time":"2026-03-20T11:12:21+00:00","og_image":[{"width":1200,"height":675,"url":"http:\/\/eautomobiliai.lt\/wp-content\/uploads\/2026\/03\/BMW-pristato-i3-elektrini-sedana-kurio-atstumas-yra-900-km.jpg","type":"image\/jpeg"}],"author":"admin","twitter_card":"summary_large_image","twitter_misc":{"Written by":"admin","Est. reading time":"2 minut\u0117s"},"schema":{"@context":"https:\/\/schema.org","@graph":[{"@type":"Article","@id":"http:\/\/eautomobiliai.lt\/index.php\/2026\/03\/20\/bmw-pristato-i3-elektrini-sedana-kurio-atstumas-yra-900-km\/#article","isPartOf":{"@id":"http:\/\/eautomobiliai.lt\/index.php\/2026\/03\/20\/bmw-pristato-i3-elektrini-sedana-kurio-atstumas-yra-900-km\/"},"author":{"name":"admin","@id":"https:\/\/eautomobiliai.lt\/#\/schema\/person\/ecf2a967f361217d056061f74deb92f2"},"headline":"BMW pristato i3 elektrin\u012f sedan\u0105, kurio atstumas yra 900 km","datePublished":"2026-03-20T11:12:21+00:00","mainEntityOfPage":{"@id":"http:\/\/eautomobiliai.lt\/index.php\/2026\/03\/20\/bmw-pristato-i3-elektrini-sedana-kurio-atstumas-yra-900-km\/"},"wordCount":424,"commentCount":0,"image":{"@id":"http:\/\/eautomobiliai.lt\/index.php\/2026\/03\/20\/bmw-pristato-i3-elektrini-sedana-kurio-atstumas-yra-900-km\/#primaryimage"},"thumbnailUrl":"http:\/\/eautomobiliai.lt\/wp-content\/uploads\/2026\/03\/BMW-pristato-i3-elektrini-sedana-kurio-atstumas-yra-900-km.jpg","keywords":["atstumas","BMW","elektrin\u012f","kurio","pristato","sedan\u0105","yra"],"articleSection":["eAUTOMOBILI\u0172 TECHNIN\u0116 PUS\u0116"],"inLanguage":"lt-LT","potentialAction":[{"@type":"CommentAction","name":"Comment","target":["http:\/\/eautomobiliai.lt\/index.php\/2026\/03\/20\/bmw-pristato-i3-elektrini-sedana-kurio-atstumas-yra-900-km\/#respond"]}]},{"@type":"WebPage","@id":"http:\/\/eautomobiliai.lt\/index.php\/2026\/03\/20\/bmw-pristato-i3-elektrini-sedana-kurio-atstumas-yra-900-km\/","url":"http:\/\/eautomobiliai.lt\/index.php\/2026\/03\/20\/bmw-pristato-i3-elektrini-sedana-kurio-atstumas-yra-900-km\/","name":"BMW pristato i3 elektrin\u012f sedan\u0105, kurio atstumas yra 900 km - Eautomobiliai.lt","isPartOf":{"@id":"https:\/\/eautomobiliai.lt\/#website"},"primaryImageOfPage":{"@id":"http:\/\/eautomobiliai.lt\/index.php\/2026\/03\/20\/bmw-pristato-i3-elektrini-sedana-kurio-atstumas-yra-900-km\/#primaryimage"},"image":{"@id":"http:\/\/eautomobiliai.lt\/index.php\/2026\/03\/20\/bmw-pristato-i3-elektrini-sedana-kurio-atstumas-yra-900-km\/#primaryimage"},"thumbnailUrl":"http:\/\/eautomobiliai.lt\/wp-content\/uploads\/2026\/03\/BMW-pristato-i3-elektrini-sedana-kurio-atstumas-yra-900-km.jpg","datePublished":"2026-03-20T11:12:21+00:00","author":{"@id":"https:\/\/eautomobiliai.lt\/#\/schema\/person\/ecf2a967f361217d056061f74deb92f2"},"breadcrumb":{"@id":"http:\/\/eautomobiliai.lt\/index.php\/2026\/03\/20\/bmw-pristato-i3-elektrini-sedana-kurio-atstumas-yra-900-km\/#breadcrumb"},"inLanguage":"lt-LT","potentialAction":[{"@type":"ReadAction","target":["http:\/\/eautomobiliai.lt\/index.php\/2026\/03\/20\/bmw-pristato-i3-elektrini-sedana-kurio-atstumas-yra-900-km\/"]}]},{"@type":"ImageObject","inLanguage":"lt-LT","@id":"http:\/\/eautomobiliai.lt\/index.php\/2026\/03\/20\/bmw-pristato-i3-elektrini-sedana-kurio-atstumas-yra-900-km\/#primaryimage","url":"http:\/\/eautomobiliai.lt\/wp-content\/uploads\/2026\/03\/BMW-pristato-i3-elektrini-sedana-kurio-atstumas-yra-900-km.jpg","contentUrl":"http:\/\/eautomobiliai.lt\/wp-content\/uploads\/2026\/03\/BMW-pristato-i3-elektrini-sedana-kurio-atstumas-yra-900-km.jpg","width":1200,"height":675},{"@type":"BreadcrumbList","@id":"http:\/\/eautomobiliai.lt\/index.php\/2026\/03\/20\/bmw-pristato-i3-elektrini-sedana-kurio-atstumas-yra-900-km\/#breadcrumb","itemListElement":[{"@type":"ListItem","position":1,"name":"Home","item":"https:\/\/eautomobiliai.lt\/"},{"@type":"ListItem","position":2,"name":"BMW pristato i3 elektrin\u012f sedan\u0105, kurio atstumas yra 900 km"}]},{"@type":"WebSite","@id":"https:\/\/eautomobiliai.lt\/#website","url":"https:\/\/eautomobiliai.lt\/","name":"Eautomobiliai.lt","description":"Elektrinis transportas, technologijos","potentialAction":[{"@type":"SearchAction","target":{"@type":"EntryPoint","urlTemplate":"https:\/\/eautomobiliai.lt\/?s={search_term_string}"},"query-input":{"@type":"PropertyValueSpecification","valueRequired":true,"valueName":"search_term_string"}}],"inLanguage":"lt-LT"},{"@type":"Person","@id":"https:\/\/eautomobiliai.lt\/#\/schema\/person\/ecf2a967f361217d056061f74deb92f2","name":"admin","image":{"@type":"ImageObject","inLanguage":"lt-LT","@id":"https:\/\/eautomobiliai.lt\/#\/schema\/person\/image\/","url":"https:\/\/secure.gravatar.com\/avatar\/6323379efae0c70c686c7905444d6bbd?s=96&d=mm&r=g","contentUrl":"https:\/\/secure.gravatar.com\/avatar\/6323379efae0c70c686c7905444d6bbd?s=96&d=mm&r=g","caption":"admin"},"sameAs":["http:\/\/eautomobiliai.lt"],"url":"http:\/\/eautomobiliai.lt\/index.php\/author\/admin\/"}]}},"_links":{"self":[{"href":"http:\/\/eautomobiliai.lt\/index.php\/wp-json\/wp\/v2\/posts\/3786","targetHints":{"allow":["GET"]}}],"collection":[{"href":"http:\/\/eautomobiliai.lt\/index.php\/wp-json\/wp\/v2\/posts"}],"about":[{"href":"http:\/\/eautomobiliai.lt\/index.php\/wp-json\/wp\/v2\/types\/post"}],"author":[{"embeddable":true,"href":"http:\/\/eautomobiliai.lt\/index.php\/wp-json\/wp\/v2\/users\/1"}],"replies":[{"embeddable":true,"href":"http:\/\/eautomobiliai.lt\/index.php\/wp-json\/wp\/v2\/comments?post=3786"}],"version-history":[{"count":0,"href":"http:\/\/eautomobiliai.lt\/index.php\/wp-json\/wp\/v2\/posts\/3786\/revisions"}],"wp:featuredmedia":[{"embeddable":true,"href":"http:\/\/eautomobiliai.lt\/index.php\/wp-json\/wp\/v2\/media\/3787"}],"wp:attachment":[{"href":"http:\/\/eautomobiliai.lt\/index.php\/wp-json\/wp\/v2\/media?parent=3786"}],"wp:term":[{"taxonomy":"category","embeddable":true,"href":"http:\/\/eautomobiliai.lt\/index.php\/wp-json\/wp\/v2\/categories?post=3786"},{"taxonomy":"post_tag","embeddable":true,"href":"http:\/\/eautomobiliai.lt\/index.php\/wp-json\/wp\/v2\/tags?post=3786"}],"curies":[{"name":"wp","href":"https:\/\/api.w.org\/{rel}","templated":true}]}}