{"id":380,"date":"2025-04-05T15:46:43","date_gmt":"2025-04-05T15:46:43","guid":{"rendered":"https:\/\/eautomobiliai.lt\/index.php\/2025\/04\/05\/1930-uju-pamaina-kaip-iskastinio-kuro-naujoves-pralenke-elektromobilius-lenktynese-del-populiarumo\/"},"modified":"2025-04-05T15:46:43","modified_gmt":"2025-04-05T15:46:43","slug":"1930-uju-pamaina-kaip-iskastinio-kuro-naujoves-pralenke-elektromobilius-lenktynese-del-populiarumo","status":"publish","type":"post","link":"http:\/\/eautomobiliai.lt\/index.php\/2025\/04\/05\/1930-uju-pamaina-kaip-iskastinio-kuro-naujoves-pralenke-elektromobilius-lenktynese-del-populiarumo\/","title":{"rendered":"1930 -\u0173j\u0173 pamaina: kaip i\u0161kastinio kuro naujov\u0117s pralenk\u0117 elektromobilius lenktyn\u0117se d\u0117l populiarumo"},"content":{"rendered":"<p> <br \/>\n<\/p>\n<div id=\"\">\n<div id=\"ez-toc-container\" class=\"ez-toc-v2_0_82_2 counter-hierarchy ez-toc-counter ez-toc-grey ez-toc-container-direction\">\n<div class=\"ez-toc-title-container\">\n<p class=\"ez-toc-title\" style=\"cursor:inherit\">Turinys:<\/p>\n<span class=\"ez-toc-title-toggle\"><a href=\"#\" class=\"ez-toc-pull-right ez-toc-btn ez-toc-btn-xs ez-toc-btn-default ez-toc-toggle\" aria-label=\"Toggle Table of Content\"><span class=\"ez-toc-js-icon-con\"><span class=\"\"><span class=\"eztoc-hide\" style=\"display:none;\">Toggle<\/span><span class=\"ez-toc-icon-toggle-span\"><svg style=\"fill: #999;color:#999\" xmlns=\"http:\/\/www.w3.org\/2000\/svg\" class=\"list-377408\" width=\"20px\" height=\"20px\" viewBox=\"0 0 24 24\" fill=\"none\"><path d=\"M6 6H4v2h2V6zm14 0H8v2h12V6zM4 11h2v2H4v-2zm16 0H8v2h12v-2zM4 16h2v2H4v-2zm16 0H8v2h12v-2z\" fill=\"currentColor\"><\/path><\/svg><svg style=\"fill: #999;color:#999\" class=\"arrow-unsorted-368013\" xmlns=\"http:\/\/www.w3.org\/2000\/svg\" width=\"10px\" height=\"10px\" viewBox=\"0 0 24 24\" version=\"1.2\" baseProfile=\"tiny\"><path d=\"M18.2 9.3l-6.2-6.3-6.2 6.3c-.2.2-.3.4-.3.7s.1.5.3.7c.2.2.4.3.7.3h11c.3 0 .5-.1.7-.3.2-.2.3-.5.3-.7s-.1-.5-.3-.7zM5.8 14.7l6.2 6.3 6.2-6.3c.2-.2.3-.5.3-.7s-.1-.5-.3-.7c-.2-.2-.4-.3-.7-.3h-11c-.3 0-.5.1-.7.3-.2.2-.3.5-.3.7s.1.5.3.7z\"\/><\/svg><\/span><\/span><\/span><\/a><\/span><\/div>\n<nav><ul class='ez-toc-list ez-toc-list-level-1 ' ><li class='ez-toc-page-1 ez-toc-heading-level-3'><a class=\"ez-toc-link ez-toc-heading-1\" href=\"http:\/\/eautomobiliai.lt\/index.php\/2025\/04\/05\/1930-uju-pamaina-kaip-iskastinio-kuro-naujoves-pralenke-elektromobilius-lenktynese-del-populiarumo\/#1930_-uju_pamaina_kaip_degalu_proverziai_iveike_elektromobilius\" >1930 -\u0173j\u0173 pamaina: kaip degal\u0173 prover\u017eiai \u012fveik\u0117 elektromobilius<\/a><ul class='ez-toc-list-level-4' ><li class='ez-toc-heading-level-4'><a class=\"ez-toc-link ez-toc-heading-2\" href=\"http:\/\/eautomobiliai.lt\/index.php\/2025\/04\/05\/1930-uju-pamaina-kaip-iskastinio-kuro-naujoves-pralenke-elektromobilius-lenktynese-del-populiarumo\/#Elektriniu_transporto_priemoniu_kilimas_ir_kritimas\" >Elektrini\u0173 transporto priemoni\u0173 kilimas ir kritimas<\/a><\/li><li class='ez-toc-page-1 ez-toc-heading-level-4'><a class=\"ez-toc-link ez-toc-heading-3\" href=\"http:\/\/eautomobiliai.lt\/index.php\/2025\/04\/05\/1930-uju-pamaina-kaip-iskastinio-kuro-naujoves-pralenke-elektromobilius-lenktynese-del-populiarumo\/#Variklio_atnaujinimai_ir_perjungimo_rinkos\" >Variklio atnaujinimai ir perjungimo rinkos<\/a><\/li><li class='ez-toc-page-1 ez-toc-heading-level-4'><a class=\"ez-toc-link ez-toc-heading-4\" href=\"http:\/\/eautomobiliai.lt\/index.php\/2025\/04\/05\/1930-uju-pamaina-kaip-iskastinio-kuro-naujoves-pralenke-elektromobilius-lenktynese-del-populiarumo\/#Visuomene_ir_automobilio_keitimas\" >Visuomen\u0117 ir automobilio keitimas<\/a><\/li><li class='ez-toc-page-1 ez-toc-heading-level-4'><a class=\"ez-toc-link ez-toc-heading-5\" href=\"http:\/\/eautomobiliai.lt\/index.php\/2025\/04\/05\/1930-uju-pamaina-kaip-iskastinio-kuro-naujoves-pralenke-elektromobilius-lenktynese-del-populiarumo\/#Isvada_istvermingas_pokyciu_palikimas\" >I\u0161vada: i\u0161tvermingas poky\u010di\u0173 palikimas<\/a><\/li><\/ul><\/li><\/ul><\/nav><\/div>\n<h3><span class=\"ez-toc-section\" id=\"1930_-uju_pamaina_kaip_degalu_proverziai_iveike_elektromobilius\"><\/span>1930 -\u0173j\u0173 pamaina: kaip degal\u0173 prover\u017eiai \u012fveik\u0117 elektromobilius<span class=\"ez-toc-section-end\"><\/span><\/h3>\n<p>Transportas greitai augo 1900 -\u0173j\u0173 prad\u017eioje. Poky\u010diai atsirado i\u0161 nauj\u0173 id\u0117j\u0173. Automobiliai sunkiai var\u017e\u0117si. \u017dmon\u0117s pasirinko tai, kas jaut\u0117si geriausiai.<\/p>\n<h4><span class=\"ez-toc-section\" id=\"Elektriniu_transporto_priemoniu_kilimas_ir_kritimas\"><\/span>Elektrini\u0173 transporto priemoni\u0173 kilimas ir kritimas<span class=\"ez-toc-section-end\"><\/span><\/h4>\n<p>Elektriniai automobiliai prasid\u0117jo seniai. 1837 m. Vyras pastat\u0117 vien\u0105. Iki 1800 -\u0173j\u0173 pabaigos va\u017eiavo daugyb\u0117 elektromobili\u0173. Miesto gatv\u0117s pamat\u0117, kad jie tek\u0117jo. Jie va\u017eiavo \u0161varais ir tyl\u0117jo. Kai kuriems vairuotojams jiems labiausiai patiko.<\/p>\n<p>Iki 1920 -\u0173j\u0173 degal\u0173 automobiliai jud\u0117jo \u012f priek\u012f. Nauji degal\u0173 metodai suteik\u0117 daugiau galios. Duj\u0173 varikliai sustipr\u0117jo. \u201eFord Model T\u201c pateko \u012f gatves. Tai suma\u017eino i\u0161laidas ir \u012frod\u0117 kiekvien\u0105 myli\u0105. Gamyklos greitai gamino \u0161iuos automobilius. Dujiniai automobiliai netrukus tapo \u012fprasti.<\/p>\n<p>Nedaug degal\u0173 lizd\u0173 rei\u0161k\u0117 ma\u017e\u0105 stotel\u0119. Duj\u0173 stotys neatsiliko nuo tempo. \u012ekrovimo vietas liko nedaug. Greitas degal\u0173 u\u017epildymas rei\u0161k\u0117 ma\u017eiau vairuotoj\u0173 laukim\u0105.<\/p>\n<p>Sunkiojo 1930 -\u0173j\u0173 laikai sutrumpino i\u0161laidas. Automobili\u0173 gamintojai spaud\u0117 d\u0117l ma\u017e\u0173 i\u0161laid\u0173. Dujiniai automobiliai laik\u0117 savo sulaikym\u0105. Elektriniai automobiliai atsiliko nuo i\u0161laid\u0173 ir naudojimo.<\/p>\n<h4><span class=\"ez-toc-section\" id=\"Variklio_atnaujinimai_ir_perjungimo_rinkos\"><\/span>Variklio atnaujinimai ir perjungimo rinkos<span class=\"ez-toc-section-end\"><\/span><\/h4>\n<p>Degal\u0173 darbai padid\u0117j\u0119s variklis gali. Rafinavimo kuras suteik\u0117 daugiau duj\u0173 u\u017e ma\u017eiau gryn\u0173j\u0173. \u201eFord Model T\u201c i\u0161plito pla\u010diai. Gamyklos sp\u0117jo naujus modelius. Keli\u0173 u\u017epildai tapo lengvai. Duj\u0173 automobiliai susitiko greitai. Elektriniai modeliai tur\u0117jo nedidelius vaidmenis parduotuv\u0117se ir tranzite.<\/p>\n<p><\/p>\n<h4><span class=\"ez-toc-section\" id=\"Visuomene_ir_automobilio_keitimas\"><\/span>Visuomen\u0117 ir automobilio keitimas<span class=\"ez-toc-section-end\"><\/span><\/h4>\n<p>\u017dmon\u0117s grei\u010diui ir lengvumui pasirinko degal\u0173 automobilius. Keliai, u\u017epildyti naujomis transporto priemon\u0117mis. Miestai augo aplink judrias gatves. Eismas ir smogas netrukus neramino miest\u0173. \u0160ie darbai i\u0161 degal\u0173 automobili\u0173 suk\u0117l\u0117 naftos kaklarai\u0161\u010dius. Naftos poreikio formos sandoriai yra toli ir pla\u010diai.<\/p>\n<h4><span class=\"ez-toc-section\" id=\"Isvada_istvermingas_pokyciu_palikimas\"><\/span>I\u0161vada: i\u0161tvermingas poky\u010di\u0173 palikimas<span class=\"ez-toc-section-end\"><\/span><\/h4>\n<p>Iki v\u0117lesnio 1930 -\u0173j\u0173 elektromobiliai patiek\u0117 ma\u017eesnes grupes. Autobusai ir sunkve\u017eimiai u\u017elipo. Kelias vald\u0117 degal\u0173 automobilius. Ta\u010diau elektromobili\u0173 istorija nesustojo. Nauja \u201e\u017dem\u0117s\u201c prie\u017ei\u016bra ir \u201eFresh Tech\u201c sugr\u0105\u017eina juos. Tuo metu pamokos moko mus apie poky\u010dius. Pasirinkimai dirbant automobilyje. Formuokite m\u016bs\u0173 gatves.<\/p>\n<p>\u2014\u2014\u2014\u2014\u2014\u2014\u2014\u2014\u2014\u2014\u2014\u2014\u2014\u2014\u2014\u2014\u2014\u2014\u2014\u2014\u2014\u2014\u2014<br \/>\u201eVoltsandVolts.com\u201c yra tinklara\u0161tis, skirtas elektrin\u0117ms transporto priemon\u0117ms (EV). M\u016bs\u0173 tinklara\u0161tyje pateikiami straipsniai apie EV ap\u017evalgas, istorijas, patarimus, triukus, \u012fkrovimo infrastrukt\u016br\u0105 ir akumuliatori\u0173 technologijas. Prisijunkite prie pokalbio ir tapkite \u201eVoltsandVolts.com\u201c bendruomen\u0117s dalimi \u0161iandien!<\/p>\n<\/div>\n<p><br \/>\n<br \/><a href=\"https:\/\/voltsandvolts.com\/1930s-electric-cars-lose-favor-due-to-fossil-fuel-advancements\/\">Source link <\/a><\/p>\n","protected":false},"excerpt":{"rendered":"<p>1930 -\u0173j\u0173 pamaina: kaip degal\u0173 prover\u017eiai \u012fveik\u0117 elektromobilius Transportas greitai augo 1900 -\u0173j\u0173 prad\u017eioje. Poky\u010diai atsirado i\u0161 nauj\u0173 id\u0117j\u0173. Automobiliai&hellip;<\/p>\n","protected":false},"author":1,"featured_media":381,"comment_status":"open","ping_status":"open","sticky":false,"template":"","format":"standard","meta":{"om_disable_all_campaigns":false,"_monsterinsights_skip_tracking":false,"_monsterinsights_sitenote_active":false,"_monsterinsights_sitenote_note":"","_monsterinsights_sitenote_category":0,"footnotes":""},"categories":[39],"tags":[817,992,989,42,990,993,494,988,994,991,987],"class_list":["post-380","post","type-post","status-publish","format-standard","has-post-thumbnail","hentry","category-eautomobiliu-technine-puse","tag-del","tag-elektromobilius","tag-iskastinio","tag-kaip","tag-kuro","tag-lenktynese","tag-naujoves","tag-pamaina","tag-populiarumo","tag-pralenke","tag-uju"],"aioseo_notices":[],"yoast_head":"<!-- This site is optimized with the Yoast SEO plugin v26.8 - https:\/\/yoast.com\/product\/yoast-seo-wordpress\/ -->\n<title>1930 -\u0173j\u0173 pamaina: kaip i\u0161kastinio kuro naujov\u0117s pralenk\u0117 elektromobilius lenktyn\u0117se d\u0117l populiarumo - Eautomobiliai.lt<\/title>\n<meta name=\"robots\" content=\"index, follow, max-snippet:-1, max-image-preview:large, max-video-preview:-1\" \/>\n<link rel=\"canonical\" href=\"http:\/\/eautomobiliai.lt\/index.php\/2025\/04\/05\/1930-uju-pamaina-kaip-iskastinio-kuro-naujoves-pralenke-elektromobilius-lenktynese-del-populiarumo\/\" \/>\n<meta property=\"og:locale\" content=\"lt_LT\" \/>\n<meta property=\"og:type\" content=\"article\" \/>\n<meta property=\"og:title\" content=\"1930 -\u0173j\u0173 pamaina: kaip i\u0161kastinio kuro naujov\u0117s pralenk\u0117 elektromobilius lenktyn\u0117se d\u0117l populiarumo - Eautomobiliai.lt\" \/>\n<meta property=\"og:description\" content=\"1930 -\u0173j\u0173 pamaina: kaip degal\u0173 prover\u017eiai \u012fveik\u0117 elektromobilius Transportas greitai augo 1900 -\u0173j\u0173 prad\u017eioje. Poky\u010diai atsirado i\u0161 nauj\u0173 id\u0117j\u0173. Automobiliai&hellip;\" \/>\n<meta property=\"og:url\" content=\"http:\/\/eautomobiliai.lt\/index.php\/2025\/04\/05\/1930-uju-pamaina-kaip-iskastinio-kuro-naujoves-pralenke-elektromobilius-lenktynese-del-populiarumo\/\" \/>\n<meta property=\"og:site_name\" content=\"Eautomobiliai.lt\" \/>\n<meta property=\"article:published_time\" content=\"2025-04-05T15:46:43+00:00\" \/>\n<meta property=\"og:image\" content=\"http:\/\/eautomobiliai.lt\/wp-content\/uploads\/2025\/04\/1930-uju-pamaina-kaip-iskastinio-kuro-naujoves-pralenke-elektromobilius-lenktynese.jpg\" \/>\n\t<meta property=\"og:image:width\" content=\"1344\" \/>\n\t<meta property=\"og:image:height\" content=\"768\" \/>\n\t<meta property=\"og:image:type\" content=\"image\/jpeg\" \/>\n<meta name=\"author\" content=\"admin\" \/>\n<meta name=\"twitter:card\" content=\"summary_large_image\" \/>\n<meta name=\"twitter:label1\" content=\"Written by\" \/>\n\t<meta name=\"twitter:data1\" content=\"admin\" \/>\n\t<meta name=\"twitter:label2\" content=\"Est. reading time\" \/>\n\t<meta name=\"twitter:data2\" content=\"2 minut\u0117s\" \/>\n<script type=\"application\/ld+json\" class=\"yoast-schema-graph\">{\"@context\":\"https:\/\/schema.org\",\"@graph\":[{\"@type\":\"Article\",\"@id\":\"http:\/\/eautomobiliai.lt\/index.php\/2025\/04\/05\/1930-uju-pamaina-kaip-iskastinio-kuro-naujoves-pralenke-elektromobilius-lenktynese-del-populiarumo\/#article\",\"isPartOf\":{\"@id\":\"http:\/\/eautomobiliai.lt\/index.php\/2025\/04\/05\/1930-uju-pamaina-kaip-iskastinio-kuro-naujoves-pralenke-elektromobilius-lenktynese-del-populiarumo\/\"},\"author\":{\"name\":\"admin\",\"@id\":\"http:\/\/eautomobiliai.lt\/#\/schema\/person\/ecf2a967f361217d056061f74deb92f2\"},\"headline\":\"1930 -\u0173j\u0173 pamaina: kaip i\u0161kastinio kuro naujov\u0117s pralenk\u0117 elektromobilius lenktyn\u0117se d\u0117l populiarumo\",\"datePublished\":\"2025-04-05T15:46:43+00:00\",\"mainEntityOfPage\":{\"@id\":\"http:\/\/eautomobiliai.lt\/index.php\/2025\/04\/05\/1930-uju-pamaina-kaip-iskastinio-kuro-naujoves-pralenke-elektromobilius-lenktynese-del-populiarumo\/\"},\"wordCount\":399,\"commentCount\":0,\"image\":{\"@id\":\"http:\/\/eautomobiliai.lt\/index.php\/2025\/04\/05\/1930-uju-pamaina-kaip-iskastinio-kuro-naujoves-pralenke-elektromobilius-lenktynese-del-populiarumo\/#primaryimage\"},\"thumbnailUrl\":\"http:\/\/eautomobiliai.lt\/wp-content\/uploads\/2025\/04\/1930-uju-pamaina-kaip-iskastinio-kuro-naujoves-pralenke-elektromobilius-lenktynese.jpg\",\"keywords\":[\"d\u0117l\",\"elektromobilius\",\"i\u0161kastinio\",\"kaip\",\"kuro\",\"lenktyn\u0117se\",\"Naujov\u0117s\",\"pamaina\",\"populiarumo\",\"pralenk\u0117\",\"\u0173j\u0173\"],\"articleSection\":[\"eAUTOMOBILI\u0172 TECHNIN\u0116 PUS\u0116\"],\"inLanguage\":\"lt-LT\",\"potentialAction\":[{\"@type\":\"CommentAction\",\"name\":\"Comment\",\"target\":[\"http:\/\/eautomobiliai.lt\/index.php\/2025\/04\/05\/1930-uju-pamaina-kaip-iskastinio-kuro-naujoves-pralenke-elektromobilius-lenktynese-del-populiarumo\/#respond\"]}]},{\"@type\":\"WebPage\",\"@id\":\"http:\/\/eautomobiliai.lt\/index.php\/2025\/04\/05\/1930-uju-pamaina-kaip-iskastinio-kuro-naujoves-pralenke-elektromobilius-lenktynese-del-populiarumo\/\",\"url\":\"http:\/\/eautomobiliai.lt\/index.php\/2025\/04\/05\/1930-uju-pamaina-kaip-iskastinio-kuro-naujoves-pralenke-elektromobilius-lenktynese-del-populiarumo\/\",\"name\":\"1930 -\u0173j\u0173 pamaina: kaip i\u0161kastinio kuro naujov\u0117s pralenk\u0117 elektromobilius lenktyn\u0117se d\u0117l populiarumo - Eautomobiliai.lt\",\"isPartOf\":{\"@id\":\"http:\/\/eautomobiliai.lt\/#website\"},\"primaryImageOfPage\":{\"@id\":\"http:\/\/eautomobiliai.lt\/index.php\/2025\/04\/05\/1930-uju-pamaina-kaip-iskastinio-kuro-naujoves-pralenke-elektromobilius-lenktynese-del-populiarumo\/#primaryimage\"},\"image\":{\"@id\":\"http:\/\/eautomobiliai.lt\/index.php\/2025\/04\/05\/1930-uju-pamaina-kaip-iskastinio-kuro-naujoves-pralenke-elektromobilius-lenktynese-del-populiarumo\/#primaryimage\"},\"thumbnailUrl\":\"http:\/\/eautomobiliai.lt\/wp-content\/uploads\/2025\/04\/1930-uju-pamaina-kaip-iskastinio-kuro-naujoves-pralenke-elektromobilius-lenktynese.jpg\",\"datePublished\":\"2025-04-05T15:46:43+00:00\",\"author\":{\"@id\":\"http:\/\/eautomobiliai.lt\/#\/schema\/person\/ecf2a967f361217d056061f74deb92f2\"},\"breadcrumb\":{\"@id\":\"http:\/\/eautomobiliai.lt\/index.php\/2025\/04\/05\/1930-uju-pamaina-kaip-iskastinio-kuro-naujoves-pralenke-elektromobilius-lenktynese-del-populiarumo\/#breadcrumb\"},\"inLanguage\":\"lt-LT\",\"potentialAction\":[{\"@type\":\"ReadAction\",\"target\":[\"http:\/\/eautomobiliai.lt\/index.php\/2025\/04\/05\/1930-uju-pamaina-kaip-iskastinio-kuro-naujoves-pralenke-elektromobilius-lenktynese-del-populiarumo\/\"]}]},{\"@type\":\"ImageObject\",\"inLanguage\":\"lt-LT\",\"@id\":\"http:\/\/eautomobiliai.lt\/index.php\/2025\/04\/05\/1930-uju-pamaina-kaip-iskastinio-kuro-naujoves-pralenke-elektromobilius-lenktynese-del-populiarumo\/#primaryimage\",\"url\":\"http:\/\/eautomobiliai.lt\/wp-content\/uploads\/2025\/04\/1930-uju-pamaina-kaip-iskastinio-kuro-naujoves-pralenke-elektromobilius-lenktynese.jpg\",\"contentUrl\":\"http:\/\/eautomobiliai.lt\/wp-content\/uploads\/2025\/04\/1930-uju-pamaina-kaip-iskastinio-kuro-naujoves-pralenke-elektromobilius-lenktynese.jpg\",\"width\":1344,\"height\":768},{\"@type\":\"BreadcrumbList\",\"@id\":\"http:\/\/eautomobiliai.lt\/index.php\/2025\/04\/05\/1930-uju-pamaina-kaip-iskastinio-kuro-naujoves-pralenke-elektromobilius-lenktynese-del-populiarumo\/#breadcrumb\",\"itemListElement\":[{\"@type\":\"ListItem\",\"position\":1,\"name\":\"Home\",\"item\":\"http:\/\/eautomobiliai.lt\/\"},{\"@type\":\"ListItem\",\"position\":2,\"name\":\"1930 -\u0173j\u0173 pamaina: kaip i\u0161kastinio kuro naujov\u0117s pralenk\u0117 elektromobilius lenktyn\u0117se d\u0117l populiarumo\"}]},{\"@type\":\"WebSite\",\"@id\":\"http:\/\/eautomobiliai.lt\/#website\",\"url\":\"http:\/\/eautomobiliai.lt\/\",\"name\":\"Eautomobiliai.lt\",\"description\":\"Elektrinis transportas, technologijos\",\"potentialAction\":[{\"@type\":\"SearchAction\",\"target\":{\"@type\":\"EntryPoint\",\"urlTemplate\":\"http:\/\/eautomobiliai.lt\/?s={search_term_string}\"},\"query-input\":{\"@type\":\"PropertyValueSpecification\",\"valueRequired\":true,\"valueName\":\"search_term_string\"}}],\"inLanguage\":\"lt-LT\"},{\"@type\":\"Person\",\"@id\":\"http:\/\/eautomobiliai.lt\/#\/schema\/person\/ecf2a967f361217d056061f74deb92f2\",\"name\":\"admin\",\"image\":{\"@type\":\"ImageObject\",\"inLanguage\":\"lt-LT\",\"@id\":\"http:\/\/eautomobiliai.lt\/#\/schema\/person\/image\/\",\"url\":\"https:\/\/secure.gravatar.com\/avatar\/6323379efae0c70c686c7905444d6bbd?s=96&d=mm&r=g\",\"contentUrl\":\"https:\/\/secure.gravatar.com\/avatar\/6323379efae0c70c686c7905444d6bbd?s=96&d=mm&r=g\",\"caption\":\"admin\"},\"sameAs\":[\"http:\/\/eautomobiliai.lt\"],\"url\":\"http:\/\/eautomobiliai.lt\/index.php\/author\/admin\/\"}]}<\/script>\n<!-- \/ Yoast SEO plugin. -->","yoast_head_json":{"title":"1930 -\u0173j\u0173 pamaina: kaip i\u0161kastinio kuro naujov\u0117s pralenk\u0117 elektromobilius lenktyn\u0117se d\u0117l populiarumo - Eautomobiliai.lt","robots":{"index":"index","follow":"follow","max-snippet":"max-snippet:-1","max-image-preview":"max-image-preview:large","max-video-preview":"max-video-preview:-1"},"canonical":"http:\/\/eautomobiliai.lt\/index.php\/2025\/04\/05\/1930-uju-pamaina-kaip-iskastinio-kuro-naujoves-pralenke-elektromobilius-lenktynese-del-populiarumo\/","og_locale":"lt_LT","og_type":"article","og_title":"1930 -\u0173j\u0173 pamaina: kaip i\u0161kastinio kuro naujov\u0117s pralenk\u0117 elektromobilius lenktyn\u0117se d\u0117l populiarumo - Eautomobiliai.lt","og_description":"1930 -\u0173j\u0173 pamaina: kaip degal\u0173 prover\u017eiai \u012fveik\u0117 elektromobilius Transportas greitai augo 1900 -\u0173j\u0173 prad\u017eioje. Poky\u010diai atsirado i\u0161 nauj\u0173 id\u0117j\u0173. Automobiliai&hellip;","og_url":"http:\/\/eautomobiliai.lt\/index.php\/2025\/04\/05\/1930-uju-pamaina-kaip-iskastinio-kuro-naujoves-pralenke-elektromobilius-lenktynese-del-populiarumo\/","og_site_name":"Eautomobiliai.lt","article_published_time":"2025-04-05T15:46:43+00:00","og_image":[{"width":1344,"height":768,"url":"http:\/\/eautomobiliai.lt\/wp-content\/uploads\/2025\/04\/1930-uju-pamaina-kaip-iskastinio-kuro-naujoves-pralenke-elektromobilius-lenktynese.jpg","type":"image\/jpeg"}],"author":"admin","twitter_card":"summary_large_image","twitter_misc":{"Written by":"admin","Est. reading time":"2 minut\u0117s"},"schema":{"@context":"https:\/\/schema.org","@graph":[{"@type":"Article","@id":"http:\/\/eautomobiliai.lt\/index.php\/2025\/04\/05\/1930-uju-pamaina-kaip-iskastinio-kuro-naujoves-pralenke-elektromobilius-lenktynese-del-populiarumo\/#article","isPartOf":{"@id":"http:\/\/eautomobiliai.lt\/index.php\/2025\/04\/05\/1930-uju-pamaina-kaip-iskastinio-kuro-naujoves-pralenke-elektromobilius-lenktynese-del-populiarumo\/"},"author":{"name":"admin","@id":"http:\/\/eautomobiliai.lt\/#\/schema\/person\/ecf2a967f361217d056061f74deb92f2"},"headline":"1930 -\u0173j\u0173 pamaina: kaip i\u0161kastinio kuro naujov\u0117s pralenk\u0117 elektromobilius lenktyn\u0117se d\u0117l populiarumo","datePublished":"2025-04-05T15:46:43+00:00","mainEntityOfPage":{"@id":"http:\/\/eautomobiliai.lt\/index.php\/2025\/04\/05\/1930-uju-pamaina-kaip-iskastinio-kuro-naujoves-pralenke-elektromobilius-lenktynese-del-populiarumo\/"},"wordCount":399,"commentCount":0,"image":{"@id":"http:\/\/eautomobiliai.lt\/index.php\/2025\/04\/05\/1930-uju-pamaina-kaip-iskastinio-kuro-naujoves-pralenke-elektromobilius-lenktynese-del-populiarumo\/#primaryimage"},"thumbnailUrl":"http:\/\/eautomobiliai.lt\/wp-content\/uploads\/2025\/04\/1930-uju-pamaina-kaip-iskastinio-kuro-naujoves-pralenke-elektromobilius-lenktynese.jpg","keywords":["d\u0117l","elektromobilius","i\u0161kastinio","kaip","kuro","lenktyn\u0117se","Naujov\u0117s","pamaina","populiarumo","pralenk\u0117","\u0173j\u0173"],"articleSection":["eAUTOMOBILI\u0172 TECHNIN\u0116 PUS\u0116"],"inLanguage":"lt-LT","potentialAction":[{"@type":"CommentAction","name":"Comment","target":["http:\/\/eautomobiliai.lt\/index.php\/2025\/04\/05\/1930-uju-pamaina-kaip-iskastinio-kuro-naujoves-pralenke-elektromobilius-lenktynese-del-populiarumo\/#respond"]}]},{"@type":"WebPage","@id":"http:\/\/eautomobiliai.lt\/index.php\/2025\/04\/05\/1930-uju-pamaina-kaip-iskastinio-kuro-naujoves-pralenke-elektromobilius-lenktynese-del-populiarumo\/","url":"http:\/\/eautomobiliai.lt\/index.php\/2025\/04\/05\/1930-uju-pamaina-kaip-iskastinio-kuro-naujoves-pralenke-elektromobilius-lenktynese-del-populiarumo\/","name":"1930 -\u0173j\u0173 pamaina: kaip i\u0161kastinio kuro naujov\u0117s pralenk\u0117 elektromobilius lenktyn\u0117se d\u0117l populiarumo - Eautomobiliai.lt","isPartOf":{"@id":"http:\/\/eautomobiliai.lt\/#website"},"primaryImageOfPage":{"@id":"http:\/\/eautomobiliai.lt\/index.php\/2025\/04\/05\/1930-uju-pamaina-kaip-iskastinio-kuro-naujoves-pralenke-elektromobilius-lenktynese-del-populiarumo\/#primaryimage"},"image":{"@id":"http:\/\/eautomobiliai.lt\/index.php\/2025\/04\/05\/1930-uju-pamaina-kaip-iskastinio-kuro-naujoves-pralenke-elektromobilius-lenktynese-del-populiarumo\/#primaryimage"},"thumbnailUrl":"http:\/\/eautomobiliai.lt\/wp-content\/uploads\/2025\/04\/1930-uju-pamaina-kaip-iskastinio-kuro-naujoves-pralenke-elektromobilius-lenktynese.jpg","datePublished":"2025-04-05T15:46:43+00:00","author":{"@id":"http:\/\/eautomobiliai.lt\/#\/schema\/person\/ecf2a967f361217d056061f74deb92f2"},"breadcrumb":{"@id":"http:\/\/eautomobiliai.lt\/index.php\/2025\/04\/05\/1930-uju-pamaina-kaip-iskastinio-kuro-naujoves-pralenke-elektromobilius-lenktynese-del-populiarumo\/#breadcrumb"},"inLanguage":"lt-LT","potentialAction":[{"@type":"ReadAction","target":["http:\/\/eautomobiliai.lt\/index.php\/2025\/04\/05\/1930-uju-pamaina-kaip-iskastinio-kuro-naujoves-pralenke-elektromobilius-lenktynese-del-populiarumo\/"]}]},{"@type":"ImageObject","inLanguage":"lt-LT","@id":"http:\/\/eautomobiliai.lt\/index.php\/2025\/04\/05\/1930-uju-pamaina-kaip-iskastinio-kuro-naujoves-pralenke-elektromobilius-lenktynese-del-populiarumo\/#primaryimage","url":"http:\/\/eautomobiliai.lt\/wp-content\/uploads\/2025\/04\/1930-uju-pamaina-kaip-iskastinio-kuro-naujoves-pralenke-elektromobilius-lenktynese.jpg","contentUrl":"http:\/\/eautomobiliai.lt\/wp-content\/uploads\/2025\/04\/1930-uju-pamaina-kaip-iskastinio-kuro-naujoves-pralenke-elektromobilius-lenktynese.jpg","width":1344,"height":768},{"@type":"BreadcrumbList","@id":"http:\/\/eautomobiliai.lt\/index.php\/2025\/04\/05\/1930-uju-pamaina-kaip-iskastinio-kuro-naujoves-pralenke-elektromobilius-lenktynese-del-populiarumo\/#breadcrumb","itemListElement":[{"@type":"ListItem","position":1,"name":"Home","item":"http:\/\/eautomobiliai.lt\/"},{"@type":"ListItem","position":2,"name":"1930 -\u0173j\u0173 pamaina: kaip i\u0161kastinio kuro naujov\u0117s pralenk\u0117 elektromobilius lenktyn\u0117se d\u0117l populiarumo"}]},{"@type":"WebSite","@id":"http:\/\/eautomobiliai.lt\/#website","url":"http:\/\/eautomobiliai.lt\/","name":"Eautomobiliai.lt","description":"Elektrinis transportas, technologijos","potentialAction":[{"@type":"SearchAction","target":{"@type":"EntryPoint","urlTemplate":"http:\/\/eautomobiliai.lt\/?s={search_term_string}"},"query-input":{"@type":"PropertyValueSpecification","valueRequired":true,"valueName":"search_term_string"}}],"inLanguage":"lt-LT"},{"@type":"Person","@id":"http:\/\/eautomobiliai.lt\/#\/schema\/person\/ecf2a967f361217d056061f74deb92f2","name":"admin","image":{"@type":"ImageObject","inLanguage":"lt-LT","@id":"http:\/\/eautomobiliai.lt\/#\/schema\/person\/image\/","url":"https:\/\/secure.gravatar.com\/avatar\/6323379efae0c70c686c7905444d6bbd?s=96&d=mm&r=g","contentUrl":"https:\/\/secure.gravatar.com\/avatar\/6323379efae0c70c686c7905444d6bbd?s=96&d=mm&r=g","caption":"admin"},"sameAs":["http:\/\/eautomobiliai.lt"],"url":"http:\/\/eautomobiliai.lt\/index.php\/author\/admin\/"}]}},"_links":{"self":[{"href":"http:\/\/eautomobiliai.lt\/index.php\/wp-json\/wp\/v2\/posts\/380","targetHints":{"allow":["GET"]}}],"collection":[{"href":"http:\/\/eautomobiliai.lt\/index.php\/wp-json\/wp\/v2\/posts"}],"about":[{"href":"http:\/\/eautomobiliai.lt\/index.php\/wp-json\/wp\/v2\/types\/post"}],"author":[{"embeddable":true,"href":"http:\/\/eautomobiliai.lt\/index.php\/wp-json\/wp\/v2\/users\/1"}],"replies":[{"embeddable":true,"href":"http:\/\/eautomobiliai.lt\/index.php\/wp-json\/wp\/v2\/comments?post=380"}],"version-history":[{"count":0,"href":"http:\/\/eautomobiliai.lt\/index.php\/wp-json\/wp\/v2\/posts\/380\/revisions"}],"wp:featuredmedia":[{"embeddable":true,"href":"http:\/\/eautomobiliai.lt\/index.php\/wp-json\/wp\/v2\/media\/381"}],"wp:attachment":[{"href":"http:\/\/eautomobiliai.lt\/index.php\/wp-json\/wp\/v2\/media?parent=380"}],"wp:term":[{"taxonomy":"category","embeddable":true,"href":"http:\/\/eautomobiliai.lt\/index.php\/wp-json\/wp\/v2\/categories?post=380"},{"taxonomy":"post_tag","embeddable":true,"href":"http:\/\/eautomobiliai.lt\/index.php\/wp-json\/wp\/v2\/tags?post=380"}],"curies":[{"name":"wp","href":"https:\/\/api.w.org\/{rel}","templated":true}]}}