{"id":3846,"date":"2026-03-27T03:32:35","date_gmt":"2026-03-27T03:32:35","guid":{"rendered":"https:\/\/eautomobiliai.lt\/index.php\/2026\/03\/27\/nusipirkau-du-o-kita-uosviams-kodel-visi-nori-ev\/"},"modified":"2026-03-27T03:32:35","modified_gmt":"2026-03-27T03:32:35","slug":"nusipirkau-du-o-kita-uosviams-kodel-visi-nori-ev","status":"publish","type":"post","link":"http:\/\/eautomobiliai.lt\/index.php\/2026\/03\/27\/nusipirkau-du-o-kita-uosviams-kodel-visi-nori-ev\/","title":{"rendered":"\u201eNusipirkau du, o kit\u0105 \u2013 uo\u0161viams: \u201eKod\u0117l visi nori EV"},"content":{"rendered":"<p> <br \/>\n<\/p>\n<div id=\"\">\n<p>Prisimenate, kaip \u010diupti tualeto ritinius ankstyvosiomis Covid pandemijos akimirkomis? Per kelias dienas jie dingo i\u0161 prekybos centr\u0173 lentyn\u0173. Japonijoje Artim\u0173j\u0173 Ryt\u0173 karas suk\u0117l\u0117 nauj\u0105 tualetinio popieriaus kaupimosi etap\u0105, ta\u010diau Australijoje elektromobili\u0173 pardav\u0117j\u0173 salonai spar\u010diai tu\u0161t\u0117ja.<\/p>\n<p>Darbo kolegos sesuo \u0161i\u0105 savait\u0119 nuvyko ap\u017ei\u016br\u0117ti elektromobili\u0173 Sidn\u0117juje ir pa\u017evelg\u0117 \u012f Jaecoo J5 (37 000 USD) tuo pa\u010diu metu kaip kitas vaikinas. V\u0117liau ji paklaus\u0117 kito \u017emogaus, k\u0105 jis mano: \u201eDabar nusipirkau du, o kit\u0105 savait\u0119 \u2013 t\u0117vams\u201c, \u2013 buvo atsakyta.<\/p>\n<p>Oficial\u016bs duomenys apie tai, kiek elektromobili\u0173 buvo parduota kovo m\u0117nes\u012f, bus paskelbti tik po Velyk\u0173, ta\u010diau visi \u012frodymai rodo, kad Australijos m\u0117nuo buvo turb\u016bt stipriausias vis\u0173 laik\u0173 m\u0117nuo \u2013 ir tikrai did\u017eiausia jos rinkos dalis.<\/p>\n<p>\u201eTesla\u201c geriausiai parduodamo \u201eModel Y\u201c elektrinio visureigio laukimo laikas pailg\u0117jo iki keli\u0173 m\u0117nesi\u0173; draudimo u\u017eklaus\u0173 padvigub\u0117jo, \u201ePickles\u201c aukcion\u0173 namai taip pat prane\u0161a apie padvigub\u0117jus\u012f susidom\u0117jim\u0105. Pra\u0161oma d\u0117v\u0117t\u0173 elektromobili\u0173 kaina internete i\u0161augo, o socialin\u0117je \u017einiasklaidoje yra daug prane\u0161im\u0173 apie elektromobili\u0173 salonus, kuriuose neb\u0117ra nauj\u0173 ar naudot\u0173 atsarg\u0173.<\/p>\n<p>Net naujasis \u201eNationals\u201c lyderis Mattas Canavanas \u2013 beveik bet kokios technologijos, kuriai nereikia deginti i\u0161kastinio kuro, kritikas \u2013 susijaudin\u0119s sako, kaip jam patinka \u201eTesla\u201c elektromobiliai, ta\u010diau nenori pirkti naujo d\u0117l nuvert\u0117jimo problem\u0173. Jis tur\u0117t\u0173 pasitikrinti smukusias parduodamo naudoto benzino ir dyzelino kainas internetin\u0117se pardavimo svetain\u0117se.<\/p>\n<p style=\"font-weight: 400;\">Nathanas Gore&#8217;as-Brownas, baterij\u0173 testavimo grup\u0117s \u201eTestEV\u201c direktorius, teigia, kad jo tinklo naudot\u0173 automobili\u0173 pardav\u0117jai i\u0161 esm\u0117s i\u0161pardav\u0117 visus naudotus elektromobilius. \u0160\u012f m\u0117nes\u012f vienas pardav\u0117 45, tai sudaro 50% iki \u0161iol m\u0117nesio pardavim\u0173. Jis sako, kad pramon\u0117s duomenys rodo, kad naudot\u0173 elektromobili\u0173 skai\u010dius sand\u0117lyje suma\u017e\u0117jo iki 1000, palyginti su 6000 kovo prad\u017eioje.<\/p>\n<p style=\"font-weight: 400;\">\u201eNaudot\u0173 elektromobili\u0173 atsarg\u0173 liko labai ma\u017eai, o per ateinan\u010dias savaites ir m\u0117nesius j\u0173 pritr\u016bks. Matau, kad j\u016bs\u0173 gaminam\u0173 naudot\u0173 elektromobili\u0173 kainos i\u0161augs 10\u201315 proc.\u201c Jis pasteb\u0117jo did\u017eiul\u012f prekiautoj\u0173 ir transporto priemoni\u0173 tikrintoj\u0173 susidom\u0117jim\u0105 \u201eAviloo EV\u201c akumuliatoriaus sveikatos tikrinimo sistema.<\/p>\n<p style=\"font-weight: 400;\">\u201e\u0160\u012f m\u0117nes\u012f mes visi treniravom\u0117s per pastaruosius 10 met\u0173\u201c, \u2013 sako jis.<\/p>\n<p>Ar tai elektromobili\u0173 prover\u017eio momentas Australijoje, \u0161alyje, kurios kolektyvin\u0117 psichika vis dar atrodo apnuodyta kvail\u0173 buvusio premjero Scotto Morrisono ir dabartinio liberal\u0173 lyderio Anguso Tayloro i\u0161puoli\u0173 ir negailestingo de\u0161iniosios \u017einiasklaidos ir i\u0161kastinio kuro automobili\u0173 pramon\u0117s demonizavimo technologij\u0173.<\/p>\n<p>Yra daugyb\u0117 prie\u017eas\u010di\u0173, kod\u0117l taip gali b\u016bti.<\/p>\n<p>Pirmoji, \u017einoma, yra pasaulin\u0117 geopolitika ir neapibr\u0117\u017etumas, kur\u012f sukuria narcizai ir diktatoriai, pasiry\u017e\u0119 padaryti chaos\u0105 visame pasaulyje \u2013 Trumpas, Netanyahu, Putinas, Xi, nesvarbu, kas valdo Iran\u0105, ir visi tie, kurie siekia susilaukti palankumo. I\u0161kastinio kuro sutrikimas, auk\u0161tos kainos ir netikrumas gali trukti m\u0117nesius.<\/p>\n<p>Antra, elektriniai automobiliai jau kur\u012f laik\u0105 nerimauja d\u0117l nuotolio ir \u012fkroviklio. Kaip toli nuva\u017eiuos automobilis ir ar gal\u0117siu \u012fkrauti, kai atvyksiu? Nepad\u0117jo nuviliantis pirmosios kartos \u201e\u0161iuk\u0161lini\u0173 tri\u010di\u0173\u201c, Australijos elektromobili\u0173 \u012fkrovimo \u012fmon\u0117s, remiamos buvusio anglies barono ir elektromobili\u0173 savininko Trevoro St Bakerio, rezultatai.<\/p>\n<p>Ta\u010diau dabar su pana\u0161iomis problemomis susiduria benzino ir dyzelino vairuotojai. Klausimas ne tiek apie atstum\u0105, kiek apie kain\u0105, ir tikra baim\u0117, kad pakeliui ar kitame gale nebus kuro. \u017diniasklaidoje ra\u0161oma, kad tradicin\u0117s Velyk\u0173 atostog\u0173 kelion\u0117s su vaikais at\u0161aukiamos.<\/p>\n<p>Tre\u010dioji prie\u017eastis turb\u016bt pati svarbiausia. Net prie\u0161 metus neb\u016bt\u0173 buv\u0119 lengva \u012feiti \u012f elektromobili\u0173 salon\u0105 ir nusipirkti du visi\u0161kai pagr\u012fstus elektrinius visureigius, kuri\u0173 va\u017eiuojamoji dalis kainavo 37 000 USD. Dabar galite ne tik \u201eJaecoo\u201c, bet ir i\u0161 daugelio kit\u0173 preki\u0173 \u017eenkl\u0173, kuri\u0173 dauguma yra kini\u0161ki.<\/p>\n<p>EV pagaliau per\u017eeng\u0117 kain\u0173 barjer\u0105. Galima gin\u010dytis, ar jie tikrai atitinka s\u0105naudas, bet tai taip arti, kad nesvarbu, turint omenyje did\u017eiul\u012f metini\u0173 eksploatacini\u0173 i\u0161laid\u0173, ypa\u010d kuro ir ypa\u010d t\u0173, kurie turi saul\u0117s energij\u0105 ant stogo, taupym\u0105.<\/p>\n<p>EV rinka Australijoje taip pat i\u0161 esm\u0117s pasikeit\u0117. Prie\u0161 kelerius metus joje visi\u0161kai dominavo Tesla, kuri sudar\u0117 du tre\u010ddalius vis\u0173 parduodam\u0173 elektromobili\u0173.<\/p>\n<p>Palaipsniui Kinijos elektromobili\u0173 gamintojai \u012fsiver\u017e\u0117 \u012f priek\u012f su nuolat ma\u017e\u0117jan\u010diomis kainomis ir tobul\u0117jan\u010diomis technologijomis \u2013 per pirmuosius du 2026 m. m\u0117nesius BYD pirmavo \u201eTesla\u201c, o jos \u201eAtto 1\u201c galima nusipirkti u\u017e ma\u017edaug 25 000 USD. Ta\u010diau \u201eTesla\u201c taip pat atgavo savo rinkos pasitik\u0117jim\u0105.<\/p>\n<p>Nauji Kinijos prek\u0117s \u017eenklai, tokie kaip \u201eGeely\u201c, \u201eXpeng\u201c, \u201eZeekr\u201c, \u201eJaeco\u201c, \u201eAaion\u201c, \u201eDeepal\u201c ir \u201eLeapmotor\u201c, \u017eengia \u012f priek\u012f, o tradicini\u0173 automobili\u0173 gamintojai \u201eHyundai\u201c, \u201eKia\u201c ir Europos prek\u0117s \u017eenklai si\u016blo ma\u017eesnes ir pigesnes galimybes. MG ir Piet\u0173 Kor\u0117joje \u012fsik\u016brusi KGC si\u016blo net kelet\u0105 elektros prietais\u0173.<\/p>\n<p>Duomenys, kuriuos paskelbs du pagrindiniai automobili\u0173 k\u0117bulai, bus \u012fsp\u016bdingi, kai bus paskelbti baland\u017eio prad\u017eioje. Australijos elektromobili\u0173 rinkos dalis \u0161oktel\u0117jo nuo 6 iki 12 procent\u0173, o j\u0105 visada riboja tam tikras hibridas.<\/p>\n<p>Kovo m\u0117nesio nauj\u0173 automobili\u0173 pardavimo duomenys gali atskleisti daugiau nei 20 procent\u0173 rinkos dal\u012f, kai kuriais sp\u0117jimais net 30 procent\u0173. Jei degal\u0173 kriz\u0117 t\u0119sis daugel\u012f m\u0117nesi\u0173 ir tai atrodo tik\u0117tina, tuomet didel\u0117 elektromobili\u0173 rinkos dalis gali reik\u0161ti, kad nebereikia gr\u012f\u017eti atgal.<\/p>\n<div class=\"saboxplugin-wrap\" itemtype=\"http:\/\/schema.org\/Person\" itemscope=\"\" itemprop=\"author\">\n<div class=\"saboxplugin-tab\">\n<div class=\"saboxplugin-gravatar\"><img loading=\"lazy\" decoding=\"async\" src=\"https:\/\/thedriven.io\/wp-content\/uploads\/2021\/11\/giles_100x100.jpg\" width=\"100\" height=\"100\" alt=\"Gilesas Parkinsonas\" itemprop=\"image\"\/><\/div>\n<div class=\"saboxplugin-desc\">\n<div itemprop=\"description\">\n<p>Gilesas Parkinsonas yra \u201eThe Driven\u201c \u012fk\u016br\u0117jas ir redaktorius, taip pat redaguoja ir \u012fk\u016br\u0117 \u201eRenew Economy\u201c ir \u201eOne Step Off The Grid\u201c svetaines. Jis dirba \u017eurnalistu beveik 40 met\u0173, yra buv\u0119s verslo atstovas ir Australijos finansin\u0117s ap\u017evalgos redaktoriaus pavaduotojas, jam priklauso Tesla Model 3.<\/p>\n<\/div>\n<\/div>\n<\/div>\n<\/div>\n<p><!-- AI CONTENT END 1 --><\/p><\/div>\n<p><br \/>\n<br \/><a href=\"https:\/\/thedriven.io\/2026\/03\/27\/i-bought-two-and-another-for-the-parents-in-law-why-everyone-wants-an-ev\/\">Source link <\/a><\/p>\n","protected":false},"excerpt":{"rendered":"<p>Prisimenate, kaip \u010diupti tualeto ritinius ankstyvosiomis Covid pandemijos akimirkomis? Per kelias dienas jie dingo i\u0161 prekybos centr\u0173 lentyn\u0173. Japonijoje Artim\u0173j\u0173&hellip;<\/p>\n","protected":false},"author":1,"featured_media":3682,"comment_status":"open","ping_status":"open","sticky":false,"template":"","format":"standard","meta":{"om_disable_all_campaigns":false,"_monsterinsights_skip_tracking":false,"_monsterinsights_sitenote_active":false,"_monsterinsights_sitenote_note":"","_monsterinsights_sitenote_category":0,"footnotes":""},"categories":[39],"tags":[3424,404,1002,5690,5798,645],"class_list":["post-3846","post","type-post","status-publish","format-standard","has-post-thumbnail","hentry","category-eautomobiliu-technine-puse","tag-kita","tag-kodel","tag-nori","tag-nusipirkau","tag-uosviams","tag-visi"],"aioseo_notices":[],"yoast_head":"<!-- This site is optimized with the Yoast SEO plugin v26.8 - https:\/\/yoast.com\/product\/yoast-seo-wordpress\/ -->\n<title>\u201eNusipirkau du, o kit\u0105 \u2013 uo\u0161viams: \u201eKod\u0117l visi nori EV - Eautomobiliai.lt<\/title>\n<meta name=\"robots\" content=\"index, follow, max-snippet:-1, max-image-preview:large, max-video-preview:-1\" \/>\n<link rel=\"canonical\" href=\"http:\/\/eautomobiliai.lt\/index.php\/2026\/03\/27\/nusipirkau-du-o-kita-uosviams-kodel-visi-nori-ev\/\" \/>\n<meta property=\"og:locale\" content=\"lt_LT\" \/>\n<meta property=\"og:type\" content=\"article\" \/>\n<meta property=\"og:title\" content=\"\u201eNusipirkau du, o kit\u0105 \u2013 uo\u0161viams: \u201eKod\u0117l visi nori EV - Eautomobiliai.lt\" \/>\n<meta property=\"og:description\" content=\"Prisimenate, kaip \u010diupti tualeto ritinius ankstyvosiomis Covid pandemijos akimirkomis? Per kelias dienas jie dingo i\u0161 prekybos centr\u0173 lentyn\u0173. Japonijoje Artim\u0173j\u0173&hellip;\" \/>\n<meta property=\"og:url\" content=\"http:\/\/eautomobiliai.lt\/index.php\/2026\/03\/27\/nusipirkau-du-o-kita-uosviams-kodel-visi-nori-ev\/\" \/>\n<meta property=\"og:site_name\" content=\"Eautomobiliai.lt\" \/>\n<meta property=\"article:published_time\" content=\"2026-03-27T03:32:35+00:00\" \/>\n<meta property=\"og:image\" content=\"http:\/\/eautomobiliai.lt\/wp-content\/uploads\/2026\/03\/EV-pramone-ragina-federaline-vyriausybe-islaikyti-elektromobiliu-nuolaida.webp.webp\" \/>\n\t<meta property=\"og:image:width\" content=\"1200\" \/>\n\t<meta property=\"og:image:height\" content=\"900\" \/>\n\t<meta property=\"og:image:type\" content=\"image\/webp\" \/>\n<meta name=\"author\" content=\"admin\" \/>\n<meta name=\"twitter:card\" content=\"summary_large_image\" \/>\n<meta name=\"twitter:label1\" content=\"Written by\" \/>\n\t<meta name=\"twitter:data1\" content=\"admin\" \/>\n\t<meta name=\"twitter:label2\" content=\"Est. reading time\" \/>\n\t<meta name=\"twitter:data2\" content=\"4 minut\u0117s\" \/>\n<script type=\"application\/ld+json\" class=\"yoast-schema-graph\">{\"@context\":\"https:\/\/schema.org\",\"@graph\":[{\"@type\":\"Article\",\"@id\":\"http:\/\/eautomobiliai.lt\/index.php\/2026\/03\/27\/nusipirkau-du-o-kita-uosviams-kodel-visi-nori-ev\/#article\",\"isPartOf\":{\"@id\":\"http:\/\/eautomobiliai.lt\/index.php\/2026\/03\/27\/nusipirkau-du-o-kita-uosviams-kodel-visi-nori-ev\/\"},\"author\":{\"name\":\"admin\",\"@id\":\"https:\/\/eautomobiliai.lt\/#\/schema\/person\/ecf2a967f361217d056061f74deb92f2\"},\"headline\":\"\u201eNusipirkau du, o kit\u0105 \u2013 uo\u0161viams: \u201eKod\u0117l visi nori EV\",\"datePublished\":\"2026-03-27T03:32:35+00:00\",\"mainEntityOfPage\":{\"@id\":\"http:\/\/eautomobiliai.lt\/index.php\/2026\/03\/27\/nusipirkau-du-o-kita-uosviams-kodel-visi-nori-ev\/\"},\"wordCount\":900,\"commentCount\":0,\"image\":{\"@id\":\"http:\/\/eautomobiliai.lt\/index.php\/2026\/03\/27\/nusipirkau-du-o-kita-uosviams-kodel-visi-nori-ev\/#primaryimage\"},\"thumbnailUrl\":\"http:\/\/eautomobiliai.lt\/wp-content\/uploads\/2026\/03\/EV-pramone-ragina-federaline-vyriausybe-islaikyti-elektromobiliu-nuolaida.webp.webp\",\"keywords\":[\"kit\u0105\",\"Kod\u0117l\",\"nori\",\"nusipirkau\",\"uo\u0161viams\",\"Visi\"],\"articleSection\":[\"eAUTOMOBILI\u0172 TECHNIN\u0116 PUS\u0116\"],\"inLanguage\":\"lt-LT\",\"potentialAction\":[{\"@type\":\"CommentAction\",\"name\":\"Comment\",\"target\":[\"http:\/\/eautomobiliai.lt\/index.php\/2026\/03\/27\/nusipirkau-du-o-kita-uosviams-kodel-visi-nori-ev\/#respond\"]}]},{\"@type\":\"WebPage\",\"@id\":\"http:\/\/eautomobiliai.lt\/index.php\/2026\/03\/27\/nusipirkau-du-o-kita-uosviams-kodel-visi-nori-ev\/\",\"url\":\"http:\/\/eautomobiliai.lt\/index.php\/2026\/03\/27\/nusipirkau-du-o-kita-uosviams-kodel-visi-nori-ev\/\",\"name\":\"\u201eNusipirkau du, o kit\u0105 \u2013 uo\u0161viams: \u201eKod\u0117l visi nori EV - Eautomobiliai.lt\",\"isPartOf\":{\"@id\":\"https:\/\/eautomobiliai.lt\/#website\"},\"primaryImageOfPage\":{\"@id\":\"http:\/\/eautomobiliai.lt\/index.php\/2026\/03\/27\/nusipirkau-du-o-kita-uosviams-kodel-visi-nori-ev\/#primaryimage\"},\"image\":{\"@id\":\"http:\/\/eautomobiliai.lt\/index.php\/2026\/03\/27\/nusipirkau-du-o-kita-uosviams-kodel-visi-nori-ev\/#primaryimage\"},\"thumbnailUrl\":\"http:\/\/eautomobiliai.lt\/wp-content\/uploads\/2026\/03\/EV-pramone-ragina-federaline-vyriausybe-islaikyti-elektromobiliu-nuolaida.webp.webp\",\"datePublished\":\"2026-03-27T03:32:35+00:00\",\"author\":{\"@id\":\"https:\/\/eautomobiliai.lt\/#\/schema\/person\/ecf2a967f361217d056061f74deb92f2\"},\"breadcrumb\":{\"@id\":\"http:\/\/eautomobiliai.lt\/index.php\/2026\/03\/27\/nusipirkau-du-o-kita-uosviams-kodel-visi-nori-ev\/#breadcrumb\"},\"inLanguage\":\"lt-LT\",\"potentialAction\":[{\"@type\":\"ReadAction\",\"target\":[\"http:\/\/eautomobiliai.lt\/index.php\/2026\/03\/27\/nusipirkau-du-o-kita-uosviams-kodel-visi-nori-ev\/\"]}]},{\"@type\":\"ImageObject\",\"inLanguage\":\"lt-LT\",\"@id\":\"http:\/\/eautomobiliai.lt\/index.php\/2026\/03\/27\/nusipirkau-du-o-kita-uosviams-kodel-visi-nori-ev\/#primaryimage\",\"url\":\"http:\/\/eautomobiliai.lt\/wp-content\/uploads\/2026\/03\/EV-pramone-ragina-federaline-vyriausybe-islaikyti-elektromobiliu-nuolaida.webp.webp\",\"contentUrl\":\"http:\/\/eautomobiliai.lt\/wp-content\/uploads\/2026\/03\/EV-pramone-ragina-federaline-vyriausybe-islaikyti-elektromobiliu-nuolaida.webp.webp\",\"width\":1200,\"height\":900},{\"@type\":\"BreadcrumbList\",\"@id\":\"http:\/\/eautomobiliai.lt\/index.php\/2026\/03\/27\/nusipirkau-du-o-kita-uosviams-kodel-visi-nori-ev\/#breadcrumb\",\"itemListElement\":[{\"@type\":\"ListItem\",\"position\":1,\"name\":\"Home\",\"item\":\"https:\/\/eautomobiliai.lt\/\"},{\"@type\":\"ListItem\",\"position\":2,\"name\":\"\u201eNusipirkau du, o kit\u0105 \u2013 uo\u0161viams: \u201eKod\u0117l visi nori EV\"}]},{\"@type\":\"WebSite\",\"@id\":\"https:\/\/eautomobiliai.lt\/#website\",\"url\":\"https:\/\/eautomobiliai.lt\/\",\"name\":\"Eautomobiliai.lt\",\"description\":\"Elektrinis transportas, technologijos\",\"potentialAction\":[{\"@type\":\"SearchAction\",\"target\":{\"@type\":\"EntryPoint\",\"urlTemplate\":\"https:\/\/eautomobiliai.lt\/?s={search_term_string}\"},\"query-input\":{\"@type\":\"PropertyValueSpecification\",\"valueRequired\":true,\"valueName\":\"search_term_string\"}}],\"inLanguage\":\"lt-LT\"},{\"@type\":\"Person\",\"@id\":\"https:\/\/eautomobiliai.lt\/#\/schema\/person\/ecf2a967f361217d056061f74deb92f2\",\"name\":\"admin\",\"image\":{\"@type\":\"ImageObject\",\"inLanguage\":\"lt-LT\",\"@id\":\"https:\/\/eautomobiliai.lt\/#\/schema\/person\/image\/\",\"url\":\"https:\/\/secure.gravatar.com\/avatar\/6323379efae0c70c686c7905444d6bbd?s=96&d=mm&r=g\",\"contentUrl\":\"https:\/\/secure.gravatar.com\/avatar\/6323379efae0c70c686c7905444d6bbd?s=96&d=mm&r=g\",\"caption\":\"admin\"},\"sameAs\":[\"http:\/\/eautomobiliai.lt\"],\"url\":\"http:\/\/eautomobiliai.lt\/index.php\/author\/admin\/\"}]}<\/script>\n<!-- \/ Yoast SEO plugin. -->","yoast_head_json":{"title":"\u201eNusipirkau du, o kit\u0105 \u2013 uo\u0161viams: \u201eKod\u0117l visi nori EV - Eautomobiliai.lt","robots":{"index":"index","follow":"follow","max-snippet":"max-snippet:-1","max-image-preview":"max-image-preview:large","max-video-preview":"max-video-preview:-1"},"canonical":"http:\/\/eautomobiliai.lt\/index.php\/2026\/03\/27\/nusipirkau-du-o-kita-uosviams-kodel-visi-nori-ev\/","og_locale":"lt_LT","og_type":"article","og_title":"\u201eNusipirkau du, o kit\u0105 \u2013 uo\u0161viams: \u201eKod\u0117l visi nori EV - Eautomobiliai.lt","og_description":"Prisimenate, kaip \u010diupti tualeto ritinius ankstyvosiomis Covid pandemijos akimirkomis? Per kelias dienas jie dingo i\u0161 prekybos centr\u0173 lentyn\u0173. Japonijoje Artim\u0173j\u0173&hellip;","og_url":"http:\/\/eautomobiliai.lt\/index.php\/2026\/03\/27\/nusipirkau-du-o-kita-uosviams-kodel-visi-nori-ev\/","og_site_name":"Eautomobiliai.lt","article_published_time":"2026-03-27T03:32:35+00:00","og_image":[{"width":1200,"height":900,"url":"http:\/\/eautomobiliai.lt\/wp-content\/uploads\/2026\/03\/EV-pramone-ragina-federaline-vyriausybe-islaikyti-elektromobiliu-nuolaida.webp.webp","type":"image\/webp"}],"author":"admin","twitter_card":"summary_large_image","twitter_misc":{"Written by":"admin","Est. reading time":"4 minut\u0117s"},"schema":{"@context":"https:\/\/schema.org","@graph":[{"@type":"Article","@id":"http:\/\/eautomobiliai.lt\/index.php\/2026\/03\/27\/nusipirkau-du-o-kita-uosviams-kodel-visi-nori-ev\/#article","isPartOf":{"@id":"http:\/\/eautomobiliai.lt\/index.php\/2026\/03\/27\/nusipirkau-du-o-kita-uosviams-kodel-visi-nori-ev\/"},"author":{"name":"admin","@id":"https:\/\/eautomobiliai.lt\/#\/schema\/person\/ecf2a967f361217d056061f74deb92f2"},"headline":"\u201eNusipirkau du, o kit\u0105 \u2013 uo\u0161viams: \u201eKod\u0117l visi nori EV","datePublished":"2026-03-27T03:32:35+00:00","mainEntityOfPage":{"@id":"http:\/\/eautomobiliai.lt\/index.php\/2026\/03\/27\/nusipirkau-du-o-kita-uosviams-kodel-visi-nori-ev\/"},"wordCount":900,"commentCount":0,"image":{"@id":"http:\/\/eautomobiliai.lt\/index.php\/2026\/03\/27\/nusipirkau-du-o-kita-uosviams-kodel-visi-nori-ev\/#primaryimage"},"thumbnailUrl":"http:\/\/eautomobiliai.lt\/wp-content\/uploads\/2026\/03\/EV-pramone-ragina-federaline-vyriausybe-islaikyti-elektromobiliu-nuolaida.webp.webp","keywords":["kit\u0105","Kod\u0117l","nori","nusipirkau","uo\u0161viams","Visi"],"articleSection":["eAUTOMOBILI\u0172 TECHNIN\u0116 PUS\u0116"],"inLanguage":"lt-LT","potentialAction":[{"@type":"CommentAction","name":"Comment","target":["http:\/\/eautomobiliai.lt\/index.php\/2026\/03\/27\/nusipirkau-du-o-kita-uosviams-kodel-visi-nori-ev\/#respond"]}]},{"@type":"WebPage","@id":"http:\/\/eautomobiliai.lt\/index.php\/2026\/03\/27\/nusipirkau-du-o-kita-uosviams-kodel-visi-nori-ev\/","url":"http:\/\/eautomobiliai.lt\/index.php\/2026\/03\/27\/nusipirkau-du-o-kita-uosviams-kodel-visi-nori-ev\/","name":"\u201eNusipirkau du, o kit\u0105 \u2013 uo\u0161viams: \u201eKod\u0117l visi nori EV - Eautomobiliai.lt","isPartOf":{"@id":"https:\/\/eautomobiliai.lt\/#website"},"primaryImageOfPage":{"@id":"http:\/\/eautomobiliai.lt\/index.php\/2026\/03\/27\/nusipirkau-du-o-kita-uosviams-kodel-visi-nori-ev\/#primaryimage"},"image":{"@id":"http:\/\/eautomobiliai.lt\/index.php\/2026\/03\/27\/nusipirkau-du-o-kita-uosviams-kodel-visi-nori-ev\/#primaryimage"},"thumbnailUrl":"http:\/\/eautomobiliai.lt\/wp-content\/uploads\/2026\/03\/EV-pramone-ragina-federaline-vyriausybe-islaikyti-elektromobiliu-nuolaida.webp.webp","datePublished":"2026-03-27T03:32:35+00:00","author":{"@id":"https:\/\/eautomobiliai.lt\/#\/schema\/person\/ecf2a967f361217d056061f74deb92f2"},"breadcrumb":{"@id":"http:\/\/eautomobiliai.lt\/index.php\/2026\/03\/27\/nusipirkau-du-o-kita-uosviams-kodel-visi-nori-ev\/#breadcrumb"},"inLanguage":"lt-LT","potentialAction":[{"@type":"ReadAction","target":["http:\/\/eautomobiliai.lt\/index.php\/2026\/03\/27\/nusipirkau-du-o-kita-uosviams-kodel-visi-nori-ev\/"]}]},{"@type":"ImageObject","inLanguage":"lt-LT","@id":"http:\/\/eautomobiliai.lt\/index.php\/2026\/03\/27\/nusipirkau-du-o-kita-uosviams-kodel-visi-nori-ev\/#primaryimage","url":"http:\/\/eautomobiliai.lt\/wp-content\/uploads\/2026\/03\/EV-pramone-ragina-federaline-vyriausybe-islaikyti-elektromobiliu-nuolaida.webp.webp","contentUrl":"http:\/\/eautomobiliai.lt\/wp-content\/uploads\/2026\/03\/EV-pramone-ragina-federaline-vyriausybe-islaikyti-elektromobiliu-nuolaida.webp.webp","width":1200,"height":900},{"@type":"BreadcrumbList","@id":"http:\/\/eautomobiliai.lt\/index.php\/2026\/03\/27\/nusipirkau-du-o-kita-uosviams-kodel-visi-nori-ev\/#breadcrumb","itemListElement":[{"@type":"ListItem","position":1,"name":"Home","item":"https:\/\/eautomobiliai.lt\/"},{"@type":"ListItem","position":2,"name":"\u201eNusipirkau du, o kit\u0105 \u2013 uo\u0161viams: \u201eKod\u0117l visi nori EV"}]},{"@type":"WebSite","@id":"https:\/\/eautomobiliai.lt\/#website","url":"https:\/\/eautomobiliai.lt\/","name":"Eautomobiliai.lt","description":"Elektrinis transportas, technologijos","potentialAction":[{"@type":"SearchAction","target":{"@type":"EntryPoint","urlTemplate":"https:\/\/eautomobiliai.lt\/?s={search_term_string}"},"query-input":{"@type":"PropertyValueSpecification","valueRequired":true,"valueName":"search_term_string"}}],"inLanguage":"lt-LT"},{"@type":"Person","@id":"https:\/\/eautomobiliai.lt\/#\/schema\/person\/ecf2a967f361217d056061f74deb92f2","name":"admin","image":{"@type":"ImageObject","inLanguage":"lt-LT","@id":"https:\/\/eautomobiliai.lt\/#\/schema\/person\/image\/","url":"https:\/\/secure.gravatar.com\/avatar\/6323379efae0c70c686c7905444d6bbd?s=96&d=mm&r=g","contentUrl":"https:\/\/secure.gravatar.com\/avatar\/6323379efae0c70c686c7905444d6bbd?s=96&d=mm&r=g","caption":"admin"},"sameAs":["http:\/\/eautomobiliai.lt"],"url":"http:\/\/eautomobiliai.lt\/index.php\/author\/admin\/"}]}},"_links":{"self":[{"href":"http:\/\/eautomobiliai.lt\/index.php\/wp-json\/wp\/v2\/posts\/3846","targetHints":{"allow":["GET"]}}],"collection":[{"href":"http:\/\/eautomobiliai.lt\/index.php\/wp-json\/wp\/v2\/posts"}],"about":[{"href":"http:\/\/eautomobiliai.lt\/index.php\/wp-json\/wp\/v2\/types\/post"}],"author":[{"embeddable":true,"href":"http:\/\/eautomobiliai.lt\/index.php\/wp-json\/wp\/v2\/users\/1"}],"replies":[{"embeddable":true,"href":"http:\/\/eautomobiliai.lt\/index.php\/wp-json\/wp\/v2\/comments?post=3846"}],"version-history":[{"count":0,"href":"http:\/\/eautomobiliai.lt\/index.php\/wp-json\/wp\/v2\/posts\/3846\/revisions"}],"wp:featuredmedia":[{"embeddable":true,"href":"http:\/\/eautomobiliai.lt\/index.php\/wp-json\/wp\/v2\/media\/3682"}],"wp:attachment":[{"href":"http:\/\/eautomobiliai.lt\/index.php\/wp-json\/wp\/v2\/media?parent=3846"}],"wp:term":[{"taxonomy":"category","embeddable":true,"href":"http:\/\/eautomobiliai.lt\/index.php\/wp-json\/wp\/v2\/categories?post=3846"},{"taxonomy":"post_tag","embeddable":true,"href":"http:\/\/eautomobiliai.lt\/index.php\/wp-json\/wp\/v2\/tags?post=3846"}],"curies":[{"name":"wp","href":"https:\/\/api.w.org\/{rel}","templated":true}]}}