{"id":3884,"date":"2026-03-31T03:43:50","date_gmt":"2026-03-31T03:43:50","guid":{"rendered":"https:\/\/eautomobiliai.lt\/index.php\/2026\/03\/31\/bmw-sumazino-visiskai-elektriniu-ix1-ir-ix2-elektriniu-modeliu-kainas\/"},"modified":"2026-03-31T03:43:50","modified_gmt":"2026-03-31T03:43:50","slug":"bmw-sumazino-visiskai-elektriniu-ix1-ir-ix2-elektriniu-modeliu-kainas","status":"publish","type":"post","link":"http:\/\/eautomobiliai.lt\/index.php\/2026\/03\/31\/bmw-sumazino-visiskai-elektriniu-ix1-ir-ix2-elektriniu-modeliu-kainas\/","title":{"rendered":"BMW suma\u017eino visi\u0161kai elektrini\u0173 iX1 ir iX2 elektrini\u0173 modeli\u0173 kainas"},"content":{"rendered":"<p> <br \/>\n<\/p>\n<div id=\"\">\n<p>Vokietijos prabangi\u0173 automobili\u0173 gamintojas BMW paskelb\u0117 naujas Australijos visi\u0161kai elektrini\u0173 iX1 ir iX2 modeli\u0173 kainas, kuri\u0173 abiej\u0173 kainos dabar prasideda nuo 80 000 USD, o asortiment\u0105 papild\u0117 naujas variantas.<\/p>\n<p>Nors konfig\u016bratoriai dar turi atspind\u0117ti atnaujinimus, BMW tikisi, kad naujos kainos suteiks nauj\u0105 patrauklum\u0105 visi\u0161kai elektrini\u0173 transporto priemoni\u0173 asortimentui Australijoje.<\/p>\n<p>Dingo iX1 ir iX2 eDrive20 variantai. Dabar \u201eiX1 xDrive30 Sports Activity Vehicle\u201c (SAV) yra pradinio lygio modelis, kurio kaina prasideda nuo 77 900 USD, o \u201eiX2 xDrive30 Sports Activity Coup\u00e9\u201c (SAC) \u2013 nuo \u200b\u200b79 990 USD (visos kainos ne\u012fskaitant keli\u0173 i\u0161laid\u0173).<\/p>\n<figure id=\"attachment_195083\" aria-describedby=\"caption-attachment-195083\" style=\"width: 1160px\" class=\"wp-caption aligncenter\"><figcaption id=\"caption-attachment-195083\" class=\"wp-caption-text\">Vaizdo kreditas: BMW<\/figcaption><\/figure>\n<p>Tai yra pastebimas kainos kritimas, o iX1 kaina anks\u010diau buvo nuo 80 600 USD u\u017e dabar nebegaminam\u0105 \u201eeDrive20\u201c ir 84 800 USD u\u017e \u201eiX1 xDrive30\u201c. Pana\u0161iai, dabar nebegaminamas \u201eiX2 eDrive20\u201c ka\u017ekada buvo parduotas u\u017e 84 700 USD, o \u201eiX2 xDrive30\u201c anks\u010diau buvo 86 900 USD.<\/p>\n<p>Tai prilygsta nuolaidoms, svyruojan\u010dioms apie 7000 USD rib\u0105.<\/p>\n<p>BMW taip pat paskelb\u0117, kad dabar pasi\u016blys \u201eiX1 xDrive30\u201c su \u201eSport Collection\u201c apdorojimu u\u017e nacionalin\u0119 79 900 USD kain\u0105.<\/p>\n<p>Visuose modeliuose yra dviej\u0173 varikli\u0173 visi\u0161kai elektrin\u0117 j\u0117gos pavara, varanti visus keturis ratus ir i\u0161vystanti 230 kilovat\u0173 (kW) gali\u0105 ir 494 Nm sukimo moment\u0105.<\/p>\n<p>Tai papildo anks\u010diau \u0161iais metais paskelbt\u0173 silicio karbido (SiC) keitikli\u0173, skirt\u0173 na\u0161umui, galios tankiui ir baterij\u0173 diapazonui pagerinti, montavimas, nors daugiau informacijos dar neskelbiama, bet ji bus prieinama prie\u0161 paleid\u017eiant.<\/p>\n<p>Papildomos naujojo BMW iX1 xDrive30 Sport Collection modelio specifikacijos:<\/p>\n<ul>\n<li>Alpine White i\u0161or\u0117s apdaila<\/li>\n<li>M Sport paketas<\/li>\n<li>19\u2033 M lengvojo lydinio ratlankiai su dvigubu stipinu, 871 M dvispalvis<\/li>\n<li>Adaptyvi M pakaba<\/li>\n<li>Veganza apmu\u0161alai, juodi<\/li>\n<li>\u0160ildomos s\u0117dyn\u0117s vairuotojui ir priekiniam keleiviui<\/li>\n<li>BMW Head-Up ekranas<\/li>\n<li>Erdvinis vaizdas<\/li>\n<li>Profesionalus vairavimo pad\u0117j\u0117jas<\/li>\n<\/ul>\n<div class=\"saboxplugin-wrap\" itemtype=\"http:\/\/schema.org\/Person\" itemscope=\"\" itemprop=\"author\">\n<div class=\"saboxplugin-tab\">\n<div class=\"saboxplugin-gravatar\"><img decoding=\"async\" alt=\"Joshua S. Hill\" class=\"avatar avatar-100 photo native-lazyload-js-fallback\" height=\"100\" width=\"100\" itemprop=\"image\" loading=\"lazy\" src=\"https:\/\/secure.gravatar.com\/avatar\/674502fafd2221f0fc2baf7da1435a7980e9492ea0657bfcd546273621f39689?s=100&amp;d=mm&amp;r=g\" srcset=\"https:\/\/secure.gravatar.com\/avatar\/674502fafd2221f0fc2baf7da1435a7980e9492ea0657bfcd546273621f39689?s=200&amp;d=mm&amp;r=g 2x\"\/><img decoding=\"async\" loading=\"lazy\" alt=\"Joshua S. Hill\" src=\"https:\/\/secure.gravatar.com\/avatar\/674502fafd2221f0fc2baf7da1435a7980e9492ea0657bfcd546273621f39689?s=100&amp;d=mm&amp;r=g\" srcset=\"https:\/\/secure.gravatar.com\/avatar\/674502fafd2221f0fc2baf7da1435a7980e9492ea0657bfcd546273621f39689?s=200&amp;d=mm&amp;r=g 2x\" class=\"avatar avatar-100 photo\" height=\"100\" width=\"100\" itemprop=\"image\"\/><\/div>\n<div class=\"saboxplugin-desc\">\n<div itemprop=\"description\">\n<p>Joshua S. Hill yra Melburne gyvenantis \u017eurnalistas, daugiau nei 15 met\u0173 ra\u0161antis apie klimato kait\u0105, \u0161varias technologijas ir elektrines transporto priemones. Nuo 2012 m. jis rengia ataskaitas apie elektrines transporto priemones ir \u0161varias technologijas \u201eRenew Economy\u201c ir \u201eThe Driven\u201c.<\/p>\n<\/div>\n<\/div>\n<\/div>\n<\/div>\n<p><!-- AI CONTENT END 1 --><\/p><\/div>\n<p><br \/>\n<br \/><a href=\"https:\/\/thedriven.io\/2026\/03\/31\/bmw-cuts-prices-of-fully-electric-ix1-and-ix2-electric-models\/\">Source link <\/a><\/p>\n","protected":false},"excerpt":{"rendered":"<p>Vokietijos prabangi\u0173 automobili\u0173 gamintojas BMW paskelb\u0117 naujas Australijos visi\u0161kai elektrini\u0173 iX1 ir iX2 modeli\u0173 kainas, kuri\u0173 abiej\u0173 kainos dabar prasideda&hellip;<\/p>\n","protected":false},"author":1,"featured_media":3885,"comment_status":"open","ping_status":"open","sticky":false,"template":"","format":"standard","meta":{"om_disable_all_campaigns":false,"_monsterinsights_skip_tracking":false,"_monsterinsights_sitenote_active":false,"_monsterinsights_sitenote_note":"","_monsterinsights_sitenote_category":0,"footnotes":""},"categories":[39],"tags":[2797,45,5829,5830,1374,1041,2746,15],"class_list":["post-3884","post","type-post","status-publish","format-standard","has-post-thumbnail","hentry","category-eautomobiliu-technine-puse","tag-bmw","tag-elektriniu","tag-ix1","tag-ix2","tag-kainas","tag-modeliu","tag-sumazino","tag-visiskai"],"aioseo_notices":[],"yoast_head":"<!-- This site is optimized with the Yoast SEO plugin v26.8 - https:\/\/yoast.com\/product\/yoast-seo-wordpress\/ -->\n<title>BMW suma\u017eino visi\u0161kai elektrini\u0173 iX1 ir iX2 elektrini\u0173 modeli\u0173 kainas - Eautomobiliai.lt<\/title>\n<meta name=\"robots\" content=\"index, follow, max-snippet:-1, max-image-preview:large, max-video-preview:-1\" \/>\n<link rel=\"canonical\" href=\"http:\/\/eautomobiliai.lt\/index.php\/2026\/03\/31\/bmw-sumazino-visiskai-elektriniu-ix1-ir-ix2-elektriniu-modeliu-kainas\/\" \/>\n<meta property=\"og:locale\" content=\"lt_LT\" \/>\n<meta property=\"og:type\" content=\"article\" \/>\n<meta property=\"og:title\" content=\"BMW suma\u017eino visi\u0161kai elektrini\u0173 iX1 ir iX2 elektrini\u0173 modeli\u0173 kainas - Eautomobiliai.lt\" \/>\n<meta property=\"og:description\" content=\"Vokietijos prabangi\u0173 automobili\u0173 gamintojas BMW paskelb\u0117 naujas Australijos visi\u0161kai elektrini\u0173 iX1 ir iX2 modeli\u0173 kainas, kuri\u0173 abiej\u0173 kainos dabar prasideda&hellip;\" \/>\n<meta property=\"og:url\" content=\"http:\/\/eautomobiliai.lt\/index.php\/2026\/03\/31\/bmw-sumazino-visiskai-elektriniu-ix1-ir-ix2-elektriniu-modeliu-kainas\/\" \/>\n<meta property=\"og:site_name\" content=\"Eautomobiliai.lt\" \/>\n<meta property=\"article:published_time\" content=\"2026-03-31T03:43:50+00:00\" \/>\n<meta property=\"og:image\" content=\"http:\/\/eautomobiliai.lt\/wp-content\/uploads\/2026\/03\/BMW-sumazino-visiskai-elektriniu-iX1-ir-iX2-elektriniu-modeliu-kainas.jpg\" \/>\n\t<meta property=\"og:image:width\" content=\"1280\" \/>\n\t<meta property=\"og:image:height\" content=\"967\" \/>\n\t<meta property=\"og:image:type\" content=\"image\/jpeg\" \/>\n<meta name=\"author\" content=\"admin\" \/>\n<meta name=\"twitter:card\" content=\"summary_large_image\" \/>\n<meta name=\"twitter:label1\" content=\"Written by\" \/>\n\t<meta name=\"twitter:data1\" content=\"admin\" \/>\n\t<meta name=\"twitter:label2\" content=\"Est. reading time\" \/>\n\t<meta name=\"twitter:data2\" content=\"2 minut\u0117s\" \/>\n<script type=\"application\/ld+json\" class=\"yoast-schema-graph\">{\"@context\":\"https:\/\/schema.org\",\"@graph\":[{\"@type\":\"Article\",\"@id\":\"http:\/\/eautomobiliai.lt\/index.php\/2026\/03\/31\/bmw-sumazino-visiskai-elektriniu-ix1-ir-ix2-elektriniu-modeliu-kainas\/#article\",\"isPartOf\":{\"@id\":\"http:\/\/eautomobiliai.lt\/index.php\/2026\/03\/31\/bmw-sumazino-visiskai-elektriniu-ix1-ir-ix2-elektriniu-modeliu-kainas\/\"},\"author\":{\"name\":\"admin\",\"@id\":\"https:\/\/eautomobiliai.lt\/#\/schema\/person\/ecf2a967f361217d056061f74deb92f2\"},\"headline\":\"BMW suma\u017eino visi\u0161kai elektrini\u0173 iX1 ir iX2 elektrini\u0173 modeli\u0173 kainas\",\"datePublished\":\"2026-03-31T03:43:50+00:00\",\"mainEntityOfPage\":{\"@id\":\"http:\/\/eautomobiliai.lt\/index.php\/2026\/03\/31\/bmw-sumazino-visiskai-elektriniu-ix1-ir-ix2-elektriniu-modeliu-kainas\/\"},\"wordCount\":323,\"commentCount\":0,\"image\":{\"@id\":\"http:\/\/eautomobiliai.lt\/index.php\/2026\/03\/31\/bmw-sumazino-visiskai-elektriniu-ix1-ir-ix2-elektriniu-modeliu-kainas\/#primaryimage\"},\"thumbnailUrl\":\"http:\/\/eautomobiliai.lt\/wp-content\/uploads\/2026\/03\/BMW-sumazino-visiskai-elektriniu-iX1-ir-iX2-elektriniu-modeliu-kainas.jpg\",\"keywords\":[\"BMW\",\"elektrini\u0173\",\"iX1\",\"iX2\",\"kainas\",\"modeli\u0173\",\"suma\u017eino\",\"visi\u0161kai\"],\"articleSection\":[\"eAUTOMOBILI\u0172 TECHNIN\u0116 PUS\u0116\"],\"inLanguage\":\"lt-LT\",\"potentialAction\":[{\"@type\":\"CommentAction\",\"name\":\"Comment\",\"target\":[\"http:\/\/eautomobiliai.lt\/index.php\/2026\/03\/31\/bmw-sumazino-visiskai-elektriniu-ix1-ir-ix2-elektriniu-modeliu-kainas\/#respond\"]}]},{\"@type\":\"WebPage\",\"@id\":\"http:\/\/eautomobiliai.lt\/index.php\/2026\/03\/31\/bmw-sumazino-visiskai-elektriniu-ix1-ir-ix2-elektriniu-modeliu-kainas\/\",\"url\":\"http:\/\/eautomobiliai.lt\/index.php\/2026\/03\/31\/bmw-sumazino-visiskai-elektriniu-ix1-ir-ix2-elektriniu-modeliu-kainas\/\",\"name\":\"BMW suma\u017eino visi\u0161kai elektrini\u0173 iX1 ir iX2 elektrini\u0173 modeli\u0173 kainas - Eautomobiliai.lt\",\"isPartOf\":{\"@id\":\"https:\/\/eautomobiliai.lt\/#website\"},\"primaryImageOfPage\":{\"@id\":\"http:\/\/eautomobiliai.lt\/index.php\/2026\/03\/31\/bmw-sumazino-visiskai-elektriniu-ix1-ir-ix2-elektriniu-modeliu-kainas\/#primaryimage\"},\"image\":{\"@id\":\"http:\/\/eautomobiliai.lt\/index.php\/2026\/03\/31\/bmw-sumazino-visiskai-elektriniu-ix1-ir-ix2-elektriniu-modeliu-kainas\/#primaryimage\"},\"thumbnailUrl\":\"http:\/\/eautomobiliai.lt\/wp-content\/uploads\/2026\/03\/BMW-sumazino-visiskai-elektriniu-iX1-ir-iX2-elektriniu-modeliu-kainas.jpg\",\"datePublished\":\"2026-03-31T03:43:50+00:00\",\"author\":{\"@id\":\"https:\/\/eautomobiliai.lt\/#\/schema\/person\/ecf2a967f361217d056061f74deb92f2\"},\"breadcrumb\":{\"@id\":\"http:\/\/eautomobiliai.lt\/index.php\/2026\/03\/31\/bmw-sumazino-visiskai-elektriniu-ix1-ir-ix2-elektriniu-modeliu-kainas\/#breadcrumb\"},\"inLanguage\":\"lt-LT\",\"potentialAction\":[{\"@type\":\"ReadAction\",\"target\":[\"http:\/\/eautomobiliai.lt\/index.php\/2026\/03\/31\/bmw-sumazino-visiskai-elektriniu-ix1-ir-ix2-elektriniu-modeliu-kainas\/\"]}]},{\"@type\":\"ImageObject\",\"inLanguage\":\"lt-LT\",\"@id\":\"http:\/\/eautomobiliai.lt\/index.php\/2026\/03\/31\/bmw-sumazino-visiskai-elektriniu-ix1-ir-ix2-elektriniu-modeliu-kainas\/#primaryimage\",\"url\":\"http:\/\/eautomobiliai.lt\/wp-content\/uploads\/2026\/03\/BMW-sumazino-visiskai-elektriniu-iX1-ir-iX2-elektriniu-modeliu-kainas.jpg\",\"contentUrl\":\"http:\/\/eautomobiliai.lt\/wp-content\/uploads\/2026\/03\/BMW-sumazino-visiskai-elektriniu-iX1-ir-iX2-elektriniu-modeliu-kainas.jpg\",\"width\":1280,\"height\":967},{\"@type\":\"BreadcrumbList\",\"@id\":\"http:\/\/eautomobiliai.lt\/index.php\/2026\/03\/31\/bmw-sumazino-visiskai-elektriniu-ix1-ir-ix2-elektriniu-modeliu-kainas\/#breadcrumb\",\"itemListElement\":[{\"@type\":\"ListItem\",\"position\":1,\"name\":\"Home\",\"item\":\"https:\/\/eautomobiliai.lt\/\"},{\"@type\":\"ListItem\",\"position\":2,\"name\":\"BMW suma\u017eino visi\u0161kai elektrini\u0173 iX1 ir iX2 elektrini\u0173 modeli\u0173 kainas\"}]},{\"@type\":\"WebSite\",\"@id\":\"https:\/\/eautomobiliai.lt\/#website\",\"url\":\"https:\/\/eautomobiliai.lt\/\",\"name\":\"Eautomobiliai.lt\",\"description\":\"Elektrinis transportas, technologijos\",\"potentialAction\":[{\"@type\":\"SearchAction\",\"target\":{\"@type\":\"EntryPoint\",\"urlTemplate\":\"https:\/\/eautomobiliai.lt\/?s={search_term_string}\"},\"query-input\":{\"@type\":\"PropertyValueSpecification\",\"valueRequired\":true,\"valueName\":\"search_term_string\"}}],\"inLanguage\":\"lt-LT\"},{\"@type\":\"Person\",\"@id\":\"https:\/\/eautomobiliai.lt\/#\/schema\/person\/ecf2a967f361217d056061f74deb92f2\",\"name\":\"admin\",\"image\":{\"@type\":\"ImageObject\",\"inLanguage\":\"lt-LT\",\"@id\":\"https:\/\/eautomobiliai.lt\/#\/schema\/person\/image\/\",\"url\":\"https:\/\/secure.gravatar.com\/avatar\/6323379efae0c70c686c7905444d6bbd?s=96&d=mm&r=g\",\"contentUrl\":\"https:\/\/secure.gravatar.com\/avatar\/6323379efae0c70c686c7905444d6bbd?s=96&d=mm&r=g\",\"caption\":\"admin\"},\"sameAs\":[\"http:\/\/eautomobiliai.lt\"],\"url\":\"http:\/\/eautomobiliai.lt\/index.php\/author\/admin\/\"}]}<\/script>\n<!-- \/ Yoast SEO plugin. -->","yoast_head_json":{"title":"BMW suma\u017eino visi\u0161kai elektrini\u0173 iX1 ir iX2 elektrini\u0173 modeli\u0173 kainas - Eautomobiliai.lt","robots":{"index":"index","follow":"follow","max-snippet":"max-snippet:-1","max-image-preview":"max-image-preview:large","max-video-preview":"max-video-preview:-1"},"canonical":"http:\/\/eautomobiliai.lt\/index.php\/2026\/03\/31\/bmw-sumazino-visiskai-elektriniu-ix1-ir-ix2-elektriniu-modeliu-kainas\/","og_locale":"lt_LT","og_type":"article","og_title":"BMW suma\u017eino visi\u0161kai elektrini\u0173 iX1 ir iX2 elektrini\u0173 modeli\u0173 kainas - Eautomobiliai.lt","og_description":"Vokietijos prabangi\u0173 automobili\u0173 gamintojas BMW paskelb\u0117 naujas Australijos visi\u0161kai elektrini\u0173 iX1 ir iX2 modeli\u0173 kainas, kuri\u0173 abiej\u0173 kainos dabar prasideda&hellip;","og_url":"http:\/\/eautomobiliai.lt\/index.php\/2026\/03\/31\/bmw-sumazino-visiskai-elektriniu-ix1-ir-ix2-elektriniu-modeliu-kainas\/","og_site_name":"Eautomobiliai.lt","article_published_time":"2026-03-31T03:43:50+00:00","og_image":[{"width":1280,"height":967,"url":"http:\/\/eautomobiliai.lt\/wp-content\/uploads\/2026\/03\/BMW-sumazino-visiskai-elektriniu-iX1-ir-iX2-elektriniu-modeliu-kainas.jpg","type":"image\/jpeg"}],"author":"admin","twitter_card":"summary_large_image","twitter_misc":{"Written by":"admin","Est. reading time":"2 minut\u0117s"},"schema":{"@context":"https:\/\/schema.org","@graph":[{"@type":"Article","@id":"http:\/\/eautomobiliai.lt\/index.php\/2026\/03\/31\/bmw-sumazino-visiskai-elektriniu-ix1-ir-ix2-elektriniu-modeliu-kainas\/#article","isPartOf":{"@id":"http:\/\/eautomobiliai.lt\/index.php\/2026\/03\/31\/bmw-sumazino-visiskai-elektriniu-ix1-ir-ix2-elektriniu-modeliu-kainas\/"},"author":{"name":"admin","@id":"https:\/\/eautomobiliai.lt\/#\/schema\/person\/ecf2a967f361217d056061f74deb92f2"},"headline":"BMW suma\u017eino visi\u0161kai elektrini\u0173 iX1 ir iX2 elektrini\u0173 modeli\u0173 kainas","datePublished":"2026-03-31T03:43:50+00:00","mainEntityOfPage":{"@id":"http:\/\/eautomobiliai.lt\/index.php\/2026\/03\/31\/bmw-sumazino-visiskai-elektriniu-ix1-ir-ix2-elektriniu-modeliu-kainas\/"},"wordCount":323,"commentCount":0,"image":{"@id":"http:\/\/eautomobiliai.lt\/index.php\/2026\/03\/31\/bmw-sumazino-visiskai-elektriniu-ix1-ir-ix2-elektriniu-modeliu-kainas\/#primaryimage"},"thumbnailUrl":"http:\/\/eautomobiliai.lt\/wp-content\/uploads\/2026\/03\/BMW-sumazino-visiskai-elektriniu-iX1-ir-iX2-elektriniu-modeliu-kainas.jpg","keywords":["BMW","elektrini\u0173","iX1","iX2","kainas","modeli\u0173","suma\u017eino","visi\u0161kai"],"articleSection":["eAUTOMOBILI\u0172 TECHNIN\u0116 PUS\u0116"],"inLanguage":"lt-LT","potentialAction":[{"@type":"CommentAction","name":"Comment","target":["http:\/\/eautomobiliai.lt\/index.php\/2026\/03\/31\/bmw-sumazino-visiskai-elektriniu-ix1-ir-ix2-elektriniu-modeliu-kainas\/#respond"]}]},{"@type":"WebPage","@id":"http:\/\/eautomobiliai.lt\/index.php\/2026\/03\/31\/bmw-sumazino-visiskai-elektriniu-ix1-ir-ix2-elektriniu-modeliu-kainas\/","url":"http:\/\/eautomobiliai.lt\/index.php\/2026\/03\/31\/bmw-sumazino-visiskai-elektriniu-ix1-ir-ix2-elektriniu-modeliu-kainas\/","name":"BMW suma\u017eino visi\u0161kai elektrini\u0173 iX1 ir iX2 elektrini\u0173 modeli\u0173 kainas - Eautomobiliai.lt","isPartOf":{"@id":"https:\/\/eautomobiliai.lt\/#website"},"primaryImageOfPage":{"@id":"http:\/\/eautomobiliai.lt\/index.php\/2026\/03\/31\/bmw-sumazino-visiskai-elektriniu-ix1-ir-ix2-elektriniu-modeliu-kainas\/#primaryimage"},"image":{"@id":"http:\/\/eautomobiliai.lt\/index.php\/2026\/03\/31\/bmw-sumazino-visiskai-elektriniu-ix1-ir-ix2-elektriniu-modeliu-kainas\/#primaryimage"},"thumbnailUrl":"http:\/\/eautomobiliai.lt\/wp-content\/uploads\/2026\/03\/BMW-sumazino-visiskai-elektriniu-iX1-ir-iX2-elektriniu-modeliu-kainas.jpg","datePublished":"2026-03-31T03:43:50+00:00","author":{"@id":"https:\/\/eautomobiliai.lt\/#\/schema\/person\/ecf2a967f361217d056061f74deb92f2"},"breadcrumb":{"@id":"http:\/\/eautomobiliai.lt\/index.php\/2026\/03\/31\/bmw-sumazino-visiskai-elektriniu-ix1-ir-ix2-elektriniu-modeliu-kainas\/#breadcrumb"},"inLanguage":"lt-LT","potentialAction":[{"@type":"ReadAction","target":["http:\/\/eautomobiliai.lt\/index.php\/2026\/03\/31\/bmw-sumazino-visiskai-elektriniu-ix1-ir-ix2-elektriniu-modeliu-kainas\/"]}]},{"@type":"ImageObject","inLanguage":"lt-LT","@id":"http:\/\/eautomobiliai.lt\/index.php\/2026\/03\/31\/bmw-sumazino-visiskai-elektriniu-ix1-ir-ix2-elektriniu-modeliu-kainas\/#primaryimage","url":"http:\/\/eautomobiliai.lt\/wp-content\/uploads\/2026\/03\/BMW-sumazino-visiskai-elektriniu-iX1-ir-iX2-elektriniu-modeliu-kainas.jpg","contentUrl":"http:\/\/eautomobiliai.lt\/wp-content\/uploads\/2026\/03\/BMW-sumazino-visiskai-elektriniu-iX1-ir-iX2-elektriniu-modeliu-kainas.jpg","width":1280,"height":967},{"@type":"BreadcrumbList","@id":"http:\/\/eautomobiliai.lt\/index.php\/2026\/03\/31\/bmw-sumazino-visiskai-elektriniu-ix1-ir-ix2-elektriniu-modeliu-kainas\/#breadcrumb","itemListElement":[{"@type":"ListItem","position":1,"name":"Home","item":"https:\/\/eautomobiliai.lt\/"},{"@type":"ListItem","position":2,"name":"BMW suma\u017eino visi\u0161kai elektrini\u0173 iX1 ir iX2 elektrini\u0173 modeli\u0173 kainas"}]},{"@type":"WebSite","@id":"https:\/\/eautomobiliai.lt\/#website","url":"https:\/\/eautomobiliai.lt\/","name":"Eautomobiliai.lt","description":"Elektrinis transportas, technologijos","potentialAction":[{"@type":"SearchAction","target":{"@type":"EntryPoint","urlTemplate":"https:\/\/eautomobiliai.lt\/?s={search_term_string}"},"query-input":{"@type":"PropertyValueSpecification","valueRequired":true,"valueName":"search_term_string"}}],"inLanguage":"lt-LT"},{"@type":"Person","@id":"https:\/\/eautomobiliai.lt\/#\/schema\/person\/ecf2a967f361217d056061f74deb92f2","name":"admin","image":{"@type":"ImageObject","inLanguage":"lt-LT","@id":"https:\/\/eautomobiliai.lt\/#\/schema\/person\/image\/","url":"https:\/\/secure.gravatar.com\/avatar\/6323379efae0c70c686c7905444d6bbd?s=96&d=mm&r=g","contentUrl":"https:\/\/secure.gravatar.com\/avatar\/6323379efae0c70c686c7905444d6bbd?s=96&d=mm&r=g","caption":"admin"},"sameAs":["http:\/\/eautomobiliai.lt"],"url":"http:\/\/eautomobiliai.lt\/index.php\/author\/admin\/"}]}},"_links":{"self":[{"href":"http:\/\/eautomobiliai.lt\/index.php\/wp-json\/wp\/v2\/posts\/3884","targetHints":{"allow":["GET"]}}],"collection":[{"href":"http:\/\/eautomobiliai.lt\/index.php\/wp-json\/wp\/v2\/posts"}],"about":[{"href":"http:\/\/eautomobiliai.lt\/index.php\/wp-json\/wp\/v2\/types\/post"}],"author":[{"embeddable":true,"href":"http:\/\/eautomobiliai.lt\/index.php\/wp-json\/wp\/v2\/users\/1"}],"replies":[{"embeddable":true,"href":"http:\/\/eautomobiliai.lt\/index.php\/wp-json\/wp\/v2\/comments?post=3884"}],"version-history":[{"count":0,"href":"http:\/\/eautomobiliai.lt\/index.php\/wp-json\/wp\/v2\/posts\/3884\/revisions"}],"wp:featuredmedia":[{"embeddable":true,"href":"http:\/\/eautomobiliai.lt\/index.php\/wp-json\/wp\/v2\/media\/3885"}],"wp:attachment":[{"href":"http:\/\/eautomobiliai.lt\/index.php\/wp-json\/wp\/v2\/media?parent=3884"}],"wp:term":[{"taxonomy":"category","embeddable":true,"href":"http:\/\/eautomobiliai.lt\/index.php\/wp-json\/wp\/v2\/categories?post=3884"},{"taxonomy":"post_tag","embeddable":true,"href":"http:\/\/eautomobiliai.lt\/index.php\/wp-json\/wp\/v2\/tags?post=3884"}],"curies":[{"name":"wp","href":"https:\/\/api.w.org\/{rel}","templated":true}]}}