{"id":3913,"date":"2026-04-02T11:50:53","date_gmt":"2026-04-02T11:50:53","guid":{"rendered":"https:\/\/eautomobiliai.lt\/index.php\/2026\/04\/02\/reiksmingas-taskas-tesla-pardavimu-suolis-elektromobiliu-registraciju-skaicius-smarkiai-isaugo-nes-australijos-vairuotojai-vaziuoja-elektra\/"},"modified":"2026-04-02T11:50:53","modified_gmt":"2026-04-02T11:50:53","slug":"reiksmingas-taskas-tesla-pardavimu-suolis-elektromobiliu-registraciju-skaicius-smarkiai-isaugo-nes-australijos-vairuotojai-vaziuoja-elektra","status":"publish","type":"post","link":"http:\/\/eautomobiliai.lt\/index.php\/2026\/04\/02\/reiksmingas-taskas-tesla-pardavimu-suolis-elektromobiliu-registraciju-skaicius-smarkiai-isaugo-nes-australijos-vairuotojai-vaziuoja-elektra\/","title":{"rendered":"\u201eReik\u0161mingas ta\u0161kas: \u201eTesla\u201c pardavim\u0173 \u0161uolis, elektromobili\u0173 registracij\u0173 skai\u010dius smarkiai i\u0161augo, nes Australijos vairuotojai va\u017eiuoja elektra"},"content":{"rendered":"<p> <br \/>\n<\/p>\n<div id=\"\">\n<p>Pirmieji oficial\u016bs kovo m\u0117nesio elektromobili\u0173 pardavimo duomenys atskleid\u017eia reik\u0161ming\u0105 \u201eTesla\u201c pardavim\u0173 padid\u0117jim\u0105 reaguojant \u012f gil\u0117jan\u010di\u0105 pasaulin\u0119 degal\u0173 kriz\u0119, nors j\u0173 skai\u010di\u0173 ribos tiekimo problemos, d\u0117l kuri\u0173 laukimo laikas pailg\u0117jo keliais m\u0117nesiais.<\/p>\n<p>Ketvirtadien\u012f paskelbti Elektrini\u0173 transporto priemoni\u0173 tarybos duomenys rodo, kad Tesla kovo m\u0117nes\u012f pardav\u0117 3 485 elektromobilius, palyginti su 2 854 t\u0105 pat\u012f m\u0117nes\u012f prie\u0161 metus. Tai buvo did\u017eiausias rodiklis nuo pra\u0117jusi\u0173 met\u0173 rugs\u0117jo, nors jo skai\u010di\u0173 stabd\u0117 atsarg\u0173 tr\u016bkumas ir bendrov\u0117 \u017eada artimiausiais m\u0117nesiais padidinti pasi\u016bl\u0105.<\/p>\n<p>Labiausiai pasirod\u0117 modelis Y, parduotas 2818, \u012fskaitant nauj\u0105 \u0161e\u0161i\u0173 viet\u0173 model\u012f YL, o 3 modelio parduota 667 vienetai.<\/p>\n<p>Tai pad\u0117jo \u201eTesla\u201c bendram kovo ketvir\u010dio pardavimui \u0161oktel\u0117ti iki 7 260, ty 40 procent\u0173 daugiau nei tuo pa\u010diu laikotarpiu prie\u0161 metus, kai jos pardavimai \u010dia nukent\u0117jo d\u0117l atnaujinto modelio Y laukimo, gamyklos pertvarkymo ir klient\u0173 pasiprie\u0161inimo generaliniam direktoriui Elonui Muskui.<\/p>\n<p>EVC skelbia tik \u201eTesla\u201c ir kito EV specialisto \u201ePolestar\u201c duomenis, kuri\u0173 pardavimai suma\u017e\u0117jo iki 160, palyginti su 182 metais anks\u010diau. Duomenys i\u0161 likusios automobili\u0173 pramon\u0117s, \u012fskaitant vis populiar\u0117jan\u010dius Kinijos preki\u0173 \u017eenklus, bus pateikti po Velyk\u0173 i\u0161 Federalini\u0173 automat\u0173 pramon\u0117s r\u016bm\u0173.<\/p>\n<figure id=\"attachment_195202\" aria-describedby=\"caption-attachment-195202\" style=\"width: 1160px\" class=\"wp-caption aligncenter\"><img loading=\"lazy\" decoding=\"async\" class=\"wp-image-195202 size-large\" src=\"https:\/\/thedriven.io\/wp-content\/uploads\/2026\/04\/evc-tesla-1160x397.jpg\" alt=\"kovo m\u0117nesio pardavim\u0173 duomenys \" width=\"1160\" height=\"397\" srcset=\"https:\/\/thedriven.io\/wp-content\/uploads\/2026\/04\/evc-tesla-1160x397.jpg 1160w, https:\/\/thedriven.io\/wp-content\/uploads\/2026\/04\/evc-tesla-388x133.jpg 388w, https:\/\/thedriven.io\/wp-content\/uploads\/2026\/04\/evc-tesla-800x274.jpg 800w, https:\/\/thedriven.io\/wp-content\/uploads\/2026\/04\/evc-tesla-1536x525.jpg 1536w, https:\/\/thedriven.io\/wp-content\/uploads\/2026\/04\/evc-tesla-2048x700.jpg 2048w, https:\/\/thedriven.io\/wp-content\/uploads\/2026\/04\/evc-tesla-120x41.jpg 120w, https:\/\/thedriven.io\/wp-content\/uploads\/2026\/04\/evc-tesla-90x31.jpg 90w, https:\/\/thedriven.io\/wp-content\/uploads\/2026\/04\/evc-tesla-320x109.jpg 320w, https:\/\/thedriven.io\/wp-content\/uploads\/2026\/04\/evc-tesla-560x191.jpg 560w, https:\/\/thedriven.io\/wp-content\/uploads\/2026\/04\/evc-tesla-1920x657.jpg 1920w, https:\/\/thedriven.io\/wp-content\/uploads\/2026\/04\/evc-tesla-150x51.jpg 150w, https:\/\/thedriven.io\/wp-content\/uploads\/2026\/04\/evc-tesla-240x82.jpg 240w, https:\/\/thedriven.io\/wp-content\/uploads\/2026\/04\/evc-tesla-180x62.jpg 180w, https:\/\/thedriven.io\/wp-content\/uploads\/2026\/04\/evc-tesla-640x219.jpg 640w, https:\/\/thedriven.io\/wp-content\/uploads\/2026\/04\/evc-tesla-1120x383.jpg 1120w, https:\/\/thedriven.io\/wp-content\/uploads\/2026\/04\/evc-tesla-1600x547.jpg 1600w, https:\/\/thedriven.io\/wp-content\/uploads\/2026\/04\/evc-tesla-2320x793.jpg 2320w, https:\/\/thedriven.io\/wp-content\/uploads\/2026\/04\/evc-tesla-300x103.jpg 300w, https:\/\/thedriven.io\/wp-content\/uploads\/2026\/04\/evc-tesla.jpg 2480w\" sizes=\"auto, (max-width: 1160px) 100vw, 1160px\"\/><figcaption id=\"caption-attachment-195202\" class=\"wp-caption-text\">\u0160altinis: EVC.<\/figcaption><\/figure>\n<p>Ta\u010diau kiti rodikliai yra stipr\u016bs. Carloop pa\u017eymi, kad NSW, did\u017eiausioje \u0161alies rinkoje, EV registracija kovo m\u0117nes\u012f \u0161oktel\u0117jo 50 proc., o ACT EV pardavimai v\u0117l vir\u0161ijo 25 proc., o bendras skai\u010dius vir\u0161ijo 15 000, o bendra esamo parko dalis sudaro 5 procentus pirmaujan\u010dios \u0161alies.<\/p>\n<p>Draudimo u\u017eklaus\u0173 ir aukcion\u0173 u\u017eklaus\u0173 taip pat padaug\u0117jo, EVC pa\u017eym\u0117jus, kad EV pardavimai kovo m\u0117nes\u012f Pickles i\u0161augo 60 proc., palyginti su vasario m\u0117n., o EV paie\u0161k\u0173 Pickles svetain\u0117je, palyginti su m\u0117nesiu, padid\u0117jo 163 proc.<\/p>\n<p>EVC generalin\u0117 direktor\u0117 Julie Delvecchio sako, kad \u0161ie skai\u010diai atspindi esmin\u012f austral\u0173 m\u0105stymo apie elektromobilius poky\u010dius.<\/p>\n<p><em>\u201c<\/em>Tai, k\u0105 matome, yra l\u016b\u017eio ta\u0161kas\u201c, \u2013 sak\u0117 ji.\u201c Degal\u0173 kriz\u0117 nesuk\u0117l\u0117 susidom\u0117jimo elektromobiliais \u2013 tai paspartino jau vykstan\u010dius poky\u010dius. M\u016bs\u0173 svetain\u0117je per pastar\u0105j\u012f m\u0117nes\u012f buvo per\u017ei\u016br\u0117ta beveik 100 000 puslapi\u0173 per\u017ei\u016br\u0173, ty 71 % daugiau, o 97 % lankytoj\u0173 apsilank\u0117 m\u016bs\u0173 svetain\u0117je. Lankomiausias puslapis? \u201eElektroniniai automobiliai prieinami Australijoje\u201c. Australai yra pasireng\u0119 \u2013 pramon\u0117 turi juos ten patenkinti.<\/p>\n<p>&#8222;Elektromobili\u0173 vairuotojai skatina \u0161alies atsparum\u0105 degalams, ma\u017eindami i\u0161laidas savo nam\u0173 \u016bkiui. Tai dar niekada nebuvo taip svarbu, kaip dabar, atsi\u017evelgiant \u012f premjero kreipim\u0105si, raginant\u012f atsakingai naudoti benzin\u0105 ir dyzelin\u0105 ir &#8222;taupyti degalus \u017emon\u0117ms, kurie neturi kito pasirinkimo kaip vairuoti&#8221;.<\/p>\n<p>\u201eNepastovios pasaulin\u0117s naftos rinkos kei\u010dia pokalb\u012f. Australai nebeklausia, ar elektromobiliai yra ateitis. Jie klausia, kur\u012f i\u0161 j\u0173 gal\u0117s \u012fsigyti ir kada.<\/p>\n<p>\u201eTesla\u201c \u0161alies direktorius Thom Drew teigia, kad bus daugiau atsarg\u0173, o kai kuri\u0173 variant\u0173 laukimo laikas nukeliamas iki gegu\u017e\u0117s m\u0117nesio d\u0117l didel\u0117s paklausos.<\/p>\n<p>\u201eDegal\u0173 kriz\u0117 ver\u010dia australus ie\u0161koti didesnio tikrumo \u2013 tiek d\u0117l energijos, tiek d\u0117l pragyvenimo i\u0161laid\u0173 \u2013 ir elektromobiliai u\u017etikrina b\u016btent tai\u201c, \u2013 ret\u0105 komentar\u0105 apie vietos pardavimo duomenis sak\u0117 Drew.<\/p>\n<p>\u201eMatome, kad didel\u0117 klient\u0173 paklausa i\u0161valo vietines atsargas, tod\u0117l padidiname antrojo ketvir\u010dio pasi\u016bl\u0105, o per ateinan\u010dias savaites atvyks daugiau transporto priemoni\u0173.<\/p>\n<p>\u201ePolestar Australia\u201c vadovas Scottas Maynardas taip pat sak\u0117, kad rinka kei\u010diasi.<\/p>\n<p>&#8222;Klientai ai\u0161kiai jau\u010dia skubum\u0105, o tai lemia didel\u012f u\u017esakym\u0173 skai\u010di\u0173. Australijoje did\u0117ja susidom\u0117jimas Polestar elektromobiliais&#8221;, &#8211; sak\u0117 jis.<\/p>\n<p>\u201eBandomojo va\u017eiavimo u\u017esakym\u0173 skai\u010dius per pastar\u0105sias dvi savaites i\u0161augo trigubai, o srautas \u012f m\u016bs\u0173 salonus yra tai, k\u0105 tik\u0117jom\u0117s pamatyti per i\u0161pardavimo rengin\u012f. Buvo atskleista pa\u017eeid\u017eiama m\u016bs\u0173 \u0161alies degal\u0173 saugumo b\u016bkl\u0117 ir ji stebuklingai nepager\u0117s, kai pasibaigs dabartin\u0117 kriz\u0117.<\/p>\n<p>\u201eVW\u201c, \u201eHyundai\u201c ir \u201eAudi\u201c taip pat teig\u0117, kad susidom\u0117jimas akivaizd\u017eiai auga, nors j\u0173 elektromobili\u0173 pardavimo duomenys kartu su likusia pramon\u0117s dalimi bus paskelbti tik kit\u0105 antradien\u012f.<\/p>\n<p>\u201eHyundai pastebi akivaizd\u0173 vartotoj\u0173 susidom\u0117jimo elektra varomomis transporto priemon\u0117mis augim\u0105, nes australai reaguoja \u012f kylan\u010dias benzino kainas ir padid\u0117jus\u012f pasaulin\u0117s degal\u0173 rinkos neapibr\u0117\u017etum\u0105\u201c, \u2013 sakoma \u201eHyundai\u201c vadovo Gavino Donaldsono prane\u0161ime.<\/p>\n<p>\u201e\u0160ios s\u0105lygos pagreitina per\u0117jim\u0105 prie elektromobili\u0173, kurie si\u016blo ma\u017eesnes eksploatavimo i\u0161laidas, didesn\u012f energetin\u012f saugum\u0105 ir suma\u017eina tarptautini\u0173 tiekimo sukr\u0117tim\u0173 poveik\u012f.<\/p>\n<p>Taip pat \u017ei\u016br\u0117kite: Kovo m\u0117nes\u012f elektromobili\u0173 registracij\u0173 skai\u010dius i\u0161augo 50 proc., kai australai pradeda elektr\u0105 per kuro kriz\u0119<\/p>\n<p>Ir: Australijos elektromobili\u0173 pardavimas pagal m\u0117nes\u012f 2026 m.; pagal model\u012f ir prek\u0117s \u017eenkl\u0105<\/p>\n<div class=\"saboxplugin-wrap\" itemtype=\"http:\/\/schema.org\/Person\" itemscope=\"\" itemprop=\"author\">\n<div class=\"saboxplugin-tab\">\n<div class=\"saboxplugin-gravatar\"><img decoding=\"async\" width=\"100\" height=\"100\" alt=\"Gilesas Parkinsonas\" itemprop=\"image\" loading=\"lazy\" class=\"native-lazyload-js-fallback\" src=\"https:\/\/b2232832.smushcdn.com\/2232832\/wp-content\/uploads\/2021\/11\/giles_100x100.jpg?lossy=1&amp;strip=0&amp;webp=1\"\/><img loading=\"lazy\" decoding=\"async\" src=\"https:\/\/thedriven.io\/wp-content\/uploads\/2021\/11\/giles_100x100.jpg\" width=\"100\" height=\"100\" alt=\"Gilesas Parkinsonas\" itemprop=\"image\"\/><\/div>\n<div class=\"saboxplugin-desc\">\n<div itemprop=\"description\">\n<p>Gilesas Parkinsonas yra \u201eThe Driven\u201c \u012fk\u016br\u0117jas ir redaktorius, taip pat redaguoja ir \u012fk\u016br\u0117 \u201eRenew Economy\u201c ir \u201eOne Step Off The Grid\u201c svetaines. Jis dirba \u017eurnalistu beveik 40 met\u0173, yra buv\u0119s verslo atstovas ir Australijos finansin\u0117s ap\u017evalgos redaktoriaus pavaduotojas, jam priklauso Tesla Model 3.<\/p>\n<\/div>\n<\/div>\n<\/div>\n<\/div>\n<p><!-- AI CONTENT END 1 --><\/p><\/div>\n<p><br \/>\n<br \/><a href=\"https:\/\/thedriven.io\/2026\/04\/02\/tipping-point-tesla-sales-surge-ev-registrations-up-sharply-as-australian-drivers-go-electric\/\">Source link <\/a><\/p>\n","protected":false},"excerpt":{"rendered":"<p>Pirmieji oficial\u016bs kovo m\u0117nesio elektromobili\u0173 pardavimo duomenys atskleid\u017eia reik\u0161ming\u0105 \u201eTesla\u201c pardavim\u0173 padid\u0117jim\u0105 reaguojant \u012f gil\u0117jan\u010di\u0105 pasaulin\u0119 degal\u0173 kriz\u0119, nors j\u0173&hellip;<\/p>\n","protected":false},"author":1,"featured_media":3682,"comment_status":"open","ping_status":"open","sticky":false,"template":"","format":"standard","meta":{"om_disable_all_campaigns":false,"_monsterinsights_skip_tracking":false,"_monsterinsights_sitenote_active":false,"_monsterinsights_sitenote_note":"","_monsterinsights_sitenote_category":0,"footnotes":""},"categories":[39],"tags":[99,913,191,4621,116,1034,5842,5847,4237,5353,2446,1806,14,3138,1300],"class_list":["post-3913","post","type-post","status-publish","format-standard","has-post-thumbnail","hentry","category-eautomobiliu-technine-puse","tag-australijos","tag-elektra","tag-elektromobiliu","tag-isaugo","tag-nes","tag-pardavimu","tag-registraciju","tag-reiksmingas","tag-skaicius","tag-smarkiai","tag-suolis","tag-taskas","tag-tesla","tag-vairuotojai","tag-vaziuoja"],"aioseo_notices":[],"yoast_head":"<!-- This site is optimized with the Yoast SEO plugin v26.8 - https:\/\/yoast.com\/product\/yoast-seo-wordpress\/ -->\n<title>\u201eReik\u0161mingas ta\u0161kas: \u201eTesla\u201c pardavim\u0173 \u0161uolis, elektromobili\u0173 registracij\u0173 skai\u010dius smarkiai i\u0161augo, nes Australijos vairuotojai va\u017eiuoja elektra - Eautomobiliai.lt<\/title>\n<meta name=\"robots\" content=\"index, follow, max-snippet:-1, max-image-preview:large, max-video-preview:-1\" \/>\n<link rel=\"canonical\" href=\"http:\/\/eautomobiliai.lt\/index.php\/2026\/04\/02\/reiksmingas-taskas-tesla-pardavimu-suolis-elektromobiliu-registraciju-skaicius-smarkiai-isaugo-nes-australijos-vairuotojai-vaziuoja-elektra\/\" \/>\n<meta property=\"og:locale\" content=\"lt_LT\" \/>\n<meta property=\"og:type\" content=\"article\" \/>\n<meta property=\"og:title\" content=\"\u201eReik\u0161mingas ta\u0161kas: \u201eTesla\u201c pardavim\u0173 \u0161uolis, elektromobili\u0173 registracij\u0173 skai\u010dius smarkiai i\u0161augo, nes Australijos vairuotojai va\u017eiuoja elektra - Eautomobiliai.lt\" \/>\n<meta property=\"og:description\" content=\"Pirmieji oficial\u016bs kovo m\u0117nesio elektromobili\u0173 pardavimo duomenys atskleid\u017eia reik\u0161ming\u0105 \u201eTesla\u201c pardavim\u0173 padid\u0117jim\u0105 reaguojant \u012f gil\u0117jan\u010di\u0105 pasaulin\u0119 degal\u0173 kriz\u0119, nors j\u0173&hellip;\" \/>\n<meta property=\"og:url\" content=\"http:\/\/eautomobiliai.lt\/index.php\/2026\/04\/02\/reiksmingas-taskas-tesla-pardavimu-suolis-elektromobiliu-registraciju-skaicius-smarkiai-isaugo-nes-australijos-vairuotojai-vaziuoja-elektra\/\" \/>\n<meta property=\"og:site_name\" content=\"Eautomobiliai.lt\" \/>\n<meta property=\"article:published_time\" content=\"2026-04-02T11:50:53+00:00\" \/>\n<meta property=\"og:image\" content=\"http:\/\/eautomobiliai.lt\/wp-content\/uploads\/2026\/03\/EV-pramone-ragina-federaline-vyriausybe-islaikyti-elektromobiliu-nuolaida.webp.webp\" \/>\n\t<meta property=\"og:image:width\" content=\"1200\" \/>\n\t<meta property=\"og:image:height\" content=\"900\" \/>\n\t<meta property=\"og:image:type\" content=\"image\/webp\" \/>\n<meta name=\"author\" content=\"admin\" \/>\n<meta name=\"twitter:card\" content=\"summary_large_image\" \/>\n<meta name=\"twitter:label1\" content=\"Written by\" \/>\n\t<meta name=\"twitter:data1\" content=\"admin\" \/>\n\t<meta name=\"twitter:label2\" content=\"Est. reading time\" \/>\n\t<meta name=\"twitter:data2\" content=\"4 minut\u0117s\" \/>\n<script type=\"application\/ld+json\" class=\"yoast-schema-graph\">{\"@context\":\"https:\/\/schema.org\",\"@graph\":[{\"@type\":\"Article\",\"@id\":\"http:\/\/eautomobiliai.lt\/index.php\/2026\/04\/02\/reiksmingas-taskas-tesla-pardavimu-suolis-elektromobiliu-registraciju-skaicius-smarkiai-isaugo-nes-australijos-vairuotojai-vaziuoja-elektra\/#article\",\"isPartOf\":{\"@id\":\"http:\/\/eautomobiliai.lt\/index.php\/2026\/04\/02\/reiksmingas-taskas-tesla-pardavimu-suolis-elektromobiliu-registraciju-skaicius-smarkiai-isaugo-nes-australijos-vairuotojai-vaziuoja-elektra\/\"},\"author\":{\"name\":\"admin\",\"@id\":\"http:\/\/eautomobiliai.lt\/#\/schema\/person\/ecf2a967f361217d056061f74deb92f2\"},\"headline\":\"\u201eReik\u0161mingas ta\u0161kas: \u201eTesla\u201c pardavim\u0173 \u0161uolis, elektromobili\u0173 registracij\u0173 skai\u010dius smarkiai i\u0161augo, nes Australijos vairuotojai va\u017eiuoja elektra\",\"datePublished\":\"2026-04-02T11:50:53+00:00\",\"mainEntityOfPage\":{\"@id\":\"http:\/\/eautomobiliai.lt\/index.php\/2026\/04\/02\/reiksmingas-taskas-tesla-pardavimu-suolis-elektromobiliu-registraciju-skaicius-smarkiai-isaugo-nes-australijos-vairuotojai-vaziuoja-elektra\/\"},\"wordCount\":817,\"commentCount\":0,\"image\":{\"@id\":\"http:\/\/eautomobiliai.lt\/index.php\/2026\/04\/02\/reiksmingas-taskas-tesla-pardavimu-suolis-elektromobiliu-registraciju-skaicius-smarkiai-isaugo-nes-australijos-vairuotojai-vaziuoja-elektra\/#primaryimage\"},\"thumbnailUrl\":\"http:\/\/eautomobiliai.lt\/wp-content\/uploads\/2026\/03\/EV-pramone-ragina-federaline-vyriausybe-islaikyti-elektromobiliu-nuolaida.webp.webp\",\"keywords\":[\"Australijos\",\"elektra\",\"elektromobili\u0173\",\"i\u0161augo\",\"nes\",\"pardavim\u0173\",\"registracij\u0173\",\"Reik\u0161mingas\",\"skai\u010dius\",\"smarkiai\",\"\u0161uolis\",\"ta\u0161kas\",\"Tesla\",\"vairuotojai\",\"va\u017eiuoja\"],\"articleSection\":[\"eAUTOMOBILI\u0172 TECHNIN\u0116 PUS\u0116\"],\"inLanguage\":\"lt-LT\",\"potentialAction\":[{\"@type\":\"CommentAction\",\"name\":\"Comment\",\"target\":[\"http:\/\/eautomobiliai.lt\/index.php\/2026\/04\/02\/reiksmingas-taskas-tesla-pardavimu-suolis-elektromobiliu-registraciju-skaicius-smarkiai-isaugo-nes-australijos-vairuotojai-vaziuoja-elektra\/#respond\"]}]},{\"@type\":\"WebPage\",\"@id\":\"http:\/\/eautomobiliai.lt\/index.php\/2026\/04\/02\/reiksmingas-taskas-tesla-pardavimu-suolis-elektromobiliu-registraciju-skaicius-smarkiai-isaugo-nes-australijos-vairuotojai-vaziuoja-elektra\/\",\"url\":\"http:\/\/eautomobiliai.lt\/index.php\/2026\/04\/02\/reiksmingas-taskas-tesla-pardavimu-suolis-elektromobiliu-registraciju-skaicius-smarkiai-isaugo-nes-australijos-vairuotojai-vaziuoja-elektra\/\",\"name\":\"\u201eReik\u0161mingas ta\u0161kas: \u201eTesla\u201c pardavim\u0173 \u0161uolis, elektromobili\u0173 registracij\u0173 skai\u010dius smarkiai i\u0161augo, nes Australijos vairuotojai va\u017eiuoja elektra - Eautomobiliai.lt\",\"isPartOf\":{\"@id\":\"http:\/\/eautomobiliai.lt\/#website\"},\"primaryImageOfPage\":{\"@id\":\"http:\/\/eautomobiliai.lt\/index.php\/2026\/04\/02\/reiksmingas-taskas-tesla-pardavimu-suolis-elektromobiliu-registraciju-skaicius-smarkiai-isaugo-nes-australijos-vairuotojai-vaziuoja-elektra\/#primaryimage\"},\"image\":{\"@id\":\"http:\/\/eautomobiliai.lt\/index.php\/2026\/04\/02\/reiksmingas-taskas-tesla-pardavimu-suolis-elektromobiliu-registraciju-skaicius-smarkiai-isaugo-nes-australijos-vairuotojai-vaziuoja-elektra\/#primaryimage\"},\"thumbnailUrl\":\"http:\/\/eautomobiliai.lt\/wp-content\/uploads\/2026\/03\/EV-pramone-ragina-federaline-vyriausybe-islaikyti-elektromobiliu-nuolaida.webp.webp\",\"datePublished\":\"2026-04-02T11:50:53+00:00\",\"author\":{\"@id\":\"http:\/\/eautomobiliai.lt\/#\/schema\/person\/ecf2a967f361217d056061f74deb92f2\"},\"breadcrumb\":{\"@id\":\"http:\/\/eautomobiliai.lt\/index.php\/2026\/04\/02\/reiksmingas-taskas-tesla-pardavimu-suolis-elektromobiliu-registraciju-skaicius-smarkiai-isaugo-nes-australijos-vairuotojai-vaziuoja-elektra\/#breadcrumb\"},\"inLanguage\":\"lt-LT\",\"potentialAction\":[{\"@type\":\"ReadAction\",\"target\":[\"http:\/\/eautomobiliai.lt\/index.php\/2026\/04\/02\/reiksmingas-taskas-tesla-pardavimu-suolis-elektromobiliu-registraciju-skaicius-smarkiai-isaugo-nes-australijos-vairuotojai-vaziuoja-elektra\/\"]}]},{\"@type\":\"ImageObject\",\"inLanguage\":\"lt-LT\",\"@id\":\"http:\/\/eautomobiliai.lt\/index.php\/2026\/04\/02\/reiksmingas-taskas-tesla-pardavimu-suolis-elektromobiliu-registraciju-skaicius-smarkiai-isaugo-nes-australijos-vairuotojai-vaziuoja-elektra\/#primaryimage\",\"url\":\"http:\/\/eautomobiliai.lt\/wp-content\/uploads\/2026\/03\/EV-pramone-ragina-federaline-vyriausybe-islaikyti-elektromobiliu-nuolaida.webp.webp\",\"contentUrl\":\"http:\/\/eautomobiliai.lt\/wp-content\/uploads\/2026\/03\/EV-pramone-ragina-federaline-vyriausybe-islaikyti-elektromobiliu-nuolaida.webp.webp\",\"width\":1200,\"height\":900},{\"@type\":\"BreadcrumbList\",\"@id\":\"http:\/\/eautomobiliai.lt\/index.php\/2026\/04\/02\/reiksmingas-taskas-tesla-pardavimu-suolis-elektromobiliu-registraciju-skaicius-smarkiai-isaugo-nes-australijos-vairuotojai-vaziuoja-elektra\/#breadcrumb\",\"itemListElement\":[{\"@type\":\"ListItem\",\"position\":1,\"name\":\"Home\",\"item\":\"http:\/\/eautomobiliai.lt\/\"},{\"@type\":\"ListItem\",\"position\":2,\"name\":\"\u201eReik\u0161mingas ta\u0161kas: \u201eTesla\u201c pardavim\u0173 \u0161uolis, elektromobili\u0173 registracij\u0173 skai\u010dius smarkiai i\u0161augo, nes Australijos vairuotojai va\u017eiuoja elektra\"}]},{\"@type\":\"WebSite\",\"@id\":\"http:\/\/eautomobiliai.lt\/#website\",\"url\":\"http:\/\/eautomobiliai.lt\/\",\"name\":\"Eautomobiliai.lt\",\"description\":\"Elektrinis transportas, technologijos\",\"potentialAction\":[{\"@type\":\"SearchAction\",\"target\":{\"@type\":\"EntryPoint\",\"urlTemplate\":\"http:\/\/eautomobiliai.lt\/?s={search_term_string}\"},\"query-input\":{\"@type\":\"PropertyValueSpecification\",\"valueRequired\":true,\"valueName\":\"search_term_string\"}}],\"inLanguage\":\"lt-LT\"},{\"@type\":\"Person\",\"@id\":\"http:\/\/eautomobiliai.lt\/#\/schema\/person\/ecf2a967f361217d056061f74deb92f2\",\"name\":\"admin\",\"image\":{\"@type\":\"ImageObject\",\"inLanguage\":\"lt-LT\",\"@id\":\"http:\/\/eautomobiliai.lt\/#\/schema\/person\/image\/\",\"url\":\"https:\/\/secure.gravatar.com\/avatar\/6323379efae0c70c686c7905444d6bbd?s=96&d=mm&r=g\",\"contentUrl\":\"https:\/\/secure.gravatar.com\/avatar\/6323379efae0c70c686c7905444d6bbd?s=96&d=mm&r=g\",\"caption\":\"admin\"},\"sameAs\":[\"http:\/\/eautomobiliai.lt\"],\"url\":\"http:\/\/eautomobiliai.lt\/index.php\/author\/admin\/\"}]}<\/script>\n<!-- \/ Yoast SEO plugin. -->","yoast_head_json":{"title":"\u201eReik\u0161mingas ta\u0161kas: \u201eTesla\u201c pardavim\u0173 \u0161uolis, elektromobili\u0173 registracij\u0173 skai\u010dius smarkiai i\u0161augo, nes Australijos vairuotojai va\u017eiuoja elektra - Eautomobiliai.lt","robots":{"index":"index","follow":"follow","max-snippet":"max-snippet:-1","max-image-preview":"max-image-preview:large","max-video-preview":"max-video-preview:-1"},"canonical":"http:\/\/eautomobiliai.lt\/index.php\/2026\/04\/02\/reiksmingas-taskas-tesla-pardavimu-suolis-elektromobiliu-registraciju-skaicius-smarkiai-isaugo-nes-australijos-vairuotojai-vaziuoja-elektra\/","og_locale":"lt_LT","og_type":"article","og_title":"\u201eReik\u0161mingas ta\u0161kas: \u201eTesla\u201c pardavim\u0173 \u0161uolis, elektromobili\u0173 registracij\u0173 skai\u010dius smarkiai i\u0161augo, nes Australijos vairuotojai va\u017eiuoja elektra - Eautomobiliai.lt","og_description":"Pirmieji oficial\u016bs kovo m\u0117nesio elektromobili\u0173 pardavimo duomenys atskleid\u017eia reik\u0161ming\u0105 \u201eTesla\u201c pardavim\u0173 padid\u0117jim\u0105 reaguojant \u012f gil\u0117jan\u010di\u0105 pasaulin\u0119 degal\u0173 kriz\u0119, nors j\u0173&hellip;","og_url":"http:\/\/eautomobiliai.lt\/index.php\/2026\/04\/02\/reiksmingas-taskas-tesla-pardavimu-suolis-elektromobiliu-registraciju-skaicius-smarkiai-isaugo-nes-australijos-vairuotojai-vaziuoja-elektra\/","og_site_name":"Eautomobiliai.lt","article_published_time":"2026-04-02T11:50:53+00:00","og_image":[{"width":1200,"height":900,"url":"http:\/\/eautomobiliai.lt\/wp-content\/uploads\/2026\/03\/EV-pramone-ragina-federaline-vyriausybe-islaikyti-elektromobiliu-nuolaida.webp.webp","type":"image\/webp"}],"author":"admin","twitter_card":"summary_large_image","twitter_misc":{"Written by":"admin","Est. reading time":"4 minut\u0117s"},"schema":{"@context":"https:\/\/schema.org","@graph":[{"@type":"Article","@id":"http:\/\/eautomobiliai.lt\/index.php\/2026\/04\/02\/reiksmingas-taskas-tesla-pardavimu-suolis-elektromobiliu-registraciju-skaicius-smarkiai-isaugo-nes-australijos-vairuotojai-vaziuoja-elektra\/#article","isPartOf":{"@id":"http:\/\/eautomobiliai.lt\/index.php\/2026\/04\/02\/reiksmingas-taskas-tesla-pardavimu-suolis-elektromobiliu-registraciju-skaicius-smarkiai-isaugo-nes-australijos-vairuotojai-vaziuoja-elektra\/"},"author":{"name":"admin","@id":"http:\/\/eautomobiliai.lt\/#\/schema\/person\/ecf2a967f361217d056061f74deb92f2"},"headline":"\u201eReik\u0161mingas ta\u0161kas: \u201eTesla\u201c pardavim\u0173 \u0161uolis, elektromobili\u0173 registracij\u0173 skai\u010dius smarkiai i\u0161augo, nes Australijos vairuotojai va\u017eiuoja elektra","datePublished":"2026-04-02T11:50:53+00:00","mainEntityOfPage":{"@id":"http:\/\/eautomobiliai.lt\/index.php\/2026\/04\/02\/reiksmingas-taskas-tesla-pardavimu-suolis-elektromobiliu-registraciju-skaicius-smarkiai-isaugo-nes-australijos-vairuotojai-vaziuoja-elektra\/"},"wordCount":817,"commentCount":0,"image":{"@id":"http:\/\/eautomobiliai.lt\/index.php\/2026\/04\/02\/reiksmingas-taskas-tesla-pardavimu-suolis-elektromobiliu-registraciju-skaicius-smarkiai-isaugo-nes-australijos-vairuotojai-vaziuoja-elektra\/#primaryimage"},"thumbnailUrl":"http:\/\/eautomobiliai.lt\/wp-content\/uploads\/2026\/03\/EV-pramone-ragina-federaline-vyriausybe-islaikyti-elektromobiliu-nuolaida.webp.webp","keywords":["Australijos","elektra","elektromobili\u0173","i\u0161augo","nes","pardavim\u0173","registracij\u0173","Reik\u0161mingas","skai\u010dius","smarkiai","\u0161uolis","ta\u0161kas","Tesla","vairuotojai","va\u017eiuoja"],"articleSection":["eAUTOMOBILI\u0172 TECHNIN\u0116 PUS\u0116"],"inLanguage":"lt-LT","potentialAction":[{"@type":"CommentAction","name":"Comment","target":["http:\/\/eautomobiliai.lt\/index.php\/2026\/04\/02\/reiksmingas-taskas-tesla-pardavimu-suolis-elektromobiliu-registraciju-skaicius-smarkiai-isaugo-nes-australijos-vairuotojai-vaziuoja-elektra\/#respond"]}]},{"@type":"WebPage","@id":"http:\/\/eautomobiliai.lt\/index.php\/2026\/04\/02\/reiksmingas-taskas-tesla-pardavimu-suolis-elektromobiliu-registraciju-skaicius-smarkiai-isaugo-nes-australijos-vairuotojai-vaziuoja-elektra\/","url":"http:\/\/eautomobiliai.lt\/index.php\/2026\/04\/02\/reiksmingas-taskas-tesla-pardavimu-suolis-elektromobiliu-registraciju-skaicius-smarkiai-isaugo-nes-australijos-vairuotojai-vaziuoja-elektra\/","name":"\u201eReik\u0161mingas ta\u0161kas: \u201eTesla\u201c pardavim\u0173 \u0161uolis, elektromobili\u0173 registracij\u0173 skai\u010dius smarkiai i\u0161augo, nes Australijos vairuotojai va\u017eiuoja elektra - Eautomobiliai.lt","isPartOf":{"@id":"http:\/\/eautomobiliai.lt\/#website"},"primaryImageOfPage":{"@id":"http:\/\/eautomobiliai.lt\/index.php\/2026\/04\/02\/reiksmingas-taskas-tesla-pardavimu-suolis-elektromobiliu-registraciju-skaicius-smarkiai-isaugo-nes-australijos-vairuotojai-vaziuoja-elektra\/#primaryimage"},"image":{"@id":"http:\/\/eautomobiliai.lt\/index.php\/2026\/04\/02\/reiksmingas-taskas-tesla-pardavimu-suolis-elektromobiliu-registraciju-skaicius-smarkiai-isaugo-nes-australijos-vairuotojai-vaziuoja-elektra\/#primaryimage"},"thumbnailUrl":"http:\/\/eautomobiliai.lt\/wp-content\/uploads\/2026\/03\/EV-pramone-ragina-federaline-vyriausybe-islaikyti-elektromobiliu-nuolaida.webp.webp","datePublished":"2026-04-02T11:50:53+00:00","author":{"@id":"http:\/\/eautomobiliai.lt\/#\/schema\/person\/ecf2a967f361217d056061f74deb92f2"},"breadcrumb":{"@id":"http:\/\/eautomobiliai.lt\/index.php\/2026\/04\/02\/reiksmingas-taskas-tesla-pardavimu-suolis-elektromobiliu-registraciju-skaicius-smarkiai-isaugo-nes-australijos-vairuotojai-vaziuoja-elektra\/#breadcrumb"},"inLanguage":"lt-LT","potentialAction":[{"@type":"ReadAction","target":["http:\/\/eautomobiliai.lt\/index.php\/2026\/04\/02\/reiksmingas-taskas-tesla-pardavimu-suolis-elektromobiliu-registraciju-skaicius-smarkiai-isaugo-nes-australijos-vairuotojai-vaziuoja-elektra\/"]}]},{"@type":"ImageObject","inLanguage":"lt-LT","@id":"http:\/\/eautomobiliai.lt\/index.php\/2026\/04\/02\/reiksmingas-taskas-tesla-pardavimu-suolis-elektromobiliu-registraciju-skaicius-smarkiai-isaugo-nes-australijos-vairuotojai-vaziuoja-elektra\/#primaryimage","url":"http:\/\/eautomobiliai.lt\/wp-content\/uploads\/2026\/03\/EV-pramone-ragina-federaline-vyriausybe-islaikyti-elektromobiliu-nuolaida.webp.webp","contentUrl":"http:\/\/eautomobiliai.lt\/wp-content\/uploads\/2026\/03\/EV-pramone-ragina-federaline-vyriausybe-islaikyti-elektromobiliu-nuolaida.webp.webp","width":1200,"height":900},{"@type":"BreadcrumbList","@id":"http:\/\/eautomobiliai.lt\/index.php\/2026\/04\/02\/reiksmingas-taskas-tesla-pardavimu-suolis-elektromobiliu-registraciju-skaicius-smarkiai-isaugo-nes-australijos-vairuotojai-vaziuoja-elektra\/#breadcrumb","itemListElement":[{"@type":"ListItem","position":1,"name":"Home","item":"http:\/\/eautomobiliai.lt\/"},{"@type":"ListItem","position":2,"name":"\u201eReik\u0161mingas ta\u0161kas: \u201eTesla\u201c pardavim\u0173 \u0161uolis, elektromobili\u0173 registracij\u0173 skai\u010dius smarkiai i\u0161augo, nes Australijos vairuotojai va\u017eiuoja elektra"}]},{"@type":"WebSite","@id":"http:\/\/eautomobiliai.lt\/#website","url":"http:\/\/eautomobiliai.lt\/","name":"Eautomobiliai.lt","description":"Elektrinis transportas, technologijos","potentialAction":[{"@type":"SearchAction","target":{"@type":"EntryPoint","urlTemplate":"http:\/\/eautomobiliai.lt\/?s={search_term_string}"},"query-input":{"@type":"PropertyValueSpecification","valueRequired":true,"valueName":"search_term_string"}}],"inLanguage":"lt-LT"},{"@type":"Person","@id":"http:\/\/eautomobiliai.lt\/#\/schema\/person\/ecf2a967f361217d056061f74deb92f2","name":"admin","image":{"@type":"ImageObject","inLanguage":"lt-LT","@id":"http:\/\/eautomobiliai.lt\/#\/schema\/person\/image\/","url":"https:\/\/secure.gravatar.com\/avatar\/6323379efae0c70c686c7905444d6bbd?s=96&d=mm&r=g","contentUrl":"https:\/\/secure.gravatar.com\/avatar\/6323379efae0c70c686c7905444d6bbd?s=96&d=mm&r=g","caption":"admin"},"sameAs":["http:\/\/eautomobiliai.lt"],"url":"http:\/\/eautomobiliai.lt\/index.php\/author\/admin\/"}]}},"_links":{"self":[{"href":"http:\/\/eautomobiliai.lt\/index.php\/wp-json\/wp\/v2\/posts\/3913","targetHints":{"allow":["GET"]}}],"collection":[{"href":"http:\/\/eautomobiliai.lt\/index.php\/wp-json\/wp\/v2\/posts"}],"about":[{"href":"http:\/\/eautomobiliai.lt\/index.php\/wp-json\/wp\/v2\/types\/post"}],"author":[{"embeddable":true,"href":"http:\/\/eautomobiliai.lt\/index.php\/wp-json\/wp\/v2\/users\/1"}],"replies":[{"embeddable":true,"href":"http:\/\/eautomobiliai.lt\/index.php\/wp-json\/wp\/v2\/comments?post=3913"}],"version-history":[{"count":0,"href":"http:\/\/eautomobiliai.lt\/index.php\/wp-json\/wp\/v2\/posts\/3913\/revisions"}],"wp:featuredmedia":[{"embeddable":true,"href":"http:\/\/eautomobiliai.lt\/index.php\/wp-json\/wp\/v2\/media\/3682"}],"wp:attachment":[{"href":"http:\/\/eautomobiliai.lt\/index.php\/wp-json\/wp\/v2\/media?parent=3913"}],"wp:term":[{"taxonomy":"category","embeddable":true,"href":"http:\/\/eautomobiliai.lt\/index.php\/wp-json\/wp\/v2\/categories?post=3913"},{"taxonomy":"post_tag","embeddable":true,"href":"http:\/\/eautomobiliai.lt\/index.php\/wp-json\/wp\/v2\/tags?post=3913"}],"curies":[{"name":"wp","href":"https:\/\/api.w.org\/{rel}","templated":true}]}}