{"id":396,"date":"2025-04-06T23:59:15","date_gmt":"2025-04-06T23:59:15","guid":{"rendered":"https:\/\/eautomobiliai.lt\/index.php\/2025\/04\/06\/mg-atskleidzia-busimu-premium-im5-ir-im6-modeliu-specifikacijas\/"},"modified":"2025-04-06T23:59:15","modified_gmt":"2025-04-06T23:59:15","slug":"mg-atskleidzia-busimu-premium-im5-ir-im6-modeliu-specifikacijas","status":"publish","type":"post","link":"http:\/\/eautomobiliai.lt\/index.php\/2025\/04\/06\/mg-atskleidzia-busimu-premium-im5-ir-im6-modeliu-specifikacijas\/","title":{"rendered":"MG atskleid\u017eia b\u016bsim\u0173 \u201ePremium IM5\u201c ir \u201eIM6\u201c modeli\u0173 specifikacijas"},"content":{"rendered":"<p> <br \/>\n<\/p>\n<div id=\"\">\n<p><span style=\"font-weight: 400;\">Pra\u0117jusi\u0105 savait\u0119 mes prane\u0161\u0117me, kad dabar Kinijai priklausantis automobili\u0173 prek\u0117s \u017eenklas \u201eMG\u201c turi i\u0161leisti auk\u0161\u010diausios kokyb\u0117s elektrini\u0173 transporto priemoni\u0173 prek\u0117s \u017eenkl\u0105, pavadint\u0105 IM, Melburno automobili\u0173 parodoje su dviem elektriniais modeliais: \u201eIM5 Sedan\u201c ir \u201eIM6\u201c visureigiu. <\/span><\/p>\n<p><span style=\"font-weight: 400;\">Kaip pa\u017eym\u0117ta, prek\u0117s \u017eenklas dabar juos pristat\u0117 ir atskleid\u0117 pradines specifikacijas apie tai, kas \u0161iais metais vyks \u012f Australij\u0105. Be to, buvo atidarytas interes\u0173 registras tiems, kurie domisi \u0161iais EVS. Kainos dar nepaskelbtos, ta\u010diau grei\u010diausiai jos bus ma\u017edaug 70 000 USD.<\/span><\/p>\n<p>IM yra bendra \u201eMG\u201c patronuojan\u010dios \u012fmon\u0117s, SAIC ir technologij\u0173 bendrov\u0117s \u201eAlibaba Group\u201c \u012fmon\u0117. Tai rei\u0161kia, kad juda \u017evalgyba, o jos transporto priemon\u0117s siekia auk\u0161\u010diausios kokyb\u0117s rinkos pabaigos. Vietos mastu jis bus \u017einomas kaip IM pateiktas Mg variklio.<\/p>\n<p><span style=\"font-weight: 400;\">Tiek sedanas, tiek visureigis pasirodys su vieno motoriniu RWD variantu arba dvigubo motoriniu na\u0161umu, kur\u012f suk\u0117l\u0117 AWD modelis.<\/span><\/p>\n<p><span style=\"font-weight: 400;\">Bus du akumuliatori\u0173 pasi\u016blymai, kuri\u0173 dauguma variant\u0173 bus didesn\u0117 100 kWh akumuliatoriaus pakuot\u0117. \u201eIM6\u201c visureigis taip pat tur\u0117s vien\u0105 RWD variant\u0105 su 75 kWh akumuliatoriaus paketu, kuris pristatys 505 km NEDC asortiment\u0105. Tik\u0117tina, kad WLTP cikle, kuris vis dar yra gana garbingas, WLTP cikle yra ar\u010diau 440 km.<\/span><\/p>\n<figure id=\"attachment_186348\" aria-describedby=\"caption-attachment-186348\" style=\"width: 1200px\" class=\"wp-caption aligncenter\"><img loading=\"lazy\" decoding=\"async\" class=\"size-full wp-image-186348\" src=\"https:\/\/thedriven.io\/wp-content\/uploads\/2025\/03\/IM-L5-Sedan-London.jpg\" alt=\"\" width=\"1200\" height=\"801\" srcset=\"https:\/\/thedriven.io\/wp-content\/uploads\/2025\/03\/IM-L5-Sedan-London.jpg 1200w, https:\/\/thedriven.io\/wp-content\/uploads\/2025\/03\/IM-L5-Sedan-London-388x259.jpg 388w, https:\/\/thedriven.io\/wp-content\/uploads\/2025\/03\/IM-L5-Sedan-London-1160x774.jpg 1160w, https:\/\/thedriven.io\/wp-content\/uploads\/2025\/03\/IM-L5-Sedan-London-800x534.jpg 800w, https:\/\/thedriven.io\/wp-content\/uploads\/2025\/03\/IM-L5-Sedan-London-120x80.jpg 120w, https:\/\/thedriven.io\/wp-content\/uploads\/2025\/03\/IM-L5-Sedan-London-90x60.jpg 90w, https:\/\/thedriven.io\/wp-content\/uploads\/2025\/03\/IM-L5-Sedan-London-320x214.jpg 320w, https:\/\/thedriven.io\/wp-content\/uploads\/2025\/03\/IM-L5-Sedan-London-560x374.jpg 560w, https:\/\/thedriven.io\/wp-content\/uploads\/2025\/03\/IM-L5-Sedan-London-150x100.jpg 150w, https:\/\/thedriven.io\/wp-content\/uploads\/2025\/03\/IM-L5-Sedan-London-240x160.jpg 240w, https:\/\/thedriven.io\/wp-content\/uploads\/2025\/03\/IM-L5-Sedan-London-180x120.jpg 180w, https:\/\/thedriven.io\/wp-content\/uploads\/2025\/03\/IM-L5-Sedan-London-640x427.jpg 640w, https:\/\/thedriven.io\/wp-content\/uploads\/2025\/03\/IM-L5-Sedan-London-1120x748.jpg 1120w, https:\/\/thedriven.io\/wp-content\/uploads\/2025\/03\/IM-L5-Sedan-London-300x200.jpg 300w\" sizes=\"auto, (max-width: 1160px) 100vw, 1160px\"\/><figcaption id=\"caption-attachment-186348\" class=\"wp-caption-text\">Vaizdas: IM pateik\u0117 Mg variklis<\/figcaption><\/figure>\n<p><span style=\"font-weight: 400;\">Didesn\u0117s pakuot\u0117s L5 ir L6 modeliuose pateikia NEDC diapazono duomenis nuo 600 km iki 755 km, kurie tikimasi, kad WLTP cikle bus nuo 500 iki 650 km.<\/span><\/p>\n<p><span style=\"font-weight: 400;\">30\u201380% \u012fkrovimo laikas yra toks pat trumpas, kaip ir \u0161iek tiek daugiau nei 15 minu\u010di\u0173 didesnei baterijai, o ma\u017eesn\u0117 baterija \u012fkrauna tiek per 20 minu\u010di\u0173.<\/span><\/p>\n<p><span style=\"font-weight: 400;\">\u0160ios baterijos tiekia RWD ir AWD j\u0117gos pavartus, kurie \u201ePlatinum AWD\u201c variantuose gali tiekti iki 572 kW galios.<\/span><\/p>\n<p><span style=\"font-weight: 400;\">\u0160ie auk\u0161\u010diausio lygio automobiliai gali \u012fsib\u0117g\u0117ti nuo 0\u2013100 km\/h per 3,48 sekund\u0117s \u201eL6\u201c visureigiui, o sedanas-p\u016bslelin\u0117s 2,74 sekund\u0117s, tod\u0117l jis yra antras grei\u010diausias sedanas rinkoje.<\/span><\/p>\n<p><span style=\"font-weight: 400;\">Abu \u012f technologijas orientuotus modelius rinkoje nusileis kelios unikalios funkcijos, \u012fskaitant keturi\u0173 rat\u0173 vairavimo sistem\u0105, padedan\u010di\u0105 suma\u017einti vidutinio dyd\u017eio automobili\u0173 pos\u016bkio spindul\u012f \u012f vien\u0105 i\u0161 daug ma\u017eesni\u0173 he\u010dbek\u0173.<\/span><\/p>\n<p><span style=\"font-weight: 400;\">Be to, jie pasi\u017eymi kitomis intelektualiomis vairavimo funkcijomis, kurios n\u0117ra matomos vietoje jokiuose modeliuose, \u012fskaitant \u201eVieno jutiklinio atvirk\u0161tinis\u201c. Tai padeda nukreipti vairuotojus i\u0161 sud\u0117ting\u0173 viet\u0173, perkeliant paskutinius 100 metr\u0173. <\/span><\/p>\n<p><span style=\"font-weight: 400;\">Taip pat yra keletas intelektuali\u0173 automobili\u0173 stov\u0117jimo funkcij\u0173, kurios yra daug lengvesn\u0117s, kad vidinis automobili\u0173 stov\u0117jimas b\u016bt\u0173 daug lengvesnis.<\/span><\/p>\n<figure id=\"attachment_186347\" aria-describedby=\"caption-attachment-186347\" style=\"width: 1200px\" class=\"wp-caption aligncenter\"><img decoding=\"async\" class=\"size-full wp-image-186347 native-lazyload-js-fallback\" alt=\"\" width=\"1200\" height=\"697\" loading=\"lazy\" src=\"https:\/\/b2232832.smushcdn.com\/2232832\/wp-content\/uploads\/2025\/03\/IM-L6-SUV-Front.jpg?lossy=1&amp;strip=0&amp;webp=1\" srcset=\"https:\/\/b2232832.smushcdn.com\/2232832\/wp-content\/uploads\/2025\/03\/IM-L6-SUV-Front.jpg?lossy=1&amp;strip=0&amp;webp=1 1200w, https:\/\/b2232832.smushcdn.com\/2232832\/wp-content\/uploads\/2025\/03\/IM-L6-SUV-Front-388x225.jpg?lossy=1&amp;strip=0&amp;webp=1 388w, https:\/\/b2232832.smushcdn.com\/2232832\/wp-content\/uploads\/2025\/03\/IM-L6-SUV-Front-1160x674.jpg?lossy=1&amp;strip=0&amp;webp=1 1160w, https:\/\/b2232832.smushcdn.com\/2232832\/wp-content\/uploads\/2025\/03\/IM-L6-SUV-Front-800x465.jpg?lossy=1&amp;strip=0&amp;webp=1 800w, https:\/\/b2232832.smushcdn.com\/2232832\/wp-content\/uploads\/2025\/03\/IM-L6-SUV-Front-120x70.jpg?lossy=1&amp;strip=0&amp;webp=1 120w, https:\/\/b2232832.smushcdn.com\/2232832\/wp-content\/uploads\/2025\/03\/IM-L6-SUV-Front-90x52.jpg?lossy=1&amp;strip=0&amp;webp=1 90w, https:\/\/b2232832.smushcdn.com\/2232832\/wp-content\/uploads\/2025\/03\/IM-L6-SUV-Front-320x186.jpg?lossy=1&amp;strip=0&amp;webp=1 320w, https:\/\/b2232832.smushcdn.com\/2232832\/wp-content\/uploads\/2025\/03\/IM-L6-SUV-Front-560x325.jpg?lossy=1&amp;strip=0&amp;webp=1 560w, https:\/\/b2232832.smushcdn.com\/2232832\/wp-content\/uploads\/2025\/03\/IM-L6-SUV-Front-150x87.jpg?lossy=1&amp;strip=0&amp;webp=1 150w, https:\/\/b2232832.smushcdn.com\/2232832\/wp-content\/uploads\/2025\/03\/IM-L6-SUV-Front-240x139.jpg?lossy=1&amp;strip=0&amp;webp=1 240w, https:\/\/b2232832.smushcdn.com\/2232832\/wp-content\/uploads\/2025\/03\/IM-L6-SUV-Front-180x105.jpg?lossy=1&amp;strip=0&amp;webp=1 180w, https:\/\/b2232832.smushcdn.com\/2232832\/wp-content\/uploads\/2025\/03\/IM-L6-SUV-Front-640x372.jpg?lossy=1&amp;strip=0&amp;webp=1 640w, https:\/\/b2232832.smushcdn.com\/2232832\/wp-content\/uploads\/2025\/03\/IM-L6-SUV-Front-1120x651.jpg?lossy=1&amp;strip=0&amp;webp=1 1120w, https:\/\/b2232832.smushcdn.com\/2232832\/wp-content\/uploads\/2025\/03\/IM-L6-SUV-Front-300x174.jpg?lossy=1&amp;strip=0&amp;webp=1 300w\" data-sizes=\"(max-width: 1160px) 100vw, 1160px\"\/><img loading=\"lazy\" decoding=\"async\" class=\"size-full wp-image-186347\" src=\"https:\/\/thedriven.io\/wp-content\/uploads\/2025\/03\/IM-L6-SUV-Front.jpg\" alt=\"\" width=\"1200\" height=\"697\" srcset=\"https:\/\/thedriven.io\/wp-content\/uploads\/2025\/03\/IM-L6-SUV-Front.jpg 1200w, https:\/\/thedriven.io\/wp-content\/uploads\/2025\/03\/IM-L6-SUV-Front-388x225.jpg 388w, https:\/\/thedriven.io\/wp-content\/uploads\/2025\/03\/IM-L6-SUV-Front-1160x674.jpg 1160w, https:\/\/thedriven.io\/wp-content\/uploads\/2025\/03\/IM-L6-SUV-Front-800x465.jpg 800w, https:\/\/thedriven.io\/wp-content\/uploads\/2025\/03\/IM-L6-SUV-Front-120x70.jpg 120w, https:\/\/thedriven.io\/wp-content\/uploads\/2025\/03\/IM-L6-SUV-Front-90x52.jpg 90w, https:\/\/thedriven.io\/wp-content\/uploads\/2025\/03\/IM-L6-SUV-Front-320x186.jpg 320w, https:\/\/thedriven.io\/wp-content\/uploads\/2025\/03\/IM-L6-SUV-Front-560x325.jpg 560w, https:\/\/thedriven.io\/wp-content\/uploads\/2025\/03\/IM-L6-SUV-Front-150x87.jpg 150w, https:\/\/thedriven.io\/wp-content\/uploads\/2025\/03\/IM-L6-SUV-Front-240x139.jpg 240w, https:\/\/thedriven.io\/wp-content\/uploads\/2025\/03\/IM-L6-SUV-Front-180x105.jpg 180w, https:\/\/thedriven.io\/wp-content\/uploads\/2025\/03\/IM-L6-SUV-Front-640x372.jpg 640w, https:\/\/thedriven.io\/wp-content\/uploads\/2025\/03\/IM-L6-SUV-Front-1120x651.jpg 1120w, https:\/\/thedriven.io\/wp-content\/uploads\/2025\/03\/IM-L6-SUV-Front-300x174.jpg 300w\" sizes=\"auto, (max-width: 1160px) 100vw, 1160px\"\/><figcaption id=\"caption-attachment-186347\" class=\"wp-caption-text\">Vaizdas: IM pateik\u0117 Mg variklis<\/figcaption><\/figure>\n<p><span style=\"font-weight: 400;\">\u201eMG Motor Australia\u201c generalinis direktorius Peteris Ciao sako, kad \u201eIM5\u201c ir \u201eIM6\u201c technologijos, prabanga ir na\u0161umas steb\u0117s vairuotojus. <\/span><\/p>\n<p><span style=\"font-weight: 400;\">\u201eNegaliu laukti, kol Australijos vairuotojai patirs keturi\u0173 rat\u0173 vairavimo galimybes, AI technologij\u0105 ir auk\u0161\u010diausios kokyb\u0117s apdail\u0105 salone ir \u0161i\u0173 transporto priemoni\u0173 veikim\u0105, jos yra tikrai nuostabios\u201c,-sak\u0117 jis.<\/span><\/p>\n<p><span style=\"font-weight: 400;\">\u201eAustralija bus antroji tarptautin\u0117 rinka, esanti u\u017e m\u016bs\u0173 vidaus Kinijos rinkos rib\u0173, kad i\u0161leist\u0173 IM transporto priemones. Tai \u012frodo Australijos rinkos svarb\u0105 m\u016bs\u0173 prek\u0117s \u017eenklui visame pasaulyje ir taip pat potencial\u0105, kuris, m\u016bs\u0173 manymu, Australijos rinka turi prabangi\u0173 elektrini\u0173 transporto priemoni\u0173. <\/span><\/p>\n<p><span style=\"font-weight: 400;\">&#8222;Tai tikrai gra\u017e\u016bs automobiliai, kurie u\u017egin\u010dys prabangi\u0173 elektrini\u0173 transporto priemoni\u0173 segment\u0105. \u0160ie modeliai ateinan\u010diais m\u0117nesiais prad\u0117s atvykti \u012f Australij\u0105. Negaliu laukti, kol pamatysiu juos kelyje.&#8221;<\/span><\/p>\n<p><span style=\"font-weight: 400;\">Abu modelius bus galima \u012fsigyti v\u0117liau \u0161iais metais su auk\u0161\u010diausios kokyb\u0117s apdaila ir dideliu 26,3 colio ekranu, taip pat antriniu 10,5 colio ekranu.<\/span><\/p>\n<figure id=\"attachment_184144\" aria-describedby=\"caption-attachment-184144\" style=\"width: 885px\" class=\"wp-caption aligncenter\"><img loading=\"lazy\" decoding=\"async\" class=\"size-full wp-image-184144 native-lazyload-js-fallback\" alt=\"\" width=\"885\" height=\"585\" src=\"https:\/\/b2232832.smushcdn.com\/2232832\/wp-content\/uploads\/2024\/12\/IM-L6-Interior.jpg?lossy=1&amp;strip=0&amp;webp=1\" srcset=\"https:\/\/b2232832.smushcdn.com\/2232832\/wp-content\/uploads\/2024\/12\/IM-L6-Interior.jpg?lossy=1&amp;strip=0&amp;webp=1 885w, https:\/\/b2232832.smushcdn.com\/2232832\/wp-content\/uploads\/2024\/12\/IM-L6-Interior-388x256.jpg?lossy=1&amp;strip=0&amp;webp=1 388w, https:\/\/b2232832.smushcdn.com\/2232832\/wp-content\/uploads\/2024\/12\/IM-L6-Interior-800x529.jpg?lossy=1&amp;strip=0&amp;webp=1 800w, https:\/\/b2232832.smushcdn.com\/2232832\/wp-content\/uploads\/2024\/12\/IM-L6-Interior-120x79.jpg?lossy=1&amp;strip=0&amp;webp=1 120w, https:\/\/b2232832.smushcdn.com\/2232832\/wp-content\/uploads\/2024\/12\/IM-L6-Interior-90x59.jpg?lossy=1&amp;strip=0&amp;webp=1 90w, https:\/\/b2232832.smushcdn.com\/2232832\/wp-content\/uploads\/2024\/12\/IM-L6-Interior-320x212.jpg?lossy=1&amp;strip=0&amp;webp=1 320w, https:\/\/b2232832.smushcdn.com\/2232832\/wp-content\/uploads\/2024\/12\/IM-L6-Interior-560x370.jpg?lossy=1&amp;strip=0&amp;webp=1 560w, https:\/\/b2232832.smushcdn.com\/2232832\/wp-content\/uploads\/2024\/12\/IM-L6-Interior-150x99.jpg?lossy=1&amp;strip=0&amp;webp=1 150w, https:\/\/b2232832.smushcdn.com\/2232832\/wp-content\/uploads\/2024\/12\/IM-L6-Interior-240x159.jpg?lossy=1&amp;strip=0&amp;webp=1 240w, https:\/\/b2232832.smushcdn.com\/2232832\/wp-content\/uploads\/2024\/12\/IM-L6-Interior-180x119.jpg?lossy=1&amp;strip=0&amp;webp=1 180w, https:\/\/b2232832.smushcdn.com\/2232832\/wp-content\/uploads\/2024\/12\/IM-L6-Interior-640x423.jpg?lossy=1&amp;strip=0&amp;webp=1 640w, https:\/\/b2232832.smushcdn.com\/2232832\/wp-content\/uploads\/2024\/12\/IM-L6-Interior-300x198.jpg?lossy=1&amp;strip=0&amp;webp=1 300w\" data-sizes=\"auto, (max-width: 885px) 100vw, 885px\"\/><img loading=\"lazy\" decoding=\"async\" class=\"size-full wp-image-184144\" src=\"https:\/\/thedriven.io\/wp-content\/uploads\/2024\/12\/IM-L6-Interior.jpg\" alt=\"\" width=\"885\" height=\"585\" srcset=\"https:\/\/thedriven.io\/wp-content\/uploads\/2024\/12\/IM-L6-Interior.jpg 885w, https:\/\/thedriven.io\/wp-content\/uploads\/2024\/12\/IM-L6-Interior-388x256.jpg 388w, https:\/\/thedriven.io\/wp-content\/uploads\/2024\/12\/IM-L6-Interior-800x529.jpg 800w, https:\/\/thedriven.io\/wp-content\/uploads\/2024\/12\/IM-L6-Interior-120x79.jpg 120w, https:\/\/thedriven.io\/wp-content\/uploads\/2024\/12\/IM-L6-Interior-90x59.jpg 90w, https:\/\/thedriven.io\/wp-content\/uploads\/2024\/12\/IM-L6-Interior-320x212.jpg 320w, https:\/\/thedriven.io\/wp-content\/uploads\/2024\/12\/IM-L6-Interior-560x370.jpg 560w, https:\/\/thedriven.io\/wp-content\/uploads\/2024\/12\/IM-L6-Interior-150x99.jpg 150w, https:\/\/thedriven.io\/wp-content\/uploads\/2024\/12\/IM-L6-Interior-240x159.jpg 240w, https:\/\/thedriven.io\/wp-content\/uploads\/2024\/12\/IM-L6-Interior-180x119.jpg 180w, https:\/\/thedriven.io\/wp-content\/uploads\/2024\/12\/IM-L6-Interior-640x423.jpg 640w, https:\/\/thedriven.io\/wp-content\/uploads\/2024\/12\/IM-L6-Interior-300x198.jpg 300w\" sizes=\"auto, (max-width: 885px) 100vw, 885px\"\/><figcaption id=\"caption-attachment-184144\" class=\"wp-caption-text\">Vaizdas: im<\/figcaption><\/figure>\n<p><span style=\"font-weight: 400;\">Kalbant apie auk\u0161\u010diausios kokyb\u0117s gars\u0105, aplink salon\u0105 strategi\u0161kai yra 20 garsiakalbi\u0173, kurie pristatys kokybi\u0161k\u0105 akustik\u0105. <\/span><\/p>\n<p><span style=\"font-weight: 400;\">Penkiuose \u0161i\u0173 modeli\u0173 variantuose bus si\u016blomos dvi interjero parinktys ir penkios i\u0161orin\u0117s da\u017e\u0173 spalvos.<\/span><\/p>\n<p><span style=\"font-weight: 400;\">Tikimasi, kad abu modeliai bus paleisti v\u0117liau \u0161iais metais, su kain\u0173 nustatymu ir i\u0161samiais specifikacijomis, kuri\u0173 tikimasi artimesni.<\/span><\/p>\n<p><span style=\"font-weight: 400;\">Kitose rinkose, tokiose kaip Tailandas, kur neseniai buvo prad\u0117tos IM, kainos prasideda nuo ma\u017eiau nei 70 000 USD, o tai gali b\u016bti vadovas, kur jis baigiasi Australijoje.<\/span><\/p>\n<p><span style=\"font-weight: 400;\">Pradin\u0117s abiej\u0173 automobili\u0173 specifikacijos yra labai \u012fsp\u016bdingos. Pamat\u0119 \u0161iuos modelius Kinijoje ir patirdami technologijas bei kokyb\u0119, kuri\u0105 siekiu pristatyti, abu automobiliai pad\u0117s MG prek\u0117s \u017eenklui perkelti \u012f nauj\u0105 lyg\u012f.<\/span><\/p>\n<p><b>IM5 ir IM6 specifikacijos<\/b><\/p>\n<table>\n<tbody>\n<tr>\n<td\/>\n<td><b>IM6 RWD<\/b><\/td>\n<td><b>IM6 Platinum RWD<\/b><\/td>\n<td><b>IM6 Platinum AWD<\/b><\/td>\n<td><b>IM5 Platinum RWD<\/b><\/td>\n<td><b>IM5 Platinum AWD<\/b><\/td>\n<\/tr>\n<tr>\n<td><b>Ilgis<\/b><\/td>\n<td><span style=\"font-weight: 400;\">4904<\/span><\/td>\n<td><span style=\"font-weight: 400;\">4904<\/span><\/td>\n<td><span style=\"font-weight: 400;\">4904<\/span><\/td>\n<td><span style=\"font-weight: 400;\">4931<\/span><\/td>\n<td><span style=\"font-weight: 400;\">4931<\/span><\/td>\n<\/tr>\n<tr>\n<td><b>Plotis<\/b><\/td>\n<td><span style=\"font-weight: 400;\">1988 m<\/span><\/td>\n<td><span style=\"font-weight: 400;\">1988 m<\/span><\/td>\n<td><span style=\"font-weight: 400;\">1988 m<\/span><\/td>\n<td><span style=\"font-weight: 400;\">1960 m<\/span><\/td>\n<td><span style=\"font-weight: 400;\">1960 m<\/span><\/td>\n<\/tr>\n<tr>\n<td><b>\u016agis<\/b><\/td>\n<td><span style=\"font-weight: 400;\">1669 m<\/span><\/td>\n<td><span style=\"font-weight: 400;\">1669 m<\/span><\/td>\n<td><span style=\"font-weight: 400;\">1669 m<\/span><\/td>\n<td><span style=\"font-weight: 400;\">1474<\/span><\/td>\n<td><span style=\"font-weight: 400;\">1474<\/span><\/td>\n<\/tr>\n<tr>\n<td><b>Rato baz\u0117<\/b><\/td>\n<td><span style=\"font-weight: 400;\">2950<\/span><\/td>\n<td><span style=\"font-weight: 400;\">2950<\/span><\/td>\n<td><span style=\"font-weight: 400;\">2950<\/span><\/td>\n<td><span style=\"font-weight: 400;\">2950<\/span><\/td>\n<td><span style=\"font-weight: 400;\">2950<\/span><\/td>\n<\/tr>\n<tr>\n<td><b>\u012ekrovos t\u016bris<\/b><\/td>\n<td><span style=\"font-weight: 400;\">665-1640<\/span><\/td>\n<td><span style=\"font-weight: 400;\">665-1640<\/span><\/td>\n<td><span style=\"font-weight: 400;\">665-1640<\/span><\/td>\n<td><span style=\"font-weight: 400;\">457-1290<\/span><\/td>\n<td><span style=\"font-weight: 400;\">457-1290<\/span><\/td>\n<\/tr>\n<tr>\n<td><b>Akumuliatorius<\/b><\/td>\n<td><span style=\"font-weight: 400;\">75KWH<\/span><\/td>\n<td><span style=\"font-weight: 400;\">100 kWh<\/span><\/td>\n<td><span style=\"font-weight: 400;\">100 kWh<\/span><\/td>\n<td><span style=\"font-weight: 400;\">100 kWh<\/span><\/td>\n<td><span style=\"font-weight: 400;\">100 kWh<\/span><\/td>\n<\/tr>\n<tr>\n<td><b>NEDC diapazonas <\/b><\/td>\n<td><span style=\"font-weight: 400;\">505 km<\/span><\/td>\n<td><span style=\"font-weight: 400;\">670 km<\/span><\/td>\n<td><span style=\"font-weight: 400;\">600 km<\/span><\/td>\n<td><span style=\"font-weight: 400;\">755km<\/span><\/td>\n<td><span style=\"font-weight: 400;\">625 km<\/span><\/td>\n<\/tr>\n<tr>\n<td><b>Galia<\/b><\/td>\n<td><span style=\"font-weight: 400;\">217kW<\/span><\/td>\n<td><span style=\"font-weight: 400;\">300 kW<\/span><\/td>\n<td><span style=\"font-weight: 400;\">200 kW + 372kW<\/span><\/td>\n<td><span style=\"font-weight: 400;\">300 kW<\/span><\/td>\n<td><span style=\"font-weight: 400;\">200 kW + 372kW<\/span><\/td>\n<\/tr>\n<tr>\n<td><b>Sukimo momentas<\/b><\/td>\n<td><span style=\"font-weight: 400;\">450 nm<\/span><\/td>\n<td><span style=\"font-weight: 400;\">500 nm<\/span><\/td>\n<td><span style=\"font-weight: 400;\">302 nm + 500 nm<\/span><\/td>\n<td><span style=\"font-weight: 400;\">500 nm<\/span><\/td>\n<td><span style=\"font-weight: 400;\">302 nm + 500 nm<\/span><\/td>\n<\/tr>\n<tr>\n<td><b>\u012ekrovimo laikas (30\u201380% mokes\u010dio b\u016bsena)<\/b><\/td>\n<td><span style=\"font-weight: 400;\">20 minu\u010di\u0173<\/span><\/td>\n<td colspan=\"4\"><span style=\"font-weight: 400;\">15,2 minut\u0117s<\/span><\/td>\n<\/tr>\n<tr>\n<td><b>0\u2013100 kmh<\/b><\/td>\n<td><span style=\"font-weight: 400;\">6,4 sekund\u0117s<\/span><\/td>\n<td><span style=\"font-weight: 400;\">5,4 sekund\u0117s<\/span><\/td>\n<td><span style=\"font-weight: 400;\">3,48 sekund\u0117s<\/span><\/td>\n<td><span style=\"font-weight: 400;\">4,6 sekund\u0117s<\/span><\/td>\n<td><span style=\"font-weight: 400;\">2,74 sekund\u0117s<\/span><\/td>\n<\/tr>\n<tr>\n<td><b>Did\u017eiausias greitis<\/b><\/td>\n<td><span style=\"font-weight: 400;\">200 km\/h<\/span><\/td>\n<td><span style=\"font-weight: 400;\">220 km\/h<\/span><\/td>\n<td><span style=\"font-weight: 400;\">240 km\/h<\/span><\/td>\n<td><span style=\"font-weight: 400;\">220 km\/h<\/span><\/td>\n<td><span style=\"font-weight: 400;\">240 km\/h<\/span><\/td>\n<\/tr>\n<tr>\n<td><b>Pasukimo spindulys<\/b><\/td>\n<td colspan=\"3\"><span style=\"font-weight: 400;\">5,09 m<\/span><\/td>\n<td colspan=\"2\"><span style=\"font-weight: 400;\">4,99m<\/span><\/td>\n<\/tr>\n<tr>\n<td><b>I\u0161orin\u0117s spalvos<\/b><\/td>\n<td colspan=\"5\"><span style=\"font-weight: 400;\">Aresas juodas<\/span><\/p>\n<p><span style=\"font-weight: 400;\">At\u0117n\u0117 balta<\/span><\/p>\n<p><span style=\"font-weight: 400;\">Rembrandtas Grey<\/span><\/p>\n<p><span style=\"font-weight: 400;\">Rafaelis Beige<\/span><\/p>\n<p><span style=\"font-weight: 400;\">Nevisas M\u0117lynas<\/span><\/p>\n<\/td>\n<\/tr>\n<tr>\n<td><b>Interjero spalvos<\/b><\/td>\n<td colspan=\"5\"><span style=\"font-weight: 400;\">Doveris sm\u0117lio spalvos<\/span><\/p>\n<p><span style=\"font-weight: 400;\">Highland Grey<\/span><\/p>\n<\/td>\n<\/tr>\n<\/tbody>\n<\/table>\n<div class=\"saboxplugin-wrap\" itemtype=\"http:\/\/schema.org\/Person\" itemscope=\"\" itemprop=\"author\">\n<div class=\"saboxplugin-tab\">\n<div class=\"saboxplugin-gravatar\"><img loading=\"lazy\" decoding=\"async\" width=\"100\" height=\"100\" alt=\"Rizas Akhtar\" itemprop=\"image\" class=\"native-lazyload-js-fallback\" src=\"https:\/\/b2232832.smushcdn.com\/2232832\/wp-content\/uploads\/2022\/02\/Riz.jpg?lossy=1&amp;strip=0&amp;webp=1\"\/><img loading=\"lazy\" decoding=\"async\" src=\"https:\/\/thedriven.io\/wp-content\/uploads\/2022\/02\/Riz.jpg\" width=\"100\" height=\"100\" alt=\"Rizas Akhtar\" itemprop=\"image\"\/><\/div>\n<div class=\"saboxplugin-desc\">\n<div itemprop=\"description\">\n<p>RIZ yra \u201eCarloop\u201c \u012fk\u016br\u0117jas, \u012fsik\u016br\u0119s Melburne, specializuojasi Australijos EV duomenyse, \u012f\u017evalgos ataskaitose ir tendencijose. Jis yra mechanikos in\u017einierius, prie\u0161 pradedant \u201eCarloop\u201c pirmuosius 7 savo karjeros statybos transporto infrastrukt\u016bros metus. Jis turi aistr\u0105 automobiliams, ypa\u010d EV ir nori pad\u0117ti suma\u017einti transporto i\u0161metim\u0105 Australijoje. \u0160iuo metu jis vairuoja \u201eRed Tesla\u201c model\u012f 3.<\/p>\n<\/div>\n<\/div>\n<\/div>\n<\/div>\n<p><!-- AI CONTENT END 1 --><\/p><\/div>\n<p><br \/>\n<br \/><a href=\"https:\/\/thedriven.io\/2025\/04\/06\/mg-unveils-specs-of-upcoming-premium-im5-and-im6-models\/\">Source link <\/a><\/p>\n","protected":false},"excerpt":{"rendered":"<p>Pra\u0117jusi\u0105 savait\u0119 mes prane\u0161\u0117me, kad dabar Kinijai priklausantis automobili\u0173 prek\u0117s \u017eenklas \u201eMG\u201c turi i\u0161leisti auk\u0161\u010diausios kokyb\u0117s elektrini\u0173 transporto priemoni\u0173 prek\u0117s&hellip;<\/p>\n","protected":false},"author":1,"featured_media":397,"comment_status":"open","ping_status":"open","sticky":false,"template":"","format":"standard","meta":{"om_disable_all_campaigns":false,"_monsterinsights_skip_tracking":false,"_monsterinsights_sitenote_active":false,"_monsterinsights_sitenote_note":"","_monsterinsights_sitenote_category":0,"footnotes":""},"categories":[39],"tags":[319,1038,1039,1040,1041,722,1042],"class_list":["post-396","post","type-post","status-publish","format-standard","has-post-thumbnail","hentry","category-eautomobiliu-technine-puse","tag-atskleidzia","tag-busimu","tag-im5","tag-im6","tag-modeliu","tag-premium","tag-specifikacijas"],"aioseo_notices":[],"yoast_head":"<!-- This site is optimized with the Yoast SEO plugin v26.8 - https:\/\/yoast.com\/product\/yoast-seo-wordpress\/ -->\n<title>MG atskleid\u017eia b\u016bsim\u0173 \u201ePremium IM5\u201c ir \u201eIM6\u201c modeli\u0173 specifikacijas - Eautomobiliai.lt<\/title>\n<meta name=\"robots\" content=\"index, follow, max-snippet:-1, max-image-preview:large, max-video-preview:-1\" \/>\n<link rel=\"canonical\" href=\"http:\/\/eautomobiliai.lt\/index.php\/2025\/04\/06\/mg-atskleidzia-busimu-premium-im5-ir-im6-modeliu-specifikacijas\/\" \/>\n<meta property=\"og:locale\" content=\"lt_LT\" \/>\n<meta property=\"og:type\" content=\"article\" \/>\n<meta property=\"og:title\" content=\"MG atskleid\u017eia b\u016bsim\u0173 \u201ePremium IM5\u201c ir \u201eIM6\u201c modeli\u0173 specifikacijas - Eautomobiliai.lt\" \/>\n<meta property=\"og:description\" content=\"Pra\u0117jusi\u0105 savait\u0119 mes prane\u0161\u0117me, kad dabar Kinijai priklausantis automobili\u0173 prek\u0117s \u017eenklas \u201eMG\u201c turi i\u0161leisti auk\u0161\u010diausios kokyb\u0117s elektrini\u0173 transporto priemoni\u0173 prek\u0117s&hellip;\" \/>\n<meta property=\"og:url\" content=\"http:\/\/eautomobiliai.lt\/index.php\/2025\/04\/06\/mg-atskleidzia-busimu-premium-im5-ir-im6-modeliu-specifikacijas\/\" \/>\n<meta property=\"og:site_name\" content=\"Eautomobiliai.lt\" \/>\n<meta property=\"article:published_time\" content=\"2025-04-06T23:59:15+00:00\" \/>\n<meta property=\"og:image\" content=\"http:\/\/eautomobiliai.lt\/wp-content\/uploads\/2025\/04\/MG-atskleidzia-busimu-\u201ePremium-IM5-ir-\u201eIM6-modeliu-specifikacijas.jpg\" \/>\n\t<meta property=\"og:image:width\" content=\"1200\" \/>\n\t<meta property=\"og:image:height\" content=\"900\" \/>\n\t<meta property=\"og:image:type\" content=\"image\/jpeg\" \/>\n<meta name=\"author\" content=\"admin\" \/>\n<meta name=\"twitter:card\" content=\"summary_large_image\" \/>\n<meta name=\"twitter:label1\" content=\"Written by\" \/>\n\t<meta name=\"twitter:data1\" content=\"admin\" \/>\n\t<meta name=\"twitter:label2\" content=\"Est. reading time\" \/>\n\t<meta name=\"twitter:data2\" content=\"4 minut\u0117s\" \/>\n<script type=\"application\/ld+json\" class=\"yoast-schema-graph\">{\"@context\":\"https:\/\/schema.org\",\"@graph\":[{\"@type\":\"Article\",\"@id\":\"http:\/\/eautomobiliai.lt\/index.php\/2025\/04\/06\/mg-atskleidzia-busimu-premium-im5-ir-im6-modeliu-specifikacijas\/#article\",\"isPartOf\":{\"@id\":\"http:\/\/eautomobiliai.lt\/index.php\/2025\/04\/06\/mg-atskleidzia-busimu-premium-im5-ir-im6-modeliu-specifikacijas\/\"},\"author\":{\"name\":\"admin\",\"@id\":\"https:\/\/eautomobiliai.lt\/#\/schema\/person\/ecf2a967f361217d056061f74deb92f2\"},\"headline\":\"MG atskleid\u017eia b\u016bsim\u0173 \u201ePremium IM5\u201c ir \u201eIM6\u201c modeli\u0173 specifikacijas\",\"datePublished\":\"2025-04-06T23:59:15+00:00\",\"mainEntityOfPage\":{\"@id\":\"http:\/\/eautomobiliai.lt\/index.php\/2025\/04\/06\/mg-atskleidzia-busimu-premium-im5-ir-im6-modeliu-specifikacijas\/\"},\"wordCount\":865,\"commentCount\":0,\"image\":{\"@id\":\"http:\/\/eautomobiliai.lt\/index.php\/2025\/04\/06\/mg-atskleidzia-busimu-premium-im5-ir-im6-modeliu-specifikacijas\/#primaryimage\"},\"thumbnailUrl\":\"http:\/\/eautomobiliai.lt\/wp-content\/uploads\/2025\/04\/MG-atskleidzia-busimu-\u201ePremium-IM5-ir-\u201eIM6-modeliu-specifikacijas.jpg\",\"keywords\":[\"atskleid\u017eia\",\"b\u016bsim\u0173\",\"IM5\",\"IM6\",\"modeli\u0173\",\"Premium\",\"specifikacijas\"],\"articleSection\":[\"eAUTOMOBILI\u0172 TECHNIN\u0116 PUS\u0116\"],\"inLanguage\":\"lt-LT\",\"potentialAction\":[{\"@type\":\"CommentAction\",\"name\":\"Comment\",\"target\":[\"http:\/\/eautomobiliai.lt\/index.php\/2025\/04\/06\/mg-atskleidzia-busimu-premium-im5-ir-im6-modeliu-specifikacijas\/#respond\"]}]},{\"@type\":\"WebPage\",\"@id\":\"http:\/\/eautomobiliai.lt\/index.php\/2025\/04\/06\/mg-atskleidzia-busimu-premium-im5-ir-im6-modeliu-specifikacijas\/\",\"url\":\"http:\/\/eautomobiliai.lt\/index.php\/2025\/04\/06\/mg-atskleidzia-busimu-premium-im5-ir-im6-modeliu-specifikacijas\/\",\"name\":\"MG atskleid\u017eia b\u016bsim\u0173 \u201ePremium IM5\u201c ir \u201eIM6\u201c modeli\u0173 specifikacijas - Eautomobiliai.lt\",\"isPartOf\":{\"@id\":\"https:\/\/eautomobiliai.lt\/#website\"},\"primaryImageOfPage\":{\"@id\":\"http:\/\/eautomobiliai.lt\/index.php\/2025\/04\/06\/mg-atskleidzia-busimu-premium-im5-ir-im6-modeliu-specifikacijas\/#primaryimage\"},\"image\":{\"@id\":\"http:\/\/eautomobiliai.lt\/index.php\/2025\/04\/06\/mg-atskleidzia-busimu-premium-im5-ir-im6-modeliu-specifikacijas\/#primaryimage\"},\"thumbnailUrl\":\"http:\/\/eautomobiliai.lt\/wp-content\/uploads\/2025\/04\/MG-atskleidzia-busimu-\u201ePremium-IM5-ir-\u201eIM6-modeliu-specifikacijas.jpg\",\"datePublished\":\"2025-04-06T23:59:15+00:00\",\"author\":{\"@id\":\"https:\/\/eautomobiliai.lt\/#\/schema\/person\/ecf2a967f361217d056061f74deb92f2\"},\"breadcrumb\":{\"@id\":\"http:\/\/eautomobiliai.lt\/index.php\/2025\/04\/06\/mg-atskleidzia-busimu-premium-im5-ir-im6-modeliu-specifikacijas\/#breadcrumb\"},\"inLanguage\":\"lt-LT\",\"potentialAction\":[{\"@type\":\"ReadAction\",\"target\":[\"http:\/\/eautomobiliai.lt\/index.php\/2025\/04\/06\/mg-atskleidzia-busimu-premium-im5-ir-im6-modeliu-specifikacijas\/\"]}]},{\"@type\":\"ImageObject\",\"inLanguage\":\"lt-LT\",\"@id\":\"http:\/\/eautomobiliai.lt\/index.php\/2025\/04\/06\/mg-atskleidzia-busimu-premium-im5-ir-im6-modeliu-specifikacijas\/#primaryimage\",\"url\":\"http:\/\/eautomobiliai.lt\/wp-content\/uploads\/2025\/04\/MG-atskleidzia-busimu-\u201ePremium-IM5-ir-\u201eIM6-modeliu-specifikacijas.jpg\",\"contentUrl\":\"http:\/\/eautomobiliai.lt\/wp-content\/uploads\/2025\/04\/MG-atskleidzia-busimu-\u201ePremium-IM5-ir-\u201eIM6-modeliu-specifikacijas.jpg\",\"width\":1200,\"height\":900},{\"@type\":\"BreadcrumbList\",\"@id\":\"http:\/\/eautomobiliai.lt\/index.php\/2025\/04\/06\/mg-atskleidzia-busimu-premium-im5-ir-im6-modeliu-specifikacijas\/#breadcrumb\",\"itemListElement\":[{\"@type\":\"ListItem\",\"position\":1,\"name\":\"Home\",\"item\":\"https:\/\/eautomobiliai.lt\/\"},{\"@type\":\"ListItem\",\"position\":2,\"name\":\"MG atskleid\u017eia b\u016bsim\u0173 \u201ePremium IM5\u201c ir \u201eIM6\u201c modeli\u0173 specifikacijas\"}]},{\"@type\":\"WebSite\",\"@id\":\"https:\/\/eautomobiliai.lt\/#website\",\"url\":\"https:\/\/eautomobiliai.lt\/\",\"name\":\"Eautomobiliai.lt\",\"description\":\"Elektrinis transportas, technologijos\",\"potentialAction\":[{\"@type\":\"SearchAction\",\"target\":{\"@type\":\"EntryPoint\",\"urlTemplate\":\"https:\/\/eautomobiliai.lt\/?s={search_term_string}\"},\"query-input\":{\"@type\":\"PropertyValueSpecification\",\"valueRequired\":true,\"valueName\":\"search_term_string\"}}],\"inLanguage\":\"lt-LT\"},{\"@type\":\"Person\",\"@id\":\"https:\/\/eautomobiliai.lt\/#\/schema\/person\/ecf2a967f361217d056061f74deb92f2\",\"name\":\"admin\",\"image\":{\"@type\":\"ImageObject\",\"inLanguage\":\"lt-LT\",\"@id\":\"https:\/\/eautomobiliai.lt\/#\/schema\/person\/image\/\",\"url\":\"https:\/\/secure.gravatar.com\/avatar\/6323379efae0c70c686c7905444d6bbd?s=96&d=mm&r=g\",\"contentUrl\":\"https:\/\/secure.gravatar.com\/avatar\/6323379efae0c70c686c7905444d6bbd?s=96&d=mm&r=g\",\"caption\":\"admin\"},\"sameAs\":[\"http:\/\/eautomobiliai.lt\"],\"url\":\"http:\/\/eautomobiliai.lt\/index.php\/author\/admin\/\"}]}<\/script>\n<!-- \/ Yoast SEO plugin. -->","yoast_head_json":{"title":"MG atskleid\u017eia b\u016bsim\u0173 \u201ePremium IM5\u201c ir \u201eIM6\u201c modeli\u0173 specifikacijas - Eautomobiliai.lt","robots":{"index":"index","follow":"follow","max-snippet":"max-snippet:-1","max-image-preview":"max-image-preview:large","max-video-preview":"max-video-preview:-1"},"canonical":"http:\/\/eautomobiliai.lt\/index.php\/2025\/04\/06\/mg-atskleidzia-busimu-premium-im5-ir-im6-modeliu-specifikacijas\/","og_locale":"lt_LT","og_type":"article","og_title":"MG atskleid\u017eia b\u016bsim\u0173 \u201ePremium IM5\u201c ir \u201eIM6\u201c modeli\u0173 specifikacijas - Eautomobiliai.lt","og_description":"Pra\u0117jusi\u0105 savait\u0119 mes prane\u0161\u0117me, kad dabar Kinijai priklausantis automobili\u0173 prek\u0117s \u017eenklas \u201eMG\u201c turi i\u0161leisti auk\u0161\u010diausios kokyb\u0117s elektrini\u0173 transporto priemoni\u0173 prek\u0117s&hellip;","og_url":"http:\/\/eautomobiliai.lt\/index.php\/2025\/04\/06\/mg-atskleidzia-busimu-premium-im5-ir-im6-modeliu-specifikacijas\/","og_site_name":"Eautomobiliai.lt","article_published_time":"2025-04-06T23:59:15+00:00","og_image":[{"width":1200,"height":900,"url":"http:\/\/eautomobiliai.lt\/wp-content\/uploads\/2025\/04\/MG-atskleidzia-busimu-\u201ePremium-IM5-ir-\u201eIM6-modeliu-specifikacijas.jpg","type":"image\/jpeg"}],"author":"admin","twitter_card":"summary_large_image","twitter_misc":{"Written by":"admin","Est. reading time":"4 minut\u0117s"},"schema":{"@context":"https:\/\/schema.org","@graph":[{"@type":"Article","@id":"http:\/\/eautomobiliai.lt\/index.php\/2025\/04\/06\/mg-atskleidzia-busimu-premium-im5-ir-im6-modeliu-specifikacijas\/#article","isPartOf":{"@id":"http:\/\/eautomobiliai.lt\/index.php\/2025\/04\/06\/mg-atskleidzia-busimu-premium-im5-ir-im6-modeliu-specifikacijas\/"},"author":{"name":"admin","@id":"https:\/\/eautomobiliai.lt\/#\/schema\/person\/ecf2a967f361217d056061f74deb92f2"},"headline":"MG atskleid\u017eia b\u016bsim\u0173 \u201ePremium IM5\u201c ir \u201eIM6\u201c modeli\u0173 specifikacijas","datePublished":"2025-04-06T23:59:15+00:00","mainEntityOfPage":{"@id":"http:\/\/eautomobiliai.lt\/index.php\/2025\/04\/06\/mg-atskleidzia-busimu-premium-im5-ir-im6-modeliu-specifikacijas\/"},"wordCount":865,"commentCount":0,"image":{"@id":"http:\/\/eautomobiliai.lt\/index.php\/2025\/04\/06\/mg-atskleidzia-busimu-premium-im5-ir-im6-modeliu-specifikacijas\/#primaryimage"},"thumbnailUrl":"http:\/\/eautomobiliai.lt\/wp-content\/uploads\/2025\/04\/MG-atskleidzia-busimu-\u201ePremium-IM5-ir-\u201eIM6-modeliu-specifikacijas.jpg","keywords":["atskleid\u017eia","b\u016bsim\u0173","IM5","IM6","modeli\u0173","Premium","specifikacijas"],"articleSection":["eAUTOMOBILI\u0172 TECHNIN\u0116 PUS\u0116"],"inLanguage":"lt-LT","potentialAction":[{"@type":"CommentAction","name":"Comment","target":["http:\/\/eautomobiliai.lt\/index.php\/2025\/04\/06\/mg-atskleidzia-busimu-premium-im5-ir-im6-modeliu-specifikacijas\/#respond"]}]},{"@type":"WebPage","@id":"http:\/\/eautomobiliai.lt\/index.php\/2025\/04\/06\/mg-atskleidzia-busimu-premium-im5-ir-im6-modeliu-specifikacijas\/","url":"http:\/\/eautomobiliai.lt\/index.php\/2025\/04\/06\/mg-atskleidzia-busimu-premium-im5-ir-im6-modeliu-specifikacijas\/","name":"MG atskleid\u017eia b\u016bsim\u0173 \u201ePremium IM5\u201c ir \u201eIM6\u201c modeli\u0173 specifikacijas - Eautomobiliai.lt","isPartOf":{"@id":"https:\/\/eautomobiliai.lt\/#website"},"primaryImageOfPage":{"@id":"http:\/\/eautomobiliai.lt\/index.php\/2025\/04\/06\/mg-atskleidzia-busimu-premium-im5-ir-im6-modeliu-specifikacijas\/#primaryimage"},"image":{"@id":"http:\/\/eautomobiliai.lt\/index.php\/2025\/04\/06\/mg-atskleidzia-busimu-premium-im5-ir-im6-modeliu-specifikacijas\/#primaryimage"},"thumbnailUrl":"http:\/\/eautomobiliai.lt\/wp-content\/uploads\/2025\/04\/MG-atskleidzia-busimu-\u201ePremium-IM5-ir-\u201eIM6-modeliu-specifikacijas.jpg","datePublished":"2025-04-06T23:59:15+00:00","author":{"@id":"https:\/\/eautomobiliai.lt\/#\/schema\/person\/ecf2a967f361217d056061f74deb92f2"},"breadcrumb":{"@id":"http:\/\/eautomobiliai.lt\/index.php\/2025\/04\/06\/mg-atskleidzia-busimu-premium-im5-ir-im6-modeliu-specifikacijas\/#breadcrumb"},"inLanguage":"lt-LT","potentialAction":[{"@type":"ReadAction","target":["http:\/\/eautomobiliai.lt\/index.php\/2025\/04\/06\/mg-atskleidzia-busimu-premium-im5-ir-im6-modeliu-specifikacijas\/"]}]},{"@type":"ImageObject","inLanguage":"lt-LT","@id":"http:\/\/eautomobiliai.lt\/index.php\/2025\/04\/06\/mg-atskleidzia-busimu-premium-im5-ir-im6-modeliu-specifikacijas\/#primaryimage","url":"http:\/\/eautomobiliai.lt\/wp-content\/uploads\/2025\/04\/MG-atskleidzia-busimu-\u201ePremium-IM5-ir-\u201eIM6-modeliu-specifikacijas.jpg","contentUrl":"http:\/\/eautomobiliai.lt\/wp-content\/uploads\/2025\/04\/MG-atskleidzia-busimu-\u201ePremium-IM5-ir-\u201eIM6-modeliu-specifikacijas.jpg","width":1200,"height":900},{"@type":"BreadcrumbList","@id":"http:\/\/eautomobiliai.lt\/index.php\/2025\/04\/06\/mg-atskleidzia-busimu-premium-im5-ir-im6-modeliu-specifikacijas\/#breadcrumb","itemListElement":[{"@type":"ListItem","position":1,"name":"Home","item":"https:\/\/eautomobiliai.lt\/"},{"@type":"ListItem","position":2,"name":"MG atskleid\u017eia b\u016bsim\u0173 \u201ePremium IM5\u201c ir \u201eIM6\u201c modeli\u0173 specifikacijas"}]},{"@type":"WebSite","@id":"https:\/\/eautomobiliai.lt\/#website","url":"https:\/\/eautomobiliai.lt\/","name":"Eautomobiliai.lt","description":"Elektrinis transportas, technologijos","potentialAction":[{"@type":"SearchAction","target":{"@type":"EntryPoint","urlTemplate":"https:\/\/eautomobiliai.lt\/?s={search_term_string}"},"query-input":{"@type":"PropertyValueSpecification","valueRequired":true,"valueName":"search_term_string"}}],"inLanguage":"lt-LT"},{"@type":"Person","@id":"https:\/\/eautomobiliai.lt\/#\/schema\/person\/ecf2a967f361217d056061f74deb92f2","name":"admin","image":{"@type":"ImageObject","inLanguage":"lt-LT","@id":"https:\/\/eautomobiliai.lt\/#\/schema\/person\/image\/","url":"https:\/\/secure.gravatar.com\/avatar\/6323379efae0c70c686c7905444d6bbd?s=96&d=mm&r=g","contentUrl":"https:\/\/secure.gravatar.com\/avatar\/6323379efae0c70c686c7905444d6bbd?s=96&d=mm&r=g","caption":"admin"},"sameAs":["http:\/\/eautomobiliai.lt"],"url":"http:\/\/eautomobiliai.lt\/index.php\/author\/admin\/"}]}},"_links":{"self":[{"href":"http:\/\/eautomobiliai.lt\/index.php\/wp-json\/wp\/v2\/posts\/396","targetHints":{"allow":["GET"]}}],"collection":[{"href":"http:\/\/eautomobiliai.lt\/index.php\/wp-json\/wp\/v2\/posts"}],"about":[{"href":"http:\/\/eautomobiliai.lt\/index.php\/wp-json\/wp\/v2\/types\/post"}],"author":[{"embeddable":true,"href":"http:\/\/eautomobiliai.lt\/index.php\/wp-json\/wp\/v2\/users\/1"}],"replies":[{"embeddable":true,"href":"http:\/\/eautomobiliai.lt\/index.php\/wp-json\/wp\/v2\/comments?post=396"}],"version-history":[{"count":0,"href":"http:\/\/eautomobiliai.lt\/index.php\/wp-json\/wp\/v2\/posts\/396\/revisions"}],"wp:featuredmedia":[{"embeddable":true,"href":"http:\/\/eautomobiliai.lt\/index.php\/wp-json\/wp\/v2\/media\/397"}],"wp:attachment":[{"href":"http:\/\/eautomobiliai.lt\/index.php\/wp-json\/wp\/v2\/media?parent=396"}],"wp:term":[{"taxonomy":"category","embeddable":true,"href":"http:\/\/eautomobiliai.lt\/index.php\/wp-json\/wp\/v2\/categories?post=396"},{"taxonomy":"post_tag","embeddable":true,"href":"http:\/\/eautomobiliai.lt\/index.php\/wp-json\/wp\/v2\/tags?post=396"}],"curies":[{"name":"wp","href":"https:\/\/api.w.org\/{rel}","templated":true}]}}