{"id":400,"date":"2025-04-07T08:00:40","date_gmt":"2025-04-07T08:00:40","guid":{"rendered":"http:\/\/eautomobiliai.lt\/index.php\/2025\/04\/07\/jac-demonstruoja-australijoje-sujungta-papildini-ute-erzina-pirmuosius-visiskai-elektrinius-ute-vaizdus\/"},"modified":"2025-04-07T08:00:40","modified_gmt":"2025-04-07T08:00:40","slug":"jac-demonstruoja-australijoje-sujungta-papildini-ute-erzina-pirmuosius-visiskai-elektrinius-ute-vaizdus","status":"publish","type":"post","link":"http:\/\/eautomobiliai.lt\/index.php\/2025\/04\/07\/jac-demonstruoja-australijoje-sujungta-papildini-ute-erzina-pirmuosius-visiskai-elektrinius-ute-vaizdus\/","title":{"rendered":"JAC demonstruoja Australijoje sujungt\u0105 papildin\u012f Ute, erzina pirmuosius visi\u0161kai elektrinius Ute vaizdus"},"content":{"rendered":"<p> <br \/>\n<\/p>\n<div id=\"\">\n<p><span style=\"font-weight: 400;\">Kinijos prek\u0117s \u017eenklas \u201eJac Motors\u201c \u201eMelbourne\u201c automobili\u0173 parodoje sureng\u0117 \u201eAustralijos suri\u0161to galingo ki\u0161tuko 4&#215;4 Ute\u201c pasaulin\u012f premjer\u0105, kartu su visi\u0161kai elektrine versija.<\/span><\/p>\n<p><span style=\"font-weight: 400;\">Naujasis \u201eHunter Phev\u201c buvo atskleistas parodoje ir, kaip ir jau populiar\u0117jan\u010diame \u201eBYD Shark 6\u201c, turi iki 100 km visi\u0161kai elektrinio diapazono d\u0117l savo li\u010dio ir gele\u017eies fosfato (LFP) akumuliatoriaus paketo.  Akumuliatoriaus dydis dar n\u0117ra atskleistas, ta\u010diau, atsi\u017evelgiant \u012f nurodyt\u0105 diapazon\u0105, grei\u010diausiai bus pana\u0161us \u012f BYD 30 kWh.<\/span><\/p>\n<p><span style=\"font-weight: 400;\">Jame taip pat yra transporto priemon\u0117s krovinys (V2L), kuris padeda vartoti \u012frang\u0105 ar kitus prietaisus, kai to reikia.<\/span><\/p>\n<p><span style=\"font-weight: 400;\">Taip pat yra 2,0 litr\u0173 turbokompresoriaus benzininis variklis, kuris gali \u012fkrauti baterijas \u017eemose \u012fkrovimo b\u016bsenose arba maitinti transporto priemon\u0119. Tai suteikia bendr\u0105 385 kW ir 1000 Nm sukimo momento gali\u0105.<\/span><\/p>\n<p><span style=\"font-weight: 400;\">I\u0161 vidaus yra keli informacini\u0173 informacini\u0173 informacini\u0173 element\u0173 ekranai ir rodoma pagrindine vairavimo informacija. Tiems, kurie nori naudoti \u201eApple CarPlay\u201c ir \u201eAndroid Auto\u201c, j\u012f bus galima \u012fsigyti pagrindiniame informacinio informaciniu ekranu.<\/span><\/p>\n<figure id=\"attachment_186691\" aria-describedby=\"caption-attachment-186691\" style=\"width: 1200px\" class=\"wp-caption aligncenter\"><img loading=\"lazy\" decoding=\"async\" class=\"size-full wp-image-186691\" src=\"https:\/\/thedriven.io\/wp-content\/uploads\/2025\/04\/JAC-Hunter-PHEV-Interior.jpg\" alt=\"\" width=\"1200\" height=\"675\" srcset=\"https:\/\/thedriven.io\/wp-content\/uploads\/2025\/04\/JAC-Hunter-PHEV-Interior.jpg 1200w, https:\/\/thedriven.io\/wp-content\/uploads\/2025\/04\/JAC-Hunter-PHEV-Interior-388x218.jpg 388w, https:\/\/thedriven.io\/wp-content\/uploads\/2025\/04\/JAC-Hunter-PHEV-Interior-1160x653.jpg 1160w, https:\/\/thedriven.io\/wp-content\/uploads\/2025\/04\/JAC-Hunter-PHEV-Interior-800x450.jpg 800w, https:\/\/thedriven.io\/wp-content\/uploads\/2025\/04\/JAC-Hunter-PHEV-Interior-120x68.jpg 120w, https:\/\/thedriven.io\/wp-content\/uploads\/2025\/04\/JAC-Hunter-PHEV-Interior-90x51.jpg 90w, https:\/\/thedriven.io\/wp-content\/uploads\/2025\/04\/JAC-Hunter-PHEV-Interior-320x180.jpg 320w, https:\/\/thedriven.io\/wp-content\/uploads\/2025\/04\/JAC-Hunter-PHEV-Interior-560x315.jpg 560w, https:\/\/thedriven.io\/wp-content\/uploads\/2025\/04\/JAC-Hunter-PHEV-Interior-150x84.jpg 150w, https:\/\/thedriven.io\/wp-content\/uploads\/2025\/04\/JAC-Hunter-PHEV-Interior-240x135.jpg 240w, https:\/\/thedriven.io\/wp-content\/uploads\/2025\/04\/JAC-Hunter-PHEV-Interior-180x101.jpg 180w, https:\/\/thedriven.io\/wp-content\/uploads\/2025\/04\/JAC-Hunter-PHEV-Interior-640x360.jpg 640w, https:\/\/thedriven.io\/wp-content\/uploads\/2025\/04\/JAC-Hunter-PHEV-Interior-1120x630.jpg 1120w, https:\/\/thedriven.io\/wp-content\/uploads\/2025\/04\/JAC-Hunter-PHEV-Interior-300x169.jpg 300w\" sizes=\"auto, (max-width: 1160px) 100vw, 1160px\"\/><figcaption id=\"caption-attachment-186691\" class=\"wp-caption-text\">Vaizdas: JAC Australija<\/figcaption><\/figure>\n<p><span style=\"font-weight: 400;\">UTE saugos ir patogumo funkcijos apima patobulint\u0105 autonomin\u012f avarin\u012f stabdym\u0105, adaptyvi\u0105 grei\u010dio palaikymo grei\u010dio palaikym\u0105 su \u201eStop-and-Go\u201c funkcionalumu ir 360 laipsni\u0173 kamer\u0173 sistema.<\/span><\/p>\n<p><span style=\"font-weight: 400;\">Jacas Hunteris atvyks \u012f prek\u0117s \u017eenklo vietinius prekiautojus per pirm\u0105j\u012f 2026 m. Ketvirt\u012f su vietine kainodara ir specifikacija, paskelbta ar\u010diau tada.<\/span><\/p>\n<p><span style=\"font-weight: 400;\">JAC yra Kinijos sunkve\u017eimi\u0173 gamintojas, turintis daugiau nei 60 met\u0173 istorij\u0105 gaminant komercines transporto priemones. Australijoje pra\u0117jusiais metais ji buvo prad\u0117ta kartu su savo vietiniu importuotoju \u201eLTS Auto\u201c.<\/span><\/p>\n<p><span style=\"font-weight: 400;\">Ahmedas Mahmoudas, \u201eJAC Motors\u201c vietinio importuotojo, \u201eLTS Auto\u201c MD, teig\u0117: \u201ePasaulin\u0117 Jac Hunter premjera \u017eymi pagrindin\u012f moment\u0105\u201e Jac Motors \u201c61 met\u0173 inovacij\u0173 istorijoje\u201c.<\/span><\/p>\n<h2><span style=\"font-weight: 400;\">JAC T9 EV<\/span><\/h2>\n<figure id=\"attachment_186688\" aria-describedby=\"caption-attachment-186688\" style=\"width: 1200px\" class=\"wp-caption aligncenter\"><img decoding=\"async\" class=\"size-full wp-image-186688 native-lazyload-js-fallback\" alt=\"\" width=\"1200\" height=\"900\" loading=\"lazy\" src=\"https:\/\/b2232832.smushcdn.com\/2232832\/wp-content\/uploads\/2025\/04\/JAC-T9-EV-Ute-Front-Riz-Akhtar.jpg?lossy=1&amp;strip=0&amp;webp=1\" srcset=\"https:\/\/b2232832.smushcdn.com\/2232832\/wp-content\/uploads\/2025\/04\/JAC-T9-EV-Ute-Front-Riz-Akhtar.jpg?lossy=1&amp;strip=0&amp;webp=1 1200w, https:\/\/b2232832.smushcdn.com\/2232832\/wp-content\/uploads\/2025\/04\/JAC-T9-EV-Ute-Front-Riz-Akhtar-388x291.jpg?lossy=1&amp;strip=0&amp;webp=1 388w, https:\/\/b2232832.smushcdn.com\/2232832\/wp-content\/uploads\/2025\/04\/JAC-T9-EV-Ute-Front-Riz-Akhtar-1160x870.jpg?lossy=1&amp;strip=0&amp;webp=1 1160w, https:\/\/b2232832.smushcdn.com\/2232832\/wp-content\/uploads\/2025\/04\/JAC-T9-EV-Ute-Front-Riz-Akhtar-380x285.jpg?lossy=1&amp;strip=0&amp;webp=1 380w, https:\/\/b2232832.smushcdn.com\/2232832\/wp-content\/uploads\/2025\/04\/JAC-T9-EV-Ute-Front-Riz-Akhtar-800x600.jpg?lossy=1&amp;strip=0&amp;webp=1 800w, https:\/\/b2232832.smushcdn.com\/2232832\/wp-content\/uploads\/2025\/04\/JAC-T9-EV-Ute-Front-Riz-Akhtar-300x225.jpg?lossy=1&amp;strip=0&amp;webp=1 300w, https:\/\/b2232832.smushcdn.com\/2232832\/wp-content\/uploads\/2025\/04\/JAC-T9-EV-Ute-Front-Riz-Akhtar-120x90.jpg?lossy=1&amp;strip=0&amp;webp=1 120w, https:\/\/b2232832.smushcdn.com\/2232832\/wp-content\/uploads\/2025\/04\/JAC-T9-EV-Ute-Front-Riz-Akhtar-90x68.jpg?lossy=1&amp;strip=0&amp;webp=1 90w, https:\/\/b2232832.smushcdn.com\/2232832\/wp-content\/uploads\/2025\/04\/JAC-T9-EV-Ute-Front-Riz-Akhtar-320x240.jpg?lossy=1&amp;strip=0&amp;webp=1 320w, https:\/\/b2232832.smushcdn.com\/2232832\/wp-content\/uploads\/2025\/04\/JAC-T9-EV-Ute-Front-Riz-Akhtar-560x420.jpg?lossy=1&amp;strip=0&amp;webp=1 560w, https:\/\/b2232832.smushcdn.com\/2232832\/wp-content\/uploads\/2025\/04\/JAC-T9-EV-Ute-Front-Riz-Akhtar-150x113.jpg?lossy=1&amp;strip=0&amp;webp=1 150w, https:\/\/b2232832.smushcdn.com\/2232832\/wp-content\/uploads\/2025\/04\/JAC-T9-EV-Ute-Front-Riz-Akhtar-760x570.jpg?lossy=1&amp;strip=0&amp;webp=1 760w, https:\/\/b2232832.smushcdn.com\/2232832\/wp-content\/uploads\/2025\/04\/JAC-T9-EV-Ute-Front-Riz-Akhtar-600x450.jpg?lossy=1&amp;strip=0&amp;webp=1 600w, https:\/\/b2232832.smushcdn.com\/2232832\/wp-content\/uploads\/2025\/04\/JAC-T9-EV-Ute-Front-Riz-Akhtar-240x180.jpg?lossy=1&amp;strip=0&amp;webp=1 240w, https:\/\/b2232832.smushcdn.com\/2232832\/wp-content\/uploads\/2025\/04\/JAC-T9-EV-Ute-Front-Riz-Akhtar-180x136.jpg?lossy=1&amp;strip=0&amp;webp=1 180w, https:\/\/b2232832.smushcdn.com\/2232832\/wp-content\/uploads\/2025\/04\/JAC-T9-EV-Ute-Front-Riz-Akhtar-640x480.jpg?lossy=1&amp;strip=0&amp;webp=1 640w, https:\/\/b2232832.smushcdn.com\/2232832\/wp-content\/uploads\/2025\/04\/JAC-T9-EV-Ute-Front-Riz-Akhtar-1120x840.jpg?lossy=1&amp;strip=0&amp;webp=1 1120w\" data-sizes=\"(max-width: 1160px) 100vw, 1160px\"\/><img loading=\"lazy\" decoding=\"async\" class=\"size-full wp-image-186688\" src=\"https:\/\/thedriven.io\/wp-content\/uploads\/2025\/04\/JAC-T9-EV-Ute-Front-Riz-Akhtar.jpg\" alt=\"\" width=\"1200\" height=\"900\" srcset=\"https:\/\/thedriven.io\/wp-content\/uploads\/2025\/04\/JAC-T9-EV-Ute-Front-Riz-Akhtar.jpg 1200w, https:\/\/thedriven.io\/wp-content\/uploads\/2025\/04\/JAC-T9-EV-Ute-Front-Riz-Akhtar-388x291.jpg 388w, https:\/\/thedriven.io\/wp-content\/uploads\/2025\/04\/JAC-T9-EV-Ute-Front-Riz-Akhtar-1160x870.jpg 1160w, https:\/\/thedriven.io\/wp-content\/uploads\/2025\/04\/JAC-T9-EV-Ute-Front-Riz-Akhtar-380x285.jpg 380w, https:\/\/thedriven.io\/wp-content\/uploads\/2025\/04\/JAC-T9-EV-Ute-Front-Riz-Akhtar-800x600.jpg 800w, https:\/\/thedriven.io\/wp-content\/uploads\/2025\/04\/JAC-T9-EV-Ute-Front-Riz-Akhtar-300x225.jpg 300w, https:\/\/thedriven.io\/wp-content\/uploads\/2025\/04\/JAC-T9-EV-Ute-Front-Riz-Akhtar-120x90.jpg 120w, https:\/\/thedriven.io\/wp-content\/uploads\/2025\/04\/JAC-T9-EV-Ute-Front-Riz-Akhtar-90x68.jpg 90w, https:\/\/thedriven.io\/wp-content\/uploads\/2025\/04\/JAC-T9-EV-Ute-Front-Riz-Akhtar-320x240.jpg 320w, https:\/\/thedriven.io\/wp-content\/uploads\/2025\/04\/JAC-T9-EV-Ute-Front-Riz-Akhtar-560x420.jpg 560w, https:\/\/thedriven.io\/wp-content\/uploads\/2025\/04\/JAC-T9-EV-Ute-Front-Riz-Akhtar-150x113.jpg 150w, https:\/\/thedriven.io\/wp-content\/uploads\/2025\/04\/JAC-T9-EV-Ute-Front-Riz-Akhtar-760x570.jpg 760w, https:\/\/thedriven.io\/wp-content\/uploads\/2025\/04\/JAC-T9-EV-Ute-Front-Riz-Akhtar-600x450.jpg 600w, https:\/\/thedriven.io\/wp-content\/uploads\/2025\/04\/JAC-T9-EV-Ute-Front-Riz-Akhtar-240x180.jpg 240w, https:\/\/thedriven.io\/wp-content\/uploads\/2025\/04\/JAC-T9-EV-Ute-Front-Riz-Akhtar-180x136.jpg 180w, https:\/\/thedriven.io\/wp-content\/uploads\/2025\/04\/JAC-T9-EV-Ute-Front-Riz-Akhtar-640x480.jpg 640w, https:\/\/thedriven.io\/wp-content\/uploads\/2025\/04\/JAC-T9-EV-Ute-Front-Riz-Akhtar-1120x840.jpg 1120w\" sizes=\"auto, (max-width: 1160px) 100vw, 1160px\"\/><figcaption id=\"caption-attachment-186688\" class=\"wp-caption-text\">Vaizdas: Riz Akhtar<\/figcaption><\/figure>\n<p><span style=\"font-weight: 400;\">Prek\u0117s \u017eenklas taip pat erzino savo b\u016bsim\u0105 visi\u0161kai elektrin\u012f \u201eUte\u201c, \u201eT9 EV\u201c. Motorin\u0117je parodoje buvo rodomi pilno dyd\u017eio 4 \u00d7 4 ute su \u0161oniniais \u0161oniniais ir pagr\u012fsto dyd\u017eio d\u0117klu.<\/span><\/p>\n<p><span style=\"font-weight: 400;\">Apie \u0161\u012f ute nebuvo daug atskleista, i\u0161skyrus tai, kas buvo matoma tarptautin\u0117se rinkose, kuriose yra 88 kWh akumuliatoriaus pakuot\u0117, kuriai suteikiama daugiau nei 300 km atstumu.<\/span><\/p>\n<p><span style=\"font-weight: 400;\">Jei jis atvyks \u012f Australij\u0105, grei\u010diausiai jis konkuruos su \u201eLDV E-Terron 9\u201c, kuris, tikimasi, atvyks \u012f 2025 m. Pirm\u0105j\u0105 pus\u0119.<\/span><\/p>\n<div class=\"saboxplugin-wrap\" itemtype=\"http:\/\/schema.org\/Person\" itemscope=\"\" itemprop=\"author\">\n<div class=\"saboxplugin-tab\">\n<div class=\"saboxplugin-gravatar\"><img loading=\"lazy\" decoding=\"async\" width=\"100\" height=\"100\" alt=\"Rizas Akhtar\" itemprop=\"image\" class=\"native-lazyload-js-fallback\" src=\"https:\/\/b2232832.smushcdn.com\/2232832\/wp-content\/uploads\/2022\/02\/Riz.jpg?lossy=1&amp;strip=0&amp;webp=1\"\/><img loading=\"lazy\" decoding=\"async\" src=\"https:\/\/thedriven.io\/wp-content\/uploads\/2022\/02\/Riz.jpg\" width=\"100\" height=\"100\" alt=\"Rizas Akhtar\" itemprop=\"image\"\/><\/div>\n<div class=\"saboxplugin-desc\">\n<div itemprop=\"description\">\n<p>RIZ yra \u201eCarloop\u201c \u012fk\u016br\u0117jas, \u012fsik\u016br\u0119s Melburne, specializuojasi Australijos EV duomenyse, \u012f\u017evalgos ataskaitose ir tendencijose. Jis yra mechanikos in\u017einierius, prie\u0161 pradedant \u201eCarloop\u201c pirmuosius 7 savo karjeros statybos transporto infrastrukt\u016bros metus. Jis turi aistr\u0105 automobiliams, ypa\u010d EV ir nori pad\u0117ti suma\u017einti transporto i\u0161metim\u0105 Australijoje. \u0160iuo metu jis vairuoja \u201eRed Tesla\u201c model\u012f 3.<\/p>\n<\/div>\n<\/div>\n<\/div>\n<\/div>\n<p><!-- AI CONTENT END 1 --><\/p><\/div>\n<p><br \/>\n<br \/><a href=\"https:\/\/thedriven.io\/2025\/04\/06\/jac-shows-off-australian-bound-plug-in-ute-teases-first-images-of-fully-electric-ute\/\">Source link <\/a><\/p>\n","protected":false},"excerpt":{"rendered":"<p>Kinijos prek\u0117s \u017eenklas \u201eJac Motors\u201c \u201eMelbourne\u201c automobili\u0173 parodoje sureng\u0117 \u201eAustralijos suri\u0161to galingo ki\u0161tuko 4&#215;4 Ute\u201c pasaulin\u012f premjer\u0105, kartu su visi\u0161kai&hellip;<\/p>\n","protected":false},"author":1,"featured_media":401,"comment_status":"open","ping_status":"open","sticky":false,"template":"","format":"standard","meta":{"om_disable_all_campaigns":false,"_monsterinsights_skip_tracking":false,"_monsterinsights_sitenote_active":false,"_monsterinsights_sitenote_note":"","_monsterinsights_sitenote_category":0,"footnotes":""},"categories":[39],"tags":[115,1050,1054,580,1049,1052,1053,1051,773,1055,15],"class_list":["post-400","post","type-post","status-publish","format-standard","has-post-thumbnail","hentry","category-eautomobiliu-technine-puse","tag-australijoje","tag-demonstruoja","tag-elektrinius","tag-erzina","tag-jac","tag-papildini","tag-pirmuosius","tag-sujungta","tag-ute","tag-vaizdus","tag-visiskai"],"aioseo_notices":[],"yoast_head":"<!-- This site is optimized with the Yoast SEO plugin v26.8 - https:\/\/yoast.com\/product\/yoast-seo-wordpress\/ -->\n<title>JAC demonstruoja Australijoje sujungt\u0105 papildin\u012f Ute, erzina pirmuosius visi\u0161kai elektrinius Ute vaizdus - Eautomobiliai.lt<\/title>\n<meta name=\"robots\" content=\"index, follow, max-snippet:-1, max-image-preview:large, max-video-preview:-1\" \/>\n<link rel=\"canonical\" href=\"http:\/\/eautomobiliai.lt\/index.php\/2025\/04\/07\/jac-demonstruoja-australijoje-sujungta-papildini-ute-erzina-pirmuosius-visiskai-elektrinius-ute-vaizdus\/\" \/>\n<meta property=\"og:locale\" content=\"lt_LT\" \/>\n<meta property=\"og:type\" content=\"article\" \/>\n<meta property=\"og:title\" content=\"JAC demonstruoja Australijoje sujungt\u0105 papildin\u012f Ute, erzina pirmuosius visi\u0161kai elektrinius Ute vaizdus - Eautomobiliai.lt\" \/>\n<meta property=\"og:description\" content=\"Kinijos prek\u0117s \u017eenklas \u201eJac Motors\u201c \u201eMelbourne\u201c automobili\u0173 parodoje sureng\u0117 \u201eAustralijos suri\u0161to galingo ki\u0161tuko 4&#215;4 Ute\u201c pasaulin\u012f premjer\u0105, kartu su visi\u0161kai&hellip;\" \/>\n<meta property=\"og:url\" content=\"http:\/\/eautomobiliai.lt\/index.php\/2025\/04\/07\/jac-demonstruoja-australijoje-sujungta-papildini-ute-erzina-pirmuosius-visiskai-elektrinius-ute-vaizdus\/\" \/>\n<meta property=\"og:site_name\" content=\"Eautomobiliai.lt\" \/>\n<meta property=\"article:published_time\" content=\"2025-04-07T08:00:40+00:00\" \/>\n<meta property=\"og:image\" content=\"http:\/\/eautomobiliai.lt\/wp-content\/uploads\/2025\/04\/JAC-demonstruoja-Australijoje-sujungta-papildini-Ute-erzina-pirmuosius-visiskai-elektrinius.jpg\" \/>\n\t<meta property=\"og:image:width\" content=\"1200\" \/>\n\t<meta property=\"og:image:height\" content=\"675\" \/>\n\t<meta property=\"og:image:type\" content=\"image\/jpeg\" \/>\n<meta name=\"author\" content=\"admin\" \/>\n<meta name=\"twitter:card\" content=\"summary_large_image\" \/>\n<meta name=\"twitter:label1\" content=\"Written by\" \/>\n\t<meta name=\"twitter:data1\" content=\"admin\" \/>\n\t<meta name=\"twitter:label2\" content=\"Est. reading time\" \/>\n\t<meta name=\"twitter:data2\" content=\"2 minut\u0117s\" \/>\n<script type=\"application\/ld+json\" class=\"yoast-schema-graph\">{\"@context\":\"https:\/\/schema.org\",\"@graph\":[{\"@type\":\"Article\",\"@id\":\"http:\/\/eautomobiliai.lt\/index.php\/2025\/04\/07\/jac-demonstruoja-australijoje-sujungta-papildini-ute-erzina-pirmuosius-visiskai-elektrinius-ute-vaizdus\/#article\",\"isPartOf\":{\"@id\":\"http:\/\/eautomobiliai.lt\/index.php\/2025\/04\/07\/jac-demonstruoja-australijoje-sujungta-papildini-ute-erzina-pirmuosius-visiskai-elektrinius-ute-vaizdus\/\"},\"author\":{\"name\":\"admin\",\"@id\":\"https:\/\/eautomobiliai.lt\/#\/schema\/person\/ecf2a967f361217d056061f74deb92f2\"},\"headline\":\"JAC demonstruoja Australijoje sujungt\u0105 papildin\u012f Ute, erzina pirmuosius visi\u0161kai elektrinius Ute vaizdus\",\"datePublished\":\"2025-04-07T08:00:40+00:00\",\"mainEntityOfPage\":{\"@id\":\"http:\/\/eautomobiliai.lt\/index.php\/2025\/04\/07\/jac-demonstruoja-australijoje-sujungta-papildini-ute-erzina-pirmuosius-visiskai-elektrinius-ute-vaizdus\/\"},\"wordCount\":416,\"commentCount\":0,\"image\":{\"@id\":\"http:\/\/eautomobiliai.lt\/index.php\/2025\/04\/07\/jac-demonstruoja-australijoje-sujungta-papildini-ute-erzina-pirmuosius-visiskai-elektrinius-ute-vaizdus\/#primaryimage\"},\"thumbnailUrl\":\"http:\/\/eautomobiliai.lt\/wp-content\/uploads\/2025\/04\/JAC-demonstruoja-Australijoje-sujungta-papildini-Ute-erzina-pirmuosius-visiskai-elektrinius.jpg\",\"keywords\":[\"Australijoje\",\"demonstruoja\",\"elektrinius\",\"erzina\",\"JAC\",\"papildin\u012f\",\"pirmuosius\",\"sujungt\u0105\",\"ute\",\"vaizdus\",\"visi\u0161kai\"],\"articleSection\":[\"eAUTOMOBILI\u0172 TECHNIN\u0116 PUS\u0116\"],\"inLanguage\":\"lt-LT\",\"potentialAction\":[{\"@type\":\"CommentAction\",\"name\":\"Comment\",\"target\":[\"http:\/\/eautomobiliai.lt\/index.php\/2025\/04\/07\/jac-demonstruoja-australijoje-sujungta-papildini-ute-erzina-pirmuosius-visiskai-elektrinius-ute-vaizdus\/#respond\"]}]},{\"@type\":\"WebPage\",\"@id\":\"http:\/\/eautomobiliai.lt\/index.php\/2025\/04\/07\/jac-demonstruoja-australijoje-sujungta-papildini-ute-erzina-pirmuosius-visiskai-elektrinius-ute-vaizdus\/\",\"url\":\"http:\/\/eautomobiliai.lt\/index.php\/2025\/04\/07\/jac-demonstruoja-australijoje-sujungta-papildini-ute-erzina-pirmuosius-visiskai-elektrinius-ute-vaizdus\/\",\"name\":\"JAC demonstruoja Australijoje sujungt\u0105 papildin\u012f Ute, erzina pirmuosius visi\u0161kai elektrinius Ute vaizdus - Eautomobiliai.lt\",\"isPartOf\":{\"@id\":\"https:\/\/eautomobiliai.lt\/#website\"},\"primaryImageOfPage\":{\"@id\":\"http:\/\/eautomobiliai.lt\/index.php\/2025\/04\/07\/jac-demonstruoja-australijoje-sujungta-papildini-ute-erzina-pirmuosius-visiskai-elektrinius-ute-vaizdus\/#primaryimage\"},\"image\":{\"@id\":\"http:\/\/eautomobiliai.lt\/index.php\/2025\/04\/07\/jac-demonstruoja-australijoje-sujungta-papildini-ute-erzina-pirmuosius-visiskai-elektrinius-ute-vaizdus\/#primaryimage\"},\"thumbnailUrl\":\"http:\/\/eautomobiliai.lt\/wp-content\/uploads\/2025\/04\/JAC-demonstruoja-Australijoje-sujungta-papildini-Ute-erzina-pirmuosius-visiskai-elektrinius.jpg\",\"datePublished\":\"2025-04-07T08:00:40+00:00\",\"author\":{\"@id\":\"https:\/\/eautomobiliai.lt\/#\/schema\/person\/ecf2a967f361217d056061f74deb92f2\"},\"breadcrumb\":{\"@id\":\"http:\/\/eautomobiliai.lt\/index.php\/2025\/04\/07\/jac-demonstruoja-australijoje-sujungta-papildini-ute-erzina-pirmuosius-visiskai-elektrinius-ute-vaizdus\/#breadcrumb\"},\"inLanguage\":\"lt-LT\",\"potentialAction\":[{\"@type\":\"ReadAction\",\"target\":[\"http:\/\/eautomobiliai.lt\/index.php\/2025\/04\/07\/jac-demonstruoja-australijoje-sujungta-papildini-ute-erzina-pirmuosius-visiskai-elektrinius-ute-vaizdus\/\"]}]},{\"@type\":\"ImageObject\",\"inLanguage\":\"lt-LT\",\"@id\":\"http:\/\/eautomobiliai.lt\/index.php\/2025\/04\/07\/jac-demonstruoja-australijoje-sujungta-papildini-ute-erzina-pirmuosius-visiskai-elektrinius-ute-vaizdus\/#primaryimage\",\"url\":\"http:\/\/eautomobiliai.lt\/wp-content\/uploads\/2025\/04\/JAC-demonstruoja-Australijoje-sujungta-papildini-Ute-erzina-pirmuosius-visiskai-elektrinius.jpg\",\"contentUrl\":\"http:\/\/eautomobiliai.lt\/wp-content\/uploads\/2025\/04\/JAC-demonstruoja-Australijoje-sujungta-papildini-Ute-erzina-pirmuosius-visiskai-elektrinius.jpg\",\"width\":1200,\"height\":675},{\"@type\":\"BreadcrumbList\",\"@id\":\"http:\/\/eautomobiliai.lt\/index.php\/2025\/04\/07\/jac-demonstruoja-australijoje-sujungta-papildini-ute-erzina-pirmuosius-visiskai-elektrinius-ute-vaizdus\/#breadcrumb\",\"itemListElement\":[{\"@type\":\"ListItem\",\"position\":1,\"name\":\"Home\",\"item\":\"https:\/\/eautomobiliai.lt\/\"},{\"@type\":\"ListItem\",\"position\":2,\"name\":\"JAC demonstruoja Australijoje sujungt\u0105 papildin\u012f Ute, erzina pirmuosius visi\u0161kai elektrinius Ute vaizdus\"}]},{\"@type\":\"WebSite\",\"@id\":\"https:\/\/eautomobiliai.lt\/#website\",\"url\":\"https:\/\/eautomobiliai.lt\/\",\"name\":\"Eautomobiliai.lt\",\"description\":\"Elektrinis transportas, technologijos\",\"potentialAction\":[{\"@type\":\"SearchAction\",\"target\":{\"@type\":\"EntryPoint\",\"urlTemplate\":\"https:\/\/eautomobiliai.lt\/?s={search_term_string}\"},\"query-input\":{\"@type\":\"PropertyValueSpecification\",\"valueRequired\":true,\"valueName\":\"search_term_string\"}}],\"inLanguage\":\"lt-LT\"},{\"@type\":\"Person\",\"@id\":\"https:\/\/eautomobiliai.lt\/#\/schema\/person\/ecf2a967f361217d056061f74deb92f2\",\"name\":\"admin\",\"image\":{\"@type\":\"ImageObject\",\"inLanguage\":\"lt-LT\",\"@id\":\"https:\/\/eautomobiliai.lt\/#\/schema\/person\/image\/\",\"url\":\"https:\/\/secure.gravatar.com\/avatar\/6323379efae0c70c686c7905444d6bbd?s=96&d=mm&r=g\",\"contentUrl\":\"https:\/\/secure.gravatar.com\/avatar\/6323379efae0c70c686c7905444d6bbd?s=96&d=mm&r=g\",\"caption\":\"admin\"},\"sameAs\":[\"http:\/\/eautomobiliai.lt\"],\"url\":\"http:\/\/eautomobiliai.lt\/index.php\/author\/admin\/\"}]}<\/script>\n<!-- \/ Yoast SEO plugin. -->","yoast_head_json":{"title":"JAC demonstruoja Australijoje sujungt\u0105 papildin\u012f Ute, erzina pirmuosius visi\u0161kai elektrinius Ute vaizdus - Eautomobiliai.lt","robots":{"index":"index","follow":"follow","max-snippet":"max-snippet:-1","max-image-preview":"max-image-preview:large","max-video-preview":"max-video-preview:-1"},"canonical":"http:\/\/eautomobiliai.lt\/index.php\/2025\/04\/07\/jac-demonstruoja-australijoje-sujungta-papildini-ute-erzina-pirmuosius-visiskai-elektrinius-ute-vaizdus\/","og_locale":"lt_LT","og_type":"article","og_title":"JAC demonstruoja Australijoje sujungt\u0105 papildin\u012f Ute, erzina pirmuosius visi\u0161kai elektrinius Ute vaizdus - Eautomobiliai.lt","og_description":"Kinijos prek\u0117s \u017eenklas \u201eJac Motors\u201c \u201eMelbourne\u201c automobili\u0173 parodoje sureng\u0117 \u201eAustralijos suri\u0161to galingo ki\u0161tuko 4&#215;4 Ute\u201c pasaulin\u012f premjer\u0105, kartu su visi\u0161kai&hellip;","og_url":"http:\/\/eautomobiliai.lt\/index.php\/2025\/04\/07\/jac-demonstruoja-australijoje-sujungta-papildini-ute-erzina-pirmuosius-visiskai-elektrinius-ute-vaizdus\/","og_site_name":"Eautomobiliai.lt","article_published_time":"2025-04-07T08:00:40+00:00","og_image":[{"width":1200,"height":675,"url":"http:\/\/eautomobiliai.lt\/wp-content\/uploads\/2025\/04\/JAC-demonstruoja-Australijoje-sujungta-papildini-Ute-erzina-pirmuosius-visiskai-elektrinius.jpg","type":"image\/jpeg"}],"author":"admin","twitter_card":"summary_large_image","twitter_misc":{"Written by":"admin","Est. reading time":"2 minut\u0117s"},"schema":{"@context":"https:\/\/schema.org","@graph":[{"@type":"Article","@id":"http:\/\/eautomobiliai.lt\/index.php\/2025\/04\/07\/jac-demonstruoja-australijoje-sujungta-papildini-ute-erzina-pirmuosius-visiskai-elektrinius-ute-vaizdus\/#article","isPartOf":{"@id":"http:\/\/eautomobiliai.lt\/index.php\/2025\/04\/07\/jac-demonstruoja-australijoje-sujungta-papildini-ute-erzina-pirmuosius-visiskai-elektrinius-ute-vaizdus\/"},"author":{"name":"admin","@id":"https:\/\/eautomobiliai.lt\/#\/schema\/person\/ecf2a967f361217d056061f74deb92f2"},"headline":"JAC demonstruoja Australijoje sujungt\u0105 papildin\u012f Ute, erzina pirmuosius visi\u0161kai elektrinius Ute vaizdus","datePublished":"2025-04-07T08:00:40+00:00","mainEntityOfPage":{"@id":"http:\/\/eautomobiliai.lt\/index.php\/2025\/04\/07\/jac-demonstruoja-australijoje-sujungta-papildini-ute-erzina-pirmuosius-visiskai-elektrinius-ute-vaizdus\/"},"wordCount":416,"commentCount":0,"image":{"@id":"http:\/\/eautomobiliai.lt\/index.php\/2025\/04\/07\/jac-demonstruoja-australijoje-sujungta-papildini-ute-erzina-pirmuosius-visiskai-elektrinius-ute-vaizdus\/#primaryimage"},"thumbnailUrl":"http:\/\/eautomobiliai.lt\/wp-content\/uploads\/2025\/04\/JAC-demonstruoja-Australijoje-sujungta-papildini-Ute-erzina-pirmuosius-visiskai-elektrinius.jpg","keywords":["Australijoje","demonstruoja","elektrinius","erzina","JAC","papildin\u012f","pirmuosius","sujungt\u0105","ute","vaizdus","visi\u0161kai"],"articleSection":["eAUTOMOBILI\u0172 TECHNIN\u0116 PUS\u0116"],"inLanguage":"lt-LT","potentialAction":[{"@type":"CommentAction","name":"Comment","target":["http:\/\/eautomobiliai.lt\/index.php\/2025\/04\/07\/jac-demonstruoja-australijoje-sujungta-papildini-ute-erzina-pirmuosius-visiskai-elektrinius-ute-vaizdus\/#respond"]}]},{"@type":"WebPage","@id":"http:\/\/eautomobiliai.lt\/index.php\/2025\/04\/07\/jac-demonstruoja-australijoje-sujungta-papildini-ute-erzina-pirmuosius-visiskai-elektrinius-ute-vaizdus\/","url":"http:\/\/eautomobiliai.lt\/index.php\/2025\/04\/07\/jac-demonstruoja-australijoje-sujungta-papildini-ute-erzina-pirmuosius-visiskai-elektrinius-ute-vaizdus\/","name":"JAC demonstruoja Australijoje sujungt\u0105 papildin\u012f Ute, erzina pirmuosius visi\u0161kai elektrinius Ute vaizdus - Eautomobiliai.lt","isPartOf":{"@id":"https:\/\/eautomobiliai.lt\/#website"},"primaryImageOfPage":{"@id":"http:\/\/eautomobiliai.lt\/index.php\/2025\/04\/07\/jac-demonstruoja-australijoje-sujungta-papildini-ute-erzina-pirmuosius-visiskai-elektrinius-ute-vaizdus\/#primaryimage"},"image":{"@id":"http:\/\/eautomobiliai.lt\/index.php\/2025\/04\/07\/jac-demonstruoja-australijoje-sujungta-papildini-ute-erzina-pirmuosius-visiskai-elektrinius-ute-vaizdus\/#primaryimage"},"thumbnailUrl":"http:\/\/eautomobiliai.lt\/wp-content\/uploads\/2025\/04\/JAC-demonstruoja-Australijoje-sujungta-papildini-Ute-erzina-pirmuosius-visiskai-elektrinius.jpg","datePublished":"2025-04-07T08:00:40+00:00","author":{"@id":"https:\/\/eautomobiliai.lt\/#\/schema\/person\/ecf2a967f361217d056061f74deb92f2"},"breadcrumb":{"@id":"http:\/\/eautomobiliai.lt\/index.php\/2025\/04\/07\/jac-demonstruoja-australijoje-sujungta-papildini-ute-erzina-pirmuosius-visiskai-elektrinius-ute-vaizdus\/#breadcrumb"},"inLanguage":"lt-LT","potentialAction":[{"@type":"ReadAction","target":["http:\/\/eautomobiliai.lt\/index.php\/2025\/04\/07\/jac-demonstruoja-australijoje-sujungta-papildini-ute-erzina-pirmuosius-visiskai-elektrinius-ute-vaizdus\/"]}]},{"@type":"ImageObject","inLanguage":"lt-LT","@id":"http:\/\/eautomobiliai.lt\/index.php\/2025\/04\/07\/jac-demonstruoja-australijoje-sujungta-papildini-ute-erzina-pirmuosius-visiskai-elektrinius-ute-vaizdus\/#primaryimage","url":"http:\/\/eautomobiliai.lt\/wp-content\/uploads\/2025\/04\/JAC-demonstruoja-Australijoje-sujungta-papildini-Ute-erzina-pirmuosius-visiskai-elektrinius.jpg","contentUrl":"http:\/\/eautomobiliai.lt\/wp-content\/uploads\/2025\/04\/JAC-demonstruoja-Australijoje-sujungta-papildini-Ute-erzina-pirmuosius-visiskai-elektrinius.jpg","width":1200,"height":675},{"@type":"BreadcrumbList","@id":"http:\/\/eautomobiliai.lt\/index.php\/2025\/04\/07\/jac-demonstruoja-australijoje-sujungta-papildini-ute-erzina-pirmuosius-visiskai-elektrinius-ute-vaizdus\/#breadcrumb","itemListElement":[{"@type":"ListItem","position":1,"name":"Home","item":"https:\/\/eautomobiliai.lt\/"},{"@type":"ListItem","position":2,"name":"JAC demonstruoja Australijoje sujungt\u0105 papildin\u012f Ute, erzina pirmuosius visi\u0161kai elektrinius Ute vaizdus"}]},{"@type":"WebSite","@id":"https:\/\/eautomobiliai.lt\/#website","url":"https:\/\/eautomobiliai.lt\/","name":"Eautomobiliai.lt","description":"Elektrinis transportas, technologijos","potentialAction":[{"@type":"SearchAction","target":{"@type":"EntryPoint","urlTemplate":"https:\/\/eautomobiliai.lt\/?s={search_term_string}"},"query-input":{"@type":"PropertyValueSpecification","valueRequired":true,"valueName":"search_term_string"}}],"inLanguage":"lt-LT"},{"@type":"Person","@id":"https:\/\/eautomobiliai.lt\/#\/schema\/person\/ecf2a967f361217d056061f74deb92f2","name":"admin","image":{"@type":"ImageObject","inLanguage":"lt-LT","@id":"https:\/\/eautomobiliai.lt\/#\/schema\/person\/image\/","url":"https:\/\/secure.gravatar.com\/avatar\/6323379efae0c70c686c7905444d6bbd?s=96&d=mm&r=g","contentUrl":"https:\/\/secure.gravatar.com\/avatar\/6323379efae0c70c686c7905444d6bbd?s=96&d=mm&r=g","caption":"admin"},"sameAs":["http:\/\/eautomobiliai.lt"],"url":"http:\/\/eautomobiliai.lt\/index.php\/author\/admin\/"}]}},"_links":{"self":[{"href":"http:\/\/eautomobiliai.lt\/index.php\/wp-json\/wp\/v2\/posts\/400","targetHints":{"allow":["GET"]}}],"collection":[{"href":"http:\/\/eautomobiliai.lt\/index.php\/wp-json\/wp\/v2\/posts"}],"about":[{"href":"http:\/\/eautomobiliai.lt\/index.php\/wp-json\/wp\/v2\/types\/post"}],"author":[{"embeddable":true,"href":"http:\/\/eautomobiliai.lt\/index.php\/wp-json\/wp\/v2\/users\/1"}],"replies":[{"embeddable":true,"href":"http:\/\/eautomobiliai.lt\/index.php\/wp-json\/wp\/v2\/comments?post=400"}],"version-history":[{"count":0,"href":"http:\/\/eautomobiliai.lt\/index.php\/wp-json\/wp\/v2\/posts\/400\/revisions"}],"wp:featuredmedia":[{"embeddable":true,"href":"http:\/\/eautomobiliai.lt\/index.php\/wp-json\/wp\/v2\/media\/401"}],"wp:attachment":[{"href":"http:\/\/eautomobiliai.lt\/index.php\/wp-json\/wp\/v2\/media?parent=400"}],"wp:term":[{"taxonomy":"category","embeddable":true,"href":"http:\/\/eautomobiliai.lt\/index.php\/wp-json\/wp\/v2\/categories?post=400"},{"taxonomy":"post_tag","embeddable":true,"href":"http:\/\/eautomobiliai.lt\/index.php\/wp-json\/wp\/v2\/tags?post=400"}],"curies":[{"name":"wp","href":"https:\/\/api.w.org\/{rel}","templated":true}]}}