{"id":4083,"date":"2026-04-21T04:49:21","date_gmt":"2026-04-21T04:49:21","guid":{"rendered":"http:\/\/eautomobiliai.lt\/index.php\/2026\/04\/21\/skubeti-nereiketu-bowenas-sako-kad-keliu-naudotoju-ikroviklis-atsiras-tik-kai-bus-paruostas\/"},"modified":"2026-04-21T04:49:21","modified_gmt":"2026-04-21T04:49:21","slug":"skubeti-nereiketu-bowenas-sako-kad-keliu-naudotoju-ikroviklis-atsiras-tik-kai-bus-paruostas","status":"publish","type":"post","link":"http:\/\/eautomobiliai.lt\/index.php\/2026\/04\/21\/skubeti-nereiketu-bowenas-sako-kad-keliu-naudotoju-ikroviklis-atsiras-tik-kai-bus-paruostas\/","title":{"rendered":"\u201eSkub\u0117ti nereik\u0117t\u0173:\u201c Bowenas sako, kad keli\u0173 naudotoj\u0173 \u012fkroviklis atsiras tik \u201ekai bus paruo\u0161tas\u201c."},"content":{"rendered":"<p> <br \/>\n<\/p>\n<div id=\"\">\n<p>Federalinis energetikos ir klimato ministras Chrisas Bowenas sumenkino nuog\u0105stavimus d\u0117l savavali\u0161ko mokes\u010dio elektrin\u0117ms transporto priemon\u0117ms, sakydamas, kad keli\u0173 naudotojo mokestis bus imamas tik \u201ekai bus paruo\u0161tas\u201c.<\/p>\n<p>D\u0117l suma\u017e\u0117jusi\u0173 pajam\u0173 i\u0161 degal\u0173 akcizo buvo surengta didel\u0117 nauja kampanija, kuri\u0105 daugiausia remia did\u017eiosios \u0161alies automobili\u0173 grup\u0117s.<\/p>\n<p>Pati elektromobili\u0173 pramon\u0117 \u012frodin\u0117jo, kad keli\u0173 naudotojo mokestis yra nei\u0161vengiamas, nes lengv\u0173j\u0173 automobili\u0173 parkas kei\u010diamas nuo benzinini\u0173 ir dyzelini\u0173 prie elektrini\u0173, ta\u010diau teigia, kad jis tur\u0117t\u0173 b\u016bti sukalibruotas visoms transporto priemon\u0117ms, ir tai n\u0117ra atgrasoma nuo labai reikalingo elektromobili\u0173 naudojimo. Automobili\u0173 grup\u0117s pasi\u016blymas kainuot\u0173 400 USD per metus u\u017e 20 000 km nuva\u017eiuojan\u010dius elektromobilius.<\/p>\n<p>Pana\u0161u, kad Bowenas simpatizuoja elektromobili\u0173 pramon\u0117s pozicijai, interviu savaitiniame \u201eEnergy Insiders\u201c tinklalaidyje, kur\u012f rengia \u201eThe Driven\u201c seserin\u0117 svetain\u0117 \u201eRenew Economy\u201c, pa\u017eym\u0117jo, kad akcizo pajamos ma\u017e\u0117ja ir d\u0117l hibridini\u0173 transporto priemoni\u0173 populiarumo, d\u0117l kuri\u0173 taip pat suma\u017e\u0117jo degal\u0173 s\u0105naudos.<\/p>\n<p>\u201eMano po\u017ei\u016bris \u012f keli\u0173 naudotojo mokest\u012f nepasikeit\u0117\u201c, \u2013 Bowenas sak\u0117 \u201eEnergy Insiders\u201c podcast&#8217;ui (kur jis taip pat aptaria atsinaujinan\u010dios energijos tikslus, i\u0161kastinio kuro kriz\u0119, elektrifikacij\u0105 ir JT derybas).<\/p>\n<p>&#8222;Tai turi \u012fvykti, kai jis bus paruo\u0161tas. Tai tikslas, ir mes gauname ma\u017eiau ir pajam\u0173 ne tik d\u0117l elektromobili\u0173, bet ir d\u0117l to, kad pagal naujus transporto priemoni\u0173 efektyvumo standartus va\u017ein\u0117jama efektyvesniais benzininiais automobiliais. Taigi j\u016bs prarandate ma\u017eiau degal\u0173 net ir benzinu varomame automobilyje.<\/p>\n<p>&#8222;Tai netur\u0117t\u0173 b\u016bti tokia, kuri\u0105 sutinkame pagal savavali\u0161k\u0105 termin\u0105. Tai svarbus politikos tikslas, bet tas, kuris turi b\u016bti teisingas. Tai gali b\u016bti geras dalykas, bet nereik\u0117t\u0173 to skub\u0117ti.&#8221;<\/p>\n<p>Kovo m\u0117nes\u012f elektromobili\u0173 pardavimai i\u0161augo iki rekordinio lygio, daugiausia d\u0117l latentin\u0117s paklausos, kuri\u0105 suk\u0117l\u0117 staigus benzino ir dyzelino kain\u0173 padid\u0117jimas d\u0117l Irano karo ir Horm\u016bzo s\u0105siaurio u\u017esikim\u0161imo bei jo poveikio pasauliniam degal\u0173 tiekimui.<\/p>\n<p>Tikimasi, kad tokia didel\u0117 elektromobili\u0173 paklausa i\u0161liks kelet\u0105 m\u0117nesi\u0173 ir galb\u016bt taps nuolatiniu, nes tik nedaugelis \u017emoni\u0173 tikisi, kad benzino ir dyzelino kainos greitai gr\u012f\u0161 \u012f ankstesn\u012f lyg\u012f. Didieji elektromobili\u0173 gamintojai prane\u0161a apie keli\u0173 m\u0117nesi\u0173 laukimo laik\u0105 ir pa\u017ead\u0117jo importuoti dar de\u0161imtis t\u016bkstan\u010di\u0173, kad patenkint\u0173 augan\u010di\u0105 paklaus\u0105.<\/p>\n<p>EV keli\u0173 mokestis, taikomas tik elektromobiliams, laikomas \u017eingsniu atgal, nors elektromobili\u0173 lobistas jau seniai pripa\u017eino, kad tokia politika yra nei\u0161vengiama, ta\u010diau tur\u0117t\u0173 b\u016bti taikoma visoms transporto priemon\u0117ms, neatsi\u017evelgiant \u012f degal\u0173 r\u016b\u0161\u012f, o ne tokiu b\u016bdu, kuris atgrasyt\u0173 klientus nuo varymo elektra.<\/p>\n<p>Kiti, pavyzd\u017eiui, \u201eFortescue\u201c vadovas Andrew Forrestas ir \u201eEnergy Insiders\u201c bendradarbis ir pramon\u0117s analitikas Davidas Leitchas, teigia, kad degal\u0173 akcizo nuolaid\u0173 reik\u0117t\u0173 atsisakyti, ypa\u010d kasybos pramonei, kuri gauna \u0161imtus milijon\u0173 doleri\u0173 nuolaid\u0173.<\/p>\n<p>Forrestas sako, kad nuolaidos at\u0161aukimas paskatins kitus daryti tai, k\u0105 daro jo \u012fmon\u0117, ir visus dyzelinius sunkve\u017eimius bei kasybos \u012frang\u0105 pakeisti akumuliatoriniais sunkve\u017eimiais ir ekskavatoriais. Leitchas teigia, kad bent jau anglies pramonei, kuri dabar sunaudoja dar daugiau dyzelino nei anks\u010diau, nuolaida tur\u0117t\u0173 b\u016bti panaikinta. Kiti teigia, kad kiekvienai \u012fmonei ji tur\u0117t\u0173 b\u016bti apribota iki 50 mln.<\/p>\n<p>Vis\u0105 interviu su Chrisu Bowenu galite i\u0161girsti naujausioje \u201eEnergy Insiders\u201c podcast&#8217;o serijoje: \u201eEnergy Insiders Podcast\u201c: Chrisas Bowenas apie atsinaujinan\u010dios energijos tiksl\u0105, v\u0117jo v\u0117lavim\u0105, elektromobilius ir elektrifikacij\u0105<\/p>\n<\/p>\n<div class=\"saboxplugin-wrap\" itemtype=\"http:\/\/schema.org\/Person\" itemscope=\"\" itemprop=\"author\">\n<div class=\"saboxplugin-tab\">\n<div class=\"saboxplugin-gravatar\"><img loading=\"lazy\" decoding=\"async\" src=\"https:\/\/thedriven.io\/wp-content\/uploads\/2021\/11\/giles_100x100.jpg\" width=\"100\" height=\"100\" alt=\"Gilesas Parkinsonas\" itemprop=\"image\"\/><\/div>\n<div class=\"saboxplugin-desc\">\n<div itemprop=\"description\">\n<p>Gilesas Parkinsonas yra \u201eThe Driven\u201c \u012fk\u016br\u0117jas ir redaktorius, taip pat redaguoja ir \u012fk\u016br\u0117 \u201eRenew Economy\u201c ir \u201eOne Step Off The Grid\u201c svetaines. Jis dirba \u017eurnalistu beveik 40 met\u0173, yra buv\u0119s verslo atstovas ir Australijos finansin\u0117s ap\u017evalgos redaktoriaus pavaduotojas, jam priklauso Tesla Model 3.<\/p>\n<\/div>\n<\/div>\n<\/div>\n<\/div>\n<p><!-- AI CONTENT END 1 --><\/p><\/div>\n<p><br \/>\n<br \/><a href=\"https:\/\/thedriven.io\/2026\/04\/21\/it-should-not-be-rushed-bowen-says-road-user-charger-will-only-happen-when-it-is-ready\/\">Source link <\/a><\/p>\n","protected":false},"excerpt":{"rendered":"<p>Federalinis energetikos ir klimato ministras Chrisas Bowenas sumenkino nuog\u0105stavimus d\u0117l savavali\u0161ko mokes\u010dio elektrin\u0117ms transporto priemon\u0117ms, sakydamas, kad keli\u0173 naudotojo mokestis&hellip;<\/p>\n","protected":false},"author":1,"featured_media":4084,"comment_status":"open","ping_status":"open","sticky":false,"template":"","format":"standard","meta":{"om_disable_all_campaigns":false,"_monsterinsights_skip_tracking":false,"footnotes":""},"categories":[39],"tags":[6055,6008,933,2661,339,221,591,6054,6053,1101,636,6052,273],"class_list":["post-4083","post","type-post","status-publish","format-standard","has-post-thumbnail","hentry","category-eautomobiliu-technine-puse","tag-atsiras","tag-bowenas","tag-bus","tag-ikroviklis","tag-kad","tag-kai","tag-keliu","tag-naudotoju","tag-nereiketu","tag-paruostas","tag-sako","tag-skubeti","tag-tik"],"aioseo_notices":[],"aioseo_head":"\n\t\t<!-- All in One SEO 5.0.1.1 - aioseo.com -->\n\t<meta name=\"description\" content=\"Federalinis energetikos ir klimato ministras Chrisas Bowenas sumenkino nuog\u0105stavimus d\u0117l savavali\u0161ko mokes\u010dio elektrin\u0117ms transporto priemon\u0117ms, sakydamas, kad keli\u0173 naudotojo mokestis bus imamas tik \u201ekai bus paruo\u0161tas\u201c. D\u0117l suma\u017e\u0117jusi\u0173 pajam\u0173 i\u0161 degal\u0173 akcizo buvo surengta didel\u0117 nauja kampanija, kuri\u0105 daugiausia remia did\u017eiosios \u0161alies automobili\u0173 grup\u0117s. Pati elektromobili\u0173 pramon\u0117 \u012frodin\u0117jo, kad keli\u0173 naudotojo mokestis yra nei\u0161vengiamas, nes\" \/>\n\t<meta name=\"robots\" content=\"max-image-preview:large\" \/>\n\t<meta name=\"author\" content=\"admin\"\/>\n\t<meta name=\"google-site-verification\" content=\"6zgFQV_ggON3NjnliunX3rIOfPu1cN2bmZH3rMwZjlE\" \/>\n\t<link rel=\"canonical\" href=\"http:\/\/eautomobiliai.lt\/index.php\/2026\/04\/21\/skubeti-nereiketu-bowenas-sako-kad-keliu-naudotoju-ikroviklis-atsiras-tik-kai-bus-paruostas\/\" \/>\n\t<meta name=\"generator\" content=\"All in One SEO (AIOSEO) 5.0.1.1\" \/>\n\t\t<meta property=\"og:locale\" content=\"lt_LT\" \/>\n\t\t<meta property=\"og:site_name\" content=\"Eautomobiliai.lt - Elektrinis transportas, technologijos\" \/>\n\t\t<meta property=\"og:type\" content=\"article\" \/>\n\t\t<meta property=\"og:title\" content=\"\u201eSkub\u0117ti nereik\u0117t\u0173:\u201c Bowenas sako, kad keli\u0173 naudotoj\u0173 \u012fkroviklis atsiras tik \u201ekai bus paruo\u0161tas\u201c. - Eautomobiliai.lt\" \/>\n\t\t<meta property=\"og:description\" content=\"Federalinis energetikos ir klimato ministras Chrisas Bowenas sumenkino nuog\u0105stavimus d\u0117l savavali\u0161ko mokes\u010dio elektrin\u0117ms transporto priemon\u0117ms, sakydamas, kad keli\u0173 naudotojo mokestis bus imamas tik \u201ekai bus paruo\u0161tas\u201c. D\u0117l suma\u017e\u0117jusi\u0173 pajam\u0173 i\u0161 degal\u0173 akcizo buvo surengta didel\u0117 nauja kampanija, kuri\u0105 daugiausia remia did\u017eiosios \u0161alies automobili\u0173 grup\u0117s. Pati elektromobili\u0173 pramon\u0117 \u012frodin\u0117jo, kad keli\u0173 naudotojo mokestis yra nei\u0161vengiamas, nes\" \/>\n\t\t<meta property=\"og:url\" content=\"http:\/\/eautomobiliai.lt\/index.php\/2026\/04\/21\/skubeti-nereiketu-bowenas-sako-kad-keliu-naudotoju-ikroviklis-atsiras-tik-kai-bus-paruostas\/\" \/>\n\t\t<meta property=\"article:published_time\" content=\"2026-04-21T04:49:21+00:00\" \/>\n\t\t<meta property=\"article:modified_time\" content=\"2026-04-21T04:49:21+00:00\" \/>\n\t\t<meta name=\"twitter:card\" content=\"summary_large_image\" \/>\n\t\t<meta name=\"twitter:title\" content=\"\u201eSkub\u0117ti nereik\u0117t\u0173:\u201c Bowenas sako, kad keli\u0173 naudotoj\u0173 \u012fkroviklis atsiras tik \u201ekai bus paruo\u0161tas\u201c. - Eautomobiliai.lt\" \/>\n\t\t<meta name=\"twitter:description\" content=\"Federalinis energetikos ir klimato ministras Chrisas Bowenas sumenkino nuog\u0105stavimus d\u0117l savavali\u0161ko mokes\u010dio elektrin\u0117ms transporto priemon\u0117ms, sakydamas, kad keli\u0173 naudotojo mokestis bus imamas tik \u201ekai bus paruo\u0161tas\u201c. D\u0117l suma\u017e\u0117jusi\u0173 pajam\u0173 i\u0161 degal\u0173 akcizo buvo surengta didel\u0117 nauja kampanija, kuri\u0105 daugiausia remia did\u017eiosios \u0161alies automobili\u0173 grup\u0117s. Pati elektromobili\u0173 pramon\u0117 \u012frodin\u0117jo, kad keli\u0173 naudotojo mokestis yra nei\u0161vengiamas, nes\" \/>\n\t\t<script type=\"application\/ld+json\" class=\"aioseo-schema\">\n\t\t\t{\"@context\":\"https:\\\/\\\/schema.org\",\"@graph\":[{\"@type\":\"BlogPosting\",\"@id\":\"http:\\\/\\\/eautomobiliai.lt\\\/index.php\\\/2026\\\/04\\\/21\\\/skubeti-nereiketu-bowenas-sako-kad-keliu-naudotoju-ikroviklis-atsiras-tik-kai-bus-paruostas\\\/#blogposting\",\"name\":\"\\u201eSkub\\u0117ti nereik\\u0117t\\u0173:\\u201c Bowenas sako, kad keli\\u0173 naudotoj\\u0173 \\u012fkroviklis atsiras tik \\u201ekai bus paruo\\u0161tas\\u201c. - Eautomobiliai.lt\",\"headline\":\"\\u201eSkub\\u0117ti nereik\\u0117t\\u0173:\\u201c Bowenas sako, kad keli\\u0173 naudotoj\\u0173 \\u012fkroviklis atsiras tik \\u201ekai bus paruo\\u0161tas\\u201c.\",\"author\":{\"@id\":\"http:\\\/\\\/eautomobiliai.lt\\\/index.php\\\/author\\\/admin\\\/#author\"},\"publisher\":{\"@id\":\"http:\\\/\\\/eautomobiliai.lt\\\/#organization\"},\"image\":{\"@type\":\"ImageObject\",\"url\":\"http:\\\/\\\/eautomobiliai.lt\\\/wp-content\\\/uploads\\\/2026\\\/04\\\/\\u201eSkubeti-nereiketu-Bowenas-sako-kad-keliu-naudotoju-ikroviklis-atsiras-tik.jpg\",\"width\":1200,\"height\":900},\"datePublished\":\"2026-04-21T04:49:21+00:00\",\"dateModified\":\"2026-04-21T04:49:21+00:00\",\"inLanguage\":\"lt-LT\",\"mainEntityOfPage\":{\"@id\":\"http:\\\/\\\/eautomobiliai.lt\\\/index.php\\\/2026\\\/04\\\/21\\\/skubeti-nereiketu-bowenas-sako-kad-keliu-naudotoju-ikroviklis-atsiras-tik-kai-bus-paruostas\\\/#webpage\"},\"isPartOf\":{\"@id\":\"http:\\\/\\\/eautomobiliai.lt\\\/index.php\\\/2026\\\/04\\\/21\\\/skubeti-nereiketu-bowenas-sako-kad-keliu-naudotoju-ikroviklis-atsiras-tik-kai-bus-paruostas\\\/#webpage\"},\"articleSection\":\"eAUTOMOBILI\\u0172 TECHNIN\\u0116 PUS\\u0116, atsiras, Bowenas, bus, \\u012fkroviklis, kad, kai, keliu, naudotoj\\u0173, nereik\\u0117t\\u0173, paruo\\u0161tas, sako, Skub\\u0117ti, tik\"},{\"@type\":\"BreadcrumbList\",\"@id\":\"http:\\\/\\\/eautomobiliai.lt\\\/index.php\\\/2026\\\/04\\\/21\\\/skubeti-nereiketu-bowenas-sako-kad-keliu-naudotoju-ikroviklis-atsiras-tik-kai-bus-paruostas\\\/#breadcrumblist\",\"itemListElement\":[{\"@type\":\"ListItem\",\"@id\":\"http:\\\/\\\/eautomobiliai.lt#listItem\",\"position\":1,\"name\":\"Home\",\"item\":\"http:\\\/\\\/eautomobiliai.lt\",\"nextItem\":{\"@type\":\"ListItem\",\"@id\":\"http:\\\/\\\/eautomobiliai.lt\\\/index.php\\\/category\\\/eautomobiliu-technine-puse\\\/#listItem\",\"name\":\"eAUTOMOBILI\\u0172 TECHNIN\\u0116 PUS\\u0116\"}},{\"@type\":\"ListItem\",\"@id\":\"http:\\\/\\\/eautomobiliai.lt\\\/index.php\\\/category\\\/eautomobiliu-technine-puse\\\/#listItem\",\"position\":2,\"name\":\"eAUTOMOBILI\\u0172 TECHNIN\\u0116 PUS\\u0116\",\"item\":\"http:\\\/\\\/eautomobiliai.lt\\\/index.php\\\/category\\\/eautomobiliu-technine-puse\\\/\",\"nextItem\":{\"@type\":\"ListItem\",\"@id\":\"http:\\\/\\\/eautomobiliai.lt\\\/index.php\\\/2026\\\/04\\\/21\\\/skubeti-nereiketu-bowenas-sako-kad-keliu-naudotoju-ikroviklis-atsiras-tik-kai-bus-paruostas\\\/#listItem\",\"name\":\"\\u201eSkub\\u0117ti nereik\\u0117t\\u0173:\\u201c Bowenas sako, kad keli\\u0173 naudotoj\\u0173 \\u012fkroviklis atsiras tik \\u201ekai bus paruo\\u0161tas\\u201c.\"},\"previousItem\":{\"@type\":\"ListItem\",\"@id\":\"http:\\\/\\\/eautomobiliai.lt#listItem\",\"name\":\"Home\"}},{\"@type\":\"ListItem\",\"@id\":\"http:\\\/\\\/eautomobiliai.lt\\\/index.php\\\/2026\\\/04\\\/21\\\/skubeti-nereiketu-bowenas-sako-kad-keliu-naudotoju-ikroviklis-atsiras-tik-kai-bus-paruostas\\\/#listItem\",\"position\":3,\"name\":\"\\u201eSkub\\u0117ti nereik\\u0117t\\u0173:\\u201c Bowenas sako, kad keli\\u0173 naudotoj\\u0173 \\u012fkroviklis atsiras tik \\u201ekai bus paruo\\u0161tas\\u201c.\",\"previousItem\":{\"@type\":\"ListItem\",\"@id\":\"http:\\\/\\\/eautomobiliai.lt\\\/index.php\\\/category\\\/eautomobiliu-technine-puse\\\/#listItem\",\"name\":\"eAUTOMOBILI\\u0172 TECHNIN\\u0116 PUS\\u0116\"}}]},{\"@type\":\"Organization\",\"@id\":\"http:\\\/\\\/eautomobiliai.lt\\\/#organization\",\"name\":\"Eautomobiliai.lt\",\"description\":\"Elektrinis transportas, technologijos\",\"url\":\"http:\\\/\\\/eautomobiliai.lt\\\/\"},{\"@type\":\"Person\",\"@id\":\"http:\\\/\\\/eautomobiliai.lt\\\/index.php\\\/author\\\/admin\\\/#author\",\"url\":\"http:\\\/\\\/eautomobiliai.lt\\\/index.php\\\/author\\\/admin\\\/\",\"name\":\"admin\",\"image\":{\"@type\":\"ImageObject\",\"@id\":\"http:\\\/\\\/eautomobiliai.lt\\\/index.php\\\/2026\\\/04\\\/21\\\/skubeti-nereiketu-bowenas-sako-kad-keliu-naudotoju-ikroviklis-atsiras-tik-kai-bus-paruostas\\\/#authorImage\",\"url\":\"https:\\\/\\\/secure.gravatar.com\\\/avatar\\\/6323379efae0c70c686c7905444d6bbd?s=96&d=mm&r=g\",\"width\":96,\"height\":96,\"caption\":\"admin\"}},{\"@type\":\"WebPage\",\"@id\":\"http:\\\/\\\/eautomobiliai.lt\\\/index.php\\\/2026\\\/04\\\/21\\\/skubeti-nereiketu-bowenas-sako-kad-keliu-naudotoju-ikroviklis-atsiras-tik-kai-bus-paruostas\\\/#webpage\",\"url\":\"http:\\\/\\\/eautomobiliai.lt\\\/index.php\\\/2026\\\/04\\\/21\\\/skubeti-nereiketu-bowenas-sako-kad-keliu-naudotoju-ikroviklis-atsiras-tik-kai-bus-paruostas\\\/\",\"name\":\"\\u201eSkub\\u0117ti nereik\\u0117t\\u0173:\\u201c Bowenas sako, kad keli\\u0173 naudotoj\\u0173 \\u012fkroviklis atsiras tik \\u201ekai bus paruo\\u0161tas\\u201c. - Eautomobiliai.lt\",\"description\":\"Federalinis energetikos ir klimato ministras Chrisas Bowenas sumenkino nuog\\u0105stavimus d\\u0117l savavali\\u0161ko mokes\\u010dio elektrin\\u0117ms transporto priemon\\u0117ms, sakydamas, kad keli\\u0173 naudotojo mokestis bus imamas tik \\u201ekai bus paruo\\u0161tas\\u201c. D\\u0117l suma\\u017e\\u0117jusi\\u0173 pajam\\u0173 i\\u0161 degal\\u0173 akcizo buvo surengta didel\\u0117 nauja kampanija, kuri\\u0105 daugiausia remia did\\u017eiosios \\u0161alies automobili\\u0173 grup\\u0117s. Pati elektromobili\\u0173 pramon\\u0117 \\u012frodin\\u0117jo, kad keli\\u0173 naudotojo mokestis yra nei\\u0161vengiamas, nes\",\"inLanguage\":\"lt-LT\",\"isPartOf\":{\"@id\":\"http:\\\/\\\/eautomobiliai.lt\\\/#website\"},\"breadcrumb\":{\"@id\":\"http:\\\/\\\/eautomobiliai.lt\\\/index.php\\\/2026\\\/04\\\/21\\\/skubeti-nereiketu-bowenas-sako-kad-keliu-naudotoju-ikroviklis-atsiras-tik-kai-bus-paruostas\\\/#breadcrumblist\"},\"author\":{\"@id\":\"http:\\\/\\\/eautomobiliai.lt\\\/index.php\\\/author\\\/admin\\\/#author\"},\"creator\":{\"@id\":\"http:\\\/\\\/eautomobiliai.lt\\\/index.php\\\/author\\\/admin\\\/#author\"},\"image\":{\"@type\":\"ImageObject\",\"url\":\"http:\\\/\\\/eautomobiliai.lt\\\/wp-content\\\/uploads\\\/2026\\\/04\\\/\\u201eSkubeti-nereiketu-Bowenas-sako-kad-keliu-naudotoju-ikroviklis-atsiras-tik.jpg\",\"@id\":\"http:\\\/\\\/eautomobiliai.lt\\\/index.php\\\/2026\\\/04\\\/21\\\/skubeti-nereiketu-bowenas-sako-kad-keliu-naudotoju-ikroviklis-atsiras-tik-kai-bus-paruostas\\\/#mainImage\",\"width\":1200,\"height\":900},\"primaryImageOfPage\":{\"@id\":\"http:\\\/\\\/eautomobiliai.lt\\\/index.php\\\/2026\\\/04\\\/21\\\/skubeti-nereiketu-bowenas-sako-kad-keliu-naudotoju-ikroviklis-atsiras-tik-kai-bus-paruostas\\\/#mainImage\"},\"datePublished\":\"2026-04-21T04:49:21+00:00\",\"dateModified\":\"2026-04-21T04:49:21+00:00\"},{\"@type\":\"WebSite\",\"@id\":\"http:\\\/\\\/eautomobiliai.lt\\\/#website\",\"url\":\"http:\\\/\\\/eautomobiliai.lt\\\/\",\"name\":\"Eautomobiliai.lt\",\"description\":\"Elektrinis transportas, technologijos\",\"inLanguage\":\"lt-LT\",\"publisher\":{\"@id\":\"http:\\\/\\\/eautomobiliai.lt\\\/#organization\"}}]}\n\t\t<\/script>\n\t\t<!-- All in One SEO -->\n\n","aioseo_head_json":{"title":"\u201eSkub\u0117ti nereik\u0117t\u0173:\u201c Bowenas sako, kad keli\u0173 naudotoj\u0173 \u012fkroviklis atsiras tik \u201ekai bus paruo\u0161tas\u201c. - Eautomobiliai.lt","description":"Federalinis energetikos ir klimato ministras Chrisas Bowenas sumenkino nuog\u0105stavimus d\u0117l savavali\u0161ko mokes\u010dio elektrin\u0117ms transporto priemon\u0117ms, sakydamas, kad keli\u0173 naudotojo mokestis bus imamas tik \u201ekai bus paruo\u0161tas\u201c. D\u0117l suma\u017e\u0117jusi\u0173 pajam\u0173 i\u0161 degal\u0173 akcizo buvo surengta didel\u0117 nauja kampanija, kuri\u0105 daugiausia remia did\u017eiosios \u0161alies automobili\u0173 grup\u0117s. Pati elektromobili\u0173 pramon\u0117 \u012frodin\u0117jo, kad keli\u0173 naudotojo mokestis yra nei\u0161vengiamas, nes","canonical_url":"http:\/\/eautomobiliai.lt\/index.php\/2026\/04\/21\/skubeti-nereiketu-bowenas-sako-kad-keliu-naudotoju-ikroviklis-atsiras-tik-kai-bus-paruostas\/","robots":"max-image-preview:large","keywords":"","webmasterTools":{"google-site-verification":"6zgFQV_ggON3NjnliunX3rIOfPu1cN2bmZH3rMwZjlE","miscellaneous":""},"schema":{"@context":"https:\/\/schema.org","@graph":[{"@type":"BlogPosting","@id":"http:\/\/eautomobiliai.lt\/index.php\/2026\/04\/21\/skubeti-nereiketu-bowenas-sako-kad-keliu-naudotoju-ikroviklis-atsiras-tik-kai-bus-paruostas\/#blogposting","name":"\u201eSkub\u0117ti nereik\u0117t\u0173:\u201c Bowenas sako, kad keli\u0173 naudotoj\u0173 \u012fkroviklis atsiras tik \u201ekai bus paruo\u0161tas\u201c. - Eautomobiliai.lt","headline":"\u201eSkub\u0117ti nereik\u0117t\u0173:\u201c Bowenas sako, kad keli\u0173 naudotoj\u0173 \u012fkroviklis atsiras tik \u201ekai bus paruo\u0161tas\u201c.","author":{"@id":"http:\/\/eautomobiliai.lt\/index.php\/author\/admin\/#author"},"publisher":{"@id":"http:\/\/eautomobiliai.lt\/#organization"},"image":{"@type":"ImageObject","url":"http:\/\/eautomobiliai.lt\/wp-content\/uploads\/2026\/04\/\u201eSkubeti-nereiketu-Bowenas-sako-kad-keliu-naudotoju-ikroviklis-atsiras-tik.jpg","width":1200,"height":900},"datePublished":"2026-04-21T04:49:21+00:00","dateModified":"2026-04-21T04:49:21+00:00","inLanguage":"lt-LT","mainEntityOfPage":{"@id":"http:\/\/eautomobiliai.lt\/index.php\/2026\/04\/21\/skubeti-nereiketu-bowenas-sako-kad-keliu-naudotoju-ikroviklis-atsiras-tik-kai-bus-paruostas\/#webpage"},"isPartOf":{"@id":"http:\/\/eautomobiliai.lt\/index.php\/2026\/04\/21\/skubeti-nereiketu-bowenas-sako-kad-keliu-naudotoju-ikroviklis-atsiras-tik-kai-bus-paruostas\/#webpage"},"articleSection":"eAUTOMOBILI\u0172 TECHNIN\u0116 PUS\u0116, atsiras, Bowenas, bus, \u012fkroviklis, kad, kai, keliu, naudotoj\u0173, nereik\u0117t\u0173, paruo\u0161tas, sako, Skub\u0117ti, tik"},{"@type":"BreadcrumbList","@id":"http:\/\/eautomobiliai.lt\/index.php\/2026\/04\/21\/skubeti-nereiketu-bowenas-sako-kad-keliu-naudotoju-ikroviklis-atsiras-tik-kai-bus-paruostas\/#breadcrumblist","itemListElement":[{"@type":"ListItem","@id":"http:\/\/eautomobiliai.lt#listItem","position":1,"name":"Home","item":"http:\/\/eautomobiliai.lt","nextItem":{"@type":"ListItem","@id":"http:\/\/eautomobiliai.lt\/index.php\/category\/eautomobiliu-technine-puse\/#listItem","name":"eAUTOMOBILI\u0172 TECHNIN\u0116 PUS\u0116"}},{"@type":"ListItem","@id":"http:\/\/eautomobiliai.lt\/index.php\/category\/eautomobiliu-technine-puse\/#listItem","position":2,"name":"eAUTOMOBILI\u0172 TECHNIN\u0116 PUS\u0116","item":"http:\/\/eautomobiliai.lt\/index.php\/category\/eautomobiliu-technine-puse\/","nextItem":{"@type":"ListItem","@id":"http:\/\/eautomobiliai.lt\/index.php\/2026\/04\/21\/skubeti-nereiketu-bowenas-sako-kad-keliu-naudotoju-ikroviklis-atsiras-tik-kai-bus-paruostas\/#listItem","name":"\u201eSkub\u0117ti nereik\u0117t\u0173:\u201c Bowenas sako, kad keli\u0173 naudotoj\u0173 \u012fkroviklis atsiras tik \u201ekai bus paruo\u0161tas\u201c."},"previousItem":{"@type":"ListItem","@id":"http:\/\/eautomobiliai.lt#listItem","name":"Home"}},{"@type":"ListItem","@id":"http:\/\/eautomobiliai.lt\/index.php\/2026\/04\/21\/skubeti-nereiketu-bowenas-sako-kad-keliu-naudotoju-ikroviklis-atsiras-tik-kai-bus-paruostas\/#listItem","position":3,"name":"\u201eSkub\u0117ti nereik\u0117t\u0173:\u201c Bowenas sako, kad keli\u0173 naudotoj\u0173 \u012fkroviklis atsiras tik \u201ekai bus paruo\u0161tas\u201c.","previousItem":{"@type":"ListItem","@id":"http:\/\/eautomobiliai.lt\/index.php\/category\/eautomobiliu-technine-puse\/#listItem","name":"eAUTOMOBILI\u0172 TECHNIN\u0116 PUS\u0116"}}]},{"@type":"Organization","@id":"http:\/\/eautomobiliai.lt\/#organization","name":"Eautomobiliai.lt","description":"Elektrinis transportas, technologijos","url":"http:\/\/eautomobiliai.lt\/"},{"@type":"Person","@id":"http:\/\/eautomobiliai.lt\/index.php\/author\/admin\/#author","url":"http:\/\/eautomobiliai.lt\/index.php\/author\/admin\/","name":"admin","image":{"@type":"ImageObject","@id":"http:\/\/eautomobiliai.lt\/index.php\/2026\/04\/21\/skubeti-nereiketu-bowenas-sako-kad-keliu-naudotoju-ikroviklis-atsiras-tik-kai-bus-paruostas\/#authorImage","url":"https:\/\/secure.gravatar.com\/avatar\/6323379efae0c70c686c7905444d6bbd?s=96&d=mm&r=g","width":96,"height":96,"caption":"admin"}},{"@type":"WebPage","@id":"http:\/\/eautomobiliai.lt\/index.php\/2026\/04\/21\/skubeti-nereiketu-bowenas-sako-kad-keliu-naudotoju-ikroviklis-atsiras-tik-kai-bus-paruostas\/#webpage","url":"http:\/\/eautomobiliai.lt\/index.php\/2026\/04\/21\/skubeti-nereiketu-bowenas-sako-kad-keliu-naudotoju-ikroviklis-atsiras-tik-kai-bus-paruostas\/","name":"\u201eSkub\u0117ti nereik\u0117t\u0173:\u201c Bowenas sako, kad keli\u0173 naudotoj\u0173 \u012fkroviklis atsiras tik \u201ekai bus paruo\u0161tas\u201c. - Eautomobiliai.lt","description":"Federalinis energetikos ir klimato ministras Chrisas Bowenas sumenkino nuog\u0105stavimus d\u0117l savavali\u0161ko mokes\u010dio elektrin\u0117ms transporto priemon\u0117ms, sakydamas, kad keli\u0173 naudotojo mokestis bus imamas tik \u201ekai bus paruo\u0161tas\u201c. D\u0117l suma\u017e\u0117jusi\u0173 pajam\u0173 i\u0161 degal\u0173 akcizo buvo surengta didel\u0117 nauja kampanija, kuri\u0105 daugiausia remia did\u017eiosios \u0161alies automobili\u0173 grup\u0117s. Pati elektromobili\u0173 pramon\u0117 \u012frodin\u0117jo, kad keli\u0173 naudotojo mokestis yra nei\u0161vengiamas, nes","inLanguage":"lt-LT","isPartOf":{"@id":"http:\/\/eautomobiliai.lt\/#website"},"breadcrumb":{"@id":"http:\/\/eautomobiliai.lt\/index.php\/2026\/04\/21\/skubeti-nereiketu-bowenas-sako-kad-keliu-naudotoju-ikroviklis-atsiras-tik-kai-bus-paruostas\/#breadcrumblist"},"author":{"@id":"http:\/\/eautomobiliai.lt\/index.php\/author\/admin\/#author"},"creator":{"@id":"http:\/\/eautomobiliai.lt\/index.php\/author\/admin\/#author"},"image":{"@type":"ImageObject","url":"http:\/\/eautomobiliai.lt\/wp-content\/uploads\/2026\/04\/\u201eSkubeti-nereiketu-Bowenas-sako-kad-keliu-naudotoju-ikroviklis-atsiras-tik.jpg","@id":"http:\/\/eautomobiliai.lt\/index.php\/2026\/04\/21\/skubeti-nereiketu-bowenas-sako-kad-keliu-naudotoju-ikroviklis-atsiras-tik-kai-bus-paruostas\/#mainImage","width":1200,"height":900},"primaryImageOfPage":{"@id":"http:\/\/eautomobiliai.lt\/index.php\/2026\/04\/21\/skubeti-nereiketu-bowenas-sako-kad-keliu-naudotoju-ikroviklis-atsiras-tik-kai-bus-paruostas\/#mainImage"},"datePublished":"2026-04-21T04:49:21+00:00","dateModified":"2026-04-21T04:49:21+00:00"},{"@type":"WebSite","@id":"http:\/\/eautomobiliai.lt\/#website","url":"http:\/\/eautomobiliai.lt\/","name":"Eautomobiliai.lt","description":"Elektrinis transportas, technologijos","inLanguage":"lt-LT","publisher":{"@id":"http:\/\/eautomobiliai.lt\/#organization"}}]},"og:locale":"lt_LT","og:site_name":"Eautomobiliai.lt - Elektrinis transportas, technologijos","og:type":"article","og:title":"\u201eSkub\u0117ti nereik\u0117t\u0173:\u201c Bowenas sako, kad keli\u0173 naudotoj\u0173 \u012fkroviklis atsiras tik \u201ekai bus paruo\u0161tas\u201c. - Eautomobiliai.lt","og:description":"Federalinis energetikos ir klimato ministras Chrisas Bowenas sumenkino nuog\u0105stavimus d\u0117l savavali\u0161ko mokes\u010dio elektrin\u0117ms transporto priemon\u0117ms, sakydamas, kad keli\u0173 naudotojo mokestis bus imamas tik \u201ekai bus paruo\u0161tas\u201c. D\u0117l suma\u017e\u0117jusi\u0173 pajam\u0173 i\u0161 degal\u0173 akcizo buvo surengta didel\u0117 nauja kampanija, kuri\u0105 daugiausia remia did\u017eiosios \u0161alies automobili\u0173 grup\u0117s. Pati elektromobili\u0173 pramon\u0117 \u012frodin\u0117jo, kad keli\u0173 naudotojo mokestis yra nei\u0161vengiamas, nes","og:url":"http:\/\/eautomobiliai.lt\/index.php\/2026\/04\/21\/skubeti-nereiketu-bowenas-sako-kad-keliu-naudotoju-ikroviklis-atsiras-tik-kai-bus-paruostas\/","article:published_time":"2026-04-21T04:49:21+00:00","article:modified_time":"2026-04-21T04:49:21+00:00","twitter:card":"summary_large_image","twitter:title":"\u201eSkub\u0117ti nereik\u0117t\u0173:\u201c Bowenas sako, kad keli\u0173 naudotoj\u0173 \u012fkroviklis atsiras tik \u201ekai bus paruo\u0161tas\u201c. - Eautomobiliai.lt","twitter:description":"Federalinis energetikos ir klimato ministras Chrisas Bowenas sumenkino nuog\u0105stavimus d\u0117l savavali\u0161ko mokes\u010dio elektrin\u0117ms transporto priemon\u0117ms, sakydamas, kad keli\u0173 naudotojo mokestis bus imamas tik \u201ekai bus paruo\u0161tas\u201c. D\u0117l suma\u017e\u0117jusi\u0173 pajam\u0173 i\u0161 degal\u0173 akcizo buvo surengta didel\u0117 nauja kampanija, kuri\u0105 daugiausia remia did\u017eiosios \u0161alies automobili\u0173 grup\u0117s. Pati elektromobili\u0173 pramon\u0117 \u012frodin\u0117jo, kad keli\u0173 naudotojo mokestis yra nei\u0161vengiamas, nes"},"aioseo_meta_data":{"post_id":"4083","title":null,"description":null,"keywords":null,"keyphrases":null,"primary_term":null,"canonical_url":null,"og_title":null,"og_description":null,"og_object_type":"default","og_image_type":"default","og_image_url":null,"og_image_width":null,"og_image_height":null,"og_image_custom_url":null,"og_image_custom_fields":null,"og_video":null,"og_custom_url":null,"og_article_section":null,"og_article_tags":null,"twitter_use_og":false,"twitter_card":"default","twitter_image_type":"default","twitter_image_url":null,"twitter_image_custom_url":null,"twitter_image_custom_fields":null,"twitter_title":null,"twitter_description":null,"schema":{"blockGraphs":[],"customGraphs":[],"default":{"data":{"Article":[],"Course":[],"Dataset":[],"FAQPage":[],"Movie":[],"Person":[],"Product":[],"ProductReview":[],"Car":[],"Recipe":[],"Service":[],"SoftwareApplication":[],"WebPage":[]},"graphName":"","isEnabled":true},"graphs":[]},"schema_type":"default","schema_type_options":null,"pillar_content":false,"robots_default":true,"robots_noindex":false,"robots_noarchive":false,"robots_nosnippet":false,"robots_nofollow":false,"robots_noimageindex":false,"robots_noodp":false,"robots_notranslate":false,"robots_max_snippet":null,"robots_max_videopreview":null,"robots_max_imagepreview":"large","priority":null,"frequency":null,"local_seo":null,"breadcrumb_settings":null,"limit_modified_date":false,"created":"2026-04-23 21:35:40","updated":"2026-04-23 21:35:40","ai":null,"seo_analyzer_scan_date":null,"focus_keyword":null,"additional_keywords":null,"truseo_locale":null},"aioseo_breadcrumb":"<div class=\"aioseo-breadcrumbs\"><span class=\"aioseo-breadcrumb\">\n\t\t\t<a href=\"http:\/\/eautomobiliai.lt\" title=\"Home\">Home<\/a>\n\t\t<\/span><span class=\"aioseo-breadcrumb-separator\">&raquo;<\/span><span class=\"aioseo-breadcrumb\">\n\t\t\t<a href=\"http:\/\/eautomobiliai.lt\/index.php\/category\/eautomobiliu-technine-puse\/\" title=\"eAUTOMOBILI\u0172 TECHNIN\u0116 PUS\u0116\">eAUTOMOBILI\u0172 TECHNIN\u0116 PUS\u0116<\/a>\n\t\t<\/span><span class=\"aioseo-breadcrumb-separator\">&raquo;<\/span><span class=\"aioseo-breadcrumb\">\n\t\t\t\u201eSkub\u0117ti nereik\u0117t\u0173:\u201c Bowenas sako, kad keli\u0173 naudotoj\u0173 \u012fkroviklis atsiras tik \u201ekai bus paruo\u0161tas\u201c.\n\t\t<\/span><\/div>","aioseo_breadcrumb_json":[{"label":"Home","link":"http:\/\/eautomobiliai.lt"},{"label":"eAUTOMOBILI\u0172 TECHNIN\u0116 PUS\u0116","link":"http:\/\/eautomobiliai.lt\/index.php\/category\/eautomobiliu-technine-puse\/"},{"label":"\u201eSkub\u0117ti nereik\u0117t\u0173:\u201c Bowenas sako, kad keli\u0173 naudotoj\u0173 \u012fkroviklis atsiras tik \u201ekai bus paruo\u0161tas\u201c.","link":"http:\/\/eautomobiliai.lt\/index.php\/2026\/04\/21\/skubeti-nereiketu-bowenas-sako-kad-keliu-naudotoju-ikroviklis-atsiras-tik-kai-bus-paruostas\/"}],"yoast_head":"<!-- This site is optimized with the Yoast SEO plugin v26.8 - https:\/\/yoast.com\/product\/yoast-seo-wordpress\/ -->\n<title>\u201eSkub\u0117ti nereik\u0117t\u0173:\u201c Bowenas sako, kad keli\u0173 naudotoj\u0173 \u012fkroviklis atsiras tik \u201ekai bus paruo\u0161tas\u201c. - Eautomobiliai.lt<\/title>\n<meta name=\"robots\" content=\"index, follow, max-snippet:-1, max-image-preview:large, max-video-preview:-1\" \/>\n<link rel=\"canonical\" href=\"http:\/\/eautomobiliai.lt\/index.php\/2026\/04\/21\/skubeti-nereiketu-bowenas-sako-kad-keliu-naudotoju-ikroviklis-atsiras-tik-kai-bus-paruostas\/\" \/>\n<meta property=\"og:locale\" content=\"lt_LT\" \/>\n<meta property=\"og:type\" content=\"article\" \/>\n<meta property=\"og:title\" content=\"\u201eSkub\u0117ti nereik\u0117t\u0173:\u201c Bowenas sako, kad keli\u0173 naudotoj\u0173 \u012fkroviklis atsiras tik \u201ekai bus paruo\u0161tas\u201c. - Eautomobiliai.lt\" \/>\n<meta property=\"og:description\" content=\"Federalinis energetikos ir klimato ministras Chrisas Bowenas sumenkino nuog\u0105stavimus d\u0117l savavali\u0161ko mokes\u010dio elektrin\u0117ms transporto priemon\u0117ms, sakydamas, kad keli\u0173 naudotojo mokestis&hellip;\" \/>\n<meta property=\"og:url\" content=\"http:\/\/eautomobiliai.lt\/index.php\/2026\/04\/21\/skubeti-nereiketu-bowenas-sako-kad-keliu-naudotoju-ikroviklis-atsiras-tik-kai-bus-paruostas\/\" \/>\n<meta property=\"og:site_name\" content=\"Eautomobiliai.lt\" \/>\n<meta property=\"article:published_time\" content=\"2026-04-21T04:49:21+00:00\" \/>\n<meta property=\"og:image\" content=\"http:\/\/eautomobiliai.lt\/wp-content\/uploads\/2026\/04\/\u201eSkubeti-nereiketu-Bowenas-sako-kad-keliu-naudotoju-ikroviklis-atsiras-tik.jpg\" \/>\n\t<meta property=\"og:image:width\" content=\"1200\" \/>\n\t<meta property=\"og:image:height\" content=\"900\" \/>\n\t<meta property=\"og:image:type\" content=\"image\/jpeg\" \/>\n<meta name=\"author\" content=\"admin\" \/>\n<meta name=\"twitter:card\" content=\"summary_large_image\" \/>\n<meta name=\"twitter:label1\" content=\"Written by\" \/>\n\t<meta name=\"twitter:data1\" content=\"admin\" \/>\n\t<meta name=\"twitter:label2\" content=\"Est. reading time\" \/>\n\t<meta name=\"twitter:data2\" content=\"3 minut\u0117s\" \/>\n<script type=\"application\/ld+json\" class=\"yoast-schema-graph\">{\"@context\":\"https:\/\/schema.org\",\"@graph\":[{\"@type\":\"Article\",\"@id\":\"http:\/\/eautomobiliai.lt\/index.php\/2026\/04\/21\/skubeti-nereiketu-bowenas-sako-kad-keliu-naudotoju-ikroviklis-atsiras-tik-kai-bus-paruostas\/#article\",\"isPartOf\":{\"@id\":\"http:\/\/eautomobiliai.lt\/index.php\/2026\/04\/21\/skubeti-nereiketu-bowenas-sako-kad-keliu-naudotoju-ikroviklis-atsiras-tik-kai-bus-paruostas\/\"},\"author\":{\"name\":\"admin\",\"@id\":\"http:\/\/eautomobiliai.lt\/#\/schema\/person\/ecf2a967f361217d056061f74deb92f2\"},\"headline\":\"\u201eSkub\u0117ti nereik\u0117t\u0173:\u201c Bowenas sako, kad keli\u0173 naudotoj\u0173 \u012fkroviklis atsiras tik \u201ekai bus paruo\u0161tas\u201c.\",\"datePublished\":\"2026-04-21T04:49:21+00:00\",\"mainEntityOfPage\":{\"@id\":\"http:\/\/eautomobiliai.lt\/index.php\/2026\/04\/21\/skubeti-nereiketu-bowenas-sako-kad-keliu-naudotoju-ikroviklis-atsiras-tik-kai-bus-paruostas\/\"},\"wordCount\":628,\"commentCount\":0,\"image\":{\"@id\":\"http:\/\/eautomobiliai.lt\/index.php\/2026\/04\/21\/skubeti-nereiketu-bowenas-sako-kad-keliu-naudotoju-ikroviklis-atsiras-tik-kai-bus-paruostas\/#primaryimage\"},\"thumbnailUrl\":\"http:\/\/eautomobiliai.lt\/wp-content\/uploads\/2026\/04\/\u201eSkubeti-nereiketu-Bowenas-sako-kad-keliu-naudotoju-ikroviklis-atsiras-tik.jpg\",\"keywords\":[\"atsiras\",\"Bowenas\",\"bus\",\"\u012fkroviklis\",\"kad\",\"kai\",\"keliu\",\"naudotoj\u0173\",\"nereik\u0117t\u0173\",\"paruo\u0161tas\",\"sako\",\"Skub\u0117ti\",\"tik\"],\"articleSection\":[\"eAUTOMOBILI\u0172 TECHNIN\u0116 PUS\u0116\"],\"inLanguage\":\"lt-LT\",\"potentialAction\":[{\"@type\":\"CommentAction\",\"name\":\"Comment\",\"target\":[\"http:\/\/eautomobiliai.lt\/index.php\/2026\/04\/21\/skubeti-nereiketu-bowenas-sako-kad-keliu-naudotoju-ikroviklis-atsiras-tik-kai-bus-paruostas\/#respond\"]}]},{\"@type\":\"WebPage\",\"@id\":\"http:\/\/eautomobiliai.lt\/index.php\/2026\/04\/21\/skubeti-nereiketu-bowenas-sako-kad-keliu-naudotoju-ikroviklis-atsiras-tik-kai-bus-paruostas\/\",\"url\":\"http:\/\/eautomobiliai.lt\/index.php\/2026\/04\/21\/skubeti-nereiketu-bowenas-sako-kad-keliu-naudotoju-ikroviklis-atsiras-tik-kai-bus-paruostas\/\",\"name\":\"\u201eSkub\u0117ti nereik\u0117t\u0173:\u201c Bowenas sako, kad keli\u0173 naudotoj\u0173 \u012fkroviklis atsiras tik \u201ekai bus paruo\u0161tas\u201c. - Eautomobiliai.lt\",\"isPartOf\":{\"@id\":\"http:\/\/eautomobiliai.lt\/#website\"},\"primaryImageOfPage\":{\"@id\":\"http:\/\/eautomobiliai.lt\/index.php\/2026\/04\/21\/skubeti-nereiketu-bowenas-sako-kad-keliu-naudotoju-ikroviklis-atsiras-tik-kai-bus-paruostas\/#primaryimage\"},\"image\":{\"@id\":\"http:\/\/eautomobiliai.lt\/index.php\/2026\/04\/21\/skubeti-nereiketu-bowenas-sako-kad-keliu-naudotoju-ikroviklis-atsiras-tik-kai-bus-paruostas\/#primaryimage\"},\"thumbnailUrl\":\"http:\/\/eautomobiliai.lt\/wp-content\/uploads\/2026\/04\/\u201eSkubeti-nereiketu-Bowenas-sako-kad-keliu-naudotoju-ikroviklis-atsiras-tik.jpg\",\"datePublished\":\"2026-04-21T04:49:21+00:00\",\"author\":{\"@id\":\"http:\/\/eautomobiliai.lt\/#\/schema\/person\/ecf2a967f361217d056061f74deb92f2\"},\"breadcrumb\":{\"@id\":\"http:\/\/eautomobiliai.lt\/index.php\/2026\/04\/21\/skubeti-nereiketu-bowenas-sako-kad-keliu-naudotoju-ikroviklis-atsiras-tik-kai-bus-paruostas\/#breadcrumb\"},\"inLanguage\":\"lt-LT\",\"potentialAction\":[{\"@type\":\"ReadAction\",\"target\":[\"http:\/\/eautomobiliai.lt\/index.php\/2026\/04\/21\/skubeti-nereiketu-bowenas-sako-kad-keliu-naudotoju-ikroviklis-atsiras-tik-kai-bus-paruostas\/\"]}]},{\"@type\":\"ImageObject\",\"inLanguage\":\"lt-LT\",\"@id\":\"http:\/\/eautomobiliai.lt\/index.php\/2026\/04\/21\/skubeti-nereiketu-bowenas-sako-kad-keliu-naudotoju-ikroviklis-atsiras-tik-kai-bus-paruostas\/#primaryimage\",\"url\":\"http:\/\/eautomobiliai.lt\/wp-content\/uploads\/2026\/04\/\u201eSkubeti-nereiketu-Bowenas-sako-kad-keliu-naudotoju-ikroviklis-atsiras-tik.jpg\",\"contentUrl\":\"http:\/\/eautomobiliai.lt\/wp-content\/uploads\/2026\/04\/\u201eSkubeti-nereiketu-Bowenas-sako-kad-keliu-naudotoju-ikroviklis-atsiras-tik.jpg\",\"width\":1200,\"height\":900},{\"@type\":\"BreadcrumbList\",\"@id\":\"http:\/\/eautomobiliai.lt\/index.php\/2026\/04\/21\/skubeti-nereiketu-bowenas-sako-kad-keliu-naudotoju-ikroviklis-atsiras-tik-kai-bus-paruostas\/#breadcrumb\",\"itemListElement\":[{\"@type\":\"ListItem\",\"position\":1,\"name\":\"Home\",\"item\":\"http:\/\/eautomobiliai.lt\/\"},{\"@type\":\"ListItem\",\"position\":2,\"name\":\"\u201eSkub\u0117ti nereik\u0117t\u0173:\u201c Bowenas sako, kad keli\u0173 naudotoj\u0173 \u012fkroviklis atsiras tik \u201ekai bus paruo\u0161tas\u201c.\"}]},{\"@type\":\"WebSite\",\"@id\":\"http:\/\/eautomobiliai.lt\/#website\",\"url\":\"http:\/\/eautomobiliai.lt\/\",\"name\":\"Eautomobiliai.lt\",\"description\":\"Elektrinis transportas, technologijos\",\"potentialAction\":[{\"@type\":\"SearchAction\",\"target\":{\"@type\":\"EntryPoint\",\"urlTemplate\":\"http:\/\/eautomobiliai.lt\/?s={search_term_string}\"},\"query-input\":{\"@type\":\"PropertyValueSpecification\",\"valueRequired\":true,\"valueName\":\"search_term_string\"}}],\"inLanguage\":\"lt-LT\"},{\"@type\":\"Person\",\"@id\":\"http:\/\/eautomobiliai.lt\/#\/schema\/person\/ecf2a967f361217d056061f74deb92f2\",\"name\":\"admin\",\"image\":{\"@type\":\"ImageObject\",\"inLanguage\":\"lt-LT\",\"@id\":\"http:\/\/eautomobiliai.lt\/#\/schema\/person\/image\/\",\"url\":\"https:\/\/secure.gravatar.com\/avatar\/6323379efae0c70c686c7905444d6bbd?s=96&d=mm&r=g\",\"contentUrl\":\"https:\/\/secure.gravatar.com\/avatar\/6323379efae0c70c686c7905444d6bbd?s=96&d=mm&r=g\",\"caption\":\"admin\"},\"sameAs\":[\"http:\/\/eautomobiliai.lt\"],\"url\":\"http:\/\/eautomobiliai.lt\/index.php\/author\/admin\/\"}]}<\/script>\n<!-- \/ Yoast SEO plugin. -->","yoast_head_json":{"title":"\u201eSkub\u0117ti nereik\u0117t\u0173:\u201c Bowenas sako, kad keli\u0173 naudotoj\u0173 \u012fkroviklis atsiras tik \u201ekai bus paruo\u0161tas\u201c. - Eautomobiliai.lt","robots":{"index":"index","follow":"follow","max-snippet":"max-snippet:-1","max-image-preview":"max-image-preview:large","max-video-preview":"max-video-preview:-1"},"canonical":"http:\/\/eautomobiliai.lt\/index.php\/2026\/04\/21\/skubeti-nereiketu-bowenas-sako-kad-keliu-naudotoju-ikroviklis-atsiras-tik-kai-bus-paruostas\/","og_locale":"lt_LT","og_type":"article","og_title":"\u201eSkub\u0117ti nereik\u0117t\u0173:\u201c Bowenas sako, kad keli\u0173 naudotoj\u0173 \u012fkroviklis atsiras tik \u201ekai bus paruo\u0161tas\u201c. - Eautomobiliai.lt","og_description":"Federalinis energetikos ir klimato ministras Chrisas Bowenas sumenkino nuog\u0105stavimus d\u0117l savavali\u0161ko mokes\u010dio elektrin\u0117ms transporto priemon\u0117ms, sakydamas, kad keli\u0173 naudotojo mokestis&hellip;","og_url":"http:\/\/eautomobiliai.lt\/index.php\/2026\/04\/21\/skubeti-nereiketu-bowenas-sako-kad-keliu-naudotoju-ikroviklis-atsiras-tik-kai-bus-paruostas\/","og_site_name":"Eautomobiliai.lt","article_published_time":"2026-04-21T04:49:21+00:00","og_image":[{"width":1200,"height":900,"url":"http:\/\/eautomobiliai.lt\/wp-content\/uploads\/2026\/04\/\u201eSkubeti-nereiketu-Bowenas-sako-kad-keliu-naudotoju-ikroviklis-atsiras-tik.jpg","type":"image\/jpeg"}],"author":"admin","twitter_card":"summary_large_image","twitter_misc":{"Written by":"admin","Est. reading time":"3 minut\u0117s"},"schema":{"@context":"https:\/\/schema.org","@graph":[{"@type":"Article","@id":"http:\/\/eautomobiliai.lt\/index.php\/2026\/04\/21\/skubeti-nereiketu-bowenas-sako-kad-keliu-naudotoju-ikroviklis-atsiras-tik-kai-bus-paruostas\/#article","isPartOf":{"@id":"http:\/\/eautomobiliai.lt\/index.php\/2026\/04\/21\/skubeti-nereiketu-bowenas-sako-kad-keliu-naudotoju-ikroviklis-atsiras-tik-kai-bus-paruostas\/"},"author":{"name":"admin","@id":"http:\/\/eautomobiliai.lt\/#\/schema\/person\/ecf2a967f361217d056061f74deb92f2"},"headline":"\u201eSkub\u0117ti nereik\u0117t\u0173:\u201c Bowenas sako, kad keli\u0173 naudotoj\u0173 \u012fkroviklis atsiras tik \u201ekai bus paruo\u0161tas\u201c.","datePublished":"2026-04-21T04:49:21+00:00","mainEntityOfPage":{"@id":"http:\/\/eautomobiliai.lt\/index.php\/2026\/04\/21\/skubeti-nereiketu-bowenas-sako-kad-keliu-naudotoju-ikroviklis-atsiras-tik-kai-bus-paruostas\/"},"wordCount":628,"commentCount":0,"image":{"@id":"http:\/\/eautomobiliai.lt\/index.php\/2026\/04\/21\/skubeti-nereiketu-bowenas-sako-kad-keliu-naudotoju-ikroviklis-atsiras-tik-kai-bus-paruostas\/#primaryimage"},"thumbnailUrl":"http:\/\/eautomobiliai.lt\/wp-content\/uploads\/2026\/04\/\u201eSkubeti-nereiketu-Bowenas-sako-kad-keliu-naudotoju-ikroviklis-atsiras-tik.jpg","keywords":["atsiras","Bowenas","bus","\u012fkroviklis","kad","kai","keliu","naudotoj\u0173","nereik\u0117t\u0173","paruo\u0161tas","sako","Skub\u0117ti","tik"],"articleSection":["eAUTOMOBILI\u0172 TECHNIN\u0116 PUS\u0116"],"inLanguage":"lt-LT","potentialAction":[{"@type":"CommentAction","name":"Comment","target":["http:\/\/eautomobiliai.lt\/index.php\/2026\/04\/21\/skubeti-nereiketu-bowenas-sako-kad-keliu-naudotoju-ikroviklis-atsiras-tik-kai-bus-paruostas\/#respond"]}]},{"@type":"WebPage","@id":"http:\/\/eautomobiliai.lt\/index.php\/2026\/04\/21\/skubeti-nereiketu-bowenas-sako-kad-keliu-naudotoju-ikroviklis-atsiras-tik-kai-bus-paruostas\/","url":"http:\/\/eautomobiliai.lt\/index.php\/2026\/04\/21\/skubeti-nereiketu-bowenas-sako-kad-keliu-naudotoju-ikroviklis-atsiras-tik-kai-bus-paruostas\/","name":"\u201eSkub\u0117ti nereik\u0117t\u0173:\u201c Bowenas sako, kad keli\u0173 naudotoj\u0173 \u012fkroviklis atsiras tik \u201ekai bus paruo\u0161tas\u201c. - Eautomobiliai.lt","isPartOf":{"@id":"http:\/\/eautomobiliai.lt\/#website"},"primaryImageOfPage":{"@id":"http:\/\/eautomobiliai.lt\/index.php\/2026\/04\/21\/skubeti-nereiketu-bowenas-sako-kad-keliu-naudotoju-ikroviklis-atsiras-tik-kai-bus-paruostas\/#primaryimage"},"image":{"@id":"http:\/\/eautomobiliai.lt\/index.php\/2026\/04\/21\/skubeti-nereiketu-bowenas-sako-kad-keliu-naudotoju-ikroviklis-atsiras-tik-kai-bus-paruostas\/#primaryimage"},"thumbnailUrl":"http:\/\/eautomobiliai.lt\/wp-content\/uploads\/2026\/04\/\u201eSkubeti-nereiketu-Bowenas-sako-kad-keliu-naudotoju-ikroviklis-atsiras-tik.jpg","datePublished":"2026-04-21T04:49:21+00:00","author":{"@id":"http:\/\/eautomobiliai.lt\/#\/schema\/person\/ecf2a967f361217d056061f74deb92f2"},"breadcrumb":{"@id":"http:\/\/eautomobiliai.lt\/index.php\/2026\/04\/21\/skubeti-nereiketu-bowenas-sako-kad-keliu-naudotoju-ikroviklis-atsiras-tik-kai-bus-paruostas\/#breadcrumb"},"inLanguage":"lt-LT","potentialAction":[{"@type":"ReadAction","target":["http:\/\/eautomobiliai.lt\/index.php\/2026\/04\/21\/skubeti-nereiketu-bowenas-sako-kad-keliu-naudotoju-ikroviklis-atsiras-tik-kai-bus-paruostas\/"]}]},{"@type":"ImageObject","inLanguage":"lt-LT","@id":"http:\/\/eautomobiliai.lt\/index.php\/2026\/04\/21\/skubeti-nereiketu-bowenas-sako-kad-keliu-naudotoju-ikroviklis-atsiras-tik-kai-bus-paruostas\/#primaryimage","url":"http:\/\/eautomobiliai.lt\/wp-content\/uploads\/2026\/04\/\u201eSkubeti-nereiketu-Bowenas-sako-kad-keliu-naudotoju-ikroviklis-atsiras-tik.jpg","contentUrl":"http:\/\/eautomobiliai.lt\/wp-content\/uploads\/2026\/04\/\u201eSkubeti-nereiketu-Bowenas-sako-kad-keliu-naudotoju-ikroviklis-atsiras-tik.jpg","width":1200,"height":900},{"@type":"BreadcrumbList","@id":"http:\/\/eautomobiliai.lt\/index.php\/2026\/04\/21\/skubeti-nereiketu-bowenas-sako-kad-keliu-naudotoju-ikroviklis-atsiras-tik-kai-bus-paruostas\/#breadcrumb","itemListElement":[{"@type":"ListItem","position":1,"name":"Home","item":"http:\/\/eautomobiliai.lt\/"},{"@type":"ListItem","position":2,"name":"\u201eSkub\u0117ti nereik\u0117t\u0173:\u201c Bowenas sako, kad keli\u0173 naudotoj\u0173 \u012fkroviklis atsiras tik \u201ekai bus paruo\u0161tas\u201c."}]},{"@type":"WebSite","@id":"http:\/\/eautomobiliai.lt\/#website","url":"http:\/\/eautomobiliai.lt\/","name":"Eautomobiliai.lt","description":"Elektrinis transportas, technologijos","potentialAction":[{"@type":"SearchAction","target":{"@type":"EntryPoint","urlTemplate":"http:\/\/eautomobiliai.lt\/?s={search_term_string}"},"query-input":{"@type":"PropertyValueSpecification","valueRequired":true,"valueName":"search_term_string"}}],"inLanguage":"lt-LT"},{"@type":"Person","@id":"http:\/\/eautomobiliai.lt\/#\/schema\/person\/ecf2a967f361217d056061f74deb92f2","name":"admin","image":{"@type":"ImageObject","inLanguage":"lt-LT","@id":"http:\/\/eautomobiliai.lt\/#\/schema\/person\/image\/","url":"https:\/\/secure.gravatar.com\/avatar\/6323379efae0c70c686c7905444d6bbd?s=96&d=mm&r=g","contentUrl":"https:\/\/secure.gravatar.com\/avatar\/6323379efae0c70c686c7905444d6bbd?s=96&d=mm&r=g","caption":"admin"},"sameAs":["http:\/\/eautomobiliai.lt"],"url":"http:\/\/eautomobiliai.lt\/index.php\/author\/admin\/"}]}},"_links":{"self":[{"href":"http:\/\/eautomobiliai.lt\/index.php\/wp-json\/wp\/v2\/posts\/4083","targetHints":{"allow":["GET"]}}],"collection":[{"href":"http:\/\/eautomobiliai.lt\/index.php\/wp-json\/wp\/v2\/posts"}],"about":[{"href":"http:\/\/eautomobiliai.lt\/index.php\/wp-json\/wp\/v2\/types\/post"}],"author":[{"embeddable":true,"href":"http:\/\/eautomobiliai.lt\/index.php\/wp-json\/wp\/v2\/users\/1"}],"replies":[{"embeddable":true,"href":"http:\/\/eautomobiliai.lt\/index.php\/wp-json\/wp\/v2\/comments?post=4083"}],"version-history":[{"count":0,"href":"http:\/\/eautomobiliai.lt\/index.php\/wp-json\/wp\/v2\/posts\/4083\/revisions"}],"wp:featuredmedia":[{"embeddable":true,"href":"http:\/\/eautomobiliai.lt\/index.php\/wp-json\/wp\/v2\/media\/4084"}],"wp:attachment":[{"href":"http:\/\/eautomobiliai.lt\/index.php\/wp-json\/wp\/v2\/media?parent=4083"}],"wp:term":[{"taxonomy":"category","embeddable":true,"href":"http:\/\/eautomobiliai.lt\/index.php\/wp-json\/wp\/v2\/categories?post=4083"},{"taxonomy":"post_tag","embeddable":true,"href":"http:\/\/eautomobiliai.lt\/index.php\/wp-json\/wp\/v2\/tags?post=4083"}],"curies":[{"name":"wp","href":"https:\/\/api.w.org\/{rel}","templated":true}]}}