{"id":4135,"date":"2026-04-27T05:10:25","date_gmt":"2026-04-27T05:10:25","guid":{"rendered":"https:\/\/eautomobiliai.lt\/index.php\/2026\/04\/27\/tesla-siulo-nemokama-elektrinio-sedano-ikrovima-metams\/"},"modified":"2026-04-27T05:10:25","modified_gmt":"2026-04-27T05:10:25","slug":"tesla-siulo-nemokama-elektrinio-sedano-ikrovima-metams","status":"publish","type":"post","link":"http:\/\/eautomobiliai.lt\/index.php\/2026\/04\/27\/tesla-siulo-nemokama-elektrinio-sedano-ikrovima-metams\/","title":{"rendered":"\u201eTesla\u201c si\u016blo nemokam\u0105 elektrinio sedano \u012fkrovim\u0105 metams"},"content":{"rendered":"<p> <br \/>\n<\/p>\n<div id=\"\">\n<p><span style=\"font-weight: 400;\">\u201eTesla\u201c prad\u0117jo nauj\u0105 paskat\u0173 cikl\u0105, siekdama padidinti \u201eModel 3\u201c pardavimus, l\u0117t\u0117jant sedano pristatymui.<\/span><\/p>\n<p><span style=\"font-weight: 400;\">Pagal naujausi\u0105 iniciatyv\u0105 bendrov\u0117 pasi\u016blys iki 1 met\u0173 nemokam\u0105 \u012fkrovim\u0105 tiems klientams, kurie u\u017esisako ir pristato nauj\u0105 \u201eModel 3\u201c JAV.<\/span><\/p>\n<p><span style=\"font-weight: 400;\">Klientams ir potencialiems pirk\u0117jams i\u0161si\u0173stame el. lai\u0161ke Tesla sako: \u201eVenkite degal\u0173 kain\u0173 augim\u0105 ir nieko nemok\u0117kite u\u017e savo automobilio maitinim\u0105 kitais metais. Tur\u0117dami nauj\u0105 \u201eModel 3 Premium\u201c arba \u201eModel 3 Performance\u201c, gausite nemokam\u0105 \u201eSupercharging\u201c vienerius metus, kad b\u016bt\u0173 padengtos \u012fkrovimo i\u0161laidos. <\/span><\/p>\n<p><span style=\"font-weight: 400;\">Bendrov\u0117 taip pat atkreipia d\u0117mes\u012f \u012f \u201eTesla\u201c su visi\u0161kai savaranki\u0161ku vairavimu (FSD) pri\u017ei\u016br\u0117tu privalumus, o el. lai\u0161ke sakoma: \u201eKad palengvintum\u0117te vairavim\u0105, suaktyvinkite visi\u0161ko savaranki\u0161ko vairavimo funkcij\u0105 (pri\u017ei\u016brima) ir leiskite savo modeliui 3 nuvesti jus \u012f kit\u0105 Supercharging stotel\u0119. <\/span><\/p>\n<p><span style=\"font-weight: 400;\">\u0160i \u012fkrovimo paskata yra viena i\u0161 daugelio, kurias \u201eTesla\u201c si\u016blo, kad padidint\u0173 savo transporto priemoni\u0173 paklaus\u0105.<\/span><span style=\"font-weight: 400;\">\u010cia, Australijoje, bendrov\u0117 taip pat anks\u010diau taik\u0117 \u012fvairias paskatas, kad padidint\u0173 3 modelio sedano pardavimus. <\/span><\/p>\n<p><span style=\"font-weight: 400;\">Anks\u010diau \u0161iais metais \u201eTesla\u201c prid\u0117jo 2 000 USD keitimo pried\u0105 prie \u201eModel 3\u201c sedano, kuris prasid\u0117s 2026 m., o tai pad\u0117jo jam \u012fgyti traukos pirmaisiais m\u0117nesiais.<\/span><\/p>\n<p><span style=\"font-weight: 400;\">Iki \u0161iol 2026 m. pirm\u0105j\u012f ketvirt\u012f \u201eTesla\u201c \u0161alyje pardav\u0117 1 363 \u201eModel 3\u201c modelius, palyginti su 2 046 per t\u0105 pat\u012f laikotarp\u012f pernai.<\/span><\/p>\n<p><span style=\"font-weight: 400;\">Australijoje \u201eTesla\u201c taip pat si\u016blo kitas JAV klientams neprieinamas galimybes, pavyzd\u017eiui, garantijos prat\u0119sim\u0105.<\/span><\/p>\n<p><span style=\"font-weight: 400;\">Visiems naujiems \u201eModel 3\u201c ir \u201eY\u201c transporto priemoni\u0173 pirkiniams suteikiama neseniai atnaujinta \u201eTesla\u201c 5 met\u0173 neribota kilometr\u0173 garantija pirk\u0117jams, kurie automobil\u012f \u012fsigyja nuo 2026 m. \u0160i garantija yra didesn\u0117 nei anks\u010diau pasi\u016blyta 4 met\u0173 arba 80 000 km garantija.<\/span><\/p>\n<p><span style=\"font-weight: 400;\">Be to, \u201eTesla\u201c si\u016blo kelet\u0105 pigiausi\u0173 greito \u012fkrovimo parink\u010di\u0173 d\u0117l savo kompresori\u0173 tinklo, kuris, kaip mes neseniai prane\u0161\u0117me, kai kuriose Australijos vietose ne piko metu siek\u0117 0,27 USD\/kWh.<\/span><\/p>\n<p><span style=\"font-weight: 400;\">Kompresori\u0173 tinklas taip pat auga \u2013 visoje \u0161alyje veikia daugiau nei 150 svetaini\u0173, tod\u0117l Tesla EV tur\u0117ti ir gyventi su juo geriau nei bet kada.<\/span><\/p>\n<p><span style=\"font-weight: 400;\">Tik\u0117tina, kad naujausia paskata pad\u0117s \u201eTesla\u201c padidinti savo \u201eModel 3\u201c pardavim\u0105 per trump\u0105 laik\u0105, ta\u010diau did\u017eioji rinkos dalis labiau linkusi \u012f visureigi\u0173 modelius, o konkurencija \u0161ioje erdv\u0117je taip pat \u012fkaista, b\u016bt\u0173 \u012fdomu su\u017einoti, koki\u0173 produkt\u0173 \u201eTesla\u201c gali pasi\u016blyti, kad toliau didint\u0173 pardavimus.<\/span><\/p>\n<p><i>Per\u017ei\u016br\u0117kite i\u0161samius \u201eThe Driven\u201c EV pardavimo duomenis \u010dia: <\/i><i>Australijos elektromobili\u0173 pardavimas pagal m\u0117nes\u012f 2026 m.; pagal model\u012f ir prek\u0117s \u017eenkl\u0105<\/i><i>.<\/i><\/p>\n<p><i>Prisiregistruokite gauti nemokam\u0105 \u201eThe Driven\u201c kasdien\u012f naujienlai\u0161k\u012f spustel\u0117j\u0119 mygtuk\u0105, esant\u012f apatiniame de\u0161iniajame svetain\u0117s pagrindinio puslapio kampe adresu <\/i><i>www.thedriven.io<\/i><i\/><\/p>\n<div class=\"saboxplugin-wrap\" itemtype=\"http:\/\/schema.org\/Person\" itemscope=\"\" itemprop=\"author\">\n<div class=\"saboxplugin-tab\">\n<div class=\"saboxplugin-gravatar\"><img loading=\"lazy\" decoding=\"async\" src=\"https:\/\/thedriven.io\/wp-content\/uploads\/2022\/02\/Riz.jpg\" width=\"100\" height=\"100\" alt=\"Rizas Akhtaras\" itemprop=\"image\"\/><\/div>\n<div class=\"saboxplugin-desc\">\n<div itemprop=\"description\">\n<p>Rizas yra Melburne \u012fsik\u016brusios \u012fmon\u0117s \u201ecarloop\u201c \u012fk\u016br\u0117jas, kurio specializacija yra Australijos EV duomenys, \u012f\u017evalgos ataskaitos ir tendencijos. Jis yra mechanikos in\u017einierius, kuris pirmuosius 7 savo karjeros metus praleido kurdamas transporto infrastrukt\u016br\u0105 prie\u0161 prad\u0117damas \u201ecarloop\u201c. Jis domisi automobiliams, ypa\u010d elektromobiliams, ir nori pad\u0117ti suma\u017einti transporto i\u0161metam\u0173 ter\u0161al\u0173 kiek\u012f Australijoje. \u0160iuo metu jis vairuoja raudon\u0105 \u201eTesla Model 3\u201c.<\/p>\n<\/div>\n<\/div>\n<\/div>\n<\/div>\n<p><!-- AI CONTENT END 1 --><\/p><\/div>\n<p><br \/>\n<br \/><a href=\"https:\/\/thedriven.io\/2026\/04\/27\/tesla-offers-free-supercharging-for-a-year-on-its-electric-sedan\/\">Source link <\/a><\/p>\n","protected":false},"excerpt":{"rendered":"<p>\u201eTesla\u201c prad\u0117jo nauj\u0105 paskat\u0173 cikl\u0105, siekdama padidinti \u201eModel 3\u201c pardavimus, l\u0117t\u0117jant sedano pristatymui. Pagal naujausi\u0105 iniciatyv\u0105 bendrov\u0117 pasi\u016blys iki 1&hellip;<\/p>\n","protected":false},"author":1,"featured_media":4136,"comment_status":"open","ping_status":"open","sticky":false,"template":"","format":"standard","meta":{"om_disable_all_campaigns":false,"_monsterinsights_skip_tracking":false,"_monsterinsights_sitenote_active":false,"_monsterinsights_sitenote_note":"","_monsterinsights_sitenote_category":0,"footnotes":""},"categories":[39],"tags":[142,389,5633,1239,2096,478,14],"class_list":["post-4135","post","type-post","status-publish","format-standard","has-post-thumbnail","hentry","category-eautomobiliu-technine-puse","tag-elektrinio","tag-ikrovima","tag-metams","tag-nemokama","tag-sedano","tag-siulo","tag-tesla"],"aioseo_notices":[],"yoast_head":"<!-- This site is optimized with the Yoast SEO plugin v26.8 - https:\/\/yoast.com\/product\/yoast-seo-wordpress\/ -->\n<title>\u201eTesla\u201c si\u016blo nemokam\u0105 elektrinio sedano \u012fkrovim\u0105 metams - Eautomobiliai.lt<\/title>\n<meta name=\"robots\" content=\"index, follow, max-snippet:-1, max-image-preview:large, max-video-preview:-1\" \/>\n<link rel=\"canonical\" href=\"http:\/\/eautomobiliai.lt\/index.php\/2026\/04\/27\/tesla-siulo-nemokama-elektrinio-sedano-ikrovima-metams\/\" \/>\n<meta property=\"og:locale\" content=\"lt_LT\" \/>\n<meta property=\"og:type\" content=\"article\" \/>\n<meta property=\"og:title\" content=\"\u201eTesla\u201c si\u016blo nemokam\u0105 elektrinio sedano \u012fkrovim\u0105 metams - Eautomobiliai.lt\" \/>\n<meta property=\"og:description\" content=\"\u201eTesla\u201c prad\u0117jo nauj\u0105 paskat\u0173 cikl\u0105, siekdama padidinti \u201eModel 3\u201c pardavimus, l\u0117t\u0117jant sedano pristatymui. Pagal naujausi\u0105 iniciatyv\u0105 bendrov\u0117 pasi\u016blys iki 1&hellip;\" \/>\n<meta property=\"og:url\" content=\"http:\/\/eautomobiliai.lt\/index.php\/2026\/04\/27\/tesla-siulo-nemokama-elektrinio-sedano-ikrovima-metams\/\" \/>\n<meta property=\"og:site_name\" content=\"Eautomobiliai.lt\" \/>\n<meta property=\"article:published_time\" content=\"2026-04-27T05:10:25+00:00\" \/>\n<meta property=\"og:image\" content=\"http:\/\/eautomobiliai.lt\/wp-content\/uploads\/2026\/04\/\u201eTesla-siulo-nemokama-elektrinio-sedano-ikrovima-metams.jpeg\" \/>\n\t<meta property=\"og:image:width\" content=\"1280\" \/>\n\t<meta property=\"og:image:height\" content=\"1070\" \/>\n\t<meta property=\"og:image:type\" content=\"image\/jpeg\" \/>\n<meta name=\"author\" content=\"admin\" \/>\n<meta name=\"twitter:card\" content=\"summary_large_image\" \/>\n<meta name=\"twitter:label1\" content=\"Written by\" \/>\n\t<meta name=\"twitter:data1\" content=\"admin\" \/>\n\t<meta name=\"twitter:label2\" content=\"Est. reading time\" \/>\n\t<meta name=\"twitter:data2\" content=\"2 minut\u0117s\" \/>\n<script type=\"application\/ld+json\" class=\"yoast-schema-graph\">{\"@context\":\"https:\/\/schema.org\",\"@graph\":[{\"@type\":\"Article\",\"@id\":\"http:\/\/eautomobiliai.lt\/index.php\/2026\/04\/27\/tesla-siulo-nemokama-elektrinio-sedano-ikrovima-metams\/#article\",\"isPartOf\":{\"@id\":\"http:\/\/eautomobiliai.lt\/index.php\/2026\/04\/27\/tesla-siulo-nemokama-elektrinio-sedano-ikrovima-metams\/\"},\"author\":{\"name\":\"admin\",\"@id\":\"http:\/\/eautomobiliai.lt\/#\/schema\/person\/ecf2a967f361217d056061f74deb92f2\"},\"headline\":\"\u201eTesla\u201c si\u016blo nemokam\u0105 elektrinio sedano \u012fkrovim\u0105 metams\",\"datePublished\":\"2026-04-27T05:10:25+00:00\",\"mainEntityOfPage\":{\"@id\":\"http:\/\/eautomobiliai.lt\/index.php\/2026\/04\/27\/tesla-siulo-nemokama-elektrinio-sedano-ikrovima-metams\/\"},\"wordCount\":489,\"commentCount\":0,\"image\":{\"@id\":\"http:\/\/eautomobiliai.lt\/index.php\/2026\/04\/27\/tesla-siulo-nemokama-elektrinio-sedano-ikrovima-metams\/#primaryimage\"},\"thumbnailUrl\":\"http:\/\/eautomobiliai.lt\/wp-content\/uploads\/2026\/04\/\u201eTesla-siulo-nemokama-elektrinio-sedano-ikrovima-metams.jpeg\",\"keywords\":[\"elektrinio\",\"\u012fkrovim\u0105\",\"metams\",\"nemokama\",\"sedano\",\"si\u016blo\",\"Tesla\"],\"articleSection\":[\"eAUTOMOBILI\u0172 TECHNIN\u0116 PUS\u0116\"],\"inLanguage\":\"lt-LT\",\"potentialAction\":[{\"@type\":\"CommentAction\",\"name\":\"Comment\",\"target\":[\"http:\/\/eautomobiliai.lt\/index.php\/2026\/04\/27\/tesla-siulo-nemokama-elektrinio-sedano-ikrovima-metams\/#respond\"]}]},{\"@type\":\"WebPage\",\"@id\":\"http:\/\/eautomobiliai.lt\/index.php\/2026\/04\/27\/tesla-siulo-nemokama-elektrinio-sedano-ikrovima-metams\/\",\"url\":\"http:\/\/eautomobiliai.lt\/index.php\/2026\/04\/27\/tesla-siulo-nemokama-elektrinio-sedano-ikrovima-metams\/\",\"name\":\"\u201eTesla\u201c si\u016blo nemokam\u0105 elektrinio sedano \u012fkrovim\u0105 metams - Eautomobiliai.lt\",\"isPartOf\":{\"@id\":\"http:\/\/eautomobiliai.lt\/#website\"},\"primaryImageOfPage\":{\"@id\":\"http:\/\/eautomobiliai.lt\/index.php\/2026\/04\/27\/tesla-siulo-nemokama-elektrinio-sedano-ikrovima-metams\/#primaryimage\"},\"image\":{\"@id\":\"http:\/\/eautomobiliai.lt\/index.php\/2026\/04\/27\/tesla-siulo-nemokama-elektrinio-sedano-ikrovima-metams\/#primaryimage\"},\"thumbnailUrl\":\"http:\/\/eautomobiliai.lt\/wp-content\/uploads\/2026\/04\/\u201eTesla-siulo-nemokama-elektrinio-sedano-ikrovima-metams.jpeg\",\"datePublished\":\"2026-04-27T05:10:25+00:00\",\"author\":{\"@id\":\"http:\/\/eautomobiliai.lt\/#\/schema\/person\/ecf2a967f361217d056061f74deb92f2\"},\"breadcrumb\":{\"@id\":\"http:\/\/eautomobiliai.lt\/index.php\/2026\/04\/27\/tesla-siulo-nemokama-elektrinio-sedano-ikrovima-metams\/#breadcrumb\"},\"inLanguage\":\"lt-LT\",\"potentialAction\":[{\"@type\":\"ReadAction\",\"target\":[\"http:\/\/eautomobiliai.lt\/index.php\/2026\/04\/27\/tesla-siulo-nemokama-elektrinio-sedano-ikrovima-metams\/\"]}]},{\"@type\":\"ImageObject\",\"inLanguage\":\"lt-LT\",\"@id\":\"http:\/\/eautomobiliai.lt\/index.php\/2026\/04\/27\/tesla-siulo-nemokama-elektrinio-sedano-ikrovima-metams\/#primaryimage\",\"url\":\"http:\/\/eautomobiliai.lt\/wp-content\/uploads\/2026\/04\/\u201eTesla-siulo-nemokama-elektrinio-sedano-ikrovima-metams.jpeg\",\"contentUrl\":\"http:\/\/eautomobiliai.lt\/wp-content\/uploads\/2026\/04\/\u201eTesla-siulo-nemokama-elektrinio-sedano-ikrovima-metams.jpeg\",\"width\":1280,\"height\":1070},{\"@type\":\"BreadcrumbList\",\"@id\":\"http:\/\/eautomobiliai.lt\/index.php\/2026\/04\/27\/tesla-siulo-nemokama-elektrinio-sedano-ikrovima-metams\/#breadcrumb\",\"itemListElement\":[{\"@type\":\"ListItem\",\"position\":1,\"name\":\"Home\",\"item\":\"http:\/\/eautomobiliai.lt\/\"},{\"@type\":\"ListItem\",\"position\":2,\"name\":\"\u201eTesla\u201c si\u016blo nemokam\u0105 elektrinio sedano \u012fkrovim\u0105 metams\"}]},{\"@type\":\"WebSite\",\"@id\":\"http:\/\/eautomobiliai.lt\/#website\",\"url\":\"http:\/\/eautomobiliai.lt\/\",\"name\":\"Eautomobiliai.lt\",\"description\":\"Elektrinis transportas, technologijos\",\"potentialAction\":[{\"@type\":\"SearchAction\",\"target\":{\"@type\":\"EntryPoint\",\"urlTemplate\":\"http:\/\/eautomobiliai.lt\/?s={search_term_string}\"},\"query-input\":{\"@type\":\"PropertyValueSpecification\",\"valueRequired\":true,\"valueName\":\"search_term_string\"}}],\"inLanguage\":\"lt-LT\"},{\"@type\":\"Person\",\"@id\":\"http:\/\/eautomobiliai.lt\/#\/schema\/person\/ecf2a967f361217d056061f74deb92f2\",\"name\":\"admin\",\"image\":{\"@type\":\"ImageObject\",\"inLanguage\":\"lt-LT\",\"@id\":\"http:\/\/eautomobiliai.lt\/#\/schema\/person\/image\/\",\"url\":\"https:\/\/secure.gravatar.com\/avatar\/6323379efae0c70c686c7905444d6bbd?s=96&d=mm&r=g\",\"contentUrl\":\"https:\/\/secure.gravatar.com\/avatar\/6323379efae0c70c686c7905444d6bbd?s=96&d=mm&r=g\",\"caption\":\"admin\"},\"sameAs\":[\"http:\/\/eautomobiliai.lt\"],\"url\":\"http:\/\/eautomobiliai.lt\/index.php\/author\/admin\/\"}]}<\/script>\n<!-- \/ Yoast SEO plugin. -->","yoast_head_json":{"title":"\u201eTesla\u201c si\u016blo nemokam\u0105 elektrinio sedano \u012fkrovim\u0105 metams - Eautomobiliai.lt","robots":{"index":"index","follow":"follow","max-snippet":"max-snippet:-1","max-image-preview":"max-image-preview:large","max-video-preview":"max-video-preview:-1"},"canonical":"http:\/\/eautomobiliai.lt\/index.php\/2026\/04\/27\/tesla-siulo-nemokama-elektrinio-sedano-ikrovima-metams\/","og_locale":"lt_LT","og_type":"article","og_title":"\u201eTesla\u201c si\u016blo nemokam\u0105 elektrinio sedano \u012fkrovim\u0105 metams - Eautomobiliai.lt","og_description":"\u201eTesla\u201c prad\u0117jo nauj\u0105 paskat\u0173 cikl\u0105, siekdama padidinti \u201eModel 3\u201c pardavimus, l\u0117t\u0117jant sedano pristatymui. Pagal naujausi\u0105 iniciatyv\u0105 bendrov\u0117 pasi\u016blys iki 1&hellip;","og_url":"http:\/\/eautomobiliai.lt\/index.php\/2026\/04\/27\/tesla-siulo-nemokama-elektrinio-sedano-ikrovima-metams\/","og_site_name":"Eautomobiliai.lt","article_published_time":"2026-04-27T05:10:25+00:00","og_image":[{"width":1280,"height":1070,"url":"http:\/\/eautomobiliai.lt\/wp-content\/uploads\/2026\/04\/\u201eTesla-siulo-nemokama-elektrinio-sedano-ikrovima-metams.jpeg","type":"image\/jpeg"}],"author":"admin","twitter_card":"summary_large_image","twitter_misc":{"Written by":"admin","Est. reading time":"2 minut\u0117s"},"schema":{"@context":"https:\/\/schema.org","@graph":[{"@type":"Article","@id":"http:\/\/eautomobiliai.lt\/index.php\/2026\/04\/27\/tesla-siulo-nemokama-elektrinio-sedano-ikrovima-metams\/#article","isPartOf":{"@id":"http:\/\/eautomobiliai.lt\/index.php\/2026\/04\/27\/tesla-siulo-nemokama-elektrinio-sedano-ikrovima-metams\/"},"author":{"name":"admin","@id":"http:\/\/eautomobiliai.lt\/#\/schema\/person\/ecf2a967f361217d056061f74deb92f2"},"headline":"\u201eTesla\u201c si\u016blo nemokam\u0105 elektrinio sedano \u012fkrovim\u0105 metams","datePublished":"2026-04-27T05:10:25+00:00","mainEntityOfPage":{"@id":"http:\/\/eautomobiliai.lt\/index.php\/2026\/04\/27\/tesla-siulo-nemokama-elektrinio-sedano-ikrovima-metams\/"},"wordCount":489,"commentCount":0,"image":{"@id":"http:\/\/eautomobiliai.lt\/index.php\/2026\/04\/27\/tesla-siulo-nemokama-elektrinio-sedano-ikrovima-metams\/#primaryimage"},"thumbnailUrl":"http:\/\/eautomobiliai.lt\/wp-content\/uploads\/2026\/04\/\u201eTesla-siulo-nemokama-elektrinio-sedano-ikrovima-metams.jpeg","keywords":["elektrinio","\u012fkrovim\u0105","metams","nemokama","sedano","si\u016blo","Tesla"],"articleSection":["eAUTOMOBILI\u0172 TECHNIN\u0116 PUS\u0116"],"inLanguage":"lt-LT","potentialAction":[{"@type":"CommentAction","name":"Comment","target":["http:\/\/eautomobiliai.lt\/index.php\/2026\/04\/27\/tesla-siulo-nemokama-elektrinio-sedano-ikrovima-metams\/#respond"]}]},{"@type":"WebPage","@id":"http:\/\/eautomobiliai.lt\/index.php\/2026\/04\/27\/tesla-siulo-nemokama-elektrinio-sedano-ikrovima-metams\/","url":"http:\/\/eautomobiliai.lt\/index.php\/2026\/04\/27\/tesla-siulo-nemokama-elektrinio-sedano-ikrovima-metams\/","name":"\u201eTesla\u201c si\u016blo nemokam\u0105 elektrinio sedano \u012fkrovim\u0105 metams - Eautomobiliai.lt","isPartOf":{"@id":"http:\/\/eautomobiliai.lt\/#website"},"primaryImageOfPage":{"@id":"http:\/\/eautomobiliai.lt\/index.php\/2026\/04\/27\/tesla-siulo-nemokama-elektrinio-sedano-ikrovima-metams\/#primaryimage"},"image":{"@id":"http:\/\/eautomobiliai.lt\/index.php\/2026\/04\/27\/tesla-siulo-nemokama-elektrinio-sedano-ikrovima-metams\/#primaryimage"},"thumbnailUrl":"http:\/\/eautomobiliai.lt\/wp-content\/uploads\/2026\/04\/\u201eTesla-siulo-nemokama-elektrinio-sedano-ikrovima-metams.jpeg","datePublished":"2026-04-27T05:10:25+00:00","author":{"@id":"http:\/\/eautomobiliai.lt\/#\/schema\/person\/ecf2a967f361217d056061f74deb92f2"},"breadcrumb":{"@id":"http:\/\/eautomobiliai.lt\/index.php\/2026\/04\/27\/tesla-siulo-nemokama-elektrinio-sedano-ikrovima-metams\/#breadcrumb"},"inLanguage":"lt-LT","potentialAction":[{"@type":"ReadAction","target":["http:\/\/eautomobiliai.lt\/index.php\/2026\/04\/27\/tesla-siulo-nemokama-elektrinio-sedano-ikrovima-metams\/"]}]},{"@type":"ImageObject","inLanguage":"lt-LT","@id":"http:\/\/eautomobiliai.lt\/index.php\/2026\/04\/27\/tesla-siulo-nemokama-elektrinio-sedano-ikrovima-metams\/#primaryimage","url":"http:\/\/eautomobiliai.lt\/wp-content\/uploads\/2026\/04\/\u201eTesla-siulo-nemokama-elektrinio-sedano-ikrovima-metams.jpeg","contentUrl":"http:\/\/eautomobiliai.lt\/wp-content\/uploads\/2026\/04\/\u201eTesla-siulo-nemokama-elektrinio-sedano-ikrovima-metams.jpeg","width":1280,"height":1070},{"@type":"BreadcrumbList","@id":"http:\/\/eautomobiliai.lt\/index.php\/2026\/04\/27\/tesla-siulo-nemokama-elektrinio-sedano-ikrovima-metams\/#breadcrumb","itemListElement":[{"@type":"ListItem","position":1,"name":"Home","item":"http:\/\/eautomobiliai.lt\/"},{"@type":"ListItem","position":2,"name":"\u201eTesla\u201c si\u016blo nemokam\u0105 elektrinio sedano \u012fkrovim\u0105 metams"}]},{"@type":"WebSite","@id":"http:\/\/eautomobiliai.lt\/#website","url":"http:\/\/eautomobiliai.lt\/","name":"Eautomobiliai.lt","description":"Elektrinis transportas, technologijos","potentialAction":[{"@type":"SearchAction","target":{"@type":"EntryPoint","urlTemplate":"http:\/\/eautomobiliai.lt\/?s={search_term_string}"},"query-input":{"@type":"PropertyValueSpecification","valueRequired":true,"valueName":"search_term_string"}}],"inLanguage":"lt-LT"},{"@type":"Person","@id":"http:\/\/eautomobiliai.lt\/#\/schema\/person\/ecf2a967f361217d056061f74deb92f2","name":"admin","image":{"@type":"ImageObject","inLanguage":"lt-LT","@id":"http:\/\/eautomobiliai.lt\/#\/schema\/person\/image\/","url":"https:\/\/secure.gravatar.com\/avatar\/6323379efae0c70c686c7905444d6bbd?s=96&d=mm&r=g","contentUrl":"https:\/\/secure.gravatar.com\/avatar\/6323379efae0c70c686c7905444d6bbd?s=96&d=mm&r=g","caption":"admin"},"sameAs":["http:\/\/eautomobiliai.lt"],"url":"http:\/\/eautomobiliai.lt\/index.php\/author\/admin\/"}]}},"_links":{"self":[{"href":"http:\/\/eautomobiliai.lt\/index.php\/wp-json\/wp\/v2\/posts\/4135","targetHints":{"allow":["GET"]}}],"collection":[{"href":"http:\/\/eautomobiliai.lt\/index.php\/wp-json\/wp\/v2\/posts"}],"about":[{"href":"http:\/\/eautomobiliai.lt\/index.php\/wp-json\/wp\/v2\/types\/post"}],"author":[{"embeddable":true,"href":"http:\/\/eautomobiliai.lt\/index.php\/wp-json\/wp\/v2\/users\/1"}],"replies":[{"embeddable":true,"href":"http:\/\/eautomobiliai.lt\/index.php\/wp-json\/wp\/v2\/comments?post=4135"}],"version-history":[{"count":0,"href":"http:\/\/eautomobiliai.lt\/index.php\/wp-json\/wp\/v2\/posts\/4135\/revisions"}],"wp:featuredmedia":[{"embeddable":true,"href":"http:\/\/eautomobiliai.lt\/index.php\/wp-json\/wp\/v2\/media\/4136"}],"wp:attachment":[{"href":"http:\/\/eautomobiliai.lt\/index.php\/wp-json\/wp\/v2\/media?parent=4135"}],"wp:term":[{"taxonomy":"category","embeddable":true,"href":"http:\/\/eautomobiliai.lt\/index.php\/wp-json\/wp\/v2\/categories?post=4135"},{"taxonomy":"post_tag","embeddable":true,"href":"http:\/\/eautomobiliai.lt\/index.php\/wp-json\/wp\/v2\/tags?post=4135"}],"curies":[{"name":"wp","href":"https:\/\/api.w.org\/{rel}","templated":true}]}}