{"id":4142,"date":"2026-04-27T21:12:18","date_gmt":"2026-04-27T21:12:18","guid":{"rendered":"https:\/\/eautomobiliai.lt\/index.php\/2026\/04\/27\/pristatytas-naujos-kartos-byd-atto-3-su-5-minuciu-blykstes-ikrovimu\/"},"modified":"2026-04-27T21:12:18","modified_gmt":"2026-04-27T21:12:18","slug":"pristatytas-naujos-kartos-byd-atto-3-su-5-minuciu-blykstes-ikrovimu","status":"publish","type":"post","link":"http:\/\/eautomobiliai.lt\/index.php\/2026\/04\/27\/pristatytas-naujos-kartos-byd-atto-3-su-5-minuciu-blykstes-ikrovimu\/","title":{"rendered":"Pristatytas naujos kartos BYD Atto 3 su 5 minu\u010di\u0173 blykst\u0117s \u012fkrovimu"},"content":{"rendered":"<p> <br \/>\n<\/p>\n<div id=\"\">\n<p><span style=\"font-weight: 400;\">BYD pristat\u0117 naujausi\u0105 savo pirmojo EV Australijoje versij\u0105, \u010dia \u017einom\u0105 kaip Atto 3, kuri tur\u0117s 5 minu\u010di\u0173 blykst\u0117s \u012fkrovim\u0105 ir daug daugiau.<\/span><\/p>\n<p><span style=\"font-weight: 400;\">Atto 3, Kinijoje pavadintas Yan Plus, buvo pristatytas Australijoje 2022 m. ir buvo parduotas t\u016bkstan\u010dius vienet\u0173 kaip vienas pirm\u0173j\u0173 pigesni\u0173 elektrini\u0173 visureigi\u0173 rinkoje.<\/span><\/p>\n<p><span style=\"font-weight: 400;\">The <\/span><span style=\"font-weight: 400;\">  \u201eAuto China 2026\u201c Pekine buvo pristatyta naujausia visureigio \u201eYuan Plus\u201c versija su 5 minu\u010di\u0173 blykst\u0117s \u012fkrovimu ir dviem<\/span> varikli\u0173 ir skirting\u0173 akumuliatori\u0173 konfig\u016bracij\u0173.<\/p>\n<p><span style=\"font-weight: 400;\">Pirmasis yra vienas gale montuojamas 200 kW variklis, kuris yra suporuotas su 57,5 \u200b\u200bkWh LFP Blade Battery. Tikimasi, kad \u0161is variantas nuva\u017eiuos 540 km CLTC, o tai grei\u010diausiai bus ar\u010diau 450 km WLTP ciklo.<\/span><\/p>\n<p><span style=\"font-weight: 400;\">Galingesn\u0117 versija turi 240 kW ir yra suporuota su 68,5 kWh akumuliatoriumi, kuris nuva\u017eiuos iki 630 km CLTC. <\/span><\/p>\n<p><span style=\"font-weight: 400;\">Abu jie gal\u0117s \u012fkrauti nuo 10 iki 70% vos per 5 minutes, naudodami naujausi\u0105 bendrov\u0117s \u201eFlash Charging\u201c technologij\u0105, pristatyt\u0105 pra\u0117jus\u012f m\u0117nes\u012f. 10\u201397% \u012fkrovimas trunka apie 9 minutes.<\/span><\/p>\n<p><span style=\"font-weight: 400;\">Tai tapo \u012fmanoma d\u0117l nauj\u0173 li\u010dio gele\u017eies fosfato (LFP) baterij\u0173 paket\u0173, kurie i\u0161saugos BYD \u201eBlade Battery\u201c technologijos saugos duomenis, o dabar \u012fmon\u0117s \u201eFlash\u201c \u012fkrovimo vietose \u012fkrauna iki 1500 kW.<\/span><\/p>\n<p><span style=\"font-weight: 400;\">\u0160ios svetain\u0117s diegiamos spar\u010diai. Naujausi duomenys parod\u0117, kad \u012fmon\u0117 vir\u0161ijo 25 % savo 2026 m. \u012fdiegimo tikslo \u2013 20 000 \u201eFlash Charger\u201c diegim\u0173, o 2026 m. baland\u017eio m\u0117n. veik\u0117 daugiau nei 5 000 viet\u0173. \u0160ios svetain\u0117s yra daugiau nei 292 Kinijos miestuose.<\/span><\/p>\n<p><span style=\"font-weight: 400;\">Gr\u012f\u017etant prie \u201eYuan Plus\u201c visureigio, \u0161io modelio ilgis yra 4 665 mm, o tai yra daug didesnis nei dabartinis \u201eBYD Atto 3\u201c visureigis.<\/span><\/p>\n<p><img loading=\"lazy\" decoding=\"async\" class=\"aligncenter size-full wp-image-195862\" src=\"https:\/\/thedriven.io\/wp-content\/uploads\/2026\/04\/2026-BYD-Yuan-Plus-Interior.jpg\" alt=\"Vaizdas: BYD per Weibo\" width=\"2138\" height=\"1414\" srcset=\"https:\/\/thedriven.io\/wp-content\/uploads\/2026\/04\/2026-BYD-Yuan-Plus-Interior.jpg 2138w, https:\/\/thedriven.io\/wp-content\/uploads\/2026\/04\/2026-BYD-Yuan-Plus-Interior-388x257.jpg 388w, https:\/\/thedriven.io\/wp-content\/uploads\/2026\/04\/2026-BYD-Yuan-Plus-Interior-1160x767.jpg 1160w, https:\/\/thedriven.io\/wp-content\/uploads\/2026\/04\/2026-BYD-Yuan-Plus-Interior-800x529.jpg 800w, https:\/\/thedriven.io\/wp-content\/uploads\/2026\/04\/2026-BYD-Yuan-Plus-Interior-1536x1016.jpg 1536w, https:\/\/thedriven.io\/wp-content\/uploads\/2026\/04\/2026-BYD-Yuan-Plus-Interior-2048x1354.jpg 2048w, https:\/\/thedriven.io\/wp-content\/uploads\/2026\/04\/2026-BYD-Yuan-Plus-Interior-120x79.jpg 120w, https:\/\/thedriven.io\/wp-content\/uploads\/2026\/04\/2026-BYD-Yuan-Plus-Interior-90x60.jpg 90w, https:\/\/thedriven.io\/wp-content\/uploads\/2026\/04\/2026-BYD-Yuan-Plus-Interior-320x212.jpg 320w, https:\/\/thedriven.io\/wp-content\/uploads\/2026\/04\/2026-BYD-Yuan-Plus-Interior-560x370.jpg 560w, https:\/\/thedriven.io\/wp-content\/uploads\/2026\/04\/2026-BYD-Yuan-Plus-Interior-1920x1270.jpg 1920w, https:\/\/thedriven.io\/wp-content\/uploads\/2026\/04\/2026-BYD-Yuan-Plus-Interior-150x99.jpg 150w, https:\/\/thedriven.io\/wp-content\/uploads\/2026\/04\/2026-BYD-Yuan-Plus-Interior-240x159.jpg 240w, https:\/\/thedriven.io\/wp-content\/uploads\/2026\/04\/2026-BYD-Yuan-Plus-Interior-180x119.jpg 180w, https:\/\/thedriven.io\/wp-content\/uploads\/2026\/04\/2026-BYD-Yuan-Plus-Interior-640x423.jpg 640w, https:\/\/thedriven.io\/wp-content\/uploads\/2026\/04\/2026-BYD-Yuan-Plus-Interior-1120x741.jpg 1120w, https:\/\/thedriven.io\/wp-content\/uploads\/2026\/04\/2026-BYD-Yuan-Plus-Interior-1600x1058.jpg 1600w, https:\/\/thedriven.io\/wp-content\/uploads\/2026\/04\/2026-BYD-Yuan-Plus-Interior-300x198.jpg 300w\" sizes=\"auto, (max-width: 2138px) 100vw, 2138px\"\/><\/p>\n<p><span style=\"font-weight: 400;\">Naujajame automobilyje u\u017e vairo yra toks pat didelis 15,6 colio informacinis ir pramoginis ekranas, kok\u012f \u0161iandien turi daugelis BYD savinink\u0173. <\/span><\/p>\n<p><span style=\"font-weight: 400;\">50 W belaid\u017eio telefono \u012fkroviklis taip pat matomas centrin\u0117je konsol\u0117je, o, kaip ir daugelio naujausi\u0173 BYD automobili\u0173, viduje dabar yra pavar\u0173 perjungiklis, perkeltas \u012f vair\u0105. D\u0117l to interjeras yra daug \u0161varesnis nei dabartinio modelio.<\/span><\/p>\n<p><span style=\"font-weight: 400;\">Neai\u0161ku, ar ir kada \u0161is naujasis modelis pateks \u012f Australijos rink\u0105, nes naujausiuose patvirtinimo dokumentuose buvo nurodytas naujas \u201eEvo\u201c variantas, kuris \u010dia gal\u0117t\u0173 pasirodyti pirmasis, si\u016blantis ir RWD j\u0117gos pavar\u0105.<\/span><\/p>\n<p><span style=\"font-weight: 400;\">Atid\u017eiai steb\u0117sime \u0161\u012f model\u012f, atsi\u017evelgdami \u012f jo svarb\u0105 prek\u0117s \u017eenklui pasaulin\u0117se rinkose, \u012fskaitant m\u016bs\u0173.<\/span><\/p>\n<div class=\"saboxplugin-wrap\" itemtype=\"http:\/\/schema.org\/Person\" itemscope=\"\" itemprop=\"author\">\n<div class=\"saboxplugin-tab\">\n<div class=\"saboxplugin-gravatar\"><img decoding=\"async\" width=\"100\" height=\"100\" alt=\"Rizas Akhtaras\" itemprop=\"image\" loading=\"lazy\" class=\"native-lazyload-js-fallback\" src=\"https:\/\/b2232832.smushcdn.com\/2232832\/wp-content\/uploads\/2022\/02\/Riz.jpg?lossy=1&amp;strip=0&amp;webp=1\"\/><img loading=\"lazy\" decoding=\"async\" src=\"https:\/\/thedriven.io\/wp-content\/uploads\/2022\/02\/Riz.jpg\" width=\"100\" height=\"100\" alt=\"Rizas Akhtaras\" itemprop=\"image\"\/><\/div>\n<div class=\"saboxplugin-desc\">\n<div itemprop=\"description\">\n<p>Rizas yra Melburne \u012fsik\u016brusios \u012fmon\u0117s \u201ecarloop\u201c \u012fk\u016br\u0117jas, kurio specializacija yra Australijos EV duomenys, \u012f\u017evalgos ataskaitos ir tendencijos. Jis yra mechanikos in\u017einierius, kuris pirmuosius 7 savo karjeros metus praleido kurdamas transporto infrastrukt\u016br\u0105 prie\u0161 prad\u0117damas \u201ecarloop\u201c. Jis domisi automobiliams, ypa\u010d elektromobiliams, ir nori pad\u0117ti suma\u017einti transporto i\u0161metam\u0173 ter\u0161al\u0173 kiek\u012f Australijoje. \u0160iuo metu jis vairuoja raudon\u0105 \u201eTesla Model 3\u201c.<\/p>\n<\/div>\n<\/div>\n<\/div>\n<\/div>\n<p><!-- AI CONTENT END 1 --><\/p><\/div>\n<p><br \/>\n<br \/><a href=\"https:\/\/thedriven.io\/2026\/04\/27\/byd-next-generation-atto-3-unveiled-with-5-minutes-flash-charging\/\">Source link <\/a><\/p>\n","protected":false},"excerpt":{"rendered":"<p>BYD pristat\u0117 naujausi\u0105 savo pirmojo EV Australijoje versij\u0105, \u010dia \u017einom\u0105 kaip Atto 3, kuri tur\u0117s 5 minu\u010di\u0173 blykst\u0117s \u012fkrovim\u0105 ir&hellip;<\/p>\n","protected":false},"author":1,"featured_media":4143,"comment_status":"open","ping_status":"open","sticky":false,"template":"","format":"standard","meta":{"om_disable_all_campaigns":false,"_monsterinsights_skip_tracking":false,"_monsterinsights_sitenote_active":false,"_monsterinsights_sitenote_note":"","_monsterinsights_sitenote_category":0,"footnotes":""},"categories":[39],"tags":[3115,5608,11,1348,2421,61,1693,4157],"class_list":["post-4142","post","type-post","status-publish","format-standard","has-post-thumbnail","hentry","category-eautomobiliu-technine-puse","tag-atto","tag-blykstes","tag-byd","tag-ikrovimu","tag-kartos","tag-minuciu","tag-naujos","tag-pristatytas"],"aioseo_notices":[],"yoast_head":"<!-- This site is optimized with the Yoast SEO plugin v26.8 - https:\/\/yoast.com\/product\/yoast-seo-wordpress\/ -->\n<title>Pristatytas naujos kartos BYD Atto 3 su 5 minu\u010di\u0173 blykst\u0117s \u012fkrovimu - Eautomobiliai.lt<\/title>\n<meta name=\"robots\" content=\"index, follow, max-snippet:-1, max-image-preview:large, max-video-preview:-1\" \/>\n<link rel=\"canonical\" href=\"https:\/\/eautomobiliai.lt\/index.php\/2026\/04\/27\/pristatytas-naujos-kartos-byd-atto-3-su-5-minuciu-blykstes-ikrovimu\/\" \/>\n<meta property=\"og:locale\" content=\"lt_LT\" \/>\n<meta property=\"og:type\" content=\"article\" \/>\n<meta property=\"og:title\" content=\"Pristatytas naujos kartos BYD Atto 3 su 5 minu\u010di\u0173 blykst\u0117s \u012fkrovimu - Eautomobiliai.lt\" \/>\n<meta property=\"og:description\" content=\"BYD pristat\u0117 naujausi\u0105 savo pirmojo EV Australijoje versij\u0105, \u010dia \u017einom\u0105 kaip Atto 3, kuri tur\u0117s 5 minu\u010di\u0173 blykst\u0117s \u012fkrovim\u0105 ir&hellip;\" \/>\n<meta property=\"og:url\" content=\"https:\/\/eautomobiliai.lt\/index.php\/2026\/04\/27\/pristatytas-naujos-kartos-byd-atto-3-su-5-minuciu-blykstes-ikrovimu\/\" \/>\n<meta property=\"og:site_name\" content=\"Eautomobiliai.lt\" \/>\n<meta property=\"article:published_time\" content=\"2026-04-27T21:12:18+00:00\" \/>\n<meta name=\"author\" content=\"admin\" \/>\n<meta name=\"twitter:card\" content=\"summary_large_image\" \/>\n<meta name=\"twitter:label1\" content=\"Written by\" \/>\n\t<meta name=\"twitter:data1\" content=\"admin\" \/>\n\t<meta name=\"twitter:label2\" content=\"Est. reading time\" \/>\n\t<meta name=\"twitter:data2\" content=\"2 minut\u0117s\" \/>\n<script type=\"application\/ld+json\" class=\"yoast-schema-graph\">{\"@context\":\"https:\/\/schema.org\",\"@graph\":[{\"@type\":\"Article\",\"@id\":\"https:\/\/eautomobiliai.lt\/index.php\/2026\/04\/27\/pristatytas-naujos-kartos-byd-atto-3-su-5-minuciu-blykstes-ikrovimu\/#article\",\"isPartOf\":{\"@id\":\"https:\/\/eautomobiliai.lt\/index.php\/2026\/04\/27\/pristatytas-naujos-kartos-byd-atto-3-su-5-minuciu-blykstes-ikrovimu\/\"},\"author\":{\"name\":\"admin\",\"@id\":\"http:\/\/eautomobiliai.lt\/#\/schema\/person\/ecf2a967f361217d056061f74deb92f2\"},\"headline\":\"Pristatytas naujos kartos BYD Atto 3 su 5 minu\u010di\u0173 blykst\u0117s \u012fkrovimu\",\"datePublished\":\"2026-04-27T21:12:18+00:00\",\"mainEntityOfPage\":{\"@id\":\"https:\/\/eautomobiliai.lt\/index.php\/2026\/04\/27\/pristatytas-naujos-kartos-byd-atto-3-su-5-minuciu-blykstes-ikrovimu\/\"},\"wordCount\":425,\"commentCount\":0,\"image\":{\"@id\":\"https:\/\/eautomobiliai.lt\/index.php\/2026\/04\/27\/pristatytas-naujos-kartos-byd-atto-3-su-5-minuciu-blykstes-ikrovimu\/#primaryimage\"},\"thumbnailUrl\":\"http:\/\/eautomobiliai.lt\/wp-content\/uploads\/2026\/04\/Pristatytas-naujos-kartos-BYD-Atto-3-su-5-minuciu-blykstes.jpg\",\"keywords\":[\"ATTO\",\"blykst\u0117s\",\"BYD\",\"\u012fkrovimu\",\"kartos\",\"minu\u010di\u0173\",\"naujos\",\"pristatytas\"],\"articleSection\":[\"eAUTOMOBILI\u0172 TECHNIN\u0116 PUS\u0116\"],\"inLanguage\":\"lt-LT\",\"potentialAction\":[{\"@type\":\"CommentAction\",\"name\":\"Comment\",\"target\":[\"https:\/\/eautomobiliai.lt\/index.php\/2026\/04\/27\/pristatytas-naujos-kartos-byd-atto-3-su-5-minuciu-blykstes-ikrovimu\/#respond\"]}]},{\"@type\":\"WebPage\",\"@id\":\"https:\/\/eautomobiliai.lt\/index.php\/2026\/04\/27\/pristatytas-naujos-kartos-byd-atto-3-su-5-minuciu-blykstes-ikrovimu\/\",\"url\":\"https:\/\/eautomobiliai.lt\/index.php\/2026\/04\/27\/pristatytas-naujos-kartos-byd-atto-3-su-5-minuciu-blykstes-ikrovimu\/\",\"name\":\"Pristatytas naujos kartos BYD Atto 3 su 5 minu\u010di\u0173 blykst\u0117s \u012fkrovimu - Eautomobiliai.lt\",\"isPartOf\":{\"@id\":\"http:\/\/eautomobiliai.lt\/#website\"},\"primaryImageOfPage\":{\"@id\":\"https:\/\/eautomobiliai.lt\/index.php\/2026\/04\/27\/pristatytas-naujos-kartos-byd-atto-3-su-5-minuciu-blykstes-ikrovimu\/#primaryimage\"},\"image\":{\"@id\":\"https:\/\/eautomobiliai.lt\/index.php\/2026\/04\/27\/pristatytas-naujos-kartos-byd-atto-3-su-5-minuciu-blykstes-ikrovimu\/#primaryimage\"},\"thumbnailUrl\":\"http:\/\/eautomobiliai.lt\/wp-content\/uploads\/2026\/04\/Pristatytas-naujos-kartos-BYD-Atto-3-su-5-minuciu-blykstes.jpg\",\"datePublished\":\"2026-04-27T21:12:18+00:00\",\"author\":{\"@id\":\"http:\/\/eautomobiliai.lt\/#\/schema\/person\/ecf2a967f361217d056061f74deb92f2\"},\"breadcrumb\":{\"@id\":\"https:\/\/eautomobiliai.lt\/index.php\/2026\/04\/27\/pristatytas-naujos-kartos-byd-atto-3-su-5-minuciu-blykstes-ikrovimu\/#breadcrumb\"},\"inLanguage\":\"lt-LT\",\"potentialAction\":[{\"@type\":\"ReadAction\",\"target\":[\"https:\/\/eautomobiliai.lt\/index.php\/2026\/04\/27\/pristatytas-naujos-kartos-byd-atto-3-su-5-minuciu-blykstes-ikrovimu\/\"]}]},{\"@type\":\"ImageObject\",\"inLanguage\":\"lt-LT\",\"@id\":\"https:\/\/eautomobiliai.lt\/index.php\/2026\/04\/27\/pristatytas-naujos-kartos-byd-atto-3-su-5-minuciu-blykstes-ikrovimu\/#primaryimage\",\"url\":\"http:\/\/eautomobiliai.lt\/wp-content\/uploads\/2026\/04\/Pristatytas-naujos-kartos-BYD-Atto-3-su-5-minuciu-blykstes.jpg\",\"contentUrl\":\"http:\/\/eautomobiliai.lt\/wp-content\/uploads\/2026\/04\/Pristatytas-naujos-kartos-BYD-Atto-3-su-5-minuciu-blykstes.jpg\",\"width\":2138,\"height\":1408},{\"@type\":\"BreadcrumbList\",\"@id\":\"https:\/\/eautomobiliai.lt\/index.php\/2026\/04\/27\/pristatytas-naujos-kartos-byd-atto-3-su-5-minuciu-blykstes-ikrovimu\/#breadcrumb\",\"itemListElement\":[{\"@type\":\"ListItem\",\"position\":1,\"name\":\"Home\",\"item\":\"http:\/\/eautomobiliai.lt\/\"},{\"@type\":\"ListItem\",\"position\":2,\"name\":\"Pristatytas naujos kartos BYD Atto 3 su 5 minu\u010di\u0173 blykst\u0117s \u012fkrovimu\"}]},{\"@type\":\"WebSite\",\"@id\":\"http:\/\/eautomobiliai.lt\/#website\",\"url\":\"http:\/\/eautomobiliai.lt\/\",\"name\":\"Eautomobiliai.lt\",\"description\":\"Elektrinis transportas, technologijos\",\"potentialAction\":[{\"@type\":\"SearchAction\",\"target\":{\"@type\":\"EntryPoint\",\"urlTemplate\":\"http:\/\/eautomobiliai.lt\/?s={search_term_string}\"},\"query-input\":{\"@type\":\"PropertyValueSpecification\",\"valueRequired\":true,\"valueName\":\"search_term_string\"}}],\"inLanguage\":\"lt-LT\"},{\"@type\":\"Person\",\"@id\":\"http:\/\/eautomobiliai.lt\/#\/schema\/person\/ecf2a967f361217d056061f74deb92f2\",\"name\":\"admin\",\"image\":{\"@type\":\"ImageObject\",\"inLanguage\":\"lt-LT\",\"@id\":\"http:\/\/eautomobiliai.lt\/#\/schema\/person\/image\/\",\"url\":\"https:\/\/secure.gravatar.com\/avatar\/6323379efae0c70c686c7905444d6bbd?s=96&d=mm&r=g\",\"contentUrl\":\"https:\/\/secure.gravatar.com\/avatar\/6323379efae0c70c686c7905444d6bbd?s=96&d=mm&r=g\",\"caption\":\"admin\"},\"sameAs\":[\"http:\/\/eautomobiliai.lt\"],\"url\":\"http:\/\/eautomobiliai.lt\/index.php\/author\/admin\/\"}]}<\/script>\n<!-- \/ Yoast SEO plugin. -->","yoast_head_json":{"title":"Pristatytas naujos kartos BYD Atto 3 su 5 minu\u010di\u0173 blykst\u0117s \u012fkrovimu - Eautomobiliai.lt","robots":{"index":"index","follow":"follow","max-snippet":"max-snippet:-1","max-image-preview":"max-image-preview:large","max-video-preview":"max-video-preview:-1"},"canonical":"https:\/\/eautomobiliai.lt\/index.php\/2026\/04\/27\/pristatytas-naujos-kartos-byd-atto-3-su-5-minuciu-blykstes-ikrovimu\/","og_locale":"lt_LT","og_type":"article","og_title":"Pristatytas naujos kartos BYD Atto 3 su 5 minu\u010di\u0173 blykst\u0117s \u012fkrovimu - Eautomobiliai.lt","og_description":"BYD pristat\u0117 naujausi\u0105 savo pirmojo EV Australijoje versij\u0105, \u010dia \u017einom\u0105 kaip Atto 3, kuri tur\u0117s 5 minu\u010di\u0173 blykst\u0117s \u012fkrovim\u0105 ir&hellip;","og_url":"https:\/\/eautomobiliai.lt\/index.php\/2026\/04\/27\/pristatytas-naujos-kartos-byd-atto-3-su-5-minuciu-blykstes-ikrovimu\/","og_site_name":"Eautomobiliai.lt","article_published_time":"2026-04-27T21:12:18+00:00","author":"admin","twitter_card":"summary_large_image","twitter_misc":{"Written by":"admin","Est. reading time":"2 minut\u0117s"},"schema":{"@context":"https:\/\/schema.org","@graph":[{"@type":"Article","@id":"https:\/\/eautomobiliai.lt\/index.php\/2026\/04\/27\/pristatytas-naujos-kartos-byd-atto-3-su-5-minuciu-blykstes-ikrovimu\/#article","isPartOf":{"@id":"https:\/\/eautomobiliai.lt\/index.php\/2026\/04\/27\/pristatytas-naujos-kartos-byd-atto-3-su-5-minuciu-blykstes-ikrovimu\/"},"author":{"name":"admin","@id":"http:\/\/eautomobiliai.lt\/#\/schema\/person\/ecf2a967f361217d056061f74deb92f2"},"headline":"Pristatytas naujos kartos BYD Atto 3 su 5 minu\u010di\u0173 blykst\u0117s \u012fkrovimu","datePublished":"2026-04-27T21:12:18+00:00","mainEntityOfPage":{"@id":"https:\/\/eautomobiliai.lt\/index.php\/2026\/04\/27\/pristatytas-naujos-kartos-byd-atto-3-su-5-minuciu-blykstes-ikrovimu\/"},"wordCount":425,"commentCount":0,"image":{"@id":"https:\/\/eautomobiliai.lt\/index.php\/2026\/04\/27\/pristatytas-naujos-kartos-byd-atto-3-su-5-minuciu-blykstes-ikrovimu\/#primaryimage"},"thumbnailUrl":"http:\/\/eautomobiliai.lt\/wp-content\/uploads\/2026\/04\/Pristatytas-naujos-kartos-BYD-Atto-3-su-5-minuciu-blykstes.jpg","keywords":["ATTO","blykst\u0117s","BYD","\u012fkrovimu","kartos","minu\u010di\u0173","naujos","pristatytas"],"articleSection":["eAUTOMOBILI\u0172 TECHNIN\u0116 PUS\u0116"],"inLanguage":"lt-LT","potentialAction":[{"@type":"CommentAction","name":"Comment","target":["https:\/\/eautomobiliai.lt\/index.php\/2026\/04\/27\/pristatytas-naujos-kartos-byd-atto-3-su-5-minuciu-blykstes-ikrovimu\/#respond"]}]},{"@type":"WebPage","@id":"https:\/\/eautomobiliai.lt\/index.php\/2026\/04\/27\/pristatytas-naujos-kartos-byd-atto-3-su-5-minuciu-blykstes-ikrovimu\/","url":"https:\/\/eautomobiliai.lt\/index.php\/2026\/04\/27\/pristatytas-naujos-kartos-byd-atto-3-su-5-minuciu-blykstes-ikrovimu\/","name":"Pristatytas naujos kartos BYD Atto 3 su 5 minu\u010di\u0173 blykst\u0117s \u012fkrovimu - Eautomobiliai.lt","isPartOf":{"@id":"http:\/\/eautomobiliai.lt\/#website"},"primaryImageOfPage":{"@id":"https:\/\/eautomobiliai.lt\/index.php\/2026\/04\/27\/pristatytas-naujos-kartos-byd-atto-3-su-5-minuciu-blykstes-ikrovimu\/#primaryimage"},"image":{"@id":"https:\/\/eautomobiliai.lt\/index.php\/2026\/04\/27\/pristatytas-naujos-kartos-byd-atto-3-su-5-minuciu-blykstes-ikrovimu\/#primaryimage"},"thumbnailUrl":"http:\/\/eautomobiliai.lt\/wp-content\/uploads\/2026\/04\/Pristatytas-naujos-kartos-BYD-Atto-3-su-5-minuciu-blykstes.jpg","datePublished":"2026-04-27T21:12:18+00:00","author":{"@id":"http:\/\/eautomobiliai.lt\/#\/schema\/person\/ecf2a967f361217d056061f74deb92f2"},"breadcrumb":{"@id":"https:\/\/eautomobiliai.lt\/index.php\/2026\/04\/27\/pristatytas-naujos-kartos-byd-atto-3-su-5-minuciu-blykstes-ikrovimu\/#breadcrumb"},"inLanguage":"lt-LT","potentialAction":[{"@type":"ReadAction","target":["https:\/\/eautomobiliai.lt\/index.php\/2026\/04\/27\/pristatytas-naujos-kartos-byd-atto-3-su-5-minuciu-blykstes-ikrovimu\/"]}]},{"@type":"ImageObject","inLanguage":"lt-LT","@id":"https:\/\/eautomobiliai.lt\/index.php\/2026\/04\/27\/pristatytas-naujos-kartos-byd-atto-3-su-5-minuciu-blykstes-ikrovimu\/#primaryimage","url":"http:\/\/eautomobiliai.lt\/wp-content\/uploads\/2026\/04\/Pristatytas-naujos-kartos-BYD-Atto-3-su-5-minuciu-blykstes.jpg","contentUrl":"http:\/\/eautomobiliai.lt\/wp-content\/uploads\/2026\/04\/Pristatytas-naujos-kartos-BYD-Atto-3-su-5-minuciu-blykstes.jpg","width":2138,"height":1408},{"@type":"BreadcrumbList","@id":"https:\/\/eautomobiliai.lt\/index.php\/2026\/04\/27\/pristatytas-naujos-kartos-byd-atto-3-su-5-minuciu-blykstes-ikrovimu\/#breadcrumb","itemListElement":[{"@type":"ListItem","position":1,"name":"Home","item":"http:\/\/eautomobiliai.lt\/"},{"@type":"ListItem","position":2,"name":"Pristatytas naujos kartos BYD Atto 3 su 5 minu\u010di\u0173 blykst\u0117s \u012fkrovimu"}]},{"@type":"WebSite","@id":"http:\/\/eautomobiliai.lt\/#website","url":"http:\/\/eautomobiliai.lt\/","name":"Eautomobiliai.lt","description":"Elektrinis transportas, technologijos","potentialAction":[{"@type":"SearchAction","target":{"@type":"EntryPoint","urlTemplate":"http:\/\/eautomobiliai.lt\/?s={search_term_string}"},"query-input":{"@type":"PropertyValueSpecification","valueRequired":true,"valueName":"search_term_string"}}],"inLanguage":"lt-LT"},{"@type":"Person","@id":"http:\/\/eautomobiliai.lt\/#\/schema\/person\/ecf2a967f361217d056061f74deb92f2","name":"admin","image":{"@type":"ImageObject","inLanguage":"lt-LT","@id":"http:\/\/eautomobiliai.lt\/#\/schema\/person\/image\/","url":"https:\/\/secure.gravatar.com\/avatar\/6323379efae0c70c686c7905444d6bbd?s=96&d=mm&r=g","contentUrl":"https:\/\/secure.gravatar.com\/avatar\/6323379efae0c70c686c7905444d6bbd?s=96&d=mm&r=g","caption":"admin"},"sameAs":["http:\/\/eautomobiliai.lt"],"url":"http:\/\/eautomobiliai.lt\/index.php\/author\/admin\/"}]}},"_links":{"self":[{"href":"http:\/\/eautomobiliai.lt\/index.php\/wp-json\/wp\/v2\/posts\/4142","targetHints":{"allow":["GET"]}}],"collection":[{"href":"http:\/\/eautomobiliai.lt\/index.php\/wp-json\/wp\/v2\/posts"}],"about":[{"href":"http:\/\/eautomobiliai.lt\/index.php\/wp-json\/wp\/v2\/types\/post"}],"author":[{"embeddable":true,"href":"http:\/\/eautomobiliai.lt\/index.php\/wp-json\/wp\/v2\/users\/1"}],"replies":[{"embeddable":true,"href":"http:\/\/eautomobiliai.lt\/index.php\/wp-json\/wp\/v2\/comments?post=4142"}],"version-history":[{"count":0,"href":"http:\/\/eautomobiliai.lt\/index.php\/wp-json\/wp\/v2\/posts\/4142\/revisions"}],"wp:featuredmedia":[{"embeddable":true,"href":"http:\/\/eautomobiliai.lt\/index.php\/wp-json\/wp\/v2\/media\/4143"}],"wp:attachment":[{"href":"http:\/\/eautomobiliai.lt\/index.php\/wp-json\/wp\/v2\/media?parent=4142"}],"wp:term":[{"taxonomy":"category","embeddable":true,"href":"http:\/\/eautomobiliai.lt\/index.php\/wp-json\/wp\/v2\/categories?post=4142"},{"taxonomy":"post_tag","embeddable":true,"href":"http:\/\/eautomobiliai.lt\/index.php\/wp-json\/wp\/v2\/tags?post=4142"}],"curies":[{"name":"wp","href":"https:\/\/api.w.org\/{rel}","templated":true}]}}