{"id":4146,"date":"2026-04-28T05:13:17","date_gmt":"2026-04-28T05:13:17","guid":{"rendered":"https:\/\/eautomobiliai.lt\/index.php\/2026\/04\/28\/chery-palaike-lepas-prekes-zenklo-judejima-i-australija-su-dviem-elektromobiliu-modeliais\/"},"modified":"2026-04-28T05:13:17","modified_gmt":"2026-04-28T05:13:17","slug":"chery-palaike-lepas-prekes-zenklo-judejima-i-australija-su-dviem-elektromobiliu-modeliais","status":"publish","type":"post","link":"http:\/\/eautomobiliai.lt\/index.php\/2026\/04\/28\/chery-palaike-lepas-prekes-zenklo-judejima-i-australija-su-dviem-elektromobiliu-modeliais\/","title":{"rendered":"Chery palaik\u0117 \u201eLepas\u201c prek\u0117s \u017eenklo jud\u0117jim\u0105 \u012f Australij\u0105 su dviem elektromobili\u0173 modeliais"},"content":{"rendered":"<p> <br \/>\n<\/p>\n<div id=\"\">\n<p><span style=\"font-weight: 400;\">\u201eChery\u201c buvo vienas grei\u010diausiai augan\u010di\u0173 preki\u0173 \u017eenkl\u0173 Australijoje ir per pastaruosius 18 m\u0117nesi\u0173 pristat\u0117 \u201eOmoda Jaecoo\u201c kaip antrin\u012f prek\u0117s \u017eenkl\u0105, skirt\u0105 jaunesn\u0117ms \u201enuotykiams skirtoms\u201c \u0161eimoms.<\/span><\/p>\n<p><span style=\"font-weight: 400;\">Dabar automobili\u0173 mil\u017einas ruo\u0161iasi Australijoje pristatyti kit\u0105 antrin\u012f prek\u0117s \u017eenkl\u0105, kur\u012f vadina Lepas, ir atskleid\u0117 du BEV modelius, kurie eina link m\u016bs\u0173 rinkos.<\/span><\/p>\n<p><span style=\"font-weight: 400;\">Tai bus Lepas L4, ma\u017eas visureigis, pana\u0161aus dyd\u017eio kaip BYD Atto 2 arba neseniai pristatytas Ora 5 EV, o L6 yra \u0161iek tiek didesnis, daugiau Geely EX5 ilgio automobilis.<\/span><\/p>\n<p><span style=\"font-weight: 400;\">L4 bus galima \u012fsigyti kaip BEV kartu su hibridine j\u0117gos pavara, nors detal\u0117s apie akumuliatori\u0173 ir variklius grei\u010diausiai bus atskleistos artimiausiais m\u0117nesiais.<\/span><\/p>\n<p><span style=\"font-weight: 400;\">Abu modeliai taip pat buvo demonstruojami \u0161iuo metu vykstan\u010dioje Pekino automobili\u0173 parodoje ir iki \u0161iol sulauk\u0117 gana teigiamo dalyvavimo tarptautin\u0117s \u017einiasklaidos pri\u0117mimo.<\/span><\/p>\n<p><span style=\"font-weight: 400;\">Taip yra tod\u0117l, kad \u201eLepas\u201c prek\u0117s \u017eenklas yra specialiai pritaikytas tarptautin\u0117ms rinkoms, \u012fskaitant vairas de\u0161in\u0117je, pavyzd\u017eiui, Australij\u0105 ir Nauj\u0105j\u0105 Zelandij\u0105.<\/span><\/p>\n<figure id=\"attachment_195920\" aria-describedby=\"caption-attachment-195920\" style=\"width: 1080px\" class=\"wp-caption aligncenter\"><img loading=\"lazy\" decoding=\"async\" class=\"size-full wp-image-195920\" src=\"https:\/\/thedriven.io\/wp-content\/uploads\/2026\/04\/Lepas-L6-EV-Showcase.jpeg\" alt=\"\" width=\"1080\" height=\"1080\" srcset=\"https:\/\/thedriven.io\/wp-content\/uploads\/2026\/04\/Lepas-L6-EV-Showcase.jpeg 1080w, https:\/\/thedriven.io\/wp-content\/uploads\/2026\/04\/Lepas-L6-EV-Showcase-388x388.jpeg 388w, https:\/\/thedriven.io\/wp-content\/uploads\/2026\/04\/Lepas-L6-EV-Showcase-800x800.jpeg 800w, https:\/\/thedriven.io\/wp-content\/uploads\/2026\/04\/Lepas-L6-EV-Showcase-80x80.jpeg 80w, https:\/\/thedriven.io\/wp-content\/uploads\/2026\/04\/Lepas-L6-EV-Showcase-120x120.jpeg 120w, https:\/\/thedriven.io\/wp-content\/uploads\/2026\/04\/Lepas-L6-EV-Showcase-90x90.jpeg 90w, https:\/\/thedriven.io\/wp-content\/uploads\/2026\/04\/Lepas-L6-EV-Showcase-320x320.jpeg 320w, https:\/\/thedriven.io\/wp-content\/uploads\/2026\/04\/Lepas-L6-EV-Showcase-560x560.jpeg 560w, https:\/\/thedriven.io\/wp-content\/uploads\/2026\/04\/Lepas-L6-EV-Showcase-96x96.jpeg 96w, https:\/\/thedriven.io\/wp-content\/uploads\/2026\/04\/Lepas-L6-EV-Showcase-150x150.jpeg 150w, https:\/\/thedriven.io\/wp-content\/uploads\/2026\/04\/Lepas-L6-EV-Showcase-160x160.jpeg 160w, https:\/\/thedriven.io\/wp-content\/uploads\/2026\/04\/Lepas-L6-EV-Showcase-240x240.jpeg 240w, https:\/\/thedriven.io\/wp-content\/uploads\/2026\/04\/Lepas-L6-EV-Showcase-180x180.jpeg 180w, https:\/\/thedriven.io\/wp-content\/uploads\/2026\/04\/Lepas-L6-EV-Showcase-640x640.jpeg 640w, https:\/\/thedriven.io\/wp-content\/uploads\/2026\/04\/Lepas-L6-EV-Showcase-192x192.jpeg 192w, https:\/\/thedriven.io\/wp-content\/uploads\/2026\/04\/Lepas-L6-EV-Showcase-300x300.jpeg 300w\" sizes=\"auto, (max-width: 1080px) 100vw, 1080px\"\/><figcaption id=\"caption-attachment-195920\" class=\"wp-caption-text\">Nuotrauka: Lepas SA<\/figcaption><\/figure>\n<p><span style=\"font-weight: 400;\">\u0160ie modeliai va\u017eiuos ant LEX platformos, kuri leid\u017eia prek\u0117s \u017eenklui \u012f \u0161iuos automobilius \u012ftraukti naujausi\u0105 BEV architekt\u016br\u0105. <\/span><\/p>\n<p><span style=\"font-weight: 400;\">Nors vietin\u0117s technin\u0117s specifikacijos dar nepatvirtintos, kitose rinkose L4 specifikacijos rodo 67,1 kWh akumuliatori\u0173, varom\u0105 160 kW varikliu.<\/span><\/p>\n<p><span style=\"font-weight: 400;\">Tai pad\u0117s automobiliui \u012fsib\u0117g\u0117ti nuo 0 iki 100 km\/h per kiek ma\u017eiau nei 8 sekundes, o tai yra gana garbinga ma\u017eam miesto elektriniam visureigiui.<\/span><\/p>\n<p><span style=\"font-weight: 400;\">Tikimasi, kad baterija gal\u0117s nuva\u017eiuoti apie 400 km, o \u012fkrovimas naudojant tinkam\u0105 nuolatin\u0117s srov\u0117s greit\u0105j\u012f \u012fkrovikl\u012f tur\u0117t\u0173 trukti ma\u017eiau nei 30 minu\u010di\u0173.<\/span><\/p>\n<p><span style=\"font-weight: 400;\">Viduje automobilio interjeras pana\u0161us \u012f Omoda Jaecoo J5 EV, ypa\u010d ekranas u\u017e vairo ir pagrindinis portretinis informacinis ir pramog\u0173 ekranas, esantis centre.<\/span><\/p>\n<p><span style=\"font-weight: 400;\">Taip pat yra belaidis \u012fkroviklis ir du puodeli\u0173 laikikliai, kuri\u0173 salono i\u0161d\u0117stymas yra gana minimalistinis.<\/span><\/p>\n<p><img decoding=\"async\" class=\"aligncenter size-full wp-image-195918 native-lazyload-js-fallback\" alt=\"\" width=\"1200\" height=\"795\" loading=\"lazy\" src=\"https:\/\/b2232832.smushcdn.com\/2232832\/wp-content\/uploads\/2026\/04\/Lepas-L6-rear.jpeg?lossy=1&amp;strip=0&amp;webp=1\" srcset=\"https:\/\/b2232832.smushcdn.com\/2232832\/wp-content\/uploads\/2026\/04\/Lepas-L6-rear.jpeg?lossy=1&amp;strip=0&amp;webp=1 1200w, https:\/\/b2232832.smushcdn.com\/2232832\/wp-content\/uploads\/2026\/04\/Lepas-L6-rear-388x257.jpeg?lossy=1&amp;strip=0&amp;webp=1 388w, https:\/\/b2232832.smushcdn.com\/2232832\/wp-content\/uploads\/2026\/04\/Lepas-L6-rear-1160x769.jpeg?lossy=1&amp;strip=0&amp;webp=1 1160w, https:\/\/b2232832.smushcdn.com\/2232832\/wp-content\/uploads\/2026\/04\/Lepas-L6-rear-800x530.jpeg?lossy=1&amp;strip=0&amp;webp=1 800w, https:\/\/b2232832.smushcdn.com\/2232832\/wp-content\/uploads\/2026\/04\/Lepas-L6-rear-120x80.jpeg?lossy=1&amp;strip=0&amp;webp=1 120w, https:\/\/b2232832.smushcdn.com\/2232832\/wp-content\/uploads\/2026\/04\/Lepas-L6-rear-90x60.jpeg?lossy=1&amp;strip=0&amp;webp=1 90w, https:\/\/b2232832.smushcdn.com\/2232832\/wp-content\/uploads\/2026\/04\/Lepas-L6-rear-320x212.jpeg?lossy=1&amp;strip=0&amp;webp=1 320w, https:\/\/b2232832.smushcdn.com\/2232832\/wp-content\/uploads\/2026\/04\/Lepas-L6-rear-560x371.jpeg?lossy=1&amp;strip=0&amp;webp=1 560w, https:\/\/b2232832.smushcdn.com\/2232832\/wp-content\/uploads\/2026\/04\/Lepas-L6-rear-150x99.jpeg?lossy=1&amp;strip=0&amp;webp=1 150w, https:\/\/b2232832.smushcdn.com\/2232832\/wp-content\/uploads\/2026\/04\/Lepas-L6-rear-240x159.jpeg?lossy=1&amp;strip=0&amp;webp=1 240w, https:\/\/b2232832.smushcdn.com\/2232832\/wp-content\/uploads\/2026\/04\/Lepas-L6-rear-180x119.jpeg?lossy=1&amp;strip=0&amp;webp=1 180w, https:\/\/b2232832.smushcdn.com\/2232832\/wp-content\/uploads\/2026\/04\/Lepas-L6-rear-640x424.jpeg?lossy=1&amp;strip=0&amp;webp=1 640w, https:\/\/b2232832.smushcdn.com\/2232832\/wp-content\/uploads\/2026\/04\/Lepas-L6-rear-1120x742.jpeg?lossy=1&amp;strip=0&amp;webp=1 1120w, https:\/\/b2232832.smushcdn.com\/2232832\/wp-content\/uploads\/2026\/04\/Lepas-L6-rear-300x199.jpeg?lossy=1&amp;strip=0&amp;webp=1 300w\" data-sizes=\"(max-width: 1200px) 100vw, 1200px\"\/><img loading=\"lazy\" decoding=\"async\" class=\"aligncenter size-full wp-image-195918\" src=\"https:\/\/thedriven.io\/wp-content\/uploads\/2026\/04\/Lepas-L6-rear.jpeg\" alt=\"\" width=\"1200\" height=\"795\" srcset=\"https:\/\/thedriven.io\/wp-content\/uploads\/2026\/04\/Lepas-L6-rear.jpeg 1200w, https:\/\/thedriven.io\/wp-content\/uploads\/2026\/04\/Lepas-L6-rear-388x257.jpeg 388w, https:\/\/thedriven.io\/wp-content\/uploads\/2026\/04\/Lepas-L6-rear-1160x769.jpeg 1160w, https:\/\/thedriven.io\/wp-content\/uploads\/2026\/04\/Lepas-L6-rear-800x530.jpeg 800w, https:\/\/thedriven.io\/wp-content\/uploads\/2026\/04\/Lepas-L6-rear-120x80.jpeg 120w, https:\/\/thedriven.io\/wp-content\/uploads\/2026\/04\/Lepas-L6-rear-90x60.jpeg 90w, https:\/\/thedriven.io\/wp-content\/uploads\/2026\/04\/Lepas-L6-rear-320x212.jpeg 320w, https:\/\/thedriven.io\/wp-content\/uploads\/2026\/04\/Lepas-L6-rear-560x371.jpeg 560w, https:\/\/thedriven.io\/wp-content\/uploads\/2026\/04\/Lepas-L6-rear-150x99.jpeg 150w, https:\/\/thedriven.io\/wp-content\/uploads\/2026\/04\/Lepas-L6-rear-240x159.jpeg 240w, https:\/\/thedriven.io\/wp-content\/uploads\/2026\/04\/Lepas-L6-rear-180x119.jpeg 180w, https:\/\/thedriven.io\/wp-content\/uploads\/2026\/04\/Lepas-L6-rear-640x424.jpeg 640w, https:\/\/thedriven.io\/wp-content\/uploads\/2026\/04\/Lepas-L6-rear-1120x742.jpeg 1120w, https:\/\/thedriven.io\/wp-content\/uploads\/2026\/04\/Lepas-L6-rear-300x199.jpeg 300w\" sizes=\"auto, (max-width: 1200px) 100vw, 1200px\"\/><\/p>\n<p><span style=\"font-weight: 400;\">I\u0161samios specifikacijos m\u016bs\u0173 rinkai bus atskleistos kartu su automobilio kainodara. Tikim\u0117s, kad jo kaina bus didesn\u0117 u\u017e dabartin\u012f \u201eOmoda Jaecoo J5 EV\u201c, kurio \u012fvadinis pasi\u016blymas Australijoje yra 36 990 USD.<\/span><\/p>\n<p><span style=\"font-weight: 400;\">Atsi\u017evelgdami \u012f J5 EV s\u0117km\u0119, steb\u0117tume L4 ir L6 modelius, nes jie taip pat gal\u0117t\u0173 sulaukti solid\u017ei\u0173 pardavim\u0173, kai jie debiutuos ar\u010diau 2026 m. pabaigos.<\/span><\/p>\n<div class=\"saboxplugin-wrap\" itemtype=\"http:\/\/schema.org\/Person\" itemscope=\"\" itemprop=\"author\">\n<div class=\"saboxplugin-tab\">\n<div class=\"saboxplugin-gravatar\"><img decoding=\"async\" width=\"100\" height=\"100\" alt=\"Rizas Akhtaras\" itemprop=\"image\" loading=\"lazy\" class=\"native-lazyload-js-fallback\" src=\"https:\/\/b2232832.smushcdn.com\/2232832\/wp-content\/uploads\/2022\/02\/Riz.jpg?lossy=1&amp;strip=0&amp;webp=1\"\/><img loading=\"lazy\" decoding=\"async\" src=\"https:\/\/thedriven.io\/wp-content\/uploads\/2022\/02\/Riz.jpg\" width=\"100\" height=\"100\" alt=\"Rizas Akhtaras\" itemprop=\"image\"\/><\/div>\n<div class=\"saboxplugin-desc\">\n<div itemprop=\"description\">\n<p>Rizas yra Melburne \u012fsik\u016brusios \u012fmon\u0117s \u201ecarloop\u201c \u012fk\u016br\u0117jas, kurio specializacija yra Australijos EV duomenys, \u012f\u017evalgos ataskaitos ir tendencijos. Jis yra mechanikos in\u017einierius, kuris pirmuosius 7 savo karjeros metus praleido kurdamas transporto infrastrukt\u016br\u0105 prie\u0161 prad\u0117damas \u201ecarloop\u201c. Jis domisi automobiliams, ypa\u010d elektromobiliams, ir nori pad\u0117ti suma\u017einti transporto i\u0161metam\u0173 ter\u0161al\u0173 kiek\u012f Australijoje. \u0160iuo metu jis vairuoja raudon\u0105 \u201eTesla Model 3\u201c.<\/p>\n<\/div>\n<\/div>\n<\/div>\n<\/div>\n<p><!-- AI CONTENT END 1 --><\/p><\/div>\n<p><br \/>\n<br \/><a href=\"https:\/\/thedriven.io\/2026\/04\/28\/chery-backed-lepas-brand-heads-to-australia-with-two-ev-models\/\">Source link <\/a><\/p>\n","protected":false},"excerpt":{"rendered":"<p>\u201eChery\u201c buvo vienas grei\u010diausiai augan\u010di\u0173 preki\u0173 \u017eenkl\u0173 Australijoje ir per pastaruosius 18 m\u0117nesi\u0173 pristat\u0117 \u201eOmoda Jaecoo\u201c kaip antrin\u012f prek\u0117s \u017eenkl\u0105,&hellip;<\/p>\n","protected":false},"author":1,"featured_media":4147,"comment_status":"open","ping_status":"open","sticky":false,"template":"","format":"standard","meta":{"om_disable_all_campaigns":false,"_monsterinsights_skip_tracking":false,"_monsterinsights_sitenote_active":false,"_monsterinsights_sitenote_note":"","_monsterinsights_sitenote_category":0,"footnotes":""},"categories":[39],"tags":[1301,886,724,191,6110,6109,726,6108,393,1432],"class_list":["post-4146","post","type-post","status-publish","format-standard","has-post-thumbnail","hentry","category-eautomobiliu-technine-puse","tag-australija","tag-chery","tag-dviem","tag-elektromobiliu","tag-judejima","tag-lepas","tag-modeliais","tag-palaike","tag-prekes","tag-zenklo"],"aioseo_notices":[],"yoast_head":"<!-- This site is optimized with the Yoast SEO plugin v26.8 - https:\/\/yoast.com\/product\/yoast-seo-wordpress\/ -->\n<title>Chery palaik\u0117 \u201eLepas\u201c prek\u0117s \u017eenklo jud\u0117jim\u0105 \u012f Australij\u0105 su dviem elektromobili\u0173 modeliais - Eautomobiliai.lt<\/title>\n<meta name=\"robots\" content=\"index, follow, max-snippet:-1, max-image-preview:large, max-video-preview:-1\" \/>\n<link rel=\"canonical\" href=\"https:\/\/eautomobiliai.lt\/index.php\/2026\/04\/28\/chery-palaike-lepas-prekes-zenklo-judejima-i-australija-su-dviem-elektromobiliu-modeliais\/\" \/>\n<meta property=\"og:locale\" content=\"lt_LT\" \/>\n<meta property=\"og:type\" content=\"article\" \/>\n<meta property=\"og:title\" content=\"Chery palaik\u0117 \u201eLepas\u201c prek\u0117s \u017eenklo jud\u0117jim\u0105 \u012f Australij\u0105 su dviem elektromobili\u0173 modeliais - Eautomobiliai.lt\" \/>\n<meta property=\"og:description\" content=\"\u201eChery\u201c buvo vienas grei\u010diausiai augan\u010di\u0173 preki\u0173 \u017eenkl\u0173 Australijoje ir per pastaruosius 18 m\u0117nesi\u0173 pristat\u0117 \u201eOmoda Jaecoo\u201c kaip antrin\u012f prek\u0117s \u017eenkl\u0105,&hellip;\" \/>\n<meta property=\"og:url\" content=\"https:\/\/eautomobiliai.lt\/index.php\/2026\/04\/28\/chery-palaike-lepas-prekes-zenklo-judejima-i-australija-su-dviem-elektromobiliu-modeliais\/\" \/>\n<meta property=\"og:site_name\" content=\"Eautomobiliai.lt\" \/>\n<meta property=\"article:published_time\" content=\"2026-04-28T05:13:17+00:00\" \/>\n<meta name=\"author\" content=\"admin\" \/>\n<meta name=\"twitter:card\" content=\"summary_large_image\" \/>\n<meta name=\"twitter:label1\" content=\"Written by\" \/>\n\t<meta name=\"twitter:data1\" content=\"admin\" \/>\n\t<meta name=\"twitter:label2\" content=\"Est. reading time\" \/>\n\t<meta name=\"twitter:data2\" content=\"2 minut\u0117s\" \/>\n<script type=\"application\/ld+json\" class=\"yoast-schema-graph\">{\"@context\":\"https:\/\/schema.org\",\"@graph\":[{\"@type\":\"Article\",\"@id\":\"https:\/\/eautomobiliai.lt\/index.php\/2026\/04\/28\/chery-palaike-lepas-prekes-zenklo-judejima-i-australija-su-dviem-elektromobiliu-modeliais\/#article\",\"isPartOf\":{\"@id\":\"https:\/\/eautomobiliai.lt\/index.php\/2026\/04\/28\/chery-palaike-lepas-prekes-zenklo-judejima-i-australija-su-dviem-elektromobiliu-modeliais\/\"},\"author\":{\"name\":\"admin\",\"@id\":\"http:\/\/eautomobiliai.lt\/#\/schema\/person\/ecf2a967f361217d056061f74deb92f2\"},\"headline\":\"Chery palaik\u0117 \u201eLepas\u201c prek\u0117s \u017eenklo jud\u0117jim\u0105 \u012f Australij\u0105 su dviem elektromobili\u0173 modeliais\",\"datePublished\":\"2026-04-28T05:13:17+00:00\",\"mainEntityOfPage\":{\"@id\":\"https:\/\/eautomobiliai.lt\/index.php\/2026\/04\/28\/chery-palaike-lepas-prekes-zenklo-judejima-i-australija-su-dviem-elektromobiliu-modeliais\/\"},\"wordCount\":442,\"commentCount\":0,\"image\":{\"@id\":\"https:\/\/eautomobiliai.lt\/index.php\/2026\/04\/28\/chery-palaike-lepas-prekes-zenklo-judejima-i-australija-su-dviem-elektromobiliu-modeliais\/#primaryimage\"},\"thumbnailUrl\":\"http:\/\/eautomobiliai.lt\/wp-content\/uploads\/2026\/04\/Chery-palaike-\u201eLepas-prekes-zenklo-judejima-i-Australija-su-dviem.jpeg\",\"keywords\":[\"Australij\u0105\",\"Chery\",\"dviem\",\"elektromobili\u0173\",\"jud\u0117jim\u0105\",\"Lepas\",\"modeliais\",\"palaik\u0117\",\"prek\u0117s\",\"\u017eenklo\"],\"articleSection\":[\"eAUTOMOBILI\u0172 TECHNIN\u0116 PUS\u0116\"],\"inLanguage\":\"lt-LT\",\"potentialAction\":[{\"@type\":\"CommentAction\",\"name\":\"Comment\",\"target\":[\"https:\/\/eautomobiliai.lt\/index.php\/2026\/04\/28\/chery-palaike-lepas-prekes-zenklo-judejima-i-australija-su-dviem-elektromobiliu-modeliais\/#respond\"]}]},{\"@type\":\"WebPage\",\"@id\":\"https:\/\/eautomobiliai.lt\/index.php\/2026\/04\/28\/chery-palaike-lepas-prekes-zenklo-judejima-i-australija-su-dviem-elektromobiliu-modeliais\/\",\"url\":\"https:\/\/eautomobiliai.lt\/index.php\/2026\/04\/28\/chery-palaike-lepas-prekes-zenklo-judejima-i-australija-su-dviem-elektromobiliu-modeliais\/\",\"name\":\"Chery palaik\u0117 \u201eLepas\u201c prek\u0117s \u017eenklo jud\u0117jim\u0105 \u012f Australij\u0105 su dviem elektromobili\u0173 modeliais - Eautomobiliai.lt\",\"isPartOf\":{\"@id\":\"http:\/\/eautomobiliai.lt\/#website\"},\"primaryImageOfPage\":{\"@id\":\"https:\/\/eautomobiliai.lt\/index.php\/2026\/04\/28\/chery-palaike-lepas-prekes-zenklo-judejima-i-australija-su-dviem-elektromobiliu-modeliais\/#primaryimage\"},\"image\":{\"@id\":\"https:\/\/eautomobiliai.lt\/index.php\/2026\/04\/28\/chery-palaike-lepas-prekes-zenklo-judejima-i-australija-su-dviem-elektromobiliu-modeliais\/#primaryimage\"},\"thumbnailUrl\":\"http:\/\/eautomobiliai.lt\/wp-content\/uploads\/2026\/04\/Chery-palaike-\u201eLepas-prekes-zenklo-judejima-i-Australija-su-dviem.jpeg\",\"datePublished\":\"2026-04-28T05:13:17+00:00\",\"author\":{\"@id\":\"http:\/\/eautomobiliai.lt\/#\/schema\/person\/ecf2a967f361217d056061f74deb92f2\"},\"breadcrumb\":{\"@id\":\"https:\/\/eautomobiliai.lt\/index.php\/2026\/04\/28\/chery-palaike-lepas-prekes-zenklo-judejima-i-australija-su-dviem-elektromobiliu-modeliais\/#breadcrumb\"},\"inLanguage\":\"lt-LT\",\"potentialAction\":[{\"@type\":\"ReadAction\",\"target\":[\"https:\/\/eautomobiliai.lt\/index.php\/2026\/04\/28\/chery-palaike-lepas-prekes-zenklo-judejima-i-australija-su-dviem-elektromobiliu-modeliais\/\"]}]},{\"@type\":\"ImageObject\",\"inLanguage\":\"lt-LT\",\"@id\":\"https:\/\/eautomobiliai.lt\/index.php\/2026\/04\/28\/chery-palaike-lepas-prekes-zenklo-judejima-i-australija-su-dviem-elektromobiliu-modeliais\/#primaryimage\",\"url\":\"http:\/\/eautomobiliai.lt\/wp-content\/uploads\/2026\/04\/Chery-palaike-\u201eLepas-prekes-zenklo-judejima-i-Australija-su-dviem.jpeg\",\"contentUrl\":\"http:\/\/eautomobiliai.lt\/wp-content\/uploads\/2026\/04\/Chery-palaike-\u201eLepas-prekes-zenklo-judejima-i-Australija-su-dviem.jpeg\",\"width\":1080,\"height\":1080},{\"@type\":\"BreadcrumbList\",\"@id\":\"https:\/\/eautomobiliai.lt\/index.php\/2026\/04\/28\/chery-palaike-lepas-prekes-zenklo-judejima-i-australija-su-dviem-elektromobiliu-modeliais\/#breadcrumb\",\"itemListElement\":[{\"@type\":\"ListItem\",\"position\":1,\"name\":\"Home\",\"item\":\"http:\/\/eautomobiliai.lt\/\"},{\"@type\":\"ListItem\",\"position\":2,\"name\":\"Chery palaik\u0117 \u201eLepas\u201c prek\u0117s \u017eenklo jud\u0117jim\u0105 \u012f Australij\u0105 su dviem elektromobili\u0173 modeliais\"}]},{\"@type\":\"WebSite\",\"@id\":\"http:\/\/eautomobiliai.lt\/#website\",\"url\":\"http:\/\/eautomobiliai.lt\/\",\"name\":\"Eautomobiliai.lt\",\"description\":\"Elektrinis transportas, technologijos\",\"potentialAction\":[{\"@type\":\"SearchAction\",\"target\":{\"@type\":\"EntryPoint\",\"urlTemplate\":\"http:\/\/eautomobiliai.lt\/?s={search_term_string}\"},\"query-input\":{\"@type\":\"PropertyValueSpecification\",\"valueRequired\":true,\"valueName\":\"search_term_string\"}}],\"inLanguage\":\"lt-LT\"},{\"@type\":\"Person\",\"@id\":\"http:\/\/eautomobiliai.lt\/#\/schema\/person\/ecf2a967f361217d056061f74deb92f2\",\"name\":\"admin\",\"image\":{\"@type\":\"ImageObject\",\"inLanguage\":\"lt-LT\",\"@id\":\"http:\/\/eautomobiliai.lt\/#\/schema\/person\/image\/\",\"url\":\"https:\/\/secure.gravatar.com\/avatar\/6323379efae0c70c686c7905444d6bbd?s=96&d=mm&r=g\",\"contentUrl\":\"https:\/\/secure.gravatar.com\/avatar\/6323379efae0c70c686c7905444d6bbd?s=96&d=mm&r=g\",\"caption\":\"admin\"},\"sameAs\":[\"http:\/\/eautomobiliai.lt\"],\"url\":\"http:\/\/eautomobiliai.lt\/index.php\/author\/admin\/\"}]}<\/script>\n<!-- \/ Yoast SEO plugin. -->","yoast_head_json":{"title":"Chery palaik\u0117 \u201eLepas\u201c prek\u0117s \u017eenklo jud\u0117jim\u0105 \u012f Australij\u0105 su dviem elektromobili\u0173 modeliais - Eautomobiliai.lt","robots":{"index":"index","follow":"follow","max-snippet":"max-snippet:-1","max-image-preview":"max-image-preview:large","max-video-preview":"max-video-preview:-1"},"canonical":"https:\/\/eautomobiliai.lt\/index.php\/2026\/04\/28\/chery-palaike-lepas-prekes-zenklo-judejima-i-australija-su-dviem-elektromobiliu-modeliais\/","og_locale":"lt_LT","og_type":"article","og_title":"Chery palaik\u0117 \u201eLepas\u201c prek\u0117s \u017eenklo jud\u0117jim\u0105 \u012f Australij\u0105 su dviem elektromobili\u0173 modeliais - Eautomobiliai.lt","og_description":"\u201eChery\u201c buvo vienas grei\u010diausiai augan\u010di\u0173 preki\u0173 \u017eenkl\u0173 Australijoje ir per pastaruosius 18 m\u0117nesi\u0173 pristat\u0117 \u201eOmoda Jaecoo\u201c kaip antrin\u012f prek\u0117s \u017eenkl\u0105,&hellip;","og_url":"https:\/\/eautomobiliai.lt\/index.php\/2026\/04\/28\/chery-palaike-lepas-prekes-zenklo-judejima-i-australija-su-dviem-elektromobiliu-modeliais\/","og_site_name":"Eautomobiliai.lt","article_published_time":"2026-04-28T05:13:17+00:00","author":"admin","twitter_card":"summary_large_image","twitter_misc":{"Written by":"admin","Est. reading time":"2 minut\u0117s"},"schema":{"@context":"https:\/\/schema.org","@graph":[{"@type":"Article","@id":"https:\/\/eautomobiliai.lt\/index.php\/2026\/04\/28\/chery-palaike-lepas-prekes-zenklo-judejima-i-australija-su-dviem-elektromobiliu-modeliais\/#article","isPartOf":{"@id":"https:\/\/eautomobiliai.lt\/index.php\/2026\/04\/28\/chery-palaike-lepas-prekes-zenklo-judejima-i-australija-su-dviem-elektromobiliu-modeliais\/"},"author":{"name":"admin","@id":"http:\/\/eautomobiliai.lt\/#\/schema\/person\/ecf2a967f361217d056061f74deb92f2"},"headline":"Chery palaik\u0117 \u201eLepas\u201c prek\u0117s \u017eenklo jud\u0117jim\u0105 \u012f Australij\u0105 su dviem elektromobili\u0173 modeliais","datePublished":"2026-04-28T05:13:17+00:00","mainEntityOfPage":{"@id":"https:\/\/eautomobiliai.lt\/index.php\/2026\/04\/28\/chery-palaike-lepas-prekes-zenklo-judejima-i-australija-su-dviem-elektromobiliu-modeliais\/"},"wordCount":442,"commentCount":0,"image":{"@id":"https:\/\/eautomobiliai.lt\/index.php\/2026\/04\/28\/chery-palaike-lepas-prekes-zenklo-judejima-i-australija-su-dviem-elektromobiliu-modeliais\/#primaryimage"},"thumbnailUrl":"http:\/\/eautomobiliai.lt\/wp-content\/uploads\/2026\/04\/Chery-palaike-\u201eLepas-prekes-zenklo-judejima-i-Australija-su-dviem.jpeg","keywords":["Australij\u0105","Chery","dviem","elektromobili\u0173","jud\u0117jim\u0105","Lepas","modeliais","palaik\u0117","prek\u0117s","\u017eenklo"],"articleSection":["eAUTOMOBILI\u0172 TECHNIN\u0116 PUS\u0116"],"inLanguage":"lt-LT","potentialAction":[{"@type":"CommentAction","name":"Comment","target":["https:\/\/eautomobiliai.lt\/index.php\/2026\/04\/28\/chery-palaike-lepas-prekes-zenklo-judejima-i-australija-su-dviem-elektromobiliu-modeliais\/#respond"]}]},{"@type":"WebPage","@id":"https:\/\/eautomobiliai.lt\/index.php\/2026\/04\/28\/chery-palaike-lepas-prekes-zenklo-judejima-i-australija-su-dviem-elektromobiliu-modeliais\/","url":"https:\/\/eautomobiliai.lt\/index.php\/2026\/04\/28\/chery-palaike-lepas-prekes-zenklo-judejima-i-australija-su-dviem-elektromobiliu-modeliais\/","name":"Chery palaik\u0117 \u201eLepas\u201c prek\u0117s \u017eenklo jud\u0117jim\u0105 \u012f Australij\u0105 su dviem elektromobili\u0173 modeliais - Eautomobiliai.lt","isPartOf":{"@id":"http:\/\/eautomobiliai.lt\/#website"},"primaryImageOfPage":{"@id":"https:\/\/eautomobiliai.lt\/index.php\/2026\/04\/28\/chery-palaike-lepas-prekes-zenklo-judejima-i-australija-su-dviem-elektromobiliu-modeliais\/#primaryimage"},"image":{"@id":"https:\/\/eautomobiliai.lt\/index.php\/2026\/04\/28\/chery-palaike-lepas-prekes-zenklo-judejima-i-australija-su-dviem-elektromobiliu-modeliais\/#primaryimage"},"thumbnailUrl":"http:\/\/eautomobiliai.lt\/wp-content\/uploads\/2026\/04\/Chery-palaike-\u201eLepas-prekes-zenklo-judejima-i-Australija-su-dviem.jpeg","datePublished":"2026-04-28T05:13:17+00:00","author":{"@id":"http:\/\/eautomobiliai.lt\/#\/schema\/person\/ecf2a967f361217d056061f74deb92f2"},"breadcrumb":{"@id":"https:\/\/eautomobiliai.lt\/index.php\/2026\/04\/28\/chery-palaike-lepas-prekes-zenklo-judejima-i-australija-su-dviem-elektromobiliu-modeliais\/#breadcrumb"},"inLanguage":"lt-LT","potentialAction":[{"@type":"ReadAction","target":["https:\/\/eautomobiliai.lt\/index.php\/2026\/04\/28\/chery-palaike-lepas-prekes-zenklo-judejima-i-australija-su-dviem-elektromobiliu-modeliais\/"]}]},{"@type":"ImageObject","inLanguage":"lt-LT","@id":"https:\/\/eautomobiliai.lt\/index.php\/2026\/04\/28\/chery-palaike-lepas-prekes-zenklo-judejima-i-australija-su-dviem-elektromobiliu-modeliais\/#primaryimage","url":"http:\/\/eautomobiliai.lt\/wp-content\/uploads\/2026\/04\/Chery-palaike-\u201eLepas-prekes-zenklo-judejima-i-Australija-su-dviem.jpeg","contentUrl":"http:\/\/eautomobiliai.lt\/wp-content\/uploads\/2026\/04\/Chery-palaike-\u201eLepas-prekes-zenklo-judejima-i-Australija-su-dviem.jpeg","width":1080,"height":1080},{"@type":"BreadcrumbList","@id":"https:\/\/eautomobiliai.lt\/index.php\/2026\/04\/28\/chery-palaike-lepas-prekes-zenklo-judejima-i-australija-su-dviem-elektromobiliu-modeliais\/#breadcrumb","itemListElement":[{"@type":"ListItem","position":1,"name":"Home","item":"http:\/\/eautomobiliai.lt\/"},{"@type":"ListItem","position":2,"name":"Chery palaik\u0117 \u201eLepas\u201c prek\u0117s \u017eenklo jud\u0117jim\u0105 \u012f Australij\u0105 su dviem elektromobili\u0173 modeliais"}]},{"@type":"WebSite","@id":"http:\/\/eautomobiliai.lt\/#website","url":"http:\/\/eautomobiliai.lt\/","name":"Eautomobiliai.lt","description":"Elektrinis transportas, technologijos","potentialAction":[{"@type":"SearchAction","target":{"@type":"EntryPoint","urlTemplate":"http:\/\/eautomobiliai.lt\/?s={search_term_string}"},"query-input":{"@type":"PropertyValueSpecification","valueRequired":true,"valueName":"search_term_string"}}],"inLanguage":"lt-LT"},{"@type":"Person","@id":"http:\/\/eautomobiliai.lt\/#\/schema\/person\/ecf2a967f361217d056061f74deb92f2","name":"admin","image":{"@type":"ImageObject","inLanguage":"lt-LT","@id":"http:\/\/eautomobiliai.lt\/#\/schema\/person\/image\/","url":"https:\/\/secure.gravatar.com\/avatar\/6323379efae0c70c686c7905444d6bbd?s=96&d=mm&r=g","contentUrl":"https:\/\/secure.gravatar.com\/avatar\/6323379efae0c70c686c7905444d6bbd?s=96&d=mm&r=g","caption":"admin"},"sameAs":["http:\/\/eautomobiliai.lt"],"url":"http:\/\/eautomobiliai.lt\/index.php\/author\/admin\/"}]}},"_links":{"self":[{"href":"http:\/\/eautomobiliai.lt\/index.php\/wp-json\/wp\/v2\/posts\/4146","targetHints":{"allow":["GET"]}}],"collection":[{"href":"http:\/\/eautomobiliai.lt\/index.php\/wp-json\/wp\/v2\/posts"}],"about":[{"href":"http:\/\/eautomobiliai.lt\/index.php\/wp-json\/wp\/v2\/types\/post"}],"author":[{"embeddable":true,"href":"http:\/\/eautomobiliai.lt\/index.php\/wp-json\/wp\/v2\/users\/1"}],"replies":[{"embeddable":true,"href":"http:\/\/eautomobiliai.lt\/index.php\/wp-json\/wp\/v2\/comments?post=4146"}],"version-history":[{"count":0,"href":"http:\/\/eautomobiliai.lt\/index.php\/wp-json\/wp\/v2\/posts\/4146\/revisions"}],"wp:featuredmedia":[{"embeddable":true,"href":"http:\/\/eautomobiliai.lt\/index.php\/wp-json\/wp\/v2\/media\/4147"}],"wp:attachment":[{"href":"http:\/\/eautomobiliai.lt\/index.php\/wp-json\/wp\/v2\/media?parent=4146"}],"wp:term":[{"taxonomy":"category","embeddable":true,"href":"http:\/\/eautomobiliai.lt\/index.php\/wp-json\/wp\/v2\/categories?post=4146"},{"taxonomy":"post_tag","embeddable":true,"href":"http:\/\/eautomobiliai.lt\/index.php\/wp-json\/wp\/v2\/tags?post=4146"}],"curies":[{"name":"wp","href":"https:\/\/api.w.org\/{rel}","templated":true}]}}