{"id":4152,"date":"2026-04-28T17:05:12","date_gmt":"2026-04-28T17:05:12","guid":{"rendered":"http:\/\/eautomobiliai.lt\/index.php\/2026\/04\/28\/gm-vis-dar-yra-2-ev-pardavejas-jav-bet-kiek-laiko\/"},"modified":"2026-04-28T17:05:12","modified_gmt":"2026-04-28T17:05:12","slug":"gm-vis-dar-yra-2-ev-pardavejas-jav-bet-kiek-laiko","status":"publish","type":"post","link":"http:\/\/eautomobiliai.lt\/index.php\/2026\/04\/28\/gm-vis-dar-yra-2-ev-pardavejas-jav-bet-kiek-laiko\/","title":{"rendered":"GM vis dar yra # 2 EV pardav\u0117jas JAV, bet kiek laiko?"},"content":{"rendered":"<p> <br \/>\n<\/p>\n<div>\n<figure class=\"img-border featured-image\">\n<p>\t<br \/>\n\t<\/figure>\n<p>GM pranoko pirmojo ketvir\u010dio pelno l\u016bkes\u010dius po to, kai laim\u0117jo JAV Auk\u0161\u010diausiojo Teismo sprendim\u0105 gr\u0105\u017einti apie 500 mln. USD i\u0161 Trumpo administracijos tarif\u0173.<\/p>\n<p><span id=\"more-465134\"\/><\/p>\n<h2 class=\"wp-block-heading\" id=\"h-gm-tops-q1-2026-earnings-as-tariff-pressure-eases\">GM vir\u0161ija 2026 m. pirmojo ketvir\u010dio pajamas, nes ma\u017e\u0117ja tarif\u0173 spaudimas<\/h2>\n<p>Pirm\u0105j\u012f ketvirt\u012f pardavusi 25 900 elektromobili\u0173, GM teig\u0117 i\u0161laikiusi savo pozicij\u0105 kaip antrasis elektromobili\u0173 pardav\u0117jas JAV po Tesla.<\/p>\n<p>Nors tai \u0161iek tiek daugiau nei 2025 m. ketvirt\u0105j\u012f ketvirt\u012f, tai yra ma\u017edaug 20% \u200b\u200bma\u017eiau nei ma\u017edaug 30 000 EV GM, parduot\u0173 per t\u0105 pat\u012f pra\u0117jusi\u0173 met\u0173 laikotarp\u012f.<\/p>\n<p>Antradien\u012f prane\u0161usi apie pirmojo ketvir\u010dio peln\u0105, bendrov\u0117 teig\u0117, kad d\u0117l neseniai atlikto \u201eelektronini\u0173 transporto priemoni\u0173 strateginio suderinimo\u201c prireik\u0117 papildom\u0173 1,1 mlrd.<\/p>\n<p>\t<span class=\"outbrain-ad-label\">Reklama \u2013 slinkite, kad gautum\u0117te daugiau turinio<\/span><\/p>\n<p>Did\u017ei\u0105j\u0105 dal\u012f i\u0161laid\u0173 l\u0117m\u0117 gamybos perk\u0117limas i\u0161 elektromobili\u0173 \u012f ICE GM Orion surinkimo gamykloje ir nutrauktos tiekimo sutartys. Pra\u0117jus\u012f m\u0117nes\u012f GM antr\u0105 kart\u0105 per tris m\u0117nesius nedirbo savo 2,2 milijardo doleri\u0173 vert\u0117s Factory Zero EV gamykloje Detroite.<\/p>\n<p>Nepaisant papildom\u0173 i\u0161laid\u0173, GM pranoko Volstryto l\u016bkes\u010dius ir paskelb\u0117 4,3 mlrd. USD pakoreguot\u0105 peln\u0105 ir 43,6 mlrd. USD pirmojo ketvir\u010dio pajam\u0173.<\/p>\n<figure class=\"wp-block-image alignwide size-large\"><img loading=\"lazy\" decoding=\"async\" width=\"786\" height=\"442\" src=\"https:\/\/electrek.co\/wp-content\/uploads\/sites\/3\/2026\/04\/GM-Q1-2026-earnings.jpg?quality=82&amp;strip=all&amp;w=786\" alt=\"GM-Q1-2026-pajamos\" class=\"wp-image-465140\" srcset=\"https:\/\/electrek.co\/wp-content\/uploads\/sites\/3\/2026\/04\/GM-Q1-2026-earnings.jpg 786w, https:\/\/electrek.co\/wp-content\/uploads\/sites\/3\/2026\/04\/GM-Q1-2026-earnings.jpg?resize=150,84 150w, https:\/\/electrek.co\/wp-content\/uploads\/sites\/3\/2026\/04\/GM-Q1-2026-earnings.jpg?resize=300,169 300w, https:\/\/electrek.co\/wp-content\/uploads\/sites\/3\/2026\/04\/GM-Q1-2026-earnings.jpg?resize=768,432 768w, https:\/\/electrek.co\/wp-content\/uploads\/sites\/3\/2026\/04\/GM-Q1-2026-earnings.jpg?resize=350,197 350w, https:\/\/electrek.co\/wp-content\/uploads\/sites\/3\/2026\/04\/GM-Q1-2026-earnings.jpg?resize=140,79 140w\" sizes=\"auto, (max-width: 786px) 100vw, 786px\"\/><figcaption class=\"wp-element-caption\">2026 m. pirmojo ketvir\u010dio GM u\u017edarbis (\u0161altinis: GM)<\/figcaption><\/figure>\n<p>Bendrov\u0117 taip pat padidino vis\u0173 2026 met\u0173 u\u017edarbio l\u016bkes\u010dius po to, kai laim\u0117jo ma\u017edaug 500 mln. Dabar GM tikisi, kad pakoreguotas pelnas 2026 m. sieks 13,5 mlrd. USD iki 15,5 mlrd. USD, palyginti su ankstesniais 13 mlrd. USD iki 15 mlrd.<\/p>\n<p>GM vis dar tikisi, kad bendrieji tarifai \u0161iemet kainuos nuo 2,5 iki 3,0 milijardo JAV doleri\u0173, o nuo 3,0 iki 4,0 milijard\u0173 doleri\u0173, kurie buvo prognozuoti anks\u010diau.<\/p>\n<figure class=\"wp-block-image alignwide size-large\"><img loading=\"lazy\" decoding=\"async\" height=\"512\" width=\"1024\" src=\"https:\/\/electrek.co\/wp-content\/uploads\/sites\/3\/2025\/05\/Memorial-Day-EV-lease-deals.jpeg?quality=82&amp;strip=all&amp;w=1024\" alt=\"GM-Q1-2026-pajamos\" class=\"wp-image-417408\" srcset=\"https:\/\/electrek.co\/wp-content\/uploads\/sites\/3\/2025\/05\/Memorial-Day-EV-lease-deals.jpeg 1400w, https:\/\/electrek.co\/wp-content\/uploads\/sites\/3\/2025\/05\/Memorial-Day-EV-lease-deals.jpeg?resize=150,75 150w, https:\/\/electrek.co\/wp-content\/uploads\/sites\/3\/2025\/05\/Memorial-Day-EV-lease-deals.jpeg?resize=300,150 300w, https:\/\/electrek.co\/wp-content\/uploads\/sites\/3\/2025\/05\/Memorial-Day-EV-lease-deals.jpeg?resize=768,384 768w, https:\/\/electrek.co\/wp-content\/uploads\/sites\/3\/2025\/05\/Memorial-Day-EV-lease-deals.jpeg?resize=1024,512 1024w, https:\/\/electrek.co\/wp-content\/uploads\/sites\/3\/2025\/05\/Memorial-Day-EV-lease-deals.jpeg?resize=350,175 350w, https:\/\/electrek.co\/wp-content\/uploads\/sites\/3\/2025\/05\/Memorial-Day-EV-lease-deals.jpeg?resize=140,70 140w, https:\/\/electrek.co\/wp-content\/uploads\/sites\/3\/2025\/05\/Memorial-Day-EV-lease-deals.jpeg?resize=290,145 290w, https:\/\/electrek.co\/wp-content\/uploads\/sites\/3\/2025\/05\/Memorial-Day-EV-lease-deals.jpeg?resize=600,300 600w\" sizes=\"auto, (max-width: 1024px) 100vw, 1024px\"\/><figcaption class=\"wp-element-caption\">\u201eChevy Equinox EV\u201c (\u0161altinis: \u201eChevrolet\u201c)<\/figcaption><\/figure>\n<p>\u201ePagrindin\u0117je veikloje turime tvirt\u0105 impuls\u0105\u201c, \u2013 generalin\u0117 direktor\u0117 Mary Barra sak\u0117 2026 m. pirmojo ketvir\u010dio GM lai\u0161ke akcininkams ir prid\u016br\u0117: \u201eMes buvome antroje vietoje elektromobili\u0173 srityje, kuri\u0173 rinkos dalis auga, ir pirmoje vietoje Kanadoje.<\/p>\n<p>Nors GM vis dar u\u017eima antr\u0105j\u0105 viet\u0105 u\u017e \u201eTesla\u201c JAV elektromobili\u0173 rinkoje, pastarieji pakeitimai gali atsilikti nuo konkurent\u0173, toki\u0173 kaip \u201eHyundai Motor\u201c, \u012fskaitant \u201eKia\u201c ir \u201eGenesis\u201c, kuri didina gamyb\u0105 savo gamykloje Gruzijoje.<\/p>\n<figure class=\"wp-block-image alignwide size-large\"><img loading=\"lazy\" decoding=\"async\" height=\"512\" width=\"1024\" src=\"https:\/\/electrek.co\/wp-content\/uploads\/sites\/3\/2026\/01\/GM-Bolt-EV-Kansas.jpeg?quality=82&amp;strip=all&amp;w=1024\" alt=\"GM-Q1-2026-pajamos\" class=\"wp-image-452495\" srcset=\"https:\/\/electrek.co\/wp-content\/uploads\/sites\/3\/2026\/01\/GM-Bolt-EV-Kansas.jpeg 1400w, https:\/\/electrek.co\/wp-content\/uploads\/sites\/3\/2026\/01\/GM-Bolt-EV-Kansas.jpeg?resize=150,75 150w, https:\/\/electrek.co\/wp-content\/uploads\/sites\/3\/2026\/01\/GM-Bolt-EV-Kansas.jpeg?resize=300,150 300w, https:\/\/electrek.co\/wp-content\/uploads\/sites\/3\/2026\/01\/GM-Bolt-EV-Kansas.jpeg?resize=768,384 768w, https:\/\/electrek.co\/wp-content\/uploads\/sites\/3\/2026\/01\/GM-Bolt-EV-Kansas.jpeg?resize=1024,512 1024w, https:\/\/electrek.co\/wp-content\/uploads\/sites\/3\/2026\/01\/GM-Bolt-EV-Kansas.jpeg?resize=350,175 350w, https:\/\/electrek.co\/wp-content\/uploads\/sites\/3\/2026\/01\/GM-Bolt-EV-Kansas.jpeg?resize=140,70 140w, https:\/\/electrek.co\/wp-content\/uploads\/sites\/3\/2026\/01\/GM-Bolt-EV-Kansas.jpeg?resize=290,145 290w, https:\/\/electrek.co\/wp-content\/uploads\/sites\/3\/2026\/01\/GM-Bolt-EV-Kansas.jpeg?resize=600,300 600w\" sizes=\"auto, (max-width: 1024px) 100vw, 1024px\"\/><figcaption class=\"wp-element-caption\">2027 m. \u201eChevy Bolt EV RS\u201c (\u0161altinis: \u201eChevrolet\u201c)<\/figcaption><\/figure>\n<p>Per pirmuosius tris 2026 m. m\u0117nesius \u201eHyundai IONIQ 5\u201c pranoko populiariausi\u0105 GM elektrin\u012f model\u012f \u201eChevy Equinox EV\u201c.<\/p>\n<p>Did\u0117jant gamybai Hyundai Motor Group Metaplant America, kur gaminami IONIQ 5 ir IONIQ 9, ir ruo\u0161iantis i\u0161leisti kelis naujus modelius, \u012fskaitant labai laukt\u0105 Kia EV3, Kor\u0117jos automobili\u0173 gamintojas turi reali\u0105 galimyb\u0119 aplenkti GM elektromobili\u0173 rinkoje.<\/p>\n<p>EV3 bus parduodamas JAV v\u0117liau \u0161iais metais kaip pigus Chevy Bolt EV konkurentas. \u201eKia\u201c pristatys kainas ar\u010diau pristatymo, ta\u010diau tikimasi, kad EV3 kaina bus ma\u017eesn\u0117 nei 35 000 USD.<\/p>\n<div class=\"google-preferred-source-badge\">\n<p>\t\t\t<img decoding=\"async\" class=\"google-preferred-source-badge-dark\" src=\"https:\/\/electrek.co\/wp-content\/themes\/ninetofive\/dist\/images\/google-preferred-source-badge-dark.png\" alt=\"Prid\u0117kite \u201eElectrek\u201c kaip pageidaujam\u0105 \u201eGoogle\u201c \u0161altin\u012f\"\/><br \/>\n\t\t\t<img decoding=\"async\" class=\"google-preferred-source-badge-light\" src=\"https:\/\/electrek.co\/wp-content\/themes\/ninetofive\/dist\/images\/google-preferred-source-badge-light.png\" alt=\"Prid\u0117kite \u201eElectrek\u201c kaip pageidaujam\u0105 \u201eGoogle\u201c \u0161altin\u012f\"\/><\/p><\/div>\n<div class=\"ad-disclaimer-container\">\n<p class=\"disclaimer-affiliate\"><em>FTC: naudojame pajamas u\u017edirban\u010di\u0173 automobili\u0173 filial\u0173 nuorodas.<\/em> Daugiau.<\/p>\n<p><!-- post ad --><\/div>\n<\/p><\/div>\n<p><br \/>\n<br \/><a href=\"https:\/\/electrek.co\/2026\/04\/28\/gm-still-2-ev-seller-in-the-us-but-for-how-long\/\">Source link <\/a><\/p>\n","protected":false},"excerpt":{"rendered":"<p>GM pranoko pirmojo ketvir\u010dio pelno l\u016bkes\u010dius po to, kai laim\u0117jo JAV Auk\u0161\u010diausiojo Teismo sprendim\u0105 gr\u0105\u017einti apie 500 mln. USD i\u0161&hellip;<\/p>\n","protected":false},"author":1,"featured_media":4153,"comment_status":"open","ping_status":"open","sticky":false,"template":"","format":"standard","meta":{"om_disable_all_campaigns":false,"_monsterinsights_skip_tracking":false,"_monsterinsights_sitenote_active":false,"_monsterinsights_sitenote_note":"","_monsterinsights_sitenote_category":0,"footnotes":""},"categories":[8],"tags":[51,250,83,521,3211,5240,249,49],"class_list":["post-4152","post","type-post","status-publish","format-standard","has-post-thumbnail","hentry","category-elektriniai-automobiliai","tag-bet","tag-dar","tag-jav","tag-kiek","tag-laiko","tag-pardavejas","tag-vis","tag-yra"],"aioseo_notices":[],"yoast_head":"<!-- This site is optimized with the Yoast SEO plugin v26.8 - https:\/\/yoast.com\/product\/yoast-seo-wordpress\/ -->\n<title>GM vis dar yra # 2 EV pardav\u0117jas JAV, bet kiek laiko? - Eautomobiliai.lt<\/title>\n<meta name=\"robots\" content=\"index, follow, max-snippet:-1, max-image-preview:large, max-video-preview:-1\" \/>\n<link rel=\"canonical\" href=\"http:\/\/eautomobiliai.lt\/index.php\/2026\/04\/28\/gm-vis-dar-yra-2-ev-pardavejas-jav-bet-kiek-laiko\/\" \/>\n<meta property=\"og:locale\" content=\"lt_LT\" \/>\n<meta property=\"og:type\" content=\"article\" \/>\n<meta property=\"og:title\" content=\"GM vis dar yra # 2 EV pardav\u0117jas JAV, bet kiek laiko? - Eautomobiliai.lt\" \/>\n<meta property=\"og:description\" content=\"GM pranoko pirmojo ketvir\u010dio pelno l\u016bkes\u010dius po to, kai laim\u0117jo JAV Auk\u0161\u010diausiojo Teismo sprendim\u0105 gr\u0105\u017einti apie 500 mln. USD i\u0161&hellip;\" \/>\n<meta property=\"og:url\" content=\"http:\/\/eautomobiliai.lt\/index.php\/2026\/04\/28\/gm-vis-dar-yra-2-ev-pardavejas-jav-bet-kiek-laiko\/\" \/>\n<meta property=\"og:site_name\" content=\"Eautomobiliai.lt\" \/>\n<meta property=\"article:published_time\" content=\"2026-04-28T17:05:12+00:00\" \/>\n<meta property=\"og:image\" content=\"https:\/\/electrek.co\/wp-content\/uploads\/sites\/3\/2025\/11\/Chevy-new-Bolt-EV.jpeg?quality=82&amp;strip=all&amp;w=1400\" \/>\n<meta name=\"author\" content=\"admin\" \/>\n<meta name=\"twitter:card\" content=\"summary_large_image\" \/>\n<meta name=\"twitter:label1\" content=\"Written by\" \/>\n\t<meta name=\"twitter:data1\" content=\"admin\" \/>\n\t<meta name=\"twitter:label2\" content=\"Est. reading time\" \/>\n\t<meta name=\"twitter:data2\" content=\"2 minut\u0117s\" \/>\n<script type=\"application\/ld+json\" class=\"yoast-schema-graph\">{\"@context\":\"https:\/\/schema.org\",\"@graph\":[{\"@type\":\"Article\",\"@id\":\"http:\/\/eautomobiliai.lt\/index.php\/2026\/04\/28\/gm-vis-dar-yra-2-ev-pardavejas-jav-bet-kiek-laiko\/#article\",\"isPartOf\":{\"@id\":\"http:\/\/eautomobiliai.lt\/index.php\/2026\/04\/28\/gm-vis-dar-yra-2-ev-pardavejas-jav-bet-kiek-laiko\/\"},\"author\":{\"name\":\"admin\",\"@id\":\"http:\/\/eautomobiliai.lt\/#\/schema\/person\/ecf2a967f361217d056061f74deb92f2\"},\"headline\":\"GM vis dar yra # 2 EV pardav\u0117jas JAV, bet kiek laiko?\",\"datePublished\":\"2026-04-28T17:05:12+00:00\",\"mainEntityOfPage\":{\"@id\":\"http:\/\/eautomobiliai.lt\/index.php\/2026\/04\/28\/gm-vis-dar-yra-2-ev-pardavejas-jav-bet-kiek-laiko\/\"},\"wordCount\":449,\"commentCount\":0,\"image\":{\"@id\":\"http:\/\/eautomobiliai.lt\/index.php\/2026\/04\/28\/gm-vis-dar-yra-2-ev-pardavejas-jav-bet-kiek-laiko\/#primaryimage\"},\"thumbnailUrl\":\"http:\/\/eautomobiliai.lt\/wp-content\/uploads\/2026\/04\/GM-vis-dar-yra-2-EV-pardavejas-JAV-bet.jpeg\",\"keywords\":[\"bet\",\"dar\",\"JAV\",\"kiek\",\"laiko\",\"pardav\u0117jas\",\"vis\",\"yra\"],\"articleSection\":[\"ELEKTRINIAI AUTOMOBILIAI\"],\"inLanguage\":\"lt-LT\",\"potentialAction\":[{\"@type\":\"CommentAction\",\"name\":\"Comment\",\"target\":[\"http:\/\/eautomobiliai.lt\/index.php\/2026\/04\/28\/gm-vis-dar-yra-2-ev-pardavejas-jav-bet-kiek-laiko\/#respond\"]}]},{\"@type\":\"WebPage\",\"@id\":\"http:\/\/eautomobiliai.lt\/index.php\/2026\/04\/28\/gm-vis-dar-yra-2-ev-pardavejas-jav-bet-kiek-laiko\/\",\"url\":\"http:\/\/eautomobiliai.lt\/index.php\/2026\/04\/28\/gm-vis-dar-yra-2-ev-pardavejas-jav-bet-kiek-laiko\/\",\"name\":\"GM vis dar yra # 2 EV pardav\u0117jas JAV, bet kiek laiko? - Eautomobiliai.lt\",\"isPartOf\":{\"@id\":\"http:\/\/eautomobiliai.lt\/#website\"},\"primaryImageOfPage\":{\"@id\":\"http:\/\/eautomobiliai.lt\/index.php\/2026\/04\/28\/gm-vis-dar-yra-2-ev-pardavejas-jav-bet-kiek-laiko\/#primaryimage\"},\"image\":{\"@id\":\"http:\/\/eautomobiliai.lt\/index.php\/2026\/04\/28\/gm-vis-dar-yra-2-ev-pardavejas-jav-bet-kiek-laiko\/#primaryimage\"},\"thumbnailUrl\":\"http:\/\/eautomobiliai.lt\/wp-content\/uploads\/2026\/04\/GM-vis-dar-yra-2-EV-pardavejas-JAV-bet.jpeg\",\"datePublished\":\"2026-04-28T17:05:12+00:00\",\"author\":{\"@id\":\"http:\/\/eautomobiliai.lt\/#\/schema\/person\/ecf2a967f361217d056061f74deb92f2\"},\"breadcrumb\":{\"@id\":\"http:\/\/eautomobiliai.lt\/index.php\/2026\/04\/28\/gm-vis-dar-yra-2-ev-pardavejas-jav-bet-kiek-laiko\/#breadcrumb\"},\"inLanguage\":\"lt-LT\",\"potentialAction\":[{\"@type\":\"ReadAction\",\"target\":[\"http:\/\/eautomobiliai.lt\/index.php\/2026\/04\/28\/gm-vis-dar-yra-2-ev-pardavejas-jav-bet-kiek-laiko\/\"]}]},{\"@type\":\"ImageObject\",\"inLanguage\":\"lt-LT\",\"@id\":\"http:\/\/eautomobiliai.lt\/index.php\/2026\/04\/28\/gm-vis-dar-yra-2-ev-pardavejas-jav-bet-kiek-laiko\/#primaryimage\",\"url\":\"http:\/\/eautomobiliai.lt\/wp-content\/uploads\/2026\/04\/GM-vis-dar-yra-2-EV-pardavejas-JAV-bet.jpeg\",\"contentUrl\":\"http:\/\/eautomobiliai.lt\/wp-content\/uploads\/2026\/04\/GM-vis-dar-yra-2-EV-pardavejas-JAV-bet.jpeg\",\"width\":1200,\"height\":628},{\"@type\":\"BreadcrumbList\",\"@id\":\"http:\/\/eautomobiliai.lt\/index.php\/2026\/04\/28\/gm-vis-dar-yra-2-ev-pardavejas-jav-bet-kiek-laiko\/#breadcrumb\",\"itemListElement\":[{\"@type\":\"ListItem\",\"position\":1,\"name\":\"Home\",\"item\":\"http:\/\/eautomobiliai.lt\/\"},{\"@type\":\"ListItem\",\"position\":2,\"name\":\"GM vis dar yra # 2 EV pardav\u0117jas JAV, bet kiek laiko?\"}]},{\"@type\":\"WebSite\",\"@id\":\"http:\/\/eautomobiliai.lt\/#website\",\"url\":\"http:\/\/eautomobiliai.lt\/\",\"name\":\"Eautomobiliai.lt\",\"description\":\"Elektrinis transportas, technologijos\",\"potentialAction\":[{\"@type\":\"SearchAction\",\"target\":{\"@type\":\"EntryPoint\",\"urlTemplate\":\"http:\/\/eautomobiliai.lt\/?s={search_term_string}\"},\"query-input\":{\"@type\":\"PropertyValueSpecification\",\"valueRequired\":true,\"valueName\":\"search_term_string\"}}],\"inLanguage\":\"lt-LT\"},{\"@type\":\"Person\",\"@id\":\"http:\/\/eautomobiliai.lt\/#\/schema\/person\/ecf2a967f361217d056061f74deb92f2\",\"name\":\"admin\",\"image\":{\"@type\":\"ImageObject\",\"inLanguage\":\"lt-LT\",\"@id\":\"http:\/\/eautomobiliai.lt\/#\/schema\/person\/image\/\",\"url\":\"https:\/\/secure.gravatar.com\/avatar\/6323379efae0c70c686c7905444d6bbd?s=96&d=mm&r=g\",\"contentUrl\":\"https:\/\/secure.gravatar.com\/avatar\/6323379efae0c70c686c7905444d6bbd?s=96&d=mm&r=g\",\"caption\":\"admin\"},\"sameAs\":[\"http:\/\/eautomobiliai.lt\"],\"url\":\"http:\/\/eautomobiliai.lt\/index.php\/author\/admin\/\"}]}<\/script>\n<!-- \/ Yoast SEO plugin. -->","yoast_head_json":{"title":"GM vis dar yra # 2 EV pardav\u0117jas JAV, bet kiek laiko? - Eautomobiliai.lt","robots":{"index":"index","follow":"follow","max-snippet":"max-snippet:-1","max-image-preview":"max-image-preview:large","max-video-preview":"max-video-preview:-1"},"canonical":"http:\/\/eautomobiliai.lt\/index.php\/2026\/04\/28\/gm-vis-dar-yra-2-ev-pardavejas-jav-bet-kiek-laiko\/","og_locale":"lt_LT","og_type":"article","og_title":"GM vis dar yra # 2 EV pardav\u0117jas JAV, bet kiek laiko? - Eautomobiliai.lt","og_description":"GM pranoko pirmojo ketvir\u010dio pelno l\u016bkes\u010dius po to, kai laim\u0117jo JAV Auk\u0161\u010diausiojo Teismo sprendim\u0105 gr\u0105\u017einti apie 500 mln. USD i\u0161&hellip;","og_url":"http:\/\/eautomobiliai.lt\/index.php\/2026\/04\/28\/gm-vis-dar-yra-2-ev-pardavejas-jav-bet-kiek-laiko\/","og_site_name":"Eautomobiliai.lt","article_published_time":"2026-04-28T17:05:12+00:00","og_image":[{"url":"https:\/\/electrek.co\/wp-content\/uploads\/sites\/3\/2025\/11\/Chevy-new-Bolt-EV.jpeg?quality=82&amp;strip=all&amp;w=1400","type":"","width":"","height":""}],"author":"admin","twitter_card":"summary_large_image","twitter_misc":{"Written by":"admin","Est. reading time":"2 minut\u0117s"},"schema":{"@context":"https:\/\/schema.org","@graph":[{"@type":"Article","@id":"http:\/\/eautomobiliai.lt\/index.php\/2026\/04\/28\/gm-vis-dar-yra-2-ev-pardavejas-jav-bet-kiek-laiko\/#article","isPartOf":{"@id":"http:\/\/eautomobiliai.lt\/index.php\/2026\/04\/28\/gm-vis-dar-yra-2-ev-pardavejas-jav-bet-kiek-laiko\/"},"author":{"name":"admin","@id":"http:\/\/eautomobiliai.lt\/#\/schema\/person\/ecf2a967f361217d056061f74deb92f2"},"headline":"GM vis dar yra # 2 EV pardav\u0117jas JAV, bet kiek laiko?","datePublished":"2026-04-28T17:05:12+00:00","mainEntityOfPage":{"@id":"http:\/\/eautomobiliai.lt\/index.php\/2026\/04\/28\/gm-vis-dar-yra-2-ev-pardavejas-jav-bet-kiek-laiko\/"},"wordCount":449,"commentCount":0,"image":{"@id":"http:\/\/eautomobiliai.lt\/index.php\/2026\/04\/28\/gm-vis-dar-yra-2-ev-pardavejas-jav-bet-kiek-laiko\/#primaryimage"},"thumbnailUrl":"http:\/\/eautomobiliai.lt\/wp-content\/uploads\/2026\/04\/GM-vis-dar-yra-2-EV-pardavejas-JAV-bet.jpeg","keywords":["bet","dar","JAV","kiek","laiko","pardav\u0117jas","vis","yra"],"articleSection":["ELEKTRINIAI AUTOMOBILIAI"],"inLanguage":"lt-LT","potentialAction":[{"@type":"CommentAction","name":"Comment","target":["http:\/\/eautomobiliai.lt\/index.php\/2026\/04\/28\/gm-vis-dar-yra-2-ev-pardavejas-jav-bet-kiek-laiko\/#respond"]}]},{"@type":"WebPage","@id":"http:\/\/eautomobiliai.lt\/index.php\/2026\/04\/28\/gm-vis-dar-yra-2-ev-pardavejas-jav-bet-kiek-laiko\/","url":"http:\/\/eautomobiliai.lt\/index.php\/2026\/04\/28\/gm-vis-dar-yra-2-ev-pardavejas-jav-bet-kiek-laiko\/","name":"GM vis dar yra # 2 EV pardav\u0117jas JAV, bet kiek laiko? - Eautomobiliai.lt","isPartOf":{"@id":"http:\/\/eautomobiliai.lt\/#website"},"primaryImageOfPage":{"@id":"http:\/\/eautomobiliai.lt\/index.php\/2026\/04\/28\/gm-vis-dar-yra-2-ev-pardavejas-jav-bet-kiek-laiko\/#primaryimage"},"image":{"@id":"http:\/\/eautomobiliai.lt\/index.php\/2026\/04\/28\/gm-vis-dar-yra-2-ev-pardavejas-jav-bet-kiek-laiko\/#primaryimage"},"thumbnailUrl":"http:\/\/eautomobiliai.lt\/wp-content\/uploads\/2026\/04\/GM-vis-dar-yra-2-EV-pardavejas-JAV-bet.jpeg","datePublished":"2026-04-28T17:05:12+00:00","author":{"@id":"http:\/\/eautomobiliai.lt\/#\/schema\/person\/ecf2a967f361217d056061f74deb92f2"},"breadcrumb":{"@id":"http:\/\/eautomobiliai.lt\/index.php\/2026\/04\/28\/gm-vis-dar-yra-2-ev-pardavejas-jav-bet-kiek-laiko\/#breadcrumb"},"inLanguage":"lt-LT","potentialAction":[{"@type":"ReadAction","target":["http:\/\/eautomobiliai.lt\/index.php\/2026\/04\/28\/gm-vis-dar-yra-2-ev-pardavejas-jav-bet-kiek-laiko\/"]}]},{"@type":"ImageObject","inLanguage":"lt-LT","@id":"http:\/\/eautomobiliai.lt\/index.php\/2026\/04\/28\/gm-vis-dar-yra-2-ev-pardavejas-jav-bet-kiek-laiko\/#primaryimage","url":"http:\/\/eautomobiliai.lt\/wp-content\/uploads\/2026\/04\/GM-vis-dar-yra-2-EV-pardavejas-JAV-bet.jpeg","contentUrl":"http:\/\/eautomobiliai.lt\/wp-content\/uploads\/2026\/04\/GM-vis-dar-yra-2-EV-pardavejas-JAV-bet.jpeg","width":1200,"height":628},{"@type":"BreadcrumbList","@id":"http:\/\/eautomobiliai.lt\/index.php\/2026\/04\/28\/gm-vis-dar-yra-2-ev-pardavejas-jav-bet-kiek-laiko\/#breadcrumb","itemListElement":[{"@type":"ListItem","position":1,"name":"Home","item":"http:\/\/eautomobiliai.lt\/"},{"@type":"ListItem","position":2,"name":"GM vis dar yra # 2 EV pardav\u0117jas JAV, bet kiek laiko?"}]},{"@type":"WebSite","@id":"http:\/\/eautomobiliai.lt\/#website","url":"http:\/\/eautomobiliai.lt\/","name":"Eautomobiliai.lt","description":"Elektrinis transportas, technologijos","potentialAction":[{"@type":"SearchAction","target":{"@type":"EntryPoint","urlTemplate":"http:\/\/eautomobiliai.lt\/?s={search_term_string}"},"query-input":{"@type":"PropertyValueSpecification","valueRequired":true,"valueName":"search_term_string"}}],"inLanguage":"lt-LT"},{"@type":"Person","@id":"http:\/\/eautomobiliai.lt\/#\/schema\/person\/ecf2a967f361217d056061f74deb92f2","name":"admin","image":{"@type":"ImageObject","inLanguage":"lt-LT","@id":"http:\/\/eautomobiliai.lt\/#\/schema\/person\/image\/","url":"https:\/\/secure.gravatar.com\/avatar\/6323379efae0c70c686c7905444d6bbd?s=96&d=mm&r=g","contentUrl":"https:\/\/secure.gravatar.com\/avatar\/6323379efae0c70c686c7905444d6bbd?s=96&d=mm&r=g","caption":"admin"},"sameAs":["http:\/\/eautomobiliai.lt"],"url":"http:\/\/eautomobiliai.lt\/index.php\/author\/admin\/"}]}},"_links":{"self":[{"href":"http:\/\/eautomobiliai.lt\/index.php\/wp-json\/wp\/v2\/posts\/4152","targetHints":{"allow":["GET"]}}],"collection":[{"href":"http:\/\/eautomobiliai.lt\/index.php\/wp-json\/wp\/v2\/posts"}],"about":[{"href":"http:\/\/eautomobiliai.lt\/index.php\/wp-json\/wp\/v2\/types\/post"}],"author":[{"embeddable":true,"href":"http:\/\/eautomobiliai.lt\/index.php\/wp-json\/wp\/v2\/users\/1"}],"replies":[{"embeddable":true,"href":"http:\/\/eautomobiliai.lt\/index.php\/wp-json\/wp\/v2\/comments?post=4152"}],"version-history":[{"count":0,"href":"http:\/\/eautomobiliai.lt\/index.php\/wp-json\/wp\/v2\/posts\/4152\/revisions"}],"wp:featuredmedia":[{"embeddable":true,"href":"http:\/\/eautomobiliai.lt\/index.php\/wp-json\/wp\/v2\/media\/4153"}],"wp:attachment":[{"href":"http:\/\/eautomobiliai.lt\/index.php\/wp-json\/wp\/v2\/media?parent=4152"}],"wp:term":[{"taxonomy":"category","embeddable":true,"href":"http:\/\/eautomobiliai.lt\/index.php\/wp-json\/wp\/v2\/categories?post=4152"},{"taxonomy":"post_tag","embeddable":true,"href":"http:\/\/eautomobiliai.lt\/index.php\/wp-json\/wp\/v2\/tags?post=4152"}],"curies":[{"name":"wp","href":"https:\/\/api.w.org\/{rel}","templated":true}]}}