{"id":4160,"date":"2026-04-29T21:17:49","date_gmt":"2026-04-29T21:17:49","guid":{"rendered":"http:\/\/eautomobiliai.lt\/index.php\/2026\/04\/29\/australijoje-prasideda-yl-modelio-pristatymas-pirmoji-tesla-su-transporto-priemone-pakrauti\/"},"modified":"2026-04-29T21:17:49","modified_gmt":"2026-04-29T21:17:49","slug":"australijoje-prasideda-yl-modelio-pristatymas-pirmoji-tesla-su-transporto-priemone-pakrauti","status":"publish","type":"post","link":"http:\/\/eautomobiliai.lt\/index.php\/2026\/04\/29\/australijoje-prasideda-yl-modelio-pristatymas-pirmoji-tesla-su-transporto-priemone-pakrauti\/","title":{"rendered":"Australijoje prasideda YL modelio pristatymas \u2013 pirmoji Tesla su transporto priemone pakrauti"},"content":{"rendered":"<p> <br \/>\n<\/p>\n<div id=\"\">\n<p>Pirmieji Tesla naujojo \u0161e\u0161iavie\u010dio modelio YL pristatymai prasid\u0117jo, pra\u0117jus vos m\u0117nesiui po to, kai nauj\u0105j\u012f variant\u0105 buvo galima u\u017esisakyti Tesla Australijos konfig\u016bruotoje.<\/p>\n<p>Modelis YL turi beveik 14 procent\u0173 didesn\u012f atstum\u0105 nei bet kuris kitas Y modelio variantas ir daugiau vietos \u0161eimai ilgesniame trij\u0173 eili\u0173 SUV s\u0105rankoje, be to, iki \u0161iol tai yra ilgiausio nuotolio modelis i\u0161 bet kurio Tesla EV.<\/p>\n<p>Thanh L, vienas i\u0161 pirm\u0173j\u0173 nauj\u0173 savinink\u0173, pasidalijo nuotrauka, kurioje Kvinslande paimamas baltas modelis YL. Juo pasidalijo konkretaus modelio grup\u0117je \u201eFacebook\u201c, o Rolandas L i\u0161 \u201eZapped Au YouTube\u201c kanalo X.<\/p>\n<p>Naujasis naujojo automobilio savininkas d\u017eiaug\u0117si pasi\u0117m\u0119s automobil\u012f ir pasak\u0117: \u201eLabai did\u017eiuojuosi, kad esu pirmasis Kvinslande, pri\u0117m\u0119s 2026 m. \u201eTesla Model Y L\u201c.<\/p>\n<p>Atsi\u017evelgiant \u012f modelio laukimo laik\u0105, galime tik\u0117tis gana didel\u0117s paklausos, nes did\u0117jant degal\u0173 kainoms vis daugiau \u017emoni\u0173 pereis prie elektromobili\u0173.<\/p>\n<p>Kaip min\u0117ta pirmiau, modelis YL prasideda kaip i\u0161leistas pra\u0117jusiais metais, o naujojo Australijos geriausiai parduodamo elektromobilio varianto kaina prasideda nuo 74 900 USD prie\u0161 va\u017eiuojant keliu.<\/p>\n<p>Tai buvo gerokai ma\u017eiau, nei daugelis tik\u0117josi, tod\u0117l tai buvo pigiausias trij\u0173 eili\u0173 elektrinis visureigis, kuriame yra daugiau nei 5 s\u0117dimos vietos.<\/p>\n<p>Tai taip pat pirmasis \u201eTesla EV\u201c Australijoje, turintis 3,3 kW i\u0161krovos technologij\u0105 \u201eVehicle-to-Load\u201c (V2L), o kartu su dideliu nikelio-mangano-kobalto (NMC) akumuliatoriumi, galin\u010diu nuva\u017eiuoti iki 681 km atstum\u0105 ant 19 coli\u0173 rat\u0173.<\/p>\n<p>Tai yra daugiau nei 13 % didesnis diapazonas nei dabartinis Australijoje parduodamas dviej\u0173 varikli\u0173 ilgo nuotolio modelis, tod\u0117l tai yra iki \u0161iol ilgiausias Y modelis.<\/p>\n<p>Po juo sumontuota vis\u0173 varan\u010di\u0173j\u0173 rat\u0173 sistema, kurios galia siekia 378 kW ir sukimo moment\u0105 590 Nm.<\/p>\n<p>Tai padeda automobiliui \u012fsib\u0117g\u0117ti nuo 0 iki 100 km\/h per 5 sekundes ir pasiekti maksimal\u0173 201 km\/h greit\u012f.<\/p>\n<p>\u0160iame modelyje taip pat yra auk\u0161\u010diausios kokyb\u0117s Tesla garso sistema su 18 garsiakalbi\u0173 ir \u017eem\u0173j\u0173 da\u017eni\u0173 garsiakalbiu, daugiau nei bet kuriame kitame Y modelio variante, kuriame yra 15 garsiakalbi\u0173 ilgo nuotolio ir na\u0161umo variantuose.<\/p>\n<p>Vietoje automobilis bus si\u016blomas penki\u0173 da\u017e\u0173 spalv\u0173 variantais.<\/p>\n<p>Pra\u0117jusi\u0173 met\u0173 rugpj\u016bt\u012f \u201eTesla\u201c Kinijoje pristat\u0117 nauj\u0105 \u0161e\u0161i\u0173 viet\u0173 model\u012f YL, sulaukusi did\u017eiulio susidom\u0117jimo i\u0161 vietini\u0173 pirk\u0117j\u0173, ie\u0161kan\u010di\u0173 erdvaus 6 viet\u0173 \u0161eimos elektrinio \u0161io prek\u0117s \u017eenklo visureigio.<\/p>\n<p>Viduje vairuotojai turi reguliuojamas priekini\u0173 s\u0117dyni\u0173 galvos atramas, kurios suteikia didesn\u012f komfort\u0105 vairuotojui ir priekiniam keleiviui.<\/p>\n<p>Antroje eil\u0117je yra dvi \u201ekapitono k\u0117d\u0117s\u201c su i\u0161traukiamais porankiais, kurie suteikia daugiau erdv\u0117s nei standartiniame Y modelyje.<\/p>\n<p>\u0160iuos porankius galima valdyti galin\u0117s s\u0117dyn\u0117s ekranu arba mygtuku s\u0117dyn\u0117s pagalv\u0117l\u0117s \u0161one ir jie yra unikal\u016bs Y L modeliui.<\/p>\n<p>Gale taip pat yra tre\u010dia eil\u0117 su dviem s\u0117dyn\u0117mis ir puodeli\u0173 laikikliais abiejose pus\u0117se, suteikiant pakankamai vietos tre\u010dios eil\u0117s keleiviams.<\/p>\n<p>Modelio YL antros ir tre\u010dios eili\u0173 s\u0117dynes taip pat galima nulenkti naudojant mygtukus baga\u017ein\u0117je, tod\u0117l baga\u017ein\u0117je yra daugiau nei 2530 litr\u0173 erdv\u0117s, o tai yra gana didel\u0117 vidutinio dyd\u017eio visureigi\u0173 segmente.<\/p>\n<p>Taip yra ir d\u0117l pailgintos automobilio rat\u0173 baz\u0117s, kuri yra 177 mm ilgesn\u0117 nei standartinio modelio Y, tod\u0117l automobilio ilgis siekia beveik 5 metrus.<\/p>\n<p>Kelyje YL modelis komplektuojamas su nuolat kintamais amortizatoriais, esan\u010diais \u201eModel 3\u201c ir \u201eModel Y Performance\u201c variantuose.<\/p>\n<p>Anks\u010diau \u0161\u012f m\u0117nes\u012f vairav\u0119s \u0161\u012f automobil\u012f Melburne, labai lengva pamatyti, kokius atnaujinimus \u201eTesla\u201c \u012ftrauk\u0117 \u012f savo naujausi\u0105 model\u012f.<\/p>\n<p>Netgi efektyvumo po\u017ei\u016briu jis buvo vidutini\u0161kai 13,9 kWh\/100 km greitkelio bandymuose aplink Melburn\u0105.<\/p>\n<p>Tai iki \u0161iol mano m\u0117gstamiausias trij\u0173 eili\u0173 elektrinis visureigis, kur\u012f \u0161iandien galima \u012fsigyti rinkoje, o dabar \u0161imtai klient\u0173 artimiausiomis savait\u0117mis ketina j\u012f pasiimti.<\/p>\n<p>Jei u\u017esisak\u0117te ir i\u0161band\u0117te Tesla Model YL, laukiame j\u016bs\u0173 nuomon\u0117s.<\/p>\n<p><i>Prisiregistruokite gauti nemokam\u0105 \u201eThe Driven\u201c kasdien\u012f naujienlai\u0161k\u012f spustel\u0117j\u0119 mygtuk\u0105, esant\u012f apatiniame de\u0161iniajame svetain\u0117s pagrindinio puslapio kampe adresu <\/i><i>www.thedriven.io<\/i><i\/><\/p>\n<p><i>Per\u017ei\u016br\u0117kite i\u0161samius \u201eThe Driven\u201c EV pardavimo duomenis \u010dia: <\/i><i>Australijos elektromobili\u0173 pardavimas pagal m\u0117nes\u012f 2026 m.; pagal model\u012f ir prek\u0117s \u017eenkl\u0105<\/i><i>.<\/i><\/p>\n<div class=\"saboxplugin-wrap\" itemtype=\"http:\/\/schema.org\/Person\" itemscope=\"\" itemprop=\"author\">\n<div class=\"saboxplugin-tab\">\n<div class=\"saboxplugin-gravatar\"><img loading=\"lazy\" decoding=\"async\" src=\"https:\/\/thedriven.io\/wp-content\/uploads\/2022\/02\/Riz.jpg\" width=\"100\" height=\"100\" alt=\"Rizas Akhtaras\" itemprop=\"image\"\/><\/div>\n<div class=\"saboxplugin-desc\">\n<div itemprop=\"description\">\n<p>Rizas yra Melburne \u012fsik\u016brusios \u012fmon\u0117s \u201ecarloop\u201c \u012fk\u016br\u0117jas, kurio specializacija yra Australijos EV duomenys, \u012f\u017evalgos ataskaitos ir tendencijos. Jis yra mechanikos in\u017einierius, kuris pirmuosius 7 savo karjeros metus praleido kurdamas transporto infrastrukt\u016br\u0105 prie\u0161 prad\u0117damas \u201ecarloop\u201c. Jis domisi automobiliams, ypa\u010d elektromobiliams, ir nori pad\u0117ti suma\u017einti transporto i\u0161metam\u0173 ter\u0161al\u0173 kiek\u012f Australijoje. \u0160iuo metu jis vairuoja raudon\u0105 \u201eTesla Model 3\u201c.<\/p>\n<\/div>\n<\/div>\n<\/div>\n<\/div>\n<p><!-- AI CONTENT END 1 --><\/p><\/div>\n<p><br \/>\n<br \/><a href=\"https:\/\/thedriven.io\/2026\/04\/30\/model-y-l-deliveries-begin-in-australia-the-first-tesla-with-vehicle-to-load\/\">Source link <\/a><\/p>\n","protected":false},"excerpt":{"rendered":"<p>Pirmieji Tesla naujojo \u0161e\u0161iavie\u010dio modelio YL pristatymai prasid\u0117jo, pra\u0117jus vos m\u0117nesiui po to, kai nauj\u0105j\u012f variant\u0105 buvo galima u\u017esisakyti Tesla&hellip;<\/p>\n","protected":false},"author":1,"featured_media":4161,"comment_status":"open","ping_status":"open","sticky":false,"template":"","format":"standard","meta":{"om_disable_all_campaigns":false,"_monsterinsights_skip_tracking":false,"_monsterinsights_sitenote_active":false,"_monsterinsights_sitenote_note":"","_monsterinsights_sitenote_category":0,"footnotes":""},"categories":[39],"tags":[115,874,6117,1555,1113,2952,1717,14,46],"class_list":["post-4160","post","type-post","status-publish","format-standard","has-post-thumbnail","hentry","category-eautomobiliu-technine-puse","tag-australijoje","tag-modelio","tag-pakrauti","tag-pirmoji","tag-prasideda","tag-priemone","tag-pristatymas","tag-tesla","tag-transporto"],"aioseo_notices":[],"yoast_head":"<!-- This site is optimized with the Yoast SEO plugin v26.8 - https:\/\/yoast.com\/product\/yoast-seo-wordpress\/ -->\n<title>Australijoje prasideda YL modelio pristatymas \u2013 pirmoji Tesla su transporto priemone pakrauti - Eautomobiliai.lt<\/title>\n<meta name=\"robots\" content=\"index, follow, max-snippet:-1, max-image-preview:large, max-video-preview:-1\" \/>\n<link rel=\"canonical\" href=\"http:\/\/eautomobiliai.lt\/index.php\/2026\/04\/29\/australijoje-prasideda-yl-modelio-pristatymas-pirmoji-tesla-su-transporto-priemone-pakrauti\/\" \/>\n<meta property=\"og:locale\" content=\"lt_LT\" \/>\n<meta property=\"og:type\" content=\"article\" \/>\n<meta property=\"og:title\" content=\"Australijoje prasideda YL modelio pristatymas \u2013 pirmoji Tesla su transporto priemone pakrauti - Eautomobiliai.lt\" \/>\n<meta property=\"og:description\" content=\"Pirmieji Tesla naujojo \u0161e\u0161iavie\u010dio modelio YL pristatymai prasid\u0117jo, pra\u0117jus vos m\u0117nesiui po to, kai nauj\u0105j\u012f variant\u0105 buvo galima u\u017esisakyti Tesla&hellip;\" \/>\n<meta property=\"og:url\" content=\"http:\/\/eautomobiliai.lt\/index.php\/2026\/04\/29\/australijoje-prasideda-yl-modelio-pristatymas-pirmoji-tesla-su-transporto-priemone-pakrauti\/\" \/>\n<meta property=\"og:site_name\" content=\"Eautomobiliai.lt\" \/>\n<meta property=\"article:published_time\" content=\"2026-04-29T21:17:49+00:00\" \/>\n<meta property=\"og:image\" content=\"https:\/\/b2232832.smushcdn.com\/2232832\/wp-content\/uploads\/2022\/02\/Riz.jpg?lossy=1&amp;strip=0&amp;webp=1\" \/>\n<meta name=\"author\" content=\"admin\" \/>\n<meta name=\"twitter:card\" content=\"summary_large_image\" \/>\n<meta name=\"twitter:label1\" content=\"Written by\" \/>\n\t<meta name=\"twitter:data1\" content=\"admin\" \/>\n\t<meta name=\"twitter:label2\" content=\"Est. reading time\" \/>\n\t<meta name=\"twitter:data2\" content=\"4 minut\u0117s\" \/>\n<script type=\"application\/ld+json\" class=\"yoast-schema-graph\">{\"@context\":\"https:\/\/schema.org\",\"@graph\":[{\"@type\":\"Article\",\"@id\":\"http:\/\/eautomobiliai.lt\/index.php\/2026\/04\/29\/australijoje-prasideda-yl-modelio-pristatymas-pirmoji-tesla-su-transporto-priemone-pakrauti\/#article\",\"isPartOf\":{\"@id\":\"http:\/\/eautomobiliai.lt\/index.php\/2026\/04\/29\/australijoje-prasideda-yl-modelio-pristatymas-pirmoji-tesla-su-transporto-priemone-pakrauti\/\"},\"author\":{\"name\":\"admin\",\"@id\":\"http:\/\/eautomobiliai.lt\/#\/schema\/person\/ecf2a967f361217d056061f74deb92f2\"},\"headline\":\"Australijoje prasideda YL modelio pristatymas \u2013 pirmoji Tesla su transporto priemone pakrauti\",\"datePublished\":\"2026-04-29T21:17:49+00:00\",\"mainEntityOfPage\":{\"@id\":\"http:\/\/eautomobiliai.lt\/index.php\/2026\/04\/29\/australijoje-prasideda-yl-modelio-pristatymas-pirmoji-tesla-su-transporto-priemone-pakrauti\/\"},\"wordCount\":751,\"commentCount\":0,\"image\":{\"@id\":\"http:\/\/eautomobiliai.lt\/index.php\/2026\/04\/29\/australijoje-prasideda-yl-modelio-pristatymas-pirmoji-tesla-su-transporto-priemone-pakrauti\/#primaryimage\"},\"thumbnailUrl\":\"http:\/\/eautomobiliai.lt\/wp-content\/uploads\/2026\/04\/Australijoje-prasideda-YL-modelio-pristatymas-\u2013-pirmoji-Tesla-su-transporto.jpg\",\"keywords\":[\"Australijoje\",\"modelio\",\"pakrauti\",\"Pirmoji\",\"prasideda\",\"priemon\u0117\",\"pristatymas\",\"Tesla\",\"transporto\"],\"articleSection\":[\"eAUTOMOBILI\u0172 TECHNIN\u0116 PUS\u0116\"],\"inLanguage\":\"lt-LT\",\"potentialAction\":[{\"@type\":\"CommentAction\",\"name\":\"Comment\",\"target\":[\"http:\/\/eautomobiliai.lt\/index.php\/2026\/04\/29\/australijoje-prasideda-yl-modelio-pristatymas-pirmoji-tesla-su-transporto-priemone-pakrauti\/#respond\"]}]},{\"@type\":\"WebPage\",\"@id\":\"http:\/\/eautomobiliai.lt\/index.php\/2026\/04\/29\/australijoje-prasideda-yl-modelio-pristatymas-pirmoji-tesla-su-transporto-priemone-pakrauti\/\",\"url\":\"http:\/\/eautomobiliai.lt\/index.php\/2026\/04\/29\/australijoje-prasideda-yl-modelio-pristatymas-pirmoji-tesla-su-transporto-priemone-pakrauti\/\",\"name\":\"Australijoje prasideda YL modelio pristatymas \u2013 pirmoji Tesla su transporto priemone pakrauti - Eautomobiliai.lt\",\"isPartOf\":{\"@id\":\"http:\/\/eautomobiliai.lt\/#website\"},\"primaryImageOfPage\":{\"@id\":\"http:\/\/eautomobiliai.lt\/index.php\/2026\/04\/29\/australijoje-prasideda-yl-modelio-pristatymas-pirmoji-tesla-su-transporto-priemone-pakrauti\/#primaryimage\"},\"image\":{\"@id\":\"http:\/\/eautomobiliai.lt\/index.php\/2026\/04\/29\/australijoje-prasideda-yl-modelio-pristatymas-pirmoji-tesla-su-transporto-priemone-pakrauti\/#primaryimage\"},\"thumbnailUrl\":\"http:\/\/eautomobiliai.lt\/wp-content\/uploads\/2026\/04\/Australijoje-prasideda-YL-modelio-pristatymas-\u2013-pirmoji-Tesla-su-transporto.jpg\",\"datePublished\":\"2026-04-29T21:17:49+00:00\",\"author\":{\"@id\":\"http:\/\/eautomobiliai.lt\/#\/schema\/person\/ecf2a967f361217d056061f74deb92f2\"},\"breadcrumb\":{\"@id\":\"http:\/\/eautomobiliai.lt\/index.php\/2026\/04\/29\/australijoje-prasideda-yl-modelio-pristatymas-pirmoji-tesla-su-transporto-priemone-pakrauti\/#breadcrumb\"},\"inLanguage\":\"lt-LT\",\"potentialAction\":[{\"@type\":\"ReadAction\",\"target\":[\"http:\/\/eautomobiliai.lt\/index.php\/2026\/04\/29\/australijoje-prasideda-yl-modelio-pristatymas-pirmoji-tesla-su-transporto-priemone-pakrauti\/\"]}]},{\"@type\":\"ImageObject\",\"inLanguage\":\"lt-LT\",\"@id\":\"http:\/\/eautomobiliai.lt\/index.php\/2026\/04\/29\/australijoje-prasideda-yl-modelio-pristatymas-pirmoji-tesla-su-transporto-priemone-pakrauti\/#primaryimage\",\"url\":\"http:\/\/eautomobiliai.lt\/wp-content\/uploads\/2026\/04\/Australijoje-prasideda-YL-modelio-pristatymas-\u2013-pirmoji-Tesla-su-transporto.jpg\",\"contentUrl\":\"http:\/\/eautomobiliai.lt\/wp-content\/uploads\/2026\/04\/Australijoje-prasideda-YL-modelio-pristatymas-\u2013-pirmoji-Tesla-su-transporto.jpg\",\"width\":1200,\"height\":744},{\"@type\":\"BreadcrumbList\",\"@id\":\"http:\/\/eautomobiliai.lt\/index.php\/2026\/04\/29\/australijoje-prasideda-yl-modelio-pristatymas-pirmoji-tesla-su-transporto-priemone-pakrauti\/#breadcrumb\",\"itemListElement\":[{\"@type\":\"ListItem\",\"position\":1,\"name\":\"Home\",\"item\":\"http:\/\/eautomobiliai.lt\/\"},{\"@type\":\"ListItem\",\"position\":2,\"name\":\"Australijoje prasideda YL modelio pristatymas \u2013 pirmoji Tesla su transporto priemone pakrauti\"}]},{\"@type\":\"WebSite\",\"@id\":\"http:\/\/eautomobiliai.lt\/#website\",\"url\":\"http:\/\/eautomobiliai.lt\/\",\"name\":\"Eautomobiliai.lt\",\"description\":\"Elektrinis transportas, technologijos\",\"potentialAction\":[{\"@type\":\"SearchAction\",\"target\":{\"@type\":\"EntryPoint\",\"urlTemplate\":\"http:\/\/eautomobiliai.lt\/?s={search_term_string}\"},\"query-input\":{\"@type\":\"PropertyValueSpecification\",\"valueRequired\":true,\"valueName\":\"search_term_string\"}}],\"inLanguage\":\"lt-LT\"},{\"@type\":\"Person\",\"@id\":\"http:\/\/eautomobiliai.lt\/#\/schema\/person\/ecf2a967f361217d056061f74deb92f2\",\"name\":\"admin\",\"image\":{\"@type\":\"ImageObject\",\"inLanguage\":\"lt-LT\",\"@id\":\"http:\/\/eautomobiliai.lt\/#\/schema\/person\/image\/\",\"url\":\"https:\/\/secure.gravatar.com\/avatar\/6323379efae0c70c686c7905444d6bbd?s=96&d=mm&r=g\",\"contentUrl\":\"https:\/\/secure.gravatar.com\/avatar\/6323379efae0c70c686c7905444d6bbd?s=96&d=mm&r=g\",\"caption\":\"admin\"},\"sameAs\":[\"http:\/\/eautomobiliai.lt\"],\"url\":\"http:\/\/eautomobiliai.lt\/index.php\/author\/admin\/\"}]}<\/script>\n<!-- \/ Yoast SEO plugin. -->","yoast_head_json":{"title":"Australijoje prasideda YL modelio pristatymas \u2013 pirmoji Tesla su transporto priemone pakrauti - Eautomobiliai.lt","robots":{"index":"index","follow":"follow","max-snippet":"max-snippet:-1","max-image-preview":"max-image-preview:large","max-video-preview":"max-video-preview:-1"},"canonical":"http:\/\/eautomobiliai.lt\/index.php\/2026\/04\/29\/australijoje-prasideda-yl-modelio-pristatymas-pirmoji-tesla-su-transporto-priemone-pakrauti\/","og_locale":"lt_LT","og_type":"article","og_title":"Australijoje prasideda YL modelio pristatymas \u2013 pirmoji Tesla su transporto priemone pakrauti - Eautomobiliai.lt","og_description":"Pirmieji Tesla naujojo \u0161e\u0161iavie\u010dio modelio YL pristatymai prasid\u0117jo, pra\u0117jus vos m\u0117nesiui po to, kai nauj\u0105j\u012f variant\u0105 buvo galima u\u017esisakyti Tesla&hellip;","og_url":"http:\/\/eautomobiliai.lt\/index.php\/2026\/04\/29\/australijoje-prasideda-yl-modelio-pristatymas-pirmoji-tesla-su-transporto-priemone-pakrauti\/","og_site_name":"Eautomobiliai.lt","article_published_time":"2026-04-29T21:17:49+00:00","og_image":[{"url":"https:\/\/b2232832.smushcdn.com\/2232832\/wp-content\/uploads\/2022\/02\/Riz.jpg?lossy=1&amp;strip=0&amp;webp=1","type":"","width":"","height":""}],"author":"admin","twitter_card":"summary_large_image","twitter_misc":{"Written by":"admin","Est. reading time":"4 minut\u0117s"},"schema":{"@context":"https:\/\/schema.org","@graph":[{"@type":"Article","@id":"http:\/\/eautomobiliai.lt\/index.php\/2026\/04\/29\/australijoje-prasideda-yl-modelio-pristatymas-pirmoji-tesla-su-transporto-priemone-pakrauti\/#article","isPartOf":{"@id":"http:\/\/eautomobiliai.lt\/index.php\/2026\/04\/29\/australijoje-prasideda-yl-modelio-pristatymas-pirmoji-tesla-su-transporto-priemone-pakrauti\/"},"author":{"name":"admin","@id":"http:\/\/eautomobiliai.lt\/#\/schema\/person\/ecf2a967f361217d056061f74deb92f2"},"headline":"Australijoje prasideda YL modelio pristatymas \u2013 pirmoji Tesla su transporto priemone pakrauti","datePublished":"2026-04-29T21:17:49+00:00","mainEntityOfPage":{"@id":"http:\/\/eautomobiliai.lt\/index.php\/2026\/04\/29\/australijoje-prasideda-yl-modelio-pristatymas-pirmoji-tesla-su-transporto-priemone-pakrauti\/"},"wordCount":751,"commentCount":0,"image":{"@id":"http:\/\/eautomobiliai.lt\/index.php\/2026\/04\/29\/australijoje-prasideda-yl-modelio-pristatymas-pirmoji-tesla-su-transporto-priemone-pakrauti\/#primaryimage"},"thumbnailUrl":"http:\/\/eautomobiliai.lt\/wp-content\/uploads\/2026\/04\/Australijoje-prasideda-YL-modelio-pristatymas-\u2013-pirmoji-Tesla-su-transporto.jpg","keywords":["Australijoje","modelio","pakrauti","Pirmoji","prasideda","priemon\u0117","pristatymas","Tesla","transporto"],"articleSection":["eAUTOMOBILI\u0172 TECHNIN\u0116 PUS\u0116"],"inLanguage":"lt-LT","potentialAction":[{"@type":"CommentAction","name":"Comment","target":["http:\/\/eautomobiliai.lt\/index.php\/2026\/04\/29\/australijoje-prasideda-yl-modelio-pristatymas-pirmoji-tesla-su-transporto-priemone-pakrauti\/#respond"]}]},{"@type":"WebPage","@id":"http:\/\/eautomobiliai.lt\/index.php\/2026\/04\/29\/australijoje-prasideda-yl-modelio-pristatymas-pirmoji-tesla-su-transporto-priemone-pakrauti\/","url":"http:\/\/eautomobiliai.lt\/index.php\/2026\/04\/29\/australijoje-prasideda-yl-modelio-pristatymas-pirmoji-tesla-su-transporto-priemone-pakrauti\/","name":"Australijoje prasideda YL modelio pristatymas \u2013 pirmoji Tesla su transporto priemone pakrauti - Eautomobiliai.lt","isPartOf":{"@id":"http:\/\/eautomobiliai.lt\/#website"},"primaryImageOfPage":{"@id":"http:\/\/eautomobiliai.lt\/index.php\/2026\/04\/29\/australijoje-prasideda-yl-modelio-pristatymas-pirmoji-tesla-su-transporto-priemone-pakrauti\/#primaryimage"},"image":{"@id":"http:\/\/eautomobiliai.lt\/index.php\/2026\/04\/29\/australijoje-prasideda-yl-modelio-pristatymas-pirmoji-tesla-su-transporto-priemone-pakrauti\/#primaryimage"},"thumbnailUrl":"http:\/\/eautomobiliai.lt\/wp-content\/uploads\/2026\/04\/Australijoje-prasideda-YL-modelio-pristatymas-\u2013-pirmoji-Tesla-su-transporto.jpg","datePublished":"2026-04-29T21:17:49+00:00","author":{"@id":"http:\/\/eautomobiliai.lt\/#\/schema\/person\/ecf2a967f361217d056061f74deb92f2"},"breadcrumb":{"@id":"http:\/\/eautomobiliai.lt\/index.php\/2026\/04\/29\/australijoje-prasideda-yl-modelio-pristatymas-pirmoji-tesla-su-transporto-priemone-pakrauti\/#breadcrumb"},"inLanguage":"lt-LT","potentialAction":[{"@type":"ReadAction","target":["http:\/\/eautomobiliai.lt\/index.php\/2026\/04\/29\/australijoje-prasideda-yl-modelio-pristatymas-pirmoji-tesla-su-transporto-priemone-pakrauti\/"]}]},{"@type":"ImageObject","inLanguage":"lt-LT","@id":"http:\/\/eautomobiliai.lt\/index.php\/2026\/04\/29\/australijoje-prasideda-yl-modelio-pristatymas-pirmoji-tesla-su-transporto-priemone-pakrauti\/#primaryimage","url":"http:\/\/eautomobiliai.lt\/wp-content\/uploads\/2026\/04\/Australijoje-prasideda-YL-modelio-pristatymas-\u2013-pirmoji-Tesla-su-transporto.jpg","contentUrl":"http:\/\/eautomobiliai.lt\/wp-content\/uploads\/2026\/04\/Australijoje-prasideda-YL-modelio-pristatymas-\u2013-pirmoji-Tesla-su-transporto.jpg","width":1200,"height":744},{"@type":"BreadcrumbList","@id":"http:\/\/eautomobiliai.lt\/index.php\/2026\/04\/29\/australijoje-prasideda-yl-modelio-pristatymas-pirmoji-tesla-su-transporto-priemone-pakrauti\/#breadcrumb","itemListElement":[{"@type":"ListItem","position":1,"name":"Home","item":"http:\/\/eautomobiliai.lt\/"},{"@type":"ListItem","position":2,"name":"Australijoje prasideda YL modelio pristatymas \u2013 pirmoji Tesla su transporto priemone pakrauti"}]},{"@type":"WebSite","@id":"http:\/\/eautomobiliai.lt\/#website","url":"http:\/\/eautomobiliai.lt\/","name":"Eautomobiliai.lt","description":"Elektrinis transportas, technologijos","potentialAction":[{"@type":"SearchAction","target":{"@type":"EntryPoint","urlTemplate":"http:\/\/eautomobiliai.lt\/?s={search_term_string}"},"query-input":{"@type":"PropertyValueSpecification","valueRequired":true,"valueName":"search_term_string"}}],"inLanguage":"lt-LT"},{"@type":"Person","@id":"http:\/\/eautomobiliai.lt\/#\/schema\/person\/ecf2a967f361217d056061f74deb92f2","name":"admin","image":{"@type":"ImageObject","inLanguage":"lt-LT","@id":"http:\/\/eautomobiliai.lt\/#\/schema\/person\/image\/","url":"https:\/\/secure.gravatar.com\/avatar\/6323379efae0c70c686c7905444d6bbd?s=96&d=mm&r=g","contentUrl":"https:\/\/secure.gravatar.com\/avatar\/6323379efae0c70c686c7905444d6bbd?s=96&d=mm&r=g","caption":"admin"},"sameAs":["http:\/\/eautomobiliai.lt"],"url":"http:\/\/eautomobiliai.lt\/index.php\/author\/admin\/"}]}},"_links":{"self":[{"href":"http:\/\/eautomobiliai.lt\/index.php\/wp-json\/wp\/v2\/posts\/4160","targetHints":{"allow":["GET"]}}],"collection":[{"href":"http:\/\/eautomobiliai.lt\/index.php\/wp-json\/wp\/v2\/posts"}],"about":[{"href":"http:\/\/eautomobiliai.lt\/index.php\/wp-json\/wp\/v2\/types\/post"}],"author":[{"embeddable":true,"href":"http:\/\/eautomobiliai.lt\/index.php\/wp-json\/wp\/v2\/users\/1"}],"replies":[{"embeddable":true,"href":"http:\/\/eautomobiliai.lt\/index.php\/wp-json\/wp\/v2\/comments?post=4160"}],"version-history":[{"count":0,"href":"http:\/\/eautomobiliai.lt\/index.php\/wp-json\/wp\/v2\/posts\/4160\/revisions"}],"wp:featuredmedia":[{"embeddable":true,"href":"http:\/\/eautomobiliai.lt\/index.php\/wp-json\/wp\/v2\/media\/4161"}],"wp:attachment":[{"href":"http:\/\/eautomobiliai.lt\/index.php\/wp-json\/wp\/v2\/media?parent=4160"}],"wp:term":[{"taxonomy":"category","embeddable":true,"href":"http:\/\/eautomobiliai.lt\/index.php\/wp-json\/wp\/v2\/categories?post=4160"},{"taxonomy":"post_tag","embeddable":true,"href":"http:\/\/eautomobiliai.lt\/index.php\/wp-json\/wp\/v2\/tags?post=4160"}],"curies":[{"name":"wp","href":"https:\/\/api.w.org\/{rel}","templated":true}]}}