{"id":4164,"date":"2026-04-30T05:18:21","date_gmt":"2026-04-30T05:18:21","guid":{"rendered":"http:\/\/eautomobiliai.lt\/index.php\/2026\/04\/30\/hyundai-pristato-ioniq-v-savo-pirmaji-elektromobili-skirta-didziulei-kinijos-rinkai\/"},"modified":"2026-04-30T05:18:21","modified_gmt":"2026-04-30T05:18:21","slug":"hyundai-pristato-ioniq-v-savo-pirmaji-elektromobili-skirta-didziulei-kinijos-rinkai","status":"publish","type":"post","link":"http:\/\/eautomobiliai.lt\/index.php\/2026\/04\/30\/hyundai-pristato-ioniq-v-savo-pirmaji-elektromobili-skirta-didziulei-kinijos-rinkai\/","title":{"rendered":"\u201eHyundai\u201c pristato \u201eIoniq V\u201c \u2013 savo pirm\u0105j\u012f elektromobil\u012f, skirt\u0105 did\u017eiulei Kinijos rinkai"},"content":{"rendered":"<p> <br \/>\n<\/p>\n<div id=\"\">\n<p>Piet\u0173 Kor\u0117jos automobili\u0173 gamintojas \u201eHyundai\u201c pristat\u0117 nauj\u0105 visi\u0161kai elektrin\u012f \u201eIoniq V\u201c \u2013 pirm\u0105j\u012f Kinijos rinkai skirt\u0105 \u201eIoniq\u201c gamybos model\u012f.<\/p>\n<p>\u201eHyundai\u201c prezidentas ir generalinis direktorius Jos\u00e9 Mu\u00f1ozas teigia, kad Kinija teb\u0117ra esmin\u0117 \u012fmonei rinka ir ketina per ateinan\u010dius penkerius metus i\u0161leisti 20 nauj\u0173 modeli\u0173, pradedant oficialiu \u201eIoniq\u201c prek\u0117s \u017eenklo pristatymu \u0161alyje ir \u201eIoniq V\u201c pristatymu.<\/p>\n<p>\u201eIoniq V\u201c, pagamintas i\u0161 \u201eHyundai\u201c koncepcinio \u201eVenus\u201c automobilio, buvo specialiai pritaikytas Kinijos rinkai, kad b\u016bt\u0173 suderinta erdv\u0117, komfortas ir vairavimo charakteristikos. Tai neatrodo kaip Ioniq 5, kur\u012f galima \u012fsigyti Australijoje.<\/p>\n<figure id=\"attachment_195905\" aria-describedby=\"caption-attachment-195905\" style=\"width: 1160px\" class=\"wp-caption aligncenter\"><figcaption id=\"caption-attachment-195905\" class=\"wp-caption-text\">Vaizdo kreditas: \u201eHyundai\u201c.<\/figcaption><\/figure>\n<p>Automobilis yra 4 900 mm ilgio ir 1 890 mm plo\u010dio ir 2 900 mm va\u017eiuokl\u0117s baz\u0117s, o tai padeda sukurti erdvi\u0105 salon\u0105, kuriame taip pat yra 27 coli\u0173 itin plonas 4K panoraminis ekranas, kur\u012f papildo \u201eHorizon\u201c ekranas.<\/p>\n<p>I\u0161or\u0117je yra tai, k\u0105 \u201eHyundai\u201c apib\u016bdina kaip \u201evieno vingio siluet\u0105\u201c su Kammback nuleidimu gale, primenan\u010diu ry\u0161kesn\u0119 \u201eTesla Model Y\u201c linij\u0105 ir \u201eToyota Prius\u201c galin\u0119 dal\u012f.<\/p>\n<p>\u201eHyundai\u201c netur\u0117jo daug technini\u0173 specifikacij\u0173, teigdamas, kad ilgojo nuotolio versija gali pasigirti daugiau nei 600 kilometr\u0173 vienu \u012fkrovimu (CLTC).<\/p>\n<p>Transporto priemon\u0117je taip pat bus didel\u0117s kalbos modelio (LLM) pagrindu sukurtas i\u0161manusis AI asistentas, palaikomas Qualcomm Snapdragon 8295 mikroschem\u0173 rinkinys, kuris, pasak Hyundai, leis greitai ir greitai valdyti pagrindines transporto priemon\u0117s funkcijas per \u201eintuityvi\u0105\u201c balso s\u0105veik\u0105.<\/p>\n<div class=\"tiled-gallery type-rectangular tiled-gallery-unresized\" data-original-width=\"1160\" data-carousel-extra=\"null\" itemscope=\"\" itemtype=\"http:\/\/schema.org\/ImageGallery\">\n<div class=\"gallery-row\" style=\"width: 1160px; height: 240px;\" data-original-width=\"1160\" data-original-height=\"240\">\n<div class=\"gallery-group images-1\" style=\"width: 445px; height: 240px;\" data-original-width=\"445\" data-original-height=\"240\">\n<div class=\"tiled-gallery-item tiled-gallery-item-large\" itemprop=\"associatedMedia\" itemscope=\"\" itemtype=\"http:\/\/schema.org\/ImageObject\">  <meta itemprop=\"width\" content=\"441\"\/> <meta itemprop=\"height\" content=\"236\"\/> <img loading=\"lazy\" decoding=\"async\" data-attachment-id=\"195904\" data-orig-file=\"https:\/\/thedriven.io\/wp-content\/uploads\/2026\/04\/mk02.jpg\" data-orig-size=\"1280,684\" data-comments-opened=\"1\" data-image-meta=\"{&quot;aperture&quot;:&quot;0&quot;,&quot;credit&quot;:&quot;&quot;,&quot;camera&quot;:&quot;&quot;,&quot;caption&quot;:&quot;&quot;,&quot;created_timestamp&quot;:&quot;0&quot;,&quot;copyright&quot;:&quot;&quot;,&quot;focal_length&quot;:&quot;0&quot;,&quot;iso&quot;:&quot;0&quot;,&quot;shutter_speed&quot;:&quot;0&quot;,&quot;title&quot;:&quot;&quot;,&quot;orientation&quot;:&quot;0&quot;}\" data-image-title=\"Hyundai Ioniq V\" data-image-description=\"\" data-medium-file=\"https:\/\/thedriven.io\/wp-content\/uploads\/2026\/04\/mk02-388x207.jpg\" data-large-file=\"https:\/\/thedriven.io\/wp-content\/uploads\/2026\/04\/mk02-1160x620.jpg\" src=\"https:\/\/i0.wp.com\/thedriven.io\/wp-content\/uploads\/2026\/04\/mk02.jpg?w=441&amp;h=236&amp;ssl=1\" srcset=\"https:\/\/thedriven.io\/wp-content\/uploads\/2026\/04\/mk02.jpg 1280w, https:\/\/thedriven.io\/wp-content\/uploads\/2026\/04\/mk02-388x207.jpg 388w, https:\/\/thedriven.io\/wp-content\/uploads\/2026\/04\/mk02-1160x620.jpg 1160w, https:\/\/thedriven.io\/wp-content\/uploads\/2026\/04\/mk02-800x428.jpg 800w, https:\/\/thedriven.io\/wp-content\/uploads\/2026\/04\/mk02-120x64.jpg 120w, https:\/\/thedriven.io\/wp-content\/uploads\/2026\/04\/mk02-90x48.jpg 90w, https:\/\/thedriven.io\/wp-content\/uploads\/2026\/04\/mk02-320x171.jpg 320w, https:\/\/thedriven.io\/wp-content\/uploads\/2026\/04\/mk02-560x299.jpg 560w, https:\/\/thedriven.io\/wp-content\/uploads\/2026\/04\/mk02-150x80.jpg 150w, https:\/\/thedriven.io\/wp-content\/uploads\/2026\/04\/mk02-240x128.jpg 240w, https:\/\/thedriven.io\/wp-content\/uploads\/2026\/04\/mk02-180x96.jpg 180w, https:\/\/thedriven.io\/wp-content\/uploads\/2026\/04\/mk02-640x342.jpg 640w, https:\/\/thedriven.io\/wp-content\/uploads\/2026\/04\/mk02-1120x599.jpg 1120w, https:\/\/thedriven.io\/wp-content\/uploads\/2026\/04\/mk02-300x160.jpg 300w\" width=\"441\" height=\"236\" data-original-width=\"441\" data-original-height=\"236\" itemprop=\"http:\/\/schema.org\/image\" title=\"Hyundai Ioniq V\" alt=\"Vaizdo kreditas: Hyundai\" style=\"--smush-placeholder-width: 441px; --smush-placeholder-aspect-ratio: 441\/236;width: 441px; height: 236px;\" class=\"lazyload\" data-sizes=\"auto\"\/>  <\/p>\n<p>  Vaizdo kreditas: \u201eHyundai\u201c. <\/p>\n<\/p><\/div>\n<\/p><\/div>\n<p> <!-- close group --> <\/p>\n<div class=\"gallery-group images-1\" style=\"width: 358px; height: 240px;\" data-original-width=\"358\" data-original-height=\"240\">\n<div class=\"tiled-gallery-item tiled-gallery-item-large\" itemprop=\"associatedMedia\" itemscope=\"\" itemtype=\"http:\/\/schema.org\/ImageObject\">  <meta itemprop=\"width\" content=\"354\"\/> <meta itemprop=\"height\" content=\"236\"\/> <img loading=\"lazy\" decoding=\"async\" data-attachment-id=\"195906\" data-orig-file=\"https:\/\/thedriven.io\/wp-content\/uploads\/2026\/04\/MK10.jpg\" data-orig-size=\"1280,853\" data-comments-opened=\"1\" data-image-meta=\"{&quot;aperture&quot;:&quot;0&quot;,&quot;credit&quot;:&quot;&quot;,&quot;camera&quot;:&quot;&quot;,&quot;caption&quot;:&quot;&quot;,&quot;created_timestamp&quot;:&quot;0&quot;,&quot;copyright&quot;:&quot;&quot;,&quot;focal_length&quot;:&quot;0&quot;,&quot;iso&quot;:&quot;0&quot;,&quot;shutter_speed&quot;:&quot;0&quot;,&quot;title&quot;:&quot;&quot;,&quot;orientation&quot;:&quot;0&quot;}\" data-image-title=\"Hyundai Ioniq V\" data-image-description=\"\" data-medium-file=\"https:\/\/thedriven.io\/wp-content\/uploads\/2026\/04\/MK10-388x259.jpg\" data-large-file=\"https:\/\/thedriven.io\/wp-content\/uploads\/2026\/04\/MK10-1160x773.jpg\" src=\"https:\/\/i0.wp.com\/thedriven.io\/wp-content\/uploads\/2026\/04\/MK10.jpg?w=354&amp;h=236&amp;ssl=1\" srcset=\"https:\/\/thedriven.io\/wp-content\/uploads\/2026\/04\/MK10.jpg 1280w, https:\/\/thedriven.io\/wp-content\/uploads\/2026\/04\/MK10-388x259.jpg 388w, https:\/\/thedriven.io\/wp-content\/uploads\/2026\/04\/MK10-1160x773.jpg 1160w, https:\/\/thedriven.io\/wp-content\/uploads\/2026\/04\/MK10-800x533.jpg 800w, https:\/\/thedriven.io\/wp-content\/uploads\/2026\/04\/MK10-120x80.jpg 120w, https:\/\/thedriven.io\/wp-content\/uploads\/2026\/04\/MK10-90x60.jpg 90w, https:\/\/thedriven.io\/wp-content\/uploads\/2026\/04\/MK10-320x213.jpg 320w, https:\/\/thedriven.io\/wp-content\/uploads\/2026\/04\/MK10-560x373.jpg 560w, https:\/\/thedriven.io\/wp-content\/uploads\/2026\/04\/MK10-150x100.jpg 150w, https:\/\/thedriven.io\/wp-content\/uploads\/2026\/04\/MK10-240x160.jpg 240w, https:\/\/thedriven.io\/wp-content\/uploads\/2026\/04\/MK10-180x120.jpg 180w, https:\/\/thedriven.io\/wp-content\/uploads\/2026\/04\/MK10-640x427.jpg 640w, https:\/\/thedriven.io\/wp-content\/uploads\/2026\/04\/MK10-1120x746.jpg 1120w, https:\/\/thedriven.io\/wp-content\/uploads\/2026\/04\/MK10-300x200.jpg 300w\" width=\"354\" height=\"236\" data-original-width=\"354\" data-original-height=\"236\" itemprop=\"http:\/\/schema.org\/image\" title=\"Hyundai Ioniq V\" alt=\"Vaizdo kreditas: Hyundai\" style=\"--smush-placeholder-width: 354px; --smush-placeholder-aspect-ratio: 354\/236;width: 354px; height: 236px;\" class=\"lazyload\" data-sizes=\"auto\"\/>  <\/p>\n<p>  Vaizdo kreditas: \u201eHyundai\u201c. <\/p>\n<\/p><\/div>\n<\/p><\/div>\n<p> <!-- close group --> <\/p>\n<div class=\"gallery-group images-1\" style=\"width: 357px; height: 240px;\" data-original-width=\"357\" data-original-height=\"240\">\n<div class=\"tiled-gallery-item tiled-gallery-item-large\" itemprop=\"associatedMedia\" itemscope=\"\" itemtype=\"http:\/\/schema.org\/ImageObject\">  <meta itemprop=\"width\" content=\"353\"\/> <meta itemprop=\"height\" content=\"236\"\/> <img loading=\"lazy\" decoding=\"async\" data-attachment-id=\"195907\" data-orig-file=\"https:\/\/thedriven.io\/wp-content\/uploads\/2026\/04\/MK11.jpg\" data-orig-size=\"1280,853\" data-comments-opened=\"1\" data-image-meta=\"{&quot;aperture&quot;:&quot;0&quot;,&quot;credit&quot;:&quot;&quot;,&quot;camera&quot;:&quot;&quot;,&quot;caption&quot;:&quot;&quot;,&quot;created_timestamp&quot;:&quot;0&quot;,&quot;copyright&quot;:&quot;&quot;,&quot;focal_length&quot;:&quot;0&quot;,&quot;iso&quot;:&quot;0&quot;,&quot;shutter_speed&quot;:&quot;0&quot;,&quot;title&quot;:&quot;&quot;,&quot;orientation&quot;:&quot;0&quot;}\" data-image-title=\"Hyundai Ioniq V\" data-image-description=\"\" data-medium-file=\"https:\/\/thedriven.io\/wp-content\/uploads\/2026\/04\/MK11-388x259.jpg\" data-large-file=\"https:\/\/thedriven.io\/wp-content\/uploads\/2026\/04\/MK11-1160x773.jpg\" src=\"https:\/\/i0.wp.com\/thedriven.io\/wp-content\/uploads\/2026\/04\/MK11.jpg?w=353&amp;h=236&amp;ssl=1\" srcset=\"https:\/\/thedriven.io\/wp-content\/uploads\/2026\/04\/MK11.jpg 1280w, https:\/\/thedriven.io\/wp-content\/uploads\/2026\/04\/MK11-388x259.jpg 388w, https:\/\/thedriven.io\/wp-content\/uploads\/2026\/04\/MK11-1160x773.jpg 1160w, https:\/\/thedriven.io\/wp-content\/uploads\/2026\/04\/MK11-800x533.jpg 800w, https:\/\/thedriven.io\/wp-content\/uploads\/2026\/04\/MK11-120x80.jpg 120w, https:\/\/thedriven.io\/wp-content\/uploads\/2026\/04\/MK11-90x60.jpg 90w, https:\/\/thedriven.io\/wp-content\/uploads\/2026\/04\/MK11-320x213.jpg 320w, https:\/\/thedriven.io\/wp-content\/uploads\/2026\/04\/MK11-560x373.jpg 560w, https:\/\/thedriven.io\/wp-content\/uploads\/2026\/04\/MK11-150x100.jpg 150w, https:\/\/thedriven.io\/wp-content\/uploads\/2026\/04\/MK11-240x160.jpg 240w, https:\/\/thedriven.io\/wp-content\/uploads\/2026\/04\/MK11-180x120.jpg 180w, https:\/\/thedriven.io\/wp-content\/uploads\/2026\/04\/MK11-640x427.jpg 640w, https:\/\/thedriven.io\/wp-content\/uploads\/2026\/04\/MK11-1120x746.jpg 1120w, https:\/\/thedriven.io\/wp-content\/uploads\/2026\/04\/MK11-300x200.jpg 300w\" width=\"353\" height=\"236\" data-original-width=\"353\" data-original-height=\"236\" itemprop=\"http:\/\/schema.org\/image\" title=\"Hyundai Ioniq V\" alt=\"Vaizdo kreditas: Hyundai\" style=\"--smush-placeholder-width: 353px; --smush-placeholder-aspect-ratio: 353\/236;width: 353px; height: 236px;\" class=\"lazyload\" data-sizes=\"auto\"\/>  <\/p>\n<p>  Vaizdo kreditas: \u201eHyundai\u201c. <\/p>\n<\/p><\/div>\n<\/p><\/div>\n<p> <!-- close group --> <\/div>\n<p> <!-- close row --> <\/div>\n<p>\u201eIoniq V\u201c taip pat tur\u0117s pa\u017eangias vairuotojo pagalbos technologijas, kurias apr\u016bpins AI \u012fmon\u0117 \u201eMomenta\u201c.<\/p>\n<p>\u201eHyundai\u201c taip pat pa\u017ead\u0117jo pirm\u0105j\u012f kit\u0173 met\u0173 pusmet\u012f pristatyti papildom\u0105 visureigio model\u012f, o po to pla\u010diau pristatyti vidutinio dyd\u017eio ir didelius segmentus, \u012fskaitant ir akumuliatorines elektrines transporto priemones (BEV), ir i\u0161pl\u0117stinio nuotolio elektrines transporto priemones (EREV), o tai yra dar vienas hibrido apib\u016bdinimo b\u016bdas.<\/p>\n<div class=\"saboxplugin-wrap\" itemtype=\"http:\/\/schema.org\/Person\" itemscope=\"\" itemprop=\"author\">\n<div class=\"saboxplugin-tab\">\n<div class=\"saboxplugin-gravatar\"><img decoding=\"async\" alt=\"Joshua S. Hill\" class=\"avatar avatar-100 photo native-lazyload-js-fallback\" height=\"100\" width=\"100\" itemprop=\"image\" loading=\"lazy\" src=\"https:\/\/secure.gravatar.com\/avatar\/674502fafd2221f0fc2baf7da1435a7980e9492ea0657bfcd546273621f39689?s=100&amp;d=mm&amp;r=g\" srcset=\"https:\/\/secure.gravatar.com\/avatar\/674502fafd2221f0fc2baf7da1435a7980e9492ea0657bfcd546273621f39689?s=200&amp;d=mm&amp;r=g 2x\"\/><img decoding=\"async\" loading=\"lazy\" alt=\"Joshua S. Hill\" src=\"https:\/\/secure.gravatar.com\/avatar\/674502fafd2221f0fc2baf7da1435a7980e9492ea0657bfcd546273621f39689?s=100&amp;d=mm&amp;r=g\" srcset=\"https:\/\/secure.gravatar.com\/avatar\/674502fafd2221f0fc2baf7da1435a7980e9492ea0657bfcd546273621f39689?s=200&amp;d=mm&amp;r=g 2x\" class=\"avatar avatar-100 photo\" height=\"100\" width=\"100\" itemprop=\"image\"\/><\/div>\n<div class=\"saboxplugin-desc\">\n<div itemprop=\"description\">\n<p>Joshua S. Hill yra Melburne gyvenantis \u017eurnalistas, daugiau nei 15 met\u0173 ra\u0161antis apie klimato kait\u0105, \u0161varias technologijas ir elektrines transporto priemones. Nuo 2012 m. jis rengia ataskaitas apie elektrines transporto priemones ir \u0161varias technologijas \u201eRenew Economy\u201c ir \u201eThe Driven\u201c.<\/p>\n<\/div>\n<\/div>\n<\/div>\n<\/div>\n<p><!-- AI CONTENT END 1 --><\/p><\/div>\n<p><br \/>\n<br \/><a href=\"https:\/\/thedriven.io\/2026\/04\/29\/hyundai-unveils-ioniq-v-its-first-ev-dedicated-for-huge-china-market\/\">Source link <\/a><\/p>\n","protected":false},"excerpt":{"rendered":"<p>Piet\u0173 Kor\u0117jos automobili\u0173 gamintojas \u201eHyundai\u201c pristat\u0117 nauj\u0105 visi\u0161kai elektrin\u012f \u201eIoniq V\u201c \u2013 pirm\u0105j\u012f Kinijos rinkai skirt\u0105 \u201eIoniq\u201c gamybos model\u012f. \u201eHyundai\u201c&hellip;<\/p>\n","protected":false},"author":1,"featured_media":4165,"comment_status":"open","ping_status":"open","sticky":false,"template":"","format":"standard","meta":{"om_disable_all_campaigns":false,"_monsterinsights_skip_tracking":false,"_monsterinsights_sitenote_active":false,"_monsterinsights_sitenote_note":"","_monsterinsights_sitenote_category":0,"footnotes":""},"categories":[39],"tags":[6119,231,605,598,94,357,1276,796,183,2264],"class_list":["post-4164","post","type-post","status-publish","format-standard","has-post-thumbnail","hentry","category-eautomobiliu-technine-puse","tag-didziulei","tag-elektromobili","tag-hyundai","tag-ioniq","tag-kinijos","tag-pirmaji","tag-pristato","tag-rinkai","tag-savo","tag-skirta"],"aioseo_notices":[],"yoast_head":"<!-- This site is optimized with the Yoast SEO plugin v26.8 - https:\/\/yoast.com\/product\/yoast-seo-wordpress\/ -->\n<title>\u201eHyundai\u201c pristato \u201eIoniq V\u201c \u2013 savo pirm\u0105j\u012f elektromobil\u012f, skirt\u0105 did\u017eiulei Kinijos rinkai - Eautomobiliai.lt<\/title>\n<meta name=\"robots\" content=\"index, follow, max-snippet:-1, max-image-preview:large, max-video-preview:-1\" \/>\n<link rel=\"canonical\" href=\"http:\/\/eautomobiliai.lt\/index.php\/2026\/04\/30\/hyundai-pristato-ioniq-v-savo-pirmaji-elektromobili-skirta-didziulei-kinijos-rinkai\/\" \/>\n<meta property=\"og:locale\" content=\"lt_LT\" \/>\n<meta property=\"og:type\" content=\"article\" \/>\n<meta property=\"og:title\" content=\"\u201eHyundai\u201c pristato \u201eIoniq V\u201c \u2013 savo pirm\u0105j\u012f elektromobil\u012f, skirt\u0105 did\u017eiulei Kinijos rinkai - Eautomobiliai.lt\" \/>\n<meta property=\"og:description\" content=\"Piet\u0173 Kor\u0117jos automobili\u0173 gamintojas \u201eHyundai\u201c pristat\u0117 nauj\u0105 visi\u0161kai elektrin\u012f \u201eIoniq V\u201c \u2013 pirm\u0105j\u012f Kinijos rinkai skirt\u0105 \u201eIoniq\u201c gamybos model\u012f. \u201eHyundai\u201c&hellip;\" \/>\n<meta property=\"og:url\" content=\"http:\/\/eautomobiliai.lt\/index.php\/2026\/04\/30\/hyundai-pristato-ioniq-v-savo-pirmaji-elektromobili-skirta-didziulei-kinijos-rinkai\/\" \/>\n<meta property=\"og:site_name\" content=\"Eautomobiliai.lt\" \/>\n<meta property=\"article:published_time\" content=\"2026-04-30T05:18:21+00:00\" \/>\n<meta name=\"author\" content=\"admin\" \/>\n<meta name=\"twitter:card\" content=\"summary_large_image\" \/>\n<meta name=\"twitter:label1\" content=\"Written by\" \/>\n\t<meta name=\"twitter:data1\" content=\"admin\" \/>\n\t<meta name=\"twitter:label2\" content=\"Est. reading time\" \/>\n\t<meta name=\"twitter:data2\" content=\"2 minut\u0117s\" \/>\n<script type=\"application\/ld+json\" class=\"yoast-schema-graph\">{\"@context\":\"https:\/\/schema.org\",\"@graph\":[{\"@type\":\"Article\",\"@id\":\"http:\/\/eautomobiliai.lt\/index.php\/2026\/04\/30\/hyundai-pristato-ioniq-v-savo-pirmaji-elektromobili-skirta-didziulei-kinijos-rinkai\/#article\",\"isPartOf\":{\"@id\":\"http:\/\/eautomobiliai.lt\/index.php\/2026\/04\/30\/hyundai-pristato-ioniq-v-savo-pirmaji-elektromobili-skirta-didziulei-kinijos-rinkai\/\"},\"author\":{\"name\":\"admin\",\"@id\":\"http:\/\/eautomobiliai.lt\/#\/schema\/person\/ecf2a967f361217d056061f74deb92f2\"},\"headline\":\"\u201eHyundai\u201c pristato \u201eIoniq V\u201c \u2013 savo pirm\u0105j\u012f elektromobil\u012f, skirt\u0105 did\u017eiulei Kinijos rinkai\",\"datePublished\":\"2026-04-30T05:18:21+00:00\",\"mainEntityOfPage\":{\"@id\":\"http:\/\/eautomobiliai.lt\/index.php\/2026\/04\/30\/hyundai-pristato-ioniq-v-savo-pirmaji-elektromobili-skirta-didziulei-kinijos-rinkai\/\"},\"wordCount\":351,\"commentCount\":0,\"image\":{\"@id\":\"http:\/\/eautomobiliai.lt\/index.php\/2026\/04\/30\/hyundai-pristato-ioniq-v-savo-pirmaji-elektromobili-skirta-didziulei-kinijos-rinkai\/#primaryimage\"},\"thumbnailUrl\":\"http:\/\/eautomobiliai.lt\/wp-content\/uploads\/2026\/04\/\u201eHyundai-pristato-\u201eIoniq-V-\u2013-savo-pirmaji-elektromobili-skirta-didziulei.jpg\",\"keywords\":[\"did\u017eiulei\",\"elektromobil\u012f\",\"Hyundai\",\"Ioniq\",\"Kinijos\",\"pirm\u0105j\u012f\",\"pristato\",\"rinkai\",\"savo\",\"skirta\"],\"articleSection\":[\"eAUTOMOBILI\u0172 TECHNIN\u0116 PUS\u0116\"],\"inLanguage\":\"lt-LT\",\"potentialAction\":[{\"@type\":\"CommentAction\",\"name\":\"Comment\",\"target\":[\"http:\/\/eautomobiliai.lt\/index.php\/2026\/04\/30\/hyundai-pristato-ioniq-v-savo-pirmaji-elektromobili-skirta-didziulei-kinijos-rinkai\/#respond\"]}]},{\"@type\":\"WebPage\",\"@id\":\"http:\/\/eautomobiliai.lt\/index.php\/2026\/04\/30\/hyundai-pristato-ioniq-v-savo-pirmaji-elektromobili-skirta-didziulei-kinijos-rinkai\/\",\"url\":\"http:\/\/eautomobiliai.lt\/index.php\/2026\/04\/30\/hyundai-pristato-ioniq-v-savo-pirmaji-elektromobili-skirta-didziulei-kinijos-rinkai\/\",\"name\":\"\u201eHyundai\u201c pristato \u201eIoniq V\u201c \u2013 savo pirm\u0105j\u012f elektromobil\u012f, skirt\u0105 did\u017eiulei Kinijos rinkai - Eautomobiliai.lt\",\"isPartOf\":{\"@id\":\"http:\/\/eautomobiliai.lt\/#website\"},\"primaryImageOfPage\":{\"@id\":\"http:\/\/eautomobiliai.lt\/index.php\/2026\/04\/30\/hyundai-pristato-ioniq-v-savo-pirmaji-elektromobili-skirta-didziulei-kinijos-rinkai\/#primaryimage\"},\"image\":{\"@id\":\"http:\/\/eautomobiliai.lt\/index.php\/2026\/04\/30\/hyundai-pristato-ioniq-v-savo-pirmaji-elektromobili-skirta-didziulei-kinijos-rinkai\/#primaryimage\"},\"thumbnailUrl\":\"http:\/\/eautomobiliai.lt\/wp-content\/uploads\/2026\/04\/\u201eHyundai-pristato-\u201eIoniq-V-\u2013-savo-pirmaji-elektromobili-skirta-didziulei.jpg\",\"datePublished\":\"2026-04-30T05:18:21+00:00\",\"author\":{\"@id\":\"http:\/\/eautomobiliai.lt\/#\/schema\/person\/ecf2a967f361217d056061f74deb92f2\"},\"breadcrumb\":{\"@id\":\"http:\/\/eautomobiliai.lt\/index.php\/2026\/04\/30\/hyundai-pristato-ioniq-v-savo-pirmaji-elektromobili-skirta-didziulei-kinijos-rinkai\/#breadcrumb\"},\"inLanguage\":\"lt-LT\",\"potentialAction\":[{\"@type\":\"ReadAction\",\"target\":[\"http:\/\/eautomobiliai.lt\/index.php\/2026\/04\/30\/hyundai-pristato-ioniq-v-savo-pirmaji-elektromobili-skirta-didziulei-kinijos-rinkai\/\"]}]},{\"@type\":\"ImageObject\",\"inLanguage\":\"lt-LT\",\"@id\":\"http:\/\/eautomobiliai.lt\/index.php\/2026\/04\/30\/hyundai-pristato-ioniq-v-savo-pirmaji-elektromobili-skirta-didziulei-kinijos-rinkai\/#primaryimage\",\"url\":\"http:\/\/eautomobiliai.lt\/wp-content\/uploads\/2026\/04\/\u201eHyundai-pristato-\u201eIoniq-V-\u2013-savo-pirmaji-elektromobili-skirta-didziulei.jpg\",\"contentUrl\":\"http:\/\/eautomobiliai.lt\/wp-content\/uploads\/2026\/04\/\u201eHyundai-pristato-\u201eIoniq-V-\u2013-savo-pirmaji-elektromobili-skirta-didziulei.jpg\",\"width\":1280,\"height\":853},{\"@type\":\"BreadcrumbList\",\"@id\":\"http:\/\/eautomobiliai.lt\/index.php\/2026\/04\/30\/hyundai-pristato-ioniq-v-savo-pirmaji-elektromobili-skirta-didziulei-kinijos-rinkai\/#breadcrumb\",\"itemListElement\":[{\"@type\":\"ListItem\",\"position\":1,\"name\":\"Home\",\"item\":\"http:\/\/eautomobiliai.lt\/\"},{\"@type\":\"ListItem\",\"position\":2,\"name\":\"\u201eHyundai\u201c pristato \u201eIoniq V\u201c \u2013 savo pirm\u0105j\u012f elektromobil\u012f, skirt\u0105 did\u017eiulei Kinijos rinkai\"}]},{\"@type\":\"WebSite\",\"@id\":\"http:\/\/eautomobiliai.lt\/#website\",\"url\":\"http:\/\/eautomobiliai.lt\/\",\"name\":\"Eautomobiliai.lt\",\"description\":\"Elektrinis transportas, technologijos\",\"potentialAction\":[{\"@type\":\"SearchAction\",\"target\":{\"@type\":\"EntryPoint\",\"urlTemplate\":\"http:\/\/eautomobiliai.lt\/?s={search_term_string}\"},\"query-input\":{\"@type\":\"PropertyValueSpecification\",\"valueRequired\":true,\"valueName\":\"search_term_string\"}}],\"inLanguage\":\"lt-LT\"},{\"@type\":\"Person\",\"@id\":\"http:\/\/eautomobiliai.lt\/#\/schema\/person\/ecf2a967f361217d056061f74deb92f2\",\"name\":\"admin\",\"image\":{\"@type\":\"ImageObject\",\"inLanguage\":\"lt-LT\",\"@id\":\"http:\/\/eautomobiliai.lt\/#\/schema\/person\/image\/\",\"url\":\"https:\/\/secure.gravatar.com\/avatar\/6323379efae0c70c686c7905444d6bbd?s=96&d=mm&r=g\",\"contentUrl\":\"https:\/\/secure.gravatar.com\/avatar\/6323379efae0c70c686c7905444d6bbd?s=96&d=mm&r=g\",\"caption\":\"admin\"},\"sameAs\":[\"http:\/\/eautomobiliai.lt\"],\"url\":\"http:\/\/eautomobiliai.lt\/index.php\/author\/admin\/\"}]}<\/script>\n<!-- \/ Yoast SEO plugin. -->","yoast_head_json":{"title":"\u201eHyundai\u201c pristato \u201eIoniq V\u201c \u2013 savo pirm\u0105j\u012f elektromobil\u012f, skirt\u0105 did\u017eiulei Kinijos rinkai - Eautomobiliai.lt","robots":{"index":"index","follow":"follow","max-snippet":"max-snippet:-1","max-image-preview":"max-image-preview:large","max-video-preview":"max-video-preview:-1"},"canonical":"http:\/\/eautomobiliai.lt\/index.php\/2026\/04\/30\/hyundai-pristato-ioniq-v-savo-pirmaji-elektromobili-skirta-didziulei-kinijos-rinkai\/","og_locale":"lt_LT","og_type":"article","og_title":"\u201eHyundai\u201c pristato \u201eIoniq V\u201c \u2013 savo pirm\u0105j\u012f elektromobil\u012f, skirt\u0105 did\u017eiulei Kinijos rinkai - Eautomobiliai.lt","og_description":"Piet\u0173 Kor\u0117jos automobili\u0173 gamintojas \u201eHyundai\u201c pristat\u0117 nauj\u0105 visi\u0161kai elektrin\u012f \u201eIoniq V\u201c \u2013 pirm\u0105j\u012f Kinijos rinkai skirt\u0105 \u201eIoniq\u201c gamybos model\u012f. \u201eHyundai\u201c&hellip;","og_url":"http:\/\/eautomobiliai.lt\/index.php\/2026\/04\/30\/hyundai-pristato-ioniq-v-savo-pirmaji-elektromobili-skirta-didziulei-kinijos-rinkai\/","og_site_name":"Eautomobiliai.lt","article_published_time":"2026-04-30T05:18:21+00:00","author":"admin","twitter_card":"summary_large_image","twitter_misc":{"Written by":"admin","Est. reading time":"2 minut\u0117s"},"schema":{"@context":"https:\/\/schema.org","@graph":[{"@type":"Article","@id":"http:\/\/eautomobiliai.lt\/index.php\/2026\/04\/30\/hyundai-pristato-ioniq-v-savo-pirmaji-elektromobili-skirta-didziulei-kinijos-rinkai\/#article","isPartOf":{"@id":"http:\/\/eautomobiliai.lt\/index.php\/2026\/04\/30\/hyundai-pristato-ioniq-v-savo-pirmaji-elektromobili-skirta-didziulei-kinijos-rinkai\/"},"author":{"name":"admin","@id":"http:\/\/eautomobiliai.lt\/#\/schema\/person\/ecf2a967f361217d056061f74deb92f2"},"headline":"\u201eHyundai\u201c pristato \u201eIoniq V\u201c \u2013 savo pirm\u0105j\u012f elektromobil\u012f, skirt\u0105 did\u017eiulei Kinijos rinkai","datePublished":"2026-04-30T05:18:21+00:00","mainEntityOfPage":{"@id":"http:\/\/eautomobiliai.lt\/index.php\/2026\/04\/30\/hyundai-pristato-ioniq-v-savo-pirmaji-elektromobili-skirta-didziulei-kinijos-rinkai\/"},"wordCount":351,"commentCount":0,"image":{"@id":"http:\/\/eautomobiliai.lt\/index.php\/2026\/04\/30\/hyundai-pristato-ioniq-v-savo-pirmaji-elektromobili-skirta-didziulei-kinijos-rinkai\/#primaryimage"},"thumbnailUrl":"http:\/\/eautomobiliai.lt\/wp-content\/uploads\/2026\/04\/\u201eHyundai-pristato-\u201eIoniq-V-\u2013-savo-pirmaji-elektromobili-skirta-didziulei.jpg","keywords":["did\u017eiulei","elektromobil\u012f","Hyundai","Ioniq","Kinijos","pirm\u0105j\u012f","pristato","rinkai","savo","skirta"],"articleSection":["eAUTOMOBILI\u0172 TECHNIN\u0116 PUS\u0116"],"inLanguage":"lt-LT","potentialAction":[{"@type":"CommentAction","name":"Comment","target":["http:\/\/eautomobiliai.lt\/index.php\/2026\/04\/30\/hyundai-pristato-ioniq-v-savo-pirmaji-elektromobili-skirta-didziulei-kinijos-rinkai\/#respond"]}]},{"@type":"WebPage","@id":"http:\/\/eautomobiliai.lt\/index.php\/2026\/04\/30\/hyundai-pristato-ioniq-v-savo-pirmaji-elektromobili-skirta-didziulei-kinijos-rinkai\/","url":"http:\/\/eautomobiliai.lt\/index.php\/2026\/04\/30\/hyundai-pristato-ioniq-v-savo-pirmaji-elektromobili-skirta-didziulei-kinijos-rinkai\/","name":"\u201eHyundai\u201c pristato \u201eIoniq V\u201c \u2013 savo pirm\u0105j\u012f elektromobil\u012f, skirt\u0105 did\u017eiulei Kinijos rinkai - Eautomobiliai.lt","isPartOf":{"@id":"http:\/\/eautomobiliai.lt\/#website"},"primaryImageOfPage":{"@id":"http:\/\/eautomobiliai.lt\/index.php\/2026\/04\/30\/hyundai-pristato-ioniq-v-savo-pirmaji-elektromobili-skirta-didziulei-kinijos-rinkai\/#primaryimage"},"image":{"@id":"http:\/\/eautomobiliai.lt\/index.php\/2026\/04\/30\/hyundai-pristato-ioniq-v-savo-pirmaji-elektromobili-skirta-didziulei-kinijos-rinkai\/#primaryimage"},"thumbnailUrl":"http:\/\/eautomobiliai.lt\/wp-content\/uploads\/2026\/04\/\u201eHyundai-pristato-\u201eIoniq-V-\u2013-savo-pirmaji-elektromobili-skirta-didziulei.jpg","datePublished":"2026-04-30T05:18:21+00:00","author":{"@id":"http:\/\/eautomobiliai.lt\/#\/schema\/person\/ecf2a967f361217d056061f74deb92f2"},"breadcrumb":{"@id":"http:\/\/eautomobiliai.lt\/index.php\/2026\/04\/30\/hyundai-pristato-ioniq-v-savo-pirmaji-elektromobili-skirta-didziulei-kinijos-rinkai\/#breadcrumb"},"inLanguage":"lt-LT","potentialAction":[{"@type":"ReadAction","target":["http:\/\/eautomobiliai.lt\/index.php\/2026\/04\/30\/hyundai-pristato-ioniq-v-savo-pirmaji-elektromobili-skirta-didziulei-kinijos-rinkai\/"]}]},{"@type":"ImageObject","inLanguage":"lt-LT","@id":"http:\/\/eautomobiliai.lt\/index.php\/2026\/04\/30\/hyundai-pristato-ioniq-v-savo-pirmaji-elektromobili-skirta-didziulei-kinijos-rinkai\/#primaryimage","url":"http:\/\/eautomobiliai.lt\/wp-content\/uploads\/2026\/04\/\u201eHyundai-pristato-\u201eIoniq-V-\u2013-savo-pirmaji-elektromobili-skirta-didziulei.jpg","contentUrl":"http:\/\/eautomobiliai.lt\/wp-content\/uploads\/2026\/04\/\u201eHyundai-pristato-\u201eIoniq-V-\u2013-savo-pirmaji-elektromobili-skirta-didziulei.jpg","width":1280,"height":853},{"@type":"BreadcrumbList","@id":"http:\/\/eautomobiliai.lt\/index.php\/2026\/04\/30\/hyundai-pristato-ioniq-v-savo-pirmaji-elektromobili-skirta-didziulei-kinijos-rinkai\/#breadcrumb","itemListElement":[{"@type":"ListItem","position":1,"name":"Home","item":"http:\/\/eautomobiliai.lt\/"},{"@type":"ListItem","position":2,"name":"\u201eHyundai\u201c pristato \u201eIoniq V\u201c \u2013 savo pirm\u0105j\u012f elektromobil\u012f, skirt\u0105 did\u017eiulei Kinijos rinkai"}]},{"@type":"WebSite","@id":"http:\/\/eautomobiliai.lt\/#website","url":"http:\/\/eautomobiliai.lt\/","name":"Eautomobiliai.lt","description":"Elektrinis transportas, technologijos","potentialAction":[{"@type":"SearchAction","target":{"@type":"EntryPoint","urlTemplate":"http:\/\/eautomobiliai.lt\/?s={search_term_string}"},"query-input":{"@type":"PropertyValueSpecification","valueRequired":true,"valueName":"search_term_string"}}],"inLanguage":"lt-LT"},{"@type":"Person","@id":"http:\/\/eautomobiliai.lt\/#\/schema\/person\/ecf2a967f361217d056061f74deb92f2","name":"admin","image":{"@type":"ImageObject","inLanguage":"lt-LT","@id":"http:\/\/eautomobiliai.lt\/#\/schema\/person\/image\/","url":"https:\/\/secure.gravatar.com\/avatar\/6323379efae0c70c686c7905444d6bbd?s=96&d=mm&r=g","contentUrl":"https:\/\/secure.gravatar.com\/avatar\/6323379efae0c70c686c7905444d6bbd?s=96&d=mm&r=g","caption":"admin"},"sameAs":["http:\/\/eautomobiliai.lt"],"url":"http:\/\/eautomobiliai.lt\/index.php\/author\/admin\/"}]}},"_links":{"self":[{"href":"http:\/\/eautomobiliai.lt\/index.php\/wp-json\/wp\/v2\/posts\/4164","targetHints":{"allow":["GET"]}}],"collection":[{"href":"http:\/\/eautomobiliai.lt\/index.php\/wp-json\/wp\/v2\/posts"}],"about":[{"href":"http:\/\/eautomobiliai.lt\/index.php\/wp-json\/wp\/v2\/types\/post"}],"author":[{"embeddable":true,"href":"http:\/\/eautomobiliai.lt\/index.php\/wp-json\/wp\/v2\/users\/1"}],"replies":[{"embeddable":true,"href":"http:\/\/eautomobiliai.lt\/index.php\/wp-json\/wp\/v2\/comments?post=4164"}],"version-history":[{"count":0,"href":"http:\/\/eautomobiliai.lt\/index.php\/wp-json\/wp\/v2\/posts\/4164\/revisions"}],"wp:featuredmedia":[{"embeddable":true,"href":"http:\/\/eautomobiliai.lt\/index.php\/wp-json\/wp\/v2\/media\/4165"}],"wp:attachment":[{"href":"http:\/\/eautomobiliai.lt\/index.php\/wp-json\/wp\/v2\/media?parent=4164"}],"wp:term":[{"taxonomy":"category","embeddable":true,"href":"http:\/\/eautomobiliai.lt\/index.php\/wp-json\/wp\/v2\/categories?post=4164"},{"taxonomy":"post_tag","embeddable":true,"href":"http:\/\/eautomobiliai.lt\/index.php\/wp-json\/wp\/v2\/tags?post=4164"}],"curies":[{"name":"wp","href":"https:\/\/api.w.org\/{rel}","templated":true}]}}