{"id":4168,"date":"2026-04-30T13:19:12","date_gmt":"2026-04-30T13:19:12","guid":{"rendered":"https:\/\/eautomobiliai.lt\/index.php\/2026\/04\/30\/australijos-elektromobiliu-organizacija-reikalauja-visuotinio-mokescio-transporto-priemonems-o-ne-tinginio-mokescio-elektromobiliams\/"},"modified":"2026-04-30T13:19:12","modified_gmt":"2026-04-30T13:19:12","slug":"australijos-elektromobiliu-organizacija-reikalauja-visuotinio-mokescio-transporto-priemonems-o-ne-tinginio-mokescio-elektromobiliams","status":"publish","type":"post","link":"http:\/\/eautomobiliai.lt\/index.php\/2026\/04\/30\/australijos-elektromobiliu-organizacija-reikalauja-visuotinio-mokescio-transporto-priemonems-o-ne-tinginio-mokescio-elektromobiliams\/","title":{"rendered":"Australijos elektromobili\u0173 organizacija reikalauja \u201evisuotinio mokes\u010dio\u201c transporto priemon\u0117ms, o ne \u201etinginio mokes\u010dio\u201c elektromobiliams"},"content":{"rendered":"<p> <br \/>\n<\/p>\n<div id=\"\">\n<p>Australijos elektrini\u0173 transporto priemoni\u0173 asociacija (AEVA) atmet\u0117 raginimus apmokestinti keli\u0173 naudotoj\u0173 mokest\u012f specialiai elektrin\u0117ms transporto priemon\u0117ms (EV) kaip \u201eneapgalvotus\u201c, o vietoj to ragino laikytis \u201eholistin\u0117s\u201c politikos, skirtos finansuoti \u0161alies vie\u0161\u0105j\u0105 \u012fkrovimo infrastrukt\u016br\u0105.<\/p>\n<p>Atkakli ir garsi kampanija, kuria siekiama apmokestinti keli\u0173 naudotojus elektromobiliams, jau kur\u012f laik\u0105 verda, o \u0161alininkai kaip pagrindin\u012f katalizatori\u0173 nurodo pajam\u0173 i\u0161 degal\u0173 akcizo ma\u017e\u0117jim\u0105.<\/p>\n<p>Degal\u0173 akcizas Australijoje yra fiksuotas 52,6 cento pardavimo mokestis, kur\u012f federalin\u0117 vyriausyb\u0117 renka u\u017e kiekvien\u0105 degal\u0173 litr\u0105, \u012fsigyt\u0105 bokse, o pajamos naudojamos \u0161alies transporto infrastrukt\u016brai finansuoti. Pus\u0117 jo buvo sustabdyta trims m\u0117nesiams d\u0117l pasaulin\u0117s degal\u0173 kriz\u0117s.<\/p>\n<p>Did\u0117jant elektra varom\u0173 transporto priemoni\u0173 populiarumui ir rinkos daliai, tam tikras keli\u0173 naudotoj\u0173 mokestis bus nei\u0161vengiamas \u2013 su tuo elektromobili\u0173 pramon\u0117 jau seniai susitvark\u0117. Klijavimo ta\u0161kas yra tokio mokes\u010dio forma.<\/p>\n<p>Federalinis energetikos ir klimato ministras Chrisas Bowenas pra\u0117jusi\u0105 savait\u0119 sumenkino nuog\u0105stavimus d\u0117l savavali\u0161ko elektromobili\u0173 apmokestinimo, sakydamas, kad keli\u0173 naudotojo mokestis bus imamas tik \u201ekai bus paruo\u0161tas\u201c.<\/p>\n<p>Kai kurie paragino \u012f atstum\u0105 pagr\u012fst\u0105 lengv\u0173j\u0173 elektromobili\u0173 \u012fkrovim\u0105 kaip \u201elogi\u0161k\u0105 atskaitos ta\u0161k\u0105\u201c. Kiti, pavyzd\u017eiui, Fortescue generalinis direktorius Andrew Forrestas, teig\u0117, kad degal\u0173 akcizo nuolaid\u0173 reik\u0117t\u0173 visi\u0161kai atsisakyti, ypa\u010d kasybos pramonei, kuri gauna \u0161imtus milijon\u0173 doleri\u0173 nuolaid\u0173.<\/p>\n<p>Taip pat nerimaujama, kad savavali\u0161kas arba nepritaikytas mokestis apsunkint\u0173 EV pritaikym\u0105 ir rizikuot\u0173 pasiekti nulinius tikslus. Elektrini\u0173 transporto priemoni\u0173 taryba anks\u010diau \u0161\u012f m\u0117nes\u012f taip pat paskelb\u0117 tyrim\u0105, kuriame nustatyta, kad keli\u0173 naudotojo mokestis labiausiai paveikt\u0173 dirban\u010dias \u0161eimas i\u0161oriniuose priemies\u010diuose.<\/p>\n<p>AEVA dabar taip pat \u012fmet\u0117 du centus \u012f mi\u0161in\u012f, persp\u0117dami, kad EV specifinis keli\u0173 naudotojo mokestis, skirtas papildomai vie\u0161ajai apmokestinimo infrastrukt\u016brai finansuoti, grei\u010diausiai sustiprint\u0173 nelygyb\u0119 ir netgi suma\u017eint\u0173 elektromobili\u0173 naudojim\u0105 Australijoje, ypa\u010d tarp ma\u017eesnes ir vidutines pajamas gaunan\u010di\u0173 \u0161eim\u0173.<\/p>\n<p>Vietoj elektromobiliams skirto keli\u0173 naudotojo mokes\u010dio, AEVA si\u016blo visuotin\u012f \u201emas\u0117s \u00d7 atstumo\u201c mokest\u012f apmokestinti visoms keli\u0173 transporto priemon\u0117ms, neatsi\u017evelgiant \u012f degal\u0173 r\u016b\u0161\u012f, ir palikti nepakitusi\u0105 degal\u0173 akciz\u0105 kaip efektyv\u0173 tar\u0161os mokest\u012f.<\/p>\n<p>Konkretus \u201emas\u0117s \u00d7 atstumo\u201c mokestis, pasak AEVA, tiksliau atspind\u0117t\u0173 tas transporto priemones, kurios daro did\u017eiausi\u0105 poveik\u012f Australijos keliams.<\/p>\n<p>\u201eVienodas tarifas reik\u0161t\u0173, kad u\u017e ma\u017e\u0105 elektrin\u012f liuk\u0105 ar motocikl\u0105 mok\u0117t\u0173 lygiai tiek pat, kiek u\u017e 2,5 tonos visureig\u012f, nepaisant nereik\u0161mingo ma\u017eesn\u0117s transporto priemon\u0117s poveikio infrastrukt\u016brai ir bendruomenei\u201c, \u2013 sak\u0117 AEVA politikos darbo grup\u0117s narys dr. Chrisas Jonesas.<\/p>\n<p>\u201eDidesn\u0117s, sunkesn\u0117s transporto priemon\u0117s ne tik daro didesn\u012f poveik\u012f keli\u0173 infrastrukt\u016brai, bet ir j\u0173 populiarumas koreliuoja su nuolat augan\u010diais Australijos keli\u0173 rinkliav\u0173, ypa\u010d transporto priemoni\u0173 ir p\u0117s\u010di\u0173j\u0173 avarij\u0173, augimu.<\/p>\n<p>\u201eTuri b\u016bti atsi\u017evelgta \u012f transporto priemon\u0117s mas\u0119\u201c.<\/p>\n<p>Anot AEVA prezidento Jameso Pickeringo, bet koks b\u016bsimas elektromobili\u0173 mokes\u010diu netur\u0117t\u0173 reikalauti, kad dabartiniai elektromobili\u0173 vairuotojai prisiimt\u0173 trumpalaik\u0119 atsakomyb\u0117s na\u0161t\u0105, kuri b\u016bt\u0173 naudinga visiems australams.<\/p>\n<p>\u201ePrivatus sektorius diegia \u012fkroviklius su tiksline vyriausyb\u0117s parama; tai atsakinga ir tvaru\u201c, \u2013 sak\u0117 Pickeringas.<\/p>\n<p>&#8222;Svarbu u\u017etikrinti, kad \u0161ie \u012fkrovikliai b\u016bt\u0173 tinkamai pri\u017ei\u016brimi ir b\u016bt\u0173 laikomasi paslaug\u0173 lygio susitarim\u0173. Nors reikia daugiau investicij\u0173 \u012f vie\u0161\u0105j\u0105 \u012fkrovimo infrastrukt\u016br\u0105, visi australai tur\u0117s naudos i\u0161 patikimo, i\u0161baigto tinklo, finansuojamo i\u0161 bendr\u0173j\u0173 pajam\u0173, bendradarbiaujant su pramone.<\/p>\n<p>\u201eM\u016bs\u0173 per\u0117jimui prie \u0161varesnio, pigesnio transporto ir nauj\u0173 pramon\u0117s \u0161ak\u0173 reik\u0117s ilgalaiki\u0173 investicij\u0173 ir visapusi\u0161kos vyriausybi\u0173 politikos, o ne vienkartini\u0173 pasi\u016blym\u0173.<\/p>\n<p>\u201eInfrastrukt\u016bra, kuri palaiko Australijos kuro saugum\u0105, nusipelno holistin\u0117s politikos, o ne netinkamai apgalvot\u0173 nauj\u0173 mokes\u010di\u0173.<\/p>\n<div class=\"saboxplugin-wrap\" itemtype=\"http:\/\/schema.org\/Person\" itemscope=\"\" itemprop=\"author\">\n<div class=\"saboxplugin-tab\">\n<div class=\"saboxplugin-gravatar\"><img decoding=\"async\" loading=\"lazy\" alt=\"Joshua S. Hill\" src=\"https:\/\/secure.gravatar.com\/avatar\/674502fafd2221f0fc2baf7da1435a7980e9492ea0657bfcd546273621f39689?s=100&amp;d=mm&amp;r=g\" srcset=\"https:\/\/secure.gravatar.com\/avatar\/674502fafd2221f0fc2baf7da1435a7980e9492ea0657bfcd546273621f39689?s=200&amp;d=mm&amp;r=g 2x\" class=\"avatar avatar-100 photo\" height=\"100\" width=\"100\" itemprop=\"image\"\/><\/div>\n<div class=\"saboxplugin-desc\">\n<div itemprop=\"description\">\n<p>Joshua S. Hill yra Melburne gyvenantis \u017eurnalistas, daugiau nei 15 met\u0173 ra\u0161antis apie klimato kait\u0105, \u0161varias technologijas ir elektrines transporto priemones. Nuo 2012 m. jis teikia ataskaitas apie elektrines transporto priemones ir \u0161varias technologijas \u201eRenew Economy\u201c ir \u201eThe Driven\u201c.<\/p>\n<\/div>\n<\/div>\n<\/div>\n<\/div>\n<p><!-- AI CONTENT END 1 --><\/p><\/div>\n<p><br \/>\n<br \/><a href=\"https:\/\/thedriven.io\/2026\/04\/29\/australian-ev-body-calls-for-universal-levy-on-vehicles-rather-than-a-lazy-tax-on-electric-cars\/\">Source link <\/a><\/p>\n","protected":false},"excerpt":{"rendered":"<p>Australijos elektrini\u0173 transporto priemoni\u0173 asociacija (AEVA) atmet\u0117 raginimus apmokestinti keli\u0173 naudotoj\u0173 mokest\u012f specialiai elektrin\u0117ms transporto priemon\u0117ms (EV) kaip \u201eneapgalvotus\u201c, o&hellip;<\/p>\n","protected":false},"author":1,"featured_media":4169,"comment_status":"open","ping_status":"open","sticky":false,"template":"","format":"standard","meta":{"om_disable_all_campaigns":false,"_monsterinsights_skip_tracking":false,"_monsterinsights_sitenote_active":false,"_monsterinsights_sitenote_note":"","_monsterinsights_sitenote_category":0,"footnotes":""},"categories":[39],"tags":[99,4327,191,1937,6121,1014,6063,6123,46,6122],"class_list":["post-4168","post","type-post","status-publish","format-standard","has-post-thumbnail","hentry","category-eautomobiliu-technine-puse","tag-australijos","tag-elektromobiliams","tag-elektromobiliu","tag-mokescio","tag-organizacija","tag-priemonems","tag-reikalauja","tag-tinginio","tag-transporto","tag-visuotinio"],"aioseo_notices":[],"yoast_head":"<!-- This site is optimized with the Yoast SEO plugin v26.8 - https:\/\/yoast.com\/product\/yoast-seo-wordpress\/ -->\n<title>Australijos elektromobili\u0173 organizacija reikalauja \u201evisuotinio mokes\u010dio\u201c transporto priemon\u0117ms, o ne \u201etinginio mokes\u010dio\u201c elektromobiliams - Eautomobiliai.lt<\/title>\n<meta name=\"robots\" content=\"index, follow, max-snippet:-1, max-image-preview:large, max-video-preview:-1\" \/>\n<link rel=\"canonical\" href=\"http:\/\/eautomobiliai.lt\/index.php\/2026\/04\/30\/australijos-elektromobiliu-organizacija-reikalauja-visuotinio-mokescio-transporto-priemonems-o-ne-tinginio-mokescio-elektromobiliams\/\" \/>\n<meta property=\"og:locale\" content=\"lt_LT\" \/>\n<meta property=\"og:type\" content=\"article\" \/>\n<meta property=\"og:title\" content=\"Australijos elektromobili\u0173 organizacija reikalauja \u201evisuotinio mokes\u010dio\u201c transporto priemon\u0117ms, o ne \u201etinginio mokes\u010dio\u201c elektromobiliams - Eautomobiliai.lt\" \/>\n<meta property=\"og:description\" content=\"Australijos elektrini\u0173 transporto priemoni\u0173 asociacija (AEVA) atmet\u0117 raginimus apmokestinti keli\u0173 naudotoj\u0173 mokest\u012f specialiai elektrin\u0117ms transporto priemon\u0117ms (EV) kaip \u201eneapgalvotus\u201c, o&hellip;\" \/>\n<meta property=\"og:url\" content=\"http:\/\/eautomobiliai.lt\/index.php\/2026\/04\/30\/australijos-elektromobiliu-organizacija-reikalauja-visuotinio-mokescio-transporto-priemonems-o-ne-tinginio-mokescio-elektromobiliams\/\" \/>\n<meta property=\"og:site_name\" content=\"Eautomobiliai.lt\" \/>\n<meta property=\"article:published_time\" content=\"2026-04-30T13:19:12+00:00\" \/>\n<meta property=\"og:image\" content=\"http:\/\/eautomobiliai.lt\/wp-content\/uploads\/2026\/04\/Australijos-elektromobiliu-organizacija-reikalauja-\u201evisuotinio-mokescio-transporto-priemonems-o-ne.jpg\" \/>\n\t<meta property=\"og:image:width\" content=\"1280\" \/>\n\t<meta property=\"og:image:height\" content=\"854\" \/>\n\t<meta property=\"og:image:type\" content=\"image\/jpeg\" \/>\n<meta name=\"author\" content=\"admin\" \/>\n<meta name=\"twitter:card\" content=\"summary_large_image\" \/>\n<meta name=\"twitter:label1\" content=\"Written by\" \/>\n\t<meta name=\"twitter:data1\" content=\"admin\" \/>\n\t<meta name=\"twitter:label2\" content=\"Est. reading time\" \/>\n\t<meta name=\"twitter:data2\" content=\"3 minut\u0117s\" \/>\n<script type=\"application\/ld+json\" class=\"yoast-schema-graph\">{\"@context\":\"https:\/\/schema.org\",\"@graph\":[{\"@type\":\"Article\",\"@id\":\"http:\/\/eautomobiliai.lt\/index.php\/2026\/04\/30\/australijos-elektromobiliu-organizacija-reikalauja-visuotinio-mokescio-transporto-priemonems-o-ne-tinginio-mokescio-elektromobiliams\/#article\",\"isPartOf\":{\"@id\":\"http:\/\/eautomobiliai.lt\/index.php\/2026\/04\/30\/australijos-elektromobiliu-organizacija-reikalauja-visuotinio-mokescio-transporto-priemonems-o-ne-tinginio-mokescio-elektromobiliams\/\"},\"author\":{\"name\":\"admin\",\"@id\":\"https:\/\/eautomobiliai.lt\/#\/schema\/person\/ecf2a967f361217d056061f74deb92f2\"},\"headline\":\"Australijos elektromobili\u0173 organizacija reikalauja \u201evisuotinio mokes\u010dio\u201c transporto priemon\u0117ms, o ne \u201etinginio mokes\u010dio\u201c elektromobiliams\",\"datePublished\":\"2026-04-30T13:19:12+00:00\",\"mainEntityOfPage\":{\"@id\":\"http:\/\/eautomobiliai.lt\/index.php\/2026\/04\/30\/australijos-elektromobiliu-organizacija-reikalauja-visuotinio-mokescio-transporto-priemonems-o-ne-tinginio-mokescio-elektromobiliams\/\"},\"wordCount\":640,\"commentCount\":0,\"image\":{\"@id\":\"http:\/\/eautomobiliai.lt\/index.php\/2026\/04\/30\/australijos-elektromobiliu-organizacija-reikalauja-visuotinio-mokescio-transporto-priemonems-o-ne-tinginio-mokescio-elektromobiliams\/#primaryimage\"},\"thumbnailUrl\":\"http:\/\/eautomobiliai.lt\/wp-content\/uploads\/2026\/04\/Australijos-elektromobiliu-organizacija-reikalauja-\u201evisuotinio-mokescio-transporto-priemonems-o-ne.jpg\",\"keywords\":[\"Australijos\",\"elektromobiliams\",\"elektromobili\u0173\",\"Mokes\u010dio\",\"organizacija\",\"priemon\u0117ms\",\"reikalauja\",\"tinginio\",\"transporto\",\"visuotinio\"],\"articleSection\":[\"eAUTOMOBILI\u0172 TECHNIN\u0116 PUS\u0116\"],\"inLanguage\":\"lt-LT\",\"potentialAction\":[{\"@type\":\"CommentAction\",\"name\":\"Comment\",\"target\":[\"http:\/\/eautomobiliai.lt\/index.php\/2026\/04\/30\/australijos-elektromobiliu-organizacija-reikalauja-visuotinio-mokescio-transporto-priemonems-o-ne-tinginio-mokescio-elektromobiliams\/#respond\"]}]},{\"@type\":\"WebPage\",\"@id\":\"http:\/\/eautomobiliai.lt\/index.php\/2026\/04\/30\/australijos-elektromobiliu-organizacija-reikalauja-visuotinio-mokescio-transporto-priemonems-o-ne-tinginio-mokescio-elektromobiliams\/\",\"url\":\"http:\/\/eautomobiliai.lt\/index.php\/2026\/04\/30\/australijos-elektromobiliu-organizacija-reikalauja-visuotinio-mokescio-transporto-priemonems-o-ne-tinginio-mokescio-elektromobiliams\/\",\"name\":\"Australijos elektromobili\u0173 organizacija reikalauja \u201evisuotinio mokes\u010dio\u201c transporto priemon\u0117ms, o ne \u201etinginio mokes\u010dio\u201c elektromobiliams - Eautomobiliai.lt\",\"isPartOf\":{\"@id\":\"https:\/\/eautomobiliai.lt\/#website\"},\"primaryImageOfPage\":{\"@id\":\"http:\/\/eautomobiliai.lt\/index.php\/2026\/04\/30\/australijos-elektromobiliu-organizacija-reikalauja-visuotinio-mokescio-transporto-priemonems-o-ne-tinginio-mokescio-elektromobiliams\/#primaryimage\"},\"image\":{\"@id\":\"http:\/\/eautomobiliai.lt\/index.php\/2026\/04\/30\/australijos-elektromobiliu-organizacija-reikalauja-visuotinio-mokescio-transporto-priemonems-o-ne-tinginio-mokescio-elektromobiliams\/#primaryimage\"},\"thumbnailUrl\":\"http:\/\/eautomobiliai.lt\/wp-content\/uploads\/2026\/04\/Australijos-elektromobiliu-organizacija-reikalauja-\u201evisuotinio-mokescio-transporto-priemonems-o-ne.jpg\",\"datePublished\":\"2026-04-30T13:19:12+00:00\",\"author\":{\"@id\":\"https:\/\/eautomobiliai.lt\/#\/schema\/person\/ecf2a967f361217d056061f74deb92f2\"},\"breadcrumb\":{\"@id\":\"http:\/\/eautomobiliai.lt\/index.php\/2026\/04\/30\/australijos-elektromobiliu-organizacija-reikalauja-visuotinio-mokescio-transporto-priemonems-o-ne-tinginio-mokescio-elektromobiliams\/#breadcrumb\"},\"inLanguage\":\"lt-LT\",\"potentialAction\":[{\"@type\":\"ReadAction\",\"target\":[\"http:\/\/eautomobiliai.lt\/index.php\/2026\/04\/30\/australijos-elektromobiliu-organizacija-reikalauja-visuotinio-mokescio-transporto-priemonems-o-ne-tinginio-mokescio-elektromobiliams\/\"]}]},{\"@type\":\"ImageObject\",\"inLanguage\":\"lt-LT\",\"@id\":\"http:\/\/eautomobiliai.lt\/index.php\/2026\/04\/30\/australijos-elektromobiliu-organizacija-reikalauja-visuotinio-mokescio-transporto-priemonems-o-ne-tinginio-mokescio-elektromobiliams\/#primaryimage\",\"url\":\"http:\/\/eautomobiliai.lt\/wp-content\/uploads\/2026\/04\/Australijos-elektromobiliu-organizacija-reikalauja-\u201evisuotinio-mokescio-transporto-priemonems-o-ne.jpg\",\"contentUrl\":\"http:\/\/eautomobiliai.lt\/wp-content\/uploads\/2026\/04\/Australijos-elektromobiliu-organizacija-reikalauja-\u201evisuotinio-mokescio-transporto-priemonems-o-ne.jpg\",\"width\":1280,\"height\":854},{\"@type\":\"BreadcrumbList\",\"@id\":\"http:\/\/eautomobiliai.lt\/index.php\/2026\/04\/30\/australijos-elektromobiliu-organizacija-reikalauja-visuotinio-mokescio-transporto-priemonems-o-ne-tinginio-mokescio-elektromobiliams\/#breadcrumb\",\"itemListElement\":[{\"@type\":\"ListItem\",\"position\":1,\"name\":\"Home\",\"item\":\"https:\/\/eautomobiliai.lt\/\"},{\"@type\":\"ListItem\",\"position\":2,\"name\":\"Australijos elektromobili\u0173 organizacija reikalauja \u201evisuotinio mokes\u010dio\u201c transporto priemon\u0117ms, o ne \u201etinginio mokes\u010dio\u201c elektromobiliams\"}]},{\"@type\":\"WebSite\",\"@id\":\"https:\/\/eautomobiliai.lt\/#website\",\"url\":\"https:\/\/eautomobiliai.lt\/\",\"name\":\"Eautomobiliai.lt\",\"description\":\"Elektrinis transportas, technologijos\",\"potentialAction\":[{\"@type\":\"SearchAction\",\"target\":{\"@type\":\"EntryPoint\",\"urlTemplate\":\"https:\/\/eautomobiliai.lt\/?s={search_term_string}\"},\"query-input\":{\"@type\":\"PropertyValueSpecification\",\"valueRequired\":true,\"valueName\":\"search_term_string\"}}],\"inLanguage\":\"lt-LT\"},{\"@type\":\"Person\",\"@id\":\"https:\/\/eautomobiliai.lt\/#\/schema\/person\/ecf2a967f361217d056061f74deb92f2\",\"name\":\"admin\",\"image\":{\"@type\":\"ImageObject\",\"inLanguage\":\"lt-LT\",\"@id\":\"https:\/\/eautomobiliai.lt\/#\/schema\/person\/image\/\",\"url\":\"https:\/\/secure.gravatar.com\/avatar\/6323379efae0c70c686c7905444d6bbd?s=96&d=mm&r=g\",\"contentUrl\":\"https:\/\/secure.gravatar.com\/avatar\/6323379efae0c70c686c7905444d6bbd?s=96&d=mm&r=g\",\"caption\":\"admin\"},\"sameAs\":[\"http:\/\/eautomobiliai.lt\"],\"url\":\"http:\/\/eautomobiliai.lt\/index.php\/author\/admin\/\"}]}<\/script>\n<!-- \/ Yoast SEO plugin. -->","yoast_head_json":{"title":"Australijos elektromobili\u0173 organizacija reikalauja \u201evisuotinio mokes\u010dio\u201c transporto priemon\u0117ms, o ne \u201etinginio mokes\u010dio\u201c elektromobiliams - Eautomobiliai.lt","robots":{"index":"index","follow":"follow","max-snippet":"max-snippet:-1","max-image-preview":"max-image-preview:large","max-video-preview":"max-video-preview:-1"},"canonical":"http:\/\/eautomobiliai.lt\/index.php\/2026\/04\/30\/australijos-elektromobiliu-organizacija-reikalauja-visuotinio-mokescio-transporto-priemonems-o-ne-tinginio-mokescio-elektromobiliams\/","og_locale":"lt_LT","og_type":"article","og_title":"Australijos elektromobili\u0173 organizacija reikalauja \u201evisuotinio mokes\u010dio\u201c transporto priemon\u0117ms, o ne \u201etinginio mokes\u010dio\u201c elektromobiliams - Eautomobiliai.lt","og_description":"Australijos elektrini\u0173 transporto priemoni\u0173 asociacija (AEVA) atmet\u0117 raginimus apmokestinti keli\u0173 naudotoj\u0173 mokest\u012f specialiai elektrin\u0117ms transporto priemon\u0117ms (EV) kaip \u201eneapgalvotus\u201c, o&hellip;","og_url":"http:\/\/eautomobiliai.lt\/index.php\/2026\/04\/30\/australijos-elektromobiliu-organizacija-reikalauja-visuotinio-mokescio-transporto-priemonems-o-ne-tinginio-mokescio-elektromobiliams\/","og_site_name":"Eautomobiliai.lt","article_published_time":"2026-04-30T13:19:12+00:00","og_image":[{"width":1280,"height":854,"url":"http:\/\/eautomobiliai.lt\/wp-content\/uploads\/2026\/04\/Australijos-elektromobiliu-organizacija-reikalauja-\u201evisuotinio-mokescio-transporto-priemonems-o-ne.jpg","type":"image\/jpeg"}],"author":"admin","twitter_card":"summary_large_image","twitter_misc":{"Written by":"admin","Est. reading time":"3 minut\u0117s"},"schema":{"@context":"https:\/\/schema.org","@graph":[{"@type":"Article","@id":"http:\/\/eautomobiliai.lt\/index.php\/2026\/04\/30\/australijos-elektromobiliu-organizacija-reikalauja-visuotinio-mokescio-transporto-priemonems-o-ne-tinginio-mokescio-elektromobiliams\/#article","isPartOf":{"@id":"http:\/\/eautomobiliai.lt\/index.php\/2026\/04\/30\/australijos-elektromobiliu-organizacija-reikalauja-visuotinio-mokescio-transporto-priemonems-o-ne-tinginio-mokescio-elektromobiliams\/"},"author":{"name":"admin","@id":"https:\/\/eautomobiliai.lt\/#\/schema\/person\/ecf2a967f361217d056061f74deb92f2"},"headline":"Australijos elektromobili\u0173 organizacija reikalauja \u201evisuotinio mokes\u010dio\u201c transporto priemon\u0117ms, o ne \u201etinginio mokes\u010dio\u201c elektromobiliams","datePublished":"2026-04-30T13:19:12+00:00","mainEntityOfPage":{"@id":"http:\/\/eautomobiliai.lt\/index.php\/2026\/04\/30\/australijos-elektromobiliu-organizacija-reikalauja-visuotinio-mokescio-transporto-priemonems-o-ne-tinginio-mokescio-elektromobiliams\/"},"wordCount":640,"commentCount":0,"image":{"@id":"http:\/\/eautomobiliai.lt\/index.php\/2026\/04\/30\/australijos-elektromobiliu-organizacija-reikalauja-visuotinio-mokescio-transporto-priemonems-o-ne-tinginio-mokescio-elektromobiliams\/#primaryimage"},"thumbnailUrl":"http:\/\/eautomobiliai.lt\/wp-content\/uploads\/2026\/04\/Australijos-elektromobiliu-organizacija-reikalauja-\u201evisuotinio-mokescio-transporto-priemonems-o-ne.jpg","keywords":["Australijos","elektromobiliams","elektromobili\u0173","Mokes\u010dio","organizacija","priemon\u0117ms","reikalauja","tinginio","transporto","visuotinio"],"articleSection":["eAUTOMOBILI\u0172 TECHNIN\u0116 PUS\u0116"],"inLanguage":"lt-LT","potentialAction":[{"@type":"CommentAction","name":"Comment","target":["http:\/\/eautomobiliai.lt\/index.php\/2026\/04\/30\/australijos-elektromobiliu-organizacija-reikalauja-visuotinio-mokescio-transporto-priemonems-o-ne-tinginio-mokescio-elektromobiliams\/#respond"]}]},{"@type":"WebPage","@id":"http:\/\/eautomobiliai.lt\/index.php\/2026\/04\/30\/australijos-elektromobiliu-organizacija-reikalauja-visuotinio-mokescio-transporto-priemonems-o-ne-tinginio-mokescio-elektromobiliams\/","url":"http:\/\/eautomobiliai.lt\/index.php\/2026\/04\/30\/australijos-elektromobiliu-organizacija-reikalauja-visuotinio-mokescio-transporto-priemonems-o-ne-tinginio-mokescio-elektromobiliams\/","name":"Australijos elektromobili\u0173 organizacija reikalauja \u201evisuotinio mokes\u010dio\u201c transporto priemon\u0117ms, o ne \u201etinginio mokes\u010dio\u201c elektromobiliams - Eautomobiliai.lt","isPartOf":{"@id":"https:\/\/eautomobiliai.lt\/#website"},"primaryImageOfPage":{"@id":"http:\/\/eautomobiliai.lt\/index.php\/2026\/04\/30\/australijos-elektromobiliu-organizacija-reikalauja-visuotinio-mokescio-transporto-priemonems-o-ne-tinginio-mokescio-elektromobiliams\/#primaryimage"},"image":{"@id":"http:\/\/eautomobiliai.lt\/index.php\/2026\/04\/30\/australijos-elektromobiliu-organizacija-reikalauja-visuotinio-mokescio-transporto-priemonems-o-ne-tinginio-mokescio-elektromobiliams\/#primaryimage"},"thumbnailUrl":"http:\/\/eautomobiliai.lt\/wp-content\/uploads\/2026\/04\/Australijos-elektromobiliu-organizacija-reikalauja-\u201evisuotinio-mokescio-transporto-priemonems-o-ne.jpg","datePublished":"2026-04-30T13:19:12+00:00","author":{"@id":"https:\/\/eautomobiliai.lt\/#\/schema\/person\/ecf2a967f361217d056061f74deb92f2"},"breadcrumb":{"@id":"http:\/\/eautomobiliai.lt\/index.php\/2026\/04\/30\/australijos-elektromobiliu-organizacija-reikalauja-visuotinio-mokescio-transporto-priemonems-o-ne-tinginio-mokescio-elektromobiliams\/#breadcrumb"},"inLanguage":"lt-LT","potentialAction":[{"@type":"ReadAction","target":["http:\/\/eautomobiliai.lt\/index.php\/2026\/04\/30\/australijos-elektromobiliu-organizacija-reikalauja-visuotinio-mokescio-transporto-priemonems-o-ne-tinginio-mokescio-elektromobiliams\/"]}]},{"@type":"ImageObject","inLanguage":"lt-LT","@id":"http:\/\/eautomobiliai.lt\/index.php\/2026\/04\/30\/australijos-elektromobiliu-organizacija-reikalauja-visuotinio-mokescio-transporto-priemonems-o-ne-tinginio-mokescio-elektromobiliams\/#primaryimage","url":"http:\/\/eautomobiliai.lt\/wp-content\/uploads\/2026\/04\/Australijos-elektromobiliu-organizacija-reikalauja-\u201evisuotinio-mokescio-transporto-priemonems-o-ne.jpg","contentUrl":"http:\/\/eautomobiliai.lt\/wp-content\/uploads\/2026\/04\/Australijos-elektromobiliu-organizacija-reikalauja-\u201evisuotinio-mokescio-transporto-priemonems-o-ne.jpg","width":1280,"height":854},{"@type":"BreadcrumbList","@id":"http:\/\/eautomobiliai.lt\/index.php\/2026\/04\/30\/australijos-elektromobiliu-organizacija-reikalauja-visuotinio-mokescio-transporto-priemonems-o-ne-tinginio-mokescio-elektromobiliams\/#breadcrumb","itemListElement":[{"@type":"ListItem","position":1,"name":"Home","item":"https:\/\/eautomobiliai.lt\/"},{"@type":"ListItem","position":2,"name":"Australijos elektromobili\u0173 organizacija reikalauja \u201evisuotinio mokes\u010dio\u201c transporto priemon\u0117ms, o ne \u201etinginio mokes\u010dio\u201c elektromobiliams"}]},{"@type":"WebSite","@id":"https:\/\/eautomobiliai.lt\/#website","url":"https:\/\/eautomobiliai.lt\/","name":"Eautomobiliai.lt","description":"Elektrinis transportas, technologijos","potentialAction":[{"@type":"SearchAction","target":{"@type":"EntryPoint","urlTemplate":"https:\/\/eautomobiliai.lt\/?s={search_term_string}"},"query-input":{"@type":"PropertyValueSpecification","valueRequired":true,"valueName":"search_term_string"}}],"inLanguage":"lt-LT"},{"@type":"Person","@id":"https:\/\/eautomobiliai.lt\/#\/schema\/person\/ecf2a967f361217d056061f74deb92f2","name":"admin","image":{"@type":"ImageObject","inLanguage":"lt-LT","@id":"https:\/\/eautomobiliai.lt\/#\/schema\/person\/image\/","url":"https:\/\/secure.gravatar.com\/avatar\/6323379efae0c70c686c7905444d6bbd?s=96&d=mm&r=g","contentUrl":"https:\/\/secure.gravatar.com\/avatar\/6323379efae0c70c686c7905444d6bbd?s=96&d=mm&r=g","caption":"admin"},"sameAs":["http:\/\/eautomobiliai.lt"],"url":"http:\/\/eautomobiliai.lt\/index.php\/author\/admin\/"}]}},"_links":{"self":[{"href":"http:\/\/eautomobiliai.lt\/index.php\/wp-json\/wp\/v2\/posts\/4168","targetHints":{"allow":["GET"]}}],"collection":[{"href":"http:\/\/eautomobiliai.lt\/index.php\/wp-json\/wp\/v2\/posts"}],"about":[{"href":"http:\/\/eautomobiliai.lt\/index.php\/wp-json\/wp\/v2\/types\/post"}],"author":[{"embeddable":true,"href":"http:\/\/eautomobiliai.lt\/index.php\/wp-json\/wp\/v2\/users\/1"}],"replies":[{"embeddable":true,"href":"http:\/\/eautomobiliai.lt\/index.php\/wp-json\/wp\/v2\/comments?post=4168"}],"version-history":[{"count":0,"href":"http:\/\/eautomobiliai.lt\/index.php\/wp-json\/wp\/v2\/posts\/4168\/revisions"}],"wp:featuredmedia":[{"embeddable":true,"href":"http:\/\/eautomobiliai.lt\/index.php\/wp-json\/wp\/v2\/media\/4169"}],"wp:attachment":[{"href":"http:\/\/eautomobiliai.lt\/index.php\/wp-json\/wp\/v2\/media?parent=4168"}],"wp:term":[{"taxonomy":"category","embeddable":true,"href":"http:\/\/eautomobiliai.lt\/index.php\/wp-json\/wp\/v2\/categories?post=4168"},{"taxonomy":"post_tag","embeddable":true,"href":"http:\/\/eautomobiliai.lt\/index.php\/wp-json\/wp\/v2\/tags?post=4168"}],"curies":[{"name":"wp","href":"https:\/\/api.w.org\/{rel}","templated":true}]}}