{"id":430,"date":"2025-04-09T19:57:37","date_gmt":"2025-04-09T19:57:37","guid":{"rendered":"https:\/\/eautomobiliai.lt\/index.php\/2025\/04\/09\/tesla-3-modelis-ir-y-modelio-kainos-pakilo-auksciau-nes-sumazejo-pardavimai\/"},"modified":"2025-04-09T19:57:37","modified_gmt":"2025-04-09T19:57:37","slug":"tesla-3-modelis-ir-y-modelio-kainos-pakilo-auksciau-nes-sumazejo-pardavimai","status":"publish","type":"post","link":"http:\/\/eautomobiliai.lt\/index.php\/2025\/04\/09\/tesla-3-modelis-ir-y-modelio-kainos-pakilo-auksciau-nes-sumazejo-pardavimai\/","title":{"rendered":"\u201eTesla\u201c 3 modelis ir Y modelio kainos pakilo auk\u0161\u010diau, nes suma\u017e\u0117jo pardavimai"},"content":{"rendered":"<p> <br \/>\n<\/p>\n<div>\n<figure class=\"img-border featured-image\">\n\t<figcaption>\n<p>\t\t\t\tNuotrauka: \u201eTesla\u201c\t\t\t<\/figcaption><\/figure>\n<p>Remiantis naujausia \u201eCox Automotive\u201c knygos \u201eKelley Blue\u201c, \u201eTesla\u201c vidutin\u0117s sandori\u0173 kainos (ATP) kovo m\u0117n. Yra 54 582 USD, daugiau nei per metus 3,5% ir didesn\u0117 nei vasario m\u0117n. <\/p>\n<p><span id=\"more-410602\"\/><\/p>\n<p>Vidutin\u0117s \u201eTesla 3\u201c modelio ir Y modelio sandori\u0173 kainos buvo didesn\u0117s per m\u0117nes\u012f ir per metus kovo m\u0117nes\u012f. \u201eTesla\u201c pardavimai pirm\u0105j\u012f ketvirt\u012f t\u0119s\u0117 ilgalaik\u012f nuosmuk\u012f po to, kai 2023 m. Pirmojo ketvir\u010dio padid\u0117jo. \u201eKelley Blue Book\u201c \u012fvertinimai rodo, kad \u201eTesla\u201c pardavimai 2025 m. Ketvirtyje buvo ma\u017eesn\u0117 nei 8%. Jo pristatymai taip pat buvo blogesni nei tik\u0117tasi.<\/p>\n<p>I\u0161 prad\u017ei\u0173 \u201eKelley Blue Book\u201c i\u0161 prad\u017ei\u0173 \u012fvertino, kad naujos EV kainos kovo m\u0117n. Yra 59 205 USD, o per metus didesnis-7,0%. Naujos EV kainos padid\u0117jo nuo pataisyt\u0173 auk\u0161tesnio vasario ATP &#8211; 57 015 USD.<\/p>\n<p>Pra\u0117jusio m\u0117nesio EV ATP buvo beveik 25% didesnis nei pramon\u0117s vidurkis-47 462 USD, tai dar labiau padidino kain\u0173 skirtum\u0105 tarp nauj\u0173 EV ir dujomis varom\u0173 automobili\u0173. <\/p>\n<p>\t<span class=\"outbrain-ad-label\">Skelbimas &#8211; slinkite daugiau turinio<\/span><\/p>\n<p>Ta\u010diau EV vis dar mato nepaprastesnes paskatas nei pramon\u0117s vidurkis. Kovo m\u0117n. Vidutin\u0117 EV paskata padid\u0117jo 13,3% operacijos kainos &#8211; 1% suma\u017e\u0117jo 1%, palyginti su vasario m\u0117n. Per\u017ei\u016br\u0117ta 14,3%, ta\u010diau vis tiek gerokai vir\u0161ija tai, k\u0105 gauna dujiniai automobiliai.<\/p>\n<p>Taigi, kur mes einame? Auk\u0161tesn\u0117s kainos d\u0117l Trumpo tarif\u0173. Bet kaip tai atrodys, dar reikia pamatyti. \u201eCox Automotive\u201c vykdomasis analitikas Erinas Keatingas teig\u0117: \u201eVisi \u017eenklai \u0161i\u0105 vasar\u0105 nurodo auk\u0161tesnes kainas, nes esamas\u201e ikimokyklinio \u201cinventorius parduodamas galiausiai pakeisti\u201e tarif\u0173 \u201cinventoriumi. Kaip vis dar labai daug kyla vartotoj\u0173 kainos, nes kiekvienas automobili\u0173 gamintojas tvarkys kain\u0173 galvos\u016bk\u012f kitaip.\u201c<\/p>\n<p><strong>Skaitykite daugiau:<\/strong> EV paskatos padid\u0117jo iki 14,8% ATP vasario m\u0117n. &#8211; did\u017eiausia per 5 ir daugiau met\u0173<\/p>\n<figure class=\"wp-block-image alignwide size-full\"><img loading=\"lazy\" decoding=\"async\" width=\"750\" height=\"150\" src=\"https:\/\/electrek.co\/wp-content\/uploads\/sites\/3\/2025\/04\/DES-1038_Electrek-Banners_EVs_f7f907.png\" alt=\"\" class=\"wp-image-410636\" srcset=\"https:\/\/electrek.co\/wp-content\/uploads\/sites\/3\/2025\/04\/DES-1038_Electrek-Banners_EVs_f7f907.png 750w, https:\/\/electrek.co\/wp-content\/uploads\/sites\/3\/2025\/04\/DES-1038_Electrek-Banners_EVs_f7f907.png?resize=150,30 150w, https:\/\/electrek.co\/wp-content\/uploads\/sites\/3\/2025\/04\/DES-1038_Electrek-Banners_EVs_f7f907.png?resize=300,60 300w, https:\/\/electrek.co\/wp-content\/uploads\/sites\/3\/2025\/04\/DES-1038_Electrek-Banners_EVs_f7f907.png?resize=350,70 350w, https:\/\/electrek.co\/wp-content\/uploads\/sites\/3\/2025\/04\/DES-1038_Electrek-Banners_EVs_f7f907.png?resize=140,28 140w\" sizes=\"auto, (max-width: 750px) 100vw, 750px\"\/><\/figure>\n<hr class=\"wp-block-separator has-alpha-channel-opacity\"\/>\n<p><em>Jei ketinate eiti \u012f saul\u0117s energij\u0105, visada gera id\u0117ja gauti kelet\u0105 montuotoj\u0173 citat\u0173. Nor\u0117dami \u012fsitikinti, kad \u0161alia j\u016bs\u0173 rasite patikim\u0105, patikim\u0105 saul\u0117s diegimo program\u0105, si\u016blan\u010di\u0105 konkurencing\u0105 kain\u0105, apsilankykite <\/em><em>Energysage<\/em><em>nemokama paslauga, palengvinanti jums saul\u0117s energij\u0105. Jame yra \u0161imtai i\u0161 anksto atvaizduot\u0173 saul\u0117s energijos montuotoj\u0173, konkuruojan\u010di\u0173 d\u0117l j\u016bs\u0173 verslo, u\u017etikrinant, kad gausite auk\u0161tos kokyb\u0117s sprendimus ir sutaupysite 20\u201330%, palyginti su jo \u0117jimu atskirai. Be to, ja nemokama naudotis, ir j\u016bs negausite pardavimo skambu\u010di\u0173, kol pasirinksite diegimo program\u0105 ir pasidalysite savo telefono numeriu su jais.<\/em><em> <\/em><br \/><em>J\u016bs\u0173 individualizuotas saul\u0117s citatas lengva palyginti internete ir gausite prieig\u0105 prie ne\u0161ali\u0161k\u0173 patar\u0117j\u0173 energetikos srityje, kad pad\u0117tum\u0117te jums kiekvienam \u017eingsniui. Prad\u0117kite <\/em><em>\u010dia<\/em><em>.<\/em><\/p>\n<div class=\"ad-disclaimer-container\">\n<p class=\"disclaimer-affiliate\"><em>FPK: Mes naudojame pajamas gaunan\u010dias automatinio filialo nuorodas.<\/em> Daugiau.<\/p>\n<p><!-- post ad --><\/div>\n<\/p><\/div>\n<p><br \/>\n<br \/><a href=\"https:\/\/electrek.co\/2025\/04\/09\/tesla-model-3-and-model-y-prices-rose-higher-in-march-as-sales-fell\/\">Source link <\/a><\/p>\n","protected":false},"excerpt":{"rendered":"<p>Nuotrauka: \u201eTesla\u201c Remiantis naujausia \u201eCox Automotive\u201c knygos \u201eKelley Blue\u201c, \u201eTesla\u201c vidutin\u0117s sandori\u0173 kainos (ATP) kovo m\u0117n. Yra 54 582 USD,&hellip;<\/p>\n","protected":false},"author":1,"featured_media":431,"comment_status":"open","ping_status":"open","sticky":false,"template":"","format":"standard","meta":{"om_disable_all_campaigns":false,"_monsterinsights_skip_tracking":false,"_monsterinsights_sitenote_active":false,"_monsterinsights_sitenote_note":"","_monsterinsights_sitenote_category":0,"footnotes":""},"categories":[8],"tags":[1119,775,874,113,116,1118,901,688,14],"class_list":["post-430","post","type-post","status-publish","format-standard","has-post-thumbnail","hentry","category-elektriniai-automobiliai","tag-auksciau","tag-kainos","tag-modelio","tag-modelis","tag-nes","tag-pakilo","tag-pardavimai","tag-sumazejo","tag-tesla"],"aioseo_notices":[],"yoast_head":"<!-- This site is optimized with the Yoast SEO plugin v26.8 - https:\/\/yoast.com\/product\/yoast-seo-wordpress\/ -->\n<title>\u201eTesla\u201c 3 modelis ir Y modelio kainos pakilo auk\u0161\u010diau, nes suma\u017e\u0117jo pardavimai - Eautomobiliai.lt<\/title>\n<meta name=\"robots\" content=\"index, follow, max-snippet:-1, max-image-preview:large, max-video-preview:-1\" \/>\n<link rel=\"canonical\" href=\"http:\/\/eautomobiliai.lt\/index.php\/2025\/04\/09\/tesla-3-modelis-ir-y-modelio-kainos-pakilo-auksciau-nes-sumazejo-pardavimai\/\" \/>\n<meta property=\"og:locale\" content=\"lt_LT\" \/>\n<meta property=\"og:type\" content=\"article\" \/>\n<meta property=\"og:title\" content=\"\u201eTesla\u201c 3 modelis ir Y modelio kainos pakilo auk\u0161\u010diau, nes suma\u017e\u0117jo pardavimai - Eautomobiliai.lt\" \/>\n<meta property=\"og:description\" content=\"Nuotrauka: \u201eTesla\u201c Remiantis naujausia \u201eCox Automotive\u201c knygos \u201eKelley Blue\u201c, \u201eTesla\u201c vidutin\u0117s sandori\u0173 kainos (ATP) kovo m\u0117n. Yra 54 582 USD,&hellip;\" \/>\n<meta property=\"og:url\" content=\"http:\/\/eautomobiliai.lt\/index.php\/2025\/04\/09\/tesla-3-modelis-ir-y-modelio-kainos-pakilo-auksciau-nes-sumazejo-pardavimai\/\" \/>\n<meta property=\"og:site_name\" content=\"Eautomobiliai.lt\" \/>\n<meta property=\"article:published_time\" content=\"2025-04-09T19:57:37+00:00\" \/>\n<meta property=\"og:image\" content=\"http:\/\/eautomobiliai.lt\/wp-content\/uploads\/2025\/04\/\u201eTesla-3-modelis-ir-Y-modelio-kainos-pakilo-auksciau-nes.jpg\" \/>\n\t<meta property=\"og:image:width\" content=\"1200\" \/>\n\t<meta property=\"og:image:height\" content=\"628\" \/>\n\t<meta property=\"og:image:type\" content=\"image\/jpeg\" \/>\n<meta name=\"author\" content=\"admin\" \/>\n<meta name=\"twitter:card\" content=\"summary_large_image\" \/>\n<meta name=\"twitter:label1\" content=\"Written by\" \/>\n\t<meta name=\"twitter:data1\" content=\"admin\" \/>\n\t<meta name=\"twitter:label2\" content=\"Est. reading time\" \/>\n\t<meta name=\"twitter:data2\" content=\"2 minut\u0117s\" \/>\n<script type=\"application\/ld+json\" class=\"yoast-schema-graph\">{\"@context\":\"https:\/\/schema.org\",\"@graph\":[{\"@type\":\"Article\",\"@id\":\"http:\/\/eautomobiliai.lt\/index.php\/2025\/04\/09\/tesla-3-modelis-ir-y-modelio-kainos-pakilo-auksciau-nes-sumazejo-pardavimai\/#article\",\"isPartOf\":{\"@id\":\"http:\/\/eautomobiliai.lt\/index.php\/2025\/04\/09\/tesla-3-modelis-ir-y-modelio-kainos-pakilo-auksciau-nes-sumazejo-pardavimai\/\"},\"author\":{\"name\":\"admin\",\"@id\":\"https:\/\/eautomobiliai.lt\/#\/schema\/person\/ecf2a967f361217d056061f74deb92f2\"},\"headline\":\"\u201eTesla\u201c 3 modelis ir Y modelio kainos pakilo auk\u0161\u010diau, nes suma\u017e\u0117jo pardavimai\",\"datePublished\":\"2025-04-09T19:57:37+00:00\",\"mainEntityOfPage\":{\"@id\":\"http:\/\/eautomobiliai.lt\/index.php\/2025\/04\/09\/tesla-3-modelis-ir-y-modelio-kainos-pakilo-auksciau-nes-sumazejo-pardavimai\/\"},\"wordCount\":439,\"commentCount\":0,\"image\":{\"@id\":\"http:\/\/eautomobiliai.lt\/index.php\/2025\/04\/09\/tesla-3-modelis-ir-y-modelio-kainos-pakilo-auksciau-nes-sumazejo-pardavimai\/#primaryimage\"},\"thumbnailUrl\":\"http:\/\/eautomobiliai.lt\/wp-content\/uploads\/2025\/04\/\u201eTesla-3-modelis-ir-Y-modelio-kainos-pakilo-auksciau-nes.jpg\",\"keywords\":[\"auk\u0161\u010diau\",\"kainos\",\"modelio\",\"modelis\",\"nes\",\"pakilo\",\"pardavimai\",\"suma\u017e\u0117jo\",\"Tesla\"],\"articleSection\":[\"ELEKTRINIAI AUTOMOBILIAI\"],\"inLanguage\":\"lt-LT\",\"potentialAction\":[{\"@type\":\"CommentAction\",\"name\":\"Comment\",\"target\":[\"http:\/\/eautomobiliai.lt\/index.php\/2025\/04\/09\/tesla-3-modelis-ir-y-modelio-kainos-pakilo-auksciau-nes-sumazejo-pardavimai\/#respond\"]}]},{\"@type\":\"WebPage\",\"@id\":\"http:\/\/eautomobiliai.lt\/index.php\/2025\/04\/09\/tesla-3-modelis-ir-y-modelio-kainos-pakilo-auksciau-nes-sumazejo-pardavimai\/\",\"url\":\"http:\/\/eautomobiliai.lt\/index.php\/2025\/04\/09\/tesla-3-modelis-ir-y-modelio-kainos-pakilo-auksciau-nes-sumazejo-pardavimai\/\",\"name\":\"\u201eTesla\u201c 3 modelis ir Y modelio kainos pakilo auk\u0161\u010diau, nes suma\u017e\u0117jo pardavimai - Eautomobiliai.lt\",\"isPartOf\":{\"@id\":\"https:\/\/eautomobiliai.lt\/#website\"},\"primaryImageOfPage\":{\"@id\":\"http:\/\/eautomobiliai.lt\/index.php\/2025\/04\/09\/tesla-3-modelis-ir-y-modelio-kainos-pakilo-auksciau-nes-sumazejo-pardavimai\/#primaryimage\"},\"image\":{\"@id\":\"http:\/\/eautomobiliai.lt\/index.php\/2025\/04\/09\/tesla-3-modelis-ir-y-modelio-kainos-pakilo-auksciau-nes-sumazejo-pardavimai\/#primaryimage\"},\"thumbnailUrl\":\"http:\/\/eautomobiliai.lt\/wp-content\/uploads\/2025\/04\/\u201eTesla-3-modelis-ir-Y-modelio-kainos-pakilo-auksciau-nes.jpg\",\"datePublished\":\"2025-04-09T19:57:37+00:00\",\"author\":{\"@id\":\"https:\/\/eautomobiliai.lt\/#\/schema\/person\/ecf2a967f361217d056061f74deb92f2\"},\"breadcrumb\":{\"@id\":\"http:\/\/eautomobiliai.lt\/index.php\/2025\/04\/09\/tesla-3-modelis-ir-y-modelio-kainos-pakilo-auksciau-nes-sumazejo-pardavimai\/#breadcrumb\"},\"inLanguage\":\"lt-LT\",\"potentialAction\":[{\"@type\":\"ReadAction\",\"target\":[\"http:\/\/eautomobiliai.lt\/index.php\/2025\/04\/09\/tesla-3-modelis-ir-y-modelio-kainos-pakilo-auksciau-nes-sumazejo-pardavimai\/\"]}]},{\"@type\":\"ImageObject\",\"inLanguage\":\"lt-LT\",\"@id\":\"http:\/\/eautomobiliai.lt\/index.php\/2025\/04\/09\/tesla-3-modelis-ir-y-modelio-kainos-pakilo-auksciau-nes-sumazejo-pardavimai\/#primaryimage\",\"url\":\"http:\/\/eautomobiliai.lt\/wp-content\/uploads\/2025\/04\/\u201eTesla-3-modelis-ir-Y-modelio-kainos-pakilo-auksciau-nes.jpg\",\"contentUrl\":\"http:\/\/eautomobiliai.lt\/wp-content\/uploads\/2025\/04\/\u201eTesla-3-modelis-ir-Y-modelio-kainos-pakilo-auksciau-nes.jpg\",\"width\":1200,\"height\":628},{\"@type\":\"BreadcrumbList\",\"@id\":\"http:\/\/eautomobiliai.lt\/index.php\/2025\/04\/09\/tesla-3-modelis-ir-y-modelio-kainos-pakilo-auksciau-nes-sumazejo-pardavimai\/#breadcrumb\",\"itemListElement\":[{\"@type\":\"ListItem\",\"position\":1,\"name\":\"Home\",\"item\":\"https:\/\/eautomobiliai.lt\/\"},{\"@type\":\"ListItem\",\"position\":2,\"name\":\"\u201eTesla\u201c 3 modelis ir Y modelio kainos pakilo auk\u0161\u010diau, nes suma\u017e\u0117jo pardavimai\"}]},{\"@type\":\"WebSite\",\"@id\":\"https:\/\/eautomobiliai.lt\/#website\",\"url\":\"https:\/\/eautomobiliai.lt\/\",\"name\":\"Eautomobiliai.lt\",\"description\":\"Elektrinis transportas, technologijos\",\"potentialAction\":[{\"@type\":\"SearchAction\",\"target\":{\"@type\":\"EntryPoint\",\"urlTemplate\":\"https:\/\/eautomobiliai.lt\/?s={search_term_string}\"},\"query-input\":{\"@type\":\"PropertyValueSpecification\",\"valueRequired\":true,\"valueName\":\"search_term_string\"}}],\"inLanguage\":\"lt-LT\"},{\"@type\":\"Person\",\"@id\":\"https:\/\/eautomobiliai.lt\/#\/schema\/person\/ecf2a967f361217d056061f74deb92f2\",\"name\":\"admin\",\"image\":{\"@type\":\"ImageObject\",\"inLanguage\":\"lt-LT\",\"@id\":\"https:\/\/eautomobiliai.lt\/#\/schema\/person\/image\/\",\"url\":\"https:\/\/secure.gravatar.com\/avatar\/6323379efae0c70c686c7905444d6bbd?s=96&d=mm&r=g\",\"contentUrl\":\"https:\/\/secure.gravatar.com\/avatar\/6323379efae0c70c686c7905444d6bbd?s=96&d=mm&r=g\",\"caption\":\"admin\"},\"sameAs\":[\"http:\/\/eautomobiliai.lt\"],\"url\":\"http:\/\/eautomobiliai.lt\/index.php\/author\/admin\/\"}]}<\/script>\n<!-- \/ Yoast SEO plugin. -->","yoast_head_json":{"title":"\u201eTesla\u201c 3 modelis ir Y modelio kainos pakilo auk\u0161\u010diau, nes suma\u017e\u0117jo pardavimai - Eautomobiliai.lt","robots":{"index":"index","follow":"follow","max-snippet":"max-snippet:-1","max-image-preview":"max-image-preview:large","max-video-preview":"max-video-preview:-1"},"canonical":"http:\/\/eautomobiliai.lt\/index.php\/2025\/04\/09\/tesla-3-modelis-ir-y-modelio-kainos-pakilo-auksciau-nes-sumazejo-pardavimai\/","og_locale":"lt_LT","og_type":"article","og_title":"\u201eTesla\u201c 3 modelis ir Y modelio kainos pakilo auk\u0161\u010diau, nes suma\u017e\u0117jo pardavimai - Eautomobiliai.lt","og_description":"Nuotrauka: \u201eTesla\u201c Remiantis naujausia \u201eCox Automotive\u201c knygos \u201eKelley Blue\u201c, \u201eTesla\u201c vidutin\u0117s sandori\u0173 kainos (ATP) kovo m\u0117n. Yra 54 582 USD,&hellip;","og_url":"http:\/\/eautomobiliai.lt\/index.php\/2025\/04\/09\/tesla-3-modelis-ir-y-modelio-kainos-pakilo-auksciau-nes-sumazejo-pardavimai\/","og_site_name":"Eautomobiliai.lt","article_published_time":"2025-04-09T19:57:37+00:00","og_image":[{"width":1200,"height":628,"url":"http:\/\/eautomobiliai.lt\/wp-content\/uploads\/2025\/04\/\u201eTesla-3-modelis-ir-Y-modelio-kainos-pakilo-auksciau-nes.jpg","type":"image\/jpeg"}],"author":"admin","twitter_card":"summary_large_image","twitter_misc":{"Written by":"admin","Est. reading time":"2 minut\u0117s"},"schema":{"@context":"https:\/\/schema.org","@graph":[{"@type":"Article","@id":"http:\/\/eautomobiliai.lt\/index.php\/2025\/04\/09\/tesla-3-modelis-ir-y-modelio-kainos-pakilo-auksciau-nes-sumazejo-pardavimai\/#article","isPartOf":{"@id":"http:\/\/eautomobiliai.lt\/index.php\/2025\/04\/09\/tesla-3-modelis-ir-y-modelio-kainos-pakilo-auksciau-nes-sumazejo-pardavimai\/"},"author":{"name":"admin","@id":"https:\/\/eautomobiliai.lt\/#\/schema\/person\/ecf2a967f361217d056061f74deb92f2"},"headline":"\u201eTesla\u201c 3 modelis ir Y modelio kainos pakilo auk\u0161\u010diau, nes suma\u017e\u0117jo pardavimai","datePublished":"2025-04-09T19:57:37+00:00","mainEntityOfPage":{"@id":"http:\/\/eautomobiliai.lt\/index.php\/2025\/04\/09\/tesla-3-modelis-ir-y-modelio-kainos-pakilo-auksciau-nes-sumazejo-pardavimai\/"},"wordCount":439,"commentCount":0,"image":{"@id":"http:\/\/eautomobiliai.lt\/index.php\/2025\/04\/09\/tesla-3-modelis-ir-y-modelio-kainos-pakilo-auksciau-nes-sumazejo-pardavimai\/#primaryimage"},"thumbnailUrl":"http:\/\/eautomobiliai.lt\/wp-content\/uploads\/2025\/04\/\u201eTesla-3-modelis-ir-Y-modelio-kainos-pakilo-auksciau-nes.jpg","keywords":["auk\u0161\u010diau","kainos","modelio","modelis","nes","pakilo","pardavimai","suma\u017e\u0117jo","Tesla"],"articleSection":["ELEKTRINIAI AUTOMOBILIAI"],"inLanguage":"lt-LT","potentialAction":[{"@type":"CommentAction","name":"Comment","target":["http:\/\/eautomobiliai.lt\/index.php\/2025\/04\/09\/tesla-3-modelis-ir-y-modelio-kainos-pakilo-auksciau-nes-sumazejo-pardavimai\/#respond"]}]},{"@type":"WebPage","@id":"http:\/\/eautomobiliai.lt\/index.php\/2025\/04\/09\/tesla-3-modelis-ir-y-modelio-kainos-pakilo-auksciau-nes-sumazejo-pardavimai\/","url":"http:\/\/eautomobiliai.lt\/index.php\/2025\/04\/09\/tesla-3-modelis-ir-y-modelio-kainos-pakilo-auksciau-nes-sumazejo-pardavimai\/","name":"\u201eTesla\u201c 3 modelis ir Y modelio kainos pakilo auk\u0161\u010diau, nes suma\u017e\u0117jo pardavimai - Eautomobiliai.lt","isPartOf":{"@id":"https:\/\/eautomobiliai.lt\/#website"},"primaryImageOfPage":{"@id":"http:\/\/eautomobiliai.lt\/index.php\/2025\/04\/09\/tesla-3-modelis-ir-y-modelio-kainos-pakilo-auksciau-nes-sumazejo-pardavimai\/#primaryimage"},"image":{"@id":"http:\/\/eautomobiliai.lt\/index.php\/2025\/04\/09\/tesla-3-modelis-ir-y-modelio-kainos-pakilo-auksciau-nes-sumazejo-pardavimai\/#primaryimage"},"thumbnailUrl":"http:\/\/eautomobiliai.lt\/wp-content\/uploads\/2025\/04\/\u201eTesla-3-modelis-ir-Y-modelio-kainos-pakilo-auksciau-nes.jpg","datePublished":"2025-04-09T19:57:37+00:00","author":{"@id":"https:\/\/eautomobiliai.lt\/#\/schema\/person\/ecf2a967f361217d056061f74deb92f2"},"breadcrumb":{"@id":"http:\/\/eautomobiliai.lt\/index.php\/2025\/04\/09\/tesla-3-modelis-ir-y-modelio-kainos-pakilo-auksciau-nes-sumazejo-pardavimai\/#breadcrumb"},"inLanguage":"lt-LT","potentialAction":[{"@type":"ReadAction","target":["http:\/\/eautomobiliai.lt\/index.php\/2025\/04\/09\/tesla-3-modelis-ir-y-modelio-kainos-pakilo-auksciau-nes-sumazejo-pardavimai\/"]}]},{"@type":"ImageObject","inLanguage":"lt-LT","@id":"http:\/\/eautomobiliai.lt\/index.php\/2025\/04\/09\/tesla-3-modelis-ir-y-modelio-kainos-pakilo-auksciau-nes-sumazejo-pardavimai\/#primaryimage","url":"http:\/\/eautomobiliai.lt\/wp-content\/uploads\/2025\/04\/\u201eTesla-3-modelis-ir-Y-modelio-kainos-pakilo-auksciau-nes.jpg","contentUrl":"http:\/\/eautomobiliai.lt\/wp-content\/uploads\/2025\/04\/\u201eTesla-3-modelis-ir-Y-modelio-kainos-pakilo-auksciau-nes.jpg","width":1200,"height":628},{"@type":"BreadcrumbList","@id":"http:\/\/eautomobiliai.lt\/index.php\/2025\/04\/09\/tesla-3-modelis-ir-y-modelio-kainos-pakilo-auksciau-nes-sumazejo-pardavimai\/#breadcrumb","itemListElement":[{"@type":"ListItem","position":1,"name":"Home","item":"https:\/\/eautomobiliai.lt\/"},{"@type":"ListItem","position":2,"name":"\u201eTesla\u201c 3 modelis ir Y modelio kainos pakilo auk\u0161\u010diau, nes suma\u017e\u0117jo pardavimai"}]},{"@type":"WebSite","@id":"https:\/\/eautomobiliai.lt\/#website","url":"https:\/\/eautomobiliai.lt\/","name":"Eautomobiliai.lt","description":"Elektrinis transportas, technologijos","potentialAction":[{"@type":"SearchAction","target":{"@type":"EntryPoint","urlTemplate":"https:\/\/eautomobiliai.lt\/?s={search_term_string}"},"query-input":{"@type":"PropertyValueSpecification","valueRequired":true,"valueName":"search_term_string"}}],"inLanguage":"lt-LT"},{"@type":"Person","@id":"https:\/\/eautomobiliai.lt\/#\/schema\/person\/ecf2a967f361217d056061f74deb92f2","name":"admin","image":{"@type":"ImageObject","inLanguage":"lt-LT","@id":"https:\/\/eautomobiliai.lt\/#\/schema\/person\/image\/","url":"https:\/\/secure.gravatar.com\/avatar\/6323379efae0c70c686c7905444d6bbd?s=96&d=mm&r=g","contentUrl":"https:\/\/secure.gravatar.com\/avatar\/6323379efae0c70c686c7905444d6bbd?s=96&d=mm&r=g","caption":"admin"},"sameAs":["http:\/\/eautomobiliai.lt"],"url":"http:\/\/eautomobiliai.lt\/index.php\/author\/admin\/"}]}},"_links":{"self":[{"href":"http:\/\/eautomobiliai.lt\/index.php\/wp-json\/wp\/v2\/posts\/430","targetHints":{"allow":["GET"]}}],"collection":[{"href":"http:\/\/eautomobiliai.lt\/index.php\/wp-json\/wp\/v2\/posts"}],"about":[{"href":"http:\/\/eautomobiliai.lt\/index.php\/wp-json\/wp\/v2\/types\/post"}],"author":[{"embeddable":true,"href":"http:\/\/eautomobiliai.lt\/index.php\/wp-json\/wp\/v2\/users\/1"}],"replies":[{"embeddable":true,"href":"http:\/\/eautomobiliai.lt\/index.php\/wp-json\/wp\/v2\/comments?post=430"}],"version-history":[{"count":0,"href":"http:\/\/eautomobiliai.lt\/index.php\/wp-json\/wp\/v2\/posts\/430\/revisions"}],"wp:featuredmedia":[{"embeddable":true,"href":"http:\/\/eautomobiliai.lt\/index.php\/wp-json\/wp\/v2\/media\/431"}],"wp:attachment":[{"href":"http:\/\/eautomobiliai.lt\/index.php\/wp-json\/wp\/v2\/media?parent=430"}],"wp:term":[{"taxonomy":"category","embeddable":true,"href":"http:\/\/eautomobiliai.lt\/index.php\/wp-json\/wp\/v2\/categories?post=430"},{"taxonomy":"post_tag","embeddable":true,"href":"http:\/\/eautomobiliai.lt\/index.php\/wp-json\/wp\/v2\/tags?post=430"}],"curies":[{"name":"wp","href":"https:\/\/api.w.org\/{rel}","templated":true}]}}