{"id":447,"date":"2025-04-11T08:28:14","date_gmt":"2025-04-11T08:28:14","guid":{"rendered":"http:\/\/eautomobiliai.lt\/index.php\/2025\/04\/11\/koalicijos-gresme-nve-yra-panieka-del-klimato-neigeju-ir-barzdotu-ute-vairuotoju\/"},"modified":"2025-04-11T08:28:14","modified_gmt":"2025-04-11T08:28:14","slug":"koalicijos-gresme-nve-yra-panieka-del-klimato-neigeju-ir-barzdotu-ute-vairuotoju","status":"publish","type":"post","link":"http:\/\/eautomobiliai.lt\/index.php\/2025\/04\/11\/koalicijos-gresme-nve-yra-panieka-del-klimato-neigeju-ir-barzdotu-ute-vairuotoju\/","title":{"rendered":"Koalicijos gr\u0117sm\u0117 NVE yra panieka d\u0117l klimato neig\u0117j\u0173 ir barzdot\u0173 ute vairuotoj\u0173"},"content":{"rendered":"<p> <br \/>\n<\/p>\n<div id=\"\">\n<p>Federalin\u0117 koalicija, vadovaujama Peterio Duttono, paskelb\u0117, kad jei laim\u0117s vyriausyb\u0119, jos planuoja panaikinti nuobaudas, susijusias su naujos transporto priemon\u0117s efektyvumo standartu.<\/p>\n<p>Ai\u0161ku, tai reikalaut\u0173, kad abu Parlamento r\u016bmai priimt\u0173 \u012fstatym\u0173 leidybos pakeitimus, o koalicija \u017eino, kad ne\u012fmanoma be vienodai ne\u012fmanomos pergal\u0117s nuo\u0161liau\u017eos. Taigi, kas \u010dia vyksta?<\/p>\n<p>Mano analiz\u0117 yra ta, kad tai dar viena ne\u012ftik\u0117tina politika, kuria siekiama sulaukti paramos i\u0161 de\u0161iniojo sparno baz\u0117s, klimato neig\u0117j\u0173 ir ypa\u010d 18\u201334 met\u0173 vyr\u0173, kurie daugumoje apklaus\u0173 kur\u012f laik\u0105 trunka de\u0161in\u0119. Man patinka galvoti apie juos kaip barzdotus ute vairuotojus.<\/p>\n<p>Atv\u0117sina tai, kad koalicija tai apsireng\u0117 kaip i\u0161laid\u0173 taupymo priemon\u0119, grei\u010diausiai, remdamasis tuo, kad transporto priemon\u0117s importuotojams, kuriems gresia baudos, kuriems pagal NVE, nebereik\u0117s perduoti \u0161i\u0173 papildom\u0173 i\u0161laid\u0173 vartotojams.<\/p>\n<p>Realyb\u0117 yra tokia, kad dauguma \u0161eim\u0173 perka naudot\u0173 transporto priemoni\u0173, kuri\u0173 NVE n\u0117ra veikiamos. \u0160ios transporto priemon\u0117s paprastai naudoja ma\u017edaug 40% daugiau degal\u0173 nei lygiavert\u0117s transporto priemon\u0117s ES ir 20% daugiau nei JAV.<\/p>\n<p>Be \u201eNves\u201c baud\u0173, importuotojams n\u0117ra paskat\u0173 pristatyti savo efektyvesni\u0173 modeli\u0173, tod\u0117l nauji automobiliai sudegins daugiau degal\u0173 ir toliau tai darys, nes jie tek\u0117s \u012f naudot\u0105 rink\u0105.<\/p>\n<p>Automobili\u0173 \u012fmon\u0117s, importuojan\u010dios transporto priemones \u012f Australij\u0105, ilgai tur\u0117jo pasiruo\u0161ti NVE. I\u0161 ties\u0173, vienas i\u0161 j\u0173 skund\u0173 yra apie standartizacijos tr\u016bkum\u0105 visose rinkose, did\u0117jan\u010dias gamybos sud\u0117tingum\u0105.<\/p>\n<p>Kod\u0117l tada kai kurioms \u012fmon\u0117ms gamybos linijos turi specialiai ne tokias efektyvias transporto priemones, skirtas i\u0161skirtinai Australijos rinkai?<\/p>\n<p>Labiausiai skund\u017eiasi bendrov\u0117s, neturin\u010dios pl\u0117tros plan\u0173 d\u0117l ma\u017eos i\u0161metam\u0173j\u0173 ter\u0161al\u0173 ateities. Yra ni\u016brus d\u0117l to, kad jau nutraukiama keli\u0173 modeli\u0173 importas.<\/p>\n<p>Ar NVE veikia? Apskritai, taip, jau did\u0117jant degal\u0173 akciz\u0173 pajamoms, hibridini\u0173 transporto priemoni\u0173 pakilimui ir stabiliai padid\u0117jus\u012f akumuliatori\u0173 elektrini\u0173 transporto priemoni\u0173 (BEV) prieinamum\u0105 ir pardavim\u0105, nes pirkimo i\u0161laidos atitiko lygiavertes ledo transporto priemones kelerius metus prie\u0161 daugiausiai prognozi\u0173.<\/p>\n<p>Hibrid\u0173 \u012fsp\u0117jimas yra tas, kad jie yra laikinoji technologija, turinti kintamus degal\u0173 efektyvumo rezultatus, atsi\u017evelgiant \u012f tip\u0105 ir tai, kaip jie varomi. Teis\u0117s aktai, prat\u0119siantys ir palaipsniui sugrie\u017etinant NVE, u\u017e jo pabaigos dat\u0105, reikia, kad b\u016bt\u0173 galima naudoti nulin\u0119 emisij\u0173 transporto priemones.<\/p>\n<p>Kod\u0117l visa tai svarbu? Jei NVES nesukels b\u016btin\u0173 poky\u010di\u0173, australai ir toliau degs iki 40% daugiau degal\u0173, kad nuva\u017eiuot\u0173 tok\u012f pat\u012f atstum\u0105 kaip ir kit\u0173 \u0161ali\u0173 \u017emon\u0117s, turintys i\u0161metam\u0173j\u0173 ter\u0161al\u0173 standartus, vargu ar tai, k\u0105 reikia palaikyti kaip pragyvenimo priemon\u0117s kain\u0105.<\/p>\n<p>Dar blogiau, kad daugiau degal\u0173 deginam\u0173 degal\u0173 rei\u0161kia daugiau toksi\u0161k\u0173 transporto priemoni\u0173 i\u0161metam\u0173j\u0173 ter\u0161al\u0173, padidinan\u010di\u0173 didel\u0119 \u0161ios prie\u017easties ligos na\u0161t\u0105. Apytiksl\u0117 apskai\u010diuota, kad kiekvienais metais mirties nuo transporto priemoni\u0173 i\u0161metam\u0173j\u0173 ter\u0161al\u0173 mirtys yra ma\u017edaug de\u0161imt kart\u0173 didesn\u0117 u\u017e metin\u0119 rinkliav\u0105.<\/p>\n<p>Miestai, tokie kaip Londonas, \u0117m\u0117si priemoni\u0173, skirt\u0173 suma\u017einti i\u0161metam\u0173j\u0173 ter\u0161al\u0173 kiek\u012f, ir pasteb\u0117jo dramati\u0161k\u0105 oro kokyb\u0117s pager\u0117jim\u0105 ir lig\u0173, susijusi\u0173 su oro tar\u0161a, suma\u017einimu, ypa\u010d vaik\u0173 kv\u0117pavimo tak\u0173 ligomis.<\/p>\n<p>Koalicijos planas pakeisti NVE yra akivaizd\u017eiai baisi id\u0117ja, prie\u0161taraujanti paprast\u0173 austral\u0173 interesams ir atkreipia d\u0117mes\u012f \u012f tai, kad jie visi\u0161kai nesidomi daryti k\u0105 nors d\u0117l transporto priemoni\u0173 i\u0161metam\u0173j\u0173 ter\u0161al\u0173, netrukus bus did\u017eiausias m\u016bs\u0173 i\u0161metam\u0173j\u0173 ter\u0161al\u0173 \u0161altinis.<\/p>\n<p>Bandymas parduoti supuvusi\u0105 politik\u0105 reikia i\u0161kviesti, nepaisant to, koks gali b\u016bti ketinimas. Australai nusipelno kur kas geresnio m\u016bs\u0173 i\u0161rinkt\u0173 atstov\u0173.<\/p>\n<p>Visada paklauskite: \u201eQui Bono?\u201c (\u201eGoogle\u201c).<\/p>\n<p><!-- AI CONTENT END 1 --><\/p><\/div>\n<p><br \/>\n<br \/><a href=\"https:\/\/thedriven.io\/2025\/04\/11\/coalition-threat-to-nves-is-pandering-to-climate-deniers-and-bearded-ute-drivers\/\">Source link <\/a><\/p>\n","protected":false},"excerpt":{"rendered":"<p>Federalin\u0117 koalicija, vadovaujama Peterio Duttono, paskelb\u0117, kad jei laim\u0117s vyriausyb\u0119, jos planuoja panaikinti nuobaudas, susijusias su naujos transporto priemon\u0117s efektyvumo&hellip;<\/p>\n","protected":false},"author":1,"featured_media":448,"comment_status":"open","ping_status":"open","sticky":false,"template":"","format":"standard","meta":{"om_disable_all_campaigns":false,"_monsterinsights_skip_tracking":false,"_monsterinsights_sitenote_active":false,"_monsterinsights_sitenote_note":"","_monsterinsights_sitenote_category":0,"footnotes":""},"categories":[39],"tags":[1162,817,1157,1160,1156,1161,1158,1159,773,853,49],"class_list":["post-447","post","type-post","status-publish","format-standard","has-post-thumbnail","hentry","category-eautomobiliu-technine-puse","tag-barzdotu","tag-del","tag-gresme","tag-klimato","tag-koalicijos","tag-neigeju","tag-nve","tag-panieka","tag-ute","tag-vairuotoju","tag-yra"],"aioseo_notices":[],"yoast_head":"<!-- This site is optimized with the Yoast SEO plugin v26.8 - https:\/\/yoast.com\/product\/yoast-seo-wordpress\/ -->\n<title>Koalicijos gr\u0117sm\u0117 NVE yra panieka d\u0117l klimato neig\u0117j\u0173 ir barzdot\u0173 ute vairuotoj\u0173 - Eautomobiliai.lt<\/title>\n<meta name=\"robots\" content=\"index, follow, max-snippet:-1, max-image-preview:large, max-video-preview:-1\" \/>\n<link rel=\"canonical\" href=\"http:\/\/eautomobiliai.lt\/index.php\/2025\/04\/11\/koalicijos-gresme-nve-yra-panieka-del-klimato-neigeju-ir-barzdotu-ute-vairuotoju\/\" \/>\n<meta property=\"og:locale\" content=\"lt_LT\" \/>\n<meta property=\"og:type\" content=\"article\" \/>\n<meta property=\"og:title\" content=\"Koalicijos gr\u0117sm\u0117 NVE yra panieka d\u0117l klimato neig\u0117j\u0173 ir barzdot\u0173 ute vairuotoj\u0173 - Eautomobiliai.lt\" \/>\n<meta property=\"og:description\" content=\"Federalin\u0117 koalicija, vadovaujama Peterio Duttono, paskelb\u0117, kad jei laim\u0117s vyriausyb\u0119, jos planuoja panaikinti nuobaudas, susijusias su naujos transporto priemon\u0117s efektyvumo&hellip;\" \/>\n<meta property=\"og:url\" content=\"http:\/\/eautomobiliai.lt\/index.php\/2025\/04\/11\/koalicijos-gresme-nve-yra-panieka-del-klimato-neigeju-ir-barzdotu-ute-vairuotoju\/\" \/>\n<meta property=\"og:site_name\" content=\"Eautomobiliai.lt\" \/>\n<meta property=\"article:published_time\" content=\"2025-04-11T08:28:14+00:00\" \/>\n<meta property=\"og:image\" content=\"http:\/\/eautomobiliai.lt\/wp-content\/uploads\/2025\/04\/Koalicijos-gresme-NVE-yra-panieka-del-klimato-neigeju-ir-barzdotu.jpeg\" \/>\n\t<meta property=\"og:image:width\" content=\"1800\" \/>\n\t<meta property=\"og:image:height\" content=\"1200\" \/>\n\t<meta property=\"og:image:type\" content=\"image\/jpeg\" \/>\n<meta name=\"author\" content=\"admin\" \/>\n<meta name=\"twitter:card\" content=\"summary_large_image\" \/>\n<meta name=\"twitter:label1\" content=\"Written by\" \/>\n\t<meta name=\"twitter:data1\" content=\"admin\" \/>\n\t<meta name=\"twitter:label2\" content=\"Est. reading time\" \/>\n\t<meta name=\"twitter:data2\" content=\"3 minut\u0117s\" \/>\n<script type=\"application\/ld+json\" class=\"yoast-schema-graph\">{\"@context\":\"https:\/\/schema.org\",\"@graph\":[{\"@type\":\"Article\",\"@id\":\"http:\/\/eautomobiliai.lt\/index.php\/2025\/04\/11\/koalicijos-gresme-nve-yra-panieka-del-klimato-neigeju-ir-barzdotu-ute-vairuotoju\/#article\",\"isPartOf\":{\"@id\":\"http:\/\/eautomobiliai.lt\/index.php\/2025\/04\/11\/koalicijos-gresme-nve-yra-panieka-del-klimato-neigeju-ir-barzdotu-ute-vairuotoju\/\"},\"author\":{\"name\":\"admin\",\"@id\":\"http:\/\/eautomobiliai.lt\/#\/schema\/person\/ecf2a967f361217d056061f74deb92f2\"},\"headline\":\"Koalicijos gr\u0117sm\u0117 NVE yra panieka d\u0117l klimato neig\u0117j\u0173 ir barzdot\u0173 ute vairuotoj\u0173\",\"datePublished\":\"2025-04-11T08:28:14+00:00\",\"mainEntityOfPage\":{\"@id\":\"http:\/\/eautomobiliai.lt\/index.php\/2025\/04\/11\/koalicijos-gresme-nve-yra-panieka-del-klimato-neigeju-ir-barzdotu-ute-vairuotoju\/\"},\"wordCount\":615,\"commentCount\":0,\"image\":{\"@id\":\"http:\/\/eautomobiliai.lt\/index.php\/2025\/04\/11\/koalicijos-gresme-nve-yra-panieka-del-klimato-neigeju-ir-barzdotu-ute-vairuotoju\/#primaryimage\"},\"thumbnailUrl\":\"http:\/\/eautomobiliai.lt\/wp-content\/uploads\/2025\/04\/Koalicijos-gresme-NVE-yra-panieka-del-klimato-neigeju-ir-barzdotu.jpeg\",\"keywords\":[\"barzdot\u0173\",\"d\u0117l\",\"gr\u0117sm\u0117\",\"klimato\",\"Koalicijos\",\"neig\u0117j\u0173\",\"NVE\",\"panieka\",\"ute\",\"vairuotoj\u0173\",\"yra\"],\"articleSection\":[\"eAUTOMOBILI\u0172 TECHNIN\u0116 PUS\u0116\"],\"inLanguage\":\"lt-LT\",\"potentialAction\":[{\"@type\":\"CommentAction\",\"name\":\"Comment\",\"target\":[\"http:\/\/eautomobiliai.lt\/index.php\/2025\/04\/11\/koalicijos-gresme-nve-yra-panieka-del-klimato-neigeju-ir-barzdotu-ute-vairuotoju\/#respond\"]}]},{\"@type\":\"WebPage\",\"@id\":\"http:\/\/eautomobiliai.lt\/index.php\/2025\/04\/11\/koalicijos-gresme-nve-yra-panieka-del-klimato-neigeju-ir-barzdotu-ute-vairuotoju\/\",\"url\":\"http:\/\/eautomobiliai.lt\/index.php\/2025\/04\/11\/koalicijos-gresme-nve-yra-panieka-del-klimato-neigeju-ir-barzdotu-ute-vairuotoju\/\",\"name\":\"Koalicijos gr\u0117sm\u0117 NVE yra panieka d\u0117l klimato neig\u0117j\u0173 ir barzdot\u0173 ute vairuotoj\u0173 - Eautomobiliai.lt\",\"isPartOf\":{\"@id\":\"http:\/\/eautomobiliai.lt\/#website\"},\"primaryImageOfPage\":{\"@id\":\"http:\/\/eautomobiliai.lt\/index.php\/2025\/04\/11\/koalicijos-gresme-nve-yra-panieka-del-klimato-neigeju-ir-barzdotu-ute-vairuotoju\/#primaryimage\"},\"image\":{\"@id\":\"http:\/\/eautomobiliai.lt\/index.php\/2025\/04\/11\/koalicijos-gresme-nve-yra-panieka-del-klimato-neigeju-ir-barzdotu-ute-vairuotoju\/#primaryimage\"},\"thumbnailUrl\":\"http:\/\/eautomobiliai.lt\/wp-content\/uploads\/2025\/04\/Koalicijos-gresme-NVE-yra-panieka-del-klimato-neigeju-ir-barzdotu.jpeg\",\"datePublished\":\"2025-04-11T08:28:14+00:00\",\"author\":{\"@id\":\"http:\/\/eautomobiliai.lt\/#\/schema\/person\/ecf2a967f361217d056061f74deb92f2\"},\"breadcrumb\":{\"@id\":\"http:\/\/eautomobiliai.lt\/index.php\/2025\/04\/11\/koalicijos-gresme-nve-yra-panieka-del-klimato-neigeju-ir-barzdotu-ute-vairuotoju\/#breadcrumb\"},\"inLanguage\":\"lt-LT\",\"potentialAction\":[{\"@type\":\"ReadAction\",\"target\":[\"http:\/\/eautomobiliai.lt\/index.php\/2025\/04\/11\/koalicijos-gresme-nve-yra-panieka-del-klimato-neigeju-ir-barzdotu-ute-vairuotoju\/\"]}]},{\"@type\":\"ImageObject\",\"inLanguage\":\"lt-LT\",\"@id\":\"http:\/\/eautomobiliai.lt\/index.php\/2025\/04\/11\/koalicijos-gresme-nve-yra-panieka-del-klimato-neigeju-ir-barzdotu-ute-vairuotoju\/#primaryimage\",\"url\":\"http:\/\/eautomobiliai.lt\/wp-content\/uploads\/2025\/04\/Koalicijos-gresme-NVE-yra-panieka-del-klimato-neigeju-ir-barzdotu.jpeg\",\"contentUrl\":\"http:\/\/eautomobiliai.lt\/wp-content\/uploads\/2025\/04\/Koalicijos-gresme-NVE-yra-panieka-del-klimato-neigeju-ir-barzdotu.jpeg\",\"width\":1800,\"height\":1200},{\"@type\":\"BreadcrumbList\",\"@id\":\"http:\/\/eautomobiliai.lt\/index.php\/2025\/04\/11\/koalicijos-gresme-nve-yra-panieka-del-klimato-neigeju-ir-barzdotu-ute-vairuotoju\/#breadcrumb\",\"itemListElement\":[{\"@type\":\"ListItem\",\"position\":1,\"name\":\"Home\",\"item\":\"http:\/\/eautomobiliai.lt\/\"},{\"@type\":\"ListItem\",\"position\":2,\"name\":\"Koalicijos gr\u0117sm\u0117 NVE yra panieka d\u0117l klimato neig\u0117j\u0173 ir barzdot\u0173 ute vairuotoj\u0173\"}]},{\"@type\":\"WebSite\",\"@id\":\"http:\/\/eautomobiliai.lt\/#website\",\"url\":\"http:\/\/eautomobiliai.lt\/\",\"name\":\"Eautomobiliai.lt\",\"description\":\"Elektrinis transportas, technologijos\",\"potentialAction\":[{\"@type\":\"SearchAction\",\"target\":{\"@type\":\"EntryPoint\",\"urlTemplate\":\"http:\/\/eautomobiliai.lt\/?s={search_term_string}\"},\"query-input\":{\"@type\":\"PropertyValueSpecification\",\"valueRequired\":true,\"valueName\":\"search_term_string\"}}],\"inLanguage\":\"lt-LT\"},{\"@type\":\"Person\",\"@id\":\"http:\/\/eautomobiliai.lt\/#\/schema\/person\/ecf2a967f361217d056061f74deb92f2\",\"name\":\"admin\",\"image\":{\"@type\":\"ImageObject\",\"inLanguage\":\"lt-LT\",\"@id\":\"http:\/\/eautomobiliai.lt\/#\/schema\/person\/image\/\",\"url\":\"https:\/\/secure.gravatar.com\/avatar\/6323379efae0c70c686c7905444d6bbd?s=96&d=mm&r=g\",\"contentUrl\":\"https:\/\/secure.gravatar.com\/avatar\/6323379efae0c70c686c7905444d6bbd?s=96&d=mm&r=g\",\"caption\":\"admin\"},\"sameAs\":[\"http:\/\/eautomobiliai.lt\"],\"url\":\"http:\/\/eautomobiliai.lt\/index.php\/author\/admin\/\"}]}<\/script>\n<!-- \/ Yoast SEO plugin. -->","yoast_head_json":{"title":"Koalicijos gr\u0117sm\u0117 NVE yra panieka d\u0117l klimato neig\u0117j\u0173 ir barzdot\u0173 ute vairuotoj\u0173 - Eautomobiliai.lt","robots":{"index":"index","follow":"follow","max-snippet":"max-snippet:-1","max-image-preview":"max-image-preview:large","max-video-preview":"max-video-preview:-1"},"canonical":"http:\/\/eautomobiliai.lt\/index.php\/2025\/04\/11\/koalicijos-gresme-nve-yra-panieka-del-klimato-neigeju-ir-barzdotu-ute-vairuotoju\/","og_locale":"lt_LT","og_type":"article","og_title":"Koalicijos gr\u0117sm\u0117 NVE yra panieka d\u0117l klimato neig\u0117j\u0173 ir barzdot\u0173 ute vairuotoj\u0173 - Eautomobiliai.lt","og_description":"Federalin\u0117 koalicija, vadovaujama Peterio Duttono, paskelb\u0117, kad jei laim\u0117s vyriausyb\u0119, jos planuoja panaikinti nuobaudas, susijusias su naujos transporto priemon\u0117s efektyvumo&hellip;","og_url":"http:\/\/eautomobiliai.lt\/index.php\/2025\/04\/11\/koalicijos-gresme-nve-yra-panieka-del-klimato-neigeju-ir-barzdotu-ute-vairuotoju\/","og_site_name":"Eautomobiliai.lt","article_published_time":"2025-04-11T08:28:14+00:00","og_image":[{"width":1800,"height":1200,"url":"http:\/\/eautomobiliai.lt\/wp-content\/uploads\/2025\/04\/Koalicijos-gresme-NVE-yra-panieka-del-klimato-neigeju-ir-barzdotu.jpeg","type":"image\/jpeg"}],"author":"admin","twitter_card":"summary_large_image","twitter_misc":{"Written by":"admin","Est. reading time":"3 minut\u0117s"},"schema":{"@context":"https:\/\/schema.org","@graph":[{"@type":"Article","@id":"http:\/\/eautomobiliai.lt\/index.php\/2025\/04\/11\/koalicijos-gresme-nve-yra-panieka-del-klimato-neigeju-ir-barzdotu-ute-vairuotoju\/#article","isPartOf":{"@id":"http:\/\/eautomobiliai.lt\/index.php\/2025\/04\/11\/koalicijos-gresme-nve-yra-panieka-del-klimato-neigeju-ir-barzdotu-ute-vairuotoju\/"},"author":{"name":"admin","@id":"http:\/\/eautomobiliai.lt\/#\/schema\/person\/ecf2a967f361217d056061f74deb92f2"},"headline":"Koalicijos gr\u0117sm\u0117 NVE yra panieka d\u0117l klimato neig\u0117j\u0173 ir barzdot\u0173 ute vairuotoj\u0173","datePublished":"2025-04-11T08:28:14+00:00","mainEntityOfPage":{"@id":"http:\/\/eautomobiliai.lt\/index.php\/2025\/04\/11\/koalicijos-gresme-nve-yra-panieka-del-klimato-neigeju-ir-barzdotu-ute-vairuotoju\/"},"wordCount":615,"commentCount":0,"image":{"@id":"http:\/\/eautomobiliai.lt\/index.php\/2025\/04\/11\/koalicijos-gresme-nve-yra-panieka-del-klimato-neigeju-ir-barzdotu-ute-vairuotoju\/#primaryimage"},"thumbnailUrl":"http:\/\/eautomobiliai.lt\/wp-content\/uploads\/2025\/04\/Koalicijos-gresme-NVE-yra-panieka-del-klimato-neigeju-ir-barzdotu.jpeg","keywords":["barzdot\u0173","d\u0117l","gr\u0117sm\u0117","klimato","Koalicijos","neig\u0117j\u0173","NVE","panieka","ute","vairuotoj\u0173","yra"],"articleSection":["eAUTOMOBILI\u0172 TECHNIN\u0116 PUS\u0116"],"inLanguage":"lt-LT","potentialAction":[{"@type":"CommentAction","name":"Comment","target":["http:\/\/eautomobiliai.lt\/index.php\/2025\/04\/11\/koalicijos-gresme-nve-yra-panieka-del-klimato-neigeju-ir-barzdotu-ute-vairuotoju\/#respond"]}]},{"@type":"WebPage","@id":"http:\/\/eautomobiliai.lt\/index.php\/2025\/04\/11\/koalicijos-gresme-nve-yra-panieka-del-klimato-neigeju-ir-barzdotu-ute-vairuotoju\/","url":"http:\/\/eautomobiliai.lt\/index.php\/2025\/04\/11\/koalicijos-gresme-nve-yra-panieka-del-klimato-neigeju-ir-barzdotu-ute-vairuotoju\/","name":"Koalicijos gr\u0117sm\u0117 NVE yra panieka d\u0117l klimato neig\u0117j\u0173 ir barzdot\u0173 ute vairuotoj\u0173 - Eautomobiliai.lt","isPartOf":{"@id":"http:\/\/eautomobiliai.lt\/#website"},"primaryImageOfPage":{"@id":"http:\/\/eautomobiliai.lt\/index.php\/2025\/04\/11\/koalicijos-gresme-nve-yra-panieka-del-klimato-neigeju-ir-barzdotu-ute-vairuotoju\/#primaryimage"},"image":{"@id":"http:\/\/eautomobiliai.lt\/index.php\/2025\/04\/11\/koalicijos-gresme-nve-yra-panieka-del-klimato-neigeju-ir-barzdotu-ute-vairuotoju\/#primaryimage"},"thumbnailUrl":"http:\/\/eautomobiliai.lt\/wp-content\/uploads\/2025\/04\/Koalicijos-gresme-NVE-yra-panieka-del-klimato-neigeju-ir-barzdotu.jpeg","datePublished":"2025-04-11T08:28:14+00:00","author":{"@id":"http:\/\/eautomobiliai.lt\/#\/schema\/person\/ecf2a967f361217d056061f74deb92f2"},"breadcrumb":{"@id":"http:\/\/eautomobiliai.lt\/index.php\/2025\/04\/11\/koalicijos-gresme-nve-yra-panieka-del-klimato-neigeju-ir-barzdotu-ute-vairuotoju\/#breadcrumb"},"inLanguage":"lt-LT","potentialAction":[{"@type":"ReadAction","target":["http:\/\/eautomobiliai.lt\/index.php\/2025\/04\/11\/koalicijos-gresme-nve-yra-panieka-del-klimato-neigeju-ir-barzdotu-ute-vairuotoju\/"]}]},{"@type":"ImageObject","inLanguage":"lt-LT","@id":"http:\/\/eautomobiliai.lt\/index.php\/2025\/04\/11\/koalicijos-gresme-nve-yra-panieka-del-klimato-neigeju-ir-barzdotu-ute-vairuotoju\/#primaryimage","url":"http:\/\/eautomobiliai.lt\/wp-content\/uploads\/2025\/04\/Koalicijos-gresme-NVE-yra-panieka-del-klimato-neigeju-ir-barzdotu.jpeg","contentUrl":"http:\/\/eautomobiliai.lt\/wp-content\/uploads\/2025\/04\/Koalicijos-gresme-NVE-yra-panieka-del-klimato-neigeju-ir-barzdotu.jpeg","width":1800,"height":1200},{"@type":"BreadcrumbList","@id":"http:\/\/eautomobiliai.lt\/index.php\/2025\/04\/11\/koalicijos-gresme-nve-yra-panieka-del-klimato-neigeju-ir-barzdotu-ute-vairuotoju\/#breadcrumb","itemListElement":[{"@type":"ListItem","position":1,"name":"Home","item":"http:\/\/eautomobiliai.lt\/"},{"@type":"ListItem","position":2,"name":"Koalicijos gr\u0117sm\u0117 NVE yra panieka d\u0117l klimato neig\u0117j\u0173 ir barzdot\u0173 ute vairuotoj\u0173"}]},{"@type":"WebSite","@id":"http:\/\/eautomobiliai.lt\/#website","url":"http:\/\/eautomobiliai.lt\/","name":"Eautomobiliai.lt","description":"Elektrinis transportas, technologijos","potentialAction":[{"@type":"SearchAction","target":{"@type":"EntryPoint","urlTemplate":"http:\/\/eautomobiliai.lt\/?s={search_term_string}"},"query-input":{"@type":"PropertyValueSpecification","valueRequired":true,"valueName":"search_term_string"}}],"inLanguage":"lt-LT"},{"@type":"Person","@id":"http:\/\/eautomobiliai.lt\/#\/schema\/person\/ecf2a967f361217d056061f74deb92f2","name":"admin","image":{"@type":"ImageObject","inLanguage":"lt-LT","@id":"http:\/\/eautomobiliai.lt\/#\/schema\/person\/image\/","url":"https:\/\/secure.gravatar.com\/avatar\/6323379efae0c70c686c7905444d6bbd?s=96&d=mm&r=g","contentUrl":"https:\/\/secure.gravatar.com\/avatar\/6323379efae0c70c686c7905444d6bbd?s=96&d=mm&r=g","caption":"admin"},"sameAs":["http:\/\/eautomobiliai.lt"],"url":"http:\/\/eautomobiliai.lt\/index.php\/author\/admin\/"}]}},"_links":{"self":[{"href":"http:\/\/eautomobiliai.lt\/index.php\/wp-json\/wp\/v2\/posts\/447","targetHints":{"allow":["GET"]}}],"collection":[{"href":"http:\/\/eautomobiliai.lt\/index.php\/wp-json\/wp\/v2\/posts"}],"about":[{"href":"http:\/\/eautomobiliai.lt\/index.php\/wp-json\/wp\/v2\/types\/post"}],"author":[{"embeddable":true,"href":"http:\/\/eautomobiliai.lt\/index.php\/wp-json\/wp\/v2\/users\/1"}],"replies":[{"embeddable":true,"href":"http:\/\/eautomobiliai.lt\/index.php\/wp-json\/wp\/v2\/comments?post=447"}],"version-history":[{"count":0,"href":"http:\/\/eautomobiliai.lt\/index.php\/wp-json\/wp\/v2\/posts\/447\/revisions"}],"wp:featuredmedia":[{"embeddable":true,"href":"http:\/\/eautomobiliai.lt\/index.php\/wp-json\/wp\/v2\/media\/448"}],"wp:attachment":[{"href":"http:\/\/eautomobiliai.lt\/index.php\/wp-json\/wp\/v2\/media?parent=447"}],"wp:term":[{"taxonomy":"category","embeddable":true,"href":"http:\/\/eautomobiliai.lt\/index.php\/wp-json\/wp\/v2\/categories?post=447"},{"taxonomy":"post_tag","embeddable":true,"href":"http:\/\/eautomobiliai.lt\/index.php\/wp-json\/wp\/v2\/tags?post=447"}],"curies":[{"name":"wp","href":"https:\/\/api.w.org\/{rel}","templated":true}]}}