{"id":469,"date":"2025-04-13T04:33:12","date_gmt":"2025-04-13T04:33:12","guid":{"rendered":"http:\/\/eautomobiliai.lt\/index.php\/2025\/04\/13\/2025-m\/"},"modified":"2025-04-13T04:33:12","modified_gmt":"2025-04-13T04:33:12","slug":"2025-m","status":"publish","type":"post","link":"http:\/\/eautomobiliai.lt\/index.php\/2025\/04\/13\/2025-m\/","title":{"rendered":"2025 m."},"content":{"rendered":"<p> <br \/>\n<\/p>\n<div>\n<figure class=\"img-border featured-image\">\n\t<\/figure>\n<p>A\u0161 tur\u0117jau galimyb\u0119 kelias valandas vairuoti nauj\u0105j\u012f 2025 RS Audi GT E-Tron Nevados dykumoje ir kelet\u0105 minu\u010di\u0173 lenktyni\u0173 trasoje.<\/p>\n<p>\u0160tai mano mintys.<\/p>\n<p><span id=\"more-409822\"\/><\/p>\n<p>\u201eAudi\u201c labai padidino savo \u201eEV\u201c \u017eaidim\u0105 su naujomis elektrin\u0117mis transporto priemon\u0117mis, pagr\u012fstais AAP platforma. Per pastaruosius metus a\u0161 vairavau ir \u201eQ6\u201c &#8211; elektrin\u012f visureig\u012f, paremt\u0105 AAP, ir \u201eA6\u201c &#8211; elektriniu sedanu, paremtu ta pa\u010dia platforma, ir a\u0161 i\u0161\u0117jau nepaprastai su\u017eav\u0117tas.<\/p>\n<p>Manau, kad tos transporto priemon\u0117s pakels \u201eAudi\u201c \u012f kit\u0105 lyg\u012f, kai kalbama apie EV.<\/p>\n<p>\t<span class=\"outbrain-ad-label\">Skelbimas &#8211; slinkite daugiau turinio<\/span><\/p>\n<p>Bet jie n\u0117ra EV, stumiantys \u201eAudi\u201c ribas; Tai vis dar yra jo pavyzdinis \u201eAudi GT E-TRON\u201c, dabar su geriausios rezultat\u0173 RS versija, paleista kartu su 2025 modelio met\u0173 atnaujinimu. <\/p>\n<p>Naujasis \u201eGT E-Tron\u201c, pastatytas toje pa\u010dioje platformoje kaip ir \u201ePorsche Taycan\u201c, yra daugiau nei modelio met\u0173 atnaujinimas; Tai yra ciklo vidurio atnaujinimas, bet ne normalus. Nors vidurio ciklo atnaujinimai da\u017enai sutelkia d\u0117mes\u012f \u012f dizaino pakeitimus ir pridedant kelet\u0105 funkcij\u0173, 2025 \u201eGT E-Tron\u201c atrodo labai pana\u0161us \u012f ankstesn\u0119 versij\u0105, ta\u010diau po gaubtu ji \u017eymiai skiriasi.<\/p>\n<p>Dizainas buvo \u0161iek tiek atnaujintas su korio grotel\u0117mis, keliais naujais rat\u0173 dizainais ir labai \u0161auniu nauju \u201eMotorsport\u201c \u012fkv\u0117ptu galiniu at\u0161vaitu.<\/p>\n<p>Manau, kad u\u017epakalinis difuzorius su vertikaliu at\u0161vaitu serga RS GT:<\/p>\n<figure class=\"wp-block-image alignwide size-large\"><img loading=\"lazy\" decoding=\"async\" width=\"2584\" height=\"1324\" src=\"https:\/\/electrek.co\/wp-content\/uploads\/sites\/3\/2025\/04\/Screenshot-2025-04-12-at-12.15.49\u202fPM.png?w=1024\" alt=\"\" class=\"wp-image-411144\" srcset=\"https:\/\/electrek.co\/wp-content\/uploads\/sites\/3\/2025\/04\/Screenshot-2025-04-12-at-12.15.49\u202fPM.png 2584w, https:\/\/electrek.co\/wp-content\/uploads\/sites\/3\/2025\/04\/Screenshot-2025-04-12-at-12.15.49\u202fPM.png?resize=150,77 150w, https:\/\/electrek.co\/wp-content\/uploads\/sites\/3\/2025\/04\/Screenshot-2025-04-12-at-12.15.49\u202fPM.png?resize=300,154 300w, https:\/\/electrek.co\/wp-content\/uploads\/sites\/3\/2025\/04\/Screenshot-2025-04-12-at-12.15.49\u202fPM.png?resize=768,394 768w, https:\/\/electrek.co\/wp-content\/uploads\/sites\/3\/2025\/04\/Screenshot-2025-04-12-at-12.15.49\u202fPM.png?resize=1024,525 1024w, https:\/\/electrek.co\/wp-content\/uploads\/sites\/3\/2025\/04\/Screenshot-2025-04-12-at-12.15.49\u202fPM.png?resize=1536,787 1536w, https:\/\/electrek.co\/wp-content\/uploads\/sites\/3\/2025\/04\/Screenshot-2025-04-12-at-12.15.49\u202fPM.png?resize=2048,1049 2048w, https:\/\/electrek.co\/wp-content\/uploads\/sites\/3\/2025\/04\/Screenshot-2025-04-12-at-12.15.49\u202fPM.png?resize=350,179 350w, https:\/\/electrek.co\/wp-content\/uploads\/sites\/3\/2025\/04\/Screenshot-2025-04-12-at-12.15.49\u202fPM.png?resize=140,72 140w, https:\/\/electrek.co\/wp-content\/uploads\/sites\/3\/2025\/04\/Screenshot-2025-04-12-at-12.15.49\u202fPM.png?resize=1600,820 1600w\" sizes=\"auto, (max-width: 2584px) 100vw, 2584px\"\/><\/figure>\n<p>Tai vis dar atrodo ta pati sporti\u0161ka transporto priemon\u0117, ta\u010diau tobulesn\u0117, ypa\u010d RS versija.<\/p>\n<p>Kalbant apie RS versij\u0105, dabar tai yra pats galingiausias \u201eAudi\u201c, turintis beveik 1000 arklio gali\u0173 (912 AG). Tai d\u0117ka nauj\u0173 varikli\u0173, padid\u0117jusio vario tankio, tod\u0117l padid\u0117ja galia ir ma\u017eesnis svoris:<\/p>\n<figure class=\"wp-block-image alignwide size-large\"><img loading=\"lazy\" decoding=\"async\" width=\"1400\" height=\"974\" src=\"https:\/\/electrek.co\/wp-content\/uploads\/sites\/3\/2025\/04\/Screenshot-2025-04-12-at-12.56.22\u202fPM.png?w=1024\" alt=\"\" class=\"wp-image-411157\" srcset=\"https:\/\/electrek.co\/wp-content\/uploads\/sites\/3\/2025\/04\/Screenshot-2025-04-12-at-12.56.22\u202fPM.png 1400w, https:\/\/electrek.co\/wp-content\/uploads\/sites\/3\/2025\/04\/Screenshot-2025-04-12-at-12.56.22\u202fPM.png?resize=150,104 150w, https:\/\/electrek.co\/wp-content\/uploads\/sites\/3\/2025\/04\/Screenshot-2025-04-12-at-12.56.22\u202fPM.png?resize=300,209 300w, https:\/\/electrek.co\/wp-content\/uploads\/sites\/3\/2025\/04\/Screenshot-2025-04-12-at-12.56.22\u202fPM.png?resize=768,534 768w, https:\/\/electrek.co\/wp-content\/uploads\/sites\/3\/2025\/04\/Screenshot-2025-04-12-at-12.56.22\u202fPM.png?resize=1024,712 1024w, https:\/\/electrek.co\/wp-content\/uploads\/sites\/3\/2025\/04\/Screenshot-2025-04-12-at-12.56.22\u202fPM.png?resize=350,244 350w, https:\/\/electrek.co\/wp-content\/uploads\/sites\/3\/2025\/04\/Screenshot-2025-04-12-at-12.56.22\u202fPM.png?resize=140,97 140w\" sizes=\"auto, (max-width: 1400px) 100vw, 1400px\"\/><\/figure>\n<p>Papildoma premija yra ta, kad jie taip pat gali atsinaujinti didesniu 400 kW galia, o tai yra gana \u012fsp\u016bdinga. Man labiau patinka \u201eRegen\u201c re\u017eimai \u201eQ6\/A6\u201c, ta\u010diau 400kW galia turi ne\u012ftik\u0117tin\u0105 sustojimo gali\u0105. Tai yra 0,45 g, kai \u201eMax\u201c l\u0117t\u0117jimas.<\/p>\n<p>Tai naudinga, kai paleid\u017eiate \u201eRS GT E-Tron\u201c nuo 0 iki 60 myli\u0173 per valand\u0105 per 2,4 sekund\u0117s su paleidimo valdymu. A\u0161 padariau kelet\u0105 greit\u0173 pagrei\u010di\u0173 ir greit\u0173 paleidim\u0173 dykumoje ir ma\u017eame lenktyni\u0173 trasoje u\u017e Las Vegaso rib\u0173, ir j\u016bs turite \u012fsitikinti, kad j\u016bs\u0173 galva tvirtai yra ant galvos atramos.<\/p>\n<p>\u201eAudi\u201c taip pat turi \u201estumiamo \u012f pratim\u0105\u201c galios padidinimo mygtuk\u0105 ant vairo, kuris 10 sekund\u017ei\u0173 i\u0161laisvina papildom\u0105 94 AG (70 kW). Vokietijos automobili\u0173 gamintojas pabr\u0117\u017e\u0117, kad tai galima pakartoti. A\u0161 to nei\u0161band\u017eiau, bet galiu pasakyti, kad i\u0161band\u017eiau \u201eRS GT E-Tron\u201c lenktyni\u0173 trasoje po to, kai keliolika \u017emoni\u0173 padar\u0117 t\u0105 pat\u012f automobil\u012f, ir mane su\u017eav\u0117jo ma\u017edaug 50% mokes\u010dio paj\u0117gumas.<\/p>\n<figure class=\"wp-block-jetpack-videopress jetpack-videopress-player\" style=\"\">\n<p> <iframe loading=\"lazy\" title=\"VideoPress Video Player\" aria-label=\"VideoPress Video Player\" width=\"421\" height=\"750\" src=\"https:\/\/videopress.com\/embed\/pUu6a4Up?cover=1&amp;autoPlay=0&amp;controls=1&amp;loop=0&amp;muted=0&amp;persistVolume=1&amp;playsinline=0&amp;preloadContent=metadata&amp;useAverageColor=1&amp;hd=0\" frameborder=\"0\" allowfullscreen=\"\" data-resize-to-parent=\"true\" allow=\"clipboard-write\"><\/iframe><\/p>\n<\/figure>\n<p>Dabar, jei atid\u017eiai pa\u017evelgsite \u012f \u0161\u012f paleidim\u0105, galb\u016bt pasteb\u0117jote, kaip priekinis transporto priemon\u0117s galas prisitaik\u0117 \u017eemyn po \u0161audymo i\u0161 paleidimo.<\/p>\n<p>Tai d\u0117ka naujos patobulintos adaptyvios oro pakabos su sklend\u0117s valdymu.<\/p>\n<p>Tai nepaprastai greita ir \u012fsp\u016bdinga. Esu tikra, kad jie gali priversti automobil\u012f \u0161okin\u0117ti ir \u017eemyn pakaba, jei jie nor\u0117s, bet jie to nedaro.<\/p>\n<p>Pakaba yra tokia pa\u017eengusi, kad jums nereikia anti-roll juostos. Jis sureguliuoja taip greitai, kad transporto priemon\u0119 palaiko kiet\u0105 ir subalansuot\u0105 net greitaeigiuose kampuose. Va\u017eiuodamas \u0161iek tiek agresyviai dykumos keliuose, esan\u010diuose u\u017e Las Vegaso rib\u0173, jaut\u0117si be vargo, ta\u010diau \u201eAudi\u201c \u012fgalino labai \u0161aun\u0173 test\u0105 trasoje.<\/p>\n<p>Jie privert\u0117 mane atlikti rat\u0105 be aktyvios pakabos kompensacijos suaktyvinus, tada a\u0161 padariau t\u0105 pat\u012f rat\u0105 su juo. Buvo naktis ir diena. Ties\u0105 sakant, tai atrod\u0117 kaip apgaudin\u0117jimas. Nesu trasos vairuotojas, ta\u010diau antrasis ratas jaut\u0117si ne\u012ftik\u0117tinai lengvas, beveik taip, lyg automobilis b\u016bt\u0173 ant b\u0117gi\u0173.<\/p>\n<p>\u010cia yra skirtingi pakabos profiliai:<\/p>\n<figure class=\"wp-block-image alignwide size-large\"><img loading=\"lazy\" decoding=\"async\" width=\"1772\" height=\"876\" src=\"https:\/\/electrek.co\/wp-content\/uploads\/sites\/3\/2025\/04\/Screenshot-2025-04-12-at-2.43.09\u202fPM.png?w=1024\" alt=\"\" class=\"wp-image-411188\" srcset=\"https:\/\/electrek.co\/wp-content\/uploads\/sites\/3\/2025\/04\/Screenshot-2025-04-12-at-2.43.09\u202fPM.png 1772w, https:\/\/electrek.co\/wp-content\/uploads\/sites\/3\/2025\/04\/Screenshot-2025-04-12-at-2.43.09\u202fPM.png?resize=150,74 150w, https:\/\/electrek.co\/wp-content\/uploads\/sites\/3\/2025\/04\/Screenshot-2025-04-12-at-2.43.09\u202fPM.png?resize=300,148 300w, https:\/\/electrek.co\/wp-content\/uploads\/sites\/3\/2025\/04\/Screenshot-2025-04-12-at-2.43.09\u202fPM.png?resize=768,380 768w, https:\/\/electrek.co\/wp-content\/uploads\/sites\/3\/2025\/04\/Screenshot-2025-04-12-at-2.43.09\u202fPM.png?resize=1024,506 1024w, https:\/\/electrek.co\/wp-content\/uploads\/sites\/3\/2025\/04\/Screenshot-2025-04-12-at-2.43.09\u202fPM.png?resize=1536,759 1536w, https:\/\/electrek.co\/wp-content\/uploads\/sites\/3\/2025\/04\/Screenshot-2025-04-12-at-2.43.09\u202fPM.png?resize=350,173 350w, https:\/\/electrek.co\/wp-content\/uploads\/sites\/3\/2025\/04\/Screenshot-2025-04-12-at-2.43.09\u202fPM.png?resize=140,69 140w, https:\/\/electrek.co\/wp-content\/uploads\/sites\/3\/2025\/04\/Screenshot-2025-04-12-at-2.43.09\u202fPM.png?resize=1600,791 1600w\" sizes=\"auto, (max-width: 1772px) 100vw, 1772px\"\/><\/figure>\n<p>Naujasis 2025 \u201eGT E-Tron\u201c taip pat turi 12% daugiau akumuliatoriaus talpos, tod\u0117l diapazonas yra iki 51 mylios, priklausomai nuo konfig\u016bracij\u0173 ir rat\u0173 pasirinkimo. Tai lemia 278 myli\u0173 \u201eMac\u201c diapazon\u0105 Rs ir 300 myli\u0173 diapazono S.<\/p>\n<p>Kaip \u012fprasta, vienas \u012fsp\u016bdingiausi\u0173 dalyk\u0173, susijusi\u0173 su \u201eAudi\u201c EVS, yra greito \u012fkrovimo paj\u0117gumas, o naujasis 2025 GT pager\u0117ja d\u0117l atnaujintos akumuliatoriaus paketo:<\/p>\n<figure class=\"wp-block-image alignwide size-large\"><img loading=\"lazy\" decoding=\"async\" width=\"2624\" height=\"1294\" src=\"https:\/\/electrek.co\/wp-content\/uploads\/sites\/3\/2025\/04\/Screenshot-2025-04-12-at-2.38.43\u202fPM.png?w=1024\" alt=\"\" class=\"wp-image-411187\" srcset=\"https:\/\/electrek.co\/wp-content\/uploads\/sites\/3\/2025\/04\/Screenshot-2025-04-12-at-2.38.43\u202fPM.png 2624w, https:\/\/electrek.co\/wp-content\/uploads\/sites\/3\/2025\/04\/Screenshot-2025-04-12-at-2.38.43\u202fPM.png?resize=150,74 150w, https:\/\/electrek.co\/wp-content\/uploads\/sites\/3\/2025\/04\/Screenshot-2025-04-12-at-2.38.43\u202fPM.png?resize=300,148 300w, https:\/\/electrek.co\/wp-content\/uploads\/sites\/3\/2025\/04\/Screenshot-2025-04-12-at-2.38.43\u202fPM.png?resize=768,379 768w, https:\/\/electrek.co\/wp-content\/uploads\/sites\/3\/2025\/04\/Screenshot-2025-04-12-at-2.38.43\u202fPM.png?resize=1024,505 1024w, https:\/\/electrek.co\/wp-content\/uploads\/sites\/3\/2025\/04\/Screenshot-2025-04-12-at-2.38.43\u202fPM.png?resize=1536,757 1536w, https:\/\/electrek.co\/wp-content\/uploads\/sites\/3\/2025\/04\/Screenshot-2025-04-12-at-2.38.43\u202fPM.png?resize=2048,1010 2048w, https:\/\/electrek.co\/wp-content\/uploads\/sites\/3\/2025\/04\/Screenshot-2025-04-12-at-2.38.43\u202fPM.png?resize=350,173 350w, https:\/\/electrek.co\/wp-content\/uploads\/sites\/3\/2025\/04\/Screenshot-2025-04-12-at-2.38.43\u202fPM.png?resize=140,69 140w, https:\/\/electrek.co\/wp-content\/uploads\/sites\/3\/2025\/04\/Screenshot-2025-04-12-at-2.38.43\u202fPM.png?resize=260,127 260w, https:\/\/electrek.co\/wp-content\/uploads\/sites\/3\/2025\/04\/Screenshot-2025-04-12-at-2.38.43\u202fPM.png?resize=1600,789 1600w\" sizes=\"auto, (max-width: 2624px) 100vw, 2624px\"\/><\/figure>\n<p>Tai lemia 10\u201380% \u012fkrovimo ma\u017edaug per 18 minu\u010di\u0173. <\/p>\n<p>Visas tas spektaklis n\u0117ra pigus. \u201eS E-Tron GT\u201c prasideda nuo 125 500 USD, o \u201eRS E-Tron GT\u201c na\u0161umas prasideda nuo 167 000 USD. Versija, kuri\u0105 i\u0161band\u017eiau ar\u010diau 180 000 USD su galimyb\u0117mis.<\/p>\n<h2 class=\"wp-block-heading\" id=\"h-electrek-s-take\">\u201eElectrek&#8217;s Take\u201c<\/h2>\n<p>Tai i\u0161 tikr\u0173j\u0173 buvo mano pirmas kartas, kai vairavau \u201eAudi GT E-Tron\u201c, tod\u0117l negaliu jo palyginti su ankstesne versija, bet a\u0161 pasirod\u017eiau su\u017eav\u0117tas.<\/p>\n<p>Su \u201eAudi\u201c a\u0161 myliu j\u0173 rami\u0105, patogi\u0105 prabang\u0105 su A6 ir Q6. Tai ne tai. Tai spektaklio transporto priemon\u0117, ta\u010diau ji vis tiek yra 4 dur\u0173, 4 viet\u0173, su tinkama erdve gale, tod\u0117l \u201eAudi\u201c taip pat ai\u0161kiai sutelk\u0117 d\u0117mes\u012f \u012f komfort\u0105, ir j\u016bs galite tai jausti.<\/p>\n<p>Matau, kad tai yra puikus kasdienis vairuotojas, nors kabina nebuvo tokia rami, kaip anks\u010diau min\u0117tos transporto priemon\u0117s, ir j\u016bs gal\u0117jote jausti daugiau vibracijos.<\/p>\n<figure class=\"wp-block-image alignwide size-large\"><img loading=\"lazy\" decoding=\"async\" width=\"2792\" height=\"1506\" src=\"https:\/\/electrek.co\/wp-content\/uploads\/sites\/3\/2025\/04\/Screenshot-2025-04-12-at-2.58.50\u202fPM.png?w=1024\" alt=\"\" class=\"wp-image-411194\" srcset=\"https:\/\/electrek.co\/wp-content\/uploads\/sites\/3\/2025\/04\/Screenshot-2025-04-12-at-2.58.50\u202fPM.png 2792w, https:\/\/electrek.co\/wp-content\/uploads\/sites\/3\/2025\/04\/Screenshot-2025-04-12-at-2.58.50\u202fPM.png?resize=150,81 150w, https:\/\/electrek.co\/wp-content\/uploads\/sites\/3\/2025\/04\/Screenshot-2025-04-12-at-2.58.50\u202fPM.png?resize=300,162 300w, https:\/\/electrek.co\/wp-content\/uploads\/sites\/3\/2025\/04\/Screenshot-2025-04-12-at-2.58.50\u202fPM.png?resize=768,414 768w, https:\/\/electrek.co\/wp-content\/uploads\/sites\/3\/2025\/04\/Screenshot-2025-04-12-at-2.58.50\u202fPM.png?resize=1024,552 1024w, https:\/\/electrek.co\/wp-content\/uploads\/sites\/3\/2025\/04\/Screenshot-2025-04-12-at-2.58.50\u202fPM.png?resize=1536,829 1536w, https:\/\/electrek.co\/wp-content\/uploads\/sites\/3\/2025\/04\/Screenshot-2025-04-12-at-2.58.50\u202fPM.png?resize=2048,1105 2048w, https:\/\/electrek.co\/wp-content\/uploads\/sites\/3\/2025\/04\/Screenshot-2025-04-12-at-2.58.50\u202fPM.png?resize=350,189 350w, https:\/\/electrek.co\/wp-content\/uploads\/sites\/3\/2025\/04\/Screenshot-2025-04-12-at-2.58.50\u202fPM.png?resize=140,76 140w, https:\/\/electrek.co\/wp-content\/uploads\/sites\/3\/2025\/04\/Screenshot-2025-04-12-at-2.58.50\u202fPM.png?resize=1600,863 1600w\" sizes=\"auto, (max-width: 2792px) 100vw, 2792px\"\/><\/figure>\n<p>\u201eAudi GT E-Tron\u201c tikrai \u0161vie\u010dia, kai pradedate vairuoti agresyviau. Kaip jau sakiau anks\u010diau, \u201eActive\u201c pakabos pakaba yra tikrai \u012fsp\u016bdinga ir palengvina visk\u0105.<\/p>\n<p>Nors a\u0161 atkreip\u010diau d\u0117mes\u012f, kad, skirtingai nei aktyvioji pakaba naujausiame \u201eTaycan\u201c, \u201eAudi GT\u201c, kuris leid\u017eia \u0161iek tiek ritinio, suteikia jums \u0161iek tiek gr\u012f\u017etam\u0105j\u012f ry\u0161\u012f. A\u0161 tai \u012fvertinau.<\/p>\n<p>A\u0161 taip pat \u012fvertinau transporto priemon\u0117s vairavim\u0105. V\u0117lgi, a\u0161 negaliu jo palyginti su ankstesn\u0117mis versijomis, ta\u010diau, kaip prane\u0161ama, santykis buvo suma\u017eintas, ir jis jaut\u0117si trumpas ir tikslus.<\/p>\n<p>Ma\u017eesnis svoris ir didesn\u0117 akumuliatoriaus talpa taip pat yra vertinami, nes \u017emon\u0117ms gali b\u016bti sunku nusipirkti elektromobil\u012f 100 000 USD+, turint ma\u017eiau nei 250 myli\u0173 diapazono, o tai buvo daroma iki \u0161io 2025 m. Atnaujinimo.<\/p>\n<p>Dabar, s\u0105\u017einingai, \u201eAudi\u201c \u012ftrauk\u0117 mane \u012f visi\u0161kai pakraut\u0105 \u201eRS GT E-Tron\u201c na\u0161um\u0105, kuris kainuoja ar\u010diau 200 000 USD. Tai buvo ne\u012ftik\u0117tina, bet a\u0161 ne\u017einau, kaip automobilis veikia su \u201eBase S GT E-Tron\u201c. Esu tikras, kad j\u016bs taip pat galite smagiai praleisti laik\u0105 ir gauti daugiau diapazono.<\/p>\n<div class=\"ad-disclaimer-container\">\n<p class=\"disclaimer-affiliate\"><em>FPK: Mes naudojame pajamas gaunan\u010dias automatinio filialo nuorodas.<\/em> Daugiau.<\/p>\n<p><!-- post ad --><\/div>\n<\/p><\/div>\n<p><br \/>\n<br \/><a href=\"https:\/\/electrek.co\/2025\/04\/12\/2025-audi-rs-e-tron-gt-supercar-speed-meets-daily-driver-comfort\/\">Source link <\/a><\/p>\n","protected":false},"excerpt":{"rendered":"<p>A\u0161 tur\u0117jau galimyb\u0119 kelias valandas vairuoti nauj\u0105j\u012f 2025 RS Audi GT E-Tron Nevados dykumoje ir kelet\u0105 minu\u010di\u0173 lenktyni\u0173 trasoje. \u0160tai&hellip;<\/p>\n","protected":false},"author":1,"featured_media":470,"comment_status":"open","ping_status":"open","sticky":false,"template":"","format":"standard","meta":{"om_disable_all_campaigns":false,"_monsterinsights_skip_tracking":false,"_monsterinsights_sitenote_active":false,"_monsterinsights_sitenote_note":"","_monsterinsights_sitenote_category":0,"footnotes":""},"categories":[8],"tags":[],"class_list":["post-469","post","type-post","status-publish","format-standard","has-post-thumbnail","hentry","category-elektriniai-automobiliai"],"aioseo_notices":[],"yoast_head":"<!-- This site is optimized with the Yoast SEO plugin v26.8 - https:\/\/yoast.com\/product\/yoast-seo-wordpress\/ -->\n<title>2025 m. - Eautomobiliai.lt<\/title>\n<meta name=\"robots\" content=\"index, follow, max-snippet:-1, max-image-preview:large, max-video-preview:-1\" \/>\n<link rel=\"canonical\" href=\"https:\/\/eautomobiliai.lt\/index.php\/2025\/04\/13\/2025-m\/\" \/>\n<meta property=\"og:locale\" content=\"lt_LT\" \/>\n<meta property=\"og:type\" content=\"article\" \/>\n<meta property=\"og:title\" content=\"2025 m. - Eautomobiliai.lt\" \/>\n<meta property=\"og:description\" content=\"A\u0161 tur\u0117jau galimyb\u0119 kelias valandas vairuoti nauj\u0105j\u012f 2025 RS Audi GT E-Tron Nevados dykumoje ir kelet\u0105 minu\u010di\u0173 lenktyni\u0173 trasoje. \u0160tai&hellip;\" \/>\n<meta property=\"og:url\" content=\"https:\/\/eautomobiliai.lt\/index.php\/2025\/04\/13\/2025-m\/\" \/>\n<meta property=\"og:site_name\" content=\"Eautomobiliai.lt\" \/>\n<meta property=\"article:published_time\" content=\"2025-04-13T04:33:12+00:00\" \/>\n<meta property=\"og:image\" content=\"https:\/\/eautomobiliai.lt\/wp-content\/uploads\/2025\/04\/2025-m.png\" \/>\n\t<meta property=\"og:image:width\" content=\"1599\" \/>\n\t<meta property=\"og:image:height\" content=\"862\" \/>\n\t<meta property=\"og:image:type\" content=\"image\/png\" \/>\n<meta name=\"author\" content=\"admin\" \/>\n<meta name=\"twitter:card\" content=\"summary_large_image\" \/>\n<meta name=\"twitter:label1\" content=\"Written by\" \/>\n\t<meta name=\"twitter:data1\" content=\"admin\" \/>\n\t<meta name=\"twitter:label2\" content=\"Est. reading time\" \/>\n\t<meta name=\"twitter:data2\" content=\"5 minut\u0117s\" \/>\n<script type=\"application\/ld+json\" class=\"yoast-schema-graph\">{\"@context\":\"https:\/\/schema.org\",\"@graph\":[{\"@type\":\"Article\",\"@id\":\"https:\/\/eautomobiliai.lt\/index.php\/2025\/04\/13\/2025-m\/#article\",\"isPartOf\":{\"@id\":\"https:\/\/eautomobiliai.lt\/index.php\/2025\/04\/13\/2025-m\/\"},\"author\":{\"name\":\"admin\",\"@id\":\"https:\/\/eautomobiliai.lt\/#\/schema\/person\/ecf2a967f361217d056061f74deb92f2\"},\"headline\":\"2025 m.\",\"datePublished\":\"2025-04-13T04:33:12+00:00\",\"mainEntityOfPage\":{\"@id\":\"https:\/\/eautomobiliai.lt\/index.php\/2025\/04\/13\/2025-m\/\"},\"wordCount\":982,\"commentCount\":0,\"image\":{\"@id\":\"https:\/\/eautomobiliai.lt\/index.php\/2025\/04\/13\/2025-m\/#primaryimage\"},\"thumbnailUrl\":\"http:\/\/eautomobiliai.lt\/wp-content\/uploads\/2025\/04\/2025-m.png\",\"articleSection\":[\"ELEKTRINIAI AUTOMOBILIAI\"],\"inLanguage\":\"lt-LT\",\"potentialAction\":[{\"@type\":\"CommentAction\",\"name\":\"Comment\",\"target\":[\"https:\/\/eautomobiliai.lt\/index.php\/2025\/04\/13\/2025-m\/#respond\"]}]},{\"@type\":\"WebPage\",\"@id\":\"https:\/\/eautomobiliai.lt\/index.php\/2025\/04\/13\/2025-m\/\",\"url\":\"https:\/\/eautomobiliai.lt\/index.php\/2025\/04\/13\/2025-m\/\",\"name\":\"2025 m. - Eautomobiliai.lt\",\"isPartOf\":{\"@id\":\"https:\/\/eautomobiliai.lt\/#website\"},\"primaryImageOfPage\":{\"@id\":\"https:\/\/eautomobiliai.lt\/index.php\/2025\/04\/13\/2025-m\/#primaryimage\"},\"image\":{\"@id\":\"https:\/\/eautomobiliai.lt\/index.php\/2025\/04\/13\/2025-m\/#primaryimage\"},\"thumbnailUrl\":\"http:\/\/eautomobiliai.lt\/wp-content\/uploads\/2025\/04\/2025-m.png\",\"datePublished\":\"2025-04-13T04:33:12+00:00\",\"author\":{\"@id\":\"https:\/\/eautomobiliai.lt\/#\/schema\/person\/ecf2a967f361217d056061f74deb92f2\"},\"breadcrumb\":{\"@id\":\"https:\/\/eautomobiliai.lt\/index.php\/2025\/04\/13\/2025-m\/#breadcrumb\"},\"inLanguage\":\"lt-LT\",\"potentialAction\":[{\"@type\":\"ReadAction\",\"target\":[\"https:\/\/eautomobiliai.lt\/index.php\/2025\/04\/13\/2025-m\/\"]}]},{\"@type\":\"ImageObject\",\"inLanguage\":\"lt-LT\",\"@id\":\"https:\/\/eautomobiliai.lt\/index.php\/2025\/04\/13\/2025-m\/#primaryimage\",\"url\":\"http:\/\/eautomobiliai.lt\/wp-content\/uploads\/2025\/04\/2025-m.png\",\"contentUrl\":\"http:\/\/eautomobiliai.lt\/wp-content\/uploads\/2025\/04\/2025-m.png\",\"width\":1599,\"height\":862},{\"@type\":\"BreadcrumbList\",\"@id\":\"https:\/\/eautomobiliai.lt\/index.php\/2025\/04\/13\/2025-m\/#breadcrumb\",\"itemListElement\":[{\"@type\":\"ListItem\",\"position\":1,\"name\":\"Home\",\"item\":\"https:\/\/eautomobiliai.lt\/\"},{\"@type\":\"ListItem\",\"position\":2,\"name\":\"2025 m.\"}]},{\"@type\":\"WebSite\",\"@id\":\"https:\/\/eautomobiliai.lt\/#website\",\"url\":\"https:\/\/eautomobiliai.lt\/\",\"name\":\"Eautomobiliai.lt\",\"description\":\"Elektrinis transportas, technologijos\",\"potentialAction\":[{\"@type\":\"SearchAction\",\"target\":{\"@type\":\"EntryPoint\",\"urlTemplate\":\"https:\/\/eautomobiliai.lt\/?s={search_term_string}\"},\"query-input\":{\"@type\":\"PropertyValueSpecification\",\"valueRequired\":true,\"valueName\":\"search_term_string\"}}],\"inLanguage\":\"lt-LT\"},{\"@type\":\"Person\",\"@id\":\"https:\/\/eautomobiliai.lt\/#\/schema\/person\/ecf2a967f361217d056061f74deb92f2\",\"name\":\"admin\",\"image\":{\"@type\":\"ImageObject\",\"inLanguage\":\"lt-LT\",\"@id\":\"https:\/\/eautomobiliai.lt\/#\/schema\/person\/image\/\",\"url\":\"https:\/\/secure.gravatar.com\/avatar\/6323379efae0c70c686c7905444d6bbd?s=96&d=mm&r=g\",\"contentUrl\":\"https:\/\/secure.gravatar.com\/avatar\/6323379efae0c70c686c7905444d6bbd?s=96&d=mm&r=g\",\"caption\":\"admin\"},\"sameAs\":[\"http:\/\/eautomobiliai.lt\"],\"url\":\"http:\/\/eautomobiliai.lt\/index.php\/author\/admin\/\"}]}<\/script>\n<!-- \/ Yoast SEO plugin. -->","yoast_head_json":{"title":"2025 m. - Eautomobiliai.lt","robots":{"index":"index","follow":"follow","max-snippet":"max-snippet:-1","max-image-preview":"max-image-preview:large","max-video-preview":"max-video-preview:-1"},"canonical":"https:\/\/eautomobiliai.lt\/index.php\/2025\/04\/13\/2025-m\/","og_locale":"lt_LT","og_type":"article","og_title":"2025 m. - Eautomobiliai.lt","og_description":"A\u0161 tur\u0117jau galimyb\u0119 kelias valandas vairuoti nauj\u0105j\u012f 2025 RS Audi GT E-Tron Nevados dykumoje ir kelet\u0105 minu\u010di\u0173 lenktyni\u0173 trasoje. \u0160tai&hellip;","og_url":"https:\/\/eautomobiliai.lt\/index.php\/2025\/04\/13\/2025-m\/","og_site_name":"Eautomobiliai.lt","article_published_time":"2025-04-13T04:33:12+00:00","og_image":[{"width":1599,"height":862,"url":"https:\/\/eautomobiliai.lt\/wp-content\/uploads\/2025\/04\/2025-m.png","type":"image\/png"}],"author":"admin","twitter_card":"summary_large_image","twitter_misc":{"Written by":"admin","Est. reading time":"5 minut\u0117s"},"schema":{"@context":"https:\/\/schema.org","@graph":[{"@type":"Article","@id":"https:\/\/eautomobiliai.lt\/index.php\/2025\/04\/13\/2025-m\/#article","isPartOf":{"@id":"https:\/\/eautomobiliai.lt\/index.php\/2025\/04\/13\/2025-m\/"},"author":{"name":"admin","@id":"https:\/\/eautomobiliai.lt\/#\/schema\/person\/ecf2a967f361217d056061f74deb92f2"},"headline":"2025 m.","datePublished":"2025-04-13T04:33:12+00:00","mainEntityOfPage":{"@id":"https:\/\/eautomobiliai.lt\/index.php\/2025\/04\/13\/2025-m\/"},"wordCount":982,"commentCount":0,"image":{"@id":"https:\/\/eautomobiliai.lt\/index.php\/2025\/04\/13\/2025-m\/#primaryimage"},"thumbnailUrl":"http:\/\/eautomobiliai.lt\/wp-content\/uploads\/2025\/04\/2025-m.png","articleSection":["ELEKTRINIAI AUTOMOBILIAI"],"inLanguage":"lt-LT","potentialAction":[{"@type":"CommentAction","name":"Comment","target":["https:\/\/eautomobiliai.lt\/index.php\/2025\/04\/13\/2025-m\/#respond"]}]},{"@type":"WebPage","@id":"https:\/\/eautomobiliai.lt\/index.php\/2025\/04\/13\/2025-m\/","url":"https:\/\/eautomobiliai.lt\/index.php\/2025\/04\/13\/2025-m\/","name":"2025 m. - Eautomobiliai.lt","isPartOf":{"@id":"https:\/\/eautomobiliai.lt\/#website"},"primaryImageOfPage":{"@id":"https:\/\/eautomobiliai.lt\/index.php\/2025\/04\/13\/2025-m\/#primaryimage"},"image":{"@id":"https:\/\/eautomobiliai.lt\/index.php\/2025\/04\/13\/2025-m\/#primaryimage"},"thumbnailUrl":"http:\/\/eautomobiliai.lt\/wp-content\/uploads\/2025\/04\/2025-m.png","datePublished":"2025-04-13T04:33:12+00:00","author":{"@id":"https:\/\/eautomobiliai.lt\/#\/schema\/person\/ecf2a967f361217d056061f74deb92f2"},"breadcrumb":{"@id":"https:\/\/eautomobiliai.lt\/index.php\/2025\/04\/13\/2025-m\/#breadcrumb"},"inLanguage":"lt-LT","potentialAction":[{"@type":"ReadAction","target":["https:\/\/eautomobiliai.lt\/index.php\/2025\/04\/13\/2025-m\/"]}]},{"@type":"ImageObject","inLanguage":"lt-LT","@id":"https:\/\/eautomobiliai.lt\/index.php\/2025\/04\/13\/2025-m\/#primaryimage","url":"http:\/\/eautomobiliai.lt\/wp-content\/uploads\/2025\/04\/2025-m.png","contentUrl":"http:\/\/eautomobiliai.lt\/wp-content\/uploads\/2025\/04\/2025-m.png","width":1599,"height":862},{"@type":"BreadcrumbList","@id":"https:\/\/eautomobiliai.lt\/index.php\/2025\/04\/13\/2025-m\/#breadcrumb","itemListElement":[{"@type":"ListItem","position":1,"name":"Home","item":"https:\/\/eautomobiliai.lt\/"},{"@type":"ListItem","position":2,"name":"2025 m."}]},{"@type":"WebSite","@id":"https:\/\/eautomobiliai.lt\/#website","url":"https:\/\/eautomobiliai.lt\/","name":"Eautomobiliai.lt","description":"Elektrinis transportas, technologijos","potentialAction":[{"@type":"SearchAction","target":{"@type":"EntryPoint","urlTemplate":"https:\/\/eautomobiliai.lt\/?s={search_term_string}"},"query-input":{"@type":"PropertyValueSpecification","valueRequired":true,"valueName":"search_term_string"}}],"inLanguage":"lt-LT"},{"@type":"Person","@id":"https:\/\/eautomobiliai.lt\/#\/schema\/person\/ecf2a967f361217d056061f74deb92f2","name":"admin","image":{"@type":"ImageObject","inLanguage":"lt-LT","@id":"https:\/\/eautomobiliai.lt\/#\/schema\/person\/image\/","url":"https:\/\/secure.gravatar.com\/avatar\/6323379efae0c70c686c7905444d6bbd?s=96&d=mm&r=g","contentUrl":"https:\/\/secure.gravatar.com\/avatar\/6323379efae0c70c686c7905444d6bbd?s=96&d=mm&r=g","caption":"admin"},"sameAs":["http:\/\/eautomobiliai.lt"],"url":"http:\/\/eautomobiliai.lt\/index.php\/author\/admin\/"}]}},"_links":{"self":[{"href":"http:\/\/eautomobiliai.lt\/index.php\/wp-json\/wp\/v2\/posts\/469","targetHints":{"allow":["GET"]}}],"collection":[{"href":"http:\/\/eautomobiliai.lt\/index.php\/wp-json\/wp\/v2\/posts"}],"about":[{"href":"http:\/\/eautomobiliai.lt\/index.php\/wp-json\/wp\/v2\/types\/post"}],"author":[{"embeddable":true,"href":"http:\/\/eautomobiliai.lt\/index.php\/wp-json\/wp\/v2\/users\/1"}],"replies":[{"embeddable":true,"href":"http:\/\/eautomobiliai.lt\/index.php\/wp-json\/wp\/v2\/comments?post=469"}],"version-history":[{"count":0,"href":"http:\/\/eautomobiliai.lt\/index.php\/wp-json\/wp\/v2\/posts\/469\/revisions"}],"wp:featuredmedia":[{"embeddable":true,"href":"http:\/\/eautomobiliai.lt\/index.php\/wp-json\/wp\/v2\/media\/470"}],"wp:attachment":[{"href":"http:\/\/eautomobiliai.lt\/index.php\/wp-json\/wp\/v2\/media?parent=469"}],"wp:term":[{"taxonomy":"category","embeddable":true,"href":"http:\/\/eautomobiliai.lt\/index.php\/wp-json\/wp\/v2\/categories?post=469"},{"taxonomy":"post_tag","embeddable":true,"href":"http:\/\/eautomobiliai.lt\/index.php\/wp-json\/wp\/v2\/tags?post=469"}],"curies":[{"name":"wp","href":"https:\/\/api.w.org\/{rel}","templated":true}]}}