{"id":4845,"date":"2026-07-21T17:34:26","date_gmt":"2026-07-21T17:34:26","guid":{"rendered":"https:\/\/eautomobiliai.lt\/index.php\/2026\/07\/21\/volkswagen-pasiekia-sekme-naudodamas-elektrini-id-polo-pristato-nauja-id-kryzminis-ev-nes-labai-mazeja-darbo-vietu\/"},"modified":"2026-07-21T17:34:26","modified_gmt":"2026-07-21T17:34:26","slug":"volkswagen-pasiekia-sekme-naudodamas-elektrini-id-polo-pristato-nauja-id-kryzminis-ev-nes-labai-mazeja-darbo-vietu","status":"publish","type":"post","link":"http:\/\/eautomobiliai.lt\/index.php\/2026\/07\/21\/volkswagen-pasiekia-sekme-naudodamas-elektrini-id-polo-pristato-nauja-id-kryzminis-ev-nes-labai-mazeja-darbo-vietu\/","title":{"rendered":"\u201eVolkswagen\u201c pasiekia s\u0117km\u0119 naudodamas elektrin\u012f ID. Polo, pristato nauj\u0105 ID. Kry\u017eminis EV, nes labai ma\u017e\u0117ja darbo viet\u0173"},"content":{"rendered":"<p> <br \/>\n<\/p>\n<p><img loading=\"lazy\" decoding=\"async\" width=\"150\" height=\"150\" src=\"https:\/\/thedriven.io\/wp-content\/uploads\/2026\/07\/DB2026AU00526_medium-150x150.jpg\" class=\"attachment-thumbnail size-thumbnail wp-post-image\" alt=\"\" \/>VW pasiek\u0117 ankstyv\u0105 s\u0117km\u0119 su elektriniu ID Polo, pristat\u0117 nauj\u0105 elektrin\u012f ID Cross ir tuo pat metu planuoja suma\u017einti darbo vietas iki 100 000, nes susiduria su Kinijos konkurencija.<\/p>\n<p>\u012era\u0161as \u201eVolkswagen\u201c sulaukia s\u0117km\u0117s naudojant elektrin\u012f ID. Polo, pristato nauj\u0105 ID. \u201eCross EV\u201c pirm\u0105 kart\u0105 pasirod\u0117 \u201eThe Driven IO\u201c, nes labai suma\u017e\u0117jo darbo viet\u0173.<\/p>\n<p><br \/>\n<br \/><a href=\"https:\/\/thedriven.io\/2026\/07\/21\/volkswagen-strikes-success-with-electric-id-polo-unveils-new-id-cross-ev-as-massive-job-cuts-loom\/?utm_source=rss&#038;utm_medium=rss&#038;utm_campaign=volkswagen-strikes-success-with-electric-id-polo-unveils-new-id-cross-ev-as-massive-job-cuts-loom\">Source link <\/a><\/p>\n","protected":false},"excerpt":{"rendered":"<p>VW pasiek\u0117 ankstyv\u0105 s\u0117km\u0119 su elektriniu ID Polo, pristat\u0117 nauj\u0105 elektrin\u012f ID Cross ir tuo pat metu planuoja suma\u017einti darbo&hellip;<\/p>\n","protected":false},"author":1,"featured_media":0,"comment_status":"open","ping_status":"open","sticky":false,"template":"","format":"standard","meta":{"om_disable_all_campaigns":false,"_monsterinsights_skip_tracking":false,"footnotes":""},"categories":[39],"tags":[476,175,6829,22,1079,1059,556,116,60,4809,1276,907,603,171],"class_list":["post-4845","post","type-post","status-publish","format-standard","hentry","category-eautomobiliu-technine-puse","tag-darbo","tag-elektrini","tag-kryzminis","tag-labai","tag-mazeja","tag-naudodamas","tag-nauja","tag-nes","tag-pasiekia","tag-polo","tag-pristato","tag-sekme","tag-vietu","tag-volkswagen"],"aioseo_notices":[],"aioseo_head":"\n\t\t<!-- All in One SEO 5.0.1.1 - aioseo.com -->\n\t<meta name=\"description\" content=\"VW pasiek\u0117 ankstyv\u0105 s\u0117km\u0119 su elektriniu ID Polo, pristat\u0117 nauj\u0105 elektrin\u012f ID Cross ir tuo pat metu planuoja suma\u017einti darbo vietas iki 100 000, nes susiduria su Kinijos konkurencija. \u012era\u0161as \u201eVolkswagen\u201c sulaukia s\u0117km\u0117s naudojant elektrin\u012f ID. Polo, pristato nauj\u0105 ID. \u201eCross EV\u201c pirm\u0105 kart\u0105 pasirod\u0117 \u201eThe Driven IO\u201c, nes labai suma\u017e\u0117jo darbo viet\u0173. Source link\" \/>\n\t<meta name=\"robots\" content=\"max-image-preview:large\" \/>\n\t<meta name=\"author\" content=\"admin\"\/>\n\t<meta name=\"google-site-verification\" content=\"6zgFQV_ggON3NjnliunX3rIOfPu1cN2bmZH3rMwZjlE\" \/>\n\t<link rel=\"canonical\" href=\"http:\/\/eautomobiliai.lt\/index.php\/2026\/07\/21\/volkswagen-pasiekia-sekme-naudodamas-elektrini-id-polo-pristato-nauja-id-kryzminis-ev-nes-labai-mazeja-darbo-vietu\/\" \/>\n\t<meta name=\"generator\" content=\"All in One SEO (AIOSEO) 5.0.1.1\" \/>\n\t\t<meta property=\"og:locale\" content=\"lt_LT\" \/>\n\t\t<meta property=\"og:site_name\" content=\"Eautomobiliai.lt - Elektrinis transportas, technologijos\" \/>\n\t\t<meta property=\"og:type\" content=\"article\" \/>\n\t\t<meta property=\"og:title\" content=\"\u201eVolkswagen\u201c pasiekia s\u0117km\u0119 naudodamas elektrin\u012f ID. Polo, pristato nauj\u0105 ID. Kry\u017eminis EV, nes labai ma\u017e\u0117ja darbo viet\u0173 - Eautomobiliai.lt\" \/>\n\t\t<meta property=\"og:description\" content=\"VW pasiek\u0117 ankstyv\u0105 s\u0117km\u0119 su elektriniu ID Polo, pristat\u0117 nauj\u0105 elektrin\u012f ID Cross ir tuo pat metu planuoja suma\u017einti darbo vietas iki 100 000, nes susiduria su Kinijos konkurencija. \u012era\u0161as \u201eVolkswagen\u201c sulaukia s\u0117km\u0117s naudojant elektrin\u012f ID. Polo, pristato nauj\u0105 ID. \u201eCross EV\u201c pirm\u0105 kart\u0105 pasirod\u0117 \u201eThe Driven IO\u201c, nes labai suma\u017e\u0117jo darbo viet\u0173. Source link\" \/>\n\t\t<meta property=\"og:url\" content=\"http:\/\/eautomobiliai.lt\/index.php\/2026\/07\/21\/volkswagen-pasiekia-sekme-naudodamas-elektrini-id-polo-pristato-nauja-id-kryzminis-ev-nes-labai-mazeja-darbo-vietu\/\" \/>\n\t\t<meta property=\"article:published_time\" content=\"2026-07-21T17:34:26+00:00\" \/>\n\t\t<meta property=\"article:modified_time\" content=\"2026-07-21T17:34:26+00:00\" \/>\n\t\t<meta name=\"twitter:card\" content=\"summary_large_image\" \/>\n\t\t<meta name=\"twitter:title\" content=\"\u201eVolkswagen\u201c pasiekia s\u0117km\u0119 naudodamas elektrin\u012f ID. Polo, pristato nauj\u0105 ID. Kry\u017eminis EV, nes labai ma\u017e\u0117ja darbo viet\u0173 - Eautomobiliai.lt\" \/>\n\t\t<meta name=\"twitter:description\" content=\"VW pasiek\u0117 ankstyv\u0105 s\u0117km\u0119 su elektriniu ID Polo, pristat\u0117 nauj\u0105 elektrin\u012f ID Cross ir tuo pat metu planuoja suma\u017einti darbo vietas iki 100 000, nes susiduria su Kinijos konkurencija. \u012era\u0161as \u201eVolkswagen\u201c sulaukia s\u0117km\u0117s naudojant elektrin\u012f ID. Polo, pristato nauj\u0105 ID. \u201eCross EV\u201c pirm\u0105 kart\u0105 pasirod\u0117 \u201eThe Driven IO\u201c, nes labai suma\u017e\u0117jo darbo viet\u0173. Source link\" \/>\n\t\t<script type=\"application\/ld+json\" class=\"aioseo-schema\">\n\t\t\t{\"@context\":\"https:\\\/\\\/schema.org\",\"@graph\":[{\"@type\":\"BlogPosting\",\"@id\":\"http:\\\/\\\/eautomobiliai.lt\\\/index.php\\\/2026\\\/07\\\/21\\\/volkswagen-pasiekia-sekme-naudodamas-elektrini-id-polo-pristato-nauja-id-kryzminis-ev-nes-labai-mazeja-darbo-vietu\\\/#blogposting\",\"name\":\"\\u201eVolkswagen\\u201c pasiekia s\\u0117km\\u0119 naudodamas elektrin\\u012f ID. Polo, pristato nauj\\u0105 ID. Kry\\u017eminis EV, nes labai ma\\u017e\\u0117ja darbo viet\\u0173 - Eautomobiliai.lt\",\"headline\":\"\\u201eVolkswagen\\u201c pasiekia s\\u0117km\\u0119 naudodamas elektrin\\u012f ID. Polo, pristato nauj\\u0105 ID. Kry\\u017eminis EV, nes labai ma\\u017e\\u0117ja darbo viet\\u0173\",\"author\":{\"@id\":\"http:\\\/\\\/eautomobiliai.lt\\\/index.php\\\/author\\\/admin\\\/#author\"},\"publisher\":{\"@id\":\"http:\\\/\\\/eautomobiliai.lt\\\/#organization\"},\"image\":{\"@type\":\"ImageObject\",\"url\":\"https:\\\/\\\/thedriven.io\\\/wp-content\\\/uploads\\\/2026\\\/07\\\/DB2026AU00526_medium-150x150.jpg\",\"@id\":\"http:\\\/\\\/eautomobiliai.lt\\\/index.php\\\/2026\\\/07\\\/21\\\/volkswagen-pasiekia-sekme-naudodamas-elektrini-id-polo-pristato-nauja-id-kryzminis-ev-nes-labai-mazeja-darbo-vietu\\\/#articleImage\"},\"datePublished\":\"2026-07-21T17:34:26+00:00\",\"dateModified\":\"2026-07-21T17:34:26+00:00\",\"inLanguage\":\"lt-LT\",\"mainEntityOfPage\":{\"@id\":\"http:\\\/\\\/eautomobiliai.lt\\\/index.php\\\/2026\\\/07\\\/21\\\/volkswagen-pasiekia-sekme-naudodamas-elektrini-id-polo-pristato-nauja-id-kryzminis-ev-nes-labai-mazeja-darbo-vietu\\\/#webpage\"},\"isPartOf\":{\"@id\":\"http:\\\/\\\/eautomobiliai.lt\\\/index.php\\\/2026\\\/07\\\/21\\\/volkswagen-pasiekia-sekme-naudodamas-elektrini-id-polo-pristato-nauja-id-kryzminis-ev-nes-labai-mazeja-darbo-vietu\\\/#webpage\"},\"articleSection\":\"eAUTOMOBILI\\u0172 TECHNIN\\u0116 PUS\\u0116, darbo, elektrin\\u012f, Kry\\u017eminis, labai, ma\\u017e\\u0117ja, naudodamas, Nauja, nes, pasiekia, Polo, pristato, s\\u0117km\\u0119, viet\\u0173, Volkswagen\"},{\"@type\":\"BreadcrumbList\",\"@id\":\"http:\\\/\\\/eautomobiliai.lt\\\/index.php\\\/2026\\\/07\\\/21\\\/volkswagen-pasiekia-sekme-naudodamas-elektrini-id-polo-pristato-nauja-id-kryzminis-ev-nes-labai-mazeja-darbo-vietu\\\/#breadcrumblist\",\"itemListElement\":[{\"@type\":\"ListItem\",\"@id\":\"http:\\\/\\\/eautomobiliai.lt#listItem\",\"position\":1,\"name\":\"Home\",\"item\":\"http:\\\/\\\/eautomobiliai.lt\",\"nextItem\":{\"@type\":\"ListItem\",\"@id\":\"http:\\\/\\\/eautomobiliai.lt\\\/index.php\\\/category\\\/eautomobiliu-technine-puse\\\/#listItem\",\"name\":\"eAUTOMOBILI\\u0172 TECHNIN\\u0116 PUS\\u0116\"}},{\"@type\":\"ListItem\",\"@id\":\"http:\\\/\\\/eautomobiliai.lt\\\/index.php\\\/category\\\/eautomobiliu-technine-puse\\\/#listItem\",\"position\":2,\"name\":\"eAUTOMOBILI\\u0172 TECHNIN\\u0116 PUS\\u0116\",\"item\":\"http:\\\/\\\/eautomobiliai.lt\\\/index.php\\\/category\\\/eautomobiliu-technine-puse\\\/\",\"nextItem\":{\"@type\":\"ListItem\",\"@id\":\"http:\\\/\\\/eautomobiliai.lt\\\/index.php\\\/2026\\\/07\\\/21\\\/volkswagen-pasiekia-sekme-naudodamas-elektrini-id-polo-pristato-nauja-id-kryzminis-ev-nes-labai-mazeja-darbo-vietu\\\/#listItem\",\"name\":\"\\u201eVolkswagen\\u201c pasiekia s\\u0117km\\u0119 naudodamas elektrin\\u012f ID. Polo, pristato nauj\\u0105 ID. Kry\\u017eminis EV, nes labai ma\\u017e\\u0117ja darbo viet\\u0173\"},\"previousItem\":{\"@type\":\"ListItem\",\"@id\":\"http:\\\/\\\/eautomobiliai.lt#listItem\",\"name\":\"Home\"}},{\"@type\":\"ListItem\",\"@id\":\"http:\\\/\\\/eautomobiliai.lt\\\/index.php\\\/2026\\\/07\\\/21\\\/volkswagen-pasiekia-sekme-naudodamas-elektrini-id-polo-pristato-nauja-id-kryzminis-ev-nes-labai-mazeja-darbo-vietu\\\/#listItem\",\"position\":3,\"name\":\"\\u201eVolkswagen\\u201c pasiekia s\\u0117km\\u0119 naudodamas elektrin\\u012f ID. Polo, pristato nauj\\u0105 ID. Kry\\u017eminis EV, nes labai ma\\u017e\\u0117ja darbo viet\\u0173\",\"previousItem\":{\"@type\":\"ListItem\",\"@id\":\"http:\\\/\\\/eautomobiliai.lt\\\/index.php\\\/category\\\/eautomobiliu-technine-puse\\\/#listItem\",\"name\":\"eAUTOMOBILI\\u0172 TECHNIN\\u0116 PUS\\u0116\"}}]},{\"@type\":\"Organization\",\"@id\":\"http:\\\/\\\/eautomobiliai.lt\\\/#organization\",\"name\":\"Eautomobiliai.lt\",\"description\":\"Elektrinis transportas, technologijos\",\"url\":\"http:\\\/\\\/eautomobiliai.lt\\\/\"},{\"@type\":\"Person\",\"@id\":\"http:\\\/\\\/eautomobiliai.lt\\\/index.php\\\/author\\\/admin\\\/#author\",\"url\":\"http:\\\/\\\/eautomobiliai.lt\\\/index.php\\\/author\\\/admin\\\/\",\"name\":\"admin\",\"image\":{\"@type\":\"ImageObject\",\"@id\":\"http:\\\/\\\/eautomobiliai.lt\\\/index.php\\\/2026\\\/07\\\/21\\\/volkswagen-pasiekia-sekme-naudodamas-elektrini-id-polo-pristato-nauja-id-kryzminis-ev-nes-labai-mazeja-darbo-vietu\\\/#authorImage\",\"url\":\"https:\\\/\\\/secure.gravatar.com\\\/avatar\\\/6323379efae0c70c686c7905444d6bbd?s=96&d=mm&r=g\",\"width\":96,\"height\":96,\"caption\":\"admin\"}},{\"@type\":\"WebPage\",\"@id\":\"http:\\\/\\\/eautomobiliai.lt\\\/index.php\\\/2026\\\/07\\\/21\\\/volkswagen-pasiekia-sekme-naudodamas-elektrini-id-polo-pristato-nauja-id-kryzminis-ev-nes-labai-mazeja-darbo-vietu\\\/#webpage\",\"url\":\"http:\\\/\\\/eautomobiliai.lt\\\/index.php\\\/2026\\\/07\\\/21\\\/volkswagen-pasiekia-sekme-naudodamas-elektrini-id-polo-pristato-nauja-id-kryzminis-ev-nes-labai-mazeja-darbo-vietu\\\/\",\"name\":\"\\u201eVolkswagen\\u201c pasiekia s\\u0117km\\u0119 naudodamas elektrin\\u012f ID. Polo, pristato nauj\\u0105 ID. Kry\\u017eminis EV, nes labai ma\\u017e\\u0117ja darbo viet\\u0173 - Eautomobiliai.lt\",\"description\":\"VW pasiek\\u0117 ankstyv\\u0105 s\\u0117km\\u0119 su elektriniu ID Polo, pristat\\u0117 nauj\\u0105 elektrin\\u012f ID Cross ir tuo pat metu planuoja suma\\u017einti darbo vietas iki 100 000, nes susiduria su Kinijos konkurencija. \\u012era\\u0161as \\u201eVolkswagen\\u201c sulaukia s\\u0117km\\u0117s naudojant elektrin\\u012f ID. Polo, pristato nauj\\u0105 ID. \\u201eCross EV\\u201c pirm\\u0105 kart\\u0105 pasirod\\u0117 \\u201eThe Driven IO\\u201c, nes labai suma\\u017e\\u0117jo darbo viet\\u0173. Source link\",\"inLanguage\":\"lt-LT\",\"isPartOf\":{\"@id\":\"http:\\\/\\\/eautomobiliai.lt\\\/#website\"},\"breadcrumb\":{\"@id\":\"http:\\\/\\\/eautomobiliai.lt\\\/index.php\\\/2026\\\/07\\\/21\\\/volkswagen-pasiekia-sekme-naudodamas-elektrini-id-polo-pristato-nauja-id-kryzminis-ev-nes-labai-mazeja-darbo-vietu\\\/#breadcrumblist\"},\"author\":{\"@id\":\"http:\\\/\\\/eautomobiliai.lt\\\/index.php\\\/author\\\/admin\\\/#author\"},\"creator\":{\"@id\":\"http:\\\/\\\/eautomobiliai.lt\\\/index.php\\\/author\\\/admin\\\/#author\"},\"datePublished\":\"2026-07-21T17:34:26+00:00\",\"dateModified\":\"2026-07-21T17:34:26+00:00\"},{\"@type\":\"WebSite\",\"@id\":\"http:\\\/\\\/eautomobiliai.lt\\\/#website\",\"url\":\"http:\\\/\\\/eautomobiliai.lt\\\/\",\"name\":\"Eautomobiliai.lt\",\"description\":\"Elektrinis transportas, technologijos\",\"inLanguage\":\"lt-LT\",\"publisher\":{\"@id\":\"http:\\\/\\\/eautomobiliai.lt\\\/#organization\"}}]}\n\t\t<\/script>\n\t\t<!-- All in One SEO -->\n\n","aioseo_head_json":{"title":"\u201eVolkswagen\u201c pasiekia s\u0117km\u0119 naudodamas elektrin\u012f ID. Polo, pristato nauj\u0105 ID. Kry\u017eminis EV, nes labai ma\u017e\u0117ja darbo viet\u0173 - Eautomobiliai.lt","description":"VW pasiek\u0117 ankstyv\u0105 s\u0117km\u0119 su elektriniu ID Polo, pristat\u0117 nauj\u0105 elektrin\u012f ID Cross ir tuo pat metu planuoja suma\u017einti darbo vietas iki 100 000, nes susiduria su Kinijos konkurencija. \u012era\u0161as \u201eVolkswagen\u201c sulaukia s\u0117km\u0117s naudojant elektrin\u012f ID. Polo, pristato nauj\u0105 ID. \u201eCross EV\u201c pirm\u0105 kart\u0105 pasirod\u0117 \u201eThe Driven IO\u201c, nes labai suma\u017e\u0117jo darbo viet\u0173. Source link","canonical_url":"http:\/\/eautomobiliai.lt\/index.php\/2026\/07\/21\/volkswagen-pasiekia-sekme-naudodamas-elektrini-id-polo-pristato-nauja-id-kryzminis-ev-nes-labai-mazeja-darbo-vietu\/","robots":"max-image-preview:large","keywords":"","webmasterTools":{"google-site-verification":"6zgFQV_ggON3NjnliunX3rIOfPu1cN2bmZH3rMwZjlE","miscellaneous":""},"schema":{"@context":"https:\/\/schema.org","@graph":[{"@type":"BlogPosting","@id":"http:\/\/eautomobiliai.lt\/index.php\/2026\/07\/21\/volkswagen-pasiekia-sekme-naudodamas-elektrini-id-polo-pristato-nauja-id-kryzminis-ev-nes-labai-mazeja-darbo-vietu\/#blogposting","name":"\u201eVolkswagen\u201c pasiekia s\u0117km\u0119 naudodamas elektrin\u012f ID. Polo, pristato nauj\u0105 ID. Kry\u017eminis EV, nes labai ma\u017e\u0117ja darbo viet\u0173 - Eautomobiliai.lt","headline":"\u201eVolkswagen\u201c pasiekia s\u0117km\u0119 naudodamas elektrin\u012f ID. Polo, pristato nauj\u0105 ID. Kry\u017eminis EV, nes labai ma\u017e\u0117ja darbo viet\u0173","author":{"@id":"http:\/\/eautomobiliai.lt\/index.php\/author\/admin\/#author"},"publisher":{"@id":"http:\/\/eautomobiliai.lt\/#organization"},"image":{"@type":"ImageObject","url":"https:\/\/thedriven.io\/wp-content\/uploads\/2026\/07\/DB2026AU00526_medium-150x150.jpg","@id":"http:\/\/eautomobiliai.lt\/index.php\/2026\/07\/21\/volkswagen-pasiekia-sekme-naudodamas-elektrini-id-polo-pristato-nauja-id-kryzminis-ev-nes-labai-mazeja-darbo-vietu\/#articleImage"},"datePublished":"2026-07-21T17:34:26+00:00","dateModified":"2026-07-21T17:34:26+00:00","inLanguage":"lt-LT","mainEntityOfPage":{"@id":"http:\/\/eautomobiliai.lt\/index.php\/2026\/07\/21\/volkswagen-pasiekia-sekme-naudodamas-elektrini-id-polo-pristato-nauja-id-kryzminis-ev-nes-labai-mazeja-darbo-vietu\/#webpage"},"isPartOf":{"@id":"http:\/\/eautomobiliai.lt\/index.php\/2026\/07\/21\/volkswagen-pasiekia-sekme-naudodamas-elektrini-id-polo-pristato-nauja-id-kryzminis-ev-nes-labai-mazeja-darbo-vietu\/#webpage"},"articleSection":"eAUTOMOBILI\u0172 TECHNIN\u0116 PUS\u0116, darbo, elektrin\u012f, Kry\u017eminis, labai, ma\u017e\u0117ja, naudodamas, Nauja, nes, pasiekia, Polo, pristato, s\u0117km\u0119, viet\u0173, Volkswagen"},{"@type":"BreadcrumbList","@id":"http:\/\/eautomobiliai.lt\/index.php\/2026\/07\/21\/volkswagen-pasiekia-sekme-naudodamas-elektrini-id-polo-pristato-nauja-id-kryzminis-ev-nes-labai-mazeja-darbo-vietu\/#breadcrumblist","itemListElement":[{"@type":"ListItem","@id":"http:\/\/eautomobiliai.lt#listItem","position":1,"name":"Home","item":"http:\/\/eautomobiliai.lt","nextItem":{"@type":"ListItem","@id":"http:\/\/eautomobiliai.lt\/index.php\/category\/eautomobiliu-technine-puse\/#listItem","name":"eAUTOMOBILI\u0172 TECHNIN\u0116 PUS\u0116"}},{"@type":"ListItem","@id":"http:\/\/eautomobiliai.lt\/index.php\/category\/eautomobiliu-technine-puse\/#listItem","position":2,"name":"eAUTOMOBILI\u0172 TECHNIN\u0116 PUS\u0116","item":"http:\/\/eautomobiliai.lt\/index.php\/category\/eautomobiliu-technine-puse\/","nextItem":{"@type":"ListItem","@id":"http:\/\/eautomobiliai.lt\/index.php\/2026\/07\/21\/volkswagen-pasiekia-sekme-naudodamas-elektrini-id-polo-pristato-nauja-id-kryzminis-ev-nes-labai-mazeja-darbo-vietu\/#listItem","name":"\u201eVolkswagen\u201c pasiekia s\u0117km\u0119 naudodamas elektrin\u012f ID. Polo, pristato nauj\u0105 ID. Kry\u017eminis EV, nes labai ma\u017e\u0117ja darbo viet\u0173"},"previousItem":{"@type":"ListItem","@id":"http:\/\/eautomobiliai.lt#listItem","name":"Home"}},{"@type":"ListItem","@id":"http:\/\/eautomobiliai.lt\/index.php\/2026\/07\/21\/volkswagen-pasiekia-sekme-naudodamas-elektrini-id-polo-pristato-nauja-id-kryzminis-ev-nes-labai-mazeja-darbo-vietu\/#listItem","position":3,"name":"\u201eVolkswagen\u201c pasiekia s\u0117km\u0119 naudodamas elektrin\u012f ID. Polo, pristato nauj\u0105 ID. Kry\u017eminis EV, nes labai ma\u017e\u0117ja darbo viet\u0173","previousItem":{"@type":"ListItem","@id":"http:\/\/eautomobiliai.lt\/index.php\/category\/eautomobiliu-technine-puse\/#listItem","name":"eAUTOMOBILI\u0172 TECHNIN\u0116 PUS\u0116"}}]},{"@type":"Organization","@id":"http:\/\/eautomobiliai.lt\/#organization","name":"Eautomobiliai.lt","description":"Elektrinis transportas, technologijos","url":"http:\/\/eautomobiliai.lt\/"},{"@type":"Person","@id":"http:\/\/eautomobiliai.lt\/index.php\/author\/admin\/#author","url":"http:\/\/eautomobiliai.lt\/index.php\/author\/admin\/","name":"admin","image":{"@type":"ImageObject","@id":"http:\/\/eautomobiliai.lt\/index.php\/2026\/07\/21\/volkswagen-pasiekia-sekme-naudodamas-elektrini-id-polo-pristato-nauja-id-kryzminis-ev-nes-labai-mazeja-darbo-vietu\/#authorImage","url":"https:\/\/secure.gravatar.com\/avatar\/6323379efae0c70c686c7905444d6bbd?s=96&d=mm&r=g","width":96,"height":96,"caption":"admin"}},{"@type":"WebPage","@id":"http:\/\/eautomobiliai.lt\/index.php\/2026\/07\/21\/volkswagen-pasiekia-sekme-naudodamas-elektrini-id-polo-pristato-nauja-id-kryzminis-ev-nes-labai-mazeja-darbo-vietu\/#webpage","url":"http:\/\/eautomobiliai.lt\/index.php\/2026\/07\/21\/volkswagen-pasiekia-sekme-naudodamas-elektrini-id-polo-pristato-nauja-id-kryzminis-ev-nes-labai-mazeja-darbo-vietu\/","name":"\u201eVolkswagen\u201c pasiekia s\u0117km\u0119 naudodamas elektrin\u012f ID. Polo, pristato nauj\u0105 ID. Kry\u017eminis EV, nes labai ma\u017e\u0117ja darbo viet\u0173 - Eautomobiliai.lt","description":"VW pasiek\u0117 ankstyv\u0105 s\u0117km\u0119 su elektriniu ID Polo, pristat\u0117 nauj\u0105 elektrin\u012f ID Cross ir tuo pat metu planuoja suma\u017einti darbo vietas iki 100 000, nes susiduria su Kinijos konkurencija. \u012era\u0161as \u201eVolkswagen\u201c sulaukia s\u0117km\u0117s naudojant elektrin\u012f ID. Polo, pristato nauj\u0105 ID. \u201eCross EV\u201c pirm\u0105 kart\u0105 pasirod\u0117 \u201eThe Driven IO\u201c, nes labai suma\u017e\u0117jo darbo viet\u0173. Source link","inLanguage":"lt-LT","isPartOf":{"@id":"http:\/\/eautomobiliai.lt\/#website"},"breadcrumb":{"@id":"http:\/\/eautomobiliai.lt\/index.php\/2026\/07\/21\/volkswagen-pasiekia-sekme-naudodamas-elektrini-id-polo-pristato-nauja-id-kryzminis-ev-nes-labai-mazeja-darbo-vietu\/#breadcrumblist"},"author":{"@id":"http:\/\/eautomobiliai.lt\/index.php\/author\/admin\/#author"},"creator":{"@id":"http:\/\/eautomobiliai.lt\/index.php\/author\/admin\/#author"},"datePublished":"2026-07-21T17:34:26+00:00","dateModified":"2026-07-21T17:34:26+00:00"},{"@type":"WebSite","@id":"http:\/\/eautomobiliai.lt\/#website","url":"http:\/\/eautomobiliai.lt\/","name":"Eautomobiliai.lt","description":"Elektrinis transportas, technologijos","inLanguage":"lt-LT","publisher":{"@id":"http:\/\/eautomobiliai.lt\/#organization"}}]},"og:locale":"lt_LT","og:site_name":"Eautomobiliai.lt - Elektrinis transportas, technologijos","og:type":"article","og:title":"\u201eVolkswagen\u201c pasiekia s\u0117km\u0119 naudodamas elektrin\u012f ID. Polo, pristato nauj\u0105 ID. Kry\u017eminis EV, nes labai ma\u017e\u0117ja darbo viet\u0173 - Eautomobiliai.lt","og:description":"VW pasiek\u0117 ankstyv\u0105 s\u0117km\u0119 su elektriniu ID Polo, pristat\u0117 nauj\u0105 elektrin\u012f ID Cross ir tuo pat metu planuoja suma\u017einti darbo vietas iki 100 000, nes susiduria su Kinijos konkurencija. \u012era\u0161as \u201eVolkswagen\u201c sulaukia s\u0117km\u0117s naudojant elektrin\u012f ID. Polo, pristato nauj\u0105 ID. \u201eCross EV\u201c pirm\u0105 kart\u0105 pasirod\u0117 \u201eThe Driven IO\u201c, nes labai suma\u017e\u0117jo darbo viet\u0173. Source link","og:url":"http:\/\/eautomobiliai.lt\/index.php\/2026\/07\/21\/volkswagen-pasiekia-sekme-naudodamas-elektrini-id-polo-pristato-nauja-id-kryzminis-ev-nes-labai-mazeja-darbo-vietu\/","article:published_time":"2026-07-21T17:34:26+00:00","article:modified_time":"2026-07-21T17:34:26+00:00","twitter:card":"summary_large_image","twitter:title":"\u201eVolkswagen\u201c pasiekia s\u0117km\u0119 naudodamas elektrin\u012f ID. Polo, pristato nauj\u0105 ID. Kry\u017eminis EV, nes labai ma\u017e\u0117ja darbo viet\u0173 - Eautomobiliai.lt","twitter:description":"VW pasiek\u0117 ankstyv\u0105 s\u0117km\u0119 su elektriniu ID Polo, pristat\u0117 nauj\u0105 elektrin\u012f ID Cross ir tuo pat metu planuoja suma\u017einti darbo vietas iki 100 000, nes susiduria su Kinijos konkurencija. \u012era\u0161as \u201eVolkswagen\u201c sulaukia s\u0117km\u0117s naudojant elektrin\u012f ID. Polo, pristato nauj\u0105 ID. \u201eCross EV\u201c pirm\u0105 kart\u0105 pasirod\u0117 \u201eThe Driven IO\u201c, nes labai suma\u017e\u0117jo darbo viet\u0173. Source link"},"aioseo_meta_data":{"post_id":"4845","title":null,"description":null,"keywords":null,"keyphrases":null,"primary_term":null,"canonical_url":null,"og_title":null,"og_description":null,"og_object_type":"default","og_image_type":"default","og_image_url":null,"og_image_width":null,"og_image_height":null,"og_image_custom_url":null,"og_image_custom_fields":null,"og_video":null,"og_custom_url":null,"og_article_section":null,"og_article_tags":null,"twitter_use_og":false,"twitter_card":"default","twitter_image_type":"default","twitter_image_url":null,"twitter_image_custom_url":null,"twitter_image_custom_fields":null,"twitter_title":null,"twitter_description":null,"schema":{"blockGraphs":[],"customGraphs":[],"default":{"data":{"Article":[],"Course":[],"Dataset":[],"FAQPage":[],"Movie":[],"Person":[],"Product":[],"ProductReview":[],"Car":[],"Recipe":[],"Service":[],"SoftwareApplication":[],"WebPage":[]},"graphName":"","isEnabled":true},"graphs":[]},"schema_type":"default","schema_type_options":null,"pillar_content":false,"robots_default":true,"robots_noindex":false,"robots_noarchive":false,"robots_nosnippet":false,"robots_nofollow":false,"robots_noimageindex":false,"robots_noodp":false,"robots_notranslate":false,"robots_max_snippet":null,"robots_max_videopreview":null,"robots_max_imagepreview":"large","priority":null,"frequency":null,"local_seo":null,"breadcrumb_settings":null,"limit_modified_date":false,"created":"2026-07-21 17:35:29","updated":"2026-07-21 17:35:29","ai":null,"seo_analyzer_scan_date":null,"focus_keyword":null,"additional_keywords":null,"truseo_locale":null},"aioseo_breadcrumb":"<div class=\"aioseo-breadcrumbs\"><span class=\"aioseo-breadcrumb\">\n\t\t\t<a href=\"http:\/\/eautomobiliai.lt\" title=\"Home\">Home<\/a>\n\t\t<\/span><span class=\"aioseo-breadcrumb-separator\">&raquo;<\/span><span class=\"aioseo-breadcrumb\">\n\t\t\t<a href=\"http:\/\/eautomobiliai.lt\/index.php\/category\/eautomobiliu-technine-puse\/\" title=\"eAUTOMOBILI\u0172 TECHNIN\u0116 PUS\u0116\">eAUTOMOBILI\u0172 TECHNIN\u0116 PUS\u0116<\/a>\n\t\t<\/span><span class=\"aioseo-breadcrumb-separator\">&raquo;<\/span><span class=\"aioseo-breadcrumb\">\n\t\t\t\u201eVolkswagen\u201c pasiekia s\u0117km\u0119 naudodamas elektrin\u012f ID. Polo, pristato nauj\u0105 ID. Kry\u017eminis EV, nes labai ma\u017e\u0117ja darbo viet\u0173\n\t\t<\/span><\/div>","aioseo_breadcrumb_json":[{"label":"Home","link":"http:\/\/eautomobiliai.lt"},{"label":"eAUTOMOBILI\u0172 TECHNIN\u0116 PUS\u0116","link":"http:\/\/eautomobiliai.lt\/index.php\/category\/eautomobiliu-technine-puse\/"},{"label":"\u201eVolkswagen\u201c pasiekia s\u0117km\u0119 naudodamas elektrin\u012f ID. Polo, pristato nauj\u0105 ID. Kry\u017eminis EV, nes labai ma\u017e\u0117ja darbo viet\u0173","link":"http:\/\/eautomobiliai.lt\/index.php\/2026\/07\/21\/volkswagen-pasiekia-sekme-naudodamas-elektrini-id-polo-pristato-nauja-id-kryzminis-ev-nes-labai-mazeja-darbo-vietu\/"}],"yoast_head":"<!-- This site is optimized with the Yoast SEO plugin v26.8 - https:\/\/yoast.com\/product\/yoast-seo-wordpress\/ -->\n<title>\u201eVolkswagen\u201c pasiekia s\u0117km\u0119 naudodamas elektrin\u012f ID. Polo, pristato nauj\u0105 ID. Kry\u017eminis EV, nes labai ma\u017e\u0117ja darbo viet\u0173 - Eautomobiliai.lt<\/title>\n<meta name=\"robots\" content=\"index, follow, max-snippet:-1, max-image-preview:large, max-video-preview:-1\" \/>\n<link rel=\"canonical\" href=\"http:\/\/eautomobiliai.lt\/index.php\/2026\/07\/21\/volkswagen-pasiekia-sekme-naudodamas-elektrini-id-polo-pristato-nauja-id-kryzminis-ev-nes-labai-mazeja-darbo-vietu\/\" \/>\n<meta property=\"og:locale\" content=\"lt_LT\" \/>\n<meta property=\"og:type\" content=\"article\" \/>\n<meta property=\"og:title\" content=\"\u201eVolkswagen\u201c pasiekia s\u0117km\u0119 naudodamas elektrin\u012f ID. Polo, pristato nauj\u0105 ID. Kry\u017eminis EV, nes labai ma\u017e\u0117ja darbo viet\u0173 - Eautomobiliai.lt\" \/>\n<meta property=\"og:description\" content=\"VW pasiek\u0117 ankstyv\u0105 s\u0117km\u0119 su elektriniu ID Polo, pristat\u0117 nauj\u0105 elektrin\u012f ID Cross ir tuo pat metu planuoja suma\u017einti darbo&hellip;\" \/>\n<meta property=\"og:url\" content=\"http:\/\/eautomobiliai.lt\/index.php\/2026\/07\/21\/volkswagen-pasiekia-sekme-naudodamas-elektrini-id-polo-pristato-nauja-id-kryzminis-ev-nes-labai-mazeja-darbo-vietu\/\" \/>\n<meta property=\"og:site_name\" content=\"Eautomobiliai.lt\" \/>\n<meta property=\"article:published_time\" content=\"2026-07-21T17:34:26+00:00\" \/>\n<meta property=\"og:image\" content=\"https:\/\/thedriven.io\/wp-content\/uploads\/2026\/07\/DB2026AU00526_medium-150x150.jpg\" \/>\n<meta name=\"author\" content=\"admin\" \/>\n<meta name=\"twitter:card\" content=\"summary_large_image\" \/>\n<meta name=\"twitter:label1\" content=\"Written by\" \/>\n\t<meta name=\"twitter:data1\" content=\"admin\" \/>\n<script type=\"application\/ld+json\" class=\"yoast-schema-graph\">{\"@context\":\"https:\/\/schema.org\",\"@graph\":[{\"@type\":\"Article\",\"@id\":\"http:\/\/eautomobiliai.lt\/index.php\/2026\/07\/21\/volkswagen-pasiekia-sekme-naudodamas-elektrini-id-polo-pristato-nauja-id-kryzminis-ev-nes-labai-mazeja-darbo-vietu\/#article\",\"isPartOf\":{\"@id\":\"http:\/\/eautomobiliai.lt\/index.php\/2026\/07\/21\/volkswagen-pasiekia-sekme-naudodamas-elektrini-id-polo-pristato-nauja-id-kryzminis-ev-nes-labai-mazeja-darbo-vietu\/\"},\"author\":{\"name\":\"admin\",\"@id\":\"https:\/\/eautomobiliai.lt\/#\/schema\/person\/ecf2a967f361217d056061f74deb92f2\"},\"headline\":\"\u201eVolkswagen\u201c pasiekia s\u0117km\u0119 naudodamas elektrin\u012f ID. Polo, pristato nauj\u0105 ID. Kry\u017eminis EV, nes labai ma\u017e\u0117ja darbo viet\u0173\",\"datePublished\":\"2026-07-21T17:34:26+00:00\",\"mainEntityOfPage\":{\"@id\":\"http:\/\/eautomobiliai.lt\/index.php\/2026\/07\/21\/volkswagen-pasiekia-sekme-naudodamas-elektrini-id-polo-pristato-nauja-id-kryzminis-ev-nes-labai-mazeja-darbo-vietu\/\"},\"wordCount\":81,\"commentCount\":0,\"image\":{\"@id\":\"http:\/\/eautomobiliai.lt\/index.php\/2026\/07\/21\/volkswagen-pasiekia-sekme-naudodamas-elektrini-id-polo-pristato-nauja-id-kryzminis-ev-nes-labai-mazeja-darbo-vietu\/#primaryimage\"},\"thumbnailUrl\":\"https:\/\/thedriven.io\/wp-content\/uploads\/2026\/07\/DB2026AU00526_medium-150x150.jpg\",\"keywords\":[\"darbo\",\"elektrin\u012f\",\"Kry\u017eminis\",\"labai\",\"ma\u017e\u0117ja\",\"naudodamas\",\"Nauja\",\"nes\",\"pasiekia\",\"Polo\",\"pristato\",\"s\u0117km\u0119\",\"viet\u0173\",\"Volkswagen\"],\"articleSection\":[\"eAUTOMOBILI\u0172 TECHNIN\u0116 PUS\u0116\"],\"inLanguage\":\"lt-LT\",\"potentialAction\":[{\"@type\":\"CommentAction\",\"name\":\"Comment\",\"target\":[\"http:\/\/eautomobiliai.lt\/index.php\/2026\/07\/21\/volkswagen-pasiekia-sekme-naudodamas-elektrini-id-polo-pristato-nauja-id-kryzminis-ev-nes-labai-mazeja-darbo-vietu\/#respond\"]}]},{\"@type\":\"WebPage\",\"@id\":\"http:\/\/eautomobiliai.lt\/index.php\/2026\/07\/21\/volkswagen-pasiekia-sekme-naudodamas-elektrini-id-polo-pristato-nauja-id-kryzminis-ev-nes-labai-mazeja-darbo-vietu\/\",\"url\":\"http:\/\/eautomobiliai.lt\/index.php\/2026\/07\/21\/volkswagen-pasiekia-sekme-naudodamas-elektrini-id-polo-pristato-nauja-id-kryzminis-ev-nes-labai-mazeja-darbo-vietu\/\",\"name\":\"\u201eVolkswagen\u201c pasiekia s\u0117km\u0119 naudodamas elektrin\u012f ID. Polo, pristato nauj\u0105 ID. Kry\u017eminis EV, nes labai ma\u017e\u0117ja darbo viet\u0173 - Eautomobiliai.lt\",\"isPartOf\":{\"@id\":\"https:\/\/eautomobiliai.lt\/#website\"},\"primaryImageOfPage\":{\"@id\":\"http:\/\/eautomobiliai.lt\/index.php\/2026\/07\/21\/volkswagen-pasiekia-sekme-naudodamas-elektrini-id-polo-pristato-nauja-id-kryzminis-ev-nes-labai-mazeja-darbo-vietu\/#primaryimage\"},\"image\":{\"@id\":\"http:\/\/eautomobiliai.lt\/index.php\/2026\/07\/21\/volkswagen-pasiekia-sekme-naudodamas-elektrini-id-polo-pristato-nauja-id-kryzminis-ev-nes-labai-mazeja-darbo-vietu\/#primaryimage\"},\"thumbnailUrl\":\"https:\/\/thedriven.io\/wp-content\/uploads\/2026\/07\/DB2026AU00526_medium-150x150.jpg\",\"datePublished\":\"2026-07-21T17:34:26+00:00\",\"author\":{\"@id\":\"https:\/\/eautomobiliai.lt\/#\/schema\/person\/ecf2a967f361217d056061f74deb92f2\"},\"breadcrumb\":{\"@id\":\"http:\/\/eautomobiliai.lt\/index.php\/2026\/07\/21\/volkswagen-pasiekia-sekme-naudodamas-elektrini-id-polo-pristato-nauja-id-kryzminis-ev-nes-labai-mazeja-darbo-vietu\/#breadcrumb\"},\"inLanguage\":\"lt-LT\",\"potentialAction\":[{\"@type\":\"ReadAction\",\"target\":[\"http:\/\/eautomobiliai.lt\/index.php\/2026\/07\/21\/volkswagen-pasiekia-sekme-naudodamas-elektrini-id-polo-pristato-nauja-id-kryzminis-ev-nes-labai-mazeja-darbo-vietu\/\"]}]},{\"@type\":\"ImageObject\",\"inLanguage\":\"lt-LT\",\"@id\":\"http:\/\/eautomobiliai.lt\/index.php\/2026\/07\/21\/volkswagen-pasiekia-sekme-naudodamas-elektrini-id-polo-pristato-nauja-id-kryzminis-ev-nes-labai-mazeja-darbo-vietu\/#primaryimage\",\"url\":\"https:\/\/thedriven.io\/wp-content\/uploads\/2026\/07\/DB2026AU00526_medium-150x150.jpg\",\"contentUrl\":\"https:\/\/thedriven.io\/wp-content\/uploads\/2026\/07\/DB2026AU00526_medium-150x150.jpg\"},{\"@type\":\"BreadcrumbList\",\"@id\":\"http:\/\/eautomobiliai.lt\/index.php\/2026\/07\/21\/volkswagen-pasiekia-sekme-naudodamas-elektrini-id-polo-pristato-nauja-id-kryzminis-ev-nes-labai-mazeja-darbo-vietu\/#breadcrumb\",\"itemListElement\":[{\"@type\":\"ListItem\",\"position\":1,\"name\":\"Home\",\"item\":\"https:\/\/eautomobiliai.lt\/\"},{\"@type\":\"ListItem\",\"position\":2,\"name\":\"\u201eVolkswagen\u201c pasiekia s\u0117km\u0119 naudodamas elektrin\u012f ID. Polo, pristato nauj\u0105 ID. Kry\u017eminis EV, nes labai ma\u017e\u0117ja darbo viet\u0173\"}]},{\"@type\":\"WebSite\",\"@id\":\"https:\/\/eautomobiliai.lt\/#website\",\"url\":\"https:\/\/eautomobiliai.lt\/\",\"name\":\"Eautomobiliai.lt\",\"description\":\"Elektrinis transportas, technologijos\",\"potentialAction\":[{\"@type\":\"SearchAction\",\"target\":{\"@type\":\"EntryPoint\",\"urlTemplate\":\"https:\/\/eautomobiliai.lt\/?s={search_term_string}\"},\"query-input\":{\"@type\":\"PropertyValueSpecification\",\"valueRequired\":true,\"valueName\":\"search_term_string\"}}],\"inLanguage\":\"lt-LT\"},{\"@type\":\"Person\",\"@id\":\"https:\/\/eautomobiliai.lt\/#\/schema\/person\/ecf2a967f361217d056061f74deb92f2\",\"name\":\"admin\",\"image\":{\"@type\":\"ImageObject\",\"inLanguage\":\"lt-LT\",\"@id\":\"https:\/\/eautomobiliai.lt\/#\/schema\/person\/image\/\",\"url\":\"https:\/\/secure.gravatar.com\/avatar\/6323379efae0c70c686c7905444d6bbd?s=96&d=mm&r=g\",\"contentUrl\":\"https:\/\/secure.gravatar.com\/avatar\/6323379efae0c70c686c7905444d6bbd?s=96&d=mm&r=g\",\"caption\":\"admin\"},\"sameAs\":[\"http:\/\/eautomobiliai.lt\"],\"url\":\"http:\/\/eautomobiliai.lt\/index.php\/author\/admin\/\"}]}<\/script>\n<!-- \/ Yoast SEO plugin. -->","yoast_head_json":{"title":"\u201eVolkswagen\u201c pasiekia s\u0117km\u0119 naudodamas elektrin\u012f ID. Polo, pristato nauj\u0105 ID. Kry\u017eminis EV, nes labai ma\u017e\u0117ja darbo viet\u0173 - Eautomobiliai.lt","robots":{"index":"index","follow":"follow","max-snippet":"max-snippet:-1","max-image-preview":"max-image-preview:large","max-video-preview":"max-video-preview:-1"},"canonical":"http:\/\/eautomobiliai.lt\/index.php\/2026\/07\/21\/volkswagen-pasiekia-sekme-naudodamas-elektrini-id-polo-pristato-nauja-id-kryzminis-ev-nes-labai-mazeja-darbo-vietu\/","og_locale":"lt_LT","og_type":"article","og_title":"\u201eVolkswagen\u201c pasiekia s\u0117km\u0119 naudodamas elektrin\u012f ID. Polo, pristato nauj\u0105 ID. Kry\u017eminis EV, nes labai ma\u017e\u0117ja darbo viet\u0173 - Eautomobiliai.lt","og_description":"VW pasiek\u0117 ankstyv\u0105 s\u0117km\u0119 su elektriniu ID Polo, pristat\u0117 nauj\u0105 elektrin\u012f ID Cross ir tuo pat metu planuoja suma\u017einti darbo&hellip;","og_url":"http:\/\/eautomobiliai.lt\/index.php\/2026\/07\/21\/volkswagen-pasiekia-sekme-naudodamas-elektrini-id-polo-pristato-nauja-id-kryzminis-ev-nes-labai-mazeja-darbo-vietu\/","og_site_name":"Eautomobiliai.lt","article_published_time":"2026-07-21T17:34:26+00:00","og_image":[{"url":"https:\/\/thedriven.io\/wp-content\/uploads\/2026\/07\/DB2026AU00526_medium-150x150.jpg","type":"","width":"","height":""}],"author":"admin","twitter_card":"summary_large_image","twitter_misc":{"Written by":"admin"},"schema":{"@context":"https:\/\/schema.org","@graph":[{"@type":"Article","@id":"http:\/\/eautomobiliai.lt\/index.php\/2026\/07\/21\/volkswagen-pasiekia-sekme-naudodamas-elektrini-id-polo-pristato-nauja-id-kryzminis-ev-nes-labai-mazeja-darbo-vietu\/#article","isPartOf":{"@id":"http:\/\/eautomobiliai.lt\/index.php\/2026\/07\/21\/volkswagen-pasiekia-sekme-naudodamas-elektrini-id-polo-pristato-nauja-id-kryzminis-ev-nes-labai-mazeja-darbo-vietu\/"},"author":{"name":"admin","@id":"https:\/\/eautomobiliai.lt\/#\/schema\/person\/ecf2a967f361217d056061f74deb92f2"},"headline":"\u201eVolkswagen\u201c pasiekia s\u0117km\u0119 naudodamas elektrin\u012f ID. Polo, pristato nauj\u0105 ID. Kry\u017eminis EV, nes labai ma\u017e\u0117ja darbo viet\u0173","datePublished":"2026-07-21T17:34:26+00:00","mainEntityOfPage":{"@id":"http:\/\/eautomobiliai.lt\/index.php\/2026\/07\/21\/volkswagen-pasiekia-sekme-naudodamas-elektrini-id-polo-pristato-nauja-id-kryzminis-ev-nes-labai-mazeja-darbo-vietu\/"},"wordCount":81,"commentCount":0,"image":{"@id":"http:\/\/eautomobiliai.lt\/index.php\/2026\/07\/21\/volkswagen-pasiekia-sekme-naudodamas-elektrini-id-polo-pristato-nauja-id-kryzminis-ev-nes-labai-mazeja-darbo-vietu\/#primaryimage"},"thumbnailUrl":"https:\/\/thedriven.io\/wp-content\/uploads\/2026\/07\/DB2026AU00526_medium-150x150.jpg","keywords":["darbo","elektrin\u012f","Kry\u017eminis","labai","ma\u017e\u0117ja","naudodamas","Nauja","nes","pasiekia","Polo","pristato","s\u0117km\u0119","viet\u0173","Volkswagen"],"articleSection":["eAUTOMOBILI\u0172 TECHNIN\u0116 PUS\u0116"],"inLanguage":"lt-LT","potentialAction":[{"@type":"CommentAction","name":"Comment","target":["http:\/\/eautomobiliai.lt\/index.php\/2026\/07\/21\/volkswagen-pasiekia-sekme-naudodamas-elektrini-id-polo-pristato-nauja-id-kryzminis-ev-nes-labai-mazeja-darbo-vietu\/#respond"]}]},{"@type":"WebPage","@id":"http:\/\/eautomobiliai.lt\/index.php\/2026\/07\/21\/volkswagen-pasiekia-sekme-naudodamas-elektrini-id-polo-pristato-nauja-id-kryzminis-ev-nes-labai-mazeja-darbo-vietu\/","url":"http:\/\/eautomobiliai.lt\/index.php\/2026\/07\/21\/volkswagen-pasiekia-sekme-naudodamas-elektrini-id-polo-pristato-nauja-id-kryzminis-ev-nes-labai-mazeja-darbo-vietu\/","name":"\u201eVolkswagen\u201c pasiekia s\u0117km\u0119 naudodamas elektrin\u012f ID. Polo, pristato nauj\u0105 ID. Kry\u017eminis EV, nes labai ma\u017e\u0117ja darbo viet\u0173 - Eautomobiliai.lt","isPartOf":{"@id":"https:\/\/eautomobiliai.lt\/#website"},"primaryImageOfPage":{"@id":"http:\/\/eautomobiliai.lt\/index.php\/2026\/07\/21\/volkswagen-pasiekia-sekme-naudodamas-elektrini-id-polo-pristato-nauja-id-kryzminis-ev-nes-labai-mazeja-darbo-vietu\/#primaryimage"},"image":{"@id":"http:\/\/eautomobiliai.lt\/index.php\/2026\/07\/21\/volkswagen-pasiekia-sekme-naudodamas-elektrini-id-polo-pristato-nauja-id-kryzminis-ev-nes-labai-mazeja-darbo-vietu\/#primaryimage"},"thumbnailUrl":"https:\/\/thedriven.io\/wp-content\/uploads\/2026\/07\/DB2026AU00526_medium-150x150.jpg","datePublished":"2026-07-21T17:34:26+00:00","author":{"@id":"https:\/\/eautomobiliai.lt\/#\/schema\/person\/ecf2a967f361217d056061f74deb92f2"},"breadcrumb":{"@id":"http:\/\/eautomobiliai.lt\/index.php\/2026\/07\/21\/volkswagen-pasiekia-sekme-naudodamas-elektrini-id-polo-pristato-nauja-id-kryzminis-ev-nes-labai-mazeja-darbo-vietu\/#breadcrumb"},"inLanguage":"lt-LT","potentialAction":[{"@type":"ReadAction","target":["http:\/\/eautomobiliai.lt\/index.php\/2026\/07\/21\/volkswagen-pasiekia-sekme-naudodamas-elektrini-id-polo-pristato-nauja-id-kryzminis-ev-nes-labai-mazeja-darbo-vietu\/"]}]},{"@type":"ImageObject","inLanguage":"lt-LT","@id":"http:\/\/eautomobiliai.lt\/index.php\/2026\/07\/21\/volkswagen-pasiekia-sekme-naudodamas-elektrini-id-polo-pristato-nauja-id-kryzminis-ev-nes-labai-mazeja-darbo-vietu\/#primaryimage","url":"https:\/\/thedriven.io\/wp-content\/uploads\/2026\/07\/DB2026AU00526_medium-150x150.jpg","contentUrl":"https:\/\/thedriven.io\/wp-content\/uploads\/2026\/07\/DB2026AU00526_medium-150x150.jpg"},{"@type":"BreadcrumbList","@id":"http:\/\/eautomobiliai.lt\/index.php\/2026\/07\/21\/volkswagen-pasiekia-sekme-naudodamas-elektrini-id-polo-pristato-nauja-id-kryzminis-ev-nes-labai-mazeja-darbo-vietu\/#breadcrumb","itemListElement":[{"@type":"ListItem","position":1,"name":"Home","item":"https:\/\/eautomobiliai.lt\/"},{"@type":"ListItem","position":2,"name":"\u201eVolkswagen\u201c pasiekia s\u0117km\u0119 naudodamas elektrin\u012f ID. Polo, pristato nauj\u0105 ID. Kry\u017eminis EV, nes labai ma\u017e\u0117ja darbo viet\u0173"}]},{"@type":"WebSite","@id":"https:\/\/eautomobiliai.lt\/#website","url":"https:\/\/eautomobiliai.lt\/","name":"Eautomobiliai.lt","description":"Elektrinis transportas, technologijos","potentialAction":[{"@type":"SearchAction","target":{"@type":"EntryPoint","urlTemplate":"https:\/\/eautomobiliai.lt\/?s={search_term_string}"},"query-input":{"@type":"PropertyValueSpecification","valueRequired":true,"valueName":"search_term_string"}}],"inLanguage":"lt-LT"},{"@type":"Person","@id":"https:\/\/eautomobiliai.lt\/#\/schema\/person\/ecf2a967f361217d056061f74deb92f2","name":"admin","image":{"@type":"ImageObject","inLanguage":"lt-LT","@id":"https:\/\/eautomobiliai.lt\/#\/schema\/person\/image\/","url":"https:\/\/secure.gravatar.com\/avatar\/6323379efae0c70c686c7905444d6bbd?s=96&d=mm&r=g","contentUrl":"https:\/\/secure.gravatar.com\/avatar\/6323379efae0c70c686c7905444d6bbd?s=96&d=mm&r=g","caption":"admin"},"sameAs":["http:\/\/eautomobiliai.lt"],"url":"http:\/\/eautomobiliai.lt\/index.php\/author\/admin\/"}]}},"_links":{"self":[{"href":"http:\/\/eautomobiliai.lt\/index.php\/wp-json\/wp\/v2\/posts\/4845","targetHints":{"allow":["GET"]}}],"collection":[{"href":"http:\/\/eautomobiliai.lt\/index.php\/wp-json\/wp\/v2\/posts"}],"about":[{"href":"http:\/\/eautomobiliai.lt\/index.php\/wp-json\/wp\/v2\/types\/post"}],"author":[{"embeddable":true,"href":"http:\/\/eautomobiliai.lt\/index.php\/wp-json\/wp\/v2\/users\/1"}],"replies":[{"embeddable":true,"href":"http:\/\/eautomobiliai.lt\/index.php\/wp-json\/wp\/v2\/comments?post=4845"}],"version-history":[{"count":0,"href":"http:\/\/eautomobiliai.lt\/index.php\/wp-json\/wp\/v2\/posts\/4845\/revisions"}],"wp:attachment":[{"href":"http:\/\/eautomobiliai.lt\/index.php\/wp-json\/wp\/v2\/media?parent=4845"}],"wp:term":[{"taxonomy":"category","embeddable":true,"href":"http:\/\/eautomobiliai.lt\/index.php\/wp-json\/wp\/v2\/categories?post=4845"},{"taxonomy":"post_tag","embeddable":true,"href":"http:\/\/eautomobiliai.lt\/index.php\/wp-json\/wp\/v2\/tags?post=4845"}],"curies":[{"name":"wp","href":"https:\/\/api.w.org\/{rel}","templated":true}]}}