{"id":504,"date":"2025-04-16T04:45:11","date_gmt":"2025-04-16T04:45:11","guid":{"rendered":"http:\/\/eautomobiliai.lt\/index.php\/2025\/04\/16\/tesla-kibernetinis-ir-pusiau-tiekimas-kuri-sutrikdo-d-trumpo-tarifai-rasoma-pranesime\/"},"modified":"2025-04-16T04:45:11","modified_gmt":"2025-04-16T04:45:11","slug":"tesla-kibernetinis-ir-pusiau-tiekimas-kuri-sutrikdo-d-trumpo-tarifai-rasoma-pranesime","status":"publish","type":"post","link":"http:\/\/eautomobiliai.lt\/index.php\/2025\/04\/16\/tesla-kibernetinis-ir-pusiau-tiekimas-kuri-sutrikdo-d-trumpo-tarifai-rasoma-pranesime\/","title":{"rendered":"\u201eTesla\u201c kibernetinis ir pusiau tiekimas, kur\u012f sutrikdo D.Trumpo tarifai, ra\u0161oma prane\u0161ime"},"content":{"rendered":"<p> <br \/>\n<\/p>\n<div>\n<figure class=\"img-border featured-image\">\n\t<\/figure>\n<p>Naujoje ataskaitoje teigiama, kad prezidento Trumpo tarifai sutrikd\u0117 \u201eTesla\u201c plan\u0105 gauti art\u0117jan\u010dios \u201eCybercab\u201c ir \u201eTesla Semi\u201c produkcijos dalis Kinijoje.<\/p>\n<p><span id=\"more-411528\"\/><\/p>\n<p>Prezidento Trumpo prad\u0117tas prekybos karas ir jo nuolat besikei\u010diantys tarifai met\u0117 ver\u017eliarakt\u012f daugumos tiekimo grandin\u0117s vadov\u0173 planuose visame pasaulyje.<\/p>\n<p>\u201eTesla\u201c n\u0117ra i\u0161imtis. <\/p>\n<p>Daugelyje savo gamybos program\u0173 JAV amerikie\u010di\u0173 automobili\u0173 gamintojas importuoja daugyb\u0119 dali\u0173 i\u0161 Kinijos, Meksikos, Kanados ir Europos.<\/p>\n<p>\t<span class=\"outbrain-ad-label\">Skelbimas &#8211; slinkite daugiau turinio<\/span><\/p>\n<p>Tai apima b\u016bsimas transporto priemones: \u201eCybercab\u201c ir \u201eTesla Semi\u201c.<\/p>\n<p>\u201eTesla\u201c siekia prad\u0117ti gaminti transporto priemones \u201eGigafactory Texas\u201c ir nauj\u0105 gamykl\u0105 Nevadoje v\u0117liau \u0161iais metais, o 2026 m. &#8211; iki 2026 m.<\/p>\n<p>\u201eReuters\u201c prane\u0161a, kad \u201eTesla\u201c sustabd\u0117 planus gauti tam tikras dalis art\u0117jan\u010dio \u201eCybercab\u201c ir \u201eTesla Semi\u201c i\u0161 Kinijos:<\/p>\n<blockquote class=\"wp-block-quote is-layout-flow wp-block-quote-is-layout-flow\">\n<p>\u201eTesla\u201c planai i\u0161si\u0173sti komponentus i\u0161 Kinijos kibernetin\u0117ms ir pusiau elektriniams sunkve\u017eimiams JAV buvo sustabdyti po to, kai prezidentas Donaldas Trumpas i\u0161k\u0117l\u0117 Kinijos preki\u0173 tarifus prekybos karo metu, sak\u0117 asmuo, turintis tiesiogini\u0173 \u017eini\u0173.<\/p>\n<\/blockquote>\n<p>Anot prane\u0161imo, \u201eTesla\u201c buvo pasirengusi jud\u0117ti \u012f priek\u012f su planu, kai Trumpas pirm\u0105 kart\u0105 padidino Kinijos tarifus iki 34%, ta\u010diau automobili\u0173 gamintojas sustabdo konkre\u010dius tiekimo planus po naujausio padid\u0117jimo:<\/p>\n<blockquote class=\"wp-block-quote is-layout-flow wp-block-quote-is-layout-flow\">\n<p>\u201eTesla\u201c buvo pasirengusi absorbuoti papildomas i\u0161laidas, kai Trumpas \u012fved\u0117 34% Kinijos preki\u0173 tarif\u0105, ta\u010diau negal\u0117jo to padaryti, kai tarifas per\u017eeng\u0117 tai, palikdamas laivybos planus sustabdyti, sak\u0117 asmuo, kuris atsisak\u0117 b\u016bti \u012fvardytas, nes reikalas yra privatus.<\/p>\n<\/blockquote>\n<p>Pra\u0117jusi\u0105 savait\u0119 Trumpas padidino Kinijos tarifus iki 145%, kai kai kurie l\u016bkes\u010diai paskelb\u0117 penktadien\u012f &#8211; nors v\u0117liau Trumpas teig\u0117, kad i\u0161im\u010di\u0173 nebuvo.<\/p>\n<p>Reaguodama \u012f tarifus, kuriuos JAV \u012fpareigoja Kinijai, Kinijos vyriausyb\u0117 susib\u016br\u0117 su savo tarifais JAV prek\u0117ms, d\u0117l kuri\u0173 \u201eTesla\u201c nustojo priimti naujus u\u017esakymus S ir X modelio transporto priemon\u0117ms.<\/p>\n<h2 class=\"wp-block-heading\" id=\"h-electrek-s-take\">\u201eElectrek&#8217;s Take\u201c<\/h2>\n<p>A\u0161 paim\u010diau ataskait\u0105 su druskos gr\u016bdu, nes jis pagr\u012fstas vienu \u0161altiniu, ta\u010diau jis tikrai turi prasm\u0119.<\/p>\n<p>Fraz\u0119 \u201eTrumpo tarifai sutrikd\u0117\u201c gali b\u016bti laikomasi prakti\u0161kai kiekvienos pagrindin\u0117s gamybos \u012fmon\u0117s visame pasaulyje, o \u201eTesla\u201c n\u0117ra i\u0161imtis.<\/p>\n<p>D\u0117l vertikalios \u201eTesla\u201c integracijos \u201eTesla\u201c akcininkai tvirtino, kad tarifai bus teigiami \u201eTesla\u201c arba bent jau ne taip blogai, kaip ir kitiems automobili\u0173 gamintojams.<\/p>\n<p>\u201eTesla\u201c i\u0161 tikr\u0173j\u0173 turi \u012fsp\u016bding\u0105 vertikali\u0105 integracij\u0105 automobili\u0173 pramonei, ta\u010diau tai yra santykinai. I\u0161 tikr\u0173j\u0173 \u201eTesla\u201c vis dar naudoja daugyb\u0119 dali\u0173 i\u0161 kit\u0173 \u0161ali\u0173, ypa\u010d Meksikoje, bet ir i\u0161 Kinijos. <\/p>\n<p>Meksika b\u016bt\u0173 problemati\u0161kiausia \u201eTesla\u201c, nes ma\u017edaug 25% vis\u0173 jos transporto priemoni\u0173 program\u0173, pastatyt\u0173 JAV, dali\u0173 i\u0161 ten.<\/p>\n<p>Auto dali\u0173 i\u0161 Kanados ir Meksikos tarifai \u0161iuo metu yra pristabdyti d\u0117l visko USMCA susitarime, ta\u010diau Trumpas prane\u0161\u0117, kad tai yra tik laikina.<\/p>\n<p>Kalbant apie Kinijos tarifus, jie pirmiausia daro \u012ftak\u0105 \u201eTesla\u201c energetikos verslui, kuris priklauso nuo pigios Kinijos akumuliatori\u0173 langeli\u0173, ta\u010diau \u201eTesla\u201c taip pat importuoja kai kurias kin\u0173 dalis savo automobiliams, o 145% tarifai tai pakeis.<\/p>\n<p>\u201eTesla\u201c, kaip ir daugelis kit\u0173 kompanij\u0173, turi prad\u0117ti ie\u0161koti alternatyv\u0173.<\/p>\n<p>Daugelis problem\u0173 kyla ne tik d\u0117l pernelyg auk\u0161t\u0173 tarif\u0173, kuriuos Trumpas nustato \u0161alims, bet ir d\u0117l to, kad jis nuolat kei\u010dia savo mintis ir daro i\u0161imtis, tod\u0117l \u012fmon\u0117ms sunku planuoti.<\/p>\n<p>Tokiu atveju \u201eTesla\u201c gal\u0117jo sustabdyti planus su Kinijos tiek\u0117jais tik palaukti ir i\u0161siai\u0161kinti, ar Trumpas atsitrauks nuo Kinijos tarif\u0173, jei Muskas gali lobizuoti i\u0161imt\u012f su prezidentu, kuriam jis pad\u0117jo i\u0161rinkti 250 milijon\u0173 doleri\u0173 politines aukas, kad gal\u0117t\u0173 apsipirkti tiek\u0117jams i\u0161 kit\u0173 \u0161ali\u0173, o gal, o gal ir galb\u016bt, tai, kas reikalauja, kad jo tarifai padarys ir gamins tas dalis JAV.<\/p>\n<p>D\u0117l tam tikr\u0173 prie\u017eas\u010di\u0173 a\u0161 abejoju, ar tai yra paskutinis, bet j\u016bs niekada ne\u017einote.<\/p>\n<div class=\"ad-disclaimer-container\">\n<p class=\"disclaimer-affiliate\"><em>FPK: Mes naudojame pajamas gaunan\u010dias automatinio filialo nuorodas.<\/em> Daugiau.<\/p>\n<p><!-- post ad --><\/div>\n<\/p><\/div>\n<p><br \/>\n<br \/><a href=\"https:\/\/electrek.co\/2025\/04\/15\/tesla-cybercab-semi-sourcing-disrupted-trump-tariffs-report\/\">Source link <\/a><\/p>\n","protected":false},"excerpt":{"rendered":"<p>Naujoje ataskaitoje teigiama, kad prezidento Trumpo tarifai sutrikd\u0117 \u201eTesla\u201c plan\u0105 gauti art\u0117jan\u010dios \u201eCybercab\u201c ir \u201eTesla Semi\u201c produkcijos dalis Kinijoje. Prezidento&hellip;<\/p>\n","protected":false},"author":1,"featured_media":505,"comment_status":"open","ping_status":"open","sticky":false,"template":"","format":"standard","meta":{"om_disable_all_campaigns":false,"_monsterinsights_skip_tracking":false,"_monsterinsights_sitenote_active":false,"_monsterinsights_sitenote_note":"","_monsterinsights_sitenote_category":0,"footnotes":""},"categories":[8],"tags":[1266,1262,668,1269,1263,1268,1265,1267,14,1264],"class_list":["post-504","post","type-post","status-publish","format-standard","has-post-thumbnail","hentry","category-elektriniai-automobiliai","tag-d-trumpo","tag-kibernetinis","tag-kuri","tag-pranesime","tag-pusiau","tag-rasoma","tag-sutrikdo","tag-tarifai","tag-tesla","tag-tiekimas"],"aioseo_notices":[],"yoast_head":"<!-- This site is optimized with the Yoast SEO plugin v26.8 - https:\/\/yoast.com\/product\/yoast-seo-wordpress\/ -->\n<title>\u201eTesla\u201c kibernetinis ir pusiau tiekimas, kur\u012f sutrikdo D.Trumpo tarifai, ra\u0161oma prane\u0161ime - Eautomobiliai.lt<\/title>\n<meta name=\"robots\" content=\"index, follow, max-snippet:-1, max-image-preview:large, max-video-preview:-1\" \/>\n<link rel=\"canonical\" href=\"http:\/\/eautomobiliai.lt\/index.php\/2025\/04\/16\/tesla-kibernetinis-ir-pusiau-tiekimas-kuri-sutrikdo-d-trumpo-tarifai-rasoma-pranesime\/\" \/>\n<meta property=\"og:locale\" content=\"lt_LT\" \/>\n<meta property=\"og:type\" content=\"article\" \/>\n<meta property=\"og:title\" content=\"\u201eTesla\u201c kibernetinis ir pusiau tiekimas, kur\u012f sutrikdo D.Trumpo tarifai, ra\u0161oma prane\u0161ime - Eautomobiliai.lt\" \/>\n<meta property=\"og:description\" content=\"Naujoje ataskaitoje teigiama, kad prezidento Trumpo tarifai sutrikd\u0117 \u201eTesla\u201c plan\u0105 gauti art\u0117jan\u010dios \u201eCybercab\u201c ir \u201eTesla Semi\u201c produkcijos dalis Kinijoje. Prezidento&hellip;\" \/>\n<meta property=\"og:url\" content=\"http:\/\/eautomobiliai.lt\/index.php\/2025\/04\/16\/tesla-kibernetinis-ir-pusiau-tiekimas-kuri-sutrikdo-d-trumpo-tarifai-rasoma-pranesime\/\" \/>\n<meta property=\"og:site_name\" content=\"Eautomobiliai.lt\" \/>\n<meta property=\"article:published_time\" content=\"2025-04-16T04:45:11+00:00\" \/>\n<meta property=\"og:image\" content=\"http:\/\/eautomobiliai.lt\/wp-content\/uploads\/2025\/04\/\u201eTesla-kibernetinis-ir-pusiau-tiekimas-kuri-sutrikdo-DTrumpo-tarifai-rasoma.png\" \/>\n\t<meta property=\"og:image:width\" content=\"1599\" \/>\n\t<meta property=\"og:image:height\" content=\"765\" \/>\n\t<meta property=\"og:image:type\" content=\"image\/png\" \/>\n<meta name=\"author\" content=\"admin\" \/>\n<meta name=\"twitter:card\" content=\"summary_large_image\" \/>\n<meta name=\"twitter:label1\" content=\"Written by\" \/>\n\t<meta name=\"twitter:data1\" content=\"admin\" \/>\n\t<meta name=\"twitter:label2\" content=\"Est. reading time\" \/>\n\t<meta name=\"twitter:data2\" content=\"3 minut\u0117s\" \/>\n<script type=\"application\/ld+json\" class=\"yoast-schema-graph\">{\"@context\":\"https:\/\/schema.org\",\"@graph\":[{\"@type\":\"Article\",\"@id\":\"http:\/\/eautomobiliai.lt\/index.php\/2025\/04\/16\/tesla-kibernetinis-ir-pusiau-tiekimas-kuri-sutrikdo-d-trumpo-tarifai-rasoma-pranesime\/#article\",\"isPartOf\":{\"@id\":\"http:\/\/eautomobiliai.lt\/index.php\/2025\/04\/16\/tesla-kibernetinis-ir-pusiau-tiekimas-kuri-sutrikdo-d-trumpo-tarifai-rasoma-pranesime\/\"},\"author\":{\"name\":\"admin\",\"@id\":\"http:\/\/eautomobiliai.lt\/#\/schema\/person\/ecf2a967f361217d056061f74deb92f2\"},\"headline\":\"\u201eTesla\u201c kibernetinis ir pusiau tiekimas, kur\u012f sutrikdo D.Trumpo tarifai, ra\u0161oma prane\u0161ime\",\"datePublished\":\"2025-04-16T04:45:11+00:00\",\"mainEntityOfPage\":{\"@id\":\"http:\/\/eautomobiliai.lt\/index.php\/2025\/04\/16\/tesla-kibernetinis-ir-pusiau-tiekimas-kuri-sutrikdo-d-trumpo-tarifai-rasoma-pranesime\/\"},\"wordCount\":640,\"commentCount\":0,\"image\":{\"@id\":\"http:\/\/eautomobiliai.lt\/index.php\/2025\/04\/16\/tesla-kibernetinis-ir-pusiau-tiekimas-kuri-sutrikdo-d-trumpo-tarifai-rasoma-pranesime\/#primaryimage\"},\"thumbnailUrl\":\"http:\/\/eautomobiliai.lt\/wp-content\/uploads\/2025\/04\/\u201eTesla-kibernetinis-ir-pusiau-tiekimas-kuri-sutrikdo-DTrumpo-tarifai-rasoma.png\",\"keywords\":[\"D.Trumpo\",\"kibernetinis\",\"kuri\",\"prane\u0161ime\",\"pusiau\",\"ra\u0161oma\",\"sutrikdo\",\"tarifai\",\"Tesla\",\"tiekimas\"],\"articleSection\":[\"ELEKTRINIAI AUTOMOBILIAI\"],\"inLanguage\":\"lt-LT\",\"potentialAction\":[{\"@type\":\"CommentAction\",\"name\":\"Comment\",\"target\":[\"http:\/\/eautomobiliai.lt\/index.php\/2025\/04\/16\/tesla-kibernetinis-ir-pusiau-tiekimas-kuri-sutrikdo-d-trumpo-tarifai-rasoma-pranesime\/#respond\"]}]},{\"@type\":\"WebPage\",\"@id\":\"http:\/\/eautomobiliai.lt\/index.php\/2025\/04\/16\/tesla-kibernetinis-ir-pusiau-tiekimas-kuri-sutrikdo-d-trumpo-tarifai-rasoma-pranesime\/\",\"url\":\"http:\/\/eautomobiliai.lt\/index.php\/2025\/04\/16\/tesla-kibernetinis-ir-pusiau-tiekimas-kuri-sutrikdo-d-trumpo-tarifai-rasoma-pranesime\/\",\"name\":\"\u201eTesla\u201c kibernetinis ir pusiau tiekimas, kur\u012f sutrikdo D.Trumpo tarifai, ra\u0161oma prane\u0161ime - Eautomobiliai.lt\",\"isPartOf\":{\"@id\":\"http:\/\/eautomobiliai.lt\/#website\"},\"primaryImageOfPage\":{\"@id\":\"http:\/\/eautomobiliai.lt\/index.php\/2025\/04\/16\/tesla-kibernetinis-ir-pusiau-tiekimas-kuri-sutrikdo-d-trumpo-tarifai-rasoma-pranesime\/#primaryimage\"},\"image\":{\"@id\":\"http:\/\/eautomobiliai.lt\/index.php\/2025\/04\/16\/tesla-kibernetinis-ir-pusiau-tiekimas-kuri-sutrikdo-d-trumpo-tarifai-rasoma-pranesime\/#primaryimage\"},\"thumbnailUrl\":\"http:\/\/eautomobiliai.lt\/wp-content\/uploads\/2025\/04\/\u201eTesla-kibernetinis-ir-pusiau-tiekimas-kuri-sutrikdo-DTrumpo-tarifai-rasoma.png\",\"datePublished\":\"2025-04-16T04:45:11+00:00\",\"author\":{\"@id\":\"http:\/\/eautomobiliai.lt\/#\/schema\/person\/ecf2a967f361217d056061f74deb92f2\"},\"breadcrumb\":{\"@id\":\"http:\/\/eautomobiliai.lt\/index.php\/2025\/04\/16\/tesla-kibernetinis-ir-pusiau-tiekimas-kuri-sutrikdo-d-trumpo-tarifai-rasoma-pranesime\/#breadcrumb\"},\"inLanguage\":\"lt-LT\",\"potentialAction\":[{\"@type\":\"ReadAction\",\"target\":[\"http:\/\/eautomobiliai.lt\/index.php\/2025\/04\/16\/tesla-kibernetinis-ir-pusiau-tiekimas-kuri-sutrikdo-d-trumpo-tarifai-rasoma-pranesime\/\"]}]},{\"@type\":\"ImageObject\",\"inLanguage\":\"lt-LT\",\"@id\":\"http:\/\/eautomobiliai.lt\/index.php\/2025\/04\/16\/tesla-kibernetinis-ir-pusiau-tiekimas-kuri-sutrikdo-d-trumpo-tarifai-rasoma-pranesime\/#primaryimage\",\"url\":\"http:\/\/eautomobiliai.lt\/wp-content\/uploads\/2025\/04\/\u201eTesla-kibernetinis-ir-pusiau-tiekimas-kuri-sutrikdo-DTrumpo-tarifai-rasoma.png\",\"contentUrl\":\"http:\/\/eautomobiliai.lt\/wp-content\/uploads\/2025\/04\/\u201eTesla-kibernetinis-ir-pusiau-tiekimas-kuri-sutrikdo-DTrumpo-tarifai-rasoma.png\",\"width\":1599,\"height\":765},{\"@type\":\"BreadcrumbList\",\"@id\":\"http:\/\/eautomobiliai.lt\/index.php\/2025\/04\/16\/tesla-kibernetinis-ir-pusiau-tiekimas-kuri-sutrikdo-d-trumpo-tarifai-rasoma-pranesime\/#breadcrumb\",\"itemListElement\":[{\"@type\":\"ListItem\",\"position\":1,\"name\":\"Home\",\"item\":\"http:\/\/eautomobiliai.lt\/\"},{\"@type\":\"ListItem\",\"position\":2,\"name\":\"\u201eTesla\u201c kibernetinis ir pusiau tiekimas, kur\u012f sutrikdo D.Trumpo tarifai, ra\u0161oma prane\u0161ime\"}]},{\"@type\":\"WebSite\",\"@id\":\"http:\/\/eautomobiliai.lt\/#website\",\"url\":\"http:\/\/eautomobiliai.lt\/\",\"name\":\"Eautomobiliai.lt\",\"description\":\"Elektrinis transportas, technologijos\",\"potentialAction\":[{\"@type\":\"SearchAction\",\"target\":{\"@type\":\"EntryPoint\",\"urlTemplate\":\"http:\/\/eautomobiliai.lt\/?s={search_term_string}\"},\"query-input\":{\"@type\":\"PropertyValueSpecification\",\"valueRequired\":true,\"valueName\":\"search_term_string\"}}],\"inLanguage\":\"lt-LT\"},{\"@type\":\"Person\",\"@id\":\"http:\/\/eautomobiliai.lt\/#\/schema\/person\/ecf2a967f361217d056061f74deb92f2\",\"name\":\"admin\",\"image\":{\"@type\":\"ImageObject\",\"inLanguage\":\"lt-LT\",\"@id\":\"http:\/\/eautomobiliai.lt\/#\/schema\/person\/image\/\",\"url\":\"https:\/\/secure.gravatar.com\/avatar\/6323379efae0c70c686c7905444d6bbd?s=96&d=mm&r=g\",\"contentUrl\":\"https:\/\/secure.gravatar.com\/avatar\/6323379efae0c70c686c7905444d6bbd?s=96&d=mm&r=g\",\"caption\":\"admin\"},\"sameAs\":[\"http:\/\/eautomobiliai.lt\"],\"url\":\"http:\/\/eautomobiliai.lt\/index.php\/author\/admin\/\"}]}<\/script>\n<!-- \/ Yoast SEO plugin. -->","yoast_head_json":{"title":"\u201eTesla\u201c kibernetinis ir pusiau tiekimas, kur\u012f sutrikdo D.Trumpo tarifai, ra\u0161oma prane\u0161ime - Eautomobiliai.lt","robots":{"index":"index","follow":"follow","max-snippet":"max-snippet:-1","max-image-preview":"max-image-preview:large","max-video-preview":"max-video-preview:-1"},"canonical":"http:\/\/eautomobiliai.lt\/index.php\/2025\/04\/16\/tesla-kibernetinis-ir-pusiau-tiekimas-kuri-sutrikdo-d-trumpo-tarifai-rasoma-pranesime\/","og_locale":"lt_LT","og_type":"article","og_title":"\u201eTesla\u201c kibernetinis ir pusiau tiekimas, kur\u012f sutrikdo D.Trumpo tarifai, ra\u0161oma prane\u0161ime - Eautomobiliai.lt","og_description":"Naujoje ataskaitoje teigiama, kad prezidento Trumpo tarifai sutrikd\u0117 \u201eTesla\u201c plan\u0105 gauti art\u0117jan\u010dios \u201eCybercab\u201c ir \u201eTesla Semi\u201c produkcijos dalis Kinijoje. Prezidento&hellip;","og_url":"http:\/\/eautomobiliai.lt\/index.php\/2025\/04\/16\/tesla-kibernetinis-ir-pusiau-tiekimas-kuri-sutrikdo-d-trumpo-tarifai-rasoma-pranesime\/","og_site_name":"Eautomobiliai.lt","article_published_time":"2025-04-16T04:45:11+00:00","og_image":[{"width":1599,"height":765,"url":"http:\/\/eautomobiliai.lt\/wp-content\/uploads\/2025\/04\/\u201eTesla-kibernetinis-ir-pusiau-tiekimas-kuri-sutrikdo-DTrumpo-tarifai-rasoma.png","type":"image\/png"}],"author":"admin","twitter_card":"summary_large_image","twitter_misc":{"Written by":"admin","Est. reading time":"3 minut\u0117s"},"schema":{"@context":"https:\/\/schema.org","@graph":[{"@type":"Article","@id":"http:\/\/eautomobiliai.lt\/index.php\/2025\/04\/16\/tesla-kibernetinis-ir-pusiau-tiekimas-kuri-sutrikdo-d-trumpo-tarifai-rasoma-pranesime\/#article","isPartOf":{"@id":"http:\/\/eautomobiliai.lt\/index.php\/2025\/04\/16\/tesla-kibernetinis-ir-pusiau-tiekimas-kuri-sutrikdo-d-trumpo-tarifai-rasoma-pranesime\/"},"author":{"name":"admin","@id":"http:\/\/eautomobiliai.lt\/#\/schema\/person\/ecf2a967f361217d056061f74deb92f2"},"headline":"\u201eTesla\u201c kibernetinis ir pusiau tiekimas, kur\u012f sutrikdo D.Trumpo tarifai, ra\u0161oma prane\u0161ime","datePublished":"2025-04-16T04:45:11+00:00","mainEntityOfPage":{"@id":"http:\/\/eautomobiliai.lt\/index.php\/2025\/04\/16\/tesla-kibernetinis-ir-pusiau-tiekimas-kuri-sutrikdo-d-trumpo-tarifai-rasoma-pranesime\/"},"wordCount":640,"commentCount":0,"image":{"@id":"http:\/\/eautomobiliai.lt\/index.php\/2025\/04\/16\/tesla-kibernetinis-ir-pusiau-tiekimas-kuri-sutrikdo-d-trumpo-tarifai-rasoma-pranesime\/#primaryimage"},"thumbnailUrl":"http:\/\/eautomobiliai.lt\/wp-content\/uploads\/2025\/04\/\u201eTesla-kibernetinis-ir-pusiau-tiekimas-kuri-sutrikdo-DTrumpo-tarifai-rasoma.png","keywords":["D.Trumpo","kibernetinis","kuri","prane\u0161ime","pusiau","ra\u0161oma","sutrikdo","tarifai","Tesla","tiekimas"],"articleSection":["ELEKTRINIAI AUTOMOBILIAI"],"inLanguage":"lt-LT","potentialAction":[{"@type":"CommentAction","name":"Comment","target":["http:\/\/eautomobiliai.lt\/index.php\/2025\/04\/16\/tesla-kibernetinis-ir-pusiau-tiekimas-kuri-sutrikdo-d-trumpo-tarifai-rasoma-pranesime\/#respond"]}]},{"@type":"WebPage","@id":"http:\/\/eautomobiliai.lt\/index.php\/2025\/04\/16\/tesla-kibernetinis-ir-pusiau-tiekimas-kuri-sutrikdo-d-trumpo-tarifai-rasoma-pranesime\/","url":"http:\/\/eautomobiliai.lt\/index.php\/2025\/04\/16\/tesla-kibernetinis-ir-pusiau-tiekimas-kuri-sutrikdo-d-trumpo-tarifai-rasoma-pranesime\/","name":"\u201eTesla\u201c kibernetinis ir pusiau tiekimas, kur\u012f sutrikdo D.Trumpo tarifai, ra\u0161oma prane\u0161ime - Eautomobiliai.lt","isPartOf":{"@id":"http:\/\/eautomobiliai.lt\/#website"},"primaryImageOfPage":{"@id":"http:\/\/eautomobiliai.lt\/index.php\/2025\/04\/16\/tesla-kibernetinis-ir-pusiau-tiekimas-kuri-sutrikdo-d-trumpo-tarifai-rasoma-pranesime\/#primaryimage"},"image":{"@id":"http:\/\/eautomobiliai.lt\/index.php\/2025\/04\/16\/tesla-kibernetinis-ir-pusiau-tiekimas-kuri-sutrikdo-d-trumpo-tarifai-rasoma-pranesime\/#primaryimage"},"thumbnailUrl":"http:\/\/eautomobiliai.lt\/wp-content\/uploads\/2025\/04\/\u201eTesla-kibernetinis-ir-pusiau-tiekimas-kuri-sutrikdo-DTrumpo-tarifai-rasoma.png","datePublished":"2025-04-16T04:45:11+00:00","author":{"@id":"http:\/\/eautomobiliai.lt\/#\/schema\/person\/ecf2a967f361217d056061f74deb92f2"},"breadcrumb":{"@id":"http:\/\/eautomobiliai.lt\/index.php\/2025\/04\/16\/tesla-kibernetinis-ir-pusiau-tiekimas-kuri-sutrikdo-d-trumpo-tarifai-rasoma-pranesime\/#breadcrumb"},"inLanguage":"lt-LT","potentialAction":[{"@type":"ReadAction","target":["http:\/\/eautomobiliai.lt\/index.php\/2025\/04\/16\/tesla-kibernetinis-ir-pusiau-tiekimas-kuri-sutrikdo-d-trumpo-tarifai-rasoma-pranesime\/"]}]},{"@type":"ImageObject","inLanguage":"lt-LT","@id":"http:\/\/eautomobiliai.lt\/index.php\/2025\/04\/16\/tesla-kibernetinis-ir-pusiau-tiekimas-kuri-sutrikdo-d-trumpo-tarifai-rasoma-pranesime\/#primaryimage","url":"http:\/\/eautomobiliai.lt\/wp-content\/uploads\/2025\/04\/\u201eTesla-kibernetinis-ir-pusiau-tiekimas-kuri-sutrikdo-DTrumpo-tarifai-rasoma.png","contentUrl":"http:\/\/eautomobiliai.lt\/wp-content\/uploads\/2025\/04\/\u201eTesla-kibernetinis-ir-pusiau-tiekimas-kuri-sutrikdo-DTrumpo-tarifai-rasoma.png","width":1599,"height":765},{"@type":"BreadcrumbList","@id":"http:\/\/eautomobiliai.lt\/index.php\/2025\/04\/16\/tesla-kibernetinis-ir-pusiau-tiekimas-kuri-sutrikdo-d-trumpo-tarifai-rasoma-pranesime\/#breadcrumb","itemListElement":[{"@type":"ListItem","position":1,"name":"Home","item":"http:\/\/eautomobiliai.lt\/"},{"@type":"ListItem","position":2,"name":"\u201eTesla\u201c kibernetinis ir pusiau tiekimas, kur\u012f sutrikdo D.Trumpo tarifai, ra\u0161oma prane\u0161ime"}]},{"@type":"WebSite","@id":"http:\/\/eautomobiliai.lt\/#website","url":"http:\/\/eautomobiliai.lt\/","name":"Eautomobiliai.lt","description":"Elektrinis transportas, technologijos","potentialAction":[{"@type":"SearchAction","target":{"@type":"EntryPoint","urlTemplate":"http:\/\/eautomobiliai.lt\/?s={search_term_string}"},"query-input":{"@type":"PropertyValueSpecification","valueRequired":true,"valueName":"search_term_string"}}],"inLanguage":"lt-LT"},{"@type":"Person","@id":"http:\/\/eautomobiliai.lt\/#\/schema\/person\/ecf2a967f361217d056061f74deb92f2","name":"admin","image":{"@type":"ImageObject","inLanguage":"lt-LT","@id":"http:\/\/eautomobiliai.lt\/#\/schema\/person\/image\/","url":"https:\/\/secure.gravatar.com\/avatar\/6323379efae0c70c686c7905444d6bbd?s=96&d=mm&r=g","contentUrl":"https:\/\/secure.gravatar.com\/avatar\/6323379efae0c70c686c7905444d6bbd?s=96&d=mm&r=g","caption":"admin"},"sameAs":["http:\/\/eautomobiliai.lt"],"url":"http:\/\/eautomobiliai.lt\/index.php\/author\/admin\/"}]}},"_links":{"self":[{"href":"http:\/\/eautomobiliai.lt\/index.php\/wp-json\/wp\/v2\/posts\/504","targetHints":{"allow":["GET"]}}],"collection":[{"href":"http:\/\/eautomobiliai.lt\/index.php\/wp-json\/wp\/v2\/posts"}],"about":[{"href":"http:\/\/eautomobiliai.lt\/index.php\/wp-json\/wp\/v2\/types\/post"}],"author":[{"embeddable":true,"href":"http:\/\/eautomobiliai.lt\/index.php\/wp-json\/wp\/v2\/users\/1"}],"replies":[{"embeddable":true,"href":"http:\/\/eautomobiliai.lt\/index.php\/wp-json\/wp\/v2\/comments?post=504"}],"version-history":[{"count":0,"href":"http:\/\/eautomobiliai.lt\/index.php\/wp-json\/wp\/v2\/posts\/504\/revisions"}],"wp:featuredmedia":[{"embeddable":true,"href":"http:\/\/eautomobiliai.lt\/index.php\/wp-json\/wp\/v2\/media\/505"}],"wp:attachment":[{"href":"http:\/\/eautomobiliai.lt\/index.php\/wp-json\/wp\/v2\/media?parent=504"}],"wp:term":[{"taxonomy":"category","embeddable":true,"href":"http:\/\/eautomobiliai.lt\/index.php\/wp-json\/wp\/v2\/categories?post=504"},{"taxonomy":"post_tag","embeddable":true,"href":"http:\/\/eautomobiliai.lt\/index.php\/wp-json\/wp\/v2\/tags?post=504"}],"curies":[{"name":"wp","href":"https:\/\/api.w.org\/{rel}","templated":true}]}}