{"id":55,"date":"2025-03-08T10:41:55","date_gmt":"2025-03-08T10:41:55","guid":{"rendered":"http:\/\/eautomobiliai.lt\/index.php\/2025\/03\/08\/naujasis-2025-m-tesla-modelis-debiutuoja-australijoje-nes-isakymai-kinijoje-virsija-200-000\/"},"modified":"2025-03-08T10:41:55","modified_gmt":"2025-03-08T10:41:55","slug":"naujasis-2025-m-tesla-modelis-debiutuoja-australijoje-nes-isakymai-kinijoje-virsija-200-000","status":"publish","type":"post","link":"http:\/\/eautomobiliai.lt\/index.php\/2025\/03\/08\/naujasis-2025-m-tesla-modelis-debiutuoja-australijoje-nes-isakymai-kinijoje-virsija-200-000\/","title":{"rendered":"Naujasis 2025 m. \u201eTesla\u201c modelis debiutuoja Australijoje, nes \u012fsakymai Kinijoje vir\u0161ija 200 000"},"content":{"rendered":"<p> <br \/>\n<\/p>\n<div id=\"\">\n<p><span style=\"font-weight: 400;\">\u201eTesla\u201c debiutavo savo naujajame 2025 m. \u201eTesla Y\u201c modelyje A Australijoje, \u201eThe Electrics Show\u201c Sidn\u0117juje, suteikdamas t\u016bkstan\u010dius EV entuziast\u0173 ir pirk\u0117j\u0173 \u017evilgsn\u012f \u012f naujausi\u0105 geriausiai parduodamos Australijos EV versij\u0105. <\/span><\/p>\n<p><span style=\"font-weight: 400;\">Tuo tarpu Kinijoje naujos ataskaitos pabr\u0117\u017eia daugiau nei 200 000 Y modeli\u0173 u\u017esakym\u0173 per 2 m\u0117nesius.<\/span><\/p>\n<p><span style=\"font-weight: 400;\">Renginyje Sidn\u0117juje \u201eTesla\u201c \u0161alies vadybininkas Thomas Drew ir Robertas Llewellyn i\u0161 visko, kas \u201eElectric\u201c, per savaitgal\u012f patyr\u0117 du modelius, kuriuos lankytojams ir lankytojams patirti.<\/span><\/p>\n<p><span style=\"font-weight: 400;\">Pirmasis automobilis yra ypa\u010d raudonas automobilis, kurio dienos lemput\u0117s \u012fjungtos, nes dangteliai buvo nuimti kartu su \u201eQuicksilver\u201c transporto priemone. Vienoje i\u0161 \u0161i\u0173 transporto priemoni\u0173 buvo parodytas naujas interjeras su juodomis s\u0117dyn\u0117mis, o kitoje buvo baltas interjeras.<\/span><\/p>\n<p><span style=\"font-weight: 400;\">Abu buvo ap\u0161viesti naujos priekin\u0117s ir galin\u0117s lemput\u0117s, tod\u0117l transporto priemon\u0117s i\u0161siskyr\u0117 i\u0161 ankstesn\u0117s kartos modelio Y. <\/span><\/p>\n<p><span style=\"font-weight: 400;\">Kalb\u0117dama apie lengvus strypus, \u201eTesla\u201c taip pat tur\u0117jo ekspozicij\u0105 \u201eCyberTruck\u201c, kuris priekyje \u012fterpia didel\u0119 \u0161viesos juost\u0105, kad lankytojai gal\u0117t\u0173 pamatyti i\u0161 arti.<\/span><\/p>\n<p><span style=\"font-weight: 400;\">\u201eOptimus\u201c robotas taip pat pasirod\u0117 kartu su \u201eModel 3\u201c na\u0161umu ir \u201eV4 Supercharger\u201c kiosku, kad b\u016bt\u0173 parodytas patikimas EV \u012fkrovimas kelyje, d\u0117ka \u201eTesla\u201c \u201eSupercharger\u201c tinklo.<\/span><\/p>\n<figure id=\"attachment_184613\" aria-describedby=\"caption-attachment-184613\" style=\"width: 1200px\" class=\"wp-caption aligncenter\"><img loading=\"lazy\" decoding=\"async\" class=\"size-full wp-image-184613\" src=\"https:\/\/thedriven.io\/wp-content\/uploads\/2025\/01\/2025-Tesla-Model-Y-Front-White-Charging.jpg\" alt=\"\" width=\"1200\" height=\"700\" srcset=\"https:\/\/thedriven.io\/wp-content\/uploads\/2025\/01\/2025-Tesla-Model-Y-Front-White-Charging.jpg 1200w, https:\/\/thedriven.io\/wp-content\/uploads\/2025\/01\/2025-Tesla-Model-Y-Front-White-Charging-388x226.jpg 388w, https:\/\/thedriven.io\/wp-content\/uploads\/2025\/01\/2025-Tesla-Model-Y-Front-White-Charging-1160x677.jpg 1160w, https:\/\/thedriven.io\/wp-content\/uploads\/2025\/01\/2025-Tesla-Model-Y-Front-White-Charging-800x467.jpg 800w, https:\/\/thedriven.io\/wp-content\/uploads\/2025\/01\/2025-Tesla-Model-Y-Front-White-Charging-120x70.jpg 120w, https:\/\/thedriven.io\/wp-content\/uploads\/2025\/01\/2025-Tesla-Model-Y-Front-White-Charging-90x53.jpg 90w, https:\/\/thedriven.io\/wp-content\/uploads\/2025\/01\/2025-Tesla-Model-Y-Front-White-Charging-320x187.jpg 320w, https:\/\/thedriven.io\/wp-content\/uploads\/2025\/01\/2025-Tesla-Model-Y-Front-White-Charging-560x327.jpg 560w, https:\/\/thedriven.io\/wp-content\/uploads\/2025\/01\/2025-Tesla-Model-Y-Front-White-Charging-150x88.jpg 150w, https:\/\/thedriven.io\/wp-content\/uploads\/2025\/01\/2025-Tesla-Model-Y-Front-White-Charging-240x140.jpg 240w, https:\/\/thedriven.io\/wp-content\/uploads\/2025\/01\/2025-Tesla-Model-Y-Front-White-Charging-180x105.jpg 180w, https:\/\/thedriven.io\/wp-content\/uploads\/2025\/01\/2025-Tesla-Model-Y-Front-White-Charging-640x373.jpg 640w, https:\/\/thedriven.io\/wp-content\/uploads\/2025\/01\/2025-Tesla-Model-Y-Front-White-Charging-1120x653.jpg 1120w, https:\/\/thedriven.io\/wp-content\/uploads\/2025\/01\/2025-Tesla-Model-Y-Front-White-Charging-300x175.jpg 300w\" sizes=\"auto, (max-width: 1160px) 100vw, 1160px\"\/><figcaption id=\"caption-attachment-184613\" class=\"wp-caption-text\">Vaizdas: \u201eTesla\u201c<\/figcaption><\/figure>\n<p>Taip pat rodomi \u201eTesla\u201c nam\u0173 energijos produktai, \u012fskaitant \u201ePowerwall 3\u201c ir \u201eWall Connectors\u201c, skirtus \u012fkrauti EV namuose.<\/p>\n<p><span style=\"font-weight: 400;\">Australijos atidengimas naujajame modelyje yra ma\u017eiau nei per dvi savaites po to, kai buvo prane\u0161ta, kad \u201eTesla\u201c turi <\/span><span style=\"font-weight: 400;\">i\u0161parduota i\u0161 savo vieno motorinio paleidimo serijos Y modelio<\/span><span style=\"font-weight: 400;\">  transporto priemon\u0117s i\u0161 m\u016bs\u0173 rinkos.<\/span><\/p>\n<p><span style=\"font-weight: 400;\">Tuo tarpu Kinijoje \u201eTesla\u201c prad\u0117jo kurti naujojo \u201eY\u201c modelio ir nauj\u0173 rinkos ataskait\u0173 pristatym\u0105, kaip paskelbta <\/span><span style=\"font-weight: 400;\">CNEVPOST<\/span><span style=\"font-weight: 400;\">  Pabr\u0117\u017ekite, kad \u201eTesla\u201c \u0161iame modelyje gavo daugiau nei 200 000 u\u017esakym\u0173.<\/span><\/p>\n<p><span style=\"font-weight: 400;\">\u0160i \u017einia ateina po <\/span><span style=\"font-weight: 400;\">\u201eTesla\u201c per 6 savaites nuo automobilio pardavimo buvo gavusi daugiau nei 170 000 u\u017esakym\u0173 u\u017e automobil\u012f. <\/span><span style=\"font-weight: 400;\">100 000 \u0161i\u0173 u\u017esakym\u0173<\/span><span style=\"font-weight: 400;\">  buvo per pirm\u0105j\u0105 \u201eNew Model Y\u201c pardavimo savaites, pabr\u0117\u017edami modelio populiarum\u0105 Y.<\/span><\/p>\n<p><span style=\"font-weight: 400;\">\u0160is naujas automobilis buvo labai tikimasi senesnio automobilio, optimizuodamas komfort\u0105, na\u0161um\u0105 ir efektyvum\u0105 labai populiariame visureigio segmente.<\/span><\/p>\n<p><span style=\"font-weight: 400;\">2025 m. Modelyje yra patobulintas diapazonas, greitesnis pagreitis, atnaujintas i\u0161or\u0117s stilius su naujais da\u017eais, interjero ap\u0161vietimu, v\u0117dinamomis priekin\u0117mis s\u0117dyn\u0117mis, galini\u0173 keleivi\u0173 valdikliais ir pramog\u0173 ekranu, varomomis antros eil\u0117s atsparumo s\u0117dyn\u0117mis, patobulinta pakaba, patobulintas akustinis stiklas, kad b\u016bt\u0173 galima tylesniam va\u017eiavimui ir dar daugiau.<\/span><\/p>\n<figure id=\"attachment_184612\" aria-describedby=\"caption-attachment-184612\" style=\"width: 2560px\" class=\"wp-caption aligncenter\"><img decoding=\"async\" class=\"size-full wp-image-184612 native-lazyload-js-fallback\" alt=\"\" width=\"2560\" height=\"1320\" loading=\"lazy\" src=\"https:\/\/b2232832.smushcdn.com\/2232832\/wp-content\/uploads\/2025\/01\/2025-Tesla-Model-Y-Rear-Grey-scaled.jpg?lossy=1&amp;strip=0&amp;webp=1\" srcset=\"https:\/\/b2232832.smushcdn.com\/2232832\/wp-content\/uploads\/2025\/01\/2025-Tesla-Model-Y-Rear-Grey-scaled.jpg?lossy=1&amp;strip=0&amp;webp=1 2560w, https:\/\/b2232832.smushcdn.com\/2232832\/wp-content\/uploads\/2025\/01\/2025-Tesla-Model-Y-Rear-Grey-388x200.jpg?lossy=1&amp;strip=0&amp;webp=1 388w, https:\/\/b2232832.smushcdn.com\/2232832\/wp-content\/uploads\/2025\/01\/2025-Tesla-Model-Y-Rear-Grey-1160x598.jpg?lossy=1&amp;strip=0&amp;webp=1 1160w, https:\/\/b2232832.smushcdn.com\/2232832\/wp-content\/uploads\/2025\/01\/2025-Tesla-Model-Y-Rear-Grey-800x413.jpg?lossy=1&amp;strip=0&amp;webp=1 800w, https:\/\/b2232832.smushcdn.com\/2232832\/wp-content\/uploads\/2025\/01\/2025-Tesla-Model-Y-Rear-Grey-1536x792.jpg?lossy=1&amp;strip=0&amp;webp=1 1536w, https:\/\/b2232832.smushcdn.com\/2232832\/wp-content\/uploads\/2025\/01\/2025-Tesla-Model-Y-Rear-Grey-2048x1056.jpg?lossy=1&amp;strip=0&amp;webp=1 2048w, https:\/\/b2232832.smushcdn.com\/2232832\/wp-content\/uploads\/2025\/01\/2025-Tesla-Model-Y-Rear-Grey-120x62.jpg?lossy=1&amp;strip=0&amp;webp=1 120w, https:\/\/b2232832.smushcdn.com\/2232832\/wp-content\/uploads\/2025\/01\/2025-Tesla-Model-Y-Rear-Grey-90x46.jpg?lossy=1&amp;strip=0&amp;webp=1 90w, https:\/\/b2232832.smushcdn.com\/2232832\/wp-content\/uploads\/2025\/01\/2025-Tesla-Model-Y-Rear-Grey-320x165.jpg?lossy=1&amp;strip=0&amp;webp=1 320w, https:\/\/b2232832.smushcdn.com\/2232832\/wp-content\/uploads\/2025\/01\/2025-Tesla-Model-Y-Rear-Grey-560x289.jpg?lossy=1&amp;strip=0&amp;webp=1 560w, https:\/\/b2232832.smushcdn.com\/2232832\/wp-content\/uploads\/2025\/01\/2025-Tesla-Model-Y-Rear-Grey-1920x990.jpg?lossy=1&amp;strip=0&amp;webp=1 1920w, https:\/\/b2232832.smushcdn.com\/2232832\/wp-content\/uploads\/2025\/01\/2025-Tesla-Model-Y-Rear-Grey-150x77.jpg?lossy=1&amp;strip=0&amp;webp=1 150w, https:\/\/b2232832.smushcdn.com\/2232832\/wp-content\/uploads\/2025\/01\/2025-Tesla-Model-Y-Rear-Grey-240x124.jpg?lossy=1&amp;strip=0&amp;webp=1 240w, https:\/\/b2232832.smushcdn.com\/2232832\/wp-content\/uploads\/2025\/01\/2025-Tesla-Model-Y-Rear-Grey-180x93.jpg?lossy=1&amp;strip=0&amp;webp=1 180w, https:\/\/b2232832.smushcdn.com\/2232832\/wp-content\/uploads\/2025\/01\/2025-Tesla-Model-Y-Rear-Grey-640x330.jpg?lossy=1&amp;strip=0&amp;webp=1 640w, https:\/\/b2232832.smushcdn.com\/2232832\/wp-content\/uploads\/2025\/01\/2025-Tesla-Model-Y-Rear-Grey-1120x578.jpg?lossy=1&amp;strip=0&amp;webp=1 1120w, https:\/\/b2232832.smushcdn.com\/2232832\/wp-content\/uploads\/2025\/01\/2025-Tesla-Model-Y-Rear-Grey-1600x825.jpg?lossy=1&amp;strip=0&amp;webp=1 1600w, https:\/\/b2232832.smushcdn.com\/2232832\/wp-content\/uploads\/2025\/01\/2025-Tesla-Model-Y-Rear-Grey-2320x1196.jpg?lossy=1&amp;strip=0&amp;webp=1 2320w, https:\/\/b2232832.smushcdn.com\/2232832\/wp-content\/uploads\/2025\/01\/2025-Tesla-Model-Y-Rear-Grey-300x155.jpg?lossy=1&amp;strip=0&amp;webp=1 300w\" data-sizes=\"(max-width: 1160px) 100vw, 1160px\"\/><img loading=\"lazy\" decoding=\"async\" class=\"size-full wp-image-184612\" src=\"https:\/\/thedriven.io\/wp-content\/uploads\/2025\/01\/2025-Tesla-Model-Y-Rear-Grey-scaled.jpg\" alt=\"\" width=\"2560\" height=\"1320\" srcset=\"https:\/\/thedriven.io\/wp-content\/uploads\/2025\/01\/2025-Tesla-Model-Y-Rear-Grey-scaled.jpg 2560w, https:\/\/thedriven.io\/wp-content\/uploads\/2025\/01\/2025-Tesla-Model-Y-Rear-Grey-388x200.jpg 388w, https:\/\/thedriven.io\/wp-content\/uploads\/2025\/01\/2025-Tesla-Model-Y-Rear-Grey-1160x598.jpg 1160w, https:\/\/thedriven.io\/wp-content\/uploads\/2025\/01\/2025-Tesla-Model-Y-Rear-Grey-800x413.jpg 800w, https:\/\/thedriven.io\/wp-content\/uploads\/2025\/01\/2025-Tesla-Model-Y-Rear-Grey-1536x792.jpg 1536w, https:\/\/thedriven.io\/wp-content\/uploads\/2025\/01\/2025-Tesla-Model-Y-Rear-Grey-2048x1056.jpg 2048w, https:\/\/thedriven.io\/wp-content\/uploads\/2025\/01\/2025-Tesla-Model-Y-Rear-Grey-120x62.jpg 120w, https:\/\/thedriven.io\/wp-content\/uploads\/2025\/01\/2025-Tesla-Model-Y-Rear-Grey-90x46.jpg 90w, https:\/\/thedriven.io\/wp-content\/uploads\/2025\/01\/2025-Tesla-Model-Y-Rear-Grey-320x165.jpg 320w, https:\/\/thedriven.io\/wp-content\/uploads\/2025\/01\/2025-Tesla-Model-Y-Rear-Grey-560x289.jpg 560w, https:\/\/thedriven.io\/wp-content\/uploads\/2025\/01\/2025-Tesla-Model-Y-Rear-Grey-1920x990.jpg 1920w, https:\/\/thedriven.io\/wp-content\/uploads\/2025\/01\/2025-Tesla-Model-Y-Rear-Grey-150x77.jpg 150w, https:\/\/thedriven.io\/wp-content\/uploads\/2025\/01\/2025-Tesla-Model-Y-Rear-Grey-240x124.jpg 240w, https:\/\/thedriven.io\/wp-content\/uploads\/2025\/01\/2025-Tesla-Model-Y-Rear-Grey-180x93.jpg 180w, https:\/\/thedriven.io\/wp-content\/uploads\/2025\/01\/2025-Tesla-Model-Y-Rear-Grey-640x330.jpg 640w, https:\/\/thedriven.io\/wp-content\/uploads\/2025\/01\/2025-Tesla-Model-Y-Rear-Grey-1120x578.jpg 1120w, https:\/\/thedriven.io\/wp-content\/uploads\/2025\/01\/2025-Tesla-Model-Y-Rear-Grey-1600x825.jpg 1600w, https:\/\/thedriven.io\/wp-content\/uploads\/2025\/01\/2025-Tesla-Model-Y-Rear-Grey-2320x1196.jpg 2320w, https:\/\/thedriven.io\/wp-content\/uploads\/2025\/01\/2025-Tesla-Model-Y-Rear-Grey-300x155.jpg 300w\" sizes=\"auto, (max-width: 1160px) 100vw, 1160px\"\/><figcaption id=\"caption-attachment-184612\" class=\"wp-caption-text\">Vaizdas: \u201eTesla\u201c<\/figcaption><\/figure>\n<p><span style=\"font-weight: 400;\">\u201eTesla\u201c i\u0161 prad\u017ei\u0173 i\u0161leido nauj\u0105 model\u012f \u201eY\u201c vietoje riboto leidimo paleidimo serijoje. \u0160ie specialaus leidimo automobiliai prasideda nuo 63 400 USD u\u017e vieno motociklininko RWD variant\u0105, o dvigubo motorinio tolimojo nuotolio AWD variantai vir\u0161ija 73 400 USD prie\u0161 kelyje.<\/span><\/p>\n<p><span style=\"font-weight: 400;\">Tikimasi, kad vietiniai klient\u0173 pristatymai prasid\u0117s gegu\u017e\u0119, i\u0161 prad\u017ei\u0173 su paleidimo serijomis, po kuri\u0173 bus standartin\u0117s transporto priemon\u0117s.<\/span><\/p>\n<p><span style=\"font-weight: 400;\">Atsi\u017evelgiant \u012f naujojo Y modelio populiarum\u0105, atrodo, kad \u201eTesla\u201c atgaus tam tikr\u0105 prarast\u0105 pagreit\u012f d\u0117l pardavim\u0173 vietoje l\u0117t\u0117jan\u010dioje rinkoje, kuriai vadovauja \u012fvair\u016bs veiksniai, \u012fskaitant atsarg\u0173 lyg\u012f, naujojo Y modelio laukim\u0105 ir vartotoj\u0173 paspaudim\u0105 prie\u0161 Elon\u0105 Musk\u0105.<\/span><\/p>\n<p>Pamat\u0119s ir gav\u0119s galimyb\u0119 susitvarkyti su naujuoju \u201eModel Y\u201c, \u201eTesla\u201c, atrodo, padar\u0117 puik\u0173 darb\u0105 pagerindama automobilio komforto lyg\u012f ir estetik\u0105.<\/p>\n<p><span style=\"font-weight: 400;\">Mes tikim\u0117s, kad tai vairuosime artimiausiomis savait\u0117mis ir pamatysime, kaip tai i\u0161 tikr\u0173j\u0173 yra kelio komforto ir va\u017eiavimo vietose.<\/span><\/p>\n<div class=\"saboxplugin-wrap\" itemtype=\"http:\/\/schema.org\/Person\" itemscope=\"\" itemprop=\"author\">\n<div class=\"saboxplugin-tab\">\n<div class=\"saboxplugin-gravatar\"><img loading=\"lazy\" decoding=\"async\" width=\"100\" height=\"100\" alt=\"Rizas Akhtar\" itemprop=\"image\" class=\"native-lazyload-js-fallback\" src=\"https:\/\/b2232832.smushcdn.com\/2232832\/wp-content\/uploads\/2022\/02\/Riz.jpg?lossy=1&amp;strip=0&amp;webp=1\"\/><img loading=\"lazy\" decoding=\"async\" src=\"https:\/\/thedriven.io\/wp-content\/uploads\/2022\/02\/Riz.jpg\" width=\"100\" height=\"100\" alt=\"Rizas Akhtar\" itemprop=\"image\"\/><\/div>\n<div class=\"saboxplugin-desc\">\n<div itemprop=\"description\">\n<p>RIZ yra \u201eCarloop\u201c \u012fk\u016br\u0117jas, \u012fsik\u016br\u0119s Melburne, specializuojasi Australijos EV duomenyse, \u012f\u017evalgos ataskaitose ir tendencijose. Jis yra mechanikos in\u017einierius, prie\u0161 pradedant \u201eCarloop\u201c pirmuosius 7 savo karjeros statybos transporto infrastrukt\u016bros metus. Jis turi aistr\u0105 automobiliams, ypa\u010d EV ir nori pad\u0117ti suma\u017einti transporto i\u0161metim\u0105 Australijoje. \u0160iuo metu jis vairuoja \u201eRed Tesla\u201c model\u012f 3.<\/p>\n<\/div>\n<\/div>\n<\/div>\n<\/div>\n<p><!-- AI CONTENT END 1 --><\/p><\/div>\n<p><br \/>\n<br \/><a href=\"https:\/\/thedriven.io\/2025\/03\/08\/new-2025-tesla-model-y-debuts-in-australia-as-orders-surpass-200000-in-china\/\">Source link <\/a><\/p>\n","protected":false},"excerpt":{"rendered":"<p>\u201eTesla\u201c debiutavo savo naujajame 2025 m. \u201eTesla Y\u201c modelyje A Australijoje, \u201eThe Electrics Show\u201c Sidn\u0117juje, suteikdamas t\u016bkstan\u010dius EV entuziast\u0173 ir&hellip;<\/p>\n","protected":false},"author":1,"featured_media":56,"comment_status":"open","ping_status":"open","sticky":false,"template":"","format":"standard","meta":{"om_disable_all_campaigns":false,"_monsterinsights_skip_tracking":false,"_monsterinsights_sitenote_active":false,"_monsterinsights_sitenote_note":"","_monsterinsights_sitenote_category":0,"footnotes":""},"categories":[39],"tags":[115,114,117,118,113,112,116,14,119],"class_list":["post-55","post","type-post","status-publish","format-standard","has-post-thumbnail","hentry","category-eautomobiliu-technine-puse","tag-australijoje","tag-debiutuoja","tag-isakymai","tag-kinijoje","tag-modelis","tag-naujasis","tag-nes","tag-tesla","tag-virsija"],"aioseo_notices":[],"yoast_head":"<!-- This site is optimized with the Yoast SEO plugin v26.8 - https:\/\/yoast.com\/product\/yoast-seo-wordpress\/ -->\n<title>Naujasis 2025 m. \u201eTesla\u201c modelis debiutuoja Australijoje, nes \u012fsakymai Kinijoje vir\u0161ija 200 000 - Eautomobiliai.lt<\/title>\n<meta name=\"robots\" content=\"index, follow, max-snippet:-1, max-image-preview:large, max-video-preview:-1\" \/>\n<link rel=\"canonical\" href=\"http:\/\/eautomobiliai.lt\/index.php\/2025\/03\/08\/naujasis-2025-m-tesla-modelis-debiutuoja-australijoje-nes-isakymai-kinijoje-virsija-200-000\/\" \/>\n<meta property=\"og:locale\" content=\"lt_LT\" \/>\n<meta property=\"og:type\" content=\"article\" \/>\n<meta property=\"og:title\" content=\"Naujasis 2025 m. \u201eTesla\u201c modelis debiutuoja Australijoje, nes \u012fsakymai Kinijoje vir\u0161ija 200 000 - Eautomobiliai.lt\" \/>\n<meta property=\"og:description\" content=\"\u201eTesla\u201c debiutavo savo naujajame 2025 m. \u201eTesla Y\u201c modelyje A Australijoje, \u201eThe Electrics Show\u201c Sidn\u0117juje, suteikdamas t\u016bkstan\u010dius EV entuziast\u0173 ir&hellip;\" \/>\n<meta property=\"og:url\" content=\"http:\/\/eautomobiliai.lt\/index.php\/2025\/03\/08\/naujasis-2025-m-tesla-modelis-debiutuoja-australijoje-nes-isakymai-kinijoje-virsija-200-000\/\" \/>\n<meta property=\"og:site_name\" content=\"Eautomobiliai.lt\" \/>\n<meta property=\"article:published_time\" content=\"2025-03-08T10:41:55+00:00\" \/>\n<meta property=\"og:image\" content=\"http:\/\/eautomobiliai.lt\/wp-content\/uploads\/2025\/03\/Naujasis-2025-m-\u201eTesla-modelis-debiutuoja-Australijoje-nes-isakymai-Kinijoje.jpg\" \/>\n\t<meta property=\"og:image:width\" content=\"1200\" \/>\n\t<meta property=\"og:image:height\" content=\"900\" \/>\n\t<meta property=\"og:image:type\" content=\"image\/jpeg\" \/>\n<meta name=\"author\" content=\"admin\" \/>\n<meta name=\"twitter:card\" content=\"summary_large_image\" \/>\n<meta name=\"twitter:label1\" content=\"Written by\" \/>\n\t<meta name=\"twitter:data1\" content=\"admin\" \/>\n\t<meta name=\"twitter:label2\" content=\"Est. reading time\" \/>\n\t<meta name=\"twitter:data2\" content=\"3 minut\u0117s\" \/>\n<script type=\"application\/ld+json\" class=\"yoast-schema-graph\">{\"@context\":\"https:\/\/schema.org\",\"@graph\":[{\"@type\":\"Article\",\"@id\":\"http:\/\/eautomobiliai.lt\/index.php\/2025\/03\/08\/naujasis-2025-m-tesla-modelis-debiutuoja-australijoje-nes-isakymai-kinijoje-virsija-200-000\/#article\",\"isPartOf\":{\"@id\":\"http:\/\/eautomobiliai.lt\/index.php\/2025\/03\/08\/naujasis-2025-m-tesla-modelis-debiutuoja-australijoje-nes-isakymai-kinijoje-virsija-200-000\/\"},\"author\":{\"name\":\"admin\",\"@id\":\"https:\/\/eautomobiliai.lt\/#\/schema\/person\/ecf2a967f361217d056061f74deb92f2\"},\"headline\":\"Naujasis 2025 m. \u201eTesla\u201c modelis debiutuoja Australijoje, nes \u012fsakymai Kinijoje vir\u0161ija 200 000\",\"datePublished\":\"2025-03-08T10:41:55+00:00\",\"mainEntityOfPage\":{\"@id\":\"http:\/\/eautomobiliai.lt\/index.php\/2025\/03\/08\/naujasis-2025-m-tesla-modelis-debiutuoja-australijoje-nes-isakymai-kinijoje-virsija-200-000\/\"},\"wordCount\":600,\"commentCount\":0,\"image\":{\"@id\":\"http:\/\/eautomobiliai.lt\/index.php\/2025\/03\/08\/naujasis-2025-m-tesla-modelis-debiutuoja-australijoje-nes-isakymai-kinijoje-virsija-200-000\/#primaryimage\"},\"thumbnailUrl\":\"http:\/\/eautomobiliai.lt\/wp-content\/uploads\/2025\/03\/Naujasis-2025-m-\u201eTesla-modelis-debiutuoja-Australijoje-nes-isakymai-Kinijoje.jpg\",\"keywords\":[\"Australijoje\",\"debiutuoja\",\"\u012fsakymai\",\"Kinijoje\",\"modelis\",\"Naujasis\",\"nes\",\"Tesla\",\"vir\u0161ija\"],\"articleSection\":[\"eAUTOMOBILI\u0172 TECHNIN\u0116 PUS\u0116\"],\"inLanguage\":\"lt-LT\",\"potentialAction\":[{\"@type\":\"CommentAction\",\"name\":\"Comment\",\"target\":[\"http:\/\/eautomobiliai.lt\/index.php\/2025\/03\/08\/naujasis-2025-m-tesla-modelis-debiutuoja-australijoje-nes-isakymai-kinijoje-virsija-200-000\/#respond\"]}]},{\"@type\":\"WebPage\",\"@id\":\"http:\/\/eautomobiliai.lt\/index.php\/2025\/03\/08\/naujasis-2025-m-tesla-modelis-debiutuoja-australijoje-nes-isakymai-kinijoje-virsija-200-000\/\",\"url\":\"http:\/\/eautomobiliai.lt\/index.php\/2025\/03\/08\/naujasis-2025-m-tesla-modelis-debiutuoja-australijoje-nes-isakymai-kinijoje-virsija-200-000\/\",\"name\":\"Naujasis 2025 m. \u201eTesla\u201c modelis debiutuoja Australijoje, nes \u012fsakymai Kinijoje vir\u0161ija 200 000 - Eautomobiliai.lt\",\"isPartOf\":{\"@id\":\"https:\/\/eautomobiliai.lt\/#website\"},\"primaryImageOfPage\":{\"@id\":\"http:\/\/eautomobiliai.lt\/index.php\/2025\/03\/08\/naujasis-2025-m-tesla-modelis-debiutuoja-australijoje-nes-isakymai-kinijoje-virsija-200-000\/#primaryimage\"},\"image\":{\"@id\":\"http:\/\/eautomobiliai.lt\/index.php\/2025\/03\/08\/naujasis-2025-m-tesla-modelis-debiutuoja-australijoje-nes-isakymai-kinijoje-virsija-200-000\/#primaryimage\"},\"thumbnailUrl\":\"http:\/\/eautomobiliai.lt\/wp-content\/uploads\/2025\/03\/Naujasis-2025-m-\u201eTesla-modelis-debiutuoja-Australijoje-nes-isakymai-Kinijoje.jpg\",\"datePublished\":\"2025-03-08T10:41:55+00:00\",\"author\":{\"@id\":\"https:\/\/eautomobiliai.lt\/#\/schema\/person\/ecf2a967f361217d056061f74deb92f2\"},\"breadcrumb\":{\"@id\":\"http:\/\/eautomobiliai.lt\/index.php\/2025\/03\/08\/naujasis-2025-m-tesla-modelis-debiutuoja-australijoje-nes-isakymai-kinijoje-virsija-200-000\/#breadcrumb\"},\"inLanguage\":\"lt-LT\",\"potentialAction\":[{\"@type\":\"ReadAction\",\"target\":[\"http:\/\/eautomobiliai.lt\/index.php\/2025\/03\/08\/naujasis-2025-m-tesla-modelis-debiutuoja-australijoje-nes-isakymai-kinijoje-virsija-200-000\/\"]}]},{\"@type\":\"ImageObject\",\"inLanguage\":\"lt-LT\",\"@id\":\"http:\/\/eautomobiliai.lt\/index.php\/2025\/03\/08\/naujasis-2025-m-tesla-modelis-debiutuoja-australijoje-nes-isakymai-kinijoje-virsija-200-000\/#primaryimage\",\"url\":\"http:\/\/eautomobiliai.lt\/wp-content\/uploads\/2025\/03\/Naujasis-2025-m-\u201eTesla-modelis-debiutuoja-Australijoje-nes-isakymai-Kinijoje.jpg\",\"contentUrl\":\"http:\/\/eautomobiliai.lt\/wp-content\/uploads\/2025\/03\/Naujasis-2025-m-\u201eTesla-modelis-debiutuoja-Australijoje-nes-isakymai-Kinijoje.jpg\",\"width\":1200,\"height\":900},{\"@type\":\"BreadcrumbList\",\"@id\":\"http:\/\/eautomobiliai.lt\/index.php\/2025\/03\/08\/naujasis-2025-m-tesla-modelis-debiutuoja-australijoje-nes-isakymai-kinijoje-virsija-200-000\/#breadcrumb\",\"itemListElement\":[{\"@type\":\"ListItem\",\"position\":1,\"name\":\"Home\",\"item\":\"https:\/\/eautomobiliai.lt\/\"},{\"@type\":\"ListItem\",\"position\":2,\"name\":\"Naujasis 2025 m. \u201eTesla\u201c modelis debiutuoja Australijoje, nes \u012fsakymai Kinijoje vir\u0161ija 200 000\"}]},{\"@type\":\"WebSite\",\"@id\":\"https:\/\/eautomobiliai.lt\/#website\",\"url\":\"https:\/\/eautomobiliai.lt\/\",\"name\":\"Eautomobiliai.lt\",\"description\":\"Elektrinis transportas, technologijos\",\"potentialAction\":[{\"@type\":\"SearchAction\",\"target\":{\"@type\":\"EntryPoint\",\"urlTemplate\":\"https:\/\/eautomobiliai.lt\/?s={search_term_string}\"},\"query-input\":{\"@type\":\"PropertyValueSpecification\",\"valueRequired\":true,\"valueName\":\"search_term_string\"}}],\"inLanguage\":\"lt-LT\"},{\"@type\":\"Person\",\"@id\":\"https:\/\/eautomobiliai.lt\/#\/schema\/person\/ecf2a967f361217d056061f74deb92f2\",\"name\":\"admin\",\"image\":{\"@type\":\"ImageObject\",\"inLanguage\":\"lt-LT\",\"@id\":\"https:\/\/eautomobiliai.lt\/#\/schema\/person\/image\/\",\"url\":\"https:\/\/secure.gravatar.com\/avatar\/6323379efae0c70c686c7905444d6bbd?s=96&d=mm&r=g\",\"contentUrl\":\"https:\/\/secure.gravatar.com\/avatar\/6323379efae0c70c686c7905444d6bbd?s=96&d=mm&r=g\",\"caption\":\"admin\"},\"sameAs\":[\"http:\/\/eautomobiliai.lt\"],\"url\":\"http:\/\/eautomobiliai.lt\/index.php\/author\/admin\/\"}]}<\/script>\n<!-- \/ Yoast SEO plugin. -->","yoast_head_json":{"title":"Naujasis 2025 m. \u201eTesla\u201c modelis debiutuoja Australijoje, nes \u012fsakymai Kinijoje vir\u0161ija 200 000 - Eautomobiliai.lt","robots":{"index":"index","follow":"follow","max-snippet":"max-snippet:-1","max-image-preview":"max-image-preview:large","max-video-preview":"max-video-preview:-1"},"canonical":"http:\/\/eautomobiliai.lt\/index.php\/2025\/03\/08\/naujasis-2025-m-tesla-modelis-debiutuoja-australijoje-nes-isakymai-kinijoje-virsija-200-000\/","og_locale":"lt_LT","og_type":"article","og_title":"Naujasis 2025 m. \u201eTesla\u201c modelis debiutuoja Australijoje, nes \u012fsakymai Kinijoje vir\u0161ija 200 000 - Eautomobiliai.lt","og_description":"\u201eTesla\u201c debiutavo savo naujajame 2025 m. \u201eTesla Y\u201c modelyje A Australijoje, \u201eThe Electrics Show\u201c Sidn\u0117juje, suteikdamas t\u016bkstan\u010dius EV entuziast\u0173 ir&hellip;","og_url":"http:\/\/eautomobiliai.lt\/index.php\/2025\/03\/08\/naujasis-2025-m-tesla-modelis-debiutuoja-australijoje-nes-isakymai-kinijoje-virsija-200-000\/","og_site_name":"Eautomobiliai.lt","article_published_time":"2025-03-08T10:41:55+00:00","og_image":[{"width":1200,"height":900,"url":"http:\/\/eautomobiliai.lt\/wp-content\/uploads\/2025\/03\/Naujasis-2025-m-\u201eTesla-modelis-debiutuoja-Australijoje-nes-isakymai-Kinijoje.jpg","type":"image\/jpeg"}],"author":"admin","twitter_card":"summary_large_image","twitter_misc":{"Written by":"admin","Est. reading time":"3 minut\u0117s"},"schema":{"@context":"https:\/\/schema.org","@graph":[{"@type":"Article","@id":"http:\/\/eautomobiliai.lt\/index.php\/2025\/03\/08\/naujasis-2025-m-tesla-modelis-debiutuoja-australijoje-nes-isakymai-kinijoje-virsija-200-000\/#article","isPartOf":{"@id":"http:\/\/eautomobiliai.lt\/index.php\/2025\/03\/08\/naujasis-2025-m-tesla-modelis-debiutuoja-australijoje-nes-isakymai-kinijoje-virsija-200-000\/"},"author":{"name":"admin","@id":"https:\/\/eautomobiliai.lt\/#\/schema\/person\/ecf2a967f361217d056061f74deb92f2"},"headline":"Naujasis 2025 m. \u201eTesla\u201c modelis debiutuoja Australijoje, nes \u012fsakymai Kinijoje vir\u0161ija 200 000","datePublished":"2025-03-08T10:41:55+00:00","mainEntityOfPage":{"@id":"http:\/\/eautomobiliai.lt\/index.php\/2025\/03\/08\/naujasis-2025-m-tesla-modelis-debiutuoja-australijoje-nes-isakymai-kinijoje-virsija-200-000\/"},"wordCount":600,"commentCount":0,"image":{"@id":"http:\/\/eautomobiliai.lt\/index.php\/2025\/03\/08\/naujasis-2025-m-tesla-modelis-debiutuoja-australijoje-nes-isakymai-kinijoje-virsija-200-000\/#primaryimage"},"thumbnailUrl":"http:\/\/eautomobiliai.lt\/wp-content\/uploads\/2025\/03\/Naujasis-2025-m-\u201eTesla-modelis-debiutuoja-Australijoje-nes-isakymai-Kinijoje.jpg","keywords":["Australijoje","debiutuoja","\u012fsakymai","Kinijoje","modelis","Naujasis","nes","Tesla","vir\u0161ija"],"articleSection":["eAUTOMOBILI\u0172 TECHNIN\u0116 PUS\u0116"],"inLanguage":"lt-LT","potentialAction":[{"@type":"CommentAction","name":"Comment","target":["http:\/\/eautomobiliai.lt\/index.php\/2025\/03\/08\/naujasis-2025-m-tesla-modelis-debiutuoja-australijoje-nes-isakymai-kinijoje-virsija-200-000\/#respond"]}]},{"@type":"WebPage","@id":"http:\/\/eautomobiliai.lt\/index.php\/2025\/03\/08\/naujasis-2025-m-tesla-modelis-debiutuoja-australijoje-nes-isakymai-kinijoje-virsija-200-000\/","url":"http:\/\/eautomobiliai.lt\/index.php\/2025\/03\/08\/naujasis-2025-m-tesla-modelis-debiutuoja-australijoje-nes-isakymai-kinijoje-virsija-200-000\/","name":"Naujasis 2025 m. \u201eTesla\u201c modelis debiutuoja Australijoje, nes \u012fsakymai Kinijoje vir\u0161ija 200 000 - Eautomobiliai.lt","isPartOf":{"@id":"https:\/\/eautomobiliai.lt\/#website"},"primaryImageOfPage":{"@id":"http:\/\/eautomobiliai.lt\/index.php\/2025\/03\/08\/naujasis-2025-m-tesla-modelis-debiutuoja-australijoje-nes-isakymai-kinijoje-virsija-200-000\/#primaryimage"},"image":{"@id":"http:\/\/eautomobiliai.lt\/index.php\/2025\/03\/08\/naujasis-2025-m-tesla-modelis-debiutuoja-australijoje-nes-isakymai-kinijoje-virsija-200-000\/#primaryimage"},"thumbnailUrl":"http:\/\/eautomobiliai.lt\/wp-content\/uploads\/2025\/03\/Naujasis-2025-m-\u201eTesla-modelis-debiutuoja-Australijoje-nes-isakymai-Kinijoje.jpg","datePublished":"2025-03-08T10:41:55+00:00","author":{"@id":"https:\/\/eautomobiliai.lt\/#\/schema\/person\/ecf2a967f361217d056061f74deb92f2"},"breadcrumb":{"@id":"http:\/\/eautomobiliai.lt\/index.php\/2025\/03\/08\/naujasis-2025-m-tesla-modelis-debiutuoja-australijoje-nes-isakymai-kinijoje-virsija-200-000\/#breadcrumb"},"inLanguage":"lt-LT","potentialAction":[{"@type":"ReadAction","target":["http:\/\/eautomobiliai.lt\/index.php\/2025\/03\/08\/naujasis-2025-m-tesla-modelis-debiutuoja-australijoje-nes-isakymai-kinijoje-virsija-200-000\/"]}]},{"@type":"ImageObject","inLanguage":"lt-LT","@id":"http:\/\/eautomobiliai.lt\/index.php\/2025\/03\/08\/naujasis-2025-m-tesla-modelis-debiutuoja-australijoje-nes-isakymai-kinijoje-virsija-200-000\/#primaryimage","url":"http:\/\/eautomobiliai.lt\/wp-content\/uploads\/2025\/03\/Naujasis-2025-m-\u201eTesla-modelis-debiutuoja-Australijoje-nes-isakymai-Kinijoje.jpg","contentUrl":"http:\/\/eautomobiliai.lt\/wp-content\/uploads\/2025\/03\/Naujasis-2025-m-\u201eTesla-modelis-debiutuoja-Australijoje-nes-isakymai-Kinijoje.jpg","width":1200,"height":900},{"@type":"BreadcrumbList","@id":"http:\/\/eautomobiliai.lt\/index.php\/2025\/03\/08\/naujasis-2025-m-tesla-modelis-debiutuoja-australijoje-nes-isakymai-kinijoje-virsija-200-000\/#breadcrumb","itemListElement":[{"@type":"ListItem","position":1,"name":"Home","item":"https:\/\/eautomobiliai.lt\/"},{"@type":"ListItem","position":2,"name":"Naujasis 2025 m. \u201eTesla\u201c modelis debiutuoja Australijoje, nes \u012fsakymai Kinijoje vir\u0161ija 200 000"}]},{"@type":"WebSite","@id":"https:\/\/eautomobiliai.lt\/#website","url":"https:\/\/eautomobiliai.lt\/","name":"Eautomobiliai.lt","description":"Elektrinis transportas, technologijos","potentialAction":[{"@type":"SearchAction","target":{"@type":"EntryPoint","urlTemplate":"https:\/\/eautomobiliai.lt\/?s={search_term_string}"},"query-input":{"@type":"PropertyValueSpecification","valueRequired":true,"valueName":"search_term_string"}}],"inLanguage":"lt-LT"},{"@type":"Person","@id":"https:\/\/eautomobiliai.lt\/#\/schema\/person\/ecf2a967f361217d056061f74deb92f2","name":"admin","image":{"@type":"ImageObject","inLanguage":"lt-LT","@id":"https:\/\/eautomobiliai.lt\/#\/schema\/person\/image\/","url":"https:\/\/secure.gravatar.com\/avatar\/6323379efae0c70c686c7905444d6bbd?s=96&d=mm&r=g","contentUrl":"https:\/\/secure.gravatar.com\/avatar\/6323379efae0c70c686c7905444d6bbd?s=96&d=mm&r=g","caption":"admin"},"sameAs":["http:\/\/eautomobiliai.lt"],"url":"http:\/\/eautomobiliai.lt\/index.php\/author\/admin\/"}]}},"_links":{"self":[{"href":"http:\/\/eautomobiliai.lt\/index.php\/wp-json\/wp\/v2\/posts\/55","targetHints":{"allow":["GET"]}}],"collection":[{"href":"http:\/\/eautomobiliai.lt\/index.php\/wp-json\/wp\/v2\/posts"}],"about":[{"href":"http:\/\/eautomobiliai.lt\/index.php\/wp-json\/wp\/v2\/types\/post"}],"author":[{"embeddable":true,"href":"http:\/\/eautomobiliai.lt\/index.php\/wp-json\/wp\/v2\/users\/1"}],"replies":[{"embeddable":true,"href":"http:\/\/eautomobiliai.lt\/index.php\/wp-json\/wp\/v2\/comments?post=55"}],"version-history":[{"count":0,"href":"http:\/\/eautomobiliai.lt\/index.php\/wp-json\/wp\/v2\/posts\/55\/revisions"}],"wp:featuredmedia":[{"embeddable":true,"href":"http:\/\/eautomobiliai.lt\/index.php\/wp-json\/wp\/v2\/media\/56"}],"wp:attachment":[{"href":"http:\/\/eautomobiliai.lt\/index.php\/wp-json\/wp\/v2\/media?parent=55"}],"wp:term":[{"taxonomy":"category","embeddable":true,"href":"http:\/\/eautomobiliai.lt\/index.php\/wp-json\/wp\/v2\/categories?post=55"},{"taxonomy":"post_tag","embeddable":true,"href":"http:\/\/eautomobiliai.lt\/index.php\/wp-json\/wp\/v2\/tags?post=55"}],"curies":[{"name":"wp","href":"https:\/\/api.w.org\/{rel}","templated":true}]}}