{"id":571,"date":"2025-04-22T05:16:15","date_gmt":"2025-04-22T05:16:15","guid":{"rendered":"http:\/\/eautomobiliai.lt\/index.php\/2025\/04\/22\/tesla-issprendzia-dar-viena-neteiseta-mirties-ieskini-kuris-turi-didele-reiksme\/"},"modified":"2025-04-22T05:16:15","modified_gmt":"2025-04-22T05:16:15","slug":"tesla-issprendzia-dar-viena-neteiseta-mirties-ieskini-kuris-turi-didele-reiksme","status":"publish","type":"post","link":"http:\/\/eautomobiliai.lt\/index.php\/2025\/04\/22\/tesla-issprendzia-dar-viena-neteiseta-mirties-ieskini-kuris-turi-didele-reiksme\/","title":{"rendered":"\u201eTesla\u201c i\u0161sprend\u017eia dar vien\u0105 neteis\u0117t\u0105 mirties ie\u0161kin\u012f, kuris turi didel\u0119 reik\u0161m\u0119"},"content":{"rendered":"<p> <br \/>\n<\/p>\n<div>\n<figure class=\"img-border featured-image\">\n\t<\/figure>\n<p>\u201eTesla\u201c i\u0161sprend\u0117 dar vien\u0105 neteis\u0117t\u0105 mirties ie\u0161kin\u012f, ir ji turi didel\u0119 reik\u0161m\u0119, pagr\u012fst\u0105 \u201eTesla\u201c teisine strategija, kad nesistatyt\u0173, nebent ji b\u016bt\u0173 kalta.<\/p>\n<p><span id=\"more-412165\"\/><\/p>\n<p>Pripa\u017einti klaid\u0105 sunku. Mums, \u017emon\u0117ms, tai nesiseka, tod\u0117l a\u0161 gerbiau Elon\u0105 Musk\u0105, kai jis pasak\u0117, kad \u201eTesla\u201c nesieks pergal\u0117s \u201etik\u201c teisin\u0117se bylose prie\u0161 j\u0105 ir \u201eniekada neb\u016bt\u0173 i\u0161spr\u0119sta neteis\u0117ta byla\u201c bendrovei:<\/p>\n<blockquote class=\"wp-block-quote is-layout-flow wp-block-quote-is-layout-flow\">\n<p>Mes niekada nesieksime pergal\u0117s teisingoje byloje prie\u0161 mus, net jei tikriausiai laim\u0117sime. &#8211; Mes niekada neatsisakysime\/i\u0161spr\u0119sime neteis\u0117t\u0105 byl\u0105 prie\u0161 mus, net jei tikriausiai prarasime ..<\/p>\n<\/blockquote>\n<p>\u0160i strategija taip pat rei\u0161kia, kad jei \u201eTesla\u201c kada nors i\u0161spr\u0119st\u0173 byl\u0105, ji pripa\u017e\u012fsta, kad ji buvo neteisinga, net jei gyvenviet\u0117s da\u017enai b\u016bna nepripa\u017eintos neteis\u0117tai.<\/p>\n<p>\u201eTesla\u201c labai retai i\u0161sprend\u0117 atvejus, o Muskas \u0161\u012f komentar\u0105 pateik\u0117 dar 2022 m. Daug kas pasikeit\u0117.<\/p>\n<p>\t<span class=\"outbrain-ad-label\">Skelbimas &#8211; slinkite daugiau turinio<\/span><\/p>\n<p>Ties\u0105 sakant, ma\u017edaug tuo pa\u010diu metu Muskas pateik\u0117 \u0161\u012f komentar\u0105, jis paskelb\u0117, kad kuria \u201eHardcore\u201c teisinink\u0173 komand\u0105 \u201eTesla\u201c, kad gal\u0117t\u0173 agresyviai t\u0119sti teisines bylas.<\/p>\n<p>Bet tai prad\u0117jo vykti per pastaruosius kelerius metus.<\/p>\n<p>JK \u201eTesla\u201c savininkas met\u0117 i\u0161\u0161\u016bk\u012f \u201eTesla\u201c d\u0117l to, kad nesugeb\u0117jo pateikti vis\u0173 savaranki\u0161k\u0173 reikalavim\u0173 ir laim\u0117jo susitarim\u0105, kuris sudar\u0117 FSD pirkimo i\u0161laidas su pal\u016bkanomis, pateikus ie\u0161kin\u012f ma\u017e\u0173 pretenzij\u0173 teisme 2023 m.<\/p>\n<p>Pra\u0117jusiais metais \u201eTesla\u201c taip pat pagaliau i\u0161sprend\u0117 neteis\u0117t\u0105 mirties ie\u0161kin\u012f d\u0117l X modelio savininko Walterio Huango, kuris buvo vienas i\u0161 pirm\u0173j\u0173 \u201eTesla\u201c savinink\u0173, mir\u0119s, mirties, mirties metu, naudodamas \u201eAutopilot\u201c dar 2018 m.<\/p>\n<p>Dabar \u201eTesla\u201c i\u0161sprend\u0117 antr\u0105 neteis\u0117t\u0105 mirties ie\u0161kin\u012f. <\/p>\n<p>\u201eTesla Model Y\u201c savininko Clyde Leach dvaras i\u0161k\u0117l\u0117 ie\u0161kin\u012f \u201eTesla\u201c d\u0117l neteis\u0117tos mirties po to, kai jo modelis Y \u201estaiga \u012fsib\u0117g\u0117jo, nu\u0117jo nuo kelio ir \u012fsir\u0117\u017e\u0117 \u012f kolon\u0105 Ohajo degalin\u0117je\u201c. 72 met\u0173 Leachas mir\u0117 nuo \u201enery\u0161kios j\u0117gos traumos, nudegim\u0173 ir kit\u0173 su\u017ealojim\u0173\u201c po to, kai po sm\u016bgio sudeg\u0117 transporto priemon\u0117.<\/p>\n<p>Skirtingai nuo Huango atvejo, ie\u0161kinyje nebuvo d\u0117mesys konkre\u010diai \u201eTesla\u201c autopilotui ar kitoms ADAS ypatyb\u0117ms, ta\u010diau jis teig\u0117, kad d\u0117l defekto suk\u0117l\u0117 \u201estaig\u0173 pagreit\u012f\u201c, kuris prisid\u0117jo prie avarijos.<\/p>\n<p>Buvo daugyb\u0117 \u012ftarim\u0173 d\u0117l \u201estaigaus nenumatyto pagrei\u010dio\u201c prie\u0161 \u201eTesla\u201c transporto priemones, ta\u010diau daugeliu atvej\u0173 \u012frodymai nurod\u0117, kad vairuotojas klaidingai spaud\u0117 neteising\u0105 pedal\u0105.<\/p>\n<p>Tai daro ypa\u010d \u012fdom\u0173, kad \u201eTesla\u201c, kuri teigia, kad niekada nei\u0161sprend\u0117 neteis\u0117t\u0173 pretenzij\u0173 bendrovei, patvirtino, kad pirmadien\u012f Federaliniame teisme San Fransiske i\u0161sprend\u0117 byl\u0105 Leacho turtui.<\/p>\n<p>Susitarimo s\u0105lygos nebuvo paleistos.<\/p>\n<h2 class=\"wp-block-heading\" id=\"h-electrek-s-take\">\u201eElectrek&#8217;s Take\u201c<\/h2>\n<p>Ankstyvosiomis \u201eTesla\u201c dienomis buvo daugyb\u0117 pretenzij\u0173 d\u0117l \u201estaigaus nenumatyto pagrei\u010dio\u201c, susijusio su \u201eTesla\u201c transporto priemon\u0117mis. A\u0161 da\u017enai \u012f juos pa\u017evelg\u010diau, ir mes net tur\u0117jome tre\u010di\u0105sias \u0161alis per\u017ei\u016br\u0117ti telemetrinius r\u0105stus; Beveik visada galite \u012frodyti netinkam\u0105 pedalo plan\u0105.<\/p>\n<p>A\u0161 maniau, kad kai kurie i\u0161 j\u0173 taip pat tur\u0117jo b\u016bti susij\u0119 su \u017emon\u0117mis, kurie n\u0117ra \u012fprat\u0119 prie transporto priemoni\u0173, kurios \u012fsib\u0117g\u0117ja taip greitai, kaip \u201eTeslas\u201c, ir tai sukelia ma\u017eiau atleid\u017eian\u010di\u0173 situacij\u0173, kai spaud\u017eiant neteising\u0105 pedal\u0105.<\/p>\n<p>Ta\u010diau, atsi\u017evelgiant \u012f tai, kad \u201eTesla\u201c i\u0161sprend\u0117 \u0161i\u0105 byl\u0105 ir Musko teigin\u012f, kad \u201eTesla\u201c nei\u0161spr\u0119s \u201eneteis\u0117to\u201c ie\u0161kinio, gali b\u016bti atvejis, kai \u201eTesla\u201c transporto priemon\u0117s gali \u012fvykti staigus pagreitis.<\/p>\n<p>Tai gali apsunkinti daugyb\u0119 kit\u0173 atvej\u0173 prie\u0161 \u201eTesla\u201c.<\/p>\n<div class=\"ad-disclaimer-container\">\n<p class=\"disclaimer-affiliate\"><em>FPK: Mes naudojame pajamas gaunan\u010dias automatinio filialo nuorodas.<\/em> Daugiau.<\/p>\n<p><!-- post ad --><\/div>\n<\/p><\/div>\n<p><br \/>\n<br \/><a href=\"https:\/\/electrek.co\/2025\/04\/21\/tesla-settles-another-wrongful-death-lawsuit-implications\/\">Source link <\/a><\/p>\n","protected":false},"excerpt":{"rendered":"<p>\u201eTesla\u201c i\u0161sprend\u0117 dar vien\u0105 neteis\u0117t\u0105 mirties ie\u0161kin\u012f, ir ji turi didel\u0119 reik\u0161m\u0119, pagr\u012fst\u0105 \u201eTesla\u201c teisine strategija, kad nesistatyt\u0173, nebent ji&hellip;<\/p>\n","protected":false},"author":1,"featured_media":572,"comment_status":"open","ping_status":"open","sticky":false,"template":"","format":"standard","meta":{"om_disable_all_campaigns":false,"_monsterinsights_skip_tracking":false,"_monsterinsights_sitenote_active":false,"_monsterinsights_sitenote_note":"","_monsterinsights_sitenote_category":0,"footnotes":""},"categories":[8],"tags":[250,70,1385,1381,148,1384,1383,1386,14,196,1382],"class_list":["post-571","post","type-post","status-publish","format-standard","has-post-thumbnail","hentry","category-elektriniai-automobiliai","tag-dar","tag-didele","tag-ieskini","tag-issprendzia","tag-kuris","tag-mirties","tag-neteiseta","tag-reiksme","tag-tesla","tag-turi","tag-viena"],"aioseo_notices":[],"yoast_head":"<!-- This site is optimized with the Yoast SEO plugin v26.8 - https:\/\/yoast.com\/product\/yoast-seo-wordpress\/ -->\n<title>\u201eTesla\u201c i\u0161sprend\u017eia dar vien\u0105 neteis\u0117t\u0105 mirties ie\u0161kin\u012f, kuris turi didel\u0119 reik\u0161m\u0119 - Eautomobiliai.lt<\/title>\n<meta name=\"robots\" content=\"index, follow, max-snippet:-1, max-image-preview:large, max-video-preview:-1\" \/>\n<link rel=\"canonical\" href=\"https:\/\/eautomobiliai.lt\/index.php\/2025\/04\/22\/tesla-issprendzia-dar-viena-neteiseta-mirties-ieskini-kuris-turi-didele-reiksme\/\" \/>\n<meta property=\"og:locale\" content=\"lt_LT\" \/>\n<meta property=\"og:type\" content=\"article\" \/>\n<meta property=\"og:title\" content=\"\u201eTesla\u201c i\u0161sprend\u017eia dar vien\u0105 neteis\u0117t\u0105 mirties ie\u0161kin\u012f, kuris turi didel\u0119 reik\u0161m\u0119 - Eautomobiliai.lt\" \/>\n<meta property=\"og:description\" content=\"\u201eTesla\u201c i\u0161sprend\u0117 dar vien\u0105 neteis\u0117t\u0105 mirties ie\u0161kin\u012f, ir ji turi didel\u0119 reik\u0161m\u0119, pagr\u012fst\u0105 \u201eTesla\u201c teisine strategija, kad nesistatyt\u0173, nebent ji&hellip;\" \/>\n<meta property=\"og:url\" content=\"https:\/\/eautomobiliai.lt\/index.php\/2025\/04\/22\/tesla-issprendzia-dar-viena-neteiseta-mirties-ieskini-kuris-turi-didele-reiksme\/\" \/>\n<meta property=\"og:site_name\" content=\"Eautomobiliai.lt\" \/>\n<meta property=\"article:published_time\" content=\"2025-04-22T05:16:15+00:00\" \/>\n<meta property=\"og:image\" content=\"https:\/\/eautomobiliai.lt\/wp-content\/uploads\/2025\/04\/\u201eTesla-issprendzia-dar-viena-neteiseta-mirties-ieskini-kuris-turi-didele.png\" \/>\n\t<meta property=\"og:image:width\" content=\"1200\" \/>\n\t<meta property=\"og:image:height\" content=\"628\" \/>\n\t<meta property=\"og:image:type\" content=\"image\/png\" \/>\n<meta name=\"author\" content=\"admin\" \/>\n<meta name=\"twitter:card\" content=\"summary_large_image\" \/>\n<meta name=\"twitter:label1\" content=\"Written by\" \/>\n\t<meta name=\"twitter:data1\" content=\"admin\" \/>\n\t<meta name=\"twitter:label2\" content=\"Est. reading time\" \/>\n\t<meta name=\"twitter:data2\" content=\"3 minut\u0117s\" \/>\n<script type=\"application\/ld+json\" class=\"yoast-schema-graph\">{\"@context\":\"https:\/\/schema.org\",\"@graph\":[{\"@type\":\"Article\",\"@id\":\"https:\/\/eautomobiliai.lt\/index.php\/2025\/04\/22\/tesla-issprendzia-dar-viena-neteiseta-mirties-ieskini-kuris-turi-didele-reiksme\/#article\",\"isPartOf\":{\"@id\":\"https:\/\/eautomobiliai.lt\/index.php\/2025\/04\/22\/tesla-issprendzia-dar-viena-neteiseta-mirties-ieskini-kuris-turi-didele-reiksme\/\"},\"author\":{\"name\":\"admin\",\"@id\":\"https:\/\/eautomobiliai.lt\/#\/schema\/person\/ecf2a967f361217d056061f74deb92f2\"},\"headline\":\"\u201eTesla\u201c i\u0161sprend\u017eia dar vien\u0105 neteis\u0117t\u0105 mirties ie\u0161kin\u012f, kuris turi didel\u0119 reik\u0161m\u0119\",\"datePublished\":\"2025-04-22T05:16:15+00:00\",\"mainEntityOfPage\":{\"@id\":\"https:\/\/eautomobiliai.lt\/index.php\/2025\/04\/22\/tesla-issprendzia-dar-viena-neteiseta-mirties-ieskini-kuris-turi-didele-reiksme\/\"},\"wordCount\":599,\"commentCount\":0,\"image\":{\"@id\":\"https:\/\/eautomobiliai.lt\/index.php\/2025\/04\/22\/tesla-issprendzia-dar-viena-neteiseta-mirties-ieskini-kuris-turi-didele-reiksme\/#primaryimage\"},\"thumbnailUrl\":\"http:\/\/eautomobiliai.lt\/wp-content\/uploads\/2025\/04\/\u201eTesla-issprendzia-dar-viena-neteiseta-mirties-ieskini-kuris-turi-didele.png\",\"keywords\":[\"dar\",\"didel\u0119\",\"ie\u0161kin\u012f\",\"i\u0161sprend\u017eia\",\"kuris\",\"mirties\",\"neteis\u0117t\u0105\",\"reik\u0161m\u0119\",\"Tesla\",\"turi\",\"vien\u0105\"],\"articleSection\":[\"ELEKTRINIAI AUTOMOBILIAI\"],\"inLanguage\":\"lt-LT\",\"potentialAction\":[{\"@type\":\"CommentAction\",\"name\":\"Comment\",\"target\":[\"https:\/\/eautomobiliai.lt\/index.php\/2025\/04\/22\/tesla-issprendzia-dar-viena-neteiseta-mirties-ieskini-kuris-turi-didele-reiksme\/#respond\"]}]},{\"@type\":\"WebPage\",\"@id\":\"https:\/\/eautomobiliai.lt\/index.php\/2025\/04\/22\/tesla-issprendzia-dar-viena-neteiseta-mirties-ieskini-kuris-turi-didele-reiksme\/\",\"url\":\"https:\/\/eautomobiliai.lt\/index.php\/2025\/04\/22\/tesla-issprendzia-dar-viena-neteiseta-mirties-ieskini-kuris-turi-didele-reiksme\/\",\"name\":\"\u201eTesla\u201c i\u0161sprend\u017eia dar vien\u0105 neteis\u0117t\u0105 mirties ie\u0161kin\u012f, kuris turi didel\u0119 reik\u0161m\u0119 - Eautomobiliai.lt\",\"isPartOf\":{\"@id\":\"https:\/\/eautomobiliai.lt\/#website\"},\"primaryImageOfPage\":{\"@id\":\"https:\/\/eautomobiliai.lt\/index.php\/2025\/04\/22\/tesla-issprendzia-dar-viena-neteiseta-mirties-ieskini-kuris-turi-didele-reiksme\/#primaryimage\"},\"image\":{\"@id\":\"https:\/\/eautomobiliai.lt\/index.php\/2025\/04\/22\/tesla-issprendzia-dar-viena-neteiseta-mirties-ieskini-kuris-turi-didele-reiksme\/#primaryimage\"},\"thumbnailUrl\":\"http:\/\/eautomobiliai.lt\/wp-content\/uploads\/2025\/04\/\u201eTesla-issprendzia-dar-viena-neteiseta-mirties-ieskini-kuris-turi-didele.png\",\"datePublished\":\"2025-04-22T05:16:15+00:00\",\"author\":{\"@id\":\"https:\/\/eautomobiliai.lt\/#\/schema\/person\/ecf2a967f361217d056061f74deb92f2\"},\"breadcrumb\":{\"@id\":\"https:\/\/eautomobiliai.lt\/index.php\/2025\/04\/22\/tesla-issprendzia-dar-viena-neteiseta-mirties-ieskini-kuris-turi-didele-reiksme\/#breadcrumb\"},\"inLanguage\":\"lt-LT\",\"potentialAction\":[{\"@type\":\"ReadAction\",\"target\":[\"https:\/\/eautomobiliai.lt\/index.php\/2025\/04\/22\/tesla-issprendzia-dar-viena-neteiseta-mirties-ieskini-kuris-turi-didele-reiksme\/\"]}]},{\"@type\":\"ImageObject\",\"inLanguage\":\"lt-LT\",\"@id\":\"https:\/\/eautomobiliai.lt\/index.php\/2025\/04\/22\/tesla-issprendzia-dar-viena-neteiseta-mirties-ieskini-kuris-turi-didele-reiksme\/#primaryimage\",\"url\":\"http:\/\/eautomobiliai.lt\/wp-content\/uploads\/2025\/04\/\u201eTesla-issprendzia-dar-viena-neteiseta-mirties-ieskini-kuris-turi-didele.png\",\"contentUrl\":\"http:\/\/eautomobiliai.lt\/wp-content\/uploads\/2025\/04\/\u201eTesla-issprendzia-dar-viena-neteiseta-mirties-ieskini-kuris-turi-didele.png\",\"width\":1200,\"height\":628},{\"@type\":\"BreadcrumbList\",\"@id\":\"https:\/\/eautomobiliai.lt\/index.php\/2025\/04\/22\/tesla-issprendzia-dar-viena-neteiseta-mirties-ieskini-kuris-turi-didele-reiksme\/#breadcrumb\",\"itemListElement\":[{\"@type\":\"ListItem\",\"position\":1,\"name\":\"Home\",\"item\":\"https:\/\/eautomobiliai.lt\/\"},{\"@type\":\"ListItem\",\"position\":2,\"name\":\"\u201eTesla\u201c i\u0161sprend\u017eia dar vien\u0105 neteis\u0117t\u0105 mirties ie\u0161kin\u012f, kuris turi didel\u0119 reik\u0161m\u0119\"}]},{\"@type\":\"WebSite\",\"@id\":\"https:\/\/eautomobiliai.lt\/#website\",\"url\":\"https:\/\/eautomobiliai.lt\/\",\"name\":\"Eautomobiliai.lt\",\"description\":\"Elektrinis transportas, technologijos\",\"potentialAction\":[{\"@type\":\"SearchAction\",\"target\":{\"@type\":\"EntryPoint\",\"urlTemplate\":\"https:\/\/eautomobiliai.lt\/?s={search_term_string}\"},\"query-input\":{\"@type\":\"PropertyValueSpecification\",\"valueRequired\":true,\"valueName\":\"search_term_string\"}}],\"inLanguage\":\"lt-LT\"},{\"@type\":\"Person\",\"@id\":\"https:\/\/eautomobiliai.lt\/#\/schema\/person\/ecf2a967f361217d056061f74deb92f2\",\"name\":\"admin\",\"image\":{\"@type\":\"ImageObject\",\"inLanguage\":\"lt-LT\",\"@id\":\"https:\/\/eautomobiliai.lt\/#\/schema\/person\/image\/\",\"url\":\"https:\/\/secure.gravatar.com\/avatar\/6323379efae0c70c686c7905444d6bbd?s=96&d=mm&r=g\",\"contentUrl\":\"https:\/\/secure.gravatar.com\/avatar\/6323379efae0c70c686c7905444d6bbd?s=96&d=mm&r=g\",\"caption\":\"admin\"},\"sameAs\":[\"http:\/\/eautomobiliai.lt\"],\"url\":\"http:\/\/eautomobiliai.lt\/index.php\/author\/admin\/\"}]}<\/script>\n<!-- \/ Yoast SEO plugin. -->","yoast_head_json":{"title":"\u201eTesla\u201c i\u0161sprend\u017eia dar vien\u0105 neteis\u0117t\u0105 mirties ie\u0161kin\u012f, kuris turi didel\u0119 reik\u0161m\u0119 - Eautomobiliai.lt","robots":{"index":"index","follow":"follow","max-snippet":"max-snippet:-1","max-image-preview":"max-image-preview:large","max-video-preview":"max-video-preview:-1"},"canonical":"https:\/\/eautomobiliai.lt\/index.php\/2025\/04\/22\/tesla-issprendzia-dar-viena-neteiseta-mirties-ieskini-kuris-turi-didele-reiksme\/","og_locale":"lt_LT","og_type":"article","og_title":"\u201eTesla\u201c i\u0161sprend\u017eia dar vien\u0105 neteis\u0117t\u0105 mirties ie\u0161kin\u012f, kuris turi didel\u0119 reik\u0161m\u0119 - Eautomobiliai.lt","og_description":"\u201eTesla\u201c i\u0161sprend\u0117 dar vien\u0105 neteis\u0117t\u0105 mirties ie\u0161kin\u012f, ir ji turi didel\u0119 reik\u0161m\u0119, pagr\u012fst\u0105 \u201eTesla\u201c teisine strategija, kad nesistatyt\u0173, nebent ji&hellip;","og_url":"https:\/\/eautomobiliai.lt\/index.php\/2025\/04\/22\/tesla-issprendzia-dar-viena-neteiseta-mirties-ieskini-kuris-turi-didele-reiksme\/","og_site_name":"Eautomobiliai.lt","article_published_time":"2025-04-22T05:16:15+00:00","og_image":[{"width":1200,"height":628,"url":"https:\/\/eautomobiliai.lt\/wp-content\/uploads\/2025\/04\/\u201eTesla-issprendzia-dar-viena-neteiseta-mirties-ieskini-kuris-turi-didele.png","type":"image\/png"}],"author":"admin","twitter_card":"summary_large_image","twitter_misc":{"Written by":"admin","Est. reading time":"3 minut\u0117s"},"schema":{"@context":"https:\/\/schema.org","@graph":[{"@type":"Article","@id":"https:\/\/eautomobiliai.lt\/index.php\/2025\/04\/22\/tesla-issprendzia-dar-viena-neteiseta-mirties-ieskini-kuris-turi-didele-reiksme\/#article","isPartOf":{"@id":"https:\/\/eautomobiliai.lt\/index.php\/2025\/04\/22\/tesla-issprendzia-dar-viena-neteiseta-mirties-ieskini-kuris-turi-didele-reiksme\/"},"author":{"name":"admin","@id":"https:\/\/eautomobiliai.lt\/#\/schema\/person\/ecf2a967f361217d056061f74deb92f2"},"headline":"\u201eTesla\u201c i\u0161sprend\u017eia dar vien\u0105 neteis\u0117t\u0105 mirties ie\u0161kin\u012f, kuris turi didel\u0119 reik\u0161m\u0119","datePublished":"2025-04-22T05:16:15+00:00","mainEntityOfPage":{"@id":"https:\/\/eautomobiliai.lt\/index.php\/2025\/04\/22\/tesla-issprendzia-dar-viena-neteiseta-mirties-ieskini-kuris-turi-didele-reiksme\/"},"wordCount":599,"commentCount":0,"image":{"@id":"https:\/\/eautomobiliai.lt\/index.php\/2025\/04\/22\/tesla-issprendzia-dar-viena-neteiseta-mirties-ieskini-kuris-turi-didele-reiksme\/#primaryimage"},"thumbnailUrl":"http:\/\/eautomobiliai.lt\/wp-content\/uploads\/2025\/04\/\u201eTesla-issprendzia-dar-viena-neteiseta-mirties-ieskini-kuris-turi-didele.png","keywords":["dar","didel\u0119","ie\u0161kin\u012f","i\u0161sprend\u017eia","kuris","mirties","neteis\u0117t\u0105","reik\u0161m\u0119","Tesla","turi","vien\u0105"],"articleSection":["ELEKTRINIAI AUTOMOBILIAI"],"inLanguage":"lt-LT","potentialAction":[{"@type":"CommentAction","name":"Comment","target":["https:\/\/eautomobiliai.lt\/index.php\/2025\/04\/22\/tesla-issprendzia-dar-viena-neteiseta-mirties-ieskini-kuris-turi-didele-reiksme\/#respond"]}]},{"@type":"WebPage","@id":"https:\/\/eautomobiliai.lt\/index.php\/2025\/04\/22\/tesla-issprendzia-dar-viena-neteiseta-mirties-ieskini-kuris-turi-didele-reiksme\/","url":"https:\/\/eautomobiliai.lt\/index.php\/2025\/04\/22\/tesla-issprendzia-dar-viena-neteiseta-mirties-ieskini-kuris-turi-didele-reiksme\/","name":"\u201eTesla\u201c i\u0161sprend\u017eia dar vien\u0105 neteis\u0117t\u0105 mirties ie\u0161kin\u012f, kuris turi didel\u0119 reik\u0161m\u0119 - Eautomobiliai.lt","isPartOf":{"@id":"https:\/\/eautomobiliai.lt\/#website"},"primaryImageOfPage":{"@id":"https:\/\/eautomobiliai.lt\/index.php\/2025\/04\/22\/tesla-issprendzia-dar-viena-neteiseta-mirties-ieskini-kuris-turi-didele-reiksme\/#primaryimage"},"image":{"@id":"https:\/\/eautomobiliai.lt\/index.php\/2025\/04\/22\/tesla-issprendzia-dar-viena-neteiseta-mirties-ieskini-kuris-turi-didele-reiksme\/#primaryimage"},"thumbnailUrl":"http:\/\/eautomobiliai.lt\/wp-content\/uploads\/2025\/04\/\u201eTesla-issprendzia-dar-viena-neteiseta-mirties-ieskini-kuris-turi-didele.png","datePublished":"2025-04-22T05:16:15+00:00","author":{"@id":"https:\/\/eautomobiliai.lt\/#\/schema\/person\/ecf2a967f361217d056061f74deb92f2"},"breadcrumb":{"@id":"https:\/\/eautomobiliai.lt\/index.php\/2025\/04\/22\/tesla-issprendzia-dar-viena-neteiseta-mirties-ieskini-kuris-turi-didele-reiksme\/#breadcrumb"},"inLanguage":"lt-LT","potentialAction":[{"@type":"ReadAction","target":["https:\/\/eautomobiliai.lt\/index.php\/2025\/04\/22\/tesla-issprendzia-dar-viena-neteiseta-mirties-ieskini-kuris-turi-didele-reiksme\/"]}]},{"@type":"ImageObject","inLanguage":"lt-LT","@id":"https:\/\/eautomobiliai.lt\/index.php\/2025\/04\/22\/tesla-issprendzia-dar-viena-neteiseta-mirties-ieskini-kuris-turi-didele-reiksme\/#primaryimage","url":"http:\/\/eautomobiliai.lt\/wp-content\/uploads\/2025\/04\/\u201eTesla-issprendzia-dar-viena-neteiseta-mirties-ieskini-kuris-turi-didele.png","contentUrl":"http:\/\/eautomobiliai.lt\/wp-content\/uploads\/2025\/04\/\u201eTesla-issprendzia-dar-viena-neteiseta-mirties-ieskini-kuris-turi-didele.png","width":1200,"height":628},{"@type":"BreadcrumbList","@id":"https:\/\/eautomobiliai.lt\/index.php\/2025\/04\/22\/tesla-issprendzia-dar-viena-neteiseta-mirties-ieskini-kuris-turi-didele-reiksme\/#breadcrumb","itemListElement":[{"@type":"ListItem","position":1,"name":"Home","item":"https:\/\/eautomobiliai.lt\/"},{"@type":"ListItem","position":2,"name":"\u201eTesla\u201c i\u0161sprend\u017eia dar vien\u0105 neteis\u0117t\u0105 mirties ie\u0161kin\u012f, kuris turi didel\u0119 reik\u0161m\u0119"}]},{"@type":"WebSite","@id":"https:\/\/eautomobiliai.lt\/#website","url":"https:\/\/eautomobiliai.lt\/","name":"Eautomobiliai.lt","description":"Elektrinis transportas, technologijos","potentialAction":[{"@type":"SearchAction","target":{"@type":"EntryPoint","urlTemplate":"https:\/\/eautomobiliai.lt\/?s={search_term_string}"},"query-input":{"@type":"PropertyValueSpecification","valueRequired":true,"valueName":"search_term_string"}}],"inLanguage":"lt-LT"},{"@type":"Person","@id":"https:\/\/eautomobiliai.lt\/#\/schema\/person\/ecf2a967f361217d056061f74deb92f2","name":"admin","image":{"@type":"ImageObject","inLanguage":"lt-LT","@id":"https:\/\/eautomobiliai.lt\/#\/schema\/person\/image\/","url":"https:\/\/secure.gravatar.com\/avatar\/6323379efae0c70c686c7905444d6bbd?s=96&d=mm&r=g","contentUrl":"https:\/\/secure.gravatar.com\/avatar\/6323379efae0c70c686c7905444d6bbd?s=96&d=mm&r=g","caption":"admin"},"sameAs":["http:\/\/eautomobiliai.lt"],"url":"http:\/\/eautomobiliai.lt\/index.php\/author\/admin\/"}]}},"_links":{"self":[{"href":"http:\/\/eautomobiliai.lt\/index.php\/wp-json\/wp\/v2\/posts\/571","targetHints":{"allow":["GET"]}}],"collection":[{"href":"http:\/\/eautomobiliai.lt\/index.php\/wp-json\/wp\/v2\/posts"}],"about":[{"href":"http:\/\/eautomobiliai.lt\/index.php\/wp-json\/wp\/v2\/types\/post"}],"author":[{"embeddable":true,"href":"http:\/\/eautomobiliai.lt\/index.php\/wp-json\/wp\/v2\/users\/1"}],"replies":[{"embeddable":true,"href":"http:\/\/eautomobiliai.lt\/index.php\/wp-json\/wp\/v2\/comments?post=571"}],"version-history":[{"count":0,"href":"http:\/\/eautomobiliai.lt\/index.php\/wp-json\/wp\/v2\/posts\/571\/revisions"}],"wp:featuredmedia":[{"embeddable":true,"href":"http:\/\/eautomobiliai.lt\/index.php\/wp-json\/wp\/v2\/media\/572"}],"wp:attachment":[{"href":"http:\/\/eautomobiliai.lt\/index.php\/wp-json\/wp\/v2\/media?parent=571"}],"wp:term":[{"taxonomy":"category","embeddable":true,"href":"http:\/\/eautomobiliai.lt\/index.php\/wp-json\/wp\/v2\/categories?post=571"},{"taxonomy":"post_tag","embeddable":true,"href":"http:\/\/eautomobiliai.lt\/index.php\/wp-json\/wp\/v2\/tags?post=571"}],"curies":[{"name":"wp","href":"https:\/\/api.w.org\/{rel}","templated":true}]}}