{"id":579,"date":"2025-04-22T21:20:12","date_gmt":"2025-04-22T21:20:12","guid":{"rendered":"http:\/\/eautomobiliai.lt\/index.php\/2025\/04\/22\/tesla-tsla-pradeda-vengti-augimo-gairiu-po-baisaus-ketvircio\/"},"modified":"2025-04-22T21:20:12","modified_gmt":"2025-04-22T21:20:12","slug":"tesla-tsla-pradeda-vengti-augimo-gairiu-po-baisaus-ketvircio","status":"publish","type":"post","link":"http:\/\/eautomobiliai.lt\/index.php\/2025\/04\/22\/tesla-tsla-pradeda-vengti-augimo-gairiu-po-baisaus-ketvircio\/","title":{"rendered":"\u201eTesla\u201c (TSLA) pradeda vengti augimo gairi\u0173 po baisaus ketvir\u010dio"},"content":{"rendered":"<p> <br \/>\n<\/p>\n<div>\n<figure class=\"img-border featured-image\">\n\t<\/figure>\n<p>\u201eTesla\u201c (TSLA) neb\u0117ra u\u017etikrintai nurodydamas augim\u0105 savo automobili\u0173 versle 2025 m., Ir atid\u0117jo savo rekomendacijas atnaujinti iki kito ketvir\u010dio po nuvilimo rezultat\u0173 per pirmuosius tris met\u0173 m\u0117nesius.<\/p>\n<p><span id=\"more-412383\"\/><\/p>\n<p>2024 m. Buvo pirmieji \u201eTesla\u201c metai per de\u0161imtmet\u012f, kai jos transporto priemoni\u0173 pristatymas per metus suma\u017e\u0117jo.<\/p>\n<p>Vos prie\u0161 kelet\u0105 m\u0117nesi\u0173, sausio m\u0117n., \u201eTesla\u201c \u012fsitikino, kad numat\u0117, kad 2025 m. Gr\u012f\u0161 \u012f augim\u0105:<\/p>\n<blockquote class=\"wp-block-quote is-layout-flow wp-block-quote-is-layout-flow\">\n<p>\u201ePa\u017eangos transporto priemoni\u0173 autonomijoje ir nauj\u0173 produkt\u0173 \u012fvedime, mes tikim\u0117s, kad transporto priemoni\u0173 verslas gr\u012f\u0161 \u012f augim\u0105 2025 m.\u201c<\/p>\n<\/blockquote>\n<ol start=\"2025\" class=\"wp-block-list\"\/>\n<p>\u0160iandien \u201eTesla\u201c i\u0161leido savo 2025 m. Pirmojo ketvir\u010dio finansinius rezultatus, patvirtindama, kad per metus buvo blogiausias ketvirtis, pradedant 2025 m.<\/p>\n<p>\t<span class=\"outbrain-ad-label\">Skelbimas &#8211; slinkite daugiau turinio<\/span><\/p>\n<p>Automobili\u0173 gamintojas dabar akivaizd\u017eiai n\u0117ra toks \u012fsitikin\u0119s, kad \u0161iais metais gr\u012f\u0161 \u012f savo automobili\u0173 verslo augim\u0105.<\/p>\n<p>\u201eTesla\u201c \u0161\u012f ketvirt\u012f atnaujino savo \u201eOutlook\u201c skyri\u0173, nor\u0117damas pabr\u0117\u017eti galim\u0105 prekybos politikos poveik\u012f ir dabar nebeatlieka automobili\u0173 augimo atskirai. Vietoj to, ji kartu sujung\u0117 automobili\u0173 ir energetikos verslus ir teig\u0117, kad kit\u0105 ketvirt\u012f ji \u201eper\u017ei\u016br\u0117s savo 2025 m. Vadovavim\u0105\u201c:<\/p>\n<blockquote class=\"wp-block-quote is-layout-flow wp-block-quote-is-layout-flow\">\n<p>Sunku \u012fvertinti pasaulin\u0117s prekybos politikos keitimo poveik\u012f automobili\u0173 ir energijos tiekimo grandin\u0117ms, m\u016bs\u0173 i\u0161laid\u0173 strukt\u016brai ir ilgalaiki\u0173 preki\u0173 bei susijusi\u0173 paslaug\u0173 paklausai. Nors mes darome protingas investicijas, kurios \u012fkurs tiek m\u016bs\u0173 transporto priemoni\u0173, tiek energetikos versl\u0105 augimui, augimo tempas \u0161iais metais priklausys nuo \u012fvairi\u0173 veiksni\u0173, \u012fskaitant m\u016bs\u0173 autonomijos pastang\u0173 pagrei\u010dio temp\u0105, gamybos ramp\u0105 m\u016bs\u0173 gamyklose ir platesn\u0119 makroekonomin\u0119 aplink\u0105. Mes dar kart\u0105 per\u017ei\u016br\u0117sime savo 2025 m. Vadovavim\u0105si \u201eQ2\u201c atnaujinime.<\/p>\n<\/blockquote>\n<p>\u201eTesla\u201c transporto priemoni\u0173 pristatymas iki \u0161iol jau suma\u017e\u0117jo apie 50 000 vienet\u0173, palyginti su pra\u0117jusiais metais.<\/p>\n<p>Bus sud\u0117tinga pasivyti dabartin\u0119 makroekonomin\u0119 situacij\u0105.<\/p>\n<p>\u201eTesla\u201c v\u0117l prad\u0117jo gaminti \u201enaujus \u012fperkamus modelius\u201c per pirm\u0105j\u012f 2025 m. Pusmet\u012f, kuris gal\u0117t\u0173 pad\u0117ti automobili\u0173 gamintojui pristatyti daugiau automobili\u0173.<\/p>\n<p>Ta\u010diau, kaip mes anks\u010diau prane\u0161\u0117me, tikimasi, kad \u0161ios naujos transporto priemon\u0117s bus pa\u0161alintos i\u0161 Y ir 3 modelio, kuris kanibalizuos dabartinius \u201eTesla\u201c pardavimus ir apribos augim\u0105 nuo t\u0173 produkt\u0173.<\/p>\n<h2 class=\"wp-block-heading\" id=\"h-electrek-s-take\">\u201eElectrek&#8217;s Take\u201c<\/h2>\n<p>Pana\u0161u, kad \u201eTesla\u201c yra \u0161iek tiek sukr\u0117stas po i\u0161\u0161\u016bkio kvartalo. Bendrov\u0117 tiesiogine prasme b\u016bt\u0173 praradusi pinigus, jei ji neb\u016bt\u0173 padidinusi savo reguliavimo kredito pardavimo.<\/p>\n<p>\u201eTesla\u201c metus prad\u0117jo 50 000 vienet\u0173; Jis jau neturi naujojo Y modelio atsilikimo, o dabar turime tik\u0117tis augimo v\u0117liau \u0161iais metais, nes atimtas modelis Y ir pager\u0117ja autonomija?<\/p>\n<p>Nor\u0117dami tuo patik\u0117ti, turite b\u016bti ypatinga r\u016b\u0161is.<\/p>\n<p>Ta\u010diau Volstrito mieste yra daug t\u0173 netikin\u010di\u0173 \u017emoni\u0173, ir jie visi\u0161kai praleid\u017eia tai, kas vyksta su \u201eTesla\u201c. Pirma, jie man\u0117, kad \u201eTesla\u201c \u0161\u012f ketvirt\u012f pristatys dar 50 000 transporto priemoni\u0173. Net po to, kai buvo paguodos j\u0173 klaidos, susijusios su pristatymais, jie vis tiek smarkiai pervertino \u201eTesla\u201c pajamas.<\/p>\n<p>Nuo \u0161io ryto Volstryto sutarimas liko, kad \u201eTesla\u201c augins savo pristatym\u0105 2025 m. Tikiuosi, kad jie pabus ir ne taip rytoj, bet a\u0161 tuo abejoju.<\/p>\n<div class=\"ad-disclaimer-container\">\n<p class=\"disclaimer-affiliate\"><em>FPK: Mes naudojame pajamas gaunan\u010dias automatinio filialo nuorodas.<\/em> Daugiau.<\/p>\n<p><!-- post ad --><\/div>\n<\/p><\/div>\n<p><br \/>\n<br \/><a href=\"https:\/\/electrek.co\/2025\/04\/22\/tesla-tsla-shy-away-growth-guidance-after-terrible-quarter\/\">Source link <\/a><\/p>\n","protected":false},"excerpt":{"rendered":"<p>\u201eTesla\u201c (TSLA) neb\u0117ra u\u017etikrintai nurodydamas augim\u0105 savo automobili\u0173 versle 2025 m., Ir atid\u0117jo savo rekomendacijas atnaujinti iki kito ketvir\u010dio po&hellip;<\/p>\n","protected":false},"author":1,"featured_media":505,"comment_status":"open","ping_status":"open","sticky":false,"template":"","format":"standard","meta":{"om_disable_all_campaigns":false,"_monsterinsights_skip_tracking":false,"_monsterinsights_sitenote_active":false,"_monsterinsights_sitenote_note":"","_monsterinsights_sitenote_category":0,"footnotes":""},"categories":[8],"tags":[1397,1399,1398,940,783,14,245,1396],"class_list":["post-579","post","type-post","status-publish","format-standard","has-post-thumbnail","hentry","category-elektriniai-automobiliai","tag-augimo","tag-baisaus","tag-gairiu","tag-ketvircio","tag-pradeda","tag-tesla","tag-tsla","tag-vengti"],"aioseo_notices":[],"yoast_head":"<!-- This site is optimized with the Yoast SEO plugin v26.8 - https:\/\/yoast.com\/product\/yoast-seo-wordpress\/ -->\n<title>\u201eTesla\u201c (TSLA) pradeda vengti augimo gairi\u0173 po baisaus ketvir\u010dio - Eautomobiliai.lt<\/title>\n<meta name=\"robots\" content=\"index, follow, max-snippet:-1, max-image-preview:large, max-video-preview:-1\" \/>\n<link rel=\"canonical\" href=\"https:\/\/eautomobiliai.lt\/index.php\/2025\/04\/22\/tesla-tsla-pradeda-vengti-augimo-gairiu-po-baisaus-ketvircio\/\" \/>\n<meta property=\"og:locale\" content=\"lt_LT\" \/>\n<meta property=\"og:type\" content=\"article\" \/>\n<meta property=\"og:title\" content=\"\u201eTesla\u201c (TSLA) pradeda vengti augimo gairi\u0173 po baisaus ketvir\u010dio - Eautomobiliai.lt\" \/>\n<meta property=\"og:description\" content=\"\u201eTesla\u201c (TSLA) neb\u0117ra u\u017etikrintai nurodydamas augim\u0105 savo automobili\u0173 versle 2025 m., Ir atid\u0117jo savo rekomendacijas atnaujinti iki kito ketvir\u010dio po&hellip;\" \/>\n<meta property=\"og:url\" content=\"https:\/\/eautomobiliai.lt\/index.php\/2025\/04\/22\/tesla-tsla-pradeda-vengti-augimo-gairiu-po-baisaus-ketvircio\/\" \/>\n<meta property=\"og:site_name\" content=\"Eautomobiliai.lt\" \/>\n<meta property=\"article:published_time\" content=\"2025-04-22T21:20:12+00:00\" \/>\n<meta property=\"og:image\" content=\"https:\/\/eautomobiliai.lt\/wp-content\/uploads\/2025\/04\/\u201eTesla-kibernetinis-ir-pusiau-tiekimas-kuri-sutrikdo-DTrumpo-tarifai-rasoma.png\" \/>\n\t<meta property=\"og:image:width\" content=\"1599\" \/>\n\t<meta property=\"og:image:height\" content=\"765\" \/>\n\t<meta property=\"og:image:type\" content=\"image\/png\" \/>\n<meta name=\"author\" content=\"admin\" \/>\n<meta name=\"twitter:card\" content=\"summary_large_image\" \/>\n<meta name=\"twitter:label1\" content=\"Written by\" \/>\n\t<meta name=\"twitter:data1\" content=\"admin\" \/>\n\t<meta name=\"twitter:label2\" content=\"Est. reading time\" \/>\n\t<meta name=\"twitter:data2\" content=\"2 minut\u0117s\" \/>\n<script type=\"application\/ld+json\" class=\"yoast-schema-graph\">{\"@context\":\"https:\/\/schema.org\",\"@graph\":[{\"@type\":\"Article\",\"@id\":\"https:\/\/eautomobiliai.lt\/index.php\/2025\/04\/22\/tesla-tsla-pradeda-vengti-augimo-gairiu-po-baisaus-ketvircio\/#article\",\"isPartOf\":{\"@id\":\"https:\/\/eautomobiliai.lt\/index.php\/2025\/04\/22\/tesla-tsla-pradeda-vengti-augimo-gairiu-po-baisaus-ketvircio\/\"},\"author\":{\"name\":\"admin\",\"@id\":\"https:\/\/eautomobiliai.lt\/#\/schema\/person\/ecf2a967f361217d056061f74deb92f2\"},\"headline\":\"\u201eTesla\u201c (TSLA) pradeda vengti augimo gairi\u0173 po baisaus ketvir\u010dio\",\"datePublished\":\"2025-04-22T21:20:12+00:00\",\"mainEntityOfPage\":{\"@id\":\"https:\/\/eautomobiliai.lt\/index.php\/2025\/04\/22\/tesla-tsla-pradeda-vengti-augimo-gairiu-po-baisaus-ketvircio\/\"},\"wordCount\":499,\"commentCount\":0,\"image\":{\"@id\":\"https:\/\/eautomobiliai.lt\/index.php\/2025\/04\/22\/tesla-tsla-pradeda-vengti-augimo-gairiu-po-baisaus-ketvircio\/#primaryimage\"},\"thumbnailUrl\":\"http:\/\/eautomobiliai.lt\/wp-content\/uploads\/2025\/04\/\u201eTesla-kibernetinis-ir-pusiau-tiekimas-kuri-sutrikdo-DTrumpo-tarifai-rasoma.png\",\"keywords\":[\"augimo\",\"baisaus\",\"gairi\u0173\",\"ketvir\u010dio\",\"pradeda\",\"Tesla\",\"TSLA\",\"vengti\"],\"articleSection\":[\"ELEKTRINIAI AUTOMOBILIAI\"],\"inLanguage\":\"lt-LT\",\"potentialAction\":[{\"@type\":\"CommentAction\",\"name\":\"Comment\",\"target\":[\"https:\/\/eautomobiliai.lt\/index.php\/2025\/04\/22\/tesla-tsla-pradeda-vengti-augimo-gairiu-po-baisaus-ketvircio\/#respond\"]}]},{\"@type\":\"WebPage\",\"@id\":\"https:\/\/eautomobiliai.lt\/index.php\/2025\/04\/22\/tesla-tsla-pradeda-vengti-augimo-gairiu-po-baisaus-ketvircio\/\",\"url\":\"https:\/\/eautomobiliai.lt\/index.php\/2025\/04\/22\/tesla-tsla-pradeda-vengti-augimo-gairiu-po-baisaus-ketvircio\/\",\"name\":\"\u201eTesla\u201c (TSLA) pradeda vengti augimo gairi\u0173 po baisaus ketvir\u010dio - Eautomobiliai.lt\",\"isPartOf\":{\"@id\":\"https:\/\/eautomobiliai.lt\/#website\"},\"primaryImageOfPage\":{\"@id\":\"https:\/\/eautomobiliai.lt\/index.php\/2025\/04\/22\/tesla-tsla-pradeda-vengti-augimo-gairiu-po-baisaus-ketvircio\/#primaryimage\"},\"image\":{\"@id\":\"https:\/\/eautomobiliai.lt\/index.php\/2025\/04\/22\/tesla-tsla-pradeda-vengti-augimo-gairiu-po-baisaus-ketvircio\/#primaryimage\"},\"thumbnailUrl\":\"http:\/\/eautomobiliai.lt\/wp-content\/uploads\/2025\/04\/\u201eTesla-kibernetinis-ir-pusiau-tiekimas-kuri-sutrikdo-DTrumpo-tarifai-rasoma.png\",\"datePublished\":\"2025-04-22T21:20:12+00:00\",\"author\":{\"@id\":\"https:\/\/eautomobiliai.lt\/#\/schema\/person\/ecf2a967f361217d056061f74deb92f2\"},\"breadcrumb\":{\"@id\":\"https:\/\/eautomobiliai.lt\/index.php\/2025\/04\/22\/tesla-tsla-pradeda-vengti-augimo-gairiu-po-baisaus-ketvircio\/#breadcrumb\"},\"inLanguage\":\"lt-LT\",\"potentialAction\":[{\"@type\":\"ReadAction\",\"target\":[\"https:\/\/eautomobiliai.lt\/index.php\/2025\/04\/22\/tesla-tsla-pradeda-vengti-augimo-gairiu-po-baisaus-ketvircio\/\"]}]},{\"@type\":\"ImageObject\",\"inLanguage\":\"lt-LT\",\"@id\":\"https:\/\/eautomobiliai.lt\/index.php\/2025\/04\/22\/tesla-tsla-pradeda-vengti-augimo-gairiu-po-baisaus-ketvircio\/#primaryimage\",\"url\":\"http:\/\/eautomobiliai.lt\/wp-content\/uploads\/2025\/04\/\u201eTesla-kibernetinis-ir-pusiau-tiekimas-kuri-sutrikdo-DTrumpo-tarifai-rasoma.png\",\"contentUrl\":\"http:\/\/eautomobiliai.lt\/wp-content\/uploads\/2025\/04\/\u201eTesla-kibernetinis-ir-pusiau-tiekimas-kuri-sutrikdo-DTrumpo-tarifai-rasoma.png\",\"width\":1599,\"height\":765},{\"@type\":\"BreadcrumbList\",\"@id\":\"https:\/\/eautomobiliai.lt\/index.php\/2025\/04\/22\/tesla-tsla-pradeda-vengti-augimo-gairiu-po-baisaus-ketvircio\/#breadcrumb\",\"itemListElement\":[{\"@type\":\"ListItem\",\"position\":1,\"name\":\"Home\",\"item\":\"https:\/\/eautomobiliai.lt\/\"},{\"@type\":\"ListItem\",\"position\":2,\"name\":\"\u201eTesla\u201c (TSLA) pradeda vengti augimo gairi\u0173 po baisaus ketvir\u010dio\"}]},{\"@type\":\"WebSite\",\"@id\":\"https:\/\/eautomobiliai.lt\/#website\",\"url\":\"https:\/\/eautomobiliai.lt\/\",\"name\":\"Eautomobiliai.lt\",\"description\":\"Elektrinis transportas, technologijos\",\"potentialAction\":[{\"@type\":\"SearchAction\",\"target\":{\"@type\":\"EntryPoint\",\"urlTemplate\":\"https:\/\/eautomobiliai.lt\/?s={search_term_string}\"},\"query-input\":{\"@type\":\"PropertyValueSpecification\",\"valueRequired\":true,\"valueName\":\"search_term_string\"}}],\"inLanguage\":\"lt-LT\"},{\"@type\":\"Person\",\"@id\":\"https:\/\/eautomobiliai.lt\/#\/schema\/person\/ecf2a967f361217d056061f74deb92f2\",\"name\":\"admin\",\"image\":{\"@type\":\"ImageObject\",\"inLanguage\":\"lt-LT\",\"@id\":\"https:\/\/eautomobiliai.lt\/#\/schema\/person\/image\/\",\"url\":\"https:\/\/secure.gravatar.com\/avatar\/6323379efae0c70c686c7905444d6bbd?s=96&d=mm&r=g\",\"contentUrl\":\"https:\/\/secure.gravatar.com\/avatar\/6323379efae0c70c686c7905444d6bbd?s=96&d=mm&r=g\",\"caption\":\"admin\"},\"sameAs\":[\"http:\/\/eautomobiliai.lt\"],\"url\":\"http:\/\/eautomobiliai.lt\/index.php\/author\/admin\/\"}]}<\/script>\n<!-- \/ Yoast SEO plugin. -->","yoast_head_json":{"title":"\u201eTesla\u201c (TSLA) pradeda vengti augimo gairi\u0173 po baisaus ketvir\u010dio - Eautomobiliai.lt","robots":{"index":"index","follow":"follow","max-snippet":"max-snippet:-1","max-image-preview":"max-image-preview:large","max-video-preview":"max-video-preview:-1"},"canonical":"https:\/\/eautomobiliai.lt\/index.php\/2025\/04\/22\/tesla-tsla-pradeda-vengti-augimo-gairiu-po-baisaus-ketvircio\/","og_locale":"lt_LT","og_type":"article","og_title":"\u201eTesla\u201c (TSLA) pradeda vengti augimo gairi\u0173 po baisaus ketvir\u010dio - Eautomobiliai.lt","og_description":"\u201eTesla\u201c (TSLA) neb\u0117ra u\u017etikrintai nurodydamas augim\u0105 savo automobili\u0173 versle 2025 m., Ir atid\u0117jo savo rekomendacijas atnaujinti iki kito ketvir\u010dio po&hellip;","og_url":"https:\/\/eautomobiliai.lt\/index.php\/2025\/04\/22\/tesla-tsla-pradeda-vengti-augimo-gairiu-po-baisaus-ketvircio\/","og_site_name":"Eautomobiliai.lt","article_published_time":"2025-04-22T21:20:12+00:00","og_image":[{"width":1599,"height":765,"url":"https:\/\/eautomobiliai.lt\/wp-content\/uploads\/2025\/04\/\u201eTesla-kibernetinis-ir-pusiau-tiekimas-kuri-sutrikdo-DTrumpo-tarifai-rasoma.png","type":"image\/png"}],"author":"admin","twitter_card":"summary_large_image","twitter_misc":{"Written by":"admin","Est. reading time":"2 minut\u0117s"},"schema":{"@context":"https:\/\/schema.org","@graph":[{"@type":"Article","@id":"https:\/\/eautomobiliai.lt\/index.php\/2025\/04\/22\/tesla-tsla-pradeda-vengti-augimo-gairiu-po-baisaus-ketvircio\/#article","isPartOf":{"@id":"https:\/\/eautomobiliai.lt\/index.php\/2025\/04\/22\/tesla-tsla-pradeda-vengti-augimo-gairiu-po-baisaus-ketvircio\/"},"author":{"name":"admin","@id":"https:\/\/eautomobiliai.lt\/#\/schema\/person\/ecf2a967f361217d056061f74deb92f2"},"headline":"\u201eTesla\u201c (TSLA) pradeda vengti augimo gairi\u0173 po baisaus ketvir\u010dio","datePublished":"2025-04-22T21:20:12+00:00","mainEntityOfPage":{"@id":"https:\/\/eautomobiliai.lt\/index.php\/2025\/04\/22\/tesla-tsla-pradeda-vengti-augimo-gairiu-po-baisaus-ketvircio\/"},"wordCount":499,"commentCount":0,"image":{"@id":"https:\/\/eautomobiliai.lt\/index.php\/2025\/04\/22\/tesla-tsla-pradeda-vengti-augimo-gairiu-po-baisaus-ketvircio\/#primaryimage"},"thumbnailUrl":"http:\/\/eautomobiliai.lt\/wp-content\/uploads\/2025\/04\/\u201eTesla-kibernetinis-ir-pusiau-tiekimas-kuri-sutrikdo-DTrumpo-tarifai-rasoma.png","keywords":["augimo","baisaus","gairi\u0173","ketvir\u010dio","pradeda","Tesla","TSLA","vengti"],"articleSection":["ELEKTRINIAI AUTOMOBILIAI"],"inLanguage":"lt-LT","potentialAction":[{"@type":"CommentAction","name":"Comment","target":["https:\/\/eautomobiliai.lt\/index.php\/2025\/04\/22\/tesla-tsla-pradeda-vengti-augimo-gairiu-po-baisaus-ketvircio\/#respond"]}]},{"@type":"WebPage","@id":"https:\/\/eautomobiliai.lt\/index.php\/2025\/04\/22\/tesla-tsla-pradeda-vengti-augimo-gairiu-po-baisaus-ketvircio\/","url":"https:\/\/eautomobiliai.lt\/index.php\/2025\/04\/22\/tesla-tsla-pradeda-vengti-augimo-gairiu-po-baisaus-ketvircio\/","name":"\u201eTesla\u201c (TSLA) pradeda vengti augimo gairi\u0173 po baisaus ketvir\u010dio - Eautomobiliai.lt","isPartOf":{"@id":"https:\/\/eautomobiliai.lt\/#website"},"primaryImageOfPage":{"@id":"https:\/\/eautomobiliai.lt\/index.php\/2025\/04\/22\/tesla-tsla-pradeda-vengti-augimo-gairiu-po-baisaus-ketvircio\/#primaryimage"},"image":{"@id":"https:\/\/eautomobiliai.lt\/index.php\/2025\/04\/22\/tesla-tsla-pradeda-vengti-augimo-gairiu-po-baisaus-ketvircio\/#primaryimage"},"thumbnailUrl":"http:\/\/eautomobiliai.lt\/wp-content\/uploads\/2025\/04\/\u201eTesla-kibernetinis-ir-pusiau-tiekimas-kuri-sutrikdo-DTrumpo-tarifai-rasoma.png","datePublished":"2025-04-22T21:20:12+00:00","author":{"@id":"https:\/\/eautomobiliai.lt\/#\/schema\/person\/ecf2a967f361217d056061f74deb92f2"},"breadcrumb":{"@id":"https:\/\/eautomobiliai.lt\/index.php\/2025\/04\/22\/tesla-tsla-pradeda-vengti-augimo-gairiu-po-baisaus-ketvircio\/#breadcrumb"},"inLanguage":"lt-LT","potentialAction":[{"@type":"ReadAction","target":["https:\/\/eautomobiliai.lt\/index.php\/2025\/04\/22\/tesla-tsla-pradeda-vengti-augimo-gairiu-po-baisaus-ketvircio\/"]}]},{"@type":"ImageObject","inLanguage":"lt-LT","@id":"https:\/\/eautomobiliai.lt\/index.php\/2025\/04\/22\/tesla-tsla-pradeda-vengti-augimo-gairiu-po-baisaus-ketvircio\/#primaryimage","url":"http:\/\/eautomobiliai.lt\/wp-content\/uploads\/2025\/04\/\u201eTesla-kibernetinis-ir-pusiau-tiekimas-kuri-sutrikdo-DTrumpo-tarifai-rasoma.png","contentUrl":"http:\/\/eautomobiliai.lt\/wp-content\/uploads\/2025\/04\/\u201eTesla-kibernetinis-ir-pusiau-tiekimas-kuri-sutrikdo-DTrumpo-tarifai-rasoma.png","width":1599,"height":765},{"@type":"BreadcrumbList","@id":"https:\/\/eautomobiliai.lt\/index.php\/2025\/04\/22\/tesla-tsla-pradeda-vengti-augimo-gairiu-po-baisaus-ketvircio\/#breadcrumb","itemListElement":[{"@type":"ListItem","position":1,"name":"Home","item":"https:\/\/eautomobiliai.lt\/"},{"@type":"ListItem","position":2,"name":"\u201eTesla\u201c (TSLA) pradeda vengti augimo gairi\u0173 po baisaus ketvir\u010dio"}]},{"@type":"WebSite","@id":"https:\/\/eautomobiliai.lt\/#website","url":"https:\/\/eautomobiliai.lt\/","name":"Eautomobiliai.lt","description":"Elektrinis transportas, technologijos","potentialAction":[{"@type":"SearchAction","target":{"@type":"EntryPoint","urlTemplate":"https:\/\/eautomobiliai.lt\/?s={search_term_string}"},"query-input":{"@type":"PropertyValueSpecification","valueRequired":true,"valueName":"search_term_string"}}],"inLanguage":"lt-LT"},{"@type":"Person","@id":"https:\/\/eautomobiliai.lt\/#\/schema\/person\/ecf2a967f361217d056061f74deb92f2","name":"admin","image":{"@type":"ImageObject","inLanguage":"lt-LT","@id":"https:\/\/eautomobiliai.lt\/#\/schema\/person\/image\/","url":"https:\/\/secure.gravatar.com\/avatar\/6323379efae0c70c686c7905444d6bbd?s=96&d=mm&r=g","contentUrl":"https:\/\/secure.gravatar.com\/avatar\/6323379efae0c70c686c7905444d6bbd?s=96&d=mm&r=g","caption":"admin"},"sameAs":["http:\/\/eautomobiliai.lt"],"url":"http:\/\/eautomobiliai.lt\/index.php\/author\/admin\/"}]}},"_links":{"self":[{"href":"http:\/\/eautomobiliai.lt\/index.php\/wp-json\/wp\/v2\/posts\/579","targetHints":{"allow":["GET"]}}],"collection":[{"href":"http:\/\/eautomobiliai.lt\/index.php\/wp-json\/wp\/v2\/posts"}],"about":[{"href":"http:\/\/eautomobiliai.lt\/index.php\/wp-json\/wp\/v2\/types\/post"}],"author":[{"embeddable":true,"href":"http:\/\/eautomobiliai.lt\/index.php\/wp-json\/wp\/v2\/users\/1"}],"replies":[{"embeddable":true,"href":"http:\/\/eautomobiliai.lt\/index.php\/wp-json\/wp\/v2\/comments?post=579"}],"version-history":[{"count":0,"href":"http:\/\/eautomobiliai.lt\/index.php\/wp-json\/wp\/v2\/posts\/579\/revisions"}],"wp:featuredmedia":[{"embeddable":true,"href":"http:\/\/eautomobiliai.lt\/index.php\/wp-json\/wp\/v2\/media\/505"}],"wp:attachment":[{"href":"http:\/\/eautomobiliai.lt\/index.php\/wp-json\/wp\/v2\/media?parent=579"}],"wp:term":[{"taxonomy":"category","embeddable":true,"href":"http:\/\/eautomobiliai.lt\/index.php\/wp-json\/wp\/v2\/categories?post=579"},{"taxonomy":"post_tag","embeddable":true,"href":"http:\/\/eautomobiliai.lt\/index.php\/wp-json\/wp\/v2\/tags?post=579"}],"curies":[{"name":"wp","href":"https:\/\/api.w.org\/{rel}","templated":true}]}}