{"id":594,"date":"2025-04-24T05:26:23","date_gmt":"2025-04-24T05:26:23","guid":{"rendered":"http:\/\/eautomobiliai.lt\/index.php\/2025\/04\/24\/naudojamos-ev-kainos-sumazejo-40-o-pirkejai-iesko-kaip-niekad-anksciau\/"},"modified":"2025-04-24T05:26:23","modified_gmt":"2025-04-24T05:26:23","slug":"naudojamos-ev-kainos-sumazejo-40-o-pirkejai-iesko-kaip-niekad-anksciau","status":"publish","type":"post","link":"http:\/\/eautomobiliai.lt\/index.php\/2025\/04\/24\/naudojamos-ev-kainos-sumazejo-40-o-pirkejai-iesko-kaip-niekad-anksciau\/","title":{"rendered":"Naudojamos EV kainos suma\u017e\u0117jo 40%, o pirk\u0117jai ie\u0161ko kaip niekad anks\u010diau"},"content":{"rendered":"<p> <br \/>\n<\/p>\n<div>\n<figure class=\"img-border featured-image\">\n\t<\/figure>\n<p>Daugiau automobili\u0173 pirk\u0117j\u0173 med\u017eioja naudotus EV &#8211; \u201eCarmax\u201c sako, kad nuo 2022 m. Sausio m\u0117n. \u201eElektrin\u0117s transporto priemon\u0117s\u201c filtruojamos paie\u0161kos.<\/p>\n<p><span id=\"more-412504\"\/><\/p>\n<p>\u201eCarmax\u201c pamat\u0117 EV paie\u0161kas 2022 m. Kovo m\u0117n. Ir v\u0117l 2024 m. Bir\u017eelio m\u0117n. Pirmasis smaigalys, i\u0161sirikiav\u0119s su duj\u0173 kainos \u0161oku, po to, kai Rusija \u012fsiver\u017e\u0117 \u012f Ukrain\u0105, o antrasis pasirod\u0117 teisingai, kai Bideno administracija i\u0161leido savo 4000 USD federalin\u012f mokes\u010di\u0173 kredit\u0105 u\u017e naudotus EVS.<\/p>\n<p>Internetin\u0117se naudotos automobili\u0173 rinkos 2025 m. Pavasario elektromobili\u0173 vartotoj\u0173 ataskaitoje parodyta, kiek nutrauktos EV kainos suma\u017e\u0117jo-daugiau nei 40% nuo 2022 m. Sausio m\u0117n. Iki 2025 m. Vasario m\u0117n.<\/p>\n<div id=\"ez-toc-container\" class=\"ez-toc-v2_0_82_2 counter-hierarchy ez-toc-counter ez-toc-grey ez-toc-container-direction\">\n<div class=\"ez-toc-title-container\">\n<p class=\"ez-toc-title\" style=\"cursor:inherit\">Turinys:<\/p>\n<span class=\"ez-toc-title-toggle\"><a href=\"#\" class=\"ez-toc-pull-right ez-toc-btn ez-toc-btn-xs ez-toc-btn-default ez-toc-toggle\" aria-label=\"Toggle Table of Content\"><span class=\"ez-toc-js-icon-con\"><span class=\"\"><span class=\"eztoc-hide\" style=\"display:none;\">Toggle<\/span><span class=\"ez-toc-icon-toggle-span\"><svg style=\"fill: #999;color:#999\" xmlns=\"http:\/\/www.w3.org\/2000\/svg\" class=\"list-377408\" width=\"20px\" height=\"20px\" viewBox=\"0 0 24 24\" fill=\"none\"><path d=\"M6 6H4v2h2V6zm14 0H8v2h12V6zM4 11h2v2H4v-2zm16 0H8v2h12v-2zM4 16h2v2H4v-2zm16 0H8v2h12v-2z\" fill=\"currentColor\"><\/path><\/svg><svg style=\"fill: #999;color:#999\" class=\"arrow-unsorted-368013\" xmlns=\"http:\/\/www.w3.org\/2000\/svg\" width=\"10px\" height=\"10px\" viewBox=\"0 0 24 24\" version=\"1.2\" baseProfile=\"tiny\"><path d=\"M18.2 9.3l-6.2-6.3-6.2 6.3c-.2.2-.3.4-.3.7s.1.5.3.7c.2.2.4.3.7.3h11c.3 0 .5-.1.7-.3.2-.2.3-.5.3-.7s-.1-.5-.3-.7zM5.8 14.7l6.2 6.3 6.2-6.3c.2-.2.3-.5.3-.7s-.1-.5-.3-.7c-.2-.2-.4-.3-.7-.3h-11c-.3 0-.5.1-.7.3-.2.2-.3.5-.3.7s.1.5.3.7z\"\/><\/svg><\/span><\/span><\/span><\/a><\/span><\/div>\n<nav><ul class='ez-toc-list ez-toc-list-level-1 ' ><li class='ez-toc-page-1 ez-toc-heading-level-2'><a class=\"ez-toc-link ez-toc-heading-1\" href=\"http:\/\/eautomobiliai.lt\/index.php\/2025\/04\/24\/naudojamos-ev-kainos-sumazejo-40-o-pirkejai-iesko-kaip-niekad-anksciau\/#10_populiariausiu_naudotu_EVS\" >10 populiariausi\u0173 naudot\u0173 EVS<\/a><\/li><li class='ez-toc-page-1 ez-toc-heading-level-2'><a class=\"ez-toc-link ez-toc-heading-2\" href=\"http:\/\/eautomobiliai.lt\/index.php\/2025\/04\/24\/naudojamos-ev-kainos-sumazejo-40-o-pirkejai-iesko-kaip-niekad-anksciau\/#Kuo_zmones_prekiauja\" >Kuo \u017emon\u0117s prekiauja<\/a><\/li><li class='ez-toc-page-1 ez-toc-heading-level-2'><a class=\"ez-toc-link ez-toc-heading-3\" href=\"http:\/\/eautomobiliai.lt\/index.php\/2025\/04\/24\/naudojamos-ev-kainos-sumazejo-40-o-pirkejai-iesko-kaip-niekad-anksciau\/#Kur_naudojami_EV_yra_populiariausi\" >Kur naudojami EV yra populiariausi<\/a><\/li><\/ul><\/nav><\/div>\n<h2 class=\"wp-block-heading\" id=\"h-the-top-10-most-popular-used-evs\"><span class=\"ez-toc-section\" id=\"10_populiariausiu_naudotu_EVS\"><\/span>10 populiariausi\u0173 naudot\u0173 EVS<span class=\"ez-toc-section-end\"><\/span><\/h2>\n<p>Tre\u010diaisiais metais \u201eTesla 3\u201c ir \u201eY\u201c modelis buvo atitinkamai Nr. 1 ir Nr. 2 laiko tarpsniuose nuo 2024 m. Rugs\u0117jo 1 d. Iki 2025 m. Vasario 28 d. \u201eChevy Bolt\u201c \u012f\u0161oko \u012f tre\u010di\u0105 viet\u0105 i\u0161 ankstesn\u0117s vietos Nr. 7, 2 ir 2023 m. \u201eE-Tron\u201c i\u0161krito. \u201eHyundai Ioniq 5\u201c ir \u201eNissan Leaf\u201c buvo Nr. 5 ir 6, o \u201eVolkswagen ID.4\u201c (4), \u201eNissan Leaf\u201c (6) ir \u201eFord Mustang Mach-E\u201c (9) sudar\u0117 s\u0105ra\u0161\u0105 tre\u010dius metus i\u0161 eil\u0117s.<\/p>\n<p>\t<span class=\"outbrain-ad-label\">Skelbimas &#8211; slinkite daugiau turinio<\/span><\/p>\n<h2 class=\"wp-block-heading\" id=\"h-what-people-are-trading-in\"><span class=\"ez-toc-section\" id=\"Kuo_zmones_prekiauja\"><\/span>Kuo \u017emon\u0117s prekiauja<span class=\"ez-toc-section-end\"><\/span><\/h2>\n<p>Pirm\u0105 kart\u0105 vis daugiau \u017emoni\u0173 sedanai ir kup\u0117 yra EVS nei visureigiai. \u201eCarmax\u201c sako, kad sedanai ir kup\u0117 sudar\u0117 44% vis\u0173 EV prekybos, palyginti su 36% 2024 m. Ir vos 29% prie\u0161 metus. Tai ai\u0161kus \u017eenklas, kad \u201eEV\u201c jungiklis kaupia greit\u012f ne tik visureigio tvarkykles.<\/p>\n<p>Kai klientai prekiavo sedanais d\u0117l EVS per \u0161ios ataskaitos matavimo laikotarp\u012f, da\u017eniausiai \u012fsigyjami EV buvo \u201eTesla 3\u201c modelis, \u201eTesla Y\u201c ir \u201eChevy Bolt EUV\u201c. <\/p>\n<p>Auk\u0161\u010diausias \u201eCarmax\u201c EV modelis buvo \u201eTesla Model 3\u201c, o tie, kurie prekiavo 3 modelyje, paprastai \u0117m\u0117si modelio Y. Likusiose penketukuose yra \u201eHonda Civic and Accord\u201c, \u201eNissan Leaf\u201c ir \u201eToyota Prius\u201c. Sunkve\u017eimis \u201eFord F-150\u201c, geriausias kartu su \u201eAccord\u201c 2024 m. Prane\u0161ime, atsisak\u0117 s\u0105ra\u0161o.<\/p>\n<h2 class=\"wp-block-heading\" id=\"h-where-used-evs-are-most-popular\"><span class=\"ez-toc-section\" id=\"Kur_naudojami_EV_yra_populiariausi\"><\/span>Kur naudojami EV yra populiariausi<span class=\"ez-toc-section-end\"><\/span><\/h2>\n<p>Kadangi tai yra \u201eCarmax\u201c ataskaita, ji, \u017einoma, remiasi duomenimis, gautais i\u0161 250 parduotuvi\u0173 visoje JAV. 2025 m. Oregonas \u012fveik\u0117 Kalifornij\u0105, kad tapt\u0173 did\u017eiausia EV pardavim\u0173 procentine dalimi, palyginti su kiekvienos valstijos bendrais pardavimais \u201eCarmax\u201c. Kalifornija anks\u010diau buvo u\u017e\u0117musi auk\u0161\u010diausi\u0105 reiting\u0105 nuo 2023 m. <\/p>\n<p>Vakar\u0173 pakrant\u0117 ir toliau dominavo, kai reik\u0117jo naudoti EV pardavimus. Kalifornija ir Va\u0161ingtonas buvo atitinkamai antroje ir tre\u010dioje vietoje. Nevada ir Arizonoje buvo ketvirta ir \u0161e\u0161ta, o Juta ir Naujoji Meksika (\u0161iemet nauja de\u0161imtuko s\u0105ra\u0161as) sureng\u0117 penkis ir septynias vietas. Rytin\u0117je pakrant\u0117je Niujorkas (10) antr\u0105 kart\u0105 pasirod\u0117 s\u0105ra\u0161e, 2024 m. I\u0161mesdamas dvi vietas i\u0161 Nr. 8. <\/p>\n<p>Naujokai yra Minesota, kuri per metus per\u0161oko 24 ta\u0161kus \u012f Nr. 8 ir Nauj\u0105j\u012f D\u017eers\u012f, kuris pak\u0117l\u0117 \u0161e\u0161is laiko tarpsnius \u012f Nr. 9. <\/p>\n<figure class=\"wp-block-image alignwide size-full\"><img loading=\"lazy\" decoding=\"async\" width=\"750\" height=\"150\" src=\"https:\/\/electrek.co\/wp-content\/uploads\/sites\/3\/2025\/04\/DES-1038_Electrek-Banners_Resiliency_658237.png\" alt=\"\" class=\"wp-image-412552\" srcset=\"https:\/\/electrek.co\/wp-content\/uploads\/sites\/3\/2025\/04\/DES-1038_Electrek-Banners_Resiliency_658237.png 750w, https:\/\/electrek.co\/wp-content\/uploads\/sites\/3\/2025\/04\/DES-1038_Electrek-Banners_Resiliency_658237.png?resize=150,30 150w, https:\/\/electrek.co\/wp-content\/uploads\/sites\/3\/2025\/04\/DES-1038_Electrek-Banners_Resiliency_658237.png?resize=300,60 300w, https:\/\/electrek.co\/wp-content\/uploads\/sites\/3\/2025\/04\/DES-1038_Electrek-Banners_Resiliency_658237.png?resize=350,70 350w, https:\/\/electrek.co\/wp-content\/uploads\/sites\/3\/2025\/04\/DES-1038_Electrek-Banners_Resiliency_658237.png?resize=140,28 140w\" sizes=\"auto, (max-width: 750px) 100vw, 750px\"\/><\/figure>\n<hr class=\"wp-block-separator has-alpha-channel-opacity\"\/>\n<p><em>Nor\u0117dami apriboti elektros energijos tiekimo nutraukimus ir padaryti j\u016bs\u0173 namus atsparesnius, apsvarstykite galimyb\u0119 naudotis saul\u0117s energija su akumuliatori\u0173 saugojimo sistema. Nor\u0117dami rasti \u0161alia j\u016bs\u0173 patikim\u0105, patikim\u0105 saul\u0117s diegimo program\u0105, si\u016blan\u010di\u0105 konkurencing\u0105 kain\u0105, apsilankykite<\/em><em> <\/em><em>Energysage<\/em><em>nemokama paslauga, palengvinanti jums saul\u0117s energij\u0105. Jie turi \u0161imtus i\u0161 anksto nustatyt\u0173 saul\u0117s energijos montuotoj\u0173, konkuruojan\u010di\u0173 d\u0117l j\u016bs\u0173 verslo, u\u017etikrindami, kad gausite auk\u0161tos kokyb\u0117s sprendimus ir sutaupysite 20\u201330%, palyginti su jo \u0117jimu atskirai. Be to, ja nemokama naudoti ir negausite pardavimo skambu\u010di\u0173, kol pasirinksite diegimo program\u0105 ir pasidalinsite savo telefono numeriu su jais.<\/em><\/p>\n<p><em>J\u016bs\u0173 individualizuotas saul\u0117s citatas lengva palyginti internete ir gausite prieig\u0105 prie ne\u0161ali\u0161k\u0173 patar\u0117j\u0173 energetikos srityje, kad pad\u0117tum\u0117te jums kiekvienam \u017eingsniui. Prad\u0117kite<\/em><em> <\/em><em>\u010dia<\/em><em>. &#8211; Patik\u0117ta filialo nuoroda*<\/em><\/p>\n<div class=\"ad-disclaimer-container\">\n<p class=\"disclaimer-affiliate\"><em>FPK: Mes naudojame pajamas gaunan\u010dias automatinio filialo nuorodas.<\/em> Daugiau.<\/p>\n<p><!-- post ad --><\/div>\n<\/p><\/div>\n<p><br \/>\n<br \/><a href=\"https:\/\/electrek.co\/2025\/04\/23\/used-ev-prices-fell-40-and-buyers-are-searching-like-never-before\/\">Source link <\/a><\/p>\n","protected":false},"excerpt":{"rendered":"<p>Daugiau automobili\u0173 pirk\u0117j\u0173 med\u017eioja naudotus EV &#8211; \u201eCarmax\u201c sako, kad nuo 2022 m. Sausio m\u0117n. \u201eElektrin\u0117s transporto priemon\u0117s\u201c filtruojamos paie\u0161kos.&hellip;<\/p>\n","protected":false},"author":1,"featured_media":595,"comment_status":"open","ping_status":"open","sticky":false,"template":"","format":"standard","meta":{"om_disable_all_campaigns":false,"_monsterinsights_skip_tracking":false,"_monsterinsights_sitenote_active":false,"_monsterinsights_sitenote_note":"","_monsterinsights_sitenote_category":0,"footnotes":""},"categories":[8],"tags":[53,1426,775,42,1424,1248,1425,688],"class_list":["post-594","post","type-post","status-publish","format-standard","has-post-thumbnail","hentry","category-elektriniai-automobiliai","tag-anksciau","tag-iesko","tag-kainos","tag-kaip","tag-naudojamos","tag-niekad","tag-pirkejai","tag-sumazejo"],"aioseo_notices":[],"yoast_head":"<!-- This site is optimized with the Yoast SEO plugin v26.8 - https:\/\/yoast.com\/product\/yoast-seo-wordpress\/ -->\n<title>Naudojamos EV kainos suma\u017e\u0117jo 40%, o pirk\u0117jai ie\u0161ko kaip niekad anks\u010diau - Eautomobiliai.lt<\/title>\n<meta name=\"robots\" content=\"index, follow, max-snippet:-1, max-image-preview:large, max-video-preview:-1\" \/>\n<link rel=\"canonical\" href=\"http:\/\/eautomobiliai.lt\/index.php\/2025\/04\/24\/naudojamos-ev-kainos-sumazejo-40-o-pirkejai-iesko-kaip-niekad-anksciau\/\" \/>\n<meta property=\"og:locale\" content=\"lt_LT\" \/>\n<meta property=\"og:type\" content=\"article\" \/>\n<meta property=\"og:title\" content=\"Naudojamos EV kainos suma\u017e\u0117jo 40%, o pirk\u0117jai ie\u0161ko kaip niekad anks\u010diau - Eautomobiliai.lt\" \/>\n<meta property=\"og:description\" content=\"Daugiau automobili\u0173 pirk\u0117j\u0173 med\u017eioja naudotus EV &#8211; \u201eCarmax\u201c sako, kad nuo 2022 m. Sausio m\u0117n. \u201eElektrin\u0117s transporto priemon\u0117s\u201c filtruojamos paie\u0161kos.&hellip;\" \/>\n<meta property=\"og:url\" content=\"http:\/\/eautomobiliai.lt\/index.php\/2025\/04\/24\/naudojamos-ev-kainos-sumazejo-40-o-pirkejai-iesko-kaip-niekad-anksciau\/\" \/>\n<meta property=\"og:site_name\" content=\"Eautomobiliai.lt\" \/>\n<meta property=\"article:published_time\" content=\"2025-04-24T05:26:23+00:00\" \/>\n<meta property=\"og:image\" content=\"http:\/\/eautomobiliai.lt\/wp-content\/uploads\/2025\/04\/Naudojamos-EV-kainos-sumazejo-40-o-pirkejai-iesko-kaip-niekad.jpg\" \/>\n\t<meta property=\"og:image:width\" content=\"1200\" \/>\n\t<meta property=\"og:image:height\" content=\"628\" \/>\n\t<meta property=\"og:image:type\" content=\"image\/jpeg\" \/>\n<meta name=\"author\" content=\"admin\" \/>\n<meta name=\"twitter:card\" content=\"summary_large_image\" \/>\n<meta name=\"twitter:label1\" content=\"Written by\" \/>\n\t<meta name=\"twitter:data1\" content=\"admin\" \/>\n\t<meta name=\"twitter:label2\" content=\"Est. reading time\" \/>\n\t<meta name=\"twitter:data2\" content=\"3 minut\u0117s\" \/>\n<script type=\"application\/ld+json\" class=\"yoast-schema-graph\">{\"@context\":\"https:\/\/schema.org\",\"@graph\":[{\"@type\":\"Article\",\"@id\":\"http:\/\/eautomobiliai.lt\/index.php\/2025\/04\/24\/naudojamos-ev-kainos-sumazejo-40-o-pirkejai-iesko-kaip-niekad-anksciau\/#article\",\"isPartOf\":{\"@id\":\"http:\/\/eautomobiliai.lt\/index.php\/2025\/04\/24\/naudojamos-ev-kainos-sumazejo-40-o-pirkejai-iesko-kaip-niekad-anksciau\/\"},\"author\":{\"name\":\"admin\",\"@id\":\"https:\/\/eautomobiliai.lt\/#\/schema\/person\/ecf2a967f361217d056061f74deb92f2\"},\"headline\":\"Naudojamos EV kainos suma\u017e\u0117jo 40%, o pirk\u0117jai ie\u0161ko kaip niekad anks\u010diau\",\"datePublished\":\"2025-04-24T05:26:23+00:00\",\"mainEntityOfPage\":{\"@id\":\"http:\/\/eautomobiliai.lt\/index.php\/2025\/04\/24\/naudojamos-ev-kainos-sumazejo-40-o-pirkejai-iesko-kaip-niekad-anksciau\/\"},\"wordCount\":596,\"commentCount\":0,\"image\":{\"@id\":\"http:\/\/eautomobiliai.lt\/index.php\/2025\/04\/24\/naudojamos-ev-kainos-sumazejo-40-o-pirkejai-iesko-kaip-niekad-anksciau\/#primaryimage\"},\"thumbnailUrl\":\"http:\/\/eautomobiliai.lt\/wp-content\/uploads\/2025\/04\/Naudojamos-EV-kainos-sumazejo-40-o-pirkejai-iesko-kaip-niekad.jpg\",\"keywords\":[\"anks\u010diau\",\"ie\u0161ko\",\"kainos\",\"kaip\",\"Naudojamos\",\"niekad\",\"pirk\u0117jai\",\"suma\u017e\u0117jo\"],\"articleSection\":[\"ELEKTRINIAI AUTOMOBILIAI\"],\"inLanguage\":\"lt-LT\",\"potentialAction\":[{\"@type\":\"CommentAction\",\"name\":\"Comment\",\"target\":[\"http:\/\/eautomobiliai.lt\/index.php\/2025\/04\/24\/naudojamos-ev-kainos-sumazejo-40-o-pirkejai-iesko-kaip-niekad-anksciau\/#respond\"]}]},{\"@type\":\"WebPage\",\"@id\":\"http:\/\/eautomobiliai.lt\/index.php\/2025\/04\/24\/naudojamos-ev-kainos-sumazejo-40-o-pirkejai-iesko-kaip-niekad-anksciau\/\",\"url\":\"http:\/\/eautomobiliai.lt\/index.php\/2025\/04\/24\/naudojamos-ev-kainos-sumazejo-40-o-pirkejai-iesko-kaip-niekad-anksciau\/\",\"name\":\"Naudojamos EV kainos suma\u017e\u0117jo 40%, o pirk\u0117jai ie\u0161ko kaip niekad anks\u010diau - Eautomobiliai.lt\",\"isPartOf\":{\"@id\":\"https:\/\/eautomobiliai.lt\/#website\"},\"primaryImageOfPage\":{\"@id\":\"http:\/\/eautomobiliai.lt\/index.php\/2025\/04\/24\/naudojamos-ev-kainos-sumazejo-40-o-pirkejai-iesko-kaip-niekad-anksciau\/#primaryimage\"},\"image\":{\"@id\":\"http:\/\/eautomobiliai.lt\/index.php\/2025\/04\/24\/naudojamos-ev-kainos-sumazejo-40-o-pirkejai-iesko-kaip-niekad-anksciau\/#primaryimage\"},\"thumbnailUrl\":\"http:\/\/eautomobiliai.lt\/wp-content\/uploads\/2025\/04\/Naudojamos-EV-kainos-sumazejo-40-o-pirkejai-iesko-kaip-niekad.jpg\",\"datePublished\":\"2025-04-24T05:26:23+00:00\",\"author\":{\"@id\":\"https:\/\/eautomobiliai.lt\/#\/schema\/person\/ecf2a967f361217d056061f74deb92f2\"},\"breadcrumb\":{\"@id\":\"http:\/\/eautomobiliai.lt\/index.php\/2025\/04\/24\/naudojamos-ev-kainos-sumazejo-40-o-pirkejai-iesko-kaip-niekad-anksciau\/#breadcrumb\"},\"inLanguage\":\"lt-LT\",\"potentialAction\":[{\"@type\":\"ReadAction\",\"target\":[\"http:\/\/eautomobiliai.lt\/index.php\/2025\/04\/24\/naudojamos-ev-kainos-sumazejo-40-o-pirkejai-iesko-kaip-niekad-anksciau\/\"]}]},{\"@type\":\"ImageObject\",\"inLanguage\":\"lt-LT\",\"@id\":\"http:\/\/eautomobiliai.lt\/index.php\/2025\/04\/24\/naudojamos-ev-kainos-sumazejo-40-o-pirkejai-iesko-kaip-niekad-anksciau\/#primaryimage\",\"url\":\"http:\/\/eautomobiliai.lt\/wp-content\/uploads\/2025\/04\/Naudojamos-EV-kainos-sumazejo-40-o-pirkejai-iesko-kaip-niekad.jpg\",\"contentUrl\":\"http:\/\/eautomobiliai.lt\/wp-content\/uploads\/2025\/04\/Naudojamos-EV-kainos-sumazejo-40-o-pirkejai-iesko-kaip-niekad.jpg\",\"width\":1200,\"height\":628},{\"@type\":\"BreadcrumbList\",\"@id\":\"http:\/\/eautomobiliai.lt\/index.php\/2025\/04\/24\/naudojamos-ev-kainos-sumazejo-40-o-pirkejai-iesko-kaip-niekad-anksciau\/#breadcrumb\",\"itemListElement\":[{\"@type\":\"ListItem\",\"position\":1,\"name\":\"Home\",\"item\":\"https:\/\/eautomobiliai.lt\/\"},{\"@type\":\"ListItem\",\"position\":2,\"name\":\"Naudojamos EV kainos suma\u017e\u0117jo 40%, o pirk\u0117jai ie\u0161ko kaip niekad anks\u010diau\"}]},{\"@type\":\"WebSite\",\"@id\":\"https:\/\/eautomobiliai.lt\/#website\",\"url\":\"https:\/\/eautomobiliai.lt\/\",\"name\":\"Eautomobiliai.lt\",\"description\":\"Elektrinis transportas, technologijos\",\"potentialAction\":[{\"@type\":\"SearchAction\",\"target\":{\"@type\":\"EntryPoint\",\"urlTemplate\":\"https:\/\/eautomobiliai.lt\/?s={search_term_string}\"},\"query-input\":{\"@type\":\"PropertyValueSpecification\",\"valueRequired\":true,\"valueName\":\"search_term_string\"}}],\"inLanguage\":\"lt-LT\"},{\"@type\":\"Person\",\"@id\":\"https:\/\/eautomobiliai.lt\/#\/schema\/person\/ecf2a967f361217d056061f74deb92f2\",\"name\":\"admin\",\"image\":{\"@type\":\"ImageObject\",\"inLanguage\":\"lt-LT\",\"@id\":\"https:\/\/eautomobiliai.lt\/#\/schema\/person\/image\/\",\"url\":\"https:\/\/secure.gravatar.com\/avatar\/6323379efae0c70c686c7905444d6bbd?s=96&d=mm&r=g\",\"contentUrl\":\"https:\/\/secure.gravatar.com\/avatar\/6323379efae0c70c686c7905444d6bbd?s=96&d=mm&r=g\",\"caption\":\"admin\"},\"sameAs\":[\"http:\/\/eautomobiliai.lt\"],\"url\":\"http:\/\/eautomobiliai.lt\/index.php\/author\/admin\/\"}]}<\/script>\n<!-- \/ Yoast SEO plugin. -->","yoast_head_json":{"title":"Naudojamos EV kainos suma\u017e\u0117jo 40%, o pirk\u0117jai ie\u0161ko kaip niekad anks\u010diau - Eautomobiliai.lt","robots":{"index":"index","follow":"follow","max-snippet":"max-snippet:-1","max-image-preview":"max-image-preview:large","max-video-preview":"max-video-preview:-1"},"canonical":"http:\/\/eautomobiliai.lt\/index.php\/2025\/04\/24\/naudojamos-ev-kainos-sumazejo-40-o-pirkejai-iesko-kaip-niekad-anksciau\/","og_locale":"lt_LT","og_type":"article","og_title":"Naudojamos EV kainos suma\u017e\u0117jo 40%, o pirk\u0117jai ie\u0161ko kaip niekad anks\u010diau - Eautomobiliai.lt","og_description":"Daugiau automobili\u0173 pirk\u0117j\u0173 med\u017eioja naudotus EV &#8211; \u201eCarmax\u201c sako, kad nuo 2022 m. Sausio m\u0117n. \u201eElektrin\u0117s transporto priemon\u0117s\u201c filtruojamos paie\u0161kos.&hellip;","og_url":"http:\/\/eautomobiliai.lt\/index.php\/2025\/04\/24\/naudojamos-ev-kainos-sumazejo-40-o-pirkejai-iesko-kaip-niekad-anksciau\/","og_site_name":"Eautomobiliai.lt","article_published_time":"2025-04-24T05:26:23+00:00","og_image":[{"width":1200,"height":628,"url":"http:\/\/eautomobiliai.lt\/wp-content\/uploads\/2025\/04\/Naudojamos-EV-kainos-sumazejo-40-o-pirkejai-iesko-kaip-niekad.jpg","type":"image\/jpeg"}],"author":"admin","twitter_card":"summary_large_image","twitter_misc":{"Written by":"admin","Est. reading time":"3 minut\u0117s"},"schema":{"@context":"https:\/\/schema.org","@graph":[{"@type":"Article","@id":"http:\/\/eautomobiliai.lt\/index.php\/2025\/04\/24\/naudojamos-ev-kainos-sumazejo-40-o-pirkejai-iesko-kaip-niekad-anksciau\/#article","isPartOf":{"@id":"http:\/\/eautomobiliai.lt\/index.php\/2025\/04\/24\/naudojamos-ev-kainos-sumazejo-40-o-pirkejai-iesko-kaip-niekad-anksciau\/"},"author":{"name":"admin","@id":"https:\/\/eautomobiliai.lt\/#\/schema\/person\/ecf2a967f361217d056061f74deb92f2"},"headline":"Naudojamos EV kainos suma\u017e\u0117jo 40%, o pirk\u0117jai ie\u0161ko kaip niekad anks\u010diau","datePublished":"2025-04-24T05:26:23+00:00","mainEntityOfPage":{"@id":"http:\/\/eautomobiliai.lt\/index.php\/2025\/04\/24\/naudojamos-ev-kainos-sumazejo-40-o-pirkejai-iesko-kaip-niekad-anksciau\/"},"wordCount":596,"commentCount":0,"image":{"@id":"http:\/\/eautomobiliai.lt\/index.php\/2025\/04\/24\/naudojamos-ev-kainos-sumazejo-40-o-pirkejai-iesko-kaip-niekad-anksciau\/#primaryimage"},"thumbnailUrl":"http:\/\/eautomobiliai.lt\/wp-content\/uploads\/2025\/04\/Naudojamos-EV-kainos-sumazejo-40-o-pirkejai-iesko-kaip-niekad.jpg","keywords":["anks\u010diau","ie\u0161ko","kainos","kaip","Naudojamos","niekad","pirk\u0117jai","suma\u017e\u0117jo"],"articleSection":["ELEKTRINIAI AUTOMOBILIAI"],"inLanguage":"lt-LT","potentialAction":[{"@type":"CommentAction","name":"Comment","target":["http:\/\/eautomobiliai.lt\/index.php\/2025\/04\/24\/naudojamos-ev-kainos-sumazejo-40-o-pirkejai-iesko-kaip-niekad-anksciau\/#respond"]}]},{"@type":"WebPage","@id":"http:\/\/eautomobiliai.lt\/index.php\/2025\/04\/24\/naudojamos-ev-kainos-sumazejo-40-o-pirkejai-iesko-kaip-niekad-anksciau\/","url":"http:\/\/eautomobiliai.lt\/index.php\/2025\/04\/24\/naudojamos-ev-kainos-sumazejo-40-o-pirkejai-iesko-kaip-niekad-anksciau\/","name":"Naudojamos EV kainos suma\u017e\u0117jo 40%, o pirk\u0117jai ie\u0161ko kaip niekad anks\u010diau - Eautomobiliai.lt","isPartOf":{"@id":"https:\/\/eautomobiliai.lt\/#website"},"primaryImageOfPage":{"@id":"http:\/\/eautomobiliai.lt\/index.php\/2025\/04\/24\/naudojamos-ev-kainos-sumazejo-40-o-pirkejai-iesko-kaip-niekad-anksciau\/#primaryimage"},"image":{"@id":"http:\/\/eautomobiliai.lt\/index.php\/2025\/04\/24\/naudojamos-ev-kainos-sumazejo-40-o-pirkejai-iesko-kaip-niekad-anksciau\/#primaryimage"},"thumbnailUrl":"http:\/\/eautomobiliai.lt\/wp-content\/uploads\/2025\/04\/Naudojamos-EV-kainos-sumazejo-40-o-pirkejai-iesko-kaip-niekad.jpg","datePublished":"2025-04-24T05:26:23+00:00","author":{"@id":"https:\/\/eautomobiliai.lt\/#\/schema\/person\/ecf2a967f361217d056061f74deb92f2"},"breadcrumb":{"@id":"http:\/\/eautomobiliai.lt\/index.php\/2025\/04\/24\/naudojamos-ev-kainos-sumazejo-40-o-pirkejai-iesko-kaip-niekad-anksciau\/#breadcrumb"},"inLanguage":"lt-LT","potentialAction":[{"@type":"ReadAction","target":["http:\/\/eautomobiliai.lt\/index.php\/2025\/04\/24\/naudojamos-ev-kainos-sumazejo-40-o-pirkejai-iesko-kaip-niekad-anksciau\/"]}]},{"@type":"ImageObject","inLanguage":"lt-LT","@id":"http:\/\/eautomobiliai.lt\/index.php\/2025\/04\/24\/naudojamos-ev-kainos-sumazejo-40-o-pirkejai-iesko-kaip-niekad-anksciau\/#primaryimage","url":"http:\/\/eautomobiliai.lt\/wp-content\/uploads\/2025\/04\/Naudojamos-EV-kainos-sumazejo-40-o-pirkejai-iesko-kaip-niekad.jpg","contentUrl":"http:\/\/eautomobiliai.lt\/wp-content\/uploads\/2025\/04\/Naudojamos-EV-kainos-sumazejo-40-o-pirkejai-iesko-kaip-niekad.jpg","width":1200,"height":628},{"@type":"BreadcrumbList","@id":"http:\/\/eautomobiliai.lt\/index.php\/2025\/04\/24\/naudojamos-ev-kainos-sumazejo-40-o-pirkejai-iesko-kaip-niekad-anksciau\/#breadcrumb","itemListElement":[{"@type":"ListItem","position":1,"name":"Home","item":"https:\/\/eautomobiliai.lt\/"},{"@type":"ListItem","position":2,"name":"Naudojamos EV kainos suma\u017e\u0117jo 40%, o pirk\u0117jai ie\u0161ko kaip niekad anks\u010diau"}]},{"@type":"WebSite","@id":"https:\/\/eautomobiliai.lt\/#website","url":"https:\/\/eautomobiliai.lt\/","name":"Eautomobiliai.lt","description":"Elektrinis transportas, technologijos","potentialAction":[{"@type":"SearchAction","target":{"@type":"EntryPoint","urlTemplate":"https:\/\/eautomobiliai.lt\/?s={search_term_string}"},"query-input":{"@type":"PropertyValueSpecification","valueRequired":true,"valueName":"search_term_string"}}],"inLanguage":"lt-LT"},{"@type":"Person","@id":"https:\/\/eautomobiliai.lt\/#\/schema\/person\/ecf2a967f361217d056061f74deb92f2","name":"admin","image":{"@type":"ImageObject","inLanguage":"lt-LT","@id":"https:\/\/eautomobiliai.lt\/#\/schema\/person\/image\/","url":"https:\/\/secure.gravatar.com\/avatar\/6323379efae0c70c686c7905444d6bbd?s=96&d=mm&r=g","contentUrl":"https:\/\/secure.gravatar.com\/avatar\/6323379efae0c70c686c7905444d6bbd?s=96&d=mm&r=g","caption":"admin"},"sameAs":["http:\/\/eautomobiliai.lt"],"url":"http:\/\/eautomobiliai.lt\/index.php\/author\/admin\/"}]}},"_links":{"self":[{"href":"http:\/\/eautomobiliai.lt\/index.php\/wp-json\/wp\/v2\/posts\/594","targetHints":{"allow":["GET"]}}],"collection":[{"href":"http:\/\/eautomobiliai.lt\/index.php\/wp-json\/wp\/v2\/posts"}],"about":[{"href":"http:\/\/eautomobiliai.lt\/index.php\/wp-json\/wp\/v2\/types\/post"}],"author":[{"embeddable":true,"href":"http:\/\/eautomobiliai.lt\/index.php\/wp-json\/wp\/v2\/users\/1"}],"replies":[{"embeddable":true,"href":"http:\/\/eautomobiliai.lt\/index.php\/wp-json\/wp\/v2\/comments?post=594"}],"version-history":[{"count":0,"href":"http:\/\/eautomobiliai.lt\/index.php\/wp-json\/wp\/v2\/posts\/594\/revisions"}],"wp:featuredmedia":[{"embeddable":true,"href":"http:\/\/eautomobiliai.lt\/index.php\/wp-json\/wp\/v2\/media\/595"}],"wp:attachment":[{"href":"http:\/\/eautomobiliai.lt\/index.php\/wp-json\/wp\/v2\/media?parent=594"}],"wp:term":[{"taxonomy":"category","embeddable":true,"href":"http:\/\/eautomobiliai.lt\/index.php\/wp-json\/wp\/v2\/categories?post=594"},{"taxonomy":"post_tag","embeddable":true,"href":"http:\/\/eautomobiliai.lt\/index.php\/wp-json\/wp\/v2\/tags?post=594"}],"curies":[{"name":"wp","href":"https:\/\/api.w.org\/{rel}","templated":true}]}}