{"id":600,"date":"2025-04-24T17:59:12","date_gmt":"2025-04-24T17:59:12","guid":{"rendered":"https:\/\/eautomobiliai.lt\/index.php\/2025\/04\/24\/elektrinio-automobilio-posukis-gali-pakelti-ev-kaina-tukstanciais\/"},"modified":"2025-04-24T17:59:12","modified_gmt":"2025-04-24T17:59:12","slug":"elektrinio-automobilio-posukis-gali-pakelti-ev-kaina-tukstanciais","status":"publish","type":"post","link":"http:\/\/eautomobiliai.lt\/index.php\/2025\/04\/24\/elektrinio-automobilio-posukis-gali-pakelti-ev-kaina-tukstanciais\/","title":{"rendered":"Elektrinio automobilio pos\u016bkis gali pakelti EV kain\u0105 t\u016bkstan\u010diais"},"content":{"rendered":"<p> <br \/>\n<\/p>\n<div id=\"\">\n<p>Elektrin\u0117s transporto priemon\u0117s pirkimo i\u0161laidos kai kuriems vairuotojams gali padid\u0117ti t\u016bkstan\u010diais doleri\u0173, jei po rinkim\u0173 pakeist\u0173 mokes\u010di\u0173 mokes\u010di\u0173 taisykles.<\/p>\n<p>Automobili\u0173 grup\u0117s persp\u0117ja i\u0161orini\u0173 didmies\u010di\u0173 priemies\u010di\u0173 vairuotojus, kurie gali b\u016bti sunkiausi d\u0117l pakeitimo, o tai kai kuriems padidint\u0173 transportavimo i\u0161laidas, o degal\u0173 mokes\u010dio suma\u017einimas suma\u017eino i\u0161laidas kitiems.<\/p>\n<p>\u012esp\u0117jimai atsirado po to, kai koalicija atskleid\u0117, kad ji planuoja panaikinti \u201eFringe Beency\u201c mokes\u010di\u0173 subsidijas ma\u017eo emisijos transporto priemon\u0117ms, jei ji laim\u0117jo vyriausyb\u0119, vadinant mokes\u010di\u0173 politik\u0105 \u201e\u0161vaistomomis i\u0161laidomis\u201c.<\/p>\n<p>Remiantis koalicijos duomenimis, politikos pakeitimas gal\u0117t\u0173 i\u0161gelb\u0117ti vyriausyb\u0119 daugiau nei 3 milijardus doleri\u0173.<\/p>\n<p>Ta\u010diau pakeitimas padidint\u0173 i\u0161laidas australams, perkantiems elektrines transporto priemones t\u016bkstan\u010diais doleri\u0173 kiekvienais metais, sak\u0117 Nacionalin\u0117 automobili\u0173 nuomos ir atlyginim\u0173 pakavimo asociacijos vadovas Rohanas Martinas.<\/p>\n<p>Pagal dabartin\u0119 politik\u0105 elektrin\u0117s ir vandenilio varomos transporto priemon\u0117s nepritraukia \u201eFringe Beency\u201c mokes\u010dio, jei jos patenka \u012f 91 387 USD prabangaus automobilio mokes\u010dio slenkst\u012f ir perkami per atlyginimo pakavimo program\u0105.<\/p>\n<p>\u201eU\u017e EV apie 45 000 USD \u017eenkl\u0105, mes vertiname, kad darbuotojas sumok\u0117t\u0173 dar 3500 USD per metus be i\u0161imties, kad tur\u0117tum\u0117te ir valdytum\u0117te t\u0105 automobil\u012f\u201c, &#8211; AAP sak\u0117 p. Martinas.<\/p>\n<p>\u201eJei tai b\u016bt\u0173 60 000 USD eV, pavyzd\u017eiui, (BYD) SEALION 7, tai b\u016bt\u0173 apie 4700 USD daugiau per metus be i\u0161imties\u201c.<\/p>\n<p>Pasak jo, did\u0117jan\u010dios i\u0161laidos sunkiausiai u\u017eklupt\u0173 \u0161eimas priemies\u010diuose, nes nam\u0173 \u016bkiai su ilgesniais kelion\u0117mis \u012f darb\u0105 ir atgal, saul\u0117s baterijos ir automobili\u0173 stov\u0117jimo aik\u0161tel\u0117 ne gatv\u0117je grei\u010diausiai pasitelk\u0117 mokes\u010di\u0173 lengvat\u0105.<\/p>\n<p>\u201eVidutinis, kasdien dirbantys australai, gyvenantys i\u0161oriniuose metropolijos priemies\u010diuose, kurie yra pagrindiniai \u0161ios esamos politikos naudos gav\u0117jai ir yra pagrindiniai \u0161ios politikos vartotojai\u201c, &#8211; sak\u0117 p. Martinas.<\/p>\n<p>Koalicijos lyderis Peteris Duttonas neig\u0117 planus panaikinti mokes\u010di\u0173 atleidim\u0105 nuo mokes\u010di\u0173, tai rei\u0161kia politikos pasikeitim\u0105, nes partija prie\u0161inosi jos \u012fvedimui 2022 m. Liepos m\u0117n.<\/p>\n<p>Federalin\u0117 opozicija taip pat paskelb\u0117 planus vienerius metus suma\u017einti degal\u0173 akciz\u0105 25 centais u\u017e litr\u0105 &#8211; kainuoja 6 milijardus doleri\u0173 &#8211; ir pa\u0161alinti baudas automobili\u0173 \u012fmon\u0117ms, vir\u0161ijan\u010dioms i\u0161metam\u0173j\u0173 ter\u0161al\u0173 ribas pagal nauj\u0105 transporto priemon\u0117s efektyvumo standart\u0105.<\/p>\n<p>Rinkim\u0173 politika tik suma\u017eint\u0173 kai kuri\u0173 vairuotoj\u0173 transporto i\u0161laidas, sak\u0117 elektromobili\u0173 tarybos vadov\u0117 Julie Delvecchio, sak\u0117 baud\u017eiant tuos, kurie investavo \u012f ma\u017eo emisijos transporto priemones, kad suma\u017eint\u0173 tar\u0161os, degal\u0173 ir prie\u017ei\u016bros i\u0161laidas.<\/p>\n<p>\u201eParlamento i\u0161imtis FBT buvo labai veiksminga\u201c, &#8211; sak\u0117 ji.<\/p>\n<p>\u201eDabar tai padidins Australijos EV savybes ir valdym\u0105 ir EV valdym\u0105 ir kiosko progres\u0105 link \u0161varesnio, pigesnio transporto.\u201c<\/p>\n<p>AAP<\/p>\n<p><!-- AI CONTENT END 1 --><\/p><\/div>\n<p><br \/>\n<br \/><a href=\"https:\/\/thedriven.io\/2025\/04\/24\/electric-car-u-turn-could-lift-cost-of-evs-by-thousands\/\">Source link <\/a><\/p>\n","protected":false},"excerpt":{"rendered":"<p>Elektrin\u0117s transporto priemon\u0117s pirkimo i\u0161laidos kai kuriems vairuotojams gali padid\u0117ti t\u016bkstan\u010diais doleri\u0173, jei po rinkim\u0173 pakeist\u0173 mokes\u010di\u0173 mokes\u010di\u0173 taisykles. Automobili\u0173&hellip;<\/p>\n","protected":false},"author":1,"featured_media":601,"comment_status":"open","ping_status":"open","sticky":false,"template":"","format":"standard","meta":{"om_disable_all_campaigns":false,"_monsterinsights_skip_tracking":false,"_monsterinsights_sitenote_active":false,"_monsterinsights_sitenote_note":"","_monsterinsights_sitenote_category":0,"footnotes":""},"categories":[39],"tags":[143,142,169,219,1440,1439,1441],"class_list":["post-600","post","type-post","status-publish","format-standard","has-post-thumbnail","hentry","category-eautomobiliu-technine-puse","tag-automobilio","tag-elektrinio","tag-gali","tag-kaina","tag-pakelti","tag-posukis","tag-tukstanciais"],"aioseo_notices":[],"yoast_head":"<!-- This site is optimized with the Yoast SEO plugin v26.8 - https:\/\/yoast.com\/product\/yoast-seo-wordpress\/ -->\n<title>Elektrinio automobilio pos\u016bkis gali pakelti EV kain\u0105 t\u016bkstan\u010diais - Eautomobiliai.lt<\/title>\n<meta name=\"robots\" content=\"index, follow, max-snippet:-1, max-image-preview:large, max-video-preview:-1\" \/>\n<link rel=\"canonical\" href=\"http:\/\/eautomobiliai.lt\/index.php\/2025\/04\/24\/elektrinio-automobilio-posukis-gali-pakelti-ev-kaina-tukstanciais\/\" \/>\n<meta property=\"og:locale\" content=\"lt_LT\" \/>\n<meta property=\"og:type\" content=\"article\" \/>\n<meta property=\"og:title\" content=\"Elektrinio automobilio pos\u016bkis gali pakelti EV kain\u0105 t\u016bkstan\u010diais - Eautomobiliai.lt\" \/>\n<meta property=\"og:description\" content=\"Elektrin\u0117s transporto priemon\u0117s pirkimo i\u0161laidos kai kuriems vairuotojams gali padid\u0117ti t\u016bkstan\u010diais doleri\u0173, jei po rinkim\u0173 pakeist\u0173 mokes\u010di\u0173 mokes\u010di\u0173 taisykles. Automobili\u0173&hellip;\" \/>\n<meta property=\"og:url\" content=\"http:\/\/eautomobiliai.lt\/index.php\/2025\/04\/24\/elektrinio-automobilio-posukis-gali-pakelti-ev-kaina-tukstanciais\/\" \/>\n<meta property=\"og:site_name\" content=\"Eautomobiliai.lt\" \/>\n<meta property=\"article:published_time\" content=\"2025-04-24T17:59:12+00:00\" \/>\n<meta property=\"og:image\" content=\"http:\/\/eautomobiliai.lt\/wp-content\/uploads\/2025\/04\/Elektrinio-automobilio-posukis-gali-pakelti-EV-kaina-tukstanciais.jpg\" \/>\n\t<meta property=\"og:image:width\" content=\"1378\" \/>\n\t<meta property=\"og:image:height\" content=\"876\" \/>\n\t<meta property=\"og:image:type\" content=\"image\/jpeg\" \/>\n<meta name=\"author\" content=\"admin\" \/>\n<meta name=\"twitter:card\" content=\"summary_large_image\" \/>\n<meta name=\"twitter:label1\" content=\"Written by\" \/>\n\t<meta name=\"twitter:data1\" content=\"admin\" \/>\n\t<meta name=\"twitter:label2\" content=\"Est. reading time\" \/>\n\t<meta name=\"twitter:data2\" content=\"2 minut\u0117s\" \/>\n<script type=\"application\/ld+json\" class=\"yoast-schema-graph\">{\"@context\":\"https:\/\/schema.org\",\"@graph\":[{\"@type\":\"Article\",\"@id\":\"http:\/\/eautomobiliai.lt\/index.php\/2025\/04\/24\/elektrinio-automobilio-posukis-gali-pakelti-ev-kaina-tukstanciais\/#article\",\"isPartOf\":{\"@id\":\"http:\/\/eautomobiliai.lt\/index.php\/2025\/04\/24\/elektrinio-automobilio-posukis-gali-pakelti-ev-kaina-tukstanciais\/\"},\"author\":{\"name\":\"admin\",\"@id\":\"https:\/\/eautomobiliai.lt\/#\/schema\/person\/ecf2a967f361217d056061f74deb92f2\"},\"headline\":\"Elektrinio automobilio pos\u016bkis gali pakelti EV kain\u0105 t\u016bkstan\u010diais\",\"datePublished\":\"2025-04-24T17:59:12+00:00\",\"mainEntityOfPage\":{\"@id\":\"http:\/\/eautomobiliai.lt\/index.php\/2025\/04\/24\/elektrinio-automobilio-posukis-gali-pakelti-ev-kaina-tukstanciais\/\"},\"wordCount\":453,\"commentCount\":0,\"image\":{\"@id\":\"http:\/\/eautomobiliai.lt\/index.php\/2025\/04\/24\/elektrinio-automobilio-posukis-gali-pakelti-ev-kaina-tukstanciais\/#primaryimage\"},\"thumbnailUrl\":\"http:\/\/eautomobiliai.lt\/wp-content\/uploads\/2025\/04\/Elektrinio-automobilio-posukis-gali-pakelti-EV-kaina-tukstanciais.jpg\",\"keywords\":[\"automobilio\",\"elektrinio\",\"gali\",\"kain\u0105\",\"pakelti\",\"pos\u016bkis\",\"t\u016bkstan\u010diais\"],\"articleSection\":[\"eAUTOMOBILI\u0172 TECHNIN\u0116 PUS\u0116\"],\"inLanguage\":\"lt-LT\",\"potentialAction\":[{\"@type\":\"CommentAction\",\"name\":\"Comment\",\"target\":[\"http:\/\/eautomobiliai.lt\/index.php\/2025\/04\/24\/elektrinio-automobilio-posukis-gali-pakelti-ev-kaina-tukstanciais\/#respond\"]}]},{\"@type\":\"WebPage\",\"@id\":\"http:\/\/eautomobiliai.lt\/index.php\/2025\/04\/24\/elektrinio-automobilio-posukis-gali-pakelti-ev-kaina-tukstanciais\/\",\"url\":\"http:\/\/eautomobiliai.lt\/index.php\/2025\/04\/24\/elektrinio-automobilio-posukis-gali-pakelti-ev-kaina-tukstanciais\/\",\"name\":\"Elektrinio automobilio pos\u016bkis gali pakelti EV kain\u0105 t\u016bkstan\u010diais - Eautomobiliai.lt\",\"isPartOf\":{\"@id\":\"https:\/\/eautomobiliai.lt\/#website\"},\"primaryImageOfPage\":{\"@id\":\"http:\/\/eautomobiliai.lt\/index.php\/2025\/04\/24\/elektrinio-automobilio-posukis-gali-pakelti-ev-kaina-tukstanciais\/#primaryimage\"},\"image\":{\"@id\":\"http:\/\/eautomobiliai.lt\/index.php\/2025\/04\/24\/elektrinio-automobilio-posukis-gali-pakelti-ev-kaina-tukstanciais\/#primaryimage\"},\"thumbnailUrl\":\"http:\/\/eautomobiliai.lt\/wp-content\/uploads\/2025\/04\/Elektrinio-automobilio-posukis-gali-pakelti-EV-kaina-tukstanciais.jpg\",\"datePublished\":\"2025-04-24T17:59:12+00:00\",\"author\":{\"@id\":\"https:\/\/eautomobiliai.lt\/#\/schema\/person\/ecf2a967f361217d056061f74deb92f2\"},\"breadcrumb\":{\"@id\":\"http:\/\/eautomobiliai.lt\/index.php\/2025\/04\/24\/elektrinio-automobilio-posukis-gali-pakelti-ev-kaina-tukstanciais\/#breadcrumb\"},\"inLanguage\":\"lt-LT\",\"potentialAction\":[{\"@type\":\"ReadAction\",\"target\":[\"http:\/\/eautomobiliai.lt\/index.php\/2025\/04\/24\/elektrinio-automobilio-posukis-gali-pakelti-ev-kaina-tukstanciais\/\"]}]},{\"@type\":\"ImageObject\",\"inLanguage\":\"lt-LT\",\"@id\":\"http:\/\/eautomobiliai.lt\/index.php\/2025\/04\/24\/elektrinio-automobilio-posukis-gali-pakelti-ev-kaina-tukstanciais\/#primaryimage\",\"url\":\"http:\/\/eautomobiliai.lt\/wp-content\/uploads\/2025\/04\/Elektrinio-automobilio-posukis-gali-pakelti-EV-kaina-tukstanciais.jpg\",\"contentUrl\":\"http:\/\/eautomobiliai.lt\/wp-content\/uploads\/2025\/04\/Elektrinio-automobilio-posukis-gali-pakelti-EV-kaina-tukstanciais.jpg\",\"width\":1378,\"height\":876},{\"@type\":\"BreadcrumbList\",\"@id\":\"http:\/\/eautomobiliai.lt\/index.php\/2025\/04\/24\/elektrinio-automobilio-posukis-gali-pakelti-ev-kaina-tukstanciais\/#breadcrumb\",\"itemListElement\":[{\"@type\":\"ListItem\",\"position\":1,\"name\":\"Home\",\"item\":\"https:\/\/eautomobiliai.lt\/\"},{\"@type\":\"ListItem\",\"position\":2,\"name\":\"Elektrinio automobilio pos\u016bkis gali pakelti EV kain\u0105 t\u016bkstan\u010diais\"}]},{\"@type\":\"WebSite\",\"@id\":\"https:\/\/eautomobiliai.lt\/#website\",\"url\":\"https:\/\/eautomobiliai.lt\/\",\"name\":\"Eautomobiliai.lt\",\"description\":\"Elektrinis transportas, technologijos\",\"potentialAction\":[{\"@type\":\"SearchAction\",\"target\":{\"@type\":\"EntryPoint\",\"urlTemplate\":\"https:\/\/eautomobiliai.lt\/?s={search_term_string}\"},\"query-input\":{\"@type\":\"PropertyValueSpecification\",\"valueRequired\":true,\"valueName\":\"search_term_string\"}}],\"inLanguage\":\"lt-LT\"},{\"@type\":\"Person\",\"@id\":\"https:\/\/eautomobiliai.lt\/#\/schema\/person\/ecf2a967f361217d056061f74deb92f2\",\"name\":\"admin\",\"image\":{\"@type\":\"ImageObject\",\"inLanguage\":\"lt-LT\",\"@id\":\"https:\/\/eautomobiliai.lt\/#\/schema\/person\/image\/\",\"url\":\"https:\/\/secure.gravatar.com\/avatar\/6323379efae0c70c686c7905444d6bbd?s=96&d=mm&r=g\",\"contentUrl\":\"https:\/\/secure.gravatar.com\/avatar\/6323379efae0c70c686c7905444d6bbd?s=96&d=mm&r=g\",\"caption\":\"admin\"},\"sameAs\":[\"http:\/\/eautomobiliai.lt\"],\"url\":\"http:\/\/eautomobiliai.lt\/index.php\/author\/admin\/\"}]}<\/script>\n<!-- \/ Yoast SEO plugin. -->","yoast_head_json":{"title":"Elektrinio automobilio pos\u016bkis gali pakelti EV kain\u0105 t\u016bkstan\u010diais - Eautomobiliai.lt","robots":{"index":"index","follow":"follow","max-snippet":"max-snippet:-1","max-image-preview":"max-image-preview:large","max-video-preview":"max-video-preview:-1"},"canonical":"http:\/\/eautomobiliai.lt\/index.php\/2025\/04\/24\/elektrinio-automobilio-posukis-gali-pakelti-ev-kaina-tukstanciais\/","og_locale":"lt_LT","og_type":"article","og_title":"Elektrinio automobilio pos\u016bkis gali pakelti EV kain\u0105 t\u016bkstan\u010diais - Eautomobiliai.lt","og_description":"Elektrin\u0117s transporto priemon\u0117s pirkimo i\u0161laidos kai kuriems vairuotojams gali padid\u0117ti t\u016bkstan\u010diais doleri\u0173, jei po rinkim\u0173 pakeist\u0173 mokes\u010di\u0173 mokes\u010di\u0173 taisykles. Automobili\u0173&hellip;","og_url":"http:\/\/eautomobiliai.lt\/index.php\/2025\/04\/24\/elektrinio-automobilio-posukis-gali-pakelti-ev-kaina-tukstanciais\/","og_site_name":"Eautomobiliai.lt","article_published_time":"2025-04-24T17:59:12+00:00","og_image":[{"width":1378,"height":876,"url":"http:\/\/eautomobiliai.lt\/wp-content\/uploads\/2025\/04\/Elektrinio-automobilio-posukis-gali-pakelti-EV-kaina-tukstanciais.jpg","type":"image\/jpeg"}],"author":"admin","twitter_card":"summary_large_image","twitter_misc":{"Written by":"admin","Est. reading time":"2 minut\u0117s"},"schema":{"@context":"https:\/\/schema.org","@graph":[{"@type":"Article","@id":"http:\/\/eautomobiliai.lt\/index.php\/2025\/04\/24\/elektrinio-automobilio-posukis-gali-pakelti-ev-kaina-tukstanciais\/#article","isPartOf":{"@id":"http:\/\/eautomobiliai.lt\/index.php\/2025\/04\/24\/elektrinio-automobilio-posukis-gali-pakelti-ev-kaina-tukstanciais\/"},"author":{"name":"admin","@id":"https:\/\/eautomobiliai.lt\/#\/schema\/person\/ecf2a967f361217d056061f74deb92f2"},"headline":"Elektrinio automobilio pos\u016bkis gali pakelti EV kain\u0105 t\u016bkstan\u010diais","datePublished":"2025-04-24T17:59:12+00:00","mainEntityOfPage":{"@id":"http:\/\/eautomobiliai.lt\/index.php\/2025\/04\/24\/elektrinio-automobilio-posukis-gali-pakelti-ev-kaina-tukstanciais\/"},"wordCount":453,"commentCount":0,"image":{"@id":"http:\/\/eautomobiliai.lt\/index.php\/2025\/04\/24\/elektrinio-automobilio-posukis-gali-pakelti-ev-kaina-tukstanciais\/#primaryimage"},"thumbnailUrl":"http:\/\/eautomobiliai.lt\/wp-content\/uploads\/2025\/04\/Elektrinio-automobilio-posukis-gali-pakelti-EV-kaina-tukstanciais.jpg","keywords":["automobilio","elektrinio","gali","kain\u0105","pakelti","pos\u016bkis","t\u016bkstan\u010diais"],"articleSection":["eAUTOMOBILI\u0172 TECHNIN\u0116 PUS\u0116"],"inLanguage":"lt-LT","potentialAction":[{"@type":"CommentAction","name":"Comment","target":["http:\/\/eautomobiliai.lt\/index.php\/2025\/04\/24\/elektrinio-automobilio-posukis-gali-pakelti-ev-kaina-tukstanciais\/#respond"]}]},{"@type":"WebPage","@id":"http:\/\/eautomobiliai.lt\/index.php\/2025\/04\/24\/elektrinio-automobilio-posukis-gali-pakelti-ev-kaina-tukstanciais\/","url":"http:\/\/eautomobiliai.lt\/index.php\/2025\/04\/24\/elektrinio-automobilio-posukis-gali-pakelti-ev-kaina-tukstanciais\/","name":"Elektrinio automobilio pos\u016bkis gali pakelti EV kain\u0105 t\u016bkstan\u010diais - Eautomobiliai.lt","isPartOf":{"@id":"https:\/\/eautomobiliai.lt\/#website"},"primaryImageOfPage":{"@id":"http:\/\/eautomobiliai.lt\/index.php\/2025\/04\/24\/elektrinio-automobilio-posukis-gali-pakelti-ev-kaina-tukstanciais\/#primaryimage"},"image":{"@id":"http:\/\/eautomobiliai.lt\/index.php\/2025\/04\/24\/elektrinio-automobilio-posukis-gali-pakelti-ev-kaina-tukstanciais\/#primaryimage"},"thumbnailUrl":"http:\/\/eautomobiliai.lt\/wp-content\/uploads\/2025\/04\/Elektrinio-automobilio-posukis-gali-pakelti-EV-kaina-tukstanciais.jpg","datePublished":"2025-04-24T17:59:12+00:00","author":{"@id":"https:\/\/eautomobiliai.lt\/#\/schema\/person\/ecf2a967f361217d056061f74deb92f2"},"breadcrumb":{"@id":"http:\/\/eautomobiliai.lt\/index.php\/2025\/04\/24\/elektrinio-automobilio-posukis-gali-pakelti-ev-kaina-tukstanciais\/#breadcrumb"},"inLanguage":"lt-LT","potentialAction":[{"@type":"ReadAction","target":["http:\/\/eautomobiliai.lt\/index.php\/2025\/04\/24\/elektrinio-automobilio-posukis-gali-pakelti-ev-kaina-tukstanciais\/"]}]},{"@type":"ImageObject","inLanguage":"lt-LT","@id":"http:\/\/eautomobiliai.lt\/index.php\/2025\/04\/24\/elektrinio-automobilio-posukis-gali-pakelti-ev-kaina-tukstanciais\/#primaryimage","url":"http:\/\/eautomobiliai.lt\/wp-content\/uploads\/2025\/04\/Elektrinio-automobilio-posukis-gali-pakelti-EV-kaina-tukstanciais.jpg","contentUrl":"http:\/\/eautomobiliai.lt\/wp-content\/uploads\/2025\/04\/Elektrinio-automobilio-posukis-gali-pakelti-EV-kaina-tukstanciais.jpg","width":1378,"height":876},{"@type":"BreadcrumbList","@id":"http:\/\/eautomobiliai.lt\/index.php\/2025\/04\/24\/elektrinio-automobilio-posukis-gali-pakelti-ev-kaina-tukstanciais\/#breadcrumb","itemListElement":[{"@type":"ListItem","position":1,"name":"Home","item":"https:\/\/eautomobiliai.lt\/"},{"@type":"ListItem","position":2,"name":"Elektrinio automobilio pos\u016bkis gali pakelti EV kain\u0105 t\u016bkstan\u010diais"}]},{"@type":"WebSite","@id":"https:\/\/eautomobiliai.lt\/#website","url":"https:\/\/eautomobiliai.lt\/","name":"Eautomobiliai.lt","description":"Elektrinis transportas, technologijos","potentialAction":[{"@type":"SearchAction","target":{"@type":"EntryPoint","urlTemplate":"https:\/\/eautomobiliai.lt\/?s={search_term_string}"},"query-input":{"@type":"PropertyValueSpecification","valueRequired":true,"valueName":"search_term_string"}}],"inLanguage":"lt-LT"},{"@type":"Person","@id":"https:\/\/eautomobiliai.lt\/#\/schema\/person\/ecf2a967f361217d056061f74deb92f2","name":"admin","image":{"@type":"ImageObject","inLanguage":"lt-LT","@id":"https:\/\/eautomobiliai.lt\/#\/schema\/person\/image\/","url":"https:\/\/secure.gravatar.com\/avatar\/6323379efae0c70c686c7905444d6bbd?s=96&d=mm&r=g","contentUrl":"https:\/\/secure.gravatar.com\/avatar\/6323379efae0c70c686c7905444d6bbd?s=96&d=mm&r=g","caption":"admin"},"sameAs":["http:\/\/eautomobiliai.lt"],"url":"http:\/\/eautomobiliai.lt\/index.php\/author\/admin\/"}]}},"_links":{"self":[{"href":"http:\/\/eautomobiliai.lt\/index.php\/wp-json\/wp\/v2\/posts\/600","targetHints":{"allow":["GET"]}}],"collection":[{"href":"http:\/\/eautomobiliai.lt\/index.php\/wp-json\/wp\/v2\/posts"}],"about":[{"href":"http:\/\/eautomobiliai.lt\/index.php\/wp-json\/wp\/v2\/types\/post"}],"author":[{"embeddable":true,"href":"http:\/\/eautomobiliai.lt\/index.php\/wp-json\/wp\/v2\/users\/1"}],"replies":[{"embeddable":true,"href":"http:\/\/eautomobiliai.lt\/index.php\/wp-json\/wp\/v2\/comments?post=600"}],"version-history":[{"count":0,"href":"http:\/\/eautomobiliai.lt\/index.php\/wp-json\/wp\/v2\/posts\/600\/revisions"}],"wp:featuredmedia":[{"embeddable":true,"href":"http:\/\/eautomobiliai.lt\/index.php\/wp-json\/wp\/v2\/media\/601"}],"wp:attachment":[{"href":"http:\/\/eautomobiliai.lt\/index.php\/wp-json\/wp\/v2\/media?parent=600"}],"wp:term":[{"taxonomy":"category","embeddable":true,"href":"http:\/\/eautomobiliai.lt\/index.php\/wp-json\/wp\/v2\/categories?post=600"},{"taxonomy":"post_tag","embeddable":true,"href":"http:\/\/eautomobiliai.lt\/index.php\/wp-json\/wp\/v2\/tags?post=600"}],"curies":[{"name":"wp","href":"https:\/\/api.w.org\/{rel}","templated":true}]}}