{"id":641,"date":"2025-04-28T05:42:34","date_gmt":"2025-04-28T05:42:34","guid":{"rendered":"http:\/\/eautomobiliai.lt\/index.php\/2025\/04\/28\/tesla-padidina-kainas-savo-ev-kanadoje-pagal-tarifus-tikekites-kad-paklausos-zlugimas\/"},"modified":"2025-04-28T05:42:34","modified_gmt":"2025-04-28T05:42:34","slug":"tesla-padidina-kainas-savo-ev-kanadoje-pagal-tarifus-tikekites-kad-paklausos-zlugimas","status":"publish","type":"post","link":"http:\/\/eautomobiliai.lt\/index.php\/2025\/04\/28\/tesla-padidina-kainas-savo-ev-kanadoje-pagal-tarifus-tikekites-kad-paklausos-zlugimas\/","title":{"rendered":"\u201eTesla\u201c padidina kainas savo EV Kanadoje pagal tarifus, tik\u0117kit\u0117s, kad paklausos \u017elugimas"},"content":{"rendered":"<p> <br \/>\n<\/p>\n<div>\n<figure class=\"img-border featured-image\">\n\t<\/figure>\n<p>\u201eTesla\u201c padidino visas savo elektrini\u0173 transporto priemoni\u0173 serij\u0105 Kanadoje, padid\u0117jus tarifams d\u0117l prezidento Trumpo prekybos karo.<\/p>\n<p>Amerikos automobili\u0173 gamintojas \u0161iais metais jau steng\u0117si parduoti automobilius Kanadoje, ta\u010diau tur\u0117dami \u0161ias kainas, tur\u0117tume tik\u0117tis, kad visi\u0161ka paklausos \u017elugimas.<\/p>\n<p><span id=\"more-412960\"\/><\/p>\n<p>Pastaruosius kelis m\u0117nesius Kanadoje \u201eTesla\u201c buvo grub\u016bs. <\/p>\n<p>Daugelis kanadie\u010di\u0173 boikotuoja Amerikos produktus d\u0117l to, kad Trumpas prad\u0117jo prekybos kar\u0105 su \u0161alimi ir ragina JAV \u012fjungti Kanad\u0105.<\/p>\n<p>\t<span class=\"outbrain-ad-label\">Skelbimas &#8211; slinkite daugiau turinio<\/span><\/p>\n<p>\u201eTesla\u201c buvo konkretus JAV boikot\u0173 taikinys d\u0117l savo generalinio direktoriaus Elono Musko, kuris pad\u0117jo Trumpui i\u0161rinkti i\u0161rinkt\u0105 daugiau nei 250 milijon\u0173 doleri\u0173 \u012f savo kampanij\u0105. <\/p>\n<p>Kanadie\u010diai taip pat tur\u0117jo tiesiogini\u0173 prie\u017eas\u010di\u0173 nusiminti su Tesla ir Musku. Pavyzd\u017eiui, atrodo, kad \u201eTesla\u201c pasinaudojo federalin\u0117s Kanados EV paskatos pauze, o Muskas teig\u0117, kad \u201eKanada n\u0117ra tikra \u0161alis\u201c.<\/p>\n<p>D\u0117l vis\u0173 \u0161i\u0173 prie\u017eas\u010di\u0173 \u201eCanadian EV\u201c pirk\u0117jai kelet\u0105 m\u0117nesi\u0173 jau tapo r\u016bg\u0161\u010diai ant \u201eTesla\u201c, suma\u017eindami pardavimus. Matome, kad \u201eTesla\u201c vis dar turi didel\u0119 inventori\u0173 visoje \u0161alyje.<\/p>\n<p>Dabar \u201eTesla\u201c padidino visas savo EV serijos kainas Kanadoje, atrodo, d\u0117l padid\u0117jusi\u0173 Kanados tarif\u0173 JAV produkt\u0173 tarifams, reaguojant \u012f JAV, \u012fgyvendindama auk\u0161tesnius tarifus apie Kanados prekes, atvykstan\u010dias \u012f \u0161al\u012f.<\/p>\n<p>Kainos padid\u0117jo net 22%, tod\u0117l \u201eTesla\u201c produktai yra ne\u012fperkami daugumai kanadie\u010di\u0173. <\/p>\n<p>\u0160tai visas \u201eTesla\u201c kain\u0173 poky\u010di\u0173 \u0161iandien Kanadoje s\u0105ra\u0161as:<\/p>\n<ul class=\"wp-block-list\">\n<li><strong>3 modelis tolimojo nuotolio AWD<\/strong>\n<ul class=\"wp-block-list\">\n<li>Senoji kaina: 68 990 USD<\/li>\n<li>Nauja kaina: 79 990 USD<\/li>\n<li>Kainos padid\u0117jimas: 11 000 USD (16%)<\/li>\n<\/ul>\n<\/li>\n<li><strong>3 modelio na\u0161umas<\/strong>\n<ul class=\"wp-block-list\">\n<li>Senoji kaina: 79 990 USD<\/li>\n<li>Nauja kaina: 89 990 USD<\/li>\n<li>Kainos padid\u0117jimas: 10 000 USD (13%)<\/li>\n<\/ul>\n<\/li>\n<li><strong>Y modelis tolimojo nuotolio AWD<\/strong>\n<ul class=\"wp-block-list\">\n<li>Senoji kaina: 69 990 USD<\/li>\n<li>Nauja kaina: 84 990 USD<\/li>\n<li>Kainos padid\u0117jimas: 15 000 USD (21%)<\/li>\n<\/ul>\n<\/li>\n<li><strong>Modelio tolimojo nuotolio AWD<\/strong>\n<ul class=\"wp-block-list\">\n<li>Senoji kaina: 114 990 USD<\/li>\n<li>Nauja kaina: 133 990 USD<\/li>\n<li>Kainos padid\u0117jimas: 19 000 USD (17%)<\/li>\n<\/ul>\n<\/li>\n<li><strong>Modelis S pledas<\/strong>\n<ul class=\"wp-block-list\">\n<li>Senoji kaina: 136 990 USD<\/li>\n<li>Nauja kaina: 154 990 USD<\/li>\n<li>Kainos padid\u0117jimas: 18 000 USD (13%)<\/li>\n<\/ul>\n<\/li>\n<li><strong>X modelis tolimojo diapazono AWD<\/strong>\n<ul class=\"wp-block-list\">\n<li>Senoji kaina: 121 990 USD<\/li>\n<li>Nauja kaina: 140 990 USD<\/li>\n<li>Kainos padid\u0117jimas: 19 000 USD (16%)<\/li>\n<\/ul>\n<\/li>\n<li><strong>X modelis pledas<\/strong>\n<ul class=\"wp-block-list\">\n<li>Senoji kaina: 142 990 USD<\/li>\n<li>Nauja kaina: 161 990 USD<\/li>\n<li>Kainos padid\u0117jimas: 19 000 USD (13%)<\/li>\n<\/ul>\n<\/li>\n<li><strong>\u201eCyberTruck\u201c dvigubo variklio AWD<\/strong>\n<ul class=\"wp-block-list\">\n<li>Senoji kaina: 114 990 USD<\/li>\n<li>Nauja kaina: 139 990 USD<\/li>\n<li>Kainos padid\u0117jimas: 25 000 USD (22%)<\/li>\n<\/ul>\n<\/li>\n<li><strong>\u201eCyberTruck Tri-Motor CyberBeast\u201c<\/strong>\n<ul class=\"wp-block-list\">\n<li>Senoji kaina: 137 990 USD<\/li>\n<li>Nauja kaina: 167 990 USD<\/li>\n<li>Kainos padid\u0117jimas: 30 000 USD (22%)<\/li>\n<\/ul>\n<\/li>\n<\/ul>\n<p>Net jei \u201eTesla\u201c transporto priemon\u0117s tur\u0117jo teis\u0119 \u012f EV paskatas Kanadoje, dabar kainos vir\u0161ija daugum\u0105 kain\u0173 nustatymo apribojim\u0173, kad b\u016bt\u0173 galima pasiekti EV paskatas.<\/p>\n<p>Kaina padid\u0117ja tik naujiems u\u017esakymams ir naujoms transporto priemon\u0117ms, atvykstan\u010dioms \u012f \u0161al\u012f, o tai rodo, kad tarifai yra padid\u0117jimo prie\u017eastis, nes atsarg\u0173 transporto priemon\u0117s i\u0161lieka tomis pa\u010diomis kainomis.<\/p>\n<h2 class=\"wp-block-heading\" id=\"h-electrek-s-take\">\u201eElectrek&#8217;s Take\u201c<\/h2>\n<p>Manau, kad \u201eTesla\u201c paklausa Kanadoje per pastaruosius kelis m\u0117nesius buvo labai ma\u017ea, d\u0117l federalin\u0117s EV paskat\u0173 programos pauz\u0117s ir Elono Musko padarytos prek\u0117s \u017eenklo \u017ealos.<\/p>\n<p>Ta\u010diau dabar tik\u0117\u010diau, kad Kanadoje \u201eTesla\u201c suaugs visi\u0161ka paklausa su tomis kainomis.<\/p>\n<p>Kas mok\u0117s 80 000 USD CAD u\u017e 3 model\u012f? Tai yra 57 600 USD arba 10 000 USD daugiau nei tai, u\u017e k\u0105 parduodama JAV prie\u0161 paskatas.<\/p>\n<p>Vienintel\u0117 gera \u017einia yra tai, kad ji gali pagaliau pad\u0117ti \u0161iek tiek panaudoti \u201eTesla\u201c kainas Kanadoje. Jie kelis m\u0117nesius ma\u017e\u0117jo, nes savininkai skuba atsiriboti nuo prek\u0117s \u017eenklo.<\/p>\n<div class=\"ad-disclaimer-container\">\n<p class=\"disclaimer-affiliate\"><em>FPK: Mes naudojame pajamas gaunan\u010dias automatinio filialo nuorodas.<\/em> Daugiau.<\/p>\n<p><!-- post ad --><\/div>\n<\/p><\/div>\n<p><br \/>\n<br \/><a href=\"https:\/\/electrek.co\/2025\/04\/26\/tesla-hikes-prices-evs-canada-amid-tariffs-expect-demand-collapse\/\">Source link <\/a><\/p>\n","protected":false},"excerpt":{"rendered":"<p>\u201eTesla\u201c padidino visas savo elektrini\u0173 transporto priemoni\u0173 serij\u0105 Kanadoje, padid\u0117jus tarifams d\u0117l prezidento Trumpo prekybos karo. Amerikos automobili\u0173 gamintojas \u0161iais&hellip;<\/p>\n","protected":false},"author":1,"featured_media":642,"comment_status":"open","ping_status":"open","sticky":false,"template":"","format":"standard","meta":{"om_disable_all_campaigns":false,"_monsterinsights_skip_tracking":false,"_monsterinsights_sitenote_active":false,"_monsterinsights_sitenote_note":"","_monsterinsights_sitenote_category":0,"footnotes":""},"categories":[8],"tags":[339,1374,1091,1529,950,674,183,767,14,1530,1531],"class_list":["post-641","post","type-post","status-publish","format-standard","has-post-thumbnail","hentry","category-elektriniai-automobiliai","tag-kad","tag-kainas","tag-kanadoje","tag-padidina","tag-pagal","tag-paklausos","tag-savo","tag-tarifus","tag-tesla","tag-tikekites","tag-zlugimas"],"aioseo_notices":[],"yoast_head":"<!-- This site is optimized with the Yoast SEO plugin v26.8 - https:\/\/yoast.com\/product\/yoast-seo-wordpress\/ -->\n<title>\u201eTesla\u201c padidina kainas savo EV Kanadoje pagal tarifus, tik\u0117kit\u0117s, kad paklausos \u017elugimas - Eautomobiliai.lt<\/title>\n<meta name=\"robots\" content=\"index, follow, max-snippet:-1, max-image-preview:large, max-video-preview:-1\" \/>\n<link rel=\"canonical\" href=\"http:\/\/eautomobiliai.lt\/index.php\/2025\/04\/28\/tesla-padidina-kainas-savo-ev-kanadoje-pagal-tarifus-tikekites-kad-paklausos-zlugimas\/\" \/>\n<meta property=\"og:locale\" content=\"lt_LT\" \/>\n<meta property=\"og:type\" content=\"article\" \/>\n<meta property=\"og:title\" content=\"\u201eTesla\u201c padidina kainas savo EV Kanadoje pagal tarifus, tik\u0117kit\u0117s, kad paklausos \u017elugimas - Eautomobiliai.lt\" \/>\n<meta property=\"og:description\" content=\"\u201eTesla\u201c padidino visas savo elektrini\u0173 transporto priemoni\u0173 serij\u0105 Kanadoje, padid\u0117jus tarifams d\u0117l prezidento Trumpo prekybos karo. Amerikos automobili\u0173 gamintojas \u0161iais&hellip;\" \/>\n<meta property=\"og:url\" content=\"http:\/\/eautomobiliai.lt\/index.php\/2025\/04\/28\/tesla-padidina-kainas-savo-ev-kanadoje-pagal-tarifus-tikekites-kad-paklausos-zlugimas\/\" \/>\n<meta property=\"og:site_name\" content=\"Eautomobiliai.lt\" \/>\n<meta property=\"article:published_time\" content=\"2025-04-28T05:42:34+00:00\" \/>\n<meta property=\"og:image\" content=\"http:\/\/eautomobiliai.lt\/wp-content\/uploads\/2025\/04\/\u201eTesla-padidina-kainas-savo-EV-Kanadoje-pagal-tarifus-tikekites-kad.jpg\" \/>\n\t<meta property=\"og:image:width\" content=\"1200\" \/>\n\t<meta property=\"og:image:height\" content=\"628\" \/>\n\t<meta property=\"og:image:type\" content=\"image\/jpeg\" \/>\n<meta name=\"author\" content=\"admin\" \/>\n<meta name=\"twitter:card\" content=\"summary_large_image\" \/>\n<meta name=\"twitter:label1\" content=\"Written by\" \/>\n\t<meta name=\"twitter:data1\" content=\"admin\" \/>\n\t<meta name=\"twitter:label2\" content=\"Est. reading time\" \/>\n\t<meta name=\"twitter:data2\" content=\"3 minut\u0117s\" \/>\n<script type=\"application\/ld+json\" class=\"yoast-schema-graph\">{\"@context\":\"https:\/\/schema.org\",\"@graph\":[{\"@type\":\"Article\",\"@id\":\"http:\/\/eautomobiliai.lt\/index.php\/2025\/04\/28\/tesla-padidina-kainas-savo-ev-kanadoje-pagal-tarifus-tikekites-kad-paklausos-zlugimas\/#article\",\"isPartOf\":{\"@id\":\"http:\/\/eautomobiliai.lt\/index.php\/2025\/04\/28\/tesla-padidina-kainas-savo-ev-kanadoje-pagal-tarifus-tikekites-kad-paklausos-zlugimas\/\"},\"author\":{\"name\":\"admin\",\"@id\":\"http:\/\/eautomobiliai.lt\/#\/schema\/person\/ecf2a967f361217d056061f74deb92f2\"},\"headline\":\"\u201eTesla\u201c padidina kainas savo EV Kanadoje pagal tarifus, tik\u0117kit\u0117s, kad paklausos \u017elugimas\",\"datePublished\":\"2025-04-28T05:42:34+00:00\",\"mainEntityOfPage\":{\"@id\":\"http:\/\/eautomobiliai.lt\/index.php\/2025\/04\/28\/tesla-padidina-kainas-savo-ev-kanadoje-pagal-tarifus-tikekites-kad-paklausos-zlugimas\/\"},\"wordCount\":549,\"commentCount\":0,\"image\":{\"@id\":\"http:\/\/eautomobiliai.lt\/index.php\/2025\/04\/28\/tesla-padidina-kainas-savo-ev-kanadoje-pagal-tarifus-tikekites-kad-paklausos-zlugimas\/#primaryimage\"},\"thumbnailUrl\":\"http:\/\/eautomobiliai.lt\/wp-content\/uploads\/2025\/04\/\u201eTesla-padidina-kainas-savo-EV-Kanadoje-pagal-tarifus-tikekites-kad.jpg\",\"keywords\":[\"kad\",\"kainas\",\"Kanadoje\",\"padidina\",\"pagal\",\"paklausos\",\"savo\",\"tarifus\",\"Tesla\",\"tik\u0117kit\u0117s\",\"\u017elugimas\"],\"articleSection\":[\"ELEKTRINIAI AUTOMOBILIAI\"],\"inLanguage\":\"lt-LT\",\"potentialAction\":[{\"@type\":\"CommentAction\",\"name\":\"Comment\",\"target\":[\"http:\/\/eautomobiliai.lt\/index.php\/2025\/04\/28\/tesla-padidina-kainas-savo-ev-kanadoje-pagal-tarifus-tikekites-kad-paklausos-zlugimas\/#respond\"]}]},{\"@type\":\"WebPage\",\"@id\":\"http:\/\/eautomobiliai.lt\/index.php\/2025\/04\/28\/tesla-padidina-kainas-savo-ev-kanadoje-pagal-tarifus-tikekites-kad-paklausos-zlugimas\/\",\"url\":\"http:\/\/eautomobiliai.lt\/index.php\/2025\/04\/28\/tesla-padidina-kainas-savo-ev-kanadoje-pagal-tarifus-tikekites-kad-paklausos-zlugimas\/\",\"name\":\"\u201eTesla\u201c padidina kainas savo EV Kanadoje pagal tarifus, tik\u0117kit\u0117s, kad paklausos \u017elugimas - Eautomobiliai.lt\",\"isPartOf\":{\"@id\":\"http:\/\/eautomobiliai.lt\/#website\"},\"primaryImageOfPage\":{\"@id\":\"http:\/\/eautomobiliai.lt\/index.php\/2025\/04\/28\/tesla-padidina-kainas-savo-ev-kanadoje-pagal-tarifus-tikekites-kad-paklausos-zlugimas\/#primaryimage\"},\"image\":{\"@id\":\"http:\/\/eautomobiliai.lt\/index.php\/2025\/04\/28\/tesla-padidina-kainas-savo-ev-kanadoje-pagal-tarifus-tikekites-kad-paklausos-zlugimas\/#primaryimage\"},\"thumbnailUrl\":\"http:\/\/eautomobiliai.lt\/wp-content\/uploads\/2025\/04\/\u201eTesla-padidina-kainas-savo-EV-Kanadoje-pagal-tarifus-tikekites-kad.jpg\",\"datePublished\":\"2025-04-28T05:42:34+00:00\",\"author\":{\"@id\":\"http:\/\/eautomobiliai.lt\/#\/schema\/person\/ecf2a967f361217d056061f74deb92f2\"},\"breadcrumb\":{\"@id\":\"http:\/\/eautomobiliai.lt\/index.php\/2025\/04\/28\/tesla-padidina-kainas-savo-ev-kanadoje-pagal-tarifus-tikekites-kad-paklausos-zlugimas\/#breadcrumb\"},\"inLanguage\":\"lt-LT\",\"potentialAction\":[{\"@type\":\"ReadAction\",\"target\":[\"http:\/\/eautomobiliai.lt\/index.php\/2025\/04\/28\/tesla-padidina-kainas-savo-ev-kanadoje-pagal-tarifus-tikekites-kad-paklausos-zlugimas\/\"]}]},{\"@type\":\"ImageObject\",\"inLanguage\":\"lt-LT\",\"@id\":\"http:\/\/eautomobiliai.lt\/index.php\/2025\/04\/28\/tesla-padidina-kainas-savo-ev-kanadoje-pagal-tarifus-tikekites-kad-paklausos-zlugimas\/#primaryimage\",\"url\":\"http:\/\/eautomobiliai.lt\/wp-content\/uploads\/2025\/04\/\u201eTesla-padidina-kainas-savo-EV-Kanadoje-pagal-tarifus-tikekites-kad.jpg\",\"contentUrl\":\"http:\/\/eautomobiliai.lt\/wp-content\/uploads\/2025\/04\/\u201eTesla-padidina-kainas-savo-EV-Kanadoje-pagal-tarifus-tikekites-kad.jpg\",\"width\":1200,\"height\":628},{\"@type\":\"BreadcrumbList\",\"@id\":\"http:\/\/eautomobiliai.lt\/index.php\/2025\/04\/28\/tesla-padidina-kainas-savo-ev-kanadoje-pagal-tarifus-tikekites-kad-paklausos-zlugimas\/#breadcrumb\",\"itemListElement\":[{\"@type\":\"ListItem\",\"position\":1,\"name\":\"Home\",\"item\":\"http:\/\/eautomobiliai.lt\/\"},{\"@type\":\"ListItem\",\"position\":2,\"name\":\"\u201eTesla\u201c padidina kainas savo EV Kanadoje pagal tarifus, tik\u0117kit\u0117s, kad paklausos \u017elugimas\"}]},{\"@type\":\"WebSite\",\"@id\":\"http:\/\/eautomobiliai.lt\/#website\",\"url\":\"http:\/\/eautomobiliai.lt\/\",\"name\":\"Eautomobiliai.lt\",\"description\":\"Elektrinis transportas, technologijos\",\"potentialAction\":[{\"@type\":\"SearchAction\",\"target\":{\"@type\":\"EntryPoint\",\"urlTemplate\":\"http:\/\/eautomobiliai.lt\/?s={search_term_string}\"},\"query-input\":{\"@type\":\"PropertyValueSpecification\",\"valueRequired\":true,\"valueName\":\"search_term_string\"}}],\"inLanguage\":\"lt-LT\"},{\"@type\":\"Person\",\"@id\":\"http:\/\/eautomobiliai.lt\/#\/schema\/person\/ecf2a967f361217d056061f74deb92f2\",\"name\":\"admin\",\"image\":{\"@type\":\"ImageObject\",\"inLanguage\":\"lt-LT\",\"@id\":\"http:\/\/eautomobiliai.lt\/#\/schema\/person\/image\/\",\"url\":\"https:\/\/secure.gravatar.com\/avatar\/6323379efae0c70c686c7905444d6bbd?s=96&d=mm&r=g\",\"contentUrl\":\"https:\/\/secure.gravatar.com\/avatar\/6323379efae0c70c686c7905444d6bbd?s=96&d=mm&r=g\",\"caption\":\"admin\"},\"sameAs\":[\"http:\/\/eautomobiliai.lt\"],\"url\":\"http:\/\/eautomobiliai.lt\/index.php\/author\/admin\/\"}]}<\/script>\n<!-- \/ Yoast SEO plugin. -->","yoast_head_json":{"title":"\u201eTesla\u201c padidina kainas savo EV Kanadoje pagal tarifus, tik\u0117kit\u0117s, kad paklausos \u017elugimas - Eautomobiliai.lt","robots":{"index":"index","follow":"follow","max-snippet":"max-snippet:-1","max-image-preview":"max-image-preview:large","max-video-preview":"max-video-preview:-1"},"canonical":"http:\/\/eautomobiliai.lt\/index.php\/2025\/04\/28\/tesla-padidina-kainas-savo-ev-kanadoje-pagal-tarifus-tikekites-kad-paklausos-zlugimas\/","og_locale":"lt_LT","og_type":"article","og_title":"\u201eTesla\u201c padidina kainas savo EV Kanadoje pagal tarifus, tik\u0117kit\u0117s, kad paklausos \u017elugimas - Eautomobiliai.lt","og_description":"\u201eTesla\u201c padidino visas savo elektrini\u0173 transporto priemoni\u0173 serij\u0105 Kanadoje, padid\u0117jus tarifams d\u0117l prezidento Trumpo prekybos karo. Amerikos automobili\u0173 gamintojas \u0161iais&hellip;","og_url":"http:\/\/eautomobiliai.lt\/index.php\/2025\/04\/28\/tesla-padidina-kainas-savo-ev-kanadoje-pagal-tarifus-tikekites-kad-paklausos-zlugimas\/","og_site_name":"Eautomobiliai.lt","article_published_time":"2025-04-28T05:42:34+00:00","og_image":[{"width":1200,"height":628,"url":"http:\/\/eautomobiliai.lt\/wp-content\/uploads\/2025\/04\/\u201eTesla-padidina-kainas-savo-EV-Kanadoje-pagal-tarifus-tikekites-kad.jpg","type":"image\/jpeg"}],"author":"admin","twitter_card":"summary_large_image","twitter_misc":{"Written by":"admin","Est. reading time":"3 minut\u0117s"},"schema":{"@context":"https:\/\/schema.org","@graph":[{"@type":"Article","@id":"http:\/\/eautomobiliai.lt\/index.php\/2025\/04\/28\/tesla-padidina-kainas-savo-ev-kanadoje-pagal-tarifus-tikekites-kad-paklausos-zlugimas\/#article","isPartOf":{"@id":"http:\/\/eautomobiliai.lt\/index.php\/2025\/04\/28\/tesla-padidina-kainas-savo-ev-kanadoje-pagal-tarifus-tikekites-kad-paklausos-zlugimas\/"},"author":{"name":"admin","@id":"http:\/\/eautomobiliai.lt\/#\/schema\/person\/ecf2a967f361217d056061f74deb92f2"},"headline":"\u201eTesla\u201c padidina kainas savo EV Kanadoje pagal tarifus, tik\u0117kit\u0117s, kad paklausos \u017elugimas","datePublished":"2025-04-28T05:42:34+00:00","mainEntityOfPage":{"@id":"http:\/\/eautomobiliai.lt\/index.php\/2025\/04\/28\/tesla-padidina-kainas-savo-ev-kanadoje-pagal-tarifus-tikekites-kad-paklausos-zlugimas\/"},"wordCount":549,"commentCount":0,"image":{"@id":"http:\/\/eautomobiliai.lt\/index.php\/2025\/04\/28\/tesla-padidina-kainas-savo-ev-kanadoje-pagal-tarifus-tikekites-kad-paklausos-zlugimas\/#primaryimage"},"thumbnailUrl":"http:\/\/eautomobiliai.lt\/wp-content\/uploads\/2025\/04\/\u201eTesla-padidina-kainas-savo-EV-Kanadoje-pagal-tarifus-tikekites-kad.jpg","keywords":["kad","kainas","Kanadoje","padidina","pagal","paklausos","savo","tarifus","Tesla","tik\u0117kit\u0117s","\u017elugimas"],"articleSection":["ELEKTRINIAI AUTOMOBILIAI"],"inLanguage":"lt-LT","potentialAction":[{"@type":"CommentAction","name":"Comment","target":["http:\/\/eautomobiliai.lt\/index.php\/2025\/04\/28\/tesla-padidina-kainas-savo-ev-kanadoje-pagal-tarifus-tikekites-kad-paklausos-zlugimas\/#respond"]}]},{"@type":"WebPage","@id":"http:\/\/eautomobiliai.lt\/index.php\/2025\/04\/28\/tesla-padidina-kainas-savo-ev-kanadoje-pagal-tarifus-tikekites-kad-paklausos-zlugimas\/","url":"http:\/\/eautomobiliai.lt\/index.php\/2025\/04\/28\/tesla-padidina-kainas-savo-ev-kanadoje-pagal-tarifus-tikekites-kad-paklausos-zlugimas\/","name":"\u201eTesla\u201c padidina kainas savo EV Kanadoje pagal tarifus, tik\u0117kit\u0117s, kad paklausos \u017elugimas - Eautomobiliai.lt","isPartOf":{"@id":"http:\/\/eautomobiliai.lt\/#website"},"primaryImageOfPage":{"@id":"http:\/\/eautomobiliai.lt\/index.php\/2025\/04\/28\/tesla-padidina-kainas-savo-ev-kanadoje-pagal-tarifus-tikekites-kad-paklausos-zlugimas\/#primaryimage"},"image":{"@id":"http:\/\/eautomobiliai.lt\/index.php\/2025\/04\/28\/tesla-padidina-kainas-savo-ev-kanadoje-pagal-tarifus-tikekites-kad-paklausos-zlugimas\/#primaryimage"},"thumbnailUrl":"http:\/\/eautomobiliai.lt\/wp-content\/uploads\/2025\/04\/\u201eTesla-padidina-kainas-savo-EV-Kanadoje-pagal-tarifus-tikekites-kad.jpg","datePublished":"2025-04-28T05:42:34+00:00","author":{"@id":"http:\/\/eautomobiliai.lt\/#\/schema\/person\/ecf2a967f361217d056061f74deb92f2"},"breadcrumb":{"@id":"http:\/\/eautomobiliai.lt\/index.php\/2025\/04\/28\/tesla-padidina-kainas-savo-ev-kanadoje-pagal-tarifus-tikekites-kad-paklausos-zlugimas\/#breadcrumb"},"inLanguage":"lt-LT","potentialAction":[{"@type":"ReadAction","target":["http:\/\/eautomobiliai.lt\/index.php\/2025\/04\/28\/tesla-padidina-kainas-savo-ev-kanadoje-pagal-tarifus-tikekites-kad-paklausos-zlugimas\/"]}]},{"@type":"ImageObject","inLanguage":"lt-LT","@id":"http:\/\/eautomobiliai.lt\/index.php\/2025\/04\/28\/tesla-padidina-kainas-savo-ev-kanadoje-pagal-tarifus-tikekites-kad-paklausos-zlugimas\/#primaryimage","url":"http:\/\/eautomobiliai.lt\/wp-content\/uploads\/2025\/04\/\u201eTesla-padidina-kainas-savo-EV-Kanadoje-pagal-tarifus-tikekites-kad.jpg","contentUrl":"http:\/\/eautomobiliai.lt\/wp-content\/uploads\/2025\/04\/\u201eTesla-padidina-kainas-savo-EV-Kanadoje-pagal-tarifus-tikekites-kad.jpg","width":1200,"height":628},{"@type":"BreadcrumbList","@id":"http:\/\/eautomobiliai.lt\/index.php\/2025\/04\/28\/tesla-padidina-kainas-savo-ev-kanadoje-pagal-tarifus-tikekites-kad-paklausos-zlugimas\/#breadcrumb","itemListElement":[{"@type":"ListItem","position":1,"name":"Home","item":"http:\/\/eautomobiliai.lt\/"},{"@type":"ListItem","position":2,"name":"\u201eTesla\u201c padidina kainas savo EV Kanadoje pagal tarifus, tik\u0117kit\u0117s, kad paklausos \u017elugimas"}]},{"@type":"WebSite","@id":"http:\/\/eautomobiliai.lt\/#website","url":"http:\/\/eautomobiliai.lt\/","name":"Eautomobiliai.lt","description":"Elektrinis transportas, technologijos","potentialAction":[{"@type":"SearchAction","target":{"@type":"EntryPoint","urlTemplate":"http:\/\/eautomobiliai.lt\/?s={search_term_string}"},"query-input":{"@type":"PropertyValueSpecification","valueRequired":true,"valueName":"search_term_string"}}],"inLanguage":"lt-LT"},{"@type":"Person","@id":"http:\/\/eautomobiliai.lt\/#\/schema\/person\/ecf2a967f361217d056061f74deb92f2","name":"admin","image":{"@type":"ImageObject","inLanguage":"lt-LT","@id":"http:\/\/eautomobiliai.lt\/#\/schema\/person\/image\/","url":"https:\/\/secure.gravatar.com\/avatar\/6323379efae0c70c686c7905444d6bbd?s=96&d=mm&r=g","contentUrl":"https:\/\/secure.gravatar.com\/avatar\/6323379efae0c70c686c7905444d6bbd?s=96&d=mm&r=g","caption":"admin"},"sameAs":["http:\/\/eautomobiliai.lt"],"url":"http:\/\/eautomobiliai.lt\/index.php\/author\/admin\/"}]}},"_links":{"self":[{"href":"http:\/\/eautomobiliai.lt\/index.php\/wp-json\/wp\/v2\/posts\/641","targetHints":{"allow":["GET"]}}],"collection":[{"href":"http:\/\/eautomobiliai.lt\/index.php\/wp-json\/wp\/v2\/posts"}],"about":[{"href":"http:\/\/eautomobiliai.lt\/index.php\/wp-json\/wp\/v2\/types\/post"}],"author":[{"embeddable":true,"href":"http:\/\/eautomobiliai.lt\/index.php\/wp-json\/wp\/v2\/users\/1"}],"replies":[{"embeddable":true,"href":"http:\/\/eautomobiliai.lt\/index.php\/wp-json\/wp\/v2\/comments?post=641"}],"version-history":[{"count":0,"href":"http:\/\/eautomobiliai.lt\/index.php\/wp-json\/wp\/v2\/posts\/641\/revisions"}],"wp:featuredmedia":[{"embeddable":true,"href":"http:\/\/eautomobiliai.lt\/index.php\/wp-json\/wp\/v2\/media\/642"}],"wp:attachment":[{"href":"http:\/\/eautomobiliai.lt\/index.php\/wp-json\/wp\/v2\/media?parent=641"}],"wp:term":[{"taxonomy":"category","embeddable":true,"href":"http:\/\/eautomobiliai.lt\/index.php\/wp-json\/wp\/v2\/categories?post=641"},{"taxonomy":"post_tag","embeddable":true,"href":"http:\/\/eautomobiliai.lt\/index.php\/wp-json\/wp\/v2\/tags?post=641"}],"curies":[{"name":"wp","href":"https:\/\/api.w.org\/{rel}","templated":true}]}}