{"id":647,"date":"2025-04-28T18:23:30","date_gmt":"2025-04-28T18:23:30","guid":{"rendered":"http:\/\/eautomobiliai.lt\/index.php\/2025\/04\/28\/ar-peteris-duttonas-sumazintu-mano-mokescius-kad-atsizvelgciau-i-kelius-kuriu-as-nenaudoju\/"},"modified":"2025-04-28T18:23:30","modified_gmt":"2025-04-28T18:23:30","slug":"ar-peteris-duttonas-sumazintu-mano-mokescius-kad-atsizvelgciau-i-kelius-kuriu-as-nenaudoju","status":"publish","type":"post","link":"http:\/\/eautomobiliai.lt\/index.php\/2025\/04\/28\/ar-peteris-duttonas-sumazintu-mano-mokescius-kad-atsizvelgciau-i-kelius-kuriu-as-nenaudoju\/","title":{"rendered":"Ar Peteris Duttonas suma\u017eint\u0173 mano mokes\u010dius, kad atsi\u017evelg\u010diau \u012f kelius, kuri\u0173 a\u0161 nenaudoju?"},"content":{"rendered":"<p> <br \/>\n<\/p>\n<div id=\"\">\n<p>Liberal\u0173 partija yra teisi arba bent jau Bridget McKenzie yra, ir galb\u016bt Peteris Duttonas sutinka su ja; EV vairuotojai tur\u0117t\u0173 sumok\u0117ti savo nema\u017e\u0105 dal\u012f, kad gal\u0117t\u0173 naudotis keliais<\/p>\n<p>Nors jie labai apib\u016bdina detales ir neprisiims nieko konkretaus, o ypa\u010d ne mokes\u010dio u\u017e kelio vartotoj\u0105; A\u0161 labai palaikau vartotojo mok\u0117jimo sistem\u0105, be to, tod\u0117l, kad neturiu automobilio, tod\u0117l tikiuosi, kad Peteris Duttonas taip pat nori suma\u017einti savo mokes\u010dius, kad atsi\u017evelg\u010diau \u012f kelius, kuri\u0173 nenaudoju.<\/p>\n<p>Keliai yra visuomen\u0117s g\u0117ryb\u0117, u\u017e kuri\u0105 reikia mok\u0117ti, kaip ir ligonin\u0117s, mokyklos, bibliotekos ir vie\u0161asis transportas.<\/p>\n<p>Kaip ir visos \u0161ios vie\u0161osios g\u0117ryb\u0117s, u\u017e jas mokama, derinant bendr\u0105 mokest\u012f, pavyzd\u017eiui, pajam\u0173 mokest\u012f ir GST, konkre\u010dius mokes\u010dius, pavyzd\u017eiui, degal\u0173 akciz\u0105 ir \u017eymin\u012f mokest\u012f bei vartotojo mokes\u010dius. Jei nerandame pinig\u0173, mes negauname \u0161i\u0173 paslaug\u0173. Tai, kaip mes subalansuojame tai, gauna mums reikalingas paslaugas, yra politikos \u0161irdis ir siela.<\/p>\n<p>Vyriausyb\u0117s, labai protingai, retai hipotezuoja mokes\u010dius; T. y., Jie neskiria konkre\u010dios pajam\u0173 srauto konkre\u010dioms i\u0161laidoms. Taigi mes paliekame tokioje pad\u0117tyje, kai daugyb\u0117 mokes\u010di\u0173 u\u017epildo bendr\u0105 fond\u0105, kuris naudojamas padengti i\u0161laidas, keliai yra tik vienas i\u0161 j\u0173.<\/p>\n<p>Peteris Duttonas pateikia gerai nusid\u0117v\u0117jus\u012f argument\u0105, kad ma\u017e\u0117jant pajam\u0173 i\u0161 degal\u0173 akcizui, reikia rasti papildom\u0173 pajam\u0173, kad j\u0105 pakeist\u0173.<\/p>\n<p>Pakankamai teisinga. Jis taip pat sako, kad EV vairuotojams b\u016bt\u0173 mokamas teisingas rezultatas, atsi\u017evelgiant \u012f keli\u0173, kuriuos jie suvar\u017eo, kiek\u012f, atsi\u017evelgiant \u012f j\u0173 vairuojamus kilometrus, nes tai prilygsta degal\u0173 akcizui.<\/p>\n<p>Gerai. Bet tikrai tai yra nery\u0161kus instrumentas. Kaip lygiai \u012fvertinti keli\u0173 i\u0161tekli\u0173 vartojim\u0105? Ar tikrai teisinga sistema apmokestint\u0173 visus vienodai?<\/p>\n<p>I\u0161sami kelio kainodara, kuri apmokestina visus u\u017e kelius, kuriuos jie naudoja, yra puiki politika. Puiki politika, ta\u010diau baisi politika ir tikrai ne tai, ko pasiek\u0117 Peteris Duttonas, kai jis sugrieb\u0117 lazd\u0105, kad \u012fveikt\u0173 mitin\u012f latte gurk\u0161nojim\u0105, vidin\u012f priemies\u010dio EV vairuotoj\u0105.<\/p>\n<p>Be to, koalicija i\u0161 tikr\u0173j\u0173 gal\u0117t\u0173 b\u016bti padaryta pa\u017evelgdama \u012f pra\u0117jusi\u0173 met\u0173 EV pardavim\u0173 duomenis: pardavimus palaik\u0117 ne vidinio miesto \u201eTeal\u201c balsavimo rink\u0117jai, bet i\u0161orini\u0173 priemies\u010di\u0173 rink\u0117j\u0173, kuriuos koalicija turi laim\u0117ti, kad gal\u0117t\u0173 perimti vald\u017ei\u0105.<\/p>\n<p>Rink\u0117j\u0173, kuriuose \u017emon\u0117s yra menkai aptarnaujami vie\u0161ojo transporto, turi vairuoti, kad gal\u0117t\u0173 naudotis darbais, \u0161vietimu, parduotuv\u0117mis ir paslaugomis ir kur j\u016bs tikrai galite finansi\u0161kai naudotis i\u0161 \u017eymiai nurodytos nuomos mokes\u010dio paskatinimo EV, kad pasiektum\u0117te ma\u017e\u0105 elektrinio automobilio veiklos s\u0105naudas.<\/p>\n<p>Koalicija nori pa\u0161alinti pragyvenimo i\u0161laidas i\u0161 \u017emoni\u0173, kurie tur\u0117jo pasirinkti i\u0161orin\u012f priemiest\u012f, kad gal\u0117t\u0173 sau leisti namus, priemies\u010dius, kur vairavimas yra vienintel\u0117 galimyb\u0117. Ar tai atrodo nuosavyb\u0117?<\/p>\n<p>Jei mes \u012fgyvendintume keli\u0173 vartotoj\u0173 apmokestinim\u0105, tada tur\u0117tume i\u0161siai\u0161kinti, kaip imtume. K\u0105 mes vertintume? Ar sunkesn\u0117s transporto priemon\u0117s moka daugiau, nes daro daugiau \u017ealos? Mes tai jau darome su registracija. Ar ma\u017eesn\u0117s transporto priemon\u0117s moka ma\u017eiau, nes u\u017eima ma\u017eiau vietos &#8211; kaip atsitinka Japonijoje, kur lengvosios Kei formato transporto priemon\u0117s moka ma\u017eiau?<\/p>\n<p>Ar ka\u017ekas, va\u017eiuojantis Punt Road Melburne, 8 val., Pirmadienio ryt\u0105 moka taip pat, kaip sekmadienio ryt\u0105 6 val. NT va\u017eiuodami purvo keliu NT? Singap\u016bras dinami\u0161kai kainuoja savo ribotus kelio i\u0161teklius. Ar mes kainuojame pagal oro apklaust\u0105, kaip nutinka Londone?<\/p>\n<p>Nuosavyb\u0117s reik\u0161m\u0117s. Ta\u010diau nuosavas kapitalas yra sunkus, ypa\u010d kai jis sustiprina \u012fsitvirtinusi\u0105 sistem\u0105, kuri\u0105 \u017emon\u0117s taip \u012fprat\u0119, jie vargu ar net pastebi.<\/p>\n<p>Mes turime pasirinkim\u0105 &#8211; i\u0161vengti \u0161ios problemos ir pasirinkti didesnius bendr\u0105sias apmokestinimus arba ma\u017eesnes i\u0161laidas kitoms vie\u0161osioms paslaugoms, kad kompensuot\u0173 prarastas pajamas i\u0161 degal\u0173 akciz\u0173, arba sugalvoti teising\u0105 sistem\u0105, skirt\u0105 mok\u0117ti u\u017e vie\u0161\u0105sias g\u0117rybes ir paskirstyti.<\/p>\n<p>Tai visi labai pagr\u012fsti klausimai, kuriuos reikia u\u017eduoti i\u0161 m\u016bs\u0173 kandidato \u0161i\u0105 savait\u0119, ta\u010diau tai yra dr\u0105sus politikas, kuris supras \u0161i\u0105 dilg\u0117l\u0119, i\u0161skyrus tai, kad jis naudoja j\u0105 kaip \u012frank\u012f, kad \u012fveikt\u0173 ma\u017e\u0105, svarb\u0173 ir augant\u012f rink\u0117j\u0173 segment\u0105.<\/p>\n<p>Taigi Peter, Bridget, ar j\u016bs atsi\u0173site man \u010dek\u012f kiekvien\u0105 kart\u0105, kai va\u017eiuoju dvira\u010diu \u012f darb\u0105?<\/p>\n<div class=\"saboxplugin-wrap\" itemtype=\"http:\/\/schema.org\/Person\" itemscope=\"\" itemprop=\"author\">\n<div class=\"saboxplugin-tab\">\n<div class=\"saboxplugin-gravatar\"><img loading=\"lazy\" decoding=\"async\" src=\"https:\/\/thedriven.io\/wp-content\/uploads\/2025\/04\/ed-lynch-bell.jpeg\" width=\"100\" height=\"100\" alt=\"\" itemprop=\"image\"\/><\/div>\n<div class=\"saboxplugin-desc\">\n<div itemprop=\"description\">\n<p>Edas Lynchas-Bellas yra \u201eSecond Pel\u0117s\u201c direktorius, skirtas kurti tvaresnius energetikos technologij\u0173 ir mobilumo produktus, paslaugas ir versl\u0105. Edas taip pat yra Melburno ir Sidn\u0117jaus EV susitikim\u0173 bendra\u017eygis, sujungdamas e-mobilumo pramon\u0119.<\/p>\n<\/div>\n<\/div>\n<\/div>\n<\/div>\n<p><!-- AI CONTENT END 1 --><\/p><\/div>\n<p><br \/>\n<br \/><a href=\"https:\/\/thedriven.io\/2025\/04\/28\/ev-tax-will-peter-dutton-cut-my-taxes-to-take-into-account-the-roads-i-dont-use\/\">Source link <\/a><\/p>\n","protected":false},"excerpt":{"rendered":"<p>Liberal\u0173 partija yra teisi arba bent jau Bridget McKenzie yra, ir galb\u016bt Peteris Duttonas sutinka su ja; EV vairuotojai tur\u0117t\u0173&hellip;<\/p>\n","protected":false},"author":1,"featured_media":448,"comment_status":"open","ping_status":"open","sticky":false,"template":"","format":"standard","meta":{"om_disable_all_campaigns":false,"_monsterinsights_skip_tracking":false,"_monsterinsights_sitenote_active":false,"_monsterinsights_sitenote_note":"","_monsterinsights_sitenote_category":0,"footnotes":""},"categories":[39],"tags":[324,1545,1408,339,90,1546,138,1544,1547,1542,1543],"class_list":["post-647","post","type-post","status-publish","format-standard","has-post-thumbnail","hentry","category-eautomobiliu-technine-puse","tag-as","tag-atsizvelgciau","tag-duttonas","tag-kad","tag-kelius","tag-kuriu","tag-mano","tag-mokescius","tag-nenaudoju","tag-peteris","tag-sumazintu"],"aioseo_notices":[],"yoast_head":"<!-- This site is optimized with the Yoast SEO plugin v26.8 - https:\/\/yoast.com\/product\/yoast-seo-wordpress\/ -->\n<title>Ar Peteris Duttonas suma\u017eint\u0173 mano mokes\u010dius, kad atsi\u017evelg\u010diau \u012f kelius, kuri\u0173 a\u0161 nenaudoju? - Eautomobiliai.lt<\/title>\n<meta name=\"robots\" content=\"index, follow, max-snippet:-1, max-image-preview:large, max-video-preview:-1\" \/>\n<link rel=\"canonical\" href=\"https:\/\/eautomobiliai.lt\/index.php\/2025\/04\/28\/ar-peteris-duttonas-sumazintu-mano-mokescius-kad-atsizvelgciau-i-kelius-kuriu-as-nenaudoju\/\" \/>\n<meta property=\"og:locale\" content=\"lt_LT\" \/>\n<meta property=\"og:type\" content=\"article\" \/>\n<meta property=\"og:title\" content=\"Ar Peteris Duttonas suma\u017eint\u0173 mano mokes\u010dius, kad atsi\u017evelg\u010diau \u012f kelius, kuri\u0173 a\u0161 nenaudoju? - Eautomobiliai.lt\" \/>\n<meta property=\"og:description\" content=\"Liberal\u0173 partija yra teisi arba bent jau Bridget McKenzie yra, ir galb\u016bt Peteris Duttonas sutinka su ja; EV vairuotojai tur\u0117t\u0173&hellip;\" \/>\n<meta property=\"og:url\" content=\"https:\/\/eautomobiliai.lt\/index.php\/2025\/04\/28\/ar-peteris-duttonas-sumazintu-mano-mokescius-kad-atsizvelgciau-i-kelius-kuriu-as-nenaudoju\/\" \/>\n<meta property=\"og:site_name\" content=\"Eautomobiliai.lt\" \/>\n<meta property=\"article:published_time\" content=\"2025-04-28T18:23:30+00:00\" \/>\n<meta property=\"og:image\" content=\"https:\/\/eautomobiliai.lt\/wp-content\/uploads\/2025\/04\/Koalicijos-gresme-NVE-yra-panieka-del-klimato-neigeju-ir-barzdotu.jpeg\" \/>\n\t<meta property=\"og:image:width\" content=\"1800\" \/>\n\t<meta property=\"og:image:height\" content=\"1200\" \/>\n\t<meta property=\"og:image:type\" content=\"image\/jpeg\" \/>\n<meta name=\"author\" content=\"admin\" \/>\n<meta name=\"twitter:card\" content=\"summary_large_image\" \/>\n<meta name=\"twitter:label1\" content=\"Written by\" \/>\n\t<meta name=\"twitter:data1\" content=\"admin\" \/>\n\t<meta name=\"twitter:label2\" content=\"Est. reading time\" \/>\n\t<meta name=\"twitter:data2\" content=\"4 minut\u0117s\" \/>\n<script type=\"application\/ld+json\" class=\"yoast-schema-graph\">{\"@context\":\"https:\/\/schema.org\",\"@graph\":[{\"@type\":\"Article\",\"@id\":\"https:\/\/eautomobiliai.lt\/index.php\/2025\/04\/28\/ar-peteris-duttonas-sumazintu-mano-mokescius-kad-atsizvelgciau-i-kelius-kuriu-as-nenaudoju\/#article\",\"isPartOf\":{\"@id\":\"https:\/\/eautomobiliai.lt\/index.php\/2025\/04\/28\/ar-peteris-duttonas-sumazintu-mano-mokescius-kad-atsizvelgciau-i-kelius-kuriu-as-nenaudoju\/\"},\"author\":{\"name\":\"admin\",\"@id\":\"http:\/\/eautomobiliai.lt\/#\/schema\/person\/ecf2a967f361217d056061f74deb92f2\"},\"headline\":\"Ar Peteris Duttonas suma\u017eint\u0173 mano mokes\u010dius, kad atsi\u017evelg\u010diau \u012f kelius, kuri\u0173 a\u0161 nenaudoju?\",\"datePublished\":\"2025-04-28T18:23:30+00:00\",\"mainEntityOfPage\":{\"@id\":\"https:\/\/eautomobiliai.lt\/index.php\/2025\/04\/28\/ar-peteris-duttonas-sumazintu-mano-mokescius-kad-atsizvelgciau-i-kelius-kuriu-as-nenaudoju\/\"},\"wordCount\":752,\"commentCount\":0,\"image\":{\"@id\":\"https:\/\/eautomobiliai.lt\/index.php\/2025\/04\/28\/ar-peteris-duttonas-sumazintu-mano-mokescius-kad-atsizvelgciau-i-kelius-kuriu-as-nenaudoju\/#primaryimage\"},\"thumbnailUrl\":\"http:\/\/eautomobiliai.lt\/wp-content\/uploads\/2025\/04\/Koalicijos-gresme-NVE-yra-panieka-del-klimato-neigeju-ir-barzdotu.jpeg\",\"keywords\":[\"A\u0161\",\"atsi\u017evelg\u010diau\",\"Duttonas\",\"kad\",\"kelius\",\"kuri\u0173\",\"mano\",\"mokes\u010dius\",\"nenaudoju\",\"Peteris\",\"suma\u017eint\u0173\"],\"articleSection\":[\"eAUTOMOBILI\u0172 TECHNIN\u0116 PUS\u0116\"],\"inLanguage\":\"lt-LT\",\"potentialAction\":[{\"@type\":\"CommentAction\",\"name\":\"Comment\",\"target\":[\"https:\/\/eautomobiliai.lt\/index.php\/2025\/04\/28\/ar-peteris-duttonas-sumazintu-mano-mokescius-kad-atsizvelgciau-i-kelius-kuriu-as-nenaudoju\/#respond\"]}]},{\"@type\":\"WebPage\",\"@id\":\"https:\/\/eautomobiliai.lt\/index.php\/2025\/04\/28\/ar-peteris-duttonas-sumazintu-mano-mokescius-kad-atsizvelgciau-i-kelius-kuriu-as-nenaudoju\/\",\"url\":\"https:\/\/eautomobiliai.lt\/index.php\/2025\/04\/28\/ar-peteris-duttonas-sumazintu-mano-mokescius-kad-atsizvelgciau-i-kelius-kuriu-as-nenaudoju\/\",\"name\":\"Ar Peteris Duttonas suma\u017eint\u0173 mano mokes\u010dius, kad atsi\u017evelg\u010diau \u012f kelius, kuri\u0173 a\u0161 nenaudoju? - Eautomobiliai.lt\",\"isPartOf\":{\"@id\":\"http:\/\/eautomobiliai.lt\/#website\"},\"primaryImageOfPage\":{\"@id\":\"https:\/\/eautomobiliai.lt\/index.php\/2025\/04\/28\/ar-peteris-duttonas-sumazintu-mano-mokescius-kad-atsizvelgciau-i-kelius-kuriu-as-nenaudoju\/#primaryimage\"},\"image\":{\"@id\":\"https:\/\/eautomobiliai.lt\/index.php\/2025\/04\/28\/ar-peteris-duttonas-sumazintu-mano-mokescius-kad-atsizvelgciau-i-kelius-kuriu-as-nenaudoju\/#primaryimage\"},\"thumbnailUrl\":\"http:\/\/eautomobiliai.lt\/wp-content\/uploads\/2025\/04\/Koalicijos-gresme-NVE-yra-panieka-del-klimato-neigeju-ir-barzdotu.jpeg\",\"datePublished\":\"2025-04-28T18:23:30+00:00\",\"author\":{\"@id\":\"http:\/\/eautomobiliai.lt\/#\/schema\/person\/ecf2a967f361217d056061f74deb92f2\"},\"breadcrumb\":{\"@id\":\"https:\/\/eautomobiliai.lt\/index.php\/2025\/04\/28\/ar-peteris-duttonas-sumazintu-mano-mokescius-kad-atsizvelgciau-i-kelius-kuriu-as-nenaudoju\/#breadcrumb\"},\"inLanguage\":\"lt-LT\",\"potentialAction\":[{\"@type\":\"ReadAction\",\"target\":[\"https:\/\/eautomobiliai.lt\/index.php\/2025\/04\/28\/ar-peteris-duttonas-sumazintu-mano-mokescius-kad-atsizvelgciau-i-kelius-kuriu-as-nenaudoju\/\"]}]},{\"@type\":\"ImageObject\",\"inLanguage\":\"lt-LT\",\"@id\":\"https:\/\/eautomobiliai.lt\/index.php\/2025\/04\/28\/ar-peteris-duttonas-sumazintu-mano-mokescius-kad-atsizvelgciau-i-kelius-kuriu-as-nenaudoju\/#primaryimage\",\"url\":\"http:\/\/eautomobiliai.lt\/wp-content\/uploads\/2025\/04\/Koalicijos-gresme-NVE-yra-panieka-del-klimato-neigeju-ir-barzdotu.jpeg\",\"contentUrl\":\"http:\/\/eautomobiliai.lt\/wp-content\/uploads\/2025\/04\/Koalicijos-gresme-NVE-yra-panieka-del-klimato-neigeju-ir-barzdotu.jpeg\",\"width\":1800,\"height\":1200},{\"@type\":\"BreadcrumbList\",\"@id\":\"https:\/\/eautomobiliai.lt\/index.php\/2025\/04\/28\/ar-peteris-duttonas-sumazintu-mano-mokescius-kad-atsizvelgciau-i-kelius-kuriu-as-nenaudoju\/#breadcrumb\",\"itemListElement\":[{\"@type\":\"ListItem\",\"position\":1,\"name\":\"Home\",\"item\":\"http:\/\/eautomobiliai.lt\/\"},{\"@type\":\"ListItem\",\"position\":2,\"name\":\"Ar Peteris Duttonas suma\u017eint\u0173 mano mokes\u010dius, kad atsi\u017evelg\u010diau \u012f kelius, kuri\u0173 a\u0161 nenaudoju?\"}]},{\"@type\":\"WebSite\",\"@id\":\"http:\/\/eautomobiliai.lt\/#website\",\"url\":\"http:\/\/eautomobiliai.lt\/\",\"name\":\"Eautomobiliai.lt\",\"description\":\"Elektrinis transportas, technologijos\",\"potentialAction\":[{\"@type\":\"SearchAction\",\"target\":{\"@type\":\"EntryPoint\",\"urlTemplate\":\"http:\/\/eautomobiliai.lt\/?s={search_term_string}\"},\"query-input\":{\"@type\":\"PropertyValueSpecification\",\"valueRequired\":true,\"valueName\":\"search_term_string\"}}],\"inLanguage\":\"lt-LT\"},{\"@type\":\"Person\",\"@id\":\"http:\/\/eautomobiliai.lt\/#\/schema\/person\/ecf2a967f361217d056061f74deb92f2\",\"name\":\"admin\",\"image\":{\"@type\":\"ImageObject\",\"inLanguage\":\"lt-LT\",\"@id\":\"http:\/\/eautomobiliai.lt\/#\/schema\/person\/image\/\",\"url\":\"https:\/\/secure.gravatar.com\/avatar\/6323379efae0c70c686c7905444d6bbd?s=96&d=mm&r=g\",\"contentUrl\":\"https:\/\/secure.gravatar.com\/avatar\/6323379efae0c70c686c7905444d6bbd?s=96&d=mm&r=g\",\"caption\":\"admin\"},\"sameAs\":[\"http:\/\/eautomobiliai.lt\"],\"url\":\"http:\/\/eautomobiliai.lt\/index.php\/author\/admin\/\"}]}<\/script>\n<!-- \/ Yoast SEO plugin. -->","yoast_head_json":{"title":"Ar Peteris Duttonas suma\u017eint\u0173 mano mokes\u010dius, kad atsi\u017evelg\u010diau \u012f kelius, kuri\u0173 a\u0161 nenaudoju? - Eautomobiliai.lt","robots":{"index":"index","follow":"follow","max-snippet":"max-snippet:-1","max-image-preview":"max-image-preview:large","max-video-preview":"max-video-preview:-1"},"canonical":"https:\/\/eautomobiliai.lt\/index.php\/2025\/04\/28\/ar-peteris-duttonas-sumazintu-mano-mokescius-kad-atsizvelgciau-i-kelius-kuriu-as-nenaudoju\/","og_locale":"lt_LT","og_type":"article","og_title":"Ar Peteris Duttonas suma\u017eint\u0173 mano mokes\u010dius, kad atsi\u017evelg\u010diau \u012f kelius, kuri\u0173 a\u0161 nenaudoju? - Eautomobiliai.lt","og_description":"Liberal\u0173 partija yra teisi arba bent jau Bridget McKenzie yra, ir galb\u016bt Peteris Duttonas sutinka su ja; EV vairuotojai tur\u0117t\u0173&hellip;","og_url":"https:\/\/eautomobiliai.lt\/index.php\/2025\/04\/28\/ar-peteris-duttonas-sumazintu-mano-mokescius-kad-atsizvelgciau-i-kelius-kuriu-as-nenaudoju\/","og_site_name":"Eautomobiliai.lt","article_published_time":"2025-04-28T18:23:30+00:00","og_image":[{"width":1800,"height":1200,"url":"https:\/\/eautomobiliai.lt\/wp-content\/uploads\/2025\/04\/Koalicijos-gresme-NVE-yra-panieka-del-klimato-neigeju-ir-barzdotu.jpeg","type":"image\/jpeg"}],"author":"admin","twitter_card":"summary_large_image","twitter_misc":{"Written by":"admin","Est. reading time":"4 minut\u0117s"},"schema":{"@context":"https:\/\/schema.org","@graph":[{"@type":"Article","@id":"https:\/\/eautomobiliai.lt\/index.php\/2025\/04\/28\/ar-peteris-duttonas-sumazintu-mano-mokescius-kad-atsizvelgciau-i-kelius-kuriu-as-nenaudoju\/#article","isPartOf":{"@id":"https:\/\/eautomobiliai.lt\/index.php\/2025\/04\/28\/ar-peteris-duttonas-sumazintu-mano-mokescius-kad-atsizvelgciau-i-kelius-kuriu-as-nenaudoju\/"},"author":{"name":"admin","@id":"http:\/\/eautomobiliai.lt\/#\/schema\/person\/ecf2a967f361217d056061f74deb92f2"},"headline":"Ar Peteris Duttonas suma\u017eint\u0173 mano mokes\u010dius, kad atsi\u017evelg\u010diau \u012f kelius, kuri\u0173 a\u0161 nenaudoju?","datePublished":"2025-04-28T18:23:30+00:00","mainEntityOfPage":{"@id":"https:\/\/eautomobiliai.lt\/index.php\/2025\/04\/28\/ar-peteris-duttonas-sumazintu-mano-mokescius-kad-atsizvelgciau-i-kelius-kuriu-as-nenaudoju\/"},"wordCount":752,"commentCount":0,"image":{"@id":"https:\/\/eautomobiliai.lt\/index.php\/2025\/04\/28\/ar-peteris-duttonas-sumazintu-mano-mokescius-kad-atsizvelgciau-i-kelius-kuriu-as-nenaudoju\/#primaryimage"},"thumbnailUrl":"http:\/\/eautomobiliai.lt\/wp-content\/uploads\/2025\/04\/Koalicijos-gresme-NVE-yra-panieka-del-klimato-neigeju-ir-barzdotu.jpeg","keywords":["A\u0161","atsi\u017evelg\u010diau","Duttonas","kad","kelius","kuri\u0173","mano","mokes\u010dius","nenaudoju","Peteris","suma\u017eint\u0173"],"articleSection":["eAUTOMOBILI\u0172 TECHNIN\u0116 PUS\u0116"],"inLanguage":"lt-LT","potentialAction":[{"@type":"CommentAction","name":"Comment","target":["https:\/\/eautomobiliai.lt\/index.php\/2025\/04\/28\/ar-peteris-duttonas-sumazintu-mano-mokescius-kad-atsizvelgciau-i-kelius-kuriu-as-nenaudoju\/#respond"]}]},{"@type":"WebPage","@id":"https:\/\/eautomobiliai.lt\/index.php\/2025\/04\/28\/ar-peteris-duttonas-sumazintu-mano-mokescius-kad-atsizvelgciau-i-kelius-kuriu-as-nenaudoju\/","url":"https:\/\/eautomobiliai.lt\/index.php\/2025\/04\/28\/ar-peteris-duttonas-sumazintu-mano-mokescius-kad-atsizvelgciau-i-kelius-kuriu-as-nenaudoju\/","name":"Ar Peteris Duttonas suma\u017eint\u0173 mano mokes\u010dius, kad atsi\u017evelg\u010diau \u012f kelius, kuri\u0173 a\u0161 nenaudoju? - Eautomobiliai.lt","isPartOf":{"@id":"http:\/\/eautomobiliai.lt\/#website"},"primaryImageOfPage":{"@id":"https:\/\/eautomobiliai.lt\/index.php\/2025\/04\/28\/ar-peteris-duttonas-sumazintu-mano-mokescius-kad-atsizvelgciau-i-kelius-kuriu-as-nenaudoju\/#primaryimage"},"image":{"@id":"https:\/\/eautomobiliai.lt\/index.php\/2025\/04\/28\/ar-peteris-duttonas-sumazintu-mano-mokescius-kad-atsizvelgciau-i-kelius-kuriu-as-nenaudoju\/#primaryimage"},"thumbnailUrl":"http:\/\/eautomobiliai.lt\/wp-content\/uploads\/2025\/04\/Koalicijos-gresme-NVE-yra-panieka-del-klimato-neigeju-ir-barzdotu.jpeg","datePublished":"2025-04-28T18:23:30+00:00","author":{"@id":"http:\/\/eautomobiliai.lt\/#\/schema\/person\/ecf2a967f361217d056061f74deb92f2"},"breadcrumb":{"@id":"https:\/\/eautomobiliai.lt\/index.php\/2025\/04\/28\/ar-peteris-duttonas-sumazintu-mano-mokescius-kad-atsizvelgciau-i-kelius-kuriu-as-nenaudoju\/#breadcrumb"},"inLanguage":"lt-LT","potentialAction":[{"@type":"ReadAction","target":["https:\/\/eautomobiliai.lt\/index.php\/2025\/04\/28\/ar-peteris-duttonas-sumazintu-mano-mokescius-kad-atsizvelgciau-i-kelius-kuriu-as-nenaudoju\/"]}]},{"@type":"ImageObject","inLanguage":"lt-LT","@id":"https:\/\/eautomobiliai.lt\/index.php\/2025\/04\/28\/ar-peteris-duttonas-sumazintu-mano-mokescius-kad-atsizvelgciau-i-kelius-kuriu-as-nenaudoju\/#primaryimage","url":"http:\/\/eautomobiliai.lt\/wp-content\/uploads\/2025\/04\/Koalicijos-gresme-NVE-yra-panieka-del-klimato-neigeju-ir-barzdotu.jpeg","contentUrl":"http:\/\/eautomobiliai.lt\/wp-content\/uploads\/2025\/04\/Koalicijos-gresme-NVE-yra-panieka-del-klimato-neigeju-ir-barzdotu.jpeg","width":1800,"height":1200},{"@type":"BreadcrumbList","@id":"https:\/\/eautomobiliai.lt\/index.php\/2025\/04\/28\/ar-peteris-duttonas-sumazintu-mano-mokescius-kad-atsizvelgciau-i-kelius-kuriu-as-nenaudoju\/#breadcrumb","itemListElement":[{"@type":"ListItem","position":1,"name":"Home","item":"http:\/\/eautomobiliai.lt\/"},{"@type":"ListItem","position":2,"name":"Ar Peteris Duttonas suma\u017eint\u0173 mano mokes\u010dius, kad atsi\u017evelg\u010diau \u012f kelius, kuri\u0173 a\u0161 nenaudoju?"}]},{"@type":"WebSite","@id":"http:\/\/eautomobiliai.lt\/#website","url":"http:\/\/eautomobiliai.lt\/","name":"Eautomobiliai.lt","description":"Elektrinis transportas, technologijos","potentialAction":[{"@type":"SearchAction","target":{"@type":"EntryPoint","urlTemplate":"http:\/\/eautomobiliai.lt\/?s={search_term_string}"},"query-input":{"@type":"PropertyValueSpecification","valueRequired":true,"valueName":"search_term_string"}}],"inLanguage":"lt-LT"},{"@type":"Person","@id":"http:\/\/eautomobiliai.lt\/#\/schema\/person\/ecf2a967f361217d056061f74deb92f2","name":"admin","image":{"@type":"ImageObject","inLanguage":"lt-LT","@id":"http:\/\/eautomobiliai.lt\/#\/schema\/person\/image\/","url":"https:\/\/secure.gravatar.com\/avatar\/6323379efae0c70c686c7905444d6bbd?s=96&d=mm&r=g","contentUrl":"https:\/\/secure.gravatar.com\/avatar\/6323379efae0c70c686c7905444d6bbd?s=96&d=mm&r=g","caption":"admin"},"sameAs":["http:\/\/eautomobiliai.lt"],"url":"http:\/\/eautomobiliai.lt\/index.php\/author\/admin\/"}]}},"_links":{"self":[{"href":"http:\/\/eautomobiliai.lt\/index.php\/wp-json\/wp\/v2\/posts\/647","targetHints":{"allow":["GET"]}}],"collection":[{"href":"http:\/\/eautomobiliai.lt\/index.php\/wp-json\/wp\/v2\/posts"}],"about":[{"href":"http:\/\/eautomobiliai.lt\/index.php\/wp-json\/wp\/v2\/types\/post"}],"author":[{"embeddable":true,"href":"http:\/\/eautomobiliai.lt\/index.php\/wp-json\/wp\/v2\/users\/1"}],"replies":[{"embeddable":true,"href":"http:\/\/eautomobiliai.lt\/index.php\/wp-json\/wp\/v2\/comments?post=647"}],"version-history":[{"count":0,"href":"http:\/\/eautomobiliai.lt\/index.php\/wp-json\/wp\/v2\/posts\/647\/revisions"}],"wp:featuredmedia":[{"embeddable":true,"href":"http:\/\/eautomobiliai.lt\/index.php\/wp-json\/wp\/v2\/media\/448"}],"wp:attachment":[{"href":"http:\/\/eautomobiliai.lt\/index.php\/wp-json\/wp\/v2\/media?parent=647"}],"wp:term":[{"taxonomy":"category","embeddable":true,"href":"http:\/\/eautomobiliai.lt\/index.php\/wp-json\/wp\/v2\/categories?post=647"},{"taxonomy":"post_tag","embeddable":true,"href":"http:\/\/eautomobiliai.lt\/index.php\/wp-json\/wp\/v2\/tags?post=647"}],"curies":[{"name":"wp","href":"https:\/\/api.w.org\/{rel}","templated":true}]}}