{"id":652,"date":"2025-04-29T05:45:40","date_gmt":"2025-04-29T05:45:40","guid":{"rendered":"https:\/\/eautomobiliai.lt\/index.php\/2025\/04\/29\/pirmoji-milziniska-15-mw-turbina-yra-didziausioje-vokietijos-juros-vejo-jegainiu-parke\/"},"modified":"2025-04-29T05:45:40","modified_gmt":"2025-04-29T05:45:40","slug":"pirmoji-milziniska-15-mw-turbina-yra-didziausioje-vokietijos-juros-vejo-jegainiu-parke","status":"publish","type":"post","link":"http:\/\/eautomobiliai.lt\/index.php\/2025\/04\/29\/pirmoji-milziniska-15-mw-turbina-yra-didziausioje-vokietijos-juros-vejo-jegainiu-parke\/","title":{"rendered":"Pirmoji mil\u017eini\u0161ka 15 MW turbina yra did\u017eiausioje Vokietijos j\u016bros v\u0117jo j\u0117gaini\u0173 parke"},"content":{"rendered":"<p> <br \/>\n<\/p>\n<div>\n<figure class=\"img-border featured-image\">\n\t<figcaption>\n<p>\t\t\t\tNuotrauka: ENBW\t\t\t<\/figcaption><\/figure>\n<p>Did\u017eiausias Vokietijos statomas v\u0117jo j\u0117gaini\u0173 parkas, Enbw&#8217;as, jis Dreihtas, tiesiog pasiek\u0117 didel\u012f etap\u0105: pirmoji did\u017eiul\u0117 turbina dabar yra \u0160iaur\u0117s j\u016broje.<\/p>\n<p><span id=\"more-413308\"\/><\/p>\n<p>Jis Dreihtas &#8211; tai rei\u0161kia, kad \u201ejis sukasi\u201c \u017eemoje vokie\u010di\u0173 kalboje &#8211; naudoja \u201eVestas\u201c did\u017eiul\u0119 15 megavat\u0173 (MW) turbinas &#8211; pirm\u0105j\u012f projekt\u0105 pasaulyje, kuriame juos \u012fdieg\u0117. Tik vienas vieno i\u0161 rotori\u0173 sukimas gali generuoti pakankamai elektros energijos, kad vis\u0105 dien\u0105 gal\u0117t\u0173 maitinti keturis nam\u0173 \u016bkius.<\/p>\n<p>Kai jis bus baigtas, jis Dreiht tur\u0117s 64 mega turbines, i\u0161 kurios i\u0161klot\u0173 960 megavat\u0173 (MW) \u0161varios galios &#8211; pakanka tiekti apie 1,1 milijono nam\u0173. Ir jis statomas be joki\u0173 vyriausyb\u0117s subsidij\u0173.<\/p>\n<p>\u201eENBW\u201c, viena did\u017eiausi\u0173 Vokietijos energetikos kompanij\u0173, daugiau nei 15 met\u0173 dirba j\u016bros v\u0117jyje, ta\u010diau jis Dreihtas yra did\u017eiausias j\u0173 projektas. \u201eTai vaidins pagrindin\u012f vaidmen\u012f padedant mums \u017eymiai padidinti atsinaujinan\u010dios energijos produkcij\u0105 nuo 6,6 GW iki daugiau nei 10 GW iki 2030 m.\u201c, &#8211; sak\u0117 Michaelas Class, kuris vadovauja ENBW kartos portfelio pl\u0117trai.<\/p>\n<p>\t<span class=\"outbrain-ad-label\">Skelbimas &#8211; slinkite daugiau turinio<\/span><\/p>\n<p>Projektas taip pat yra \u201eVestas\u201c laim\u0117jimas. \u201e\u012edieg\u0119 pirm\u0105j\u012f V236-15.0 MW, mes pasiek\u0117me svarb\u0173 etap\u0105 tiek\u201e He Dreiht \u201cprojektui, tiek m\u016bs\u0173 j\u016broje esan\u010diam did\u0117jimui, kuris padeda Vokietijai sukurti saugesn\u0119, prieinam\u0105 ir tvari\u0105 energetikos sistem\u0105\u201c,-sak\u0117 Nilsas de Baar, VEST \u0160iaur\u0117s ir Vidurio Europos prezidentas.<\/p>\n<p>Jis Dreiht yra ma\u017edaug 85 kilometr\u0173 (53 myli\u0173) \u012f \u0161iaur\u0117s vakarus nuo Borkumo ir 110 kilometr\u0173 (68 myli\u0173) \u012f vakarus nuo Helgolando. Piko metu daugiau nei 500 darbuotoj\u0173 i\u0161va\u017eiuos \u012f j\u016bros statym\u0105 \u016bkyje, naudodamiesi daugiau nei 60 laiv\u0173 parku. Parod\u0105 veda ENBW \u201eOffshore\u201c komanda Hamburge.<\/p>\n<p>Diegimo procesas yra pagrindin\u0117 operacija. 64 pamatai jau buvo pastatyti j\u016bros dugne pra\u0117jusiais metais. Turbin\u0173 dalys \u012fkeliamos \u012f diegimo ind\u0105 <em>V\u0117jo orca<\/em> Esbjerge, Danijoje, ir i\u0161si\u0173stas per 12 valand\u0173 kelion\u0119 \u012f statybviet\u0119. I\u0161 ten turbinos pakeliamos \u012f viet\u0105. Tuo tarpu ekipa\u017eai taip pat dirba vidiniuose v\u0117jo j\u0117gaini\u0173 stakl\u0117se.<\/p>\n<p>Partnerio konsorciumas, sudarytas i\u0161 \u201eAllianz Capital Partners\u201c, AIP ir \u201eNorges Bank Investment Management\u201c, valdo 49,9% \u201eHe Dreiht\u201c akcij\u0173.<\/p>\n<figure class=\"wp-block-image alignwide size-full\"><img loading=\"lazy\" decoding=\"async\" width=\"750\" height=\"150\" src=\"https:\/\/electrek.co\/wp-content\/uploads\/sites\/3\/2025\/04\/DES-1038_Electrek-Banners_Resiliency_e7f890.png\" alt=\"\" class=\"wp-image-413315\" srcset=\"https:\/\/electrek.co\/wp-content\/uploads\/sites\/3\/2025\/04\/DES-1038_Electrek-Banners_Resiliency_e7f890.png 750w, https:\/\/electrek.co\/wp-content\/uploads\/sites\/3\/2025\/04\/DES-1038_Electrek-Banners_Resiliency_e7f890.png?resize=150,30 150w, https:\/\/electrek.co\/wp-content\/uploads\/sites\/3\/2025\/04\/DES-1038_Electrek-Banners_Resiliency_e7f890.png?resize=300,60 300w, https:\/\/electrek.co\/wp-content\/uploads\/sites\/3\/2025\/04\/DES-1038_Electrek-Banners_Resiliency_e7f890.png?resize=350,70 350w, https:\/\/electrek.co\/wp-content\/uploads\/sites\/3\/2025\/04\/DES-1038_Electrek-Banners_Resiliency_e7f890.png?resize=140,28 140w\" sizes=\"auto, (max-width: 750px) 100vw, 750px\"\/><\/figure>\n<p><strong>Skaitykite daugiau:<\/strong> Trumpas administratorius sustabdo 5 milijard\u0173 doleri\u0173 NY j\u016bros v\u0117jo projekt\u0105 \u201eMid-Build\u201c.<\/p>\n<hr class=\"wp-block-separator has-alpha-channel-opacity\"\/>\n<p><em>Nor\u0117dami apriboti elektros energijos tiekimo nutraukimus ir padaryti j\u016bs\u0173 namus atsparesnius, apsvarstykite galimyb\u0119 naudotis saul\u0117s energija su akumuliatori\u0173 saugojimo sistema. Nor\u0117dami rasti \u0161alia j\u016bs\u0173 patikim\u0105, patikim\u0105 saul\u0117s diegimo program\u0105, si\u016blan\u010di\u0105 konkurencing\u0105 kain\u0105, apsilankykite<\/em><em> <\/em><em>Energysage<\/em><em>nemokama paslauga, palengvinanti jums saul\u0117s energij\u0105. Jie turi \u0161imtus i\u0161 anksto nustatyt\u0173 saul\u0117s energijos montuotoj\u0173, konkuruojan\u010di\u0173 d\u0117l j\u016bs\u0173 verslo, u\u017etikrindami, kad gausite auk\u0161tos kokyb\u0117s sprendimus ir sutaupysite 20\u201330%, palyginti su jo \u0117jimu atskirai. Be to, ja nemokama naudoti ir negausite pardavimo skambu\u010di\u0173, kol pasirinksite diegimo program\u0105 ir pasidalinsite savo telefono numeriu su jais.<\/em><\/p>\n<p><em>J\u016bs\u0173 individualizuotas saul\u0117s citatas lengva palyginti internete ir gausite prieig\u0105 prie ne\u0161ali\u0161k\u0173 patar\u0117j\u0173 energetikos srityje, kad pad\u0117tum\u0117te jums kiekvienam \u017eingsniui. Prad\u0117kite<\/em><em> <\/em><em>\u010dia<\/em><em>. &#8211; Patik\u0117ta filialo nuoroda*<\/em><\/p>\n<div class=\"ad-disclaimer-container\">\n<p class=\"disclaimer-affiliate\"><em>FPK: Mes naudojame pajamas gaunan\u010dias automatinio filialo nuorodas.<\/em> Daugiau.<\/p>\n<p><!-- post ad --><\/div>\n<\/p><\/div>\n<p><br \/>\n<br \/><a href=\"https:\/\/electrek.co\/2025\/04\/28\/the-first-giant-15-mw-turbine-is-up-at-germanys-largest-offshore-wind-farm\/\">Source link <\/a><\/p>\n","protected":false},"excerpt":{"rendered":"<p>Nuotrauka: ENBW Did\u017eiausias Vokietijos statomas v\u0117jo j\u0117gaini\u0173 parkas, Enbw&#8217;as, jis Dreihtas, tiesiog pasiek\u0117 didel\u012f etap\u0105: pirmoji did\u017eiul\u0117 turbina dabar yra&hellip;<\/p>\n","protected":false},"author":1,"featured_media":653,"comment_status":"open","ping_status":"open","sticky":false,"template":"","format":"standard","meta":{"om_disable_all_campaigns":false,"_monsterinsights_skip_tracking":false,"_monsterinsights_sitenote_active":false,"_monsterinsights_sitenote_note":"","_monsterinsights_sitenote_category":0,"footnotes":""},"categories":[8],"tags":[310,1559,1304,1556,1560,1555,1557,549,1558,49],"class_list":["post-652","post","type-post","status-publish","format-standard","has-post-thumbnail","hentry","category-elektriniai-automobiliai","tag-didziausioje","tag-jegainiu","tag-juros","tag-milziniska","tag-parke","tag-pirmoji","tag-turbina","tag-vejo","tag-vokietijos","tag-yra"],"aioseo_notices":[],"yoast_head":"<!-- This site is optimized with the Yoast SEO plugin v26.8 - https:\/\/yoast.com\/product\/yoast-seo-wordpress\/ -->\n<title>Pirmoji mil\u017eini\u0161ka 15 MW turbina yra did\u017eiausioje Vokietijos j\u016bros v\u0117jo j\u0117gaini\u0173 parke - Eautomobiliai.lt<\/title>\n<meta name=\"robots\" content=\"index, follow, max-snippet:-1, max-image-preview:large, max-video-preview:-1\" \/>\n<link rel=\"canonical\" href=\"https:\/\/eautomobiliai.lt\/index.php\/2025\/04\/29\/pirmoji-milziniska-15-mw-turbina-yra-didziausioje-vokietijos-juros-vejo-jegainiu-parke\/\" \/>\n<meta property=\"og:locale\" content=\"lt_LT\" \/>\n<meta property=\"og:type\" content=\"article\" \/>\n<meta property=\"og:title\" content=\"Pirmoji mil\u017eini\u0161ka 15 MW turbina yra did\u017eiausioje Vokietijos j\u016bros v\u0117jo j\u0117gaini\u0173 parke - Eautomobiliai.lt\" \/>\n<meta property=\"og:description\" content=\"Nuotrauka: ENBW Did\u017eiausias Vokietijos statomas v\u0117jo j\u0117gaini\u0173 parkas, Enbw&#8217;as, jis Dreihtas, tiesiog pasiek\u0117 didel\u012f etap\u0105: pirmoji did\u017eiul\u0117 turbina dabar yra&hellip;\" \/>\n<meta property=\"og:url\" content=\"https:\/\/eautomobiliai.lt\/index.php\/2025\/04\/29\/pirmoji-milziniska-15-mw-turbina-yra-didziausioje-vokietijos-juros-vejo-jegainiu-parke\/\" \/>\n<meta property=\"og:site_name\" content=\"Eautomobiliai.lt\" \/>\n<meta property=\"article:published_time\" content=\"2025-04-29T05:45:40+00:00\" \/>\n<meta property=\"og:image\" content=\"https:\/\/eautomobiliai.lt\/wp-content\/uploads\/2025\/04\/Pirmoji-milziniska-15-MW-turbina-yra-didziausioje-Vokietijos-juros-vejo.jpg\" \/>\n\t<meta property=\"og:image:width\" content=\"1200\" \/>\n\t<meta property=\"og:image:height\" content=\"628\" \/>\n\t<meta property=\"og:image:type\" content=\"image\/jpeg\" \/>\n<meta name=\"author\" content=\"admin\" \/>\n<meta name=\"twitter:card\" content=\"summary_large_image\" \/>\n<meta name=\"twitter:label1\" content=\"Written by\" \/>\n\t<meta name=\"twitter:data1\" content=\"admin\" \/>\n\t<meta name=\"twitter:label2\" content=\"Est. reading time\" \/>\n\t<meta name=\"twitter:data2\" content=\"2 minut\u0117s\" \/>\n<script type=\"application\/ld+json\" class=\"yoast-schema-graph\">{\"@context\":\"https:\/\/schema.org\",\"@graph\":[{\"@type\":\"Article\",\"@id\":\"https:\/\/eautomobiliai.lt\/index.php\/2025\/04\/29\/pirmoji-milziniska-15-mw-turbina-yra-didziausioje-vokietijos-juros-vejo-jegainiu-parke\/#article\",\"isPartOf\":{\"@id\":\"https:\/\/eautomobiliai.lt\/index.php\/2025\/04\/29\/pirmoji-milziniska-15-mw-turbina-yra-didziausioje-vokietijos-juros-vejo-jegainiu-parke\/\"},\"author\":{\"name\":\"admin\",\"@id\":\"https:\/\/eautomobiliai.lt\/#\/schema\/person\/ecf2a967f361217d056061f74deb92f2\"},\"headline\":\"Pirmoji mil\u017eini\u0161ka 15 MW turbina yra did\u017eiausioje Vokietijos j\u016bros v\u0117jo j\u0117gaini\u0173 parke\",\"datePublished\":\"2025-04-29T05:45:40+00:00\",\"mainEntityOfPage\":{\"@id\":\"https:\/\/eautomobiliai.lt\/index.php\/2025\/04\/29\/pirmoji-milziniska-15-mw-turbina-yra-didziausioje-vokietijos-juros-vejo-jegainiu-parke\/\"},\"wordCount\":515,\"commentCount\":0,\"image\":{\"@id\":\"https:\/\/eautomobiliai.lt\/index.php\/2025\/04\/29\/pirmoji-milziniska-15-mw-turbina-yra-didziausioje-vokietijos-juros-vejo-jegainiu-parke\/#primaryimage\"},\"thumbnailUrl\":\"http:\/\/eautomobiliai.lt\/wp-content\/uploads\/2025\/04\/Pirmoji-milziniska-15-MW-turbina-yra-didziausioje-Vokietijos-juros-vejo.jpg\",\"keywords\":[\"did\u017eiausioje\",\"j\u0117gaini\u0173\",\"j\u016bros\",\"mil\u017eini\u0161ka\",\"parke\",\"Pirmoji\",\"turbina\",\"v\u0117jo\",\"Vokietijos\",\"yra\"],\"articleSection\":[\"ELEKTRINIAI AUTOMOBILIAI\"],\"inLanguage\":\"lt-LT\",\"potentialAction\":[{\"@type\":\"CommentAction\",\"name\":\"Comment\",\"target\":[\"https:\/\/eautomobiliai.lt\/index.php\/2025\/04\/29\/pirmoji-milziniska-15-mw-turbina-yra-didziausioje-vokietijos-juros-vejo-jegainiu-parke\/#respond\"]}]},{\"@type\":\"WebPage\",\"@id\":\"https:\/\/eautomobiliai.lt\/index.php\/2025\/04\/29\/pirmoji-milziniska-15-mw-turbina-yra-didziausioje-vokietijos-juros-vejo-jegainiu-parke\/\",\"url\":\"https:\/\/eautomobiliai.lt\/index.php\/2025\/04\/29\/pirmoji-milziniska-15-mw-turbina-yra-didziausioje-vokietijos-juros-vejo-jegainiu-parke\/\",\"name\":\"Pirmoji mil\u017eini\u0161ka 15 MW turbina yra did\u017eiausioje Vokietijos j\u016bros v\u0117jo j\u0117gaini\u0173 parke - Eautomobiliai.lt\",\"isPartOf\":{\"@id\":\"https:\/\/eautomobiliai.lt\/#website\"},\"primaryImageOfPage\":{\"@id\":\"https:\/\/eautomobiliai.lt\/index.php\/2025\/04\/29\/pirmoji-milziniska-15-mw-turbina-yra-didziausioje-vokietijos-juros-vejo-jegainiu-parke\/#primaryimage\"},\"image\":{\"@id\":\"https:\/\/eautomobiliai.lt\/index.php\/2025\/04\/29\/pirmoji-milziniska-15-mw-turbina-yra-didziausioje-vokietijos-juros-vejo-jegainiu-parke\/#primaryimage\"},\"thumbnailUrl\":\"http:\/\/eautomobiliai.lt\/wp-content\/uploads\/2025\/04\/Pirmoji-milziniska-15-MW-turbina-yra-didziausioje-Vokietijos-juros-vejo.jpg\",\"datePublished\":\"2025-04-29T05:45:40+00:00\",\"author\":{\"@id\":\"https:\/\/eautomobiliai.lt\/#\/schema\/person\/ecf2a967f361217d056061f74deb92f2\"},\"breadcrumb\":{\"@id\":\"https:\/\/eautomobiliai.lt\/index.php\/2025\/04\/29\/pirmoji-milziniska-15-mw-turbina-yra-didziausioje-vokietijos-juros-vejo-jegainiu-parke\/#breadcrumb\"},\"inLanguage\":\"lt-LT\",\"potentialAction\":[{\"@type\":\"ReadAction\",\"target\":[\"https:\/\/eautomobiliai.lt\/index.php\/2025\/04\/29\/pirmoji-milziniska-15-mw-turbina-yra-didziausioje-vokietijos-juros-vejo-jegainiu-parke\/\"]}]},{\"@type\":\"ImageObject\",\"inLanguage\":\"lt-LT\",\"@id\":\"https:\/\/eautomobiliai.lt\/index.php\/2025\/04\/29\/pirmoji-milziniska-15-mw-turbina-yra-didziausioje-vokietijos-juros-vejo-jegainiu-parke\/#primaryimage\",\"url\":\"http:\/\/eautomobiliai.lt\/wp-content\/uploads\/2025\/04\/Pirmoji-milziniska-15-MW-turbina-yra-didziausioje-Vokietijos-juros-vejo.jpg\",\"contentUrl\":\"http:\/\/eautomobiliai.lt\/wp-content\/uploads\/2025\/04\/Pirmoji-milziniska-15-MW-turbina-yra-didziausioje-Vokietijos-juros-vejo.jpg\",\"width\":1200,\"height\":628},{\"@type\":\"BreadcrumbList\",\"@id\":\"https:\/\/eautomobiliai.lt\/index.php\/2025\/04\/29\/pirmoji-milziniska-15-mw-turbina-yra-didziausioje-vokietijos-juros-vejo-jegainiu-parke\/#breadcrumb\",\"itemListElement\":[{\"@type\":\"ListItem\",\"position\":1,\"name\":\"Home\",\"item\":\"https:\/\/eautomobiliai.lt\/\"},{\"@type\":\"ListItem\",\"position\":2,\"name\":\"Pirmoji mil\u017eini\u0161ka 15 MW turbina yra did\u017eiausioje Vokietijos j\u016bros v\u0117jo j\u0117gaini\u0173 parke\"}]},{\"@type\":\"WebSite\",\"@id\":\"https:\/\/eautomobiliai.lt\/#website\",\"url\":\"https:\/\/eautomobiliai.lt\/\",\"name\":\"Eautomobiliai.lt\",\"description\":\"Elektrinis transportas, technologijos\",\"potentialAction\":[{\"@type\":\"SearchAction\",\"target\":{\"@type\":\"EntryPoint\",\"urlTemplate\":\"https:\/\/eautomobiliai.lt\/?s={search_term_string}\"},\"query-input\":{\"@type\":\"PropertyValueSpecification\",\"valueRequired\":true,\"valueName\":\"search_term_string\"}}],\"inLanguage\":\"lt-LT\"},{\"@type\":\"Person\",\"@id\":\"https:\/\/eautomobiliai.lt\/#\/schema\/person\/ecf2a967f361217d056061f74deb92f2\",\"name\":\"admin\",\"image\":{\"@type\":\"ImageObject\",\"inLanguage\":\"lt-LT\",\"@id\":\"https:\/\/eautomobiliai.lt\/#\/schema\/person\/image\/\",\"url\":\"https:\/\/secure.gravatar.com\/avatar\/6323379efae0c70c686c7905444d6bbd?s=96&d=mm&r=g\",\"contentUrl\":\"https:\/\/secure.gravatar.com\/avatar\/6323379efae0c70c686c7905444d6bbd?s=96&d=mm&r=g\",\"caption\":\"admin\"},\"sameAs\":[\"http:\/\/eautomobiliai.lt\"],\"url\":\"http:\/\/eautomobiliai.lt\/index.php\/author\/admin\/\"}]}<\/script>\n<!-- \/ Yoast SEO plugin. -->","yoast_head_json":{"title":"Pirmoji mil\u017eini\u0161ka 15 MW turbina yra did\u017eiausioje Vokietijos j\u016bros v\u0117jo j\u0117gaini\u0173 parke - Eautomobiliai.lt","robots":{"index":"index","follow":"follow","max-snippet":"max-snippet:-1","max-image-preview":"max-image-preview:large","max-video-preview":"max-video-preview:-1"},"canonical":"https:\/\/eautomobiliai.lt\/index.php\/2025\/04\/29\/pirmoji-milziniska-15-mw-turbina-yra-didziausioje-vokietijos-juros-vejo-jegainiu-parke\/","og_locale":"lt_LT","og_type":"article","og_title":"Pirmoji mil\u017eini\u0161ka 15 MW turbina yra did\u017eiausioje Vokietijos j\u016bros v\u0117jo j\u0117gaini\u0173 parke - Eautomobiliai.lt","og_description":"Nuotrauka: ENBW Did\u017eiausias Vokietijos statomas v\u0117jo j\u0117gaini\u0173 parkas, Enbw&#8217;as, jis Dreihtas, tiesiog pasiek\u0117 didel\u012f etap\u0105: pirmoji did\u017eiul\u0117 turbina dabar yra&hellip;","og_url":"https:\/\/eautomobiliai.lt\/index.php\/2025\/04\/29\/pirmoji-milziniska-15-mw-turbina-yra-didziausioje-vokietijos-juros-vejo-jegainiu-parke\/","og_site_name":"Eautomobiliai.lt","article_published_time":"2025-04-29T05:45:40+00:00","og_image":[{"width":1200,"height":628,"url":"https:\/\/eautomobiliai.lt\/wp-content\/uploads\/2025\/04\/Pirmoji-milziniska-15-MW-turbina-yra-didziausioje-Vokietijos-juros-vejo.jpg","type":"image\/jpeg"}],"author":"admin","twitter_card":"summary_large_image","twitter_misc":{"Written by":"admin","Est. reading time":"2 minut\u0117s"},"schema":{"@context":"https:\/\/schema.org","@graph":[{"@type":"Article","@id":"https:\/\/eautomobiliai.lt\/index.php\/2025\/04\/29\/pirmoji-milziniska-15-mw-turbina-yra-didziausioje-vokietijos-juros-vejo-jegainiu-parke\/#article","isPartOf":{"@id":"https:\/\/eautomobiliai.lt\/index.php\/2025\/04\/29\/pirmoji-milziniska-15-mw-turbina-yra-didziausioje-vokietijos-juros-vejo-jegainiu-parke\/"},"author":{"name":"admin","@id":"https:\/\/eautomobiliai.lt\/#\/schema\/person\/ecf2a967f361217d056061f74deb92f2"},"headline":"Pirmoji mil\u017eini\u0161ka 15 MW turbina yra did\u017eiausioje Vokietijos j\u016bros v\u0117jo j\u0117gaini\u0173 parke","datePublished":"2025-04-29T05:45:40+00:00","mainEntityOfPage":{"@id":"https:\/\/eautomobiliai.lt\/index.php\/2025\/04\/29\/pirmoji-milziniska-15-mw-turbina-yra-didziausioje-vokietijos-juros-vejo-jegainiu-parke\/"},"wordCount":515,"commentCount":0,"image":{"@id":"https:\/\/eautomobiliai.lt\/index.php\/2025\/04\/29\/pirmoji-milziniska-15-mw-turbina-yra-didziausioje-vokietijos-juros-vejo-jegainiu-parke\/#primaryimage"},"thumbnailUrl":"http:\/\/eautomobiliai.lt\/wp-content\/uploads\/2025\/04\/Pirmoji-milziniska-15-MW-turbina-yra-didziausioje-Vokietijos-juros-vejo.jpg","keywords":["did\u017eiausioje","j\u0117gaini\u0173","j\u016bros","mil\u017eini\u0161ka","parke","Pirmoji","turbina","v\u0117jo","Vokietijos","yra"],"articleSection":["ELEKTRINIAI AUTOMOBILIAI"],"inLanguage":"lt-LT","potentialAction":[{"@type":"CommentAction","name":"Comment","target":["https:\/\/eautomobiliai.lt\/index.php\/2025\/04\/29\/pirmoji-milziniska-15-mw-turbina-yra-didziausioje-vokietijos-juros-vejo-jegainiu-parke\/#respond"]}]},{"@type":"WebPage","@id":"https:\/\/eautomobiliai.lt\/index.php\/2025\/04\/29\/pirmoji-milziniska-15-mw-turbina-yra-didziausioje-vokietijos-juros-vejo-jegainiu-parke\/","url":"https:\/\/eautomobiliai.lt\/index.php\/2025\/04\/29\/pirmoji-milziniska-15-mw-turbina-yra-didziausioje-vokietijos-juros-vejo-jegainiu-parke\/","name":"Pirmoji mil\u017eini\u0161ka 15 MW turbina yra did\u017eiausioje Vokietijos j\u016bros v\u0117jo j\u0117gaini\u0173 parke - Eautomobiliai.lt","isPartOf":{"@id":"https:\/\/eautomobiliai.lt\/#website"},"primaryImageOfPage":{"@id":"https:\/\/eautomobiliai.lt\/index.php\/2025\/04\/29\/pirmoji-milziniska-15-mw-turbina-yra-didziausioje-vokietijos-juros-vejo-jegainiu-parke\/#primaryimage"},"image":{"@id":"https:\/\/eautomobiliai.lt\/index.php\/2025\/04\/29\/pirmoji-milziniska-15-mw-turbina-yra-didziausioje-vokietijos-juros-vejo-jegainiu-parke\/#primaryimage"},"thumbnailUrl":"http:\/\/eautomobiliai.lt\/wp-content\/uploads\/2025\/04\/Pirmoji-milziniska-15-MW-turbina-yra-didziausioje-Vokietijos-juros-vejo.jpg","datePublished":"2025-04-29T05:45:40+00:00","author":{"@id":"https:\/\/eautomobiliai.lt\/#\/schema\/person\/ecf2a967f361217d056061f74deb92f2"},"breadcrumb":{"@id":"https:\/\/eautomobiliai.lt\/index.php\/2025\/04\/29\/pirmoji-milziniska-15-mw-turbina-yra-didziausioje-vokietijos-juros-vejo-jegainiu-parke\/#breadcrumb"},"inLanguage":"lt-LT","potentialAction":[{"@type":"ReadAction","target":["https:\/\/eautomobiliai.lt\/index.php\/2025\/04\/29\/pirmoji-milziniska-15-mw-turbina-yra-didziausioje-vokietijos-juros-vejo-jegainiu-parke\/"]}]},{"@type":"ImageObject","inLanguage":"lt-LT","@id":"https:\/\/eautomobiliai.lt\/index.php\/2025\/04\/29\/pirmoji-milziniska-15-mw-turbina-yra-didziausioje-vokietijos-juros-vejo-jegainiu-parke\/#primaryimage","url":"http:\/\/eautomobiliai.lt\/wp-content\/uploads\/2025\/04\/Pirmoji-milziniska-15-MW-turbina-yra-didziausioje-Vokietijos-juros-vejo.jpg","contentUrl":"http:\/\/eautomobiliai.lt\/wp-content\/uploads\/2025\/04\/Pirmoji-milziniska-15-MW-turbina-yra-didziausioje-Vokietijos-juros-vejo.jpg","width":1200,"height":628},{"@type":"BreadcrumbList","@id":"https:\/\/eautomobiliai.lt\/index.php\/2025\/04\/29\/pirmoji-milziniska-15-mw-turbina-yra-didziausioje-vokietijos-juros-vejo-jegainiu-parke\/#breadcrumb","itemListElement":[{"@type":"ListItem","position":1,"name":"Home","item":"https:\/\/eautomobiliai.lt\/"},{"@type":"ListItem","position":2,"name":"Pirmoji mil\u017eini\u0161ka 15 MW turbina yra did\u017eiausioje Vokietijos j\u016bros v\u0117jo j\u0117gaini\u0173 parke"}]},{"@type":"WebSite","@id":"https:\/\/eautomobiliai.lt\/#website","url":"https:\/\/eautomobiliai.lt\/","name":"Eautomobiliai.lt","description":"Elektrinis transportas, technologijos","potentialAction":[{"@type":"SearchAction","target":{"@type":"EntryPoint","urlTemplate":"https:\/\/eautomobiliai.lt\/?s={search_term_string}"},"query-input":{"@type":"PropertyValueSpecification","valueRequired":true,"valueName":"search_term_string"}}],"inLanguage":"lt-LT"},{"@type":"Person","@id":"https:\/\/eautomobiliai.lt\/#\/schema\/person\/ecf2a967f361217d056061f74deb92f2","name":"admin","image":{"@type":"ImageObject","inLanguage":"lt-LT","@id":"https:\/\/eautomobiliai.lt\/#\/schema\/person\/image\/","url":"https:\/\/secure.gravatar.com\/avatar\/6323379efae0c70c686c7905444d6bbd?s=96&d=mm&r=g","contentUrl":"https:\/\/secure.gravatar.com\/avatar\/6323379efae0c70c686c7905444d6bbd?s=96&d=mm&r=g","caption":"admin"},"sameAs":["http:\/\/eautomobiliai.lt"],"url":"http:\/\/eautomobiliai.lt\/index.php\/author\/admin\/"}]}},"_links":{"self":[{"href":"http:\/\/eautomobiliai.lt\/index.php\/wp-json\/wp\/v2\/posts\/652","targetHints":{"allow":["GET"]}}],"collection":[{"href":"http:\/\/eautomobiliai.lt\/index.php\/wp-json\/wp\/v2\/posts"}],"about":[{"href":"http:\/\/eautomobiliai.lt\/index.php\/wp-json\/wp\/v2\/types\/post"}],"author":[{"embeddable":true,"href":"http:\/\/eautomobiliai.lt\/index.php\/wp-json\/wp\/v2\/users\/1"}],"replies":[{"embeddable":true,"href":"http:\/\/eautomobiliai.lt\/index.php\/wp-json\/wp\/v2\/comments?post=652"}],"version-history":[{"count":0,"href":"http:\/\/eautomobiliai.lt\/index.php\/wp-json\/wp\/v2\/posts\/652\/revisions"}],"wp:featuredmedia":[{"embeddable":true,"href":"http:\/\/eautomobiliai.lt\/index.php\/wp-json\/wp\/v2\/media\/653"}],"wp:attachment":[{"href":"http:\/\/eautomobiliai.lt\/index.php\/wp-json\/wp\/v2\/media?parent=652"}],"wp:term":[{"taxonomy":"category","embeddable":true,"href":"http:\/\/eautomobiliai.lt\/index.php\/wp-json\/wp\/v2\/categories?post=652"},{"taxonomy":"post_tag","embeddable":true,"href":"http:\/\/eautomobiliai.lt\/index.php\/wp-json\/wp\/v2\/tags?post=652"}],"curies":[{"name":"wp","href":"https:\/\/api.w.org\/{rel}","templated":true}]}}