{"id":673,"date":"2025-05-01T02:36:30","date_gmt":"2025-05-01T02:36:30","guid":{"rendered":"http:\/\/eautomobiliai.lt\/index.php\/2025\/05\/01\/tesla-padidina-kainas-kanadoje-d-trumpo-prekybos-karo-deka-nes-kainos-sumazejo-australijoje\/"},"modified":"2025-05-01T02:36:30","modified_gmt":"2025-05-01T02:36:30","slug":"tesla-padidina-kainas-kanadoje-d-trumpo-prekybos-karo-deka-nes-kainos-sumazejo-australijoje","status":"publish","type":"post","link":"http:\/\/eautomobiliai.lt\/index.php\/2025\/05\/01\/tesla-padidina-kainas-kanadoje-d-trumpo-prekybos-karo-deka-nes-kainos-sumazejo-australijoje\/","title":{"rendered":"\u201eTesla\u201c padidina kainas Kanadoje D.Trumpo prekybos karo d\u0117ka, nes kainos suma\u017e\u0117jo Australijoje"},"content":{"rendered":"<p> <br \/>\n<\/p>\n<div id=\"\">\n<p>D\u0117l tarif\u0173 karo, kur\u012f suk\u0117l\u0117 \u201eTesla\u201c generalinio direktoriaus generalinio direktoriaus bi\u010diulis ir tiesioginis bosas Donaldas Trumpas, \u201eEV\u201c gamintojas Tesla buvo priverstas padidinti savo automobili\u0173 kainas Kanadoje &#8211; nuo C10 000 iki C30 000 USD &#8211; d\u0117l tarif\u0173 karo.<\/p>\n<p>\u201eTesla\u201c \u0161iais metais jau steng\u0117si parduoti savo EV Kanadoje d\u0117l antipatijos prie\u0161 Musk\u0105 ir jo artimus ry\u0161ius su Trumpu, kuris, atrodo, kad Kanada tapo 51 met\u0173 Kanada<sup>ST<\/sup> JAV valstija &#8211; \u017eingsnis, d\u0117l kurio kai kurios vyriausyb\u0117s jau paskatino \u012fmon\u0119 pa\u0161alinti i\u0161 EV nuolaid\u0173 schem\u0173.<\/p>\n<p>Reaguodama \u012f JAV impozuojan\u010dius tarifus Kanados importui, Kanada atker\u0161ijo 25 proc. Tarif\u0173 tam tikr\u0173 preki\u0173 importui i\u0161 JAV, \u012fskaitant plieno ir aliuminio produktus ir automatin\u012f import\u0105.<\/p>\n<p>JAV \u012fsik\u016brusi \u201eElectrek\u201c apskai\u010diavo kain\u0173 padid\u0117jim\u0105 Kanadoje nuo 13 iki 22 procent\u0173. Tai taip pat sudar\u0117 i\u0161sam\u0173 kain\u0173 pakeitim\u0173 s\u0105ra\u0161\u0105 (visos kainos Kanados doleriais):<\/p>\n<ul>\n<li><strong>3 modelis tolimojo nuotolio AWD<\/strong>\n<ul>\n<li>Senoji kaina: 68 990 USD<\/li>\n<li>Nauja kaina: 79 990 USD<\/li>\n<li>Kainos padid\u0117jimas: 11 000 USD (16%)<\/li>\n<\/ul>\n<\/li>\n<li><strong>3 modelio na\u0161umas<\/strong>\n<ul>\n<li>Senoji kaina: 79 990 USD<\/li>\n<li>Nauja kaina: 89 990 USD<\/li>\n<li>Kainos padid\u0117jimas: 10 000 USD (13%)<\/li>\n<\/ul>\n<\/li>\n<li><strong>Y modelis tolimojo nuotolio AWD<\/strong>\n<ul>\n<li>Senoji kaina: 69 990 USD<\/li>\n<li>Nauja kaina: 84 990 USD<\/li>\n<li>Kainos padid\u0117jimas: 15 000 USD (21%)<\/li>\n<\/ul>\n<\/li>\n<li><strong>Modelio tolimojo nuotolio AWD<\/strong>\n<ul>\n<li>Senoji kaina: 114 990 USD<\/li>\n<li>Nauja kaina: 133 990 USD<\/li>\n<li>Kainos padid\u0117jimas: 19 000 USD (17%)<\/li>\n<\/ul>\n<\/li>\n<li><strong>Modelis S pledas<\/strong>\n<ul>\n<li>Senoji kaina: 136 990 USD<\/li>\n<li>Nauja kaina: 154 990 USD<\/li>\n<li>Kainos padid\u0117jimas: 18 000 USD (13%)<\/li>\n<\/ul>\n<\/li>\n<li><strong>X modelis tolimojo diapazono AWD<\/strong>\n<ul>\n<li>Senoji kaina: 121 990 USD<\/li>\n<li>Nauja kaina: 140 990 USD<\/li>\n<li>Kainos padid\u0117jimas: 19 000 USD (16%)<\/li>\n<\/ul>\n<\/li>\n<li><strong>X modelis pledas<\/strong>\n<ul>\n<li>Senoji kaina: 142 990 USD<\/li>\n<li>Nauja kaina: 161 990 USD<\/li>\n<li>Kainos padid\u0117jimas: 19 000 USD (13%)<\/li>\n<\/ul>\n<\/li>\n<li><strong>\u201eCyberTruck\u201c dvigubo variklio AWD<\/strong>\n<ul>\n<li>Senoji kaina: 114 990 USD<\/li>\n<li>Nauja kaina: 139 990 USD<\/li>\n<li>Kainos padid\u0117jimas: 25 000 USD (22%)<\/li>\n<\/ul>\n<\/li>\n<li><strong>\u201eCyberTruck Tri-Motor CyberBeast\u201c<\/strong>\n<ul>\n<li>Senoji kaina: 137 990 USD<\/li>\n<li>Nauja kaina: 167 990 USD<\/li>\n<li>Kainos padid\u0117jimas: 30 000 USD (22%)<\/li>\n<\/ul>\n<\/li>\n<\/ul>\n<p>Padid\u0117jusi kainodara skirta tik naujai importuotiems modeliams, o automobiliai, kurie jau buvo importuoti \u012f Kanad\u0105, liko \u201eikimokyklinio kainos\u201c.<\/p>\n<p>Tai prie\u0161tarauja situacijai Australijoje, kur \u201eTesla\u201c paskelb\u0117 kelet\u0105 dramati\u0161k\u0173 nuolaid\u0173 &#8211; iki 9000 USD &#8211; \u201eLegacy Model Y\u201c atsarg\u0173 atsarg\u0173, ypa\u010d tolimojo AWD versijos, atsarg\u0173, o ypa\u010d tolimojo AWD versijos &#8211; prie\u0161 pradedant atnaujinti pasaulyje geriausiai parduodamos EV versij\u0105 gegu\u017e\u0119.<\/p>\n<\/p>\n<div class=\"saboxplugin-wrap\" itemtype=\"http:\/\/schema.org\/Person\" itemscope=\"\" itemprop=\"author\">\n<div class=\"saboxplugin-tab\">\n<div class=\"saboxplugin-gravatar\"><img decoding=\"async\" loading=\"lazy\" alt=\"Joshua S. Hill\" src=\"https:\/\/secure.gravatar.com\/avatar\/674502fafd2221f0fc2baf7da1435a7980e9492ea0657bfcd546273621f39689?s=100&amp;d=mm&amp;r=g\" srcset=\"https:\/\/secure.gravatar.com\/avatar\/674502fafd2221f0fc2baf7da1435a7980e9492ea0657bfcd546273621f39689?s=200&amp;d=mm&amp;r=g 2x\" class=\"avatar avatar-100 photo\" height=\"100\" width=\"100\" itemprop=\"image\"\/><\/div>\n<div class=\"saboxplugin-desc\">\n<div itemprop=\"description\">\n<p>Joshua S. Hill yra Melburno \u017eurnalistas, daugiau nei 15 met\u0173 ra\u0161antis apie klimato poky\u010dius, \u0161varias technologijas ir elektrines transporto priemones. Jis prane\u0161a apie elektrines transporto priemones ir \u0161varias atnaujinimo ekonomikos ir varomosios technologijas nuo 2012 m. Jo pageidaujamas transporto b\u016bdas yra jo kojos.<\/p>\n<\/div>\n<\/div>\n<\/div>\n<\/div>\n<p><!-- AI CONTENT END 1 --><\/p><\/div>\n<p><br \/>\n<br \/><a href=\"https:\/\/thedriven.io\/2025\/04\/29\/tesla-hikes-prices-in-canada-thanks-to-trumps-trade-war-as-prices-slashed-in-australia\/\">Source link <\/a><\/p>\n","protected":false},"excerpt":{"rendered":"<p>D\u0117l tarif\u0173 karo, kur\u012f suk\u0117l\u0117 \u201eTesla\u201c generalinio direktoriaus generalinio direktoriaus bi\u010diulis ir tiesioginis bosas Donaldas Trumpas, \u201eEV\u201c gamintojas Tesla buvo&hellip;<\/p>\n","protected":false},"author":1,"featured_media":674,"comment_status":"open","ping_status":"open","sticky":false,"template":"","format":"standard","meta":{"om_disable_all_campaigns":false,"_monsterinsights_skip_tracking":false,"_monsterinsights_sitenote_active":false,"_monsterinsights_sitenote_note":"","_monsterinsights_sitenote_category":0,"footnotes":""},"categories":[39],"tags":[115,1266,1591,1374,775,1091,1590,116,1529,408,688,14],"class_list":["post-673","post","type-post","status-publish","format-standard","has-post-thumbnail","hentry","category-eautomobiliu-technine-puse","tag-australijoje","tag-d-trumpo","tag-deka","tag-kainas","tag-kainos","tag-kanadoje","tag-karo","tag-nes","tag-padidina","tag-prekybos","tag-sumazejo","tag-tesla"],"aioseo_notices":[],"yoast_head":"<!-- This site is optimized with the Yoast SEO plugin v26.8 - https:\/\/yoast.com\/product\/yoast-seo-wordpress\/ -->\n<title>\u201eTesla\u201c padidina kainas Kanadoje D.Trumpo prekybos karo d\u0117ka, nes kainos suma\u017e\u0117jo Australijoje - Eautomobiliai.lt<\/title>\n<meta name=\"robots\" content=\"index, follow, max-snippet:-1, max-image-preview:large, max-video-preview:-1\" \/>\n<link rel=\"canonical\" href=\"http:\/\/eautomobiliai.lt\/index.php\/2025\/05\/01\/tesla-padidina-kainas-kanadoje-d-trumpo-prekybos-karo-deka-nes-kainos-sumazejo-australijoje\/\" \/>\n<meta property=\"og:locale\" content=\"lt_LT\" \/>\n<meta property=\"og:type\" content=\"article\" \/>\n<meta property=\"og:title\" content=\"\u201eTesla\u201c padidina kainas Kanadoje D.Trumpo prekybos karo d\u0117ka, nes kainos suma\u017e\u0117jo Australijoje - Eautomobiliai.lt\" \/>\n<meta property=\"og:description\" content=\"D\u0117l tarif\u0173 karo, kur\u012f suk\u0117l\u0117 \u201eTesla\u201c generalinio direktoriaus generalinio direktoriaus bi\u010diulis ir tiesioginis bosas Donaldas Trumpas, \u201eEV\u201c gamintojas Tesla buvo&hellip;\" \/>\n<meta property=\"og:url\" content=\"http:\/\/eautomobiliai.lt\/index.php\/2025\/05\/01\/tesla-padidina-kainas-kanadoje-d-trumpo-prekybos-karo-deka-nes-kainos-sumazejo-australijoje\/\" \/>\n<meta property=\"og:site_name\" content=\"Eautomobiliai.lt\" \/>\n<meta property=\"article:published_time\" content=\"2025-05-01T02:36:30+00:00\" \/>\n<meta property=\"og:image\" content=\"http:\/\/eautomobiliai.lt\/wp-content\/uploads\/2025\/05\/\u201eTesla-padidina-kainas-Kanadoje-DTrumpo-prekybos-karo-deka-nes-kainos.jpg\" \/>\n\t<meta property=\"og:image:width\" content=\"1200\" \/>\n\t<meta property=\"og:image:height\" content=\"700\" \/>\n\t<meta property=\"og:image:type\" content=\"image\/jpeg\" \/>\n<meta name=\"author\" content=\"admin\" \/>\n<meta name=\"twitter:card\" content=\"summary_large_image\" \/>\n<meta name=\"twitter:label1\" content=\"Written by\" \/>\n\t<meta name=\"twitter:data1\" content=\"admin\" \/>\n\t<meta name=\"twitter:label2\" content=\"Est. reading time\" \/>\n\t<meta name=\"twitter:data2\" content=\"2 minut\u0117s\" \/>\n<script type=\"application\/ld+json\" class=\"yoast-schema-graph\">{\"@context\":\"https:\/\/schema.org\",\"@graph\":[{\"@type\":\"Article\",\"@id\":\"http:\/\/eautomobiliai.lt\/index.php\/2025\/05\/01\/tesla-padidina-kainas-kanadoje-d-trumpo-prekybos-karo-deka-nes-kainos-sumazejo-australijoje\/#article\",\"isPartOf\":{\"@id\":\"http:\/\/eautomobiliai.lt\/index.php\/2025\/05\/01\/tesla-padidina-kainas-kanadoje-d-trumpo-prekybos-karo-deka-nes-kainos-sumazejo-australijoje\/\"},\"author\":{\"name\":\"admin\",\"@id\":\"http:\/\/eautomobiliai.lt\/#\/schema\/person\/ecf2a967f361217d056061f74deb92f2\"},\"headline\":\"\u201eTesla\u201c padidina kainas Kanadoje D.Trumpo prekybos karo d\u0117ka, nes kainos suma\u017e\u0117jo Australijoje\",\"datePublished\":\"2025-05-01T02:36:30+00:00\",\"mainEntityOfPage\":{\"@id\":\"http:\/\/eautomobiliai.lt\/index.php\/2025\/05\/01\/tesla-padidina-kainas-kanadoje-d-trumpo-prekybos-karo-deka-nes-kainos-sumazejo-australijoje\/\"},\"wordCount\":389,\"commentCount\":0,\"image\":{\"@id\":\"http:\/\/eautomobiliai.lt\/index.php\/2025\/05\/01\/tesla-padidina-kainas-kanadoje-d-trumpo-prekybos-karo-deka-nes-kainos-sumazejo-australijoje\/#primaryimage\"},\"thumbnailUrl\":\"http:\/\/eautomobiliai.lt\/wp-content\/uploads\/2025\/05\/\u201eTesla-padidina-kainas-Kanadoje-DTrumpo-prekybos-karo-deka-nes-kainos.jpg\",\"keywords\":[\"Australijoje\",\"D.Trumpo\",\"d\u0117ka\",\"kainas\",\"kainos\",\"Kanadoje\",\"karo\",\"nes\",\"padidina\",\"prekybos\",\"suma\u017e\u0117jo\",\"Tesla\"],\"articleSection\":[\"eAUTOMOBILI\u0172 TECHNIN\u0116 PUS\u0116\"],\"inLanguage\":\"lt-LT\",\"potentialAction\":[{\"@type\":\"CommentAction\",\"name\":\"Comment\",\"target\":[\"http:\/\/eautomobiliai.lt\/index.php\/2025\/05\/01\/tesla-padidina-kainas-kanadoje-d-trumpo-prekybos-karo-deka-nes-kainos-sumazejo-australijoje\/#respond\"]}]},{\"@type\":\"WebPage\",\"@id\":\"http:\/\/eautomobiliai.lt\/index.php\/2025\/05\/01\/tesla-padidina-kainas-kanadoje-d-trumpo-prekybos-karo-deka-nes-kainos-sumazejo-australijoje\/\",\"url\":\"http:\/\/eautomobiliai.lt\/index.php\/2025\/05\/01\/tesla-padidina-kainas-kanadoje-d-trumpo-prekybos-karo-deka-nes-kainos-sumazejo-australijoje\/\",\"name\":\"\u201eTesla\u201c padidina kainas Kanadoje D.Trumpo prekybos karo d\u0117ka, nes kainos suma\u017e\u0117jo Australijoje - Eautomobiliai.lt\",\"isPartOf\":{\"@id\":\"http:\/\/eautomobiliai.lt\/#website\"},\"primaryImageOfPage\":{\"@id\":\"http:\/\/eautomobiliai.lt\/index.php\/2025\/05\/01\/tesla-padidina-kainas-kanadoje-d-trumpo-prekybos-karo-deka-nes-kainos-sumazejo-australijoje\/#primaryimage\"},\"image\":{\"@id\":\"http:\/\/eautomobiliai.lt\/index.php\/2025\/05\/01\/tesla-padidina-kainas-kanadoje-d-trumpo-prekybos-karo-deka-nes-kainos-sumazejo-australijoje\/#primaryimage\"},\"thumbnailUrl\":\"http:\/\/eautomobiliai.lt\/wp-content\/uploads\/2025\/05\/\u201eTesla-padidina-kainas-Kanadoje-DTrumpo-prekybos-karo-deka-nes-kainos.jpg\",\"datePublished\":\"2025-05-01T02:36:30+00:00\",\"author\":{\"@id\":\"http:\/\/eautomobiliai.lt\/#\/schema\/person\/ecf2a967f361217d056061f74deb92f2\"},\"breadcrumb\":{\"@id\":\"http:\/\/eautomobiliai.lt\/index.php\/2025\/05\/01\/tesla-padidina-kainas-kanadoje-d-trumpo-prekybos-karo-deka-nes-kainos-sumazejo-australijoje\/#breadcrumb\"},\"inLanguage\":\"lt-LT\",\"potentialAction\":[{\"@type\":\"ReadAction\",\"target\":[\"http:\/\/eautomobiliai.lt\/index.php\/2025\/05\/01\/tesla-padidina-kainas-kanadoje-d-trumpo-prekybos-karo-deka-nes-kainos-sumazejo-australijoje\/\"]}]},{\"@type\":\"ImageObject\",\"inLanguage\":\"lt-LT\",\"@id\":\"http:\/\/eautomobiliai.lt\/index.php\/2025\/05\/01\/tesla-padidina-kainas-kanadoje-d-trumpo-prekybos-karo-deka-nes-kainos-sumazejo-australijoje\/#primaryimage\",\"url\":\"http:\/\/eautomobiliai.lt\/wp-content\/uploads\/2025\/05\/\u201eTesla-padidina-kainas-Kanadoje-DTrumpo-prekybos-karo-deka-nes-kainos.jpg\",\"contentUrl\":\"http:\/\/eautomobiliai.lt\/wp-content\/uploads\/2025\/05\/\u201eTesla-padidina-kainas-Kanadoje-DTrumpo-prekybos-karo-deka-nes-kainos.jpg\",\"width\":1200,\"height\":700},{\"@type\":\"BreadcrumbList\",\"@id\":\"http:\/\/eautomobiliai.lt\/index.php\/2025\/05\/01\/tesla-padidina-kainas-kanadoje-d-trumpo-prekybos-karo-deka-nes-kainos-sumazejo-australijoje\/#breadcrumb\",\"itemListElement\":[{\"@type\":\"ListItem\",\"position\":1,\"name\":\"Home\",\"item\":\"http:\/\/eautomobiliai.lt\/\"},{\"@type\":\"ListItem\",\"position\":2,\"name\":\"\u201eTesla\u201c padidina kainas Kanadoje D.Trumpo prekybos karo d\u0117ka, nes kainos suma\u017e\u0117jo Australijoje\"}]},{\"@type\":\"WebSite\",\"@id\":\"http:\/\/eautomobiliai.lt\/#website\",\"url\":\"http:\/\/eautomobiliai.lt\/\",\"name\":\"Eautomobiliai.lt\",\"description\":\"Elektrinis transportas, technologijos\",\"potentialAction\":[{\"@type\":\"SearchAction\",\"target\":{\"@type\":\"EntryPoint\",\"urlTemplate\":\"http:\/\/eautomobiliai.lt\/?s={search_term_string}\"},\"query-input\":{\"@type\":\"PropertyValueSpecification\",\"valueRequired\":true,\"valueName\":\"search_term_string\"}}],\"inLanguage\":\"lt-LT\"},{\"@type\":\"Person\",\"@id\":\"http:\/\/eautomobiliai.lt\/#\/schema\/person\/ecf2a967f361217d056061f74deb92f2\",\"name\":\"admin\",\"image\":{\"@type\":\"ImageObject\",\"inLanguage\":\"lt-LT\",\"@id\":\"http:\/\/eautomobiliai.lt\/#\/schema\/person\/image\/\",\"url\":\"https:\/\/secure.gravatar.com\/avatar\/6323379efae0c70c686c7905444d6bbd?s=96&d=mm&r=g\",\"contentUrl\":\"https:\/\/secure.gravatar.com\/avatar\/6323379efae0c70c686c7905444d6bbd?s=96&d=mm&r=g\",\"caption\":\"admin\"},\"sameAs\":[\"http:\/\/eautomobiliai.lt\"],\"url\":\"http:\/\/eautomobiliai.lt\/index.php\/author\/admin\/\"}]}<\/script>\n<!-- \/ Yoast SEO plugin. -->","yoast_head_json":{"title":"\u201eTesla\u201c padidina kainas Kanadoje D.Trumpo prekybos karo d\u0117ka, nes kainos suma\u017e\u0117jo Australijoje - Eautomobiliai.lt","robots":{"index":"index","follow":"follow","max-snippet":"max-snippet:-1","max-image-preview":"max-image-preview:large","max-video-preview":"max-video-preview:-1"},"canonical":"http:\/\/eautomobiliai.lt\/index.php\/2025\/05\/01\/tesla-padidina-kainas-kanadoje-d-trumpo-prekybos-karo-deka-nes-kainos-sumazejo-australijoje\/","og_locale":"lt_LT","og_type":"article","og_title":"\u201eTesla\u201c padidina kainas Kanadoje D.Trumpo prekybos karo d\u0117ka, nes kainos suma\u017e\u0117jo Australijoje - Eautomobiliai.lt","og_description":"D\u0117l tarif\u0173 karo, kur\u012f suk\u0117l\u0117 \u201eTesla\u201c generalinio direktoriaus generalinio direktoriaus bi\u010diulis ir tiesioginis bosas Donaldas Trumpas, \u201eEV\u201c gamintojas Tesla buvo&hellip;","og_url":"http:\/\/eautomobiliai.lt\/index.php\/2025\/05\/01\/tesla-padidina-kainas-kanadoje-d-trumpo-prekybos-karo-deka-nes-kainos-sumazejo-australijoje\/","og_site_name":"Eautomobiliai.lt","article_published_time":"2025-05-01T02:36:30+00:00","og_image":[{"width":1200,"height":700,"url":"http:\/\/eautomobiliai.lt\/wp-content\/uploads\/2025\/05\/\u201eTesla-padidina-kainas-Kanadoje-DTrumpo-prekybos-karo-deka-nes-kainos.jpg","type":"image\/jpeg"}],"author":"admin","twitter_card":"summary_large_image","twitter_misc":{"Written by":"admin","Est. reading time":"2 minut\u0117s"},"schema":{"@context":"https:\/\/schema.org","@graph":[{"@type":"Article","@id":"http:\/\/eautomobiliai.lt\/index.php\/2025\/05\/01\/tesla-padidina-kainas-kanadoje-d-trumpo-prekybos-karo-deka-nes-kainos-sumazejo-australijoje\/#article","isPartOf":{"@id":"http:\/\/eautomobiliai.lt\/index.php\/2025\/05\/01\/tesla-padidina-kainas-kanadoje-d-trumpo-prekybos-karo-deka-nes-kainos-sumazejo-australijoje\/"},"author":{"name":"admin","@id":"http:\/\/eautomobiliai.lt\/#\/schema\/person\/ecf2a967f361217d056061f74deb92f2"},"headline":"\u201eTesla\u201c padidina kainas Kanadoje D.Trumpo prekybos karo d\u0117ka, nes kainos suma\u017e\u0117jo Australijoje","datePublished":"2025-05-01T02:36:30+00:00","mainEntityOfPage":{"@id":"http:\/\/eautomobiliai.lt\/index.php\/2025\/05\/01\/tesla-padidina-kainas-kanadoje-d-trumpo-prekybos-karo-deka-nes-kainos-sumazejo-australijoje\/"},"wordCount":389,"commentCount":0,"image":{"@id":"http:\/\/eautomobiliai.lt\/index.php\/2025\/05\/01\/tesla-padidina-kainas-kanadoje-d-trumpo-prekybos-karo-deka-nes-kainos-sumazejo-australijoje\/#primaryimage"},"thumbnailUrl":"http:\/\/eautomobiliai.lt\/wp-content\/uploads\/2025\/05\/\u201eTesla-padidina-kainas-Kanadoje-DTrumpo-prekybos-karo-deka-nes-kainos.jpg","keywords":["Australijoje","D.Trumpo","d\u0117ka","kainas","kainos","Kanadoje","karo","nes","padidina","prekybos","suma\u017e\u0117jo","Tesla"],"articleSection":["eAUTOMOBILI\u0172 TECHNIN\u0116 PUS\u0116"],"inLanguage":"lt-LT","potentialAction":[{"@type":"CommentAction","name":"Comment","target":["http:\/\/eautomobiliai.lt\/index.php\/2025\/05\/01\/tesla-padidina-kainas-kanadoje-d-trumpo-prekybos-karo-deka-nes-kainos-sumazejo-australijoje\/#respond"]}]},{"@type":"WebPage","@id":"http:\/\/eautomobiliai.lt\/index.php\/2025\/05\/01\/tesla-padidina-kainas-kanadoje-d-trumpo-prekybos-karo-deka-nes-kainos-sumazejo-australijoje\/","url":"http:\/\/eautomobiliai.lt\/index.php\/2025\/05\/01\/tesla-padidina-kainas-kanadoje-d-trumpo-prekybos-karo-deka-nes-kainos-sumazejo-australijoje\/","name":"\u201eTesla\u201c padidina kainas Kanadoje D.Trumpo prekybos karo d\u0117ka, nes kainos suma\u017e\u0117jo Australijoje - Eautomobiliai.lt","isPartOf":{"@id":"http:\/\/eautomobiliai.lt\/#website"},"primaryImageOfPage":{"@id":"http:\/\/eautomobiliai.lt\/index.php\/2025\/05\/01\/tesla-padidina-kainas-kanadoje-d-trumpo-prekybos-karo-deka-nes-kainos-sumazejo-australijoje\/#primaryimage"},"image":{"@id":"http:\/\/eautomobiliai.lt\/index.php\/2025\/05\/01\/tesla-padidina-kainas-kanadoje-d-trumpo-prekybos-karo-deka-nes-kainos-sumazejo-australijoje\/#primaryimage"},"thumbnailUrl":"http:\/\/eautomobiliai.lt\/wp-content\/uploads\/2025\/05\/\u201eTesla-padidina-kainas-Kanadoje-DTrumpo-prekybos-karo-deka-nes-kainos.jpg","datePublished":"2025-05-01T02:36:30+00:00","author":{"@id":"http:\/\/eautomobiliai.lt\/#\/schema\/person\/ecf2a967f361217d056061f74deb92f2"},"breadcrumb":{"@id":"http:\/\/eautomobiliai.lt\/index.php\/2025\/05\/01\/tesla-padidina-kainas-kanadoje-d-trumpo-prekybos-karo-deka-nes-kainos-sumazejo-australijoje\/#breadcrumb"},"inLanguage":"lt-LT","potentialAction":[{"@type":"ReadAction","target":["http:\/\/eautomobiliai.lt\/index.php\/2025\/05\/01\/tesla-padidina-kainas-kanadoje-d-trumpo-prekybos-karo-deka-nes-kainos-sumazejo-australijoje\/"]}]},{"@type":"ImageObject","inLanguage":"lt-LT","@id":"http:\/\/eautomobiliai.lt\/index.php\/2025\/05\/01\/tesla-padidina-kainas-kanadoje-d-trumpo-prekybos-karo-deka-nes-kainos-sumazejo-australijoje\/#primaryimage","url":"http:\/\/eautomobiliai.lt\/wp-content\/uploads\/2025\/05\/\u201eTesla-padidina-kainas-Kanadoje-DTrumpo-prekybos-karo-deka-nes-kainos.jpg","contentUrl":"http:\/\/eautomobiliai.lt\/wp-content\/uploads\/2025\/05\/\u201eTesla-padidina-kainas-Kanadoje-DTrumpo-prekybos-karo-deka-nes-kainos.jpg","width":1200,"height":700},{"@type":"BreadcrumbList","@id":"http:\/\/eautomobiliai.lt\/index.php\/2025\/05\/01\/tesla-padidina-kainas-kanadoje-d-trumpo-prekybos-karo-deka-nes-kainos-sumazejo-australijoje\/#breadcrumb","itemListElement":[{"@type":"ListItem","position":1,"name":"Home","item":"http:\/\/eautomobiliai.lt\/"},{"@type":"ListItem","position":2,"name":"\u201eTesla\u201c padidina kainas Kanadoje D.Trumpo prekybos karo d\u0117ka, nes kainos suma\u017e\u0117jo Australijoje"}]},{"@type":"WebSite","@id":"http:\/\/eautomobiliai.lt\/#website","url":"http:\/\/eautomobiliai.lt\/","name":"Eautomobiliai.lt","description":"Elektrinis transportas, technologijos","potentialAction":[{"@type":"SearchAction","target":{"@type":"EntryPoint","urlTemplate":"http:\/\/eautomobiliai.lt\/?s={search_term_string}"},"query-input":{"@type":"PropertyValueSpecification","valueRequired":true,"valueName":"search_term_string"}}],"inLanguage":"lt-LT"},{"@type":"Person","@id":"http:\/\/eautomobiliai.lt\/#\/schema\/person\/ecf2a967f361217d056061f74deb92f2","name":"admin","image":{"@type":"ImageObject","inLanguage":"lt-LT","@id":"http:\/\/eautomobiliai.lt\/#\/schema\/person\/image\/","url":"https:\/\/secure.gravatar.com\/avatar\/6323379efae0c70c686c7905444d6bbd?s=96&d=mm&r=g","contentUrl":"https:\/\/secure.gravatar.com\/avatar\/6323379efae0c70c686c7905444d6bbd?s=96&d=mm&r=g","caption":"admin"},"sameAs":["http:\/\/eautomobiliai.lt"],"url":"http:\/\/eautomobiliai.lt\/index.php\/author\/admin\/"}]}},"_links":{"self":[{"href":"http:\/\/eautomobiliai.lt\/index.php\/wp-json\/wp\/v2\/posts\/673","targetHints":{"allow":["GET"]}}],"collection":[{"href":"http:\/\/eautomobiliai.lt\/index.php\/wp-json\/wp\/v2\/posts"}],"about":[{"href":"http:\/\/eautomobiliai.lt\/index.php\/wp-json\/wp\/v2\/types\/post"}],"author":[{"embeddable":true,"href":"http:\/\/eautomobiliai.lt\/index.php\/wp-json\/wp\/v2\/users\/1"}],"replies":[{"embeddable":true,"href":"http:\/\/eautomobiliai.lt\/index.php\/wp-json\/wp\/v2\/comments?post=673"}],"version-history":[{"count":0,"href":"http:\/\/eautomobiliai.lt\/index.php\/wp-json\/wp\/v2\/posts\/673\/revisions"}],"wp:featuredmedia":[{"embeddable":true,"href":"http:\/\/eautomobiliai.lt\/index.php\/wp-json\/wp\/v2\/media\/674"}],"wp:attachment":[{"href":"http:\/\/eautomobiliai.lt\/index.php\/wp-json\/wp\/v2\/media?parent=673"}],"wp:term":[{"taxonomy":"category","embeddable":true,"href":"http:\/\/eautomobiliai.lt\/index.php\/wp-json\/wp\/v2\/categories?post=673"},{"taxonomy":"post_tag","embeddable":true,"href":"http:\/\/eautomobiliai.lt\/index.php\/wp-json\/wp\/v2\/tags?post=673"}],"curies":[{"name":"wp","href":"https:\/\/api.w.org\/{rel}","templated":true}]}}