{"id":699,"date":"2025-05-03T06:08:28","date_gmt":"2025-05-03T06:08:28","guid":{"rendered":"http:\/\/eautomobiliai.lt\/index.php\/2025\/05\/03\/honda-tikrai-nori-jums-parduoti-vandenilio-kuro-elementa-siandien-5-dalis\/"},"modified":"2025-05-03T06:08:28","modified_gmt":"2025-05-03T06:08:28","slug":"honda-tikrai-nori-jums-parduoti-vandenilio-kuro-elementa-siandien-5-dalis","status":"publish","type":"post","link":"http:\/\/eautomobiliai.lt\/index.php\/2025\/05\/03\/honda-tikrai-nori-jums-parduoti-vandenilio-kuro-elementa-siandien-5-dalis\/","title":{"rendered":"\u201eHonda\u201c tikrai nori jums parduoti vandenilio kuro element\u0105 \u0161iandien (5 dalis)"},"content":{"rendered":"<p> <br \/>\n<\/p>\n<div>\n<figure class=\"img-border featured-image\">\n\t<\/figure>\n<p>\u201eHonda\u201c atvyko \u012f \u0161i\u0173 met\u0173 ACT parod\u0105 Anaheim mieste, Kalifornijoje, puikiai steb\u0117dama \u017eandikaul\u012f ma\u017einan\u010dio vandenilio kuro element\u0173, naudojam\u0173 pusiau sunkve\u017eim\u012f, kur\u012f jie pademonstravo pra\u0117jusiais metais. \u0160iais metais bendrov\u0117s kuro elementas yra gaminamas nuosekliai ir yra prieinamas dabar.<\/p>\n<p><span id=\"more-414116\"\/><\/p>\n<p>\u201e\u201e Honda \u201cvandenilis yra atviras verslui\u201c, &#8211; sako Davidas Perzynski, \u201eAmerican Honda\u201c vandenilio sprendim\u0173 vystymo vadovo pad\u0117j\u0117jas. \u201e(Mes turime) kuro element\u0173 technologij\u0105, kompetencij\u0105 ir tiekimo grandin\u0119, skirt\u0105 maitinti \u012fvairius nulini\u0173 i\u0161metam\u0173j\u0173 ter\u0161al\u0173 produktus, \u012fskaitant komercin\u012f sunkve\u017eim\u012f ir nejudan\u010di\u0105 energijos gamyb\u0105.\u201c<\/p>\n<p>Bendrov\u0117 atvyko su labiau sukurta savo \u201ePeterbilt 579EV\u201c pagrindu sukurta \u201eHFC Semi Concept\u201c versija, kuri yra pagr\u012fsta vienu i\u0161 \u0161io prek\u0117s \u017eenklo esam\u0173 BEV ir naudoja \u201eHonda\u201c kuro element\u0105 kaip savo 120 kWh baterijos generatori\u0173 nuo diapazono.<\/p>\n<p>Vien tik akumuliatoriaus galia, \u201eBig Pete\u201c yra tinkamas iki 150 myli\u0173 visi\u0161kai pakrauto diapazono. Ta\u010diau kai kuro elementas va\u017eiuoja \u201ePiggyback\u201c, sunkve\u017eimio diapazonas pakyla \u012f daugiau nei 500 myli\u0173, esant 82 000 svar\u0173, kombinuoto transporto priemon\u0117s svoriui.<\/p>\n<p>\t<span class=\"outbrain-ad-label\">Skelbimas &#8211; slinkite daugiau turinio<\/span><\/p>\n<div id=\"ez-toc-container\" class=\"ez-toc-v2_0_82_2 counter-hierarchy ez-toc-counter ez-toc-grey ez-toc-container-direction\">\n<div class=\"ez-toc-title-container\">\n<p class=\"ez-toc-title\" style=\"cursor:inherit\">Turinys:<\/p>\n<span class=\"ez-toc-title-toggle\"><a href=\"#\" class=\"ez-toc-pull-right ez-toc-btn ez-toc-btn-xs ez-toc-btn-default ez-toc-toggle\" aria-label=\"Toggle Table of Content\"><span class=\"ez-toc-js-icon-con\"><span class=\"\"><span class=\"eztoc-hide\" style=\"display:none;\">Toggle<\/span><span class=\"ez-toc-icon-toggle-span\"><svg style=\"fill: #999;color:#999\" xmlns=\"http:\/\/www.w3.org\/2000\/svg\" class=\"list-377408\" width=\"20px\" height=\"20px\" viewBox=\"0 0 24 24\" fill=\"none\"><path d=\"M6 6H4v2h2V6zm14 0H8v2h12V6zM4 11h2v2H4v-2zm16 0H8v2h12v-2zM4 16h2v2H4v-2zm16 0H8v2h12v-2z\" fill=\"currentColor\"><\/path><\/svg><svg style=\"fill: #999;color:#999\" class=\"arrow-unsorted-368013\" xmlns=\"http:\/\/www.w3.org\/2000\/svg\" width=\"10px\" height=\"10px\" viewBox=\"0 0 24 24\" version=\"1.2\" baseProfile=\"tiny\"><path d=\"M18.2 9.3l-6.2-6.3-6.2 6.3c-.2.2-.3.4-.3.7s.1.5.3.7c.2.2.4.3.7.3h11c.3 0 .5-.1.7-.3.2-.2.3-.5.3-.7s-.1-.5-.3-.7zM5.8 14.7l6.2 6.3 6.2-6.3c.2-.2.3-.5.3-.7s-.1-.5-.3-.7c-.2-.2-.4-.3-.7-.3h-11c-.3 0-.5.1-.7.3-.2.2-.3.5-.3.7s.1.5.3.7z\"\/><\/svg><\/span><\/span><\/span><\/a><\/span><\/div>\n<nav><ul class='ez-toc-list ez-toc-list-level-1 ' ><li class='ez-toc-page-1 ez-toc-heading-level-2'><a class=\"ez-toc-link ez-toc-heading-1\" href=\"http:\/\/eautomobiliai.lt\/index.php\/2025\/05\/03\/honda-tikrai-nori-jums-parduoti-vandenilio-kuro-elementa-siandien-5-dalis\/#Daugiau_nei_tik_diapazono_pratesejas\" >Daugiau nei tik diapazono prat\u0119s\u0117jas<\/a><\/li><li class='ez-toc-page-1 ez-toc-heading-level-2'><a class=\"ez-toc-link ez-toc-heading-2\" href=\"http:\/\/eautomobiliai.lt\/index.php\/2025\/05\/03\/honda-tikrai-nori-jums-parduoti-vandenilio-kuro-elementa-siandien-5-dalis\/#Visa_tai_labai_normalu_%E2%80%9EHonda%E2%80%9C\" >Visa tai labai normalu \u201eHonda\u201c<\/a><\/li><li class='ez-toc-page-1 ez-toc-heading-level-2'><a class=\"ez-toc-link ez-toc-heading-3\" href=\"http:\/\/eautomobiliai.lt\/index.php\/2025\/05\/03\/honda-tikrai-nori-jums-parduoti-vandenilio-kuro-elementa-siandien-5-dalis\/#Praejusiais_metais_vandenilis_turejo_laukini_vaziavima\" >Pra\u0117jusiais metais vandenilis tur\u0117jo laukin\u012f va\u017eiavim\u0105<\/a><\/li><\/ul><\/nav><\/div>\n<h2 class=\"wp-block-heading\" id=\"h-more-than-just-a-range-extender\"><span class=\"ez-toc-section\" id=\"Daugiau_nei_tik_diapazono_pratesejas\"><\/span>Daugiau nei tik diapazono prat\u0119s\u0117jas<span class=\"ez-toc-section-end\"><\/span><\/h2>\n<p>\u201eHonda\u201c numato pasaul\u012f, kuriame jo vandenilio kuro elementas naudojamas daug daugiau nei transportavimo ir logistikos programos. \u201eACT Expo\u201c metu \u201eHonda\u201c tur\u0117jo mastel\u012f, kaip gal\u0117t\u0173 atrodyti ligonin\u0117s dyd\u017eio vandenilio atsargini\u0173 kopij\u0173 generatorius, ir u\u017esimin\u0117, kad tokia instaliacija netrukus gali tapti realybe.<\/p>\n<h2 class=\"wp-block-heading\" id=\"h-this-is-all-very-normal-for-honda\"><span class=\"ez-toc-section\" id=\"Visa_tai_labai_normalu_%E2%80%9EHonda%E2%80%9C\"><\/span>Visa tai labai normalu \u201eHonda\u201c<span class=\"ez-toc-section-end\"><\/span><\/h2>\n<figure class=\"wp-block-image alignwide size-large\"><img loading=\"lazy\" decoding=\"async\" width=\"1280\" height=\"830\" src=\"https:\/\/electrek.co\/wp-content\/uploads\/sites\/3\/2025\/05\/Honda_FCX_Concept_01.jpg?quality=82&amp;strip=all&amp;w=1024\" alt=\"\" class=\"wp-image-414139\" srcset=\"https:\/\/electrek.co\/wp-content\/uploads\/sites\/3\/2025\/05\/Honda_FCX_Concept_01.jpg 1280w, https:\/\/electrek.co\/wp-content\/uploads\/sites\/3\/2025\/05\/Honda_FCX_Concept_01.jpg?resize=150,97 150w, https:\/\/electrek.co\/wp-content\/uploads\/sites\/3\/2025\/05\/Honda_FCX_Concept_01.jpg?resize=300,195 300w, https:\/\/electrek.co\/wp-content\/uploads\/sites\/3\/2025\/05\/Honda_FCX_Concept_01.jpg?resize=768,498 768w, https:\/\/electrek.co\/wp-content\/uploads\/sites\/3\/2025\/05\/Honda_FCX_Concept_01.jpg?resize=1024,664 1024w, https:\/\/electrek.co\/wp-content\/uploads\/sites\/3\/2025\/05\/Honda_FCX_Concept_01.jpg?resize=350,227 350w, https:\/\/electrek.co\/wp-content\/uploads\/sites\/3\/2025\/05\/Honda_FCX_Concept_01.jpg?resize=140,91 140w\" sizes=\"auto, (max-width: 1280px) 100vw, 1280px\"\/><figcaption class=\"wp-element-caption\">\u201eHonda FCX\u201c vandenilio kuro element\u0173 koncepcija; per \u201eHonda\u201c.<\/figcaption><\/figure>\n<p>Jei atrodo keista, kad \u201eHonda\u201c \u0161iais laikais taip stipriai stumia vandenil\u012f, to netur\u0117t\u0173. \u201eHonda\u201c beveik keturiasde\u0161imt met\u0173 kuria vandenilio kuro elementus ir 1999 m. \u012ed\u0117jo savo pirm\u0105j\u012f vandenilio kuro element\u0173 automobil\u012f (FCX koncepcij\u0105 auk\u0161\u010diau).<\/p>\n<p>Nuo to laiko jis \u012fdeda daugyb\u0119 vandenilio kuro element\u0173 varom\u0173 transporto priemoni\u0173 \u012f serijas, \u012fskaitant novatori\u0161k\u0105 \u201eHonda CR-V HFC\u201c hibrid\u0105, leid\u017eiant\u012f u\u017epildyti automobilio 17,7 kWh baterij\u0105 elektronais namuose iki 29 myli\u0173 visos elektros vairavimo, tada u\u017epildykite vandenilio bak\u0105 dar 241 myli\u0173.<\/p>\n<p>Tur\u0117jome galimyb\u0119 pabendrauti su Davidu Perzynskiu <em>Greitas \u012fkrovimas<\/em> Pra\u0117jusiais metais, kai jis i\u0161samiau kalb\u0117jo apie kai kuriuos \u201eHonda\u201c vandenilio planus. Galite tai patikrinti \u017eemiau.<\/p>\n<h2 class=\"wp-block-heading\" id=\"h-hydrogen-had-a-wild-ride-last-year\"><span class=\"ez-toc-section\" id=\"Praejusiais_metais_vandenilis_turejo_laukini_vaziavima\"><\/span>Pra\u0117jusiais metais vandenilis tur\u0117jo laukin\u012f va\u017eiavim\u0105<span class=\"ez-toc-section-end\"><\/span><\/h2>\n<figure class=\"wp-block-embed alignwide is-type-video is-provider-youtube wp-block-embed-youtube wp-embed-aspect-16-9 wp-has-aspect-ratio\">\n<p>\n<a href=\"https:\/\/www.youtube.com\/watch?v=sqp7g0edeke\">https:\/\/www.youtube.com\/watch?v=sqp7g0edeke<\/a>\n<\/p>\n<\/figure>\n<p>Originalus turinys i\u0161 <em>Elecrektrek<\/em>.<\/p>\n<div class=\"ad-disclaimer-container\">\n<p class=\"disclaimer-affiliate\"><em>FPK: Mes naudojame pajamas gaunan\u010dias automatinio filialo nuorodas.<\/em> Daugiau.<\/p>\n<p><!-- post ad --><\/div>\n<\/p><\/div>\n<p><br \/>\n<br \/><a href=\"https:\/\/electrek.co\/2025\/05\/02\/honda-really-wants-to-sell-you-a-hydrogen-fuel-cell-today-part-5\/\">Source link <\/a><\/p>\n","protected":false},"excerpt":{"rendered":"<p>\u201eHonda\u201c atvyko \u012f \u0161i\u0173 met\u0173 ACT parod\u0105 Anaheim mieste, Kalifornijoje, puikiai steb\u0117dama \u017eandikaul\u012f ma\u017einan\u010dio vandenilio kuro element\u0173, naudojam\u0173 pusiau sunkve\u017eim\u012f,&hellip;<\/p>\n","protected":false},"author":1,"featured_media":700,"comment_status":"open","ping_status":"open","sticky":false,"template":"","format":"standard","meta":{"om_disable_all_campaigns":false,"_monsterinsights_skip_tracking":false,"_monsterinsights_sitenote_active":false,"_monsterinsights_sitenote_note":"","_monsterinsights_sitenote_category":0,"footnotes":""},"categories":[8],"tags":[687,1639,1637,545,990,1002,1638,715,195,1324],"class_list":["post-699","post","type-post","status-publish","format-standard","has-post-thumbnail","hentry","category-elektriniai-automobiliai","tag-dalis","tag-elementa","tag-honda","tag-jums","tag-kuro","tag-nori","tag-parduoti","tag-siandien","tag-tikrai","tag-vandenilio"],"aioseo_notices":[],"yoast_head":"<!-- This site is optimized with the Yoast SEO plugin v26.8 - https:\/\/yoast.com\/product\/yoast-seo-wordpress\/ -->\n<title>\u201eHonda\u201c tikrai nori jums parduoti vandenilio kuro element\u0105 \u0161iandien (5 dalis) - Eautomobiliai.lt<\/title>\n<meta name=\"robots\" content=\"index, follow, max-snippet:-1, max-image-preview:large, max-video-preview:-1\" \/>\n<link rel=\"canonical\" href=\"https:\/\/eautomobiliai.lt\/index.php\/2025\/05\/03\/honda-tikrai-nori-jums-parduoti-vandenilio-kuro-elementa-siandien-5-dalis\/\" \/>\n<meta property=\"og:locale\" content=\"lt_LT\" \/>\n<meta property=\"og:type\" content=\"article\" \/>\n<meta property=\"og:title\" content=\"\u201eHonda\u201c tikrai nori jums parduoti vandenilio kuro element\u0105 \u0161iandien (5 dalis) - Eautomobiliai.lt\" \/>\n<meta property=\"og:description\" content=\"\u201eHonda\u201c atvyko \u012f \u0161i\u0173 met\u0173 ACT parod\u0105 Anaheim mieste, Kalifornijoje, puikiai steb\u0117dama \u017eandikaul\u012f ma\u017einan\u010dio vandenilio kuro element\u0173, naudojam\u0173 pusiau sunkve\u017eim\u012f,&hellip;\" \/>\n<meta property=\"og:url\" content=\"https:\/\/eautomobiliai.lt\/index.php\/2025\/05\/03\/honda-tikrai-nori-jums-parduoti-vandenilio-kuro-elementa-siandien-5-dalis\/\" \/>\n<meta property=\"og:site_name\" content=\"Eautomobiliai.lt\" \/>\n<meta property=\"article:published_time\" content=\"2025-05-03T06:08:28+00:00\" \/>\n<meta property=\"og:image\" content=\"https:\/\/eautomobiliai.lt\/wp-content\/uploads\/2025\/05\/\u201eHonda-tikrai-nori-jums-parduoti-vandenilio-kuro-elementa-siandien-5.jpg\" \/>\n\t<meta property=\"og:image:width\" content=\"1200\" \/>\n\t<meta property=\"og:image:height\" content=\"628\" \/>\n\t<meta property=\"og:image:type\" content=\"image\/jpeg\" \/>\n<meta name=\"author\" content=\"admin\" \/>\n<meta name=\"twitter:card\" content=\"summary_large_image\" \/>\n<meta name=\"twitter:label1\" content=\"Written by\" \/>\n\t<meta name=\"twitter:data1\" content=\"admin\" \/>\n\t<meta name=\"twitter:label2\" content=\"Est. reading time\" \/>\n\t<meta name=\"twitter:data2\" content=\"2 minut\u0117s\" \/>\n<script type=\"application\/ld+json\" class=\"yoast-schema-graph\">{\"@context\":\"https:\/\/schema.org\",\"@graph\":[{\"@type\":\"Article\",\"@id\":\"https:\/\/eautomobiliai.lt\/index.php\/2025\/05\/03\/honda-tikrai-nori-jums-parduoti-vandenilio-kuro-elementa-siandien-5-dalis\/#article\",\"isPartOf\":{\"@id\":\"https:\/\/eautomobiliai.lt\/index.php\/2025\/05\/03\/honda-tikrai-nori-jums-parduoti-vandenilio-kuro-elementa-siandien-5-dalis\/\"},\"author\":{\"name\":\"admin\",\"@id\":\"https:\/\/eautomobiliai.lt\/#\/schema\/person\/ecf2a967f361217d056061f74deb92f2\"},\"headline\":\"\u201eHonda\u201c tikrai nori jums parduoti vandenilio kuro element\u0105 \u0161iandien (5 dalis)\",\"datePublished\":\"2025-05-03T06:08:28+00:00\",\"mainEntityOfPage\":{\"@id\":\"https:\/\/eautomobiliai.lt\/index.php\/2025\/05\/03\/honda-tikrai-nori-jums-parduoti-vandenilio-kuro-elementa-siandien-5-dalis\/\"},\"wordCount\":387,\"commentCount\":0,\"image\":{\"@id\":\"https:\/\/eautomobiliai.lt\/index.php\/2025\/05\/03\/honda-tikrai-nori-jums-parduoti-vandenilio-kuro-elementa-siandien-5-dalis\/#primaryimage\"},\"thumbnailUrl\":\"http:\/\/eautomobiliai.lt\/wp-content\/uploads\/2025\/05\/\u201eHonda-tikrai-nori-jums-parduoti-vandenilio-kuro-elementa-siandien-5.jpg\",\"keywords\":[\"dalis\",\"element\u0105\",\"Honda\",\"jums\",\"kuro\",\"nori\",\"parduoti\",\"\u0161iandien\",\"tikrai\",\"vandenilio\"],\"articleSection\":[\"ELEKTRINIAI AUTOMOBILIAI\"],\"inLanguage\":\"lt-LT\",\"potentialAction\":[{\"@type\":\"CommentAction\",\"name\":\"Comment\",\"target\":[\"https:\/\/eautomobiliai.lt\/index.php\/2025\/05\/03\/honda-tikrai-nori-jums-parduoti-vandenilio-kuro-elementa-siandien-5-dalis\/#respond\"]}]},{\"@type\":\"WebPage\",\"@id\":\"https:\/\/eautomobiliai.lt\/index.php\/2025\/05\/03\/honda-tikrai-nori-jums-parduoti-vandenilio-kuro-elementa-siandien-5-dalis\/\",\"url\":\"https:\/\/eautomobiliai.lt\/index.php\/2025\/05\/03\/honda-tikrai-nori-jums-parduoti-vandenilio-kuro-elementa-siandien-5-dalis\/\",\"name\":\"\u201eHonda\u201c tikrai nori jums parduoti vandenilio kuro element\u0105 \u0161iandien (5 dalis) - Eautomobiliai.lt\",\"isPartOf\":{\"@id\":\"https:\/\/eautomobiliai.lt\/#website\"},\"primaryImageOfPage\":{\"@id\":\"https:\/\/eautomobiliai.lt\/index.php\/2025\/05\/03\/honda-tikrai-nori-jums-parduoti-vandenilio-kuro-elementa-siandien-5-dalis\/#primaryimage\"},\"image\":{\"@id\":\"https:\/\/eautomobiliai.lt\/index.php\/2025\/05\/03\/honda-tikrai-nori-jums-parduoti-vandenilio-kuro-elementa-siandien-5-dalis\/#primaryimage\"},\"thumbnailUrl\":\"http:\/\/eautomobiliai.lt\/wp-content\/uploads\/2025\/05\/\u201eHonda-tikrai-nori-jums-parduoti-vandenilio-kuro-elementa-siandien-5.jpg\",\"datePublished\":\"2025-05-03T06:08:28+00:00\",\"author\":{\"@id\":\"https:\/\/eautomobiliai.lt\/#\/schema\/person\/ecf2a967f361217d056061f74deb92f2\"},\"breadcrumb\":{\"@id\":\"https:\/\/eautomobiliai.lt\/index.php\/2025\/05\/03\/honda-tikrai-nori-jums-parduoti-vandenilio-kuro-elementa-siandien-5-dalis\/#breadcrumb\"},\"inLanguage\":\"lt-LT\",\"potentialAction\":[{\"@type\":\"ReadAction\",\"target\":[\"https:\/\/eautomobiliai.lt\/index.php\/2025\/05\/03\/honda-tikrai-nori-jums-parduoti-vandenilio-kuro-elementa-siandien-5-dalis\/\"]}]},{\"@type\":\"ImageObject\",\"inLanguage\":\"lt-LT\",\"@id\":\"https:\/\/eautomobiliai.lt\/index.php\/2025\/05\/03\/honda-tikrai-nori-jums-parduoti-vandenilio-kuro-elementa-siandien-5-dalis\/#primaryimage\",\"url\":\"http:\/\/eautomobiliai.lt\/wp-content\/uploads\/2025\/05\/\u201eHonda-tikrai-nori-jums-parduoti-vandenilio-kuro-elementa-siandien-5.jpg\",\"contentUrl\":\"http:\/\/eautomobiliai.lt\/wp-content\/uploads\/2025\/05\/\u201eHonda-tikrai-nori-jums-parduoti-vandenilio-kuro-elementa-siandien-5.jpg\",\"width\":1200,\"height\":628},{\"@type\":\"BreadcrumbList\",\"@id\":\"https:\/\/eautomobiliai.lt\/index.php\/2025\/05\/03\/honda-tikrai-nori-jums-parduoti-vandenilio-kuro-elementa-siandien-5-dalis\/#breadcrumb\",\"itemListElement\":[{\"@type\":\"ListItem\",\"position\":1,\"name\":\"Home\",\"item\":\"https:\/\/eautomobiliai.lt\/\"},{\"@type\":\"ListItem\",\"position\":2,\"name\":\"\u201eHonda\u201c tikrai nori jums parduoti vandenilio kuro element\u0105 \u0161iandien (5 dalis)\"}]},{\"@type\":\"WebSite\",\"@id\":\"https:\/\/eautomobiliai.lt\/#website\",\"url\":\"https:\/\/eautomobiliai.lt\/\",\"name\":\"Eautomobiliai.lt\",\"description\":\"Elektrinis transportas, technologijos\",\"potentialAction\":[{\"@type\":\"SearchAction\",\"target\":{\"@type\":\"EntryPoint\",\"urlTemplate\":\"https:\/\/eautomobiliai.lt\/?s={search_term_string}\"},\"query-input\":{\"@type\":\"PropertyValueSpecification\",\"valueRequired\":true,\"valueName\":\"search_term_string\"}}],\"inLanguage\":\"lt-LT\"},{\"@type\":\"Person\",\"@id\":\"https:\/\/eautomobiliai.lt\/#\/schema\/person\/ecf2a967f361217d056061f74deb92f2\",\"name\":\"admin\",\"image\":{\"@type\":\"ImageObject\",\"inLanguage\":\"lt-LT\",\"@id\":\"https:\/\/eautomobiliai.lt\/#\/schema\/person\/image\/\",\"url\":\"https:\/\/secure.gravatar.com\/avatar\/6323379efae0c70c686c7905444d6bbd?s=96&d=mm&r=g\",\"contentUrl\":\"https:\/\/secure.gravatar.com\/avatar\/6323379efae0c70c686c7905444d6bbd?s=96&d=mm&r=g\",\"caption\":\"admin\"},\"sameAs\":[\"http:\/\/eautomobiliai.lt\"],\"url\":\"http:\/\/eautomobiliai.lt\/index.php\/author\/admin\/\"}]}<\/script>\n<!-- \/ Yoast SEO plugin. -->","yoast_head_json":{"title":"\u201eHonda\u201c tikrai nori jums parduoti vandenilio kuro element\u0105 \u0161iandien (5 dalis) - Eautomobiliai.lt","robots":{"index":"index","follow":"follow","max-snippet":"max-snippet:-1","max-image-preview":"max-image-preview:large","max-video-preview":"max-video-preview:-1"},"canonical":"https:\/\/eautomobiliai.lt\/index.php\/2025\/05\/03\/honda-tikrai-nori-jums-parduoti-vandenilio-kuro-elementa-siandien-5-dalis\/","og_locale":"lt_LT","og_type":"article","og_title":"\u201eHonda\u201c tikrai nori jums parduoti vandenilio kuro element\u0105 \u0161iandien (5 dalis) - Eautomobiliai.lt","og_description":"\u201eHonda\u201c atvyko \u012f \u0161i\u0173 met\u0173 ACT parod\u0105 Anaheim mieste, Kalifornijoje, puikiai steb\u0117dama \u017eandikaul\u012f ma\u017einan\u010dio vandenilio kuro element\u0173, naudojam\u0173 pusiau sunkve\u017eim\u012f,&hellip;","og_url":"https:\/\/eautomobiliai.lt\/index.php\/2025\/05\/03\/honda-tikrai-nori-jums-parduoti-vandenilio-kuro-elementa-siandien-5-dalis\/","og_site_name":"Eautomobiliai.lt","article_published_time":"2025-05-03T06:08:28+00:00","og_image":[{"width":1200,"height":628,"url":"https:\/\/eautomobiliai.lt\/wp-content\/uploads\/2025\/05\/\u201eHonda-tikrai-nori-jums-parduoti-vandenilio-kuro-elementa-siandien-5.jpg","type":"image\/jpeg"}],"author":"admin","twitter_card":"summary_large_image","twitter_misc":{"Written by":"admin","Est. reading time":"2 minut\u0117s"},"schema":{"@context":"https:\/\/schema.org","@graph":[{"@type":"Article","@id":"https:\/\/eautomobiliai.lt\/index.php\/2025\/05\/03\/honda-tikrai-nori-jums-parduoti-vandenilio-kuro-elementa-siandien-5-dalis\/#article","isPartOf":{"@id":"https:\/\/eautomobiliai.lt\/index.php\/2025\/05\/03\/honda-tikrai-nori-jums-parduoti-vandenilio-kuro-elementa-siandien-5-dalis\/"},"author":{"name":"admin","@id":"https:\/\/eautomobiliai.lt\/#\/schema\/person\/ecf2a967f361217d056061f74deb92f2"},"headline":"\u201eHonda\u201c tikrai nori jums parduoti vandenilio kuro element\u0105 \u0161iandien (5 dalis)","datePublished":"2025-05-03T06:08:28+00:00","mainEntityOfPage":{"@id":"https:\/\/eautomobiliai.lt\/index.php\/2025\/05\/03\/honda-tikrai-nori-jums-parduoti-vandenilio-kuro-elementa-siandien-5-dalis\/"},"wordCount":387,"commentCount":0,"image":{"@id":"https:\/\/eautomobiliai.lt\/index.php\/2025\/05\/03\/honda-tikrai-nori-jums-parduoti-vandenilio-kuro-elementa-siandien-5-dalis\/#primaryimage"},"thumbnailUrl":"http:\/\/eautomobiliai.lt\/wp-content\/uploads\/2025\/05\/\u201eHonda-tikrai-nori-jums-parduoti-vandenilio-kuro-elementa-siandien-5.jpg","keywords":["dalis","element\u0105","Honda","jums","kuro","nori","parduoti","\u0161iandien","tikrai","vandenilio"],"articleSection":["ELEKTRINIAI AUTOMOBILIAI"],"inLanguage":"lt-LT","potentialAction":[{"@type":"CommentAction","name":"Comment","target":["https:\/\/eautomobiliai.lt\/index.php\/2025\/05\/03\/honda-tikrai-nori-jums-parduoti-vandenilio-kuro-elementa-siandien-5-dalis\/#respond"]}]},{"@type":"WebPage","@id":"https:\/\/eautomobiliai.lt\/index.php\/2025\/05\/03\/honda-tikrai-nori-jums-parduoti-vandenilio-kuro-elementa-siandien-5-dalis\/","url":"https:\/\/eautomobiliai.lt\/index.php\/2025\/05\/03\/honda-tikrai-nori-jums-parduoti-vandenilio-kuro-elementa-siandien-5-dalis\/","name":"\u201eHonda\u201c tikrai nori jums parduoti vandenilio kuro element\u0105 \u0161iandien (5 dalis) - Eautomobiliai.lt","isPartOf":{"@id":"https:\/\/eautomobiliai.lt\/#website"},"primaryImageOfPage":{"@id":"https:\/\/eautomobiliai.lt\/index.php\/2025\/05\/03\/honda-tikrai-nori-jums-parduoti-vandenilio-kuro-elementa-siandien-5-dalis\/#primaryimage"},"image":{"@id":"https:\/\/eautomobiliai.lt\/index.php\/2025\/05\/03\/honda-tikrai-nori-jums-parduoti-vandenilio-kuro-elementa-siandien-5-dalis\/#primaryimage"},"thumbnailUrl":"http:\/\/eautomobiliai.lt\/wp-content\/uploads\/2025\/05\/\u201eHonda-tikrai-nori-jums-parduoti-vandenilio-kuro-elementa-siandien-5.jpg","datePublished":"2025-05-03T06:08:28+00:00","author":{"@id":"https:\/\/eautomobiliai.lt\/#\/schema\/person\/ecf2a967f361217d056061f74deb92f2"},"breadcrumb":{"@id":"https:\/\/eautomobiliai.lt\/index.php\/2025\/05\/03\/honda-tikrai-nori-jums-parduoti-vandenilio-kuro-elementa-siandien-5-dalis\/#breadcrumb"},"inLanguage":"lt-LT","potentialAction":[{"@type":"ReadAction","target":["https:\/\/eautomobiliai.lt\/index.php\/2025\/05\/03\/honda-tikrai-nori-jums-parduoti-vandenilio-kuro-elementa-siandien-5-dalis\/"]}]},{"@type":"ImageObject","inLanguage":"lt-LT","@id":"https:\/\/eautomobiliai.lt\/index.php\/2025\/05\/03\/honda-tikrai-nori-jums-parduoti-vandenilio-kuro-elementa-siandien-5-dalis\/#primaryimage","url":"http:\/\/eautomobiliai.lt\/wp-content\/uploads\/2025\/05\/\u201eHonda-tikrai-nori-jums-parduoti-vandenilio-kuro-elementa-siandien-5.jpg","contentUrl":"http:\/\/eautomobiliai.lt\/wp-content\/uploads\/2025\/05\/\u201eHonda-tikrai-nori-jums-parduoti-vandenilio-kuro-elementa-siandien-5.jpg","width":1200,"height":628},{"@type":"BreadcrumbList","@id":"https:\/\/eautomobiliai.lt\/index.php\/2025\/05\/03\/honda-tikrai-nori-jums-parduoti-vandenilio-kuro-elementa-siandien-5-dalis\/#breadcrumb","itemListElement":[{"@type":"ListItem","position":1,"name":"Home","item":"https:\/\/eautomobiliai.lt\/"},{"@type":"ListItem","position":2,"name":"\u201eHonda\u201c tikrai nori jums parduoti vandenilio kuro element\u0105 \u0161iandien (5 dalis)"}]},{"@type":"WebSite","@id":"https:\/\/eautomobiliai.lt\/#website","url":"https:\/\/eautomobiliai.lt\/","name":"Eautomobiliai.lt","description":"Elektrinis transportas, technologijos","potentialAction":[{"@type":"SearchAction","target":{"@type":"EntryPoint","urlTemplate":"https:\/\/eautomobiliai.lt\/?s={search_term_string}"},"query-input":{"@type":"PropertyValueSpecification","valueRequired":true,"valueName":"search_term_string"}}],"inLanguage":"lt-LT"},{"@type":"Person","@id":"https:\/\/eautomobiliai.lt\/#\/schema\/person\/ecf2a967f361217d056061f74deb92f2","name":"admin","image":{"@type":"ImageObject","inLanguage":"lt-LT","@id":"https:\/\/eautomobiliai.lt\/#\/schema\/person\/image\/","url":"https:\/\/secure.gravatar.com\/avatar\/6323379efae0c70c686c7905444d6bbd?s=96&d=mm&r=g","contentUrl":"https:\/\/secure.gravatar.com\/avatar\/6323379efae0c70c686c7905444d6bbd?s=96&d=mm&r=g","caption":"admin"},"sameAs":["http:\/\/eautomobiliai.lt"],"url":"http:\/\/eautomobiliai.lt\/index.php\/author\/admin\/"}]}},"_links":{"self":[{"href":"http:\/\/eautomobiliai.lt\/index.php\/wp-json\/wp\/v2\/posts\/699","targetHints":{"allow":["GET"]}}],"collection":[{"href":"http:\/\/eautomobiliai.lt\/index.php\/wp-json\/wp\/v2\/posts"}],"about":[{"href":"http:\/\/eautomobiliai.lt\/index.php\/wp-json\/wp\/v2\/types\/post"}],"author":[{"embeddable":true,"href":"http:\/\/eautomobiliai.lt\/index.php\/wp-json\/wp\/v2\/users\/1"}],"replies":[{"embeddable":true,"href":"http:\/\/eautomobiliai.lt\/index.php\/wp-json\/wp\/v2\/comments?post=699"}],"version-history":[{"count":0,"href":"http:\/\/eautomobiliai.lt\/index.php\/wp-json\/wp\/v2\/posts\/699\/revisions"}],"wp:featuredmedia":[{"embeddable":true,"href":"http:\/\/eautomobiliai.lt\/index.php\/wp-json\/wp\/v2\/media\/700"}],"wp:attachment":[{"href":"http:\/\/eautomobiliai.lt\/index.php\/wp-json\/wp\/v2\/media?parent=699"}],"wp:term":[{"taxonomy":"category","embeddable":true,"href":"http:\/\/eautomobiliai.lt\/index.php\/wp-json\/wp\/v2\/categories?post=699"},{"taxonomy":"post_tag","embeddable":true,"href":"http:\/\/eautomobiliai.lt\/index.php\/wp-json\/wp\/v2\/tags?post=699"}],"curies":[{"name":"wp","href":"https:\/\/api.w.org\/{rel}","templated":true}]}}