{"id":713,"date":"2025-05-04T14:16:18","date_gmt":"2025-05-04T14:16:18","guid":{"rendered":"http:\/\/eautomobiliai.lt\/index.php\/2025\/05\/04\/susipazinkite-su-bodo-35-myliu-per-valanda-elektrinio-golfo-krepseliu-kuris-mano-kad-tai-yra-g-wagenas\/"},"modified":"2025-05-04T14:16:18","modified_gmt":"2025-05-04T14:16:18","slug":"susipazinkite-su-bodo-35-myliu-per-valanda-elektrinio-golfo-krepseliu-kuris-mano-kad-tai-yra-g-wagenas","status":"publish","type":"post","link":"http:\/\/eautomobiliai.lt\/index.php\/2025\/05\/04\/susipazinkite-su-bodo-35-myliu-per-valanda-elektrinio-golfo-krepseliu-kuris-mano-kad-tai-yra-g-wagenas\/","title":{"rendered":"Susipa\u017einkite su \u201eBodo\u201c-35 myli\u0173 per valand\u0105 elektrinio golfo krep\u0161eliu, kuris mano, kad tai yra G-Wagenas"},"content":{"rendered":"<p> <br \/>\n<\/p>\n<div>\n<figure class=\"img-border featured-image\">\n\t<figcaption>\n<p>\t\t\t\t\u201eBodo G-Wagon\u201c elektrinis golfo krep\u0161elis; per \u201eMecum\u201c aukcionus.\t\t\t<\/figcaption><\/figure>\n<p>Tur\u0117damas visi\u0161kai u\u017ekr\u0117st\u0105, \u201eG-Wagen\u201c \u012fkv\u0117pt\u0105 k\u0117bul\u0105 ir 80 myli\u0173 elektrin\u012f diapazon\u0105, \u201eBodo G-Wagon\u201c golfo krep\u0161elis yra Nev&#8217;as, kurio jums reikia, kai nuspr\u0119site, kad laikas gauti seroz\u0105, vienkartin\u012f vienkartiniu, vienu metu pakeldami likusius \u201ePalm Beach\u201c u\u017emies\u010dio klub\u0173 klubus.<\/p>\n<p><span id=\"more-414254\"\/><\/p>\n<p>Jei jums patinka 230 000 USD vert\u0117s \u201eMercedes-Benz G580\u201c visureigis, ta\u010diau pagalvokite, kad 579 AG, 6800 svar\u0173 \u201eElectric 4 \u00d7 4\u201c tikriausiai yra per daug per daug kelioni\u0173 \u012f keliones \u012f golfo aik\u0161tyn\u0105 ir \u0161alies klub\u0105, \u0161is G-Wagen \u012fkv\u0117ptas golfo krep\u0161ys gali b\u016bti tik tai, ko ie\u0161kote.<\/p>\n<p>Pra\u0117jus\u012f m\u0117nes\u012f \u201eMecum Auctions\u201c parduodami \u201eBlhy Black 2024\u201c \u201eBodo G-Wagon\u201c u\u017e 31 900 USD, o tai atrodo, kad tai gali b\u016bti ne daug pinig\u0173 tokiam asmeniui, kuris nusprend\u017eia paimti skrajut\u0119 ant ni\u016brios, riboto, riboto EV, kuri gabena tikrus, metalinius duris, elektrinius langus, \u0161ildym\u0105. <em>ir<\/em> Oro kondicionierius, visi\u0161kai skaitmeniniai prietais\u0173 sankaupos ir informaciniai informaciniai ir informaciniai ir \u201eposh\u201c, karamel\u0117s odos interjeras.<\/p>\n<p>Jis netgi turi priekinio stiklo valytuvus, vairo stiprintuv\u0105 ir galin\u0117s s\u0117dyn\u0117s pramog\u0173 sistem\u0105, \u012fmontuot\u0105 \u012f priekines galvos atramas!<\/p>\n<p>\t<span class=\"outbrain-ad-label\">Skelbimas &#8211; slinkite daugiau turinio<\/span><\/p>\n<div id=\"ez-toc-container\" class=\"ez-toc-v2_0_82_2 counter-hierarchy ez-toc-counter ez-toc-grey ez-toc-container-direction\">\n<div class=\"ez-toc-title-container\">\n<p class=\"ez-toc-title\" style=\"cursor:inherit\">Turinys:<\/p>\n<span class=\"ez-toc-title-toggle\"><a href=\"#\" class=\"ez-toc-pull-right ez-toc-btn ez-toc-btn-xs ez-toc-btn-default ez-toc-toggle\" aria-label=\"Toggle Table of Content\"><span class=\"ez-toc-js-icon-con\"><span class=\"\"><span class=\"eztoc-hide\" style=\"display:none;\">Toggle<\/span><span class=\"ez-toc-icon-toggle-span\"><svg style=\"fill: #999;color:#999\" xmlns=\"http:\/\/www.w3.org\/2000\/svg\" class=\"list-377408\" width=\"20px\" height=\"20px\" viewBox=\"0 0 24 24\" fill=\"none\"><path d=\"M6 6H4v2h2V6zm14 0H8v2h12V6zM4 11h2v2H4v-2zm16 0H8v2h12v-2zM4 16h2v2H4v-2zm16 0H8v2h12v-2z\" fill=\"currentColor\"><\/path><\/svg><svg style=\"fill: #999;color:#999\" class=\"arrow-unsorted-368013\" xmlns=\"http:\/\/www.w3.org\/2000\/svg\" width=\"10px\" height=\"10px\" viewBox=\"0 0 24 24\" version=\"1.2\" baseProfile=\"tiny\"><path d=\"M18.2 9.3l-6.2-6.3-6.2 6.3c-.2.2-.3.4-.3.7s.1.5.3.7c.2.2.4.3.7.3h11c.3 0 .5-.1.7-.3.2-.2.3-.5.3-.7s-.1-.5-.3-.7zM5.8 14.7l6.2 6.3 6.2-6.3c.2-.2.3-.5.3-.7s-.1-.5-.3-.7c-.2-.2-.4-.3-.7-.3h-11c-.3 0-.5.1-.7.3-.2.2-.3.5-.3.7s.1.5.3.7z\"\/><\/svg><\/span><\/span><\/span><\/a><\/span><\/div>\n<nav><ul class='ez-toc-list ez-toc-list-level-1 ' ><li class='ez-toc-page-1 ez-toc-heading-level-2'><a class=\"ez-toc-link ez-toc-heading-1\" href=\"http:\/\/eautomobiliai.lt\/index.php\/2025\/05\/04\/susipazinkite-su-bodo-35-myliu-per-valanda-elektrinio-golfo-krepseliu-kuris-mano-kad-tai-yra-g-wagenas\/#Tai_tikrai_malonu_ten\" >Tai tikrai malonu ten<\/a><\/li><li class='ez-toc-page-1 ez-toc-heading-level-2'><a class=\"ez-toc-link ez-toc-heading-2\" href=\"http:\/\/eautomobiliai.lt\/index.php\/2025\/05\/04\/susipazinkite-su-bodo-35-myliu-per-valanda-elektrinio-golfo-krepseliu-kuris-mano-kad-tai-yra-g-wagenas\/#%E2%80%9EG-Wagon%E2%80%9C_golfo_krepselio_galerija\" >\u201eG-Wagon\u201c golfo krep\u0161elio galerija<\/a><\/li><\/ul><\/nav><\/div>\n<h2 class=\"wp-block-heading\" id=\"h-it-s-really-nice-in-there\"><span class=\"ez-toc-section\" id=\"Tai_tikrai_malonu_ten\"><\/span>Tai tikrai malonu ten<span class=\"ez-toc-section-end\"><\/span><\/h2>\n<p>Po gaubtu \u201eBodo\u201c i\u0161 10 kWh Li-jon\u0173 akumuliatoriaus supakuoja 15 kW (20 AG) elektrin\u012f variklio br\u0117\u017ein\u012f <em>Valia<\/em> I\u0161 \u201eG-Wagon\u201c 80 myli\u0173 diapazono d\u0117ka \u201eG-Wagon\u201c diapazono d\u0117ka pristatykite jums ir savo bi\u010diuliams i\u0161 vieno golfo aik\u0161tyno galo \u0160iaur\u0117s Amerikoje ir kelis kartus.<\/p>\n<p>Oficialus \u201eMeCum Auctions\u201c s\u0105ra\u0161as yra \u0161iek tiek i\u0161samesnis, ir a\u0161 j\u012f \u012ftraukiau \u010dia, jei jis bus i\u0161trintas po kurio laiko ir j\u016bs tiesiog surandate tai tik pirm\u0105 kart\u0105 2027 m.:<\/p>\n<blockquote class=\"wp-block-quote is-layout-flow wp-block-quote-is-layout-flow\">\n<p>B\u016bkite pavyd\u0117ti bet kurio \u0161alies klubo ar golfo bendruomen\u0117s, rodomos su \u0161iuo 2024 m. \u201eBodo G-Wagon\u201c golfo krep\u0161eliu. Turb\u016bt labiau \u017einomas kaip e-Wagon, \u0161is \u201eGable G-Wagon\u201c yra maitinamas 15kW varikliu su 10 kWh li\u010dio akumuliatoriumi. \u201eBODO\u201c, grind\u017eiamas 80 myli\u0173 diapazonu ir 35 myli\u0173 per valand\u0105 grei\u010diu, yra u\u017edaras, prabangus golfo krep\u0161elis, kur\u012f palengvina keleiviai, turintys \u0161ildym\u0105 ir oro kondicionieri\u0173, pramogas u\u017e galin\u0117s s\u0117dyn\u0117s, elektriniai langai, elektros spynos ir posh, karamel\u0117s spalvos interjeras. Su \u201eBodo\u201c su vairo stiprintuvu ir keturi\u0173 rat\u0173 galios diskais su stabd\u017ei\u0173 padidinimu, vairuotojai pamanys, kad jie yra pilno dyd\u017eio \u201eG-Wagon\u201c, d\u0117ka daugiafunkcinio pramog\u0173 klasterio, galinio vaizdo kameros, priekinio stiklo valytuvai, pasukite signalus, b\u0117gimo \u017eibintus ir dar daugiau.<\/p>\n<p>Baigta juoda spalva su reikiamu \u201eBrightwork\u201c kiekiu, bendras vibe yra vienas i\u0161 \u017eandikaulio ma\u017einan\u010di\u0173, \u0161ypsenos sukelian\u010di\u0173 linksmybi\u0173. Nors \u201eBodo\u201c b\u016bt\u0173 puikus pasirinkimas bet kuriai golfo bendruomenei, jis taip pat tur\u0117t\u0173 b\u016bti labai populiarus ir lenktyni\u0173 trasos ar automobili\u0173 kooperatyvo bendruomen\u0117je, o gal net kaimynyst\u0117je su savo l\u0117ktuvo kilimo ir t\u016bpimo takais. Vis\u0173 pirma per pastar\u0105j\u012f de\u0161imtmet\u012f nepakartojam\u0173, prabangi\u0173 golfo ve\u017eim\u0117li\u0173 paklausa auga, ir suprantama, kad. Taip pat auga prabangi\u0173 bendruomeni\u0173, turin\u010di\u0173 specifini\u0173 interes\u0173 sporto, \u201eAero\u201c ir \u201eAuto\u201c, skai\u010dius, kai \u017emon\u0117s perka namus \u0161iose i\u0161skirtin\u0117se vietose, kad gal\u0117t\u0173 geriau bendrauti su bendramin\u010diais. Per da\u017enai golfo krep\u0161elis yra puikus b\u016bdas apeiti \u0161ias apylinkes, esan\u010dias prie vart\u0173, ir \u0161is yra u\u017edarytas, pateikiamas su pilno dyd\u017eio automobilio patogumais ir yra be galo stilingesnis.<\/p>\n<p>\u201eMecum\u201c aukcionai<\/p>\n<\/blockquote>\n<p>Galite patikrinti dar kelet\u0105 2024 m. \u201eBodo G-Wagon\u201c golfo krep\u0161io, parduodam\u0173 \u201eMecum\u201c, \u017eemiau-ir jei norite sau, jums pasisek\u0117! Radau \u0161\u012f visi\u0161kai nauj\u0105 2025 m. \u201eG600 e-Wagon\u201c (balta) u\u017e 23 900 USD \u201eGulf Carts\u201c Santa Rosa papl\u016bdimyje, Floridoje. Eikite \u012f komentarus ir prane\u0161kite mums, jei perkate.<\/p>\n<h2 class=\"wp-block-heading\" id=\"h-g-wagon-golf-cart-gallery\"><span class=\"ez-toc-section\" id=\"%E2%80%9EG-Wagon%E2%80%9C_golfo_krepselio_galerija\"><\/span>\u201eG-Wagon\u201c golfo krep\u0161elio galerija<span class=\"ez-toc-section-end\"><\/span><\/h2>\n<div class=\"wp-block-jetpack-tiled-gallery aligncenter is-style-rectangular\">\n<div class=\"\">\n<div class=\"tiled-gallery__gallery\">\n<div class=\"tiled-gallery__row\">\n<div class=\"tiled-gallery__col\" style=\"flex-basis:50.00000%\">\n<figure data-wp-context=\"{\" imageid=\"\" data-wp-interactive=\"core\/image\" class=\"tiled-gallery__item wp-lightbox-container\"><img decoding=\"async\" data-wp-class--hide=\"state.isContentHidden\" data-wp-class--show=\"state.isContentVisible\" data-wp-init=\"callbacks.setButtonStyles\" data-wp-on-async--click=\"actions.showLightbox\" data-wp-on-async--load=\"callbacks.setButtonStyles\" data-wp-on-async-window--resize=\"callbacks.setButtonStyles\" srcset=\"https:\/\/i0.wp.com\/electrek.co\/wp-content\/uploads\/sites\/3\/2025\/05\/675892-copy.jpg?strip=info&amp;w=600&amp;ssl=1 600w,https:\/\/i0.wp.com\/electrek.co\/wp-content\/uploads\/sites\/3\/2025\/05\/675892-copy.jpg?strip=info&amp;w=640&amp;ssl=1 640w\" alt=\"\" data-height=\"360\" data-id=\"414283\" data-link=\"https:\/\/electrek.co\/?attachment_id=414283\" data-url=\"https:\/\/electrek.co\/wp-content\/uploads\/sites\/3\/2025\/05\/675892-copy.jpg?quality=82&amp;strip=all\" data-width=\"640\" src=\"https:\/\/i0.wp.com\/electrek.co\/wp-content\/uploads\/sites\/3\/2025\/05\/675892-copy.jpg?ssl=1\" data-amp-layout=\"responsive\" aria-label=\"Open image 1 of 8 in full-screen\"\/><button class=\"lightbox-trigger\" type=\"button\" aria-haspopup=\"dialog\" aria-label=\"Enlarge image\" data-wp-init=\"callbacks.initTriggerButton\" data-wp-on-async--click=\"actions.showLightbox\" data-wp-style--right=\"state.imageButtonRight\" data-wp-style--top=\"state.imageButtonTop\"><br \/>\n\t\t\t<svg xmlns=\"http:\/\/www.w3.org\/2000\/svg\" width=\"12\" height=\"12\" fill=\"none\" viewbox=\"0 0 12 12\">\n\t\t\t\t<path fill=\"#fff\" d=\"M2 0a2 2 0 0 0-2 2v2h1.5V2a.5.5 0 0 1 .5-.5h2V0H2Zm2 10.5H2a.5.5 0 0 1-.5-.5V8H0v2a2 2 0 0 0 2 2h2v-1.5ZM8 12v-1.5h2a.5.5 0 0 0 .5-.5V8H12v2a2 2 0 0 1-2 2H8Zm2-12a2 2 0 0 1 2 2v2h-1.5V2a.5.5 0 0 0-.5-.5H8V0h2Z\"\/>\n\t\t\t<\/svg><br \/>\n\t\t<\/button><\/figure>\n<\/div>\n<div class=\"tiled-gallery__col\" style=\"flex-basis:50.00000%\">\n<figure data-wp-context=\"{\" imageid=\"\" data-wp-interactive=\"core\/image\" class=\"tiled-gallery__item wp-lightbox-container\"><img decoding=\"async\" data-wp-class--hide=\"state.isContentHidden\" data-wp-class--show=\"state.isContentVisible\" data-wp-init=\"callbacks.setButtonStyles\" data-wp-on-async--click=\"actions.showLightbox\" data-wp-on-async--load=\"callbacks.setButtonStyles\" data-wp-on-async-window--resize=\"callbacks.setButtonStyles\" srcset=\"https:\/\/i0.wp.com\/electrek.co\/wp-content\/uploads\/sites\/3\/2025\/05\/319155-copy.jpg?strip=info&amp;w=600&amp;ssl=1 600w,https:\/\/i0.wp.com\/electrek.co\/wp-content\/uploads\/sites\/3\/2025\/05\/319155-copy.jpg?strip=info&amp;w=640&amp;ssl=1 640w\" alt=\"\" data-height=\"360\" data-id=\"414287\" data-link=\"https:\/\/electrek.co\/?attachment_id=414287\" data-url=\"https:\/\/electrek.co\/wp-content\/uploads\/sites\/3\/2025\/05\/319155-copy.jpg?quality=82&amp;strip=all\" data-width=\"640\" src=\"https:\/\/i0.wp.com\/electrek.co\/wp-content\/uploads\/sites\/3\/2025\/05\/319155-copy.jpg?ssl=1\" data-amp-layout=\"responsive\" aria-label=\"Open image 2 of 8 in full-screen\"\/><button class=\"lightbox-trigger\" type=\"button\" aria-haspopup=\"dialog\" aria-label=\"Enlarge image\" data-wp-init=\"callbacks.initTriggerButton\" data-wp-on-async--click=\"actions.showLightbox\" data-wp-style--right=\"state.imageButtonRight\" data-wp-style--top=\"state.imageButtonTop\"><br \/>\n\t\t\t<svg xmlns=\"http:\/\/www.w3.org\/2000\/svg\" width=\"12\" height=\"12\" fill=\"none\" viewbox=\"0 0 12 12\">\n\t\t\t\t<path fill=\"#fff\" d=\"M2 0a2 2 0 0 0-2 2v2h1.5V2a.5.5 0 0 1 .5-.5h2V0H2Zm2 10.5H2a.5.5 0 0 1-.5-.5V8H0v2a2 2 0 0 0 2 2h2v-1.5ZM8 12v-1.5h2a.5.5 0 0 0 .5-.5V8H12v2a2 2 0 0 1-2 2H8Zm2-12a2 2 0 0 1 2 2v2h-1.5V2a.5.5 0 0 0-.5-.5H8V0h2Z\"\/>\n\t\t\t<\/svg><br \/>\n\t\t<\/button><\/figure>\n<\/div>\n<\/div>\n<\/div>\n<\/div>\n<\/div>\n<p><strong>\u0160altinis | Daug daugiau nuotrauk\u0173<\/strong>: \u201eMecum\u201c aukcionai.<\/p>\n<figure class=\"wp-block-image alignwide\"><img loading=\"lazy\" decoding=\"async\" width=\"750\" height=\"150\" src=\"https:\/\/electrek.co\/wp-content\/uploads\/sites\/3\/2025\/03\/DES-1038_Electrek-Banners_EVs_0797c2.png\" alt=\"\" class=\"wp-image-408967\" srcset=\"https:\/\/electrek.co\/wp-content\/uploads\/sites\/3\/2025\/03\/DES-1038_Electrek-Banners_EVs_0797c2.png 750w, https:\/\/electrek.co\/wp-content\/uploads\/sites\/3\/2025\/03\/DES-1038_Electrek-Banners_EVs_0797c2.png?resize=150,30 150w, https:\/\/electrek.co\/wp-content\/uploads\/sites\/3\/2025\/03\/DES-1038_Electrek-Banners_EVs_0797c2.png?resize=300,60 300w, https:\/\/electrek.co\/wp-content\/uploads\/sites\/3\/2025\/03\/DES-1038_Electrek-Banners_EVs_0797c2.png?resize=350,70 350w, https:\/\/electrek.co\/wp-content\/uploads\/sites\/3\/2025\/03\/DES-1038_Electrek-Banners_EVs_0797c2.png?resize=140,28 140w\" sizes=\"auto, (max-width: 750px) 100vw, 750px\"\/><\/figure>\n<hr class=\"wp-block-separator has-alpha-channel-opacity\"\/>\n<p><em>J\u016bs\u0173 individualizuotas saul\u0117s citatas lengva palyginti internete ir gausite prieig\u0105 prie ne\u0161ali\u0161k\u0173 patar\u0117j\u0173 energetikos srityje, kad pad\u0117tum\u0117te jums kiekvienam \u017eingsniui. Geriausia? Rangovai <strong>Ne<\/strong> Paskambinkite jums, nebent duosite jiems savo numer\u012f. Prad\u0117kite \u010dia.<\/em><\/p>\n<div class=\"ad-disclaimer-container\">\n<p class=\"disclaimer-affiliate\"><em>FPK: Mes naudojame pajamas gaunan\u010dias automatinio filialo nuorodas.<\/em> Daugiau.<\/p>\n<p><!-- post ad --><\/div>\n<\/p><\/div>\n<p><br \/>\n<br \/><a href=\"https:\/\/electrek.co\/2025\/05\/04\/meet-bodo-the-35-mph-electric-golf-cart-that-thinks-its-a-g-wagen\/\">Source link <\/a><\/p>\n","protected":false},"excerpt":{"rendered":"<p>\u201eBodo G-Wagon\u201c elektrinis golfo krep\u0161elis; per \u201eMecum\u201c aukcionus. Tur\u0117damas visi\u0161kai u\u017ekr\u0117st\u0105, \u201eG-Wagen\u201c \u012fkv\u0117pt\u0105 k\u0117bul\u0105 ir 80 myli\u0173 elektrin\u012f diapazon\u0105, \u201eBodo&hellip;<\/p>\n","protected":false},"author":1,"featured_media":714,"comment_status":"open","ping_status":"open","sticky":false,"template":"","format":"standard","meta":{"om_disable_all_campaigns":false,"_monsterinsights_skip_tracking":false,"_monsterinsights_sitenote_active":false,"_monsterinsights_sitenote_note":"","_monsterinsights_sitenote_category":0,"footnotes":""},"categories":[8],"tags":[1662,142,1663,1665,339,1664,148,138,539,134,20,1436,49],"class_list":["post-713","post","type-post","status-publish","format-standard","has-post-thumbnail","hentry","category-elektriniai-automobiliai","tag-bodo35","tag-elektrinio","tag-golfo","tag-gwagenas","tag-kad","tag-krepseliu","tag-kuris","tag-mano","tag-myliu","tag-susipazinkite","tag-tai","tag-valanda","tag-yra"],"aioseo_notices":[],"yoast_head":"<!-- This site is optimized with the Yoast SEO plugin v26.8 - https:\/\/yoast.com\/product\/yoast-seo-wordpress\/ -->\n<title>Susipa\u017einkite su \u201eBodo\u201c-35 myli\u0173 per valand\u0105 elektrinio golfo krep\u0161eliu, kuris mano, kad tai yra G-Wagenas - Eautomobiliai.lt<\/title>\n<meta name=\"robots\" content=\"index, follow, max-snippet:-1, max-image-preview:large, max-video-preview:-1\" \/>\n<link rel=\"canonical\" href=\"http:\/\/eautomobiliai.lt\/index.php\/2025\/05\/04\/susipazinkite-su-bodo-35-myliu-per-valanda-elektrinio-golfo-krepseliu-kuris-mano-kad-tai-yra-g-wagenas\/\" \/>\n<meta property=\"og:locale\" content=\"lt_LT\" \/>\n<meta property=\"og:type\" content=\"article\" \/>\n<meta property=\"og:title\" content=\"Susipa\u017einkite su \u201eBodo\u201c-35 myli\u0173 per valand\u0105 elektrinio golfo krep\u0161eliu, kuris mano, kad tai yra G-Wagenas - Eautomobiliai.lt\" \/>\n<meta property=\"og:description\" content=\"\u201eBodo G-Wagon\u201c elektrinis golfo krep\u0161elis; per \u201eMecum\u201c aukcionus. Tur\u0117damas visi\u0161kai u\u017ekr\u0117st\u0105, \u201eG-Wagen\u201c \u012fkv\u0117pt\u0105 k\u0117bul\u0105 ir 80 myli\u0173 elektrin\u012f diapazon\u0105, \u201eBodo&hellip;\" \/>\n<meta property=\"og:url\" content=\"http:\/\/eautomobiliai.lt\/index.php\/2025\/05\/04\/susipazinkite-su-bodo-35-myliu-per-valanda-elektrinio-golfo-krepseliu-kuris-mano-kad-tai-yra-g-wagenas\/\" \/>\n<meta property=\"og:site_name\" content=\"Eautomobiliai.lt\" \/>\n<meta property=\"article:published_time\" content=\"2025-05-04T14:16:18+00:00\" \/>\n<meta property=\"og:image\" content=\"http:\/\/eautomobiliai.lt\/wp-content\/uploads\/2025\/05\/Susipazinkite-su-\u201eBodo-35-myliu-per-valanda-elektrinio-golfo-krepseliu-kuris.jpg\" \/>\n\t<meta property=\"og:image:width\" content=\"1200\" \/>\n\t<meta property=\"og:image:height\" content=\"628\" \/>\n\t<meta property=\"og:image:type\" content=\"image\/jpeg\" \/>\n<meta name=\"author\" content=\"admin\" \/>\n<meta name=\"twitter:card\" content=\"summary_large_image\" \/>\n<meta name=\"twitter:label1\" content=\"Written by\" \/>\n\t<meta name=\"twitter:data1\" content=\"admin\" \/>\n\t<meta name=\"twitter:label2\" content=\"Est. reading time\" \/>\n\t<meta name=\"twitter:data2\" content=\"3 minut\u0117s\" \/>\n<script type=\"application\/ld+json\" class=\"yoast-schema-graph\">{\"@context\":\"https:\/\/schema.org\",\"@graph\":[{\"@type\":\"Article\",\"@id\":\"http:\/\/eautomobiliai.lt\/index.php\/2025\/05\/04\/susipazinkite-su-bodo-35-myliu-per-valanda-elektrinio-golfo-krepseliu-kuris-mano-kad-tai-yra-g-wagenas\/#article\",\"isPartOf\":{\"@id\":\"http:\/\/eautomobiliai.lt\/index.php\/2025\/05\/04\/susipazinkite-su-bodo-35-myliu-per-valanda-elektrinio-golfo-krepseliu-kuris-mano-kad-tai-yra-g-wagenas\/\"},\"author\":{\"name\":\"admin\",\"@id\":\"https:\/\/eautomobiliai.lt\/#\/schema\/person\/ecf2a967f361217d056061f74deb92f2\"},\"headline\":\"Susipa\u017einkite su \u201eBodo\u201c-35 myli\u0173 per valand\u0105 elektrinio golfo krep\u0161eliu, kuris mano, kad tai yra G-Wagenas\",\"datePublished\":\"2025-05-04T14:16:18+00:00\",\"mainEntityOfPage\":{\"@id\":\"http:\/\/eautomobiliai.lt\/index.php\/2025\/05\/04\/susipazinkite-su-bodo-35-myliu-per-valanda-elektrinio-golfo-krepseliu-kuris-mano-kad-tai-yra-g-wagenas\/\"},\"wordCount\":669,\"commentCount\":0,\"image\":{\"@id\":\"http:\/\/eautomobiliai.lt\/index.php\/2025\/05\/04\/susipazinkite-su-bodo-35-myliu-per-valanda-elektrinio-golfo-krepseliu-kuris-mano-kad-tai-yra-g-wagenas\/#primaryimage\"},\"thumbnailUrl\":\"http:\/\/eautomobiliai.lt\/wp-content\/uploads\/2025\/05\/Susipazinkite-su-\u201eBodo-35-myliu-per-valanda-elektrinio-golfo-krepseliu-kuris.jpg\",\"keywords\":[\"Bodo35\",\"elektrinio\",\"golfo\",\"GWagenas\",\"kad\",\"krep\u0161eliu\",\"kuris\",\"mano\",\"myliu\",\"Susipa\u017einkite\",\"Tai\",\"valand\u0105\",\"yra\"],\"articleSection\":[\"ELEKTRINIAI AUTOMOBILIAI\"],\"inLanguage\":\"lt-LT\",\"potentialAction\":[{\"@type\":\"CommentAction\",\"name\":\"Comment\",\"target\":[\"http:\/\/eautomobiliai.lt\/index.php\/2025\/05\/04\/susipazinkite-su-bodo-35-myliu-per-valanda-elektrinio-golfo-krepseliu-kuris-mano-kad-tai-yra-g-wagenas\/#respond\"]}]},{\"@type\":\"WebPage\",\"@id\":\"http:\/\/eautomobiliai.lt\/index.php\/2025\/05\/04\/susipazinkite-su-bodo-35-myliu-per-valanda-elektrinio-golfo-krepseliu-kuris-mano-kad-tai-yra-g-wagenas\/\",\"url\":\"http:\/\/eautomobiliai.lt\/index.php\/2025\/05\/04\/susipazinkite-su-bodo-35-myliu-per-valanda-elektrinio-golfo-krepseliu-kuris-mano-kad-tai-yra-g-wagenas\/\",\"name\":\"Susipa\u017einkite su \u201eBodo\u201c-35 myli\u0173 per valand\u0105 elektrinio golfo krep\u0161eliu, kuris mano, kad tai yra G-Wagenas - Eautomobiliai.lt\",\"isPartOf\":{\"@id\":\"https:\/\/eautomobiliai.lt\/#website\"},\"primaryImageOfPage\":{\"@id\":\"http:\/\/eautomobiliai.lt\/index.php\/2025\/05\/04\/susipazinkite-su-bodo-35-myliu-per-valanda-elektrinio-golfo-krepseliu-kuris-mano-kad-tai-yra-g-wagenas\/#primaryimage\"},\"image\":{\"@id\":\"http:\/\/eautomobiliai.lt\/index.php\/2025\/05\/04\/susipazinkite-su-bodo-35-myliu-per-valanda-elektrinio-golfo-krepseliu-kuris-mano-kad-tai-yra-g-wagenas\/#primaryimage\"},\"thumbnailUrl\":\"http:\/\/eautomobiliai.lt\/wp-content\/uploads\/2025\/05\/Susipazinkite-su-\u201eBodo-35-myliu-per-valanda-elektrinio-golfo-krepseliu-kuris.jpg\",\"datePublished\":\"2025-05-04T14:16:18+00:00\",\"author\":{\"@id\":\"https:\/\/eautomobiliai.lt\/#\/schema\/person\/ecf2a967f361217d056061f74deb92f2\"},\"breadcrumb\":{\"@id\":\"http:\/\/eautomobiliai.lt\/index.php\/2025\/05\/04\/susipazinkite-su-bodo-35-myliu-per-valanda-elektrinio-golfo-krepseliu-kuris-mano-kad-tai-yra-g-wagenas\/#breadcrumb\"},\"inLanguage\":\"lt-LT\",\"potentialAction\":[{\"@type\":\"ReadAction\",\"target\":[\"http:\/\/eautomobiliai.lt\/index.php\/2025\/05\/04\/susipazinkite-su-bodo-35-myliu-per-valanda-elektrinio-golfo-krepseliu-kuris-mano-kad-tai-yra-g-wagenas\/\"]}]},{\"@type\":\"ImageObject\",\"inLanguage\":\"lt-LT\",\"@id\":\"http:\/\/eautomobiliai.lt\/index.php\/2025\/05\/04\/susipazinkite-su-bodo-35-myliu-per-valanda-elektrinio-golfo-krepseliu-kuris-mano-kad-tai-yra-g-wagenas\/#primaryimage\",\"url\":\"http:\/\/eautomobiliai.lt\/wp-content\/uploads\/2025\/05\/Susipazinkite-su-\u201eBodo-35-myliu-per-valanda-elektrinio-golfo-krepseliu-kuris.jpg\",\"contentUrl\":\"http:\/\/eautomobiliai.lt\/wp-content\/uploads\/2025\/05\/Susipazinkite-su-\u201eBodo-35-myliu-per-valanda-elektrinio-golfo-krepseliu-kuris.jpg\",\"width\":1200,\"height\":628},{\"@type\":\"BreadcrumbList\",\"@id\":\"http:\/\/eautomobiliai.lt\/index.php\/2025\/05\/04\/susipazinkite-su-bodo-35-myliu-per-valanda-elektrinio-golfo-krepseliu-kuris-mano-kad-tai-yra-g-wagenas\/#breadcrumb\",\"itemListElement\":[{\"@type\":\"ListItem\",\"position\":1,\"name\":\"Home\",\"item\":\"https:\/\/eautomobiliai.lt\/\"},{\"@type\":\"ListItem\",\"position\":2,\"name\":\"Susipa\u017einkite su \u201eBodo\u201c-35 myli\u0173 per valand\u0105 elektrinio golfo krep\u0161eliu, kuris mano, kad tai yra G-Wagenas\"}]},{\"@type\":\"WebSite\",\"@id\":\"https:\/\/eautomobiliai.lt\/#website\",\"url\":\"https:\/\/eautomobiliai.lt\/\",\"name\":\"Eautomobiliai.lt\",\"description\":\"Elektrinis transportas, technologijos\",\"potentialAction\":[{\"@type\":\"SearchAction\",\"target\":{\"@type\":\"EntryPoint\",\"urlTemplate\":\"https:\/\/eautomobiliai.lt\/?s={search_term_string}\"},\"query-input\":{\"@type\":\"PropertyValueSpecification\",\"valueRequired\":true,\"valueName\":\"search_term_string\"}}],\"inLanguage\":\"lt-LT\"},{\"@type\":\"Person\",\"@id\":\"https:\/\/eautomobiliai.lt\/#\/schema\/person\/ecf2a967f361217d056061f74deb92f2\",\"name\":\"admin\",\"image\":{\"@type\":\"ImageObject\",\"inLanguage\":\"lt-LT\",\"@id\":\"https:\/\/eautomobiliai.lt\/#\/schema\/person\/image\/\",\"url\":\"https:\/\/secure.gravatar.com\/avatar\/6323379efae0c70c686c7905444d6bbd?s=96&d=mm&r=g\",\"contentUrl\":\"https:\/\/secure.gravatar.com\/avatar\/6323379efae0c70c686c7905444d6bbd?s=96&d=mm&r=g\",\"caption\":\"admin\"},\"sameAs\":[\"http:\/\/eautomobiliai.lt\"],\"url\":\"http:\/\/eautomobiliai.lt\/index.php\/author\/admin\/\"}]}<\/script>\n<!-- \/ Yoast SEO plugin. -->","yoast_head_json":{"title":"Susipa\u017einkite su \u201eBodo\u201c-35 myli\u0173 per valand\u0105 elektrinio golfo krep\u0161eliu, kuris mano, kad tai yra G-Wagenas - Eautomobiliai.lt","robots":{"index":"index","follow":"follow","max-snippet":"max-snippet:-1","max-image-preview":"max-image-preview:large","max-video-preview":"max-video-preview:-1"},"canonical":"http:\/\/eautomobiliai.lt\/index.php\/2025\/05\/04\/susipazinkite-su-bodo-35-myliu-per-valanda-elektrinio-golfo-krepseliu-kuris-mano-kad-tai-yra-g-wagenas\/","og_locale":"lt_LT","og_type":"article","og_title":"Susipa\u017einkite su \u201eBodo\u201c-35 myli\u0173 per valand\u0105 elektrinio golfo krep\u0161eliu, kuris mano, kad tai yra G-Wagenas - Eautomobiliai.lt","og_description":"\u201eBodo G-Wagon\u201c elektrinis golfo krep\u0161elis; per \u201eMecum\u201c aukcionus. Tur\u0117damas visi\u0161kai u\u017ekr\u0117st\u0105, \u201eG-Wagen\u201c \u012fkv\u0117pt\u0105 k\u0117bul\u0105 ir 80 myli\u0173 elektrin\u012f diapazon\u0105, \u201eBodo&hellip;","og_url":"http:\/\/eautomobiliai.lt\/index.php\/2025\/05\/04\/susipazinkite-su-bodo-35-myliu-per-valanda-elektrinio-golfo-krepseliu-kuris-mano-kad-tai-yra-g-wagenas\/","og_site_name":"Eautomobiliai.lt","article_published_time":"2025-05-04T14:16:18+00:00","og_image":[{"width":1200,"height":628,"url":"http:\/\/eautomobiliai.lt\/wp-content\/uploads\/2025\/05\/Susipazinkite-su-\u201eBodo-35-myliu-per-valanda-elektrinio-golfo-krepseliu-kuris.jpg","type":"image\/jpeg"}],"author":"admin","twitter_card":"summary_large_image","twitter_misc":{"Written by":"admin","Est. reading time":"3 minut\u0117s"},"schema":{"@context":"https:\/\/schema.org","@graph":[{"@type":"Article","@id":"http:\/\/eautomobiliai.lt\/index.php\/2025\/05\/04\/susipazinkite-su-bodo-35-myliu-per-valanda-elektrinio-golfo-krepseliu-kuris-mano-kad-tai-yra-g-wagenas\/#article","isPartOf":{"@id":"http:\/\/eautomobiliai.lt\/index.php\/2025\/05\/04\/susipazinkite-su-bodo-35-myliu-per-valanda-elektrinio-golfo-krepseliu-kuris-mano-kad-tai-yra-g-wagenas\/"},"author":{"name":"admin","@id":"https:\/\/eautomobiliai.lt\/#\/schema\/person\/ecf2a967f361217d056061f74deb92f2"},"headline":"Susipa\u017einkite su \u201eBodo\u201c-35 myli\u0173 per valand\u0105 elektrinio golfo krep\u0161eliu, kuris mano, kad tai yra G-Wagenas","datePublished":"2025-05-04T14:16:18+00:00","mainEntityOfPage":{"@id":"http:\/\/eautomobiliai.lt\/index.php\/2025\/05\/04\/susipazinkite-su-bodo-35-myliu-per-valanda-elektrinio-golfo-krepseliu-kuris-mano-kad-tai-yra-g-wagenas\/"},"wordCount":669,"commentCount":0,"image":{"@id":"http:\/\/eautomobiliai.lt\/index.php\/2025\/05\/04\/susipazinkite-su-bodo-35-myliu-per-valanda-elektrinio-golfo-krepseliu-kuris-mano-kad-tai-yra-g-wagenas\/#primaryimage"},"thumbnailUrl":"http:\/\/eautomobiliai.lt\/wp-content\/uploads\/2025\/05\/Susipazinkite-su-\u201eBodo-35-myliu-per-valanda-elektrinio-golfo-krepseliu-kuris.jpg","keywords":["Bodo35","elektrinio","golfo","GWagenas","kad","krep\u0161eliu","kuris","mano","myliu","Susipa\u017einkite","Tai","valand\u0105","yra"],"articleSection":["ELEKTRINIAI AUTOMOBILIAI"],"inLanguage":"lt-LT","potentialAction":[{"@type":"CommentAction","name":"Comment","target":["http:\/\/eautomobiliai.lt\/index.php\/2025\/05\/04\/susipazinkite-su-bodo-35-myliu-per-valanda-elektrinio-golfo-krepseliu-kuris-mano-kad-tai-yra-g-wagenas\/#respond"]}]},{"@type":"WebPage","@id":"http:\/\/eautomobiliai.lt\/index.php\/2025\/05\/04\/susipazinkite-su-bodo-35-myliu-per-valanda-elektrinio-golfo-krepseliu-kuris-mano-kad-tai-yra-g-wagenas\/","url":"http:\/\/eautomobiliai.lt\/index.php\/2025\/05\/04\/susipazinkite-su-bodo-35-myliu-per-valanda-elektrinio-golfo-krepseliu-kuris-mano-kad-tai-yra-g-wagenas\/","name":"Susipa\u017einkite su \u201eBodo\u201c-35 myli\u0173 per valand\u0105 elektrinio golfo krep\u0161eliu, kuris mano, kad tai yra G-Wagenas - Eautomobiliai.lt","isPartOf":{"@id":"https:\/\/eautomobiliai.lt\/#website"},"primaryImageOfPage":{"@id":"http:\/\/eautomobiliai.lt\/index.php\/2025\/05\/04\/susipazinkite-su-bodo-35-myliu-per-valanda-elektrinio-golfo-krepseliu-kuris-mano-kad-tai-yra-g-wagenas\/#primaryimage"},"image":{"@id":"http:\/\/eautomobiliai.lt\/index.php\/2025\/05\/04\/susipazinkite-su-bodo-35-myliu-per-valanda-elektrinio-golfo-krepseliu-kuris-mano-kad-tai-yra-g-wagenas\/#primaryimage"},"thumbnailUrl":"http:\/\/eautomobiliai.lt\/wp-content\/uploads\/2025\/05\/Susipazinkite-su-\u201eBodo-35-myliu-per-valanda-elektrinio-golfo-krepseliu-kuris.jpg","datePublished":"2025-05-04T14:16:18+00:00","author":{"@id":"https:\/\/eautomobiliai.lt\/#\/schema\/person\/ecf2a967f361217d056061f74deb92f2"},"breadcrumb":{"@id":"http:\/\/eautomobiliai.lt\/index.php\/2025\/05\/04\/susipazinkite-su-bodo-35-myliu-per-valanda-elektrinio-golfo-krepseliu-kuris-mano-kad-tai-yra-g-wagenas\/#breadcrumb"},"inLanguage":"lt-LT","potentialAction":[{"@type":"ReadAction","target":["http:\/\/eautomobiliai.lt\/index.php\/2025\/05\/04\/susipazinkite-su-bodo-35-myliu-per-valanda-elektrinio-golfo-krepseliu-kuris-mano-kad-tai-yra-g-wagenas\/"]}]},{"@type":"ImageObject","inLanguage":"lt-LT","@id":"http:\/\/eautomobiliai.lt\/index.php\/2025\/05\/04\/susipazinkite-su-bodo-35-myliu-per-valanda-elektrinio-golfo-krepseliu-kuris-mano-kad-tai-yra-g-wagenas\/#primaryimage","url":"http:\/\/eautomobiliai.lt\/wp-content\/uploads\/2025\/05\/Susipazinkite-su-\u201eBodo-35-myliu-per-valanda-elektrinio-golfo-krepseliu-kuris.jpg","contentUrl":"http:\/\/eautomobiliai.lt\/wp-content\/uploads\/2025\/05\/Susipazinkite-su-\u201eBodo-35-myliu-per-valanda-elektrinio-golfo-krepseliu-kuris.jpg","width":1200,"height":628},{"@type":"BreadcrumbList","@id":"http:\/\/eautomobiliai.lt\/index.php\/2025\/05\/04\/susipazinkite-su-bodo-35-myliu-per-valanda-elektrinio-golfo-krepseliu-kuris-mano-kad-tai-yra-g-wagenas\/#breadcrumb","itemListElement":[{"@type":"ListItem","position":1,"name":"Home","item":"https:\/\/eautomobiliai.lt\/"},{"@type":"ListItem","position":2,"name":"Susipa\u017einkite su \u201eBodo\u201c-35 myli\u0173 per valand\u0105 elektrinio golfo krep\u0161eliu, kuris mano, kad tai yra G-Wagenas"}]},{"@type":"WebSite","@id":"https:\/\/eautomobiliai.lt\/#website","url":"https:\/\/eautomobiliai.lt\/","name":"Eautomobiliai.lt","description":"Elektrinis transportas, technologijos","potentialAction":[{"@type":"SearchAction","target":{"@type":"EntryPoint","urlTemplate":"https:\/\/eautomobiliai.lt\/?s={search_term_string}"},"query-input":{"@type":"PropertyValueSpecification","valueRequired":true,"valueName":"search_term_string"}}],"inLanguage":"lt-LT"},{"@type":"Person","@id":"https:\/\/eautomobiliai.lt\/#\/schema\/person\/ecf2a967f361217d056061f74deb92f2","name":"admin","image":{"@type":"ImageObject","inLanguage":"lt-LT","@id":"https:\/\/eautomobiliai.lt\/#\/schema\/person\/image\/","url":"https:\/\/secure.gravatar.com\/avatar\/6323379efae0c70c686c7905444d6bbd?s=96&d=mm&r=g","contentUrl":"https:\/\/secure.gravatar.com\/avatar\/6323379efae0c70c686c7905444d6bbd?s=96&d=mm&r=g","caption":"admin"},"sameAs":["http:\/\/eautomobiliai.lt"],"url":"http:\/\/eautomobiliai.lt\/index.php\/author\/admin\/"}]}},"_links":{"self":[{"href":"http:\/\/eautomobiliai.lt\/index.php\/wp-json\/wp\/v2\/posts\/713","targetHints":{"allow":["GET"]}}],"collection":[{"href":"http:\/\/eautomobiliai.lt\/index.php\/wp-json\/wp\/v2\/posts"}],"about":[{"href":"http:\/\/eautomobiliai.lt\/index.php\/wp-json\/wp\/v2\/types\/post"}],"author":[{"embeddable":true,"href":"http:\/\/eautomobiliai.lt\/index.php\/wp-json\/wp\/v2\/users\/1"}],"replies":[{"embeddable":true,"href":"http:\/\/eautomobiliai.lt\/index.php\/wp-json\/wp\/v2\/comments?post=713"}],"version-history":[{"count":0,"href":"http:\/\/eautomobiliai.lt\/index.php\/wp-json\/wp\/v2\/posts\/713\/revisions"}],"wp:featuredmedia":[{"embeddable":true,"href":"http:\/\/eautomobiliai.lt\/index.php\/wp-json\/wp\/v2\/media\/714"}],"wp:attachment":[{"href":"http:\/\/eautomobiliai.lt\/index.php\/wp-json\/wp\/v2\/media?parent=713"}],"wp:term":[{"taxonomy":"category","embeddable":true,"href":"http:\/\/eautomobiliai.lt\/index.php\/wp-json\/wp\/v2\/categories?post=713"},{"taxonomy":"post_tag","embeddable":true,"href":"http:\/\/eautomobiliai.lt\/index.php\/wp-json\/wp\/v2\/tags?post=713"}],"curies":[{"name":"wp","href":"https:\/\/api.w.org\/{rel}","templated":true}]}}