{"id":785,"date":"2025-05-10T14:47:03","date_gmt":"2025-05-10T14:47:03","guid":{"rendered":"https:\/\/eautomobiliai.lt\/index.php\/2025\/05\/10\/volvo-erzina-nauja-xc70-phev-su-125-myliu-ev-diapazonu-2026-m\/"},"modified":"2025-05-10T14:47:03","modified_gmt":"2025-05-10T14:47:03","slug":"volvo-erzina-nauja-xc70-phev-su-125-myliu-ev-diapazonu-2026-m","status":"publish","type":"post","link":"http:\/\/eautomobiliai.lt\/index.php\/2025\/05\/10\/volvo-erzina-nauja-xc70-phev-su-125-myliu-ev-diapazonu-2026-m\/","title":{"rendered":"\u201eVolvo\u201c erzina nauj\u0105 \u201eXC70 Phev\u201c su 125 myli\u0173 EV diapazonu 2026 m."},"content":{"rendered":"<p> <br \/>\n<\/p>\n<div>\n<figure class=\"img-border featured-image\">\n\t<\/figure>\n<p>\u201eVolvo Cars\u201c erzino visi\u0161kai nauj\u0105 \u201eVolvo XC70\u201c papildinio hibridin\u012f krosover\u012f su 400 AG ir 200 km (ma\u017edaug 125 myli\u0173) viso elektrinio diapazono, suteikdamas jam ilgiausi\u0105 tik bet kurio bendrov\u0117s papildini\u0173 hibridini\u0173 hibridini\u0173 pasi\u016blym\u0173 diapazon\u0105.<\/p>\n<p><span id=\"more-415353\"\/><\/p>\n<p>Naujasis \u201eXC70\u201c, pastatytas ant naujos bendrov\u0117s SMA platformos, skirtos i\u0161pl\u0117stinio diapazono papildini\u0173 hibridams, atgaivina ikoni\u0161k\u0105 prek\u0117s \u017eenklo pavadinim\u0105 ir yra svarbus produkt\u0173 papildymas pagal sud\u0117t\u012f ir patenkins did\u0117jan\u010di\u0105 ilgesnio nuotolio papildini\u0173 hibrid\u0173 paklaus\u0105-ypa\u010d Kinijoje, kur 2026 \u201eVolvo XC70\u201c bus galima \u012fsigyti v\u0117liau \u0161iais metais.<\/p>\n<p>\u201e\u201e XC70 \u201c\u017eymi m\u016bs\u0173 strategin\u012f patekim\u0105 \u012f i\u0161pl\u0117stinio diapazono papildinio hibridin\u012f segment\u0105, tobul\u0105 tilt\u0105 iki visi\u0161ko elektrifikavimo\u201c,-sako prezidentas H\u00e5kan Samuelsson ir prezidentas ir <em>Gr\u012f\u017etantis<\/em> \u201eVolvo Cars\u201c generalinis direktorius. &#8222;(XC70) leid\u017eia mums i\u0161laikyti ir sukurti subalansuot\u0105 produkt\u0173 portfel\u012f, tuo pa\u010diu si\u016blant labai patraukli\u0105 alternatyv\u0105 klientams, kurie dar n\u0117ra pasireng\u0119 visi\u0161kai elektriniams automobiliams. Tai taip pat yra regionizacijos pavyzdys, kai mes prisitaikome prie vietin\u0117s rinkos poreiki\u0173.&#8221;<\/p>\n<p>Ankstyvosios ataskaitos rodo, kad automobilis dalijasi platforma su 400 AG \u201eLynk &#038; Co 08\u201c. Jis vadinamas \u201eCMA\u201c kalboje \u201eLyn &#038; Co\u201c, ta\u010diau trumpa versija yra 1,5L turbokompresoriaus ir dvigubos elektrin\u0117s varikliai.<\/p>\n<p>\t<span class=\"outbrain-ad-label\">Skelbimas &#8211; slinkite daugiau turinio<\/span><\/p>\n<p><center><\/p>\n<blockquote class=\"twitter-tweet\">\n<p lang=\"en\" dir=\"ltr\">Kinijoje atidengtas \u201eVolvo XC70 Phev\u201c visureigis<\/p>\n<p>\u201eVolvo\u201c yra Kinijos ir \u0161vedi\u0161k\u0173 automobili\u0173 prek\u0117s \u017eenklas, priklausantis \u201eGeely Group\u201c. \u201eVolvo XC70\u201c yra naujas \u201ePhev\u201c visureigis su vis\u0173 rat\u0173 pavara, sukurta ir sukurta Kinijoje Kinijos rinkai.<\/p>\n<p>\u201eXC70\u201c yra pagr\u012fstas \u201eLynk &#038; Co 08\u201c. Rat\u0173 baz\u0117 ir\u2026 <a href=\"https:\/\/t.co\/mD2Ozb8SjO\">pic.twitter.com\/md2ozb8sjo<\/a><\/p>\n<p>&#8211; Tycho de Feijter (@tychodefeijter) <a href=\"https:\/\/twitter.com\/TychodeFeijter\/status\/1920051653987684678?ref_src=twsrc%5Etfw\">2025 m. Gegu\u017e\u0117s 7 d<\/a><\/p><\/blockquote>\n<p><\/center><\/p>\n<p>Priekyje \u201eXC70\u201c pasi\u017eymi tokiomis pa\u010diomis, skydu pana\u0161iomis u\u017edaromis grotel\u0117mis, kaip ir naujausi prek\u0117s \u017eenklo visos elektros modeliai. Jis suporuotas su aktyviu groteli\u0173 langine buferiu, kuris automati\u0161kai atidaromas ir u\u017edaromas, kad b\u016bt\u0173 galima optimizuoti aerodinamik\u0105, salono klimat\u0105 ir au\u0161inim\u0105 &#8211; viskas, ko reikia \u0161iuo metu, kad b\u016bt\u0173 maksimaliai padidintas energijos vartojimo efektyvumas ir galiausiai va\u017eiavimo diapazonas. <\/p>\n<p>Prek\u0117s \u017eenklo \u201eVolvo\u201c \u201eThor&#8217;s Hammer\u201c priekini\u0173 \u017eibint\u0173 dizainas i\u0161sivyst\u0117 \u012f i\u0161skirtinius DRL &#8211; \u201eXC70\u201c priekiniai \u017eibintai i\u0161 tikr\u0173j\u0173 yra po tais, ir jame yra matricos LED technologija, kuri protingai pritaiko priekinius \u017eibintus prie kelio ir eismo situacij\u0173, padedant pagerinti tiek matomum\u0105, tiek saugum\u0105, neu\u017edengdama vis\u0173 j\u016bs\u0173 kelyje.<\/p>\n<p>Vertikalaus galinio \u017eibinto dizaino link sukuria \u0161iuolaiki\u0161k\u0105 i\u0161vaizd\u0105, atitinkan\u010di\u0105 \u201eVolvo\u201c stiliaus \u017eenklus &#8230; stiliaus \u017eenklus, beje, paimtus i\u0161 visos XC linijos senelio. \u201eV70 Cross Country\u201c. Kuris, j\u016bs \u017einote, yra tai, ko \u201eXC\u201c viskas prasid\u0117s.<\/p>\n<div id=\"ez-toc-container\" class=\"ez-toc-v2_0_82_2 counter-hierarchy ez-toc-counter ez-toc-grey ez-toc-container-direction\">\n<div class=\"ez-toc-title-container\">\n<p class=\"ez-toc-title\" style=\"cursor:inherit\">Turinys:<\/p>\n<span class=\"ez-toc-title-toggle\"><a href=\"#\" class=\"ez-toc-pull-right ez-toc-btn ez-toc-btn-xs ez-toc-btn-default ez-toc-toggle\" aria-label=\"Toggle Table of Content\"><span class=\"ez-toc-js-icon-con\"><span class=\"\"><span class=\"eztoc-hide\" style=\"display:none;\">Toggle<\/span><span class=\"ez-toc-icon-toggle-span\"><svg style=\"fill: #999;color:#999\" xmlns=\"http:\/\/www.w3.org\/2000\/svg\" class=\"list-377408\" width=\"20px\" height=\"20px\" viewBox=\"0 0 24 24\" fill=\"none\"><path d=\"M6 6H4v2h2V6zm14 0H8v2h12V6zM4 11h2v2H4v-2zm16 0H8v2h12v-2zM4 16h2v2H4v-2zm16 0H8v2h12v-2z\" fill=\"currentColor\"><\/path><\/svg><svg style=\"fill: #999;color:#999\" class=\"arrow-unsorted-368013\" xmlns=\"http:\/\/www.w3.org\/2000\/svg\" width=\"10px\" height=\"10px\" viewBox=\"0 0 24 24\" version=\"1.2\" baseProfile=\"tiny\"><path d=\"M18.2 9.3l-6.2-6.3-6.2 6.3c-.2.2-.3.4-.3.7s.1.5.3.7c.2.2.4.3.7.3h11c.3 0 .5-.1.7-.3.2-.2.3-.5.3-.7s-.1-.5-.3-.7zM5.8 14.7l6.2 6.3 6.2-6.3c.2-.2.3-.5.3-.7s-.1-.5-.3-.7c-.2-.2-.4-.3-.7-.3h-11c-.3 0-.5.1-.7.3-.2.2-.3.5-.3.7s.1.5.3.7z\"\/><\/svg><\/span><\/span><\/span><\/a><\/span><\/div>\n<nav><ul class='ez-toc-list ez-toc-list-level-1 ' ><li class='ez-toc-page-1 ez-toc-heading-level-2'><a class=\"ez-toc-link ez-toc-heading-1\" href=\"http:\/\/eautomobiliai.lt\/index.php\/2025\/05\/10\/volvo-erzina-nauja-xc70-phev-su-125-myliu-ev-diapazonu-2026-m\/#%E2%80%9EVolvo_V_70_XC_Cross_Country%E2%80%9C\" >\u201eVolvo V 70 XC Cross Country\u201c<\/a><\/li><li class='ez-toc-page-1 ez-toc-heading-level-2'><a class=\"ez-toc-link ez-toc-heading-2\" href=\"http:\/\/eautomobiliai.lt\/index.php\/2025\/05\/10\/volvo-erzina-nauja-xc70-phev-su-125-myliu-ev-diapazonu-2026-m\/#Tai_tikrai_grazu_vaikinai\" >Tai tikrai gra\u017eu, vaikinai<\/a><\/li><\/ul><\/nav><\/div>\n<h2 class=\"wp-block-heading\" id=\"h-volvo-v-70-xc-cross-country\"><span class=\"ez-toc-section\" id=\"%E2%80%9EVolvo_V_70_XC_Cross_Country%E2%80%9C\"><\/span>\u201eVolvo V 70 XC Cross Country\u201c<span class=\"ez-toc-section-end\"><\/span><\/h2>\n<figure class=\"wp-block-image alignwide size-large\"><img loading=\"lazy\" decoding=\"async\" width=\"1600\" height=\"900\" src=\"https:\/\/electrek.co\/wp-content\/uploads\/sites\/3\/2025\/05\/v70_cross-country.jpeg?quality=82&amp;strip=all&amp;w=1024\" alt=\"\" class=\"wp-image-415369\" srcset=\"https:\/\/electrek.co\/wp-content\/uploads\/sites\/3\/2025\/05\/v70_cross-country.jpeg 1600w, https:\/\/electrek.co\/wp-content\/uploads\/sites\/3\/2025\/05\/v70_cross-country.jpeg?resize=150,84 150w, https:\/\/electrek.co\/wp-content\/uploads\/sites\/3\/2025\/05\/v70_cross-country.jpeg?resize=300,169 300w, https:\/\/electrek.co\/wp-content\/uploads\/sites\/3\/2025\/05\/v70_cross-country.jpeg?resize=768,432 768w, https:\/\/electrek.co\/wp-content\/uploads\/sites\/3\/2025\/05\/v70_cross-country.jpeg?resize=1024,576 1024w, https:\/\/electrek.co\/wp-content\/uploads\/sites\/3\/2025\/05\/v70_cross-country.jpeg?resize=1536,864 1536w, https:\/\/electrek.co\/wp-content\/uploads\/sites\/3\/2025\/05\/v70_cross-country.jpeg?resize=350,197 350w, https:\/\/electrek.co\/wp-content\/uploads\/sites\/3\/2025\/05\/v70_cross-country.jpeg?resize=140,79 140w\" sizes=\"auto, (max-width: 1600px) 100vw, 1600px\"\/><figcaption class=\"wp-element-caption\">Ir v 70 XC kroso \u0161alis; Per \u201eVolvo\u201c automobilius.<\/figcaption><\/figure>\n<p>A\u0161 turiu omenyje, tikrai &#8211; naujasis XC70 n\u0117ra pakankamai \u201eBoxy\u201c, ta\u010diau mes visi turime aukoti vardan efektyvumo ir ekologijos, tiesa? Ir, ties\u0105 sakant, jei naujieji ES90 ar EX90 modeliai yra koki\u0173 nors po\u017eymi\u0173, \u201eXC70\u201c tvarkykl\u0117s nepatik\u0117s <em>taip pat<\/em> blogai.<\/p>\n<p>Paleidimas numatytas v\u0117lyvam Q3, kurio bazin\u0117 kaina yra apie 400 000 juani\u0173 (apie 55 000 USD). Dar n\u0117ra \u017eod\u017eio apie pasaulin\u012f prieinamum\u0105. <\/p>\n<h2 class=\"wp-block-heading\" id=\"h-it-s-real-pretty-guys\"><span class=\"ez-toc-section\" id=\"Tai_tikrai_grazu_vaikinai\"><\/span>Tai tikrai gra\u017eu, vaikinai<span class=\"ez-toc-section-end\"><\/span><\/h2>\n<p><strong>\u0160altinis | Vaizdai<\/strong>: \u201eVolvo\u201c automobiliai.<\/p>\n<figure class=\"wp-block-image alignwide\"><img loading=\"lazy\" decoding=\"async\" width=\"750\" height=\"150\" src=\"https:\/\/electrek.co\/wp-content\/uploads\/sites\/3\/2025\/03\/DES-1038_Electrek-Banners_EVs_0797c2.png\" alt=\"\" class=\"wp-image-408967\" srcset=\"https:\/\/electrek.co\/wp-content\/uploads\/sites\/3\/2025\/03\/DES-1038_Electrek-Banners_EVs_0797c2.png 750w, https:\/\/electrek.co\/wp-content\/uploads\/sites\/3\/2025\/03\/DES-1038_Electrek-Banners_EVs_0797c2.png?resize=150,30 150w, https:\/\/electrek.co\/wp-content\/uploads\/sites\/3\/2025\/03\/DES-1038_Electrek-Banners_EVs_0797c2.png?resize=300,60 300w, https:\/\/electrek.co\/wp-content\/uploads\/sites\/3\/2025\/03\/DES-1038_Electrek-Banners_EVs_0797c2.png?resize=350,70 350w, https:\/\/electrek.co\/wp-content\/uploads\/sites\/3\/2025\/03\/DES-1038_Electrek-Banners_EVs_0797c2.png?resize=140,28 140w\" sizes=\"auto, (max-width: 750px) 100vw, 750px\"\/><\/figure>\n<hr class=\"wp-block-separator has-alpha-channel-opacity\"\/>\n<p><em>Jei ketinate eiti \u012f saul\u0117s energij\u0105, visada gera id\u0117ja gauti kelet\u0105 montuotoj\u0173 citat\u0173. Nor\u0117dami \u012fsitikinti, kad \u0161alia j\u016bs\u0173 rasite patikim\u0105, patikim\u0105 saul\u0117s diegimo program\u0105, si\u016blan\u010di\u0105 konkurencing\u0105 kain\u0105, apsilankykite <\/em><em>Energysage<\/em><em>nemokama paslauga, palengvinanti jums saul\u0117s energij\u0105. Jame yra \u0161imtai i\u0161 anksto atvaizduot\u0173 saul\u0117s energijos montuotoj\u0173, konkuruojan\u010di\u0173 d\u0117l j\u016bs\u0173 verslo, u\u017etikrinant, kad gausite auk\u0161tos kokyb\u0117s sprendimus ir sutaupysite 20\u201330%, palyginti su jo \u0117jimu atskirai. Be to, ja nemokama naudotis, ir j\u016bs negausite pardavimo skambu\u010di\u0173, kol pasirinksite diegimo program\u0105 ir pasidalysite savo telefono numeriu su jais. <\/em><\/p>\n<p><em>J\u016bs\u0173 individualizuotas saul\u0117s citatas lengva palyginti internete ir gausite prieig\u0105 prie ne\u0161ali\u0161k\u0173 patar\u0117j\u0173 energetikos srityje, kad pad\u0117tum\u0117te jums kiekvienam \u017eingsniui. Prad\u0117kite <\/em><em>\u010dia<\/em><em>.<\/em><\/p>\n<div class=\"ad-disclaimer-container\">\n<p class=\"disclaimer-affiliate\"><em>FPK: Mes naudojame pajamas gaunan\u010dias automatinio filialo nuorodas.<\/em> Daugiau.<\/p>\n<p><!-- post ad --><\/div>\n<\/p><\/div>\n<p><script async src=\"\/\/platform.twitter.com\/widgets.js\" charset=\"utf-8\"><\/script><br \/>\n<br \/><br \/>\n<br \/><a href=\"https:\/\/electrek.co\/2025\/05\/10\/volvo-teases-all-new-xc70-phev-with-125-miles-of-electric-range-for-2026\/\">Source link <\/a><\/p>\n","protected":false},"excerpt":{"rendered":"<p>\u201eVolvo Cars\u201c erzino visi\u0161kai nauj\u0105 \u201eVolvo XC70\u201c papildinio hibridin\u012f krosover\u012f su 400 AG ir 200 km (ma\u017edaug 125 myli\u0173) viso&hellip;<\/p>\n","protected":false},"author":1,"featured_media":786,"comment_status":"open","ping_status":"open","sticky":false,"template":"","format":"standard","meta":{"om_disable_all_campaigns":false,"_monsterinsights_skip_tracking":false,"_monsterinsights_sitenote_active":false,"_monsterinsights_sitenote_note":"","_monsterinsights_sitenote_category":0,"footnotes":""},"categories":[8],"tags":[256,580,539,556,943,261,1776],"class_list":["post-785","post","type-post","status-publish","format-standard","has-post-thumbnail","hentry","category-elektriniai-automobiliai","tag-diapazonu","tag-erzina","tag-myliu","tag-nauja","tag-phev","tag-volvo","tag-xc70"],"aioseo_notices":[],"yoast_head":"<!-- This site is optimized with the Yoast SEO plugin v26.8 - https:\/\/yoast.com\/product\/yoast-seo-wordpress\/ -->\n<title>\u201eVolvo\u201c erzina nauj\u0105 \u201eXC70 Phev\u201c su 125 myli\u0173 EV diapazonu 2026 m. - Eautomobiliai.lt<\/title>\n<meta name=\"robots\" content=\"index, follow, max-snippet:-1, max-image-preview:large, max-video-preview:-1\" \/>\n<link rel=\"canonical\" href=\"http:\/\/eautomobiliai.lt\/index.php\/2025\/05\/10\/volvo-erzina-nauja-xc70-phev-su-125-myliu-ev-diapazonu-2026-m\/\" \/>\n<meta property=\"og:locale\" content=\"lt_LT\" \/>\n<meta property=\"og:type\" content=\"article\" \/>\n<meta property=\"og:title\" content=\"\u201eVolvo\u201c erzina nauj\u0105 \u201eXC70 Phev\u201c su 125 myli\u0173 EV diapazonu 2026 m. - Eautomobiliai.lt\" \/>\n<meta property=\"og:description\" content=\"\u201eVolvo Cars\u201c erzino visi\u0161kai nauj\u0105 \u201eVolvo XC70\u201c papildinio hibridin\u012f krosover\u012f su 400 AG ir 200 km (ma\u017edaug 125 myli\u0173) viso&hellip;\" \/>\n<meta property=\"og:url\" content=\"http:\/\/eautomobiliai.lt\/index.php\/2025\/05\/10\/volvo-erzina-nauja-xc70-phev-su-125-myliu-ev-diapazonu-2026-m\/\" \/>\n<meta property=\"og:site_name\" content=\"Eautomobiliai.lt\" \/>\n<meta property=\"article:published_time\" content=\"2025-05-10T14:47:03+00:00\" \/>\n<meta property=\"og:image\" content=\"http:\/\/eautomobiliai.lt\/wp-content\/uploads\/2025\/05\/\u201eVolvo-erzina-nauja-\u201eXC70-Phev-su-125-myliu-EV-diapazonu.jpeg\" \/>\n\t<meta property=\"og:image:width\" content=\"1200\" \/>\n\t<meta property=\"og:image:height\" content=\"628\" \/>\n\t<meta property=\"og:image:type\" content=\"image\/jpeg\" \/>\n<meta name=\"author\" content=\"admin\" \/>\n<meta name=\"twitter:card\" content=\"summary_large_image\" \/>\n<meta name=\"twitter:label1\" content=\"Written by\" \/>\n\t<meta name=\"twitter:data1\" content=\"admin\" \/>\n\t<meta name=\"twitter:label2\" content=\"Est. reading time\" \/>\n\t<meta name=\"twitter:data2\" content=\"3 minut\u0117s\" \/>\n<script type=\"application\/ld+json\" class=\"yoast-schema-graph\">{\"@context\":\"https:\/\/schema.org\",\"@graph\":[{\"@type\":\"Article\",\"@id\":\"http:\/\/eautomobiliai.lt\/index.php\/2025\/05\/10\/volvo-erzina-nauja-xc70-phev-su-125-myliu-ev-diapazonu-2026-m\/#article\",\"isPartOf\":{\"@id\":\"http:\/\/eautomobiliai.lt\/index.php\/2025\/05\/10\/volvo-erzina-nauja-xc70-phev-su-125-myliu-ev-diapazonu-2026-m\/\"},\"author\":{\"name\":\"admin\",\"@id\":\"https:\/\/eautomobiliai.lt\/#\/schema\/person\/ecf2a967f361217d056061f74deb92f2\"},\"headline\":\"\u201eVolvo\u201c erzina nauj\u0105 \u201eXC70 Phev\u201c su 125 myli\u0173 EV diapazonu 2026 m.\",\"datePublished\":\"2025-05-10T14:47:03+00:00\",\"mainEntityOfPage\":{\"@id\":\"http:\/\/eautomobiliai.lt\/index.php\/2025\/05\/10\/volvo-erzina-nauja-xc70-phev-su-125-myliu-ev-diapazonu-2026-m\/\"},\"wordCount\":654,\"commentCount\":0,\"image\":{\"@id\":\"http:\/\/eautomobiliai.lt\/index.php\/2025\/05\/10\/volvo-erzina-nauja-xc70-phev-su-125-myliu-ev-diapazonu-2026-m\/#primaryimage\"},\"thumbnailUrl\":\"http:\/\/eautomobiliai.lt\/wp-content\/uploads\/2025\/05\/\u201eVolvo-erzina-nauja-\u201eXC70-Phev-su-125-myliu-EV-diapazonu.jpeg\",\"keywords\":[\"diapazon\u0173\",\"erzina\",\"myliu\",\"Nauja\",\"Phev\",\"Volvo\",\"XC70\"],\"articleSection\":[\"ELEKTRINIAI AUTOMOBILIAI\"],\"inLanguage\":\"lt-LT\",\"potentialAction\":[{\"@type\":\"CommentAction\",\"name\":\"Comment\",\"target\":[\"http:\/\/eautomobiliai.lt\/index.php\/2025\/05\/10\/volvo-erzina-nauja-xc70-phev-su-125-myliu-ev-diapazonu-2026-m\/#respond\"]}]},{\"@type\":\"WebPage\",\"@id\":\"http:\/\/eautomobiliai.lt\/index.php\/2025\/05\/10\/volvo-erzina-nauja-xc70-phev-su-125-myliu-ev-diapazonu-2026-m\/\",\"url\":\"http:\/\/eautomobiliai.lt\/index.php\/2025\/05\/10\/volvo-erzina-nauja-xc70-phev-su-125-myliu-ev-diapazonu-2026-m\/\",\"name\":\"\u201eVolvo\u201c erzina nauj\u0105 \u201eXC70 Phev\u201c su 125 myli\u0173 EV diapazonu 2026 m. - Eautomobiliai.lt\",\"isPartOf\":{\"@id\":\"https:\/\/eautomobiliai.lt\/#website\"},\"primaryImageOfPage\":{\"@id\":\"http:\/\/eautomobiliai.lt\/index.php\/2025\/05\/10\/volvo-erzina-nauja-xc70-phev-su-125-myliu-ev-diapazonu-2026-m\/#primaryimage\"},\"image\":{\"@id\":\"http:\/\/eautomobiliai.lt\/index.php\/2025\/05\/10\/volvo-erzina-nauja-xc70-phev-su-125-myliu-ev-diapazonu-2026-m\/#primaryimage\"},\"thumbnailUrl\":\"http:\/\/eautomobiliai.lt\/wp-content\/uploads\/2025\/05\/\u201eVolvo-erzina-nauja-\u201eXC70-Phev-su-125-myliu-EV-diapazonu.jpeg\",\"datePublished\":\"2025-05-10T14:47:03+00:00\",\"author\":{\"@id\":\"https:\/\/eautomobiliai.lt\/#\/schema\/person\/ecf2a967f361217d056061f74deb92f2\"},\"breadcrumb\":{\"@id\":\"http:\/\/eautomobiliai.lt\/index.php\/2025\/05\/10\/volvo-erzina-nauja-xc70-phev-su-125-myliu-ev-diapazonu-2026-m\/#breadcrumb\"},\"inLanguage\":\"lt-LT\",\"potentialAction\":[{\"@type\":\"ReadAction\",\"target\":[\"http:\/\/eautomobiliai.lt\/index.php\/2025\/05\/10\/volvo-erzina-nauja-xc70-phev-su-125-myliu-ev-diapazonu-2026-m\/\"]}]},{\"@type\":\"ImageObject\",\"inLanguage\":\"lt-LT\",\"@id\":\"http:\/\/eautomobiliai.lt\/index.php\/2025\/05\/10\/volvo-erzina-nauja-xc70-phev-su-125-myliu-ev-diapazonu-2026-m\/#primaryimage\",\"url\":\"http:\/\/eautomobiliai.lt\/wp-content\/uploads\/2025\/05\/\u201eVolvo-erzina-nauja-\u201eXC70-Phev-su-125-myliu-EV-diapazonu.jpeg\",\"contentUrl\":\"http:\/\/eautomobiliai.lt\/wp-content\/uploads\/2025\/05\/\u201eVolvo-erzina-nauja-\u201eXC70-Phev-su-125-myliu-EV-diapazonu.jpeg\",\"width\":1200,\"height\":628},{\"@type\":\"BreadcrumbList\",\"@id\":\"http:\/\/eautomobiliai.lt\/index.php\/2025\/05\/10\/volvo-erzina-nauja-xc70-phev-su-125-myliu-ev-diapazonu-2026-m\/#breadcrumb\",\"itemListElement\":[{\"@type\":\"ListItem\",\"position\":1,\"name\":\"Home\",\"item\":\"https:\/\/eautomobiliai.lt\/\"},{\"@type\":\"ListItem\",\"position\":2,\"name\":\"\u201eVolvo\u201c erzina nauj\u0105 \u201eXC70 Phev\u201c su 125 myli\u0173 EV diapazonu 2026 m.\"}]},{\"@type\":\"WebSite\",\"@id\":\"https:\/\/eautomobiliai.lt\/#website\",\"url\":\"https:\/\/eautomobiliai.lt\/\",\"name\":\"Eautomobiliai.lt\",\"description\":\"Elektrinis transportas, technologijos\",\"potentialAction\":[{\"@type\":\"SearchAction\",\"target\":{\"@type\":\"EntryPoint\",\"urlTemplate\":\"https:\/\/eautomobiliai.lt\/?s={search_term_string}\"},\"query-input\":{\"@type\":\"PropertyValueSpecification\",\"valueRequired\":true,\"valueName\":\"search_term_string\"}}],\"inLanguage\":\"lt-LT\"},{\"@type\":\"Person\",\"@id\":\"https:\/\/eautomobiliai.lt\/#\/schema\/person\/ecf2a967f361217d056061f74deb92f2\",\"name\":\"admin\",\"image\":{\"@type\":\"ImageObject\",\"inLanguage\":\"lt-LT\",\"@id\":\"https:\/\/eautomobiliai.lt\/#\/schema\/person\/image\/\",\"url\":\"https:\/\/secure.gravatar.com\/avatar\/6323379efae0c70c686c7905444d6bbd?s=96&d=mm&r=g\",\"contentUrl\":\"https:\/\/secure.gravatar.com\/avatar\/6323379efae0c70c686c7905444d6bbd?s=96&d=mm&r=g\",\"caption\":\"admin\"},\"sameAs\":[\"http:\/\/eautomobiliai.lt\"],\"url\":\"http:\/\/eautomobiliai.lt\/index.php\/author\/admin\/\"}]}<\/script>\n<!-- \/ Yoast SEO plugin. -->","yoast_head_json":{"title":"\u201eVolvo\u201c erzina nauj\u0105 \u201eXC70 Phev\u201c su 125 myli\u0173 EV diapazonu 2026 m. - Eautomobiliai.lt","robots":{"index":"index","follow":"follow","max-snippet":"max-snippet:-1","max-image-preview":"max-image-preview:large","max-video-preview":"max-video-preview:-1"},"canonical":"http:\/\/eautomobiliai.lt\/index.php\/2025\/05\/10\/volvo-erzina-nauja-xc70-phev-su-125-myliu-ev-diapazonu-2026-m\/","og_locale":"lt_LT","og_type":"article","og_title":"\u201eVolvo\u201c erzina nauj\u0105 \u201eXC70 Phev\u201c su 125 myli\u0173 EV diapazonu 2026 m. - Eautomobiliai.lt","og_description":"\u201eVolvo Cars\u201c erzino visi\u0161kai nauj\u0105 \u201eVolvo XC70\u201c papildinio hibridin\u012f krosover\u012f su 400 AG ir 200 km (ma\u017edaug 125 myli\u0173) viso&hellip;","og_url":"http:\/\/eautomobiliai.lt\/index.php\/2025\/05\/10\/volvo-erzina-nauja-xc70-phev-su-125-myliu-ev-diapazonu-2026-m\/","og_site_name":"Eautomobiliai.lt","article_published_time":"2025-05-10T14:47:03+00:00","og_image":[{"width":1200,"height":628,"url":"http:\/\/eautomobiliai.lt\/wp-content\/uploads\/2025\/05\/\u201eVolvo-erzina-nauja-\u201eXC70-Phev-su-125-myliu-EV-diapazonu.jpeg","type":"image\/jpeg"}],"author":"admin","twitter_card":"summary_large_image","twitter_misc":{"Written by":"admin","Est. reading time":"3 minut\u0117s"},"schema":{"@context":"https:\/\/schema.org","@graph":[{"@type":"Article","@id":"http:\/\/eautomobiliai.lt\/index.php\/2025\/05\/10\/volvo-erzina-nauja-xc70-phev-su-125-myliu-ev-diapazonu-2026-m\/#article","isPartOf":{"@id":"http:\/\/eautomobiliai.lt\/index.php\/2025\/05\/10\/volvo-erzina-nauja-xc70-phev-su-125-myliu-ev-diapazonu-2026-m\/"},"author":{"name":"admin","@id":"https:\/\/eautomobiliai.lt\/#\/schema\/person\/ecf2a967f361217d056061f74deb92f2"},"headline":"\u201eVolvo\u201c erzina nauj\u0105 \u201eXC70 Phev\u201c su 125 myli\u0173 EV diapazonu 2026 m.","datePublished":"2025-05-10T14:47:03+00:00","mainEntityOfPage":{"@id":"http:\/\/eautomobiliai.lt\/index.php\/2025\/05\/10\/volvo-erzina-nauja-xc70-phev-su-125-myliu-ev-diapazonu-2026-m\/"},"wordCount":654,"commentCount":0,"image":{"@id":"http:\/\/eautomobiliai.lt\/index.php\/2025\/05\/10\/volvo-erzina-nauja-xc70-phev-su-125-myliu-ev-diapazonu-2026-m\/#primaryimage"},"thumbnailUrl":"http:\/\/eautomobiliai.lt\/wp-content\/uploads\/2025\/05\/\u201eVolvo-erzina-nauja-\u201eXC70-Phev-su-125-myliu-EV-diapazonu.jpeg","keywords":["diapazon\u0173","erzina","myliu","Nauja","Phev","Volvo","XC70"],"articleSection":["ELEKTRINIAI AUTOMOBILIAI"],"inLanguage":"lt-LT","potentialAction":[{"@type":"CommentAction","name":"Comment","target":["http:\/\/eautomobiliai.lt\/index.php\/2025\/05\/10\/volvo-erzina-nauja-xc70-phev-su-125-myliu-ev-diapazonu-2026-m\/#respond"]}]},{"@type":"WebPage","@id":"http:\/\/eautomobiliai.lt\/index.php\/2025\/05\/10\/volvo-erzina-nauja-xc70-phev-su-125-myliu-ev-diapazonu-2026-m\/","url":"http:\/\/eautomobiliai.lt\/index.php\/2025\/05\/10\/volvo-erzina-nauja-xc70-phev-su-125-myliu-ev-diapazonu-2026-m\/","name":"\u201eVolvo\u201c erzina nauj\u0105 \u201eXC70 Phev\u201c su 125 myli\u0173 EV diapazonu 2026 m. - Eautomobiliai.lt","isPartOf":{"@id":"https:\/\/eautomobiliai.lt\/#website"},"primaryImageOfPage":{"@id":"http:\/\/eautomobiliai.lt\/index.php\/2025\/05\/10\/volvo-erzina-nauja-xc70-phev-su-125-myliu-ev-diapazonu-2026-m\/#primaryimage"},"image":{"@id":"http:\/\/eautomobiliai.lt\/index.php\/2025\/05\/10\/volvo-erzina-nauja-xc70-phev-su-125-myliu-ev-diapazonu-2026-m\/#primaryimage"},"thumbnailUrl":"http:\/\/eautomobiliai.lt\/wp-content\/uploads\/2025\/05\/\u201eVolvo-erzina-nauja-\u201eXC70-Phev-su-125-myliu-EV-diapazonu.jpeg","datePublished":"2025-05-10T14:47:03+00:00","author":{"@id":"https:\/\/eautomobiliai.lt\/#\/schema\/person\/ecf2a967f361217d056061f74deb92f2"},"breadcrumb":{"@id":"http:\/\/eautomobiliai.lt\/index.php\/2025\/05\/10\/volvo-erzina-nauja-xc70-phev-su-125-myliu-ev-diapazonu-2026-m\/#breadcrumb"},"inLanguage":"lt-LT","potentialAction":[{"@type":"ReadAction","target":["http:\/\/eautomobiliai.lt\/index.php\/2025\/05\/10\/volvo-erzina-nauja-xc70-phev-su-125-myliu-ev-diapazonu-2026-m\/"]}]},{"@type":"ImageObject","inLanguage":"lt-LT","@id":"http:\/\/eautomobiliai.lt\/index.php\/2025\/05\/10\/volvo-erzina-nauja-xc70-phev-su-125-myliu-ev-diapazonu-2026-m\/#primaryimage","url":"http:\/\/eautomobiliai.lt\/wp-content\/uploads\/2025\/05\/\u201eVolvo-erzina-nauja-\u201eXC70-Phev-su-125-myliu-EV-diapazonu.jpeg","contentUrl":"http:\/\/eautomobiliai.lt\/wp-content\/uploads\/2025\/05\/\u201eVolvo-erzina-nauja-\u201eXC70-Phev-su-125-myliu-EV-diapazonu.jpeg","width":1200,"height":628},{"@type":"BreadcrumbList","@id":"http:\/\/eautomobiliai.lt\/index.php\/2025\/05\/10\/volvo-erzina-nauja-xc70-phev-su-125-myliu-ev-diapazonu-2026-m\/#breadcrumb","itemListElement":[{"@type":"ListItem","position":1,"name":"Home","item":"https:\/\/eautomobiliai.lt\/"},{"@type":"ListItem","position":2,"name":"\u201eVolvo\u201c erzina nauj\u0105 \u201eXC70 Phev\u201c su 125 myli\u0173 EV diapazonu 2026 m."}]},{"@type":"WebSite","@id":"https:\/\/eautomobiliai.lt\/#website","url":"https:\/\/eautomobiliai.lt\/","name":"Eautomobiliai.lt","description":"Elektrinis transportas, technologijos","potentialAction":[{"@type":"SearchAction","target":{"@type":"EntryPoint","urlTemplate":"https:\/\/eautomobiliai.lt\/?s={search_term_string}"},"query-input":{"@type":"PropertyValueSpecification","valueRequired":true,"valueName":"search_term_string"}}],"inLanguage":"lt-LT"},{"@type":"Person","@id":"https:\/\/eautomobiliai.lt\/#\/schema\/person\/ecf2a967f361217d056061f74deb92f2","name":"admin","image":{"@type":"ImageObject","inLanguage":"lt-LT","@id":"https:\/\/eautomobiliai.lt\/#\/schema\/person\/image\/","url":"https:\/\/secure.gravatar.com\/avatar\/6323379efae0c70c686c7905444d6bbd?s=96&d=mm&r=g","contentUrl":"https:\/\/secure.gravatar.com\/avatar\/6323379efae0c70c686c7905444d6bbd?s=96&d=mm&r=g","caption":"admin"},"sameAs":["http:\/\/eautomobiliai.lt"],"url":"http:\/\/eautomobiliai.lt\/index.php\/author\/admin\/"}]}},"_links":{"self":[{"href":"http:\/\/eautomobiliai.lt\/index.php\/wp-json\/wp\/v2\/posts\/785","targetHints":{"allow":["GET"]}}],"collection":[{"href":"http:\/\/eautomobiliai.lt\/index.php\/wp-json\/wp\/v2\/posts"}],"about":[{"href":"http:\/\/eautomobiliai.lt\/index.php\/wp-json\/wp\/v2\/types\/post"}],"author":[{"embeddable":true,"href":"http:\/\/eautomobiliai.lt\/index.php\/wp-json\/wp\/v2\/users\/1"}],"replies":[{"embeddable":true,"href":"http:\/\/eautomobiliai.lt\/index.php\/wp-json\/wp\/v2\/comments?post=785"}],"version-history":[{"count":0,"href":"http:\/\/eautomobiliai.lt\/index.php\/wp-json\/wp\/v2\/posts\/785\/revisions"}],"wp:featuredmedia":[{"embeddable":true,"href":"http:\/\/eautomobiliai.lt\/index.php\/wp-json\/wp\/v2\/media\/786"}],"wp:attachment":[{"href":"http:\/\/eautomobiliai.lt\/index.php\/wp-json\/wp\/v2\/media?parent=785"}],"wp:term":[{"taxonomy":"category","embeddable":true,"href":"http:\/\/eautomobiliai.lt\/index.php\/wp-json\/wp\/v2\/categories?post=785"},{"taxonomy":"post_tag","embeddable":true,"href":"http:\/\/eautomobiliai.lt\/index.php\/wp-json\/wp\/v2\/tags?post=785"}],"curies":[{"name":"wp","href":"https:\/\/api.w.org\/{rel}","templated":true}]}}