{"id":799,"date":"2025-05-11T19:43:14","date_gmt":"2025-05-11T19:43:14","guid":{"rendered":"http:\/\/eautomobiliai.lt\/index.php\/2025\/05\/11\/tesla-pardavimai-nukrinta-nuo-uolos-vokietijoje-ir-jk-net-ir-didejant-ev-rinkos-augimui\/"},"modified":"2025-05-11T19:43:14","modified_gmt":"2025-05-11T19:43:14","slug":"tesla-pardavimai-nukrinta-nuo-uolos-vokietijoje-ir-jk-net-ir-didejant-ev-rinkos-augimui","status":"publish","type":"post","link":"http:\/\/eautomobiliai.lt\/index.php\/2025\/05\/11\/tesla-pardavimai-nukrinta-nuo-uolos-vokietijoje-ir-jk-net-ir-didejant-ev-rinkos-augimui\/","title":{"rendered":"\u201eTesla\u201c pardavimai nukrinta nuo uolos Vokietijoje ir JK, net ir did\u0117jant EV rinkos augimui"},"content":{"rendered":"<p> <br \/>\n<\/p>\n<div id=\"\">\n<p>\u201eEV Giant Tesla Europos\u201c naujienos ir toliau ni\u016briai, o pardavimai suma\u017e\u0117jo patarl\u0117s uoloje pagrindin\u0117se Vokietijos ir JK rinkose baland\u017eio m\u0117n., O m\u0117nesiniai pardavimai suma\u017e\u0117jo atitinkamai 46 procentais ir 62 proc.<\/p>\n<p>Nauji duomenys, kuriuos antradien\u012f paskelb\u0117 Vokietijos federalin\u0117 motorini\u0173 transporto tarnyba (\u201eKraftfahrt-Bundesamt\u201c arba \u201eKBA\u201c), parod\u0117, kad \u201eTesla\u201c baland\u017eio m\u0117n. Pardav\u0117 tik 885 vienetus, ty 45,9 proc.-nuo 2024 m. Baland\u017eio m\u0117n.<\/p>\n<p>Per pirmuosius keturis 2025 m. M\u0117nesius Vokietijoje buvo parduota 5820 \u201eTesla\u201c automobili\u0173, ty 60,4 proc., Palyginti su tuo pa\u010diu laikotarpiu prie\u0161 metus.<\/p>\n<p>Nepaisant to, kad \u201eBattery EVS\u201c (BEV) sudar\u0117 18,8 proc. Vis\u0173 nauj\u0173 automobili\u0173, parduodam\u0173 Vokietijoje iki baland\u017eio m\u0117n., I\u0161 viso 45 535, ty 53,5 proc.<\/p>\n<p>\u201eTesla\u201c turi savo pagrindin\u012f \u201eGigafactory\u201c, esant\u012f Berlyne, kuris tiekia Europos rink\u0105. Kai kurie i\u0161 j\u0173 kreditavo \u201eTesla\u201c gamykl\u0173, skirt\u0173 naujajam Y modeliui, pardavimo suma\u017e\u0117jim\u0105, ir vartotojams, laukiantiems t\u0173 nauj\u0173 pristatym\u0173, ta\u010diau taip pat atrodo akivaizdu, kad generalinio direktoriaus Elono Musko palaikymo tolim\u0173j\u0173 de\u0161ini\u0173j\u0173 politin\u0117ms partijoms, \u012fskaitant Vokietijos AFD, yra vartotoj\u0173.<\/p>\n<p>\u201eTesla\u201c pardavimai buvo pana\u0161iai ni\u016br\u016bs Jungtin\u0117je Karalyst\u0117je, kuri prane\u0161\u0117 apie 8,1 proc. EV pardavim\u0173 per metus iki 24 558, o rinkos dalis-20,4 proc. Ta\u010diau \u201eTesla\u201c pamat\u0117, kad jos pardavim\u0173 skai\u010dius suma\u017e\u0117jo nuo 1 352 iki 2024 m. Baland\u017eio m\u0117n. Iki tik 512 2025 m. Baland\u017eio m\u0117n., Ty 62,13 proc.<\/p>\n<p>\u012edomiausia, kad JK duomenys yra \u201eTesla\u201c m\u0117nesio suma\u017e\u0117jimas m\u0117nuo. Skirtingai nei Vokietijoje ir kitose Europos \u0161alyse, \u201eTesla\u201c \u0161iais metais iki \u0161iol sek\u0117si palyginti gerai, o per pirmuosius keturis m\u0117nesius pardav\u0117 tik 1 proc.<\/p>\n<p>Tai buvo did\u017ei\u0105ja dalimi stiprios \u017eygio d\u0117ka, kai parduota 7 164 \u201eTeslas\u201c, kuris atitiko t\u0105 pat\u012f m\u0117nes\u012f prie\u0161 metus ir prisid\u0117jo prie pana\u0161aus pirmojo ketvir\u010dio, \u200b\u200bkaip ir 2024 m.<\/p>\n<p>\u0160vedijoje naujieji \u201eTesla\u201c automobili\u0173 pardavimai baland\u017eio m\u0117nes\u012f suma\u017e\u0117jo 80,7 proc., Palyginti su tuo pa\u010diu m\u0117nesiu prie\u0161 metus, o nuo 2022 m. Spalio m\u0117n. Suma\u017e\u0117jo iki \u017eemiausio lygio. Baland\u017eio m\u0117n. Nyderlanduose pardavimai suma\u017e\u0117jo 73,8 proc., O Portugalijoje &#8211; 59,4 proc. &#8211; 59,4 proc. &#8211; 33 proc. Portugalijoje.<\/p>\n<p>O Norvegijoje, kur \u201eTesla\u201c ypa\u010d dominavo d\u0117l \u0161alies Pro-EV politikos, pardavimai suma\u017e\u0117jo daugiau nei 55 procentais nuo pra\u0117jusio m\u0117nesio ir suma\u017e\u0117jo 31 proc., Palyginti su tuo pa\u010diu m\u0117nesiu anks\u010diau.<\/p>\n<div class=\"saboxplugin-wrap\" itemtype=\"http:\/\/schema.org\/Person\" itemscope=\"\" itemprop=\"author\">\n<div class=\"saboxplugin-tab\">\n<div class=\"saboxplugin-gravatar\"><img decoding=\"async\" alt=\"Joshua S. Hill\" class=\"avatar avatar-100 photo native-lazyload-js-fallback\" height=\"100\" width=\"100\" itemprop=\"image\" loading=\"lazy\" src=\"https:\/\/secure.gravatar.com\/avatar\/674502fafd2221f0fc2baf7da1435a7980e9492ea0657bfcd546273621f39689?s=100&amp;d=mm&amp;r=g\" srcset=\"https:\/\/secure.gravatar.com\/avatar\/674502fafd2221f0fc2baf7da1435a7980e9492ea0657bfcd546273621f39689?s=200&amp;d=mm&amp;r=g 2x\"\/><img decoding=\"async\" loading=\"lazy\" alt=\"Joshua S. Hill\" src=\"https:\/\/secure.gravatar.com\/avatar\/674502fafd2221f0fc2baf7da1435a7980e9492ea0657bfcd546273621f39689?s=100&amp;d=mm&amp;r=g\" srcset=\"https:\/\/secure.gravatar.com\/avatar\/674502fafd2221f0fc2baf7da1435a7980e9492ea0657bfcd546273621f39689?s=200&amp;d=mm&amp;r=g 2x\" class=\"avatar avatar-100 photo\" height=\"100\" width=\"100\" itemprop=\"image\"\/><\/div>\n<div class=\"saboxplugin-desc\">\n<div itemprop=\"description\">\n<p>Joshua S. Hill yra Melburno \u017eurnalistas, daugiau nei 15 met\u0173 ra\u0161antis apie klimato poky\u010dius, \u0161varias technologijas ir elektrines transporto priemones. Jis prane\u0161a apie elektrines transporto priemones ir \u0161varias atnaujinimo ekonomikos ir varomosios technologijas nuo 2012 m. Jo pageidaujamas transporto b\u016bdas yra jo kojos.<\/p>\n<\/div>\n<\/div>\n<\/div>\n<\/div>\n<p><!-- AI CONTENT END 1 --><\/p><\/div>\n<p><br \/>\n<br \/><a href=\"https:\/\/thedriven.io\/2025\/05\/08\/tesla-sales-fall-off-a-cliff-in-germany-and-uk-even-as-ev-market-surges\/\">Source link <\/a><\/p>\n","protected":false},"excerpt":{"rendered":"<p>\u201eEV Giant Tesla Europos\u201c naujienos ir toliau ni\u016briai, o pardavimai suma\u017e\u0117jo patarl\u0117s uoloje pagrindin\u0117se Vokietijos ir JK rinkose baland\u017eio m\u0117n.,&hellip;<\/p>\n","protected":false},"author":1,"featured_media":0,"comment_status":"open","ping_status":"open","sticky":false,"template":"","format":"standard","meta":{"om_disable_all_campaigns":false,"_monsterinsights_skip_tracking":false,"_monsterinsights_sitenote_active":false,"_monsterinsights_sitenote_note":"","_monsterinsights_sitenote_category":0,"footnotes":""},"categories":[39],"tags":[104,1798,829,1796,359,901,103,14,1797,1352],"class_list":["post-799","post","type-post","status-publish","format-standard","hentry","category-eautomobiliu-technine-puse","tag-augimui","tag-didejant","tag-net","tag-nukrinta","tag-nuo","tag-pardavimai","tag-rinkos","tag-tesla","tag-uolos","tag-vokietijoje"],"aioseo_notices":[],"yoast_head":"<!-- This site is optimized with the Yoast SEO plugin v26.8 - https:\/\/yoast.com\/product\/yoast-seo-wordpress\/ -->\n<title>\u201eTesla\u201c pardavimai nukrinta nuo uolos Vokietijoje ir JK, net ir did\u0117jant EV rinkos augimui - Eautomobiliai.lt<\/title>\n<meta name=\"robots\" content=\"index, follow, max-snippet:-1, max-image-preview:large, max-video-preview:-1\" \/>\n<link rel=\"canonical\" href=\"http:\/\/eautomobiliai.lt\/index.php\/2025\/05\/11\/tesla-pardavimai-nukrinta-nuo-uolos-vokietijoje-ir-jk-net-ir-didejant-ev-rinkos-augimui\/\" \/>\n<meta property=\"og:locale\" content=\"lt_LT\" \/>\n<meta property=\"og:type\" content=\"article\" \/>\n<meta property=\"og:title\" content=\"\u201eTesla\u201c pardavimai nukrinta nuo uolos Vokietijoje ir JK, net ir did\u0117jant EV rinkos augimui - Eautomobiliai.lt\" \/>\n<meta property=\"og:description\" content=\"\u201eEV Giant Tesla Europos\u201c naujienos ir toliau ni\u016briai, o pardavimai suma\u017e\u0117jo patarl\u0117s uoloje pagrindin\u0117se Vokietijos ir JK rinkose baland\u017eio m\u0117n.,&hellip;\" \/>\n<meta property=\"og:url\" content=\"http:\/\/eautomobiliai.lt\/index.php\/2025\/05\/11\/tesla-pardavimai-nukrinta-nuo-uolos-vokietijoje-ir-jk-net-ir-didejant-ev-rinkos-augimui\/\" \/>\n<meta property=\"og:site_name\" content=\"Eautomobiliai.lt\" \/>\n<meta property=\"article:published_time\" content=\"2025-05-11T19:43:14+00:00\" \/>\n<meta property=\"og:image\" content=\"https:\/\/secure.gravatar.com\/avatar\/674502fafd2221f0fc2baf7da1435a7980e9492ea0657bfcd546273621f39689?s=100&amp;d=mm&amp;r=g\" \/>\n<meta name=\"author\" content=\"admin\" \/>\n<meta name=\"twitter:card\" content=\"summary_large_image\" \/>\n<meta name=\"twitter:label1\" content=\"Written by\" \/>\n\t<meta name=\"twitter:data1\" content=\"admin\" \/>\n\t<meta name=\"twitter:label2\" content=\"Est. reading time\" \/>\n\t<meta name=\"twitter:data2\" content=\"2 minut\u0117s\" \/>\n<script type=\"application\/ld+json\" class=\"yoast-schema-graph\">{\"@context\":\"https:\/\/schema.org\",\"@graph\":[{\"@type\":\"Article\",\"@id\":\"http:\/\/eautomobiliai.lt\/index.php\/2025\/05\/11\/tesla-pardavimai-nukrinta-nuo-uolos-vokietijoje-ir-jk-net-ir-didejant-ev-rinkos-augimui\/#article\",\"isPartOf\":{\"@id\":\"http:\/\/eautomobiliai.lt\/index.php\/2025\/05\/11\/tesla-pardavimai-nukrinta-nuo-uolos-vokietijoje-ir-jk-net-ir-didejant-ev-rinkos-augimui\/\"},\"author\":{\"name\":\"admin\",\"@id\":\"https:\/\/eautomobiliai.lt\/#\/schema\/person\/ecf2a967f361217d056061f74deb92f2\"},\"headline\":\"\u201eTesla\u201c pardavimai nukrinta nuo uolos Vokietijoje ir JK, net ir did\u0117jant EV rinkos augimui\",\"datePublished\":\"2025-05-11T19:43:14+00:00\",\"mainEntityOfPage\":{\"@id\":\"http:\/\/eautomobiliai.lt\/index.php\/2025\/05\/11\/tesla-pardavimai-nukrinta-nuo-uolos-vokietijoje-ir-jk-net-ir-didejant-ev-rinkos-augimui\/\"},\"wordCount\":437,\"commentCount\":0,\"image\":{\"@id\":\"http:\/\/eautomobiliai.lt\/index.php\/2025\/05\/11\/tesla-pardavimai-nukrinta-nuo-uolos-vokietijoje-ir-jk-net-ir-didejant-ev-rinkos-augimui\/#primaryimage\"},\"thumbnailUrl\":\"https:\/\/secure.gravatar.com\/avatar\/674502fafd2221f0fc2baf7da1435a7980e9492ea0657bfcd546273621f39689?s=100&amp;d=mm&amp;r=g\",\"keywords\":[\"augimui\",\"did\u0117jant\",\"Net\",\"nukrinta\",\"nuo\",\"pardavimai\",\"rinkos\",\"Tesla\",\"uolos\",\"Vokietijoje\"],\"articleSection\":[\"eAUTOMOBILI\u0172 TECHNIN\u0116 PUS\u0116\"],\"inLanguage\":\"lt-LT\",\"potentialAction\":[{\"@type\":\"CommentAction\",\"name\":\"Comment\",\"target\":[\"http:\/\/eautomobiliai.lt\/index.php\/2025\/05\/11\/tesla-pardavimai-nukrinta-nuo-uolos-vokietijoje-ir-jk-net-ir-didejant-ev-rinkos-augimui\/#respond\"]}]},{\"@type\":\"WebPage\",\"@id\":\"http:\/\/eautomobiliai.lt\/index.php\/2025\/05\/11\/tesla-pardavimai-nukrinta-nuo-uolos-vokietijoje-ir-jk-net-ir-didejant-ev-rinkos-augimui\/\",\"url\":\"http:\/\/eautomobiliai.lt\/index.php\/2025\/05\/11\/tesla-pardavimai-nukrinta-nuo-uolos-vokietijoje-ir-jk-net-ir-didejant-ev-rinkos-augimui\/\",\"name\":\"\u201eTesla\u201c pardavimai nukrinta nuo uolos Vokietijoje ir JK, net ir did\u0117jant EV rinkos augimui - Eautomobiliai.lt\",\"isPartOf\":{\"@id\":\"https:\/\/eautomobiliai.lt\/#website\"},\"primaryImageOfPage\":{\"@id\":\"http:\/\/eautomobiliai.lt\/index.php\/2025\/05\/11\/tesla-pardavimai-nukrinta-nuo-uolos-vokietijoje-ir-jk-net-ir-didejant-ev-rinkos-augimui\/#primaryimage\"},\"image\":{\"@id\":\"http:\/\/eautomobiliai.lt\/index.php\/2025\/05\/11\/tesla-pardavimai-nukrinta-nuo-uolos-vokietijoje-ir-jk-net-ir-didejant-ev-rinkos-augimui\/#primaryimage\"},\"thumbnailUrl\":\"https:\/\/secure.gravatar.com\/avatar\/674502fafd2221f0fc2baf7da1435a7980e9492ea0657bfcd546273621f39689?s=100&amp;d=mm&amp;r=g\",\"datePublished\":\"2025-05-11T19:43:14+00:00\",\"author\":{\"@id\":\"https:\/\/eautomobiliai.lt\/#\/schema\/person\/ecf2a967f361217d056061f74deb92f2\"},\"breadcrumb\":{\"@id\":\"http:\/\/eautomobiliai.lt\/index.php\/2025\/05\/11\/tesla-pardavimai-nukrinta-nuo-uolos-vokietijoje-ir-jk-net-ir-didejant-ev-rinkos-augimui\/#breadcrumb\"},\"inLanguage\":\"lt-LT\",\"potentialAction\":[{\"@type\":\"ReadAction\",\"target\":[\"http:\/\/eautomobiliai.lt\/index.php\/2025\/05\/11\/tesla-pardavimai-nukrinta-nuo-uolos-vokietijoje-ir-jk-net-ir-didejant-ev-rinkos-augimui\/\"]}]},{\"@type\":\"ImageObject\",\"inLanguage\":\"lt-LT\",\"@id\":\"http:\/\/eautomobiliai.lt\/index.php\/2025\/05\/11\/tesla-pardavimai-nukrinta-nuo-uolos-vokietijoje-ir-jk-net-ir-didejant-ev-rinkos-augimui\/#primaryimage\",\"url\":\"https:\/\/secure.gravatar.com\/avatar\/674502fafd2221f0fc2baf7da1435a7980e9492ea0657bfcd546273621f39689?s=100&amp;d=mm&amp;r=g\",\"contentUrl\":\"https:\/\/secure.gravatar.com\/avatar\/674502fafd2221f0fc2baf7da1435a7980e9492ea0657bfcd546273621f39689?s=100&amp;d=mm&amp;r=g\"},{\"@type\":\"BreadcrumbList\",\"@id\":\"http:\/\/eautomobiliai.lt\/index.php\/2025\/05\/11\/tesla-pardavimai-nukrinta-nuo-uolos-vokietijoje-ir-jk-net-ir-didejant-ev-rinkos-augimui\/#breadcrumb\",\"itemListElement\":[{\"@type\":\"ListItem\",\"position\":1,\"name\":\"Home\",\"item\":\"https:\/\/eautomobiliai.lt\/\"},{\"@type\":\"ListItem\",\"position\":2,\"name\":\"\u201eTesla\u201c pardavimai nukrinta nuo uolos Vokietijoje ir JK, net ir did\u0117jant EV rinkos augimui\"}]},{\"@type\":\"WebSite\",\"@id\":\"https:\/\/eautomobiliai.lt\/#website\",\"url\":\"https:\/\/eautomobiliai.lt\/\",\"name\":\"Eautomobiliai.lt\",\"description\":\"Elektrinis transportas, technologijos\",\"potentialAction\":[{\"@type\":\"SearchAction\",\"target\":{\"@type\":\"EntryPoint\",\"urlTemplate\":\"https:\/\/eautomobiliai.lt\/?s={search_term_string}\"},\"query-input\":{\"@type\":\"PropertyValueSpecification\",\"valueRequired\":true,\"valueName\":\"search_term_string\"}}],\"inLanguage\":\"lt-LT\"},{\"@type\":\"Person\",\"@id\":\"https:\/\/eautomobiliai.lt\/#\/schema\/person\/ecf2a967f361217d056061f74deb92f2\",\"name\":\"admin\",\"image\":{\"@type\":\"ImageObject\",\"inLanguage\":\"lt-LT\",\"@id\":\"https:\/\/eautomobiliai.lt\/#\/schema\/person\/image\/\",\"url\":\"https:\/\/secure.gravatar.com\/avatar\/6323379efae0c70c686c7905444d6bbd?s=96&d=mm&r=g\",\"contentUrl\":\"https:\/\/secure.gravatar.com\/avatar\/6323379efae0c70c686c7905444d6bbd?s=96&d=mm&r=g\",\"caption\":\"admin\"},\"sameAs\":[\"http:\/\/eautomobiliai.lt\"],\"url\":\"http:\/\/eautomobiliai.lt\/index.php\/author\/admin\/\"}]}<\/script>\n<!-- \/ Yoast SEO plugin. -->","yoast_head_json":{"title":"\u201eTesla\u201c pardavimai nukrinta nuo uolos Vokietijoje ir JK, net ir did\u0117jant EV rinkos augimui - Eautomobiliai.lt","robots":{"index":"index","follow":"follow","max-snippet":"max-snippet:-1","max-image-preview":"max-image-preview:large","max-video-preview":"max-video-preview:-1"},"canonical":"http:\/\/eautomobiliai.lt\/index.php\/2025\/05\/11\/tesla-pardavimai-nukrinta-nuo-uolos-vokietijoje-ir-jk-net-ir-didejant-ev-rinkos-augimui\/","og_locale":"lt_LT","og_type":"article","og_title":"\u201eTesla\u201c pardavimai nukrinta nuo uolos Vokietijoje ir JK, net ir did\u0117jant EV rinkos augimui - Eautomobiliai.lt","og_description":"\u201eEV Giant Tesla Europos\u201c naujienos ir toliau ni\u016briai, o pardavimai suma\u017e\u0117jo patarl\u0117s uoloje pagrindin\u0117se Vokietijos ir JK rinkose baland\u017eio m\u0117n.,&hellip;","og_url":"http:\/\/eautomobiliai.lt\/index.php\/2025\/05\/11\/tesla-pardavimai-nukrinta-nuo-uolos-vokietijoje-ir-jk-net-ir-didejant-ev-rinkos-augimui\/","og_site_name":"Eautomobiliai.lt","article_published_time":"2025-05-11T19:43:14+00:00","og_image":[{"url":"https:\/\/secure.gravatar.com\/avatar\/674502fafd2221f0fc2baf7da1435a7980e9492ea0657bfcd546273621f39689?s=100&amp;d=mm&amp;r=g","type":"","width":"","height":""}],"author":"admin","twitter_card":"summary_large_image","twitter_misc":{"Written by":"admin","Est. reading time":"2 minut\u0117s"},"schema":{"@context":"https:\/\/schema.org","@graph":[{"@type":"Article","@id":"http:\/\/eautomobiliai.lt\/index.php\/2025\/05\/11\/tesla-pardavimai-nukrinta-nuo-uolos-vokietijoje-ir-jk-net-ir-didejant-ev-rinkos-augimui\/#article","isPartOf":{"@id":"http:\/\/eautomobiliai.lt\/index.php\/2025\/05\/11\/tesla-pardavimai-nukrinta-nuo-uolos-vokietijoje-ir-jk-net-ir-didejant-ev-rinkos-augimui\/"},"author":{"name":"admin","@id":"https:\/\/eautomobiliai.lt\/#\/schema\/person\/ecf2a967f361217d056061f74deb92f2"},"headline":"\u201eTesla\u201c pardavimai nukrinta nuo uolos Vokietijoje ir JK, net ir did\u0117jant EV rinkos augimui","datePublished":"2025-05-11T19:43:14+00:00","mainEntityOfPage":{"@id":"http:\/\/eautomobiliai.lt\/index.php\/2025\/05\/11\/tesla-pardavimai-nukrinta-nuo-uolos-vokietijoje-ir-jk-net-ir-didejant-ev-rinkos-augimui\/"},"wordCount":437,"commentCount":0,"image":{"@id":"http:\/\/eautomobiliai.lt\/index.php\/2025\/05\/11\/tesla-pardavimai-nukrinta-nuo-uolos-vokietijoje-ir-jk-net-ir-didejant-ev-rinkos-augimui\/#primaryimage"},"thumbnailUrl":"https:\/\/secure.gravatar.com\/avatar\/674502fafd2221f0fc2baf7da1435a7980e9492ea0657bfcd546273621f39689?s=100&amp;d=mm&amp;r=g","keywords":["augimui","did\u0117jant","Net","nukrinta","nuo","pardavimai","rinkos","Tesla","uolos","Vokietijoje"],"articleSection":["eAUTOMOBILI\u0172 TECHNIN\u0116 PUS\u0116"],"inLanguage":"lt-LT","potentialAction":[{"@type":"CommentAction","name":"Comment","target":["http:\/\/eautomobiliai.lt\/index.php\/2025\/05\/11\/tesla-pardavimai-nukrinta-nuo-uolos-vokietijoje-ir-jk-net-ir-didejant-ev-rinkos-augimui\/#respond"]}]},{"@type":"WebPage","@id":"http:\/\/eautomobiliai.lt\/index.php\/2025\/05\/11\/tesla-pardavimai-nukrinta-nuo-uolos-vokietijoje-ir-jk-net-ir-didejant-ev-rinkos-augimui\/","url":"http:\/\/eautomobiliai.lt\/index.php\/2025\/05\/11\/tesla-pardavimai-nukrinta-nuo-uolos-vokietijoje-ir-jk-net-ir-didejant-ev-rinkos-augimui\/","name":"\u201eTesla\u201c pardavimai nukrinta nuo uolos Vokietijoje ir JK, net ir did\u0117jant EV rinkos augimui - Eautomobiliai.lt","isPartOf":{"@id":"https:\/\/eautomobiliai.lt\/#website"},"primaryImageOfPage":{"@id":"http:\/\/eautomobiliai.lt\/index.php\/2025\/05\/11\/tesla-pardavimai-nukrinta-nuo-uolos-vokietijoje-ir-jk-net-ir-didejant-ev-rinkos-augimui\/#primaryimage"},"image":{"@id":"http:\/\/eautomobiliai.lt\/index.php\/2025\/05\/11\/tesla-pardavimai-nukrinta-nuo-uolos-vokietijoje-ir-jk-net-ir-didejant-ev-rinkos-augimui\/#primaryimage"},"thumbnailUrl":"https:\/\/secure.gravatar.com\/avatar\/674502fafd2221f0fc2baf7da1435a7980e9492ea0657bfcd546273621f39689?s=100&amp;d=mm&amp;r=g","datePublished":"2025-05-11T19:43:14+00:00","author":{"@id":"https:\/\/eautomobiliai.lt\/#\/schema\/person\/ecf2a967f361217d056061f74deb92f2"},"breadcrumb":{"@id":"http:\/\/eautomobiliai.lt\/index.php\/2025\/05\/11\/tesla-pardavimai-nukrinta-nuo-uolos-vokietijoje-ir-jk-net-ir-didejant-ev-rinkos-augimui\/#breadcrumb"},"inLanguage":"lt-LT","potentialAction":[{"@type":"ReadAction","target":["http:\/\/eautomobiliai.lt\/index.php\/2025\/05\/11\/tesla-pardavimai-nukrinta-nuo-uolos-vokietijoje-ir-jk-net-ir-didejant-ev-rinkos-augimui\/"]}]},{"@type":"ImageObject","inLanguage":"lt-LT","@id":"http:\/\/eautomobiliai.lt\/index.php\/2025\/05\/11\/tesla-pardavimai-nukrinta-nuo-uolos-vokietijoje-ir-jk-net-ir-didejant-ev-rinkos-augimui\/#primaryimage","url":"https:\/\/secure.gravatar.com\/avatar\/674502fafd2221f0fc2baf7da1435a7980e9492ea0657bfcd546273621f39689?s=100&amp;d=mm&amp;r=g","contentUrl":"https:\/\/secure.gravatar.com\/avatar\/674502fafd2221f0fc2baf7da1435a7980e9492ea0657bfcd546273621f39689?s=100&amp;d=mm&amp;r=g"},{"@type":"BreadcrumbList","@id":"http:\/\/eautomobiliai.lt\/index.php\/2025\/05\/11\/tesla-pardavimai-nukrinta-nuo-uolos-vokietijoje-ir-jk-net-ir-didejant-ev-rinkos-augimui\/#breadcrumb","itemListElement":[{"@type":"ListItem","position":1,"name":"Home","item":"https:\/\/eautomobiliai.lt\/"},{"@type":"ListItem","position":2,"name":"\u201eTesla\u201c pardavimai nukrinta nuo uolos Vokietijoje ir JK, net ir did\u0117jant EV rinkos augimui"}]},{"@type":"WebSite","@id":"https:\/\/eautomobiliai.lt\/#website","url":"https:\/\/eautomobiliai.lt\/","name":"Eautomobiliai.lt","description":"Elektrinis transportas, technologijos","potentialAction":[{"@type":"SearchAction","target":{"@type":"EntryPoint","urlTemplate":"https:\/\/eautomobiliai.lt\/?s={search_term_string}"},"query-input":{"@type":"PropertyValueSpecification","valueRequired":true,"valueName":"search_term_string"}}],"inLanguage":"lt-LT"},{"@type":"Person","@id":"https:\/\/eautomobiliai.lt\/#\/schema\/person\/ecf2a967f361217d056061f74deb92f2","name":"admin","image":{"@type":"ImageObject","inLanguage":"lt-LT","@id":"https:\/\/eautomobiliai.lt\/#\/schema\/person\/image\/","url":"https:\/\/secure.gravatar.com\/avatar\/6323379efae0c70c686c7905444d6bbd?s=96&d=mm&r=g","contentUrl":"https:\/\/secure.gravatar.com\/avatar\/6323379efae0c70c686c7905444d6bbd?s=96&d=mm&r=g","caption":"admin"},"sameAs":["http:\/\/eautomobiliai.lt"],"url":"http:\/\/eautomobiliai.lt\/index.php\/author\/admin\/"}]}},"_links":{"self":[{"href":"http:\/\/eautomobiliai.lt\/index.php\/wp-json\/wp\/v2\/posts\/799","targetHints":{"allow":["GET"]}}],"collection":[{"href":"http:\/\/eautomobiliai.lt\/index.php\/wp-json\/wp\/v2\/posts"}],"about":[{"href":"http:\/\/eautomobiliai.lt\/index.php\/wp-json\/wp\/v2\/types\/post"}],"author":[{"embeddable":true,"href":"http:\/\/eautomobiliai.lt\/index.php\/wp-json\/wp\/v2\/users\/1"}],"replies":[{"embeddable":true,"href":"http:\/\/eautomobiliai.lt\/index.php\/wp-json\/wp\/v2\/comments?post=799"}],"version-history":[{"count":0,"href":"http:\/\/eautomobiliai.lt\/index.php\/wp-json\/wp\/v2\/posts\/799\/revisions"}],"wp:attachment":[{"href":"http:\/\/eautomobiliai.lt\/index.php\/wp-json\/wp\/v2\/media?parent=799"}],"wp:term":[{"taxonomy":"category","embeddable":true,"href":"http:\/\/eautomobiliai.lt\/index.php\/wp-json\/wp\/v2\/categories?post=799"},{"taxonomy":"post_tag","embeddable":true,"href":"http:\/\/eautomobiliai.lt\/index.php\/wp-json\/wp\/v2\/tags?post=799"}],"curies":[{"name":"wp","href":"https:\/\/api.w.org\/{rel}","templated":true}]}}