{"id":819,"date":"2025-05-13T15:07:33","date_gmt":"2025-05-13T15:07:33","guid":{"rendered":"http:\/\/eautomobiliai.lt\/index.php\/2025\/05\/13\/honda-pauses-suplanuota-ev-gamykla-kanadoje-per-tarifu-kara\/"},"modified":"2025-05-13T15:07:33","modified_gmt":"2025-05-13T15:07:33","slug":"honda-pauses-suplanuota-ev-gamykla-kanadoje-per-tarifu-kara","status":"publish","type":"post","link":"http:\/\/eautomobiliai.lt\/index.php\/2025\/05\/13\/honda-pauses-suplanuota-ev-gamykla-kanadoje-per-tarifu-kara\/","title":{"rendered":"\u201eHonda Pauses\u201c suplanuota EV gamykla Kanadoje per tarif\u0173 kar\u0105"},"content":{"rendered":"<p> <br \/>\n<\/p>\n<div>\n<figure class=\"img-border featured-image\">\n\t<\/figure>\n<p>\u201eHonda\u201c paskelb\u0117, kad planuojamoms EV investicijoms pristabdo apie 15 milijard\u0173 doleri\u0173, kad gal\u0117t\u0173 pastatyti elektromobili\u0173 ir akumuliatori\u0173 gamyklas Kanadoje, nes neai\u0161ku d\u0117l prekybos.<\/p>\n<p>Tai yra naujausias Kanados palaikymo JAV plano patvirtinimo pavyzdys. <\/p>\n<p><span id=\"more-415776\"\/><\/p>\n<p>Prie\u0161 kelerius metus Kanada kartu su JAV bendravo su planu i\u0161saugoti JAV automobili\u0173 pramon\u0119, kuri per\u0117jo prie per\u0117jimo prie elektrini\u0173 transporto priemoni\u0173.<\/p>\n<p>Kanada sutiko grie\u017etai tariant Kinijos EVS, kad jie atitraukt\u0173 nuo \u0160iaur\u0117s Amerikos rinkos, kuri daugiausia padeda JAV automobili\u0173 gamybos pramonei, o mainais \u012f Kanados EV gamyb\u0105 buvo \u012ftraukta \u012f Bideno IRA, siekiant paskatinti u\u017esienio automobili\u0173 gamintojus investuoti \u012f EV gamyb\u0105 tiek JAV, tiek Kanadoje, kad b\u016bt\u0173 galima patekti \u012f JAV rink\u0105.<\/p>\n<p>\t<span class=\"outbrain-ad-label\">Skelbimas &#8211; slinkite daugiau turinio<\/span><\/p>\n<p>Ta\u010diau kai Trumpas at\u0117jo \u012f vald\u017ei\u0105 \u0161i\u0173 met\u0173 prad\u017eioje, jis \u012fmet\u0117 ver\u017eliarakt\u012f \u012f vis\u0105 \u0161\u012f plan\u0105, at\u0161aukdamas IRA finansavim\u0105, planuodamas nu\u017eudyti EV mokes\u010dio kredit\u0105 ir pateikdamas tarifus daugeliui \u0161ali\u0173, \u012fskaitant Kanad\u0105.<\/p>\n<p>D\u0117l to planuojamos investicijos \u012f EV sektori\u0173 Kanadoje, kad jie atv\u0117st\u0173.<\/p>\n<p>Dabar viena reik\u0161mingiausi\u0173 Kanados EV investicij\u0173 buvo pristabdyta.<\/p>\n<p>\u201eHonda\u201c paskelb\u0117, kad dvejus metus pristabdo savo plan\u0105 \u012fkurti did\u017eiul\u0119 nauj\u0105 EV gamybos baz\u0119 Kanadoje:<\/p>\n<blockquote class=\"wp-block-quote is-layout-flow wp-block-quote-is-layout-flow\">\n<p>\u201eD\u0117l neseniai sul\u0117t\u0117jusi EV rinkos,\u201e Honda Motor \u201cpaskelb\u0117 apytiksliai dvej\u0173 met\u0173 atid\u0117t\u0105 bendrojo vert\u0117s grandin\u0117s investavimo projekt\u0105 Kanadoje. Bendrov\u0117 ir toliau vertins laik\u0105 ir projekto progres\u0105, kei\u010diantis rinkos s\u0105lygoms.\u201c<\/p>\n<\/blockquote>\n<p>Investicijos buvo paskelbtos \u0161iek tiek daugiau nei prie\u0161 metus. Tai tur\u0117jo apimti nauj\u0105 \u201eEV\u201c gamykl\u0105 Ontarijuje ir akumuliatori\u0173 gamykl\u0105, i\u0161 viso daugiau nei 10 milijard\u0173 JAV doleri\u0173 investicij\u0173.<\/p>\n<p>Jis tur\u0117jo sukurti daugiau nei 1000 darbo viet\u0173 Ontarijuje ir pad\u0117ti i\u0161laikyti 4200 darbo viet\u0173 dabartin\u0117je \u201eHonda\u201c surinkimo gamykloje Ontarijuje, kuriai gresia elektros per\u0117jimas.<\/p>\n<h2 class=\"wp-block-heading\" id=\"h-electrek-s-take\">\u201eElectrek&#8217;s Take\u201c<\/h2>\n<p>Kanada \u010dia mu\u0161a ir daugiausia tik u\u017e tai, kad tik apsaugo JAV automobili\u0173 pramon\u0119.<\/p>\n<p>Kaip kur\u012f laik\u0105 sakiau, \u0161iuo metu tur\u0117tum\u0117te tiesiog pakviesti Kinijos automobili\u0173 gamintojus prisijungti.<\/p>\n<p>Galite sudaryti sandor\u012f Indijoje, kur pa\u0161alinate tarifus Kinijos automobili\u0173 gamintojams, norintiems investuoti \u012f EV tiekimo grandin\u0119 Kanadoje. <\/p>\n<p>N\u0117ra prasm\u0117s apsaugoti JAV automobili\u0173 gamintojus, jei JAV tikslingai sunaikina Kanados automobili\u0173 sektori\u0173.<\/p>\n<div class=\"ad-disclaimer-container\">\n<p class=\"disclaimer-affiliate\"><em>FPK: Mes naudojame pajamas gaunan\u010dias automatinio filialo nuorodas.<\/em> Daugiau.<\/p>\n<p><!-- post ad --><\/div>\n<\/p><\/div>\n<p><br \/>\n<br \/><a href=\"https:\/\/electrek.co\/2025\/05\/13\/honda-pauses-planned-ev-factory-in-canada-amid-tariff-war\/\">Source link <\/a><\/p>\n","protected":false},"excerpt":{"rendered":"<p>\u201eHonda\u201c paskelb\u0117, kad planuojamoms EV investicijoms pristabdo apie 15 milijard\u0173 doleri\u0173, kad gal\u0117t\u0173 pastatyti elektromobili\u0173 ir akumuliatori\u0173 gamyklas Kanadoje, nes&hellip;<\/p>\n","protected":false},"author":1,"featured_media":820,"comment_status":"open","ping_status":"open","sticky":false,"template":"","format":"standard","meta":{"om_disable_all_campaigns":false,"_monsterinsights_skip_tracking":false,"_monsterinsights_sitenote_active":false,"_monsterinsights_sitenote_note":"","_monsterinsights_sitenote_category":0,"footnotes":""},"categories":[8],"tags":[787,1637,1091,1822,1820,1821,1471],"class_list":["post-819","post","type-post","status-publish","format-standard","has-post-thumbnail","hentry","category-elektriniai-automobiliai","tag-gamykla","tag-honda","tag-kanadoje","tag-kara","tag-pauses","tag-suplanuota","tag-tarifu"],"aioseo_notices":[],"yoast_head":"<!-- This site is optimized with the Yoast SEO plugin v26.8 - https:\/\/yoast.com\/product\/yoast-seo-wordpress\/ -->\n<title>\u201eHonda Pauses\u201c suplanuota EV gamykla Kanadoje per tarif\u0173 kar\u0105 - Eautomobiliai.lt<\/title>\n<meta name=\"robots\" content=\"index, follow, max-snippet:-1, max-image-preview:large, max-video-preview:-1\" \/>\n<link rel=\"canonical\" href=\"http:\/\/eautomobiliai.lt\/index.php\/2025\/05\/13\/honda-pauses-suplanuota-ev-gamykla-kanadoje-per-tarifu-kara\/\" \/>\n<meta property=\"og:locale\" content=\"lt_LT\" \/>\n<meta property=\"og:type\" content=\"article\" \/>\n<meta property=\"og:title\" content=\"\u201eHonda Pauses\u201c suplanuota EV gamykla Kanadoje per tarif\u0173 kar\u0105 - Eautomobiliai.lt\" \/>\n<meta property=\"og:description\" content=\"\u201eHonda\u201c paskelb\u0117, kad planuojamoms EV investicijoms pristabdo apie 15 milijard\u0173 doleri\u0173, kad gal\u0117t\u0173 pastatyti elektromobili\u0173 ir akumuliatori\u0173 gamyklas Kanadoje, nes&hellip;\" \/>\n<meta property=\"og:url\" content=\"http:\/\/eautomobiliai.lt\/index.php\/2025\/05\/13\/honda-pauses-suplanuota-ev-gamykla-kanadoje-per-tarifu-kara\/\" \/>\n<meta property=\"og:site_name\" content=\"Eautomobiliai.lt\" \/>\n<meta property=\"article:published_time\" content=\"2025-05-13T15:07:33+00:00\" \/>\n<meta property=\"og:image\" content=\"http:\/\/eautomobiliai.lt\/wp-content\/uploads\/2025\/05\/\u201eHonda-Pauses-suplanuota-EV-gamykla-Kanadoje-per-tarifu-kara.png\" \/>\n\t<meta property=\"og:image:width\" content=\"1600\" \/>\n\t<meta property=\"og:image:height\" content=\"823\" \/>\n\t<meta property=\"og:image:type\" content=\"image\/png\" \/>\n<meta name=\"author\" content=\"admin\" \/>\n<meta name=\"twitter:card\" content=\"summary_large_image\" \/>\n<meta name=\"twitter:label1\" content=\"Written by\" \/>\n\t<meta name=\"twitter:data1\" content=\"admin\" \/>\n\t<meta name=\"twitter:label2\" content=\"Est. reading time\" \/>\n\t<meta name=\"twitter:data2\" content=\"2 minut\u0117s\" \/>\n<script type=\"application\/ld+json\" class=\"yoast-schema-graph\">{\"@context\":\"https:\/\/schema.org\",\"@graph\":[{\"@type\":\"Article\",\"@id\":\"http:\/\/eautomobiliai.lt\/index.php\/2025\/05\/13\/honda-pauses-suplanuota-ev-gamykla-kanadoje-per-tarifu-kara\/#article\",\"isPartOf\":{\"@id\":\"http:\/\/eautomobiliai.lt\/index.php\/2025\/05\/13\/honda-pauses-suplanuota-ev-gamykla-kanadoje-per-tarifu-kara\/\"},\"author\":{\"name\":\"admin\",\"@id\":\"http:\/\/eautomobiliai.lt\/#\/schema\/person\/ecf2a967f361217d056061f74deb92f2\"},\"headline\":\"\u201eHonda Pauses\u201c suplanuota EV gamykla Kanadoje per tarif\u0173 kar\u0105\",\"datePublished\":\"2025-05-13T15:07:33+00:00\",\"mainEntityOfPage\":{\"@id\":\"http:\/\/eautomobiliai.lt\/index.php\/2025\/05\/13\/honda-pauses-suplanuota-ev-gamykla-kanadoje-per-tarifu-kara\/\"},\"wordCount\":368,\"commentCount\":0,\"image\":{\"@id\":\"http:\/\/eautomobiliai.lt\/index.php\/2025\/05\/13\/honda-pauses-suplanuota-ev-gamykla-kanadoje-per-tarifu-kara\/#primaryimage\"},\"thumbnailUrl\":\"http:\/\/eautomobiliai.lt\/wp-content\/uploads\/2025\/05\/\u201eHonda-Pauses-suplanuota-EV-gamykla-Kanadoje-per-tarifu-kara.png\",\"keywords\":[\"gamykla\",\"Honda\",\"Kanadoje\",\"kar\u0105\",\"Pauses\",\"suplanuota\",\"tarif\u0173\"],\"articleSection\":[\"ELEKTRINIAI AUTOMOBILIAI\"],\"inLanguage\":\"lt-LT\",\"potentialAction\":[{\"@type\":\"CommentAction\",\"name\":\"Comment\",\"target\":[\"http:\/\/eautomobiliai.lt\/index.php\/2025\/05\/13\/honda-pauses-suplanuota-ev-gamykla-kanadoje-per-tarifu-kara\/#respond\"]}]},{\"@type\":\"WebPage\",\"@id\":\"http:\/\/eautomobiliai.lt\/index.php\/2025\/05\/13\/honda-pauses-suplanuota-ev-gamykla-kanadoje-per-tarifu-kara\/\",\"url\":\"http:\/\/eautomobiliai.lt\/index.php\/2025\/05\/13\/honda-pauses-suplanuota-ev-gamykla-kanadoje-per-tarifu-kara\/\",\"name\":\"\u201eHonda Pauses\u201c suplanuota EV gamykla Kanadoje per tarif\u0173 kar\u0105 - Eautomobiliai.lt\",\"isPartOf\":{\"@id\":\"http:\/\/eautomobiliai.lt\/#website\"},\"primaryImageOfPage\":{\"@id\":\"http:\/\/eautomobiliai.lt\/index.php\/2025\/05\/13\/honda-pauses-suplanuota-ev-gamykla-kanadoje-per-tarifu-kara\/#primaryimage\"},\"image\":{\"@id\":\"http:\/\/eautomobiliai.lt\/index.php\/2025\/05\/13\/honda-pauses-suplanuota-ev-gamykla-kanadoje-per-tarifu-kara\/#primaryimage\"},\"thumbnailUrl\":\"http:\/\/eautomobiliai.lt\/wp-content\/uploads\/2025\/05\/\u201eHonda-Pauses-suplanuota-EV-gamykla-Kanadoje-per-tarifu-kara.png\",\"datePublished\":\"2025-05-13T15:07:33+00:00\",\"author\":{\"@id\":\"http:\/\/eautomobiliai.lt\/#\/schema\/person\/ecf2a967f361217d056061f74deb92f2\"},\"breadcrumb\":{\"@id\":\"http:\/\/eautomobiliai.lt\/index.php\/2025\/05\/13\/honda-pauses-suplanuota-ev-gamykla-kanadoje-per-tarifu-kara\/#breadcrumb\"},\"inLanguage\":\"lt-LT\",\"potentialAction\":[{\"@type\":\"ReadAction\",\"target\":[\"http:\/\/eautomobiliai.lt\/index.php\/2025\/05\/13\/honda-pauses-suplanuota-ev-gamykla-kanadoje-per-tarifu-kara\/\"]}]},{\"@type\":\"ImageObject\",\"inLanguage\":\"lt-LT\",\"@id\":\"http:\/\/eautomobiliai.lt\/index.php\/2025\/05\/13\/honda-pauses-suplanuota-ev-gamykla-kanadoje-per-tarifu-kara\/#primaryimage\",\"url\":\"http:\/\/eautomobiliai.lt\/wp-content\/uploads\/2025\/05\/\u201eHonda-Pauses-suplanuota-EV-gamykla-Kanadoje-per-tarifu-kara.png\",\"contentUrl\":\"http:\/\/eautomobiliai.lt\/wp-content\/uploads\/2025\/05\/\u201eHonda-Pauses-suplanuota-EV-gamykla-Kanadoje-per-tarifu-kara.png\",\"width\":1600,\"height\":823},{\"@type\":\"BreadcrumbList\",\"@id\":\"http:\/\/eautomobiliai.lt\/index.php\/2025\/05\/13\/honda-pauses-suplanuota-ev-gamykla-kanadoje-per-tarifu-kara\/#breadcrumb\",\"itemListElement\":[{\"@type\":\"ListItem\",\"position\":1,\"name\":\"Home\",\"item\":\"http:\/\/eautomobiliai.lt\/\"},{\"@type\":\"ListItem\",\"position\":2,\"name\":\"\u201eHonda Pauses\u201c suplanuota EV gamykla Kanadoje per tarif\u0173 kar\u0105\"}]},{\"@type\":\"WebSite\",\"@id\":\"http:\/\/eautomobiliai.lt\/#website\",\"url\":\"http:\/\/eautomobiliai.lt\/\",\"name\":\"Eautomobiliai.lt\",\"description\":\"Elektrinis transportas, technologijos\",\"potentialAction\":[{\"@type\":\"SearchAction\",\"target\":{\"@type\":\"EntryPoint\",\"urlTemplate\":\"http:\/\/eautomobiliai.lt\/?s={search_term_string}\"},\"query-input\":{\"@type\":\"PropertyValueSpecification\",\"valueRequired\":true,\"valueName\":\"search_term_string\"}}],\"inLanguage\":\"lt-LT\"},{\"@type\":\"Person\",\"@id\":\"http:\/\/eautomobiliai.lt\/#\/schema\/person\/ecf2a967f361217d056061f74deb92f2\",\"name\":\"admin\",\"image\":{\"@type\":\"ImageObject\",\"inLanguage\":\"lt-LT\",\"@id\":\"http:\/\/eautomobiliai.lt\/#\/schema\/person\/image\/\",\"url\":\"https:\/\/secure.gravatar.com\/avatar\/6323379efae0c70c686c7905444d6bbd?s=96&d=mm&r=g\",\"contentUrl\":\"https:\/\/secure.gravatar.com\/avatar\/6323379efae0c70c686c7905444d6bbd?s=96&d=mm&r=g\",\"caption\":\"admin\"},\"sameAs\":[\"http:\/\/eautomobiliai.lt\"],\"url\":\"http:\/\/eautomobiliai.lt\/index.php\/author\/admin\/\"}]}<\/script>\n<!-- \/ Yoast SEO plugin. -->","yoast_head_json":{"title":"\u201eHonda Pauses\u201c suplanuota EV gamykla Kanadoje per tarif\u0173 kar\u0105 - Eautomobiliai.lt","robots":{"index":"index","follow":"follow","max-snippet":"max-snippet:-1","max-image-preview":"max-image-preview:large","max-video-preview":"max-video-preview:-1"},"canonical":"http:\/\/eautomobiliai.lt\/index.php\/2025\/05\/13\/honda-pauses-suplanuota-ev-gamykla-kanadoje-per-tarifu-kara\/","og_locale":"lt_LT","og_type":"article","og_title":"\u201eHonda Pauses\u201c suplanuota EV gamykla Kanadoje per tarif\u0173 kar\u0105 - Eautomobiliai.lt","og_description":"\u201eHonda\u201c paskelb\u0117, kad planuojamoms EV investicijoms pristabdo apie 15 milijard\u0173 doleri\u0173, kad gal\u0117t\u0173 pastatyti elektromobili\u0173 ir akumuliatori\u0173 gamyklas Kanadoje, nes&hellip;","og_url":"http:\/\/eautomobiliai.lt\/index.php\/2025\/05\/13\/honda-pauses-suplanuota-ev-gamykla-kanadoje-per-tarifu-kara\/","og_site_name":"Eautomobiliai.lt","article_published_time":"2025-05-13T15:07:33+00:00","og_image":[{"width":1600,"height":823,"url":"http:\/\/eautomobiliai.lt\/wp-content\/uploads\/2025\/05\/\u201eHonda-Pauses-suplanuota-EV-gamykla-Kanadoje-per-tarifu-kara.png","type":"image\/png"}],"author":"admin","twitter_card":"summary_large_image","twitter_misc":{"Written by":"admin","Est. reading time":"2 minut\u0117s"},"schema":{"@context":"https:\/\/schema.org","@graph":[{"@type":"Article","@id":"http:\/\/eautomobiliai.lt\/index.php\/2025\/05\/13\/honda-pauses-suplanuota-ev-gamykla-kanadoje-per-tarifu-kara\/#article","isPartOf":{"@id":"http:\/\/eautomobiliai.lt\/index.php\/2025\/05\/13\/honda-pauses-suplanuota-ev-gamykla-kanadoje-per-tarifu-kara\/"},"author":{"name":"admin","@id":"http:\/\/eautomobiliai.lt\/#\/schema\/person\/ecf2a967f361217d056061f74deb92f2"},"headline":"\u201eHonda Pauses\u201c suplanuota EV gamykla Kanadoje per tarif\u0173 kar\u0105","datePublished":"2025-05-13T15:07:33+00:00","mainEntityOfPage":{"@id":"http:\/\/eautomobiliai.lt\/index.php\/2025\/05\/13\/honda-pauses-suplanuota-ev-gamykla-kanadoje-per-tarifu-kara\/"},"wordCount":368,"commentCount":0,"image":{"@id":"http:\/\/eautomobiliai.lt\/index.php\/2025\/05\/13\/honda-pauses-suplanuota-ev-gamykla-kanadoje-per-tarifu-kara\/#primaryimage"},"thumbnailUrl":"http:\/\/eautomobiliai.lt\/wp-content\/uploads\/2025\/05\/\u201eHonda-Pauses-suplanuota-EV-gamykla-Kanadoje-per-tarifu-kara.png","keywords":["gamykla","Honda","Kanadoje","kar\u0105","Pauses","suplanuota","tarif\u0173"],"articleSection":["ELEKTRINIAI AUTOMOBILIAI"],"inLanguage":"lt-LT","potentialAction":[{"@type":"CommentAction","name":"Comment","target":["http:\/\/eautomobiliai.lt\/index.php\/2025\/05\/13\/honda-pauses-suplanuota-ev-gamykla-kanadoje-per-tarifu-kara\/#respond"]}]},{"@type":"WebPage","@id":"http:\/\/eautomobiliai.lt\/index.php\/2025\/05\/13\/honda-pauses-suplanuota-ev-gamykla-kanadoje-per-tarifu-kara\/","url":"http:\/\/eautomobiliai.lt\/index.php\/2025\/05\/13\/honda-pauses-suplanuota-ev-gamykla-kanadoje-per-tarifu-kara\/","name":"\u201eHonda Pauses\u201c suplanuota EV gamykla Kanadoje per tarif\u0173 kar\u0105 - Eautomobiliai.lt","isPartOf":{"@id":"http:\/\/eautomobiliai.lt\/#website"},"primaryImageOfPage":{"@id":"http:\/\/eautomobiliai.lt\/index.php\/2025\/05\/13\/honda-pauses-suplanuota-ev-gamykla-kanadoje-per-tarifu-kara\/#primaryimage"},"image":{"@id":"http:\/\/eautomobiliai.lt\/index.php\/2025\/05\/13\/honda-pauses-suplanuota-ev-gamykla-kanadoje-per-tarifu-kara\/#primaryimage"},"thumbnailUrl":"http:\/\/eautomobiliai.lt\/wp-content\/uploads\/2025\/05\/\u201eHonda-Pauses-suplanuota-EV-gamykla-Kanadoje-per-tarifu-kara.png","datePublished":"2025-05-13T15:07:33+00:00","author":{"@id":"http:\/\/eautomobiliai.lt\/#\/schema\/person\/ecf2a967f361217d056061f74deb92f2"},"breadcrumb":{"@id":"http:\/\/eautomobiliai.lt\/index.php\/2025\/05\/13\/honda-pauses-suplanuota-ev-gamykla-kanadoje-per-tarifu-kara\/#breadcrumb"},"inLanguage":"lt-LT","potentialAction":[{"@type":"ReadAction","target":["http:\/\/eautomobiliai.lt\/index.php\/2025\/05\/13\/honda-pauses-suplanuota-ev-gamykla-kanadoje-per-tarifu-kara\/"]}]},{"@type":"ImageObject","inLanguage":"lt-LT","@id":"http:\/\/eautomobiliai.lt\/index.php\/2025\/05\/13\/honda-pauses-suplanuota-ev-gamykla-kanadoje-per-tarifu-kara\/#primaryimage","url":"http:\/\/eautomobiliai.lt\/wp-content\/uploads\/2025\/05\/\u201eHonda-Pauses-suplanuota-EV-gamykla-Kanadoje-per-tarifu-kara.png","contentUrl":"http:\/\/eautomobiliai.lt\/wp-content\/uploads\/2025\/05\/\u201eHonda-Pauses-suplanuota-EV-gamykla-Kanadoje-per-tarifu-kara.png","width":1600,"height":823},{"@type":"BreadcrumbList","@id":"http:\/\/eautomobiliai.lt\/index.php\/2025\/05\/13\/honda-pauses-suplanuota-ev-gamykla-kanadoje-per-tarifu-kara\/#breadcrumb","itemListElement":[{"@type":"ListItem","position":1,"name":"Home","item":"http:\/\/eautomobiliai.lt\/"},{"@type":"ListItem","position":2,"name":"\u201eHonda Pauses\u201c suplanuota EV gamykla Kanadoje per tarif\u0173 kar\u0105"}]},{"@type":"WebSite","@id":"http:\/\/eautomobiliai.lt\/#website","url":"http:\/\/eautomobiliai.lt\/","name":"Eautomobiliai.lt","description":"Elektrinis transportas, technologijos","potentialAction":[{"@type":"SearchAction","target":{"@type":"EntryPoint","urlTemplate":"http:\/\/eautomobiliai.lt\/?s={search_term_string}"},"query-input":{"@type":"PropertyValueSpecification","valueRequired":true,"valueName":"search_term_string"}}],"inLanguage":"lt-LT"},{"@type":"Person","@id":"http:\/\/eautomobiliai.lt\/#\/schema\/person\/ecf2a967f361217d056061f74deb92f2","name":"admin","image":{"@type":"ImageObject","inLanguage":"lt-LT","@id":"http:\/\/eautomobiliai.lt\/#\/schema\/person\/image\/","url":"https:\/\/secure.gravatar.com\/avatar\/6323379efae0c70c686c7905444d6bbd?s=96&d=mm&r=g","contentUrl":"https:\/\/secure.gravatar.com\/avatar\/6323379efae0c70c686c7905444d6bbd?s=96&d=mm&r=g","caption":"admin"},"sameAs":["http:\/\/eautomobiliai.lt"],"url":"http:\/\/eautomobiliai.lt\/index.php\/author\/admin\/"}]}},"_links":{"self":[{"href":"http:\/\/eautomobiliai.lt\/index.php\/wp-json\/wp\/v2\/posts\/819","targetHints":{"allow":["GET"]}}],"collection":[{"href":"http:\/\/eautomobiliai.lt\/index.php\/wp-json\/wp\/v2\/posts"}],"about":[{"href":"http:\/\/eautomobiliai.lt\/index.php\/wp-json\/wp\/v2\/types\/post"}],"author":[{"embeddable":true,"href":"http:\/\/eautomobiliai.lt\/index.php\/wp-json\/wp\/v2\/users\/1"}],"replies":[{"embeddable":true,"href":"http:\/\/eautomobiliai.lt\/index.php\/wp-json\/wp\/v2\/comments?post=819"}],"version-history":[{"count":0,"href":"http:\/\/eautomobiliai.lt\/index.php\/wp-json\/wp\/v2\/posts\/819\/revisions"}],"wp:featuredmedia":[{"embeddable":true,"href":"http:\/\/eautomobiliai.lt\/index.php\/wp-json\/wp\/v2\/media\/820"}],"wp:attachment":[{"href":"http:\/\/eautomobiliai.lt\/index.php\/wp-json\/wp\/v2\/media?parent=819"}],"wp:term":[{"taxonomy":"category","embeddable":true,"href":"http:\/\/eautomobiliai.lt\/index.php\/wp-json\/wp\/v2\/categories?post=819"},{"taxonomy":"post_tag","embeddable":true,"href":"http:\/\/eautomobiliai.lt\/index.php\/wp-json\/wp\/v2\/tags?post=819"}],"curies":[{"name":"wp","href":"https:\/\/api.w.org\/{rel}","templated":true}]}}