{"id":868,"date":"2025-05-17T20:09:30","date_gmt":"2025-05-17T20:09:30","guid":{"rendered":"http:\/\/eautomobiliai.lt\/index.php\/2025\/05\/17\/xpeng-isleidzia-oficialius-savo-iltra-reek-luxury-electric-coupe-vaizdus\/"},"modified":"2025-05-17T20:09:30","modified_gmt":"2025-05-17T20:09:30","slug":"xpeng-isleidzia-oficialius-savo-iltra-reek-luxury-electric-coupe-vaizdus","status":"publish","type":"post","link":"http:\/\/eautomobiliai.lt\/index.php\/2025\/05\/17\/xpeng-isleidzia-oficialius-savo-iltra-reek-luxury-electric-coupe-vaizdus\/","title":{"rendered":"\u201eXpeng\u201c i\u0161leid\u017eia oficialius savo \u201eIltra Reek Luxury Electric Coupe\u201c vaizdus"},"content":{"rendered":"<p> <br \/>\n<\/p>\n<div id=\"\">\n<p><span style=\"font-weight: 400;\">\u201eXpeng\u201c, vienas i\u0161 spar\u010diausiai augan\u010di\u0173 Kinijos EV prek\u0117s \u017eenkl\u0173, i\u0161leido oficialias savo b\u016bsimos atnaujintos didel\u0117s prabangos kup\u0117, naujojo \u201eP7\u201c, iki \u0161iol \u0161velniausio automobilio, nuotraukas. <\/span><\/p>\n<p><span style=\"font-weight: 400;\">Oficialiame prek\u0117s \u017eenklo \u201eWeibo\u201c puslapyje buvo dalijami keturi i\u0161orinio dizaino vaizdai su i\u0161versta \u012fra\u0161o versija, kurioje sakoma: \u201eKokia forma yra naujos kartos\u201e Xpeng P7 \u201c, kuri\u0105 mes \u012fsivaizduojame? Po penkeri\u0173 met\u0173 poliravimo ir toliau ra\u0161ome atsakym\u0173 lape\u201e Originaluale \u201c! Naujasis Xiaopeng P7 yra auk\u0161to technologijos, madinga kup\u0117.\u201c<\/span><\/p>\n<p><span style=\"font-weight: 400;\">B\u016bsimojo kup\u0117 vaizdai parodo aerodinamin\u012f dizain\u0105 su nuo\u017eulnia stogo linija ir pla\u010dia korpusu. <\/span><\/p>\n<p><span style=\"font-weight: 400;\">I\u0161 priekio yra viso plo\u010dio \u0161viesos juosta, kaip ir 2025 m. \u201eXPENG G6\u201c, kuris yra modelio, \u0161iuo metu pristatan\u010dio Australijoje, \u012fp\u0117dinis.<\/span><\/p>\n<p><span style=\"font-weight: 400;\">Du vertikaliai i\u0161d\u0117styti dienos metu b\u0117gimo \u017eibintai i\u0161 abiej\u0173 variklio dang\u010dio pusi\u0173 suteikia automobiliui unikali\u0105 i\u0161vaizd\u0105. <\/span><\/p>\n<figure id=\"attachment_187804\" aria-describedby=\"caption-attachment-187804\" style=\"width: 1200px\" class=\"wp-caption aligncenter\"><img loading=\"lazy\" decoding=\"async\" class=\"size-full wp-image-187804\" src=\"https:\/\/thedriven.io\/wp-content\/uploads\/2025\/05\/2026-Xpeng-P7-Side.jpg\" alt=\"\" width=\"1200\" height=\"750\" srcset=\"https:\/\/thedriven.io\/wp-content\/uploads\/2025\/05\/2026-Xpeng-P7-Side.jpg 1200w, https:\/\/thedriven.io\/wp-content\/uploads\/2025\/05\/2026-Xpeng-P7-Side-388x243.jpg 388w, https:\/\/thedriven.io\/wp-content\/uploads\/2025\/05\/2026-Xpeng-P7-Side-1160x725.jpg 1160w, https:\/\/thedriven.io\/wp-content\/uploads\/2025\/05\/2026-Xpeng-P7-Side-800x500.jpg 800w, https:\/\/thedriven.io\/wp-content\/uploads\/2025\/05\/2026-Xpeng-P7-Side-120x75.jpg 120w, https:\/\/thedriven.io\/wp-content\/uploads\/2025\/05\/2026-Xpeng-P7-Side-90x56.jpg 90w, https:\/\/thedriven.io\/wp-content\/uploads\/2025\/05\/2026-Xpeng-P7-Side-320x200.jpg 320w, https:\/\/thedriven.io\/wp-content\/uploads\/2025\/05\/2026-Xpeng-P7-Side-560x350.jpg 560w, https:\/\/thedriven.io\/wp-content\/uploads\/2025\/05\/2026-Xpeng-P7-Side-150x94.jpg 150w, https:\/\/thedriven.io\/wp-content\/uploads\/2025\/05\/2026-Xpeng-P7-Side-240x150.jpg 240w, https:\/\/thedriven.io\/wp-content\/uploads\/2025\/05\/2026-Xpeng-P7-Side-180x113.jpg 180w, https:\/\/thedriven.io\/wp-content\/uploads\/2025\/05\/2026-Xpeng-P7-Side-640x400.jpg 640w, https:\/\/thedriven.io\/wp-content\/uploads\/2025\/05\/2026-Xpeng-P7-Side-1120x700.jpg 1120w, https:\/\/thedriven.io\/wp-content\/uploads\/2025\/05\/2026-Xpeng-P7-Side-300x188.jpg 300w\" sizes=\"auto, (max-width: 1160px) 100vw, 1160px\"\/><figcaption id=\"caption-attachment-187804\" class=\"wp-caption-text\">Vaizdas: xpeng per weibo<\/figcaption><\/figure>\n<p><span style=\"font-weight: 400;\">I\u0161 \u0161oninio kampo galima pasteb\u0117ti daugyb\u0119 dizaino ypatybi\u0173, \u012fskaitant didel\u0117se keturi\u0173 dur\u0173 kup\u0117 su praplaukimo dur\u0173 rankenomis. \u012ekrovos prievadas yra transporto priemon\u0117s de\u0161in\u0117je pus\u0117je, atitinkan\u010diame Australijoje parduodam\u0105 \u201eXPENG G6\u201c.<\/span><\/p>\n<p><span style=\"font-weight: 400;\">I\u0161 \u0161ono galima pasteb\u0117ti kartotuv\u0173 autonominio ir intelektualaus vairavimo kameras, kurios gerai susimai\u0161o su juodu tonu.<\/span><\/p>\n<p><span style=\"font-weight: 400;\">Atrodo, kad automobilis s\u0117di ant 20 coli\u0173 rat\u0173 su \u201eXpeng\u201c oran\u017eini\u0173 kalpintuv\u0173 dangteliais, matytais per ratus.<\/span><\/p>\n<p><span style=\"font-weight: 400;\">Judant link galo, yra a\u0161trus nuo\u017eulnios stogo linija, kuri susilieja \u012f pak\u0117limo baga\u017ein\u0119.<\/span><\/p>\n<figure id=\"attachment_187806\" aria-describedby=\"caption-attachment-187806\" style=\"width: 1200px\" class=\"wp-caption aligncenter\"><img decoding=\"async\" class=\"size-full wp-image-187806 native-lazyload-js-fallback\" alt=\"\" width=\"1200\" height=\"750\" loading=\"lazy\" src=\"https:\/\/b2232832.smushcdn.com\/2232832\/wp-content\/uploads\/2025\/05\/2026-Xpeng-P7-Top-Down-Rear.jpg?lossy=1&amp;strip=0&amp;webp=1\" srcset=\"https:\/\/b2232832.smushcdn.com\/2232832\/wp-content\/uploads\/2025\/05\/2026-Xpeng-P7-Top-Down-Rear.jpg?lossy=1&amp;strip=0&amp;webp=1 1200w, https:\/\/b2232832.smushcdn.com\/2232832\/wp-content\/uploads\/2025\/05\/2026-Xpeng-P7-Top-Down-Rear-388x243.jpg?lossy=1&amp;strip=0&amp;webp=1 388w, https:\/\/b2232832.smushcdn.com\/2232832\/wp-content\/uploads\/2025\/05\/2026-Xpeng-P7-Top-Down-Rear-1160x725.jpg?lossy=1&amp;strip=0&amp;webp=1 1160w, https:\/\/b2232832.smushcdn.com\/2232832\/wp-content\/uploads\/2025\/05\/2026-Xpeng-P7-Top-Down-Rear-800x500.jpg?lossy=1&amp;strip=0&amp;webp=1 800w, https:\/\/b2232832.smushcdn.com\/2232832\/wp-content\/uploads\/2025\/05\/2026-Xpeng-P7-Top-Down-Rear-120x75.jpg?lossy=1&amp;strip=0&amp;webp=1 120w, https:\/\/b2232832.smushcdn.com\/2232832\/wp-content\/uploads\/2025\/05\/2026-Xpeng-P7-Top-Down-Rear-90x56.jpg?lossy=1&amp;strip=0&amp;webp=1 90w, https:\/\/b2232832.smushcdn.com\/2232832\/wp-content\/uploads\/2025\/05\/2026-Xpeng-P7-Top-Down-Rear-320x200.jpg?lossy=1&amp;strip=0&amp;webp=1 320w, https:\/\/b2232832.smushcdn.com\/2232832\/wp-content\/uploads\/2025\/05\/2026-Xpeng-P7-Top-Down-Rear-560x350.jpg?lossy=1&amp;strip=0&amp;webp=1 560w, https:\/\/b2232832.smushcdn.com\/2232832\/wp-content\/uploads\/2025\/05\/2026-Xpeng-P7-Top-Down-Rear-150x94.jpg?lossy=1&amp;strip=0&amp;webp=1 150w, https:\/\/b2232832.smushcdn.com\/2232832\/wp-content\/uploads\/2025\/05\/2026-Xpeng-P7-Top-Down-Rear-240x150.jpg?lossy=1&amp;strip=0&amp;webp=1 240w, https:\/\/b2232832.smushcdn.com\/2232832\/wp-content\/uploads\/2025\/05\/2026-Xpeng-P7-Top-Down-Rear-180x113.jpg?lossy=1&amp;strip=0&amp;webp=1 180w, https:\/\/b2232832.smushcdn.com\/2232832\/wp-content\/uploads\/2025\/05\/2026-Xpeng-P7-Top-Down-Rear-640x400.jpg?lossy=1&amp;strip=0&amp;webp=1 640w, https:\/\/b2232832.smushcdn.com\/2232832\/wp-content\/uploads\/2025\/05\/2026-Xpeng-P7-Top-Down-Rear-1120x700.jpg?lossy=1&amp;strip=0&amp;webp=1 1120w, https:\/\/b2232832.smushcdn.com\/2232832\/wp-content\/uploads\/2025\/05\/2026-Xpeng-P7-Top-Down-Rear-300x188.jpg?lossy=1&amp;strip=0&amp;webp=1 300w\" data-sizes=\"(max-width: 1160px) 100vw, 1160px\"\/><img loading=\"lazy\" decoding=\"async\" class=\"size-full wp-image-187806\" src=\"https:\/\/thedriven.io\/wp-content\/uploads\/2025\/05\/2026-Xpeng-P7-Top-Down-Rear.jpg\" alt=\"\" width=\"1200\" height=\"750\" srcset=\"https:\/\/thedriven.io\/wp-content\/uploads\/2025\/05\/2026-Xpeng-P7-Top-Down-Rear.jpg 1200w, https:\/\/thedriven.io\/wp-content\/uploads\/2025\/05\/2026-Xpeng-P7-Top-Down-Rear-388x243.jpg 388w, https:\/\/thedriven.io\/wp-content\/uploads\/2025\/05\/2026-Xpeng-P7-Top-Down-Rear-1160x725.jpg 1160w, https:\/\/thedriven.io\/wp-content\/uploads\/2025\/05\/2026-Xpeng-P7-Top-Down-Rear-800x500.jpg 800w, https:\/\/thedriven.io\/wp-content\/uploads\/2025\/05\/2026-Xpeng-P7-Top-Down-Rear-120x75.jpg 120w, https:\/\/thedriven.io\/wp-content\/uploads\/2025\/05\/2026-Xpeng-P7-Top-Down-Rear-90x56.jpg 90w, https:\/\/thedriven.io\/wp-content\/uploads\/2025\/05\/2026-Xpeng-P7-Top-Down-Rear-320x200.jpg 320w, https:\/\/thedriven.io\/wp-content\/uploads\/2025\/05\/2026-Xpeng-P7-Top-Down-Rear-560x350.jpg 560w, https:\/\/thedriven.io\/wp-content\/uploads\/2025\/05\/2026-Xpeng-P7-Top-Down-Rear-150x94.jpg 150w, https:\/\/thedriven.io\/wp-content\/uploads\/2025\/05\/2026-Xpeng-P7-Top-Down-Rear-240x150.jpg 240w, https:\/\/thedriven.io\/wp-content\/uploads\/2025\/05\/2026-Xpeng-P7-Top-Down-Rear-180x113.jpg 180w, https:\/\/thedriven.io\/wp-content\/uploads\/2025\/05\/2026-Xpeng-P7-Top-Down-Rear-640x400.jpg 640w, https:\/\/thedriven.io\/wp-content\/uploads\/2025\/05\/2026-Xpeng-P7-Top-Down-Rear-1120x700.jpg 1120w, https:\/\/thedriven.io\/wp-content\/uploads\/2025\/05\/2026-Xpeng-P7-Top-Down-Rear-300x188.jpg 300w\" sizes=\"auto, (max-width: 1160px) 100vw, 1160px\"\/><figcaption id=\"caption-attachment-187806\" class=\"wp-caption-text\">Vaizdas: xpeng per weibo<\/figcaption><\/figure>\n<p><span style=\"font-weight: 400;\">Galiniame gale taip pat yra viso plo\u010dio \u0161viesos juosta ir vertikal\u016bs galiniai \u017eibintai, suteikiantys jai didel\u0119 prabang\u0173 kup\u0117 i\u0161vaizd\u0105.<\/span><\/p>\n<p><span style=\"font-weight: 400;\">Nelabai \u017einoma apie naujojo modelio specifikacijas, ta\u010diau galima pasteb\u0117ti, kad esamas P7 yra beveik 4,9 metro ilgio ir gaminamas nuo 2020 m.<\/span><\/p>\n<p>Dabartinis P7 prasideda nuo ma\u017eiau nei 54 000 USD, konkuruojant \u201ePremium\u201c sedano rinkoje.<\/p>\n<p><span style=\"font-weight: 400;\">Jis tiekiamas tiek li\u010dio ir gele\u017eies fosfato (LFP), tiek nikelio-Manganese-Cobalt (NMC) akumuliatoriaus chemijoje, o pakuot\u0117s dyd\u017eiai svyruoja nuo 60 kWh iki 81 kWh.<\/span><\/p>\n<p><span style=\"font-weight: 400;\">Jie suteikia NEDC diapazon\u0105 480\u2013706 km, kuris grei\u010diausiai bus 400\u2013580 km per WLTP cikl\u0105.<\/span><\/p>\n<p><span style=\"font-weight: 400;\">Tikimasi, kad i\u0161samios specifikacijos ir kainos bus paskelbtos artimiausiais m\u0117nesiais.<\/span><\/p>\n<p><span style=\"font-weight: 400;\">Pertvarkytas \u201eXpeng P7\u201c \u012fvyks po 6 met\u0173 nuo originalaus dizaino, kur\u012f buvo atidengtas 2019 m. \u0160anchajaus automobili\u0173 parodoje.<\/span><\/p>\n<p><span style=\"font-weight: 400;\">Tai parodo prek\u0117s \u017eenklo, kuris, atrodo, eina i\u0161 stipryb\u0117s iki stipryb\u0117s, brand\u0105, ypa\u010d kai jis t\u0119sia savo pasaulin\u0119 pl\u0117tr\u0105.<\/span><\/p>\n<figure id=\"attachment_187805\" aria-describedby=\"caption-attachment-187805\" style=\"width: 1200px\" class=\"wp-caption aligncenter\"><img decoding=\"async\" class=\"size-full wp-image-187805 native-lazyload-js-fallback\" alt=\"\" width=\"1200\" height=\"750\" loading=\"lazy\" src=\"https:\/\/b2232832.smushcdn.com\/2232832\/wp-content\/uploads\/2025\/05\/2026-Xpeng-P7-Top-Down.jpg?lossy=1&amp;strip=0&amp;webp=1\" srcset=\"https:\/\/b2232832.smushcdn.com\/2232832\/wp-content\/uploads\/2025\/05\/2026-Xpeng-P7-Top-Down.jpg?lossy=1&amp;strip=0&amp;webp=1 1200w, https:\/\/b2232832.smushcdn.com\/2232832\/wp-content\/uploads\/2025\/05\/2026-Xpeng-P7-Top-Down-388x243.jpg?lossy=1&amp;strip=0&amp;webp=1 388w, https:\/\/b2232832.smushcdn.com\/2232832\/wp-content\/uploads\/2025\/05\/2026-Xpeng-P7-Top-Down-1160x725.jpg?lossy=1&amp;strip=0&amp;webp=1 1160w, https:\/\/b2232832.smushcdn.com\/2232832\/wp-content\/uploads\/2025\/05\/2026-Xpeng-P7-Top-Down-800x500.jpg?lossy=1&amp;strip=0&amp;webp=1 800w, https:\/\/b2232832.smushcdn.com\/2232832\/wp-content\/uploads\/2025\/05\/2026-Xpeng-P7-Top-Down-120x75.jpg?lossy=1&amp;strip=0&amp;webp=1 120w, https:\/\/b2232832.smushcdn.com\/2232832\/wp-content\/uploads\/2025\/05\/2026-Xpeng-P7-Top-Down-90x56.jpg?lossy=1&amp;strip=0&amp;webp=1 90w, https:\/\/b2232832.smushcdn.com\/2232832\/wp-content\/uploads\/2025\/05\/2026-Xpeng-P7-Top-Down-320x200.jpg?lossy=1&amp;strip=0&amp;webp=1 320w, https:\/\/b2232832.smushcdn.com\/2232832\/wp-content\/uploads\/2025\/05\/2026-Xpeng-P7-Top-Down-560x350.jpg?lossy=1&amp;strip=0&amp;webp=1 560w, https:\/\/b2232832.smushcdn.com\/2232832\/wp-content\/uploads\/2025\/05\/2026-Xpeng-P7-Top-Down-150x94.jpg?lossy=1&amp;strip=0&amp;webp=1 150w, https:\/\/b2232832.smushcdn.com\/2232832\/wp-content\/uploads\/2025\/05\/2026-Xpeng-P7-Top-Down-240x150.jpg?lossy=1&amp;strip=0&amp;webp=1 240w, https:\/\/b2232832.smushcdn.com\/2232832\/wp-content\/uploads\/2025\/05\/2026-Xpeng-P7-Top-Down-180x113.jpg?lossy=1&amp;strip=0&amp;webp=1 180w, https:\/\/b2232832.smushcdn.com\/2232832\/wp-content\/uploads\/2025\/05\/2026-Xpeng-P7-Top-Down-640x400.jpg?lossy=1&amp;strip=0&amp;webp=1 640w, https:\/\/b2232832.smushcdn.com\/2232832\/wp-content\/uploads\/2025\/05\/2026-Xpeng-P7-Top-Down-1120x700.jpg?lossy=1&amp;strip=0&amp;webp=1 1120w, https:\/\/b2232832.smushcdn.com\/2232832\/wp-content\/uploads\/2025\/05\/2026-Xpeng-P7-Top-Down-300x188.jpg?lossy=1&amp;strip=0&amp;webp=1 300w\" data-sizes=\"(max-width: 1160px) 100vw, 1160px\"\/><img loading=\"lazy\" decoding=\"async\" class=\"size-full wp-image-187805\" src=\"https:\/\/thedriven.io\/wp-content\/uploads\/2025\/05\/2026-Xpeng-P7-Top-Down.jpg\" alt=\"\" width=\"1200\" height=\"750\" srcset=\"https:\/\/thedriven.io\/wp-content\/uploads\/2025\/05\/2026-Xpeng-P7-Top-Down.jpg 1200w, https:\/\/thedriven.io\/wp-content\/uploads\/2025\/05\/2026-Xpeng-P7-Top-Down-388x243.jpg 388w, https:\/\/thedriven.io\/wp-content\/uploads\/2025\/05\/2026-Xpeng-P7-Top-Down-1160x725.jpg 1160w, https:\/\/thedriven.io\/wp-content\/uploads\/2025\/05\/2026-Xpeng-P7-Top-Down-800x500.jpg 800w, https:\/\/thedriven.io\/wp-content\/uploads\/2025\/05\/2026-Xpeng-P7-Top-Down-120x75.jpg 120w, https:\/\/thedriven.io\/wp-content\/uploads\/2025\/05\/2026-Xpeng-P7-Top-Down-90x56.jpg 90w, https:\/\/thedriven.io\/wp-content\/uploads\/2025\/05\/2026-Xpeng-P7-Top-Down-320x200.jpg 320w, https:\/\/thedriven.io\/wp-content\/uploads\/2025\/05\/2026-Xpeng-P7-Top-Down-560x350.jpg 560w, https:\/\/thedriven.io\/wp-content\/uploads\/2025\/05\/2026-Xpeng-P7-Top-Down-150x94.jpg 150w, https:\/\/thedriven.io\/wp-content\/uploads\/2025\/05\/2026-Xpeng-P7-Top-Down-240x150.jpg 240w, https:\/\/thedriven.io\/wp-content\/uploads\/2025\/05\/2026-Xpeng-P7-Top-Down-180x113.jpg 180w, https:\/\/thedriven.io\/wp-content\/uploads\/2025\/05\/2026-Xpeng-P7-Top-Down-640x400.jpg 640w, https:\/\/thedriven.io\/wp-content\/uploads\/2025\/05\/2026-Xpeng-P7-Top-Down-1120x700.jpg 1120w, https:\/\/thedriven.io\/wp-content\/uploads\/2025\/05\/2026-Xpeng-P7-Top-Down-300x188.jpg 300w\" sizes=\"auto, (max-width: 1160px) 100vw, 1160px\"\/><figcaption id=\"caption-attachment-187805\" class=\"wp-caption-text\">Vaizdas: xpeng per weibo<\/figcaption><\/figure>\n<p><span style=\"font-weight: 400;\">Vietoje Australijoje prek\u0117s \u017eenklas oficialiai pasirod\u0117 pra\u0117jusi\u0173 met\u0173 gruod\u012f. Laiku Australijoje prek\u0117s \u017eenklas pristat\u0117 \u201eXPENG G6\u201c visureig\u012f su planais pateikti kitus modelius per savo Australijos platintoj\u0105 \u201eTrue EV\u201c.<\/span><\/p>\n<p><span style=\"font-weight: 400;\">Tikimasi, kad \u0161is naujas P7, daugiausia d\u0117mesio skiriant naujiems produktams pasaulin\u0117ms rinkoms 2025 m. Ir v\u0117liau, bus skirtas ir tarptautin\u0117ms rinkoms, \u012fskaitant tuos, kurie turi de\u0161in\u0117s pus\u0117s automobilius.<\/span><\/p>\n<p><span style=\"font-weight: 400;\">\u201eXpeng P7\u201c vaizdo \u012fra\u0161as \u201eYouTube\u201c<\/span><\/p>\n<p><a href=\"https:\/\/www.youtube.com\/watch?v=FHPJBEYVVY\">https:\/\/www.youtube.com\/watch?v=FHPJBEYVVY<\/a><\/p>\n<div class=\"saboxplugin-wrap\" itemtype=\"http:\/\/schema.org\/Person\" itemscope=\"\" itemprop=\"author\">\n<div class=\"saboxplugin-tab\">\n<div class=\"saboxplugin-gravatar\"><img decoding=\"async\" width=\"100\" height=\"100\" alt=\"Rizas Akhtar\" itemprop=\"image\" loading=\"lazy\" class=\"native-lazyload-js-fallback\" src=\"https:\/\/b2232832.smushcdn.com\/2232832\/wp-content\/uploads\/2022\/02\/Riz.jpg?lossy=1&amp;strip=0&amp;webp=1\"\/><img loading=\"lazy\" decoding=\"async\" src=\"https:\/\/thedriven.io\/wp-content\/uploads\/2022\/02\/Riz.jpg\" width=\"100\" height=\"100\" alt=\"Rizas Akhtar\" itemprop=\"image\"\/><\/div>\n<div class=\"saboxplugin-desc\">\n<div itemprop=\"description\">\n<p>RIZ yra \u201eCarloop\u201c \u012fk\u016br\u0117jas, \u012fsik\u016br\u0119s Melburne, specializuojasi Australijos EV duomenyse, \u012f\u017evalgos ataskaitose ir tendencijose. Jis yra mechanikos in\u017einierius, prie\u0161 pradedant \u201eCarloop\u201c pirmuosius 7 savo karjeros statybos transporto infrastrukt\u016bros metus. Jis turi aistr\u0105 automobiliams, ypa\u010d EV ir nori pad\u0117ti suma\u017einti transporto i\u0161metim\u0105 Australijoje. \u0160iuo metu jis vairuoja \u201eRed Tesla\u201c model\u012f 3.<\/p>\n<\/div>\n<\/div>\n<\/div>\n<\/div>\n<p><!-- AI CONTENT END 1 --><\/p><\/div>\n<p><br \/>\n<br \/><a href=\"https:\/\/thedriven.io\/2025\/05\/15\/xpeng-releases-official-images-of-its-ultra-sleek-luxury-electric-coupe\/\">Source link <\/a><\/p>\n","protected":false},"excerpt":{"rendered":"<p>\u201eXpeng\u201c, vienas i\u0161 spar\u010diausiai augan\u010di\u0173 Kinijos EV prek\u0117s \u017eenkl\u0173, i\u0161leido oficialias savo b\u016bsimos atnaujintos didel\u0117s prabangos kup\u0117, naujojo \u201eP7\u201c, iki&hellip;<\/p>\n","protected":false},"author":1,"featured_media":869,"comment_status":"open","ping_status":"open","sticky":false,"template":"","format":"standard","meta":{"om_disable_all_campaigns":false,"_monsterinsights_skip_tracking":false,"_monsterinsights_sitenote_active":false,"_monsterinsights_sitenote_note":"","_monsterinsights_sitenote_category":0,"footnotes":""},"categories":[39],"tags":[1907,67,1904,218,1906,1903,1905,183,1055,24],"class_list":["post-868","post","type-post","status-publish","format-standard","has-post-thumbnail","hentry","category-eautomobiliu-technine-puse","tag-coupe","tag-electric","tag-iltra","tag-isleidzia","tag-luxury","tag-oficialius","tag-reek","tag-savo","tag-vaizdus","tag-xpeng"],"aioseo_notices":[],"yoast_head":"<!-- This site is optimized with the Yoast SEO plugin v26.8 - https:\/\/yoast.com\/product\/yoast-seo-wordpress\/ -->\n<title>\u201eXpeng\u201c i\u0161leid\u017eia oficialius savo \u201eIltra Reek Luxury Electric Coupe\u201c vaizdus - Eautomobiliai.lt<\/title>\n<meta name=\"robots\" content=\"index, follow, max-snippet:-1, max-image-preview:large, max-video-preview:-1\" \/>\n<link rel=\"canonical\" href=\"http:\/\/eautomobiliai.lt\/index.php\/2025\/05\/17\/xpeng-isleidzia-oficialius-savo-iltra-reek-luxury-electric-coupe-vaizdus\/\" \/>\n<meta property=\"og:locale\" content=\"lt_LT\" \/>\n<meta property=\"og:type\" content=\"article\" \/>\n<meta property=\"og:title\" content=\"\u201eXpeng\u201c i\u0161leid\u017eia oficialius savo \u201eIltra Reek Luxury Electric Coupe\u201c vaizdus - Eautomobiliai.lt\" \/>\n<meta property=\"og:description\" content=\"\u201eXpeng\u201c, vienas i\u0161 spar\u010diausiai augan\u010di\u0173 Kinijos EV prek\u0117s \u017eenkl\u0173, i\u0161leido oficialias savo b\u016bsimos atnaujintos didel\u0117s prabangos kup\u0117, naujojo \u201eP7\u201c, iki&hellip;\" \/>\n<meta property=\"og:url\" content=\"http:\/\/eautomobiliai.lt\/index.php\/2025\/05\/17\/xpeng-isleidzia-oficialius-savo-iltra-reek-luxury-electric-coupe-vaizdus\/\" \/>\n<meta property=\"og:site_name\" content=\"Eautomobiliai.lt\" \/>\n<meta property=\"article:published_time\" content=\"2025-05-17T20:09:30+00:00\" \/>\n<meta property=\"og:image\" content=\"http:\/\/eautomobiliai.lt\/wp-content\/uploads\/2025\/05\/\u201eXpeng-isleidzia-oficialius-savo-\u201eIltra-Reek-Luxury-Electric-Coupe-vaizdus.jpg\" \/>\n\t<meta property=\"og:image:width\" content=\"1200\" \/>\n\t<meta property=\"og:image:height\" content=\"750\" \/>\n\t<meta property=\"og:image:type\" content=\"image\/jpeg\" \/>\n<meta name=\"author\" content=\"admin\" \/>\n<meta name=\"twitter:card\" content=\"summary_large_image\" \/>\n<meta name=\"twitter:label1\" content=\"Written by\" \/>\n\t<meta name=\"twitter:data1\" content=\"admin\" \/>\n\t<meta name=\"twitter:label2\" content=\"Est. reading time\" \/>\n\t<meta name=\"twitter:data2\" content=\"3 minut\u0117s\" \/>\n<script type=\"application\/ld+json\" class=\"yoast-schema-graph\">{\"@context\":\"https:\/\/schema.org\",\"@graph\":[{\"@type\":\"Article\",\"@id\":\"http:\/\/eautomobiliai.lt\/index.php\/2025\/05\/17\/xpeng-isleidzia-oficialius-savo-iltra-reek-luxury-electric-coupe-vaizdus\/#article\",\"isPartOf\":{\"@id\":\"http:\/\/eautomobiliai.lt\/index.php\/2025\/05\/17\/xpeng-isleidzia-oficialius-savo-iltra-reek-luxury-electric-coupe-vaizdus\/\"},\"author\":{\"name\":\"admin\",\"@id\":\"http:\/\/eautomobiliai.lt\/#\/schema\/person\/ecf2a967f361217d056061f74deb92f2\"},\"headline\":\"\u201eXpeng\u201c i\u0161leid\u017eia oficialius savo \u201eIltra Reek Luxury Electric Coupe\u201c vaizdus\",\"datePublished\":\"2025-05-17T20:09:30+00:00\",\"mainEntityOfPage\":{\"@id\":\"http:\/\/eautomobiliai.lt\/index.php\/2025\/05\/17\/xpeng-isleidzia-oficialius-savo-iltra-reek-luxury-electric-coupe-vaizdus\/\"},\"wordCount\":539,\"commentCount\":0,\"image\":{\"@id\":\"http:\/\/eautomobiliai.lt\/index.php\/2025\/05\/17\/xpeng-isleidzia-oficialius-savo-iltra-reek-luxury-electric-coupe-vaizdus\/#primaryimage\"},\"thumbnailUrl\":\"http:\/\/eautomobiliai.lt\/wp-content\/uploads\/2025\/05\/\u201eXpeng-isleidzia-oficialius-savo-\u201eIltra-Reek-Luxury-Electric-Coupe-vaizdus.jpg\",\"keywords\":[\"Coupe\",\"Electric\",\"Iltra\",\"i\u0161leid\u017eia\",\"Luxury\",\"oficialius\",\"Reek\",\"savo\",\"vaizdus\",\"Xpeng\"],\"articleSection\":[\"eAUTOMOBILI\u0172 TECHNIN\u0116 PUS\u0116\"],\"inLanguage\":\"lt-LT\",\"potentialAction\":[{\"@type\":\"CommentAction\",\"name\":\"Comment\",\"target\":[\"http:\/\/eautomobiliai.lt\/index.php\/2025\/05\/17\/xpeng-isleidzia-oficialius-savo-iltra-reek-luxury-electric-coupe-vaizdus\/#respond\"]}]},{\"@type\":\"WebPage\",\"@id\":\"http:\/\/eautomobiliai.lt\/index.php\/2025\/05\/17\/xpeng-isleidzia-oficialius-savo-iltra-reek-luxury-electric-coupe-vaizdus\/\",\"url\":\"http:\/\/eautomobiliai.lt\/index.php\/2025\/05\/17\/xpeng-isleidzia-oficialius-savo-iltra-reek-luxury-electric-coupe-vaizdus\/\",\"name\":\"\u201eXpeng\u201c i\u0161leid\u017eia oficialius savo \u201eIltra Reek Luxury Electric Coupe\u201c vaizdus - Eautomobiliai.lt\",\"isPartOf\":{\"@id\":\"http:\/\/eautomobiliai.lt\/#website\"},\"primaryImageOfPage\":{\"@id\":\"http:\/\/eautomobiliai.lt\/index.php\/2025\/05\/17\/xpeng-isleidzia-oficialius-savo-iltra-reek-luxury-electric-coupe-vaizdus\/#primaryimage\"},\"image\":{\"@id\":\"http:\/\/eautomobiliai.lt\/index.php\/2025\/05\/17\/xpeng-isleidzia-oficialius-savo-iltra-reek-luxury-electric-coupe-vaizdus\/#primaryimage\"},\"thumbnailUrl\":\"http:\/\/eautomobiliai.lt\/wp-content\/uploads\/2025\/05\/\u201eXpeng-isleidzia-oficialius-savo-\u201eIltra-Reek-Luxury-Electric-Coupe-vaizdus.jpg\",\"datePublished\":\"2025-05-17T20:09:30+00:00\",\"author\":{\"@id\":\"http:\/\/eautomobiliai.lt\/#\/schema\/person\/ecf2a967f361217d056061f74deb92f2\"},\"breadcrumb\":{\"@id\":\"http:\/\/eautomobiliai.lt\/index.php\/2025\/05\/17\/xpeng-isleidzia-oficialius-savo-iltra-reek-luxury-electric-coupe-vaizdus\/#breadcrumb\"},\"inLanguage\":\"lt-LT\",\"potentialAction\":[{\"@type\":\"ReadAction\",\"target\":[\"http:\/\/eautomobiliai.lt\/index.php\/2025\/05\/17\/xpeng-isleidzia-oficialius-savo-iltra-reek-luxury-electric-coupe-vaizdus\/\"]}]},{\"@type\":\"ImageObject\",\"inLanguage\":\"lt-LT\",\"@id\":\"http:\/\/eautomobiliai.lt\/index.php\/2025\/05\/17\/xpeng-isleidzia-oficialius-savo-iltra-reek-luxury-electric-coupe-vaizdus\/#primaryimage\",\"url\":\"http:\/\/eautomobiliai.lt\/wp-content\/uploads\/2025\/05\/\u201eXpeng-isleidzia-oficialius-savo-\u201eIltra-Reek-Luxury-Electric-Coupe-vaizdus.jpg\",\"contentUrl\":\"http:\/\/eautomobiliai.lt\/wp-content\/uploads\/2025\/05\/\u201eXpeng-isleidzia-oficialius-savo-\u201eIltra-Reek-Luxury-Electric-Coupe-vaizdus.jpg\",\"width\":1200,\"height\":750},{\"@type\":\"BreadcrumbList\",\"@id\":\"http:\/\/eautomobiliai.lt\/index.php\/2025\/05\/17\/xpeng-isleidzia-oficialius-savo-iltra-reek-luxury-electric-coupe-vaizdus\/#breadcrumb\",\"itemListElement\":[{\"@type\":\"ListItem\",\"position\":1,\"name\":\"Home\",\"item\":\"http:\/\/eautomobiliai.lt\/\"},{\"@type\":\"ListItem\",\"position\":2,\"name\":\"\u201eXpeng\u201c i\u0161leid\u017eia oficialius savo \u201eIltra Reek Luxury Electric Coupe\u201c vaizdus\"}]},{\"@type\":\"WebSite\",\"@id\":\"http:\/\/eautomobiliai.lt\/#website\",\"url\":\"http:\/\/eautomobiliai.lt\/\",\"name\":\"Eautomobiliai.lt\",\"description\":\"Elektrinis transportas, technologijos\",\"potentialAction\":[{\"@type\":\"SearchAction\",\"target\":{\"@type\":\"EntryPoint\",\"urlTemplate\":\"http:\/\/eautomobiliai.lt\/?s={search_term_string}\"},\"query-input\":{\"@type\":\"PropertyValueSpecification\",\"valueRequired\":true,\"valueName\":\"search_term_string\"}}],\"inLanguage\":\"lt-LT\"},{\"@type\":\"Person\",\"@id\":\"http:\/\/eautomobiliai.lt\/#\/schema\/person\/ecf2a967f361217d056061f74deb92f2\",\"name\":\"admin\",\"image\":{\"@type\":\"ImageObject\",\"inLanguage\":\"lt-LT\",\"@id\":\"http:\/\/eautomobiliai.lt\/#\/schema\/person\/image\/\",\"url\":\"https:\/\/secure.gravatar.com\/avatar\/6323379efae0c70c686c7905444d6bbd?s=96&d=mm&r=g\",\"contentUrl\":\"https:\/\/secure.gravatar.com\/avatar\/6323379efae0c70c686c7905444d6bbd?s=96&d=mm&r=g\",\"caption\":\"admin\"},\"sameAs\":[\"http:\/\/eautomobiliai.lt\"],\"url\":\"http:\/\/eautomobiliai.lt\/index.php\/author\/admin\/\"}]}<\/script>\n<!-- \/ Yoast SEO plugin. -->","yoast_head_json":{"title":"\u201eXpeng\u201c i\u0161leid\u017eia oficialius savo \u201eIltra Reek Luxury Electric Coupe\u201c vaizdus - Eautomobiliai.lt","robots":{"index":"index","follow":"follow","max-snippet":"max-snippet:-1","max-image-preview":"max-image-preview:large","max-video-preview":"max-video-preview:-1"},"canonical":"http:\/\/eautomobiliai.lt\/index.php\/2025\/05\/17\/xpeng-isleidzia-oficialius-savo-iltra-reek-luxury-electric-coupe-vaizdus\/","og_locale":"lt_LT","og_type":"article","og_title":"\u201eXpeng\u201c i\u0161leid\u017eia oficialius savo \u201eIltra Reek Luxury Electric Coupe\u201c vaizdus - Eautomobiliai.lt","og_description":"\u201eXpeng\u201c, vienas i\u0161 spar\u010diausiai augan\u010di\u0173 Kinijos EV prek\u0117s \u017eenkl\u0173, i\u0161leido oficialias savo b\u016bsimos atnaujintos didel\u0117s prabangos kup\u0117, naujojo \u201eP7\u201c, iki&hellip;","og_url":"http:\/\/eautomobiliai.lt\/index.php\/2025\/05\/17\/xpeng-isleidzia-oficialius-savo-iltra-reek-luxury-electric-coupe-vaizdus\/","og_site_name":"Eautomobiliai.lt","article_published_time":"2025-05-17T20:09:30+00:00","og_image":[{"width":1200,"height":750,"url":"http:\/\/eautomobiliai.lt\/wp-content\/uploads\/2025\/05\/\u201eXpeng-isleidzia-oficialius-savo-\u201eIltra-Reek-Luxury-Electric-Coupe-vaizdus.jpg","type":"image\/jpeg"}],"author":"admin","twitter_card":"summary_large_image","twitter_misc":{"Written by":"admin","Est. reading time":"3 minut\u0117s"},"schema":{"@context":"https:\/\/schema.org","@graph":[{"@type":"Article","@id":"http:\/\/eautomobiliai.lt\/index.php\/2025\/05\/17\/xpeng-isleidzia-oficialius-savo-iltra-reek-luxury-electric-coupe-vaizdus\/#article","isPartOf":{"@id":"http:\/\/eautomobiliai.lt\/index.php\/2025\/05\/17\/xpeng-isleidzia-oficialius-savo-iltra-reek-luxury-electric-coupe-vaizdus\/"},"author":{"name":"admin","@id":"http:\/\/eautomobiliai.lt\/#\/schema\/person\/ecf2a967f361217d056061f74deb92f2"},"headline":"\u201eXpeng\u201c i\u0161leid\u017eia oficialius savo \u201eIltra Reek Luxury Electric Coupe\u201c vaizdus","datePublished":"2025-05-17T20:09:30+00:00","mainEntityOfPage":{"@id":"http:\/\/eautomobiliai.lt\/index.php\/2025\/05\/17\/xpeng-isleidzia-oficialius-savo-iltra-reek-luxury-electric-coupe-vaizdus\/"},"wordCount":539,"commentCount":0,"image":{"@id":"http:\/\/eautomobiliai.lt\/index.php\/2025\/05\/17\/xpeng-isleidzia-oficialius-savo-iltra-reek-luxury-electric-coupe-vaizdus\/#primaryimage"},"thumbnailUrl":"http:\/\/eautomobiliai.lt\/wp-content\/uploads\/2025\/05\/\u201eXpeng-isleidzia-oficialius-savo-\u201eIltra-Reek-Luxury-Electric-Coupe-vaizdus.jpg","keywords":["Coupe","Electric","Iltra","i\u0161leid\u017eia","Luxury","oficialius","Reek","savo","vaizdus","Xpeng"],"articleSection":["eAUTOMOBILI\u0172 TECHNIN\u0116 PUS\u0116"],"inLanguage":"lt-LT","potentialAction":[{"@type":"CommentAction","name":"Comment","target":["http:\/\/eautomobiliai.lt\/index.php\/2025\/05\/17\/xpeng-isleidzia-oficialius-savo-iltra-reek-luxury-electric-coupe-vaizdus\/#respond"]}]},{"@type":"WebPage","@id":"http:\/\/eautomobiliai.lt\/index.php\/2025\/05\/17\/xpeng-isleidzia-oficialius-savo-iltra-reek-luxury-electric-coupe-vaizdus\/","url":"http:\/\/eautomobiliai.lt\/index.php\/2025\/05\/17\/xpeng-isleidzia-oficialius-savo-iltra-reek-luxury-electric-coupe-vaizdus\/","name":"\u201eXpeng\u201c i\u0161leid\u017eia oficialius savo \u201eIltra Reek Luxury Electric Coupe\u201c vaizdus - Eautomobiliai.lt","isPartOf":{"@id":"http:\/\/eautomobiliai.lt\/#website"},"primaryImageOfPage":{"@id":"http:\/\/eautomobiliai.lt\/index.php\/2025\/05\/17\/xpeng-isleidzia-oficialius-savo-iltra-reek-luxury-electric-coupe-vaizdus\/#primaryimage"},"image":{"@id":"http:\/\/eautomobiliai.lt\/index.php\/2025\/05\/17\/xpeng-isleidzia-oficialius-savo-iltra-reek-luxury-electric-coupe-vaizdus\/#primaryimage"},"thumbnailUrl":"http:\/\/eautomobiliai.lt\/wp-content\/uploads\/2025\/05\/\u201eXpeng-isleidzia-oficialius-savo-\u201eIltra-Reek-Luxury-Electric-Coupe-vaizdus.jpg","datePublished":"2025-05-17T20:09:30+00:00","author":{"@id":"http:\/\/eautomobiliai.lt\/#\/schema\/person\/ecf2a967f361217d056061f74deb92f2"},"breadcrumb":{"@id":"http:\/\/eautomobiliai.lt\/index.php\/2025\/05\/17\/xpeng-isleidzia-oficialius-savo-iltra-reek-luxury-electric-coupe-vaizdus\/#breadcrumb"},"inLanguage":"lt-LT","potentialAction":[{"@type":"ReadAction","target":["http:\/\/eautomobiliai.lt\/index.php\/2025\/05\/17\/xpeng-isleidzia-oficialius-savo-iltra-reek-luxury-electric-coupe-vaizdus\/"]}]},{"@type":"ImageObject","inLanguage":"lt-LT","@id":"http:\/\/eautomobiliai.lt\/index.php\/2025\/05\/17\/xpeng-isleidzia-oficialius-savo-iltra-reek-luxury-electric-coupe-vaizdus\/#primaryimage","url":"http:\/\/eautomobiliai.lt\/wp-content\/uploads\/2025\/05\/\u201eXpeng-isleidzia-oficialius-savo-\u201eIltra-Reek-Luxury-Electric-Coupe-vaizdus.jpg","contentUrl":"http:\/\/eautomobiliai.lt\/wp-content\/uploads\/2025\/05\/\u201eXpeng-isleidzia-oficialius-savo-\u201eIltra-Reek-Luxury-Electric-Coupe-vaizdus.jpg","width":1200,"height":750},{"@type":"BreadcrumbList","@id":"http:\/\/eautomobiliai.lt\/index.php\/2025\/05\/17\/xpeng-isleidzia-oficialius-savo-iltra-reek-luxury-electric-coupe-vaizdus\/#breadcrumb","itemListElement":[{"@type":"ListItem","position":1,"name":"Home","item":"http:\/\/eautomobiliai.lt\/"},{"@type":"ListItem","position":2,"name":"\u201eXpeng\u201c i\u0161leid\u017eia oficialius savo \u201eIltra Reek Luxury Electric Coupe\u201c vaizdus"}]},{"@type":"WebSite","@id":"http:\/\/eautomobiliai.lt\/#website","url":"http:\/\/eautomobiliai.lt\/","name":"Eautomobiliai.lt","description":"Elektrinis transportas, technologijos","potentialAction":[{"@type":"SearchAction","target":{"@type":"EntryPoint","urlTemplate":"http:\/\/eautomobiliai.lt\/?s={search_term_string}"},"query-input":{"@type":"PropertyValueSpecification","valueRequired":true,"valueName":"search_term_string"}}],"inLanguage":"lt-LT"},{"@type":"Person","@id":"http:\/\/eautomobiliai.lt\/#\/schema\/person\/ecf2a967f361217d056061f74deb92f2","name":"admin","image":{"@type":"ImageObject","inLanguage":"lt-LT","@id":"http:\/\/eautomobiliai.lt\/#\/schema\/person\/image\/","url":"https:\/\/secure.gravatar.com\/avatar\/6323379efae0c70c686c7905444d6bbd?s=96&d=mm&r=g","contentUrl":"https:\/\/secure.gravatar.com\/avatar\/6323379efae0c70c686c7905444d6bbd?s=96&d=mm&r=g","caption":"admin"},"sameAs":["http:\/\/eautomobiliai.lt"],"url":"http:\/\/eautomobiliai.lt\/index.php\/author\/admin\/"}]}},"_links":{"self":[{"href":"http:\/\/eautomobiliai.lt\/index.php\/wp-json\/wp\/v2\/posts\/868","targetHints":{"allow":["GET"]}}],"collection":[{"href":"http:\/\/eautomobiliai.lt\/index.php\/wp-json\/wp\/v2\/posts"}],"about":[{"href":"http:\/\/eautomobiliai.lt\/index.php\/wp-json\/wp\/v2\/types\/post"}],"author":[{"embeddable":true,"href":"http:\/\/eautomobiliai.lt\/index.php\/wp-json\/wp\/v2\/users\/1"}],"replies":[{"embeddable":true,"href":"http:\/\/eautomobiliai.lt\/index.php\/wp-json\/wp\/v2\/comments?post=868"}],"version-history":[{"count":0,"href":"http:\/\/eautomobiliai.lt\/index.php\/wp-json\/wp\/v2\/posts\/868\/revisions"}],"wp:featuredmedia":[{"embeddable":true,"href":"http:\/\/eautomobiliai.lt\/index.php\/wp-json\/wp\/v2\/media\/869"}],"wp:attachment":[{"href":"http:\/\/eautomobiliai.lt\/index.php\/wp-json\/wp\/v2\/media?parent=868"}],"wp:term":[{"taxonomy":"category","embeddable":true,"href":"http:\/\/eautomobiliai.lt\/index.php\/wp-json\/wp\/v2\/categories?post=868"},{"taxonomy":"post_tag","embeddable":true,"href":"http:\/\/eautomobiliai.lt\/index.php\/wp-json\/wp\/v2\/tags?post=868"}],"curies":[{"name":"wp","href":"https:\/\/api.w.org\/{rel}","templated":true}]}}