{"id":876,"date":"2025-05-18T12:14:40","date_gmt":"2025-05-18T12:14:40","guid":{"rendered":"http:\/\/eautomobiliai.lt\/index.php\/2025\/05\/18\/naujausias-byd-elektrinio-miesto-automobilis-snipinejo-iki-siol-gali-buti-maziausias-bendroves-ev\/"},"modified":"2025-05-18T12:14:40","modified_gmt":"2025-05-18T12:14:40","slug":"naujausias-byd-elektrinio-miesto-automobilis-snipinejo-iki-siol-gali-buti-maziausias-bendroves-ev","status":"publish","type":"post","link":"http:\/\/eautomobiliai.lt\/index.php\/2025\/05\/18\/naujausias-byd-elektrinio-miesto-automobilis-snipinejo-iki-siol-gali-buti-maziausias-bendroves-ev\/","title":{"rendered":"Naujausias \u201eBYD\u201c elektrinio miesto automobilis \u0161nipin\u0117jo, iki \u0161iol gali b\u016bti ma\u017eiausias bendrov\u0117s EV"},"content":{"rendered":"<p> <br \/>\n<\/p>\n<div id=\"\">\n<p><span style=\"font-weight: 400;\">Pana\u0161u, kad BYD kiekvien\u0105 m\u0117nes\u012f i\u0161leid\u017eia naujus modelius, nes jis i\u0161siple\u010dia \u012f de\u0161imtis nauj\u0173 ir esam\u0173 rink\u0173 u\u017e Kinijos rib\u0173.<\/span><\/p>\n<p><span style=\"font-weight: 400;\">Dabar dar vienas naujas ma\u017eo he\u010dbeko modelis de\u0161iniosios pus\u0117s pavaros konfig\u016bracijoje buvo pasteb\u0117tas kamuflia\u017ee, kai jis pastatytas \u012fmon\u0117s bandymo \u012frenginyje. <\/span><\/p>\n<p><span style=\"font-weight: 400;\">\u201eX\u201c \u201eX\u201c pasidalino \u201eX Thinkercar\u201c, atskleid\u0119s i\u0161 arti kamp\u0105, kuris parod\u0117 priekin\u012f variklio dangt\u012f, duris vienoje automobilio pus\u0117je, taip pat vidurio ekran\u0105 ir vair\u0105.<\/span><\/p>\n<p><span style=\"font-weight: 400;\">\u0160i bandomo ma\u017eo automobilio nuotrauka primena ma\u017eus Japonijoje parduodamus he\u010dbekus, dar vadinamus \u201eKei\u201c automobiliais. <\/span><\/p>\n<p><span style=\"font-weight: 400;\">\u0160ie modeliai yra labai populiar\u016bs \u0161alyje d\u0117l kompakti\u0161ko, ta\u010diau praktinio dizaino, kuris i\u0161laiko ilg\u012f iki 3,4 metro.<\/span><\/p>\n<p><span style=\"font-weight: 400;\">\u0160i\u0173 modeli\u0173 \u012fperkamumas taip pat daro juos gana populiariais tarp jaunesni\u0173 pirk\u0117j\u0173 ir grei\u010diausiai juos varo ledas, kurio talpa yra iki 660 cm3.<\/span><\/p>\n<p><span style=\"font-weight: 400;\">2024 m. \u201eHonda N-Box\u201c-vienas populiariausi\u0173 modeli\u0173, parduodam\u0173 daugiau nei 200 000 vienet\u0173 Japonijoje, tod\u0117l tai yra geriausiai parduodamas automobilis \u0161alyje, net parduodamas \u201eToyota Corolla\u201c.<\/span><\/p>\n<p><span style=\"font-weight: 400;\">Palyginimui, BYD tais pa\u010diais metais Japonijoje pardav\u0117 222 automobilius, naudodamiesi \u201eAtto 3\u201c, \u201eSeal\u201c ir \u201eDolphin\u201c.<\/span><\/p>\n<p><span style=\"font-weight: 400;\">Net ir su \u0161iais skai\u010diais ji perleido \u201eToyota\u201c savo nam\u0173 rinkoje, kuri 2024 m. Japonijoje pardav\u0117 tik 2 038 EV.<\/span><\/p>\n<p><span style=\"font-weight: 400;\">Naujojo modelio pasteb\u0117jimas i\u0161 BYD ateina tik po keli\u0173 dien\u0173 po to, kai jis buvo pasteb\u0117tas pastatytas ant kelio, kurio variklio dangtis yra atidarytas bandymams.<\/span><\/p>\n<p><span style=\"font-weight: 400;\">Jei \u0161is modelis bus konkuruojamas Japonijos rinkoje pagal \u201eKei Car\u201c taisykles, jo ilgis padaryt\u0173 j\u012f vienu i\u0161 ma\u017eiausi\u0173 miesto automobili\u0173 i\u0161 prek\u0117s \u017eenklo.<\/span><\/p>\n<p><span style=\"font-weight: 400;\">\u0160iuo metu \u201eSeagull Electric\u201c he\u010dbekas Kinijoje yra perkamiausias bendrov\u0117s prekiautojas, kuris yra 3,78 metro ilgio, tai yra beveik 0,4 metro ilgesnis nei \u201eKei Car\u201c reikalavimai.<\/span><\/p>\n<p><span style=\"font-weight: 400;\">\u0160is naujai pasteb\u0117tas pl\u0117tros modelis gali b\u016bti nukreiptas \u012f daugiau de\u0161in\u0117s pus\u0117s va\u017eiuojan\u010di\u0173 rink\u0173 nei tik Japonija, tod\u0117l EV tampa prieinamesn\u0117s ir prieinamesn\u0117s vis daugiau pasaulio viet\u0173.<\/span><\/p>\n<div class=\"saboxplugin-wrap\" itemtype=\"http:\/\/schema.org\/Person\" itemscope=\"\" itemprop=\"author\">\n<div class=\"saboxplugin-tab\">\n<div class=\"saboxplugin-gravatar\"><img loading=\"lazy\" decoding=\"async\" src=\"https:\/\/thedriven.io\/wp-content\/uploads\/2022\/02\/Riz.jpg\" width=\"100\" height=\"100\" alt=\"Rizas Akhtar\" itemprop=\"image\"\/><\/div>\n<div class=\"saboxplugin-desc\">\n<div itemprop=\"description\">\n<p>RIZ yra \u201eCarloop\u201c \u012fk\u016br\u0117jas, \u012fsik\u016br\u0119s Melburne, specializuojasi Australijos EV duomenyse, \u012f\u017evalgos ataskaitose ir tendencijose. Jis yra mechanikos in\u017einierius, prie\u0161 pradedant \u201eCarloop\u201c pirmuosius 7 savo karjeros statybos transporto infrastrukt\u016bros metus. Jis turi aistr\u0105 automobiliams, ypa\u010d EV ir nori pad\u0117ti suma\u017einti transporto i\u0161metim\u0105 Australijoje. \u0160iuo metu jis vairuoja \u201eRed Tesla\u201c model\u012f 3.<\/p>\n<\/div>\n<\/div>\n<\/div>\n<\/div>\n<p><!-- AI CONTENT END 1 --><\/p><\/div>\n<p><br \/>\n<br \/><a href=\"https:\/\/thedriven.io\/2025\/05\/18\/byds-latest-electric-city-car-spied-could-be-the-companys-smallest-ev-so-far\/\">Source link <\/a><\/p>\n","protected":false},"excerpt":{"rendered":"<p>Pana\u0161u, kad BYD kiekvien\u0105 m\u0117nes\u012f i\u0161leid\u017eia naujus modelius, nes jis i\u0161siple\u010dia \u012f de\u0161imtis nauj\u0173 ir esam\u0173 rink\u0173 u\u017e Kinijos rib\u0173.&hellip;<\/p>\n","protected":false},"author":1,"featured_media":877,"comment_status":"open","ping_status":"open","sticky":false,"template":"","format":"standard","meta":{"om_disable_all_campaigns":false,"_monsterinsights_skip_tracking":false,"_monsterinsights_sitenote_active":false,"_monsterinsights_sitenote_note":"","_monsterinsights_sitenote_category":0,"footnotes":""},"categories":[39],"tags":[544,1920,197,11,142,169,425,1919,463,1231,1918,1917],"class_list":["post-876","post","type-post","status-publish","format-standard","has-post-thumbnail","hentry","category-eautomobiliu-technine-puse","tag-automobilis","tag-bendroves","tag-buti","tag-byd","tag-elektrinio","tag-gali","tag-iki","tag-maziausias","tag-miesto","tag-naujausias","tag-siol","tag-snipinejo"],"aioseo_notices":[],"yoast_head":"<!-- This site is optimized with the Yoast SEO plugin v26.8 - https:\/\/yoast.com\/product\/yoast-seo-wordpress\/ -->\n<title>Naujausias \u201eBYD\u201c elektrinio miesto automobilis \u0161nipin\u0117jo, iki \u0161iol gali b\u016bti ma\u017eiausias bendrov\u0117s EV - Eautomobiliai.lt<\/title>\n<meta name=\"robots\" content=\"index, follow, max-snippet:-1, max-image-preview:large, max-video-preview:-1\" \/>\n<link rel=\"canonical\" href=\"http:\/\/eautomobiliai.lt\/index.php\/2025\/05\/18\/naujausias-byd-elektrinio-miesto-automobilis-snipinejo-iki-siol-gali-buti-maziausias-bendroves-ev\/\" \/>\n<meta property=\"og:locale\" content=\"lt_LT\" \/>\n<meta property=\"og:type\" content=\"article\" \/>\n<meta property=\"og:title\" content=\"Naujausias \u201eBYD\u201c elektrinio miesto automobilis \u0161nipin\u0117jo, iki \u0161iol gali b\u016bti ma\u017eiausias bendrov\u0117s EV - Eautomobiliai.lt\" \/>\n<meta property=\"og:description\" content=\"Pana\u0161u, kad BYD kiekvien\u0105 m\u0117nes\u012f i\u0161leid\u017eia naujus modelius, nes jis i\u0161siple\u010dia \u012f de\u0161imtis nauj\u0173 ir esam\u0173 rink\u0173 u\u017e Kinijos rib\u0173.&hellip;\" \/>\n<meta property=\"og:url\" content=\"http:\/\/eautomobiliai.lt\/index.php\/2025\/05\/18\/naujausias-byd-elektrinio-miesto-automobilis-snipinejo-iki-siol-gali-buti-maziausias-bendroves-ev\/\" \/>\n<meta property=\"og:site_name\" content=\"Eautomobiliai.lt\" \/>\n<meta property=\"article:published_time\" content=\"2025-05-18T12:14:40+00:00\" \/>\n<meta property=\"og:image\" content=\"http:\/\/eautomobiliai.lt\/wp-content\/uploads\/2025\/05\/Naujausias-\u201eBYD-elektrinio-miesto-automobilis-snipinejo-iki-siol-gali-buti.jpg\" \/>\n\t<meta property=\"og:image:width\" content=\"688\" \/>\n\t<meta property=\"og:image:height\" content=\"580\" \/>\n\t<meta property=\"og:image:type\" content=\"image\/jpeg\" \/>\n<meta name=\"author\" content=\"admin\" \/>\n<meta name=\"twitter:card\" content=\"summary_large_image\" \/>\n<meta name=\"twitter:label1\" content=\"Written by\" \/>\n\t<meta name=\"twitter:data1\" content=\"admin\" \/>\n\t<meta name=\"twitter:label2\" content=\"Est. reading time\" \/>\n\t<meta name=\"twitter:data2\" content=\"2 minut\u0117s\" \/>\n<script type=\"application\/ld+json\" class=\"yoast-schema-graph\">{\"@context\":\"https:\/\/schema.org\",\"@graph\":[{\"@type\":\"Article\",\"@id\":\"http:\/\/eautomobiliai.lt\/index.php\/2025\/05\/18\/naujausias-byd-elektrinio-miesto-automobilis-snipinejo-iki-siol-gali-buti-maziausias-bendroves-ev\/#article\",\"isPartOf\":{\"@id\":\"http:\/\/eautomobiliai.lt\/index.php\/2025\/05\/18\/naujausias-byd-elektrinio-miesto-automobilis-snipinejo-iki-siol-gali-buti-maziausias-bendroves-ev\/\"},\"author\":{\"name\":\"admin\",\"@id\":\"https:\/\/eautomobiliai.lt\/#\/schema\/person\/ecf2a967f361217d056061f74deb92f2\"},\"headline\":\"Naujausias \u201eBYD\u201c elektrinio miesto automobilis \u0161nipin\u0117jo, iki \u0161iol gali b\u016bti ma\u017eiausias bendrov\u0117s EV\",\"datePublished\":\"2025-05-18T12:14:40+00:00\",\"mainEntityOfPage\":{\"@id\":\"http:\/\/eautomobiliai.lt\/index.php\/2025\/05\/18\/naujausias-byd-elektrinio-miesto-automobilis-snipinejo-iki-siol-gali-buti-maziausias-bendroves-ev\/\"},\"wordCount\":389,\"commentCount\":0,\"image\":{\"@id\":\"http:\/\/eautomobiliai.lt\/index.php\/2025\/05\/18\/naujausias-byd-elektrinio-miesto-automobilis-snipinejo-iki-siol-gali-buti-maziausias-bendroves-ev\/#primaryimage\"},\"thumbnailUrl\":\"http:\/\/eautomobiliai.lt\/wp-content\/uploads\/2025\/05\/Naujausias-\u201eBYD-elektrinio-miesto-automobilis-snipinejo-iki-siol-gali-buti.jpg\",\"keywords\":[\"automobilis\",\"bendrov\u0117s\",\"b\u016bti\",\"BYD\",\"elektrinio\",\"gali\",\"iki\",\"ma\u017eiausias\",\"miesto\",\"naujausias\",\"\u0161iol\",\"\u0161nipin\u0117jo\"],\"articleSection\":[\"eAUTOMOBILI\u0172 TECHNIN\u0116 PUS\u0116\"],\"inLanguage\":\"lt-LT\",\"potentialAction\":[{\"@type\":\"CommentAction\",\"name\":\"Comment\",\"target\":[\"http:\/\/eautomobiliai.lt\/index.php\/2025\/05\/18\/naujausias-byd-elektrinio-miesto-automobilis-snipinejo-iki-siol-gali-buti-maziausias-bendroves-ev\/#respond\"]}]},{\"@type\":\"WebPage\",\"@id\":\"http:\/\/eautomobiliai.lt\/index.php\/2025\/05\/18\/naujausias-byd-elektrinio-miesto-automobilis-snipinejo-iki-siol-gali-buti-maziausias-bendroves-ev\/\",\"url\":\"http:\/\/eautomobiliai.lt\/index.php\/2025\/05\/18\/naujausias-byd-elektrinio-miesto-automobilis-snipinejo-iki-siol-gali-buti-maziausias-bendroves-ev\/\",\"name\":\"Naujausias \u201eBYD\u201c elektrinio miesto automobilis \u0161nipin\u0117jo, iki \u0161iol gali b\u016bti ma\u017eiausias bendrov\u0117s EV - Eautomobiliai.lt\",\"isPartOf\":{\"@id\":\"https:\/\/eautomobiliai.lt\/#website\"},\"primaryImageOfPage\":{\"@id\":\"http:\/\/eautomobiliai.lt\/index.php\/2025\/05\/18\/naujausias-byd-elektrinio-miesto-automobilis-snipinejo-iki-siol-gali-buti-maziausias-bendroves-ev\/#primaryimage\"},\"image\":{\"@id\":\"http:\/\/eautomobiliai.lt\/index.php\/2025\/05\/18\/naujausias-byd-elektrinio-miesto-automobilis-snipinejo-iki-siol-gali-buti-maziausias-bendroves-ev\/#primaryimage\"},\"thumbnailUrl\":\"http:\/\/eautomobiliai.lt\/wp-content\/uploads\/2025\/05\/Naujausias-\u201eBYD-elektrinio-miesto-automobilis-snipinejo-iki-siol-gali-buti.jpg\",\"datePublished\":\"2025-05-18T12:14:40+00:00\",\"author\":{\"@id\":\"https:\/\/eautomobiliai.lt\/#\/schema\/person\/ecf2a967f361217d056061f74deb92f2\"},\"breadcrumb\":{\"@id\":\"http:\/\/eautomobiliai.lt\/index.php\/2025\/05\/18\/naujausias-byd-elektrinio-miesto-automobilis-snipinejo-iki-siol-gali-buti-maziausias-bendroves-ev\/#breadcrumb\"},\"inLanguage\":\"lt-LT\",\"potentialAction\":[{\"@type\":\"ReadAction\",\"target\":[\"http:\/\/eautomobiliai.lt\/index.php\/2025\/05\/18\/naujausias-byd-elektrinio-miesto-automobilis-snipinejo-iki-siol-gali-buti-maziausias-bendroves-ev\/\"]}]},{\"@type\":\"ImageObject\",\"inLanguage\":\"lt-LT\",\"@id\":\"http:\/\/eautomobiliai.lt\/index.php\/2025\/05\/18\/naujausias-byd-elektrinio-miesto-automobilis-snipinejo-iki-siol-gali-buti-maziausias-bendroves-ev\/#primaryimage\",\"url\":\"http:\/\/eautomobiliai.lt\/wp-content\/uploads\/2025\/05\/Naujausias-\u201eBYD-elektrinio-miesto-automobilis-snipinejo-iki-siol-gali-buti.jpg\",\"contentUrl\":\"http:\/\/eautomobiliai.lt\/wp-content\/uploads\/2025\/05\/Naujausias-\u201eBYD-elektrinio-miesto-automobilis-snipinejo-iki-siol-gali-buti.jpg\",\"width\":688,\"height\":580},{\"@type\":\"BreadcrumbList\",\"@id\":\"http:\/\/eautomobiliai.lt\/index.php\/2025\/05\/18\/naujausias-byd-elektrinio-miesto-automobilis-snipinejo-iki-siol-gali-buti-maziausias-bendroves-ev\/#breadcrumb\",\"itemListElement\":[{\"@type\":\"ListItem\",\"position\":1,\"name\":\"Home\",\"item\":\"https:\/\/eautomobiliai.lt\/\"},{\"@type\":\"ListItem\",\"position\":2,\"name\":\"Naujausias \u201eBYD\u201c elektrinio miesto automobilis \u0161nipin\u0117jo, iki \u0161iol gali b\u016bti ma\u017eiausias bendrov\u0117s EV\"}]},{\"@type\":\"WebSite\",\"@id\":\"https:\/\/eautomobiliai.lt\/#website\",\"url\":\"https:\/\/eautomobiliai.lt\/\",\"name\":\"Eautomobiliai.lt\",\"description\":\"Elektrinis transportas, technologijos\",\"potentialAction\":[{\"@type\":\"SearchAction\",\"target\":{\"@type\":\"EntryPoint\",\"urlTemplate\":\"https:\/\/eautomobiliai.lt\/?s={search_term_string}\"},\"query-input\":{\"@type\":\"PropertyValueSpecification\",\"valueRequired\":true,\"valueName\":\"search_term_string\"}}],\"inLanguage\":\"lt-LT\"},{\"@type\":\"Person\",\"@id\":\"https:\/\/eautomobiliai.lt\/#\/schema\/person\/ecf2a967f361217d056061f74deb92f2\",\"name\":\"admin\",\"image\":{\"@type\":\"ImageObject\",\"inLanguage\":\"lt-LT\",\"@id\":\"https:\/\/eautomobiliai.lt\/#\/schema\/person\/image\/\",\"url\":\"https:\/\/secure.gravatar.com\/avatar\/6323379efae0c70c686c7905444d6bbd?s=96&d=mm&r=g\",\"contentUrl\":\"https:\/\/secure.gravatar.com\/avatar\/6323379efae0c70c686c7905444d6bbd?s=96&d=mm&r=g\",\"caption\":\"admin\"},\"sameAs\":[\"http:\/\/eautomobiliai.lt\"],\"url\":\"http:\/\/eautomobiliai.lt\/index.php\/author\/admin\/\"}]}<\/script>\n<!-- \/ Yoast SEO plugin. -->","yoast_head_json":{"title":"Naujausias \u201eBYD\u201c elektrinio miesto automobilis \u0161nipin\u0117jo, iki \u0161iol gali b\u016bti ma\u017eiausias bendrov\u0117s EV - Eautomobiliai.lt","robots":{"index":"index","follow":"follow","max-snippet":"max-snippet:-1","max-image-preview":"max-image-preview:large","max-video-preview":"max-video-preview:-1"},"canonical":"http:\/\/eautomobiliai.lt\/index.php\/2025\/05\/18\/naujausias-byd-elektrinio-miesto-automobilis-snipinejo-iki-siol-gali-buti-maziausias-bendroves-ev\/","og_locale":"lt_LT","og_type":"article","og_title":"Naujausias \u201eBYD\u201c elektrinio miesto automobilis \u0161nipin\u0117jo, iki \u0161iol gali b\u016bti ma\u017eiausias bendrov\u0117s EV - Eautomobiliai.lt","og_description":"Pana\u0161u, kad BYD kiekvien\u0105 m\u0117nes\u012f i\u0161leid\u017eia naujus modelius, nes jis i\u0161siple\u010dia \u012f de\u0161imtis nauj\u0173 ir esam\u0173 rink\u0173 u\u017e Kinijos rib\u0173.&hellip;","og_url":"http:\/\/eautomobiliai.lt\/index.php\/2025\/05\/18\/naujausias-byd-elektrinio-miesto-automobilis-snipinejo-iki-siol-gali-buti-maziausias-bendroves-ev\/","og_site_name":"Eautomobiliai.lt","article_published_time":"2025-05-18T12:14:40+00:00","og_image":[{"width":688,"height":580,"url":"http:\/\/eautomobiliai.lt\/wp-content\/uploads\/2025\/05\/Naujausias-\u201eBYD-elektrinio-miesto-automobilis-snipinejo-iki-siol-gali-buti.jpg","type":"image\/jpeg"}],"author":"admin","twitter_card":"summary_large_image","twitter_misc":{"Written by":"admin","Est. reading time":"2 minut\u0117s"},"schema":{"@context":"https:\/\/schema.org","@graph":[{"@type":"Article","@id":"http:\/\/eautomobiliai.lt\/index.php\/2025\/05\/18\/naujausias-byd-elektrinio-miesto-automobilis-snipinejo-iki-siol-gali-buti-maziausias-bendroves-ev\/#article","isPartOf":{"@id":"http:\/\/eautomobiliai.lt\/index.php\/2025\/05\/18\/naujausias-byd-elektrinio-miesto-automobilis-snipinejo-iki-siol-gali-buti-maziausias-bendroves-ev\/"},"author":{"name":"admin","@id":"https:\/\/eautomobiliai.lt\/#\/schema\/person\/ecf2a967f361217d056061f74deb92f2"},"headline":"Naujausias \u201eBYD\u201c elektrinio miesto automobilis \u0161nipin\u0117jo, iki \u0161iol gali b\u016bti ma\u017eiausias bendrov\u0117s EV","datePublished":"2025-05-18T12:14:40+00:00","mainEntityOfPage":{"@id":"http:\/\/eautomobiliai.lt\/index.php\/2025\/05\/18\/naujausias-byd-elektrinio-miesto-automobilis-snipinejo-iki-siol-gali-buti-maziausias-bendroves-ev\/"},"wordCount":389,"commentCount":0,"image":{"@id":"http:\/\/eautomobiliai.lt\/index.php\/2025\/05\/18\/naujausias-byd-elektrinio-miesto-automobilis-snipinejo-iki-siol-gali-buti-maziausias-bendroves-ev\/#primaryimage"},"thumbnailUrl":"http:\/\/eautomobiliai.lt\/wp-content\/uploads\/2025\/05\/Naujausias-\u201eBYD-elektrinio-miesto-automobilis-snipinejo-iki-siol-gali-buti.jpg","keywords":["automobilis","bendrov\u0117s","b\u016bti","BYD","elektrinio","gali","iki","ma\u017eiausias","miesto","naujausias","\u0161iol","\u0161nipin\u0117jo"],"articleSection":["eAUTOMOBILI\u0172 TECHNIN\u0116 PUS\u0116"],"inLanguage":"lt-LT","potentialAction":[{"@type":"CommentAction","name":"Comment","target":["http:\/\/eautomobiliai.lt\/index.php\/2025\/05\/18\/naujausias-byd-elektrinio-miesto-automobilis-snipinejo-iki-siol-gali-buti-maziausias-bendroves-ev\/#respond"]}]},{"@type":"WebPage","@id":"http:\/\/eautomobiliai.lt\/index.php\/2025\/05\/18\/naujausias-byd-elektrinio-miesto-automobilis-snipinejo-iki-siol-gali-buti-maziausias-bendroves-ev\/","url":"http:\/\/eautomobiliai.lt\/index.php\/2025\/05\/18\/naujausias-byd-elektrinio-miesto-automobilis-snipinejo-iki-siol-gali-buti-maziausias-bendroves-ev\/","name":"Naujausias \u201eBYD\u201c elektrinio miesto automobilis \u0161nipin\u0117jo, iki \u0161iol gali b\u016bti ma\u017eiausias bendrov\u0117s EV - Eautomobiliai.lt","isPartOf":{"@id":"https:\/\/eautomobiliai.lt\/#website"},"primaryImageOfPage":{"@id":"http:\/\/eautomobiliai.lt\/index.php\/2025\/05\/18\/naujausias-byd-elektrinio-miesto-automobilis-snipinejo-iki-siol-gali-buti-maziausias-bendroves-ev\/#primaryimage"},"image":{"@id":"http:\/\/eautomobiliai.lt\/index.php\/2025\/05\/18\/naujausias-byd-elektrinio-miesto-automobilis-snipinejo-iki-siol-gali-buti-maziausias-bendroves-ev\/#primaryimage"},"thumbnailUrl":"http:\/\/eautomobiliai.lt\/wp-content\/uploads\/2025\/05\/Naujausias-\u201eBYD-elektrinio-miesto-automobilis-snipinejo-iki-siol-gali-buti.jpg","datePublished":"2025-05-18T12:14:40+00:00","author":{"@id":"https:\/\/eautomobiliai.lt\/#\/schema\/person\/ecf2a967f361217d056061f74deb92f2"},"breadcrumb":{"@id":"http:\/\/eautomobiliai.lt\/index.php\/2025\/05\/18\/naujausias-byd-elektrinio-miesto-automobilis-snipinejo-iki-siol-gali-buti-maziausias-bendroves-ev\/#breadcrumb"},"inLanguage":"lt-LT","potentialAction":[{"@type":"ReadAction","target":["http:\/\/eautomobiliai.lt\/index.php\/2025\/05\/18\/naujausias-byd-elektrinio-miesto-automobilis-snipinejo-iki-siol-gali-buti-maziausias-bendroves-ev\/"]}]},{"@type":"ImageObject","inLanguage":"lt-LT","@id":"http:\/\/eautomobiliai.lt\/index.php\/2025\/05\/18\/naujausias-byd-elektrinio-miesto-automobilis-snipinejo-iki-siol-gali-buti-maziausias-bendroves-ev\/#primaryimage","url":"http:\/\/eautomobiliai.lt\/wp-content\/uploads\/2025\/05\/Naujausias-\u201eBYD-elektrinio-miesto-automobilis-snipinejo-iki-siol-gali-buti.jpg","contentUrl":"http:\/\/eautomobiliai.lt\/wp-content\/uploads\/2025\/05\/Naujausias-\u201eBYD-elektrinio-miesto-automobilis-snipinejo-iki-siol-gali-buti.jpg","width":688,"height":580},{"@type":"BreadcrumbList","@id":"http:\/\/eautomobiliai.lt\/index.php\/2025\/05\/18\/naujausias-byd-elektrinio-miesto-automobilis-snipinejo-iki-siol-gali-buti-maziausias-bendroves-ev\/#breadcrumb","itemListElement":[{"@type":"ListItem","position":1,"name":"Home","item":"https:\/\/eautomobiliai.lt\/"},{"@type":"ListItem","position":2,"name":"Naujausias \u201eBYD\u201c elektrinio miesto automobilis \u0161nipin\u0117jo, iki \u0161iol gali b\u016bti ma\u017eiausias bendrov\u0117s EV"}]},{"@type":"WebSite","@id":"https:\/\/eautomobiliai.lt\/#website","url":"https:\/\/eautomobiliai.lt\/","name":"Eautomobiliai.lt","description":"Elektrinis transportas, technologijos","potentialAction":[{"@type":"SearchAction","target":{"@type":"EntryPoint","urlTemplate":"https:\/\/eautomobiliai.lt\/?s={search_term_string}"},"query-input":{"@type":"PropertyValueSpecification","valueRequired":true,"valueName":"search_term_string"}}],"inLanguage":"lt-LT"},{"@type":"Person","@id":"https:\/\/eautomobiliai.lt\/#\/schema\/person\/ecf2a967f361217d056061f74deb92f2","name":"admin","image":{"@type":"ImageObject","inLanguage":"lt-LT","@id":"https:\/\/eautomobiliai.lt\/#\/schema\/person\/image\/","url":"https:\/\/secure.gravatar.com\/avatar\/6323379efae0c70c686c7905444d6bbd?s=96&d=mm&r=g","contentUrl":"https:\/\/secure.gravatar.com\/avatar\/6323379efae0c70c686c7905444d6bbd?s=96&d=mm&r=g","caption":"admin"},"sameAs":["http:\/\/eautomobiliai.lt"],"url":"http:\/\/eautomobiliai.lt\/index.php\/author\/admin\/"}]}},"_links":{"self":[{"href":"http:\/\/eautomobiliai.lt\/index.php\/wp-json\/wp\/v2\/posts\/876","targetHints":{"allow":["GET"]}}],"collection":[{"href":"http:\/\/eautomobiliai.lt\/index.php\/wp-json\/wp\/v2\/posts"}],"about":[{"href":"http:\/\/eautomobiliai.lt\/index.php\/wp-json\/wp\/v2\/types\/post"}],"author":[{"embeddable":true,"href":"http:\/\/eautomobiliai.lt\/index.php\/wp-json\/wp\/v2\/users\/1"}],"replies":[{"embeddable":true,"href":"http:\/\/eautomobiliai.lt\/index.php\/wp-json\/wp\/v2\/comments?post=876"}],"version-history":[{"count":0,"href":"http:\/\/eautomobiliai.lt\/index.php\/wp-json\/wp\/v2\/posts\/876\/revisions"}],"wp:featuredmedia":[{"embeddable":true,"href":"http:\/\/eautomobiliai.lt\/index.php\/wp-json\/wp\/v2\/media\/877"}],"wp:attachment":[{"href":"http:\/\/eautomobiliai.lt\/index.php\/wp-json\/wp\/v2\/media?parent=876"}],"wp:term":[{"taxonomy":"category","embeddable":true,"href":"http:\/\/eautomobiliai.lt\/index.php\/wp-json\/wp\/v2\/categories?post=876"},{"taxonomy":"post_tag","embeddable":true,"href":"http:\/\/eautomobiliai.lt\/index.php\/wp-json\/wp\/v2\/tags?post=876"}],"curies":[{"name":"wp","href":"https:\/\/api.w.org\/{rel}","templated":true}]}}