{"id":906,"date":"2025-05-21T01:05:55","date_gmt":"2025-05-21T01:05:55","guid":{"rendered":"https:\/\/eautomobiliai.lt\/index.php\/2025\/05\/21\/hyundai-laikinai-sustabdyti-ioniq-5-kona-ev-gamyba-korejoje\/"},"modified":"2025-05-21T01:05:55","modified_gmt":"2025-05-21T01:05:55","slug":"hyundai-laikinai-sustabdyti-ioniq-5-kona-ev-gamyba-korejoje","status":"publish","type":"post","link":"http:\/\/eautomobiliai.lt\/index.php\/2025\/05\/21\/hyundai-laikinai-sustabdyti-ioniq-5-kona-ev-gamyba-korejoje\/","title":{"rendered":"\u201eHyundai\u201c laikinai sustabdyti \u201eIoniq 5\u201c, \u201eKona EV\u201c gamyb\u0105 Kor\u0117joje"},"content":{"rendered":"<p> <br \/>\n<\/p>\n<div>\n<figure class=\"img-border featured-image\">\n\t<\/figure>\n<p>\u201eHyundai\u201c u\u017edaro gamybos linij\u0105 savo \u201eUlsan\u201c gamykloje Kor\u0117joje, kur pastatyti \u201eIoniq 5\u201c ir \u201eKona EV\u201c. Nors tai tik kelioms dienoms, jud\u0117jimas ateina, kai automobili\u0173 gamintojas susiduria su l\u0117\u010diau eksportu.<\/p>\n<p><span id=\"more-416998\"\/><\/p>\n<h2 class=\"wp-block-heading\" id=\"h-why-is-hyundai-pausing-ev-production-in-korea\">Kod\u0117l \u201eHyundai Pauzing EV\u201c gamyba Kor\u0117joje?<\/h2>\n<p>Tre\u010di\u0105 kart\u0105 \u0161iais metais \u201eHyundai\u201c planuoja pristabdyti kai kuri\u0173 populiariausi\u0173 EV modeli\u0173 Kor\u0117joje gamyb\u0105.<\/p>\n<p>Pramon\u0117s \u0161altiniai teig\u0117 gegu\u017e\u0117s 20 d <em>Newsis)<\/em> Ta \u201eHyundai\u201c u\u017edarys 2 linij\u0105 savo \u201eUlsan\u201c gamykloje Kor\u0117joje, kur pastato \u201eIoniq 5\u201c ir \u201eKona Electric\u201c. Pauz\u0117 prasid\u0117s gegu\u017e\u0117s 27 d. Ir baigsis gegu\u017e\u0117s 30 d.<\/p>\n<p>Nepaisant to, kad anks\u010diau \u0161\u012f m\u0117nes\u012f Kor\u0117joje prad\u0117jo nauj\u0105 nuolaid\u0173 kampanij\u0105, \u201eIoniq 5\u201c santaupiai si\u016blo daugiau nei 4 300 USD (6 mln. Laim\u0117t\u0173), pardavimai vis dar atsilieka. Vis\u0173 pirma, \u201eHyundai\u201c \u0161iais metais eksportavo \u017eymiai ma\u017eiau \u201eIoniq 5\u201c modeli\u0173.<\/p>\n<p>\t<span class=\"outbrain-ad-label\">Skelbimas &#8211; slinkite daugiau turinio<\/span><\/p>\n<p>Iki baland\u017eio \u201eHyundai\u201c eksportavo tik 9 663 \u201eIoniq 5s\u201c, palyginti su 27 476, per t\u0105 pat\u012f laikotarp\u012f pernai.<\/p>\n<p>\u201eKona EV\u201c eksportas taip pat smarkiai suma\u017e\u0117jo. Iki 2025 m. Baland\u017eio m\u0117n. \u201eHyundai\u201c i\u0161siunt\u0117 vos 3 428 \u201eKona EV\u201c modelius, ty 42%, palyginti su beveik 6000 pernai.<\/p>\n<figure class=\"wp-block-image alignwide size-large\"><img loading=\"lazy\" decoding=\"async\" width=\"1400\" height=\"700\" src=\"https:\/\/electrek.co\/wp-content\/uploads\/sites\/3\/2024\/03\/Hyundai-trade-in-EVs.jpeg?quality=82&amp;strip=all&amp;w=1024\" alt=\"\u201eHyundai-EV-Production-Korea\u201c\" class=\"wp-image-353332\" srcset=\"https:\/\/electrek.co\/wp-content\/uploads\/sites\/3\/2024\/03\/Hyundai-trade-in-EVs.jpeg 1400w, https:\/\/electrek.co\/wp-content\/uploads\/sites\/3\/2024\/03\/Hyundai-trade-in-EVs.jpeg?resize=150,75 150w, https:\/\/electrek.co\/wp-content\/uploads\/sites\/3\/2024\/03\/Hyundai-trade-in-EVs.jpeg?resize=300,150 300w, https:\/\/electrek.co\/wp-content\/uploads\/sites\/3\/2024\/03\/Hyundai-trade-in-EVs.jpeg?resize=768,384 768w, https:\/\/electrek.co\/wp-content\/uploads\/sites\/3\/2024\/03\/Hyundai-trade-in-EVs.jpeg?resize=1024,512 1024w, https:\/\/electrek.co\/wp-content\/uploads\/sites\/3\/2024\/03\/Hyundai-trade-in-EVs.jpeg?resize=350,175 350w, https:\/\/electrek.co\/wp-content\/uploads\/sites\/3\/2024\/03\/Hyundai-trade-in-EVs.jpeg?resize=140,70 140w, https:\/\/electrek.co\/wp-content\/uploads\/sites\/3\/2024\/03\/Hyundai-trade-in-EVs.jpeg?resize=290,145 290w\" sizes=\"auto, (max-width: 1400px) 100vw, 1400px\"\/><figcaption class=\"wp-element-caption\">\u201eHyundai Ioniq 5\u201c atnaujinimas Kor\u0117joje (\u0161altinis: \u201eHyundai\u201c)<\/figcaption><\/figure>\n<p>Remiantis ataskaita, \u201eHyundai\u201c vidin\u0117je pastaboje teig\u0117, kad \u201el\u0117tai pardavimai pasaulin\u0117je elektrini\u0173 transporto priemoni\u0173 rinkoje nepager\u0117jo\u201c, pridurdamas: \u201eMes dav\u0117me visas pastangas, kad u\u017etikrintume papildom\u0173 u\u017esakym\u0173, ta\u010diau \u0161iuo metu negalime apsaugoti kiekio\u201c.<\/p>\n<p>Po laikino sustabdymo vasario ir baland\u017eio m\u0117n. Tai bus tre\u010diasis \u201eHyundai\u201c kartas, kai \u0161iais metais Kor\u0117joje pristabdys EV produkcij\u0105.<\/p>\n<figure class=\"wp-block-image alignwide size-large\"><img loading=\"lazy\" decoding=\"async\" width=\"1400\" height=\"700\" src=\"https:\/\/electrek.co\/wp-content\/uploads\/sites\/3\/2024\/01\/Hyundai-Kona-Electric-N-Line-2.jpeg?quality=82&amp;strip=all&amp;w=1024\" alt=\"\u201eHyundai-EV-Production-Korea\u201c\" class=\"wp-image-345114\" srcset=\"https:\/\/electrek.co\/wp-content\/uploads\/sites\/3\/2024\/01\/Hyundai-Kona-Electric-N-Line-2.jpeg 1400w, https:\/\/electrek.co\/wp-content\/uploads\/sites\/3\/2024\/01\/Hyundai-Kona-Electric-N-Line-2.jpeg?resize=150,75 150w, https:\/\/electrek.co\/wp-content\/uploads\/sites\/3\/2024\/01\/Hyundai-Kona-Electric-N-Line-2.jpeg?resize=300,150 300w, https:\/\/electrek.co\/wp-content\/uploads\/sites\/3\/2024\/01\/Hyundai-Kona-Electric-N-Line-2.jpeg?resize=768,384 768w, https:\/\/electrek.co\/wp-content\/uploads\/sites\/3\/2024\/01\/Hyundai-Kona-Electric-N-Line-2.jpeg?resize=1024,512 1024w, https:\/\/electrek.co\/wp-content\/uploads\/sites\/3\/2024\/01\/Hyundai-Kona-Electric-N-Line-2.jpeg?resize=350,175 350w, https:\/\/electrek.co\/wp-content\/uploads\/sites\/3\/2024\/01\/Hyundai-Kona-Electric-N-Line-2.jpeg?resize=140,70 140w, https:\/\/electrek.co\/wp-content\/uploads\/sites\/3\/2024\/01\/Hyundai-Kona-Electric-N-Line-2.jpeg?resize=290,145 290w\" sizes=\"auto, (max-width: 1400px) 100vw, 1400px\"\/><figcaption class=\"wp-element-caption\">\u201eHyundai Kona Electric N Line\u201c (\u0161altinis: \u201eHyundai\u201c)<\/figcaption><\/figure>\n<p>\u012evyki\u0173 pos\u016bkyje \u201eHyundai\u201c bendra \u012fmon\u0117 Kinijoje, Pekinas \u201eHyundai\u201c, paskelb\u0117, kad nuostoliai padid\u0117jo daugiau nei 100 milijon\u0173 laim\u0117t\u0173 (72 milijon\u0173 doleri\u0173) ketvirtyje. \u0160iais metais Kinijoje prad\u0117j\u0119s pirm\u0105j\u012f pagal u\u017esakym\u0105 pritaikyt\u0105 elektrin\u012f visureig\u012f, Pekinas \u201eHyundai\u201c gal\u0117t\u0173 gauti peln\u0105 iki 2025 m. Pabaigos.<\/p>\n<p>Kor\u0117jos automobili\u0173 gamintojas prane\u0161\u0117 apie savo septint\u0105 i\u0161 eil\u0117s rekordin\u012f pardavimo m\u0117nes\u012f JAV. \u201eIoniq 5\u201c i\u0161lieka geriausiu pardav\u0117ju, kurio baland\u017eio m\u0117n. Parduota daugiau nei 12 000 vienet\u0173, ty 14% daugiau nei pra\u0117jusiais metais.<\/p>\n<figure class=\"wp-block-image alignwide size-large\"><img loading=\"lazy\" decoding=\"async\" width=\"1400\" height=\"700\" src=\"https:\/\/electrek.co\/wp-content\/uploads\/sites\/3\/2025\/03\/Hyundai-IONIQ-9-range-1.jpeg?quality=82&amp;strip=all&amp;w=1024\" alt=\"\u201eHyundai-Ioniq-9-Ev\u201c\" class=\"wp-image-404561\" srcset=\"https:\/\/electrek.co\/wp-content\/uploads\/sites\/3\/2025\/03\/Hyundai-IONIQ-9-range-1.jpeg 1400w, https:\/\/electrek.co\/wp-content\/uploads\/sites\/3\/2025\/03\/Hyundai-IONIQ-9-range-1.jpeg?resize=150,75 150w, https:\/\/electrek.co\/wp-content\/uploads\/sites\/3\/2025\/03\/Hyundai-IONIQ-9-range-1.jpeg?resize=300,150 300w, https:\/\/electrek.co\/wp-content\/uploads\/sites\/3\/2025\/03\/Hyundai-IONIQ-9-range-1.jpeg?resize=768,384 768w, https:\/\/electrek.co\/wp-content\/uploads\/sites\/3\/2025\/03\/Hyundai-IONIQ-9-range-1.jpeg?resize=1024,512 1024w, https:\/\/electrek.co\/wp-content\/uploads\/sites\/3\/2025\/03\/Hyundai-IONIQ-9-range-1.jpeg?resize=350,175 350w, https:\/\/electrek.co\/wp-content\/uploads\/sites\/3\/2025\/03\/Hyundai-IONIQ-9-range-1.jpeg?resize=140,70 140w, https:\/\/electrek.co\/wp-content\/uploads\/sites\/3\/2025\/03\/Hyundai-IONIQ-9-range-1.jpeg?resize=290,145 290w\" sizes=\"auto, (max-width: 1400px) 100vw, 1400px\"\/><figcaption class=\"wp-element-caption\">\u201eHyundai Ioniq 9\u201c trij\u0173 eili\u0173 elektrinis visureigis (\u0161altinis: \u201eHyundai\u201c)<\/figcaption><\/figure>\n<p>Kita vertus, \u201eIoniq 6\u201c pardavimai \u0161iais metais suma\u017e\u0117jo 10%, o 4 424 &#8211; per baland\u012f, o \u201eHyundai\u201c nesuteikia \u201eKona EV\u201c pardavim\u0173.<\/p>\n<p>\u0160iuo metu \u201eHyundai\u201c taip pat si\u016blo dosnias nuolaidas JAV, kuri\u0173 i\u0161ankstin\u0117s santaupos yra iki 12 500 USD. Nauj\u0173 trij\u0173 eilu\u010di\u0173 \u201eIoniq 9\u201c. \u201e2025 Ioniq 5\u201c yra pavogimas, o nuomos sutartis prasideda tik nuo 209 USD per m\u0117nes\u012f.<\/p>\n<p><em>Pasiruo\u0161\u0119 i\u0161bandyti \u201eHyundai\u201c elektrines transporto priemones sau? Mes jus apr\u0117p\u0117me. \u017demiau galite naudoti m\u016bs\u0173 nuorodas, kad rastum\u0117te populiarius \u201eHyundai EV\u201c modelius savo rajone.<\/em><\/p>\n<div class=\"ad-disclaimer-container\">\n<p class=\"disclaimer-affiliate\"><em>FPK: Mes naudojame pajamas gaunan\u010dias automatinio filialo nuorodas.<\/em> Daugiau.<\/p>\n<p><!-- post ad --><\/div>\n<\/p><\/div>\n<p><br \/>\n<br \/><a href=\"https:\/\/electrek.co\/2025\/05\/20\/hyundai-temporarily-halt-ioniq-5-kona-ev-production-korea\/\">Source link <\/a><\/p>\n","protected":false},"excerpt":{"rendered":"<p>\u201eHyundai\u201c u\u017edaro gamybos linij\u0105 savo \u201eUlsan\u201c gamykloje Kor\u0117joje, kur pastatyti \u201eIoniq 5\u201c ir \u201eKona EV\u201c. Nors tai tik kelioms dienoms,&hellip;<\/p>\n","protected":false},"author":1,"featured_media":907,"comment_status":"open","ping_status":"open","sticky":false,"template":"","format":"standard","meta":{"om_disable_all_campaigns":false,"_monsterinsights_skip_tracking":false,"_monsterinsights_sitenote_active":false,"_monsterinsights_sitenote_note":"","_monsterinsights_sitenote_category":0,"footnotes":""},"categories":[8],"tags":[784,605,598,952,1968,1966,1967],"class_list":["post-906","post","type-post","status-publish","format-standard","has-post-thumbnail","hentry","category-elektriniai-automobiliai","tag-gamyba","tag-hyundai","tag-ioniq","tag-kona","tag-korejoje","tag-laikinai","tag-sustabdyti"],"aioseo_notices":[],"yoast_head":"<!-- This site is optimized with the Yoast SEO plugin v26.8 - https:\/\/yoast.com\/product\/yoast-seo-wordpress\/ -->\n<title>\u201eHyundai\u201c laikinai sustabdyti \u201eIoniq 5\u201c, \u201eKona EV\u201c gamyb\u0105 Kor\u0117joje - Eautomobiliai.lt<\/title>\n<meta name=\"robots\" content=\"index, follow, max-snippet:-1, max-image-preview:large, max-video-preview:-1\" \/>\n<link rel=\"canonical\" href=\"https:\/\/eautomobiliai.lt\/index.php\/2025\/05\/21\/hyundai-laikinai-sustabdyti-ioniq-5-kona-ev-gamyba-korejoje\/\" \/>\n<meta property=\"og:locale\" content=\"lt_LT\" \/>\n<meta property=\"og:type\" content=\"article\" \/>\n<meta property=\"og:title\" content=\"\u201eHyundai\u201c laikinai sustabdyti \u201eIoniq 5\u201c, \u201eKona EV\u201c gamyb\u0105 Kor\u0117joje - Eautomobiliai.lt\" \/>\n<meta property=\"og:description\" content=\"\u201eHyundai\u201c u\u017edaro gamybos linij\u0105 savo \u201eUlsan\u201c gamykloje Kor\u0117joje, kur pastatyti \u201eIoniq 5\u201c ir \u201eKona EV\u201c. Nors tai tik kelioms dienoms,&hellip;\" \/>\n<meta property=\"og:url\" content=\"https:\/\/eautomobiliai.lt\/index.php\/2025\/05\/21\/hyundai-laikinai-sustabdyti-ioniq-5-kona-ev-gamyba-korejoje\/\" \/>\n<meta property=\"og:site_name\" content=\"Eautomobiliai.lt\" \/>\n<meta property=\"article:published_time\" content=\"2025-05-21T01:05:55+00:00\" \/>\n<meta property=\"og:image\" content=\"https:\/\/eautomobiliai.lt\/wp-content\/uploads\/2025\/05\/\u201eHyundai-laikinai-sustabdyti-\u201eIoniq-5-\u201eKona-EV-gamyba-Korejoje.jpeg\" \/>\n\t<meta property=\"og:image:width\" content=\"1200\" \/>\n\t<meta property=\"og:image:height\" content=\"628\" \/>\n\t<meta property=\"og:image:type\" content=\"image\/jpeg\" \/>\n<meta name=\"author\" content=\"admin\" \/>\n<meta name=\"twitter:card\" content=\"summary_large_image\" \/>\n<meta name=\"twitter:label1\" content=\"Written by\" \/>\n\t<meta name=\"twitter:data1\" content=\"admin\" \/>\n\t<meta name=\"twitter:label2\" content=\"Est. reading time\" \/>\n\t<meta name=\"twitter:data2\" content=\"2 minut\u0117s\" \/>\n<script type=\"application\/ld+json\" class=\"yoast-schema-graph\">{\"@context\":\"https:\/\/schema.org\",\"@graph\":[{\"@type\":\"Article\",\"@id\":\"https:\/\/eautomobiliai.lt\/index.php\/2025\/05\/21\/hyundai-laikinai-sustabdyti-ioniq-5-kona-ev-gamyba-korejoje\/#article\",\"isPartOf\":{\"@id\":\"https:\/\/eautomobiliai.lt\/index.php\/2025\/05\/21\/hyundai-laikinai-sustabdyti-ioniq-5-kona-ev-gamyba-korejoje\/\"},\"author\":{\"name\":\"admin\",\"@id\":\"https:\/\/eautomobiliai.lt\/#\/schema\/person\/ecf2a967f361217d056061f74deb92f2\"},\"headline\":\"\u201eHyundai\u201c laikinai sustabdyti \u201eIoniq 5\u201c, \u201eKona EV\u201c gamyb\u0105 Kor\u0117joje\",\"datePublished\":\"2025-05-21T01:05:55+00:00\",\"mainEntityOfPage\":{\"@id\":\"https:\/\/eautomobiliai.lt\/index.php\/2025\/05\/21\/hyundai-laikinai-sustabdyti-ioniq-5-kona-ev-gamyba-korejoje\/\"},\"wordCount\":446,\"commentCount\":0,\"image\":{\"@id\":\"https:\/\/eautomobiliai.lt\/index.php\/2025\/05\/21\/hyundai-laikinai-sustabdyti-ioniq-5-kona-ev-gamyba-korejoje\/#primaryimage\"},\"thumbnailUrl\":\"http:\/\/eautomobiliai.lt\/wp-content\/uploads\/2025\/05\/\u201eHyundai-laikinai-sustabdyti-\u201eIoniq-5-\u201eKona-EV-gamyba-Korejoje.jpeg\",\"keywords\":[\"gamyb\u0105\",\"Hyundai\",\"Ioniq\",\"Kona\",\"Kor\u0117joje\",\"laikinai\",\"sustabdyti\"],\"articleSection\":[\"ELEKTRINIAI AUTOMOBILIAI\"],\"inLanguage\":\"lt-LT\",\"potentialAction\":[{\"@type\":\"CommentAction\",\"name\":\"Comment\",\"target\":[\"https:\/\/eautomobiliai.lt\/index.php\/2025\/05\/21\/hyundai-laikinai-sustabdyti-ioniq-5-kona-ev-gamyba-korejoje\/#respond\"]}]},{\"@type\":\"WebPage\",\"@id\":\"https:\/\/eautomobiliai.lt\/index.php\/2025\/05\/21\/hyundai-laikinai-sustabdyti-ioniq-5-kona-ev-gamyba-korejoje\/\",\"url\":\"https:\/\/eautomobiliai.lt\/index.php\/2025\/05\/21\/hyundai-laikinai-sustabdyti-ioniq-5-kona-ev-gamyba-korejoje\/\",\"name\":\"\u201eHyundai\u201c laikinai sustabdyti \u201eIoniq 5\u201c, \u201eKona EV\u201c gamyb\u0105 Kor\u0117joje - Eautomobiliai.lt\",\"isPartOf\":{\"@id\":\"https:\/\/eautomobiliai.lt\/#website\"},\"primaryImageOfPage\":{\"@id\":\"https:\/\/eautomobiliai.lt\/index.php\/2025\/05\/21\/hyundai-laikinai-sustabdyti-ioniq-5-kona-ev-gamyba-korejoje\/#primaryimage\"},\"image\":{\"@id\":\"https:\/\/eautomobiliai.lt\/index.php\/2025\/05\/21\/hyundai-laikinai-sustabdyti-ioniq-5-kona-ev-gamyba-korejoje\/#primaryimage\"},\"thumbnailUrl\":\"http:\/\/eautomobiliai.lt\/wp-content\/uploads\/2025\/05\/\u201eHyundai-laikinai-sustabdyti-\u201eIoniq-5-\u201eKona-EV-gamyba-Korejoje.jpeg\",\"datePublished\":\"2025-05-21T01:05:55+00:00\",\"author\":{\"@id\":\"https:\/\/eautomobiliai.lt\/#\/schema\/person\/ecf2a967f361217d056061f74deb92f2\"},\"breadcrumb\":{\"@id\":\"https:\/\/eautomobiliai.lt\/index.php\/2025\/05\/21\/hyundai-laikinai-sustabdyti-ioniq-5-kona-ev-gamyba-korejoje\/#breadcrumb\"},\"inLanguage\":\"lt-LT\",\"potentialAction\":[{\"@type\":\"ReadAction\",\"target\":[\"https:\/\/eautomobiliai.lt\/index.php\/2025\/05\/21\/hyundai-laikinai-sustabdyti-ioniq-5-kona-ev-gamyba-korejoje\/\"]}]},{\"@type\":\"ImageObject\",\"inLanguage\":\"lt-LT\",\"@id\":\"https:\/\/eautomobiliai.lt\/index.php\/2025\/05\/21\/hyundai-laikinai-sustabdyti-ioniq-5-kona-ev-gamyba-korejoje\/#primaryimage\",\"url\":\"http:\/\/eautomobiliai.lt\/wp-content\/uploads\/2025\/05\/\u201eHyundai-laikinai-sustabdyti-\u201eIoniq-5-\u201eKona-EV-gamyba-Korejoje.jpeg\",\"contentUrl\":\"http:\/\/eautomobiliai.lt\/wp-content\/uploads\/2025\/05\/\u201eHyundai-laikinai-sustabdyti-\u201eIoniq-5-\u201eKona-EV-gamyba-Korejoje.jpeg\",\"width\":1200,\"height\":628},{\"@type\":\"BreadcrumbList\",\"@id\":\"https:\/\/eautomobiliai.lt\/index.php\/2025\/05\/21\/hyundai-laikinai-sustabdyti-ioniq-5-kona-ev-gamyba-korejoje\/#breadcrumb\",\"itemListElement\":[{\"@type\":\"ListItem\",\"position\":1,\"name\":\"Home\",\"item\":\"https:\/\/eautomobiliai.lt\/\"},{\"@type\":\"ListItem\",\"position\":2,\"name\":\"\u201eHyundai\u201c laikinai sustabdyti \u201eIoniq 5\u201c, \u201eKona EV\u201c gamyb\u0105 Kor\u0117joje\"}]},{\"@type\":\"WebSite\",\"@id\":\"https:\/\/eautomobiliai.lt\/#website\",\"url\":\"https:\/\/eautomobiliai.lt\/\",\"name\":\"Eautomobiliai.lt\",\"description\":\"Elektrinis transportas, technologijos\",\"potentialAction\":[{\"@type\":\"SearchAction\",\"target\":{\"@type\":\"EntryPoint\",\"urlTemplate\":\"https:\/\/eautomobiliai.lt\/?s={search_term_string}\"},\"query-input\":{\"@type\":\"PropertyValueSpecification\",\"valueRequired\":true,\"valueName\":\"search_term_string\"}}],\"inLanguage\":\"lt-LT\"},{\"@type\":\"Person\",\"@id\":\"https:\/\/eautomobiliai.lt\/#\/schema\/person\/ecf2a967f361217d056061f74deb92f2\",\"name\":\"admin\",\"image\":{\"@type\":\"ImageObject\",\"inLanguage\":\"lt-LT\",\"@id\":\"https:\/\/eautomobiliai.lt\/#\/schema\/person\/image\/\",\"url\":\"https:\/\/secure.gravatar.com\/avatar\/6323379efae0c70c686c7905444d6bbd?s=96&d=mm&r=g\",\"contentUrl\":\"https:\/\/secure.gravatar.com\/avatar\/6323379efae0c70c686c7905444d6bbd?s=96&d=mm&r=g\",\"caption\":\"admin\"},\"sameAs\":[\"http:\/\/eautomobiliai.lt\"],\"url\":\"http:\/\/eautomobiliai.lt\/index.php\/author\/admin\/\"}]}<\/script>\n<!-- \/ Yoast SEO plugin. -->","yoast_head_json":{"title":"\u201eHyundai\u201c laikinai sustabdyti \u201eIoniq 5\u201c, \u201eKona EV\u201c gamyb\u0105 Kor\u0117joje - Eautomobiliai.lt","robots":{"index":"index","follow":"follow","max-snippet":"max-snippet:-1","max-image-preview":"max-image-preview:large","max-video-preview":"max-video-preview:-1"},"canonical":"https:\/\/eautomobiliai.lt\/index.php\/2025\/05\/21\/hyundai-laikinai-sustabdyti-ioniq-5-kona-ev-gamyba-korejoje\/","og_locale":"lt_LT","og_type":"article","og_title":"\u201eHyundai\u201c laikinai sustabdyti \u201eIoniq 5\u201c, \u201eKona EV\u201c gamyb\u0105 Kor\u0117joje - Eautomobiliai.lt","og_description":"\u201eHyundai\u201c u\u017edaro gamybos linij\u0105 savo \u201eUlsan\u201c gamykloje Kor\u0117joje, kur pastatyti \u201eIoniq 5\u201c ir \u201eKona EV\u201c. Nors tai tik kelioms dienoms,&hellip;","og_url":"https:\/\/eautomobiliai.lt\/index.php\/2025\/05\/21\/hyundai-laikinai-sustabdyti-ioniq-5-kona-ev-gamyba-korejoje\/","og_site_name":"Eautomobiliai.lt","article_published_time":"2025-05-21T01:05:55+00:00","og_image":[{"width":1200,"height":628,"url":"https:\/\/eautomobiliai.lt\/wp-content\/uploads\/2025\/05\/\u201eHyundai-laikinai-sustabdyti-\u201eIoniq-5-\u201eKona-EV-gamyba-Korejoje.jpeg","type":"image\/jpeg"}],"author":"admin","twitter_card":"summary_large_image","twitter_misc":{"Written by":"admin","Est. reading time":"2 minut\u0117s"},"schema":{"@context":"https:\/\/schema.org","@graph":[{"@type":"Article","@id":"https:\/\/eautomobiliai.lt\/index.php\/2025\/05\/21\/hyundai-laikinai-sustabdyti-ioniq-5-kona-ev-gamyba-korejoje\/#article","isPartOf":{"@id":"https:\/\/eautomobiliai.lt\/index.php\/2025\/05\/21\/hyundai-laikinai-sustabdyti-ioniq-5-kona-ev-gamyba-korejoje\/"},"author":{"name":"admin","@id":"https:\/\/eautomobiliai.lt\/#\/schema\/person\/ecf2a967f361217d056061f74deb92f2"},"headline":"\u201eHyundai\u201c laikinai sustabdyti \u201eIoniq 5\u201c, \u201eKona EV\u201c gamyb\u0105 Kor\u0117joje","datePublished":"2025-05-21T01:05:55+00:00","mainEntityOfPage":{"@id":"https:\/\/eautomobiliai.lt\/index.php\/2025\/05\/21\/hyundai-laikinai-sustabdyti-ioniq-5-kona-ev-gamyba-korejoje\/"},"wordCount":446,"commentCount":0,"image":{"@id":"https:\/\/eautomobiliai.lt\/index.php\/2025\/05\/21\/hyundai-laikinai-sustabdyti-ioniq-5-kona-ev-gamyba-korejoje\/#primaryimage"},"thumbnailUrl":"http:\/\/eautomobiliai.lt\/wp-content\/uploads\/2025\/05\/\u201eHyundai-laikinai-sustabdyti-\u201eIoniq-5-\u201eKona-EV-gamyba-Korejoje.jpeg","keywords":["gamyb\u0105","Hyundai","Ioniq","Kona","Kor\u0117joje","laikinai","sustabdyti"],"articleSection":["ELEKTRINIAI AUTOMOBILIAI"],"inLanguage":"lt-LT","potentialAction":[{"@type":"CommentAction","name":"Comment","target":["https:\/\/eautomobiliai.lt\/index.php\/2025\/05\/21\/hyundai-laikinai-sustabdyti-ioniq-5-kona-ev-gamyba-korejoje\/#respond"]}]},{"@type":"WebPage","@id":"https:\/\/eautomobiliai.lt\/index.php\/2025\/05\/21\/hyundai-laikinai-sustabdyti-ioniq-5-kona-ev-gamyba-korejoje\/","url":"https:\/\/eautomobiliai.lt\/index.php\/2025\/05\/21\/hyundai-laikinai-sustabdyti-ioniq-5-kona-ev-gamyba-korejoje\/","name":"\u201eHyundai\u201c laikinai sustabdyti \u201eIoniq 5\u201c, \u201eKona EV\u201c gamyb\u0105 Kor\u0117joje - Eautomobiliai.lt","isPartOf":{"@id":"https:\/\/eautomobiliai.lt\/#website"},"primaryImageOfPage":{"@id":"https:\/\/eautomobiliai.lt\/index.php\/2025\/05\/21\/hyundai-laikinai-sustabdyti-ioniq-5-kona-ev-gamyba-korejoje\/#primaryimage"},"image":{"@id":"https:\/\/eautomobiliai.lt\/index.php\/2025\/05\/21\/hyundai-laikinai-sustabdyti-ioniq-5-kona-ev-gamyba-korejoje\/#primaryimage"},"thumbnailUrl":"http:\/\/eautomobiliai.lt\/wp-content\/uploads\/2025\/05\/\u201eHyundai-laikinai-sustabdyti-\u201eIoniq-5-\u201eKona-EV-gamyba-Korejoje.jpeg","datePublished":"2025-05-21T01:05:55+00:00","author":{"@id":"https:\/\/eautomobiliai.lt\/#\/schema\/person\/ecf2a967f361217d056061f74deb92f2"},"breadcrumb":{"@id":"https:\/\/eautomobiliai.lt\/index.php\/2025\/05\/21\/hyundai-laikinai-sustabdyti-ioniq-5-kona-ev-gamyba-korejoje\/#breadcrumb"},"inLanguage":"lt-LT","potentialAction":[{"@type":"ReadAction","target":["https:\/\/eautomobiliai.lt\/index.php\/2025\/05\/21\/hyundai-laikinai-sustabdyti-ioniq-5-kona-ev-gamyba-korejoje\/"]}]},{"@type":"ImageObject","inLanguage":"lt-LT","@id":"https:\/\/eautomobiliai.lt\/index.php\/2025\/05\/21\/hyundai-laikinai-sustabdyti-ioniq-5-kona-ev-gamyba-korejoje\/#primaryimage","url":"http:\/\/eautomobiliai.lt\/wp-content\/uploads\/2025\/05\/\u201eHyundai-laikinai-sustabdyti-\u201eIoniq-5-\u201eKona-EV-gamyba-Korejoje.jpeg","contentUrl":"http:\/\/eautomobiliai.lt\/wp-content\/uploads\/2025\/05\/\u201eHyundai-laikinai-sustabdyti-\u201eIoniq-5-\u201eKona-EV-gamyba-Korejoje.jpeg","width":1200,"height":628},{"@type":"BreadcrumbList","@id":"https:\/\/eautomobiliai.lt\/index.php\/2025\/05\/21\/hyundai-laikinai-sustabdyti-ioniq-5-kona-ev-gamyba-korejoje\/#breadcrumb","itemListElement":[{"@type":"ListItem","position":1,"name":"Home","item":"https:\/\/eautomobiliai.lt\/"},{"@type":"ListItem","position":2,"name":"\u201eHyundai\u201c laikinai sustabdyti \u201eIoniq 5\u201c, \u201eKona EV\u201c gamyb\u0105 Kor\u0117joje"}]},{"@type":"WebSite","@id":"https:\/\/eautomobiliai.lt\/#website","url":"https:\/\/eautomobiliai.lt\/","name":"Eautomobiliai.lt","description":"Elektrinis transportas, technologijos","potentialAction":[{"@type":"SearchAction","target":{"@type":"EntryPoint","urlTemplate":"https:\/\/eautomobiliai.lt\/?s={search_term_string}"},"query-input":{"@type":"PropertyValueSpecification","valueRequired":true,"valueName":"search_term_string"}}],"inLanguage":"lt-LT"},{"@type":"Person","@id":"https:\/\/eautomobiliai.lt\/#\/schema\/person\/ecf2a967f361217d056061f74deb92f2","name":"admin","image":{"@type":"ImageObject","inLanguage":"lt-LT","@id":"https:\/\/eautomobiliai.lt\/#\/schema\/person\/image\/","url":"https:\/\/secure.gravatar.com\/avatar\/6323379efae0c70c686c7905444d6bbd?s=96&d=mm&r=g","contentUrl":"https:\/\/secure.gravatar.com\/avatar\/6323379efae0c70c686c7905444d6bbd?s=96&d=mm&r=g","caption":"admin"},"sameAs":["http:\/\/eautomobiliai.lt"],"url":"http:\/\/eautomobiliai.lt\/index.php\/author\/admin\/"}]}},"_links":{"self":[{"href":"http:\/\/eautomobiliai.lt\/index.php\/wp-json\/wp\/v2\/posts\/906","targetHints":{"allow":["GET"]}}],"collection":[{"href":"http:\/\/eautomobiliai.lt\/index.php\/wp-json\/wp\/v2\/posts"}],"about":[{"href":"http:\/\/eautomobiliai.lt\/index.php\/wp-json\/wp\/v2\/types\/post"}],"author":[{"embeddable":true,"href":"http:\/\/eautomobiliai.lt\/index.php\/wp-json\/wp\/v2\/users\/1"}],"replies":[{"embeddable":true,"href":"http:\/\/eautomobiliai.lt\/index.php\/wp-json\/wp\/v2\/comments?post=906"}],"version-history":[{"count":0,"href":"http:\/\/eautomobiliai.lt\/index.php\/wp-json\/wp\/v2\/posts\/906\/revisions"}],"wp:featuredmedia":[{"embeddable":true,"href":"http:\/\/eautomobiliai.lt\/index.php\/wp-json\/wp\/v2\/media\/907"}],"wp:attachment":[{"href":"http:\/\/eautomobiliai.lt\/index.php\/wp-json\/wp\/v2\/media?parent=906"}],"wp:term":[{"taxonomy":"category","embeddable":true,"href":"http:\/\/eautomobiliai.lt\/index.php\/wp-json\/wp\/v2\/categories?post=906"},{"taxonomy":"post_tag","embeddable":true,"href":"http:\/\/eautomobiliai.lt\/index.php\/wp-json\/wp\/v2\/tags?post=906"}],"curies":[{"name":"wp","href":"https:\/\/api.w.org\/{rel}","templated":true}]}}