{"id":915,"date":"2025-05-21T20:38:37","date_gmt":"2025-05-21T20:38:37","guid":{"rendered":"http:\/\/eautomobiliai.lt\/index.php\/2025\/05\/21\/penkiu-id-parkas-buzz-cargo-electric-vans-atvyksta-i-australijos-liftu-grupe\/"},"modified":"2025-05-21T20:38:37","modified_gmt":"2025-05-21T20:38:37","slug":"penkiu-id-parkas-buzz-cargo-electric-vans-atvyksta-i-australijos-liftu-grupe","status":"publish","type":"post","link":"http:\/\/eautomobiliai.lt\/index.php\/2025\/05\/21\/penkiu-id-parkas-buzz-cargo-electric-vans-atvyksta-i-australijos-liftu-grupe\/","title":{"rendered":"Penki\u0173 ID parkas. \u201eBuzz Cargo Electric Vans\u201c atvyksta \u012f Australijos lift\u0173 grup\u0119"},"content":{"rendered":"<p> <br \/>\n<\/p>\n<div id=\"\">\n<p>Penki\u0173 nauj\u0173 \u201eVolkswagen ID\u201c parkas. \u201eBuzz Cargo\u201c akumuliatoriaus elektriniai mikroautobusai buvo pristatyti \u012f \u201eSchindler Lifts Australia\u201c &#8211; tai dalis \u0161ios bendrov\u0117s tikslo tur\u0117ti 15 procent\u0173 savo transporto priemoni\u0173 parko visi\u0161kai elektrin\u012f.<\/p>\n<p>\u201eSchindler\u201c, kuriame projektuojami, gamintojai ir montuojantys liftai, eskalatoriai ir judantys takai, i\u0161bandys transporto priemones \u201eCapitals\u201c visoje \u0161alyje &#8211; dviem Sidn\u0117juje, viena Melburne, viena Brisbene, o viena &#8211; Perte.<\/p>\n<p>\u201eId.uzz\u201c gali gabenti du euro pad\u0117klus ir prasideda nuo 79 990 USD RRP. Jis gali pasigirti 431 km (WLTP) diapazonu, nes 84 kWh baterija, did\u017eiausia galia 210 kW, ir sukuria 550 Nm sukimo moment\u0105.<\/p>\n<p>Schindleris sako, kad jo technikai turi sugeb\u0117ti nuva\u017eiuoti iki 400 kilometr\u0173 per dien\u0105.<\/p>\n<p>\u201eElectric Vans\u201c 2 metai\/30 000 km aptarnavimo intervalai taip pat rei\u0161kia, kad ID. \u201eBuzz Cargo\u201c yra ekonomi\u0161kesni paleisti ir pasigirti didesniu veikimo laiku nei vidaus degimo variklio (ICE) pirmtakai.<\/p>\n<p>ID elektrinis diapazonas. \u201eBuzz Cargo\u201c palaikys \u012frengus EV \u012fkroviklius \u201eSchindler\u201c vairuotoj\u0173 patalpose, u\u017etikrinant, kad j\u0173 transporto priemon\u0117s b\u016bt\u0173 \u012fkrautos per nakt\u012f.<\/p>\n<figure id=\"attachment_187937\" aria-describedby=\"caption-attachment-187937\" style=\"width: 1160px\" class=\"wp-caption aligncenter\"><figcaption id=\"caption-attachment-187937\" class=\"wp-caption-text\">Vaizdo kreditas: \u201eVolkswagen Group Australia\u201c<\/figcaption><\/figure>\n<p>\u201eDid\u017eiausias kli\u016btis gauti daugiau EV m\u016bs\u0173 laivyno EVS buvo komercini\u0173 transporto priemoni\u0173 tr\u016bkumas Australijos rinkoje, turin\u010dioje pakankam\u0105 diapazon\u0105\u201c, &#8211; teig\u0117 ID ID, apra\u0161\u0119s Australijos \u201eSchindler Lifts\u201c tiekimo grandin\u0117s operacij\u0173 vadov\u0105 Emilian\u0105 Wojtczuk\u0105. \u201eBuzz Cargos\u201c yra paj\u0117gus patenkinti operatyvin\u012f poreik\u012f, kuris anks\u010diau buvo nepatenkintas.<\/p>\n<p>\u201eId.\u201e Buzz Cargo \u201cradikaliai pakeis m\u016bs\u0173 versl\u0105, pasi\u016blydamas labai ger\u0105 diapazon\u0105, palyginti su kitomis komercin\u0117mis transporto priemon\u0117mis ir ma\u017eomis prie\u017ei\u016bros i\u0161laidomis, taip pat palaikydami mus su savo parko i\u0161metam\u0173j\u0173 ter\u0161al\u0173 tikslais.\u201c<\/p>\n<p>Galintis ne\u0161iotis du euro pad\u0117klus, ID. \u201eBuzz Cargo\u201c prasideda nuo 79 990 USD RRP.<\/p>\n<div class=\"saboxplugin-wrap\" itemtype=\"http:\/\/schema.org\/Person\" itemscope=\"\" itemprop=\"author\">\n<div class=\"saboxplugin-tab\">\n<div class=\"saboxplugin-gravatar\"><img decoding=\"async\" alt=\"Joshua S. Hill\" class=\"avatar avatar-100 photo native-lazyload-js-fallback\" height=\"100\" width=\"100\" itemprop=\"image\" loading=\"lazy\" src=\"https:\/\/secure.gravatar.com\/avatar\/674502fafd2221f0fc2baf7da1435a7980e9492ea0657bfcd546273621f39689?s=100&amp;d=mm&amp;r=g\" srcset=\"https:\/\/secure.gravatar.com\/avatar\/674502fafd2221f0fc2baf7da1435a7980e9492ea0657bfcd546273621f39689?s=200&amp;d=mm&amp;r=g 2x\"\/><img decoding=\"async\" loading=\"lazy\" alt=\"Joshua S. Hill\" src=\"https:\/\/secure.gravatar.com\/avatar\/674502fafd2221f0fc2baf7da1435a7980e9492ea0657bfcd546273621f39689?s=100&amp;d=mm&amp;r=g\" srcset=\"https:\/\/secure.gravatar.com\/avatar\/674502fafd2221f0fc2baf7da1435a7980e9492ea0657bfcd546273621f39689?s=200&amp;d=mm&amp;r=g 2x\" class=\"avatar avatar-100 photo\" height=\"100\" width=\"100\" itemprop=\"image\"\/><\/div>\n<div class=\"saboxplugin-desc\">\n<div itemprop=\"description\">\n<p>Joshua S. Hill yra Melburno \u017eurnalistas, daugiau nei 15 met\u0173 ra\u0161antis apie klimato poky\u010dius, \u0161varias technologijas ir elektrines transporto priemones. Jis prane\u0161a apie elektrines transporto priemones ir \u0161varias atnaujinimo ekonomikos ir varomosios technologijas nuo 2012 m. Jo pageidaujamas transporto b\u016bdas yra jo kojos.<\/p>\n<\/div>\n<\/div>\n<\/div>\n<\/div>\n<p><!-- AI CONTENT END 1 --><\/p><\/div>\n<p><br \/>\n<br \/><a href=\"https:\/\/thedriven.io\/2025\/05\/21\/fleet-of-five-id-buzz-cargo-electric-vans-arrive-at-australian-elevator-group\/\">Source link <\/a><\/p>\n","protected":false},"excerpt":{"rendered":"<p>Penki\u0173 nauj\u0173 \u201eVolkswagen ID\u201c parkas. \u201eBuzz Cargo\u201c akumuliatoriaus elektriniai mikroautobusai buvo pristatyti \u012f \u201eSchindler Lifts Australia\u201c &#8211; tai dalis \u0161ios&hellip;<\/p>\n","protected":false},"author":1,"featured_media":916,"comment_status":"open","ping_status":"open","sticky":false,"template":"","format":"standard","meta":{"om_disable_all_campaigns":false,"_monsterinsights_skip_tracking":false,"_monsterinsights_sitenote_active":false,"_monsterinsights_sitenote_note":"","_monsterinsights_sitenote_category":0,"footnotes":""},"categories":[39],"tags":[156,99,1646,1467,67,1989,1988,1933,1986,1987],"class_list":["post-915","post","type-post","status-publish","format-standard","has-post-thumbnail","hentry","category-eautomobiliu-technine-puse","tag-atvyksta","tag-australijos","tag-buzz","tag-cargo","tag-electric","tag-grupe","tag-liftu","tag-parkas","tag-penkiu","tag-vans"],"aioseo_notices":[],"yoast_head":"<!-- This site is optimized with the Yoast SEO plugin v26.8 - https:\/\/yoast.com\/product\/yoast-seo-wordpress\/ -->\n<title>Penki\u0173 ID parkas. \u201eBuzz Cargo Electric Vans\u201c atvyksta \u012f Australijos lift\u0173 grup\u0119 - Eautomobiliai.lt<\/title>\n<meta name=\"robots\" content=\"index, follow, max-snippet:-1, max-image-preview:large, max-video-preview:-1\" \/>\n<link rel=\"canonical\" href=\"http:\/\/eautomobiliai.lt\/index.php\/2025\/05\/21\/penkiu-id-parkas-buzz-cargo-electric-vans-atvyksta-i-australijos-liftu-grupe\/\" \/>\n<meta property=\"og:locale\" content=\"lt_LT\" \/>\n<meta property=\"og:type\" content=\"article\" \/>\n<meta property=\"og:title\" content=\"Penki\u0173 ID parkas. \u201eBuzz Cargo Electric Vans\u201c atvyksta \u012f Australijos lift\u0173 grup\u0119 - Eautomobiliai.lt\" \/>\n<meta property=\"og:description\" content=\"Penki\u0173 nauj\u0173 \u201eVolkswagen ID\u201c parkas. \u201eBuzz Cargo\u201c akumuliatoriaus elektriniai mikroautobusai buvo pristatyti \u012f \u201eSchindler Lifts Australia\u201c &#8211; tai dalis \u0161ios&hellip;\" \/>\n<meta property=\"og:url\" content=\"http:\/\/eautomobiliai.lt\/index.php\/2025\/05\/21\/penkiu-id-parkas-buzz-cargo-electric-vans-atvyksta-i-australijos-liftu-grupe\/\" \/>\n<meta property=\"og:site_name\" content=\"Eautomobiliai.lt\" \/>\n<meta property=\"article:published_time\" content=\"2025-05-21T20:38:37+00:00\" \/>\n<meta property=\"og:image\" content=\"http:\/\/eautomobiliai.lt\/wp-content\/uploads\/2025\/05\/Penkiu-ID-parkas-\u201eBuzz-Cargo-Electric-Vans-atvyksta-i-Australijos.jpg\" \/>\n\t<meta property=\"og:image:width\" content=\"1280\" \/>\n\t<meta property=\"og:image:height\" content=\"854\" \/>\n\t<meta property=\"og:image:type\" content=\"image\/jpeg\" \/>\n<meta name=\"author\" content=\"admin\" \/>\n<meta name=\"twitter:card\" content=\"summary_large_image\" \/>\n<meta name=\"twitter:label1\" content=\"Written by\" \/>\n\t<meta name=\"twitter:data1\" content=\"admin\" \/>\n\t<meta name=\"twitter:label2\" content=\"Est. reading time\" \/>\n\t<meta name=\"twitter:data2\" content=\"2 minut\u0117s\" \/>\n<script type=\"application\/ld+json\" class=\"yoast-schema-graph\">{\"@context\":\"https:\/\/schema.org\",\"@graph\":[{\"@type\":\"Article\",\"@id\":\"http:\/\/eautomobiliai.lt\/index.php\/2025\/05\/21\/penkiu-id-parkas-buzz-cargo-electric-vans-atvyksta-i-australijos-liftu-grupe\/#article\",\"isPartOf\":{\"@id\":\"http:\/\/eautomobiliai.lt\/index.php\/2025\/05\/21\/penkiu-id-parkas-buzz-cargo-electric-vans-atvyksta-i-australijos-liftu-grupe\/\"},\"author\":{\"name\":\"admin\",\"@id\":\"https:\/\/eautomobiliai.lt\/#\/schema\/person\/ecf2a967f361217d056061f74deb92f2\"},\"headline\":\"Penki\u0173 ID parkas. \u201eBuzz Cargo Electric Vans\u201c atvyksta \u012f Australijos lift\u0173 grup\u0119\",\"datePublished\":\"2025-05-21T20:38:37+00:00\",\"mainEntityOfPage\":{\"@id\":\"http:\/\/eautomobiliai.lt\/index.php\/2025\/05\/21\/penkiu-id-parkas-buzz-cargo-electric-vans-atvyksta-i-australijos-liftu-grupe\/\"},\"wordCount\":333,\"commentCount\":0,\"image\":{\"@id\":\"http:\/\/eautomobiliai.lt\/index.php\/2025\/05\/21\/penkiu-id-parkas-buzz-cargo-electric-vans-atvyksta-i-australijos-liftu-grupe\/#primaryimage\"},\"thumbnailUrl\":\"http:\/\/eautomobiliai.lt\/wp-content\/uploads\/2025\/05\/Penkiu-ID-parkas-\u201eBuzz-Cargo-Electric-Vans-atvyksta-i-Australijos.jpg\",\"keywords\":[\"atvyksta\",\"Australijos\",\"Buzz\",\"Cargo\",\"Electric\",\"grup\u0119\",\"lift\u0173\",\"parkas\",\"Penki\u0173\",\"Vans\"],\"articleSection\":[\"eAUTOMOBILI\u0172 TECHNIN\u0116 PUS\u0116\"],\"inLanguage\":\"lt-LT\",\"potentialAction\":[{\"@type\":\"CommentAction\",\"name\":\"Comment\",\"target\":[\"http:\/\/eautomobiliai.lt\/index.php\/2025\/05\/21\/penkiu-id-parkas-buzz-cargo-electric-vans-atvyksta-i-australijos-liftu-grupe\/#respond\"]}]},{\"@type\":\"WebPage\",\"@id\":\"http:\/\/eautomobiliai.lt\/index.php\/2025\/05\/21\/penkiu-id-parkas-buzz-cargo-electric-vans-atvyksta-i-australijos-liftu-grupe\/\",\"url\":\"http:\/\/eautomobiliai.lt\/index.php\/2025\/05\/21\/penkiu-id-parkas-buzz-cargo-electric-vans-atvyksta-i-australijos-liftu-grupe\/\",\"name\":\"Penki\u0173 ID parkas. \u201eBuzz Cargo Electric Vans\u201c atvyksta \u012f Australijos lift\u0173 grup\u0119 - Eautomobiliai.lt\",\"isPartOf\":{\"@id\":\"https:\/\/eautomobiliai.lt\/#website\"},\"primaryImageOfPage\":{\"@id\":\"http:\/\/eautomobiliai.lt\/index.php\/2025\/05\/21\/penkiu-id-parkas-buzz-cargo-electric-vans-atvyksta-i-australijos-liftu-grupe\/#primaryimage\"},\"image\":{\"@id\":\"http:\/\/eautomobiliai.lt\/index.php\/2025\/05\/21\/penkiu-id-parkas-buzz-cargo-electric-vans-atvyksta-i-australijos-liftu-grupe\/#primaryimage\"},\"thumbnailUrl\":\"http:\/\/eautomobiliai.lt\/wp-content\/uploads\/2025\/05\/Penkiu-ID-parkas-\u201eBuzz-Cargo-Electric-Vans-atvyksta-i-Australijos.jpg\",\"datePublished\":\"2025-05-21T20:38:37+00:00\",\"author\":{\"@id\":\"https:\/\/eautomobiliai.lt\/#\/schema\/person\/ecf2a967f361217d056061f74deb92f2\"},\"breadcrumb\":{\"@id\":\"http:\/\/eautomobiliai.lt\/index.php\/2025\/05\/21\/penkiu-id-parkas-buzz-cargo-electric-vans-atvyksta-i-australijos-liftu-grupe\/#breadcrumb\"},\"inLanguage\":\"lt-LT\",\"potentialAction\":[{\"@type\":\"ReadAction\",\"target\":[\"http:\/\/eautomobiliai.lt\/index.php\/2025\/05\/21\/penkiu-id-parkas-buzz-cargo-electric-vans-atvyksta-i-australijos-liftu-grupe\/\"]}]},{\"@type\":\"ImageObject\",\"inLanguage\":\"lt-LT\",\"@id\":\"http:\/\/eautomobiliai.lt\/index.php\/2025\/05\/21\/penkiu-id-parkas-buzz-cargo-electric-vans-atvyksta-i-australijos-liftu-grupe\/#primaryimage\",\"url\":\"http:\/\/eautomobiliai.lt\/wp-content\/uploads\/2025\/05\/Penkiu-ID-parkas-\u201eBuzz-Cargo-Electric-Vans-atvyksta-i-Australijos.jpg\",\"contentUrl\":\"http:\/\/eautomobiliai.lt\/wp-content\/uploads\/2025\/05\/Penkiu-ID-parkas-\u201eBuzz-Cargo-Electric-Vans-atvyksta-i-Australijos.jpg\",\"width\":1280,\"height\":854},{\"@type\":\"BreadcrumbList\",\"@id\":\"http:\/\/eautomobiliai.lt\/index.php\/2025\/05\/21\/penkiu-id-parkas-buzz-cargo-electric-vans-atvyksta-i-australijos-liftu-grupe\/#breadcrumb\",\"itemListElement\":[{\"@type\":\"ListItem\",\"position\":1,\"name\":\"Home\",\"item\":\"https:\/\/eautomobiliai.lt\/\"},{\"@type\":\"ListItem\",\"position\":2,\"name\":\"Penki\u0173 ID parkas. \u201eBuzz Cargo Electric Vans\u201c atvyksta \u012f Australijos lift\u0173 grup\u0119\"}]},{\"@type\":\"WebSite\",\"@id\":\"https:\/\/eautomobiliai.lt\/#website\",\"url\":\"https:\/\/eautomobiliai.lt\/\",\"name\":\"Eautomobiliai.lt\",\"description\":\"Elektrinis transportas, technologijos\",\"potentialAction\":[{\"@type\":\"SearchAction\",\"target\":{\"@type\":\"EntryPoint\",\"urlTemplate\":\"https:\/\/eautomobiliai.lt\/?s={search_term_string}\"},\"query-input\":{\"@type\":\"PropertyValueSpecification\",\"valueRequired\":true,\"valueName\":\"search_term_string\"}}],\"inLanguage\":\"lt-LT\"},{\"@type\":\"Person\",\"@id\":\"https:\/\/eautomobiliai.lt\/#\/schema\/person\/ecf2a967f361217d056061f74deb92f2\",\"name\":\"admin\",\"image\":{\"@type\":\"ImageObject\",\"inLanguage\":\"lt-LT\",\"@id\":\"https:\/\/eautomobiliai.lt\/#\/schema\/person\/image\/\",\"url\":\"https:\/\/secure.gravatar.com\/avatar\/6323379efae0c70c686c7905444d6bbd?s=96&d=mm&r=g\",\"contentUrl\":\"https:\/\/secure.gravatar.com\/avatar\/6323379efae0c70c686c7905444d6bbd?s=96&d=mm&r=g\",\"caption\":\"admin\"},\"sameAs\":[\"http:\/\/eautomobiliai.lt\"],\"url\":\"http:\/\/eautomobiliai.lt\/index.php\/author\/admin\/\"}]}<\/script>\n<!-- \/ Yoast SEO plugin. -->","yoast_head_json":{"title":"Penki\u0173 ID parkas. \u201eBuzz Cargo Electric Vans\u201c atvyksta \u012f Australijos lift\u0173 grup\u0119 - Eautomobiliai.lt","robots":{"index":"index","follow":"follow","max-snippet":"max-snippet:-1","max-image-preview":"max-image-preview:large","max-video-preview":"max-video-preview:-1"},"canonical":"http:\/\/eautomobiliai.lt\/index.php\/2025\/05\/21\/penkiu-id-parkas-buzz-cargo-electric-vans-atvyksta-i-australijos-liftu-grupe\/","og_locale":"lt_LT","og_type":"article","og_title":"Penki\u0173 ID parkas. \u201eBuzz Cargo Electric Vans\u201c atvyksta \u012f Australijos lift\u0173 grup\u0119 - Eautomobiliai.lt","og_description":"Penki\u0173 nauj\u0173 \u201eVolkswagen ID\u201c parkas. \u201eBuzz Cargo\u201c akumuliatoriaus elektriniai mikroautobusai buvo pristatyti \u012f \u201eSchindler Lifts Australia\u201c &#8211; tai dalis \u0161ios&hellip;","og_url":"http:\/\/eautomobiliai.lt\/index.php\/2025\/05\/21\/penkiu-id-parkas-buzz-cargo-electric-vans-atvyksta-i-australijos-liftu-grupe\/","og_site_name":"Eautomobiliai.lt","article_published_time":"2025-05-21T20:38:37+00:00","og_image":[{"width":1280,"height":854,"url":"http:\/\/eautomobiliai.lt\/wp-content\/uploads\/2025\/05\/Penkiu-ID-parkas-\u201eBuzz-Cargo-Electric-Vans-atvyksta-i-Australijos.jpg","type":"image\/jpeg"}],"author":"admin","twitter_card":"summary_large_image","twitter_misc":{"Written by":"admin","Est. reading time":"2 minut\u0117s"},"schema":{"@context":"https:\/\/schema.org","@graph":[{"@type":"Article","@id":"http:\/\/eautomobiliai.lt\/index.php\/2025\/05\/21\/penkiu-id-parkas-buzz-cargo-electric-vans-atvyksta-i-australijos-liftu-grupe\/#article","isPartOf":{"@id":"http:\/\/eautomobiliai.lt\/index.php\/2025\/05\/21\/penkiu-id-parkas-buzz-cargo-electric-vans-atvyksta-i-australijos-liftu-grupe\/"},"author":{"name":"admin","@id":"https:\/\/eautomobiliai.lt\/#\/schema\/person\/ecf2a967f361217d056061f74deb92f2"},"headline":"Penki\u0173 ID parkas. \u201eBuzz Cargo Electric Vans\u201c atvyksta \u012f Australijos lift\u0173 grup\u0119","datePublished":"2025-05-21T20:38:37+00:00","mainEntityOfPage":{"@id":"http:\/\/eautomobiliai.lt\/index.php\/2025\/05\/21\/penkiu-id-parkas-buzz-cargo-electric-vans-atvyksta-i-australijos-liftu-grupe\/"},"wordCount":333,"commentCount":0,"image":{"@id":"http:\/\/eautomobiliai.lt\/index.php\/2025\/05\/21\/penkiu-id-parkas-buzz-cargo-electric-vans-atvyksta-i-australijos-liftu-grupe\/#primaryimage"},"thumbnailUrl":"http:\/\/eautomobiliai.lt\/wp-content\/uploads\/2025\/05\/Penkiu-ID-parkas-\u201eBuzz-Cargo-Electric-Vans-atvyksta-i-Australijos.jpg","keywords":["atvyksta","Australijos","Buzz","Cargo","Electric","grup\u0119","lift\u0173","parkas","Penki\u0173","Vans"],"articleSection":["eAUTOMOBILI\u0172 TECHNIN\u0116 PUS\u0116"],"inLanguage":"lt-LT","potentialAction":[{"@type":"CommentAction","name":"Comment","target":["http:\/\/eautomobiliai.lt\/index.php\/2025\/05\/21\/penkiu-id-parkas-buzz-cargo-electric-vans-atvyksta-i-australijos-liftu-grupe\/#respond"]}]},{"@type":"WebPage","@id":"http:\/\/eautomobiliai.lt\/index.php\/2025\/05\/21\/penkiu-id-parkas-buzz-cargo-electric-vans-atvyksta-i-australijos-liftu-grupe\/","url":"http:\/\/eautomobiliai.lt\/index.php\/2025\/05\/21\/penkiu-id-parkas-buzz-cargo-electric-vans-atvyksta-i-australijos-liftu-grupe\/","name":"Penki\u0173 ID parkas. \u201eBuzz Cargo Electric Vans\u201c atvyksta \u012f Australijos lift\u0173 grup\u0119 - Eautomobiliai.lt","isPartOf":{"@id":"https:\/\/eautomobiliai.lt\/#website"},"primaryImageOfPage":{"@id":"http:\/\/eautomobiliai.lt\/index.php\/2025\/05\/21\/penkiu-id-parkas-buzz-cargo-electric-vans-atvyksta-i-australijos-liftu-grupe\/#primaryimage"},"image":{"@id":"http:\/\/eautomobiliai.lt\/index.php\/2025\/05\/21\/penkiu-id-parkas-buzz-cargo-electric-vans-atvyksta-i-australijos-liftu-grupe\/#primaryimage"},"thumbnailUrl":"http:\/\/eautomobiliai.lt\/wp-content\/uploads\/2025\/05\/Penkiu-ID-parkas-\u201eBuzz-Cargo-Electric-Vans-atvyksta-i-Australijos.jpg","datePublished":"2025-05-21T20:38:37+00:00","author":{"@id":"https:\/\/eautomobiliai.lt\/#\/schema\/person\/ecf2a967f361217d056061f74deb92f2"},"breadcrumb":{"@id":"http:\/\/eautomobiliai.lt\/index.php\/2025\/05\/21\/penkiu-id-parkas-buzz-cargo-electric-vans-atvyksta-i-australijos-liftu-grupe\/#breadcrumb"},"inLanguage":"lt-LT","potentialAction":[{"@type":"ReadAction","target":["http:\/\/eautomobiliai.lt\/index.php\/2025\/05\/21\/penkiu-id-parkas-buzz-cargo-electric-vans-atvyksta-i-australijos-liftu-grupe\/"]}]},{"@type":"ImageObject","inLanguage":"lt-LT","@id":"http:\/\/eautomobiliai.lt\/index.php\/2025\/05\/21\/penkiu-id-parkas-buzz-cargo-electric-vans-atvyksta-i-australijos-liftu-grupe\/#primaryimage","url":"http:\/\/eautomobiliai.lt\/wp-content\/uploads\/2025\/05\/Penkiu-ID-parkas-\u201eBuzz-Cargo-Electric-Vans-atvyksta-i-Australijos.jpg","contentUrl":"http:\/\/eautomobiliai.lt\/wp-content\/uploads\/2025\/05\/Penkiu-ID-parkas-\u201eBuzz-Cargo-Electric-Vans-atvyksta-i-Australijos.jpg","width":1280,"height":854},{"@type":"BreadcrumbList","@id":"http:\/\/eautomobiliai.lt\/index.php\/2025\/05\/21\/penkiu-id-parkas-buzz-cargo-electric-vans-atvyksta-i-australijos-liftu-grupe\/#breadcrumb","itemListElement":[{"@type":"ListItem","position":1,"name":"Home","item":"https:\/\/eautomobiliai.lt\/"},{"@type":"ListItem","position":2,"name":"Penki\u0173 ID parkas. \u201eBuzz Cargo Electric Vans\u201c atvyksta \u012f Australijos lift\u0173 grup\u0119"}]},{"@type":"WebSite","@id":"https:\/\/eautomobiliai.lt\/#website","url":"https:\/\/eautomobiliai.lt\/","name":"Eautomobiliai.lt","description":"Elektrinis transportas, technologijos","potentialAction":[{"@type":"SearchAction","target":{"@type":"EntryPoint","urlTemplate":"https:\/\/eautomobiliai.lt\/?s={search_term_string}"},"query-input":{"@type":"PropertyValueSpecification","valueRequired":true,"valueName":"search_term_string"}}],"inLanguage":"lt-LT"},{"@type":"Person","@id":"https:\/\/eautomobiliai.lt\/#\/schema\/person\/ecf2a967f361217d056061f74deb92f2","name":"admin","image":{"@type":"ImageObject","inLanguage":"lt-LT","@id":"https:\/\/eautomobiliai.lt\/#\/schema\/person\/image\/","url":"https:\/\/secure.gravatar.com\/avatar\/6323379efae0c70c686c7905444d6bbd?s=96&d=mm&r=g","contentUrl":"https:\/\/secure.gravatar.com\/avatar\/6323379efae0c70c686c7905444d6bbd?s=96&d=mm&r=g","caption":"admin"},"sameAs":["http:\/\/eautomobiliai.lt"],"url":"http:\/\/eautomobiliai.lt\/index.php\/author\/admin\/"}]}},"_links":{"self":[{"href":"http:\/\/eautomobiliai.lt\/index.php\/wp-json\/wp\/v2\/posts\/915","targetHints":{"allow":["GET"]}}],"collection":[{"href":"http:\/\/eautomobiliai.lt\/index.php\/wp-json\/wp\/v2\/posts"}],"about":[{"href":"http:\/\/eautomobiliai.lt\/index.php\/wp-json\/wp\/v2\/types\/post"}],"author":[{"embeddable":true,"href":"http:\/\/eautomobiliai.lt\/index.php\/wp-json\/wp\/v2\/users\/1"}],"replies":[{"embeddable":true,"href":"http:\/\/eautomobiliai.lt\/index.php\/wp-json\/wp\/v2\/comments?post=915"}],"version-history":[{"count":0,"href":"http:\/\/eautomobiliai.lt\/index.php\/wp-json\/wp\/v2\/posts\/915\/revisions"}],"wp:featuredmedia":[{"embeddable":true,"href":"http:\/\/eautomobiliai.lt\/index.php\/wp-json\/wp\/v2\/media\/916"}],"wp:attachment":[{"href":"http:\/\/eautomobiliai.lt\/index.php\/wp-json\/wp\/v2\/media?parent=915"}],"wp:term":[{"taxonomy":"category","embeddable":true,"href":"http:\/\/eautomobiliai.lt\/index.php\/wp-json\/wp\/v2\/categories?post=915"},{"taxonomy":"post_tag","embeddable":true,"href":"http:\/\/eautomobiliai.lt\/index.php\/wp-json\/wp\/v2\/tags?post=915"}],"curies":[{"name":"wp","href":"https:\/\/api.w.org\/{rel}","templated":true}]}}