{"id":929,"date":"2025-05-23T01:23:14","date_gmt":"2025-05-23T01:23:14","guid":{"rendered":"http:\/\/eautomobiliai.lt\/index.php\/2025\/05\/23\/kalifornija-skelbia-ieskini-priesintis-kongreso-neteisetoms-ispuoliams-pries-svaru-ora\/"},"modified":"2025-05-23T01:23:14","modified_gmt":"2025-05-23T01:23:14","slug":"kalifornija-skelbia-ieskini-priesintis-kongreso-neteisetoms-ispuoliams-pries-svaru-ora","status":"publish","type":"post","link":"http:\/\/eautomobiliai.lt\/index.php\/2025\/05\/23\/kalifornija-skelbia-ieskini-priesintis-kongreso-neteisetoms-ispuoliams-pries-svaru-ora\/","title":{"rendered":"Kalifornija skelbia ie\u0161kin\u012f prie\u0161intis Kongreso neteis\u0117toms i\u0161puoliams prie\u0161 \u0161var\u0173 or\u0105"},"content":{"rendered":"<p> <br \/>\n<\/p>\n<div>\n<figure class=\"img-border featured-image\">\n\t<\/figure>\n<p>Kalifornija kreipsis \u012f teism\u0105, kad apsaugot\u0173 savo \u0161var\u0173 or\u0105, susid\u016br\u0119s su nelegaliais respublikon\u0173 i\u0161puoliais Kongrese, sak\u0117 Kalifornijos gubernatorius Gavinas Newsomas.<\/p>\n<p><span id=\"more-417401\"\/><\/p>\n<p>Anks\u010diau \u0161iandien JAV senatas balsavo u\u017e Kalifornijos atsisakym\u0105 at\u0161aukti, kad nustatyt\u0173 savo \u0161varaus oro taisykles, naudodamas Kongreso per\u017ei\u016bros \u012fstatym\u0105 (CRA). Anks\u010diau \u0161\u012f m\u0117nes\u012f namas anks\u010diau balsavo u\u017e pana\u0161i\u0105 priemon\u0119.<\/p>\n<p>Daugiau nei pus\u0119 am\u017eiaus Kalifornija papra\u0161\u0117 ir jai buvo suteiktas \u0161is atsisakymas, leid\u017eiantis nustatyti savo i\u0161metam\u0173j\u0173 ter\u0161al\u0173 taisykles. Kitos valstijos gali laikytis Kalifornijos taisykli\u0173 (ir ma\u017edaug 11 valstij\u0173 tai daro, nors \u0161i suma skiriasi kiekvienai taisyklei), kol jos tai daro tiksliai, ir tol, kol tos taisykl\u0117s yra stipresn\u0117s nei nacionalin\u0117s.<\/p>\n<p>Ji turi \u0161i\u0105 unikali\u0105 vald\u017ei\u0105, nes Kalifornija tur\u0117jo savo \u0161varaus oro \u012fstatym\u0105 prie\u0161 priimant Federalin\u012f \u201eClean Air Act\u201c \u012fstatym\u0105, ir tod\u0117l, kad valstyb\u0117 tuo metu tur\u0117jo unikali\u0105 Smogo problem\u0105 ir jai reik\u0117jo grie\u017etesni\u0173 taisykli\u0173 nei likusioje \u0161alyje. Taigi federaliniame \u012fstatyme buvo padaryta dro\u017ein\u0117, o Kalifornijai buvo suteiktas \u0161is atsisakymas daugiau nei 100 kart\u0173 po tinkam\u0173 taisykli\u0173 pri\u0117mimo proces\u0173 ir paneig\u0117 nulin\u012f kart\u0173.<\/p>\n<p>\t<span class=\"outbrain-ad-label\">Skelbimas &#8211; slinkite daugiau turinio<\/span><\/p>\n<p>Kalifornijos \u0161varaus oro \u012fstatymai buvo veiksmingi ma\u017einant tar\u0161\u0105, nes per pastaruosius 50 met\u0173 transporto priemoni\u0173 ter\u0161alai suma\u017e\u0117jo 98%. Bet, \u017einoma, dar reikia nuveikti, nes LA sritis i\u0161lieka viena i\u0161 smogi\u0161kiausi\u0173 \u0161alyje d\u0117l veiksni\u0173, \u012fskaitant geografij\u0105, didel\u0119 priklausomyb\u0119 nuo automobili\u0173, intensyvaus laivybos srauto ir vie\u0161ojo tranziteto tr\u016bkumo.<\/p>\n<p>Nepaisant tuo metu ir po to pramon\u0117s protest\u0173, d\u0117l \u0161i\u0173 taisykli\u0173 jiems nebuvo ne\u012fmanoma veikti ar parduoti automobilius ar gauti pelno i\u0161 automobili\u0173 pardavimo Kalifornijoje ar kitose valstijose, kurios laikosi jos taisykli\u0173.<\/p>\n<p>Naujausias Kalifornijos taisykli\u0173 rinkinys yra skirtas i\u0161gelb\u0117ti kalifornie\u010dius, o kit\u0173 valstij\u0173, kurios seka jas, gyventojams \u0161imtus milijard\u0173 doleri\u0173 sveikatos, degal\u0173 ir prie\u017ei\u016bros i\u0161laidoms per 2050 m., Skatindami elektrifikacij\u0105 &#8211; ir, \u017einoma, sutaupys t\u016bkstan\u010dius gyvybi\u0173 d\u0117l tar\u0161os suma\u017einimo.<\/p>\n<p>Respublikonai nukreip\u0117 ne tik \u012f Kalifornijos reguliavim\u0105 lengv\u0173j\u0173 transporto priemoni\u0173 (ACC II), bet ir kai kurioms kitoms sunkve\u017eimi\u0173 i\u0161metam\u0173j\u0173 ter\u0161al\u0173 taisykl\u0117ms (ACT ir HD \u017eemo NOX omnibuso taisykl\u0117ms), su savo CRA veiksmais \u0161iandien.<\/p>\n<p>Problema ta, kad Kongresas neturi galios at\u0161aukti \u0161io atsisakymo, nes ne taip veikia CRA.<\/p>\n<p>KRA yra iki \u0161iol i\u0161 naujo naudojamas \u012fstatymas, leid\u017eiantis Kongresui nepritarti naujausioms federalin\u0117s vyriausyb\u0117s agent\u016bros nustatytoms taisykl\u0117ms ir u\u017ekirsti keli\u0105 \u0161ioms agent\u016broms \u012fgyvendinti pana\u0161ias taisykles.<\/p>\n<p>Ta\u010diau Kalifornijos atsisakymas n\u0117ra taisykl\u0117 i\u0161 federalin\u0117s vyriausyb\u0117s agent\u016bros, tai yra EPS atsisakymas leisti <em>Kalifornija<\/em> Nustatykite savo taisykles. Tod\u0117l CRA netaikoma, kaip pripa\u017eino Senato parlamentaras, Vyriausyb\u0117s atskaitomyb\u0117s tarnyba, daugelis kit\u0173 teisini\u0173 steb\u0117toj\u0173 ir netgi Kongreso, kur senatorius Mike&#8217;as Lee balsavo u\u017e atsisakym\u0105 panaikinti, nepaisant to, kad ai\u0161kiai pasakius, kad \u201enegalima per\u017ei\u016br\u0117ti pagal Kongreso per\u017ei\u016bros \u012fstatym\u0105 (CRA)\u201c.<\/p>\n<p>Tai taip pat u\u017e 60 dien\u0173 lango, kur\u012f leid\u017eia per\u017ei\u016br\u0117ti CRA. \u012ekelkite dar vien\u0105 \u012fstatymo pa\u017eeidim\u0105 pirmojo vir\u0161uje.<\/p>\n<p>Taigi \u0161iandieninis Kongreso veiksmas yra neteis\u0117tas, o Kalifornija dabar ketina j\u012f sustabdyti.<\/p>\n<h2 class=\"wp-block-heading\" id=\"h-california-announces-lawsuit-to-protect-clean-air\">Kalifornija skelbia ie\u0161kin\u012f apsaugoti \u0161var\u0173 or\u0105<\/h2>\n<p>Kar\u0161ta ant respublikon\u0173 kuln\u0173, skelbian\u010di\u0173 savo nor\u0105 padidinti amerikie\u010di\u0173 sveikatos ir degal\u0173 s\u0105naudas, o j\u0173 pasiprie\u0161inimas valant or\u0105, Kalifornijos gubernatorius Gavinas Newsomas pasirod\u0117 atsakydamas, \u012fsipareigodamas priimti \u0161\u012f klausim\u0105 teisme, kaip tai padar\u0117 Kalifornija (ir laim\u0117jo), susid\u016br\u0119s su ankstesniais respublikon\u0173 i\u0161puoliais prie\u0161 \u0161var\u0173 or\u0105.<\/p>\n<p>Vyriausyb\u0117 Newsom paskelb\u0117 savo pasiprie\u0161inim\u0105 respublikon\u0173 planui \u0161iandien \u201epadaryti Amerik\u0105 v\u0117l smogti\u201c sakydamas:<\/p>\n<blockquote class=\"wp-block-quote is-layout-flow wp-block-quote-is-layout-flow\">\n<p>&#8222;\u0160is Senato balsavimas yra neteis\u0117tas. Respublikonai ap\u0117jo savo pa\u010di\u0173 parlamentar\u0105, kad nepaisyt\u0173 precedento de\u0161imtme\u010di\u0173. Mes nestov\u0117sime \u0161alia, nes Trumpo respublikonai v\u0117l padarys Amerik\u0105 smogti &#8211; panaikindami darb\u0105, kuris gr\u012f\u017eta \u012f Ri\u010dardo Nixono ir Ronaldo Reagano dienas &#8211; visi, kol permesdavome m\u016bs\u0173 ekonomin\u0119 ateit\u012f Kinijai. Mes ketiname kovoti su \u0161ia nekonsturcine ataka Kalifornijoje teisme.&#8221;<\/p>\n<p>-California gubernatorius Gavinas Newsomas<\/p>\n<\/blockquote>\n<p>Kalifornijos generalinis prokuroras Robas Bonta taip pat kalb\u0117jo spaudos konferencijoje, sakydama:<\/p>\n<blockquote class=\"wp-block-quote is-layout-flow wp-block-quote-is-layout-flow\">\n<p>\u201eTur\u0117dami \u0161iuos balsus, Senato respublikonai dar kart\u0105 sulenkia kelius prezidentui Trumpui. Kongreso per\u017ei\u016bros \u012fstatymo ginklavimui, siekiant u\u017epulti Kalifornijos atsisakym\u0105, yra tik dar viena nuolatin\u0117s, partizanin\u0117s kampanijos prie\u0161 Kalifornijos pastangas apsaugoti visuomen\u0119 ir planet\u0105 nuo kenksmingos tar\u0161os dalis. Kaip jau sak\u0117me, \u0161is beatodairi\u0161kas Kongreso per\u017ei\u016bros \u012fstatymas yra nelengvas, o Kalifornija &#8211; ir nesulaikysime stiprios. Mes tur\u0117sime tvirt\u0105. Mes tur\u0117sime stipri\u0105sias. Laikykite atsisakym\u0105 vietoje, ir mes kreipsim\u0117s \u012f teism\u0105 ginti Kalifornijos atsisakym\u0105. \u201c<\/p>\n<\/blockquote>\n<p>Savo prane\u0161ime spaudai Kalifornijos gubernatoriaus kabinetas atkreip\u0117 d\u0117mes\u012f \u012f de\u0161imtme\u010dius trunkant\u012f precedent\u0105, palaikant\u012f Kalifornijos atsisakym\u0105, kur\u012f saugo \u0160varaus oro \u012fstatymas. Ji taip pat atkreip\u0117 d\u0117mes\u012f \u012f tai, kad Kalifornijos oro i\u0161tekli\u0173 valdyba buvo \u012fsteigta gubernatoriaus Ronaldo Reagano, o atsisakym\u0105 pirm\u0105 kart\u0105 suteik\u0117 prezidentas Richardas Nixonas.<\/p>\n<p>Abu \u0161ie asmenys yra respublikonai, nors nuo to laiko, kai partija buvo visi\u0161kai nukrit\u0119, iki \u0161iol buvo atvirai nor\u0117damas \u017eal\u0105 amerikie\u010diams.<\/p>\n<p>Kalifornija toliau kalba apie tai, kaip Kongreso veiksmai daro vairavim\u0105 ma\u017eiau prieinam\u0105 kain\u0105, padidindama degal\u0173 ir sveikatos i\u0161laidas, perduoda automobili\u0173 pramon\u0117s raktus Kinijai, sul\u0117tindama JAV automobili\u0173 pramon\u0117s per\u0117jim\u0105 prie EVS ir pakenkia Kalifornijos lyderystei klimatui, o nuo 2000 -osios produktyviausios valstyb\u0117s ir 4 pagal dyd\u012f ekonomika nuo tada, kai nuo tada 20%.<\/p>\n<p>Kalifornija dar nepateik\u0117 ie\u0161kinio, tik parei\u0161k\u0117, kad \u0161iandien tai ketina tai padaryti. Ta\u010diau teismai praeityje daug kart\u0173 pri\u0117m\u0117 Kalifornijos naudai tais atvejais, susijusiais su jos \u012fgaliojimais apsaugoti savo or\u0105, paskutin\u012f kart\u0105 tai darydamas gruod\u012f.<\/p>\n<p>\u0160varos oro grup\u0117s taip pat pasi\u016bl\u0117 param\u0105 Kalifornijos ie\u0161kiniui. Aplinkos gynybos fondas teig\u0117:<\/p>\n<blockquote class=\"wp-block-quote is-layout-flow wp-block-quote-is-layout-flow\">\n<p>&#8222;Mes stovime su Kalifornijos lyderiais, kad apsaugotume milijon\u0173 \u017emoni\u0173 sveikat\u0105 ir saugum\u0105 nuo kenksmingos transporto priemoni\u0173 tar\u0161os. Valstyb\u0117s \u0161var\u016bs oro standartai naujiems automobiliams ir sunkve\u017eimiams apsaugo vaik\u0173 plau\u010dius ir bendruomenes, kuriose jie u\u017eauga nuo smogo ir suod\u017ei\u0173. Jie padeda \u016bkininkams, statytojams ir kitiems, kurie dirba lauke, kv\u0117puoja lengviau. Jie suma\u017eina klimato tar\u0161\u0105, kuri gaudo\u201e Sl\u0117nius \u201c, ir kitus kv\u0117puoja. Jie taupo t\u016bkstan\u010dius gyvybi\u0173 \u201c<\/p>\n<p>-Vickie Patton, Aplinkos gynybos fondo generalinis patar\u0117jas<\/p>\n<\/blockquote>\n<p>Nors EDF dar neprisijung\u0117 prie ie\u0161kinio (kaip jis nebuvo paduotas), prisijung\u0117 nema\u017eai ne pelno siekian\u010di\u0173 organizacij\u0173 <em>kitas<\/em> Kalifornijos ie\u0161kinys d\u0117l neteis\u0117to \u012f\u0161aldymo \u0161iandien imant l\u0117\u0161as, tod\u0117l galime tik\u0117tis, kad b\u016bsimiems tame ie\u0161kinyje dalyvaujan\u010diose grup\u0117se.<\/p>\n<hr class=\"wp-block-separator has-alpha-channel-opacity\"\/>\n<p><em>Kita vertus, respublikonai \u0117m\u0117si veiksm\u0173, kad \u0161iandien suma\u017eint\u0173 saul\u0117s kolektoriaus kredit\u0105. Tai rei\u0161kia, kad iki \u0161i\u0173 met\u0173 pabaigos galite tur\u0117ti savo namuose \u012fdiegti ant stogo ant stogo, prie\u0161 tai respublikonams padidinti tai padaryti vidutini\u0161kai ~ 10 000 USD. Taigi, jei norite eiti saul\u0117s energija, <strong>Prad\u0117kite dabar<\/strong>nes \u0161ie dalykai u\u017etrunka ir sistema turi b\u016bti aktyvi, prie\u0161 pateikdami kredit\u0105.<\/em><\/p>\n<p><em\/><em>Nor\u0117dami \u012fsitikinti, kad \u0161alia j\u016bs\u0173 rasite patikim\u0105, patikim\u0105 saul\u0117s diegimo program\u0105, si\u016blan\u010di\u0105 konkurencing\u0105 kain\u0105, apsilankykite <\/em><em>Energysage<\/em><em>nemokama paslauga, palengvinanti jums saul\u0117s energij\u0105. Jame yra \u0161imtai i\u0161 anksto atvaizduot\u0173 saul\u0117s energijos montuotoj\u0173, konkuruojan\u010di\u0173 d\u0117l j\u016bs\u0173 verslo, u\u017etikrinant, kad gausite auk\u0161tos kokyb\u0117s sprendimus ir sutaupysite 20\u201330%, palyginti su jo \u0117jimu atskirai. Be to, ja nemokama naudotis, ir j\u016bs negausite pardavimo skambu\u010di\u0173, kol pasirinksite diegimo program\u0105 ir pasidalysite savo telefono numeriu su jais.<\/em><\/p>\n<p><em>J\u016bs\u0173 individualizuotas saul\u0117s citatas lengva palyginti internete ir gausite prieig\u0105 prie ne\u0161ali\u0161k\u0173 patar\u0117j\u0173 energetikos srityje, kad pad\u0117tum\u0117te jums kiekvienam \u017eingsniui. Prad\u0117kite <\/em><em>\u010dia<\/em><em>. &#8211; AD*<\/em><\/p>\n<div class=\"ad-disclaimer-container\">\n<p class=\"disclaimer-affiliate\"><em>FPK: Mes naudojame pajamas gaunan\u010dias automatinio filialo nuorodas.<\/em> Daugiau.<\/p>\n<p><!-- post ad --><\/div>\n<\/p><\/div>\n<p><br \/>\n<br \/><a href=\"https:\/\/electrek.co\/2025\/05\/22\/california-announces-lawsuit-to-resist-congress-illegal-attacks-on-clean-air\/\">Source link <\/a><\/p>\n","protected":false},"excerpt":{"rendered":"<p>Kalifornija kreipsis \u012f teism\u0105, kad apsaugot\u0173 savo \u0161var\u0173 or\u0105, susid\u016br\u0119s su nelegaliais respublikon\u0173 i\u0161puoliais Kongrese, sak\u0117 Kalifornijos gubernatorius Gavinas Newsomas.&hellip;<\/p>\n","protected":false},"author":1,"featured_media":930,"comment_status":"open","ping_status":"open","sticky":false,"template":"","format":"standard","meta":{"om_disable_all_campaigns":false,"_monsterinsights_skip_tracking":false,"_monsterinsights_sitenote_active":false,"_monsterinsights_sitenote_note":"","_monsterinsights_sitenote_category":0,"footnotes":""},"categories":[8],"tags":[1385,2010,2005,2008,2009,2011,1047,2007,2006,229],"class_list":["post-929","post","type-post","status-publish","format-standard","has-post-thumbnail","hentry","category-elektriniai-automobiliai","tag-ieskini","tag-ispuoliams","tag-kalifornija","tag-kongreso","tag-neteisetoms","tag-ora","tag-pries","tag-priesintis","tag-skelbia","tag-svaru"],"aioseo_notices":[],"yoast_head":"<!-- This site is optimized with the Yoast SEO plugin v26.8 - https:\/\/yoast.com\/product\/yoast-seo-wordpress\/ -->\n<title>Kalifornija skelbia ie\u0161kin\u012f prie\u0161intis Kongreso neteis\u0117toms i\u0161puoliams prie\u0161 \u0161var\u0173 or\u0105 - Eautomobiliai.lt<\/title>\n<meta name=\"robots\" content=\"index, follow, max-snippet:-1, max-image-preview:large, max-video-preview:-1\" \/>\n<link rel=\"canonical\" href=\"http:\/\/eautomobiliai.lt\/index.php\/2025\/05\/23\/kalifornija-skelbia-ieskini-priesintis-kongreso-neteisetoms-ispuoliams-pries-svaru-ora\/\" \/>\n<meta property=\"og:locale\" content=\"lt_LT\" \/>\n<meta property=\"og:type\" content=\"article\" \/>\n<meta property=\"og:title\" content=\"Kalifornija skelbia ie\u0161kin\u012f prie\u0161intis Kongreso neteis\u0117toms i\u0161puoliams prie\u0161 \u0161var\u0173 or\u0105 - Eautomobiliai.lt\" \/>\n<meta property=\"og:description\" content=\"Kalifornija kreipsis \u012f teism\u0105, kad apsaugot\u0173 savo \u0161var\u0173 or\u0105, susid\u016br\u0119s su nelegaliais respublikon\u0173 i\u0161puoliais Kongrese, sak\u0117 Kalifornijos gubernatorius Gavinas Newsomas.&hellip;\" \/>\n<meta property=\"og:url\" content=\"http:\/\/eautomobiliai.lt\/index.php\/2025\/05\/23\/kalifornija-skelbia-ieskini-priesintis-kongreso-neteisetoms-ispuoliams-pries-svaru-ora\/\" \/>\n<meta property=\"og:site_name\" content=\"Eautomobiliai.lt\" \/>\n<meta property=\"article:published_time\" content=\"2025-05-23T01:23:14+00:00\" \/>\n<meta property=\"og:image\" content=\"http:\/\/eautomobiliai.lt\/wp-content\/uploads\/2025\/05\/Kalifornija-skelbia-ieskini-priesintis-Kongreso-neteisetoms-ispuoliams-pries-svaru-ora.jpg\" \/>\n\t<meta property=\"og:image:width\" content=\"1200\" \/>\n\t<meta property=\"og:image:height\" content=\"628\" \/>\n\t<meta property=\"og:image:type\" content=\"image\/jpeg\" \/>\n<meta name=\"author\" content=\"admin\" \/>\n<meta name=\"twitter:card\" content=\"summary_large_image\" \/>\n<meta name=\"twitter:label1\" content=\"Written by\" \/>\n\t<meta name=\"twitter:data1\" content=\"admin\" \/>\n\t<meta name=\"twitter:label2\" content=\"Est. reading time\" \/>\n\t<meta name=\"twitter:data2\" content=\"6 minut\u0117s\" \/>\n<script type=\"application\/ld+json\" class=\"yoast-schema-graph\">{\"@context\":\"https:\/\/schema.org\",\"@graph\":[{\"@type\":\"Article\",\"@id\":\"http:\/\/eautomobiliai.lt\/index.php\/2025\/05\/23\/kalifornija-skelbia-ieskini-priesintis-kongreso-neteisetoms-ispuoliams-pries-svaru-ora\/#article\",\"isPartOf\":{\"@id\":\"http:\/\/eautomobiliai.lt\/index.php\/2025\/05\/23\/kalifornija-skelbia-ieskini-priesintis-kongreso-neteisetoms-ispuoliams-pries-svaru-ora\/\"},\"author\":{\"name\":\"admin\",\"@id\":\"https:\/\/eautomobiliai.lt\/#\/schema\/person\/ecf2a967f361217d056061f74deb92f2\"},\"headline\":\"Kalifornija skelbia ie\u0161kin\u012f prie\u0161intis Kongreso neteis\u0117toms i\u0161puoliams prie\u0161 \u0161var\u0173 or\u0105\",\"datePublished\":\"2025-05-23T01:23:14+00:00\",\"mainEntityOfPage\":{\"@id\":\"http:\/\/eautomobiliai.lt\/index.php\/2025\/05\/23\/kalifornija-skelbia-ieskini-priesintis-kongreso-neteisetoms-ispuoliams-pries-svaru-ora\/\"},\"wordCount\":1276,\"commentCount\":0,\"image\":{\"@id\":\"http:\/\/eautomobiliai.lt\/index.php\/2025\/05\/23\/kalifornija-skelbia-ieskini-priesintis-kongreso-neteisetoms-ispuoliams-pries-svaru-ora\/#primaryimage\"},\"thumbnailUrl\":\"http:\/\/eautomobiliai.lt\/wp-content\/uploads\/2025\/05\/Kalifornija-skelbia-ieskini-priesintis-Kongreso-neteisetoms-ispuoliams-pries-svaru-ora.jpg\",\"keywords\":[\"ie\u0161kin\u012f\",\"i\u0161puoliams\",\"Kalifornija\",\"Kongreso\",\"neteis\u0117toms\",\"or\u0105\",\"prie\u0161\",\"prie\u0161intis\",\"skelbia\",\"svar\u0173\"],\"articleSection\":[\"ELEKTRINIAI AUTOMOBILIAI\"],\"inLanguage\":\"lt-LT\",\"potentialAction\":[{\"@type\":\"CommentAction\",\"name\":\"Comment\",\"target\":[\"http:\/\/eautomobiliai.lt\/index.php\/2025\/05\/23\/kalifornija-skelbia-ieskini-priesintis-kongreso-neteisetoms-ispuoliams-pries-svaru-ora\/#respond\"]}]},{\"@type\":\"WebPage\",\"@id\":\"http:\/\/eautomobiliai.lt\/index.php\/2025\/05\/23\/kalifornija-skelbia-ieskini-priesintis-kongreso-neteisetoms-ispuoliams-pries-svaru-ora\/\",\"url\":\"http:\/\/eautomobiliai.lt\/index.php\/2025\/05\/23\/kalifornija-skelbia-ieskini-priesintis-kongreso-neteisetoms-ispuoliams-pries-svaru-ora\/\",\"name\":\"Kalifornija skelbia ie\u0161kin\u012f prie\u0161intis Kongreso neteis\u0117toms i\u0161puoliams prie\u0161 \u0161var\u0173 or\u0105 - Eautomobiliai.lt\",\"isPartOf\":{\"@id\":\"https:\/\/eautomobiliai.lt\/#website\"},\"primaryImageOfPage\":{\"@id\":\"http:\/\/eautomobiliai.lt\/index.php\/2025\/05\/23\/kalifornija-skelbia-ieskini-priesintis-kongreso-neteisetoms-ispuoliams-pries-svaru-ora\/#primaryimage\"},\"image\":{\"@id\":\"http:\/\/eautomobiliai.lt\/index.php\/2025\/05\/23\/kalifornija-skelbia-ieskini-priesintis-kongreso-neteisetoms-ispuoliams-pries-svaru-ora\/#primaryimage\"},\"thumbnailUrl\":\"http:\/\/eautomobiliai.lt\/wp-content\/uploads\/2025\/05\/Kalifornija-skelbia-ieskini-priesintis-Kongreso-neteisetoms-ispuoliams-pries-svaru-ora.jpg\",\"datePublished\":\"2025-05-23T01:23:14+00:00\",\"author\":{\"@id\":\"https:\/\/eautomobiliai.lt\/#\/schema\/person\/ecf2a967f361217d056061f74deb92f2\"},\"breadcrumb\":{\"@id\":\"http:\/\/eautomobiliai.lt\/index.php\/2025\/05\/23\/kalifornija-skelbia-ieskini-priesintis-kongreso-neteisetoms-ispuoliams-pries-svaru-ora\/#breadcrumb\"},\"inLanguage\":\"lt-LT\",\"potentialAction\":[{\"@type\":\"ReadAction\",\"target\":[\"http:\/\/eautomobiliai.lt\/index.php\/2025\/05\/23\/kalifornija-skelbia-ieskini-priesintis-kongreso-neteisetoms-ispuoliams-pries-svaru-ora\/\"]}]},{\"@type\":\"ImageObject\",\"inLanguage\":\"lt-LT\",\"@id\":\"http:\/\/eautomobiliai.lt\/index.php\/2025\/05\/23\/kalifornija-skelbia-ieskini-priesintis-kongreso-neteisetoms-ispuoliams-pries-svaru-ora\/#primaryimage\",\"url\":\"http:\/\/eautomobiliai.lt\/wp-content\/uploads\/2025\/05\/Kalifornija-skelbia-ieskini-priesintis-Kongreso-neteisetoms-ispuoliams-pries-svaru-ora.jpg\",\"contentUrl\":\"http:\/\/eautomobiliai.lt\/wp-content\/uploads\/2025\/05\/Kalifornija-skelbia-ieskini-priesintis-Kongreso-neteisetoms-ispuoliams-pries-svaru-ora.jpg\",\"width\":1200,\"height\":628},{\"@type\":\"BreadcrumbList\",\"@id\":\"http:\/\/eautomobiliai.lt\/index.php\/2025\/05\/23\/kalifornija-skelbia-ieskini-priesintis-kongreso-neteisetoms-ispuoliams-pries-svaru-ora\/#breadcrumb\",\"itemListElement\":[{\"@type\":\"ListItem\",\"position\":1,\"name\":\"Home\",\"item\":\"https:\/\/eautomobiliai.lt\/\"},{\"@type\":\"ListItem\",\"position\":2,\"name\":\"Kalifornija skelbia ie\u0161kin\u012f prie\u0161intis Kongreso neteis\u0117toms i\u0161puoliams prie\u0161 \u0161var\u0173 or\u0105\"}]},{\"@type\":\"WebSite\",\"@id\":\"https:\/\/eautomobiliai.lt\/#website\",\"url\":\"https:\/\/eautomobiliai.lt\/\",\"name\":\"Eautomobiliai.lt\",\"description\":\"Elektrinis transportas, technologijos\",\"potentialAction\":[{\"@type\":\"SearchAction\",\"target\":{\"@type\":\"EntryPoint\",\"urlTemplate\":\"https:\/\/eautomobiliai.lt\/?s={search_term_string}\"},\"query-input\":{\"@type\":\"PropertyValueSpecification\",\"valueRequired\":true,\"valueName\":\"search_term_string\"}}],\"inLanguage\":\"lt-LT\"},{\"@type\":\"Person\",\"@id\":\"https:\/\/eautomobiliai.lt\/#\/schema\/person\/ecf2a967f361217d056061f74deb92f2\",\"name\":\"admin\",\"image\":{\"@type\":\"ImageObject\",\"inLanguage\":\"lt-LT\",\"@id\":\"https:\/\/eautomobiliai.lt\/#\/schema\/person\/image\/\",\"url\":\"https:\/\/secure.gravatar.com\/avatar\/6323379efae0c70c686c7905444d6bbd?s=96&d=mm&r=g\",\"contentUrl\":\"https:\/\/secure.gravatar.com\/avatar\/6323379efae0c70c686c7905444d6bbd?s=96&d=mm&r=g\",\"caption\":\"admin\"},\"sameAs\":[\"http:\/\/eautomobiliai.lt\"],\"url\":\"http:\/\/eautomobiliai.lt\/index.php\/author\/admin\/\"}]}<\/script>\n<!-- \/ Yoast SEO plugin. -->","yoast_head_json":{"title":"Kalifornija skelbia ie\u0161kin\u012f prie\u0161intis Kongreso neteis\u0117toms i\u0161puoliams prie\u0161 \u0161var\u0173 or\u0105 - Eautomobiliai.lt","robots":{"index":"index","follow":"follow","max-snippet":"max-snippet:-1","max-image-preview":"max-image-preview:large","max-video-preview":"max-video-preview:-1"},"canonical":"http:\/\/eautomobiliai.lt\/index.php\/2025\/05\/23\/kalifornija-skelbia-ieskini-priesintis-kongreso-neteisetoms-ispuoliams-pries-svaru-ora\/","og_locale":"lt_LT","og_type":"article","og_title":"Kalifornija skelbia ie\u0161kin\u012f prie\u0161intis Kongreso neteis\u0117toms i\u0161puoliams prie\u0161 \u0161var\u0173 or\u0105 - Eautomobiliai.lt","og_description":"Kalifornija kreipsis \u012f teism\u0105, kad apsaugot\u0173 savo \u0161var\u0173 or\u0105, susid\u016br\u0119s su nelegaliais respublikon\u0173 i\u0161puoliais Kongrese, sak\u0117 Kalifornijos gubernatorius Gavinas Newsomas.&hellip;","og_url":"http:\/\/eautomobiliai.lt\/index.php\/2025\/05\/23\/kalifornija-skelbia-ieskini-priesintis-kongreso-neteisetoms-ispuoliams-pries-svaru-ora\/","og_site_name":"Eautomobiliai.lt","article_published_time":"2025-05-23T01:23:14+00:00","og_image":[{"width":1200,"height":628,"url":"http:\/\/eautomobiliai.lt\/wp-content\/uploads\/2025\/05\/Kalifornija-skelbia-ieskini-priesintis-Kongreso-neteisetoms-ispuoliams-pries-svaru-ora.jpg","type":"image\/jpeg"}],"author":"admin","twitter_card":"summary_large_image","twitter_misc":{"Written by":"admin","Est. reading time":"6 minut\u0117s"},"schema":{"@context":"https:\/\/schema.org","@graph":[{"@type":"Article","@id":"http:\/\/eautomobiliai.lt\/index.php\/2025\/05\/23\/kalifornija-skelbia-ieskini-priesintis-kongreso-neteisetoms-ispuoliams-pries-svaru-ora\/#article","isPartOf":{"@id":"http:\/\/eautomobiliai.lt\/index.php\/2025\/05\/23\/kalifornija-skelbia-ieskini-priesintis-kongreso-neteisetoms-ispuoliams-pries-svaru-ora\/"},"author":{"name":"admin","@id":"https:\/\/eautomobiliai.lt\/#\/schema\/person\/ecf2a967f361217d056061f74deb92f2"},"headline":"Kalifornija skelbia ie\u0161kin\u012f prie\u0161intis Kongreso neteis\u0117toms i\u0161puoliams prie\u0161 \u0161var\u0173 or\u0105","datePublished":"2025-05-23T01:23:14+00:00","mainEntityOfPage":{"@id":"http:\/\/eautomobiliai.lt\/index.php\/2025\/05\/23\/kalifornija-skelbia-ieskini-priesintis-kongreso-neteisetoms-ispuoliams-pries-svaru-ora\/"},"wordCount":1276,"commentCount":0,"image":{"@id":"http:\/\/eautomobiliai.lt\/index.php\/2025\/05\/23\/kalifornija-skelbia-ieskini-priesintis-kongreso-neteisetoms-ispuoliams-pries-svaru-ora\/#primaryimage"},"thumbnailUrl":"http:\/\/eautomobiliai.lt\/wp-content\/uploads\/2025\/05\/Kalifornija-skelbia-ieskini-priesintis-Kongreso-neteisetoms-ispuoliams-pries-svaru-ora.jpg","keywords":["ie\u0161kin\u012f","i\u0161puoliams","Kalifornija","Kongreso","neteis\u0117toms","or\u0105","prie\u0161","prie\u0161intis","skelbia","svar\u0173"],"articleSection":["ELEKTRINIAI AUTOMOBILIAI"],"inLanguage":"lt-LT","potentialAction":[{"@type":"CommentAction","name":"Comment","target":["http:\/\/eautomobiliai.lt\/index.php\/2025\/05\/23\/kalifornija-skelbia-ieskini-priesintis-kongreso-neteisetoms-ispuoliams-pries-svaru-ora\/#respond"]}]},{"@type":"WebPage","@id":"http:\/\/eautomobiliai.lt\/index.php\/2025\/05\/23\/kalifornija-skelbia-ieskini-priesintis-kongreso-neteisetoms-ispuoliams-pries-svaru-ora\/","url":"http:\/\/eautomobiliai.lt\/index.php\/2025\/05\/23\/kalifornija-skelbia-ieskini-priesintis-kongreso-neteisetoms-ispuoliams-pries-svaru-ora\/","name":"Kalifornija skelbia ie\u0161kin\u012f prie\u0161intis Kongreso neteis\u0117toms i\u0161puoliams prie\u0161 \u0161var\u0173 or\u0105 - Eautomobiliai.lt","isPartOf":{"@id":"https:\/\/eautomobiliai.lt\/#website"},"primaryImageOfPage":{"@id":"http:\/\/eautomobiliai.lt\/index.php\/2025\/05\/23\/kalifornija-skelbia-ieskini-priesintis-kongreso-neteisetoms-ispuoliams-pries-svaru-ora\/#primaryimage"},"image":{"@id":"http:\/\/eautomobiliai.lt\/index.php\/2025\/05\/23\/kalifornija-skelbia-ieskini-priesintis-kongreso-neteisetoms-ispuoliams-pries-svaru-ora\/#primaryimage"},"thumbnailUrl":"http:\/\/eautomobiliai.lt\/wp-content\/uploads\/2025\/05\/Kalifornija-skelbia-ieskini-priesintis-Kongreso-neteisetoms-ispuoliams-pries-svaru-ora.jpg","datePublished":"2025-05-23T01:23:14+00:00","author":{"@id":"https:\/\/eautomobiliai.lt\/#\/schema\/person\/ecf2a967f361217d056061f74deb92f2"},"breadcrumb":{"@id":"http:\/\/eautomobiliai.lt\/index.php\/2025\/05\/23\/kalifornija-skelbia-ieskini-priesintis-kongreso-neteisetoms-ispuoliams-pries-svaru-ora\/#breadcrumb"},"inLanguage":"lt-LT","potentialAction":[{"@type":"ReadAction","target":["http:\/\/eautomobiliai.lt\/index.php\/2025\/05\/23\/kalifornija-skelbia-ieskini-priesintis-kongreso-neteisetoms-ispuoliams-pries-svaru-ora\/"]}]},{"@type":"ImageObject","inLanguage":"lt-LT","@id":"http:\/\/eautomobiliai.lt\/index.php\/2025\/05\/23\/kalifornija-skelbia-ieskini-priesintis-kongreso-neteisetoms-ispuoliams-pries-svaru-ora\/#primaryimage","url":"http:\/\/eautomobiliai.lt\/wp-content\/uploads\/2025\/05\/Kalifornija-skelbia-ieskini-priesintis-Kongreso-neteisetoms-ispuoliams-pries-svaru-ora.jpg","contentUrl":"http:\/\/eautomobiliai.lt\/wp-content\/uploads\/2025\/05\/Kalifornija-skelbia-ieskini-priesintis-Kongreso-neteisetoms-ispuoliams-pries-svaru-ora.jpg","width":1200,"height":628},{"@type":"BreadcrumbList","@id":"http:\/\/eautomobiliai.lt\/index.php\/2025\/05\/23\/kalifornija-skelbia-ieskini-priesintis-kongreso-neteisetoms-ispuoliams-pries-svaru-ora\/#breadcrumb","itemListElement":[{"@type":"ListItem","position":1,"name":"Home","item":"https:\/\/eautomobiliai.lt\/"},{"@type":"ListItem","position":2,"name":"Kalifornija skelbia ie\u0161kin\u012f prie\u0161intis Kongreso neteis\u0117toms i\u0161puoliams prie\u0161 \u0161var\u0173 or\u0105"}]},{"@type":"WebSite","@id":"https:\/\/eautomobiliai.lt\/#website","url":"https:\/\/eautomobiliai.lt\/","name":"Eautomobiliai.lt","description":"Elektrinis transportas, technologijos","potentialAction":[{"@type":"SearchAction","target":{"@type":"EntryPoint","urlTemplate":"https:\/\/eautomobiliai.lt\/?s={search_term_string}"},"query-input":{"@type":"PropertyValueSpecification","valueRequired":true,"valueName":"search_term_string"}}],"inLanguage":"lt-LT"},{"@type":"Person","@id":"https:\/\/eautomobiliai.lt\/#\/schema\/person\/ecf2a967f361217d056061f74deb92f2","name":"admin","image":{"@type":"ImageObject","inLanguage":"lt-LT","@id":"https:\/\/eautomobiliai.lt\/#\/schema\/person\/image\/","url":"https:\/\/secure.gravatar.com\/avatar\/6323379efae0c70c686c7905444d6bbd?s=96&d=mm&r=g","contentUrl":"https:\/\/secure.gravatar.com\/avatar\/6323379efae0c70c686c7905444d6bbd?s=96&d=mm&r=g","caption":"admin"},"sameAs":["http:\/\/eautomobiliai.lt"],"url":"http:\/\/eautomobiliai.lt\/index.php\/author\/admin\/"}]}},"_links":{"self":[{"href":"http:\/\/eautomobiliai.lt\/index.php\/wp-json\/wp\/v2\/posts\/929","targetHints":{"allow":["GET"]}}],"collection":[{"href":"http:\/\/eautomobiliai.lt\/index.php\/wp-json\/wp\/v2\/posts"}],"about":[{"href":"http:\/\/eautomobiliai.lt\/index.php\/wp-json\/wp\/v2\/types\/post"}],"author":[{"embeddable":true,"href":"http:\/\/eautomobiliai.lt\/index.php\/wp-json\/wp\/v2\/users\/1"}],"replies":[{"embeddable":true,"href":"http:\/\/eautomobiliai.lt\/index.php\/wp-json\/wp\/v2\/comments?post=929"}],"version-history":[{"count":0,"href":"http:\/\/eautomobiliai.lt\/index.php\/wp-json\/wp\/v2\/posts\/929\/revisions"}],"wp:featuredmedia":[{"embeddable":true,"href":"http:\/\/eautomobiliai.lt\/index.php\/wp-json\/wp\/v2\/media\/930"}],"wp:attachment":[{"href":"http:\/\/eautomobiliai.lt\/index.php\/wp-json\/wp\/v2\/media?parent=929"}],"wp:term":[{"taxonomy":"category","embeddable":true,"href":"http:\/\/eautomobiliai.lt\/index.php\/wp-json\/wp\/v2\/categories?post=929"},{"taxonomy":"post_tag","embeddable":true,"href":"http:\/\/eautomobiliai.lt\/index.php\/wp-json\/wp\/v2\/tags?post=929"}],"curies":[{"name":"wp","href":"https:\/\/api.w.org\/{rel}","templated":true}]}}