{"id":931,"date":"2025-05-23T04:45:17","date_gmt":"2025-05-23T04:45:17","guid":{"rendered":"http:\/\/eautomobiliai.lt\/index.php\/2025\/05\/23\/teiginiai-jk-sumazins-automobiliu-degalu-bakus-kad-ev-konkurencingi-butu-nesamone\/"},"modified":"2025-05-23T04:45:17","modified_gmt":"2025-05-23T04:45:17","slug":"teiginiai-jk-sumazins-automobiliu-degalu-bakus-kad-ev-konkurencingi-butu-nesamone","status":"publish","type":"post","link":"http:\/\/eautomobiliai.lt\/index.php\/2025\/05\/23\/teiginiai-jk-sumazins-automobiliu-degalu-bakus-kad-ev-konkurencingi-butu-nesamone\/","title":{"rendered":"Teiginiai JK suma\u017eins automobili\u0173 degal\u0173 bakus, kad EV konkurencingi b\u016bt\u0173 nes\u0105mon\u0117"},"content":{"rendered":"<p> <br \/>\n<\/p>\n<div id=\"\">\n<p><b>Kas buvo teigiama<\/b><\/p>\n<p>JK vyriausyb\u0117 suma\u017eins transporto priemoni\u0173 degal\u0173 bak\u0173 paj\u0117gumus nuo 2026 m.<\/p>\n<p><b>M\u016bs\u0173 nuosprendis<\/b><\/p>\n<p>Melaginga. Ie\u0161kinys kilo kaip baland\u017eio kvailio dienos pok\u0161tas.<\/p>\n<p>AAP FACTCHECK &#8211; netikras Did\u017eiosios Britanijos vyriausyb\u0117s \u017einiasklaidos prane\u0161imas, kuriame apra\u0161oma nauja automobili\u0173 degal\u0173 rezervuar\u0173 paj\u0117gum\u0173 ma\u017einimo politika, plinta internete.<\/p>\n<p>Ta\u010diau JK vyriausyb\u0117 sako, kad dokumentas yra pagamintas, ir i\u0161 prad\u017ei\u0173 jis buvo pasidalytas kaip akivaizdus baland\u017eio kvailio dienos pok\u0161tas.<\/p>\n<p>Ie\u0161kinys yra \u201eFacebook\u201c ritinyje, kuriame pateikiamas tariamo \u017einiasklaidos prane\u0161imo i\u0161 Energetikos saugumo departamento ir \u201eNet Zero\u201c prane\u0161imo vartotojo, kuris, atrodo, yra Australijoje, \u012fvaizd\u012f.<\/p>\n<p>Jame teigiama, kad nuo 2026 m. Nauji automobiliai tur\u0117s ne daugiau kaip 20 litr\u0173 degal\u0173 bak\u0105, kuris iki 2030 m. Bus suma\u017eintas iki 10 litr\u0173.<\/p>\n<p>Dokumente taip pat teigiama, kad apribojus benzino transporto priemoni\u0173 asortiment\u0105, \u017eaidimo s\u0105lygas i\u0161lygins elektromobiliais.<\/p>\n<p>&#8222;\u0160i beprotyb\u0117 tampa diktatori\u0161ka! Laikas &#8230; laikas organizuoti ir laikas pakilti!&#8221; \u201eFacebook\u201c rit\u0117s antra\u0161t\u0117 sak\u0117.<\/p>\n<p>Kitas \u201eFacebook\u201c \u012fra\u0161as teig\u0117, kad tariama JK politika netrukus bus prad\u0117ta per kitas penkias \u017evalgybos dalijimosi tautas: Kanada, Naujoji Zelandija, JAV ir Australija.<\/p>\n<p>\u201eDistopinis scenarijus atsiskleid\u017eia teisingai pagal tvarkara\u0161t\u012f. Ateinan\u010diais metais nutek\u0117j\u0119s prane\u0161imas spaudai patvirtino, kad nauji \u012fstatymai per ateinan\u010dius metus priverstinai suma\u017eins degal\u0173 bak\u0173 dyd\u017eius\u201c, &#8211; sakoma antra\u0161t\u0117je.<\/p>\n<p>\u201eKai \u0161is \u012fstatymas pasieks Australij\u0105, b\u016bsiu priverstas degal\u0173 papildymo kas 15 minu\u010di\u0173 pagal j\u0173 klimato u\u017erakto program\u0105.<\/p>\n<p>\u201eJie u\u017edengia degal\u0173 rezervuarus 20 litr\u0173, o tai rei\u0161kia, kad dauguma \u017emoni\u0173 vos negaus 20 minu\u010di\u0173 va\u017eiavimo laiko, kol b\u0117gs tu\u0161\u010dias\u201c.<\/p>\n<p>Kai kuriuose \u201eFacebook\u201c \u012fra\u0161uose yra pilna dokumento versija, kurioje yra \u201eatstovo spaudai\u201c, pavadintos \u201eAprile Fulz\u201c, citata.<\/p>\n<p>Leidimo data nurodyta kaip 2025 m. Baland\u017eio 1 d.<\/p>\n<p>Nors JK vyriausyb\u0117s politika iki 2030 m. Kaip 2030 m. Parduoti nauj\u0173 benzino ir dyzelini\u0173 automobili\u0173 pardavim\u0105 kaip savo anglies i\u0161metimo ma\u017einimo tiksl\u0173 dal\u012f, sakoma, kad teiginys d\u0117l variklio paj\u0117gum\u0173 ma\u017einimo yra klaidingas.<\/p>\n<p>JK energetinio saugumo departamentas ir \u201eNet Zero\u201c atstovas pasakojo <b>AAP FACTHECK<\/b> Tai, kad ie\u0161kinyje nebuvo tiesos, o paleidimas nebuvo kil\u0119s i\u0161 departamento.<\/p>\n<p>\u201eReuters\u201c fakt\u0173 patikrinimas ir logi\u0161kai faktai abu panaikino ie\u0161kin\u012f.<\/p>\n<p>\u201eAAP FaceCheck\u201c yra akredituotas tarptautinio fakt\u0173 tikrinimo tinklo narys. Nor\u0117dami neatsilikti nuo naujausi\u0173 fakt\u0173 patikrinim\u0173, sekite mus \u201eFacebook\u201c, \u201eInstagram\u201c, gijos, <a href=\"https:\/\/twitter.com\/AapFactcheck\" target=\"_blank\" rel=\"noopener\">X<\/a>\u201eBluesky\u201c, \u201eTiktok\u201c ir \u201eYouTube\u201c.<\/p>\n<p><em>\u0160altinis: AAP<\/em><\/p>\n<p><!-- AI CONTENT END 1 --><\/p><\/div>\n<p><script async src=\"\/\/platform.twitter.com\/widgets.js\" charset=\"utf-8\"><\/script><script async src=\"\/\/www.instagram.com\/embed.js\"><\/script><script async src=\"\/\/www.tiktok.com\/embed.js\"><\/script><br \/>\n<br \/><br \/>\n<br \/><a href=\"https:\/\/thedriven.io\/2025\/05\/23\/aap-factcheck-claims-uk-will-reduce-car-fuel-tanks-to-make-evs-competitive-is-nonsense\/\">Source link <\/a><\/p>\n","protected":false},"excerpt":{"rendered":"<p>Kas buvo teigiama JK vyriausyb\u0117 suma\u017eins transporto priemoni\u0173 degal\u0173 bak\u0173 paj\u0117gumus nuo 2026 m. M\u016bs\u0173 nuosprendis Melaginga. Ie\u0161kinys kilo kaip&hellip;<\/p>\n","protected":false},"author":1,"featured_media":932,"comment_status":"open","ping_status":"open","sticky":false,"template":"","format":"standard","meta":{"om_disable_all_campaigns":false,"_monsterinsights_skip_tracking":false,"_monsterinsights_sitenote_active":false,"_monsterinsights_sitenote_note":"","_monsterinsights_sitenote_category":0,"footnotes":""},"categories":[39],"tags":[96,2014,340,1011,339,2015,2016,2013,2012],"class_list":["post-931","post","type-post","status-publish","format-standard","has-post-thumbnail","hentry","category-eautomobiliu-technine-puse","tag-automobiliu","tag-bakus","tag-butu","tag-degalu","tag-kad","tag-konkurencingi","tag-nesamone","tag-sumazins","tag-teiginiai"],"aioseo_notices":[],"yoast_head":"<!-- This site is optimized with the Yoast SEO plugin v26.8 - https:\/\/yoast.com\/product\/yoast-seo-wordpress\/ -->\n<title>Teiginiai JK suma\u017eins automobili\u0173 degal\u0173 bakus, kad EV konkurencingi b\u016bt\u0173 nes\u0105mon\u0117 - Eautomobiliai.lt<\/title>\n<meta name=\"robots\" content=\"index, follow, max-snippet:-1, max-image-preview:large, max-video-preview:-1\" \/>\n<link rel=\"canonical\" href=\"https:\/\/eautomobiliai.lt\/index.php\/2025\/05\/23\/teiginiai-jk-sumazins-automobiliu-degalu-bakus-kad-ev-konkurencingi-butu-nesamone\/\" \/>\n<meta property=\"og:locale\" content=\"lt_LT\" \/>\n<meta property=\"og:type\" content=\"article\" \/>\n<meta property=\"og:title\" content=\"Teiginiai JK suma\u017eins automobili\u0173 degal\u0173 bakus, kad EV konkurencingi b\u016bt\u0173 nes\u0105mon\u0117 - Eautomobiliai.lt\" \/>\n<meta property=\"og:description\" content=\"Kas buvo teigiama JK vyriausyb\u0117 suma\u017eins transporto priemoni\u0173 degal\u0173 bak\u0173 paj\u0117gumus nuo 2026 m. M\u016bs\u0173 nuosprendis Melaginga. Ie\u0161kinys kilo kaip&hellip;\" \/>\n<meta property=\"og:url\" content=\"https:\/\/eautomobiliai.lt\/index.php\/2025\/05\/23\/teiginiai-jk-sumazins-automobiliu-degalu-bakus-kad-ev-konkurencingi-butu-nesamone\/\" \/>\n<meta property=\"og:site_name\" content=\"Eautomobiliai.lt\" \/>\n<meta property=\"article:published_time\" content=\"2025-05-23T04:45:17+00:00\" \/>\n<meta property=\"og:image\" content=\"https:\/\/eautomobiliai.lt\/wp-content\/uploads\/2025\/05\/Teiginiai-JK-sumazins-automobiliu-degalu-bakus-kad-EV-konkurencingi-butu.jpg\" \/>\n\t<meta property=\"og:image:width\" content=\"1200\" \/>\n\t<meta property=\"og:image:height\" content=\"900\" \/>\n\t<meta property=\"og:image:type\" content=\"image\/jpeg\" \/>\n<meta name=\"author\" content=\"admin\" \/>\n<meta name=\"twitter:card\" content=\"summary_large_image\" \/>\n<meta name=\"twitter:label1\" content=\"Written by\" \/>\n\t<meta name=\"twitter:data1\" content=\"admin\" \/>\n\t<meta name=\"twitter:label2\" content=\"Est. reading time\" \/>\n\t<meta name=\"twitter:data2\" content=\"2 minut\u0117s\" \/>\n<script type=\"application\/ld+json\" class=\"yoast-schema-graph\">{\"@context\":\"https:\/\/schema.org\",\"@graph\":[{\"@type\":\"Article\",\"@id\":\"https:\/\/eautomobiliai.lt\/index.php\/2025\/05\/23\/teiginiai-jk-sumazins-automobiliu-degalu-bakus-kad-ev-konkurencingi-butu-nesamone\/#article\",\"isPartOf\":{\"@id\":\"https:\/\/eautomobiliai.lt\/index.php\/2025\/05\/23\/teiginiai-jk-sumazins-automobiliu-degalu-bakus-kad-ev-konkurencingi-butu-nesamone\/\"},\"author\":{\"name\":\"admin\",\"@id\":\"https:\/\/eautomobiliai.lt\/#\/schema\/person\/ecf2a967f361217d056061f74deb92f2\"},\"headline\":\"Teiginiai JK suma\u017eins automobili\u0173 degal\u0173 bakus, kad EV konkurencingi b\u016bt\u0173 nes\u0105mon\u0117\",\"datePublished\":\"2025-05-23T04:45:17+00:00\",\"mainEntityOfPage\":{\"@id\":\"https:\/\/eautomobiliai.lt\/index.php\/2025\/05\/23\/teiginiai-jk-sumazins-automobiliu-degalu-bakus-kad-ev-konkurencingi-butu-nesamone\/\"},\"wordCount\":410,\"commentCount\":0,\"image\":{\"@id\":\"https:\/\/eautomobiliai.lt\/index.php\/2025\/05\/23\/teiginiai-jk-sumazins-automobiliu-degalu-bakus-kad-ev-konkurencingi-butu-nesamone\/#primaryimage\"},\"thumbnailUrl\":\"http:\/\/eautomobiliai.lt\/wp-content\/uploads\/2025\/05\/Teiginiai-JK-sumazins-automobiliu-degalu-bakus-kad-EV-konkurencingi-butu.jpg\",\"keywords\":[\"automobili\u0173\",\"bakus\",\"b\u016bt\u0173\",\"degal\u0173\",\"kad\",\"konkurencingi\",\"nes\u0105mon\u0117\",\"suma\u017eins\",\"Teiginiai\"],\"articleSection\":[\"eAUTOMOBILI\u0172 TECHNIN\u0116 PUS\u0116\"],\"inLanguage\":\"lt-LT\",\"potentialAction\":[{\"@type\":\"CommentAction\",\"name\":\"Comment\",\"target\":[\"https:\/\/eautomobiliai.lt\/index.php\/2025\/05\/23\/teiginiai-jk-sumazins-automobiliu-degalu-bakus-kad-ev-konkurencingi-butu-nesamone\/#respond\"]}]},{\"@type\":\"WebPage\",\"@id\":\"https:\/\/eautomobiliai.lt\/index.php\/2025\/05\/23\/teiginiai-jk-sumazins-automobiliu-degalu-bakus-kad-ev-konkurencingi-butu-nesamone\/\",\"url\":\"https:\/\/eautomobiliai.lt\/index.php\/2025\/05\/23\/teiginiai-jk-sumazins-automobiliu-degalu-bakus-kad-ev-konkurencingi-butu-nesamone\/\",\"name\":\"Teiginiai JK suma\u017eins automobili\u0173 degal\u0173 bakus, kad EV konkurencingi b\u016bt\u0173 nes\u0105mon\u0117 - Eautomobiliai.lt\",\"isPartOf\":{\"@id\":\"https:\/\/eautomobiliai.lt\/#website\"},\"primaryImageOfPage\":{\"@id\":\"https:\/\/eautomobiliai.lt\/index.php\/2025\/05\/23\/teiginiai-jk-sumazins-automobiliu-degalu-bakus-kad-ev-konkurencingi-butu-nesamone\/#primaryimage\"},\"image\":{\"@id\":\"https:\/\/eautomobiliai.lt\/index.php\/2025\/05\/23\/teiginiai-jk-sumazins-automobiliu-degalu-bakus-kad-ev-konkurencingi-butu-nesamone\/#primaryimage\"},\"thumbnailUrl\":\"http:\/\/eautomobiliai.lt\/wp-content\/uploads\/2025\/05\/Teiginiai-JK-sumazins-automobiliu-degalu-bakus-kad-EV-konkurencingi-butu.jpg\",\"datePublished\":\"2025-05-23T04:45:17+00:00\",\"author\":{\"@id\":\"https:\/\/eautomobiliai.lt\/#\/schema\/person\/ecf2a967f361217d056061f74deb92f2\"},\"breadcrumb\":{\"@id\":\"https:\/\/eautomobiliai.lt\/index.php\/2025\/05\/23\/teiginiai-jk-sumazins-automobiliu-degalu-bakus-kad-ev-konkurencingi-butu-nesamone\/#breadcrumb\"},\"inLanguage\":\"lt-LT\",\"potentialAction\":[{\"@type\":\"ReadAction\",\"target\":[\"https:\/\/eautomobiliai.lt\/index.php\/2025\/05\/23\/teiginiai-jk-sumazins-automobiliu-degalu-bakus-kad-ev-konkurencingi-butu-nesamone\/\"]}]},{\"@type\":\"ImageObject\",\"inLanguage\":\"lt-LT\",\"@id\":\"https:\/\/eautomobiliai.lt\/index.php\/2025\/05\/23\/teiginiai-jk-sumazins-automobiliu-degalu-bakus-kad-ev-konkurencingi-butu-nesamone\/#primaryimage\",\"url\":\"http:\/\/eautomobiliai.lt\/wp-content\/uploads\/2025\/05\/Teiginiai-JK-sumazins-automobiliu-degalu-bakus-kad-EV-konkurencingi-butu.jpg\",\"contentUrl\":\"http:\/\/eautomobiliai.lt\/wp-content\/uploads\/2025\/05\/Teiginiai-JK-sumazins-automobiliu-degalu-bakus-kad-EV-konkurencingi-butu.jpg\",\"width\":1200,\"height\":900},{\"@type\":\"BreadcrumbList\",\"@id\":\"https:\/\/eautomobiliai.lt\/index.php\/2025\/05\/23\/teiginiai-jk-sumazins-automobiliu-degalu-bakus-kad-ev-konkurencingi-butu-nesamone\/#breadcrumb\",\"itemListElement\":[{\"@type\":\"ListItem\",\"position\":1,\"name\":\"Home\",\"item\":\"https:\/\/eautomobiliai.lt\/\"},{\"@type\":\"ListItem\",\"position\":2,\"name\":\"Teiginiai JK suma\u017eins automobili\u0173 degal\u0173 bakus, kad EV konkurencingi b\u016bt\u0173 nes\u0105mon\u0117\"}]},{\"@type\":\"WebSite\",\"@id\":\"https:\/\/eautomobiliai.lt\/#website\",\"url\":\"https:\/\/eautomobiliai.lt\/\",\"name\":\"Eautomobiliai.lt\",\"description\":\"Elektrinis transportas, technologijos\",\"potentialAction\":[{\"@type\":\"SearchAction\",\"target\":{\"@type\":\"EntryPoint\",\"urlTemplate\":\"https:\/\/eautomobiliai.lt\/?s={search_term_string}\"},\"query-input\":{\"@type\":\"PropertyValueSpecification\",\"valueRequired\":true,\"valueName\":\"search_term_string\"}}],\"inLanguage\":\"lt-LT\"},{\"@type\":\"Person\",\"@id\":\"https:\/\/eautomobiliai.lt\/#\/schema\/person\/ecf2a967f361217d056061f74deb92f2\",\"name\":\"admin\",\"image\":{\"@type\":\"ImageObject\",\"inLanguage\":\"lt-LT\",\"@id\":\"https:\/\/eautomobiliai.lt\/#\/schema\/person\/image\/\",\"url\":\"https:\/\/secure.gravatar.com\/avatar\/6323379efae0c70c686c7905444d6bbd?s=96&d=mm&r=g\",\"contentUrl\":\"https:\/\/secure.gravatar.com\/avatar\/6323379efae0c70c686c7905444d6bbd?s=96&d=mm&r=g\",\"caption\":\"admin\"},\"sameAs\":[\"http:\/\/eautomobiliai.lt\"],\"url\":\"http:\/\/eautomobiliai.lt\/index.php\/author\/admin\/\"}]}<\/script>\n<!-- \/ Yoast SEO plugin. -->","yoast_head_json":{"title":"Teiginiai JK suma\u017eins automobili\u0173 degal\u0173 bakus, kad EV konkurencingi b\u016bt\u0173 nes\u0105mon\u0117 - Eautomobiliai.lt","robots":{"index":"index","follow":"follow","max-snippet":"max-snippet:-1","max-image-preview":"max-image-preview:large","max-video-preview":"max-video-preview:-1"},"canonical":"https:\/\/eautomobiliai.lt\/index.php\/2025\/05\/23\/teiginiai-jk-sumazins-automobiliu-degalu-bakus-kad-ev-konkurencingi-butu-nesamone\/","og_locale":"lt_LT","og_type":"article","og_title":"Teiginiai JK suma\u017eins automobili\u0173 degal\u0173 bakus, kad EV konkurencingi b\u016bt\u0173 nes\u0105mon\u0117 - Eautomobiliai.lt","og_description":"Kas buvo teigiama JK vyriausyb\u0117 suma\u017eins transporto priemoni\u0173 degal\u0173 bak\u0173 paj\u0117gumus nuo 2026 m. M\u016bs\u0173 nuosprendis Melaginga. Ie\u0161kinys kilo kaip&hellip;","og_url":"https:\/\/eautomobiliai.lt\/index.php\/2025\/05\/23\/teiginiai-jk-sumazins-automobiliu-degalu-bakus-kad-ev-konkurencingi-butu-nesamone\/","og_site_name":"Eautomobiliai.lt","article_published_time":"2025-05-23T04:45:17+00:00","og_image":[{"width":1200,"height":900,"url":"https:\/\/eautomobiliai.lt\/wp-content\/uploads\/2025\/05\/Teiginiai-JK-sumazins-automobiliu-degalu-bakus-kad-EV-konkurencingi-butu.jpg","type":"image\/jpeg"}],"author":"admin","twitter_card":"summary_large_image","twitter_misc":{"Written by":"admin","Est. reading time":"2 minut\u0117s"},"schema":{"@context":"https:\/\/schema.org","@graph":[{"@type":"Article","@id":"https:\/\/eautomobiliai.lt\/index.php\/2025\/05\/23\/teiginiai-jk-sumazins-automobiliu-degalu-bakus-kad-ev-konkurencingi-butu-nesamone\/#article","isPartOf":{"@id":"https:\/\/eautomobiliai.lt\/index.php\/2025\/05\/23\/teiginiai-jk-sumazins-automobiliu-degalu-bakus-kad-ev-konkurencingi-butu-nesamone\/"},"author":{"name":"admin","@id":"https:\/\/eautomobiliai.lt\/#\/schema\/person\/ecf2a967f361217d056061f74deb92f2"},"headline":"Teiginiai JK suma\u017eins automobili\u0173 degal\u0173 bakus, kad EV konkurencingi b\u016bt\u0173 nes\u0105mon\u0117","datePublished":"2025-05-23T04:45:17+00:00","mainEntityOfPage":{"@id":"https:\/\/eautomobiliai.lt\/index.php\/2025\/05\/23\/teiginiai-jk-sumazins-automobiliu-degalu-bakus-kad-ev-konkurencingi-butu-nesamone\/"},"wordCount":410,"commentCount":0,"image":{"@id":"https:\/\/eautomobiliai.lt\/index.php\/2025\/05\/23\/teiginiai-jk-sumazins-automobiliu-degalu-bakus-kad-ev-konkurencingi-butu-nesamone\/#primaryimage"},"thumbnailUrl":"http:\/\/eautomobiliai.lt\/wp-content\/uploads\/2025\/05\/Teiginiai-JK-sumazins-automobiliu-degalu-bakus-kad-EV-konkurencingi-butu.jpg","keywords":["automobili\u0173","bakus","b\u016bt\u0173","degal\u0173","kad","konkurencingi","nes\u0105mon\u0117","suma\u017eins","Teiginiai"],"articleSection":["eAUTOMOBILI\u0172 TECHNIN\u0116 PUS\u0116"],"inLanguage":"lt-LT","potentialAction":[{"@type":"CommentAction","name":"Comment","target":["https:\/\/eautomobiliai.lt\/index.php\/2025\/05\/23\/teiginiai-jk-sumazins-automobiliu-degalu-bakus-kad-ev-konkurencingi-butu-nesamone\/#respond"]}]},{"@type":"WebPage","@id":"https:\/\/eautomobiliai.lt\/index.php\/2025\/05\/23\/teiginiai-jk-sumazins-automobiliu-degalu-bakus-kad-ev-konkurencingi-butu-nesamone\/","url":"https:\/\/eautomobiliai.lt\/index.php\/2025\/05\/23\/teiginiai-jk-sumazins-automobiliu-degalu-bakus-kad-ev-konkurencingi-butu-nesamone\/","name":"Teiginiai JK suma\u017eins automobili\u0173 degal\u0173 bakus, kad EV konkurencingi b\u016bt\u0173 nes\u0105mon\u0117 - Eautomobiliai.lt","isPartOf":{"@id":"https:\/\/eautomobiliai.lt\/#website"},"primaryImageOfPage":{"@id":"https:\/\/eautomobiliai.lt\/index.php\/2025\/05\/23\/teiginiai-jk-sumazins-automobiliu-degalu-bakus-kad-ev-konkurencingi-butu-nesamone\/#primaryimage"},"image":{"@id":"https:\/\/eautomobiliai.lt\/index.php\/2025\/05\/23\/teiginiai-jk-sumazins-automobiliu-degalu-bakus-kad-ev-konkurencingi-butu-nesamone\/#primaryimage"},"thumbnailUrl":"http:\/\/eautomobiliai.lt\/wp-content\/uploads\/2025\/05\/Teiginiai-JK-sumazins-automobiliu-degalu-bakus-kad-EV-konkurencingi-butu.jpg","datePublished":"2025-05-23T04:45:17+00:00","author":{"@id":"https:\/\/eautomobiliai.lt\/#\/schema\/person\/ecf2a967f361217d056061f74deb92f2"},"breadcrumb":{"@id":"https:\/\/eautomobiliai.lt\/index.php\/2025\/05\/23\/teiginiai-jk-sumazins-automobiliu-degalu-bakus-kad-ev-konkurencingi-butu-nesamone\/#breadcrumb"},"inLanguage":"lt-LT","potentialAction":[{"@type":"ReadAction","target":["https:\/\/eautomobiliai.lt\/index.php\/2025\/05\/23\/teiginiai-jk-sumazins-automobiliu-degalu-bakus-kad-ev-konkurencingi-butu-nesamone\/"]}]},{"@type":"ImageObject","inLanguage":"lt-LT","@id":"https:\/\/eautomobiliai.lt\/index.php\/2025\/05\/23\/teiginiai-jk-sumazins-automobiliu-degalu-bakus-kad-ev-konkurencingi-butu-nesamone\/#primaryimage","url":"http:\/\/eautomobiliai.lt\/wp-content\/uploads\/2025\/05\/Teiginiai-JK-sumazins-automobiliu-degalu-bakus-kad-EV-konkurencingi-butu.jpg","contentUrl":"http:\/\/eautomobiliai.lt\/wp-content\/uploads\/2025\/05\/Teiginiai-JK-sumazins-automobiliu-degalu-bakus-kad-EV-konkurencingi-butu.jpg","width":1200,"height":900},{"@type":"BreadcrumbList","@id":"https:\/\/eautomobiliai.lt\/index.php\/2025\/05\/23\/teiginiai-jk-sumazins-automobiliu-degalu-bakus-kad-ev-konkurencingi-butu-nesamone\/#breadcrumb","itemListElement":[{"@type":"ListItem","position":1,"name":"Home","item":"https:\/\/eautomobiliai.lt\/"},{"@type":"ListItem","position":2,"name":"Teiginiai JK suma\u017eins automobili\u0173 degal\u0173 bakus, kad EV konkurencingi b\u016bt\u0173 nes\u0105mon\u0117"}]},{"@type":"WebSite","@id":"https:\/\/eautomobiliai.lt\/#website","url":"https:\/\/eautomobiliai.lt\/","name":"Eautomobiliai.lt","description":"Elektrinis transportas, technologijos","potentialAction":[{"@type":"SearchAction","target":{"@type":"EntryPoint","urlTemplate":"https:\/\/eautomobiliai.lt\/?s={search_term_string}"},"query-input":{"@type":"PropertyValueSpecification","valueRequired":true,"valueName":"search_term_string"}}],"inLanguage":"lt-LT"},{"@type":"Person","@id":"https:\/\/eautomobiliai.lt\/#\/schema\/person\/ecf2a967f361217d056061f74deb92f2","name":"admin","image":{"@type":"ImageObject","inLanguage":"lt-LT","@id":"https:\/\/eautomobiliai.lt\/#\/schema\/person\/image\/","url":"https:\/\/secure.gravatar.com\/avatar\/6323379efae0c70c686c7905444d6bbd?s=96&d=mm&r=g","contentUrl":"https:\/\/secure.gravatar.com\/avatar\/6323379efae0c70c686c7905444d6bbd?s=96&d=mm&r=g","caption":"admin"},"sameAs":["http:\/\/eautomobiliai.lt"],"url":"http:\/\/eautomobiliai.lt\/index.php\/author\/admin\/"}]}},"_links":{"self":[{"href":"http:\/\/eautomobiliai.lt\/index.php\/wp-json\/wp\/v2\/posts\/931","targetHints":{"allow":["GET"]}}],"collection":[{"href":"http:\/\/eautomobiliai.lt\/index.php\/wp-json\/wp\/v2\/posts"}],"about":[{"href":"http:\/\/eautomobiliai.lt\/index.php\/wp-json\/wp\/v2\/types\/post"}],"author":[{"embeddable":true,"href":"http:\/\/eautomobiliai.lt\/index.php\/wp-json\/wp\/v2\/users\/1"}],"replies":[{"embeddable":true,"href":"http:\/\/eautomobiliai.lt\/index.php\/wp-json\/wp\/v2\/comments?post=931"}],"version-history":[{"count":0,"href":"http:\/\/eautomobiliai.lt\/index.php\/wp-json\/wp\/v2\/posts\/931\/revisions"}],"wp:featuredmedia":[{"embeddable":true,"href":"http:\/\/eautomobiliai.lt\/index.php\/wp-json\/wp\/v2\/media\/932"}],"wp:attachment":[{"href":"http:\/\/eautomobiliai.lt\/index.php\/wp-json\/wp\/v2\/media?parent=931"}],"wp:term":[{"taxonomy":"category","embeddable":true,"href":"http:\/\/eautomobiliai.lt\/index.php\/wp-json\/wp\/v2\/categories?post=931"},{"taxonomy":"post_tag","embeddable":true,"href":"http:\/\/eautomobiliai.lt\/index.php\/wp-json\/wp\/v2\/tags?post=931"}],"curies":[{"name":"wp","href":"https:\/\/api.w.org\/{rel}","templated":true}]}}