{"id":939,"date":"2025-05-23T20:51:11","date_gmt":"2025-05-23T20:51:11","guid":{"rendered":"http:\/\/eautomobiliai.lt\/index.php\/2025\/05\/23\/byd-paleidzia-didesni-zuvedra-europoje-vadina-ji-narsymu-isleidzia-kainodara-ir-specifikacijas\/"},"modified":"2025-05-23T20:51:11","modified_gmt":"2025-05-23T20:51:11","slug":"byd-paleidzia-didesni-zuvedra-europoje-vadina-ji-narsymu-isleidzia-kainodara-ir-specifikacijas","status":"publish","type":"post","link":"http:\/\/eautomobiliai.lt\/index.php\/2025\/05\/23\/byd-paleidzia-didesni-zuvedra-europoje-vadina-ji-narsymu-isleidzia-kainodara-ir-specifikacijas\/","title":{"rendered":"BYD paleid\u017eia didesn\u012f \u017euv\u0117dr\u0105 Europoje, vadina j\u012f nar\u0161ymu, i\u0161leid\u017eia kainodar\u0105 ir specifikacijas"},"content":{"rendered":"<p> <br \/>\n<\/p>\n<div id=\"\">\n<p>Baland\u017eio m\u0117n. Buvo prane\u0161ta, kad pirmieji 9000 Ma\u017eiausio BYD EV, \u201eThe Seagull\u201c, vienet\u0173 buvo pakeliui \u012f Europ\u0105 prie\u0161 oficial\u0173 start\u0105 \u017eemyne.<\/p>\n<p>Dabar prek\u0117s \u017eenklas oficialiai i\u0161leido automobil\u012f Europoje kartu su kainodara ir specifikacijomis bei nauju vardu &#8211; \u201eBYD Surf\u201c.<\/p>\n<p>\u201eBYD Surf\u201c bus si\u016blomas trimis variantais: \u201eActive\u201c, \u201eBoost &#038; Comfort\u201c.<\/p>\n<p>Aktyvios kainos prasid\u0117s nuo 22 390 eur\u0173, o bir\u017eelio m\u0117n. \u012esakym\u0173 pabaiga &#8211; 19 990 eur\u0173. Palyginimui, bazinio \u201eSeagull\u201c modelio kaina yra ma\u017eesn\u0117 nei 16 000 USD Kinijoje, jos nam\u0173 rinkoje.<\/p>\n<p>\u0160is variantas pasi\u017eym\u0117s ma\u017eiausia 30 kWh li\u010dio ir gele\u017eies fosfato (LFP) a\u0161men\u0173 akumuliatoriaus pakuote, kuris pristatys iki 220 km WLTP diapazono.<\/p>\n<p>Taip pat padid\u0117jo Europos versijos \u012fkrovimo greitis. Si\u016blomas kintamosios srov\u0117s \u012fkrovimo greitis iki 11 kW, o ma\u017eesnio akumuliatoriaus pakuot\u0117s varianto nuolatinis greitis taip pat padid\u0117jo iki 65 kW.<\/p>\n<figure id=\"attachment_175919\" aria-describedby=\"caption-attachment-175919\" style=\"width: 1160px\" class=\"wp-caption aligncenter\"><img loading=\"lazy\" decoding=\"async\" class=\"wp-image-175919 size-large\" src=\"https:\/\/thedriven.io\/wp-content\/uploads\/2024\/02\/BYD-Dolphin-Mini-Europe-1160x605.jpg\" alt=\"\" width=\"1160\" height=\"605\" srcset=\"https:\/\/thedriven.io\/wp-content\/uploads\/2024\/02\/BYD-Dolphin-Mini-Europe-1160x605.jpg 1160w, https:\/\/thedriven.io\/wp-content\/uploads\/2024\/02\/BYD-Dolphin-Mini-Europe-388x202.jpg 388w, https:\/\/thedriven.io\/wp-content\/uploads\/2024\/02\/BYD-Dolphin-Mini-Europe-800x417.jpg 800w, https:\/\/thedriven.io\/wp-content\/uploads\/2024\/02\/BYD-Dolphin-Mini-Europe-120x63.jpg 120w, https:\/\/thedriven.io\/wp-content\/uploads\/2024\/02\/BYD-Dolphin-Mini-Europe-90x47.jpg 90w, https:\/\/thedriven.io\/wp-content\/uploads\/2024\/02\/BYD-Dolphin-Mini-Europe-320x167.jpg 320w, https:\/\/thedriven.io\/wp-content\/uploads\/2024\/02\/BYD-Dolphin-Mini-Europe-560x292.jpg 560w, https:\/\/thedriven.io\/wp-content\/uploads\/2024\/02\/BYD-Dolphin-Mini-Europe-150x78.jpg 150w, https:\/\/thedriven.io\/wp-content\/uploads\/2024\/02\/BYD-Dolphin-Mini-Europe-240x125.jpg 240w, https:\/\/thedriven.io\/wp-content\/uploads\/2024\/02\/BYD-Dolphin-Mini-Europe-180x94.jpg 180w, https:\/\/thedriven.io\/wp-content\/uploads\/2024\/02\/BYD-Dolphin-Mini-Europe-640x334.jpg 640w, https:\/\/thedriven.io\/wp-content\/uploads\/2024\/02\/BYD-Dolphin-Mini-Europe-1120x584.jpg 1120w, https:\/\/thedriven.io\/wp-content\/uploads\/2024\/02\/BYD-Dolphin-Mini-Europe-300x157.jpg 300w, https:\/\/thedriven.io\/wp-content\/uploads\/2024\/02\/BYD-Dolphin-Mini-Europe.jpg 1200w\" sizes=\"auto, (max-width: 1160px) 100vw, 1160px\"\/><figcaption id=\"caption-attachment-175919\" class=\"wp-caption-text\">Vaizdas: BYD<\/figcaption><\/figure>\n<p>\u201eBoost\u201c varianto kaina yra nuo 25 390 eur\u0173, o u\u017esakymai pateikiami iki bir\u017eelio pabaigos, kai buvo 23 380 eur\u0173 kaina.<\/p>\n<p>\u0160is variantas prideda didesn\u0119 akumuliatori\u0173, gaunam\u0105 43,2 kWh, kuris, be abejo, padidina diapazon\u0105 nuo 102 km iki 322 km per WLTP cikl\u0105. Jame bus tas pats 65 kW priekinis variklis, kaip ir aktyvusis variantas, kuris yra gausus vairavimo mieste.<\/p>\n<p>Auk\u0161\u010diausio lygio komforto variantas prasideda nuo 27 890 eur\u0173, o u\u017esakymai pateikiami iki bir\u017eelio pabaigos, kai kaina yra 25 880 eur\u0173 kaina. Tai apsaugo didesn\u0119 akumuliatori\u0173 nuo padidinimo varianto, ta\u010diau prideda galingesn\u012f 115 kW variklio varikl\u012f.<\/p>\n<p>Tai \u0161iek tiek suma\u017eina diapazon\u0105, ta\u010diau vis tiek suteikia garbing\u0105 310 km diapazon\u0105 WLTP bandymo cikle.<\/p>\n<p>Visi \u0161ie nauji variantai matys dyd\u017eio atnaujinim\u0105, atsi\u017evelgiant \u012f automobilio ilg\u012f ir auk\u0161t\u012f.<\/p>\n<p>Europos rinkai i\u0161augo 210 mm dyd\u017eio dydis, kurio ilgis yra 3 990 mm.<\/p>\n<p>Auk\u0161tis taip pat pakilo 50 mm, o automobilis dabar stov\u0117jo 1 590 mm auk\u0161\u010dio, kuris grei\u010diausiai suteiks papildom\u0105 auk\u0161t\u012f priekiniams ir galiniams keleiviams.<\/p>\n<figure id=\"attachment_166775\" aria-describedby=\"caption-attachment-166775\" style=\"width: 1027px\" class=\"wp-caption aligncenter\"><img decoding=\"async\" class=\"wp-image-166775 size-full native-lazyload-js-fallback\" alt=\"\u201eBYD Seagull\u201c pus\u0117\" width=\"1027\" height=\"700\" loading=\"lazy\" src=\"https:\/\/b2232832.smushcdn.com\/2232832\/wp-content\/uploads\/2023\/04\/BYD-Seagull-Side.jpg?lossy=1&amp;strip=0&amp;webp=1\" srcset=\"https:\/\/b2232832.smushcdn.com\/2232832\/wp-content\/uploads\/2023\/04\/BYD-Seagull-Side.jpg?lossy=1&amp;strip=0&amp;webp=1 1027w, https:\/\/b2232832.smushcdn.com\/2232832\/wp-content\/uploads\/2023\/04\/BYD-Seagull-Side-388x264.jpg?lossy=1&amp;strip=0&amp;webp=1 388w, https:\/\/b2232832.smushcdn.com\/2232832\/wp-content\/uploads\/2023\/04\/BYD-Seagull-Side-800x545.jpg?lossy=1&amp;strip=0&amp;webp=1 800w, https:\/\/b2232832.smushcdn.com\/2232832\/wp-content\/uploads\/2023\/04\/BYD-Seagull-Side-120x82.jpg?lossy=1&amp;strip=0&amp;webp=1 120w, https:\/\/b2232832.smushcdn.com\/2232832\/wp-content\/uploads\/2023\/04\/BYD-Seagull-Side-90x61.jpg?lossy=1&amp;strip=0&amp;webp=1 90w, https:\/\/b2232832.smushcdn.com\/2232832\/wp-content\/uploads\/2023\/04\/BYD-Seagull-Side-320x218.jpg?lossy=1&amp;strip=0&amp;webp=1 320w, https:\/\/b2232832.smushcdn.com\/2232832\/wp-content\/uploads\/2023\/04\/BYD-Seagull-Side-560x382.jpg?lossy=1&amp;strip=0&amp;webp=1 560w, https:\/\/b2232832.smushcdn.com\/2232832\/wp-content\/uploads\/2023\/04\/BYD-Seagull-Side-240x164.jpg?lossy=1&amp;strip=0&amp;webp=1 240w, https:\/\/b2232832.smushcdn.com\/2232832\/wp-content\/uploads\/2023\/04\/BYD-Seagull-Side-180x123.jpg?lossy=1&amp;strip=0&amp;webp=1 180w, https:\/\/b2232832.smushcdn.com\/2232832\/wp-content\/uploads\/2023\/04\/BYD-Seagull-Side-640x436.jpg?lossy=1&amp;strip=0&amp;webp=1 640w\" data-sizes=\"(max-width: 1027px) 100vw, 1027px\"\/><img loading=\"lazy\" decoding=\"async\" class=\"wp-image-166775 size-full\" src=\"https:\/\/thedriven.io\/wp-content\/uploads\/2023\/04\/BYD-Seagull-Side.jpg\" alt=\"\u201eBYD Seagull\u201c pus\u0117\" width=\"1027\" height=\"700\" srcset=\"https:\/\/thedriven.io\/wp-content\/uploads\/2023\/04\/BYD-Seagull-Side.jpg 1027w, https:\/\/thedriven.io\/wp-content\/uploads\/2023\/04\/BYD-Seagull-Side-388x264.jpg 388w, https:\/\/thedriven.io\/wp-content\/uploads\/2023\/04\/BYD-Seagull-Side-800x545.jpg 800w, https:\/\/thedriven.io\/wp-content\/uploads\/2023\/04\/BYD-Seagull-Side-120x82.jpg 120w, https:\/\/thedriven.io\/wp-content\/uploads\/2023\/04\/BYD-Seagull-Side-90x61.jpg 90w, https:\/\/thedriven.io\/wp-content\/uploads\/2023\/04\/BYD-Seagull-Side-320x218.jpg 320w, https:\/\/thedriven.io\/wp-content\/uploads\/2023\/04\/BYD-Seagull-Side-560x382.jpg 560w, https:\/\/thedriven.io\/wp-content\/uploads\/2023\/04\/BYD-Seagull-Side-240x164.jpg 240w, https:\/\/thedriven.io\/wp-content\/uploads\/2023\/04\/BYD-Seagull-Side-180x123.jpg 180w, https:\/\/thedriven.io\/wp-content\/uploads\/2023\/04\/BYD-Seagull-Side-640x436.jpg 640w\" sizes=\"auto, (max-width: 1027px) 100vw, 1027px\"\/><figcaption id=\"caption-attachment-166775\" class=\"wp-caption-text\">Vaizdas: BYD ON Weibo<\/figcaption><\/figure>\n<p>I\u0161 vidaus yra pagrindinis informacijos ir pramog\u0173 ekranas, kuris, kaip ir automobilis, yra ma\u017eiausias i\u0161 BYD ekrano dyd\u017ei\u0173, esan\u010di\u0173 10,1 colio.<\/p>\n<p>Kaip ir kiti BYDS, \u0161is ekranas sukasi ir turi ekrano veidrod\u017ei\u0173 galimybes, padeda savininkams \u012f automobil\u012f \u012f automobil\u012f \u012fne\u0161ti m\u0117gstamas telefono programas su \u201eApple CarPlay\u201c ir \u201eAndroid Auto\u201c.<\/p>\n<p>\u0160is naujausias modelis, skirtas vykti \u012f Europ\u0105, kit\u0105 m\u0117nes\u012f prad\u0117s pristatymus keliose rinkose, \u012fskaitant JK de\u0161in\u0117s pus\u0117s pavaros rink\u0105.<\/p>\n<p>Tai mums padaryt\u0173 \u012fdom\u0173 Australijoje ir Naujojoje Zelandijoje, kai Europos paleidimas gali paleisti keli\u0105 \u0161iems praktiniams elektriniams miesto automobiliams, kurie taip pat bus \u012ftraukti \u012f BYD vietin\u0119 linij\u0105 \u0161iais metais.<\/p>\n<div class=\"saboxplugin-wrap\" itemtype=\"http:\/\/schema.org\/Person\" itemscope=\"\" itemprop=\"author\">\n<div class=\"saboxplugin-tab\">\n<div class=\"saboxplugin-gravatar\"><img decoding=\"async\" width=\"100\" height=\"100\" alt=\"Rizas Akhtar\" itemprop=\"image\" loading=\"lazy\" class=\"native-lazyload-js-fallback\" src=\"https:\/\/b2232832.smushcdn.com\/2232832\/wp-content\/uploads\/2022\/02\/Riz.jpg?lossy=1&amp;strip=0&amp;webp=1\"\/><img loading=\"lazy\" decoding=\"async\" src=\"https:\/\/thedriven.io\/wp-content\/uploads\/2022\/02\/Riz.jpg\" width=\"100\" height=\"100\" alt=\"Rizas Akhtar\" itemprop=\"image\"\/><\/div>\n<div class=\"saboxplugin-desc\">\n<div itemprop=\"description\">\n<p>RIZ yra \u201eCarloop\u201c \u012fk\u016br\u0117jas, \u012fsik\u016br\u0119s Melburne, specializuojasi Australijos EV duomenyse, \u012f\u017evalgos ataskaitose ir tendencijose. Jis yra mechanikos in\u017einierius, prie\u0161 pradedant \u201eCarloop\u201c pirmuosius 7 savo karjeros statybos transporto infrastrukt\u016bros metus. Jis turi aistr\u0105 automobiliams, ypa\u010d EV ir nori pad\u0117ti suma\u017einti transporto i\u0161metim\u0105 Australijoje. \u0160iuo metu jis vairuoja \u201eRed Tesla\u201c model\u012f 3.<\/p>\n<\/div>\n<\/div>\n<\/div>\n<\/div>\n<p><!-- AI CONTENT END 1 --><\/p><\/div>\n<p><br \/>\n<br \/><a href=\"https:\/\/thedriven.io\/2025\/05\/23\/byd-launches-a-bigger-seagull-in-europe-calls-it-surf-releases-pricing-and-specs\/\">Source link <\/a><\/p>\n","protected":false},"excerpt":{"rendered":"<p>Baland\u017eio m\u0117n. Buvo prane\u0161ta, kad pirmieji 9000 Ma\u017eiausio BYD EV, \u201eThe Seagull\u201c, vienet\u0173 buvo pakeliui \u012f Europ\u0105 prie\u0161 oficial\u0173 start\u0105&hellip;<\/p>\n","protected":false},"author":1,"featured_media":940,"comment_status":"open","ping_status":"open","sticky":false,"template":"","format":"standard","meta":{"om_disable_all_campaigns":false,"_monsterinsights_skip_tracking":false,"_monsterinsights_sitenote_active":false,"_monsterinsights_sitenote_note":"","_monsterinsights_sitenote_category":0,"footnotes":""},"categories":[39],"tags":[11,2026,263,218,362,557,2029,385,1042,2028,2027],"class_list":["post-939","post","type-post","status-publish","format-standard","has-post-thumbnail","hentry","category-eautomobiliu-technine-puse","tag-byd","tag-didesni","tag-europoje","tag-isleidzia","tag-ji","tag-kainodara","tag-narsymu","tag-paleidzia","tag-specifikacijas","tag-vadina","tag-zuvedra"],"aioseo_notices":[],"yoast_head":"<!-- This site is optimized with the Yoast SEO plugin v26.8 - https:\/\/yoast.com\/product\/yoast-seo-wordpress\/ -->\n<title>BYD paleid\u017eia didesn\u012f \u017euv\u0117dr\u0105 Europoje, vadina j\u012f nar\u0161ymu, i\u0161leid\u017eia kainodar\u0105 ir specifikacijas - Eautomobiliai.lt<\/title>\n<meta name=\"robots\" content=\"index, follow, max-snippet:-1, max-image-preview:large, max-video-preview:-1\" \/>\n<link rel=\"canonical\" href=\"http:\/\/eautomobiliai.lt\/index.php\/2025\/05\/23\/byd-paleidzia-didesni-zuvedra-europoje-vadina-ji-narsymu-isleidzia-kainodara-ir-specifikacijas\/\" \/>\n<meta property=\"og:locale\" content=\"lt_LT\" \/>\n<meta property=\"og:type\" content=\"article\" \/>\n<meta property=\"og:title\" content=\"BYD paleid\u017eia didesn\u012f \u017euv\u0117dr\u0105 Europoje, vadina j\u012f nar\u0161ymu, i\u0161leid\u017eia kainodar\u0105 ir specifikacijas - Eautomobiliai.lt\" \/>\n<meta property=\"og:description\" content=\"Baland\u017eio m\u0117n. Buvo prane\u0161ta, kad pirmieji 9000 Ma\u017eiausio BYD EV, \u201eThe Seagull\u201c, vienet\u0173 buvo pakeliui \u012f Europ\u0105 prie\u0161 oficial\u0173 start\u0105&hellip;\" \/>\n<meta property=\"og:url\" content=\"http:\/\/eautomobiliai.lt\/index.php\/2025\/05\/23\/byd-paleidzia-didesni-zuvedra-europoje-vadina-ji-narsymu-isleidzia-kainodara-ir-specifikacijas\/\" \/>\n<meta property=\"og:site_name\" content=\"Eautomobiliai.lt\" \/>\n<meta property=\"article:published_time\" content=\"2025-05-23T20:51:11+00:00\" \/>\n<meta property=\"og:image\" content=\"http:\/\/eautomobiliai.lt\/wp-content\/uploads\/2025\/05\/BYD-paleidzia-didesni-zuvedra-Europoje-vadina-ji-narsymu-isleidzia-kainodara.jpg\" \/>\n\t<meta property=\"og:image:width\" content=\"1200\" \/>\n\t<meta property=\"og:image:height\" content=\"800\" \/>\n\t<meta property=\"og:image:type\" content=\"image\/jpeg\" \/>\n<meta name=\"author\" content=\"admin\" \/>\n<meta name=\"twitter:card\" content=\"summary_large_image\" \/>\n<meta name=\"twitter:label1\" content=\"Written by\" \/>\n\t<meta name=\"twitter:data1\" content=\"admin\" \/>\n\t<meta name=\"twitter:label2\" content=\"Est. reading time\" \/>\n\t<meta name=\"twitter:data2\" content=\"2 minut\u0117s\" \/>\n<script type=\"application\/ld+json\" class=\"yoast-schema-graph\">{\"@context\":\"https:\/\/schema.org\",\"@graph\":[{\"@type\":\"Article\",\"@id\":\"http:\/\/eautomobiliai.lt\/index.php\/2025\/05\/23\/byd-paleidzia-didesni-zuvedra-europoje-vadina-ji-narsymu-isleidzia-kainodara-ir-specifikacijas\/#article\",\"isPartOf\":{\"@id\":\"http:\/\/eautomobiliai.lt\/index.php\/2025\/05\/23\/byd-paleidzia-didesni-zuvedra-europoje-vadina-ji-narsymu-isleidzia-kainodara-ir-specifikacijas\/\"},\"author\":{\"name\":\"admin\",\"@id\":\"https:\/\/eautomobiliai.lt\/#\/schema\/person\/ecf2a967f361217d056061f74deb92f2\"},\"headline\":\"BYD paleid\u017eia didesn\u012f \u017euv\u0117dr\u0105 Europoje, vadina j\u012f nar\u0161ymu, i\u0161leid\u017eia kainodar\u0105 ir specifikacijas\",\"datePublished\":\"2025-05-23T20:51:11+00:00\",\"mainEntityOfPage\":{\"@id\":\"http:\/\/eautomobiliai.lt\/index.php\/2025\/05\/23\/byd-paleidzia-didesni-zuvedra-europoje-vadina-ji-narsymu-isleidzia-kainodara-ir-specifikacijas\/\"},\"wordCount\":484,\"commentCount\":0,\"image\":{\"@id\":\"http:\/\/eautomobiliai.lt\/index.php\/2025\/05\/23\/byd-paleidzia-didesni-zuvedra-europoje-vadina-ji-narsymu-isleidzia-kainodara-ir-specifikacijas\/#primaryimage\"},\"thumbnailUrl\":\"http:\/\/eautomobiliai.lt\/wp-content\/uploads\/2025\/05\/BYD-paleidzia-didesni-zuvedra-Europoje-vadina-ji-narsymu-isleidzia-kainodara.jpg\",\"keywords\":[\"BYD\",\"didesn\u012f\",\"Europoje\",\"i\u0161leid\u017eia\",\"j\u012f\",\"kainodara\",\"nar\u0161ymu\",\"paleid\u017eia\",\"specifikacijas\",\"vadina\",\"\u017euv\u0117dr\u0105\"],\"articleSection\":[\"eAUTOMOBILI\u0172 TECHNIN\u0116 PUS\u0116\"],\"inLanguage\":\"lt-LT\",\"potentialAction\":[{\"@type\":\"CommentAction\",\"name\":\"Comment\",\"target\":[\"http:\/\/eautomobiliai.lt\/index.php\/2025\/05\/23\/byd-paleidzia-didesni-zuvedra-europoje-vadina-ji-narsymu-isleidzia-kainodara-ir-specifikacijas\/#respond\"]}]},{\"@type\":\"WebPage\",\"@id\":\"http:\/\/eautomobiliai.lt\/index.php\/2025\/05\/23\/byd-paleidzia-didesni-zuvedra-europoje-vadina-ji-narsymu-isleidzia-kainodara-ir-specifikacijas\/\",\"url\":\"http:\/\/eautomobiliai.lt\/index.php\/2025\/05\/23\/byd-paleidzia-didesni-zuvedra-europoje-vadina-ji-narsymu-isleidzia-kainodara-ir-specifikacijas\/\",\"name\":\"BYD paleid\u017eia didesn\u012f \u017euv\u0117dr\u0105 Europoje, vadina j\u012f nar\u0161ymu, i\u0161leid\u017eia kainodar\u0105 ir specifikacijas - Eautomobiliai.lt\",\"isPartOf\":{\"@id\":\"https:\/\/eautomobiliai.lt\/#website\"},\"primaryImageOfPage\":{\"@id\":\"http:\/\/eautomobiliai.lt\/index.php\/2025\/05\/23\/byd-paleidzia-didesni-zuvedra-europoje-vadina-ji-narsymu-isleidzia-kainodara-ir-specifikacijas\/#primaryimage\"},\"image\":{\"@id\":\"http:\/\/eautomobiliai.lt\/index.php\/2025\/05\/23\/byd-paleidzia-didesni-zuvedra-europoje-vadina-ji-narsymu-isleidzia-kainodara-ir-specifikacijas\/#primaryimage\"},\"thumbnailUrl\":\"http:\/\/eautomobiliai.lt\/wp-content\/uploads\/2025\/05\/BYD-paleidzia-didesni-zuvedra-Europoje-vadina-ji-narsymu-isleidzia-kainodara.jpg\",\"datePublished\":\"2025-05-23T20:51:11+00:00\",\"author\":{\"@id\":\"https:\/\/eautomobiliai.lt\/#\/schema\/person\/ecf2a967f361217d056061f74deb92f2\"},\"breadcrumb\":{\"@id\":\"http:\/\/eautomobiliai.lt\/index.php\/2025\/05\/23\/byd-paleidzia-didesni-zuvedra-europoje-vadina-ji-narsymu-isleidzia-kainodara-ir-specifikacijas\/#breadcrumb\"},\"inLanguage\":\"lt-LT\",\"potentialAction\":[{\"@type\":\"ReadAction\",\"target\":[\"http:\/\/eautomobiliai.lt\/index.php\/2025\/05\/23\/byd-paleidzia-didesni-zuvedra-europoje-vadina-ji-narsymu-isleidzia-kainodara-ir-specifikacijas\/\"]}]},{\"@type\":\"ImageObject\",\"inLanguage\":\"lt-LT\",\"@id\":\"http:\/\/eautomobiliai.lt\/index.php\/2025\/05\/23\/byd-paleidzia-didesni-zuvedra-europoje-vadina-ji-narsymu-isleidzia-kainodara-ir-specifikacijas\/#primaryimage\",\"url\":\"http:\/\/eautomobiliai.lt\/wp-content\/uploads\/2025\/05\/BYD-paleidzia-didesni-zuvedra-Europoje-vadina-ji-narsymu-isleidzia-kainodara.jpg\",\"contentUrl\":\"http:\/\/eautomobiliai.lt\/wp-content\/uploads\/2025\/05\/BYD-paleidzia-didesni-zuvedra-Europoje-vadina-ji-narsymu-isleidzia-kainodara.jpg\",\"width\":1200,\"height\":800},{\"@type\":\"BreadcrumbList\",\"@id\":\"http:\/\/eautomobiliai.lt\/index.php\/2025\/05\/23\/byd-paleidzia-didesni-zuvedra-europoje-vadina-ji-narsymu-isleidzia-kainodara-ir-specifikacijas\/#breadcrumb\",\"itemListElement\":[{\"@type\":\"ListItem\",\"position\":1,\"name\":\"Home\",\"item\":\"https:\/\/eautomobiliai.lt\/\"},{\"@type\":\"ListItem\",\"position\":2,\"name\":\"BYD paleid\u017eia didesn\u012f \u017euv\u0117dr\u0105 Europoje, vadina j\u012f nar\u0161ymu, i\u0161leid\u017eia kainodar\u0105 ir specifikacijas\"}]},{\"@type\":\"WebSite\",\"@id\":\"https:\/\/eautomobiliai.lt\/#website\",\"url\":\"https:\/\/eautomobiliai.lt\/\",\"name\":\"Eautomobiliai.lt\",\"description\":\"Elektrinis transportas, technologijos\",\"potentialAction\":[{\"@type\":\"SearchAction\",\"target\":{\"@type\":\"EntryPoint\",\"urlTemplate\":\"https:\/\/eautomobiliai.lt\/?s={search_term_string}\"},\"query-input\":{\"@type\":\"PropertyValueSpecification\",\"valueRequired\":true,\"valueName\":\"search_term_string\"}}],\"inLanguage\":\"lt-LT\"},{\"@type\":\"Person\",\"@id\":\"https:\/\/eautomobiliai.lt\/#\/schema\/person\/ecf2a967f361217d056061f74deb92f2\",\"name\":\"admin\",\"image\":{\"@type\":\"ImageObject\",\"inLanguage\":\"lt-LT\",\"@id\":\"https:\/\/eautomobiliai.lt\/#\/schema\/person\/image\/\",\"url\":\"https:\/\/secure.gravatar.com\/avatar\/6323379efae0c70c686c7905444d6bbd?s=96&d=mm&r=g\",\"contentUrl\":\"https:\/\/secure.gravatar.com\/avatar\/6323379efae0c70c686c7905444d6bbd?s=96&d=mm&r=g\",\"caption\":\"admin\"},\"sameAs\":[\"http:\/\/eautomobiliai.lt\"],\"url\":\"http:\/\/eautomobiliai.lt\/index.php\/author\/admin\/\"}]}<\/script>\n<!-- \/ Yoast SEO plugin. -->","yoast_head_json":{"title":"BYD paleid\u017eia didesn\u012f \u017euv\u0117dr\u0105 Europoje, vadina j\u012f nar\u0161ymu, i\u0161leid\u017eia kainodar\u0105 ir specifikacijas - Eautomobiliai.lt","robots":{"index":"index","follow":"follow","max-snippet":"max-snippet:-1","max-image-preview":"max-image-preview:large","max-video-preview":"max-video-preview:-1"},"canonical":"http:\/\/eautomobiliai.lt\/index.php\/2025\/05\/23\/byd-paleidzia-didesni-zuvedra-europoje-vadina-ji-narsymu-isleidzia-kainodara-ir-specifikacijas\/","og_locale":"lt_LT","og_type":"article","og_title":"BYD paleid\u017eia didesn\u012f \u017euv\u0117dr\u0105 Europoje, vadina j\u012f nar\u0161ymu, i\u0161leid\u017eia kainodar\u0105 ir specifikacijas - Eautomobiliai.lt","og_description":"Baland\u017eio m\u0117n. Buvo prane\u0161ta, kad pirmieji 9000 Ma\u017eiausio BYD EV, \u201eThe Seagull\u201c, vienet\u0173 buvo pakeliui \u012f Europ\u0105 prie\u0161 oficial\u0173 start\u0105&hellip;","og_url":"http:\/\/eautomobiliai.lt\/index.php\/2025\/05\/23\/byd-paleidzia-didesni-zuvedra-europoje-vadina-ji-narsymu-isleidzia-kainodara-ir-specifikacijas\/","og_site_name":"Eautomobiliai.lt","article_published_time":"2025-05-23T20:51:11+00:00","og_image":[{"width":1200,"height":800,"url":"http:\/\/eautomobiliai.lt\/wp-content\/uploads\/2025\/05\/BYD-paleidzia-didesni-zuvedra-Europoje-vadina-ji-narsymu-isleidzia-kainodara.jpg","type":"image\/jpeg"}],"author":"admin","twitter_card":"summary_large_image","twitter_misc":{"Written by":"admin","Est. reading time":"2 minut\u0117s"},"schema":{"@context":"https:\/\/schema.org","@graph":[{"@type":"Article","@id":"http:\/\/eautomobiliai.lt\/index.php\/2025\/05\/23\/byd-paleidzia-didesni-zuvedra-europoje-vadina-ji-narsymu-isleidzia-kainodara-ir-specifikacijas\/#article","isPartOf":{"@id":"http:\/\/eautomobiliai.lt\/index.php\/2025\/05\/23\/byd-paleidzia-didesni-zuvedra-europoje-vadina-ji-narsymu-isleidzia-kainodara-ir-specifikacijas\/"},"author":{"name":"admin","@id":"https:\/\/eautomobiliai.lt\/#\/schema\/person\/ecf2a967f361217d056061f74deb92f2"},"headline":"BYD paleid\u017eia didesn\u012f \u017euv\u0117dr\u0105 Europoje, vadina j\u012f nar\u0161ymu, i\u0161leid\u017eia kainodar\u0105 ir specifikacijas","datePublished":"2025-05-23T20:51:11+00:00","mainEntityOfPage":{"@id":"http:\/\/eautomobiliai.lt\/index.php\/2025\/05\/23\/byd-paleidzia-didesni-zuvedra-europoje-vadina-ji-narsymu-isleidzia-kainodara-ir-specifikacijas\/"},"wordCount":484,"commentCount":0,"image":{"@id":"http:\/\/eautomobiliai.lt\/index.php\/2025\/05\/23\/byd-paleidzia-didesni-zuvedra-europoje-vadina-ji-narsymu-isleidzia-kainodara-ir-specifikacijas\/#primaryimage"},"thumbnailUrl":"http:\/\/eautomobiliai.lt\/wp-content\/uploads\/2025\/05\/BYD-paleidzia-didesni-zuvedra-Europoje-vadina-ji-narsymu-isleidzia-kainodara.jpg","keywords":["BYD","didesn\u012f","Europoje","i\u0161leid\u017eia","j\u012f","kainodara","nar\u0161ymu","paleid\u017eia","specifikacijas","vadina","\u017euv\u0117dr\u0105"],"articleSection":["eAUTOMOBILI\u0172 TECHNIN\u0116 PUS\u0116"],"inLanguage":"lt-LT","potentialAction":[{"@type":"CommentAction","name":"Comment","target":["http:\/\/eautomobiliai.lt\/index.php\/2025\/05\/23\/byd-paleidzia-didesni-zuvedra-europoje-vadina-ji-narsymu-isleidzia-kainodara-ir-specifikacijas\/#respond"]}]},{"@type":"WebPage","@id":"http:\/\/eautomobiliai.lt\/index.php\/2025\/05\/23\/byd-paleidzia-didesni-zuvedra-europoje-vadina-ji-narsymu-isleidzia-kainodara-ir-specifikacijas\/","url":"http:\/\/eautomobiliai.lt\/index.php\/2025\/05\/23\/byd-paleidzia-didesni-zuvedra-europoje-vadina-ji-narsymu-isleidzia-kainodara-ir-specifikacijas\/","name":"BYD paleid\u017eia didesn\u012f \u017euv\u0117dr\u0105 Europoje, vadina j\u012f nar\u0161ymu, i\u0161leid\u017eia kainodar\u0105 ir specifikacijas - Eautomobiliai.lt","isPartOf":{"@id":"https:\/\/eautomobiliai.lt\/#website"},"primaryImageOfPage":{"@id":"http:\/\/eautomobiliai.lt\/index.php\/2025\/05\/23\/byd-paleidzia-didesni-zuvedra-europoje-vadina-ji-narsymu-isleidzia-kainodara-ir-specifikacijas\/#primaryimage"},"image":{"@id":"http:\/\/eautomobiliai.lt\/index.php\/2025\/05\/23\/byd-paleidzia-didesni-zuvedra-europoje-vadina-ji-narsymu-isleidzia-kainodara-ir-specifikacijas\/#primaryimage"},"thumbnailUrl":"http:\/\/eautomobiliai.lt\/wp-content\/uploads\/2025\/05\/BYD-paleidzia-didesni-zuvedra-Europoje-vadina-ji-narsymu-isleidzia-kainodara.jpg","datePublished":"2025-05-23T20:51:11+00:00","author":{"@id":"https:\/\/eautomobiliai.lt\/#\/schema\/person\/ecf2a967f361217d056061f74deb92f2"},"breadcrumb":{"@id":"http:\/\/eautomobiliai.lt\/index.php\/2025\/05\/23\/byd-paleidzia-didesni-zuvedra-europoje-vadina-ji-narsymu-isleidzia-kainodara-ir-specifikacijas\/#breadcrumb"},"inLanguage":"lt-LT","potentialAction":[{"@type":"ReadAction","target":["http:\/\/eautomobiliai.lt\/index.php\/2025\/05\/23\/byd-paleidzia-didesni-zuvedra-europoje-vadina-ji-narsymu-isleidzia-kainodara-ir-specifikacijas\/"]}]},{"@type":"ImageObject","inLanguage":"lt-LT","@id":"http:\/\/eautomobiliai.lt\/index.php\/2025\/05\/23\/byd-paleidzia-didesni-zuvedra-europoje-vadina-ji-narsymu-isleidzia-kainodara-ir-specifikacijas\/#primaryimage","url":"http:\/\/eautomobiliai.lt\/wp-content\/uploads\/2025\/05\/BYD-paleidzia-didesni-zuvedra-Europoje-vadina-ji-narsymu-isleidzia-kainodara.jpg","contentUrl":"http:\/\/eautomobiliai.lt\/wp-content\/uploads\/2025\/05\/BYD-paleidzia-didesni-zuvedra-Europoje-vadina-ji-narsymu-isleidzia-kainodara.jpg","width":1200,"height":800},{"@type":"BreadcrumbList","@id":"http:\/\/eautomobiliai.lt\/index.php\/2025\/05\/23\/byd-paleidzia-didesni-zuvedra-europoje-vadina-ji-narsymu-isleidzia-kainodara-ir-specifikacijas\/#breadcrumb","itemListElement":[{"@type":"ListItem","position":1,"name":"Home","item":"https:\/\/eautomobiliai.lt\/"},{"@type":"ListItem","position":2,"name":"BYD paleid\u017eia didesn\u012f \u017euv\u0117dr\u0105 Europoje, vadina j\u012f nar\u0161ymu, i\u0161leid\u017eia kainodar\u0105 ir specifikacijas"}]},{"@type":"WebSite","@id":"https:\/\/eautomobiliai.lt\/#website","url":"https:\/\/eautomobiliai.lt\/","name":"Eautomobiliai.lt","description":"Elektrinis transportas, technologijos","potentialAction":[{"@type":"SearchAction","target":{"@type":"EntryPoint","urlTemplate":"https:\/\/eautomobiliai.lt\/?s={search_term_string}"},"query-input":{"@type":"PropertyValueSpecification","valueRequired":true,"valueName":"search_term_string"}}],"inLanguage":"lt-LT"},{"@type":"Person","@id":"https:\/\/eautomobiliai.lt\/#\/schema\/person\/ecf2a967f361217d056061f74deb92f2","name":"admin","image":{"@type":"ImageObject","inLanguage":"lt-LT","@id":"https:\/\/eautomobiliai.lt\/#\/schema\/person\/image\/","url":"https:\/\/secure.gravatar.com\/avatar\/6323379efae0c70c686c7905444d6bbd?s=96&d=mm&r=g","contentUrl":"https:\/\/secure.gravatar.com\/avatar\/6323379efae0c70c686c7905444d6bbd?s=96&d=mm&r=g","caption":"admin"},"sameAs":["http:\/\/eautomobiliai.lt"],"url":"http:\/\/eautomobiliai.lt\/index.php\/author\/admin\/"}]}},"_links":{"self":[{"href":"http:\/\/eautomobiliai.lt\/index.php\/wp-json\/wp\/v2\/posts\/939","targetHints":{"allow":["GET"]}}],"collection":[{"href":"http:\/\/eautomobiliai.lt\/index.php\/wp-json\/wp\/v2\/posts"}],"about":[{"href":"http:\/\/eautomobiliai.lt\/index.php\/wp-json\/wp\/v2\/types\/post"}],"author":[{"embeddable":true,"href":"http:\/\/eautomobiliai.lt\/index.php\/wp-json\/wp\/v2\/users\/1"}],"replies":[{"embeddable":true,"href":"http:\/\/eautomobiliai.lt\/index.php\/wp-json\/wp\/v2\/comments?post=939"}],"version-history":[{"count":0,"href":"http:\/\/eautomobiliai.lt\/index.php\/wp-json\/wp\/v2\/posts\/939\/revisions"}],"wp:featuredmedia":[{"embeddable":true,"href":"http:\/\/eautomobiliai.lt\/index.php\/wp-json\/wp\/v2\/media\/940"}],"wp:attachment":[{"href":"http:\/\/eautomobiliai.lt\/index.php\/wp-json\/wp\/v2\/media?parent=939"}],"wp:term":[{"taxonomy":"category","embeddable":true,"href":"http:\/\/eautomobiliai.lt\/index.php\/wp-json\/wp\/v2\/categories?post=939"},{"taxonomy":"post_tag","embeddable":true,"href":"http:\/\/eautomobiliai.lt\/index.php\/wp-json\/wp\/v2\/tags?post=939"}],"curies":[{"name":"wp","href":"https:\/\/api.w.org\/{rel}","templated":true}]}}