{"id":941,"date":"2025-05-24T01:26:51","date_gmt":"2025-05-24T01:26:51","guid":{"rendered":"https:\/\/eautomobiliai.lt\/index.php\/2025\/05\/24\/podcast-ev-saules-zudymo-saskaita-juda-i-prieki-elonas-meluoja-apie-tesla-paklausa-pigesnius-ev-ir-dar-daugiau\/"},"modified":"2025-05-24T01:26:51","modified_gmt":"2025-05-24T01:26:51","slug":"podcast-ev-saules-zudymo-saskaita-juda-i-prieki-elonas-meluoja-apie-tesla-paklausa-pigesnius-ev-ir-dar-daugiau","status":"publish","type":"post","link":"http:\/\/eautomobiliai.lt\/index.php\/2025\/05\/24\/podcast-ev-saules-zudymo-saskaita-juda-i-prieki-elonas-meluoja-apie-tesla-paklausa-pigesnius-ev-ir-dar-daugiau\/","title":{"rendered":"Podcast: EV\/Saul\u0117s \u017eudymo s\u0105skaita juda \u012f priek\u012f, Elonas meluoja apie \u201eTesla\u201c paklaus\u0105, pigesnius EV ir dar daugiau"},"content":{"rendered":"<p> <br \/>\n<\/p>\n<div>\n<figure class=\"img-border featured-image\">\n\t<\/figure>\n<p>\u201eElectrek Podcast\u201c aptariame populiariausias naujienas tvaraus transporto ir energijos pasaulyje. \u0160ios savait\u0117s epizode aptariame \u201eEV\/Solar\u201c \u017eudymo s\u0105skait\u0105, judan\u010di\u0105 \u012f priek\u012f, Elonas meluoja apie \u201eTesla\u201c poreik\u012f, pigesn\u012f EV art\u0117jant\u012f ir dar daugiau.<\/p>\n<p><span id=\"more-417528\"\/><\/p>\n<p>Spektaklis tiesiogiai veikia kiekvien\u0105 penktadien\u012f 16 val. ET <em>Elecrektrek<\/em>\u201eYouTube\u201c kanalas.<\/p>\n<p>Primename, kad mes tur\u0117sime pridedam\u0105 \u012fra\u0161\u0105, kaip \u0161is, svetain\u0117je su \u012fterpta nuoroda \u012f tiesiogin\u012f sraut\u0105. Eikite \u012f \u201eYouTube\u201c kanal\u0105, kad gautum\u0117te klausimus ir komentarus.<\/p>\n<p>Pasibaigus pasirodymui apie 17 val. ET, vaizdo \u012fra\u0161as bus archyvuotas \u201eYouTube\u201c ir garso \u012fra\u0161as visose j\u016bs\u0173 m\u0117gstamose \u201ePodcast\u201c programose:<\/p>\n<p>\t<span class=\"outbrain-ad-label\">Skelbimas &#8211; slinkite daugiau turinio<\/span><\/p>\n<p>Dabar turime patreon\u0105, jei norite pad\u0117ti mums i\u0161vengti daugiau skelbim\u0173 ir daugiau investuoti \u012f savo turin\u012f. Mes turime kelet\u0105 nuostabi\u0173 dovan\u0173 savo patreonams ir dar daugiau.<\/p>\n<p>\u010cia yra keletas straipsni\u0173, kuriuos aptarsime per podcast&#8217;\u0105:<\/p>\n<p>\u0160tai tiesioginis \u0161iandienos epizodo srautas, prasidedantis 16:00 val. ET (arba vaizdo \u012fra\u0161as po 17 val. ET)<\/p>\n<figure class=\"wp-block-embed alignwide is-type-video is-provider-youtube wp-block-embed-youtube wp-embed-aspect-16-9 wp-has-aspect-ratio\">\n<p>\n<a href=\"https:\/\/www.youtube.com\/watch?v=zwbsd3ffox8\">https:\/\/www.youtube.com\/watch?v=zwbsd3ffox8<\/a>\n<\/p>\n<\/figure>\n<div class=\"ad-disclaimer-container\">\n<p class=\"disclaimer-affiliate\"><em>FPK: Mes naudojame pajamas gaunan\u010dias automatinio filialo nuorodas.<\/em> Daugiau.<\/p>\n<p><!-- post ad --><\/div>\n<\/p><\/div>\n<p><br \/>\n<br \/><a href=\"https:\/\/electrek.co\/2025\/05\/23\/podcast-ev-solar-killing-bill-moves-forward-elon-lies-about-teslas-demand-cheaper-evs-and-more\/\">Source link <\/a><\/p>\n","protected":false},"excerpt":{"rendered":"<p>\u201eElectrek Podcast\u201c aptariame populiariausias naujienas tvaraus transporto ir energijos pasaulyje. \u0160ios savait\u0117s epizode aptariame \u201eEV\/Solar\u201c \u017eudymo s\u0105skait\u0105, judan\u010di\u0105 \u012f priek\u012f,&hellip;<\/p>\n","protected":false},"author":1,"featured_media":454,"comment_status":"open","ping_status":"open","sticky":false,"template":"","format":"standard","meta":{"om_disable_all_campaigns":false,"_monsterinsights_skip_tracking":false,"footnotes":""},"categories":[8],"tags":[165,250,407,225,2030,2033,2034,721,2035,1171,1451,2032,14,2031],"class_list":["post-941","post","type-post","status-publish","format-standard","has-post-thumbnail","hentry","category-elektriniai-automobiliai","tag-apie","tag-dar","tag-daugiau","tag-elonas","tag-evsaules","tag-juda","tag-meluoja","tag-paklausa","tag-pigesnius","tag-podcast","tag-prieki","tag-saskaita","tag-tesla","tag-zudymo"],"aioseo_notices":[],"aioseo_head":"\n\t\t<!-- All in One SEO 5.0.1.1 - aioseo.com -->\n\t<meta name=\"description\" content=\"\u201eElectrek Podcast\u201c aptariame populiariausias naujienas tvaraus transporto ir energijos pasaulyje. \u0160ios savait\u0117s epizode aptariame \u201eEV\/Solar\u201c \u017eudymo s\u0105skait\u0105, judan\u010di\u0105 \u012f priek\u012f, Elonas meluoja apie \u201eTesla\u201c poreik\u012f, pigesn\u012f EV art\u0117jant\u012f ir dar daugiau. Spektaklis tiesiogiai veikia kiekvien\u0105 penktadien\u012f 16 val. ET Elecrektrek\u201eYouTube\u201c kanalas. Primename, kad mes tur\u0117sime pridedam\u0105 \u012fra\u0161\u0105, kaip \u0161is, svetain\u0117je su \u012fterpta nuoroda \u012f tiesiogin\u012f\" \/>\n\t<meta name=\"robots\" content=\"max-image-preview:large\" \/>\n\t<meta name=\"author\" content=\"admin\"\/>\n\t<meta name=\"google-site-verification\" content=\"6zgFQV_ggON3NjnliunX3rIOfPu1cN2bmZH3rMwZjlE\" \/>\n\t<link rel=\"canonical\" href=\"http:\/\/eautomobiliai.lt\/index.php\/2025\/05\/24\/podcast-ev-saules-zudymo-saskaita-juda-i-prieki-elonas-meluoja-apie-tesla-paklausa-pigesnius-ev-ir-dar-daugiau\/\" \/>\n\t<meta name=\"generator\" content=\"All in One SEO (AIOSEO) 5.0.1.1\" \/>\n\t\t<meta property=\"og:locale\" content=\"lt_LT\" \/>\n\t\t<meta property=\"og:site_name\" content=\"Eautomobiliai.lt - Elektrinis transportas, technologijos\" \/>\n\t\t<meta property=\"og:type\" content=\"article\" \/>\n\t\t<meta property=\"og:title\" content=\"Podcast: EV\/Saul\u0117s \u017eudymo s\u0105skaita juda \u012f priek\u012f, Elonas meluoja apie \u201eTesla\u201c paklaus\u0105, pigesnius EV ir dar daugiau - Eautomobiliai.lt\" \/>\n\t\t<meta property=\"og:description\" content=\"\u201eElectrek Podcast\u201c aptariame populiariausias naujienas tvaraus transporto ir energijos pasaulyje. \u0160ios savait\u0117s epizode aptariame \u201eEV\/Solar\u201c \u017eudymo s\u0105skait\u0105, judan\u010di\u0105 \u012f priek\u012f, Elonas meluoja apie \u201eTesla\u201c poreik\u012f, pigesn\u012f EV art\u0117jant\u012f ir dar daugiau. Spektaklis tiesiogiai veikia kiekvien\u0105 penktadien\u012f 16 val. ET Elecrektrek\u201eYouTube\u201c kanalas. Primename, kad mes tur\u0117sime pridedam\u0105 \u012fra\u0161\u0105, kaip \u0161is, svetain\u0117je su \u012fterpta nuoroda \u012f tiesiogin\u012f\" \/>\n\t\t<meta property=\"og:url\" content=\"http:\/\/eautomobiliai.lt\/index.php\/2025\/05\/24\/podcast-ev-saules-zudymo-saskaita-juda-i-prieki-elonas-meluoja-apie-tesla-paklausa-pigesnius-ev-ir-dar-daugiau\/\" \/>\n\t\t<meta property=\"article:published_time\" content=\"2025-05-24T01:26:51+00:00\" \/>\n\t\t<meta property=\"article:modified_time\" content=\"2025-05-24T01:26:51+00:00\" \/>\n\t\t<meta name=\"twitter:card\" content=\"summary_large_image\" \/>\n\t\t<meta name=\"twitter:title\" content=\"Podcast: EV\/Saul\u0117s \u017eudymo s\u0105skaita juda \u012f priek\u012f, Elonas meluoja apie \u201eTesla\u201c paklaus\u0105, pigesnius EV ir dar daugiau - Eautomobiliai.lt\" \/>\n\t\t<meta name=\"twitter:description\" content=\"\u201eElectrek Podcast\u201c aptariame populiariausias naujienas tvaraus transporto ir energijos pasaulyje. \u0160ios savait\u0117s epizode aptariame \u201eEV\/Solar\u201c \u017eudymo s\u0105skait\u0105, judan\u010di\u0105 \u012f priek\u012f, Elonas meluoja apie \u201eTesla\u201c poreik\u012f, pigesn\u012f EV art\u0117jant\u012f ir dar daugiau. Spektaklis tiesiogiai veikia kiekvien\u0105 penktadien\u012f 16 val. ET Elecrektrek\u201eYouTube\u201c kanalas. Primename, kad mes tur\u0117sime pridedam\u0105 \u012fra\u0161\u0105, kaip \u0161is, svetain\u0117je su \u012fterpta nuoroda \u012f tiesiogin\u012f\" \/>\n\t\t<script type=\"application\/ld+json\" class=\"aioseo-schema\">\n\t\t\t{\"@context\":\"https:\\\/\\\/schema.org\",\"@graph\":[{\"@type\":\"BlogPosting\",\"@id\":\"http:\\\/\\\/eautomobiliai.lt\\\/index.php\\\/2025\\\/05\\\/24\\\/podcast-ev-saules-zudymo-saskaita-juda-i-prieki-elonas-meluoja-apie-tesla-paklausa-pigesnius-ev-ir-dar-daugiau\\\/#blogposting\",\"name\":\"Podcast: EV\\\/Saul\\u0117s \\u017eudymo s\\u0105skaita juda \\u012f priek\\u012f, Elonas meluoja apie \\u201eTesla\\u201c paklaus\\u0105, pigesnius EV ir dar daugiau - Eautomobiliai.lt\",\"headline\":\"Podcast: EV\\\/Saul\\u0117s \\u017eudymo s\\u0105skaita juda \\u012f priek\\u012f, Elonas meluoja apie \\u201eTesla\\u201c paklaus\\u0105, pigesnius EV ir dar daugiau\",\"author\":{\"@id\":\"http:\\\/\\\/eautomobiliai.lt\\\/index.php\\\/author\\\/admin\\\/#author\"},\"publisher\":{\"@id\":\"http:\\\/\\\/eautomobiliai.lt\\\/#organization\"},\"image\":{\"@type\":\"ImageObject\",\"url\":\"http:\\\/\\\/eautomobiliai.lt\\\/wp-content\\\/uploads\\\/2025\\\/04\\\/\\u201ePodcast-\\u201eNew-Tesla-CyberTruck-\\u201eTariff-Mayhem-\\u201eLucid-Buys-Nikola-ir.jpg\",\"width\":1200,\"height\":628},\"datePublished\":\"2025-05-24T01:26:51+00:00\",\"dateModified\":\"2025-05-24T01:26:51+00:00\",\"inLanguage\":\"lt-LT\",\"mainEntityOfPage\":{\"@id\":\"http:\\\/\\\/eautomobiliai.lt\\\/index.php\\\/2025\\\/05\\\/24\\\/podcast-ev-saules-zudymo-saskaita-juda-i-prieki-elonas-meluoja-apie-tesla-paklausa-pigesnius-ev-ir-dar-daugiau\\\/#webpage\"},\"isPartOf\":{\"@id\":\"http:\\\/\\\/eautomobiliai.lt\\\/index.php\\\/2025\\\/05\\\/24\\\/podcast-ev-saules-zudymo-saskaita-juda-i-prieki-elonas-meluoja-apie-tesla-paklausa-pigesnius-ev-ir-dar-daugiau\\\/#webpage\"},\"articleSection\":\"ELEKTRINIAI AUTOMOBILIAI, apie, dar, daugiau, Elonas, EVSaul\\u0117s, juda, meluoja, paklaus\\u0105, pigesnius, Podcast, priek\\u012f, s\\u0105skaita, Tesla, \\u017eudymo\"},{\"@type\":\"BreadcrumbList\",\"@id\":\"http:\\\/\\\/eautomobiliai.lt\\\/index.php\\\/2025\\\/05\\\/24\\\/podcast-ev-saules-zudymo-saskaita-juda-i-prieki-elonas-meluoja-apie-tesla-paklausa-pigesnius-ev-ir-dar-daugiau\\\/#breadcrumblist\",\"itemListElement\":[{\"@type\":\"ListItem\",\"@id\":\"http:\\\/\\\/eautomobiliai.lt#listItem\",\"position\":1,\"name\":\"Home\",\"item\":\"http:\\\/\\\/eautomobiliai.lt\",\"nextItem\":{\"@type\":\"ListItem\",\"@id\":\"http:\\\/\\\/eautomobiliai.lt\\\/index.php\\\/category\\\/elektriniai-automobiliai\\\/#listItem\",\"name\":\"ELEKTRINIAI AUTOMOBILIAI\"}},{\"@type\":\"ListItem\",\"@id\":\"http:\\\/\\\/eautomobiliai.lt\\\/index.php\\\/category\\\/elektriniai-automobiliai\\\/#listItem\",\"position\":2,\"name\":\"ELEKTRINIAI AUTOMOBILIAI\",\"item\":\"http:\\\/\\\/eautomobiliai.lt\\\/index.php\\\/category\\\/elektriniai-automobiliai\\\/\",\"nextItem\":{\"@type\":\"ListItem\",\"@id\":\"http:\\\/\\\/eautomobiliai.lt\\\/index.php\\\/2025\\\/05\\\/24\\\/podcast-ev-saules-zudymo-saskaita-juda-i-prieki-elonas-meluoja-apie-tesla-paklausa-pigesnius-ev-ir-dar-daugiau\\\/#listItem\",\"name\":\"Podcast: EV\\\/Saul\\u0117s \\u017eudymo s\\u0105skaita juda \\u012f priek\\u012f, Elonas meluoja apie \\u201eTesla\\u201c paklaus\\u0105, pigesnius EV ir dar daugiau\"},\"previousItem\":{\"@type\":\"ListItem\",\"@id\":\"http:\\\/\\\/eautomobiliai.lt#listItem\",\"name\":\"Home\"}},{\"@type\":\"ListItem\",\"@id\":\"http:\\\/\\\/eautomobiliai.lt\\\/index.php\\\/2025\\\/05\\\/24\\\/podcast-ev-saules-zudymo-saskaita-juda-i-prieki-elonas-meluoja-apie-tesla-paklausa-pigesnius-ev-ir-dar-daugiau\\\/#listItem\",\"position\":3,\"name\":\"Podcast: EV\\\/Saul\\u0117s \\u017eudymo s\\u0105skaita juda \\u012f priek\\u012f, Elonas meluoja apie \\u201eTesla\\u201c paklaus\\u0105, pigesnius EV ir dar daugiau\",\"previousItem\":{\"@type\":\"ListItem\",\"@id\":\"http:\\\/\\\/eautomobiliai.lt\\\/index.php\\\/category\\\/elektriniai-automobiliai\\\/#listItem\",\"name\":\"ELEKTRINIAI AUTOMOBILIAI\"}}]},{\"@type\":\"Organization\",\"@id\":\"http:\\\/\\\/eautomobiliai.lt\\\/#organization\",\"name\":\"Eautomobiliai.lt\",\"description\":\"Elektrinis transportas, technologijos\",\"url\":\"http:\\\/\\\/eautomobiliai.lt\\\/\"},{\"@type\":\"Person\",\"@id\":\"http:\\\/\\\/eautomobiliai.lt\\\/index.php\\\/author\\\/admin\\\/#author\",\"url\":\"http:\\\/\\\/eautomobiliai.lt\\\/index.php\\\/author\\\/admin\\\/\",\"name\":\"admin\",\"image\":{\"@type\":\"ImageObject\",\"@id\":\"http:\\\/\\\/eautomobiliai.lt\\\/index.php\\\/2025\\\/05\\\/24\\\/podcast-ev-saules-zudymo-saskaita-juda-i-prieki-elonas-meluoja-apie-tesla-paklausa-pigesnius-ev-ir-dar-daugiau\\\/#authorImage\",\"url\":\"https:\\\/\\\/secure.gravatar.com\\\/avatar\\\/6323379efae0c70c686c7905444d6bbd?s=96&d=mm&r=g\",\"width\":96,\"height\":96,\"caption\":\"admin\"}},{\"@type\":\"WebPage\",\"@id\":\"http:\\\/\\\/eautomobiliai.lt\\\/index.php\\\/2025\\\/05\\\/24\\\/podcast-ev-saules-zudymo-saskaita-juda-i-prieki-elonas-meluoja-apie-tesla-paklausa-pigesnius-ev-ir-dar-daugiau\\\/#webpage\",\"url\":\"http:\\\/\\\/eautomobiliai.lt\\\/index.php\\\/2025\\\/05\\\/24\\\/podcast-ev-saules-zudymo-saskaita-juda-i-prieki-elonas-meluoja-apie-tesla-paklausa-pigesnius-ev-ir-dar-daugiau\\\/\",\"name\":\"Podcast: EV\\\/Saul\\u0117s \\u017eudymo s\\u0105skaita juda \\u012f priek\\u012f, Elonas meluoja apie \\u201eTesla\\u201c paklaus\\u0105, pigesnius EV ir dar daugiau - Eautomobiliai.lt\",\"description\":\"\\u201eElectrek Podcast\\u201c aptariame populiariausias naujienas tvaraus transporto ir energijos pasaulyje. \\u0160ios savait\\u0117s epizode aptariame \\u201eEV\\\/Solar\\u201c \\u017eudymo s\\u0105skait\\u0105, judan\\u010di\\u0105 \\u012f priek\\u012f, Elonas meluoja apie \\u201eTesla\\u201c poreik\\u012f, pigesn\\u012f EV art\\u0117jant\\u012f ir dar daugiau. Spektaklis tiesiogiai veikia kiekvien\\u0105 penktadien\\u012f 16 val. ET Elecrektrek\\u201eYouTube\\u201c kanalas. Primename, kad mes tur\\u0117sime pridedam\\u0105 \\u012fra\\u0161\\u0105, kaip \\u0161is, svetain\\u0117je su \\u012fterpta nuoroda \\u012f tiesiogin\\u012f\",\"inLanguage\":\"lt-LT\",\"isPartOf\":{\"@id\":\"http:\\\/\\\/eautomobiliai.lt\\\/#website\"},\"breadcrumb\":{\"@id\":\"http:\\\/\\\/eautomobiliai.lt\\\/index.php\\\/2025\\\/05\\\/24\\\/podcast-ev-saules-zudymo-saskaita-juda-i-prieki-elonas-meluoja-apie-tesla-paklausa-pigesnius-ev-ir-dar-daugiau\\\/#breadcrumblist\"},\"author\":{\"@id\":\"http:\\\/\\\/eautomobiliai.lt\\\/index.php\\\/author\\\/admin\\\/#author\"},\"creator\":{\"@id\":\"http:\\\/\\\/eautomobiliai.lt\\\/index.php\\\/author\\\/admin\\\/#author\"},\"image\":{\"@type\":\"ImageObject\",\"url\":\"http:\\\/\\\/eautomobiliai.lt\\\/wp-content\\\/uploads\\\/2025\\\/04\\\/\\u201ePodcast-\\u201eNew-Tesla-CyberTruck-\\u201eTariff-Mayhem-\\u201eLucid-Buys-Nikola-ir.jpg\",\"@id\":\"http:\\\/\\\/eautomobiliai.lt\\\/index.php\\\/2025\\\/05\\\/24\\\/podcast-ev-saules-zudymo-saskaita-juda-i-prieki-elonas-meluoja-apie-tesla-paklausa-pigesnius-ev-ir-dar-daugiau\\\/#mainImage\",\"width\":1200,\"height\":628},\"primaryImageOfPage\":{\"@id\":\"http:\\\/\\\/eautomobiliai.lt\\\/index.php\\\/2025\\\/05\\\/24\\\/podcast-ev-saules-zudymo-saskaita-juda-i-prieki-elonas-meluoja-apie-tesla-paklausa-pigesnius-ev-ir-dar-daugiau\\\/#mainImage\"},\"datePublished\":\"2025-05-24T01:26:51+00:00\",\"dateModified\":\"2025-05-24T01:26:51+00:00\"},{\"@type\":\"WebSite\",\"@id\":\"http:\\\/\\\/eautomobiliai.lt\\\/#website\",\"url\":\"http:\\\/\\\/eautomobiliai.lt\\\/\",\"name\":\"Eautomobiliai.lt\",\"description\":\"Elektrinis transportas, technologijos\",\"inLanguage\":\"lt-LT\",\"publisher\":{\"@id\":\"http:\\\/\\\/eautomobiliai.lt\\\/#organization\"}}]}\n\t\t<\/script>\n\t\t<!-- All in One SEO -->\n\n","aioseo_head_json":{"title":"Podcast: EV\/Saul\u0117s \u017eudymo s\u0105skaita juda \u012f priek\u012f, Elonas meluoja apie \u201eTesla\u201c paklaus\u0105, pigesnius EV ir dar daugiau - Eautomobiliai.lt","description":"\u201eElectrek Podcast\u201c aptariame populiariausias naujienas tvaraus transporto ir energijos pasaulyje. \u0160ios savait\u0117s epizode aptariame \u201eEV\/Solar\u201c \u017eudymo s\u0105skait\u0105, judan\u010di\u0105 \u012f priek\u012f, Elonas meluoja apie \u201eTesla\u201c poreik\u012f, pigesn\u012f EV art\u0117jant\u012f ir dar daugiau. Spektaklis tiesiogiai veikia kiekvien\u0105 penktadien\u012f 16 val. ET Elecrektrek\u201eYouTube\u201c kanalas. Primename, kad mes tur\u0117sime pridedam\u0105 \u012fra\u0161\u0105, kaip \u0161is, svetain\u0117je su \u012fterpta nuoroda \u012f tiesiogin\u012f","canonical_url":"http:\/\/eautomobiliai.lt\/index.php\/2025\/05\/24\/podcast-ev-saules-zudymo-saskaita-juda-i-prieki-elonas-meluoja-apie-tesla-paklausa-pigesnius-ev-ir-dar-daugiau\/","robots":"max-image-preview:large","keywords":"","webmasterTools":{"google-site-verification":"6zgFQV_ggON3NjnliunX3rIOfPu1cN2bmZH3rMwZjlE","miscellaneous":""},"schema":{"@context":"https:\/\/schema.org","@graph":[{"@type":"BlogPosting","@id":"http:\/\/eautomobiliai.lt\/index.php\/2025\/05\/24\/podcast-ev-saules-zudymo-saskaita-juda-i-prieki-elonas-meluoja-apie-tesla-paklausa-pigesnius-ev-ir-dar-daugiau\/#blogposting","name":"Podcast: EV\/Saul\u0117s \u017eudymo s\u0105skaita juda \u012f priek\u012f, Elonas meluoja apie \u201eTesla\u201c paklaus\u0105, pigesnius EV ir dar daugiau - Eautomobiliai.lt","headline":"Podcast: EV\/Saul\u0117s \u017eudymo s\u0105skaita juda \u012f priek\u012f, Elonas meluoja apie \u201eTesla\u201c paklaus\u0105, pigesnius EV ir dar daugiau","author":{"@id":"http:\/\/eautomobiliai.lt\/index.php\/author\/admin\/#author"},"publisher":{"@id":"http:\/\/eautomobiliai.lt\/#organization"},"image":{"@type":"ImageObject","url":"http:\/\/eautomobiliai.lt\/wp-content\/uploads\/2025\/04\/\u201ePodcast-\u201eNew-Tesla-CyberTruck-\u201eTariff-Mayhem-\u201eLucid-Buys-Nikola-ir.jpg","width":1200,"height":628},"datePublished":"2025-05-24T01:26:51+00:00","dateModified":"2025-05-24T01:26:51+00:00","inLanguage":"lt-LT","mainEntityOfPage":{"@id":"http:\/\/eautomobiliai.lt\/index.php\/2025\/05\/24\/podcast-ev-saules-zudymo-saskaita-juda-i-prieki-elonas-meluoja-apie-tesla-paklausa-pigesnius-ev-ir-dar-daugiau\/#webpage"},"isPartOf":{"@id":"http:\/\/eautomobiliai.lt\/index.php\/2025\/05\/24\/podcast-ev-saules-zudymo-saskaita-juda-i-prieki-elonas-meluoja-apie-tesla-paklausa-pigesnius-ev-ir-dar-daugiau\/#webpage"},"articleSection":"ELEKTRINIAI AUTOMOBILIAI, apie, dar, daugiau, Elonas, EVSaul\u0117s, juda, meluoja, paklaus\u0105, pigesnius, Podcast, priek\u012f, s\u0105skaita, Tesla, \u017eudymo"},{"@type":"BreadcrumbList","@id":"http:\/\/eautomobiliai.lt\/index.php\/2025\/05\/24\/podcast-ev-saules-zudymo-saskaita-juda-i-prieki-elonas-meluoja-apie-tesla-paklausa-pigesnius-ev-ir-dar-daugiau\/#breadcrumblist","itemListElement":[{"@type":"ListItem","@id":"http:\/\/eautomobiliai.lt#listItem","position":1,"name":"Home","item":"http:\/\/eautomobiliai.lt","nextItem":{"@type":"ListItem","@id":"http:\/\/eautomobiliai.lt\/index.php\/category\/elektriniai-automobiliai\/#listItem","name":"ELEKTRINIAI AUTOMOBILIAI"}},{"@type":"ListItem","@id":"http:\/\/eautomobiliai.lt\/index.php\/category\/elektriniai-automobiliai\/#listItem","position":2,"name":"ELEKTRINIAI AUTOMOBILIAI","item":"http:\/\/eautomobiliai.lt\/index.php\/category\/elektriniai-automobiliai\/","nextItem":{"@type":"ListItem","@id":"http:\/\/eautomobiliai.lt\/index.php\/2025\/05\/24\/podcast-ev-saules-zudymo-saskaita-juda-i-prieki-elonas-meluoja-apie-tesla-paklausa-pigesnius-ev-ir-dar-daugiau\/#listItem","name":"Podcast: EV\/Saul\u0117s \u017eudymo s\u0105skaita juda \u012f priek\u012f, Elonas meluoja apie \u201eTesla\u201c paklaus\u0105, pigesnius EV ir dar daugiau"},"previousItem":{"@type":"ListItem","@id":"http:\/\/eautomobiliai.lt#listItem","name":"Home"}},{"@type":"ListItem","@id":"http:\/\/eautomobiliai.lt\/index.php\/2025\/05\/24\/podcast-ev-saules-zudymo-saskaita-juda-i-prieki-elonas-meluoja-apie-tesla-paklausa-pigesnius-ev-ir-dar-daugiau\/#listItem","position":3,"name":"Podcast: EV\/Saul\u0117s \u017eudymo s\u0105skaita juda \u012f priek\u012f, Elonas meluoja apie \u201eTesla\u201c paklaus\u0105, pigesnius EV ir dar daugiau","previousItem":{"@type":"ListItem","@id":"http:\/\/eautomobiliai.lt\/index.php\/category\/elektriniai-automobiliai\/#listItem","name":"ELEKTRINIAI AUTOMOBILIAI"}}]},{"@type":"Organization","@id":"http:\/\/eautomobiliai.lt\/#organization","name":"Eautomobiliai.lt","description":"Elektrinis transportas, technologijos","url":"http:\/\/eautomobiliai.lt\/"},{"@type":"Person","@id":"http:\/\/eautomobiliai.lt\/index.php\/author\/admin\/#author","url":"http:\/\/eautomobiliai.lt\/index.php\/author\/admin\/","name":"admin","image":{"@type":"ImageObject","@id":"http:\/\/eautomobiliai.lt\/index.php\/2025\/05\/24\/podcast-ev-saules-zudymo-saskaita-juda-i-prieki-elonas-meluoja-apie-tesla-paklausa-pigesnius-ev-ir-dar-daugiau\/#authorImage","url":"https:\/\/secure.gravatar.com\/avatar\/6323379efae0c70c686c7905444d6bbd?s=96&d=mm&r=g","width":96,"height":96,"caption":"admin"}},{"@type":"WebPage","@id":"http:\/\/eautomobiliai.lt\/index.php\/2025\/05\/24\/podcast-ev-saules-zudymo-saskaita-juda-i-prieki-elonas-meluoja-apie-tesla-paklausa-pigesnius-ev-ir-dar-daugiau\/#webpage","url":"http:\/\/eautomobiliai.lt\/index.php\/2025\/05\/24\/podcast-ev-saules-zudymo-saskaita-juda-i-prieki-elonas-meluoja-apie-tesla-paklausa-pigesnius-ev-ir-dar-daugiau\/","name":"Podcast: EV\/Saul\u0117s \u017eudymo s\u0105skaita juda \u012f priek\u012f, Elonas meluoja apie \u201eTesla\u201c paklaus\u0105, pigesnius EV ir dar daugiau - Eautomobiliai.lt","description":"\u201eElectrek Podcast\u201c aptariame populiariausias naujienas tvaraus transporto ir energijos pasaulyje. \u0160ios savait\u0117s epizode aptariame \u201eEV\/Solar\u201c \u017eudymo s\u0105skait\u0105, judan\u010di\u0105 \u012f priek\u012f, Elonas meluoja apie \u201eTesla\u201c poreik\u012f, pigesn\u012f EV art\u0117jant\u012f ir dar daugiau. Spektaklis tiesiogiai veikia kiekvien\u0105 penktadien\u012f 16 val. ET Elecrektrek\u201eYouTube\u201c kanalas. Primename, kad mes tur\u0117sime pridedam\u0105 \u012fra\u0161\u0105, kaip \u0161is, svetain\u0117je su \u012fterpta nuoroda \u012f tiesiogin\u012f","inLanguage":"lt-LT","isPartOf":{"@id":"http:\/\/eautomobiliai.lt\/#website"},"breadcrumb":{"@id":"http:\/\/eautomobiliai.lt\/index.php\/2025\/05\/24\/podcast-ev-saules-zudymo-saskaita-juda-i-prieki-elonas-meluoja-apie-tesla-paklausa-pigesnius-ev-ir-dar-daugiau\/#breadcrumblist"},"author":{"@id":"http:\/\/eautomobiliai.lt\/index.php\/author\/admin\/#author"},"creator":{"@id":"http:\/\/eautomobiliai.lt\/index.php\/author\/admin\/#author"},"image":{"@type":"ImageObject","url":"http:\/\/eautomobiliai.lt\/wp-content\/uploads\/2025\/04\/\u201ePodcast-\u201eNew-Tesla-CyberTruck-\u201eTariff-Mayhem-\u201eLucid-Buys-Nikola-ir.jpg","@id":"http:\/\/eautomobiliai.lt\/index.php\/2025\/05\/24\/podcast-ev-saules-zudymo-saskaita-juda-i-prieki-elonas-meluoja-apie-tesla-paklausa-pigesnius-ev-ir-dar-daugiau\/#mainImage","width":1200,"height":628},"primaryImageOfPage":{"@id":"http:\/\/eautomobiliai.lt\/index.php\/2025\/05\/24\/podcast-ev-saules-zudymo-saskaita-juda-i-prieki-elonas-meluoja-apie-tesla-paklausa-pigesnius-ev-ir-dar-daugiau\/#mainImage"},"datePublished":"2025-05-24T01:26:51+00:00","dateModified":"2025-05-24T01:26:51+00:00"},{"@type":"WebSite","@id":"http:\/\/eautomobiliai.lt\/#website","url":"http:\/\/eautomobiliai.lt\/","name":"Eautomobiliai.lt","description":"Elektrinis transportas, technologijos","inLanguage":"lt-LT","publisher":{"@id":"http:\/\/eautomobiliai.lt\/#organization"}}]},"og:locale":"lt_LT","og:site_name":"Eautomobiliai.lt - Elektrinis transportas, technologijos","og:type":"article","og:title":"Podcast: EV\/Saul\u0117s \u017eudymo s\u0105skaita juda \u012f priek\u012f, Elonas meluoja apie \u201eTesla\u201c paklaus\u0105, pigesnius EV ir dar daugiau - Eautomobiliai.lt","og:description":"\u201eElectrek Podcast\u201c aptariame populiariausias naujienas tvaraus transporto ir energijos pasaulyje. \u0160ios savait\u0117s epizode aptariame \u201eEV\/Solar\u201c \u017eudymo s\u0105skait\u0105, judan\u010di\u0105 \u012f priek\u012f, Elonas meluoja apie \u201eTesla\u201c poreik\u012f, pigesn\u012f EV art\u0117jant\u012f ir dar daugiau. Spektaklis tiesiogiai veikia kiekvien\u0105 penktadien\u012f 16 val. ET Elecrektrek\u201eYouTube\u201c kanalas. Primename, kad mes tur\u0117sime pridedam\u0105 \u012fra\u0161\u0105, kaip \u0161is, svetain\u0117je su \u012fterpta nuoroda \u012f tiesiogin\u012f","og:url":"http:\/\/eautomobiliai.lt\/index.php\/2025\/05\/24\/podcast-ev-saules-zudymo-saskaita-juda-i-prieki-elonas-meluoja-apie-tesla-paklausa-pigesnius-ev-ir-dar-daugiau\/","article:published_time":"2025-05-24T01:26:51+00:00","article:modified_time":"2025-05-24T01:26:51+00:00","twitter:card":"summary_large_image","twitter:title":"Podcast: EV\/Saul\u0117s \u017eudymo s\u0105skaita juda \u012f priek\u012f, Elonas meluoja apie \u201eTesla\u201c paklaus\u0105, pigesnius EV ir dar daugiau - Eautomobiliai.lt","twitter:description":"\u201eElectrek Podcast\u201c aptariame populiariausias naujienas tvaraus transporto ir energijos pasaulyje. \u0160ios savait\u0117s epizode aptariame \u201eEV\/Solar\u201c \u017eudymo s\u0105skait\u0105, judan\u010di\u0105 \u012f priek\u012f, Elonas meluoja apie \u201eTesla\u201c poreik\u012f, pigesn\u012f EV art\u0117jant\u012f ir dar daugiau. Spektaklis tiesiogiai veikia kiekvien\u0105 penktadien\u012f 16 val. ET Elecrektrek\u201eYouTube\u201c kanalas. Primename, kad mes tur\u0117sime pridedam\u0105 \u012fra\u0161\u0105, kaip \u0161is, svetain\u0117je su \u012fterpta nuoroda \u012f tiesiogin\u012f"},"aioseo_meta_data":{"post_id":"941","title":null,"description":null,"keywords":null,"keyphrases":null,"primary_term":null,"canonical_url":null,"og_title":null,"og_description":null,"og_object_type":"default","og_image_type":"default","og_image_url":null,"og_image_width":null,"og_image_height":null,"og_image_custom_url":null,"og_image_custom_fields":null,"og_video":null,"og_custom_url":null,"og_article_section":null,"og_article_tags":null,"twitter_use_og":false,"twitter_card":"default","twitter_image_type":"default","twitter_image_url":null,"twitter_image_custom_url":null,"twitter_image_custom_fields":null,"twitter_title":null,"twitter_description":null,"schema":{"blockGraphs":[],"customGraphs":[],"default":{"data":{"Article":[],"Course":[],"Dataset":[],"FAQPage":[],"Movie":[],"Person":[],"Product":[],"ProductReview":[],"Car":[],"Recipe":[],"Service":[],"SoftwareApplication":[],"WebPage":[]},"graphName":"","isEnabled":true},"graphs":[]},"schema_type":"default","schema_type_options":null,"pillar_content":false,"robots_default":true,"robots_noindex":false,"robots_noarchive":false,"robots_nosnippet":false,"robots_nofollow":false,"robots_noimageindex":false,"robots_noodp":false,"robots_notranslate":false,"robots_max_snippet":null,"robots_max_videopreview":null,"robots_max_imagepreview":"large","priority":null,"frequency":null,"local_seo":null,"breadcrumb_settings":null,"limit_modified_date":false,"created":"2025-05-24 01:29:11","updated":"2025-06-03 23:09:09","ai":null,"seo_analyzer_scan_date":null,"focus_keyword":null,"additional_keywords":null,"truseo_locale":null},"aioseo_breadcrumb":"<div class=\"aioseo-breadcrumbs\"><span class=\"aioseo-breadcrumb\">\n\t\t\t<a href=\"http:\/\/eautomobiliai.lt\" title=\"Home\">Home<\/a>\n\t\t<\/span><span class=\"aioseo-breadcrumb-separator\">&raquo;<\/span><span class=\"aioseo-breadcrumb\">\n\t\t\t<a href=\"http:\/\/eautomobiliai.lt\/index.php\/category\/elektriniai-automobiliai\/\" title=\"ELEKTRINIAI AUTOMOBILIAI\">ELEKTRINIAI AUTOMOBILIAI<\/a>\n\t\t<\/span><span class=\"aioseo-breadcrumb-separator\">&raquo;<\/span><span class=\"aioseo-breadcrumb\">\n\t\t\tPodcast: EV\/Saul\u0117s \u017eudymo s\u0105skaita juda \u012f priek\u012f, Elonas meluoja apie \u201eTesla\u201c paklaus\u0105, pigesnius EV ir dar daugiau\n\t\t<\/span><\/div>","aioseo_breadcrumb_json":[{"label":"Home","link":"http:\/\/eautomobiliai.lt"},{"label":"ELEKTRINIAI AUTOMOBILIAI","link":"http:\/\/eautomobiliai.lt\/index.php\/category\/elektriniai-automobiliai\/"},{"label":"Podcast: EV\/Saul\u0117s \u017eudymo s\u0105skaita juda \u012f priek\u012f, Elonas meluoja apie \u201eTesla\u201c paklaus\u0105, pigesnius EV ir dar daugiau","link":"http:\/\/eautomobiliai.lt\/index.php\/2025\/05\/24\/podcast-ev-saules-zudymo-saskaita-juda-i-prieki-elonas-meluoja-apie-tesla-paklausa-pigesnius-ev-ir-dar-daugiau\/"}],"yoast_head":"<!-- This site is optimized with the Yoast SEO plugin v26.8 - https:\/\/yoast.com\/product\/yoast-seo-wordpress\/ -->\n<title>Podcast: EV\/Saul\u0117s \u017eudymo s\u0105skaita juda \u012f priek\u012f, Elonas meluoja apie \u201eTesla\u201c paklaus\u0105, pigesnius EV ir dar daugiau - Eautomobiliai.lt<\/title>\n<meta name=\"robots\" content=\"index, follow, max-snippet:-1, max-image-preview:large, max-video-preview:-1\" \/>\n<link rel=\"canonical\" href=\"http:\/\/eautomobiliai.lt\/index.php\/2025\/05\/24\/podcast-ev-saules-zudymo-saskaita-juda-i-prieki-elonas-meluoja-apie-tesla-paklausa-pigesnius-ev-ir-dar-daugiau\/\" \/>\n<meta property=\"og:locale\" content=\"lt_LT\" \/>\n<meta property=\"og:type\" content=\"article\" \/>\n<meta property=\"og:title\" content=\"Podcast: EV\/Saul\u0117s \u017eudymo s\u0105skaita juda \u012f priek\u012f, Elonas meluoja apie \u201eTesla\u201c paklaus\u0105, pigesnius EV ir dar daugiau - Eautomobiliai.lt\" \/>\n<meta property=\"og:description\" content=\"\u201eElectrek Podcast\u201c aptariame populiariausias naujienas tvaraus transporto ir energijos pasaulyje. \u0160ios savait\u0117s epizode aptariame \u201eEV\/Solar\u201c \u017eudymo s\u0105skait\u0105, judan\u010di\u0105 \u012f priek\u012f,&hellip;\" \/>\n<meta property=\"og:url\" content=\"http:\/\/eautomobiliai.lt\/index.php\/2025\/05\/24\/podcast-ev-saules-zudymo-saskaita-juda-i-prieki-elonas-meluoja-apie-tesla-paklausa-pigesnius-ev-ir-dar-daugiau\/\" \/>\n<meta property=\"og:site_name\" content=\"Eautomobiliai.lt\" \/>\n<meta property=\"article:published_time\" content=\"2025-05-24T01:26:51+00:00\" \/>\n<meta property=\"og:image\" content=\"http:\/\/eautomobiliai.lt\/wp-content\/uploads\/2025\/04\/\u201ePodcast-\u201eNew-Tesla-CyberTruck-\u201eTariff-Mayhem-\u201eLucid-Buys-Nikola-ir.jpg\" \/>\n\t<meta property=\"og:image:width\" content=\"1200\" \/>\n\t<meta property=\"og:image:height\" content=\"628\" \/>\n\t<meta property=\"og:image:type\" content=\"image\/jpeg\" \/>\n<meta name=\"author\" content=\"admin\" \/>\n<meta name=\"twitter:card\" content=\"summary_large_image\" \/>\n<meta name=\"twitter:label1\" content=\"Written by\" \/>\n\t<meta name=\"twitter:data1\" content=\"admin\" \/>\n\t<meta name=\"twitter:label2\" content=\"Est. reading time\" \/>\n\t<meta name=\"twitter:data2\" content=\"1 minut\u0117\" \/>\n<script type=\"application\/ld+json\" class=\"yoast-schema-graph\">{\"@context\":\"https:\/\/schema.org\",\"@graph\":[{\"@type\":\"Article\",\"@id\":\"http:\/\/eautomobiliai.lt\/index.php\/2025\/05\/24\/podcast-ev-saules-zudymo-saskaita-juda-i-prieki-elonas-meluoja-apie-tesla-paklausa-pigesnius-ev-ir-dar-daugiau\/#article\",\"isPartOf\":{\"@id\":\"http:\/\/eautomobiliai.lt\/index.php\/2025\/05\/24\/podcast-ev-saules-zudymo-saskaita-juda-i-prieki-elonas-meluoja-apie-tesla-paklausa-pigesnius-ev-ir-dar-daugiau\/\"},\"author\":{\"name\":\"admin\",\"@id\":\"https:\/\/eautomobiliai.lt\/#\/schema\/person\/ecf2a967f361217d056061f74deb92f2\"},\"headline\":\"Podcast: EV\/Saul\u0117s \u017eudymo s\u0105skaita juda \u012f priek\u012f, Elonas meluoja apie \u201eTesla\u201c paklaus\u0105, pigesnius EV ir dar daugiau\",\"datePublished\":\"2025-05-24T01:26:51+00:00\",\"mainEntityOfPage\":{\"@id\":\"http:\/\/eautomobiliai.lt\/index.php\/2025\/05\/24\/podcast-ev-saules-zudymo-saskaita-juda-i-prieki-elonas-meluoja-apie-tesla-paklausa-pigesnius-ev-ir-dar-daugiau\/\"},\"wordCount\":190,\"commentCount\":0,\"image\":{\"@id\":\"http:\/\/eautomobiliai.lt\/index.php\/2025\/05\/24\/podcast-ev-saules-zudymo-saskaita-juda-i-prieki-elonas-meluoja-apie-tesla-paklausa-pigesnius-ev-ir-dar-daugiau\/#primaryimage\"},\"thumbnailUrl\":\"http:\/\/eautomobiliai.lt\/wp-content\/uploads\/2025\/04\/\u201ePodcast-\u201eNew-Tesla-CyberTruck-\u201eTariff-Mayhem-\u201eLucid-Buys-Nikola-ir.jpg\",\"keywords\":[\"apie\",\"dar\",\"daugiau\",\"Elonas\",\"EVSaul\u0117s\",\"juda\",\"meluoja\",\"paklaus\u0105\",\"pigesnius\",\"Podcast\",\"priek\u012f\",\"s\u0105skaita\",\"Tesla\",\"\u017eudymo\"],\"articleSection\":[\"ELEKTRINIAI AUTOMOBILIAI\"],\"inLanguage\":\"lt-LT\",\"potentialAction\":[{\"@type\":\"CommentAction\",\"name\":\"Comment\",\"target\":[\"http:\/\/eautomobiliai.lt\/index.php\/2025\/05\/24\/podcast-ev-saules-zudymo-saskaita-juda-i-prieki-elonas-meluoja-apie-tesla-paklausa-pigesnius-ev-ir-dar-daugiau\/#respond\"]}]},{\"@type\":\"WebPage\",\"@id\":\"http:\/\/eautomobiliai.lt\/index.php\/2025\/05\/24\/podcast-ev-saules-zudymo-saskaita-juda-i-prieki-elonas-meluoja-apie-tesla-paklausa-pigesnius-ev-ir-dar-daugiau\/\",\"url\":\"http:\/\/eautomobiliai.lt\/index.php\/2025\/05\/24\/podcast-ev-saules-zudymo-saskaita-juda-i-prieki-elonas-meluoja-apie-tesla-paklausa-pigesnius-ev-ir-dar-daugiau\/\",\"name\":\"Podcast: EV\/Saul\u0117s \u017eudymo s\u0105skaita juda \u012f priek\u012f, Elonas meluoja apie \u201eTesla\u201c paklaus\u0105, pigesnius EV ir dar daugiau - Eautomobiliai.lt\",\"isPartOf\":{\"@id\":\"https:\/\/eautomobiliai.lt\/#website\"},\"primaryImageOfPage\":{\"@id\":\"http:\/\/eautomobiliai.lt\/index.php\/2025\/05\/24\/podcast-ev-saules-zudymo-saskaita-juda-i-prieki-elonas-meluoja-apie-tesla-paklausa-pigesnius-ev-ir-dar-daugiau\/#primaryimage\"},\"image\":{\"@id\":\"http:\/\/eautomobiliai.lt\/index.php\/2025\/05\/24\/podcast-ev-saules-zudymo-saskaita-juda-i-prieki-elonas-meluoja-apie-tesla-paklausa-pigesnius-ev-ir-dar-daugiau\/#primaryimage\"},\"thumbnailUrl\":\"http:\/\/eautomobiliai.lt\/wp-content\/uploads\/2025\/04\/\u201ePodcast-\u201eNew-Tesla-CyberTruck-\u201eTariff-Mayhem-\u201eLucid-Buys-Nikola-ir.jpg\",\"datePublished\":\"2025-05-24T01:26:51+00:00\",\"author\":{\"@id\":\"https:\/\/eautomobiliai.lt\/#\/schema\/person\/ecf2a967f361217d056061f74deb92f2\"},\"breadcrumb\":{\"@id\":\"http:\/\/eautomobiliai.lt\/index.php\/2025\/05\/24\/podcast-ev-saules-zudymo-saskaita-juda-i-prieki-elonas-meluoja-apie-tesla-paklausa-pigesnius-ev-ir-dar-daugiau\/#breadcrumb\"},\"inLanguage\":\"lt-LT\",\"potentialAction\":[{\"@type\":\"ReadAction\",\"target\":[\"http:\/\/eautomobiliai.lt\/index.php\/2025\/05\/24\/podcast-ev-saules-zudymo-saskaita-juda-i-prieki-elonas-meluoja-apie-tesla-paklausa-pigesnius-ev-ir-dar-daugiau\/\"]}]},{\"@type\":\"ImageObject\",\"inLanguage\":\"lt-LT\",\"@id\":\"http:\/\/eautomobiliai.lt\/index.php\/2025\/05\/24\/podcast-ev-saules-zudymo-saskaita-juda-i-prieki-elonas-meluoja-apie-tesla-paklausa-pigesnius-ev-ir-dar-daugiau\/#primaryimage\",\"url\":\"http:\/\/eautomobiliai.lt\/wp-content\/uploads\/2025\/04\/\u201ePodcast-\u201eNew-Tesla-CyberTruck-\u201eTariff-Mayhem-\u201eLucid-Buys-Nikola-ir.jpg\",\"contentUrl\":\"http:\/\/eautomobiliai.lt\/wp-content\/uploads\/2025\/04\/\u201ePodcast-\u201eNew-Tesla-CyberTruck-\u201eTariff-Mayhem-\u201eLucid-Buys-Nikola-ir.jpg\",\"width\":1200,\"height\":628},{\"@type\":\"BreadcrumbList\",\"@id\":\"http:\/\/eautomobiliai.lt\/index.php\/2025\/05\/24\/podcast-ev-saules-zudymo-saskaita-juda-i-prieki-elonas-meluoja-apie-tesla-paklausa-pigesnius-ev-ir-dar-daugiau\/#breadcrumb\",\"itemListElement\":[{\"@type\":\"ListItem\",\"position\":1,\"name\":\"Home\",\"item\":\"https:\/\/eautomobiliai.lt\/\"},{\"@type\":\"ListItem\",\"position\":2,\"name\":\"Podcast: EV\/Saul\u0117s \u017eudymo s\u0105skaita juda \u012f priek\u012f, Elonas meluoja apie \u201eTesla\u201c paklaus\u0105, pigesnius EV ir dar daugiau\"}]},{\"@type\":\"WebSite\",\"@id\":\"https:\/\/eautomobiliai.lt\/#website\",\"url\":\"https:\/\/eautomobiliai.lt\/\",\"name\":\"Eautomobiliai.lt\",\"description\":\"Elektrinis transportas, technologijos\",\"potentialAction\":[{\"@type\":\"SearchAction\",\"target\":{\"@type\":\"EntryPoint\",\"urlTemplate\":\"https:\/\/eautomobiliai.lt\/?s={search_term_string}\"},\"query-input\":{\"@type\":\"PropertyValueSpecification\",\"valueRequired\":true,\"valueName\":\"search_term_string\"}}],\"inLanguage\":\"lt-LT\"},{\"@type\":\"Person\",\"@id\":\"https:\/\/eautomobiliai.lt\/#\/schema\/person\/ecf2a967f361217d056061f74deb92f2\",\"name\":\"admin\",\"image\":{\"@type\":\"ImageObject\",\"inLanguage\":\"lt-LT\",\"@id\":\"https:\/\/eautomobiliai.lt\/#\/schema\/person\/image\/\",\"url\":\"https:\/\/secure.gravatar.com\/avatar\/6323379efae0c70c686c7905444d6bbd?s=96&d=mm&r=g\",\"contentUrl\":\"https:\/\/secure.gravatar.com\/avatar\/6323379efae0c70c686c7905444d6bbd?s=96&d=mm&r=g\",\"caption\":\"admin\"},\"sameAs\":[\"http:\/\/eautomobiliai.lt\"],\"url\":\"http:\/\/eautomobiliai.lt\/index.php\/author\/admin\/\"}]}<\/script>\n<!-- \/ Yoast SEO plugin. -->","yoast_head_json":{"title":"Podcast: EV\/Saul\u0117s \u017eudymo s\u0105skaita juda \u012f priek\u012f, Elonas meluoja apie \u201eTesla\u201c paklaus\u0105, pigesnius EV ir dar daugiau - Eautomobiliai.lt","robots":{"index":"index","follow":"follow","max-snippet":"max-snippet:-1","max-image-preview":"max-image-preview:large","max-video-preview":"max-video-preview:-1"},"canonical":"http:\/\/eautomobiliai.lt\/index.php\/2025\/05\/24\/podcast-ev-saules-zudymo-saskaita-juda-i-prieki-elonas-meluoja-apie-tesla-paklausa-pigesnius-ev-ir-dar-daugiau\/","og_locale":"lt_LT","og_type":"article","og_title":"Podcast: EV\/Saul\u0117s \u017eudymo s\u0105skaita juda \u012f priek\u012f, Elonas meluoja apie \u201eTesla\u201c paklaus\u0105, pigesnius EV ir dar daugiau - Eautomobiliai.lt","og_description":"\u201eElectrek Podcast\u201c aptariame populiariausias naujienas tvaraus transporto ir energijos pasaulyje. \u0160ios savait\u0117s epizode aptariame \u201eEV\/Solar\u201c \u017eudymo s\u0105skait\u0105, judan\u010di\u0105 \u012f priek\u012f,&hellip;","og_url":"http:\/\/eautomobiliai.lt\/index.php\/2025\/05\/24\/podcast-ev-saules-zudymo-saskaita-juda-i-prieki-elonas-meluoja-apie-tesla-paklausa-pigesnius-ev-ir-dar-daugiau\/","og_site_name":"Eautomobiliai.lt","article_published_time":"2025-05-24T01:26:51+00:00","og_image":[{"width":1200,"height":628,"url":"http:\/\/eautomobiliai.lt\/wp-content\/uploads\/2025\/04\/\u201ePodcast-\u201eNew-Tesla-CyberTruck-\u201eTariff-Mayhem-\u201eLucid-Buys-Nikola-ir.jpg","type":"image\/jpeg"}],"author":"admin","twitter_card":"summary_large_image","twitter_misc":{"Written by":"admin","Est. reading time":"1 minut\u0117"},"schema":{"@context":"https:\/\/schema.org","@graph":[{"@type":"Article","@id":"http:\/\/eautomobiliai.lt\/index.php\/2025\/05\/24\/podcast-ev-saules-zudymo-saskaita-juda-i-prieki-elonas-meluoja-apie-tesla-paklausa-pigesnius-ev-ir-dar-daugiau\/#article","isPartOf":{"@id":"http:\/\/eautomobiliai.lt\/index.php\/2025\/05\/24\/podcast-ev-saules-zudymo-saskaita-juda-i-prieki-elonas-meluoja-apie-tesla-paklausa-pigesnius-ev-ir-dar-daugiau\/"},"author":{"name":"admin","@id":"https:\/\/eautomobiliai.lt\/#\/schema\/person\/ecf2a967f361217d056061f74deb92f2"},"headline":"Podcast: EV\/Saul\u0117s \u017eudymo s\u0105skaita juda \u012f priek\u012f, Elonas meluoja apie \u201eTesla\u201c paklaus\u0105, pigesnius EV ir dar daugiau","datePublished":"2025-05-24T01:26:51+00:00","mainEntityOfPage":{"@id":"http:\/\/eautomobiliai.lt\/index.php\/2025\/05\/24\/podcast-ev-saules-zudymo-saskaita-juda-i-prieki-elonas-meluoja-apie-tesla-paklausa-pigesnius-ev-ir-dar-daugiau\/"},"wordCount":190,"commentCount":0,"image":{"@id":"http:\/\/eautomobiliai.lt\/index.php\/2025\/05\/24\/podcast-ev-saules-zudymo-saskaita-juda-i-prieki-elonas-meluoja-apie-tesla-paklausa-pigesnius-ev-ir-dar-daugiau\/#primaryimage"},"thumbnailUrl":"http:\/\/eautomobiliai.lt\/wp-content\/uploads\/2025\/04\/\u201ePodcast-\u201eNew-Tesla-CyberTruck-\u201eTariff-Mayhem-\u201eLucid-Buys-Nikola-ir.jpg","keywords":["apie","dar","daugiau","Elonas","EVSaul\u0117s","juda","meluoja","paklaus\u0105","pigesnius","Podcast","priek\u012f","s\u0105skaita","Tesla","\u017eudymo"],"articleSection":["ELEKTRINIAI AUTOMOBILIAI"],"inLanguage":"lt-LT","potentialAction":[{"@type":"CommentAction","name":"Comment","target":["http:\/\/eautomobiliai.lt\/index.php\/2025\/05\/24\/podcast-ev-saules-zudymo-saskaita-juda-i-prieki-elonas-meluoja-apie-tesla-paklausa-pigesnius-ev-ir-dar-daugiau\/#respond"]}]},{"@type":"WebPage","@id":"http:\/\/eautomobiliai.lt\/index.php\/2025\/05\/24\/podcast-ev-saules-zudymo-saskaita-juda-i-prieki-elonas-meluoja-apie-tesla-paklausa-pigesnius-ev-ir-dar-daugiau\/","url":"http:\/\/eautomobiliai.lt\/index.php\/2025\/05\/24\/podcast-ev-saules-zudymo-saskaita-juda-i-prieki-elonas-meluoja-apie-tesla-paklausa-pigesnius-ev-ir-dar-daugiau\/","name":"Podcast: EV\/Saul\u0117s \u017eudymo s\u0105skaita juda \u012f priek\u012f, Elonas meluoja apie \u201eTesla\u201c paklaus\u0105, pigesnius EV ir dar daugiau - Eautomobiliai.lt","isPartOf":{"@id":"https:\/\/eautomobiliai.lt\/#website"},"primaryImageOfPage":{"@id":"http:\/\/eautomobiliai.lt\/index.php\/2025\/05\/24\/podcast-ev-saules-zudymo-saskaita-juda-i-prieki-elonas-meluoja-apie-tesla-paklausa-pigesnius-ev-ir-dar-daugiau\/#primaryimage"},"image":{"@id":"http:\/\/eautomobiliai.lt\/index.php\/2025\/05\/24\/podcast-ev-saules-zudymo-saskaita-juda-i-prieki-elonas-meluoja-apie-tesla-paklausa-pigesnius-ev-ir-dar-daugiau\/#primaryimage"},"thumbnailUrl":"http:\/\/eautomobiliai.lt\/wp-content\/uploads\/2025\/04\/\u201ePodcast-\u201eNew-Tesla-CyberTruck-\u201eTariff-Mayhem-\u201eLucid-Buys-Nikola-ir.jpg","datePublished":"2025-05-24T01:26:51+00:00","author":{"@id":"https:\/\/eautomobiliai.lt\/#\/schema\/person\/ecf2a967f361217d056061f74deb92f2"},"breadcrumb":{"@id":"http:\/\/eautomobiliai.lt\/index.php\/2025\/05\/24\/podcast-ev-saules-zudymo-saskaita-juda-i-prieki-elonas-meluoja-apie-tesla-paklausa-pigesnius-ev-ir-dar-daugiau\/#breadcrumb"},"inLanguage":"lt-LT","potentialAction":[{"@type":"ReadAction","target":["http:\/\/eautomobiliai.lt\/index.php\/2025\/05\/24\/podcast-ev-saules-zudymo-saskaita-juda-i-prieki-elonas-meluoja-apie-tesla-paklausa-pigesnius-ev-ir-dar-daugiau\/"]}]},{"@type":"ImageObject","inLanguage":"lt-LT","@id":"http:\/\/eautomobiliai.lt\/index.php\/2025\/05\/24\/podcast-ev-saules-zudymo-saskaita-juda-i-prieki-elonas-meluoja-apie-tesla-paklausa-pigesnius-ev-ir-dar-daugiau\/#primaryimage","url":"http:\/\/eautomobiliai.lt\/wp-content\/uploads\/2025\/04\/\u201ePodcast-\u201eNew-Tesla-CyberTruck-\u201eTariff-Mayhem-\u201eLucid-Buys-Nikola-ir.jpg","contentUrl":"http:\/\/eautomobiliai.lt\/wp-content\/uploads\/2025\/04\/\u201ePodcast-\u201eNew-Tesla-CyberTruck-\u201eTariff-Mayhem-\u201eLucid-Buys-Nikola-ir.jpg","width":1200,"height":628},{"@type":"BreadcrumbList","@id":"http:\/\/eautomobiliai.lt\/index.php\/2025\/05\/24\/podcast-ev-saules-zudymo-saskaita-juda-i-prieki-elonas-meluoja-apie-tesla-paklausa-pigesnius-ev-ir-dar-daugiau\/#breadcrumb","itemListElement":[{"@type":"ListItem","position":1,"name":"Home","item":"https:\/\/eautomobiliai.lt\/"},{"@type":"ListItem","position":2,"name":"Podcast: EV\/Saul\u0117s \u017eudymo s\u0105skaita juda \u012f priek\u012f, Elonas meluoja apie \u201eTesla\u201c paklaus\u0105, pigesnius EV ir dar daugiau"}]},{"@type":"WebSite","@id":"https:\/\/eautomobiliai.lt\/#website","url":"https:\/\/eautomobiliai.lt\/","name":"Eautomobiliai.lt","description":"Elektrinis transportas, technologijos","potentialAction":[{"@type":"SearchAction","target":{"@type":"EntryPoint","urlTemplate":"https:\/\/eautomobiliai.lt\/?s={search_term_string}"},"query-input":{"@type":"PropertyValueSpecification","valueRequired":true,"valueName":"search_term_string"}}],"inLanguage":"lt-LT"},{"@type":"Person","@id":"https:\/\/eautomobiliai.lt\/#\/schema\/person\/ecf2a967f361217d056061f74deb92f2","name":"admin","image":{"@type":"ImageObject","inLanguage":"lt-LT","@id":"https:\/\/eautomobiliai.lt\/#\/schema\/person\/image\/","url":"https:\/\/secure.gravatar.com\/avatar\/6323379efae0c70c686c7905444d6bbd?s=96&d=mm&r=g","contentUrl":"https:\/\/secure.gravatar.com\/avatar\/6323379efae0c70c686c7905444d6bbd?s=96&d=mm&r=g","caption":"admin"},"sameAs":["http:\/\/eautomobiliai.lt"],"url":"http:\/\/eautomobiliai.lt\/index.php\/author\/admin\/"}]}},"_links":{"self":[{"href":"http:\/\/eautomobiliai.lt\/index.php\/wp-json\/wp\/v2\/posts\/941","targetHints":{"allow":["GET"]}}],"collection":[{"href":"http:\/\/eautomobiliai.lt\/index.php\/wp-json\/wp\/v2\/posts"}],"about":[{"href":"http:\/\/eautomobiliai.lt\/index.php\/wp-json\/wp\/v2\/types\/post"}],"author":[{"embeddable":true,"href":"http:\/\/eautomobiliai.lt\/index.php\/wp-json\/wp\/v2\/users\/1"}],"replies":[{"embeddable":true,"href":"http:\/\/eautomobiliai.lt\/index.php\/wp-json\/wp\/v2\/comments?post=941"}],"version-history":[{"count":0,"href":"http:\/\/eautomobiliai.lt\/index.php\/wp-json\/wp\/v2\/posts\/941\/revisions"}],"wp:featuredmedia":[{"embeddable":true,"href":"http:\/\/eautomobiliai.lt\/index.php\/wp-json\/wp\/v2\/media\/454"}],"wp:attachment":[{"href":"http:\/\/eautomobiliai.lt\/index.php\/wp-json\/wp\/v2\/media?parent=941"}],"wp:term":[{"taxonomy":"category","embeddable":true,"href":"http:\/\/eautomobiliai.lt\/index.php\/wp-json\/wp\/v2\/categories?post=941"},{"taxonomy":"post_tag","embeddable":true,"href":"http:\/\/eautomobiliai.lt\/index.php\/wp-json\/wp\/v2\/tags?post=941"}],"curies":[{"name":"wp","href":"https:\/\/api.w.org\/{rel}","templated":true}]}}