{"id":989,"date":"2025-05-28T14:28:35","date_gmt":"2025-05-28T14:28:35","guid":{"rendered":"https:\/\/eautomobiliai.lt\/index.php\/2025\/05\/28\/hyundai-nori-panaikinti-pardavimo-nuosmuki-taciau-nepaisant-naujojo-inster-evs-nesukels-atgarsio\/"},"modified":"2025-05-28T14:28:35","modified_gmt":"2025-05-28T14:28:35","slug":"hyundai-nori-panaikinti-pardavimo-nuosmuki-taciau-nepaisant-naujojo-inster-evs-nesukels-atgarsio","status":"publish","type":"post","link":"http:\/\/eautomobiliai.lt\/index.php\/2025\/05\/28\/hyundai-nori-panaikinti-pardavimo-nuosmuki-taciau-nepaisant-naujojo-inster-evs-nesukels-atgarsio\/","title":{"rendered":"\u201eHyundai\u201c nori panaikinti pardavimo nuosmuk\u012f, ta\u010diau nepaisant naujojo \u201eInster\u201c, \u201eEVS\u201c nesukels atgarsio"},"content":{"rendered":"<p> <br \/>\n<\/p>\n<div id=\"\">\n<p><span style=\"font-weight: 400;\"><u>Hyundai<\/u> \u201eMotor Company Australia\u201c (HMCA) <\/span><span style=\"font-weight: 400;\">paskirtas Don Romano<\/span><span style=\"font-weight: 400;\">  B\u016bdamas prezidentu ir generaliniu direktoriumi 2025 m. Kovo m\u0117n., Pagrindinis tikslas buvo suimti prek\u0117s \u017eenklo pardavim\u0173 suma\u017e\u0117jim\u0105 ir pakeisti reikalus per kitus jo vaidmens 2\u20133 metus. <\/span><\/p>\n<p><span style=\"font-weight: 400;\">Nuo to laiko, kai 2014 m. Iki 2016 m. Parduotos daugiau nei 100 000 transporto priemoni\u0173, \u201eHyundai\u201c pardavimai pama\u017eu ma\u017e\u0117jo, nuo to laiko suma\u017e\u0117jo iki 75 000 2023 m., O 2024 m. &#8211; 71 000 &#8211; akumuliatori\u0173 elektrin\u0117s transporto priemon\u0117s sudar\u0117 tik 3,7% \u201eHyundai\u201c 2024 pardavim\u0173, i\u0161 viso 2665 EV per \u201eKona EV\u201c, \u201eIoniq 5\u201c ir \u201eIoniq 6\u201c.<\/span><\/p>\n<p><span style=\"font-weight: 400;\">Kalb\u0117damas su \u017einiasklaida per spaudos konferencij\u0105, skirt\u0105 prad\u0117ti \u201eHyundai Instroter\u201c, iki \u0161iol ma\u017eiausi\u0105 ir ma\u017eiausi\u0105 EV kain\u0105, Romano sako, kad jo atsakomyb\u0117 yra sustabdyti pardavim\u0173 ma\u017e\u0117jim\u0105, \u201ene eiti iki 100 000, o prad\u0117ti v\u0117l augti\u201c.<\/span><\/p>\n<p><span style=\"font-weight: 400;\">\u201eRomano\u201c atvyksta \u012f Australij\u0105 po s\u0117kmingos 10 met\u0173 kadencijos kaip \u201eHyundai Auto Canada\u201c (HAC) prezidento ir generalinio direktoriaus kadencija, kur jis pri\u017ei\u016br\u0117jo rekordin\u012f augimo laikotarp\u012f, o \u201eHyundai\u201c tapo \u201edid\u017eiausiu Kanados pagrindiniu (akumuliatoriaus) elektrini\u0173 transporto priemoni\u0173 pardav\u0117ju\u201c. <\/span><\/p>\n<p><span style=\"font-weight: 400;\">Nepaisant to, kad neseniai \u201eInster\u201c pasirod\u0117 kaip \u201eHyundai\u201c labiausiai prieinamas EV, \u201eRomano\u201c patvirtino, kad nesitikima, kad \u201eInster\u201c nepatenka \u012f savo EV pardavim\u0173 lenteles. \u201eKona EV\u201c ir \u201eIoniq 5\u201c i\u0161liks j\u0173 apimties pardav\u0117jai, tur\u0117dami platesn\u012f patrauklum\u0105 ir galimybes \u0161eimoms.<\/span><\/p>\n<p><span style=\"font-weight: 400;\">Akivaizdu, kad \u201eHyundai\u201c po\u017ei\u016bris \u012f pardavim\u0173 apva\u017eiavim\u0105 Australijoje nepasikliaus savo elektromobili\u0173 rinkiniu. \u201eIoniq 5\u201c \u0161iuo metu s\u0117di 20 -oje vietoje <\/span><span style=\"font-weight: 400;\">EV pardavimo lentel\u0117s<\/span><span style=\"font-weight: 400;\">iki 2025 m. Baland\u017eio m\u0117n. Pabaigos pardav\u0117 299 vienetus. \u201eKona EV\u201c yra 25 -as su 243 pardavimo metais.<\/span><\/p>\n<figure id=\"attachment_174506\" aria-describedby=\"caption-attachment-174506\" style=\"width: 1000px\" class=\"wp-caption aligncenter\"><img loading=\"lazy\" decoding=\"async\" class=\"size-full wp-image-174506\" src=\"https:\/\/thedriven.io\/wp-content\/uploads\/2023\/12\/New-Kona-Electric-feature-image.jpg\" alt=\"Naujos kartos \u201eHyundai Kona Electric\u201c. Vaizdas: Timas Edenas\" width=\"1000\" height=\"658\" srcset=\"https:\/\/thedriven.io\/wp-content\/uploads\/2023\/12\/New-Kona-Electric-feature-image.jpg 1000w, https:\/\/thedriven.io\/wp-content\/uploads\/2023\/12\/New-Kona-Electric-feature-image-388x255.jpg 388w, https:\/\/thedriven.io\/wp-content\/uploads\/2023\/12\/New-Kona-Electric-feature-image-800x526.jpg 800w, https:\/\/thedriven.io\/wp-content\/uploads\/2023\/12\/New-Kona-Electric-feature-image-120x79.jpg 120w, https:\/\/thedriven.io\/wp-content\/uploads\/2023\/12\/New-Kona-Electric-feature-image-90x59.jpg 90w, https:\/\/thedriven.io\/wp-content\/uploads\/2023\/12\/New-Kona-Electric-feature-image-320x211.jpg 320w, https:\/\/thedriven.io\/wp-content\/uploads\/2023\/12\/New-Kona-Electric-feature-image-560x368.jpg 560w, https:\/\/thedriven.io\/wp-content\/uploads\/2023\/12\/New-Kona-Electric-feature-image-150x99.jpg 150w, https:\/\/thedriven.io\/wp-content\/uploads\/2023\/12\/New-Kona-Electric-feature-image-240x158.jpg 240w, https:\/\/thedriven.io\/wp-content\/uploads\/2023\/12\/New-Kona-Electric-feature-image-180x118.jpg 180w, https:\/\/thedriven.io\/wp-content\/uploads\/2023\/12\/New-Kona-Electric-feature-image-640x421.jpg 640w, https:\/\/thedriven.io\/wp-content\/uploads\/2023\/12\/New-Kona-Electric-feature-image-300x197.jpg 300w\" sizes=\"auto, (max-width: 1000px) 100vw, 1000px\"\/><figcaption id=\"caption-attachment-174506\" class=\"wp-caption-text\">Naujos kartos \u201eHyundai Kona Electric\u201c. Vaizdas: Timas Edenas<\/figcaption><\/figure>\n<p><span style=\"font-weight: 400;\">\u0160ie metai iki \u0161iol yra prastai palyginami tarp geriausi\u0173 EV modeli\u0173, toki\u0173 kaip \u201eSister Brand Kia&#8217;s EV5\u201c, kuris vidutini\u0161kai siekia 350\u2013400 pardavim\u0173 per m\u0117nes\u012f, o 336 i\u0161 ma\u017eesni\u0173 \u201eKia EV3\u201c taip pat buvo parduoti baland\u017eio m\u0117n. Antr\u0105j\u012f m\u0117nes\u012f rinkoje.<\/span><\/p>\n<p><span style=\"font-weight: 400;\">Naujokai i\u0161 Kinijos prek\u0117s \u017eenkl\u0173 kyla ir pardavimo lentel\u0117se ir patogiai parduoda \u201eHyundai\u201c. Pavyzd\u017eiui, baland\u017eio m\u0117n. \u201eGeely\u201c pardav\u0117 324 \u201eEx5\u201c su a\u0161triomis kainomis, atitinkan\u010diomis \u201eHyundai Inspect\u201c diapazon\u0105.<\/span><\/p>\n<p><span style=\"font-weight: 400;\">Siekdama padidinti pardavim\u0105 per trump\u0105 laik\u0105 ir atitikti NVE reikalavimus, \u201eHyundai\u201c planuoja pasinaudoti hibridini\u0173 ir hibridini\u0173 pardavim\u0173 augimu, u\u017etikrindamas, kad prekiautojai pakankamai tiekia \u0161ias transporto priemones, kad patenkint\u0173 klient\u0173 paklaus\u0105.<\/span><\/p>\n<p><span style=\"font-weight: 400;\">&#8222;Mes matome HEV segment\u0173 augim\u0105. Matome, kad BEV segmentai ma\u017e\u0117ja. Matome, kad ledo transporto priemon\u0117s ma\u017e\u0117ja, ir mes matome, kad vyriausyb\u0117 daug spaud\u017eia NVES reikalavimus.&#8221;<\/span><\/p>\n<p><span style=\"font-weight: 400;\">\u201eTurime atsi\u017evelgti \u012f visus \u012f juos ir pasakyti geriausi\u0105 \u0161iuo metu \u017eaidim\u0105, kur HEV skai\u010diuoja kreditus, yra kreiptis \u012f HEV ir sukurti kuo daugiau kredit\u0173. Taigi tai yra \u017eaidimo planas, ta\u010diau tuo pat metu esame antras pagal dyd\u012f HEV pardav\u0117jas net ir \u0161iandien\u201c, &#8211; teig\u0117 Romano. <\/span><\/p>\n<p><span style=\"font-weight: 400;\">Aptarnavimas ir garantija yra dar dvi sritys, kurias \u201eHyundai\u201c bandys sustiprinti kaip dalis pastang\u0173 pagerinti savo klient\u0173 patirt\u012f. Jau vykdomi tyrimai, siekiant pereiti prie 7 met\u0173 garantij\u0173, nes dabartinis 5 met\u0173 garantijos laikotarpis vis labiau tr\u016bksta, palyginti su 8 ar 10 met\u0173, kuriuos si\u016blo kai kurie kiti gamintojai.<\/span><\/p>\n<p><span style=\"font-weight: 400;\">Kalbant apie \u201eHyundai\u201c elektrini\u0173 transporto priemoni\u0173 pasirinkim\u0105, \u0161alia atvykimo \u012f Australij\u0105 yra <\/span><span style=\"font-weight: 400;\">3 eilu\u010di\u0173 \u201eIoniq 9\u201c<\/span><span style=\"font-weight: 400;\">paleid\u017eiant antr\u0105j\u0105 2025 m.<\/span><\/p>\n<figure id=\"attachment_183797\" aria-describedby=\"caption-attachment-183797\" style=\"width: 630px\" class=\"wp-caption aligncenter\"><img decoding=\"async\" class=\"size-full wp-image-183797 native-lazyload-js-fallback\" alt=\"Pasukamos s\u0117dyn\u0117s antroje \u201eHyundai Ioniq 9\u201c eil\u0117je. \u0160altinis: \u201eHyundai\u201c\" width=\"630\" height=\"394\" loading=\"lazy\" src=\"https:\/\/b2232832.smushcdn.com\/2232832\/wp-content\/uploads\/2024\/11\/Hyundai-IONIQ-9-swivel-seats.webp?lossy=1&amp;strip=0&amp;webp=1\" srcset=\"https:\/\/b2232832.smushcdn.com\/2232832\/wp-content\/uploads\/2024\/11\/Hyundai-IONIQ-9-swivel-seats.webp?lossy=1&amp;strip=0&amp;webp=1 630w, https:\/\/b2232832.smushcdn.com\/2232832\/wp-content\/uploads\/2024\/11\/Hyundai-IONIQ-9-swivel-seats-388x243.webp?lossy=1&amp;strip=0&amp;webp=1 388w, https:\/\/b2232832.smushcdn.com\/2232832\/wp-content\/uploads\/2024\/11\/Hyundai-IONIQ-9-swivel-seats-120x75.webp?lossy=1&amp;strip=0&amp;webp=1 120w, https:\/\/b2232832.smushcdn.com\/2232832\/wp-content\/uploads\/2024\/11\/Hyundai-IONIQ-9-swivel-seats-90x56.webp?lossy=1&amp;strip=0&amp;webp=1 90w, https:\/\/b2232832.smushcdn.com\/2232832\/wp-content\/uploads\/2024\/11\/Hyundai-IONIQ-9-swivel-seats-320x200.webp?lossy=1&amp;strip=0&amp;webp=1 320w, https:\/\/b2232832.smushcdn.com\/2232832\/wp-content\/uploads\/2024\/11\/Hyundai-IONIQ-9-swivel-seats-560x350.webp?lossy=1&amp;strip=0&amp;webp=1 560w, https:\/\/b2232832.smushcdn.com\/2232832\/wp-content\/uploads\/2024\/11\/Hyundai-IONIQ-9-swivel-seats-150x94.webp?lossy=1&amp;strip=0&amp;webp=1 150w, https:\/\/b2232832.smushcdn.com\/2232832\/wp-content\/uploads\/2024\/11\/Hyundai-IONIQ-9-swivel-seats-240x150.webp?lossy=1&amp;strip=0&amp;webp=1 240w, https:\/\/b2232832.smushcdn.com\/2232832\/wp-content\/uploads\/2024\/11\/Hyundai-IONIQ-9-swivel-seats-180x113.webp?lossy=1&amp;strip=0&amp;webp=1 180w, https:\/\/b2232832.smushcdn.com\/2232832\/wp-content\/uploads\/2024\/11\/Hyundai-IONIQ-9-swivel-seats-300x188.webp?lossy=1&amp;strip=0&amp;webp=1 300w\" data-sizes=\"(max-width: 630px) 100vw, 630px\"\/><img loading=\"lazy\" decoding=\"async\" class=\"size-full wp-image-183797\" src=\"https:\/\/thedriven.io\/wp-content\/uploads\/2024\/11\/Hyundai-IONIQ-9-swivel-seats.webp\" alt=\"Pasukamos s\u0117dyn\u0117s antroje \u201eHyundai Ioniq 9\u201c eil\u0117je. \u0160altinis: \u201eHyundai\u201c\" width=\"630\" height=\"394\" srcset=\"https:\/\/thedriven.io\/wp-content\/uploads\/2024\/11\/Hyundai-IONIQ-9-swivel-seats.webp 630w, https:\/\/thedriven.io\/wp-content\/uploads\/2024\/11\/Hyundai-IONIQ-9-swivel-seats-388x243.webp 388w, https:\/\/thedriven.io\/wp-content\/uploads\/2024\/11\/Hyundai-IONIQ-9-swivel-seats-120x75.webp 120w, https:\/\/thedriven.io\/wp-content\/uploads\/2024\/11\/Hyundai-IONIQ-9-swivel-seats-90x56.webp 90w, https:\/\/thedriven.io\/wp-content\/uploads\/2024\/11\/Hyundai-IONIQ-9-swivel-seats-320x200.webp 320w, https:\/\/thedriven.io\/wp-content\/uploads\/2024\/11\/Hyundai-IONIQ-9-swivel-seats-560x350.webp 560w, https:\/\/thedriven.io\/wp-content\/uploads\/2024\/11\/Hyundai-IONIQ-9-swivel-seats-150x94.webp 150w, https:\/\/thedriven.io\/wp-content\/uploads\/2024\/11\/Hyundai-IONIQ-9-swivel-seats-240x150.webp 240w, https:\/\/thedriven.io\/wp-content\/uploads\/2024\/11\/Hyundai-IONIQ-9-swivel-seats-180x113.webp 180w, https:\/\/thedriven.io\/wp-content\/uploads\/2024\/11\/Hyundai-IONIQ-9-swivel-seats-300x188.webp 300w\" sizes=\"auto, (max-width: 630px) 100vw, 630px\"\/><figcaption id=\"caption-attachment-183797\" class=\"wp-caption-text\">Pasukamos s\u0117dyn\u0117s antroje \u201eHyundai Ioniq 9\u201c eil\u0117je. \u0160altinis: \u201eHyundai\u201c<\/figcaption><\/figure>\n<p><span style=\"font-weight: 400;\">Atnaujintas \u201eGenesis GV60\u201c taip pat nusileis Australijoje iki 2025 m. Pabaigos, pasi\u017eymintis pana\u0161iais patobulinimais, rastais atnaujintu 2025 \u201eHyundai Ioniq 5\u201c, \u012fskaitant didesn\u0119 84 kWh baterij\u0105 ir pataisyt\u0105 interjero stili\u0173.<\/span><\/p>\n<p><span style=\"font-weight: 400;\">Spektaklio entuziastams grei\u010diausiai pamatysime labai laukt\u0105 \u201eIoniq 6 N\u201c 2026 m. Prad\u017eioje, o ne v\u0117liau \u0161iais metais. Remiantis \u201eIoniq 5 N\u201c rasta laim\u0117ta formule, \u201eIoniq 6 N\u201c pasi\u016blys tuos pa\u010dius unikalius disko re\u017eimus, taip pat kai kurias naujas funkcijas, kurias \u201eHyundai N\u201c padalinys nori parodyti.<\/span><\/p>\n<div class=\"saboxplugin-wrap\" itemtype=\"http:\/\/schema.org\/Person\" itemscope=\"\" itemprop=\"author\">\n<div class=\"saboxplugin-tab\">\n<div class=\"saboxplugin-gravatar\"><img decoding=\"async\" width=\"100\" height=\"100\" alt=\"\" itemprop=\"image\" loading=\"lazy\" class=\"native-lazyload-js-fallback\" src=\"https:\/\/b2232832.smushcdn.com\/2232832\/wp-content\/uploads\/2023\/10\/Tim-Eden-profile.jpg?lossy=1&amp;strip=0&amp;webp=1\"\/><img loading=\"lazy\" decoding=\"async\" src=\"https:\/\/thedriven.io\/wp-content\/uploads\/2023\/10\/Tim-Eden-profile.jpg\" width=\"100\" height=\"100\" alt=\"\" itemprop=\"image\"\/><\/div>\n<div class=\"saboxplugin-desc\">\n<div itemprop=\"description\">\n<p><span style=\"font-weight: 400\">Timas turi 20 met\u0173 patirt\u012f IT pramon\u0117je, \u012fskaitant 14 met\u0173 kaip tinklo in\u017einierius ir svetaini\u0173 patikimumo in\u017einierius \u201eGoogle Australia\u201c. Jis yra EV ir atsinaujinan\u010dios energijos entuziastas, kuris yra aistringiausias pad\u0117ti \u017emon\u0117ms suprasti ir pritaikyti \u0161ias technologijas.<\/span><\/p>\n<\/div>\n<\/div>\n<\/div>\n<\/div>\n<p><!-- AI CONTENT END 1 --><\/p><\/div>\n<p><br \/>\n<br \/><a href=\"https:\/\/thedriven.io\/2025\/05\/28\/hyundai-wants-to-reverse-sales-slump-but-despite-new-inster-the-rebound-wont-be-driven-by-evs\/\">Source link <\/a><\/p>\n","protected":false},"excerpt":{"rendered":"<p>Hyundai \u201eMotor Company Australia\u201c (HMCA) paskirtas Don Romano B\u016bdamas prezidentu ir generaliniu direktoriumi 2025 m. Kovo m\u0117n., Pagrindinis tikslas buvo&hellip;<\/p>\n","protected":false},"author":1,"featured_media":990,"comment_status":"open","ping_status":"open","sticky":false,"template":"","format":"standard","meta":{"om_disable_all_campaigns":false,"_monsterinsights_skip_tracking":false,"_monsterinsights_sitenote_active":false,"_monsterinsights_sitenote_note":"","_monsterinsights_sitenote_category":0,"footnotes":""},"categories":[39],"tags":[2129,369,605,2127,1647,554,2128,1002,2126,910,537,251],"class_list":["post-989","post","type-post","status-publish","format-standard","has-post-thumbnail","hentry","category-eautomobiliu-technine-puse","tag-atgarsio","tag-evs","tag-hyundai","tag-inster","tag-naujojo","tag-nepaisant","tag-nesukels","tag-nori","tag-nuosmuki","tag-panaikinti","tag-pardavimo","tag-taciau"],"aioseo_notices":[],"yoast_head":"<!-- This site is optimized with the Yoast SEO plugin v26.8 - https:\/\/yoast.com\/product\/yoast-seo-wordpress\/ -->\n<title>\u201eHyundai\u201c nori panaikinti pardavimo nuosmuk\u012f, ta\u010diau nepaisant naujojo \u201eInster\u201c, \u201eEVS\u201c nesukels atgarsio - Eautomobiliai.lt<\/title>\n<meta name=\"robots\" content=\"index, follow, max-snippet:-1, max-image-preview:large, max-video-preview:-1\" \/>\n<link rel=\"canonical\" href=\"http:\/\/eautomobiliai.lt\/index.php\/2025\/05\/28\/hyundai-nori-panaikinti-pardavimo-nuosmuki-taciau-nepaisant-naujojo-inster-evs-nesukels-atgarsio\/\" \/>\n<meta property=\"og:locale\" content=\"lt_LT\" \/>\n<meta property=\"og:type\" content=\"article\" \/>\n<meta property=\"og:title\" content=\"\u201eHyundai\u201c nori panaikinti pardavimo nuosmuk\u012f, ta\u010diau nepaisant naujojo \u201eInster\u201c, \u201eEVS\u201c nesukels atgarsio - Eautomobiliai.lt\" \/>\n<meta property=\"og:description\" content=\"Hyundai \u201eMotor Company Australia\u201c (HMCA) paskirtas Don Romano B\u016bdamas prezidentu ir generaliniu direktoriumi 2025 m. Kovo m\u0117n., Pagrindinis tikslas buvo&hellip;\" \/>\n<meta property=\"og:url\" content=\"http:\/\/eautomobiliai.lt\/index.php\/2025\/05\/28\/hyundai-nori-panaikinti-pardavimo-nuosmuki-taciau-nepaisant-naujojo-inster-evs-nesukels-atgarsio\/\" \/>\n<meta property=\"og:site_name\" content=\"Eautomobiliai.lt\" \/>\n<meta property=\"article:published_time\" content=\"2025-05-28T14:28:35+00:00\" \/>\n<meta property=\"og:image\" content=\"http:\/\/eautomobiliai.lt\/wp-content\/uploads\/2025\/05\/\u201eHyundai-nori-panaikinti-pardavimo-nuosmuki-taciau-nepaisant-naujojo-\u201eInster-\u201eEVS.webp.webp\" \/>\n\t<meta property=\"og:image:width\" content=\"1200\" \/>\n\t<meta property=\"og:image:height\" content=\"904\" \/>\n\t<meta property=\"og:image:type\" content=\"image\/webp\" \/>\n<meta name=\"author\" content=\"admin\" \/>\n<meta name=\"twitter:card\" content=\"summary_large_image\" \/>\n<meta name=\"twitter:label1\" content=\"Written by\" \/>\n\t<meta name=\"twitter:data1\" content=\"admin\" \/>\n\t<meta name=\"twitter:label2\" content=\"Est. reading time\" \/>\n\t<meta name=\"twitter:data2\" content=\"3 minut\u0117s\" \/>\n<script type=\"application\/ld+json\" class=\"yoast-schema-graph\">{\"@context\":\"https:\/\/schema.org\",\"@graph\":[{\"@type\":\"Article\",\"@id\":\"http:\/\/eautomobiliai.lt\/index.php\/2025\/05\/28\/hyundai-nori-panaikinti-pardavimo-nuosmuki-taciau-nepaisant-naujojo-inster-evs-nesukels-atgarsio\/#article\",\"isPartOf\":{\"@id\":\"http:\/\/eautomobiliai.lt\/index.php\/2025\/05\/28\/hyundai-nori-panaikinti-pardavimo-nuosmuki-taciau-nepaisant-naujojo-inster-evs-nesukels-atgarsio\/\"},\"author\":{\"name\":\"admin\",\"@id\":\"http:\/\/eautomobiliai.lt\/#\/schema\/person\/ecf2a967f361217d056061f74deb92f2\"},\"headline\":\"\u201eHyundai\u201c nori panaikinti pardavimo nuosmuk\u012f, ta\u010diau nepaisant naujojo \u201eInster\u201c, \u201eEVS\u201c nesukels atgarsio\",\"datePublished\":\"2025-05-28T14:28:35+00:00\",\"mainEntityOfPage\":{\"@id\":\"http:\/\/eautomobiliai.lt\/index.php\/2025\/05\/28\/hyundai-nori-panaikinti-pardavimo-nuosmuki-taciau-nepaisant-naujojo-inster-evs-nesukels-atgarsio\/\"},\"wordCount\":645,\"commentCount\":0,\"image\":{\"@id\":\"http:\/\/eautomobiliai.lt\/index.php\/2025\/05\/28\/hyundai-nori-panaikinti-pardavimo-nuosmuki-taciau-nepaisant-naujojo-inster-evs-nesukels-atgarsio\/#primaryimage\"},\"thumbnailUrl\":\"http:\/\/eautomobiliai.lt\/wp-content\/uploads\/2025\/05\/\u201eHyundai-nori-panaikinti-pardavimo-nuosmuki-taciau-nepaisant-naujojo-\u201eInster-\u201eEVS.webp.webp\",\"keywords\":[\"atgarsio\",\"EVS\",\"Hyundai\",\"Inster\",\"naujojo\",\"nepaisant\",\"nesukels\",\"nori\",\"nuosmuk\u012f\",\"panaikinti\",\"pardavimo\",\"ta\u010diau\"],\"articleSection\":[\"eAUTOMOBILI\u0172 TECHNIN\u0116 PUS\u0116\"],\"inLanguage\":\"lt-LT\",\"potentialAction\":[{\"@type\":\"CommentAction\",\"name\":\"Comment\",\"target\":[\"http:\/\/eautomobiliai.lt\/index.php\/2025\/05\/28\/hyundai-nori-panaikinti-pardavimo-nuosmuki-taciau-nepaisant-naujojo-inster-evs-nesukels-atgarsio\/#respond\"]}]},{\"@type\":\"WebPage\",\"@id\":\"http:\/\/eautomobiliai.lt\/index.php\/2025\/05\/28\/hyundai-nori-panaikinti-pardavimo-nuosmuki-taciau-nepaisant-naujojo-inster-evs-nesukels-atgarsio\/\",\"url\":\"http:\/\/eautomobiliai.lt\/index.php\/2025\/05\/28\/hyundai-nori-panaikinti-pardavimo-nuosmuki-taciau-nepaisant-naujojo-inster-evs-nesukels-atgarsio\/\",\"name\":\"\u201eHyundai\u201c nori panaikinti pardavimo nuosmuk\u012f, ta\u010diau nepaisant naujojo \u201eInster\u201c, \u201eEVS\u201c nesukels atgarsio - Eautomobiliai.lt\",\"isPartOf\":{\"@id\":\"http:\/\/eautomobiliai.lt\/#website\"},\"primaryImageOfPage\":{\"@id\":\"http:\/\/eautomobiliai.lt\/index.php\/2025\/05\/28\/hyundai-nori-panaikinti-pardavimo-nuosmuki-taciau-nepaisant-naujojo-inster-evs-nesukels-atgarsio\/#primaryimage\"},\"image\":{\"@id\":\"http:\/\/eautomobiliai.lt\/index.php\/2025\/05\/28\/hyundai-nori-panaikinti-pardavimo-nuosmuki-taciau-nepaisant-naujojo-inster-evs-nesukels-atgarsio\/#primaryimage\"},\"thumbnailUrl\":\"http:\/\/eautomobiliai.lt\/wp-content\/uploads\/2025\/05\/\u201eHyundai-nori-panaikinti-pardavimo-nuosmuki-taciau-nepaisant-naujojo-\u201eInster-\u201eEVS.webp.webp\",\"datePublished\":\"2025-05-28T14:28:35+00:00\",\"author\":{\"@id\":\"http:\/\/eautomobiliai.lt\/#\/schema\/person\/ecf2a967f361217d056061f74deb92f2\"},\"breadcrumb\":{\"@id\":\"http:\/\/eautomobiliai.lt\/index.php\/2025\/05\/28\/hyundai-nori-panaikinti-pardavimo-nuosmuki-taciau-nepaisant-naujojo-inster-evs-nesukels-atgarsio\/#breadcrumb\"},\"inLanguage\":\"lt-LT\",\"potentialAction\":[{\"@type\":\"ReadAction\",\"target\":[\"http:\/\/eautomobiliai.lt\/index.php\/2025\/05\/28\/hyundai-nori-panaikinti-pardavimo-nuosmuki-taciau-nepaisant-naujojo-inster-evs-nesukels-atgarsio\/\"]}]},{\"@type\":\"ImageObject\",\"inLanguage\":\"lt-LT\",\"@id\":\"http:\/\/eautomobiliai.lt\/index.php\/2025\/05\/28\/hyundai-nori-panaikinti-pardavimo-nuosmuki-taciau-nepaisant-naujojo-inster-evs-nesukels-atgarsio\/#primaryimage\",\"url\":\"http:\/\/eautomobiliai.lt\/wp-content\/uploads\/2025\/05\/\u201eHyundai-nori-panaikinti-pardavimo-nuosmuki-taciau-nepaisant-naujojo-\u201eInster-\u201eEVS.webp.webp\",\"contentUrl\":\"http:\/\/eautomobiliai.lt\/wp-content\/uploads\/2025\/05\/\u201eHyundai-nori-panaikinti-pardavimo-nuosmuki-taciau-nepaisant-naujojo-\u201eInster-\u201eEVS.webp.webp\",\"width\":1200,\"height\":904},{\"@type\":\"BreadcrumbList\",\"@id\":\"http:\/\/eautomobiliai.lt\/index.php\/2025\/05\/28\/hyundai-nori-panaikinti-pardavimo-nuosmuki-taciau-nepaisant-naujojo-inster-evs-nesukels-atgarsio\/#breadcrumb\",\"itemListElement\":[{\"@type\":\"ListItem\",\"position\":1,\"name\":\"Home\",\"item\":\"http:\/\/eautomobiliai.lt\/\"},{\"@type\":\"ListItem\",\"position\":2,\"name\":\"\u201eHyundai\u201c nori panaikinti pardavimo nuosmuk\u012f, ta\u010diau nepaisant naujojo \u201eInster\u201c, \u201eEVS\u201c nesukels atgarsio\"}]},{\"@type\":\"WebSite\",\"@id\":\"http:\/\/eautomobiliai.lt\/#website\",\"url\":\"http:\/\/eautomobiliai.lt\/\",\"name\":\"Eautomobiliai.lt\",\"description\":\"Elektrinis transportas, technologijos\",\"potentialAction\":[{\"@type\":\"SearchAction\",\"target\":{\"@type\":\"EntryPoint\",\"urlTemplate\":\"http:\/\/eautomobiliai.lt\/?s={search_term_string}\"},\"query-input\":{\"@type\":\"PropertyValueSpecification\",\"valueRequired\":true,\"valueName\":\"search_term_string\"}}],\"inLanguage\":\"lt-LT\"},{\"@type\":\"Person\",\"@id\":\"http:\/\/eautomobiliai.lt\/#\/schema\/person\/ecf2a967f361217d056061f74deb92f2\",\"name\":\"admin\",\"image\":{\"@type\":\"ImageObject\",\"inLanguage\":\"lt-LT\",\"@id\":\"http:\/\/eautomobiliai.lt\/#\/schema\/person\/image\/\",\"url\":\"https:\/\/secure.gravatar.com\/avatar\/6323379efae0c70c686c7905444d6bbd?s=96&d=mm&r=g\",\"contentUrl\":\"https:\/\/secure.gravatar.com\/avatar\/6323379efae0c70c686c7905444d6bbd?s=96&d=mm&r=g\",\"caption\":\"admin\"},\"sameAs\":[\"http:\/\/eautomobiliai.lt\"],\"url\":\"http:\/\/eautomobiliai.lt\/index.php\/author\/admin\/\"}]}<\/script>\n<!-- \/ Yoast SEO plugin. -->","yoast_head_json":{"title":"\u201eHyundai\u201c nori panaikinti pardavimo nuosmuk\u012f, ta\u010diau nepaisant naujojo \u201eInster\u201c, \u201eEVS\u201c nesukels atgarsio - Eautomobiliai.lt","robots":{"index":"index","follow":"follow","max-snippet":"max-snippet:-1","max-image-preview":"max-image-preview:large","max-video-preview":"max-video-preview:-1"},"canonical":"http:\/\/eautomobiliai.lt\/index.php\/2025\/05\/28\/hyundai-nori-panaikinti-pardavimo-nuosmuki-taciau-nepaisant-naujojo-inster-evs-nesukels-atgarsio\/","og_locale":"lt_LT","og_type":"article","og_title":"\u201eHyundai\u201c nori panaikinti pardavimo nuosmuk\u012f, ta\u010diau nepaisant naujojo \u201eInster\u201c, \u201eEVS\u201c nesukels atgarsio - Eautomobiliai.lt","og_description":"Hyundai \u201eMotor Company Australia\u201c (HMCA) paskirtas Don Romano B\u016bdamas prezidentu ir generaliniu direktoriumi 2025 m. Kovo m\u0117n., Pagrindinis tikslas buvo&hellip;","og_url":"http:\/\/eautomobiliai.lt\/index.php\/2025\/05\/28\/hyundai-nori-panaikinti-pardavimo-nuosmuki-taciau-nepaisant-naujojo-inster-evs-nesukels-atgarsio\/","og_site_name":"Eautomobiliai.lt","article_published_time":"2025-05-28T14:28:35+00:00","og_image":[{"width":1200,"height":904,"url":"http:\/\/eautomobiliai.lt\/wp-content\/uploads\/2025\/05\/\u201eHyundai-nori-panaikinti-pardavimo-nuosmuki-taciau-nepaisant-naujojo-\u201eInster-\u201eEVS.webp.webp","type":"image\/webp"}],"author":"admin","twitter_card":"summary_large_image","twitter_misc":{"Written by":"admin","Est. reading time":"3 minut\u0117s"},"schema":{"@context":"https:\/\/schema.org","@graph":[{"@type":"Article","@id":"http:\/\/eautomobiliai.lt\/index.php\/2025\/05\/28\/hyundai-nori-panaikinti-pardavimo-nuosmuki-taciau-nepaisant-naujojo-inster-evs-nesukels-atgarsio\/#article","isPartOf":{"@id":"http:\/\/eautomobiliai.lt\/index.php\/2025\/05\/28\/hyundai-nori-panaikinti-pardavimo-nuosmuki-taciau-nepaisant-naujojo-inster-evs-nesukels-atgarsio\/"},"author":{"name":"admin","@id":"http:\/\/eautomobiliai.lt\/#\/schema\/person\/ecf2a967f361217d056061f74deb92f2"},"headline":"\u201eHyundai\u201c nori panaikinti pardavimo nuosmuk\u012f, ta\u010diau nepaisant naujojo \u201eInster\u201c, \u201eEVS\u201c nesukels atgarsio","datePublished":"2025-05-28T14:28:35+00:00","mainEntityOfPage":{"@id":"http:\/\/eautomobiliai.lt\/index.php\/2025\/05\/28\/hyundai-nori-panaikinti-pardavimo-nuosmuki-taciau-nepaisant-naujojo-inster-evs-nesukels-atgarsio\/"},"wordCount":645,"commentCount":0,"image":{"@id":"http:\/\/eautomobiliai.lt\/index.php\/2025\/05\/28\/hyundai-nori-panaikinti-pardavimo-nuosmuki-taciau-nepaisant-naujojo-inster-evs-nesukels-atgarsio\/#primaryimage"},"thumbnailUrl":"http:\/\/eautomobiliai.lt\/wp-content\/uploads\/2025\/05\/\u201eHyundai-nori-panaikinti-pardavimo-nuosmuki-taciau-nepaisant-naujojo-\u201eInster-\u201eEVS.webp.webp","keywords":["atgarsio","EVS","Hyundai","Inster","naujojo","nepaisant","nesukels","nori","nuosmuk\u012f","panaikinti","pardavimo","ta\u010diau"],"articleSection":["eAUTOMOBILI\u0172 TECHNIN\u0116 PUS\u0116"],"inLanguage":"lt-LT","potentialAction":[{"@type":"CommentAction","name":"Comment","target":["http:\/\/eautomobiliai.lt\/index.php\/2025\/05\/28\/hyundai-nori-panaikinti-pardavimo-nuosmuki-taciau-nepaisant-naujojo-inster-evs-nesukels-atgarsio\/#respond"]}]},{"@type":"WebPage","@id":"http:\/\/eautomobiliai.lt\/index.php\/2025\/05\/28\/hyundai-nori-panaikinti-pardavimo-nuosmuki-taciau-nepaisant-naujojo-inster-evs-nesukels-atgarsio\/","url":"http:\/\/eautomobiliai.lt\/index.php\/2025\/05\/28\/hyundai-nori-panaikinti-pardavimo-nuosmuki-taciau-nepaisant-naujojo-inster-evs-nesukels-atgarsio\/","name":"\u201eHyundai\u201c nori panaikinti pardavimo nuosmuk\u012f, ta\u010diau nepaisant naujojo \u201eInster\u201c, \u201eEVS\u201c nesukels atgarsio - Eautomobiliai.lt","isPartOf":{"@id":"http:\/\/eautomobiliai.lt\/#website"},"primaryImageOfPage":{"@id":"http:\/\/eautomobiliai.lt\/index.php\/2025\/05\/28\/hyundai-nori-panaikinti-pardavimo-nuosmuki-taciau-nepaisant-naujojo-inster-evs-nesukels-atgarsio\/#primaryimage"},"image":{"@id":"http:\/\/eautomobiliai.lt\/index.php\/2025\/05\/28\/hyundai-nori-panaikinti-pardavimo-nuosmuki-taciau-nepaisant-naujojo-inster-evs-nesukels-atgarsio\/#primaryimage"},"thumbnailUrl":"http:\/\/eautomobiliai.lt\/wp-content\/uploads\/2025\/05\/\u201eHyundai-nori-panaikinti-pardavimo-nuosmuki-taciau-nepaisant-naujojo-\u201eInster-\u201eEVS.webp.webp","datePublished":"2025-05-28T14:28:35+00:00","author":{"@id":"http:\/\/eautomobiliai.lt\/#\/schema\/person\/ecf2a967f361217d056061f74deb92f2"},"breadcrumb":{"@id":"http:\/\/eautomobiliai.lt\/index.php\/2025\/05\/28\/hyundai-nori-panaikinti-pardavimo-nuosmuki-taciau-nepaisant-naujojo-inster-evs-nesukels-atgarsio\/#breadcrumb"},"inLanguage":"lt-LT","potentialAction":[{"@type":"ReadAction","target":["http:\/\/eautomobiliai.lt\/index.php\/2025\/05\/28\/hyundai-nori-panaikinti-pardavimo-nuosmuki-taciau-nepaisant-naujojo-inster-evs-nesukels-atgarsio\/"]}]},{"@type":"ImageObject","inLanguage":"lt-LT","@id":"http:\/\/eautomobiliai.lt\/index.php\/2025\/05\/28\/hyundai-nori-panaikinti-pardavimo-nuosmuki-taciau-nepaisant-naujojo-inster-evs-nesukels-atgarsio\/#primaryimage","url":"http:\/\/eautomobiliai.lt\/wp-content\/uploads\/2025\/05\/\u201eHyundai-nori-panaikinti-pardavimo-nuosmuki-taciau-nepaisant-naujojo-\u201eInster-\u201eEVS.webp.webp","contentUrl":"http:\/\/eautomobiliai.lt\/wp-content\/uploads\/2025\/05\/\u201eHyundai-nori-panaikinti-pardavimo-nuosmuki-taciau-nepaisant-naujojo-\u201eInster-\u201eEVS.webp.webp","width":1200,"height":904},{"@type":"BreadcrumbList","@id":"http:\/\/eautomobiliai.lt\/index.php\/2025\/05\/28\/hyundai-nori-panaikinti-pardavimo-nuosmuki-taciau-nepaisant-naujojo-inster-evs-nesukels-atgarsio\/#breadcrumb","itemListElement":[{"@type":"ListItem","position":1,"name":"Home","item":"http:\/\/eautomobiliai.lt\/"},{"@type":"ListItem","position":2,"name":"\u201eHyundai\u201c nori panaikinti pardavimo nuosmuk\u012f, ta\u010diau nepaisant naujojo \u201eInster\u201c, \u201eEVS\u201c nesukels atgarsio"}]},{"@type":"WebSite","@id":"http:\/\/eautomobiliai.lt\/#website","url":"http:\/\/eautomobiliai.lt\/","name":"Eautomobiliai.lt","description":"Elektrinis transportas, technologijos","potentialAction":[{"@type":"SearchAction","target":{"@type":"EntryPoint","urlTemplate":"http:\/\/eautomobiliai.lt\/?s={search_term_string}"},"query-input":{"@type":"PropertyValueSpecification","valueRequired":true,"valueName":"search_term_string"}}],"inLanguage":"lt-LT"},{"@type":"Person","@id":"http:\/\/eautomobiliai.lt\/#\/schema\/person\/ecf2a967f361217d056061f74deb92f2","name":"admin","image":{"@type":"ImageObject","inLanguage":"lt-LT","@id":"http:\/\/eautomobiliai.lt\/#\/schema\/person\/image\/","url":"https:\/\/secure.gravatar.com\/avatar\/6323379efae0c70c686c7905444d6bbd?s=96&d=mm&r=g","contentUrl":"https:\/\/secure.gravatar.com\/avatar\/6323379efae0c70c686c7905444d6bbd?s=96&d=mm&r=g","caption":"admin"},"sameAs":["http:\/\/eautomobiliai.lt"],"url":"http:\/\/eautomobiliai.lt\/index.php\/author\/admin\/"}]}},"_links":{"self":[{"href":"http:\/\/eautomobiliai.lt\/index.php\/wp-json\/wp\/v2\/posts\/989","targetHints":{"allow":["GET"]}}],"collection":[{"href":"http:\/\/eautomobiliai.lt\/index.php\/wp-json\/wp\/v2\/posts"}],"about":[{"href":"http:\/\/eautomobiliai.lt\/index.php\/wp-json\/wp\/v2\/types\/post"}],"author":[{"embeddable":true,"href":"http:\/\/eautomobiliai.lt\/index.php\/wp-json\/wp\/v2\/users\/1"}],"replies":[{"embeddable":true,"href":"http:\/\/eautomobiliai.lt\/index.php\/wp-json\/wp\/v2\/comments?post=989"}],"version-history":[{"count":0,"href":"http:\/\/eautomobiliai.lt\/index.php\/wp-json\/wp\/v2\/posts\/989\/revisions"}],"wp:featuredmedia":[{"embeddable":true,"href":"http:\/\/eautomobiliai.lt\/index.php\/wp-json\/wp\/v2\/media\/990"}],"wp:attachment":[{"href":"http:\/\/eautomobiliai.lt\/index.php\/wp-json\/wp\/v2\/media?parent=989"}],"wp:term":[{"taxonomy":"category","embeddable":true,"href":"http:\/\/eautomobiliai.lt\/index.php\/wp-json\/wp\/v2\/categories?post=989"},{"taxonomy":"post_tag","embeddable":true,"href":"http:\/\/eautomobiliai.lt\/index.php\/wp-json\/wp\/v2\/tags?post=989"}],"curies":[{"name":"wp","href":"https:\/\/api.w.org\/{rel}","templated":true}]}}