{"id":210,"date":"2025-03-21T14:31:11","date_gmt":"2025-03-21T14:31:11","guid":{"rendered":"https:\/\/eautomobiliai.lt\/index.php\/2025\/03\/21\/elonas-liepia-tesla-darbuotojams-neparduoti-tsla-akciju-nes-valdyba-ir-vykdytojai-dempingo\/"},"modified":"2025-03-21T14:31:11","modified_gmt":"2025-03-21T14:31:11","slug":"elonas-liepia-tesla-darbuotojams-neparduoti-tsla-akciju-nes-valdyba-ir-vykdytojai-dempingo","status":"publish","type":"post","link":"https:\/\/eautomobiliai.lt\/index.php\/2025\/03\/21\/elonas-liepia-tesla-darbuotojams-neparduoti-tsla-akciju-nes-valdyba-ir-vykdytojai-dempingo\/","title":{"rendered":"Elonas liepia \u201eTesla\u201c darbuotojams neparduoti TSLA akcij\u0173, nes valdyba ir vykdytojai dempingo"},"content":{"rendered":"<p> <br \/>\n<\/p>\n<div>\n<figure class=\"img-border featured-image\">\n\t<\/figure>\n<p>Vis\u0173 rank\u0173 susitikime pra\u0117jusi\u0105 nakt\u012f Elonas Muskas stov\u0117jo prie\u0161 \u201eTesla\u201c darbuotojus ir liep\u0117 jiems \u201epakabinti savo TSLA akcijas\u201c, nes \u201eTesla\u201c valdybos nariai ir auk\u0161\u010diausia vykdomoji vald\u017eia numeta savo akcijas 40% avarijos metu.<\/p>\n<p><span id=\"more-406948\"\/><\/p>\n<p>\u201eTesla\u201c per daugel\u012f met\u0173 da\u017enai rengia \u201evis\u0173 rank\u0173\u201c susitikimus darbuotojams, ta\u010diau pra\u0117jusi\u0105 nakt\u012f jie buvo pirmas kartas, kai jie buvo transliuojami vie\u0161ai.<\/p>\n<p>Generalinis direktorius Elonas Muskas susitikimo metu nepaskelb\u0117 nieko naujo. Da\u017eniausiai jis per pastaruosius metus pakartojo naujausius \u201eTesla\u201c etapus, pad\u0117kojo darbuotojams u\u017e j\u0173 darb\u0105 ir atk\u016br\u0117 kelet\u0105 jo pernelyg optimistini\u0173 prognozi\u0173 apie \u201eTesla\u201c ateit\u012f d\u0117l savaranki\u0161k\u0173 automobili\u0173, robot\u0173 ir vertybini\u0173 popieri\u0173 vertinimo.<\/p>\n<p>Generalinis direktorius dar kart\u0105 teig\u0117, kad, jo manymu, \u201eTesla\u201c taps vertingiausia pasaulyje kompanija.<\/p>\n<p>\t<span class=\"outbrain-ad-label\">Skelbimas &#8211; slinkite daugiau turinio<\/span><\/p>\n<p>Muskas \u0117jo tiek, kiek pra\u0161\u0117 darbuotoj\u0173, ir netiesiogiai visuomen\u0119, nes tai buvo vie\u0161ai tiesiogiai transliuojama, \u201epakabinti savo atsargas\u201c.<\/p>\n<p>Tai \u012fvyks po to, kai \u201eTesla\u201c akcijos \u0161iais metais suma\u017e\u0117jo daugiau nei 40%, ir tikimasi, kad \u201eTesla\u201c tur\u0117s blogiausi\u0105 ketvirt\u012f per pastaruosius 3 metus.<\/p>\n<p>Pasi\u016blymas, kad \u201eTesla\u201c darbuotojai ir visuomen\u0117 tur\u0117t\u0173 laikytis savo akcij\u0173, yra dr\u0105sus parei\u0161kimas, atsi\u017evelgiant \u012f tai, kad \u201eTesla\u201c valdybos nariai ir vadovai neseniai parduodami.<\/p>\n<p>Neseniai prane\u0161\u0117me, kad keli valdybos nariai ir \u201eTesla\u201c vyriausiasis finansininkas pastaruoju metu pardav\u0117 milijonus \u201eTesla\u201c akcij\u0173.<\/p>\n<p>\u0160tai \u201eTesla\u201c valdybos nari\u0173 ir vadov\u0173, parduodan\u010di\u0173 savo \u201eTesla\u201c akcijas per pastaruosius 3 m\u0117nesius, santrauka:<\/p>\n<figure class=\"wp-block-table\">\n<table class=\"has-fixed-layout\">\n<thead>\n<tr>\n<th><strong>Vie\u0161ai neatskleista informacija<\/strong><\/th>\n<th><strong>Pozicija<\/strong><\/th>\n<th><strong>Parduotos akcijos<\/strong><\/th>\n<th><strong>Bendra vert\u0117 (apytiksliai)<\/strong><\/th>\n<\/tr>\n<\/thead>\n<tbody>\n<tr>\n<td><strong>Robyn M. Denholm<\/strong><\/td>\n<td>Lentos k\u0117d\u0117<\/td>\n<td>224,780<\/td>\n<td>~ 76,9 mln. USD<\/td>\n<\/tr>\n<tr>\n<td><strong>Kimbalas Muskas<\/strong><\/td>\n<td>Direktorius (valdybos narys)<\/td>\n<td>75 000<\/td>\n<td>~ 27,6 mln. USD<\/td>\n<\/tr>\n<tr>\n<td><strong>Jamesas R. Murdochas<\/strong><\/td>\n<td>Direktorius (valdybos narys)<\/td>\n<td>54,776<\/td>\n<td>~ 13,2 mln. USD<\/td>\n<\/tr>\n<tr>\n<td><strong>Vaibhav Taneja<\/strong><\/td>\n<td>Vyriausiasis finansininkas<\/td>\n<td>~ 13 500<\/td>\n<td>~ 4,5 mln. USD<\/td>\n<\/tr>\n<tr>\n<td><strong>Kathleen Wilson-Thompson<\/strong><\/td>\n<td>Direktorius (valdybos narys)<\/td>\n<td>100 000<\/td>\n<td>~ 41,2 mln. USD<\/td>\n<\/tr>\n<\/tbody>\n<\/table>\n<\/figure>\n<h2 class=\"wp-block-heading\" id=\"h-electrek-s-take\">\u201eElectrek&#8217;s Take\u201c<\/h2>\n<p>\u012edomu, ar Elonas pasak\u0117 jiems t\u0105 pa\u010di\u0105 kalb\u0105 apie savo akcij\u0173 laikym\u0105si ir ar \u201eTesla\u201c netrukus b\u016bt\u0173 vertingiausia \u012fmon\u0117 pasaulyje?<\/p>\n<p>Jei jie juo tik\u0117t\u0173, jie pirks \u201eTesla\u201c akcijas, o ne parduos.<\/p>\n<p>Nei vienas \u201eTesla\u201c vie\u0161ai neatskleistas asmuo, reikalaujantis, kad SEC ataskait\u0173 teikimas per pastaruosius kelerius metus nusipirko ar parduoti \u201eTesla\u201c akcijas.<\/p>\n<p>N\u0117ra.<\/p>\n<p>Man atrodo, kad Elonas \u010dia nori. Jis \u017eino, kad \u201eTesla\u201c ketina tur\u0117ti bais\u0173 kvartal\u0105. Tik\u0117tina, kad balandis bus sunkus \u201eTesla\u201c akcijoms su pristatymo ataskaita pirm\u0105j\u0105 savait\u0119 ir u\u017edarb\u012f v\u0117liau m\u0117nes\u012f.<\/p>\n<p>Jis nor\u0117jo sustiprinti akcijas, kol ne\u012fvyko tie \u012fvykiai, kad b\u016bt\u0173 apribota \u017eala.<\/p>\n<p>Tik\u0117tina, kad tai \u0161iek tiek veiks. Jis atskleid\u0117 savo naujus gerb\u0117jus teis\u0117je \u012f savo dabar \u017einom\u0105 kalb\u0105 apie \u201eTesla\u201c, kuris tapo vertingiausia kompanija pasaulyje per robotakti\u0161kai ir humanoidinius robotus. Kai kurie i\u0161 t\u0173 nauj\u0173 gerb\u0117j\u0173 gali nuspr\u0119sti nusipirkti pagal \u0161i\u0105 rekomendacij\u0105.<\/p>\n<p>Ta\u010diau grei\u010diausiai jie sudegins per kelias savaites. Tai tapo naujuoju normaliu, kai \u0161i administracija siurbia kriptos, DJT ir kt.<\/p>\n<div class=\"ad-disclaimer-container\">\n<p class=\"disclaimer-affiliate\"><em>FPK: Mes naudojame pajamas gaunan\u010dias automatinio filialo nuorodas.<\/em> Daugiau.<\/p>\n<p><img loading=\"lazy\" decoding=\"async\" class=\"alignnone size-full wp-image-405334\" src=\"https:\/\/electrek.co\/wp-content\/uploads\/sites\/3\/2025\/03\/750x150-Beatbot-Native-Ad-Banners-1.png\" alt=\"\" width=\"750\" height=\"150\"\/><\/div>\n<\/p><\/div>\n<p><br \/>\n<br \/><a href=\"https:\/\/electrek.co\/2025\/03\/21\/elon-tells-tesla-employees-not-to-sell-tsla-stocks-board-execs-are-dumping\/\">Source link <\/a><\/p>\n","protected":false},"excerpt":{"rendered":"<p>Vis\u0173 rank\u0173 susitikime pra\u0117jusi\u0105 nakt\u012f Elonas Muskas stov\u0117jo prie\u0161 \u201eTesla\u201c darbuotojus ir liep\u0117 jiems \u201epakabinti savo TSLA akcijas\u201c, nes \u201eTesla\u201c&hellip;<\/p>\n","protected":false},"author":1,"featured_media":211,"comment_status":"open","ping_status":"open","sticky":false,"template":"","format":"standard","meta":{"om_disable_all_campaigns":false,"_monsterinsights_skip_tracking":false,"_monsterinsights_sitenote_active":false,"_monsterinsights_sitenote_note":"","_monsterinsights_sitenote_category":0,"footnotes":""},"categories":[8],"tags":[486,575,579,225,574,576,116,14,245,577,578],"class_list":["post-210","post","type-post","status-publish","format-standard","has-post-thumbnail","hentry","category-elektriniai-automobiliai","tag-akciju","tag-darbuotojams","tag-dempingo","tag-elonas","tag-liepia","tag-neparduoti","tag-nes","tag-tesla","tag-tsla","tag-valdyba","tag-vykdytojai"],"aioseo_notices":[],"yoast_head":"<!-- This site is optimized with the Yoast SEO plugin v26.8 - https:\/\/yoast.com\/product\/yoast-seo-wordpress\/ -->\n<title>Elonas liepia \u201eTesla\u201c darbuotojams neparduoti TSLA akcij\u0173, nes valdyba ir vykdytojai dempingo - Eautomobiliai.lt<\/title>\n<meta name=\"robots\" content=\"index, follow, max-snippet:-1, max-image-preview:large, max-video-preview:-1\" \/>\n<link rel=\"canonical\" href=\"https:\/\/eautomobiliai.lt\/index.php\/2025\/03\/21\/elonas-liepia-tesla-darbuotojams-neparduoti-tsla-akciju-nes-valdyba-ir-vykdytojai-dempingo\/\" \/>\n<meta property=\"og:locale\" content=\"lt_LT\" \/>\n<meta property=\"og:type\" content=\"article\" \/>\n<meta property=\"og:title\" content=\"Elonas liepia \u201eTesla\u201c darbuotojams neparduoti TSLA akcij\u0173, nes valdyba ir vykdytojai dempingo - Eautomobiliai.lt\" \/>\n<meta property=\"og:description\" content=\"Vis\u0173 rank\u0173 susitikime pra\u0117jusi\u0105 nakt\u012f Elonas Muskas stov\u0117jo prie\u0161 \u201eTesla\u201c darbuotojus ir liep\u0117 jiems \u201epakabinti savo TSLA akcijas\u201c, nes \u201eTesla\u201c&hellip;\" \/>\n<meta property=\"og:url\" content=\"https:\/\/eautomobiliai.lt\/index.php\/2025\/03\/21\/elonas-liepia-tesla-darbuotojams-neparduoti-tsla-akciju-nes-valdyba-ir-vykdytojai-dempingo\/\" \/>\n<meta property=\"og:site_name\" content=\"Eautomobiliai.lt\" \/>\n<meta property=\"article:published_time\" content=\"2025-03-21T14:31:11+00:00\" \/>\n<meta property=\"og:image\" content=\"https:\/\/eautomobiliai.lt\/wp-content\/uploads\/2025\/03\/Elonas-liepia-\u201eTesla-darbuotojams-neparduoti-TSLA-akciju-nes-valdyba-ir.png\" \/>\n\t<meta property=\"og:image:width\" content=\"1200\" \/>\n\t<meta property=\"og:image:height\" content=\"628\" \/>\n\t<meta property=\"og:image:type\" content=\"image\/png\" \/>\n<meta name=\"author\" content=\"admin\" \/>\n<meta name=\"twitter:card\" content=\"summary_large_image\" \/>\n<meta name=\"twitter:label1\" content=\"Written by\" \/>\n\t<meta name=\"twitter:data1\" content=\"admin\" \/>\n\t<meta name=\"twitter:label2\" content=\"Est. reading time\" \/>\n\t<meta name=\"twitter:data2\" content=\"2 minut\u0117s\" \/>\n<script type=\"application\/ld+json\" class=\"yoast-schema-graph\">{\"@context\":\"https:\/\/schema.org\",\"@graph\":[{\"@type\":\"Article\",\"@id\":\"https:\/\/eautomobiliai.lt\/index.php\/2025\/03\/21\/elonas-liepia-tesla-darbuotojams-neparduoti-tsla-akciju-nes-valdyba-ir-vykdytojai-dempingo\/#article\",\"isPartOf\":{\"@id\":\"https:\/\/eautomobiliai.lt\/index.php\/2025\/03\/21\/elonas-liepia-tesla-darbuotojams-neparduoti-tsla-akciju-nes-valdyba-ir-vykdytojai-dempingo\/\"},\"author\":{\"name\":\"admin\",\"@id\":\"http:\/\/eautomobiliai.lt\/#\/schema\/person\/ecf2a967f361217d056061f74deb92f2\"},\"headline\":\"Elonas liepia \u201eTesla\u201c darbuotojams neparduoti TSLA akcij\u0173, nes valdyba ir vykdytojai dempingo\",\"datePublished\":\"2025-03-21T14:31:11+00:00\",\"mainEntityOfPage\":{\"@id\":\"https:\/\/eautomobiliai.lt\/index.php\/2025\/03\/21\/elonas-liepia-tesla-darbuotojams-neparduoti-tsla-akciju-nes-valdyba-ir-vykdytojai-dempingo\/\"},\"wordCount\":480,\"commentCount\":0,\"image\":{\"@id\":\"https:\/\/eautomobiliai.lt\/index.php\/2025\/03\/21\/elonas-liepia-tesla-darbuotojams-neparduoti-tsla-akciju-nes-valdyba-ir-vykdytojai-dempingo\/#primaryimage\"},\"thumbnailUrl\":\"https:\/\/eautomobiliai.lt\/wp-content\/uploads\/2025\/03\/Elonas-liepia-\u201eTesla-darbuotojams-neparduoti-TSLA-akciju-nes-valdyba-ir.png\",\"keywords\":[\"akcij\u0173\",\"darbuotojams\",\"dempingo\",\"Elonas\",\"liepia\",\"neparduoti\",\"nes\",\"Tesla\",\"TSLA\",\"valdyba\",\"vykdytojai\"],\"articleSection\":[\"ELEKTRINIAI AUTOMOBILIAI\"],\"inLanguage\":\"lt-LT\",\"potentialAction\":[{\"@type\":\"CommentAction\",\"name\":\"Comment\",\"target\":[\"https:\/\/eautomobiliai.lt\/index.php\/2025\/03\/21\/elonas-liepia-tesla-darbuotojams-neparduoti-tsla-akciju-nes-valdyba-ir-vykdytojai-dempingo\/#respond\"]}]},{\"@type\":\"WebPage\",\"@id\":\"https:\/\/eautomobiliai.lt\/index.php\/2025\/03\/21\/elonas-liepia-tesla-darbuotojams-neparduoti-tsla-akciju-nes-valdyba-ir-vykdytojai-dempingo\/\",\"url\":\"https:\/\/eautomobiliai.lt\/index.php\/2025\/03\/21\/elonas-liepia-tesla-darbuotojams-neparduoti-tsla-akciju-nes-valdyba-ir-vykdytojai-dempingo\/\",\"name\":\"Elonas liepia \u201eTesla\u201c darbuotojams neparduoti TSLA akcij\u0173, nes valdyba ir vykdytojai dempingo - Eautomobiliai.lt\",\"isPartOf\":{\"@id\":\"http:\/\/eautomobiliai.lt\/#website\"},\"primaryImageOfPage\":{\"@id\":\"https:\/\/eautomobiliai.lt\/index.php\/2025\/03\/21\/elonas-liepia-tesla-darbuotojams-neparduoti-tsla-akciju-nes-valdyba-ir-vykdytojai-dempingo\/#primaryimage\"},\"image\":{\"@id\":\"https:\/\/eautomobiliai.lt\/index.php\/2025\/03\/21\/elonas-liepia-tesla-darbuotojams-neparduoti-tsla-akciju-nes-valdyba-ir-vykdytojai-dempingo\/#primaryimage\"},\"thumbnailUrl\":\"https:\/\/eautomobiliai.lt\/wp-content\/uploads\/2025\/03\/Elonas-liepia-\u201eTesla-darbuotojams-neparduoti-TSLA-akciju-nes-valdyba-ir.png\",\"datePublished\":\"2025-03-21T14:31:11+00:00\",\"author\":{\"@id\":\"http:\/\/eautomobiliai.lt\/#\/schema\/person\/ecf2a967f361217d056061f74deb92f2\"},\"breadcrumb\":{\"@id\":\"https:\/\/eautomobiliai.lt\/index.php\/2025\/03\/21\/elonas-liepia-tesla-darbuotojams-neparduoti-tsla-akciju-nes-valdyba-ir-vykdytojai-dempingo\/#breadcrumb\"},\"inLanguage\":\"lt-LT\",\"potentialAction\":[{\"@type\":\"ReadAction\",\"target\":[\"https:\/\/eautomobiliai.lt\/index.php\/2025\/03\/21\/elonas-liepia-tesla-darbuotojams-neparduoti-tsla-akciju-nes-valdyba-ir-vykdytojai-dempingo\/\"]}]},{\"@type\":\"ImageObject\",\"inLanguage\":\"lt-LT\",\"@id\":\"https:\/\/eautomobiliai.lt\/index.php\/2025\/03\/21\/elonas-liepia-tesla-darbuotojams-neparduoti-tsla-akciju-nes-valdyba-ir-vykdytojai-dempingo\/#primaryimage\",\"url\":\"https:\/\/eautomobiliai.lt\/wp-content\/uploads\/2025\/03\/Elonas-liepia-\u201eTesla-darbuotojams-neparduoti-TSLA-akciju-nes-valdyba-ir.png\",\"contentUrl\":\"https:\/\/eautomobiliai.lt\/wp-content\/uploads\/2025\/03\/Elonas-liepia-\u201eTesla-darbuotojams-neparduoti-TSLA-akciju-nes-valdyba-ir.png\",\"width\":1200,\"height\":628},{\"@type\":\"BreadcrumbList\",\"@id\":\"https:\/\/eautomobiliai.lt\/index.php\/2025\/03\/21\/elonas-liepia-tesla-darbuotojams-neparduoti-tsla-akciju-nes-valdyba-ir-vykdytojai-dempingo\/#breadcrumb\",\"itemListElement\":[{\"@type\":\"ListItem\",\"position\":1,\"name\":\"Home\",\"item\":\"http:\/\/eautomobiliai.lt\/\"},{\"@type\":\"ListItem\",\"position\":2,\"name\":\"Elonas liepia \u201eTesla\u201c darbuotojams neparduoti TSLA akcij\u0173, nes valdyba ir vykdytojai dempingo\"}]},{\"@type\":\"WebSite\",\"@id\":\"http:\/\/eautomobiliai.lt\/#website\",\"url\":\"http:\/\/eautomobiliai.lt\/\",\"name\":\"Eautomobiliai.lt\",\"description\":\"Elektrinis transportas, technologijos\",\"potentialAction\":[{\"@type\":\"SearchAction\",\"target\":{\"@type\":\"EntryPoint\",\"urlTemplate\":\"http:\/\/eautomobiliai.lt\/?s={search_term_string}\"},\"query-input\":{\"@type\":\"PropertyValueSpecification\",\"valueRequired\":true,\"valueName\":\"search_term_string\"}}],\"inLanguage\":\"lt-LT\"},{\"@type\":\"Person\",\"@id\":\"http:\/\/eautomobiliai.lt\/#\/schema\/person\/ecf2a967f361217d056061f74deb92f2\",\"name\":\"admin\",\"image\":{\"@type\":\"ImageObject\",\"inLanguage\":\"lt-LT\",\"@id\":\"http:\/\/eautomobiliai.lt\/#\/schema\/person\/image\/\",\"url\":\"https:\/\/secure.gravatar.com\/avatar\/6323379efae0c70c686c7905444d6bbd?s=96&d=mm&r=g\",\"contentUrl\":\"https:\/\/secure.gravatar.com\/avatar\/6323379efae0c70c686c7905444d6bbd?s=96&d=mm&r=g\",\"caption\":\"admin\"},\"sameAs\":[\"http:\/\/eautomobiliai.lt\"],\"url\":\"https:\/\/eautomobiliai.lt\/index.php\/author\/admin\/\"}]}<\/script>\n<!-- \/ Yoast SEO plugin. -->","yoast_head_json":{"title":"Elonas liepia \u201eTesla\u201c darbuotojams neparduoti TSLA akcij\u0173, nes valdyba ir vykdytojai dempingo - Eautomobiliai.lt","robots":{"index":"index","follow":"follow","max-snippet":"max-snippet:-1","max-image-preview":"max-image-preview:large","max-video-preview":"max-video-preview:-1"},"canonical":"https:\/\/eautomobiliai.lt\/index.php\/2025\/03\/21\/elonas-liepia-tesla-darbuotojams-neparduoti-tsla-akciju-nes-valdyba-ir-vykdytojai-dempingo\/","og_locale":"lt_LT","og_type":"article","og_title":"Elonas liepia \u201eTesla\u201c darbuotojams neparduoti TSLA akcij\u0173, nes valdyba ir vykdytojai dempingo - Eautomobiliai.lt","og_description":"Vis\u0173 rank\u0173 susitikime pra\u0117jusi\u0105 nakt\u012f Elonas Muskas stov\u0117jo prie\u0161 \u201eTesla\u201c darbuotojus ir liep\u0117 jiems \u201epakabinti savo TSLA akcijas\u201c, nes \u201eTesla\u201c&hellip;","og_url":"https:\/\/eautomobiliai.lt\/index.php\/2025\/03\/21\/elonas-liepia-tesla-darbuotojams-neparduoti-tsla-akciju-nes-valdyba-ir-vykdytojai-dempingo\/","og_site_name":"Eautomobiliai.lt","article_published_time":"2025-03-21T14:31:11+00:00","og_image":[{"width":1200,"height":628,"url":"https:\/\/eautomobiliai.lt\/wp-content\/uploads\/2025\/03\/Elonas-liepia-\u201eTesla-darbuotojams-neparduoti-TSLA-akciju-nes-valdyba-ir.png","type":"image\/png"}],"author":"admin","twitter_card":"summary_large_image","twitter_misc":{"Written by":"admin","Est. reading time":"2 minut\u0117s"},"schema":{"@context":"https:\/\/schema.org","@graph":[{"@type":"Article","@id":"https:\/\/eautomobiliai.lt\/index.php\/2025\/03\/21\/elonas-liepia-tesla-darbuotojams-neparduoti-tsla-akciju-nes-valdyba-ir-vykdytojai-dempingo\/#article","isPartOf":{"@id":"https:\/\/eautomobiliai.lt\/index.php\/2025\/03\/21\/elonas-liepia-tesla-darbuotojams-neparduoti-tsla-akciju-nes-valdyba-ir-vykdytojai-dempingo\/"},"author":{"name":"admin","@id":"http:\/\/eautomobiliai.lt\/#\/schema\/person\/ecf2a967f361217d056061f74deb92f2"},"headline":"Elonas liepia \u201eTesla\u201c darbuotojams neparduoti TSLA akcij\u0173, nes valdyba ir vykdytojai dempingo","datePublished":"2025-03-21T14:31:11+00:00","mainEntityOfPage":{"@id":"https:\/\/eautomobiliai.lt\/index.php\/2025\/03\/21\/elonas-liepia-tesla-darbuotojams-neparduoti-tsla-akciju-nes-valdyba-ir-vykdytojai-dempingo\/"},"wordCount":480,"commentCount":0,"image":{"@id":"https:\/\/eautomobiliai.lt\/index.php\/2025\/03\/21\/elonas-liepia-tesla-darbuotojams-neparduoti-tsla-akciju-nes-valdyba-ir-vykdytojai-dempingo\/#primaryimage"},"thumbnailUrl":"https:\/\/eautomobiliai.lt\/wp-content\/uploads\/2025\/03\/Elonas-liepia-\u201eTesla-darbuotojams-neparduoti-TSLA-akciju-nes-valdyba-ir.png","keywords":["akcij\u0173","darbuotojams","dempingo","Elonas","liepia","neparduoti","nes","Tesla","TSLA","valdyba","vykdytojai"],"articleSection":["ELEKTRINIAI AUTOMOBILIAI"],"inLanguage":"lt-LT","potentialAction":[{"@type":"CommentAction","name":"Comment","target":["https:\/\/eautomobiliai.lt\/index.php\/2025\/03\/21\/elonas-liepia-tesla-darbuotojams-neparduoti-tsla-akciju-nes-valdyba-ir-vykdytojai-dempingo\/#respond"]}]},{"@type":"WebPage","@id":"https:\/\/eautomobiliai.lt\/index.php\/2025\/03\/21\/elonas-liepia-tesla-darbuotojams-neparduoti-tsla-akciju-nes-valdyba-ir-vykdytojai-dempingo\/","url":"https:\/\/eautomobiliai.lt\/index.php\/2025\/03\/21\/elonas-liepia-tesla-darbuotojams-neparduoti-tsla-akciju-nes-valdyba-ir-vykdytojai-dempingo\/","name":"Elonas liepia \u201eTesla\u201c darbuotojams neparduoti TSLA akcij\u0173, nes valdyba ir vykdytojai dempingo - Eautomobiliai.lt","isPartOf":{"@id":"http:\/\/eautomobiliai.lt\/#website"},"primaryImageOfPage":{"@id":"https:\/\/eautomobiliai.lt\/index.php\/2025\/03\/21\/elonas-liepia-tesla-darbuotojams-neparduoti-tsla-akciju-nes-valdyba-ir-vykdytojai-dempingo\/#primaryimage"},"image":{"@id":"https:\/\/eautomobiliai.lt\/index.php\/2025\/03\/21\/elonas-liepia-tesla-darbuotojams-neparduoti-tsla-akciju-nes-valdyba-ir-vykdytojai-dempingo\/#primaryimage"},"thumbnailUrl":"https:\/\/eautomobiliai.lt\/wp-content\/uploads\/2025\/03\/Elonas-liepia-\u201eTesla-darbuotojams-neparduoti-TSLA-akciju-nes-valdyba-ir.png","datePublished":"2025-03-21T14:31:11+00:00","author":{"@id":"http:\/\/eautomobiliai.lt\/#\/schema\/person\/ecf2a967f361217d056061f74deb92f2"},"breadcrumb":{"@id":"https:\/\/eautomobiliai.lt\/index.php\/2025\/03\/21\/elonas-liepia-tesla-darbuotojams-neparduoti-tsla-akciju-nes-valdyba-ir-vykdytojai-dempingo\/#breadcrumb"},"inLanguage":"lt-LT","potentialAction":[{"@type":"ReadAction","target":["https:\/\/eautomobiliai.lt\/index.php\/2025\/03\/21\/elonas-liepia-tesla-darbuotojams-neparduoti-tsla-akciju-nes-valdyba-ir-vykdytojai-dempingo\/"]}]},{"@type":"ImageObject","inLanguage":"lt-LT","@id":"https:\/\/eautomobiliai.lt\/index.php\/2025\/03\/21\/elonas-liepia-tesla-darbuotojams-neparduoti-tsla-akciju-nes-valdyba-ir-vykdytojai-dempingo\/#primaryimage","url":"https:\/\/eautomobiliai.lt\/wp-content\/uploads\/2025\/03\/Elonas-liepia-\u201eTesla-darbuotojams-neparduoti-TSLA-akciju-nes-valdyba-ir.png","contentUrl":"https:\/\/eautomobiliai.lt\/wp-content\/uploads\/2025\/03\/Elonas-liepia-\u201eTesla-darbuotojams-neparduoti-TSLA-akciju-nes-valdyba-ir.png","width":1200,"height":628},{"@type":"BreadcrumbList","@id":"https:\/\/eautomobiliai.lt\/index.php\/2025\/03\/21\/elonas-liepia-tesla-darbuotojams-neparduoti-tsla-akciju-nes-valdyba-ir-vykdytojai-dempingo\/#breadcrumb","itemListElement":[{"@type":"ListItem","position":1,"name":"Home","item":"http:\/\/eautomobiliai.lt\/"},{"@type":"ListItem","position":2,"name":"Elonas liepia \u201eTesla\u201c darbuotojams neparduoti TSLA akcij\u0173, nes valdyba ir vykdytojai dempingo"}]},{"@type":"WebSite","@id":"http:\/\/eautomobiliai.lt\/#website","url":"http:\/\/eautomobiliai.lt\/","name":"Eautomobiliai.lt","description":"Elektrinis transportas, technologijos","potentialAction":[{"@type":"SearchAction","target":{"@type":"EntryPoint","urlTemplate":"http:\/\/eautomobiliai.lt\/?s={search_term_string}"},"query-input":{"@type":"PropertyValueSpecification","valueRequired":true,"valueName":"search_term_string"}}],"inLanguage":"lt-LT"},{"@type":"Person","@id":"http:\/\/eautomobiliai.lt\/#\/schema\/person\/ecf2a967f361217d056061f74deb92f2","name":"admin","image":{"@type":"ImageObject","inLanguage":"lt-LT","@id":"http:\/\/eautomobiliai.lt\/#\/schema\/person\/image\/","url":"https:\/\/secure.gravatar.com\/avatar\/6323379efae0c70c686c7905444d6bbd?s=96&d=mm&r=g","contentUrl":"https:\/\/secure.gravatar.com\/avatar\/6323379efae0c70c686c7905444d6bbd?s=96&d=mm&r=g","caption":"admin"},"sameAs":["http:\/\/eautomobiliai.lt"],"url":"https:\/\/eautomobiliai.lt\/index.php\/author\/admin\/"}]}},"_links":{"self":[{"href":"https:\/\/eautomobiliai.lt\/index.php\/wp-json\/wp\/v2\/posts\/210","targetHints":{"allow":["GET"]}}],"collection":[{"href":"https:\/\/eautomobiliai.lt\/index.php\/wp-json\/wp\/v2\/posts"}],"about":[{"href":"https:\/\/eautomobiliai.lt\/index.php\/wp-json\/wp\/v2\/types\/post"}],"author":[{"embeddable":true,"href":"https:\/\/eautomobiliai.lt\/index.php\/wp-json\/wp\/v2\/users\/1"}],"replies":[{"embeddable":true,"href":"https:\/\/eautomobiliai.lt\/index.php\/wp-json\/wp\/v2\/comments?post=210"}],"version-history":[{"count":0,"href":"https:\/\/eautomobiliai.lt\/index.php\/wp-json\/wp\/v2\/posts\/210\/revisions"}],"wp:featuredmedia":[{"embeddable":true,"href":"https:\/\/eautomobiliai.lt\/index.php\/wp-json\/wp\/v2\/media\/211"}],"wp:attachment":[{"href":"https:\/\/eautomobiliai.lt\/index.php\/wp-json\/wp\/v2\/media?parent=210"}],"wp:term":[{"taxonomy":"category","embeddable":true,"href":"https:\/\/eautomobiliai.lt\/index.php\/wp-json\/wp\/v2\/categories?post=210"},{"taxonomy":"post_tag","embeddable":true,"href":"https:\/\/eautomobiliai.lt\/index.php\/wp-json\/wp\/v2\/tags?post=210"}],"curies":[{"name":"wp","href":"https:\/\/api.w.org\/{rel}","templated":true}]}}