{"id":2153,"date":"2025-09-18T18:16:15","date_gmt":"2025-09-18T18:16:15","guid":{"rendered":"http:\/\/eautomobiliai.lt\/index.php\/2025\/09\/18\/kietojo-kuno-ev-baterijos-2025-m-sako-mercedes-partneris\/"},"modified":"2025-09-18T18:16:15","modified_gmt":"2025-09-18T18:16:15","slug":"kietojo-kuno-ev-baterijos-2025-m-sako-mercedes-partneris","status":"publish","type":"post","link":"https:\/\/eautomobiliai.lt\/index.php\/2025\/09\/18\/kietojo-kuno-ev-baterijos-2025-m-sako-mercedes-partneris\/","title":{"rendered":"Kietojo k\u016bno EV baterijos 2025 m., Sako \u201eMercedes\u201c partneris"},"content":{"rendered":"<p> <br \/>\n<\/p>\n<div>\n<figure class=\"img-border featured-image\">\n\t<\/figure>\n<p>Kietojo k\u016bno EV baterijos bus \u010dia, kol j\u016bs to ne\u017einosite, \u201eMercedes\u201c remiami \u201eFaraz\u0117s\u201c energijos teiginiai. Neseniai vykusio investuotoj\u0173 susitikimo metu \u201eFaraz\u0117\u201c teig\u0117, kad iki 2025 m. Pabaigos prad\u0117s tiekti kietojo k\u016bno EV baterijas.<\/p>\n<p><span id=\"more-434820\"\/><\/p>\n<h2 class=\"wp-block-heading\" id=\"h-farasis-energy-will-deliver-solid-state-ev-batteries-in-2025\">\u201eFaraz\u0117s energija\u201c 2025 m<\/h2>\n<p>Naujoji akumuliatori\u0173 technologija, \u017eadanti atrakinti daugiau va\u017eiavimo diapazono, greitesnio \u012fkrovimo ir ilgesnio gyvenimo trukm\u0117s, pagaliau juda i\u0161 laboratorijos \u012f real\u0173 pasaul\u012f.<\/p>\n<p>Susitikimo metu \u201eFaraz\u0117\u201c patvirtino, kad rugs\u0117jo 15 d. Sureng\u0117, kad jos visokeriopos b\u016bsenos EV baterijos dabar pradeda bandom\u0105j\u0105 gamyb\u0105 ir pristatym\u0105. Bendrov\u0117 stato 0,2 GWh bandom\u0105j\u0105 linij\u0105 naujoms sulfido pagrindu pagamintoms kietojo k\u016bno baterijoms, o pristatymai prasideda nuo 2025 m. Pabaigos. <\/p>\n<p>Kit\u0105 dien\u0105 i\u0161leistame parai\u0161koje, kuri\u0105 per\u017ei\u016br\u0117jo <em>Tai namo<\/em>bendrov\u0117 teig\u0117, kad ji yra visi\u0161kai \u012fsipareigojusi \u012f rink\u0105 pristatyti nauj\u0105 akumuliatori\u0173 technologij\u0105.<\/p>\n<p>\t<span class=\"outbrain-ad-label\">Skelbimas &#8211; slinkite daugiau turinio<\/span><\/p>\n<p>\u201eFarazis\u201c naudoja auk\u0161to nikelio tri\u0161al\u012f katod\u0105 ir auk\u0161to silicio anod\u0105, reikalaudamas nuo 400 iki 500 Wh\/kg energijos tankio.<\/p>\n<p>Ataskaitoje teigiama, kad moksliniai tyrimai ir pl\u0117tr\u0105 progresavo \u201eskland\u017eiai\u201c, o \u012fmon\u0117 planuoja prad\u0117ti pristatymus iki 2025 m. Pabaigos. I\u0161 prad\u017ei\u0173 jie bus pristatyti ma\u017eomis partijomis, kad gal\u0117t\u0173 pasirinkti klientus.<\/p>\n<figure class=\"wp-block-image aligncenter size-large\"><img loading=\"lazy\" decoding=\"async\" height=\"576\" width=\"1024\" src=\"https:\/\/electrek.co\/wp-content\/uploads\/sites\/3\/2025\/09\/Solid-state-EV-batteries-2025.jpeg?quality=82&amp;strip=all&amp;w=1024\" alt=\"Kietojo k\u016bno-EV-Batteres-20125\" class=\"wp-image-434843\" srcset=\"https:\/\/electrek.co\/wp-content\/uploads\/sites\/3\/2025\/09\/Solid-state-EV-batteries-2025.jpeg 1400w, https:\/\/electrek.co\/wp-content\/uploads\/sites\/3\/2025\/09\/Solid-state-EV-batteries-2025.jpeg?resize=150,84 150w, https:\/\/electrek.co\/wp-content\/uploads\/sites\/3\/2025\/09\/Solid-state-EV-batteries-2025.jpeg?resize=300,169 300w, https:\/\/electrek.co\/wp-content\/uploads\/sites\/3\/2025\/09\/Solid-state-EV-batteries-2025.jpeg?resize=768,432 768w, https:\/\/electrek.co\/wp-content\/uploads\/sites\/3\/2025\/09\/Solid-state-EV-batteries-2025.jpeg?resize=1024,576 1024w, https:\/\/electrek.co\/wp-content\/uploads\/sites\/3\/2025\/09\/Solid-state-EV-batteries-2025.jpeg?resize=350,197 350w, https:\/\/electrek.co\/wp-content\/uploads\/sites\/3\/2025\/09\/Solid-state-EV-batteries-2025.jpeg?resize=140,79 140w\" sizes=\"auto, (max-width: 1024px) 100vw, 1024px\"\/><figcaption class=\"wp-element-caption\">(\u0160altinis: \u201eFaraz\u0117s energija\u201c)<\/figcaption><\/figure>\n<p>Tuo tarpu \u201eFaraz\u0117s\u201c antrosios kartos sulfido pagrindu sukurtos visos kietos b\u016bsenos EV baterijos pereina pro technikos pl\u0117tros etap\u0105. Antr\u0173j\u0173 kart\u0173 akumuliatori\u0173 energijos tankis yra 500 Wh\/kg, o tai b\u016bt\u0173 viena did\u017eiausi\u0173 pramon\u0117je. Tikimasi, kad jis pasirodys 2026 m. <\/p>\n<p>2027 m. Bendrov\u0117 planuoja prad\u0117ti tre\u010di\u0105j\u0105 kart\u0105, pa\u017ead\u0117dama atrakinti daugiau nei 500 Wh\/kg energijos tank\u012f.<\/p>\n<figure class=\"wp-block-image aligncenter size-large\"><img loading=\"lazy\" decoding=\"async\" height=\"512\" width=\"1024\" src=\"https:\/\/electrek.co\/wp-content\/uploads\/sites\/3\/2025\/02\/Mercedes-solid-state-battery-EV-2.jpeg?quality=82&amp;strip=all&amp;w=1024\" alt=\"Kietojo k\u016bno-EV-Batteres-20125\" class=\"wp-image-403018\" srcset=\"https:\/\/electrek.co\/wp-content\/uploads\/sites\/3\/2025\/02\/Mercedes-solid-state-battery-EV-2.jpeg 1400w, https:\/\/electrek.co\/wp-content\/uploads\/sites\/3\/2025\/02\/Mercedes-solid-state-battery-EV-2.jpeg?resize=150,75 150w, https:\/\/electrek.co\/wp-content\/uploads\/sites\/3\/2025\/02\/Mercedes-solid-state-battery-EV-2.jpeg?resize=300,150 300w, https:\/\/electrek.co\/wp-content\/uploads\/sites\/3\/2025\/02\/Mercedes-solid-state-battery-EV-2.jpeg?resize=768,384 768w, https:\/\/electrek.co\/wp-content\/uploads\/sites\/3\/2025\/02\/Mercedes-solid-state-battery-EV-2.jpeg?resize=1024,512 1024w, https:\/\/electrek.co\/wp-content\/uploads\/sites\/3\/2025\/02\/Mercedes-solid-state-battery-EV-2.jpeg?resize=350,175 350w, https:\/\/electrek.co\/wp-content\/uploads\/sites\/3\/2025\/02\/Mercedes-solid-state-battery-EV-2.jpeg?resize=140,70 140w, https:\/\/electrek.co\/wp-content\/uploads\/sites\/3\/2025\/02\/Mercedes-solid-state-battery-EV-2.jpeg?resize=290,145 290w\" sizes=\"auto, (max-width: 1024px) 100vw, 1024px\"\/><figcaption class=\"wp-element-caption\">\u201eMercedes EQ\u201c modifikuoti su kietojo k\u016bno akumuliatoriumi (\u0161altinis: \u201eMercedes-Benz\u201c)<\/figcaption><\/figure>\n<p>Ataskaitoje teigiama, kad pusiau kietos b\u016bkl\u0117s baterijos kainuoja tik nuo 5% iki 10% daugiau nei skystos baterijos, o \u201eFaraz\u0117\u201c tikisi, kad kitais metais siuntos \u017eymiai padid\u0117s.<\/p>\n<p>Tik \u0161iais metais \u201eFarazis Energy\u201c teig\u0117, kad u\u017esitikrino naujus klientus, \u012fskaitant \u201eXPENG\u201c, \u201eGAC Group\u201c ir \u201ePagrindinius vietinius naujos energijos komercin\u0117s transporto priemon\u0117s klientus\u201c savo pagrindiniams produktams, SPS (\u201eSuper Motor Solution\u201c) baterijoms ir pusiau kiet\u0173 valstybini\u0173 baterijoms.<\/p>\n<figure class=\"wp-block-image aligncenter size-large\"><img loading=\"lazy\" decoding=\"async\" height=\"512\" width=\"1024\" src=\"https:\/\/electrek.co\/wp-content\/uploads\/sites\/3\/2025\/09\/Solid-state-EV-batteries-2025-2.jpeg?quality=82&amp;strip=all&amp;w=1024\" alt=\"Kietojo k\u016bno-EV-Batteres-20125\" class=\"wp-image-434846\" srcset=\"https:\/\/electrek.co\/wp-content\/uploads\/sites\/3\/2025\/09\/Solid-state-EV-batteries-2025-2.jpeg 1400w, https:\/\/electrek.co\/wp-content\/uploads\/sites\/3\/2025\/09\/Solid-state-EV-batteries-2025-2.jpeg?resize=150,75 150w, https:\/\/electrek.co\/wp-content\/uploads\/sites\/3\/2025\/09\/Solid-state-EV-batteries-2025-2.jpeg?resize=300,150 300w, https:\/\/electrek.co\/wp-content\/uploads\/sites\/3\/2025\/09\/Solid-state-EV-batteries-2025-2.jpeg?resize=768,384 768w, https:\/\/electrek.co\/wp-content\/uploads\/sites\/3\/2025\/09\/Solid-state-EV-batteries-2025-2.jpeg?resize=1024,512 1024w, https:\/\/electrek.co\/wp-content\/uploads\/sites\/3\/2025\/09\/Solid-state-EV-batteries-2025-2.jpeg?resize=350,175 350w, https:\/\/electrek.co\/wp-content\/uploads\/sites\/3\/2025\/09\/Solid-state-EV-batteries-2025-2.jpeg?resize=140,70 140w, https:\/\/electrek.co\/wp-content\/uploads\/sites\/3\/2025\/09\/Solid-state-EV-batteries-2025-2.jpeg?resize=290,145 290w\" sizes=\"auto, (max-width: 1024px) 100vw, 1024px\"\/><figcaption class=\"wp-element-caption\">\u201eFaraz\u0117s energijos\u201c vienodos b\u016bsenos EV akumuliatorius (\u0161altinis: \u201eFaraz\u0117s energija\u201c)<\/figcaption><\/figure>\n<p>Bendrov\u0117 planuoja pl\u0117sti u\u017esienyje ir \u012f naujus segmentus, \u012fskaitant humanoidinius robotus. \u201eFarazai\u201c jau naudoja \u201eHumanoid\u201c robot\u0173 vis\u0173 tvirt\u0173 b\u016bsen\u0173 baterijas ir i\u0161siunt\u0117 pavyzd\u017eius pagrindin\u0117ms humanoid\u0173 robot\u0173 kompanijoms.<\/p>\n<p>2020 m. \u201eMercedes-Benz\u201c nusipirko \u201eFaraz\u0117s energijos\u201c akcij\u0173 paket\u0105, kad u\u017etikrint\u0173 b\u016bsim\u0173 elektrini\u0173 transporto priemoni\u0173 akumuliatori\u0173 tiekim\u0105.<\/p>\n<figure class=\"wp-block-image aligncenter size-large\"><img loading=\"lazy\" decoding=\"async\" height=\"512\" width=\"1024\" src=\"https:\/\/electrek.co\/wp-content\/uploads\/sites\/3\/2025\/09\/Mercedes-solid-state-EV-batteries-1.jpeg?quality=82&amp;strip=all&amp;w=1024\" alt=\"\u201eMercedes-Solid-State-EV-Batteres\u201c\" class=\"wp-image-433482\" srcset=\"https:\/\/electrek.co\/wp-content\/uploads\/sites\/3\/2025\/09\/Mercedes-solid-state-EV-batteries-1.jpeg 1400w, https:\/\/electrek.co\/wp-content\/uploads\/sites\/3\/2025\/09\/Mercedes-solid-state-EV-batteries-1.jpeg?resize=150,75 150w, https:\/\/electrek.co\/wp-content\/uploads\/sites\/3\/2025\/09\/Mercedes-solid-state-EV-batteries-1.jpeg?resize=300,150 300w, https:\/\/electrek.co\/wp-content\/uploads\/sites\/3\/2025\/09\/Mercedes-solid-state-EV-batteries-1.jpeg?resize=768,384 768w, https:\/\/electrek.co\/wp-content\/uploads\/sites\/3\/2025\/09\/Mercedes-solid-state-EV-batteries-1.jpeg?resize=1024,512 1024w, https:\/\/electrek.co\/wp-content\/uploads\/sites\/3\/2025\/09\/Mercedes-solid-state-EV-batteries-1.jpeg?resize=350,175 350w, https:\/\/electrek.co\/wp-content\/uploads\/sites\/3\/2025\/09\/Mercedes-solid-state-EV-batteries-1.jpeg?resize=140,70 140w, https:\/\/electrek.co\/wp-content\/uploads\/sites\/3\/2025\/09\/Mercedes-solid-state-EV-batteries-1.jpeg?resize=290,145 290w\" sizes=\"auto, (max-width: 1024px) 100vw, 1024px\"\/><figcaption class=\"wp-element-caption\">Modifikuoti \u201eMercedes Eq\u201c su kietojo k\u016bno akumuliatoriais nuva\u017eiuoja 750 myli\u0173 (1,205 km) vienu \u012fkrovimu (\u0161altinis: \u201eMercedes-Benz\u201c)<\/figcaption><\/figure>\n<p>Naujienos pasirodys po to, kai \u201eMercedes\u201c pra\u0117jusi\u0105 savait\u0119 paskelb\u0117, kad ji nuva\u017eiavo \u201eEqs\u201c, apr\u016bpintus kietojo k\u016bno baterijomis, nuo \u0160tutgarto, Vokietijos, iki Malm\u0117s, \u0160vedija, \u012fveikian\u010dios 750 myli\u0173 (1,205 km). \u201eMercedes\u201c teig\u0117, kad transporto priemon\u0117je dar buvo dar 85 myli\u0173 atstumas. JAV pagr\u012fsta faktoriaus energija tiek\u0117 akumuliatoriaus elementus.<\/p>\n<p>\u201eMercedes\u201c technikos bosas Markusas Sch\u00e4feris, kietojo k\u016bno baterijas, \u201etikr\u0105j\u012f \u017eaidim\u0173\u201c elektrines transporto priemones pavadino \u201eTikrasis \u017eaidim\u0173\u201c. \u201eSch\u00e4fer\u201c prid\u0117jo nauj\u0105 akumuliatoriaus technologij\u0105, \u201epristato ne tik laboratorijoje, bet ir kelyje\u201c.<\/p>\n<p>\u201eFaraz\u0117s energija\u201c, \u201eMercedes-Benz\u201c ir \u201eFactorial Energy\u201c yra tik kelios \u012fmon\u0117s, lenktyniaujan\u010dios atrakinti \u201eHoly Grail\u201c \u201eEV\u201c baterijas. \u201eToyota\u201c, \u201eVolkswagen\u201c, \u201eStellantis\u201c ir \u201eHonda\u201c, nor\u0117dami pamin\u0117ti kelet\u0105, siekia iki de\u0161imtme\u010dio pabaigos i\u0161leisti kietojo k\u016bno baterijas. Prane\u0161ama, kad BYD ir CATL siekia apie 2027 m.<\/p>\n<p>Anks\u010diau \u0161i\u0105 savait\u0119 \u201eSK On\u201c teig\u0117, kad planuoja komercializuoti vis\u0173 tvirt\u0173 b\u016bkli\u0173 baterijas iki 2029 m., Per metus anks\u010diau.<\/p>\n<div class=\"ad-disclaimer-container\">\n<p class=\"disclaimer-affiliate\"><em>FPK: Mes naudojame pajamas gaunan\u010dias automatinio filialo nuorodas.<\/em> Daugiau.<\/p>\n<p><!-- post ad --><\/div>\n<\/p><\/div>\n<p><br \/>\n<br \/><a href=\"https:\/\/electrek.co\/2025\/09\/18\/solid-state-ev-batteries-on-track-for-2025-says-mercedes-partner\/\">Source link <\/a><\/p>\n","protected":false},"excerpt":{"rendered":"<p>Kietojo k\u016bno EV baterijos bus \u010dia, kol j\u016bs to ne\u017einosite, \u201eMercedes\u201c remiami \u201eFaraz\u0117s\u201c energijos teiginiai. Neseniai vykusio investuotoj\u0173 susitikimo metu&hellip;<\/p>\n","protected":false},"author":1,"featured_media":2154,"comment_status":"open","ping_status":"open","sticky":false,"template":"","format":"standard","meta":{"om_disable_all_campaigns":false,"_monsterinsights_skip_tracking":false,"_monsterinsights_sitenote_active":false,"_monsterinsights_sitenote_note":"","_monsterinsights_sitenote_category":0,"footnotes":""},"categories":[8],"tags":[1110,207,208,2609,3813,636],"class_list":["post-2153","post","type-post","status-publish","format-standard","has-post-thumbnail","hentry","category-elektriniai-automobiliai","tag-baterijos","tag-kietojo","tag-kuno","tag-mercedes","tag-partneris","tag-sako"],"aioseo_notices":[],"yoast_head":"<!-- This site is optimized with the Yoast SEO plugin v26.8 - https:\/\/yoast.com\/product\/yoast-seo-wordpress\/ -->\n<title>Kietojo k\u016bno EV baterijos 2025 m., Sako \u201eMercedes\u201c partneris - Eautomobiliai.lt<\/title>\n<meta name=\"robots\" content=\"index, follow, max-snippet:-1, max-image-preview:large, max-video-preview:-1\" \/>\n<link rel=\"canonical\" href=\"https:\/\/eautomobiliai.lt\/index.php\/2025\/09\/18\/kietojo-kuno-ev-baterijos-2025-m-sako-mercedes-partneris\/\" \/>\n<meta property=\"og:locale\" content=\"lt_LT\" \/>\n<meta property=\"og:type\" content=\"article\" \/>\n<meta property=\"og:title\" content=\"Kietojo k\u016bno EV baterijos 2025 m., Sako \u201eMercedes\u201c partneris - Eautomobiliai.lt\" \/>\n<meta property=\"og:description\" content=\"Kietojo k\u016bno EV baterijos bus \u010dia, kol j\u016bs to ne\u017einosite, \u201eMercedes\u201c remiami \u201eFaraz\u0117s\u201c energijos teiginiai. Neseniai vykusio investuotoj\u0173 susitikimo metu&hellip;\" \/>\n<meta property=\"og:url\" content=\"https:\/\/eautomobiliai.lt\/index.php\/2025\/09\/18\/kietojo-kuno-ev-baterijos-2025-m-sako-mercedes-partneris\/\" \/>\n<meta property=\"og:site_name\" content=\"Eautomobiliai.lt\" \/>\n<meta property=\"article:published_time\" content=\"2025-09-18T18:16:15+00:00\" \/>\n<meta property=\"og:image\" content=\"https:\/\/eautomobiliai.lt\/wp-content\/uploads\/2025\/09\/Kietojo-kuno-EV-baterijos-2025-m-Sako-\u201eMercedes-partneris.jpeg\" \/>\n\t<meta property=\"og:image:width\" content=\"1200\" \/>\n\t<meta property=\"og:image:height\" content=\"628\" \/>\n\t<meta property=\"og:image:type\" content=\"image\/jpeg\" \/>\n<meta name=\"author\" content=\"admin\" \/>\n<meta name=\"twitter:card\" content=\"summary_large_image\" \/>\n<meta name=\"twitter:label1\" content=\"Written by\" \/>\n\t<meta name=\"twitter:data1\" content=\"admin\" \/>\n\t<meta name=\"twitter:label2\" content=\"Est. reading time\" \/>\n\t<meta name=\"twitter:data2\" content=\"3 minut\u0117s\" \/>\n<script type=\"application\/ld+json\" class=\"yoast-schema-graph\">{\"@context\":\"https:\/\/schema.org\",\"@graph\":[{\"@type\":\"Article\",\"@id\":\"https:\/\/eautomobiliai.lt\/index.php\/2025\/09\/18\/kietojo-kuno-ev-baterijos-2025-m-sako-mercedes-partneris\/#article\",\"isPartOf\":{\"@id\":\"https:\/\/eautomobiliai.lt\/index.php\/2025\/09\/18\/kietojo-kuno-ev-baterijos-2025-m-sako-mercedes-partneris\/\"},\"author\":{\"name\":\"admin\",\"@id\":\"https:\/\/eautomobiliai.lt\/#\/schema\/person\/ecf2a967f361217d056061f74deb92f2\"},\"headline\":\"Kietojo k\u016bno EV baterijos 2025 m., Sako \u201eMercedes\u201c partneris\",\"datePublished\":\"2025-09-18T18:16:15+00:00\",\"mainEntityOfPage\":{\"@id\":\"https:\/\/eautomobiliai.lt\/index.php\/2025\/09\/18\/kietojo-kuno-ev-baterijos-2025-m-sako-mercedes-partneris\/\"},\"wordCount\":590,\"commentCount\":0,\"image\":{\"@id\":\"https:\/\/eautomobiliai.lt\/index.php\/2025\/09\/18\/kietojo-kuno-ev-baterijos-2025-m-sako-mercedes-partneris\/#primaryimage\"},\"thumbnailUrl\":\"https:\/\/eautomobiliai.lt\/wp-content\/uploads\/2025\/09\/Kietojo-kuno-EV-baterijos-2025-m-Sako-\u201eMercedes-partneris.jpeg\",\"keywords\":[\"baterijos\",\"kietojo\",\"k\u016bno\",\"Mercedes\",\"partneris\",\"sako\"],\"articleSection\":[\"ELEKTRINIAI AUTOMOBILIAI\"],\"inLanguage\":\"lt-LT\",\"potentialAction\":[{\"@type\":\"CommentAction\",\"name\":\"Comment\",\"target\":[\"https:\/\/eautomobiliai.lt\/index.php\/2025\/09\/18\/kietojo-kuno-ev-baterijos-2025-m-sako-mercedes-partneris\/#respond\"]}]},{\"@type\":\"WebPage\",\"@id\":\"https:\/\/eautomobiliai.lt\/index.php\/2025\/09\/18\/kietojo-kuno-ev-baterijos-2025-m-sako-mercedes-partneris\/\",\"url\":\"https:\/\/eautomobiliai.lt\/index.php\/2025\/09\/18\/kietojo-kuno-ev-baterijos-2025-m-sako-mercedes-partneris\/\",\"name\":\"Kietojo k\u016bno EV baterijos 2025 m., Sako \u201eMercedes\u201c partneris - Eautomobiliai.lt\",\"isPartOf\":{\"@id\":\"https:\/\/eautomobiliai.lt\/#website\"},\"primaryImageOfPage\":{\"@id\":\"https:\/\/eautomobiliai.lt\/index.php\/2025\/09\/18\/kietojo-kuno-ev-baterijos-2025-m-sako-mercedes-partneris\/#primaryimage\"},\"image\":{\"@id\":\"https:\/\/eautomobiliai.lt\/index.php\/2025\/09\/18\/kietojo-kuno-ev-baterijos-2025-m-sako-mercedes-partneris\/#primaryimage\"},\"thumbnailUrl\":\"https:\/\/eautomobiliai.lt\/wp-content\/uploads\/2025\/09\/Kietojo-kuno-EV-baterijos-2025-m-Sako-\u201eMercedes-partneris.jpeg\",\"datePublished\":\"2025-09-18T18:16:15+00:00\",\"author\":{\"@id\":\"https:\/\/eautomobiliai.lt\/#\/schema\/person\/ecf2a967f361217d056061f74deb92f2\"},\"breadcrumb\":{\"@id\":\"https:\/\/eautomobiliai.lt\/index.php\/2025\/09\/18\/kietojo-kuno-ev-baterijos-2025-m-sako-mercedes-partneris\/#breadcrumb\"},\"inLanguage\":\"lt-LT\",\"potentialAction\":[{\"@type\":\"ReadAction\",\"target\":[\"https:\/\/eautomobiliai.lt\/index.php\/2025\/09\/18\/kietojo-kuno-ev-baterijos-2025-m-sako-mercedes-partneris\/\"]}]},{\"@type\":\"ImageObject\",\"inLanguage\":\"lt-LT\",\"@id\":\"https:\/\/eautomobiliai.lt\/index.php\/2025\/09\/18\/kietojo-kuno-ev-baterijos-2025-m-sako-mercedes-partneris\/#primaryimage\",\"url\":\"https:\/\/eautomobiliai.lt\/wp-content\/uploads\/2025\/09\/Kietojo-kuno-EV-baterijos-2025-m-Sako-\u201eMercedes-partneris.jpeg\",\"contentUrl\":\"https:\/\/eautomobiliai.lt\/wp-content\/uploads\/2025\/09\/Kietojo-kuno-EV-baterijos-2025-m-Sako-\u201eMercedes-partneris.jpeg\",\"width\":1200,\"height\":628},{\"@type\":\"BreadcrumbList\",\"@id\":\"https:\/\/eautomobiliai.lt\/index.php\/2025\/09\/18\/kietojo-kuno-ev-baterijos-2025-m-sako-mercedes-partneris\/#breadcrumb\",\"itemListElement\":[{\"@type\":\"ListItem\",\"position\":1,\"name\":\"Home\",\"item\":\"https:\/\/eautomobiliai.lt\/\"},{\"@type\":\"ListItem\",\"position\":2,\"name\":\"Kietojo k\u016bno EV baterijos 2025 m., Sako \u201eMercedes\u201c partneris\"}]},{\"@type\":\"WebSite\",\"@id\":\"https:\/\/eautomobiliai.lt\/#website\",\"url\":\"https:\/\/eautomobiliai.lt\/\",\"name\":\"Eautomobiliai.lt\",\"description\":\"Elektrinis transportas, technologijos\",\"potentialAction\":[{\"@type\":\"SearchAction\",\"target\":{\"@type\":\"EntryPoint\",\"urlTemplate\":\"https:\/\/eautomobiliai.lt\/?s={search_term_string}\"},\"query-input\":{\"@type\":\"PropertyValueSpecification\",\"valueRequired\":true,\"valueName\":\"search_term_string\"}}],\"inLanguage\":\"lt-LT\"},{\"@type\":\"Person\",\"@id\":\"https:\/\/eautomobiliai.lt\/#\/schema\/person\/ecf2a967f361217d056061f74deb92f2\",\"name\":\"admin\",\"image\":{\"@type\":\"ImageObject\",\"inLanguage\":\"lt-LT\",\"@id\":\"https:\/\/eautomobiliai.lt\/#\/schema\/person\/image\/\",\"url\":\"https:\/\/secure.gravatar.com\/avatar\/6323379efae0c70c686c7905444d6bbd?s=96&d=mm&r=g\",\"contentUrl\":\"https:\/\/secure.gravatar.com\/avatar\/6323379efae0c70c686c7905444d6bbd?s=96&d=mm&r=g\",\"caption\":\"admin\"},\"sameAs\":[\"http:\/\/eautomobiliai.lt\"],\"url\":\"https:\/\/eautomobiliai.lt\/index.php\/author\/admin\/\"}]}<\/script>\n<!-- \/ Yoast SEO plugin. -->","yoast_head_json":{"title":"Kietojo k\u016bno EV baterijos 2025 m., Sako \u201eMercedes\u201c partneris - Eautomobiliai.lt","robots":{"index":"index","follow":"follow","max-snippet":"max-snippet:-1","max-image-preview":"max-image-preview:large","max-video-preview":"max-video-preview:-1"},"canonical":"https:\/\/eautomobiliai.lt\/index.php\/2025\/09\/18\/kietojo-kuno-ev-baterijos-2025-m-sako-mercedes-partneris\/","og_locale":"lt_LT","og_type":"article","og_title":"Kietojo k\u016bno EV baterijos 2025 m., Sako \u201eMercedes\u201c partneris - Eautomobiliai.lt","og_description":"Kietojo k\u016bno EV baterijos bus \u010dia, kol j\u016bs to ne\u017einosite, \u201eMercedes\u201c remiami \u201eFaraz\u0117s\u201c energijos teiginiai. Neseniai vykusio investuotoj\u0173 susitikimo metu&hellip;","og_url":"https:\/\/eautomobiliai.lt\/index.php\/2025\/09\/18\/kietojo-kuno-ev-baterijos-2025-m-sako-mercedes-partneris\/","og_site_name":"Eautomobiliai.lt","article_published_time":"2025-09-18T18:16:15+00:00","og_image":[{"width":1200,"height":628,"url":"https:\/\/eautomobiliai.lt\/wp-content\/uploads\/2025\/09\/Kietojo-kuno-EV-baterijos-2025-m-Sako-\u201eMercedes-partneris.jpeg","type":"image\/jpeg"}],"author":"admin","twitter_card":"summary_large_image","twitter_misc":{"Written by":"admin","Est. reading time":"3 minut\u0117s"},"schema":{"@context":"https:\/\/schema.org","@graph":[{"@type":"Article","@id":"https:\/\/eautomobiliai.lt\/index.php\/2025\/09\/18\/kietojo-kuno-ev-baterijos-2025-m-sako-mercedes-partneris\/#article","isPartOf":{"@id":"https:\/\/eautomobiliai.lt\/index.php\/2025\/09\/18\/kietojo-kuno-ev-baterijos-2025-m-sako-mercedes-partneris\/"},"author":{"name":"admin","@id":"https:\/\/eautomobiliai.lt\/#\/schema\/person\/ecf2a967f361217d056061f74deb92f2"},"headline":"Kietojo k\u016bno EV baterijos 2025 m., Sako \u201eMercedes\u201c partneris","datePublished":"2025-09-18T18:16:15+00:00","mainEntityOfPage":{"@id":"https:\/\/eautomobiliai.lt\/index.php\/2025\/09\/18\/kietojo-kuno-ev-baterijos-2025-m-sako-mercedes-partneris\/"},"wordCount":590,"commentCount":0,"image":{"@id":"https:\/\/eautomobiliai.lt\/index.php\/2025\/09\/18\/kietojo-kuno-ev-baterijos-2025-m-sako-mercedes-partneris\/#primaryimage"},"thumbnailUrl":"https:\/\/eautomobiliai.lt\/wp-content\/uploads\/2025\/09\/Kietojo-kuno-EV-baterijos-2025-m-Sako-\u201eMercedes-partneris.jpeg","keywords":["baterijos","kietojo","k\u016bno","Mercedes","partneris","sako"],"articleSection":["ELEKTRINIAI AUTOMOBILIAI"],"inLanguage":"lt-LT","potentialAction":[{"@type":"CommentAction","name":"Comment","target":["https:\/\/eautomobiliai.lt\/index.php\/2025\/09\/18\/kietojo-kuno-ev-baterijos-2025-m-sako-mercedes-partneris\/#respond"]}]},{"@type":"WebPage","@id":"https:\/\/eautomobiliai.lt\/index.php\/2025\/09\/18\/kietojo-kuno-ev-baterijos-2025-m-sako-mercedes-partneris\/","url":"https:\/\/eautomobiliai.lt\/index.php\/2025\/09\/18\/kietojo-kuno-ev-baterijos-2025-m-sako-mercedes-partneris\/","name":"Kietojo k\u016bno EV baterijos 2025 m., Sako \u201eMercedes\u201c partneris - Eautomobiliai.lt","isPartOf":{"@id":"https:\/\/eautomobiliai.lt\/#website"},"primaryImageOfPage":{"@id":"https:\/\/eautomobiliai.lt\/index.php\/2025\/09\/18\/kietojo-kuno-ev-baterijos-2025-m-sako-mercedes-partneris\/#primaryimage"},"image":{"@id":"https:\/\/eautomobiliai.lt\/index.php\/2025\/09\/18\/kietojo-kuno-ev-baterijos-2025-m-sako-mercedes-partneris\/#primaryimage"},"thumbnailUrl":"https:\/\/eautomobiliai.lt\/wp-content\/uploads\/2025\/09\/Kietojo-kuno-EV-baterijos-2025-m-Sako-\u201eMercedes-partneris.jpeg","datePublished":"2025-09-18T18:16:15+00:00","author":{"@id":"https:\/\/eautomobiliai.lt\/#\/schema\/person\/ecf2a967f361217d056061f74deb92f2"},"breadcrumb":{"@id":"https:\/\/eautomobiliai.lt\/index.php\/2025\/09\/18\/kietojo-kuno-ev-baterijos-2025-m-sako-mercedes-partneris\/#breadcrumb"},"inLanguage":"lt-LT","potentialAction":[{"@type":"ReadAction","target":["https:\/\/eautomobiliai.lt\/index.php\/2025\/09\/18\/kietojo-kuno-ev-baterijos-2025-m-sako-mercedes-partneris\/"]}]},{"@type":"ImageObject","inLanguage":"lt-LT","@id":"https:\/\/eautomobiliai.lt\/index.php\/2025\/09\/18\/kietojo-kuno-ev-baterijos-2025-m-sako-mercedes-partneris\/#primaryimage","url":"https:\/\/eautomobiliai.lt\/wp-content\/uploads\/2025\/09\/Kietojo-kuno-EV-baterijos-2025-m-Sako-\u201eMercedes-partneris.jpeg","contentUrl":"https:\/\/eautomobiliai.lt\/wp-content\/uploads\/2025\/09\/Kietojo-kuno-EV-baterijos-2025-m-Sako-\u201eMercedes-partneris.jpeg","width":1200,"height":628},{"@type":"BreadcrumbList","@id":"https:\/\/eautomobiliai.lt\/index.php\/2025\/09\/18\/kietojo-kuno-ev-baterijos-2025-m-sako-mercedes-partneris\/#breadcrumb","itemListElement":[{"@type":"ListItem","position":1,"name":"Home","item":"https:\/\/eautomobiliai.lt\/"},{"@type":"ListItem","position":2,"name":"Kietojo k\u016bno EV baterijos 2025 m., Sako \u201eMercedes\u201c partneris"}]},{"@type":"WebSite","@id":"https:\/\/eautomobiliai.lt\/#website","url":"https:\/\/eautomobiliai.lt\/","name":"Eautomobiliai.lt","description":"Elektrinis transportas, technologijos","potentialAction":[{"@type":"SearchAction","target":{"@type":"EntryPoint","urlTemplate":"https:\/\/eautomobiliai.lt\/?s={search_term_string}"},"query-input":{"@type":"PropertyValueSpecification","valueRequired":true,"valueName":"search_term_string"}}],"inLanguage":"lt-LT"},{"@type":"Person","@id":"https:\/\/eautomobiliai.lt\/#\/schema\/person\/ecf2a967f361217d056061f74deb92f2","name":"admin","image":{"@type":"ImageObject","inLanguage":"lt-LT","@id":"https:\/\/eautomobiliai.lt\/#\/schema\/person\/image\/","url":"https:\/\/secure.gravatar.com\/avatar\/6323379efae0c70c686c7905444d6bbd?s=96&d=mm&r=g","contentUrl":"https:\/\/secure.gravatar.com\/avatar\/6323379efae0c70c686c7905444d6bbd?s=96&d=mm&r=g","caption":"admin"},"sameAs":["http:\/\/eautomobiliai.lt"],"url":"https:\/\/eautomobiliai.lt\/index.php\/author\/admin\/"}]}},"_links":{"self":[{"href":"https:\/\/eautomobiliai.lt\/index.php\/wp-json\/wp\/v2\/posts\/2153","targetHints":{"allow":["GET"]}}],"collection":[{"href":"https:\/\/eautomobiliai.lt\/index.php\/wp-json\/wp\/v2\/posts"}],"about":[{"href":"https:\/\/eautomobiliai.lt\/index.php\/wp-json\/wp\/v2\/types\/post"}],"author":[{"embeddable":true,"href":"https:\/\/eautomobiliai.lt\/index.php\/wp-json\/wp\/v2\/users\/1"}],"replies":[{"embeddable":true,"href":"https:\/\/eautomobiliai.lt\/index.php\/wp-json\/wp\/v2\/comments?post=2153"}],"version-history":[{"count":0,"href":"https:\/\/eautomobiliai.lt\/index.php\/wp-json\/wp\/v2\/posts\/2153\/revisions"}],"wp:featuredmedia":[{"embeddable":true,"href":"https:\/\/eautomobiliai.lt\/index.php\/wp-json\/wp\/v2\/media\/2154"}],"wp:attachment":[{"href":"https:\/\/eautomobiliai.lt\/index.php\/wp-json\/wp\/v2\/media?parent=2153"}],"wp:term":[{"taxonomy":"category","embeddable":true,"href":"https:\/\/eautomobiliai.lt\/index.php\/wp-json\/wp\/v2\/categories?post=2153"},{"taxonomy":"post_tag","embeddable":true,"href":"https:\/\/eautomobiliai.lt\/index.php\/wp-json\/wp\/v2\/tags?post=2153"}],"curies":[{"name":"wp","href":"https:\/\/api.w.org\/{rel}","templated":true}]}}