{"id":2546,"date":"2025-10-29T09:00:58","date_gmt":"2025-10-29T09:00:58","guid":{"rendered":"https:\/\/eautomobiliai.lt\/index.php\/2025\/10\/29\/australijos-pastas-pristato-savo-pirmaji-sunkiasvori-elektrini-sunkvezimi\/"},"modified":"2025-10-29T09:00:58","modified_gmt":"2025-10-29T09:00:58","slug":"australijos-pastas-pristato-savo-pirmaji-sunkiasvori-elektrini-sunkvezimi","status":"publish","type":"post","link":"https:\/\/eautomobiliai.lt\/index.php\/2025\/10\/29\/australijos-pastas-pristato-savo-pirmaji-sunkiasvori-elektrini-sunkvezimi\/","title":{"rendered":"Australijos pa\u0161tas pristato savo pirm\u0105j\u012f sunkiasvor\u012f elektrin\u012f sunkve\u017eim\u012f"},"content":{"rendered":"<p> <br \/>\n<\/p>\n<div id=\"\">\n<p>Australijos pa\u0161tas pristat\u0117 savo pirm\u0105j\u012f sunkiasvor\u012f didel\u012f elektrin\u012f sunkve\u017eim\u012f \u2013 \u201eMercedes-Benz eActros\u201c, kuris bus i\u0161bandytas rytiniame Melburno priemiestyje.<\/p>\n<p>Mercedes-Benz eActros 300, pagamintas Daimler Truck, bus pirmasis sunkiasvoris elektrinis sunkve\u017eimis, prisijung\u0119s prie Australijos pa\u0161to nacionalinio parko. \u201eeActros 300\u201c yra senesnis modelis, turintis pagal u\u017esakym\u0105 pritaikyt\u0105 kabinos va\u017eiuokl\u0119 ir iki 20 ULD talp\u0105, su vienu \u012fkrovimu nuva\u017eiuojamas iki 220 kilometr\u0173.<\/p>\n<p>Sunkve\u017eimis bus eksploatuojamas i\u0161 Dandenong Letters centro, Melburno pietry\u010diuose, o klientai bus paimti pietrytiniame ir rytiniame priemies\u010diuose.<\/p>\n<p>Australijos pa\u0161tas aktyviai u\u017esi\u0117m\u0117 elektrifikavimu ir anks\u010diau \u0161\u012f m\u0117nes\u012f paskelb\u0117 apie 500 trira\u010di\u0173 elektrini\u0173 transporto priemoni\u0173, kurios pakeis benzinu varomus motociklus, prie\u0161 Kal\u0117d\u0173 \u012fkar\u0161t\u012f. O rugpj\u016bt\u012f \u012f savo pristatymo tinkl\u0105 paskelb\u0117 36 naujus Mercedes-Benz eVito elektrinius furgonus.<\/p>\n<p>\u201eeActros\u201c prid\u0117jimas bus pradinis bandymas, pad\u0117siantis Australijos pa\u0161tui suprasti, kaip didel\u0117s elektrin\u0117s transporto priemon\u0117s gali b\u016bti integruotos \u012f organizacijos veikl\u0105.<\/p>\n<p>\u201eI\u0161band\u0119 \u201eeActros\u201c suteiksime verting\u0173 \u012f\u017evalg\u0173 apie tai, kaip m\u016bs\u0173 tinkle gali veikti sunkiasvor\u0117s elektrin\u0117s transporto priemon\u0117s\u201c, \u2013 sak\u0117 Mitchas Buxtonas, Australijos pa\u0161to tinklo turto ir diegimo generalinis direktorius.<\/p>\n<p>\u201eDaugiau nei de\u0161imtmet\u012f investuojame \u012f elektrinius pristatymo automobilius ir tai yra kitas \u017eingsnis kuriant \u0161varesn\u012f, i\u0161manesn\u012f ir atsparesn\u012f park\u0105 atei\u010diai.<\/p>\n<p>\u201eElektrini\u0173 sunkve\u017eimi\u0173 pristatymas yra ne be i\u0161\u0161\u016bki\u0173 \u2013 nuo \u200b\u200b\u012fkrovimo infrastrukt\u016bros iki atstumo ir keliamosios galios \u2013 ta\u010diau tai i\u0161\u0161\u016bkis, kur\u012f mes su malonumu priimame.<\/p>\n<figure id=\"attachment_191677\" aria-describedby=\"caption-attachment-191677\" style=\"width: 1160px\" class=\"wp-caption aligncenter\"><figcaption id=\"caption-attachment-191677\" class=\"wp-caption-text\">Vaizdo kreditas: Australia Post<\/figcaption><\/figure>\n<p>Australijos pa\u0161tas tre\u010diadien\u012f taip pat paskelb\u0117, kad prad\u0117s naudoti nauj\u0105 \u201eatsinaujinan\u010dio dyzelino\u201c mi\u0161in\u012f transporto priemon\u0117se, veikian\u010diose i\u0161 \u201eRedbank Parcel Facility\u201c Brisbene.<\/p>\n<p>Teiginys yra klaidingas, nes Australijos pa\u0161tas i\u0161 tikr\u0173j\u0173 naudos 5 milijonus litr\u0173 \u201eAmplify Diesel R10\u201c, pagaminto Australijos naftos bendrov\u0117s \u201eAmpol\u201c, kuriame yra 10 procent\u0173 bendrov\u0117s atsinaujinan\u010dio dyzelino.<\/p>\n<p>\u201eAmpol\u201c i\u0161 tikr\u0173j\u0173 gamina vadinam\u0105j\u012f atsinaujinant\u012f dyzelin\u0105, parduodam\u0105 pavadinimu R100 Renewable Diesel, kur\u012f bendrov\u0117 apib\u016bdina kaip \u201echemi\u0161kai pana\u0161\u0173 \u012fprast\u0105 mineralin\u012f dyzelin\u0105\u201c, kuris \u201egaminamas hidrinimu apdorojant \u017ealiavas, \u012fskaitant naudot\u0105 kepimo aliej\u0173 (UCO) ir laj\u0173, ir u\u017etikrina anglies dvideginio i\u0161metim\u0105 per vis\u0105 gyvavimo cikl\u0105\u201c.<\/p>\n<p>Tikrasis CO2 emisijos lygis, pasiekiamas naudojant R100, akivaizd\u017eiai priklauso nuo \u012fvairi\u0173 veiksni\u0173, \u012fskaitant transporto priemon\u0117s varikl\u012f, \u012frang\u0105, eksploatavimo s\u0105lygas, \u017ealiavos \u0161altin\u012f ir \u201eskai\u010diavimo metodik\u0105\u201c.<\/p>\n<p>\u201eAmpol\u201c savo svetain\u0117je taip pat reklamuoja R20 dyzelino mi\u0161in\u012f, kuriame, kaip rodo pavadinimas, yra iki 20 procent\u0173 atsinaujinan\u010dio dyzelino ir kuris gali suma\u017einti CO2 emisij\u0105 iki 18 procent\u0173, atsi\u017evelgiant \u012f pasirinkt\u0105 \u017ealiav\u0105. Manoma, kad \u201eAmpol\u201c R10, kuris n\u0117ra reklamuojamas bendrov\u0117s svetain\u0117je, suma\u017eina CO2 emisij\u0105.<\/p>\n<p>\u201eAtsinaujinantis dyzelinas gali suma\u017einti degal\u0173 gyvavimo ciklo emisijas, nes jis gaminamas i\u0161 atsinaujinan\u010di\u0173 \u017ealiav\u0173, toki\u0173 kaip rapsai ar atliekos, ir yra logi\u0161kas sprendimas sunkiai i\u0161metamo kiekio ma\u017einimo pramon\u0117s \u0161akoms, kur nereikia keisti transporto parko ar infrastrukt\u016bros\u201c, \u2013 sak\u0117 Bradas Phillipsas, \u201eAmpol\u201c generalinis direktorius B2B.<\/p>\n<p>\u201eD\u017eiaugiam\u0117s gal\u0117dami palaikyti Australijos pa\u0161t\u0105 j\u0173 kelion\u0117je pereinant prie energijos vartojimo.<\/p>\n<p>\u201eAmpol R10\u201c kitais metais bus naudojamas 89 transporto priemoni\u0173 parke, veikian\u010diame Australijos pa\u0161to \u201eRedbank Parcel Facility\u201c, ir ne\u017eymiai suma\u017eins tar\u0161os tar\u0161\u0105 per vis\u0105 gyvavimo cikl\u0105, nereikalaujant variklio modifikacij\u0173.<\/p>\n<p>\u201eMes \u017einome, kad n\u0117ra vieno kelio, kaip suma\u017einti m\u016bs\u0173 dyd\u017eio ir masto laivyno anglies dioksido kiek\u012f\u201c, \u2013 sak\u0117 Buxtonas.<\/p>\n<p>\u201eTod\u0117l ie\u0161kome \u012fvairi\u0173 \u0161varesni\u0173 alternatyv\u0173 \u2013 nuo \u200b\u200belektra varom\u0173 transporto priemoni\u0173 iki atsinaujinan\u010dio dyzelino, kad surastume geriausi\u0105 mi\u0161in\u012f, kuris atitikt\u0173 m\u016bs\u0173 veiklos apimtis. Kiekvienas \u017eingsnis padeda mums mokytis, prisitaikyti ir toliau va\u017eiuoti savo keliu, kad iki 2050 m.<\/p>\n<div class=\"saboxplugin-wrap\" itemtype=\"http:\/\/schema.org\/Person\" itemscope=\"\" itemprop=\"author\">\n<div class=\"saboxplugin-tab\">\n<div class=\"saboxplugin-gravatar\"><img decoding=\"async\" alt=\"Joshua S. Hill\" class=\"avatar avatar-100 photo native-lazyload-js-fallback\" height=\"100\" width=\"100\" itemprop=\"image\" loading=\"lazy\" src=\"https:\/\/secure.gravatar.com\/avatar\/674502fafd2221f0fc2baf7da1435a7980e9492ea0657bfcd546273621f39689?s=100&amp;d=mm&amp;r=g\" srcset=\"https:\/\/secure.gravatar.com\/avatar\/674502fafd2221f0fc2baf7da1435a7980e9492ea0657bfcd546273621f39689?s=200&amp;d=mm&amp;r=g 2x\"\/><img decoding=\"async\" loading=\"lazy\" alt=\"Joshua S. Hill\" src=\"https:\/\/secure.gravatar.com\/avatar\/674502fafd2221f0fc2baf7da1435a7980e9492ea0657bfcd546273621f39689?s=100&amp;d=mm&amp;r=g\" srcset=\"https:\/\/secure.gravatar.com\/avatar\/674502fafd2221f0fc2baf7da1435a7980e9492ea0657bfcd546273621f39689?s=200&amp;d=mm&amp;r=g 2x\" class=\"avatar avatar-100 photo\" height=\"100\" width=\"100\" itemprop=\"image\"\/><\/div>\n<div class=\"saboxplugin-desc\">\n<div itemprop=\"description\">\n<p>Joshua S. Hill yra Melburne gyvenantis \u017eurnalistas, daugiau nei 15 met\u0173 ra\u0161antis apie klimato kait\u0105, \u0161varias technologijas ir elektrines transporto priemones. Nuo 2012 m. jis rengia ataskaitas apie elektrines transporto priemones ir \u0161varias technologijas \u201eRenew Economy\u201c ir \u201eThe Driven\u201c.<\/p>\n<\/div>\n<\/div>\n<\/div>\n<\/div>\n<p><!-- AI CONTENT END 1 --><\/p><\/div>\n<p><br \/>\n<br \/><a href=\"https:\/\/thedriven.io\/2025\/10\/29\/australia-post-unveils-its-first-heavy-duty-electric-truck\/\">Source link <\/a><\/p>\n","protected":false},"excerpt":{"rendered":"<p>Australijos pa\u0161tas pristat\u0117 savo pirm\u0105j\u012f sunkiasvor\u012f didel\u012f elektrin\u012f sunkve\u017eim\u012f \u2013 \u201eMercedes-Benz eActros\u201c, kuris bus i\u0161bandytas rytiniame Melburno priemiestyje. Mercedes-Benz eActros&hellip;<\/p>\n","protected":false},"author":1,"featured_media":2547,"comment_status":"open","ping_status":"open","sticky":false,"template":"","format":"standard","meta":{"om_disable_all_campaigns":false,"_monsterinsights_skip_tracking":false,"_monsterinsights_sitenote_active":false,"_monsterinsights_sitenote_note":"","_monsterinsights_sitenote_category":0,"footnotes":""},"categories":[39],"tags":[99,175,4258,357,1276,183,4259,2042],"class_list":["post-2546","post","type-post","status-publish","format-standard","has-post-thumbnail","hentry","category-eautomobiliu-technine-puse","tag-australijos","tag-elektrini","tag-pastas","tag-pirmaji","tag-pristato","tag-savo","tag-sunkiasvori","tag-sunkvezimi"],"aioseo_notices":[],"yoast_head":"<!-- This site is optimized with the Yoast SEO plugin v26.8 - https:\/\/yoast.com\/product\/yoast-seo-wordpress\/ -->\n<title>Australijos pa\u0161tas pristato savo pirm\u0105j\u012f sunkiasvor\u012f elektrin\u012f sunkve\u017eim\u012f - Eautomobiliai.lt<\/title>\n<meta name=\"robots\" content=\"index, follow, max-snippet:-1, max-image-preview:large, max-video-preview:-1\" \/>\n<link rel=\"canonical\" href=\"https:\/\/eautomobiliai.lt\/index.php\/2025\/10\/29\/australijos-pastas-pristato-savo-pirmaji-sunkiasvori-elektrini-sunkvezimi\/\" \/>\n<meta property=\"og:locale\" content=\"lt_LT\" \/>\n<meta property=\"og:type\" content=\"article\" \/>\n<meta property=\"og:title\" content=\"Australijos pa\u0161tas pristato savo pirm\u0105j\u012f sunkiasvor\u012f elektrin\u012f sunkve\u017eim\u012f - Eautomobiliai.lt\" \/>\n<meta property=\"og:description\" content=\"Australijos pa\u0161tas pristat\u0117 savo pirm\u0105j\u012f sunkiasvor\u012f didel\u012f elektrin\u012f sunkve\u017eim\u012f \u2013 \u201eMercedes-Benz eActros\u201c, kuris bus i\u0161bandytas rytiniame Melburno priemiestyje. Mercedes-Benz eActros&hellip;\" \/>\n<meta property=\"og:url\" content=\"https:\/\/eautomobiliai.lt\/index.php\/2025\/10\/29\/australijos-pastas-pristato-savo-pirmaji-sunkiasvori-elektrini-sunkvezimi\/\" \/>\n<meta property=\"og:site_name\" content=\"Eautomobiliai.lt\" \/>\n<meta property=\"article:published_time\" content=\"2025-10-29T09:00:58+00:00\" \/>\n<meta property=\"og:image\" content=\"https:\/\/eautomobiliai.lt\/wp-content\/uploads\/2025\/10\/Australijos-pastas-pristato-savo-pirmaji-sunkiasvori-elektrini-sunkvezimi.jpg\" \/>\n\t<meta property=\"og:image:width\" content=\"1280\" \/>\n\t<meta property=\"og:image:height\" content=\"853\" \/>\n\t<meta property=\"og:image:type\" content=\"image\/jpeg\" \/>\n<meta name=\"author\" content=\"admin\" \/>\n<meta name=\"twitter:card\" content=\"summary_large_image\" \/>\n<meta name=\"twitter:label1\" content=\"Written by\" \/>\n\t<meta name=\"twitter:data1\" content=\"admin\" \/>\n\t<meta name=\"twitter:label2\" content=\"Est. reading time\" \/>\n\t<meta name=\"twitter:data2\" content=\"3 minut\u0117s\" \/>\n<script type=\"application\/ld+json\" class=\"yoast-schema-graph\">{\"@context\":\"https:\/\/schema.org\",\"@graph\":[{\"@type\":\"Article\",\"@id\":\"https:\/\/eautomobiliai.lt\/index.php\/2025\/10\/29\/australijos-pastas-pristato-savo-pirmaji-sunkiasvori-elektrini-sunkvezimi\/#article\",\"isPartOf\":{\"@id\":\"https:\/\/eautomobiliai.lt\/index.php\/2025\/10\/29\/australijos-pastas-pristato-savo-pirmaji-sunkiasvori-elektrini-sunkvezimi\/\"},\"author\":{\"name\":\"admin\",\"@id\":\"http:\/\/eautomobiliai.lt\/#\/schema\/person\/ecf2a967f361217d056061f74deb92f2\"},\"headline\":\"Australijos pa\u0161tas pristato savo pirm\u0105j\u012f sunkiasvor\u012f elektrin\u012f sunkve\u017eim\u012f\",\"datePublished\":\"2025-10-29T09:00:58+00:00\",\"mainEntityOfPage\":{\"@id\":\"https:\/\/eautomobiliai.lt\/index.php\/2025\/10\/29\/australijos-pastas-pristato-savo-pirmaji-sunkiasvori-elektrini-sunkvezimi\/\"},\"wordCount\":638,\"commentCount\":0,\"image\":{\"@id\":\"https:\/\/eautomobiliai.lt\/index.php\/2025\/10\/29\/australijos-pastas-pristato-savo-pirmaji-sunkiasvori-elektrini-sunkvezimi\/#primaryimage\"},\"thumbnailUrl\":\"https:\/\/eautomobiliai.lt\/wp-content\/uploads\/2025\/10\/Australijos-pastas-pristato-savo-pirmaji-sunkiasvori-elektrini-sunkvezimi.jpg\",\"keywords\":[\"Australijos\",\"elektrin\u012f\",\"pa\u0161tas\",\"pirm\u0105j\u012f\",\"pristato\",\"savo\",\"sunkiasvor\u012f\",\"sunkve\u017eim\u012f\"],\"articleSection\":[\"eAUTOMOBILI\u0172 TECHNIN\u0116 PUS\u0116\"],\"inLanguage\":\"lt-LT\",\"potentialAction\":[{\"@type\":\"CommentAction\",\"name\":\"Comment\",\"target\":[\"https:\/\/eautomobiliai.lt\/index.php\/2025\/10\/29\/australijos-pastas-pristato-savo-pirmaji-sunkiasvori-elektrini-sunkvezimi\/#respond\"]}]},{\"@type\":\"WebPage\",\"@id\":\"https:\/\/eautomobiliai.lt\/index.php\/2025\/10\/29\/australijos-pastas-pristato-savo-pirmaji-sunkiasvori-elektrini-sunkvezimi\/\",\"url\":\"https:\/\/eautomobiliai.lt\/index.php\/2025\/10\/29\/australijos-pastas-pristato-savo-pirmaji-sunkiasvori-elektrini-sunkvezimi\/\",\"name\":\"Australijos pa\u0161tas pristato savo pirm\u0105j\u012f sunkiasvor\u012f elektrin\u012f sunkve\u017eim\u012f - Eautomobiliai.lt\",\"isPartOf\":{\"@id\":\"http:\/\/eautomobiliai.lt\/#website\"},\"primaryImageOfPage\":{\"@id\":\"https:\/\/eautomobiliai.lt\/index.php\/2025\/10\/29\/australijos-pastas-pristato-savo-pirmaji-sunkiasvori-elektrini-sunkvezimi\/#primaryimage\"},\"image\":{\"@id\":\"https:\/\/eautomobiliai.lt\/index.php\/2025\/10\/29\/australijos-pastas-pristato-savo-pirmaji-sunkiasvori-elektrini-sunkvezimi\/#primaryimage\"},\"thumbnailUrl\":\"https:\/\/eautomobiliai.lt\/wp-content\/uploads\/2025\/10\/Australijos-pastas-pristato-savo-pirmaji-sunkiasvori-elektrini-sunkvezimi.jpg\",\"datePublished\":\"2025-10-29T09:00:58+00:00\",\"author\":{\"@id\":\"http:\/\/eautomobiliai.lt\/#\/schema\/person\/ecf2a967f361217d056061f74deb92f2\"},\"breadcrumb\":{\"@id\":\"https:\/\/eautomobiliai.lt\/index.php\/2025\/10\/29\/australijos-pastas-pristato-savo-pirmaji-sunkiasvori-elektrini-sunkvezimi\/#breadcrumb\"},\"inLanguage\":\"lt-LT\",\"potentialAction\":[{\"@type\":\"ReadAction\",\"target\":[\"https:\/\/eautomobiliai.lt\/index.php\/2025\/10\/29\/australijos-pastas-pristato-savo-pirmaji-sunkiasvori-elektrini-sunkvezimi\/\"]}]},{\"@type\":\"ImageObject\",\"inLanguage\":\"lt-LT\",\"@id\":\"https:\/\/eautomobiliai.lt\/index.php\/2025\/10\/29\/australijos-pastas-pristato-savo-pirmaji-sunkiasvori-elektrini-sunkvezimi\/#primaryimage\",\"url\":\"https:\/\/eautomobiliai.lt\/wp-content\/uploads\/2025\/10\/Australijos-pastas-pristato-savo-pirmaji-sunkiasvori-elektrini-sunkvezimi.jpg\",\"contentUrl\":\"https:\/\/eautomobiliai.lt\/wp-content\/uploads\/2025\/10\/Australijos-pastas-pristato-savo-pirmaji-sunkiasvori-elektrini-sunkvezimi.jpg\",\"width\":1280,\"height\":853},{\"@type\":\"BreadcrumbList\",\"@id\":\"https:\/\/eautomobiliai.lt\/index.php\/2025\/10\/29\/australijos-pastas-pristato-savo-pirmaji-sunkiasvori-elektrini-sunkvezimi\/#breadcrumb\",\"itemListElement\":[{\"@type\":\"ListItem\",\"position\":1,\"name\":\"Home\",\"item\":\"http:\/\/eautomobiliai.lt\/\"},{\"@type\":\"ListItem\",\"position\":2,\"name\":\"Australijos pa\u0161tas pristato savo pirm\u0105j\u012f sunkiasvor\u012f elektrin\u012f sunkve\u017eim\u012f\"}]},{\"@type\":\"WebSite\",\"@id\":\"http:\/\/eautomobiliai.lt\/#website\",\"url\":\"http:\/\/eautomobiliai.lt\/\",\"name\":\"Eautomobiliai.lt\",\"description\":\"Elektrinis transportas, technologijos\",\"potentialAction\":[{\"@type\":\"SearchAction\",\"target\":{\"@type\":\"EntryPoint\",\"urlTemplate\":\"http:\/\/eautomobiliai.lt\/?s={search_term_string}\"},\"query-input\":{\"@type\":\"PropertyValueSpecification\",\"valueRequired\":true,\"valueName\":\"search_term_string\"}}],\"inLanguage\":\"lt-LT\"},{\"@type\":\"Person\",\"@id\":\"http:\/\/eautomobiliai.lt\/#\/schema\/person\/ecf2a967f361217d056061f74deb92f2\",\"name\":\"admin\",\"image\":{\"@type\":\"ImageObject\",\"inLanguage\":\"lt-LT\",\"@id\":\"http:\/\/eautomobiliai.lt\/#\/schema\/person\/image\/\",\"url\":\"https:\/\/secure.gravatar.com\/avatar\/6323379efae0c70c686c7905444d6bbd?s=96&d=mm&r=g\",\"contentUrl\":\"https:\/\/secure.gravatar.com\/avatar\/6323379efae0c70c686c7905444d6bbd?s=96&d=mm&r=g\",\"caption\":\"admin\"},\"sameAs\":[\"http:\/\/eautomobiliai.lt\"],\"url\":\"https:\/\/eautomobiliai.lt\/index.php\/author\/admin\/\"}]}<\/script>\n<!-- \/ Yoast SEO plugin. -->","yoast_head_json":{"title":"Australijos pa\u0161tas pristato savo pirm\u0105j\u012f sunkiasvor\u012f elektrin\u012f sunkve\u017eim\u012f - Eautomobiliai.lt","robots":{"index":"index","follow":"follow","max-snippet":"max-snippet:-1","max-image-preview":"max-image-preview:large","max-video-preview":"max-video-preview:-1"},"canonical":"https:\/\/eautomobiliai.lt\/index.php\/2025\/10\/29\/australijos-pastas-pristato-savo-pirmaji-sunkiasvori-elektrini-sunkvezimi\/","og_locale":"lt_LT","og_type":"article","og_title":"Australijos pa\u0161tas pristato savo pirm\u0105j\u012f sunkiasvor\u012f elektrin\u012f sunkve\u017eim\u012f - Eautomobiliai.lt","og_description":"Australijos pa\u0161tas pristat\u0117 savo pirm\u0105j\u012f sunkiasvor\u012f didel\u012f elektrin\u012f sunkve\u017eim\u012f \u2013 \u201eMercedes-Benz eActros\u201c, kuris bus i\u0161bandytas rytiniame Melburno priemiestyje. Mercedes-Benz eActros&hellip;","og_url":"https:\/\/eautomobiliai.lt\/index.php\/2025\/10\/29\/australijos-pastas-pristato-savo-pirmaji-sunkiasvori-elektrini-sunkvezimi\/","og_site_name":"Eautomobiliai.lt","article_published_time":"2025-10-29T09:00:58+00:00","og_image":[{"width":1280,"height":853,"url":"https:\/\/eautomobiliai.lt\/wp-content\/uploads\/2025\/10\/Australijos-pastas-pristato-savo-pirmaji-sunkiasvori-elektrini-sunkvezimi.jpg","type":"image\/jpeg"}],"author":"admin","twitter_card":"summary_large_image","twitter_misc":{"Written by":"admin","Est. reading time":"3 minut\u0117s"},"schema":{"@context":"https:\/\/schema.org","@graph":[{"@type":"Article","@id":"https:\/\/eautomobiliai.lt\/index.php\/2025\/10\/29\/australijos-pastas-pristato-savo-pirmaji-sunkiasvori-elektrini-sunkvezimi\/#article","isPartOf":{"@id":"https:\/\/eautomobiliai.lt\/index.php\/2025\/10\/29\/australijos-pastas-pristato-savo-pirmaji-sunkiasvori-elektrini-sunkvezimi\/"},"author":{"name":"admin","@id":"http:\/\/eautomobiliai.lt\/#\/schema\/person\/ecf2a967f361217d056061f74deb92f2"},"headline":"Australijos pa\u0161tas pristato savo pirm\u0105j\u012f sunkiasvor\u012f elektrin\u012f sunkve\u017eim\u012f","datePublished":"2025-10-29T09:00:58+00:00","mainEntityOfPage":{"@id":"https:\/\/eautomobiliai.lt\/index.php\/2025\/10\/29\/australijos-pastas-pristato-savo-pirmaji-sunkiasvori-elektrini-sunkvezimi\/"},"wordCount":638,"commentCount":0,"image":{"@id":"https:\/\/eautomobiliai.lt\/index.php\/2025\/10\/29\/australijos-pastas-pristato-savo-pirmaji-sunkiasvori-elektrini-sunkvezimi\/#primaryimage"},"thumbnailUrl":"https:\/\/eautomobiliai.lt\/wp-content\/uploads\/2025\/10\/Australijos-pastas-pristato-savo-pirmaji-sunkiasvori-elektrini-sunkvezimi.jpg","keywords":["Australijos","elektrin\u012f","pa\u0161tas","pirm\u0105j\u012f","pristato","savo","sunkiasvor\u012f","sunkve\u017eim\u012f"],"articleSection":["eAUTOMOBILI\u0172 TECHNIN\u0116 PUS\u0116"],"inLanguage":"lt-LT","potentialAction":[{"@type":"CommentAction","name":"Comment","target":["https:\/\/eautomobiliai.lt\/index.php\/2025\/10\/29\/australijos-pastas-pristato-savo-pirmaji-sunkiasvori-elektrini-sunkvezimi\/#respond"]}]},{"@type":"WebPage","@id":"https:\/\/eautomobiliai.lt\/index.php\/2025\/10\/29\/australijos-pastas-pristato-savo-pirmaji-sunkiasvori-elektrini-sunkvezimi\/","url":"https:\/\/eautomobiliai.lt\/index.php\/2025\/10\/29\/australijos-pastas-pristato-savo-pirmaji-sunkiasvori-elektrini-sunkvezimi\/","name":"Australijos pa\u0161tas pristato savo pirm\u0105j\u012f sunkiasvor\u012f elektrin\u012f sunkve\u017eim\u012f - Eautomobiliai.lt","isPartOf":{"@id":"http:\/\/eautomobiliai.lt\/#website"},"primaryImageOfPage":{"@id":"https:\/\/eautomobiliai.lt\/index.php\/2025\/10\/29\/australijos-pastas-pristato-savo-pirmaji-sunkiasvori-elektrini-sunkvezimi\/#primaryimage"},"image":{"@id":"https:\/\/eautomobiliai.lt\/index.php\/2025\/10\/29\/australijos-pastas-pristato-savo-pirmaji-sunkiasvori-elektrini-sunkvezimi\/#primaryimage"},"thumbnailUrl":"https:\/\/eautomobiliai.lt\/wp-content\/uploads\/2025\/10\/Australijos-pastas-pristato-savo-pirmaji-sunkiasvori-elektrini-sunkvezimi.jpg","datePublished":"2025-10-29T09:00:58+00:00","author":{"@id":"http:\/\/eautomobiliai.lt\/#\/schema\/person\/ecf2a967f361217d056061f74deb92f2"},"breadcrumb":{"@id":"https:\/\/eautomobiliai.lt\/index.php\/2025\/10\/29\/australijos-pastas-pristato-savo-pirmaji-sunkiasvori-elektrini-sunkvezimi\/#breadcrumb"},"inLanguage":"lt-LT","potentialAction":[{"@type":"ReadAction","target":["https:\/\/eautomobiliai.lt\/index.php\/2025\/10\/29\/australijos-pastas-pristato-savo-pirmaji-sunkiasvori-elektrini-sunkvezimi\/"]}]},{"@type":"ImageObject","inLanguage":"lt-LT","@id":"https:\/\/eautomobiliai.lt\/index.php\/2025\/10\/29\/australijos-pastas-pristato-savo-pirmaji-sunkiasvori-elektrini-sunkvezimi\/#primaryimage","url":"https:\/\/eautomobiliai.lt\/wp-content\/uploads\/2025\/10\/Australijos-pastas-pristato-savo-pirmaji-sunkiasvori-elektrini-sunkvezimi.jpg","contentUrl":"https:\/\/eautomobiliai.lt\/wp-content\/uploads\/2025\/10\/Australijos-pastas-pristato-savo-pirmaji-sunkiasvori-elektrini-sunkvezimi.jpg","width":1280,"height":853},{"@type":"BreadcrumbList","@id":"https:\/\/eautomobiliai.lt\/index.php\/2025\/10\/29\/australijos-pastas-pristato-savo-pirmaji-sunkiasvori-elektrini-sunkvezimi\/#breadcrumb","itemListElement":[{"@type":"ListItem","position":1,"name":"Home","item":"http:\/\/eautomobiliai.lt\/"},{"@type":"ListItem","position":2,"name":"Australijos pa\u0161tas pristato savo pirm\u0105j\u012f sunkiasvor\u012f elektrin\u012f sunkve\u017eim\u012f"}]},{"@type":"WebSite","@id":"http:\/\/eautomobiliai.lt\/#website","url":"http:\/\/eautomobiliai.lt\/","name":"Eautomobiliai.lt","description":"Elektrinis transportas, technologijos","potentialAction":[{"@type":"SearchAction","target":{"@type":"EntryPoint","urlTemplate":"http:\/\/eautomobiliai.lt\/?s={search_term_string}"},"query-input":{"@type":"PropertyValueSpecification","valueRequired":true,"valueName":"search_term_string"}}],"inLanguage":"lt-LT"},{"@type":"Person","@id":"http:\/\/eautomobiliai.lt\/#\/schema\/person\/ecf2a967f361217d056061f74deb92f2","name":"admin","image":{"@type":"ImageObject","inLanguage":"lt-LT","@id":"http:\/\/eautomobiliai.lt\/#\/schema\/person\/image\/","url":"https:\/\/secure.gravatar.com\/avatar\/6323379efae0c70c686c7905444d6bbd?s=96&d=mm&r=g","contentUrl":"https:\/\/secure.gravatar.com\/avatar\/6323379efae0c70c686c7905444d6bbd?s=96&d=mm&r=g","caption":"admin"},"sameAs":["http:\/\/eautomobiliai.lt"],"url":"https:\/\/eautomobiliai.lt\/index.php\/author\/admin\/"}]}},"_links":{"self":[{"href":"https:\/\/eautomobiliai.lt\/index.php\/wp-json\/wp\/v2\/posts\/2546","targetHints":{"allow":["GET"]}}],"collection":[{"href":"https:\/\/eautomobiliai.lt\/index.php\/wp-json\/wp\/v2\/posts"}],"about":[{"href":"https:\/\/eautomobiliai.lt\/index.php\/wp-json\/wp\/v2\/types\/post"}],"author":[{"embeddable":true,"href":"https:\/\/eautomobiliai.lt\/index.php\/wp-json\/wp\/v2\/users\/1"}],"replies":[{"embeddable":true,"href":"https:\/\/eautomobiliai.lt\/index.php\/wp-json\/wp\/v2\/comments?post=2546"}],"version-history":[{"count":0,"href":"https:\/\/eautomobiliai.lt\/index.php\/wp-json\/wp\/v2\/posts\/2546\/revisions"}],"wp:featuredmedia":[{"embeddable":true,"href":"https:\/\/eautomobiliai.lt\/index.php\/wp-json\/wp\/v2\/media\/2547"}],"wp:attachment":[{"href":"https:\/\/eautomobiliai.lt\/index.php\/wp-json\/wp\/v2\/media?parent=2546"}],"wp:term":[{"taxonomy":"category","embeddable":true,"href":"https:\/\/eautomobiliai.lt\/index.php\/wp-json\/wp\/v2\/categories?post=2546"},{"taxonomy":"post_tag","embeddable":true,"href":"https:\/\/eautomobiliai.lt\/index.php\/wp-json\/wp\/v2\/tags?post=2546"}],"curies":[{"name":"wp","href":"https:\/\/api.w.org\/{rel}","templated":true}]}}