{"id":2581,"date":"2025-11-02T13:10:44","date_gmt":"2025-11-02T13:10:44","guid":{"rendered":"http:\/\/eautomobiliai.lt\/index.php\/2025\/11\/02\/carb-imasi-teisiniu-veiksmu-pries-sunkvezimiu-markes\/"},"modified":"2025-11-02T13:10:44","modified_gmt":"2025-11-02T13:10:44","slug":"carb-imasi-teisiniu-veiksmu-pries-sunkvezimiu-markes","status":"publish","type":"post","link":"https:\/\/eautomobiliai.lt\/index.php\/2025\/11\/02\/carb-imasi-teisiniu-veiksmu-pries-sunkvezimiu-markes\/","title":{"rendered":"CARB imasi teisini\u0173 veiksm\u0173 prie\u0161 sunkve\u017eimi\u0173 markes"},"content":{"rendered":"<p> <br \/>\n<\/p>\n<div>\n<figure class=\"img-border featured-image\">\n<p>\t<figcaption>\n<p>\t\t\t\tAI sukurtas Gavinas Newsomas; per ChatGPT.\t\t\t<\/figcaption><\/figure>\n<p>Po dideli\u0173 sunki\u0173j\u0173 sunkve\u017eimi\u0173 gamintoj\u0173 ie\u0161kinio Kalifornijos oro i\u0161tekli\u0173 valdybai (CARB) d\u0117l Kalifornijos i\u0161metam\u0173j\u0173 ter\u0161al\u0173 reikalavim\u0173, CARB atsisak\u0117 naujo savo ie\u0161kinio, teigdama, kad gamintojai pa\u017eeid\u0117 2023 m. \u0161vari\u0173 sunkve\u017eimi\u0173 partneryst\u0117s susitarimo s\u0105lygas parduoti \u0161varesnes transporto priemones.<\/p>\n<p><span id=\"more-441709\"\/><\/p>\n<p>\u201eDaimler Truck North America\u201c, \u201eInternational Motors\u201c, \u201ePaccar\u201c ir \u201eVolvo Group North America\u201c pra\u0117jusi\u0173 met\u0173 rugpj\u016bt\u012f federaliniame teisme padav\u0117 ie\u0161kin\u012f Kalifornijos oro i\u0161tekli\u0173 valdybai, siekdamos pripa\u017einti negaliojan\u010dia 2023 m. su valstija pasira\u0161yt\u0105 \u201eClean Truck Partnership\u201c susitarim\u0105 d\u0117l i\u0161metam\u0173j\u0173 ter\u0161al\u0173 ma\u017einimo, kad b\u016bt\u0173 atsisakyta tradicini\u0173 sunkve\u017eimi\u0173 ir pereiti prie nulin\u0117s emisijos transporto priemoni\u0173 (ZEV). Pagrindin\u0117 ie\u0161kinio esm\u0117 buvo ta, kad naujoji Trumpo administracija panaikino Aplinkos apsaugos agent\u016bros (EPA) politik\u0105, kuri anks\u010diau atskiroms valstyb\u0117ms suteik\u0117 teis\u0119 nustatyti savo aplinkosaugos ir i\u0161metam\u0173j\u0173 ter\u0161al\u0173 \u012fstatymus, sunkve\u017eimi\u0173 gamintojai netur\u0117t\u0173 laikytis su atskiromis valstyb\u0117mis pasira\u0161yt\u0173 susitarim\u0173.<\/p>\n<p>\u201eIe\u0161kovai patenka \u012f kry\u017emin\u0119 ugn\u012f: Kalifornija reikalauja, kad originalios \u012frangos gamintojai laikyt\u0173si i\u0161 anksto numatyt\u0173 \u012fstatym\u0173; Jungtin\u0117s Valstijos tvirtina, kad tokie \u012fstatymai yra neteis\u0117ti ir nurodo originalios \u012frangos gamintojams j\u0173 nepaisyti\u201c, \u2013 ra\u0161oma ie\u0161kinyje. \u201eAtitinkamai, ie\u0161kovai originalios \u012frangos gamintojai pateikia \u0161\u012f ie\u0161kin\u012f, kad i\u0161ai\u0161kint\u0173 savo teisines pareigas pagal federalinius ir valstij\u0173 \u012fstatymus ir \u012fpareigot\u0173 Kalifornij\u0105 laikytis federalini\u0173 \u012fstatym\u0173 numatyt\u0173 standart\u0173.<\/p>\n<p>Po keli\u0173 savai\u010di\u0173 laukimo atsakymo pagaliau j\u012f gavome: CARB i\u0161 karto paduoda originalios \u012frangos gamintojus \u012f teism\u0105, teigdama, kad pradinis ie\u0161kinys \u012frodo, kad pasira\u0161\u0119 gamintojai \u201e(buvo) vienareik\u0161mi\u0161kai parei\u0161k\u0119, kad neketina laikytis\u201c. <\/p>\n<p>\t<span class=\"outbrain-ad-label\">Reklama \u2013 slinkite, kad gautum\u0117te daugiau turinio<\/span><\/p>\n<h2 class=\"wp-block-heading\" id=\"h-they-want-to-sell-americans-more-diesel\">Jie nori parduoti amerikie\u010diams daugiau dyzelino<\/h2>\n<hr\/>\n<figure class=\"wp-block-image alignwide size-large\"><img loading=\"lazy\" decoding=\"async\" height=\"512\" width=\"1024\" src=\"https:\/\/electrek.co\/wp-content\/uploads\/sites\/3\/2025\/01\/peterbilt.jpg?quality=82&amp;strip=all&amp;w=1024\" alt=\"\" class=\"wp-image-398284\" srcset=\"https:\/\/electrek.co\/wp-content\/uploads\/sites\/3\/2025\/01\/peterbilt.jpg 1600w, https:\/\/electrek.co\/wp-content\/uploads\/sites\/3\/2025\/01\/peterbilt.jpg?resize=150,75 150w, https:\/\/electrek.co\/wp-content\/uploads\/sites\/3\/2025\/01\/peterbilt.jpg?resize=300,150 300w, https:\/\/electrek.co\/wp-content\/uploads\/sites\/3\/2025\/01\/peterbilt.jpg?resize=768,384 768w, https:\/\/electrek.co\/wp-content\/uploads\/sites\/3\/2025\/01\/peterbilt.jpg?resize=1024,512 1024w, https:\/\/electrek.co\/wp-content\/uploads\/sites\/3\/2025\/01\/peterbilt.jpg?resize=1536,768 1536w, https:\/\/electrek.co\/wp-content\/uploads\/sites\/3\/2025\/01\/peterbilt.jpg?resize=350,175 350w, https:\/\/electrek.co\/wp-content\/uploads\/sites\/3\/2025\/01\/peterbilt.jpg?resize=140,70 140w, https:\/\/electrek.co\/wp-content\/uploads\/sites\/3\/2025\/01\/peterbilt.jpg?resize=290,145 290w, https:\/\/electrek.co\/wp-content\/uploads\/sites\/3\/2025\/01\/peterbilt.jpg?resize=600,300 600w\" sizes=\"auto, (max-width: 1024px) 100vw, 1024px\"\/><figcaption class=\"wp-element-caption\">Peterbilt modelis 589; per Peterbilt.<\/figcaption><\/figure>\n<p>Savo ie\u0161kinyje CARB teigia, kad vien tik pinigin\u0117 \u017eala nepadaryt\u0173 Kalifornijos valstijos gyventoj\u0173 sveik\u0173, kiek tai susij\u0119 su \u017ealos atlyginimu, nurodydama, kad 2023 m. \u0161vari\u0173 sunkve\u017eimi\u0173 partneryst\u0117s tikslas buvo \u201esuma\u017einti i\u0161metam\u0173 ter\u0161al\u0173 kiek\u012f, kurio negalima i\u0161matuoti grie\u017etai finansine prasme\u201c. <em>ACT-Naujienos<\/em>.<\/p>\n<p>Agent\u016bra pra\u0161o teismo \u012fpareigoti sunkve\u017eimi\u0173 bendroves vykdyti savo 2023 m. \u012fsipareigojimus arba, to nepadarius, leisti CARB nutraukti sutart\u012f ir susigr\u0105\u017einti i\u0161laidas. Penktadien\u012f buvo surengtas sunkve\u017eimi\u0173 gamintoj\u0173 pra\u0161ymo d\u0117l preliminaraus \u012fsakymo pos\u0117dis, o kita teismo data \u2013 lapkri\u010dio 21 d., kai CARB sieks atmesti sunkve\u017eimi\u0173 marki\u0173 i\u0161kelt\u0105 byl\u0105. \u0160i\u0173 byl\u0173 rezultatai gali nulemti, kaip valstijos ir federalin\u0117s vyriausyb\u0117s agent\u016bros bendradarbiaus d\u0117l i\u0161metam\u0173j\u0173 ter\u0161al\u0173 taisykli\u0173 ateityje.<\/p>\n<p>Galite perskaityti vis\u0105 22 puslapi\u0173 ie\u0161kin\u012f \u017eemiau, tada prane\u0161kite mums, k\u0105 manote apie CARB atsakym\u0105 (ir j\u0173 galimybes pasisekti) komentaruose.<\/p>\n<p><strong>\u0160ALTINIAI<\/strong>: CARB; per ACT-News, Trucking Dive.<\/p>\n<figure class=\"wp-block-image alignwide\"><img loading=\"lazy\" decoding=\"async\" width=\"750\" height=\"150\" src=\"https:\/\/electrek.co\/wp-content\/uploads\/sites\/3\/2025\/03\/DES-1038_Electrek-Banners_EVs_0797c2.png\" alt=\"\" class=\"wp-image-408967\" srcset=\"https:\/\/electrek.co\/wp-content\/uploads\/sites\/3\/2025\/03\/DES-1038_Electrek-Banners_EVs_0797c2.png 750w, https:\/\/electrek.co\/wp-content\/uploads\/sites\/3\/2025\/03\/DES-1038_Electrek-Banners_EVs_0797c2.png?resize=150,30 150w, https:\/\/electrek.co\/wp-content\/uploads\/sites\/3\/2025\/03\/DES-1038_Electrek-Banners_EVs_0797c2.png?resize=300,60 300w, https:\/\/electrek.co\/wp-content\/uploads\/sites\/3\/2025\/03\/DES-1038_Electrek-Banners_EVs_0797c2.png?resize=350,70 350w, https:\/\/electrek.co\/wp-content\/uploads\/sites\/3\/2025\/03\/DES-1038_Electrek-Banners_EVs_0797c2.png?resize=140,28 140w\" sizes=\"auto, (max-width: 750px) 100vw, 750px\"\/><\/figure>\n<hr class=\"wp-block-separator has-alpha-channel-opacity\"\/>\n<p><em>Jei ketinate naudoti saul\u0117s energij\u0105, visada pravartu gauti pasi\u016blym\u0173 i\u0161 keli\u0173 montuotoj\u0173. Nor\u0117dami \u012fsitikinti, kad \u0161alia j\u016bs\u0173 rasite patikim\u0105 saul\u0117s energijos montuotoj\u0105, si\u016blant\u012f konkurencingas kainas, patikrinkite <\/em><em>EnergySage<\/em><em>nemokama paslauga, kuri palengvina saul\u0117s energijos naudojim\u0105. Jame yra \u0161imtai i\u0161 anksto patikrint\u0173 saul\u0117s kolektori\u0173 montuotoj\u0173, kurie konkuruoja d\u0117l j\u016bs\u0173 verslo, u\u017etikrindami, kad gausite auk\u0161tos kokyb\u0117s sprendimus ir sutaupysite 20\u201330 %, palyginti su tuo, kad tai darytum\u0117te vienas. Be to, juo naudotis galima nemokamai ir negausite pardavimo skambu\u010di\u0173, kol nepasirinksite montuotojo ir nepasidalinsite su juo savo telefono numeriu. <\/em><\/p>\n<p><em>J\u016bs\u0173 asmenines saul\u0117s energijos kainas lengva palyginti internete ir gausite prieig\u0105 prie ne\u0161ali\u0161k\u0173 energijos patar\u0117j\u0173, kurie pad\u0117s jums kiekviename \u017eingsnyje. <\/em><em>Prad\u0117kite \u010dia<\/em>.<\/p>\n<div class=\"ad-disclaimer-container\">\n<p class=\"disclaimer-affiliate\"><em>FTC: naudojame pajamas u\u017edirban\u010di\u0173 automobili\u0173 filial\u0173 nuorodas.<\/em> Daugiau.<\/p>\n<p><!-- post ad --><\/div>\n<\/p><\/div>\n<p><br \/>\n<br \/><a href=\"https:\/\/electrek.co\/2025\/11\/02\/california-hits-back-as-carb-takes-legal-action-against-truck-brands\/\">Source link <\/a><\/p>\n","protected":false},"excerpt":{"rendered":"<p>AI sukurtas Gavinas Newsomas; per ChatGPT. Po dideli\u0173 sunki\u0173j\u0173 sunkve\u017eimi\u0173 gamintoj\u0173 ie\u0161kinio Kalifornijos oro i\u0161tekli\u0173 valdybai (CARB) d\u0117l Kalifornijos i\u0161metam\u0173j\u0173&hellip;<\/p>\n","protected":false},"author":1,"featured_media":2582,"comment_status":"open","ping_status":"open","sticky":false,"template":"","format":"standard","meta":{"om_disable_all_campaigns":false,"_monsterinsights_skip_tracking":false,"_monsterinsights_sitenote_active":false,"_monsterinsights_sitenote_note":"","_monsterinsights_sitenote_category":0,"footnotes":""},"categories":[8],"tags":[4307,525,4310,1047,1444,4308,4309],"class_list":["post-2581","post","type-post","status-publish","format-standard","has-post-thumbnail","hentry","category-elektriniai-automobiliai","tag-carb","tag-imasi","tag-markes","tag-pries","tag-sunkvezimiu","tag-teisiniu","tag-veiksmu"],"aioseo_notices":[],"yoast_head":"<!-- This site is optimized with the Yoast SEO plugin v26.8 - https:\/\/yoast.com\/product\/yoast-seo-wordpress\/ -->\n<title>CARB imasi teisini\u0173 veiksm\u0173 prie\u0161 sunkve\u017eimi\u0173 markes - Eautomobiliai.lt<\/title>\n<meta name=\"robots\" content=\"index, follow, max-snippet:-1, max-image-preview:large, max-video-preview:-1\" \/>\n<link rel=\"canonical\" href=\"https:\/\/eautomobiliai.lt\/index.php\/2025\/11\/02\/carb-imasi-teisiniu-veiksmu-pries-sunkvezimiu-markes\/\" \/>\n<meta property=\"og:locale\" content=\"lt_LT\" \/>\n<meta property=\"og:type\" content=\"article\" \/>\n<meta property=\"og:title\" content=\"CARB imasi teisini\u0173 veiksm\u0173 prie\u0161 sunkve\u017eimi\u0173 markes - Eautomobiliai.lt\" \/>\n<meta property=\"og:description\" content=\"AI sukurtas Gavinas Newsomas; per ChatGPT. Po dideli\u0173 sunki\u0173j\u0173 sunkve\u017eimi\u0173 gamintoj\u0173 ie\u0161kinio Kalifornijos oro i\u0161tekli\u0173 valdybai (CARB) d\u0117l Kalifornijos i\u0161metam\u0173j\u0173&hellip;\" \/>\n<meta property=\"og:url\" content=\"https:\/\/eautomobiliai.lt\/index.php\/2025\/11\/02\/carb-imasi-teisiniu-veiksmu-pries-sunkvezimiu-markes\/\" \/>\n<meta property=\"og:site_name\" content=\"Eautomobiliai.lt\" \/>\n<meta property=\"article:published_time\" content=\"2025-11-02T13:10:44+00:00\" \/>\n<meta property=\"og:image\" content=\"https:\/\/eautomobiliai.lt\/wp-content\/uploads\/2025\/11\/CARB-imasi-teisiniu-veiksmu-pries-sunkvezimiu-markes.jpg\" \/>\n\t<meta property=\"og:image:width\" content=\"1200\" \/>\n\t<meta property=\"og:image:height\" content=\"628\" \/>\n\t<meta property=\"og:image:type\" content=\"image\/jpeg\" \/>\n<meta name=\"author\" content=\"admin\" \/>\n<meta name=\"twitter:card\" content=\"summary_large_image\" \/>\n<meta name=\"twitter:label1\" content=\"Written by\" \/>\n\t<meta name=\"twitter:data1\" content=\"admin\" \/>\n\t<meta name=\"twitter:label2\" content=\"Est. reading time\" \/>\n\t<meta name=\"twitter:data2\" content=\"3 minut\u0117s\" \/>\n<script type=\"application\/ld+json\" class=\"yoast-schema-graph\">{\"@context\":\"https:\/\/schema.org\",\"@graph\":[{\"@type\":\"Article\",\"@id\":\"https:\/\/eautomobiliai.lt\/index.php\/2025\/11\/02\/carb-imasi-teisiniu-veiksmu-pries-sunkvezimiu-markes\/#article\",\"isPartOf\":{\"@id\":\"https:\/\/eautomobiliai.lt\/index.php\/2025\/11\/02\/carb-imasi-teisiniu-veiksmu-pries-sunkvezimiu-markes\/\"},\"author\":{\"name\":\"admin\",\"@id\":\"http:\/\/eautomobiliai.lt\/#\/schema\/person\/ecf2a967f361217d056061f74deb92f2\"},\"headline\":\"CARB imasi teisini\u0173 veiksm\u0173 prie\u0161 sunkve\u017eimi\u0173 markes\",\"datePublished\":\"2025-11-02T13:10:44+00:00\",\"mainEntityOfPage\":{\"@id\":\"https:\/\/eautomobiliai.lt\/index.php\/2025\/11\/02\/carb-imasi-teisiniu-veiksmu-pries-sunkvezimiu-markes\/\"},\"wordCount\":592,\"commentCount\":0,\"image\":{\"@id\":\"https:\/\/eautomobiliai.lt\/index.php\/2025\/11\/02\/carb-imasi-teisiniu-veiksmu-pries-sunkvezimiu-markes\/#primaryimage\"},\"thumbnailUrl\":\"https:\/\/eautomobiliai.lt\/wp-content\/uploads\/2025\/11\/CARB-imasi-teisiniu-veiksmu-pries-sunkvezimiu-markes.jpg\",\"keywords\":[\"CARB\",\"imasi\",\"markes\",\"prie\u0161\",\"sunkve\u017eimi\u0173\",\"teisini\u0173\",\"veiksm\u0173\"],\"articleSection\":[\"ELEKTRINIAI AUTOMOBILIAI\"],\"inLanguage\":\"lt-LT\",\"potentialAction\":[{\"@type\":\"CommentAction\",\"name\":\"Comment\",\"target\":[\"https:\/\/eautomobiliai.lt\/index.php\/2025\/11\/02\/carb-imasi-teisiniu-veiksmu-pries-sunkvezimiu-markes\/#respond\"]}]},{\"@type\":\"WebPage\",\"@id\":\"https:\/\/eautomobiliai.lt\/index.php\/2025\/11\/02\/carb-imasi-teisiniu-veiksmu-pries-sunkvezimiu-markes\/\",\"url\":\"https:\/\/eautomobiliai.lt\/index.php\/2025\/11\/02\/carb-imasi-teisiniu-veiksmu-pries-sunkvezimiu-markes\/\",\"name\":\"CARB imasi teisini\u0173 veiksm\u0173 prie\u0161 sunkve\u017eimi\u0173 markes - Eautomobiliai.lt\",\"isPartOf\":{\"@id\":\"http:\/\/eautomobiliai.lt\/#website\"},\"primaryImageOfPage\":{\"@id\":\"https:\/\/eautomobiliai.lt\/index.php\/2025\/11\/02\/carb-imasi-teisiniu-veiksmu-pries-sunkvezimiu-markes\/#primaryimage\"},\"image\":{\"@id\":\"https:\/\/eautomobiliai.lt\/index.php\/2025\/11\/02\/carb-imasi-teisiniu-veiksmu-pries-sunkvezimiu-markes\/#primaryimage\"},\"thumbnailUrl\":\"https:\/\/eautomobiliai.lt\/wp-content\/uploads\/2025\/11\/CARB-imasi-teisiniu-veiksmu-pries-sunkvezimiu-markes.jpg\",\"datePublished\":\"2025-11-02T13:10:44+00:00\",\"author\":{\"@id\":\"http:\/\/eautomobiliai.lt\/#\/schema\/person\/ecf2a967f361217d056061f74deb92f2\"},\"breadcrumb\":{\"@id\":\"https:\/\/eautomobiliai.lt\/index.php\/2025\/11\/02\/carb-imasi-teisiniu-veiksmu-pries-sunkvezimiu-markes\/#breadcrumb\"},\"inLanguage\":\"lt-LT\",\"potentialAction\":[{\"@type\":\"ReadAction\",\"target\":[\"https:\/\/eautomobiliai.lt\/index.php\/2025\/11\/02\/carb-imasi-teisiniu-veiksmu-pries-sunkvezimiu-markes\/\"]}]},{\"@type\":\"ImageObject\",\"inLanguage\":\"lt-LT\",\"@id\":\"https:\/\/eautomobiliai.lt\/index.php\/2025\/11\/02\/carb-imasi-teisiniu-veiksmu-pries-sunkvezimiu-markes\/#primaryimage\",\"url\":\"https:\/\/eautomobiliai.lt\/wp-content\/uploads\/2025\/11\/CARB-imasi-teisiniu-veiksmu-pries-sunkvezimiu-markes.jpg\",\"contentUrl\":\"https:\/\/eautomobiliai.lt\/wp-content\/uploads\/2025\/11\/CARB-imasi-teisiniu-veiksmu-pries-sunkvezimiu-markes.jpg\",\"width\":1200,\"height\":628},{\"@type\":\"BreadcrumbList\",\"@id\":\"https:\/\/eautomobiliai.lt\/index.php\/2025\/11\/02\/carb-imasi-teisiniu-veiksmu-pries-sunkvezimiu-markes\/#breadcrumb\",\"itemListElement\":[{\"@type\":\"ListItem\",\"position\":1,\"name\":\"Home\",\"item\":\"http:\/\/eautomobiliai.lt\/\"},{\"@type\":\"ListItem\",\"position\":2,\"name\":\"CARB imasi teisini\u0173 veiksm\u0173 prie\u0161 sunkve\u017eimi\u0173 markes\"}]},{\"@type\":\"WebSite\",\"@id\":\"http:\/\/eautomobiliai.lt\/#website\",\"url\":\"http:\/\/eautomobiliai.lt\/\",\"name\":\"Eautomobiliai.lt\",\"description\":\"Elektrinis transportas, technologijos\",\"potentialAction\":[{\"@type\":\"SearchAction\",\"target\":{\"@type\":\"EntryPoint\",\"urlTemplate\":\"http:\/\/eautomobiliai.lt\/?s={search_term_string}\"},\"query-input\":{\"@type\":\"PropertyValueSpecification\",\"valueRequired\":true,\"valueName\":\"search_term_string\"}}],\"inLanguage\":\"lt-LT\"},{\"@type\":\"Person\",\"@id\":\"http:\/\/eautomobiliai.lt\/#\/schema\/person\/ecf2a967f361217d056061f74deb92f2\",\"name\":\"admin\",\"image\":{\"@type\":\"ImageObject\",\"inLanguage\":\"lt-LT\",\"@id\":\"http:\/\/eautomobiliai.lt\/#\/schema\/person\/image\/\",\"url\":\"https:\/\/secure.gravatar.com\/avatar\/6323379efae0c70c686c7905444d6bbd?s=96&d=mm&r=g\",\"contentUrl\":\"https:\/\/secure.gravatar.com\/avatar\/6323379efae0c70c686c7905444d6bbd?s=96&d=mm&r=g\",\"caption\":\"admin\"},\"sameAs\":[\"http:\/\/eautomobiliai.lt\"],\"url\":\"https:\/\/eautomobiliai.lt\/index.php\/author\/admin\/\"}]}<\/script>\n<!-- \/ Yoast SEO plugin. -->","yoast_head_json":{"title":"CARB imasi teisini\u0173 veiksm\u0173 prie\u0161 sunkve\u017eimi\u0173 markes - Eautomobiliai.lt","robots":{"index":"index","follow":"follow","max-snippet":"max-snippet:-1","max-image-preview":"max-image-preview:large","max-video-preview":"max-video-preview:-1"},"canonical":"https:\/\/eautomobiliai.lt\/index.php\/2025\/11\/02\/carb-imasi-teisiniu-veiksmu-pries-sunkvezimiu-markes\/","og_locale":"lt_LT","og_type":"article","og_title":"CARB imasi teisini\u0173 veiksm\u0173 prie\u0161 sunkve\u017eimi\u0173 markes - Eautomobiliai.lt","og_description":"AI sukurtas Gavinas Newsomas; per ChatGPT. Po dideli\u0173 sunki\u0173j\u0173 sunkve\u017eimi\u0173 gamintoj\u0173 ie\u0161kinio Kalifornijos oro i\u0161tekli\u0173 valdybai (CARB) d\u0117l Kalifornijos i\u0161metam\u0173j\u0173&hellip;","og_url":"https:\/\/eautomobiliai.lt\/index.php\/2025\/11\/02\/carb-imasi-teisiniu-veiksmu-pries-sunkvezimiu-markes\/","og_site_name":"Eautomobiliai.lt","article_published_time":"2025-11-02T13:10:44+00:00","og_image":[{"width":1200,"height":628,"url":"https:\/\/eautomobiliai.lt\/wp-content\/uploads\/2025\/11\/CARB-imasi-teisiniu-veiksmu-pries-sunkvezimiu-markes.jpg","type":"image\/jpeg"}],"author":"admin","twitter_card":"summary_large_image","twitter_misc":{"Written by":"admin","Est. reading time":"3 minut\u0117s"},"schema":{"@context":"https:\/\/schema.org","@graph":[{"@type":"Article","@id":"https:\/\/eautomobiliai.lt\/index.php\/2025\/11\/02\/carb-imasi-teisiniu-veiksmu-pries-sunkvezimiu-markes\/#article","isPartOf":{"@id":"https:\/\/eautomobiliai.lt\/index.php\/2025\/11\/02\/carb-imasi-teisiniu-veiksmu-pries-sunkvezimiu-markes\/"},"author":{"name":"admin","@id":"http:\/\/eautomobiliai.lt\/#\/schema\/person\/ecf2a967f361217d056061f74deb92f2"},"headline":"CARB imasi teisini\u0173 veiksm\u0173 prie\u0161 sunkve\u017eimi\u0173 markes","datePublished":"2025-11-02T13:10:44+00:00","mainEntityOfPage":{"@id":"https:\/\/eautomobiliai.lt\/index.php\/2025\/11\/02\/carb-imasi-teisiniu-veiksmu-pries-sunkvezimiu-markes\/"},"wordCount":592,"commentCount":0,"image":{"@id":"https:\/\/eautomobiliai.lt\/index.php\/2025\/11\/02\/carb-imasi-teisiniu-veiksmu-pries-sunkvezimiu-markes\/#primaryimage"},"thumbnailUrl":"https:\/\/eautomobiliai.lt\/wp-content\/uploads\/2025\/11\/CARB-imasi-teisiniu-veiksmu-pries-sunkvezimiu-markes.jpg","keywords":["CARB","imasi","markes","prie\u0161","sunkve\u017eimi\u0173","teisini\u0173","veiksm\u0173"],"articleSection":["ELEKTRINIAI AUTOMOBILIAI"],"inLanguage":"lt-LT","potentialAction":[{"@type":"CommentAction","name":"Comment","target":["https:\/\/eautomobiliai.lt\/index.php\/2025\/11\/02\/carb-imasi-teisiniu-veiksmu-pries-sunkvezimiu-markes\/#respond"]}]},{"@type":"WebPage","@id":"https:\/\/eautomobiliai.lt\/index.php\/2025\/11\/02\/carb-imasi-teisiniu-veiksmu-pries-sunkvezimiu-markes\/","url":"https:\/\/eautomobiliai.lt\/index.php\/2025\/11\/02\/carb-imasi-teisiniu-veiksmu-pries-sunkvezimiu-markes\/","name":"CARB imasi teisini\u0173 veiksm\u0173 prie\u0161 sunkve\u017eimi\u0173 markes - Eautomobiliai.lt","isPartOf":{"@id":"http:\/\/eautomobiliai.lt\/#website"},"primaryImageOfPage":{"@id":"https:\/\/eautomobiliai.lt\/index.php\/2025\/11\/02\/carb-imasi-teisiniu-veiksmu-pries-sunkvezimiu-markes\/#primaryimage"},"image":{"@id":"https:\/\/eautomobiliai.lt\/index.php\/2025\/11\/02\/carb-imasi-teisiniu-veiksmu-pries-sunkvezimiu-markes\/#primaryimage"},"thumbnailUrl":"https:\/\/eautomobiliai.lt\/wp-content\/uploads\/2025\/11\/CARB-imasi-teisiniu-veiksmu-pries-sunkvezimiu-markes.jpg","datePublished":"2025-11-02T13:10:44+00:00","author":{"@id":"http:\/\/eautomobiliai.lt\/#\/schema\/person\/ecf2a967f361217d056061f74deb92f2"},"breadcrumb":{"@id":"https:\/\/eautomobiliai.lt\/index.php\/2025\/11\/02\/carb-imasi-teisiniu-veiksmu-pries-sunkvezimiu-markes\/#breadcrumb"},"inLanguage":"lt-LT","potentialAction":[{"@type":"ReadAction","target":["https:\/\/eautomobiliai.lt\/index.php\/2025\/11\/02\/carb-imasi-teisiniu-veiksmu-pries-sunkvezimiu-markes\/"]}]},{"@type":"ImageObject","inLanguage":"lt-LT","@id":"https:\/\/eautomobiliai.lt\/index.php\/2025\/11\/02\/carb-imasi-teisiniu-veiksmu-pries-sunkvezimiu-markes\/#primaryimage","url":"https:\/\/eautomobiliai.lt\/wp-content\/uploads\/2025\/11\/CARB-imasi-teisiniu-veiksmu-pries-sunkvezimiu-markes.jpg","contentUrl":"https:\/\/eautomobiliai.lt\/wp-content\/uploads\/2025\/11\/CARB-imasi-teisiniu-veiksmu-pries-sunkvezimiu-markes.jpg","width":1200,"height":628},{"@type":"BreadcrumbList","@id":"https:\/\/eautomobiliai.lt\/index.php\/2025\/11\/02\/carb-imasi-teisiniu-veiksmu-pries-sunkvezimiu-markes\/#breadcrumb","itemListElement":[{"@type":"ListItem","position":1,"name":"Home","item":"http:\/\/eautomobiliai.lt\/"},{"@type":"ListItem","position":2,"name":"CARB imasi teisini\u0173 veiksm\u0173 prie\u0161 sunkve\u017eimi\u0173 markes"}]},{"@type":"WebSite","@id":"http:\/\/eautomobiliai.lt\/#website","url":"http:\/\/eautomobiliai.lt\/","name":"Eautomobiliai.lt","description":"Elektrinis transportas, technologijos","potentialAction":[{"@type":"SearchAction","target":{"@type":"EntryPoint","urlTemplate":"http:\/\/eautomobiliai.lt\/?s={search_term_string}"},"query-input":{"@type":"PropertyValueSpecification","valueRequired":true,"valueName":"search_term_string"}}],"inLanguage":"lt-LT"},{"@type":"Person","@id":"http:\/\/eautomobiliai.lt\/#\/schema\/person\/ecf2a967f361217d056061f74deb92f2","name":"admin","image":{"@type":"ImageObject","inLanguage":"lt-LT","@id":"http:\/\/eautomobiliai.lt\/#\/schema\/person\/image\/","url":"https:\/\/secure.gravatar.com\/avatar\/6323379efae0c70c686c7905444d6bbd?s=96&d=mm&r=g","contentUrl":"https:\/\/secure.gravatar.com\/avatar\/6323379efae0c70c686c7905444d6bbd?s=96&d=mm&r=g","caption":"admin"},"sameAs":["http:\/\/eautomobiliai.lt"],"url":"https:\/\/eautomobiliai.lt\/index.php\/author\/admin\/"}]}},"_links":{"self":[{"href":"https:\/\/eautomobiliai.lt\/index.php\/wp-json\/wp\/v2\/posts\/2581","targetHints":{"allow":["GET"]}}],"collection":[{"href":"https:\/\/eautomobiliai.lt\/index.php\/wp-json\/wp\/v2\/posts"}],"about":[{"href":"https:\/\/eautomobiliai.lt\/index.php\/wp-json\/wp\/v2\/types\/post"}],"author":[{"embeddable":true,"href":"https:\/\/eautomobiliai.lt\/index.php\/wp-json\/wp\/v2\/users\/1"}],"replies":[{"embeddable":true,"href":"https:\/\/eautomobiliai.lt\/index.php\/wp-json\/wp\/v2\/comments?post=2581"}],"version-history":[{"count":0,"href":"https:\/\/eautomobiliai.lt\/index.php\/wp-json\/wp\/v2\/posts\/2581\/revisions"}],"wp:featuredmedia":[{"embeddable":true,"href":"https:\/\/eautomobiliai.lt\/index.php\/wp-json\/wp\/v2\/media\/2582"}],"wp:attachment":[{"href":"https:\/\/eautomobiliai.lt\/index.php\/wp-json\/wp\/v2\/media?parent=2581"}],"wp:term":[{"taxonomy":"category","embeddable":true,"href":"https:\/\/eautomobiliai.lt\/index.php\/wp-json\/wp\/v2\/categories?post=2581"},{"taxonomy":"post_tag","embeddable":true,"href":"https:\/\/eautomobiliai.lt\/index.php\/wp-json\/wp\/v2\/tags?post=2581"}],"curies":[{"name":"wp","href":"https:\/\/api.w.org\/{rel}","templated":true}]}}