{"id":3368,"date":"2026-02-03T19:58:57","date_gmt":"2026-02-03T19:58:57","guid":{"rendered":"http:\/\/eautomobiliai.lt\/index.php\/2026\/02\/03\/net-ir-sumazinus-lengvatas-elektromobiliams-norvegija-sausio-menesi-pardave-tik-98-dyzelinius-automobilius\/"},"modified":"2026-02-03T19:58:57","modified_gmt":"2026-02-03T19:58:57","slug":"net-ir-sumazinus-lengvatas-elektromobiliams-norvegija-sausio-menesi-pardave-tik-98-dyzelinius-automobilius","status":"publish","type":"post","link":"https:\/\/eautomobiliai.lt\/index.php\/2026\/02\/03\/net-ir-sumazinus-lengvatas-elektromobiliams-norvegija-sausio-menesi-pardave-tik-98-dyzelinius-automobilius\/","title":{"rendered":"Net ir suma\u017einus lengvatas elektromobiliams, Norvegija sausio m\u0117nes\u012f pardav\u0117 tik 98 dyzelinius automobilius"},"content":{"rendered":"<p> <br \/>\n<\/p>\n<div>\n<figure class=\"img-border featured-image\">\n<p>\t<br \/>\n\t<\/figure>\n<p>Norvegija, pasaulyje pirmaujanti \u0161alis pagal elektromobili\u0173 rinkos dal\u012f, vis tiek sugeb\u0117jo i\u0161laikyti didel\u0119 elektromobili\u0173 rinkos dal\u012f i\u0161kart po to, kai buvo panaikinta EV paskata, parodydama pasauliui keli\u0105 \u012f atspar\u0173 automobili\u0173 pramon\u0117s elektrifikavim\u0105.<\/p>\n<p><span id=\"more-454000\"\/><\/p>\n<p>Norvegijos automobili\u0173 pardavimo skai\u010diai paskelbti sausio m\u0117nes\u012f, o po rekordinio gruod\u017eio m\u0117nesio buvo \u0161iek tiek nerimo d\u0117l to, kas gali nutikti, kai bus suma\u017eintos paskatos parduoti elektromobilius.<\/p>\n<p>Norvegija jau daugel\u012f met\u0173 tur\u0117jo dosni\u0173 paskat\u0173 EV, \u012fskaitant atleidim\u0105 nuo mokes\u010di\u0173, speciali\u0105 prieig\u0105, nemokam\u0105 automobili\u0173 stov\u0117jimo aik\u0161tel\u0119 ir pana\u0161iai. Visa tai buvo skirta siekti Norvegijos pasaulyje pirmaujan\u010dio tikslo iki 2025 m. parduoti 100 % elektromobili\u0173 \u2013 \u0161\u012f skai\u010di\u0173 ji i\u0161 esm\u0117s pasiek\u0117, nors daugelis tik prie\u0161 kelerius metus man\u0117, kad tai bus ne\u012fmanoma.<\/p>\n<p>Daugelis Norvegijos paskat\u0173 laikui b\u0117gant suma\u017e\u0117jo, nes EV pagreitis tapo nei\u0161vengiamas, ta\u010diau did\u017eiausias pokytis per kur\u012f laik\u0105 k\u0105 tik \u012fsigaliojo.<\/p>\n<p>\t<span class=\"outbrain-ad-label\">Reklama \u2013 slinkite, kad gautum\u0117te daugiau turinio<\/span><\/p>\n<p>Norvegija parei\u0161k\u0117, kad spal\u012f pereinant prie elektromobili\u0173 \u201emisija \u012fvykdyta\u201c, ir parei\u0161k\u0117, kad iki met\u0173 pabaigos ji padidins mokes\u010di\u0173 lengvat\u0173 vir\u0161utin\u0119 rib\u0105. Tai rei\u0161k\u0117, kad brangesni elektromobiliai taps brangesni, o pigesni\u0173 elektromobili\u0173 (iki 300 000 NOK arba ~ 30 000 USD) paskatos kol kas i\u0161likt\u0173.<\/p>\n<p>Taigi, buvo skubama pirkti automobilius. Norvegija pasiek\u0117 did\u017eiul\u012f elektromobili\u0173 pardavimo rekord\u0105 ir buvo viena i\u0161 nedaugelio \u0161ali\u0173, kur \u201eTesla\u201c pardavimai i\u0161augo d\u0117l \u017eemyno masto nuosmukio (ta\u010diau 2026 m. prad\u017eioje Norvegijoje suma\u017e\u0117jo).<\/p>\n<p>Ta\u010diau buvo nerimaujama, kad gruod\u012f pasiektas rekordas bus tik atsitiktinumas ir kad panaikinus EV paskatas gali gr\u012f\u017eti prie vidurkio. Dabar, kai duomenys paskelbti, Norvegija tokio likimo i\u0161veng\u0117.<\/p>\n<h2 class=\"wp-block-heading\" id=\"h-did-norwegian-ev-sales-drop-after-incentives-were-cut-nope-they-re-strong-as-ever\">Ar suma\u017einus paskatas Norvegijos elektromobili\u0173 pardavimas suma\u017e\u0117jo? Ne, jie stipr\u016bs kaip visada<\/h2>\n<p>EV rinkos dalis <em>padar\u0117<\/em> \u0161iek tiek suma\u017e\u0117s, bet tokiu ma\u017eu procentu, kad jis b\u016bt\u0173 nereik\u0161mingas. 2025 m. saus\u012f elektromobiliai sudar\u0117 95,8 % Norvegijos rinkos, o 2026 m. saus\u012f \u2013 94 %. Gruod\u012f jie buvo 97 proc. Nereikia n\u0117 sakyti, kad tai yra dideli skai\u010diai.<\/p>\n<p>Tikrieji skai\u010diai rodo, kad \u010dia n\u0117ra ko nerimauti: 2026 m. saus\u012f visoje Norvegijoje buvo parduoti tik 98 dyzeliniai automobiliai, 29 hibridai ir 7 tik benzininiai automobiliai. \u0160alyje, kurios keliuose va\u017ein\u0117ja beveik 6 milijonai transporto priemoni\u0173 (daugelis j\u0173 dabar yra elektriniai). Ir tai i\u0161 tikr\u0173j\u0173 rei\u0161kia a <em>ma\u017e\u0117ti<\/em> i\u0161kastini\u0173 automobili\u0173 pardavimas nuo pra\u0117jusio sausio m\u0117nesio, o ne padid\u0117jimas.<\/p>\n<p>Tuo tarpu sausio m\u0117nes\u012f buvo parduoti 2 084 elektromobiliai \u2013 tai taip pat didelis kritimas, palyginti su gruod\u012f ir pra\u0117jusiais metais, bet mes pasieksime tai.<\/p>\n<p>\u201eSusij\u0119s\u201c suformuluoti \u0161iuos skai\u010dius b\u016bt\u0173 pasakyti, kad dyzelini\u0173 automobili\u0173 rinkos dalis beveik nesiskiria <em>patrigub\u0117jo<\/em> per metus ir nuo 1,5 % 2025 m. saus\u012f iki 4,4 % 2026 m., nes elektromobili\u0173 pardavimas suma\u017e\u0117jo iki ma\u017edaug ketvirtadalio ankstesni\u0173 skai\u010di\u0173. Ta\u010diau tai labiau atspindi, kad dyzelini\u0173 automobili\u0173 vienet\u0173 pardavimai yra tokie ma\u017ei, kad yra nereik\u0161mingi, o EV vienet\u0173 pardavimas perkeliamas \u012f gruod\u012f, o ne \u012f saus\u012f.<\/p>\n<p>Prie\u017eastis, kad dyzelinas <em>rinkos dalis<\/em> padid\u0117jo, nes suma\u017e\u0117jo bendra automobili\u0173 rinka. Norvegija paprastai parduoda 10-15 t\u016bkst. automobili\u0173 per metus, ta\u010diau gruod\u012f parduota vir\u0161 35 t\u016bkst. nauj\u0173 automobili\u0173. Sm\u016bg\u012f l\u0117m\u0117 norvegai, kurie b\u016bt\u0173 pirk\u0119 elektromobil\u012f sausio m\u0117nes\u012f, o tai padar\u0117 gruod\u012f, kad gal\u0117t\u0173 pasinaudoti paskatomis.<\/p>\n<p>Taigi i\u0161 tikr\u0173j\u0173 i\u0161kastini\u0173 automobili\u0173 pardavimas<em> nepadar\u0117 <\/em>padid\u0117jimas po to, kai buvo panaikintos paskatos \u2013 elektromobili\u0173 pardavimas tiesiog \u201esuma\u017e\u0117jo\u201c, nes jie buvo i\u0161traukti nuo sausio iki gruod\u017eio, tod\u0117l dyzeliniai automobiliai atrod\u0117 kaip didesnis procentas nuo ma\u017eesnio skai\u010diaus.<\/p>\n<p>I\u0161 viso saus\u012f buvo parduota tik 2 218 automobili\u0173, tai yra gerokai ma\u017eiau nei vidurkis, ir matote, kaip \u201etr\u016bkstami\u201c ~10 000 sausio automobili\u0173 buvo nupirkti gruod\u012f (ir tik\u0117tina, kad tai t\u0119sis vasario m\u0117nes\u012f, o gal ir dar kelis m\u0117nesius).<\/p>\n<p>Taigi, u\u017euot i\u0161rei\u0161k\u0119 susir\u016bpinim\u0105 d\u0117l \u201eaugan\u010dios\u201c dyzelino rinkos dalies, \u0161ie skai\u010diai mums byloja, kad elektromobiliai Norvegijoje tikrai u\u017evald\u0117. Elektros automobiliai dabar yra standartas ir n\u0117ra jokios prie\u017easties nerimauti d\u0117l nieko kito.<\/p>\n<p>Visi norvegai turi patirties su elektromobiliais, tod\u0117l \u017eino, kad jie yra geresni u\u017e i\u0161kastinius automobilius, kaip \u017eino dauguma su elektromobiliais patirties tur\u0117jusi\u0173 \u017emoni\u0173. (Anks\u010diau prane\u0161\u0117me, kad vieninteliai norvegai, perkantys i\u0161kastinius automobilius, yra nuomos \u012fmon\u0117s, aptarnaujan\u010dios turistus, kurie \u201enegauna\u201c elektromobili\u0173)<\/p>\n<p>Tie smulk\u016bs, dvi\u017eenkliai i\u0161kastini\u0173 automobili\u0173 pardavimai tiesiog n\u0117ra reik\u0161mingi ir tikrai j\u0173 nepakanka, kad pateisint\u0173 \u012fvairias investicijas \u012f infrastrukt\u016br\u0105, reikaling\u0105 i\u0161kastini\u0173 automobili\u0173 parkui i\u0161laikyti. Ir net suma\u017e\u0117jus paskatoms, mes nematome gr\u012f\u017eimo prie i\u0161kastinio kuro pardavimo, nes tiesiog neb\u016bt\u0173 tikslinga investuoti \u012f i\u0161kastin\u012f automobil\u012f, kai visi \u017eino, kad yra geresni\u0173 galimybi\u0173.<\/p>\n<p>Ra\u0161tas ant sienos, o elektromobiliai laim\u0117jo \u2013 ir Norvegija n\u0117ra vienintel\u0117 \u0161alis, kurioje tai nei\u0161vengiama. Ir manome, kad Norvegijos pavyzdys gali pad\u0117ti kitoms \u0161alims i\u0161mokti, kad elektromobiliams \u012fsitvirtinus (atsi\u017evelgiant \u012f did\u017eiul\u0119 propagand\u0105 ir subsidijas, kuriomis naudojasi dujiniai automobiliai), elektrifikacijos prana\u0161umai gali i\u0161likti atspar\u016bs tol, kol jie t\u0119siasi.<\/p>\n<hr class=\"wp-block-separator has-alpha-channel-opacity\"\/>\n<p><em>\u012ekraukite savo elektromobil\u012f namuose naudodami saul\u0117s baterijas ant stogo. Raskite patikim\u0105 ir konkurencing\u0105 saul\u0117s energijos montuotoj\u0105 \u0161alia j\u016bs\u0173 <\/em><em>EnergySage<\/em><em>nemokamai. Jie turi i\u0161 anksto patikrintus montuotojus, kurie konkuruoja d\u0117l j\u016bs\u0173 verslo, u\u017etikrindami auk\u0161tos kokyb\u0117s sprendimus ir sutaupydami 20\u201330%. Tai nemokama, be pardavimo skambu\u010di\u0173, kol nepasirinksite montuotojo. Palyginkite asmenines saul\u0117s energijos kainas internete ir gaukite ne\u0161ali\u0161k\u0173 energetikos patar\u0117j\u0173 patarim\u0173. Prad\u0117kite <\/em><em>\u010dia<\/em><em>. &#8211; skelbimas*<\/em><\/p>\n<div class=\"google-preferred-source-badge\">\n<p>\t\t\t<img decoding=\"async\" class=\"google-preferred-source-badge-dark\" src=\"https:\/\/electrek.co\/wp-content\/themes\/ninetofive\/dist\/images\/google-preferred-source-badge-dark.png\" alt=\"Prid\u0117kite \u201eElectrek\u201c kaip pageidaujam\u0105 \u201eGoogle\u201c \u0161altin\u012f\"\/><br \/>\n\t\t\t<img decoding=\"async\" class=\"google-preferred-source-badge-light\" src=\"https:\/\/electrek.co\/wp-content\/themes\/ninetofive\/dist\/images\/google-preferred-source-badge-light.png\" alt=\"Prid\u0117kite \u201eElectrek\u201c kaip pageidaujam\u0105 \u201eGoogle\u201c \u0161altin\u012f\"\/><\/p><\/div>\n<div class=\"ad-disclaimer-container\">\n<p class=\"disclaimer-affiliate\"><em>FTC: naudojame pajamas u\u017edirban\u010di\u0173 automobili\u0173 filial\u0173 nuorodas.<\/em> Daugiau.<\/p>\n<p><!-- post ad --><\/div>\n<\/p><\/div>\n<p><br \/>\n<br \/><a href=\"https:\/\/electrek.co\/2026\/02\/03\/even-after-cutting-ev-incentives-norway-only-sold-98-diesel-cars-in-january\/\">Source link <\/a><\/p>\n","protected":false},"excerpt":{"rendered":"<p>Norvegija, pasaulyje pirmaujanti \u0161alis pagal elektromobili\u0173 rinkos dal\u012f, vis tiek sugeb\u0117jo i\u0161laikyti didel\u0119 elektromobili\u0173 rinkos dal\u012f i\u0161kart po to, kai&hellip;<\/p>\n","protected":false},"author":1,"featured_media":3369,"comment_status":"open","ping_status":"open","sticky":false,"template":"","format":"standard","meta":{"om_disable_all_campaigns":false,"_monsterinsights_skip_tracking":false,"_monsterinsights_sitenote_active":false,"_monsterinsights_sitenote_note":"","_monsterinsights_sitenote_category":0,"footnotes":""},"categories":[8],"tags":[2650,5276,4327,1411,35,829,2748,1279,4976,5275,273],"class_list":["post-3368","post","type-post","status-publish","format-standard","has-post-thumbnail","hentry","category-elektriniai-automobiliai","tag-automobilius","tag-dyzelinius","tag-elektromobiliams","tag-lengvatas","tag-menesi","tag-net","tag-norvegija","tag-pardave","tag-sausio","tag-sumazinus","tag-tik"],"aioseo_notices":[],"yoast_head":"<!-- This site is optimized with the Yoast SEO plugin v26.8 - https:\/\/yoast.com\/product\/yoast-seo-wordpress\/ -->\n<title>Net ir suma\u017einus lengvatas elektromobiliams, Norvegija sausio m\u0117nes\u012f pardav\u0117 tik 98 dyzelinius automobilius - Eautomobiliai.lt<\/title>\n<meta name=\"robots\" content=\"index, follow, max-snippet:-1, max-image-preview:large, max-video-preview:-1\" \/>\n<link rel=\"canonical\" href=\"https:\/\/eautomobiliai.lt\/index.php\/2026\/02\/03\/net-ir-sumazinus-lengvatas-elektromobiliams-norvegija-sausio-menesi-pardave-tik-98-dyzelinius-automobilius\/\" \/>\n<meta property=\"og:locale\" content=\"lt_LT\" \/>\n<meta property=\"og:type\" content=\"article\" \/>\n<meta property=\"og:title\" content=\"Net ir suma\u017einus lengvatas elektromobiliams, Norvegija sausio m\u0117nes\u012f pardav\u0117 tik 98 dyzelinius automobilius - Eautomobiliai.lt\" \/>\n<meta property=\"og:description\" content=\"Norvegija, pasaulyje pirmaujanti \u0161alis pagal elektromobili\u0173 rinkos dal\u012f, vis tiek sugeb\u0117jo i\u0161laikyti didel\u0119 elektromobili\u0173 rinkos dal\u012f i\u0161kart po to, kai&hellip;\" \/>\n<meta property=\"og:url\" content=\"https:\/\/eautomobiliai.lt\/index.php\/2026\/02\/03\/net-ir-sumazinus-lengvatas-elektromobiliams-norvegija-sausio-menesi-pardave-tik-98-dyzelinius-automobilius\/\" \/>\n<meta property=\"og:site_name\" content=\"Eautomobiliai.lt\" \/>\n<meta property=\"article:published_time\" content=\"2026-02-03T19:58:57+00:00\" \/>\n<meta property=\"og:image\" content=\"https:\/\/eautomobiliai.lt\/wp-content\/uploads\/2026\/02\/Net-ir-sumazinus-lengvatas-elektromobiliams-Norvegija-sausio-menesi-pardave-tik.jpg\" \/>\n\t<meta property=\"og:image:width\" content=\"1200\" \/>\n\t<meta property=\"og:image:height\" content=\"628\" \/>\n\t<meta property=\"og:image:type\" content=\"image\/jpeg\" \/>\n<meta name=\"author\" content=\"admin\" \/>\n<meta name=\"twitter:card\" content=\"summary_large_image\" \/>\n<meta name=\"twitter:label1\" content=\"Written by\" \/>\n\t<meta name=\"twitter:data1\" content=\"admin\" \/>\n\t<meta name=\"twitter:label2\" content=\"Est. reading time\" \/>\n\t<meta name=\"twitter:data2\" content=\"5 minut\u0117s\" \/>\n<script type=\"application\/ld+json\" class=\"yoast-schema-graph\">{\"@context\":\"https:\/\/schema.org\",\"@graph\":[{\"@type\":\"Article\",\"@id\":\"https:\/\/eautomobiliai.lt\/index.php\/2026\/02\/03\/net-ir-sumazinus-lengvatas-elektromobiliams-norvegija-sausio-menesi-pardave-tik-98-dyzelinius-automobilius\/#article\",\"isPartOf\":{\"@id\":\"https:\/\/eautomobiliai.lt\/index.php\/2026\/02\/03\/net-ir-sumazinus-lengvatas-elektromobiliams-norvegija-sausio-menesi-pardave-tik-98-dyzelinius-automobilius\/\"},\"author\":{\"name\":\"admin\",\"@id\":\"https:\/\/eautomobiliai.lt\/#\/schema\/person\/ecf2a967f361217d056061f74deb92f2\"},\"headline\":\"Net ir suma\u017einus lengvatas elektromobiliams, Norvegija sausio m\u0117nes\u012f pardav\u0117 tik 98 dyzelinius automobilius\",\"datePublished\":\"2026-02-03T19:58:57+00:00\",\"mainEntityOfPage\":{\"@id\":\"https:\/\/eautomobiliai.lt\/index.php\/2026\/02\/03\/net-ir-sumazinus-lengvatas-elektromobiliams-norvegija-sausio-menesi-pardave-tik-98-dyzelinius-automobilius\/\"},\"wordCount\":927,\"commentCount\":0,\"image\":{\"@id\":\"https:\/\/eautomobiliai.lt\/index.php\/2026\/02\/03\/net-ir-sumazinus-lengvatas-elektromobiliams-norvegija-sausio-menesi-pardave-tik-98-dyzelinius-automobilius\/#primaryimage\"},\"thumbnailUrl\":\"https:\/\/eautomobiliai.lt\/wp-content\/uploads\/2026\/02\/Net-ir-sumazinus-lengvatas-elektromobiliams-Norvegija-sausio-menesi-pardave-tik.jpg\",\"keywords\":[\"automobilius\",\"dyzelinius\",\"elektromobiliams\",\"lengvatas\",\"m\u0117nes\u012f\",\"Net\",\"Norvegij\u0105\",\"pardav\u0117\",\"sausio\",\"suma\u017einus\",\"tik\"],\"articleSection\":[\"ELEKTRINIAI AUTOMOBILIAI\"],\"inLanguage\":\"lt-LT\",\"potentialAction\":[{\"@type\":\"CommentAction\",\"name\":\"Comment\",\"target\":[\"https:\/\/eautomobiliai.lt\/index.php\/2026\/02\/03\/net-ir-sumazinus-lengvatas-elektromobiliams-norvegija-sausio-menesi-pardave-tik-98-dyzelinius-automobilius\/#respond\"]}]},{\"@type\":\"WebPage\",\"@id\":\"https:\/\/eautomobiliai.lt\/index.php\/2026\/02\/03\/net-ir-sumazinus-lengvatas-elektromobiliams-norvegija-sausio-menesi-pardave-tik-98-dyzelinius-automobilius\/\",\"url\":\"https:\/\/eautomobiliai.lt\/index.php\/2026\/02\/03\/net-ir-sumazinus-lengvatas-elektromobiliams-norvegija-sausio-menesi-pardave-tik-98-dyzelinius-automobilius\/\",\"name\":\"Net ir suma\u017einus lengvatas elektromobiliams, Norvegija sausio m\u0117nes\u012f pardav\u0117 tik 98 dyzelinius automobilius - Eautomobiliai.lt\",\"isPartOf\":{\"@id\":\"https:\/\/eautomobiliai.lt\/#website\"},\"primaryImageOfPage\":{\"@id\":\"https:\/\/eautomobiliai.lt\/index.php\/2026\/02\/03\/net-ir-sumazinus-lengvatas-elektromobiliams-norvegija-sausio-menesi-pardave-tik-98-dyzelinius-automobilius\/#primaryimage\"},\"image\":{\"@id\":\"https:\/\/eautomobiliai.lt\/index.php\/2026\/02\/03\/net-ir-sumazinus-lengvatas-elektromobiliams-norvegija-sausio-menesi-pardave-tik-98-dyzelinius-automobilius\/#primaryimage\"},\"thumbnailUrl\":\"https:\/\/eautomobiliai.lt\/wp-content\/uploads\/2026\/02\/Net-ir-sumazinus-lengvatas-elektromobiliams-Norvegija-sausio-menesi-pardave-tik.jpg\",\"datePublished\":\"2026-02-03T19:58:57+00:00\",\"author\":{\"@id\":\"https:\/\/eautomobiliai.lt\/#\/schema\/person\/ecf2a967f361217d056061f74deb92f2\"},\"breadcrumb\":{\"@id\":\"https:\/\/eautomobiliai.lt\/index.php\/2026\/02\/03\/net-ir-sumazinus-lengvatas-elektromobiliams-norvegija-sausio-menesi-pardave-tik-98-dyzelinius-automobilius\/#breadcrumb\"},\"inLanguage\":\"lt-LT\",\"potentialAction\":[{\"@type\":\"ReadAction\",\"target\":[\"https:\/\/eautomobiliai.lt\/index.php\/2026\/02\/03\/net-ir-sumazinus-lengvatas-elektromobiliams-norvegija-sausio-menesi-pardave-tik-98-dyzelinius-automobilius\/\"]}]},{\"@type\":\"ImageObject\",\"inLanguage\":\"lt-LT\",\"@id\":\"https:\/\/eautomobiliai.lt\/index.php\/2026\/02\/03\/net-ir-sumazinus-lengvatas-elektromobiliams-norvegija-sausio-menesi-pardave-tik-98-dyzelinius-automobilius\/#primaryimage\",\"url\":\"https:\/\/eautomobiliai.lt\/wp-content\/uploads\/2026\/02\/Net-ir-sumazinus-lengvatas-elektromobiliams-Norvegija-sausio-menesi-pardave-tik.jpg\",\"contentUrl\":\"https:\/\/eautomobiliai.lt\/wp-content\/uploads\/2026\/02\/Net-ir-sumazinus-lengvatas-elektromobiliams-Norvegija-sausio-menesi-pardave-tik.jpg\",\"width\":1200,\"height\":628},{\"@type\":\"BreadcrumbList\",\"@id\":\"https:\/\/eautomobiliai.lt\/index.php\/2026\/02\/03\/net-ir-sumazinus-lengvatas-elektromobiliams-norvegija-sausio-menesi-pardave-tik-98-dyzelinius-automobilius\/#breadcrumb\",\"itemListElement\":[{\"@type\":\"ListItem\",\"position\":1,\"name\":\"Home\",\"item\":\"https:\/\/eautomobiliai.lt\/\"},{\"@type\":\"ListItem\",\"position\":2,\"name\":\"Net ir suma\u017einus lengvatas elektromobiliams, Norvegija sausio m\u0117nes\u012f pardav\u0117 tik 98 dyzelinius automobilius\"}]},{\"@type\":\"WebSite\",\"@id\":\"https:\/\/eautomobiliai.lt\/#website\",\"url\":\"https:\/\/eautomobiliai.lt\/\",\"name\":\"Eautomobiliai.lt\",\"description\":\"Elektrinis transportas, technologijos\",\"potentialAction\":[{\"@type\":\"SearchAction\",\"target\":{\"@type\":\"EntryPoint\",\"urlTemplate\":\"https:\/\/eautomobiliai.lt\/?s={search_term_string}\"},\"query-input\":{\"@type\":\"PropertyValueSpecification\",\"valueRequired\":true,\"valueName\":\"search_term_string\"}}],\"inLanguage\":\"lt-LT\"},{\"@type\":\"Person\",\"@id\":\"https:\/\/eautomobiliai.lt\/#\/schema\/person\/ecf2a967f361217d056061f74deb92f2\",\"name\":\"admin\",\"image\":{\"@type\":\"ImageObject\",\"inLanguage\":\"lt-LT\",\"@id\":\"https:\/\/eautomobiliai.lt\/#\/schema\/person\/image\/\",\"url\":\"https:\/\/secure.gravatar.com\/avatar\/6323379efae0c70c686c7905444d6bbd?s=96&d=mm&r=g\",\"contentUrl\":\"https:\/\/secure.gravatar.com\/avatar\/6323379efae0c70c686c7905444d6bbd?s=96&d=mm&r=g\",\"caption\":\"admin\"},\"sameAs\":[\"http:\/\/eautomobiliai.lt\"],\"url\":\"https:\/\/eautomobiliai.lt\/index.php\/author\/admin\/\"}]}<\/script>\n<!-- \/ Yoast SEO plugin. -->","yoast_head_json":{"title":"Net ir suma\u017einus lengvatas elektromobiliams, Norvegija sausio m\u0117nes\u012f pardav\u0117 tik 98 dyzelinius automobilius - Eautomobiliai.lt","robots":{"index":"index","follow":"follow","max-snippet":"max-snippet:-1","max-image-preview":"max-image-preview:large","max-video-preview":"max-video-preview:-1"},"canonical":"https:\/\/eautomobiliai.lt\/index.php\/2026\/02\/03\/net-ir-sumazinus-lengvatas-elektromobiliams-norvegija-sausio-menesi-pardave-tik-98-dyzelinius-automobilius\/","og_locale":"lt_LT","og_type":"article","og_title":"Net ir suma\u017einus lengvatas elektromobiliams, Norvegija sausio m\u0117nes\u012f pardav\u0117 tik 98 dyzelinius automobilius - Eautomobiliai.lt","og_description":"Norvegija, pasaulyje pirmaujanti \u0161alis pagal elektromobili\u0173 rinkos dal\u012f, vis tiek sugeb\u0117jo i\u0161laikyti didel\u0119 elektromobili\u0173 rinkos dal\u012f i\u0161kart po to, kai&hellip;","og_url":"https:\/\/eautomobiliai.lt\/index.php\/2026\/02\/03\/net-ir-sumazinus-lengvatas-elektromobiliams-norvegija-sausio-menesi-pardave-tik-98-dyzelinius-automobilius\/","og_site_name":"Eautomobiliai.lt","article_published_time":"2026-02-03T19:58:57+00:00","og_image":[{"width":1200,"height":628,"url":"https:\/\/eautomobiliai.lt\/wp-content\/uploads\/2026\/02\/Net-ir-sumazinus-lengvatas-elektromobiliams-Norvegija-sausio-menesi-pardave-tik.jpg","type":"image\/jpeg"}],"author":"admin","twitter_card":"summary_large_image","twitter_misc":{"Written by":"admin","Est. reading time":"5 minut\u0117s"},"schema":{"@context":"https:\/\/schema.org","@graph":[{"@type":"Article","@id":"https:\/\/eautomobiliai.lt\/index.php\/2026\/02\/03\/net-ir-sumazinus-lengvatas-elektromobiliams-norvegija-sausio-menesi-pardave-tik-98-dyzelinius-automobilius\/#article","isPartOf":{"@id":"https:\/\/eautomobiliai.lt\/index.php\/2026\/02\/03\/net-ir-sumazinus-lengvatas-elektromobiliams-norvegija-sausio-menesi-pardave-tik-98-dyzelinius-automobilius\/"},"author":{"name":"admin","@id":"https:\/\/eautomobiliai.lt\/#\/schema\/person\/ecf2a967f361217d056061f74deb92f2"},"headline":"Net ir suma\u017einus lengvatas elektromobiliams, Norvegija sausio m\u0117nes\u012f pardav\u0117 tik 98 dyzelinius automobilius","datePublished":"2026-02-03T19:58:57+00:00","mainEntityOfPage":{"@id":"https:\/\/eautomobiliai.lt\/index.php\/2026\/02\/03\/net-ir-sumazinus-lengvatas-elektromobiliams-norvegija-sausio-menesi-pardave-tik-98-dyzelinius-automobilius\/"},"wordCount":927,"commentCount":0,"image":{"@id":"https:\/\/eautomobiliai.lt\/index.php\/2026\/02\/03\/net-ir-sumazinus-lengvatas-elektromobiliams-norvegija-sausio-menesi-pardave-tik-98-dyzelinius-automobilius\/#primaryimage"},"thumbnailUrl":"https:\/\/eautomobiliai.lt\/wp-content\/uploads\/2026\/02\/Net-ir-sumazinus-lengvatas-elektromobiliams-Norvegija-sausio-menesi-pardave-tik.jpg","keywords":["automobilius","dyzelinius","elektromobiliams","lengvatas","m\u0117nes\u012f","Net","Norvegij\u0105","pardav\u0117","sausio","suma\u017einus","tik"],"articleSection":["ELEKTRINIAI AUTOMOBILIAI"],"inLanguage":"lt-LT","potentialAction":[{"@type":"CommentAction","name":"Comment","target":["https:\/\/eautomobiliai.lt\/index.php\/2026\/02\/03\/net-ir-sumazinus-lengvatas-elektromobiliams-norvegija-sausio-menesi-pardave-tik-98-dyzelinius-automobilius\/#respond"]}]},{"@type":"WebPage","@id":"https:\/\/eautomobiliai.lt\/index.php\/2026\/02\/03\/net-ir-sumazinus-lengvatas-elektromobiliams-norvegija-sausio-menesi-pardave-tik-98-dyzelinius-automobilius\/","url":"https:\/\/eautomobiliai.lt\/index.php\/2026\/02\/03\/net-ir-sumazinus-lengvatas-elektromobiliams-norvegija-sausio-menesi-pardave-tik-98-dyzelinius-automobilius\/","name":"Net ir suma\u017einus lengvatas elektromobiliams, Norvegija sausio m\u0117nes\u012f pardav\u0117 tik 98 dyzelinius automobilius - Eautomobiliai.lt","isPartOf":{"@id":"https:\/\/eautomobiliai.lt\/#website"},"primaryImageOfPage":{"@id":"https:\/\/eautomobiliai.lt\/index.php\/2026\/02\/03\/net-ir-sumazinus-lengvatas-elektromobiliams-norvegija-sausio-menesi-pardave-tik-98-dyzelinius-automobilius\/#primaryimage"},"image":{"@id":"https:\/\/eautomobiliai.lt\/index.php\/2026\/02\/03\/net-ir-sumazinus-lengvatas-elektromobiliams-norvegija-sausio-menesi-pardave-tik-98-dyzelinius-automobilius\/#primaryimage"},"thumbnailUrl":"https:\/\/eautomobiliai.lt\/wp-content\/uploads\/2026\/02\/Net-ir-sumazinus-lengvatas-elektromobiliams-Norvegija-sausio-menesi-pardave-tik.jpg","datePublished":"2026-02-03T19:58:57+00:00","author":{"@id":"https:\/\/eautomobiliai.lt\/#\/schema\/person\/ecf2a967f361217d056061f74deb92f2"},"breadcrumb":{"@id":"https:\/\/eautomobiliai.lt\/index.php\/2026\/02\/03\/net-ir-sumazinus-lengvatas-elektromobiliams-norvegija-sausio-menesi-pardave-tik-98-dyzelinius-automobilius\/#breadcrumb"},"inLanguage":"lt-LT","potentialAction":[{"@type":"ReadAction","target":["https:\/\/eautomobiliai.lt\/index.php\/2026\/02\/03\/net-ir-sumazinus-lengvatas-elektromobiliams-norvegija-sausio-menesi-pardave-tik-98-dyzelinius-automobilius\/"]}]},{"@type":"ImageObject","inLanguage":"lt-LT","@id":"https:\/\/eautomobiliai.lt\/index.php\/2026\/02\/03\/net-ir-sumazinus-lengvatas-elektromobiliams-norvegija-sausio-menesi-pardave-tik-98-dyzelinius-automobilius\/#primaryimage","url":"https:\/\/eautomobiliai.lt\/wp-content\/uploads\/2026\/02\/Net-ir-sumazinus-lengvatas-elektromobiliams-Norvegija-sausio-menesi-pardave-tik.jpg","contentUrl":"https:\/\/eautomobiliai.lt\/wp-content\/uploads\/2026\/02\/Net-ir-sumazinus-lengvatas-elektromobiliams-Norvegija-sausio-menesi-pardave-tik.jpg","width":1200,"height":628},{"@type":"BreadcrumbList","@id":"https:\/\/eautomobiliai.lt\/index.php\/2026\/02\/03\/net-ir-sumazinus-lengvatas-elektromobiliams-norvegija-sausio-menesi-pardave-tik-98-dyzelinius-automobilius\/#breadcrumb","itemListElement":[{"@type":"ListItem","position":1,"name":"Home","item":"https:\/\/eautomobiliai.lt\/"},{"@type":"ListItem","position":2,"name":"Net ir suma\u017einus lengvatas elektromobiliams, Norvegija sausio m\u0117nes\u012f pardav\u0117 tik 98 dyzelinius automobilius"}]},{"@type":"WebSite","@id":"https:\/\/eautomobiliai.lt\/#website","url":"https:\/\/eautomobiliai.lt\/","name":"Eautomobiliai.lt","description":"Elektrinis transportas, technologijos","potentialAction":[{"@type":"SearchAction","target":{"@type":"EntryPoint","urlTemplate":"https:\/\/eautomobiliai.lt\/?s={search_term_string}"},"query-input":{"@type":"PropertyValueSpecification","valueRequired":true,"valueName":"search_term_string"}}],"inLanguage":"lt-LT"},{"@type":"Person","@id":"https:\/\/eautomobiliai.lt\/#\/schema\/person\/ecf2a967f361217d056061f74deb92f2","name":"admin","image":{"@type":"ImageObject","inLanguage":"lt-LT","@id":"https:\/\/eautomobiliai.lt\/#\/schema\/person\/image\/","url":"https:\/\/secure.gravatar.com\/avatar\/6323379efae0c70c686c7905444d6bbd?s=96&d=mm&r=g","contentUrl":"https:\/\/secure.gravatar.com\/avatar\/6323379efae0c70c686c7905444d6bbd?s=96&d=mm&r=g","caption":"admin"},"sameAs":["http:\/\/eautomobiliai.lt"],"url":"https:\/\/eautomobiliai.lt\/index.php\/author\/admin\/"}]}},"_links":{"self":[{"href":"https:\/\/eautomobiliai.lt\/index.php\/wp-json\/wp\/v2\/posts\/3368","targetHints":{"allow":["GET"]}}],"collection":[{"href":"https:\/\/eautomobiliai.lt\/index.php\/wp-json\/wp\/v2\/posts"}],"about":[{"href":"https:\/\/eautomobiliai.lt\/index.php\/wp-json\/wp\/v2\/types\/post"}],"author":[{"embeddable":true,"href":"https:\/\/eautomobiliai.lt\/index.php\/wp-json\/wp\/v2\/users\/1"}],"replies":[{"embeddable":true,"href":"https:\/\/eautomobiliai.lt\/index.php\/wp-json\/wp\/v2\/comments?post=3368"}],"version-history":[{"count":0,"href":"https:\/\/eautomobiliai.lt\/index.php\/wp-json\/wp\/v2\/posts\/3368\/revisions"}],"wp:featuredmedia":[{"embeddable":true,"href":"https:\/\/eautomobiliai.lt\/index.php\/wp-json\/wp\/v2\/media\/3369"}],"wp:attachment":[{"href":"https:\/\/eautomobiliai.lt\/index.php\/wp-json\/wp\/v2\/media?parent=3368"}],"wp:term":[{"taxonomy":"category","embeddable":true,"href":"https:\/\/eautomobiliai.lt\/index.php\/wp-json\/wp\/v2\/categories?post=3368"},{"taxonomy":"post_tag","embeddable":true,"href":"https:\/\/eautomobiliai.lt\/index.php\/wp-json\/wp\/v2\/tags?post=3368"}],"curies":[{"name":"wp","href":"https:\/\/api.w.org\/{rel}","templated":true}]}}